{"id":17524,"date":"2024-03-19T17:35:21","date_gmt":"2024-03-19T22:35:21","guid":{"rendered":"https:\/\/www.zonacaral.gob.pe\/?p=17524"},"modified":"2024-03-19T17:35:21","modified_gmt":"2024-03-19T22:35:21","slug":"dia-del-artesano-constructores-de-identidad-y-transmisores-culturales-desde-la-civilizacion-caral","status":"publish","type":"post","link":"https:\/\/zonacaral.gob.pe\/en\/noticias\/dia-del-artesano-constructores-de-identidad-y-transmisores-culturales-desde-la-civilizacion-caral\/","title":{"rendered":"D\u00cdA DEL ARTESANO: constructores de identidad y transmisores culturales desde la civilizaci\u00f3n Caral"},"content":{"rendered":"<figure class=\"pic-autor\" style=\"color: #4d4d4d; text-align: justify;\"><\/figure>\n<div class=\"gmail_default\" style=\"text-align: justify;\">\n<blockquote>\n<p><span style=\"font-weight: 400;\">Conocimientos milenarios.<\/span><\/p>\n<\/blockquote>\n<div>\n<p><span style=\"font-weight: 400;\">A prop\u00f3sito del D\u00eda del Artesano Peruano, recordemos que esta actividad especializada y milenaria, fue realizada por diversas sociedades a lo largo del desarrollo cultural andino como lo evidencian los hallazgos realizados en los centros urbanos de la Civilizaci\u00f3n Caral, hace cinco mil a\u00f1os, conocimiento que fue transmitido, generaci\u00f3n tras generaci\u00f3n, hasta la actualidad.<\/span><\/p>\n<p><span style=\"font-weight: 400;\">En las investigaciones efectuadas por el equipo multidisciplinario de la <\/span><a href=\"https:\/\/www.instagram.com\/caralperu\/?hl=es\"><span style=\"font-weight: 400;\">Zona Arqueol\u00f3gica Caral<\/span><\/a><span style=\"font-weight: 400;\">, Unidad Ejecutora 003 del Ministerio de Cultura, dirigido por la <\/span><a href=\"https:\/\/fb.watch\/qVJgfD1aZS\/\"><span style=\"font-weight: 400;\">doctora Ruth Shady Sol\u00eds<\/span><\/a><span style=\"font-weight: 400;\">, se han hallado cientos de objetos elaborados hace miles de a\u00f1os por las manos de los antiguos caralinos. Evidencias que demuestran que existieron especialistas en textiles, cester\u00eda, adornos personales, elaboraci\u00f3n de esculturas, entre otros objetos.<\/span><\/p>\n<p><span style=\"font-weight: 400;\">En las esculturas podemos apreciar las figuras de seres antropomorfos y zoomorfos, monocromos y policromos. Estas fueron hechas a gran detalle y con arcilla no cocida. En ellas representaron a su sociedad, como por ejemplo se distinguen a autoridades femeninas y masculinas, a personajes en diferentes acciones, como a mujeres en su rol de maternidad o a varones como \u201cel vig\u00eda\u201d. Muchas de ellas halladas en contextos de ofrendas.<\/span><\/p>\n<p><span style=\"font-weight: 400;\">En el \u00e1rea textil se encontraron, por ejemplo, prendas de vestir&nbsp; que fueron tejidos a detalle, con <\/span><a href=\"https:\/\/www.youtube.com\/watch?v=xxPAAyHI8TA\"><span style=\"font-weight: 400;\">algod\u00f3n de diferentes colores naturales<\/span><\/a><span style=\"font-weight: 400;\"> (beis, verde, morado, pardo). Para las autoridades, las adornaban con plumas de aves ex\u00f3ticas. Y, adem\u00e1s, les elaboraban, tambi\u00e9n empleando algod\u00f3n, un \u201c<\/span><a href=\"https:\/\/www.gob.pe\/institucion\/caral\/noticias\/109739-presentamos-un-nuevo-hallazgo-en-aspero-los-ojos-de-dios\"><span style=\"font-weight: 400;\">Ojo de Dios<\/span><\/a><span style=\"font-weight: 400;\">\u201d, s\u00edmbolo de poder.<\/span><\/p>\n<p><span style=\"font-weight: 400;\">Los expertos manufactureros de Caral tambi\u00e9n emplearon el junco, la totora y la cortaderia, para elaborar objetos utilitarios como bolsas de <\/span><a href=\"https:\/\/www.youtube.com\/watch?v=IqjNq6r1GGo\"><span style=\"font-weight: 400;\">shicras<\/span><\/a><span style=\"font-weight: 400;\">, cestas, esteras, sogas, entre otros. Elaboraron objetos como herramientas, morteros, pesas, platos o morteros de piedra.<\/span><\/p>\n<p><span style=\"font-weight: 400;\">En adornos personales crearon collares de cuentas y dijes de conchas de moluscos (como de Spondylus), cuentas y dijes de minerales (como de Sodalita), cuentas l\u00edticas, y m\u00e1s. Entre lo m\u00e1s reconocido est\u00e1 el ajuar funerario de la \u201c<\/span><a href=\"https:\/\/www.gob.pe\/institucion\/caral\/noticias\/109678-hallazgo-arqueologico-dama-de-los-cuatro-tupus-es-considerado-uno-de-los-mas-importantes-del-mundo\"><span style=\"font-weight: 400;\">Dama de los cuatros tupus<\/span><\/a><span style=\"font-weight: 400;\">\u201d.<\/span><\/p>\n<p><span style=\"font-weight: 400;\">En la actualidad, a\u00fan podemos encontrar, en las ciudades y centros poblados del \u00e1rea norcentral del pa\u00eds, el empleo de estas t\u00e9cnicas milenarias para elaborar diversos objetos artesanales; empleando, adem\u00e1s, los mismos insumos que fueron usados durante la civilizaci\u00f3n Caral, como el junco o la totora, el algod\u00f3n de color natural y las conchas de moluscos.&nbsp;<\/span><\/p>\n<p><span style=\"font-weight: 400;\">Ello significa que fue un conocimiento que se transmiti\u00f3 en el tiempo, siendo compartido y trasladado a las posteriores culturas andinas, donde fue mejorado.<\/span><\/p>\n<p><b>D\u00cdA DEL ARTESANO<\/b><\/p>\n<p><span style=\"font-weight: 400;\">Cada 19 de marzo, a partir de la publicaci\u00f3n y entrada en vigencia Ley N\u00b0 29073, \u201cLey del Artesano y del Desarrollo de la Actividad Artesanal\u201d, en el 2007, se conmemora el D\u00eda del Artesano Peruano, en reconocimiento al valor, al talento, la competitividad y la creatividad de los artesanos de nuestro pa\u00eds.<\/span><\/p>\n<p><span style=\"font-weight: 400;\">La mencionada norma define a la artesan\u00eda como la actividad econ\u00f3mica y cultural destinada a la elaboraci\u00f3n y producci\u00f3n de bienes, ya sea totalmente a mano o con ayuda de herramientas manuales e incluso medios mec\u00e1nicos, siempre y cuando el valor agregado principal sea compuesto por la mano de obra directa y esta siga siendo el componente m\u00e1s importante del producto acabado.<\/span><\/p>\n<p><span style=\"font-weight: 400;\">El producto artesanal re\u00fane valores hist\u00f3rico, cultural, utilitario y est\u00e9tico, que cumplen una funci\u00f3n social reconocida en la que se emplean materias primas originarias y que identifican a la poblaci\u00f3n de un determinado lugar del pa\u00eds.<\/span><\/p>\n<\/div>\n<p><span style=\"color: #850707;\"><strong style=\"font-size: inherit; text-align: justify;\">Fuente: Comunicaci\u00f3n e Imagen Institucional ZAC<\/strong><\/span><\/p>\n<\/div>\n<div style=\"color: #1f1f1f;\">\n<div style=\"color: #1f1f1f;\">\n<p style=\"text-align: justify;\">Fecha de publicaci\u00f3n: 19\/03\/2024<\/p>\n<\/div>\n<\/div>\n\n\n<p><\/p>","protected":false},"excerpt":{"rendered":"<p>Conocimientos milenarios. A prop\u00f3sito del D\u00eda del Artesano Peruano, recordemos que esta actividad especializada y milenaria, fue realizada por diversas [&hellip;]<\/p>\n","protected":false},"author":1,"featured_media":17525,"comment_status":"closed","ping_status":"open","sticky":false,"template":"","format":"standard","meta":{"_acf_changed":false,"site-sidebar-layout":"default","site-content-layout":"","ast-site-content-layout":"default","site-content-style":"default","site-sidebar-style":"default","ast-global-header-display":"","ast-banner-title-visibility":"","ast-main-header-display":"","ast-hfb-above-header-display":"","ast-hfb-below-header-display":"","ast-hfb-mobile-header-display":"","site-post-title":"","ast-breadcrumbs-content":"","ast-featured-img":"","footer-sml-layout":"","ast-disable-related-posts":"","theme-transparent-header-meta":"","adv-header-id-meta":"","stick-header-meta":"","header-above-stick-meta":"","header-main-stick-meta":"","header-below-stick-meta":"","astra-migrate-meta-layouts":"default","ast-page-background-enabled":"default","ast-page-background-meta":{"desktop":{"background-color":"var(--ast-global-color-5)","background-image":"","background-repeat":"repeat","background-position":"center center","background-size":"auto","background-attachment":"scroll","background-type":"","background-media":"","overlay-type":"","overlay-color":"","overlay-opacity":"","overlay-gradient":""},"tablet":{"background-color":"","background-image":"","background-repeat":"repeat","background-position":"center center","background-size":"auto","background-attachment":"scroll","background-type":"","background-media":"","overlay-type":"","overlay-color":"","overlay-opacity":"","overlay-gradient":""},"mobile":{"background-color":"","background-image":"","background-repeat":"repeat","background-position":"center center","background-size":"auto","background-attachment":"scroll","background-type":"","background-media":"","overlay-type":"","overlay-color":"","overlay-opacity":"","overlay-gradient":""}},"ast-content-background-meta":{"desktop":{"background-color":"var(--ast-global-color-4)","background-image":"","background-repeat":"repeat","background-position":"center center","background-size":"auto","background-attachment":"scroll","background-type":"","background-media":"","overlay-type":"","overlay-color":"","overlay-opacity":"","overlay-gradient":""},"tablet":{"background-color":"var(--ast-global-color-4)","background-image":"","background-repeat":"repeat","background-position":"center center","background-size":"auto","background-attachment":"scroll","background-type":"","background-media":"","overlay-type":"","overlay-color":"","overlay-opacity":"","overlay-gradient":""},"mobile":{"background-color":"var(--ast-global-color-4)","background-image":"","background-repeat":"repeat","background-position":"center center","background-size":"auto","background-attachment":"scroll","background-type":"","background-media":"","overlay-type":"","overlay-color":"","overlay-opacity":"","overlay-gradient":""}},"footnotes":""},"categories":[208],"tags":[55,72],"class_list":["post-17524","post","type-post","status-publish","format-standard","has-post-thumbnail","hentry","category-noticias","tag-caral","tag-cultura"],"acf":[],"yoast_head":"<!-- This site is optimized with the Yoast SEO plugin v27.3 - https:\/\/yoast.com\/product\/yoast-seo-wordpress\/ -->\n<title>D\u00cdA DEL ARTESANO: constructores de identidad y transmisores culturales desde la civilizaci\u00f3n Caral<\/title>\n<meta name=\"description\" content=\"A prop\u00f3sito del D\u00eda del Artesano Peruano, recordemos que esta actividad especializada y milenaria, fue realizada por diversas sociedades a lo largo del desarrollo cultural andino como lo evidencian los hallazgos realizados en los centros urbanos de la Civilizaci\u00f3n Caral, hace cinco mil a\u00f1os, conocimiento que fue transmitido, generaci\u00f3n tras generaci\u00f3n, hasta la actualidad.\" \/>\n<meta name=\"robots\" content=\"index, follow, max-snippet:-1, max-image-preview:large, max-video-preview:-1\" \/>\n<link rel=\"canonical\" href=\"https:\/\/zonacaral.gob.pe\/en\/noticias\/dia-del-artesano-constructores-de-identidad-y-transmisores-culturales-desde-la-civilizacion-caral\/\" \/>\n<meta property=\"og:locale\" content=\"en_US\" \/>\n<meta property=\"og:type\" content=\"article\" \/>\n<meta property=\"og:title\" content=\"D\u00cdA DEL ARTESANO: constructores de identidad y transmisores culturales desde la civilizaci\u00f3n Caral\" \/>\n<meta property=\"og:description\" content=\"A prop\u00f3sito del D\u00eda del Artesano Peruano, recordemos que esta actividad especializada y milenaria, fue realizada por diversas sociedades a lo largo del desarrollo cultural andino como lo evidencian los hallazgos realizados en los centros urbanos de la Civilizaci\u00f3n Caral, hace cinco mil a\u00f1os, conocimiento que fue transmitido, generaci\u00f3n tras generaci\u00f3n, hasta la actualidad.\" \/>\n<meta property=\"og:url\" content=\"https:\/\/zonacaral.gob.pe\/en\/noticias\/dia-del-artesano-constructores-de-identidad-y-transmisores-culturales-desde-la-civilizacion-caral\/\" \/>\n<meta property=\"og:site_name\" content=\"Zona Caral\" \/>\n<meta property=\"article:published_time\" content=\"2024-03-19T22:35:21+00:00\" \/>\n<meta property=\"og:image\" content=\"https:\/\/zonacaral.gob.pe\/wp-content\/uploads\/2024\/03\/dia_del_artesano-1.png\" \/>\n\t<meta property=\"og:image:width\" content=\"700\" \/>\n\t<meta property=\"og:image:height\" content=\"395\" \/>\n\t<meta property=\"og:image:type\" content=\"image\/png\" \/>\n<meta name=\"author\" content=\"Zona Caral Administrador\" \/>\n<meta name=\"twitter:card\" content=\"summary_large_image\" \/>\n<meta name=\"twitter:label1\" content=\"Written by\" \/>\n\t<meta name=\"twitter:data1\" content=\"Zona Caral Administrador\" \/>\n\t<meta name=\"twitter:label2\" content=\"Est. reading time\" \/>\n\t<meta name=\"twitter:data2\" content=\"3 minutes\" \/>\n<script type=\"application\/ld+json\" class=\"yoast-schema-graph\">{\"@context\":\"https:\\\/\\\/schema.org\",\"@graph\":[{\"@type\":\"Article\",\"@id\":\"https:\\\/\\\/zonacaral.gob.pe\\\/es\\\/noticias\\\/dia-del-artesano-constructores-de-identidad-y-transmisores-culturales-desde-la-civilizacion-caral\\\/#article\",\"isPartOf\":{\"@id\":\"https:\\\/\\\/zonacaral.gob.pe\\\/es\\\/noticias\\\/dia-del-artesano-constructores-de-identidad-y-transmisores-culturales-desde-la-civilizacion-caral\\\/\"},\"author\":{\"name\":\"Zona Caral Administrador\",\"@id\":\"https:\\\/\\\/zonacaral.gob.pe\\\/es\\\/#\\\/schema\\\/person\\\/beddb4d22f71a7230c5b90913270a0ee\"},\"headline\":\"D\u00cdA DEL ARTESANO: constructores de identidad y transmisores culturales desde la civilizaci\u00f3n Caral\",\"datePublished\":\"2024-03-19T22:35:21+00:00\",\"mainEntityOfPage\":{\"@id\":\"https:\\\/\\\/zonacaral.gob.pe\\\/es\\\/noticias\\\/dia-del-artesano-constructores-de-identidad-y-transmisores-culturales-desde-la-civilizacion-caral\\\/\"},\"wordCount\":620,\"image\":{\"@id\":\"https:\\\/\\\/zonacaral.gob.pe\\\/es\\\/noticias\\\/dia-del-artesano-constructores-de-identidad-y-transmisores-culturales-desde-la-civilizacion-caral\\\/#primaryimage\"},\"thumbnailUrl\":\"https:\\\/\\\/zonacaral.gob.pe\\\/wp-content\\\/uploads\\\/2024\\\/03\\\/dia_del_artesano-1.png\",\"keywords\":[\"caral\",\"Cultura\"],\"articleSection\":[\"noticias\"],\"inLanguage\":\"en-US\"},{\"@type\":\"WebPage\",\"@id\":\"https:\\\/\\\/zonacaral.gob.pe\\\/es\\\/noticias\\\/dia-del-artesano-constructores-de-identidad-y-transmisores-culturales-desde-la-civilizacion-caral\\\/\",\"url\":\"https:\\\/\\\/zonacaral.gob.pe\\\/es\\\/noticias\\\/dia-del-artesano-constructores-de-identidad-y-transmisores-culturales-desde-la-civilizacion-caral\\\/\",\"name\":\"D\u00cdA DEL ARTESANO: constructores de identidad y transmisores culturales desde la civilizaci\u00f3n Caral\",\"isPartOf\":{\"@id\":\"https:\\\/\\\/zonacaral.gob.pe\\\/es\\\/#website\"},\"primaryImageOfPage\":{\"@id\":\"https:\\\/\\\/zonacaral.gob.pe\\\/es\\\/noticias\\\/dia-del-artesano-constructores-de-identidad-y-transmisores-culturales-desde-la-civilizacion-caral\\\/#primaryimage\"},\"image\":{\"@id\":\"https:\\\/\\\/zonacaral.gob.pe\\\/es\\\/noticias\\\/dia-del-artesano-constructores-de-identidad-y-transmisores-culturales-desde-la-civilizacion-caral\\\/#primaryimage\"},\"thumbnailUrl\":\"https:\\\/\\\/zonacaral.gob.pe\\\/wp-content\\\/uploads\\\/2024\\\/03\\\/dia_del_artesano-1.png\",\"datePublished\":\"2024-03-19T22:35:21+00:00\",\"author\":{\"@id\":\"https:\\\/\\\/zonacaral.gob.pe\\\/es\\\/#\\\/schema\\\/person\\\/beddb4d22f71a7230c5b90913270a0ee\"},\"description\":\"A prop\u00f3sito del D\u00eda del Artesano Peruano, recordemos que esta actividad especializada y milenaria, fue realizada por diversas sociedades a lo largo del desarrollo cultural andino como lo evidencian los hallazgos realizados en los centros urbanos de la Civilizaci\u00f3n Caral, hace cinco mil a\u00f1os, conocimiento que fue transmitido, generaci\u00f3n tras generaci\u00f3n, hasta la actualidad.\",\"breadcrumb\":{\"@id\":\"https:\\\/\\\/zonacaral.gob.pe\\\/es\\\/noticias\\\/dia-del-artesano-constructores-de-identidad-y-transmisores-culturales-desde-la-civilizacion-caral\\\/#breadcrumb\"},\"inLanguage\":\"en-US\",\"potentialAction\":[{\"@type\":\"ReadAction\",\"target\":[\"https:\\\/\\\/zonacaral.gob.pe\\\/es\\\/noticias\\\/dia-del-artesano-constructores-de-identidad-y-transmisores-culturales-desde-la-civilizacion-caral\\\/\"]}]},{\"@type\":\"ImageObject\",\"inLanguage\":\"en-US\",\"@id\":\"https:\\\/\\\/zonacaral.gob.pe\\\/es\\\/noticias\\\/dia-del-artesano-constructores-de-identidad-y-transmisores-culturales-desde-la-civilizacion-caral\\\/#primaryimage\",\"url\":\"https:\\\/\\\/zonacaral.gob.pe\\\/wp-content\\\/uploads\\\/2024\\\/03\\\/dia_del_artesano-1.png\",\"contentUrl\":\"https:\\\/\\\/zonacaral.gob.pe\\\/wp-content\\\/uploads\\\/2024\\\/03\\\/dia_del_artesano-1.png\",\"width\":700,\"height\":395},{\"@type\":\"BreadcrumbList\",\"@id\":\"https:\\\/\\\/zonacaral.gob.pe\\\/es\\\/noticias\\\/dia-del-artesano-constructores-de-identidad-y-transmisores-culturales-desde-la-civilizacion-caral\\\/#breadcrumb\",\"itemListElement\":[{\"@type\":\"ListItem\",\"position\":1,\"name\":\"Portada\",\"item\":\"https:\\\/\\\/zonacaral.gob.pe\\\/\"},{\"@type\":\"ListItem\",\"position\":2,\"name\":\"D\u00cdA DEL ARTESANO: constructores de identidad y transmisores culturales desde la civilizaci\u00f3n Caral\"}]},{\"@type\":\"WebSite\",\"@id\":\"https:\\\/\\\/zonacaral.gob.pe\\\/es\\\/#website\",\"url\":\"https:\\\/\\\/zonacaral.gob.pe\\\/es\\\/\",\"name\":\"Zona Caral\",\"description\":\"Investigamos, conservamos y difundimos el patrimonio cultural de la Civilizaci\u00f3n Caral, la m\u00e1s antigua de Am\u00e9rica.\",\"potentialAction\":[{\"@type\":\"SearchAction\",\"target\":{\"@type\":\"EntryPoint\",\"urlTemplate\":\"https:\\\/\\\/zonacaral.gob.pe\\\/es\\\/?s={search_term_string}\"},\"query-input\":{\"@type\":\"PropertyValueSpecification\",\"valueRequired\":true,\"valueName\":\"search_term_string\"}}],\"inLanguage\":\"en-US\"},{\"@type\":\"Person\",\"@id\":\"https:\\\/\\\/zonacaral.gob.pe\\\/es\\\/#\\\/schema\\\/person\\\/beddb4d22f71a7230c5b90913270a0ee\",\"name\":\"Zona Caral Administrador\",\"image\":{\"@type\":\"ImageObject\",\"inLanguage\":\"en-US\",\"@id\":\"https:\\\/\\\/secure.gravatar.com\\\/avatar\\\/e4be162918a696358376de6446614e0f0f4062bdc5d170d6d540ada3d8b58c12?s=96&d=mm&r=g\",\"url\":\"https:\\\/\\\/secure.gravatar.com\\\/avatar\\\/e4be162918a696358376de6446614e0f0f4062bdc5d170d6d540ada3d8b58c12?s=96&d=mm&r=g\",\"contentUrl\":\"https:\\\/\\\/secure.gravatar.com\\\/avatar\\\/e4be162918a696358376de6446614e0f0f4062bdc5d170d6d540ada3d8b58c12?s=96&d=mm&r=g\",\"caption\":\"Zona Caral Administrador\"},\"sameAs\":[\"https:\\\/\\\/zonacaral.gob.pe\"],\"url\":\"https:\\\/\\\/zonacaral.gob.pe\\\/en\\\/noticias\\\/author\\\/ad_zonacaral\\\/\"}]}<\/script>\n<!-- \/ Yoast SEO plugin. -->","yoast_head_json":{"title":"D\u00cdA DEL ARTESANO: constructores de identidad y transmisores culturales desde la civilizaci\u00f3n Caral","description":"A prop\u00f3sito del D\u00eda del Artesano Peruano, recordemos que esta actividad especializada y milenaria, fue realizada por diversas sociedades a lo largo del desarrollo cultural andino como lo evidencian los hallazgos realizados en los centros urbanos de la Civilizaci\u00f3n Caral, hace cinco mil a\u00f1os, conocimiento que fue transmitido, generaci\u00f3n tras generaci\u00f3n, hasta la actualidad.","robots":{"index":"index","follow":"follow","max-snippet":"max-snippet:-1","max-image-preview":"max-image-preview:large","max-video-preview":"max-video-preview:-1"},"canonical":"https:\/\/zonacaral.gob.pe\/en\/noticias\/dia-del-artesano-constructores-de-identidad-y-transmisores-culturales-desde-la-civilizacion-caral\/","og_locale":"en_US","og_type":"article","og_title":"D\u00cdA DEL ARTESANO: constructores de identidad y transmisores culturales desde la civilizaci\u00f3n Caral","og_description":"A prop\u00f3sito del D\u00eda del Artesano Peruano, recordemos que esta actividad especializada y milenaria, fue realizada por diversas sociedades a lo largo del desarrollo cultural andino como lo evidencian los hallazgos realizados en los centros urbanos de la Civilizaci\u00f3n Caral, hace cinco mil a\u00f1os, conocimiento que fue transmitido, generaci\u00f3n tras generaci\u00f3n, hasta la actualidad.","og_url":"https:\/\/zonacaral.gob.pe\/en\/noticias\/dia-del-artesano-constructores-de-identidad-y-transmisores-culturales-desde-la-civilizacion-caral\/","og_site_name":"Zona Caral","article_published_time":"2024-03-19T22:35:21+00:00","og_image":[{"width":700,"height":395,"url":"https:\/\/zonacaral.gob.pe\/wp-content\/uploads\/2024\/03\/dia_del_artesano-1.png","type":"image\/png"}],"author":"Zona Caral Administrador","twitter_card":"summary_large_image","twitter_misc":{"Written by":"Zona Caral Administrador","Est. reading time":"3 minutes"},"schema":{"@context":"https:\/\/schema.org","@graph":[{"@type":"Article","@id":"https:\/\/zonacaral.gob.pe\/es\/noticias\/dia-del-artesano-constructores-de-identidad-y-transmisores-culturales-desde-la-civilizacion-caral\/#article","isPartOf":{"@id":"https:\/\/zonacaral.gob.pe\/es\/noticias\/dia-del-artesano-constructores-de-identidad-y-transmisores-culturales-desde-la-civilizacion-caral\/"},"author":{"name":"Zona Caral Administrador","@id":"https:\/\/zonacaral.gob.pe\/es\/#\/schema\/person\/beddb4d22f71a7230c5b90913270a0ee"},"headline":"D\u00cdA DEL ARTESANO: constructores de identidad y transmisores culturales desde la civilizaci\u00f3n Caral","datePublished":"2024-03-19T22:35:21+00:00","mainEntityOfPage":{"@id":"https:\/\/zonacaral.gob.pe\/es\/noticias\/dia-del-artesano-constructores-de-identidad-y-transmisores-culturales-desde-la-civilizacion-caral\/"},"wordCount":620,"image":{"@id":"https:\/\/zonacaral.gob.pe\/es\/noticias\/dia-del-artesano-constructores-de-identidad-y-transmisores-culturales-desde-la-civilizacion-caral\/#primaryimage"},"thumbnailUrl":"https:\/\/zonacaral.gob.pe\/wp-content\/uploads\/2024\/03\/dia_del_artesano-1.png","keywords":["caral","Cultura"],"articleSection":["noticias"],"inLanguage":"en-US"},{"@type":"WebPage","@id":"https:\/\/zonacaral.gob.pe\/es\/noticias\/dia-del-artesano-constructores-de-identidad-y-transmisores-culturales-desde-la-civilizacion-caral\/","url":"https:\/\/zonacaral.gob.pe\/es\/noticias\/dia-del-artesano-constructores-de-identidad-y-transmisores-culturales-desde-la-civilizacion-caral\/","name":"D\u00cdA DEL ARTESANO: constructores de identidad y transmisores culturales desde la civilizaci\u00f3n Caral","isPartOf":{"@id":"https:\/\/zonacaral.gob.pe\/es\/#website"},"primaryImageOfPage":{"@id":"https:\/\/zonacaral.gob.pe\/es\/noticias\/dia-del-artesano-constructores-de-identidad-y-transmisores-culturales-desde-la-civilizacion-caral\/#primaryimage"},"image":{"@id":"https:\/\/zonacaral.gob.pe\/es\/noticias\/dia-del-artesano-constructores-de-identidad-y-transmisores-culturales-desde-la-civilizacion-caral\/#primaryimage"},"thumbnailUrl":"https:\/\/zonacaral.gob.pe\/wp-content\/uploads\/2024\/03\/dia_del_artesano-1.png","datePublished":"2024-03-19T22:35:21+00:00","author":{"@id":"https:\/\/zonacaral.gob.pe\/es\/#\/schema\/person\/beddb4d22f71a7230c5b90913270a0ee"},"description":"A prop\u00f3sito del D\u00eda del Artesano Peruano, recordemos que esta actividad especializada y milenaria, fue realizada por diversas sociedades a lo largo del desarrollo cultural andino como lo evidencian los hallazgos realizados en los centros urbanos de la Civilizaci\u00f3n Caral, hace cinco mil a\u00f1os, conocimiento que fue transmitido, generaci\u00f3n tras generaci\u00f3n, hasta la actualidad.","breadcrumb":{"@id":"https:\/\/zonacaral.gob.pe\/es\/noticias\/dia-del-artesano-constructores-de-identidad-y-transmisores-culturales-desde-la-civilizacion-caral\/#breadcrumb"},"inLanguage":"en-US","potentialAction":[{"@type":"ReadAction","target":["https:\/\/zonacaral.gob.pe\/es\/noticias\/dia-del-artesano-constructores-de-identidad-y-transmisores-culturales-desde-la-civilizacion-caral\/"]}]},{"@type":"ImageObject","inLanguage":"en-US","@id":"https:\/\/zonacaral.gob.pe\/es\/noticias\/dia-del-artesano-constructores-de-identidad-y-transmisores-culturales-desde-la-civilizacion-caral\/#primaryimage","url":"https:\/\/zonacaral.gob.pe\/wp-content\/uploads\/2024\/03\/dia_del_artesano-1.png","contentUrl":"https:\/\/zonacaral.gob.pe\/wp-content\/uploads\/2024\/03\/dia_del_artesano-1.png","width":700,"height":395},{"@type":"BreadcrumbList","@id":"https:\/\/zonacaral.gob.pe\/es\/noticias\/dia-del-artesano-constructores-de-identidad-y-transmisores-culturales-desde-la-civilizacion-caral\/#breadcrumb","itemListElement":[{"@type":"ListItem","position":1,"name":"Portada","item":"https:\/\/zonacaral.gob.pe\/"},{"@type":"ListItem","position":2,"name":"D\u00cdA DEL ARTESANO: constructores de identidad y transmisores culturales desde la civilizaci\u00f3n Caral"}]},{"@type":"WebSite","@id":"https:\/\/zonacaral.gob.pe\/es\/#website","url":"https:\/\/zonacaral.gob.pe\/es\/","name":"Zona Caral","description":"Investigamos, conservamos y difundimos el patrimonio cultural de la Civilizaci\u00f3n Caral, la m\u00e1s antigua de Am\u00e9rica.","potentialAction":[{"@type":"SearchAction","target":{"@type":"EntryPoint","urlTemplate":"https:\/\/zonacaral.gob.pe\/es\/?s={search_term_string}"},"query-input":{"@type":"PropertyValueSpecification","valueRequired":true,"valueName":"search_term_string"}}],"inLanguage":"en-US"},{"@type":"Person","@id":"https:\/\/zonacaral.gob.pe\/es\/#\/schema\/person\/beddb4d22f71a7230c5b90913270a0ee","name":"Zona Caral Administrador","image":{"@type":"ImageObject","inLanguage":"en-US","@id":"https:\/\/secure.gravatar.com\/avatar\/e4be162918a696358376de6446614e0f0f4062bdc5d170d6d540ada3d8b58c12?s=96&d=mm&r=g","url":"https:\/\/secure.gravatar.com\/avatar\/e4be162918a696358376de6446614e0f0f4062bdc5d170d6d540ada3d8b58c12?s=96&d=mm&r=g","contentUrl":"https:\/\/secure.gravatar.com\/avatar\/e4be162918a696358376de6446614e0f0f4062bdc5d170d6d540ada3d8b58c12?s=96&d=mm&r=g","caption":"Zona Caral Administrador"},"sameAs":["https:\/\/zonacaral.gob.pe"],"url":"https:\/\/zonacaral.gob.pe\/en\/noticias\/author\/ad_zonacaral\/"}]}},"_links":{"self":[{"href":"https:\/\/zonacaral.gob.pe\/en\/wp-json\/wp\/v2\/posts\/17524","targetHints":{"allow":["GET"]}}],"collection":[{"href":"https:\/\/zonacaral.gob.pe\/en\/wp-json\/wp\/v2\/posts"}],"about":[{"href":"https:\/\/zonacaral.gob.pe\/en\/wp-json\/wp\/v2\/types\/post"}],"author":[{"embeddable":true,"href":"https:\/\/zonacaral.gob.pe\/en\/wp-json\/wp\/v2\/users\/1"}],"replies":[{"embeddable":true,"href":"https:\/\/zonacaral.gob.pe\/en\/wp-json\/wp\/v2\/comments?post=17524"}],"version-history":[{"count":0,"href":"https:\/\/zonacaral.gob.pe\/en\/wp-json\/wp\/v2\/posts\/17524\/revisions"}],"wp:featuredmedia":[{"embeddable":true,"href":"https:\/\/zonacaral.gob.pe\/en\/wp-json\/wp\/v2\/media\/17525"}],"wp:attachment":[{"href":"https:\/\/zonacaral.gob.pe\/en\/wp-json\/wp\/v2\/media?parent=17524"}],"wp:term":[{"taxonomy":"category","embeddable":true,"href":"https:\/\/zonacaral.gob.pe\/en\/wp-json\/wp\/v2\/categories?post=17524"},{"taxonomy":"post_tag","embeddable":true,"href":"https:\/\/zonacaral.gob.pe\/en\/wp-json\/wp\/v2\/tags?post=17524"}],"curies":[{"name":"wp","href":"https:\/\/api.w.org\/{rel}","templated":true}]}}