{"id":17545,"date":"2024-04-05T15:05:10","date_gmt":"2024-04-05T20:05:10","guid":{"rendered":"https:\/\/www.zonacaral.gob.pe\/?p=17545"},"modified":"2024-04-05T15:05:10","modified_gmt":"2024-04-05T20:05:10","slug":"caral-aspero-y-vichama-recibieron-a-decenas-de-turistas-nacionales-y-extranjeros-esta-semana-santa","status":"publish","type":"post","link":"https:\/\/zonacaral.gob.pe\/en\/noticias\/caral-aspero-y-vichama-recibieron-a-decenas-de-turistas-nacionales-y-extranjeros-esta-semana-santa\/","title":{"rendered":"CARAL, \u00c1SPERO Y VICHAMA, recibieron a decenas de turistas nacionales y extranjeros esta SEMANA SANTA"},"content":{"rendered":"<figure class=\"pic-autor\" style=\"color: #4d4d4d; text-align: justify;\"><\/figure>\n<div class=\"gmail_default\" style=\"text-align: justify;\">\n<blockquote>\n<p><span style=\"font-weight: 400;\">\u201cCaralizados\u201d e identificados con su patrimonio cultural.<\/span><\/p>\n<\/blockquote>\n<p><span style=\"font-weight: 400;\">Durante el fin de semana largo, por <\/span><a href=\"https:\/\/www.gob.pe\/institucion\/caral\/noticias\/926392-semana-santa-ciudad-sagrada-de-caral-aspero-y-vichama-atienden-con-normalidad-los-dias-feriados\"><span style=\"font-weight: 400;\">Semana Santa<\/span><\/a><span style=\"font-weight: 400;\">, los antiguos asentamientos <\/span><a href=\"https:\/\/www.zonacaral.gob.pe\/ruta-caral\/ciudad-sagrada-de-caral.html\"><span style=\"font-weight: 400;\">Sacred City of Caral<\/span><\/a><span style=\"font-weight: 400;\">, Patrimonio Mundial; <\/span><a href=\"https:\/\/www.zonacaral.gob.pe\/ruta-caral\/vichama.html\"><span style=\"font-weight: 400;\">Vichama<\/span><\/a><span style=\"font-weight: 400;\"> y <\/span><a href=\"https:\/\/www.zonacaral.gob.pe\/ruta-caral\/aspero.html\"><span style=\"font-weight: 400;\">\u00c1spero<\/span><\/a><span style=\"font-weight: 400;\">, recibieron la visita de casi cuatro mil turistas, entre nacionales y extranjeros, quienes llegaron a las provincias de Barranca y de Huaura, a disfrutar de la naturaleza, gastronom\u00eda y sobre todo a conocer los inicios civilizatorios en nuestro continente.<\/span><\/p>\n<p><span style=\"font-weight: 400;\">Los visitantes disfrutaron de las diversas actividades que se organizaron como el \u201cV Tinkuy Vichama\u201d, realizado el viernes 29 en el sitio del mismo nombre, ubicado en el distrito de V\u00e9gueta, Huaura. Desde temprano ni\u00f1os, j\u00f3venes y adultos llegaron a conocer los <\/span><a href=\"https:\/\/www.gob.pe\/institucion\/caral\/noticias\/110067-nuevos-hallazgos-del-significado-simbolico-de-vichama-sobre-el-cambio-climatico\"><span style=\"font-weight: 400;\">impresionantes relieves murales<\/span><\/a><span style=\"font-weight: 400;\"> que plasmaron los antiguos habitantes en los muros de los principales salones de edificios piramidales.<\/span><\/p>\n<p><span style=\"font-weight: 400;\">Ca\u00edda la noche, se encendieron los diferentes ambientes del sitio para llevarse a cabo el festival andino \u201cTinkuy\u201d, con la participaci\u00f3n de los Puntos de Cultura locales: el Centro Cultural \u201cWiqi Kallpa\u201d y la \u201cAsociaci\u00f3n Cultural Sonqo Per\u00fa Vegueta\u201d.<\/span><\/p>\n<p><span style=\"font-weight: 400;\">Mientras que, en <\/span><a href=\"https:\/\/www.zonacaral.gob.pe\/ruta-caral\/aspero.html\"><span style=\"font-weight: 400;\">\u00c1spero<\/span><\/a><span style=\"font-weight: 400;\">, antigua ciudad pesquera, desde la ma\u00f1ana del jueves 28 los visitantes recorrieron los diferentes espacios del sitio, como el Centro de Informaci\u00f3n, donde existe una exposici\u00f3n permanente de los <\/span><a href=\"https:\/\/www.gob.pe\/institucion\/caral\/noticias\/109902-hallazgos-arqueologicos-en-aspero-prueban-la-interaccion-intercultural-en-peru-hace-5000-anos\"><span style=\"font-weight: 400;\">hallazgos realizados en este centro urbano<\/span><\/a><span style=\"font-weight: 400;\">.<\/span><\/p>\n<p><span style=\"font-weight: 400;\">Asimismo, ingresaron al sitio a conocer sus antiguas construcciones piramidales y aprovecharon su visita para fotografiarse con las representaciones de los antiguos habitantes de \u00c1spero.<\/span><\/p>\n<p><span style=\"font-weight: 400;\">De igual manera, la <\/span><a href=\"https:\/\/www.zonacaral.gob.pe\/ruta-caral\/ciudad-sagrada-de-caral.html\"><span style=\"font-weight: 400;\">Sacred City of Caral<\/span><\/a><span style=\"font-weight: 400;\"> se luci\u00f3 llena de visitantes quienes aprovecharon los d\u00edas feriados para conocer el principal centro urbano de la <\/span><a href=\"https:\/\/www.youtube.com\/watch?v=uAJpjcgLits\"><span style=\"font-weight: 400;\">Civilizaci\u00f3n Caral<\/span><\/a><span style=\"font-weight: 400;\">, desarrollada hace cinco mil a\u00f1os, en completo aislamiento y en paralelo con las culturas de Egipto, China e India.<\/span><\/p>\n<p><span style=\"font-weight: 400;\">Los turistas conocieron los valores y los conocimientos que se produjeron en ciencia y en tecnolog\u00eda. Conocimientos que fueron transmitidos de generaci\u00f3n en generaci\u00f3n, y mejoradas o empleadas en las posteriores culturas andinas.<\/span><\/p>\n<p><strong>DATO<\/strong><\/p>\n<p><span style=\"font-weight: 400;\">El programa Viajes Culturales de la Zona Arqueol\u00f3gica Caral te lleva a conocer estos sitios arqueol\u00f3gicos, con su propuesta de visita de todo un d\u00eda. Inf\u00f3rmate m\u00e1s escribiendo al WhatsApp: <\/span><a href=\"https:\/\/bit.ly\/955881340\"><span style=\"font-weight: 400;\">955 881 340<\/span><\/a><span style=\"font-weight: 400;\"> o ingresando al link:<\/span> <a href=\"https:\/\/bit.ly\/ViajesCulturales2024?fbclid=IwAR2e0RA0J-xkkZAdqfWEraKaI3qRDDW2hj_LIi454kwaida26ES9gfXFuo8_aem_AfDoE78jUXyHroHOtEQVgWJo86F3wtNxPTwN_v1r6LaS4jXZMUiUK65Nq-p0MkIMQhJI-uluvVE628mjpNZlo57l\"><span style=\"font-weight: 400;\">bit.ly\/ViajesCulturales2024<\/span><\/a><\/p>\n<p><span style=\"color: #850707;\"><strong style=\"font-size: inherit; text-align: justify;\">Fuente: Comunicaci\u00f3n e Imagen Institucional ZAC<\/strong><\/span><\/p>\n<\/div>\n<div style=\"color: #1f1f1f;\">\n<div style=\"color: #1f1f1f;\">\n<p style=\"text-align: justify;\">Fecha de publicaci\u00f3n: 05\/04\/2024<\/p>\n<\/div>\n<\/div>\n\n\n<p><\/p>","protected":false},"excerpt":{"rendered":"<p>\u201cCaralizados\u201d e identificados con su patrimonio cultural. Durante el fin de semana largo, por Semana Santa, los antiguos asentamientos Ciudad [&hellip;]<\/p>\n","protected":false},"author":1,"featured_media":17563,"comment_status":"closed","ping_status":"open","sticky":false,"template":"","format":"standard","meta":{"_acf_changed":false,"site-sidebar-layout":"default","site-content-layout":"","ast-site-content-layout":"default","site-content-style":"default","site-sidebar-style":"default","ast-global-header-display":"","ast-banner-title-visibility":"","ast-main-header-display":"","ast-hfb-above-header-display":"","ast-hfb-below-header-display":"","ast-hfb-mobile-header-display":"","site-post-title":"","ast-breadcrumbs-content":"","ast-featured-img":"","footer-sml-layout":"","ast-disable-related-posts":"","theme-transparent-header-meta":"","adv-header-id-meta":"","stick-header-meta":"","header-above-stick-meta":"","header-main-stick-meta":"","header-below-stick-meta":"","astra-migrate-meta-layouts":"default","ast-page-background-enabled":"default","ast-page-background-meta":{"desktop":{"background-color":"var(--ast-global-color-5)","background-image":"","background-repeat":"repeat","background-position":"center center","background-size":"auto","background-attachment":"scroll","background-type":"","background-media":"","overlay-type":"","overlay-color":"","overlay-opacity":"","overlay-gradient":""},"tablet":{"background-color":"","background-image":"","background-repeat":"repeat","background-position":"center center","background-size":"auto","background-attachment":"scroll","background-type":"","background-media":"","overlay-type":"","overlay-color":"","overlay-opacity":"","overlay-gradient":""},"mobile":{"background-color":"","background-image":"","background-repeat":"repeat","background-position":"center center","background-size":"auto","background-attachment":"scroll","background-type":"","background-media":"","overlay-type":"","overlay-color":"","overlay-opacity":"","overlay-gradient":""}},"ast-content-background-meta":{"desktop":{"background-color":"var(--ast-global-color-4)","background-image":"","background-repeat":"repeat","background-position":"center center","background-size":"auto","background-attachment":"scroll","background-type":"","background-media":"","overlay-type":"","overlay-color":"","overlay-opacity":"","overlay-gradient":""},"tablet":{"background-color":"var(--ast-global-color-4)","background-image":"","background-repeat":"repeat","background-position":"center center","background-size":"auto","background-attachment":"scroll","background-type":"","background-media":"","overlay-type":"","overlay-color":"","overlay-opacity":"","overlay-gradient":""},"mobile":{"background-color":"var(--ast-global-color-4)","background-image":"","background-repeat":"repeat","background-position":"center center","background-size":"auto","background-attachment":"scroll","background-type":"","background-media":"","overlay-type":"","overlay-color":"","overlay-opacity":"","overlay-gradient":""}},"footnotes":""},"categories":[208],"tags":[55,72],"class_list":["post-17545","post","type-post","status-publish","format-standard","has-post-thumbnail","hentry","category-noticias","tag-caral","tag-cultura"],"acf":[],"yoast_head":"<!-- This site is optimized with the Yoast SEO plugin v27.3 - https:\/\/yoast.com\/product\/yoast-seo-wordpress\/ -->\n<title>CARAL, \u00c1SPERO Y VICHAMA, recibieron a decenas de turistas nacionales y extranjeros esta SEMANA SANTA<\/title>\n<meta name=\"description\" content=\"Durante el fin de semana largo, por Semana Santa, los antiguos asentamientos Ciudad Sagrada de Caral, Patrimonio Mundial; Vichama y \u00c1spero, recibieron la visita de casi cuatro mil turistas, entre nacionales y extranjeros, quienes llegaron a las provincias de Barranca y de Huaura, a disfrutar de la naturaleza, gastronom\u00eda y sobre todo a conocer los inicios civilizatorios en nuestro continente.\" \/>\n<meta name=\"robots\" content=\"index, follow, max-snippet:-1, max-image-preview:large, max-video-preview:-1\" \/>\n<link rel=\"canonical\" href=\"https:\/\/zonacaral.gob.pe\/en\/noticias\/caral-aspero-y-vichama-recibieron-a-decenas-de-turistas-nacionales-y-extranjeros-esta-semana-santa\/\" \/>\n<meta property=\"og:locale\" content=\"en_US\" \/>\n<meta property=\"og:type\" content=\"article\" \/>\n<meta property=\"og:title\" content=\"CARAL, \u00c1SPERO Y VICHAMA, recibieron a decenas de turistas nacionales y extranjeros esta SEMANA SANTA\" \/>\n<meta property=\"og:description\" content=\"Durante el fin de semana largo, por Semana Santa, los antiguos asentamientos Ciudad Sagrada de Caral, Patrimonio Mundial; Vichama y \u00c1spero, recibieron la visita de casi cuatro mil turistas, entre nacionales y extranjeros, quienes llegaron a las provincias de Barranca y de Huaura, a disfrutar de la naturaleza, gastronom\u00eda y sobre todo a conocer los inicios civilizatorios en nuestro continente.\" \/>\n<meta property=\"og:url\" content=\"https:\/\/zonacaral.gob.pe\/en\/noticias\/caral-aspero-y-vichama-recibieron-a-decenas-de-turistas-nacionales-y-extranjeros-esta-semana-santa\/\" \/>\n<meta property=\"og:site_name\" content=\"Zona Caral\" \/>\n<meta property=\"article:published_time\" content=\"2024-04-05T20:05:10+00:00\" \/>\n<meta property=\"og:image\" content=\"https:\/\/zonacaral.gob.pe\/wp-content\/uploads\/2024\/04\/POST-SEMANA-SANTA-1.png\" \/>\n\t<meta property=\"og:image:width\" content=\"700\" \/>\n\t<meta property=\"og:image:height\" content=\"395\" \/>\n\t<meta property=\"og:image:type\" content=\"image\/png\" \/>\n<meta name=\"author\" content=\"Zona Caral Administrador\" \/>\n<meta name=\"twitter:card\" content=\"summary_large_image\" \/>\n<meta name=\"twitter:label1\" content=\"Written by\" \/>\n\t<meta name=\"twitter:data1\" content=\"Zona Caral Administrador\" \/>\n\t<meta name=\"twitter:label2\" content=\"Est. reading time\" \/>\n\t<meta name=\"twitter:data2\" content=\"2 minutes\" \/>\n<script type=\"application\/ld+json\" class=\"yoast-schema-graph\">{\"@context\":\"https:\\\/\\\/schema.org\",\"@graph\":[{\"@type\":\"Article\",\"@id\":\"https:\\\/\\\/zonacaral.gob.pe\\\/es\\\/noticias\\\/caral-aspero-y-vichama-recibieron-a-decenas-de-turistas-nacionales-y-extranjeros-esta-semana-santa\\\/#article\",\"isPartOf\":{\"@id\":\"https:\\\/\\\/zonacaral.gob.pe\\\/es\\\/noticias\\\/caral-aspero-y-vichama-recibieron-a-decenas-de-turistas-nacionales-y-extranjeros-esta-semana-santa\\\/\"},\"author\":{\"name\":\"Zona Caral Administrador\",\"@id\":\"https:\\\/\\\/zonacaral.gob.pe\\\/es\\\/#\\\/schema\\\/person\\\/beddb4d22f71a7230c5b90913270a0ee\"},\"headline\":\"CARAL, \u00c1SPERO Y VICHAMA, recibieron a decenas de turistas nacionales y extranjeros esta SEMANA SANTA\",\"datePublished\":\"2024-04-05T20:05:10+00:00\",\"mainEntityOfPage\":{\"@id\":\"https:\\\/\\\/zonacaral.gob.pe\\\/es\\\/noticias\\\/caral-aspero-y-vichama-recibieron-a-decenas-de-turistas-nacionales-y-extranjeros-esta-semana-santa\\\/\"},\"wordCount\":393,\"image\":{\"@id\":\"https:\\\/\\\/zonacaral.gob.pe\\\/es\\\/noticias\\\/caral-aspero-y-vichama-recibieron-a-decenas-de-turistas-nacionales-y-extranjeros-esta-semana-santa\\\/#primaryimage\"},\"thumbnailUrl\":\"https:\\\/\\\/zonacaral.gob.pe\\\/wp-content\\\/uploads\\\/2024\\\/04\\\/POST-SEMANA-SANTA-1.png\",\"keywords\":[\"caral\",\"Cultura\"],\"articleSection\":[\"noticias\"],\"inLanguage\":\"en-US\"},{\"@type\":\"WebPage\",\"@id\":\"https:\\\/\\\/zonacaral.gob.pe\\\/es\\\/noticias\\\/caral-aspero-y-vichama-recibieron-a-decenas-de-turistas-nacionales-y-extranjeros-esta-semana-santa\\\/\",\"url\":\"https:\\\/\\\/zonacaral.gob.pe\\\/es\\\/noticias\\\/caral-aspero-y-vichama-recibieron-a-decenas-de-turistas-nacionales-y-extranjeros-esta-semana-santa\\\/\",\"name\":\"CARAL, \u00c1SPERO Y VICHAMA, recibieron a decenas de turistas nacionales y extranjeros esta SEMANA SANTA\",\"isPartOf\":{\"@id\":\"https:\\\/\\\/zonacaral.gob.pe\\\/es\\\/#website\"},\"primaryImageOfPage\":{\"@id\":\"https:\\\/\\\/zonacaral.gob.pe\\\/es\\\/noticias\\\/caral-aspero-y-vichama-recibieron-a-decenas-de-turistas-nacionales-y-extranjeros-esta-semana-santa\\\/#primaryimage\"},\"image\":{\"@id\":\"https:\\\/\\\/zonacaral.gob.pe\\\/es\\\/noticias\\\/caral-aspero-y-vichama-recibieron-a-decenas-de-turistas-nacionales-y-extranjeros-esta-semana-santa\\\/#primaryimage\"},\"thumbnailUrl\":\"https:\\\/\\\/zonacaral.gob.pe\\\/wp-content\\\/uploads\\\/2024\\\/04\\\/POST-SEMANA-SANTA-1.png\",\"datePublished\":\"2024-04-05T20:05:10+00:00\",\"author\":{\"@id\":\"https:\\\/\\\/zonacaral.gob.pe\\\/es\\\/#\\\/schema\\\/person\\\/beddb4d22f71a7230c5b90913270a0ee\"},\"description\":\"Durante el fin de semana largo, por Semana Santa, los antiguos asentamientos Ciudad Sagrada de Caral, Patrimonio Mundial; Vichama y \u00c1spero, recibieron la visita de casi cuatro mil turistas, entre nacionales y extranjeros, quienes llegaron a las provincias de Barranca y de Huaura, a disfrutar de la naturaleza, gastronom\u00eda y sobre todo a conocer los inicios civilizatorios en nuestro continente.\",\"breadcrumb\":{\"@id\":\"https:\\\/\\\/zonacaral.gob.pe\\\/es\\\/noticias\\\/caral-aspero-y-vichama-recibieron-a-decenas-de-turistas-nacionales-y-extranjeros-esta-semana-santa\\\/#breadcrumb\"},\"inLanguage\":\"en-US\",\"potentialAction\":[{\"@type\":\"ReadAction\",\"target\":[\"https:\\\/\\\/zonacaral.gob.pe\\\/es\\\/noticias\\\/caral-aspero-y-vichama-recibieron-a-decenas-de-turistas-nacionales-y-extranjeros-esta-semana-santa\\\/\"]}]},{\"@type\":\"ImageObject\",\"inLanguage\":\"en-US\",\"@id\":\"https:\\\/\\\/zonacaral.gob.pe\\\/es\\\/noticias\\\/caral-aspero-y-vichama-recibieron-a-decenas-de-turistas-nacionales-y-extranjeros-esta-semana-santa\\\/#primaryimage\",\"url\":\"https:\\\/\\\/zonacaral.gob.pe\\\/wp-content\\\/uploads\\\/2024\\\/04\\\/POST-SEMANA-SANTA-1.png\",\"contentUrl\":\"https:\\\/\\\/zonacaral.gob.pe\\\/wp-content\\\/uploads\\\/2024\\\/04\\\/POST-SEMANA-SANTA-1.png\",\"width\":700,\"height\":395},{\"@type\":\"BreadcrumbList\",\"@id\":\"https:\\\/\\\/zonacaral.gob.pe\\\/es\\\/noticias\\\/caral-aspero-y-vichama-recibieron-a-decenas-de-turistas-nacionales-y-extranjeros-esta-semana-santa\\\/#breadcrumb\",\"itemListElement\":[{\"@type\":\"ListItem\",\"position\":1,\"name\":\"Portada\",\"item\":\"https:\\\/\\\/zonacaral.gob.pe\\\/\"},{\"@type\":\"ListItem\",\"position\":2,\"name\":\"CARAL, \u00c1SPERO Y VICHAMA, recibieron a decenas de turistas nacionales y extranjeros esta SEMANA SANTA\"}]},{\"@type\":\"WebSite\",\"@id\":\"https:\\\/\\\/zonacaral.gob.pe\\\/es\\\/#website\",\"url\":\"https:\\\/\\\/zonacaral.gob.pe\\\/es\\\/\",\"name\":\"Zona Caral\",\"description\":\"Investigamos, conservamos y difundimos el patrimonio cultural de la Civilizaci\u00f3n Caral, la m\u00e1s antigua de Am\u00e9rica.\",\"potentialAction\":[{\"@type\":\"SearchAction\",\"target\":{\"@type\":\"EntryPoint\",\"urlTemplate\":\"https:\\\/\\\/zonacaral.gob.pe\\\/es\\\/?s={search_term_string}\"},\"query-input\":{\"@type\":\"PropertyValueSpecification\",\"valueRequired\":true,\"valueName\":\"search_term_string\"}}],\"inLanguage\":\"en-US\"},{\"@type\":\"Person\",\"@id\":\"https:\\\/\\\/zonacaral.gob.pe\\\/es\\\/#\\\/schema\\\/person\\\/beddb4d22f71a7230c5b90913270a0ee\",\"name\":\"Zona Caral Administrador\",\"image\":{\"@type\":\"ImageObject\",\"inLanguage\":\"en-US\",\"@id\":\"https:\\\/\\\/secure.gravatar.com\\\/avatar\\\/e4be162918a696358376de6446614e0f0f4062bdc5d170d6d540ada3d8b58c12?s=96&d=mm&r=g\",\"url\":\"https:\\\/\\\/secure.gravatar.com\\\/avatar\\\/e4be162918a696358376de6446614e0f0f4062bdc5d170d6d540ada3d8b58c12?s=96&d=mm&r=g\",\"contentUrl\":\"https:\\\/\\\/secure.gravatar.com\\\/avatar\\\/e4be162918a696358376de6446614e0f0f4062bdc5d170d6d540ada3d8b58c12?s=96&d=mm&r=g\",\"caption\":\"Zona Caral Administrador\"},\"sameAs\":[\"https:\\\/\\\/zonacaral.gob.pe\"],\"url\":\"https:\\\/\\\/zonacaral.gob.pe\\\/en\\\/noticias\\\/author\\\/ad_zonacaral\\\/\"}]}<\/script>\n<!-- \/ Yoast SEO plugin. -->","yoast_head_json":{"title":"CARAL, \u00c1SPERO Y VICHAMA, recibieron a decenas de turistas nacionales y extranjeros esta SEMANA SANTA","description":"Durante el fin de semana largo, por Semana Santa, los antiguos asentamientos Ciudad Sagrada de Caral, Patrimonio Mundial; Vichama y \u00c1spero, recibieron la visita de casi cuatro mil turistas, entre nacionales y extranjeros, quienes llegaron a las provincias de Barranca y de Huaura, a disfrutar de la naturaleza, gastronom\u00eda y sobre todo a conocer los inicios civilizatorios en nuestro continente.","robots":{"index":"index","follow":"follow","max-snippet":"max-snippet:-1","max-image-preview":"max-image-preview:large","max-video-preview":"max-video-preview:-1"},"canonical":"https:\/\/zonacaral.gob.pe\/en\/noticias\/caral-aspero-y-vichama-recibieron-a-decenas-de-turistas-nacionales-y-extranjeros-esta-semana-santa\/","og_locale":"en_US","og_type":"article","og_title":"CARAL, \u00c1SPERO Y VICHAMA, recibieron a decenas de turistas nacionales y extranjeros esta SEMANA SANTA","og_description":"Durante el fin de semana largo, por Semana Santa, los antiguos asentamientos Ciudad Sagrada de Caral, Patrimonio Mundial; Vichama y \u00c1spero, recibieron la visita de casi cuatro mil turistas, entre nacionales y extranjeros, quienes llegaron a las provincias de Barranca y de Huaura, a disfrutar de la naturaleza, gastronom\u00eda y sobre todo a conocer los inicios civilizatorios en nuestro continente.","og_url":"https:\/\/zonacaral.gob.pe\/en\/noticias\/caral-aspero-y-vichama-recibieron-a-decenas-de-turistas-nacionales-y-extranjeros-esta-semana-santa\/","og_site_name":"Zona Caral","article_published_time":"2024-04-05T20:05:10+00:00","og_image":[{"width":700,"height":395,"url":"https:\/\/zonacaral.gob.pe\/wp-content\/uploads\/2024\/04\/POST-SEMANA-SANTA-1.png","type":"image\/png"}],"author":"Zona Caral Administrador","twitter_card":"summary_large_image","twitter_misc":{"Written by":"Zona Caral Administrador","Est. reading time":"2 minutes"},"schema":{"@context":"https:\/\/schema.org","@graph":[{"@type":"Article","@id":"https:\/\/zonacaral.gob.pe\/es\/noticias\/caral-aspero-y-vichama-recibieron-a-decenas-de-turistas-nacionales-y-extranjeros-esta-semana-santa\/#article","isPartOf":{"@id":"https:\/\/zonacaral.gob.pe\/es\/noticias\/caral-aspero-y-vichama-recibieron-a-decenas-de-turistas-nacionales-y-extranjeros-esta-semana-santa\/"},"author":{"name":"Zona Caral Administrador","@id":"https:\/\/zonacaral.gob.pe\/es\/#\/schema\/person\/beddb4d22f71a7230c5b90913270a0ee"},"headline":"CARAL, \u00c1SPERO Y VICHAMA, recibieron a decenas de turistas nacionales y extranjeros esta SEMANA SANTA","datePublished":"2024-04-05T20:05:10+00:00","mainEntityOfPage":{"@id":"https:\/\/zonacaral.gob.pe\/es\/noticias\/caral-aspero-y-vichama-recibieron-a-decenas-de-turistas-nacionales-y-extranjeros-esta-semana-santa\/"},"wordCount":393,"image":{"@id":"https:\/\/zonacaral.gob.pe\/es\/noticias\/caral-aspero-y-vichama-recibieron-a-decenas-de-turistas-nacionales-y-extranjeros-esta-semana-santa\/#primaryimage"},"thumbnailUrl":"https:\/\/zonacaral.gob.pe\/wp-content\/uploads\/2024\/04\/POST-SEMANA-SANTA-1.png","keywords":["caral","Cultura"],"articleSection":["noticias"],"inLanguage":"en-US"},{"@type":"WebPage","@id":"https:\/\/zonacaral.gob.pe\/es\/noticias\/caral-aspero-y-vichama-recibieron-a-decenas-de-turistas-nacionales-y-extranjeros-esta-semana-santa\/","url":"https:\/\/zonacaral.gob.pe\/es\/noticias\/caral-aspero-y-vichama-recibieron-a-decenas-de-turistas-nacionales-y-extranjeros-esta-semana-santa\/","name":"CARAL, \u00c1SPERO Y VICHAMA, recibieron a decenas de turistas nacionales y extranjeros esta SEMANA SANTA","isPartOf":{"@id":"https:\/\/zonacaral.gob.pe\/es\/#website"},"primaryImageOfPage":{"@id":"https:\/\/zonacaral.gob.pe\/es\/noticias\/caral-aspero-y-vichama-recibieron-a-decenas-de-turistas-nacionales-y-extranjeros-esta-semana-santa\/#primaryimage"},"image":{"@id":"https:\/\/zonacaral.gob.pe\/es\/noticias\/caral-aspero-y-vichama-recibieron-a-decenas-de-turistas-nacionales-y-extranjeros-esta-semana-santa\/#primaryimage"},"thumbnailUrl":"https:\/\/zonacaral.gob.pe\/wp-content\/uploads\/2024\/04\/POST-SEMANA-SANTA-1.png","datePublished":"2024-04-05T20:05:10+00:00","author":{"@id":"https:\/\/zonacaral.gob.pe\/es\/#\/schema\/person\/beddb4d22f71a7230c5b90913270a0ee"},"description":"Durante el fin de semana largo, por Semana Santa, los antiguos asentamientos Ciudad Sagrada de Caral, Patrimonio Mundial; Vichama y \u00c1spero, recibieron la visita de casi cuatro mil turistas, entre nacionales y extranjeros, quienes llegaron a las provincias de Barranca y de Huaura, a disfrutar de la naturaleza, gastronom\u00eda y sobre todo a conocer los inicios civilizatorios en nuestro continente.","breadcrumb":{"@id":"https:\/\/zonacaral.gob.pe\/es\/noticias\/caral-aspero-y-vichama-recibieron-a-decenas-de-turistas-nacionales-y-extranjeros-esta-semana-santa\/#breadcrumb"},"inLanguage":"en-US","potentialAction":[{"@type":"ReadAction","target":["https:\/\/zonacaral.gob.pe\/es\/noticias\/caral-aspero-y-vichama-recibieron-a-decenas-de-turistas-nacionales-y-extranjeros-esta-semana-santa\/"]}]},{"@type":"ImageObject","inLanguage":"en-US","@id":"https:\/\/zonacaral.gob.pe\/es\/noticias\/caral-aspero-y-vichama-recibieron-a-decenas-de-turistas-nacionales-y-extranjeros-esta-semana-santa\/#primaryimage","url":"https:\/\/zonacaral.gob.pe\/wp-content\/uploads\/2024\/04\/POST-SEMANA-SANTA-1.png","contentUrl":"https:\/\/zonacaral.gob.pe\/wp-content\/uploads\/2024\/04\/POST-SEMANA-SANTA-1.png","width":700,"height":395},{"@type":"BreadcrumbList","@id":"https:\/\/zonacaral.gob.pe\/es\/noticias\/caral-aspero-y-vichama-recibieron-a-decenas-de-turistas-nacionales-y-extranjeros-esta-semana-santa\/#breadcrumb","itemListElement":[{"@type":"ListItem","position":1,"name":"Portada","item":"https:\/\/zonacaral.gob.pe\/"},{"@type":"ListItem","position":2,"name":"CARAL, \u00c1SPERO Y VICHAMA, recibieron a decenas de turistas nacionales y extranjeros esta SEMANA SANTA"}]},{"@type":"WebSite","@id":"https:\/\/zonacaral.gob.pe\/es\/#website","url":"https:\/\/zonacaral.gob.pe\/es\/","name":"Zona Caral","description":"Investigamos, conservamos y difundimos el patrimonio cultural de la Civilizaci\u00f3n Caral, la m\u00e1s antigua de Am\u00e9rica.","potentialAction":[{"@type":"SearchAction","target":{"@type":"EntryPoint","urlTemplate":"https:\/\/zonacaral.gob.pe\/es\/?s={search_term_string}"},"query-input":{"@type":"PropertyValueSpecification","valueRequired":true,"valueName":"search_term_string"}}],"inLanguage":"en-US"},{"@type":"Person","@id":"https:\/\/zonacaral.gob.pe\/es\/#\/schema\/person\/beddb4d22f71a7230c5b90913270a0ee","name":"Zona Caral Administrador","image":{"@type":"ImageObject","inLanguage":"en-US","@id":"https:\/\/secure.gravatar.com\/avatar\/e4be162918a696358376de6446614e0f0f4062bdc5d170d6d540ada3d8b58c12?s=96&d=mm&r=g","url":"https:\/\/secure.gravatar.com\/avatar\/e4be162918a696358376de6446614e0f0f4062bdc5d170d6d540ada3d8b58c12?s=96&d=mm&r=g","contentUrl":"https:\/\/secure.gravatar.com\/avatar\/e4be162918a696358376de6446614e0f0f4062bdc5d170d6d540ada3d8b58c12?s=96&d=mm&r=g","caption":"Zona Caral Administrador"},"sameAs":["https:\/\/zonacaral.gob.pe"],"url":"https:\/\/zonacaral.gob.pe\/en\/noticias\/author\/ad_zonacaral\/"}]}},"_links":{"self":[{"href":"https:\/\/zonacaral.gob.pe\/en\/wp-json\/wp\/v2\/posts\/17545","targetHints":{"allow":["GET"]}}],"collection":[{"href":"https:\/\/zonacaral.gob.pe\/en\/wp-json\/wp\/v2\/posts"}],"about":[{"href":"https:\/\/zonacaral.gob.pe\/en\/wp-json\/wp\/v2\/types\/post"}],"author":[{"embeddable":true,"href":"https:\/\/zonacaral.gob.pe\/en\/wp-json\/wp\/v2\/users\/1"}],"replies":[{"embeddable":true,"href":"https:\/\/zonacaral.gob.pe\/en\/wp-json\/wp\/v2\/comments?post=17545"}],"version-history":[{"count":0,"href":"https:\/\/zonacaral.gob.pe\/en\/wp-json\/wp\/v2\/posts\/17545\/revisions"}],"wp:featuredmedia":[{"embeddable":true,"href":"https:\/\/zonacaral.gob.pe\/en\/wp-json\/wp\/v2\/media\/17563"}],"wp:attachment":[{"href":"https:\/\/zonacaral.gob.pe\/en\/wp-json\/wp\/v2\/media?parent=17545"}],"wp:term":[{"taxonomy":"category","embeddable":true,"href":"https:\/\/zonacaral.gob.pe\/en\/wp-json\/wp\/v2\/categories?post=17545"},{"taxonomy":"post_tag","embeddable":true,"href":"https:\/\/zonacaral.gob.pe\/en\/wp-json\/wp\/v2\/tags?post=17545"}],"curies":[{"name":"wp","href":"https:\/\/api.w.org\/{rel}","templated":true}]}}