{"id":17592,"date":"2024-04-12T14:59:57","date_gmt":"2024-04-12T19:59:57","guid":{"rendered":"https:\/\/www.zonacaral.gob.pe\/?p=17592"},"modified":"2024-04-12T14:59:57","modified_gmt":"2024-04-12T19:59:57","slug":"colegio-de-arqueologos-del-peru-reconoce-el-trabajo-y-aporte-de-arqueologos-de-caral","status":"publish","type":"post","link":"https:\/\/zonacaral.gob.pe\/en\/noticias\/colegio-de-arqueologos-del-peru-reconoce-el-trabajo-y-aporte-de-arqueologos-de-caral\/","title":{"rendered":"Colegio de Arque\u00f3logos del Per\u00fa reconoce el trabajo y aporte de arque\u00f3logos de Caral"},"content":{"rendered":"<figure class=\"pic-autor\" style=\"color: #4d4d4d; text-align: justify;\"><\/figure>\n<div class=\"gmail_default\" style=\"text-align: justify;\">\n<blockquote>\n<p><i><span style=\"font-weight: 400;\">Al conmemorarse el D\u00eda del Arque\u00f3logo y Arque\u00f3loga Peruana, el 11 de abril.<\/span><\/i><\/p>\n<\/blockquote>\n<p><span style=\"font-weight: 400;\">En una ceremonia llena de emociones, el Colegio de Arque\u00f3logos del Per\u00fa (Coarpe), reconoci\u00f3 el trabajo de investigaci\u00f3n y conservaci\u00f3n, los aportes al patrimonio cultural y su defensa, y la divulgaci\u00f3n cient\u00edfica, realizada por los arque\u00f3logos de la <\/span><a href=\"https:\/\/t.me\/Caral_Peru\/835\"><span style=\"font-weight: 400;\">Zona Arqueol\u00f3gica Caral<\/span><\/a><span style=\"font-weight: 400;\">, Unidad Ejecutora 003 del Ministerio de Cultura.<\/span><\/p>\n<p><span style=\"font-weight: 400;\">La actividad se realiz\u00f3 al concluirse el Coloquio \u201cRecientes investigaciones en la regi\u00f3n central del Per\u00fa\u201d, llevado a cabo el mi\u00e9rcoles 10 y jueves 11 de abril, en el auditorio de la Facultad de Ciencias Sociales de la Universidad Nacional Mayor de San Marcos, encabezado por el Decano Nacional, arque\u00f3logo Pieter Van Dalen Luna.<\/span><\/p>\n<p><span style=\"font-weight: 400;\">El Coarpe entreg\u00f3 diversos reconocimientos a los arque\u00f3logos del pa\u00eds, en tres categor\u00edas: <\/span><i><span style=\"font-weight: 400;\">Arque\u00f3logos Investigadores, Docentes Investigadores y Arque\u00f3logos del Ministerio de Cultura.<\/span><\/i><\/p>\n<p><span style=\"font-weight: 400;\">En esa ceremonia se entreg\u00f3 el <\/span><b>Premio M\u00e1ximo al M\u00e9rito Cient\u00edfico<\/b><span style=\"font-weight: 400;\"> a la doctora <\/span><a href=\"https:\/\/fb.watch\/rpfTwUuLzA\/\"><span style=\"font-weight: 400;\">Ruth Shady Sol\u00eds<\/span><\/a><span style=\"font-weight: 400;\">, principal investigadora de la <\/span><a href=\"https:\/\/www.youtube.com\/watch?v=uAJpjcgLits\"><span style=\"font-weight: 400;\">Civilizaci\u00f3n Caral<\/span><\/a><span style=\"font-weight: 400;\">, cuyo trabajo cumple 30 a\u00f1os este 2024.<\/span><\/p>\n<p><span style=\"font-weight: 400;\">Asimismo, se entreg\u00f3 el reconocimiento, en m\u00e9rito a sus destacadas investigaciones arqueol\u00f3gicas desarrolladas en los \u00faltimos a\u00f1os, sus aportes a la ciencia arqueol\u00f3gica mediante publicaciones especializadas y a su labor en la gesti\u00f3n y protecci\u00f3n del patrimonio cultural peruano, a los subdirectores de la Zona Arqueol\u00f3gica Caral, Pedro Novoa Bellota y Marco Machacuay Romero.<\/span><\/p>\n<p><span style=\"font-weight: 400;\">En esa l\u00ednea, tambi\u00e9n fueron reconocidos los arque\u00f3logos Alan R\u00edos Ram\u00edrez, jefe de la sede Caral; David Palomino Olivos, jefe de la sede \u00c1spero; y por el sitio arqueol\u00f3gico Vichama, fueron reconocidos Aldemar Crisp\u00edn Balta, jefe de sede; y Tatiana Abad Lezama, jefa de sector.<\/span><\/p>\n<p><span style=\"font-weight: 400;\">Los arque\u00f3logos de la ZAC se mostraron agradecidos con este reconocimiento, pues los animan a seguir con sus labores en pro de la historia y la cultura del pa\u00eds, y, sobre todo, para ayudar a fortalecer la identidad y el orgullo de los peruanos.<\/span><\/p>\n<p><b>DATO<\/b><\/p>\n<p><span style=\"font-weight: 400;\">Desde 1994, el equipo multidisciplinario de la <\/span><a href=\"https:\/\/www.instagram.com\/caralperu\/?hl=es\"><span style=\"font-weight: 400;\">Zona Arqueol\u00f3gica Caral<\/span><\/a><span style=\"font-weight: 400;\">, viene trabajando en la investigaci\u00f3n, conservaci\u00f3n y puesta en valor de doce antiguas ciudades de la Civilizaci\u00f3n Caral: la Ciudad Sagrada Caral, Patrimonio Mundial, ubicada en Supe; \u00c1spero, ubicada en Supe Puerto; y Vichama, ubicada en V\u00e9gueta. Adem\u00e1s de Pe\u00f1ico, Miraya, Lurihuasi, Era de Pando, Piedra Parada, Chupacigarro, Allpacoto, Pueblo Nuevo, El Molino, todos ubicados a lo largo del valle de Supe.<\/span><\/p>\n<p><b>Tambi\u00e9n puedes ver:<\/b><a href=\"https:\/\/www.gob.pe\/institucion\/caral\/noticias\/935559-cual-es-la-importancia-de-la-arqueologia-en-el-peru-reflexionan-arqueologos-de-caral\"> <span style=\"font-weight: 400;\">\u00bfCu\u00e1l es la importancia de la arqueolog\u00eda en el Per\u00fa? Reflexionan arque\u00f3logos de Caral<\/span><span style=\"font-weight: 400;\">.<\/span><\/a><\/p>\n<p><span style=\"color: #850707;\"><strong style=\"font-size: inherit; text-align: justify;\">Fuente: Comunicaci\u00f3n e Imagen Institucional ZAC<\/strong><\/span><\/p>\n<\/div>\n<div style=\"color: #1f1f1f;\">\n<div style=\"color: #1f1f1f;\">\n<p style=\"text-align: justify;\">Fecha de publicaci\u00f3n: 12\/04\/2024<\/p>\n<\/div>\n<\/div>\n\n\n<p><\/p>","protected":false},"excerpt":{"rendered":"<p>Al conmemorarse el D\u00eda del Arque\u00f3logo y Arque\u00f3loga Peruana, el 11 de abril. En una ceremonia llena de emociones, el [&hellip;]<\/p>\n","protected":false},"author":1,"featured_media":17596,"comment_status":"closed","ping_status":"open","sticky":false,"template":"","format":"standard","meta":{"_acf_changed":false,"site-sidebar-layout":"default","site-content-layout":"","ast-site-content-layout":"default","site-content-style":"default","site-sidebar-style":"default","ast-global-header-display":"","ast-banner-title-visibility":"","ast-main-header-display":"","ast-hfb-above-header-display":"","ast-hfb-below-header-display":"","ast-hfb-mobile-header-display":"","site-post-title":"","ast-breadcrumbs-content":"","ast-featured-img":"","footer-sml-layout":"","ast-disable-related-posts":"","theme-transparent-header-meta":"","adv-header-id-meta":"","stick-header-meta":"","header-above-stick-meta":"","header-main-stick-meta":"","header-below-stick-meta":"","astra-migrate-meta-layouts":"default","ast-page-background-enabled":"default","ast-page-background-meta":{"desktop":{"background-color":"var(--ast-global-color-5)","background-image":"","background-repeat":"repeat","background-position":"center center","background-size":"auto","background-attachment":"scroll","background-type":"","background-media":"","overlay-type":"","overlay-color":"","overlay-opacity":"","overlay-gradient":""},"tablet":{"background-color":"","background-image":"","background-repeat":"repeat","background-position":"center center","background-size":"auto","background-attachment":"scroll","background-type":"","background-media":"","overlay-type":"","overlay-color":"","overlay-opacity":"","overlay-gradient":""},"mobile":{"background-color":"","background-image":"","background-repeat":"repeat","background-position":"center center","background-size":"auto","background-attachment":"scroll","background-type":"","background-media":"","overlay-type":"","overlay-color":"","overlay-opacity":"","overlay-gradient":""}},"ast-content-background-meta":{"desktop":{"background-color":"var(--ast-global-color-4)","background-image":"","background-repeat":"repeat","background-position":"center center","background-size":"auto","background-attachment":"scroll","background-type":"","background-media":"","overlay-type":"","overlay-color":"","overlay-opacity":"","overlay-gradient":""},"tablet":{"background-color":"var(--ast-global-color-4)","background-image":"","background-repeat":"repeat","background-position":"center center","background-size":"auto","background-attachment":"scroll","background-type":"","background-media":"","overlay-type":"","overlay-color":"","overlay-opacity":"","overlay-gradient":""},"mobile":{"background-color":"var(--ast-global-color-4)","background-image":"","background-repeat":"repeat","background-position":"center center","background-size":"auto","background-attachment":"scroll","background-type":"","background-media":"","overlay-type":"","overlay-color":"","overlay-opacity":"","overlay-gradient":""}},"footnotes":""},"categories":[208],"tags":[55,72],"class_list":["post-17592","post","type-post","status-publish","format-standard","has-post-thumbnail","hentry","category-noticias","tag-caral","tag-cultura"],"acf":[],"yoast_head":"<!-- This site is optimized with the Yoast SEO plugin v27.3 - https:\/\/yoast.com\/product\/yoast-seo-wordpress\/ -->\n<title>Colegio de Arque\u00f3logos del Per\u00fa reconoce el trabajo y aporte de arque\u00f3logos de Caral<\/title>\n<meta name=\"description\" content=\"En una ceremonia llena de emociones, el Colegio de Arque\u00f3logos del Per\u00fa (Coarpe), reconoci\u00f3 el trabajo de investigaci\u00f3n y conservaci\u00f3n, los aportes al patrimonio cultural y su defensa, y la divulgaci\u00f3n cient\u00edfica, realizada por los arque\u00f3logos de la Zona Arqueol\u00f3gica Caral, Unidad Ejecutora 003 del Ministerio de Cultura.\" \/>\n<meta name=\"robots\" content=\"index, follow, max-snippet:-1, max-image-preview:large, max-video-preview:-1\" \/>\n<link rel=\"canonical\" href=\"https:\/\/zonacaral.gob.pe\/en\/noticias\/colegio-de-arqueologos-del-peru-reconoce-el-trabajo-y-aporte-de-arqueologos-de-caral\/\" \/>\n<meta property=\"og:locale\" content=\"en_US\" \/>\n<meta property=\"og:type\" content=\"article\" \/>\n<meta property=\"og:title\" content=\"Colegio de Arque\u00f3logos del Per\u00fa reconoce el trabajo y aporte de arque\u00f3logos de Caral\" \/>\n<meta property=\"og:description\" content=\"En una ceremonia llena de emociones, el Colegio de Arque\u00f3logos del Per\u00fa (Coarpe), reconoci\u00f3 el trabajo de investigaci\u00f3n y conservaci\u00f3n, los aportes al patrimonio cultural y su defensa, y la divulgaci\u00f3n cient\u00edfica, realizada por los arque\u00f3logos de la Zona Arqueol\u00f3gica Caral, Unidad Ejecutora 003 del Ministerio de Cultura.\" \/>\n<meta property=\"og:url\" content=\"https:\/\/zonacaral.gob.pe\/en\/noticias\/colegio-de-arqueologos-del-peru-reconoce-el-trabajo-y-aporte-de-arqueologos-de-caral\/\" \/>\n<meta property=\"og:site_name\" content=\"Zona Caral\" \/>\n<meta property=\"article:published_time\" content=\"2024-04-12T19:59:57+00:00\" \/>\n<meta property=\"og:image\" content=\"https:\/\/zonacaral.gob.pe\/wp-content\/uploads\/2024\/04\/ARQUEOLOGO-1.jpg\" \/>\n\t<meta property=\"og:image:width\" content=\"700\" \/>\n\t<meta property=\"og:image:height\" content=\"395\" \/>\n\t<meta property=\"og:image:type\" content=\"image\/jpeg\" \/>\n<meta name=\"author\" content=\"Zona Caral Administrador\" \/>\n<meta name=\"twitter:card\" content=\"summary_large_image\" \/>\n<meta name=\"twitter:label1\" content=\"Written by\" \/>\n\t<meta name=\"twitter:data1\" content=\"Zona Caral Administrador\" \/>\n\t<meta name=\"twitter:label2\" content=\"Est. reading time\" \/>\n\t<meta name=\"twitter:data2\" content=\"2 minutes\" \/>\n<script type=\"application\/ld+json\" class=\"yoast-schema-graph\">{\"@context\":\"https:\\\/\\\/schema.org\",\"@graph\":[{\"@type\":\"Article\",\"@id\":\"https:\\\/\\\/zonacaral.gob.pe\\\/es\\\/noticias\\\/colegio-de-arqueologos-del-peru-reconoce-el-trabajo-y-aporte-de-arqueologos-de-caral\\\/#article\",\"isPartOf\":{\"@id\":\"https:\\\/\\\/zonacaral.gob.pe\\\/es\\\/noticias\\\/colegio-de-arqueologos-del-peru-reconoce-el-trabajo-y-aporte-de-arqueologos-de-caral\\\/\"},\"author\":{\"name\":\"Zona Caral Administrador\",\"@id\":\"https:\\\/\\\/zonacaral.gob.pe\\\/es\\\/#\\\/schema\\\/person\\\/beddb4d22f71a7230c5b90913270a0ee\"},\"headline\":\"Colegio de Arque\u00f3logos del Per\u00fa reconoce el trabajo y aporte de arque\u00f3logos de Caral\",\"datePublished\":\"2024-04-12T19:59:57+00:00\",\"mainEntityOfPage\":{\"@id\":\"https:\\\/\\\/zonacaral.gob.pe\\\/es\\\/noticias\\\/colegio-de-arqueologos-del-peru-reconoce-el-trabajo-y-aporte-de-arqueologos-de-caral\\\/\"},\"wordCount\":472,\"image\":{\"@id\":\"https:\\\/\\\/zonacaral.gob.pe\\\/es\\\/noticias\\\/colegio-de-arqueologos-del-peru-reconoce-el-trabajo-y-aporte-de-arqueologos-de-caral\\\/#primaryimage\"},\"thumbnailUrl\":\"https:\\\/\\\/zonacaral.gob.pe\\\/wp-content\\\/uploads\\\/2024\\\/04\\\/ARQUEOLOGO-1.jpg\",\"keywords\":[\"caral\",\"Cultura\"],\"articleSection\":[\"noticias\"],\"inLanguage\":\"en-US\"},{\"@type\":\"WebPage\",\"@id\":\"https:\\\/\\\/zonacaral.gob.pe\\\/es\\\/noticias\\\/colegio-de-arqueologos-del-peru-reconoce-el-trabajo-y-aporte-de-arqueologos-de-caral\\\/\",\"url\":\"https:\\\/\\\/zonacaral.gob.pe\\\/es\\\/noticias\\\/colegio-de-arqueologos-del-peru-reconoce-el-trabajo-y-aporte-de-arqueologos-de-caral\\\/\",\"name\":\"Colegio de Arque\u00f3logos del Per\u00fa reconoce el trabajo y aporte de arque\u00f3logos de Caral\",\"isPartOf\":{\"@id\":\"https:\\\/\\\/zonacaral.gob.pe\\\/es\\\/#website\"},\"primaryImageOfPage\":{\"@id\":\"https:\\\/\\\/zonacaral.gob.pe\\\/es\\\/noticias\\\/colegio-de-arqueologos-del-peru-reconoce-el-trabajo-y-aporte-de-arqueologos-de-caral\\\/#primaryimage\"},\"image\":{\"@id\":\"https:\\\/\\\/zonacaral.gob.pe\\\/es\\\/noticias\\\/colegio-de-arqueologos-del-peru-reconoce-el-trabajo-y-aporte-de-arqueologos-de-caral\\\/#primaryimage\"},\"thumbnailUrl\":\"https:\\\/\\\/zonacaral.gob.pe\\\/wp-content\\\/uploads\\\/2024\\\/04\\\/ARQUEOLOGO-1.jpg\",\"datePublished\":\"2024-04-12T19:59:57+00:00\",\"author\":{\"@id\":\"https:\\\/\\\/zonacaral.gob.pe\\\/es\\\/#\\\/schema\\\/person\\\/beddb4d22f71a7230c5b90913270a0ee\"},\"description\":\"En una ceremonia llena de emociones, el Colegio de Arque\u00f3logos del Per\u00fa (Coarpe), reconoci\u00f3 el trabajo de investigaci\u00f3n y conservaci\u00f3n, los aportes al patrimonio cultural y su defensa, y la divulgaci\u00f3n cient\u00edfica, realizada por los arque\u00f3logos de la Zona Arqueol\u00f3gica Caral, Unidad Ejecutora 003 del Ministerio de Cultura.\",\"breadcrumb\":{\"@id\":\"https:\\\/\\\/zonacaral.gob.pe\\\/es\\\/noticias\\\/colegio-de-arqueologos-del-peru-reconoce-el-trabajo-y-aporte-de-arqueologos-de-caral\\\/#breadcrumb\"},\"inLanguage\":\"en-US\",\"potentialAction\":[{\"@type\":\"ReadAction\",\"target\":[\"https:\\\/\\\/zonacaral.gob.pe\\\/es\\\/noticias\\\/colegio-de-arqueologos-del-peru-reconoce-el-trabajo-y-aporte-de-arqueologos-de-caral\\\/\"]}]},{\"@type\":\"ImageObject\",\"inLanguage\":\"en-US\",\"@id\":\"https:\\\/\\\/zonacaral.gob.pe\\\/es\\\/noticias\\\/colegio-de-arqueologos-del-peru-reconoce-el-trabajo-y-aporte-de-arqueologos-de-caral\\\/#primaryimage\",\"url\":\"https:\\\/\\\/zonacaral.gob.pe\\\/wp-content\\\/uploads\\\/2024\\\/04\\\/ARQUEOLOGO-1.jpg\",\"contentUrl\":\"https:\\\/\\\/zonacaral.gob.pe\\\/wp-content\\\/uploads\\\/2024\\\/04\\\/ARQUEOLOGO-1.jpg\",\"width\":700,\"height\":395},{\"@type\":\"BreadcrumbList\",\"@id\":\"https:\\\/\\\/zonacaral.gob.pe\\\/es\\\/noticias\\\/colegio-de-arqueologos-del-peru-reconoce-el-trabajo-y-aporte-de-arqueologos-de-caral\\\/#breadcrumb\",\"itemListElement\":[{\"@type\":\"ListItem\",\"position\":1,\"name\":\"Portada\",\"item\":\"https:\\\/\\\/zonacaral.gob.pe\\\/\"},{\"@type\":\"ListItem\",\"position\":2,\"name\":\"Colegio de Arque\u00f3logos del Per\u00fa reconoce el trabajo y aporte de arque\u00f3logos de Caral\"}]},{\"@type\":\"WebSite\",\"@id\":\"https:\\\/\\\/zonacaral.gob.pe\\\/es\\\/#website\",\"url\":\"https:\\\/\\\/zonacaral.gob.pe\\\/es\\\/\",\"name\":\"Zona Caral\",\"description\":\"Investigamos, conservamos y difundimos el patrimonio cultural de la Civilizaci\u00f3n Caral, la m\u00e1s antigua de Am\u00e9rica.\",\"potentialAction\":[{\"@type\":\"SearchAction\",\"target\":{\"@type\":\"EntryPoint\",\"urlTemplate\":\"https:\\\/\\\/zonacaral.gob.pe\\\/es\\\/?s={search_term_string}\"},\"query-input\":{\"@type\":\"PropertyValueSpecification\",\"valueRequired\":true,\"valueName\":\"search_term_string\"}}],\"inLanguage\":\"en-US\"},{\"@type\":\"Person\",\"@id\":\"https:\\\/\\\/zonacaral.gob.pe\\\/es\\\/#\\\/schema\\\/person\\\/beddb4d22f71a7230c5b90913270a0ee\",\"name\":\"Zona Caral Administrador\",\"image\":{\"@type\":\"ImageObject\",\"inLanguage\":\"en-US\",\"@id\":\"https:\\\/\\\/secure.gravatar.com\\\/avatar\\\/e4be162918a696358376de6446614e0f0f4062bdc5d170d6d540ada3d8b58c12?s=96&d=mm&r=g\",\"url\":\"https:\\\/\\\/secure.gravatar.com\\\/avatar\\\/e4be162918a696358376de6446614e0f0f4062bdc5d170d6d540ada3d8b58c12?s=96&d=mm&r=g\",\"contentUrl\":\"https:\\\/\\\/secure.gravatar.com\\\/avatar\\\/e4be162918a696358376de6446614e0f0f4062bdc5d170d6d540ada3d8b58c12?s=96&d=mm&r=g\",\"caption\":\"Zona Caral Administrador\"},\"sameAs\":[\"https:\\\/\\\/zonacaral.gob.pe\"],\"url\":\"https:\\\/\\\/zonacaral.gob.pe\\\/en\\\/noticias\\\/author\\\/ad_zonacaral\\\/\"}]}<\/script>\n<!-- \/ Yoast SEO plugin. -->","yoast_head_json":{"title":"Colegio de Arque\u00f3logos del Per\u00fa reconoce el trabajo y aporte de arque\u00f3logos de Caral","description":"En una ceremonia llena de emociones, el Colegio de Arque\u00f3logos del Per\u00fa (Coarpe), reconoci\u00f3 el trabajo de investigaci\u00f3n y conservaci\u00f3n, los aportes al patrimonio cultural y su defensa, y la divulgaci\u00f3n cient\u00edfica, realizada por los arque\u00f3logos de la Zona Arqueol\u00f3gica Caral, Unidad Ejecutora 003 del Ministerio de Cultura.","robots":{"index":"index","follow":"follow","max-snippet":"max-snippet:-1","max-image-preview":"max-image-preview:large","max-video-preview":"max-video-preview:-1"},"canonical":"https:\/\/zonacaral.gob.pe\/en\/noticias\/colegio-de-arqueologos-del-peru-reconoce-el-trabajo-y-aporte-de-arqueologos-de-caral\/","og_locale":"en_US","og_type":"article","og_title":"Colegio de Arque\u00f3logos del Per\u00fa reconoce el trabajo y aporte de arque\u00f3logos de Caral","og_description":"En una ceremonia llena de emociones, el Colegio de Arque\u00f3logos del Per\u00fa (Coarpe), reconoci\u00f3 el trabajo de investigaci\u00f3n y conservaci\u00f3n, los aportes al patrimonio cultural y su defensa, y la divulgaci\u00f3n cient\u00edfica, realizada por los arque\u00f3logos de la Zona Arqueol\u00f3gica Caral, Unidad Ejecutora 003 del Ministerio de Cultura.","og_url":"https:\/\/zonacaral.gob.pe\/en\/noticias\/colegio-de-arqueologos-del-peru-reconoce-el-trabajo-y-aporte-de-arqueologos-de-caral\/","og_site_name":"Zona Caral","article_published_time":"2024-04-12T19:59:57+00:00","og_image":[{"width":700,"height":395,"url":"https:\/\/zonacaral.gob.pe\/wp-content\/uploads\/2024\/04\/ARQUEOLOGO-1.jpg","type":"image\/jpeg"}],"author":"Zona Caral Administrador","twitter_card":"summary_large_image","twitter_misc":{"Written by":"Zona Caral Administrador","Est. reading time":"2 minutes"},"schema":{"@context":"https:\/\/schema.org","@graph":[{"@type":"Article","@id":"https:\/\/zonacaral.gob.pe\/es\/noticias\/colegio-de-arqueologos-del-peru-reconoce-el-trabajo-y-aporte-de-arqueologos-de-caral\/#article","isPartOf":{"@id":"https:\/\/zonacaral.gob.pe\/es\/noticias\/colegio-de-arqueologos-del-peru-reconoce-el-trabajo-y-aporte-de-arqueologos-de-caral\/"},"author":{"name":"Zona Caral Administrador","@id":"https:\/\/zonacaral.gob.pe\/es\/#\/schema\/person\/beddb4d22f71a7230c5b90913270a0ee"},"headline":"Colegio de Arque\u00f3logos del Per\u00fa reconoce el trabajo y aporte de arque\u00f3logos de Caral","datePublished":"2024-04-12T19:59:57+00:00","mainEntityOfPage":{"@id":"https:\/\/zonacaral.gob.pe\/es\/noticias\/colegio-de-arqueologos-del-peru-reconoce-el-trabajo-y-aporte-de-arqueologos-de-caral\/"},"wordCount":472,"image":{"@id":"https:\/\/zonacaral.gob.pe\/es\/noticias\/colegio-de-arqueologos-del-peru-reconoce-el-trabajo-y-aporte-de-arqueologos-de-caral\/#primaryimage"},"thumbnailUrl":"https:\/\/zonacaral.gob.pe\/wp-content\/uploads\/2024\/04\/ARQUEOLOGO-1.jpg","keywords":["caral","Cultura"],"articleSection":["noticias"],"inLanguage":"en-US"},{"@type":"WebPage","@id":"https:\/\/zonacaral.gob.pe\/es\/noticias\/colegio-de-arqueologos-del-peru-reconoce-el-trabajo-y-aporte-de-arqueologos-de-caral\/","url":"https:\/\/zonacaral.gob.pe\/es\/noticias\/colegio-de-arqueologos-del-peru-reconoce-el-trabajo-y-aporte-de-arqueologos-de-caral\/","name":"Colegio de Arque\u00f3logos del Per\u00fa reconoce el trabajo y aporte de arque\u00f3logos de Caral","isPartOf":{"@id":"https:\/\/zonacaral.gob.pe\/es\/#website"},"primaryImageOfPage":{"@id":"https:\/\/zonacaral.gob.pe\/es\/noticias\/colegio-de-arqueologos-del-peru-reconoce-el-trabajo-y-aporte-de-arqueologos-de-caral\/#primaryimage"},"image":{"@id":"https:\/\/zonacaral.gob.pe\/es\/noticias\/colegio-de-arqueologos-del-peru-reconoce-el-trabajo-y-aporte-de-arqueologos-de-caral\/#primaryimage"},"thumbnailUrl":"https:\/\/zonacaral.gob.pe\/wp-content\/uploads\/2024\/04\/ARQUEOLOGO-1.jpg","datePublished":"2024-04-12T19:59:57+00:00","author":{"@id":"https:\/\/zonacaral.gob.pe\/es\/#\/schema\/person\/beddb4d22f71a7230c5b90913270a0ee"},"description":"En una ceremonia llena de emociones, el Colegio de Arque\u00f3logos del Per\u00fa (Coarpe), reconoci\u00f3 el trabajo de investigaci\u00f3n y conservaci\u00f3n, los aportes al patrimonio cultural y su defensa, y la divulgaci\u00f3n cient\u00edfica, realizada por los arque\u00f3logos de la Zona Arqueol\u00f3gica Caral, Unidad Ejecutora 003 del Ministerio de Cultura.","breadcrumb":{"@id":"https:\/\/zonacaral.gob.pe\/es\/noticias\/colegio-de-arqueologos-del-peru-reconoce-el-trabajo-y-aporte-de-arqueologos-de-caral\/#breadcrumb"},"inLanguage":"en-US","potentialAction":[{"@type":"ReadAction","target":["https:\/\/zonacaral.gob.pe\/es\/noticias\/colegio-de-arqueologos-del-peru-reconoce-el-trabajo-y-aporte-de-arqueologos-de-caral\/"]}]},{"@type":"ImageObject","inLanguage":"en-US","@id":"https:\/\/zonacaral.gob.pe\/es\/noticias\/colegio-de-arqueologos-del-peru-reconoce-el-trabajo-y-aporte-de-arqueologos-de-caral\/#primaryimage","url":"https:\/\/zonacaral.gob.pe\/wp-content\/uploads\/2024\/04\/ARQUEOLOGO-1.jpg","contentUrl":"https:\/\/zonacaral.gob.pe\/wp-content\/uploads\/2024\/04\/ARQUEOLOGO-1.jpg","width":700,"height":395},{"@type":"BreadcrumbList","@id":"https:\/\/zonacaral.gob.pe\/es\/noticias\/colegio-de-arqueologos-del-peru-reconoce-el-trabajo-y-aporte-de-arqueologos-de-caral\/#breadcrumb","itemListElement":[{"@type":"ListItem","position":1,"name":"Portada","item":"https:\/\/zonacaral.gob.pe\/"},{"@type":"ListItem","position":2,"name":"Colegio de Arque\u00f3logos del Per\u00fa reconoce el trabajo y aporte de arque\u00f3logos de Caral"}]},{"@type":"WebSite","@id":"https:\/\/zonacaral.gob.pe\/es\/#website","url":"https:\/\/zonacaral.gob.pe\/es\/","name":"Zona Caral","description":"Investigamos, conservamos y difundimos el patrimonio cultural de la Civilizaci\u00f3n Caral, la m\u00e1s antigua de Am\u00e9rica.","potentialAction":[{"@type":"SearchAction","target":{"@type":"EntryPoint","urlTemplate":"https:\/\/zonacaral.gob.pe\/es\/?s={search_term_string}"},"query-input":{"@type":"PropertyValueSpecification","valueRequired":true,"valueName":"search_term_string"}}],"inLanguage":"en-US"},{"@type":"Person","@id":"https:\/\/zonacaral.gob.pe\/es\/#\/schema\/person\/beddb4d22f71a7230c5b90913270a0ee","name":"Zona Caral Administrador","image":{"@type":"ImageObject","inLanguage":"en-US","@id":"https:\/\/secure.gravatar.com\/avatar\/e4be162918a696358376de6446614e0f0f4062bdc5d170d6d540ada3d8b58c12?s=96&d=mm&r=g","url":"https:\/\/secure.gravatar.com\/avatar\/e4be162918a696358376de6446614e0f0f4062bdc5d170d6d540ada3d8b58c12?s=96&d=mm&r=g","contentUrl":"https:\/\/secure.gravatar.com\/avatar\/e4be162918a696358376de6446614e0f0f4062bdc5d170d6d540ada3d8b58c12?s=96&d=mm&r=g","caption":"Zona Caral Administrador"},"sameAs":["https:\/\/zonacaral.gob.pe"],"url":"https:\/\/zonacaral.gob.pe\/en\/noticias\/author\/ad_zonacaral\/"}]}},"_links":{"self":[{"href":"https:\/\/zonacaral.gob.pe\/en\/wp-json\/wp\/v2\/posts\/17592","targetHints":{"allow":["GET"]}}],"collection":[{"href":"https:\/\/zonacaral.gob.pe\/en\/wp-json\/wp\/v2\/posts"}],"about":[{"href":"https:\/\/zonacaral.gob.pe\/en\/wp-json\/wp\/v2\/types\/post"}],"author":[{"embeddable":true,"href":"https:\/\/zonacaral.gob.pe\/en\/wp-json\/wp\/v2\/users\/1"}],"replies":[{"embeddable":true,"href":"https:\/\/zonacaral.gob.pe\/en\/wp-json\/wp\/v2\/comments?post=17592"}],"version-history":[{"count":0,"href":"https:\/\/zonacaral.gob.pe\/en\/wp-json\/wp\/v2\/posts\/17592\/revisions"}],"wp:featuredmedia":[{"embeddable":true,"href":"https:\/\/zonacaral.gob.pe\/en\/wp-json\/wp\/v2\/media\/17596"}],"wp:attachment":[{"href":"https:\/\/zonacaral.gob.pe\/en\/wp-json\/wp\/v2\/media?parent=17592"}],"wp:term":[{"taxonomy":"category","embeddable":true,"href":"https:\/\/zonacaral.gob.pe\/en\/wp-json\/wp\/v2\/categories?post=17592"},{"taxonomy":"post_tag","embeddable":true,"href":"https:\/\/zonacaral.gob.pe\/en\/wp-json\/wp\/v2\/tags?post=17592"}],"curies":[{"name":"wp","href":"https:\/\/api.w.org\/{rel}","templated":true}]}}