{"id":17648,"date":"2024-05-08T13:57:30","date_gmt":"2024-05-08T18:57:30","guid":{"rendered":"https:\/\/www.zonacaral.gob.pe\/?p=17648"},"modified":"2024-05-08T13:57:30","modified_gmt":"2024-05-08T18:57:30","slug":"visita-la-exposicion-museografica-los-centros-urbanos-de-la-civilizacion-caral","status":"publish","type":"post","link":"https:\/\/zonacaral.gob.pe\/en\/noticias\/visita-la-exposicion-museografica-los-centros-urbanos-de-la-civilizacion-caral\/","title":{"rendered":"Visita la Exposici\u00f3n Museogr\u00e1fica: \u00abLOS CENTROS URBANOS DE LA CIVILIZACI\u00d3N CARAL\u00bb"},"content":{"rendered":"<figure class=\"pic-autor\" style=\"color: #4d4d4d; text-align: justify;\"><\/figure>\n<div class=\"gmail_default\" style=\"text-align: justify;\">\n<blockquote>\n<p><em><span style=\"font-weight: 400;\">Conoce las primeras ciudades de Am\u00e9rica.<\/span><\/em><\/p>\n<\/blockquote>\n<p><span style=\"font-weight: 400;\">La <\/span><a href=\"https:\/\/t.me\/Caral_Peru\/835\"><span style=\"font-weight: 400;\">Zona Arqueol\u00f3gica Caral<\/span><\/a><span style=\"font-weight: 400;\">, Unidad Ejecutora 003 del Ministerio de Cultura, invita a la ciudadan\u00eda a visitar la exposici\u00f3n museogr\u00e1fica: <\/span><b><i>\u00abLos centros urbanos de la Civilizaci\u00f3n Caral: 30 Develando su historia para el Per\u00fa y el Mundo\u00bb<\/i><\/b><span style=\"font-weight: 400;\">, organizada por el Mes de los Museos, con el fin de compartir la informaci\u00f3n de la importancia de cada sitio arqueol\u00f3gico en el que investiga.<\/span><\/p>\n<p><span style=\"font-weight: 400;\">La muestra, parte del programa <\/span><a href=\"https:\/\/zonacaral.gob.pe\/en\/museo\/caral\/\"><b>Caral Museum<\/b><\/a><span style=\"font-weight: 400;\">, estar\u00e1 disponible del lunes 6 al mi\u00e9rcoles 15 de mayo, y puede ser visitada de manera gratuita de lunes a viernes, de 9:00 a. m. a 5:00 p. m., en el primer piso del Ministerio de Cultura, ubicado en el distrito de San Borja &#8211; Lima.<\/span><\/p>\n<p><span style=\"font-weight: 400;\">Entre los sitios arqueol\u00f3gicos que se podr\u00e1n conocer a trav\u00e9s de im\u00e1genes se encuentran: la <\/span><a href=\"https:\/\/www.zonacaral.gob.pe\/ruta-caral\/ciudad-sagrada-de-caral.html\"><span style=\"font-weight: 400;\">Sacred City of Caral<\/span><\/a><span style=\"font-weight: 400;\">, Patrimonio Mundial, <\/span><a href=\"https:\/\/www.zonacaral.gob.pe\/ruta-caral\/aspero.html\"><span style=\"font-weight: 400;\">\u00c1spero<\/span><\/a><span style=\"font-weight: 400;\">, <\/span><a href=\"https:\/\/www.zonacaral.gob.pe\/ruta-caral\/vichama.html\"><span style=\"font-weight: 400;\">Vichama<\/span><\/a><span style=\"font-weight: 400;\"> y Pe\u00f1ico; los cuatro musealizados y con infraestructura para recibir visitantes. Cabe recordar que en total son doce asentamientos en los cuales la ZAC viene investigando desde hace 30 a\u00f1os, bajo la direcci\u00f3n de la doctora Ruth Shady Sol\u00eds.<\/span><\/p>\n<p><span style=\"font-weight: 400;\">Asimismo, se muestran, en fotos, algunas piezas arqueol\u00f3gicas o hallazgos realizados en cada sitio arqueol\u00f3gico. Por ejemplo, encuentra la escultura que representa a la autoridad de Caral, \u201cel Huno\u201d o Se\u00f1or de Caral. Tambi\u00e9n se puede ver la maqueta recuperada en el sitio arqueol\u00f3gico El Molino o la pareja de esculturas encontradas en Miraya.<\/span><\/p>\n<p><span style=\"font-weight: 400;\">Esta actividad es tambi\u00e9n una antesala a la actividad que se realizar\u00e1 el 18 de mayo, fecha central del D\u00eda Internacional de los Museos, fecha en que presentaremos las novedosas herramientas educativas (en Realidad Virtual y Realidad Aumentada), y los contenidos digitales creados para transmitir, sin fronteras, los valores y la historia social recuperada sobre la <\/span><a href=\"https:\/\/youtu.be\/uAJpjcgLits\"><span style=\"font-weight: 400;\">Civilizaci\u00f3n Caral<\/span><\/a><span style=\"font-weight: 400;\">. Resultado de 30 a\u00f1os de investigaci\u00f3n, conservaci\u00f3n y difusi\u00f3n del importante patrimonio arqueol\u00f3gico de nuestro pa\u00eds.<\/span><\/p>\n<p><span style=\"font-weight: 400;\">La actividad, abierta a todo el p\u00fablico, se realizar\u00e1 en el Ministerio de Cultura (avenida Javier Prado Este n.\u00b0 2465, San Borja). Participa inscribi\u00e9ndote en:<\/span><a href=\"https:\/\/bit.ly\/MuseoCaral18Mayo\"> <span style=\"font-weight: 400;\">https:\/\/bit.ly\/MuseoCaral18Mayo<\/span><\/a><\/p>\n<p><strong>DATO<\/strong><\/p>\n<p><span style=\"font-weight: 400;\">Si deseas conocer los centros urbanos de la Civilizaci\u00f3n Caral, comun\u00edcate al 955 881 340, y pregunta por el programa <\/span><a href=\"https:\/\/www.zonacaral.gob.pe\/ruta-caral\/viajes-culturales.html\"><span style=\"font-weight: 400;\">Cultural Trips<\/span><\/a><span style=\"font-weight: 400;\"> de la Zona Arqueol\u00f3gica Caral. Tambi\u00e9n puedes enviar un correo a <\/span><a href=\"mailto:viajeseducativos@zonacaral.gob.pe\"><span style=\"font-weight: 400;\">viajeseducativos@zonacaral.gob.pe<\/span><\/a><span style=\"font-weight: 400;\">. <\/span><\/p>\n<p><span style=\"color: #850707;\"><strong style=\"font-size: inherit; text-align: justify;\">Fuente: Comunicaci\u00f3n e Imagen Institucional ZAC<\/strong><\/span><\/p>\n<\/div>\n<div style=\"color: #1f1f1f;\">\n<div style=\"color: #1f1f1f;\">\n<p style=\"text-align: justify;\">Fecha de publicaci\u00f3n: 08\/05\/2024<\/p>\n<\/div>\n<\/div>\n\n\n<p><\/p>","protected":false},"excerpt":{"rendered":"<p>Conoce las primeras ciudades de Am\u00e9rica. La Zona Arqueol\u00f3gica Caral, Unidad Ejecutora 003 del Ministerio de Cultura, invita a la [&hellip;]<\/p>\n","protected":false},"author":1,"featured_media":17656,"comment_status":"closed","ping_status":"open","sticky":false,"template":"","format":"standard","meta":{"_acf_changed":false,"site-sidebar-layout":"default","site-content-layout":"","ast-site-content-layout":"default","site-content-style":"default","site-sidebar-style":"default","ast-global-header-display":"","ast-banner-title-visibility":"","ast-main-header-display":"","ast-hfb-above-header-display":"","ast-hfb-below-header-display":"","ast-hfb-mobile-header-display":"","site-post-title":"","ast-breadcrumbs-content":"","ast-featured-img":"","footer-sml-layout":"","ast-disable-related-posts":"","theme-transparent-header-meta":"","adv-header-id-meta":"","stick-header-meta":"","header-above-stick-meta":"","header-main-stick-meta":"","header-below-stick-meta":"","astra-migrate-meta-layouts":"default","ast-page-background-enabled":"default","ast-page-background-meta":{"desktop":{"background-color":"var(--ast-global-color-5)","background-image":"","background-repeat":"repeat","background-position":"center center","background-size":"auto","background-attachment":"scroll","background-type":"","background-media":"","overlay-type":"","overlay-color":"","overlay-opacity":"","overlay-gradient":""},"tablet":{"background-color":"","background-image":"","background-repeat":"repeat","background-position":"center center","background-size":"auto","background-attachment":"scroll","background-type":"","background-media":"","overlay-type":"","overlay-color":"","overlay-opacity":"","overlay-gradient":""},"mobile":{"background-color":"","background-image":"","background-repeat":"repeat","background-position":"center center","background-size":"auto","background-attachment":"scroll","background-type":"","background-media":"","overlay-type":"","overlay-color":"","overlay-opacity":"","overlay-gradient":""}},"ast-content-background-meta":{"desktop":{"background-color":"var(--ast-global-color-4)","background-image":"","background-repeat":"repeat","background-position":"center center","background-size":"auto","background-attachment":"scroll","background-type":"","background-media":"","overlay-type":"","overlay-color":"","overlay-opacity":"","overlay-gradient":""},"tablet":{"background-color":"var(--ast-global-color-4)","background-image":"","background-repeat":"repeat","background-position":"center center","background-size":"auto","background-attachment":"scroll","background-type":"","background-media":"","overlay-type":"","overlay-color":"","overlay-opacity":"","overlay-gradient":""},"mobile":{"background-color":"var(--ast-global-color-4)","background-image":"","background-repeat":"repeat","background-position":"center center","background-size":"auto","background-attachment":"scroll","background-type":"","background-media":"","overlay-type":"","overlay-color":"","overlay-opacity":"","overlay-gradient":""}},"footnotes":""},"categories":[208],"tags":[55,72],"class_list":["post-17648","post","type-post","status-publish","format-standard","has-post-thumbnail","hentry","category-noticias","tag-caral","tag-cultura"],"acf":[],"yoast_head":"<!-- This site is optimized with the Yoast SEO plugin v27.3 - https:\/\/yoast.com\/product\/yoast-seo-wordpress\/ -->\n<title>Visita la Exposici\u00f3n Museogr\u00e1fica: \u00abLOS CENTROS URBANOS DE LA CIVILIZACI\u00d3N CARAL\u00bb<\/title>\n<meta name=\"description\" content=\"La Zona Arqueol\u00f3gica Caral, Unidad Ejecutora 003 del Ministerio de Cultura, invita a la ciudadan\u00eda a visitar la exposici\u00f3n museogr\u00e1fica: \u00abLos centros urbanos de la Civilizaci\u00f3n Caral: 30 Develando su historia para el Per\u00fa y el Mundo\u00bb, organizada por el Mes de los Museos, con el fin de compartir la informaci\u00f3n de la importancia de cada sitio arqueol\u00f3gico en el que investiga.\" \/>\n<meta name=\"robots\" content=\"index, follow, max-snippet:-1, max-image-preview:large, max-video-preview:-1\" \/>\n<link rel=\"canonical\" href=\"https:\/\/zonacaral.gob.pe\/en\/noticias\/visita-la-exposicion-museografica-los-centros-urbanos-de-la-civilizacion-caral\/\" \/>\n<meta property=\"og:locale\" content=\"en_US\" \/>\n<meta property=\"og:type\" content=\"article\" \/>\n<meta property=\"og:title\" content=\"Visita la Exposici\u00f3n Museogr\u00e1fica: \u00abLOS CENTROS URBANOS DE LA CIVILIZACI\u00d3N CARAL\u00bb\" \/>\n<meta property=\"og:description\" content=\"La Zona Arqueol\u00f3gica Caral, Unidad Ejecutora 003 del Ministerio de Cultura, invita a la ciudadan\u00eda a visitar la exposici\u00f3n museogr\u00e1fica: \u00abLos centros urbanos de la Civilizaci\u00f3n Caral: 30 Develando su historia para el Per\u00fa y el Mundo\u00bb, organizada por el Mes de los Museos, con el fin de compartir la informaci\u00f3n de la importancia de cada sitio arqueol\u00f3gico en el que investiga.\" \/>\n<meta property=\"og:url\" content=\"https:\/\/zonacaral.gob.pe\/en\/noticias\/visita-la-exposicion-museografica-los-centros-urbanos-de-la-civilizacion-caral\/\" \/>\n<meta property=\"og:site_name\" content=\"Zona Caral\" \/>\n<meta property=\"article:published_time\" content=\"2024-05-08T18:57:30+00:00\" \/>\n<meta property=\"og:image\" content=\"https:\/\/zonacaral.gob.pe\/wp-content\/uploads\/2024\/05\/EXPO-CENTROS-URBANOS-1-1-1.jpg\" \/>\n\t<meta property=\"og:image:width\" content=\"700\" \/>\n\t<meta property=\"og:image:height\" content=\"395\" \/>\n\t<meta property=\"og:image:type\" content=\"image\/jpeg\" \/>\n<meta name=\"author\" content=\"Zona Caral Administrador\" \/>\n<meta name=\"twitter:card\" content=\"summary_large_image\" \/>\n<meta name=\"twitter:label1\" content=\"Written by\" \/>\n\t<meta name=\"twitter:data1\" content=\"Zona Caral Administrador\" \/>\n\t<meta name=\"twitter:label2\" content=\"Est. reading time\" \/>\n\t<meta name=\"twitter:data2\" content=\"2 minutes\" \/>\n<script type=\"application\/ld+json\" class=\"yoast-schema-graph\">{\"@context\":\"https:\\\/\\\/schema.org\",\"@graph\":[{\"@type\":\"Article\",\"@id\":\"https:\\\/\\\/zonacaral.gob.pe\\\/es\\\/noticias\\\/visita-la-exposicion-museografica-los-centros-urbanos-de-la-civilizacion-caral\\\/#article\",\"isPartOf\":{\"@id\":\"https:\\\/\\\/zonacaral.gob.pe\\\/es\\\/noticias\\\/visita-la-exposicion-museografica-los-centros-urbanos-de-la-civilizacion-caral\\\/\"},\"author\":{\"name\":\"Zona Caral Administrador\",\"@id\":\"https:\\\/\\\/zonacaral.gob.pe\\\/es\\\/#\\\/schema\\\/person\\\/beddb4d22f71a7230c5b90913270a0ee\"},\"headline\":\"Visita la Exposici\u00f3n Museogr\u00e1fica: \u00abLOS CENTROS URBANOS DE LA CIVILIZACI\u00d3N CARAL\u00bb\",\"datePublished\":\"2024-05-08T18:57:30+00:00\",\"mainEntityOfPage\":{\"@id\":\"https:\\\/\\\/zonacaral.gob.pe\\\/es\\\/noticias\\\/visita-la-exposicion-museografica-los-centros-urbanos-de-la-civilizacion-caral\\\/\"},\"wordCount\":428,\"image\":{\"@id\":\"https:\\\/\\\/zonacaral.gob.pe\\\/es\\\/noticias\\\/visita-la-exposicion-museografica-los-centros-urbanos-de-la-civilizacion-caral\\\/#primaryimage\"},\"thumbnailUrl\":\"https:\\\/\\\/zonacaral.gob.pe\\\/wp-content\\\/uploads\\\/2024\\\/05\\\/EXPO-CENTROS-URBANOS-1-1-1.jpg\",\"keywords\":[\"caral\",\"Cultura\"],\"articleSection\":[\"noticias\"],\"inLanguage\":\"en-US\"},{\"@type\":\"WebPage\",\"@id\":\"https:\\\/\\\/zonacaral.gob.pe\\\/es\\\/noticias\\\/visita-la-exposicion-museografica-los-centros-urbanos-de-la-civilizacion-caral\\\/\",\"url\":\"https:\\\/\\\/zonacaral.gob.pe\\\/es\\\/noticias\\\/visita-la-exposicion-museografica-los-centros-urbanos-de-la-civilizacion-caral\\\/\",\"name\":\"Visita la Exposici\u00f3n Museogr\u00e1fica: \u00abLOS CENTROS URBANOS DE LA CIVILIZACI\u00d3N CARAL\u00bb\",\"isPartOf\":{\"@id\":\"https:\\\/\\\/zonacaral.gob.pe\\\/es\\\/#website\"},\"primaryImageOfPage\":{\"@id\":\"https:\\\/\\\/zonacaral.gob.pe\\\/es\\\/noticias\\\/visita-la-exposicion-museografica-los-centros-urbanos-de-la-civilizacion-caral\\\/#primaryimage\"},\"image\":{\"@id\":\"https:\\\/\\\/zonacaral.gob.pe\\\/es\\\/noticias\\\/visita-la-exposicion-museografica-los-centros-urbanos-de-la-civilizacion-caral\\\/#primaryimage\"},\"thumbnailUrl\":\"https:\\\/\\\/zonacaral.gob.pe\\\/wp-content\\\/uploads\\\/2024\\\/05\\\/EXPO-CENTROS-URBANOS-1-1-1.jpg\",\"datePublished\":\"2024-05-08T18:57:30+00:00\",\"author\":{\"@id\":\"https:\\\/\\\/zonacaral.gob.pe\\\/es\\\/#\\\/schema\\\/person\\\/beddb4d22f71a7230c5b90913270a0ee\"},\"description\":\"La Zona Arqueol\u00f3gica Caral, Unidad Ejecutora 003 del Ministerio de Cultura, invita a la ciudadan\u00eda a visitar la exposici\u00f3n museogr\u00e1fica: \u00abLos centros urbanos de la Civilizaci\u00f3n Caral: 30 Develando su historia para el Per\u00fa y el Mundo\u00bb, organizada por el Mes de los Museos, con el fin de compartir la informaci\u00f3n de la importancia de cada sitio arqueol\u00f3gico en el que investiga.\",\"breadcrumb\":{\"@id\":\"https:\\\/\\\/zonacaral.gob.pe\\\/es\\\/noticias\\\/visita-la-exposicion-museografica-los-centros-urbanos-de-la-civilizacion-caral\\\/#breadcrumb\"},\"inLanguage\":\"en-US\",\"potentialAction\":[{\"@type\":\"ReadAction\",\"target\":[\"https:\\\/\\\/zonacaral.gob.pe\\\/es\\\/noticias\\\/visita-la-exposicion-museografica-los-centros-urbanos-de-la-civilizacion-caral\\\/\"]}]},{\"@type\":\"ImageObject\",\"inLanguage\":\"en-US\",\"@id\":\"https:\\\/\\\/zonacaral.gob.pe\\\/es\\\/noticias\\\/visita-la-exposicion-museografica-los-centros-urbanos-de-la-civilizacion-caral\\\/#primaryimage\",\"url\":\"https:\\\/\\\/zonacaral.gob.pe\\\/wp-content\\\/uploads\\\/2024\\\/05\\\/EXPO-CENTROS-URBANOS-1-1-1.jpg\",\"contentUrl\":\"https:\\\/\\\/zonacaral.gob.pe\\\/wp-content\\\/uploads\\\/2024\\\/05\\\/EXPO-CENTROS-URBANOS-1-1-1.jpg\",\"width\":700,\"height\":395},{\"@type\":\"BreadcrumbList\",\"@id\":\"https:\\\/\\\/zonacaral.gob.pe\\\/es\\\/noticias\\\/visita-la-exposicion-museografica-los-centros-urbanos-de-la-civilizacion-caral\\\/#breadcrumb\",\"itemListElement\":[{\"@type\":\"ListItem\",\"position\":1,\"name\":\"Portada\",\"item\":\"https:\\\/\\\/zonacaral.gob.pe\\\/\"},{\"@type\":\"ListItem\",\"position\":2,\"name\":\"Visita la Exposici\u00f3n Museogr\u00e1fica: \u00abLOS CENTROS URBANOS DE LA CIVILIZACI\u00d3N CARAL\u00bb\"}]},{\"@type\":\"WebSite\",\"@id\":\"https:\\\/\\\/zonacaral.gob.pe\\\/es\\\/#website\",\"url\":\"https:\\\/\\\/zonacaral.gob.pe\\\/es\\\/\",\"name\":\"Zona Caral\",\"description\":\"Investigamos, conservamos y difundimos el patrimonio cultural de la Civilizaci\u00f3n Caral, la m\u00e1s antigua de Am\u00e9rica.\",\"potentialAction\":[{\"@type\":\"SearchAction\",\"target\":{\"@type\":\"EntryPoint\",\"urlTemplate\":\"https:\\\/\\\/zonacaral.gob.pe\\\/es\\\/?s={search_term_string}\"},\"query-input\":{\"@type\":\"PropertyValueSpecification\",\"valueRequired\":true,\"valueName\":\"search_term_string\"}}],\"inLanguage\":\"en-US\"},{\"@type\":\"Person\",\"@id\":\"https:\\\/\\\/zonacaral.gob.pe\\\/es\\\/#\\\/schema\\\/person\\\/beddb4d22f71a7230c5b90913270a0ee\",\"name\":\"Zona Caral Administrador\",\"image\":{\"@type\":\"ImageObject\",\"inLanguage\":\"en-US\",\"@id\":\"https:\\\/\\\/secure.gravatar.com\\\/avatar\\\/e4be162918a696358376de6446614e0f0f4062bdc5d170d6d540ada3d8b58c12?s=96&d=mm&r=g\",\"url\":\"https:\\\/\\\/secure.gravatar.com\\\/avatar\\\/e4be162918a696358376de6446614e0f0f4062bdc5d170d6d540ada3d8b58c12?s=96&d=mm&r=g\",\"contentUrl\":\"https:\\\/\\\/secure.gravatar.com\\\/avatar\\\/e4be162918a696358376de6446614e0f0f4062bdc5d170d6d540ada3d8b58c12?s=96&d=mm&r=g\",\"caption\":\"Zona Caral Administrador\"},\"sameAs\":[\"https:\\\/\\\/zonacaral.gob.pe\"],\"url\":\"https:\\\/\\\/zonacaral.gob.pe\\\/en\\\/noticias\\\/author\\\/ad_zonacaral\\\/\"}]}<\/script>\n<!-- \/ Yoast SEO plugin. -->","yoast_head_json":{"title":"Visita la Exposici\u00f3n Museogr\u00e1fica: \u00abLOS CENTROS URBANOS DE LA CIVILIZACI\u00d3N CARAL\u00bb","description":"La Zona Arqueol\u00f3gica Caral, Unidad Ejecutora 003 del Ministerio de Cultura, invita a la ciudadan\u00eda a visitar la exposici\u00f3n museogr\u00e1fica: \u00abLos centros urbanos de la Civilizaci\u00f3n Caral: 30 Develando su historia para el Per\u00fa y el Mundo\u00bb, organizada por el Mes de los Museos, con el fin de compartir la informaci\u00f3n de la importancia de cada sitio arqueol\u00f3gico en el que investiga.","robots":{"index":"index","follow":"follow","max-snippet":"max-snippet:-1","max-image-preview":"max-image-preview:large","max-video-preview":"max-video-preview:-1"},"canonical":"https:\/\/zonacaral.gob.pe\/en\/noticias\/visita-la-exposicion-museografica-los-centros-urbanos-de-la-civilizacion-caral\/","og_locale":"en_US","og_type":"article","og_title":"Visita la Exposici\u00f3n Museogr\u00e1fica: \u00abLOS CENTROS URBANOS DE LA CIVILIZACI\u00d3N CARAL\u00bb","og_description":"La Zona Arqueol\u00f3gica Caral, Unidad Ejecutora 003 del Ministerio de Cultura, invita a la ciudadan\u00eda a visitar la exposici\u00f3n museogr\u00e1fica: \u00abLos centros urbanos de la Civilizaci\u00f3n Caral: 30 Develando su historia para el Per\u00fa y el Mundo\u00bb, organizada por el Mes de los Museos, con el fin de compartir la informaci\u00f3n de la importancia de cada sitio arqueol\u00f3gico en el que investiga.","og_url":"https:\/\/zonacaral.gob.pe\/en\/noticias\/visita-la-exposicion-museografica-los-centros-urbanos-de-la-civilizacion-caral\/","og_site_name":"Zona Caral","article_published_time":"2024-05-08T18:57:30+00:00","og_image":[{"width":700,"height":395,"url":"https:\/\/zonacaral.gob.pe\/wp-content\/uploads\/2024\/05\/EXPO-CENTROS-URBANOS-1-1-1.jpg","type":"image\/jpeg"}],"author":"Zona Caral Administrador","twitter_card":"summary_large_image","twitter_misc":{"Written by":"Zona Caral Administrador","Est. reading time":"2 minutes"},"schema":{"@context":"https:\/\/schema.org","@graph":[{"@type":"Article","@id":"https:\/\/zonacaral.gob.pe\/es\/noticias\/visita-la-exposicion-museografica-los-centros-urbanos-de-la-civilizacion-caral\/#article","isPartOf":{"@id":"https:\/\/zonacaral.gob.pe\/es\/noticias\/visita-la-exposicion-museografica-los-centros-urbanos-de-la-civilizacion-caral\/"},"author":{"name":"Zona Caral Administrador","@id":"https:\/\/zonacaral.gob.pe\/es\/#\/schema\/person\/beddb4d22f71a7230c5b90913270a0ee"},"headline":"Visita la Exposici\u00f3n Museogr\u00e1fica: \u00abLOS CENTROS URBANOS DE LA CIVILIZACI\u00d3N CARAL\u00bb","datePublished":"2024-05-08T18:57:30+00:00","mainEntityOfPage":{"@id":"https:\/\/zonacaral.gob.pe\/es\/noticias\/visita-la-exposicion-museografica-los-centros-urbanos-de-la-civilizacion-caral\/"},"wordCount":428,"image":{"@id":"https:\/\/zonacaral.gob.pe\/es\/noticias\/visita-la-exposicion-museografica-los-centros-urbanos-de-la-civilizacion-caral\/#primaryimage"},"thumbnailUrl":"https:\/\/zonacaral.gob.pe\/wp-content\/uploads\/2024\/05\/EXPO-CENTROS-URBANOS-1-1-1.jpg","keywords":["caral","Cultura"],"articleSection":["noticias"],"inLanguage":"en-US"},{"@type":"WebPage","@id":"https:\/\/zonacaral.gob.pe\/es\/noticias\/visita-la-exposicion-museografica-los-centros-urbanos-de-la-civilizacion-caral\/","url":"https:\/\/zonacaral.gob.pe\/es\/noticias\/visita-la-exposicion-museografica-los-centros-urbanos-de-la-civilizacion-caral\/","name":"Visita la Exposici\u00f3n Museogr\u00e1fica: \u00abLOS CENTROS URBANOS DE LA CIVILIZACI\u00d3N CARAL\u00bb","isPartOf":{"@id":"https:\/\/zonacaral.gob.pe\/es\/#website"},"primaryImageOfPage":{"@id":"https:\/\/zonacaral.gob.pe\/es\/noticias\/visita-la-exposicion-museografica-los-centros-urbanos-de-la-civilizacion-caral\/#primaryimage"},"image":{"@id":"https:\/\/zonacaral.gob.pe\/es\/noticias\/visita-la-exposicion-museografica-los-centros-urbanos-de-la-civilizacion-caral\/#primaryimage"},"thumbnailUrl":"https:\/\/zonacaral.gob.pe\/wp-content\/uploads\/2024\/05\/EXPO-CENTROS-URBANOS-1-1-1.jpg","datePublished":"2024-05-08T18:57:30+00:00","author":{"@id":"https:\/\/zonacaral.gob.pe\/es\/#\/schema\/person\/beddb4d22f71a7230c5b90913270a0ee"},"description":"La Zona Arqueol\u00f3gica Caral, Unidad Ejecutora 003 del Ministerio de Cultura, invita a la ciudadan\u00eda a visitar la exposici\u00f3n museogr\u00e1fica: \u00abLos centros urbanos de la Civilizaci\u00f3n Caral: 30 Develando su historia para el Per\u00fa y el Mundo\u00bb, organizada por el Mes de los Museos, con el fin de compartir la informaci\u00f3n de la importancia de cada sitio arqueol\u00f3gico en el que investiga.","breadcrumb":{"@id":"https:\/\/zonacaral.gob.pe\/es\/noticias\/visita-la-exposicion-museografica-los-centros-urbanos-de-la-civilizacion-caral\/#breadcrumb"},"inLanguage":"en-US","potentialAction":[{"@type":"ReadAction","target":["https:\/\/zonacaral.gob.pe\/es\/noticias\/visita-la-exposicion-museografica-los-centros-urbanos-de-la-civilizacion-caral\/"]}]},{"@type":"ImageObject","inLanguage":"en-US","@id":"https:\/\/zonacaral.gob.pe\/es\/noticias\/visita-la-exposicion-museografica-los-centros-urbanos-de-la-civilizacion-caral\/#primaryimage","url":"https:\/\/zonacaral.gob.pe\/wp-content\/uploads\/2024\/05\/EXPO-CENTROS-URBANOS-1-1-1.jpg","contentUrl":"https:\/\/zonacaral.gob.pe\/wp-content\/uploads\/2024\/05\/EXPO-CENTROS-URBANOS-1-1-1.jpg","width":700,"height":395},{"@type":"BreadcrumbList","@id":"https:\/\/zonacaral.gob.pe\/es\/noticias\/visita-la-exposicion-museografica-los-centros-urbanos-de-la-civilizacion-caral\/#breadcrumb","itemListElement":[{"@type":"ListItem","position":1,"name":"Portada","item":"https:\/\/zonacaral.gob.pe\/"},{"@type":"ListItem","position":2,"name":"Visita la Exposici\u00f3n Museogr\u00e1fica: \u00abLOS CENTROS URBANOS DE LA CIVILIZACI\u00d3N CARAL\u00bb"}]},{"@type":"WebSite","@id":"https:\/\/zonacaral.gob.pe\/es\/#website","url":"https:\/\/zonacaral.gob.pe\/es\/","name":"Zona Caral","description":"Investigamos, conservamos y difundimos el patrimonio cultural de la Civilizaci\u00f3n Caral, la m\u00e1s antigua de Am\u00e9rica.","potentialAction":[{"@type":"SearchAction","target":{"@type":"EntryPoint","urlTemplate":"https:\/\/zonacaral.gob.pe\/es\/?s={search_term_string}"},"query-input":{"@type":"PropertyValueSpecification","valueRequired":true,"valueName":"search_term_string"}}],"inLanguage":"en-US"},{"@type":"Person","@id":"https:\/\/zonacaral.gob.pe\/es\/#\/schema\/person\/beddb4d22f71a7230c5b90913270a0ee","name":"Zona Caral Administrador","image":{"@type":"ImageObject","inLanguage":"en-US","@id":"https:\/\/secure.gravatar.com\/avatar\/e4be162918a696358376de6446614e0f0f4062bdc5d170d6d540ada3d8b58c12?s=96&d=mm&r=g","url":"https:\/\/secure.gravatar.com\/avatar\/e4be162918a696358376de6446614e0f0f4062bdc5d170d6d540ada3d8b58c12?s=96&d=mm&r=g","contentUrl":"https:\/\/secure.gravatar.com\/avatar\/e4be162918a696358376de6446614e0f0f4062bdc5d170d6d540ada3d8b58c12?s=96&d=mm&r=g","caption":"Zona Caral Administrador"},"sameAs":["https:\/\/zonacaral.gob.pe"],"url":"https:\/\/zonacaral.gob.pe\/en\/noticias\/author\/ad_zonacaral\/"}]}},"_links":{"self":[{"href":"https:\/\/zonacaral.gob.pe\/en\/wp-json\/wp\/v2\/posts\/17648","targetHints":{"allow":["GET"]}}],"collection":[{"href":"https:\/\/zonacaral.gob.pe\/en\/wp-json\/wp\/v2\/posts"}],"about":[{"href":"https:\/\/zonacaral.gob.pe\/en\/wp-json\/wp\/v2\/types\/post"}],"author":[{"embeddable":true,"href":"https:\/\/zonacaral.gob.pe\/en\/wp-json\/wp\/v2\/users\/1"}],"replies":[{"embeddable":true,"href":"https:\/\/zonacaral.gob.pe\/en\/wp-json\/wp\/v2\/comments?post=17648"}],"version-history":[{"count":0,"href":"https:\/\/zonacaral.gob.pe\/en\/wp-json\/wp\/v2\/posts\/17648\/revisions"}],"wp:featuredmedia":[{"embeddable":true,"href":"https:\/\/zonacaral.gob.pe\/en\/wp-json\/wp\/v2\/media\/17656"}],"wp:attachment":[{"href":"https:\/\/zonacaral.gob.pe\/en\/wp-json\/wp\/v2\/media?parent=17648"}],"wp:term":[{"taxonomy":"category","embeddable":true,"href":"https:\/\/zonacaral.gob.pe\/en\/wp-json\/wp\/v2\/categories?post=17648"},{"taxonomy":"post_tag","embeddable":true,"href":"https:\/\/zonacaral.gob.pe\/en\/wp-json\/wp\/v2\/tags?post=17648"}],"curies":[{"name":"wp","href":"https:\/\/api.w.org\/{rel}","templated":true}]}}