{"id":17660,"date":"2024-05-13T14:57:21","date_gmt":"2024-05-13T19:57:21","guid":{"rendered":"https:\/\/www.zonacaral.gob.pe\/?p=17660"},"modified":"2024-05-13T14:57:21","modified_gmt":"2024-05-13T19:57:21","slug":"zona-arqueologica-caral-y-centro-internacional-de-la-papa-firman-acuerdo-para-impulsar-investigaciones","status":"publish","type":"post","link":"https:\/\/zonacaral.gob.pe\/en\/noticias\/zona-arqueologica-caral-y-centro-internacional-de-la-papa-firman-acuerdo-para-impulsar-investigaciones\/","title":{"rendered":"Zona Arqueol\u00f3gica Caral y Centro Internacional de la Papa firman acuerdo para impulsar investigaciones"},"content":{"rendered":"<figure class=\"pic-autor\" style=\"color: #4d4d4d; text-align: justify;\"><\/figure>\n<div class=\"gmail_default\" style=\"text-align: justify;\">\n<blockquote>\n<p><i><span style=\"font-weight: 400;\">Refuerzo a labores de investigaci\u00f3n, conservaci\u00f3n y difusi\u00f3n de nuestra cultura.<\/span><\/i><\/p>\n<\/blockquote>\n<p><span style=\"font-weight: 400;\">La doctora Ruth Shady Sol\u00eds, directora de la <\/span><a href=\"https:\/\/t.me\/Caral_Peru\/835\"><span style=\"font-weight: 400;\">Zona Arqueol\u00f3gica Caral<\/span><\/a><span style=\"font-weight: 400;\"> (ZAC), Unidad Ejecutora 003 del Ministerio de Cultura; y el Director General Adjunto para la Ciencia e Innovaci\u00f3n del Centro Internacional de la Papa (CIP), <\/span><span style=\"font-weight: 400;\">d<\/span><span style=\"font-weight: 400;\">octor Hugo Campos; firmaron el Acuerdo Marco lnterinstitucional de Colaboraci\u00f3n para la Cooperaci\u00f3n Cient\u00edfica y T\u00e9cnica, el cual busca intensificar las investigaciones que realizan ambas entidades <\/span><span style=\"font-weight: 400;\">con intereses compartidos<\/span><span style=\"font-weight: 400;\">.<\/span><\/p>\n<p><span style=\"font-weight: 400;\">En una reuni\u00f3n protocolar, en la que tambi\u00e9n participaron los investigadores y especialistas de la ZAC y del CIP, la doctora Ruth Shady detall\u00f3 los trabajos que se vienen realizando, en doce centros urbanos vinculados con el desarrollo de la <\/span><a href=\"https:\/\/youtu.be\/uAJpjcgLits\"><span style=\"font-weight: 400;\">Civilizaci\u00f3n Caral<\/span><\/a><span style=\"font-weight: 400;\"> (3000-1800 a.C.), desde hace 30 a\u00f1os.<\/span><\/p>\n<p><span style=\"font-weight: 400;\">Sostuvo que, en las excavaciones arqueol\u00f3gicas, practicadas en los asentamientos ubicados en los valles de Supe y de Huaura, se hallaron evidencias de antiguos cultivos andinos; productos agr\u00edcolas sobre los cuales ambas instituciones <\/span><span style=\"font-weight: 400;\">tienen<\/span><span style=\"font-weight: 400;\"> intereses de investigaci\u00f3n.<\/span><\/p>\n<p><span style=\"font-weight: 400;\">El acuerdo servir\u00e1 para profundizar en el conocimiento de la historia social de Caral, la primera civilizaci\u00f3n de Am\u00e9rica, y de otros per\u00edodos, a trav\u00e9s de la identificaci\u00f3n y caracterizaci\u00f3n de cultivos recuperados. Las investigaciones <\/span><span style=\"font-weight: 400;\">interinstitucionales<\/span> <span style=\"font-weight: 400;\">ser\u00e1n desarrolladas por equipos multidisciplinarios de la ZAC y el CIP, con la participaci\u00f3n de <\/span><span style=\"font-weight: 400;\">investigadores nacionales e internacionales.<\/span><\/p>\n<p><span style=\"font-weight: 400;\">Dentro del acuerdo tambi\u00e9n se ha propuesto difundir los resultados de las investigaciones en publicaciones acad\u00e9micas y de difusi\u00f3n general, para reforzar la identidad cultural y mejorar la autoestima social de la poblaci\u00f3n actual. Del mismo modo, impactar\u00e1 de modo positivo en la actividad agr\u00edcola actual de los valles de Supe y Huaura, y de otras cuencas <\/span><span style=\"font-weight: 400;\">hidrogr\u00e1ficas <\/span><span style=\"font-weight: 400;\">del pa\u00eds.<\/span><\/p>\n<p><span style=\"font-weight: 400;\">Al finalizar la ceremonia de <\/span><span style=\"font-weight: 400;\">suscripci\u00f3n del Acuerdo Marco<\/span><span style=\"font-weight: 400;\">, la doctora Ruth Shady visit\u00f3 el Centro de Germoplasma del CIP, donde pudo conocer las investigaciones que viene realizando esa instituci\u00f3n sobre la protecci\u00f3n y rescate de las <\/span><span style=\"font-weight: 400;\">m\u00faltiples <\/span><span style=\"font-weight: 400;\">variedades de las papas andinas<\/span><span style=\"font-weight: 400;\">, la gran mayor\u00eda originarias de nuestro territorio.<\/span><\/p>\n<p><span style=\"color: #850707;\"><strong style=\"font-size: inherit; text-align: justify;\">Fuente: Comunicaci\u00f3n e Imagen Institucional ZAC<\/strong><\/span><\/p>\n<\/div>\n<div style=\"color: #1f1f1f;\">\n<div style=\"color: #1f1f1f;\">\n<p style=\"text-align: justify;\">Fecha de publicaci\u00f3n: 13\/05\/2024<\/p>\n<\/div>\n<\/div>\n\n\n<p><\/p>","protected":false},"excerpt":{"rendered":"<p>Refuerzo a labores de investigaci\u00f3n, conservaci\u00f3n y difusi\u00f3n de nuestra cultura. La doctora Ruth Shady Sol\u00eds, directora de la Zona [&hellip;]<\/p>\n","protected":false},"author":1,"featured_media":17664,"comment_status":"closed","ping_status":"open","sticky":false,"template":"","format":"standard","meta":{"_acf_changed":false,"site-sidebar-layout":"default","site-content-layout":"","ast-site-content-layout":"default","site-content-style":"default","site-sidebar-style":"default","ast-global-header-display":"","ast-banner-title-visibility":"","ast-main-header-display":"","ast-hfb-above-header-display":"","ast-hfb-below-header-display":"","ast-hfb-mobile-header-display":"","site-post-title":"","ast-breadcrumbs-content":"","ast-featured-img":"","footer-sml-layout":"","ast-disable-related-posts":"","theme-transparent-header-meta":"","adv-header-id-meta":"","stick-header-meta":"","header-above-stick-meta":"","header-main-stick-meta":"","header-below-stick-meta":"","astra-migrate-meta-layouts":"default","ast-page-background-enabled":"default","ast-page-background-meta":{"desktop":{"background-color":"var(--ast-global-color-5)","background-image":"","background-repeat":"repeat","background-position":"center center","background-size":"auto","background-attachment":"scroll","background-type":"","background-media":"","overlay-type":"","overlay-color":"","overlay-opacity":"","overlay-gradient":""},"tablet":{"background-color":"","background-image":"","background-repeat":"repeat","background-position":"center center","background-size":"auto","background-attachment":"scroll","background-type":"","background-media":"","overlay-type":"","overlay-color":"","overlay-opacity":"","overlay-gradient":""},"mobile":{"background-color":"","background-image":"","background-repeat":"repeat","background-position":"center center","background-size":"auto","background-attachment":"scroll","background-type":"","background-media":"","overlay-type":"","overlay-color":"","overlay-opacity":"","overlay-gradient":""}},"ast-content-background-meta":{"desktop":{"background-color":"var(--ast-global-color-4)","background-image":"","background-repeat":"repeat","background-position":"center center","background-size":"auto","background-attachment":"scroll","background-type":"","background-media":"","overlay-type":"","overlay-color":"","overlay-opacity":"","overlay-gradient":""},"tablet":{"background-color":"var(--ast-global-color-4)","background-image":"","background-repeat":"repeat","background-position":"center center","background-size":"auto","background-attachment":"scroll","background-type":"","background-media":"","overlay-type":"","overlay-color":"","overlay-opacity":"","overlay-gradient":""},"mobile":{"background-color":"var(--ast-global-color-4)","background-image":"","background-repeat":"repeat","background-position":"center center","background-size":"auto","background-attachment":"scroll","background-type":"","background-media":"","overlay-type":"","overlay-color":"","overlay-opacity":"","overlay-gradient":""}},"footnotes":""},"categories":[208],"tags":[55,72],"class_list":["post-17660","post","type-post","status-publish","format-standard","has-post-thumbnail","hentry","category-noticias","tag-caral","tag-cultura"],"acf":[],"yoast_head":"<!-- This site is optimized with the Yoast SEO plugin v27.3 - https:\/\/yoast.com\/product\/yoast-seo-wordpress\/ -->\n<title>Zona Arqueol\u00f3gica Caral y Centro Internacional de la Papa firman acuerdo para impulsar investigaciones<\/title>\n<meta name=\"description\" content=\"La doctora Ruth Shady Sol\u00eds, directora de la Zona Arqueol\u00f3gica Caral (ZAC), Unidad Ejecutora 003 del Ministerio de Cultura; y el Director General Adjunto para la Ciencia e Innovaci\u00f3n del Centro Internacional de la Papa (CIP), doctor Hugo Campos; firmaron el Acuerdo Marco lnterinstitucional de Colaboraci\u00f3n para la Cooperaci\u00f3n Cient\u00edfica y T\u00e9cnica, el cual busca intensificar las investigaciones que realizan ambas entidades con intereses compartidos.\" \/>\n<meta name=\"robots\" content=\"index, follow, max-snippet:-1, max-image-preview:large, max-video-preview:-1\" \/>\n<link rel=\"canonical\" href=\"https:\/\/zonacaral.gob.pe\/en\/noticias\/zona-arqueologica-caral-y-centro-internacional-de-la-papa-firman-acuerdo-para-impulsar-investigaciones\/\" \/>\n<meta property=\"og:locale\" content=\"en_US\" \/>\n<meta property=\"og:type\" content=\"article\" \/>\n<meta property=\"og:title\" content=\"Zona Arqueol\u00f3gica Caral y Centro Internacional de la Papa firman acuerdo para impulsar investigaciones\" \/>\n<meta property=\"og:description\" content=\"La doctora Ruth Shady Sol\u00eds, directora de la Zona Arqueol\u00f3gica Caral (ZAC), Unidad Ejecutora 003 del Ministerio de Cultura; y el Director General Adjunto para la Ciencia e Innovaci\u00f3n del Centro Internacional de la Papa (CIP), doctor Hugo Campos; firmaron el Acuerdo Marco lnterinstitucional de Colaboraci\u00f3n para la Cooperaci\u00f3n Cient\u00edfica y T\u00e9cnica, el cual busca intensificar las investigaciones que realizan ambas entidades con intereses compartidos.\" \/>\n<meta property=\"og:url\" content=\"https:\/\/zonacaral.gob.pe\/en\/noticias\/zona-arqueologica-caral-y-centro-internacional-de-la-papa-firman-acuerdo-para-impulsar-investigaciones\/\" \/>\n<meta property=\"og:site_name\" content=\"Zona Caral\" \/>\n<meta property=\"article:published_time\" content=\"2024-05-13T19:57:21+00:00\" \/>\n<meta property=\"og:image\" content=\"https:\/\/zonacaral.gob.pe\/wp-content\/uploads\/2024\/05\/ACUERDO-INVESTIGACION-1.jpg\" \/>\n\t<meta property=\"og:image:width\" content=\"700\" \/>\n\t<meta property=\"og:image:height\" content=\"395\" \/>\n\t<meta property=\"og:image:type\" content=\"image\/jpeg\" \/>\n<meta name=\"author\" content=\"Zona Caral Administrador\" \/>\n<meta name=\"twitter:card\" content=\"summary_large_image\" \/>\n<meta name=\"twitter:label1\" content=\"Written by\" \/>\n\t<meta name=\"twitter:data1\" content=\"Zona Caral Administrador\" \/>\n\t<meta name=\"twitter:label2\" content=\"Est. reading time\" \/>\n\t<meta name=\"twitter:data2\" content=\"2 minutes\" \/>\n<script type=\"application\/ld+json\" class=\"yoast-schema-graph\">{\"@context\":\"https:\\\/\\\/schema.org\",\"@graph\":[{\"@type\":\"Article\",\"@id\":\"https:\\\/\\\/zonacaral.gob.pe\\\/es\\\/noticias\\\/zona-arqueologica-caral-y-centro-internacional-de-la-papa-firman-acuerdo-para-impulsar-investigaciones\\\/#article\",\"isPartOf\":{\"@id\":\"https:\\\/\\\/zonacaral.gob.pe\\\/es\\\/noticias\\\/zona-arqueologica-caral-y-centro-internacional-de-la-papa-firman-acuerdo-para-impulsar-investigaciones\\\/\"},\"author\":{\"name\":\"Zona Caral Administrador\",\"@id\":\"https:\\\/\\\/zonacaral.gob.pe\\\/es\\\/#\\\/schema\\\/person\\\/beddb4d22f71a7230c5b90913270a0ee\"},\"headline\":\"Zona Arqueol\u00f3gica Caral y Centro Internacional de la Papa firman acuerdo para impulsar investigaciones\",\"datePublished\":\"2024-05-13T19:57:21+00:00\",\"mainEntityOfPage\":{\"@id\":\"https:\\\/\\\/zonacaral.gob.pe\\\/es\\\/noticias\\\/zona-arqueologica-caral-y-centro-internacional-de-la-papa-firman-acuerdo-para-impulsar-investigaciones\\\/\"},\"wordCount\":389,\"image\":{\"@id\":\"https:\\\/\\\/zonacaral.gob.pe\\\/es\\\/noticias\\\/zona-arqueologica-caral-y-centro-internacional-de-la-papa-firman-acuerdo-para-impulsar-investigaciones\\\/#primaryimage\"},\"thumbnailUrl\":\"https:\\\/\\\/zonacaral.gob.pe\\\/wp-content\\\/uploads\\\/2024\\\/05\\\/ACUERDO-INVESTIGACION-1.jpg\",\"keywords\":[\"caral\",\"Cultura\"],\"articleSection\":[\"noticias\"],\"inLanguage\":\"en-US\"},{\"@type\":\"WebPage\",\"@id\":\"https:\\\/\\\/zonacaral.gob.pe\\\/es\\\/noticias\\\/zona-arqueologica-caral-y-centro-internacional-de-la-papa-firman-acuerdo-para-impulsar-investigaciones\\\/\",\"url\":\"https:\\\/\\\/zonacaral.gob.pe\\\/es\\\/noticias\\\/zona-arqueologica-caral-y-centro-internacional-de-la-papa-firman-acuerdo-para-impulsar-investigaciones\\\/\",\"name\":\"Zona Arqueol\u00f3gica Caral y Centro Internacional de la Papa firman acuerdo para impulsar investigaciones\",\"isPartOf\":{\"@id\":\"https:\\\/\\\/zonacaral.gob.pe\\\/es\\\/#website\"},\"primaryImageOfPage\":{\"@id\":\"https:\\\/\\\/zonacaral.gob.pe\\\/es\\\/noticias\\\/zona-arqueologica-caral-y-centro-internacional-de-la-papa-firman-acuerdo-para-impulsar-investigaciones\\\/#primaryimage\"},\"image\":{\"@id\":\"https:\\\/\\\/zonacaral.gob.pe\\\/es\\\/noticias\\\/zona-arqueologica-caral-y-centro-internacional-de-la-papa-firman-acuerdo-para-impulsar-investigaciones\\\/#primaryimage\"},\"thumbnailUrl\":\"https:\\\/\\\/zonacaral.gob.pe\\\/wp-content\\\/uploads\\\/2024\\\/05\\\/ACUERDO-INVESTIGACION-1.jpg\",\"datePublished\":\"2024-05-13T19:57:21+00:00\",\"author\":{\"@id\":\"https:\\\/\\\/zonacaral.gob.pe\\\/es\\\/#\\\/schema\\\/person\\\/beddb4d22f71a7230c5b90913270a0ee\"},\"description\":\"La doctora Ruth Shady Sol\u00eds, directora de la Zona Arqueol\u00f3gica Caral (ZAC), Unidad Ejecutora 003 del Ministerio de Cultura; y el Director General Adjunto para la Ciencia e Innovaci\u00f3n del Centro Internacional de la Papa (CIP), doctor Hugo Campos; firmaron el Acuerdo Marco lnterinstitucional de Colaboraci\u00f3n para la Cooperaci\u00f3n Cient\u00edfica y T\u00e9cnica, el cual busca intensificar las investigaciones que realizan ambas entidades con intereses compartidos.\",\"breadcrumb\":{\"@id\":\"https:\\\/\\\/zonacaral.gob.pe\\\/es\\\/noticias\\\/zona-arqueologica-caral-y-centro-internacional-de-la-papa-firman-acuerdo-para-impulsar-investigaciones\\\/#breadcrumb\"},\"inLanguage\":\"en-US\",\"potentialAction\":[{\"@type\":\"ReadAction\",\"target\":[\"https:\\\/\\\/zonacaral.gob.pe\\\/es\\\/noticias\\\/zona-arqueologica-caral-y-centro-internacional-de-la-papa-firman-acuerdo-para-impulsar-investigaciones\\\/\"]}]},{\"@type\":\"ImageObject\",\"inLanguage\":\"en-US\",\"@id\":\"https:\\\/\\\/zonacaral.gob.pe\\\/es\\\/noticias\\\/zona-arqueologica-caral-y-centro-internacional-de-la-papa-firman-acuerdo-para-impulsar-investigaciones\\\/#primaryimage\",\"url\":\"https:\\\/\\\/zonacaral.gob.pe\\\/wp-content\\\/uploads\\\/2024\\\/05\\\/ACUERDO-INVESTIGACION-1.jpg\",\"contentUrl\":\"https:\\\/\\\/zonacaral.gob.pe\\\/wp-content\\\/uploads\\\/2024\\\/05\\\/ACUERDO-INVESTIGACION-1.jpg\",\"width\":700,\"height\":395},{\"@type\":\"BreadcrumbList\",\"@id\":\"https:\\\/\\\/zonacaral.gob.pe\\\/es\\\/noticias\\\/zona-arqueologica-caral-y-centro-internacional-de-la-papa-firman-acuerdo-para-impulsar-investigaciones\\\/#breadcrumb\",\"itemListElement\":[{\"@type\":\"ListItem\",\"position\":1,\"name\":\"Portada\",\"item\":\"https:\\\/\\\/zonacaral.gob.pe\\\/\"},{\"@type\":\"ListItem\",\"position\":2,\"name\":\"Zona Arqueol\u00f3gica Caral y Centro Internacional de la Papa firman acuerdo para impulsar investigaciones\"}]},{\"@type\":\"WebSite\",\"@id\":\"https:\\\/\\\/zonacaral.gob.pe\\\/es\\\/#website\",\"url\":\"https:\\\/\\\/zonacaral.gob.pe\\\/es\\\/\",\"name\":\"Zona Caral\",\"description\":\"Investigamos, conservamos y difundimos el patrimonio cultural de la Civilizaci\u00f3n Caral, la m\u00e1s antigua de Am\u00e9rica.\",\"potentialAction\":[{\"@type\":\"SearchAction\",\"target\":{\"@type\":\"EntryPoint\",\"urlTemplate\":\"https:\\\/\\\/zonacaral.gob.pe\\\/es\\\/?s={search_term_string}\"},\"query-input\":{\"@type\":\"PropertyValueSpecification\",\"valueRequired\":true,\"valueName\":\"search_term_string\"}}],\"inLanguage\":\"en-US\"},{\"@type\":\"Person\",\"@id\":\"https:\\\/\\\/zonacaral.gob.pe\\\/es\\\/#\\\/schema\\\/person\\\/beddb4d22f71a7230c5b90913270a0ee\",\"name\":\"Zona Caral Administrador\",\"image\":{\"@type\":\"ImageObject\",\"inLanguage\":\"en-US\",\"@id\":\"https:\\\/\\\/secure.gravatar.com\\\/avatar\\\/e4be162918a696358376de6446614e0f0f4062bdc5d170d6d540ada3d8b58c12?s=96&d=mm&r=g\",\"url\":\"https:\\\/\\\/secure.gravatar.com\\\/avatar\\\/e4be162918a696358376de6446614e0f0f4062bdc5d170d6d540ada3d8b58c12?s=96&d=mm&r=g\",\"contentUrl\":\"https:\\\/\\\/secure.gravatar.com\\\/avatar\\\/e4be162918a696358376de6446614e0f0f4062bdc5d170d6d540ada3d8b58c12?s=96&d=mm&r=g\",\"caption\":\"Zona Caral Administrador\"},\"sameAs\":[\"https:\\\/\\\/zonacaral.gob.pe\"],\"url\":\"https:\\\/\\\/zonacaral.gob.pe\\\/en\\\/noticias\\\/author\\\/ad_zonacaral\\\/\"}]}<\/script>\n<!-- \/ Yoast SEO plugin. -->","yoast_head_json":{"title":"Zona Arqueol\u00f3gica Caral y Centro Internacional de la Papa firman acuerdo para impulsar investigaciones","description":"La doctora Ruth Shady Sol\u00eds, directora de la Zona Arqueol\u00f3gica Caral (ZAC), Unidad Ejecutora 003 del Ministerio de Cultura; y el Director General Adjunto para la Ciencia e Innovaci\u00f3n del Centro Internacional de la Papa (CIP), doctor Hugo Campos; firmaron el Acuerdo Marco lnterinstitucional de Colaboraci\u00f3n para la Cooperaci\u00f3n Cient\u00edfica y T\u00e9cnica, el cual busca intensificar las investigaciones que realizan ambas entidades con intereses compartidos.","robots":{"index":"index","follow":"follow","max-snippet":"max-snippet:-1","max-image-preview":"max-image-preview:large","max-video-preview":"max-video-preview:-1"},"canonical":"https:\/\/zonacaral.gob.pe\/en\/noticias\/zona-arqueologica-caral-y-centro-internacional-de-la-papa-firman-acuerdo-para-impulsar-investigaciones\/","og_locale":"en_US","og_type":"article","og_title":"Zona Arqueol\u00f3gica Caral y Centro Internacional de la Papa firman acuerdo para impulsar investigaciones","og_description":"La doctora Ruth Shady Sol\u00eds, directora de la Zona Arqueol\u00f3gica Caral (ZAC), Unidad Ejecutora 003 del Ministerio de Cultura; y el Director General Adjunto para la Ciencia e Innovaci\u00f3n del Centro Internacional de la Papa (CIP), doctor Hugo Campos; firmaron el Acuerdo Marco lnterinstitucional de Colaboraci\u00f3n para la Cooperaci\u00f3n Cient\u00edfica y T\u00e9cnica, el cual busca intensificar las investigaciones que realizan ambas entidades con intereses compartidos.","og_url":"https:\/\/zonacaral.gob.pe\/en\/noticias\/zona-arqueologica-caral-y-centro-internacional-de-la-papa-firman-acuerdo-para-impulsar-investigaciones\/","og_site_name":"Zona Caral","article_published_time":"2024-05-13T19:57:21+00:00","og_image":[{"width":700,"height":395,"url":"https:\/\/zonacaral.gob.pe\/wp-content\/uploads\/2024\/05\/ACUERDO-INVESTIGACION-1.jpg","type":"image\/jpeg"}],"author":"Zona Caral Administrador","twitter_card":"summary_large_image","twitter_misc":{"Written by":"Zona Caral Administrador","Est. reading time":"2 minutes"},"schema":{"@context":"https:\/\/schema.org","@graph":[{"@type":"Article","@id":"https:\/\/zonacaral.gob.pe\/es\/noticias\/zona-arqueologica-caral-y-centro-internacional-de-la-papa-firman-acuerdo-para-impulsar-investigaciones\/#article","isPartOf":{"@id":"https:\/\/zonacaral.gob.pe\/es\/noticias\/zona-arqueologica-caral-y-centro-internacional-de-la-papa-firman-acuerdo-para-impulsar-investigaciones\/"},"author":{"name":"Zona Caral Administrador","@id":"https:\/\/zonacaral.gob.pe\/es\/#\/schema\/person\/beddb4d22f71a7230c5b90913270a0ee"},"headline":"Zona Arqueol\u00f3gica Caral y Centro Internacional de la Papa firman acuerdo para impulsar investigaciones","datePublished":"2024-05-13T19:57:21+00:00","mainEntityOfPage":{"@id":"https:\/\/zonacaral.gob.pe\/es\/noticias\/zona-arqueologica-caral-y-centro-internacional-de-la-papa-firman-acuerdo-para-impulsar-investigaciones\/"},"wordCount":389,"image":{"@id":"https:\/\/zonacaral.gob.pe\/es\/noticias\/zona-arqueologica-caral-y-centro-internacional-de-la-papa-firman-acuerdo-para-impulsar-investigaciones\/#primaryimage"},"thumbnailUrl":"https:\/\/zonacaral.gob.pe\/wp-content\/uploads\/2024\/05\/ACUERDO-INVESTIGACION-1.jpg","keywords":["caral","Cultura"],"articleSection":["noticias"],"inLanguage":"en-US"},{"@type":"WebPage","@id":"https:\/\/zonacaral.gob.pe\/es\/noticias\/zona-arqueologica-caral-y-centro-internacional-de-la-papa-firman-acuerdo-para-impulsar-investigaciones\/","url":"https:\/\/zonacaral.gob.pe\/es\/noticias\/zona-arqueologica-caral-y-centro-internacional-de-la-papa-firman-acuerdo-para-impulsar-investigaciones\/","name":"Zona Arqueol\u00f3gica Caral y Centro Internacional de la Papa firman acuerdo para impulsar investigaciones","isPartOf":{"@id":"https:\/\/zonacaral.gob.pe\/es\/#website"},"primaryImageOfPage":{"@id":"https:\/\/zonacaral.gob.pe\/es\/noticias\/zona-arqueologica-caral-y-centro-internacional-de-la-papa-firman-acuerdo-para-impulsar-investigaciones\/#primaryimage"},"image":{"@id":"https:\/\/zonacaral.gob.pe\/es\/noticias\/zona-arqueologica-caral-y-centro-internacional-de-la-papa-firman-acuerdo-para-impulsar-investigaciones\/#primaryimage"},"thumbnailUrl":"https:\/\/zonacaral.gob.pe\/wp-content\/uploads\/2024\/05\/ACUERDO-INVESTIGACION-1.jpg","datePublished":"2024-05-13T19:57:21+00:00","author":{"@id":"https:\/\/zonacaral.gob.pe\/es\/#\/schema\/person\/beddb4d22f71a7230c5b90913270a0ee"},"description":"La doctora Ruth Shady Sol\u00eds, directora de la Zona Arqueol\u00f3gica Caral (ZAC), Unidad Ejecutora 003 del Ministerio de Cultura; y el Director General Adjunto para la Ciencia e Innovaci\u00f3n del Centro Internacional de la Papa (CIP), doctor Hugo Campos; firmaron el Acuerdo Marco lnterinstitucional de Colaboraci\u00f3n para la Cooperaci\u00f3n Cient\u00edfica y T\u00e9cnica, el cual busca intensificar las investigaciones que realizan ambas entidades con intereses compartidos.","breadcrumb":{"@id":"https:\/\/zonacaral.gob.pe\/es\/noticias\/zona-arqueologica-caral-y-centro-internacional-de-la-papa-firman-acuerdo-para-impulsar-investigaciones\/#breadcrumb"},"inLanguage":"en-US","potentialAction":[{"@type":"ReadAction","target":["https:\/\/zonacaral.gob.pe\/es\/noticias\/zona-arqueologica-caral-y-centro-internacional-de-la-papa-firman-acuerdo-para-impulsar-investigaciones\/"]}]},{"@type":"ImageObject","inLanguage":"en-US","@id":"https:\/\/zonacaral.gob.pe\/es\/noticias\/zona-arqueologica-caral-y-centro-internacional-de-la-papa-firman-acuerdo-para-impulsar-investigaciones\/#primaryimage","url":"https:\/\/zonacaral.gob.pe\/wp-content\/uploads\/2024\/05\/ACUERDO-INVESTIGACION-1.jpg","contentUrl":"https:\/\/zonacaral.gob.pe\/wp-content\/uploads\/2024\/05\/ACUERDO-INVESTIGACION-1.jpg","width":700,"height":395},{"@type":"BreadcrumbList","@id":"https:\/\/zonacaral.gob.pe\/es\/noticias\/zona-arqueologica-caral-y-centro-internacional-de-la-papa-firman-acuerdo-para-impulsar-investigaciones\/#breadcrumb","itemListElement":[{"@type":"ListItem","position":1,"name":"Portada","item":"https:\/\/zonacaral.gob.pe\/"},{"@type":"ListItem","position":2,"name":"Zona Arqueol\u00f3gica Caral y Centro Internacional de la Papa firman acuerdo para impulsar investigaciones"}]},{"@type":"WebSite","@id":"https:\/\/zonacaral.gob.pe\/es\/#website","url":"https:\/\/zonacaral.gob.pe\/es\/","name":"Zona Caral","description":"Investigamos, conservamos y difundimos el patrimonio cultural de la Civilizaci\u00f3n Caral, la m\u00e1s antigua de Am\u00e9rica.","potentialAction":[{"@type":"SearchAction","target":{"@type":"EntryPoint","urlTemplate":"https:\/\/zonacaral.gob.pe\/es\/?s={search_term_string}"},"query-input":{"@type":"PropertyValueSpecification","valueRequired":true,"valueName":"search_term_string"}}],"inLanguage":"en-US"},{"@type":"Person","@id":"https:\/\/zonacaral.gob.pe\/es\/#\/schema\/person\/beddb4d22f71a7230c5b90913270a0ee","name":"Zona Caral Administrador","image":{"@type":"ImageObject","inLanguage":"en-US","@id":"https:\/\/secure.gravatar.com\/avatar\/e4be162918a696358376de6446614e0f0f4062bdc5d170d6d540ada3d8b58c12?s=96&d=mm&r=g","url":"https:\/\/secure.gravatar.com\/avatar\/e4be162918a696358376de6446614e0f0f4062bdc5d170d6d540ada3d8b58c12?s=96&d=mm&r=g","contentUrl":"https:\/\/secure.gravatar.com\/avatar\/e4be162918a696358376de6446614e0f0f4062bdc5d170d6d540ada3d8b58c12?s=96&d=mm&r=g","caption":"Zona Caral Administrador"},"sameAs":["https:\/\/zonacaral.gob.pe"],"url":"https:\/\/zonacaral.gob.pe\/en\/noticias\/author\/ad_zonacaral\/"}]}},"_links":{"self":[{"href":"https:\/\/zonacaral.gob.pe\/en\/wp-json\/wp\/v2\/posts\/17660","targetHints":{"allow":["GET"]}}],"collection":[{"href":"https:\/\/zonacaral.gob.pe\/en\/wp-json\/wp\/v2\/posts"}],"about":[{"href":"https:\/\/zonacaral.gob.pe\/en\/wp-json\/wp\/v2\/types\/post"}],"author":[{"embeddable":true,"href":"https:\/\/zonacaral.gob.pe\/en\/wp-json\/wp\/v2\/users\/1"}],"replies":[{"embeddable":true,"href":"https:\/\/zonacaral.gob.pe\/en\/wp-json\/wp\/v2\/comments?post=17660"}],"version-history":[{"count":0,"href":"https:\/\/zonacaral.gob.pe\/en\/wp-json\/wp\/v2\/posts\/17660\/revisions"}],"wp:featuredmedia":[{"embeddable":true,"href":"https:\/\/zonacaral.gob.pe\/en\/wp-json\/wp\/v2\/media\/17664"}],"wp:attachment":[{"href":"https:\/\/zonacaral.gob.pe\/en\/wp-json\/wp\/v2\/media?parent=17660"}],"wp:term":[{"taxonomy":"category","embeddable":true,"href":"https:\/\/zonacaral.gob.pe\/en\/wp-json\/wp\/v2\/categories?post=17660"},{"taxonomy":"post_tag","embeddable":true,"href":"https:\/\/zonacaral.gob.pe\/en\/wp-json\/wp\/v2\/tags?post=17660"}],"curies":[{"name":"wp","href":"https:\/\/api.w.org\/{rel}","templated":true}]}}