{"id":17699,"date":"2024-05-30T10:16:06","date_gmt":"2024-05-30T15:16:06","guid":{"rendered":"https:\/\/www.zonacaral.gob.pe\/?p=17699"},"modified":"2024-05-30T10:16:06","modified_gmt":"2024-05-30T15:16:06","slug":"conferencia-60-anos-de-la-carta-de-venecia-y-su-relevancia-en-la-conservacion-de-la-ciudad-sagrada-de-caral","status":"publish","type":"post","link":"https:\/\/zonacaral.gob.pe\/en\/noticias\/conferencia-60-anos-de-la-carta-de-venecia-y-su-relevancia-en-la-conservacion-de-la-ciudad-sagrada-de-caral\/","title":{"rendered":"Conferencia: 60 A\u00d1OS DE LA CARTA DE VENECIA Y SU RELEVANCIA EN LA CONSERVACI\u00d3N DE LA CIUDAD SAGRADA DE CARAL"},"content":{"rendered":"<figure class=\"pic-autor\" style=\"color: #4d4d4d; text-align: justify;\"><\/figure>\n<div class=\"gmail_default\" style=\"text-align: justify;\">\n<blockquote>\n<p><i><span style=\"font-weight: 400;\">Adem\u00e1s, se entregar\u00e1 un reconocimiento al arquitecto V\u00edctor Pimentel.<\/span><\/i><\/p>\n<\/blockquote>\n<p><span style=\"font-weight: 400;\">La Zona Arqueol\u00f3gica Caral (ZAC), Unidad Ejecutor 003, invita al p\u00fablico, en general, a participar en la conferencia: \u201cRelevancia de la Carta de Venecia en la Conservaci\u00f3n de la Ciudad Sagrada de Caral, Patrimonio Mundial\u201d, a realizarse este viernes, 31 de mayo, a las 5:00 p. m., en las instalaciones del Ministerio de Cultura, ubicado en el distrito de San Borja.<\/span><\/p>\n<p><span style=\"font-weight: 400;\">En este evento, encabezado por la doctora Ruth Shady Sol\u00eds, directora de la ZAC y principal investigadora de la Civilizaci\u00f3n Caral, se rendir\u00e1 un merecido homenaje al arquitecto V\u00edctor Pimentel Gurmendi, pionero en la conservaci\u00f3n y restauraci\u00f3n de monumentos y sitios hist\u00f3ricos en nuestro pa\u00eds.<\/span><\/p>\n<p><span style=\"font-weight: 400;\">El aforo es limitado, por lo que los interesados en participar en esta conferencia deben inscribirse en el siguiente link:<\/span><a href=\"https:\/\/bit.ly\/Conferencia_CartaDeVenecia?fbclid=IwZXh0bgNhZW0CMTAAAR0M7yyGTBl66-J1YmPvWD7OIJJJJU4ZbcsoAHYsH5saDZCVP9NZQbP-Fb8_aem_AYRI5KDmIrt6PbzkBTUgfCsbuiflMnUqAaE5QGzLmakhe5bfLMeYqrLFtpGvYniYsZI6BeoeaqHFGIgHC20tLvZr\"> <span style=\"font-weight: 400;\">Conferencia_CartaDeVenecia<\/span><\/a> <i><span style=\"font-weight: 400;\">(Se entregar\u00e1n constancias)<\/span><\/i><span style=\"font-weight: 400;\">. Asimismo, para los que no puedan asistir, tienen la opci\u00f3n de ver la transmisi\u00f3n v\u00eda Facebook Live en la p\u00e1gina:<\/span><a href=\"https:\/\/www.facebook.com\/CARALPERU\"> <span style=\"font-weight: 400;\">CaralPer\u00fa<\/span><\/a><span style=\"font-weight: 400;\">.<\/span><\/p>\n<p><span style=\"font-weight: 400;\">En esta conferencia tambi\u00e9n se dar\u00e1 a conocer la relevancia de los criterios de la \u201cCarta de Venecia\u201d en la conservaci\u00f3n de los monumentos de doce antiguas ciudades de la civilizaci\u00f3n Caral, de 25 identificados entre el valle de Supe y de Huaura. Labor realizada por la Zona Arqueol\u00f3gica Caral, desde hace 30 a\u00f1os.<\/span><\/p>\n<p><span style=\"font-weight: 400;\">Al finalizar el evento tendremos la participaci\u00f3n del arquitecto<\/span> <span style=\"font-weight: 400;\">Pimentel, quien contar\u00e1 los detalles de su participaci\u00f3n en la redacci\u00f3n y firma de la Carta de Venecia en 1964, durante el II Congreso Internacional de Arquitectos y T\u00e9cnicos de Monumentos Hist\u00f3ricos, realizado en Italia.<\/span><\/p>\n<p><b>CARTA DE VENECIA<\/b><\/p>\n<p><span style=\"font-weight: 400;\">Este documento, que este 31 de mayo cumple 60 a\u00f1os, fue elaborado por importantes especialistas de la restauraci\u00f3n de monumentos, de diferentes pa\u00edses, establece los principios comunes que deben presidir la conservaci\u00f3n y la restauraci\u00f3n; considerando que las obras monumentales est\u00e1n cargadas de un mensaje espiritual del pasado que contin\u00faan siendo en la vida presente, el testimonio vivo de sus tradiciones.<\/span><\/p>\n<p><span style=\"font-weight: 400;\">En la carta se establecen los siguientes principios y definiciones: \u00abmonumento hist\u00f3rico\u00bb, \u00abconservaci\u00f3n\u00bb y \u00abrestauraci\u00f3n\u00bb, cuyos objetivos se refieren, no s\u00f3lo a las grandes creaciones, sino tambi\u00e9n a las obras modestas que han adquirido con el tiempo una significaci\u00f3n cultural.<\/span><\/p>\n<p><b>\u00bfQUI\u00c9N ES V\u00cdCTOR PIMENTEL?<\/b><\/p>\n<p><span style=\"font-weight: 400;\">El arquitecto V\u00edctor Pimentel, de 96 a\u00f1os de edad, es considerado un pionero en la defensa de la memoria hist\u00f3rica de los pueblos y la conservaci\u00f3n de sus obras monumentales. Labor que empez\u00f3 en nuestro pa\u00eds, se extendi\u00f3 a otros pa\u00edses como Brasil, Argentina, Panam\u00e1, Costa Rica, Guatemala y M\u00e9xico.<\/span><\/p>\n<p><span style=\"font-weight: 400;\">Su inter\u00e9s y amor por la restauraci\u00f3n y conservaci\u00f3n de monumentos surgi\u00f3 en Italia, donde adem\u00e1s de estudiar becado, practic\u00f3 y trabaj\u00f3 con grandes maestros y exponentes de las materias. Al regresar al Per\u00fa propuso y se encarg\u00f3 de la creaci\u00f3n del primer curso de Restauraci\u00f3n de Monumentos que se implant\u00f3 en nuestro pa\u00eds. Tambi\u00e9n le dieron el cargo de director t\u00e9cnico del Consejo Nacional de Monumentos Hist\u00f3ricos y Art\u00edsticos.&nbsp;<\/span><\/p>\n<p><span style=\"font-weight: 400;\">En 1964 fue el \u00fanico representante del Per\u00fa en el II Congreso Internacional de Arquitectos y T\u00e9cnicos en Monumentos Hist\u00f3ricos que se llev\u00f3 a cabo en la ciudad de Venecia, Italia. En ese evento conform\u00f3 la vicepresidencia del comit\u00e9, participando activamente en la redacci\u00f3n y posterior firma de la Carta de Venecia, documento que establece los principios comunes que deben presidir la conservaci\u00f3n y la restauraci\u00f3n de las obras monumentales.<\/span><\/p>\n<p><span style=\"color: #850707;\"><strong style=\"font-size: inherit; text-align: justify;\">Fuente: Comunicaci\u00f3n e Imagen Institucional ZAC<\/strong><\/span><\/p>\n<\/div>\n<div style=\"color: #1f1f1f;\">\n<div style=\"color: #1f1f1f;\">\n<p style=\"text-align: justify;\">Fecha de publicaci\u00f3n: 30\/05\/2024<\/p>\n<\/div>\n<\/div>\n\n\n<p><\/p>","protected":false},"excerpt":{"rendered":"<p>Adem\u00e1s, se entregar\u00e1 un reconocimiento al arquitecto V\u00edctor Pimentel. La Zona Arqueol\u00f3gica Caral (ZAC), Unidad Ejecutor 003, invita al p\u00fablico, [&hellip;]<\/p>\n","protected":false},"author":1,"featured_media":17701,"comment_status":"closed","ping_status":"open","sticky":false,"template":"","format":"standard","meta":{"_acf_changed":false,"site-sidebar-layout":"default","site-content-layout":"","ast-site-content-layout":"default","site-content-style":"default","site-sidebar-style":"default","ast-global-header-display":"","ast-banner-title-visibility":"","ast-main-header-display":"","ast-hfb-above-header-display":"","ast-hfb-below-header-display":"","ast-hfb-mobile-header-display":"","site-post-title":"","ast-breadcrumbs-content":"","ast-featured-img":"","footer-sml-layout":"","ast-disable-related-posts":"","theme-transparent-header-meta":"","adv-header-id-meta":"","stick-header-meta":"","header-above-stick-meta":"","header-main-stick-meta":"","header-below-stick-meta":"","astra-migrate-meta-layouts":"default","ast-page-background-enabled":"default","ast-page-background-meta":{"desktop":{"background-color":"var(--ast-global-color-5)","background-image":"","background-repeat":"repeat","background-position":"center center","background-size":"auto","background-attachment":"scroll","background-type":"","background-media":"","overlay-type":"","overlay-color":"","overlay-opacity":"","overlay-gradient":""},"tablet":{"background-color":"","background-image":"","background-repeat":"repeat","background-position":"center center","background-size":"auto","background-attachment":"scroll","background-type":"","background-media":"","overlay-type":"","overlay-color":"","overlay-opacity":"","overlay-gradient":""},"mobile":{"background-color":"","background-image":"","background-repeat":"repeat","background-position":"center center","background-size":"auto","background-attachment":"scroll","background-type":"","background-media":"","overlay-type":"","overlay-color":"","overlay-opacity":"","overlay-gradient":""}},"ast-content-background-meta":{"desktop":{"background-color":"var(--ast-global-color-4)","background-image":"","background-repeat":"repeat","background-position":"center center","background-size":"auto","background-attachment":"scroll","background-type":"","background-media":"","overlay-type":"","overlay-color":"","overlay-opacity":"","overlay-gradient":""},"tablet":{"background-color":"var(--ast-global-color-4)","background-image":"","background-repeat":"repeat","background-position":"center center","background-size":"auto","background-attachment":"scroll","background-type":"","background-media":"","overlay-type":"","overlay-color":"","overlay-opacity":"","overlay-gradient":""},"mobile":{"background-color":"var(--ast-global-color-4)","background-image":"","background-repeat":"repeat","background-position":"center center","background-size":"auto","background-attachment":"scroll","background-type":"","background-media":"","overlay-type":"","overlay-color":"","overlay-opacity":"","overlay-gradient":""}},"footnotes":""},"categories":[208],"tags":[55,72],"class_list":["post-17699","post","type-post","status-publish","format-standard","has-post-thumbnail","hentry","category-noticias","tag-caral","tag-cultura"],"acf":[],"yoast_head":"<!-- This site is optimized with the Yoast SEO plugin v27.3 - https:\/\/yoast.com\/product\/yoast-seo-wordpress\/ -->\n<title>Conferencia: 60 A\u00d1OS DE LA CARTA DE VENECIA Y SU RELEVANCIA EN LA CONSERVACI\u00d3N DE LA CIUDAD SAGRADA DE CARAL<\/title>\n<meta name=\"description\" content=\"La Zona Arqueol\u00f3gica Caral (ZAC), Unidad Ejecutor 003, invita al p\u00fablico, en general, a participar en la conferencia: \u201cRelevancia de la Carta de Venecia en la Conservaci\u00f3n de la Ciudad Sagrada de Caral, Patrimonio Mundial\u201d, a realizarse este viernes, 31 de mayo, a las 5:00 p. m., en las instalaciones del Ministerio de Cultura, ubicado en el distrito de San Borja.\" \/>\n<meta name=\"robots\" content=\"index, follow, max-snippet:-1, max-image-preview:large, max-video-preview:-1\" \/>\n<link rel=\"canonical\" href=\"https:\/\/zonacaral.gob.pe\/en\/noticias\/conferencia-60-anos-de-la-carta-de-venecia-y-su-relevancia-en-la-conservacion-de-la-ciudad-sagrada-de-caral\/\" \/>\n<meta property=\"og:locale\" content=\"en_US\" \/>\n<meta property=\"og:type\" content=\"article\" \/>\n<meta property=\"og:title\" content=\"Conferencia: 60 A\u00d1OS DE LA CARTA DE VENECIA Y SU RELEVANCIA EN LA CONSERVACI\u00d3N DE LA CIUDAD SAGRADA DE CARAL\" \/>\n<meta property=\"og:description\" content=\"La Zona Arqueol\u00f3gica Caral (ZAC), Unidad Ejecutor 003, invita al p\u00fablico, en general, a participar en la conferencia: \u201cRelevancia de la Carta de Venecia en la Conservaci\u00f3n de la Ciudad Sagrada de Caral, Patrimonio Mundial\u201d, a realizarse este viernes, 31 de mayo, a las 5:00 p. m., en las instalaciones del Ministerio de Cultura, ubicado en el distrito de San Borja.\" \/>\n<meta property=\"og:url\" content=\"https:\/\/zonacaral.gob.pe\/en\/noticias\/conferencia-60-anos-de-la-carta-de-venecia-y-su-relevancia-en-la-conservacion-de-la-ciudad-sagrada-de-caral\/\" \/>\n<meta property=\"og:site_name\" content=\"Zona Caral\" \/>\n<meta property=\"article:published_time\" content=\"2024-05-30T15:16:06+00:00\" \/>\n<meta property=\"og:image\" content=\"https:\/\/zonacaral.gob.pe\/wp-content\/uploads\/2024\/05\/evento-31_mayo_1.jpg\" \/>\n\t<meta property=\"og:image:width\" content=\"700\" \/>\n\t<meta property=\"og:image:height\" content=\"395\" \/>\n\t<meta property=\"og:image:type\" content=\"image\/jpeg\" \/>\n<meta name=\"author\" content=\"Zona Caral Administrador\" \/>\n<meta name=\"twitter:card\" content=\"summary_large_image\" \/>\n<meta name=\"twitter:label1\" content=\"Written by\" \/>\n\t<meta name=\"twitter:data1\" content=\"Zona Caral Administrador\" \/>\n\t<meta name=\"twitter:label2\" content=\"Est. reading time\" \/>\n\t<meta name=\"twitter:data2\" content=\"3 minutes\" \/>\n<script type=\"application\/ld+json\" class=\"yoast-schema-graph\">{\"@context\":\"https:\\\/\\\/schema.org\",\"@graph\":[{\"@type\":\"Article\",\"@id\":\"https:\\\/\\\/zonacaral.gob.pe\\\/es\\\/noticias\\\/conferencia-60-anos-de-la-carta-de-venecia-y-su-relevancia-en-la-conservacion-de-la-ciudad-sagrada-de-caral\\\/#article\",\"isPartOf\":{\"@id\":\"https:\\\/\\\/zonacaral.gob.pe\\\/es\\\/noticias\\\/conferencia-60-anos-de-la-carta-de-venecia-y-su-relevancia-en-la-conservacion-de-la-ciudad-sagrada-de-caral\\\/\"},\"author\":{\"name\":\"Zona Caral Administrador\",\"@id\":\"https:\\\/\\\/zonacaral.gob.pe\\\/es\\\/#\\\/schema\\\/person\\\/beddb4d22f71a7230c5b90913270a0ee\"},\"headline\":\"Conferencia: 60 A\u00d1OS DE LA CARTA DE VENECIA Y SU RELEVANCIA EN LA CONSERVACI\u00d3N DE LA CIUDAD SAGRADA DE CARAL\",\"datePublished\":\"2024-05-30T15:16:06+00:00\",\"mainEntityOfPage\":{\"@id\":\"https:\\\/\\\/zonacaral.gob.pe\\\/es\\\/noticias\\\/conferencia-60-anos-de-la-carta-de-venecia-y-su-relevancia-en-la-conservacion-de-la-ciudad-sagrada-de-caral\\\/\"},\"wordCount\":645,\"image\":{\"@id\":\"https:\\\/\\\/zonacaral.gob.pe\\\/es\\\/noticias\\\/conferencia-60-anos-de-la-carta-de-venecia-y-su-relevancia-en-la-conservacion-de-la-ciudad-sagrada-de-caral\\\/#primaryimage\"},\"thumbnailUrl\":\"https:\\\/\\\/zonacaral.gob.pe\\\/wp-content\\\/uploads\\\/2024\\\/05\\\/evento-31_mayo_1.jpg\",\"keywords\":[\"caral\",\"Cultura\"],\"articleSection\":[\"noticias\"],\"inLanguage\":\"en-US\"},{\"@type\":\"WebPage\",\"@id\":\"https:\\\/\\\/zonacaral.gob.pe\\\/es\\\/noticias\\\/conferencia-60-anos-de-la-carta-de-venecia-y-su-relevancia-en-la-conservacion-de-la-ciudad-sagrada-de-caral\\\/\",\"url\":\"https:\\\/\\\/zonacaral.gob.pe\\\/es\\\/noticias\\\/conferencia-60-anos-de-la-carta-de-venecia-y-su-relevancia-en-la-conservacion-de-la-ciudad-sagrada-de-caral\\\/\",\"name\":\"Conferencia: 60 A\u00d1OS DE LA CARTA DE VENECIA Y SU RELEVANCIA EN LA CONSERVACI\u00d3N DE LA CIUDAD SAGRADA DE CARAL\",\"isPartOf\":{\"@id\":\"https:\\\/\\\/zonacaral.gob.pe\\\/es\\\/#website\"},\"primaryImageOfPage\":{\"@id\":\"https:\\\/\\\/zonacaral.gob.pe\\\/es\\\/noticias\\\/conferencia-60-anos-de-la-carta-de-venecia-y-su-relevancia-en-la-conservacion-de-la-ciudad-sagrada-de-caral\\\/#primaryimage\"},\"image\":{\"@id\":\"https:\\\/\\\/zonacaral.gob.pe\\\/es\\\/noticias\\\/conferencia-60-anos-de-la-carta-de-venecia-y-su-relevancia-en-la-conservacion-de-la-ciudad-sagrada-de-caral\\\/#primaryimage\"},\"thumbnailUrl\":\"https:\\\/\\\/zonacaral.gob.pe\\\/wp-content\\\/uploads\\\/2024\\\/05\\\/evento-31_mayo_1.jpg\",\"datePublished\":\"2024-05-30T15:16:06+00:00\",\"author\":{\"@id\":\"https:\\\/\\\/zonacaral.gob.pe\\\/es\\\/#\\\/schema\\\/person\\\/beddb4d22f71a7230c5b90913270a0ee\"},\"description\":\"La Zona Arqueol\u00f3gica Caral (ZAC), Unidad Ejecutor 003, invita al p\u00fablico, en general, a participar en la conferencia: \u201cRelevancia de la Carta de Venecia en la Conservaci\u00f3n de la Ciudad Sagrada de Caral, Patrimonio Mundial\u201d, a realizarse este viernes, 31 de mayo, a las 5:00 p. m., en las instalaciones del Ministerio de Cultura, ubicado en el distrito de San Borja.\",\"breadcrumb\":{\"@id\":\"https:\\\/\\\/zonacaral.gob.pe\\\/es\\\/noticias\\\/conferencia-60-anos-de-la-carta-de-venecia-y-su-relevancia-en-la-conservacion-de-la-ciudad-sagrada-de-caral\\\/#breadcrumb\"},\"inLanguage\":\"en-US\",\"potentialAction\":[{\"@type\":\"ReadAction\",\"target\":[\"https:\\\/\\\/zonacaral.gob.pe\\\/es\\\/noticias\\\/conferencia-60-anos-de-la-carta-de-venecia-y-su-relevancia-en-la-conservacion-de-la-ciudad-sagrada-de-caral\\\/\"]}]},{\"@type\":\"ImageObject\",\"inLanguage\":\"en-US\",\"@id\":\"https:\\\/\\\/zonacaral.gob.pe\\\/es\\\/noticias\\\/conferencia-60-anos-de-la-carta-de-venecia-y-su-relevancia-en-la-conservacion-de-la-ciudad-sagrada-de-caral\\\/#primaryimage\",\"url\":\"https:\\\/\\\/zonacaral.gob.pe\\\/wp-content\\\/uploads\\\/2024\\\/05\\\/evento-31_mayo_1.jpg\",\"contentUrl\":\"https:\\\/\\\/zonacaral.gob.pe\\\/wp-content\\\/uploads\\\/2024\\\/05\\\/evento-31_mayo_1.jpg\",\"width\":700,\"height\":395},{\"@type\":\"BreadcrumbList\",\"@id\":\"https:\\\/\\\/zonacaral.gob.pe\\\/es\\\/noticias\\\/conferencia-60-anos-de-la-carta-de-venecia-y-su-relevancia-en-la-conservacion-de-la-ciudad-sagrada-de-caral\\\/#breadcrumb\",\"itemListElement\":[{\"@type\":\"ListItem\",\"position\":1,\"name\":\"Portada\",\"item\":\"https:\\\/\\\/zonacaral.gob.pe\\\/\"},{\"@type\":\"ListItem\",\"position\":2,\"name\":\"Conferencia: 60 A\u00d1OS DE LA CARTA DE VENECIA Y SU RELEVANCIA EN LA CONSERVACI\u00d3N DE LA CIUDAD SAGRADA DE CARAL\"}]},{\"@type\":\"WebSite\",\"@id\":\"https:\\\/\\\/zonacaral.gob.pe\\\/es\\\/#website\",\"url\":\"https:\\\/\\\/zonacaral.gob.pe\\\/es\\\/\",\"name\":\"Zona Caral\",\"description\":\"Investigamos, conservamos y difundimos el patrimonio cultural de la Civilizaci\u00f3n Caral, la m\u00e1s antigua de Am\u00e9rica.\",\"potentialAction\":[{\"@type\":\"SearchAction\",\"target\":{\"@type\":\"EntryPoint\",\"urlTemplate\":\"https:\\\/\\\/zonacaral.gob.pe\\\/es\\\/?s={search_term_string}\"},\"query-input\":{\"@type\":\"PropertyValueSpecification\",\"valueRequired\":true,\"valueName\":\"search_term_string\"}}],\"inLanguage\":\"en-US\"},{\"@type\":\"Person\",\"@id\":\"https:\\\/\\\/zonacaral.gob.pe\\\/es\\\/#\\\/schema\\\/person\\\/beddb4d22f71a7230c5b90913270a0ee\",\"name\":\"Zona Caral Administrador\",\"image\":{\"@type\":\"ImageObject\",\"inLanguage\":\"en-US\",\"@id\":\"https:\\\/\\\/secure.gravatar.com\\\/avatar\\\/e4be162918a696358376de6446614e0f0f4062bdc5d170d6d540ada3d8b58c12?s=96&d=mm&r=g\",\"url\":\"https:\\\/\\\/secure.gravatar.com\\\/avatar\\\/e4be162918a696358376de6446614e0f0f4062bdc5d170d6d540ada3d8b58c12?s=96&d=mm&r=g\",\"contentUrl\":\"https:\\\/\\\/secure.gravatar.com\\\/avatar\\\/e4be162918a696358376de6446614e0f0f4062bdc5d170d6d540ada3d8b58c12?s=96&d=mm&r=g\",\"caption\":\"Zona Caral Administrador\"},\"sameAs\":[\"https:\\\/\\\/zonacaral.gob.pe\"],\"url\":\"https:\\\/\\\/zonacaral.gob.pe\\\/en\\\/noticias\\\/author\\\/ad_zonacaral\\\/\"}]}<\/script>\n<!-- \/ Yoast SEO plugin. -->","yoast_head_json":{"title":"Conferencia: 60 A\u00d1OS DE LA CARTA DE VENECIA Y SU RELEVANCIA EN LA CONSERVACI\u00d3N DE LA CIUDAD SAGRADA DE CARAL","description":"La Zona Arqueol\u00f3gica Caral (ZAC), Unidad Ejecutor 003, invita al p\u00fablico, en general, a participar en la conferencia: \u201cRelevancia de la Carta de Venecia en la Conservaci\u00f3n de la Ciudad Sagrada de Caral, Patrimonio Mundial\u201d, a realizarse este viernes, 31 de mayo, a las 5:00 p. m., en las instalaciones del Ministerio de Cultura, ubicado en el distrito de San Borja.","robots":{"index":"index","follow":"follow","max-snippet":"max-snippet:-1","max-image-preview":"max-image-preview:large","max-video-preview":"max-video-preview:-1"},"canonical":"https:\/\/zonacaral.gob.pe\/en\/noticias\/conferencia-60-anos-de-la-carta-de-venecia-y-su-relevancia-en-la-conservacion-de-la-ciudad-sagrada-de-caral\/","og_locale":"en_US","og_type":"article","og_title":"Conferencia: 60 A\u00d1OS DE LA CARTA DE VENECIA Y SU RELEVANCIA EN LA CONSERVACI\u00d3N DE LA CIUDAD SAGRADA DE CARAL","og_description":"La Zona Arqueol\u00f3gica Caral (ZAC), Unidad Ejecutor 003, invita al p\u00fablico, en general, a participar en la conferencia: \u201cRelevancia de la Carta de Venecia en la Conservaci\u00f3n de la Ciudad Sagrada de Caral, Patrimonio Mundial\u201d, a realizarse este viernes, 31 de mayo, a las 5:00 p. m., en las instalaciones del Ministerio de Cultura, ubicado en el distrito de San Borja.","og_url":"https:\/\/zonacaral.gob.pe\/en\/noticias\/conferencia-60-anos-de-la-carta-de-venecia-y-su-relevancia-en-la-conservacion-de-la-ciudad-sagrada-de-caral\/","og_site_name":"Zona Caral","article_published_time":"2024-05-30T15:16:06+00:00","og_image":[{"width":700,"height":395,"url":"https:\/\/zonacaral.gob.pe\/wp-content\/uploads\/2024\/05\/evento-31_mayo_1.jpg","type":"image\/jpeg"}],"author":"Zona Caral Administrador","twitter_card":"summary_large_image","twitter_misc":{"Written by":"Zona Caral Administrador","Est. reading time":"3 minutes"},"schema":{"@context":"https:\/\/schema.org","@graph":[{"@type":"Article","@id":"https:\/\/zonacaral.gob.pe\/es\/noticias\/conferencia-60-anos-de-la-carta-de-venecia-y-su-relevancia-en-la-conservacion-de-la-ciudad-sagrada-de-caral\/#article","isPartOf":{"@id":"https:\/\/zonacaral.gob.pe\/es\/noticias\/conferencia-60-anos-de-la-carta-de-venecia-y-su-relevancia-en-la-conservacion-de-la-ciudad-sagrada-de-caral\/"},"author":{"name":"Zona Caral Administrador","@id":"https:\/\/zonacaral.gob.pe\/es\/#\/schema\/person\/beddb4d22f71a7230c5b90913270a0ee"},"headline":"Conferencia: 60 A\u00d1OS DE LA CARTA DE VENECIA Y SU RELEVANCIA EN LA CONSERVACI\u00d3N DE LA CIUDAD SAGRADA DE CARAL","datePublished":"2024-05-30T15:16:06+00:00","mainEntityOfPage":{"@id":"https:\/\/zonacaral.gob.pe\/es\/noticias\/conferencia-60-anos-de-la-carta-de-venecia-y-su-relevancia-en-la-conservacion-de-la-ciudad-sagrada-de-caral\/"},"wordCount":645,"image":{"@id":"https:\/\/zonacaral.gob.pe\/es\/noticias\/conferencia-60-anos-de-la-carta-de-venecia-y-su-relevancia-en-la-conservacion-de-la-ciudad-sagrada-de-caral\/#primaryimage"},"thumbnailUrl":"https:\/\/zonacaral.gob.pe\/wp-content\/uploads\/2024\/05\/evento-31_mayo_1.jpg","keywords":["caral","Cultura"],"articleSection":["noticias"],"inLanguage":"en-US"},{"@type":"WebPage","@id":"https:\/\/zonacaral.gob.pe\/es\/noticias\/conferencia-60-anos-de-la-carta-de-venecia-y-su-relevancia-en-la-conservacion-de-la-ciudad-sagrada-de-caral\/","url":"https:\/\/zonacaral.gob.pe\/es\/noticias\/conferencia-60-anos-de-la-carta-de-venecia-y-su-relevancia-en-la-conservacion-de-la-ciudad-sagrada-de-caral\/","name":"Conferencia: 60 A\u00d1OS DE LA CARTA DE VENECIA Y SU RELEVANCIA EN LA CONSERVACI\u00d3N DE LA CIUDAD SAGRADA DE CARAL","isPartOf":{"@id":"https:\/\/zonacaral.gob.pe\/es\/#website"},"primaryImageOfPage":{"@id":"https:\/\/zonacaral.gob.pe\/es\/noticias\/conferencia-60-anos-de-la-carta-de-venecia-y-su-relevancia-en-la-conservacion-de-la-ciudad-sagrada-de-caral\/#primaryimage"},"image":{"@id":"https:\/\/zonacaral.gob.pe\/es\/noticias\/conferencia-60-anos-de-la-carta-de-venecia-y-su-relevancia-en-la-conservacion-de-la-ciudad-sagrada-de-caral\/#primaryimage"},"thumbnailUrl":"https:\/\/zonacaral.gob.pe\/wp-content\/uploads\/2024\/05\/evento-31_mayo_1.jpg","datePublished":"2024-05-30T15:16:06+00:00","author":{"@id":"https:\/\/zonacaral.gob.pe\/es\/#\/schema\/person\/beddb4d22f71a7230c5b90913270a0ee"},"description":"La Zona Arqueol\u00f3gica Caral (ZAC), Unidad Ejecutor 003, invita al p\u00fablico, en general, a participar en la conferencia: \u201cRelevancia de la Carta de Venecia en la Conservaci\u00f3n de la Ciudad Sagrada de Caral, Patrimonio Mundial\u201d, a realizarse este viernes, 31 de mayo, a las 5:00 p. m., en las instalaciones del Ministerio de Cultura, ubicado en el distrito de San Borja.","breadcrumb":{"@id":"https:\/\/zonacaral.gob.pe\/es\/noticias\/conferencia-60-anos-de-la-carta-de-venecia-y-su-relevancia-en-la-conservacion-de-la-ciudad-sagrada-de-caral\/#breadcrumb"},"inLanguage":"en-US","potentialAction":[{"@type":"ReadAction","target":["https:\/\/zonacaral.gob.pe\/es\/noticias\/conferencia-60-anos-de-la-carta-de-venecia-y-su-relevancia-en-la-conservacion-de-la-ciudad-sagrada-de-caral\/"]}]},{"@type":"ImageObject","inLanguage":"en-US","@id":"https:\/\/zonacaral.gob.pe\/es\/noticias\/conferencia-60-anos-de-la-carta-de-venecia-y-su-relevancia-en-la-conservacion-de-la-ciudad-sagrada-de-caral\/#primaryimage","url":"https:\/\/zonacaral.gob.pe\/wp-content\/uploads\/2024\/05\/evento-31_mayo_1.jpg","contentUrl":"https:\/\/zonacaral.gob.pe\/wp-content\/uploads\/2024\/05\/evento-31_mayo_1.jpg","width":700,"height":395},{"@type":"BreadcrumbList","@id":"https:\/\/zonacaral.gob.pe\/es\/noticias\/conferencia-60-anos-de-la-carta-de-venecia-y-su-relevancia-en-la-conservacion-de-la-ciudad-sagrada-de-caral\/#breadcrumb","itemListElement":[{"@type":"ListItem","position":1,"name":"Portada","item":"https:\/\/zonacaral.gob.pe\/"},{"@type":"ListItem","position":2,"name":"Conferencia: 60 A\u00d1OS DE LA CARTA DE VENECIA Y SU RELEVANCIA EN LA CONSERVACI\u00d3N DE LA CIUDAD SAGRADA DE CARAL"}]},{"@type":"WebSite","@id":"https:\/\/zonacaral.gob.pe\/es\/#website","url":"https:\/\/zonacaral.gob.pe\/es\/","name":"Zona Caral","description":"Investigamos, conservamos y difundimos el patrimonio cultural de la Civilizaci\u00f3n Caral, la m\u00e1s antigua de Am\u00e9rica.","potentialAction":[{"@type":"SearchAction","target":{"@type":"EntryPoint","urlTemplate":"https:\/\/zonacaral.gob.pe\/es\/?s={search_term_string}"},"query-input":{"@type":"PropertyValueSpecification","valueRequired":true,"valueName":"search_term_string"}}],"inLanguage":"en-US"},{"@type":"Person","@id":"https:\/\/zonacaral.gob.pe\/es\/#\/schema\/person\/beddb4d22f71a7230c5b90913270a0ee","name":"Zona Caral Administrador","image":{"@type":"ImageObject","inLanguage":"en-US","@id":"https:\/\/secure.gravatar.com\/avatar\/e4be162918a696358376de6446614e0f0f4062bdc5d170d6d540ada3d8b58c12?s=96&d=mm&r=g","url":"https:\/\/secure.gravatar.com\/avatar\/e4be162918a696358376de6446614e0f0f4062bdc5d170d6d540ada3d8b58c12?s=96&d=mm&r=g","contentUrl":"https:\/\/secure.gravatar.com\/avatar\/e4be162918a696358376de6446614e0f0f4062bdc5d170d6d540ada3d8b58c12?s=96&d=mm&r=g","caption":"Zona Caral Administrador"},"sameAs":["https:\/\/zonacaral.gob.pe"],"url":"https:\/\/zonacaral.gob.pe\/en\/noticias\/author\/ad_zonacaral\/"}]}},"_links":{"self":[{"href":"https:\/\/zonacaral.gob.pe\/en\/wp-json\/wp\/v2\/posts\/17699","targetHints":{"allow":["GET"]}}],"collection":[{"href":"https:\/\/zonacaral.gob.pe\/en\/wp-json\/wp\/v2\/posts"}],"about":[{"href":"https:\/\/zonacaral.gob.pe\/en\/wp-json\/wp\/v2\/types\/post"}],"author":[{"embeddable":true,"href":"https:\/\/zonacaral.gob.pe\/en\/wp-json\/wp\/v2\/users\/1"}],"replies":[{"embeddable":true,"href":"https:\/\/zonacaral.gob.pe\/en\/wp-json\/wp\/v2\/comments?post=17699"}],"version-history":[{"count":0,"href":"https:\/\/zonacaral.gob.pe\/en\/wp-json\/wp\/v2\/posts\/17699\/revisions"}],"wp:featuredmedia":[{"embeddable":true,"href":"https:\/\/zonacaral.gob.pe\/en\/wp-json\/wp\/v2\/media\/17701"}],"wp:attachment":[{"href":"https:\/\/zonacaral.gob.pe\/en\/wp-json\/wp\/v2\/media?parent=17699"}],"wp:term":[{"taxonomy":"category","embeddable":true,"href":"https:\/\/zonacaral.gob.pe\/en\/wp-json\/wp\/v2\/categories?post=17699"},{"taxonomy":"post_tag","embeddable":true,"href":"https:\/\/zonacaral.gob.pe\/en\/wp-json\/wp\/v2\/tags?post=17699"}],"curies":[{"name":"wp","href":"https:\/\/api.w.org\/{rel}","templated":true}]}}