{"id":17706,"date":"2024-06-05T11:04:45","date_gmt":"2024-06-05T16:04:45","guid":{"rendered":"https:\/\/www.zonacaral.gob.pe\/?p=17706"},"modified":"2024-06-05T11:04:45","modified_gmt":"2024-06-05T16:04:45","slug":"conmemoran-60-anos-de-la-carta-de-venecia-con-homenaje-al-arquitecto-victor-pimentel-gurmendi","status":"publish","type":"post","link":"https:\/\/zonacaral.gob.pe\/en\/noticias\/conmemoran-60-anos-de-la-carta-de-venecia-con-homenaje-al-arquitecto-victor-pimentel-gurmendi\/","title":{"rendered":"Conmemoran 60 a\u00f1os de la Carta de Venecia con homenaje al arquitecto V\u00edctor Pimentel Gurmendi"},"content":{"rendered":"<figure class=\"pic-autor\" style=\"color: #4d4d4d; text-align: justify;\"><\/figure>\n<div class=\"gmail_default\" style=\"text-align: justify;\">\n<blockquote>\n<p><i><span style=\"font-weight: 400;\">Adem\u00e1s, se dio a conocer la vinculaci\u00f3n de esa importante carta con la conservaci\u00f3n del patrimonio cultural de la Civilizaci\u00f3n Caral.&nbsp; <\/span><\/i><\/p>\n<\/blockquote>\n<p><span style=\"font-weight: 400;\">En la conferencia \u00abRelevancia de la Carta de Venecia en la conservaci\u00f3n de la Ciudad Sagrada de Caral, Patrimonio Mundial\u00bb, realizada el viernes 31 en el Ministerio de Cultura, la doctora Ruth Shady Sol\u00eds, directora de Zona Arqueol\u00f3gica Caral (ZAC), Unidad Ejecutora 003, entreg\u00f3 el <\/span><i><span style=\"font-weight: 400;\">\u201cTrofeo Caral\u201d<\/span><\/i><span style=\"font-weight: 400;\"> al arquitecto V\u00edctor Pimentel Gurmendi, pionero de la restauraci\u00f3n y conservaci\u00f3n de monumentos y sitios del patrimonio en nuestro pa\u00eds.<\/span><\/p>\n<p><span style=\"font-weight: 400;\">\u201cGracias arquitecto Pimentel por sus valiosos aportes en la protecci\u00f3n y cuidados de nuestro milenario patrimonio cultural, en especial, de las antiguas ciudades de la civilizaci\u00f3n Caral. Gracias por su identificaci\u00f3n con nuestra historia, que debe ser un ejemplo para todos los profesionales en nuestro pa\u00eds\u201d, sostuvo la arque\u00f3loga Shady Sol\u00eds.<\/span><\/p>\n<p><span style=\"font-weight: 400;\">Asimismo, la doctora Shady brind\u00f3 detalles del trabajo de puesta en valor del patrimonio cultural que viene realizando, desde hace 30 a\u00f1os, en doce antiguos centros urbanos de Caral, junto al equipo multidisciplinario de la ZAC.<\/span><\/p>\n<p><span style=\"font-weight: 400;\">Por su parte, el arquitecto Pimentel agradeci\u00f3 el reconocimiento recibido y refiri\u00f3 algunos detalles de su participaci\u00f3n en la redacci\u00f3n y firma de la Carta de Venecia en 1964, durante el II Congreso Internacional de Arquitectos y T\u00e9cnicos de Monumentos Hist\u00f3ricos, realizado en Italia.<\/span><\/p>\n<p><span style=\"font-weight: 400;\">Tambi\u00e9n, el arquitecto conmemor\u00f3 un a\u00f1o m\u00e1s del fat\u00eddico terremoto ocurrido en el pa\u00eds el 31 de mayo de 1970, donde, en \u00c1ncash, falleci\u00f3 su hermana mayor, y pidi\u00f3 no olvidar a las personas que perdieron la vida en ese desastre natural, sugiriendo que se tomen precauciones para evitar da\u00f1os como los de esa fecha.<\/span><\/p>\n<p><span style=\"font-weight: 400;\">Durante la conferencia, la arque\u00f3loga Carmen de los Milagros Salas Cuadros, Coordinadora de Conservaci\u00f3n de Sitios Arqueol\u00f3gicos de la ZAC, expuso los principios y criterios de la \u201cCarta de Venecia\u201d, y c\u00f3mo cada recomendaci\u00f3n t\u00e9cnica y \u00e9tica ha sido aplicada en la conservaci\u00f3n de los monumentos de las antiguas ciudades de la civilizaci\u00f3n Caral.&nbsp;<\/span><\/p>\n<p><span style=\"font-weight: 400;\">La arque\u00f3loga Salas sostuvo que la ZAC se ha planteado seis directrices basadas en la carta: <\/span><i><span style=\"font-weight: 400;\">la<\/span><\/i> <i><span style=\"font-weight: 400;\">valoraci\u00f3n del patrimonio cultural<\/span><\/i><span style=\"font-weight: 400;\">, no solo desde un punto art\u00edstico e hist\u00f3rico sino tambi\u00e9n con \u00e9nfasis en <\/span><i><span style=\"font-weight: 400;\">la autenticidad e integridad y del significado cultural,<\/span><\/i><span style=\"font-weight: 400;\"> evitando la falsificaci\u00f3n o reconstrucci\u00f3n; y en el <\/span><i><span style=\"font-weight: 400;\">enfoque hol\u00edstico, integral y sostenible,<\/span><\/i><span style=\"font-weight: 400;\"> preservando, adem\u00e1s del sitio arqueol\u00f3gico, el entorno natural y cultural local.<\/span><\/p>\n<p><span style=\"font-weight: 400;\">Adem\u00e1s, dijo que se hace un <\/span><i><span style=\"font-weight: 400;\">uso prudente de la tecnolog\u00eda<\/span><\/i><span style=\"font-weight: 400;\"> en la conservaci\u00f3n del patrimonio cultural; se tiene una constante <\/span><i><span style=\"font-weight: 400;\">participaci\u00f3n comunitaria<\/span><\/i><span style=\"font-weight: 400;\"> en los procesos de conservaci\u00f3n y gesti\u00f3n efectiva del sitio, y se promueve el sentido de pertenencia y responsabilidad hacia su preservaci\u00f3n. Por ejemplo, se realizan actividades culturales, talleres, entre otras actividades, como el programa Caral en la Escuela.<\/span><\/p>\n<p><span style=\"font-weight: 400;\">Y, finalmente, dijo que la ZAC reconoce, fomenta y promueve la <\/span><i><span style=\"font-weight: 400;\">investigaci\u00f3n, educaci\u00f3n y sensibilidad<\/span><\/i><span style=\"font-weight: 400;\">, a trav\u00e9s de charlas y capacitaciones virtuales y presenciales.<\/span><\/p>\n<p><b>CARTA DE VENECIA<\/b><\/p>\n<p><span style=\"font-weight: 400;\">La Carta de Venecia o Carta Internacional para la Conservaci\u00f3n y Restauraci\u00f3n de Monumentos y Sitios, se elabor\u00f3 en Venecia, Italia, en 1964. En el documento se establecieron los siguientes principios y definiciones: \u00abmonumento hist\u00f3rico\u00bb, \u00abconservaci\u00f3n\u00bb y \u00abrestauraci\u00f3n\u00bb, cuyos objetivos se refieren no s\u00f3lo a las grandes creaciones, sino tambi\u00e9n a las obras modestas que han adquirido con el tiempo una significaci\u00f3n cultural.<\/span><\/p>\n<p><b>ARQUITECTO V\u00cdCTOR PIMENTEL<\/b><\/p>\n<p><span style=\"font-weight: 400;\">El arquitecto V\u00edctor Pimentel es considerado un pionero en la defensa de la memoria hist\u00f3rica de los pueblos y la conservaci\u00f3n de sus obras monumentales. Su trabajo parti\u00f3 de Per\u00fa y se expandi\u00f3 a otros pa\u00edses como: Brasil, Argentina, Panam\u00e1, Costa Rica, Guatemala y M\u00e9xico.<\/span><\/p>\n<p><span style=\"font-weight: 400;\">Adem\u00e1s, trabaj\u00f3 en la conservaci\u00f3n de los monumentos hist\u00f3ricos de la Civilizaci\u00f3n Caral, aportando de este modo a la preservaci\u00f3n de los doce sitios arqueol\u00f3gicos que interviene la ZAC. Finalmente, redact\u00f3 y firm\u00f3 la llamada \u201cCarta Caral al mundo\u201d, junto a destacados ingenieros del pa\u00eds, en 2015.<\/span><\/p>\n<p><span style=\"color: #850707;\"><strong style=\"font-size: inherit; text-align: justify;\">Fuente: Comunicaci\u00f3n e Imagen Institucional ZAC<\/strong><\/span><\/p>\n<\/div>\n<div style=\"color: #1f1f1f;\">\n<div style=\"color: #1f1f1f;\">\n<p style=\"text-align: justify;\">Fecha de publicaci\u00f3n: 05\/06\/2024<\/p>\n<\/div>\n<\/div>\n\n\n<p><\/p>","protected":false},"excerpt":{"rendered":"<p>Adem\u00e1s, se dio a conocer la vinculaci\u00f3n de esa importante carta con la conservaci\u00f3n del patrimonio cultural de la Civilizaci\u00f3n [&hellip;]<\/p>\n","protected":false},"author":1,"featured_media":17709,"comment_status":"closed","ping_status":"open","sticky":false,"template":"","format":"standard","meta":{"_acf_changed":false,"site-sidebar-layout":"default","site-content-layout":"","ast-site-content-layout":"default","site-content-style":"default","site-sidebar-style":"default","ast-global-header-display":"","ast-banner-title-visibility":"","ast-main-header-display":"","ast-hfb-above-header-display":"","ast-hfb-below-header-display":"","ast-hfb-mobile-header-display":"","site-post-title":"","ast-breadcrumbs-content":"","ast-featured-img":"","footer-sml-layout":"","ast-disable-related-posts":"","theme-transparent-header-meta":"","adv-header-id-meta":"","stick-header-meta":"","header-above-stick-meta":"","header-main-stick-meta":"","header-below-stick-meta":"","astra-migrate-meta-layouts":"default","ast-page-background-enabled":"default","ast-page-background-meta":{"desktop":{"background-color":"var(--ast-global-color-5)","background-image":"","background-repeat":"repeat","background-position":"center center","background-size":"auto","background-attachment":"scroll","background-type":"","background-media":"","overlay-type":"","overlay-color":"","overlay-opacity":"","overlay-gradient":""},"tablet":{"background-color":"","background-image":"","background-repeat":"repeat","background-position":"center center","background-size":"auto","background-attachment":"scroll","background-type":"","background-media":"","overlay-type":"","overlay-color":"","overlay-opacity":"","overlay-gradient":""},"mobile":{"background-color":"","background-image":"","background-repeat":"repeat","background-position":"center center","background-size":"auto","background-attachment":"scroll","background-type":"","background-media":"","overlay-type":"","overlay-color":"","overlay-opacity":"","overlay-gradient":""}},"ast-content-background-meta":{"desktop":{"background-color":"var(--ast-global-color-4)","background-image":"","background-repeat":"repeat","background-position":"center center","background-size":"auto","background-attachment":"scroll","background-type":"","background-media":"","overlay-type":"","overlay-color":"","overlay-opacity":"","overlay-gradient":""},"tablet":{"background-color":"var(--ast-global-color-4)","background-image":"","background-repeat":"repeat","background-position":"center center","background-size":"auto","background-attachment":"scroll","background-type":"","background-media":"","overlay-type":"","overlay-color":"","overlay-opacity":"","overlay-gradient":""},"mobile":{"background-color":"var(--ast-global-color-4)","background-image":"","background-repeat":"repeat","background-position":"center center","background-size":"auto","background-attachment":"scroll","background-type":"","background-media":"","overlay-type":"","overlay-color":"","overlay-opacity":"","overlay-gradient":""}},"footnotes":""},"categories":[208],"tags":[55,72],"class_list":["post-17706","post","type-post","status-publish","format-standard","has-post-thumbnail","hentry","category-noticias","tag-caral","tag-cultura"],"acf":[],"yoast_head":"<!-- This site is optimized with the Yoast SEO plugin v27.3 - https:\/\/yoast.com\/product\/yoast-seo-wordpress\/ -->\n<title>Conmemoran 60 a\u00f1os de la Carta de Venecia con homenaje al arquitecto V\u00edctor Pimentel Gurmendi<\/title>\n<meta name=\"description\" content=\"En la conferencia \u00abRelevancia de la Carta de Venecia en la conservaci\u00f3n de la Ciudad Sagrada de Caral, Patrimonio Mundial\u00bb, realizada el viernes 31 en el Ministerio de Cultura, la doctora Ruth Shady Sol\u00eds, directora de Zona Arqueol\u00f3gica Caral (ZAC), Unidad Ejecutora 003, entreg\u00f3 el \u201cTrofeo Caral\u201d al arquitecto V\u00edctor Pimentel Gurmendi, pionero de la restauraci\u00f3n y conservaci\u00f3n de monumentos y sitios del patrimonio en nuestro pa\u00eds.\" \/>\n<meta name=\"robots\" content=\"index, follow, max-snippet:-1, max-image-preview:large, max-video-preview:-1\" \/>\n<link rel=\"canonical\" href=\"https:\/\/zonacaral.gob.pe\/en\/noticias\/conmemoran-60-anos-de-la-carta-de-venecia-con-homenaje-al-arquitecto-victor-pimentel-gurmendi\/\" \/>\n<meta property=\"og:locale\" content=\"en_US\" \/>\n<meta property=\"og:type\" content=\"article\" \/>\n<meta property=\"og:title\" content=\"Conmemoran 60 a\u00f1os de la Carta de Venecia con homenaje al arquitecto V\u00edctor Pimentel Gurmendi\" \/>\n<meta property=\"og:description\" content=\"En la conferencia \u00abRelevancia de la Carta de Venecia en la conservaci\u00f3n de la Ciudad Sagrada de Caral, Patrimonio Mundial\u00bb, realizada el viernes 31 en el Ministerio de Cultura, la doctora Ruth Shady Sol\u00eds, directora de Zona Arqueol\u00f3gica Caral (ZAC), Unidad Ejecutora 003, entreg\u00f3 el \u201cTrofeo Caral\u201d al arquitecto V\u00edctor Pimentel Gurmendi, pionero de la restauraci\u00f3n y conservaci\u00f3n de monumentos y sitios del patrimonio en nuestro pa\u00eds.\" \/>\n<meta property=\"og:url\" content=\"https:\/\/zonacaral.gob.pe\/en\/noticias\/conmemoran-60-anos-de-la-carta-de-venecia-con-homenaje-al-arquitecto-victor-pimentel-gurmendi\/\" \/>\n<meta property=\"og:site_name\" content=\"Zona Caral\" \/>\n<meta property=\"article:published_time\" content=\"2024-06-05T16:04:45+00:00\" \/>\n<meta property=\"og:image\" content=\"https:\/\/zonacaral.gob.pe\/wp-content\/uploads\/2024\/06\/Reconocimiento-Pimentel-1.jpg\" \/>\n\t<meta property=\"og:image:width\" content=\"700\" \/>\n\t<meta property=\"og:image:height\" content=\"395\" \/>\n\t<meta property=\"og:image:type\" content=\"image\/jpeg\" \/>\n<meta name=\"author\" content=\"Zona Caral Administrador\" \/>\n<meta name=\"twitter:card\" content=\"summary_large_image\" \/>\n<meta name=\"twitter:label1\" content=\"Written by\" \/>\n\t<meta name=\"twitter:data1\" content=\"Zona Caral Administrador\" \/>\n\t<meta name=\"twitter:label2\" content=\"Est. reading time\" \/>\n\t<meta name=\"twitter:data2\" content=\"4 minutes\" \/>\n<script type=\"application\/ld+json\" class=\"yoast-schema-graph\">{\"@context\":\"https:\\\/\\\/schema.org\",\"@graph\":[{\"@type\":\"Article\",\"@id\":\"https:\\\/\\\/zonacaral.gob.pe\\\/es\\\/noticias\\\/conmemoran-60-anos-de-la-carta-de-venecia-con-homenaje-al-arquitecto-victor-pimentel-gurmendi\\\/#article\",\"isPartOf\":{\"@id\":\"https:\\\/\\\/zonacaral.gob.pe\\\/es\\\/noticias\\\/conmemoran-60-anos-de-la-carta-de-venecia-con-homenaje-al-arquitecto-victor-pimentel-gurmendi\\\/\"},\"author\":{\"name\":\"Zona Caral Administrador\",\"@id\":\"https:\\\/\\\/zonacaral.gob.pe\\\/es\\\/#\\\/schema\\\/person\\\/beddb4d22f71a7230c5b90913270a0ee\"},\"headline\":\"Conmemoran 60 a\u00f1os de la Carta de Venecia con homenaje al arquitecto V\u00edctor Pimentel Gurmendi\",\"datePublished\":\"2024-06-05T16:04:45+00:00\",\"mainEntityOfPage\":{\"@id\":\"https:\\\/\\\/zonacaral.gob.pe\\\/es\\\/noticias\\\/conmemoran-60-anos-de-la-carta-de-venecia-con-homenaje-al-arquitecto-victor-pimentel-gurmendi\\\/\"},\"wordCount\":739,\"image\":{\"@id\":\"https:\\\/\\\/zonacaral.gob.pe\\\/es\\\/noticias\\\/conmemoran-60-anos-de-la-carta-de-venecia-con-homenaje-al-arquitecto-victor-pimentel-gurmendi\\\/#primaryimage\"},\"thumbnailUrl\":\"https:\\\/\\\/zonacaral.gob.pe\\\/wp-content\\\/uploads\\\/2024\\\/06\\\/Reconocimiento-Pimentel-1.jpg\",\"keywords\":[\"caral\",\"Cultura\"],\"articleSection\":[\"noticias\"],\"inLanguage\":\"en-US\"},{\"@type\":\"WebPage\",\"@id\":\"https:\\\/\\\/zonacaral.gob.pe\\\/es\\\/noticias\\\/conmemoran-60-anos-de-la-carta-de-venecia-con-homenaje-al-arquitecto-victor-pimentel-gurmendi\\\/\",\"url\":\"https:\\\/\\\/zonacaral.gob.pe\\\/es\\\/noticias\\\/conmemoran-60-anos-de-la-carta-de-venecia-con-homenaje-al-arquitecto-victor-pimentel-gurmendi\\\/\",\"name\":\"Conmemoran 60 a\u00f1os de la Carta de Venecia con homenaje al arquitecto V\u00edctor Pimentel Gurmendi\",\"isPartOf\":{\"@id\":\"https:\\\/\\\/zonacaral.gob.pe\\\/es\\\/#website\"},\"primaryImageOfPage\":{\"@id\":\"https:\\\/\\\/zonacaral.gob.pe\\\/es\\\/noticias\\\/conmemoran-60-anos-de-la-carta-de-venecia-con-homenaje-al-arquitecto-victor-pimentel-gurmendi\\\/#primaryimage\"},\"image\":{\"@id\":\"https:\\\/\\\/zonacaral.gob.pe\\\/es\\\/noticias\\\/conmemoran-60-anos-de-la-carta-de-venecia-con-homenaje-al-arquitecto-victor-pimentel-gurmendi\\\/#primaryimage\"},\"thumbnailUrl\":\"https:\\\/\\\/zonacaral.gob.pe\\\/wp-content\\\/uploads\\\/2024\\\/06\\\/Reconocimiento-Pimentel-1.jpg\",\"datePublished\":\"2024-06-05T16:04:45+00:00\",\"author\":{\"@id\":\"https:\\\/\\\/zonacaral.gob.pe\\\/es\\\/#\\\/schema\\\/person\\\/beddb4d22f71a7230c5b90913270a0ee\"},\"description\":\"En la conferencia \u00abRelevancia de la Carta de Venecia en la conservaci\u00f3n de la Ciudad Sagrada de Caral, Patrimonio Mundial\u00bb, realizada el viernes 31 en el Ministerio de Cultura, la doctora Ruth Shady Sol\u00eds, directora de Zona Arqueol\u00f3gica Caral (ZAC), Unidad Ejecutora 003, entreg\u00f3 el \u201cTrofeo Caral\u201d al arquitecto V\u00edctor Pimentel Gurmendi, pionero de la restauraci\u00f3n y conservaci\u00f3n de monumentos y sitios del patrimonio en nuestro pa\u00eds.\",\"breadcrumb\":{\"@id\":\"https:\\\/\\\/zonacaral.gob.pe\\\/es\\\/noticias\\\/conmemoran-60-anos-de-la-carta-de-venecia-con-homenaje-al-arquitecto-victor-pimentel-gurmendi\\\/#breadcrumb\"},\"inLanguage\":\"en-US\",\"potentialAction\":[{\"@type\":\"ReadAction\",\"target\":[\"https:\\\/\\\/zonacaral.gob.pe\\\/es\\\/noticias\\\/conmemoran-60-anos-de-la-carta-de-venecia-con-homenaje-al-arquitecto-victor-pimentel-gurmendi\\\/\"]}]},{\"@type\":\"ImageObject\",\"inLanguage\":\"en-US\",\"@id\":\"https:\\\/\\\/zonacaral.gob.pe\\\/es\\\/noticias\\\/conmemoran-60-anos-de-la-carta-de-venecia-con-homenaje-al-arquitecto-victor-pimentel-gurmendi\\\/#primaryimage\",\"url\":\"https:\\\/\\\/zonacaral.gob.pe\\\/wp-content\\\/uploads\\\/2024\\\/06\\\/Reconocimiento-Pimentel-1.jpg\",\"contentUrl\":\"https:\\\/\\\/zonacaral.gob.pe\\\/wp-content\\\/uploads\\\/2024\\\/06\\\/Reconocimiento-Pimentel-1.jpg\",\"width\":700,\"height\":395},{\"@type\":\"BreadcrumbList\",\"@id\":\"https:\\\/\\\/zonacaral.gob.pe\\\/es\\\/noticias\\\/conmemoran-60-anos-de-la-carta-de-venecia-con-homenaje-al-arquitecto-victor-pimentel-gurmendi\\\/#breadcrumb\",\"itemListElement\":[{\"@type\":\"ListItem\",\"position\":1,\"name\":\"Portada\",\"item\":\"https:\\\/\\\/zonacaral.gob.pe\\\/\"},{\"@type\":\"ListItem\",\"position\":2,\"name\":\"Conmemoran 60 a\u00f1os de la Carta de Venecia con homenaje al arquitecto V\u00edctor Pimentel Gurmendi\"}]},{\"@type\":\"WebSite\",\"@id\":\"https:\\\/\\\/zonacaral.gob.pe\\\/es\\\/#website\",\"url\":\"https:\\\/\\\/zonacaral.gob.pe\\\/es\\\/\",\"name\":\"Zona Caral\",\"description\":\"Investigamos, conservamos y difundimos el patrimonio cultural de la Civilizaci\u00f3n Caral, la m\u00e1s antigua de Am\u00e9rica.\",\"potentialAction\":[{\"@type\":\"SearchAction\",\"target\":{\"@type\":\"EntryPoint\",\"urlTemplate\":\"https:\\\/\\\/zonacaral.gob.pe\\\/es\\\/?s={search_term_string}\"},\"query-input\":{\"@type\":\"PropertyValueSpecification\",\"valueRequired\":true,\"valueName\":\"search_term_string\"}}],\"inLanguage\":\"en-US\"},{\"@type\":\"Person\",\"@id\":\"https:\\\/\\\/zonacaral.gob.pe\\\/es\\\/#\\\/schema\\\/person\\\/beddb4d22f71a7230c5b90913270a0ee\",\"name\":\"Zona Caral Administrador\",\"image\":{\"@type\":\"ImageObject\",\"inLanguage\":\"en-US\",\"@id\":\"https:\\\/\\\/secure.gravatar.com\\\/avatar\\\/e4be162918a696358376de6446614e0f0f4062bdc5d170d6d540ada3d8b58c12?s=96&d=mm&r=g\",\"url\":\"https:\\\/\\\/secure.gravatar.com\\\/avatar\\\/e4be162918a696358376de6446614e0f0f4062bdc5d170d6d540ada3d8b58c12?s=96&d=mm&r=g\",\"contentUrl\":\"https:\\\/\\\/secure.gravatar.com\\\/avatar\\\/e4be162918a696358376de6446614e0f0f4062bdc5d170d6d540ada3d8b58c12?s=96&d=mm&r=g\",\"caption\":\"Zona Caral Administrador\"},\"sameAs\":[\"https:\\\/\\\/zonacaral.gob.pe\"],\"url\":\"https:\\\/\\\/zonacaral.gob.pe\\\/en\\\/noticias\\\/author\\\/ad_zonacaral\\\/\"}]}<\/script>\n<!-- \/ Yoast SEO plugin. -->","yoast_head_json":{"title":"Conmemoran 60 a\u00f1os de la Carta de Venecia con homenaje al arquitecto V\u00edctor Pimentel Gurmendi","description":"En la conferencia \u00abRelevancia de la Carta de Venecia en la conservaci\u00f3n de la Ciudad Sagrada de Caral, Patrimonio Mundial\u00bb, realizada el viernes 31 en el Ministerio de Cultura, la doctora Ruth Shady Sol\u00eds, directora de Zona Arqueol\u00f3gica Caral (ZAC), Unidad Ejecutora 003, entreg\u00f3 el \u201cTrofeo Caral\u201d al arquitecto V\u00edctor Pimentel Gurmendi, pionero de la restauraci\u00f3n y conservaci\u00f3n de monumentos y sitios del patrimonio en nuestro pa\u00eds.","robots":{"index":"index","follow":"follow","max-snippet":"max-snippet:-1","max-image-preview":"max-image-preview:large","max-video-preview":"max-video-preview:-1"},"canonical":"https:\/\/zonacaral.gob.pe\/en\/noticias\/conmemoran-60-anos-de-la-carta-de-venecia-con-homenaje-al-arquitecto-victor-pimentel-gurmendi\/","og_locale":"en_US","og_type":"article","og_title":"Conmemoran 60 a\u00f1os de la Carta de Venecia con homenaje al arquitecto V\u00edctor Pimentel Gurmendi","og_description":"En la conferencia \u00abRelevancia de la Carta de Venecia en la conservaci\u00f3n de la Ciudad Sagrada de Caral, Patrimonio Mundial\u00bb, realizada el viernes 31 en el Ministerio de Cultura, la doctora Ruth Shady Sol\u00eds, directora de Zona Arqueol\u00f3gica Caral (ZAC), Unidad Ejecutora 003, entreg\u00f3 el \u201cTrofeo Caral\u201d al arquitecto V\u00edctor Pimentel Gurmendi, pionero de la restauraci\u00f3n y conservaci\u00f3n de monumentos y sitios del patrimonio en nuestro pa\u00eds.","og_url":"https:\/\/zonacaral.gob.pe\/en\/noticias\/conmemoran-60-anos-de-la-carta-de-venecia-con-homenaje-al-arquitecto-victor-pimentel-gurmendi\/","og_site_name":"Zona Caral","article_published_time":"2024-06-05T16:04:45+00:00","og_image":[{"width":700,"height":395,"url":"https:\/\/zonacaral.gob.pe\/wp-content\/uploads\/2024\/06\/Reconocimiento-Pimentel-1.jpg","type":"image\/jpeg"}],"author":"Zona Caral Administrador","twitter_card":"summary_large_image","twitter_misc":{"Written by":"Zona Caral Administrador","Est. reading time":"4 minutes"},"schema":{"@context":"https:\/\/schema.org","@graph":[{"@type":"Article","@id":"https:\/\/zonacaral.gob.pe\/es\/noticias\/conmemoran-60-anos-de-la-carta-de-venecia-con-homenaje-al-arquitecto-victor-pimentel-gurmendi\/#article","isPartOf":{"@id":"https:\/\/zonacaral.gob.pe\/es\/noticias\/conmemoran-60-anos-de-la-carta-de-venecia-con-homenaje-al-arquitecto-victor-pimentel-gurmendi\/"},"author":{"name":"Zona Caral Administrador","@id":"https:\/\/zonacaral.gob.pe\/es\/#\/schema\/person\/beddb4d22f71a7230c5b90913270a0ee"},"headline":"Conmemoran 60 a\u00f1os de la Carta de Venecia con homenaje al arquitecto V\u00edctor Pimentel Gurmendi","datePublished":"2024-06-05T16:04:45+00:00","mainEntityOfPage":{"@id":"https:\/\/zonacaral.gob.pe\/es\/noticias\/conmemoran-60-anos-de-la-carta-de-venecia-con-homenaje-al-arquitecto-victor-pimentel-gurmendi\/"},"wordCount":739,"image":{"@id":"https:\/\/zonacaral.gob.pe\/es\/noticias\/conmemoran-60-anos-de-la-carta-de-venecia-con-homenaje-al-arquitecto-victor-pimentel-gurmendi\/#primaryimage"},"thumbnailUrl":"https:\/\/zonacaral.gob.pe\/wp-content\/uploads\/2024\/06\/Reconocimiento-Pimentel-1.jpg","keywords":["caral","Cultura"],"articleSection":["noticias"],"inLanguage":"en-US"},{"@type":"WebPage","@id":"https:\/\/zonacaral.gob.pe\/es\/noticias\/conmemoran-60-anos-de-la-carta-de-venecia-con-homenaje-al-arquitecto-victor-pimentel-gurmendi\/","url":"https:\/\/zonacaral.gob.pe\/es\/noticias\/conmemoran-60-anos-de-la-carta-de-venecia-con-homenaje-al-arquitecto-victor-pimentel-gurmendi\/","name":"Conmemoran 60 a\u00f1os de la Carta de Venecia con homenaje al arquitecto V\u00edctor Pimentel Gurmendi","isPartOf":{"@id":"https:\/\/zonacaral.gob.pe\/es\/#website"},"primaryImageOfPage":{"@id":"https:\/\/zonacaral.gob.pe\/es\/noticias\/conmemoran-60-anos-de-la-carta-de-venecia-con-homenaje-al-arquitecto-victor-pimentel-gurmendi\/#primaryimage"},"image":{"@id":"https:\/\/zonacaral.gob.pe\/es\/noticias\/conmemoran-60-anos-de-la-carta-de-venecia-con-homenaje-al-arquitecto-victor-pimentel-gurmendi\/#primaryimage"},"thumbnailUrl":"https:\/\/zonacaral.gob.pe\/wp-content\/uploads\/2024\/06\/Reconocimiento-Pimentel-1.jpg","datePublished":"2024-06-05T16:04:45+00:00","author":{"@id":"https:\/\/zonacaral.gob.pe\/es\/#\/schema\/person\/beddb4d22f71a7230c5b90913270a0ee"},"description":"En la conferencia \u00abRelevancia de la Carta de Venecia en la conservaci\u00f3n de la Ciudad Sagrada de Caral, Patrimonio Mundial\u00bb, realizada el viernes 31 en el Ministerio de Cultura, la doctora Ruth Shady Sol\u00eds, directora de Zona Arqueol\u00f3gica Caral (ZAC), Unidad Ejecutora 003, entreg\u00f3 el \u201cTrofeo Caral\u201d al arquitecto V\u00edctor Pimentel Gurmendi, pionero de la restauraci\u00f3n y conservaci\u00f3n de monumentos y sitios del patrimonio en nuestro pa\u00eds.","breadcrumb":{"@id":"https:\/\/zonacaral.gob.pe\/es\/noticias\/conmemoran-60-anos-de-la-carta-de-venecia-con-homenaje-al-arquitecto-victor-pimentel-gurmendi\/#breadcrumb"},"inLanguage":"en-US","potentialAction":[{"@type":"ReadAction","target":["https:\/\/zonacaral.gob.pe\/es\/noticias\/conmemoran-60-anos-de-la-carta-de-venecia-con-homenaje-al-arquitecto-victor-pimentel-gurmendi\/"]}]},{"@type":"ImageObject","inLanguage":"en-US","@id":"https:\/\/zonacaral.gob.pe\/es\/noticias\/conmemoran-60-anos-de-la-carta-de-venecia-con-homenaje-al-arquitecto-victor-pimentel-gurmendi\/#primaryimage","url":"https:\/\/zonacaral.gob.pe\/wp-content\/uploads\/2024\/06\/Reconocimiento-Pimentel-1.jpg","contentUrl":"https:\/\/zonacaral.gob.pe\/wp-content\/uploads\/2024\/06\/Reconocimiento-Pimentel-1.jpg","width":700,"height":395},{"@type":"BreadcrumbList","@id":"https:\/\/zonacaral.gob.pe\/es\/noticias\/conmemoran-60-anos-de-la-carta-de-venecia-con-homenaje-al-arquitecto-victor-pimentel-gurmendi\/#breadcrumb","itemListElement":[{"@type":"ListItem","position":1,"name":"Portada","item":"https:\/\/zonacaral.gob.pe\/"},{"@type":"ListItem","position":2,"name":"Conmemoran 60 a\u00f1os de la Carta de Venecia con homenaje al arquitecto V\u00edctor Pimentel Gurmendi"}]},{"@type":"WebSite","@id":"https:\/\/zonacaral.gob.pe\/es\/#website","url":"https:\/\/zonacaral.gob.pe\/es\/","name":"Zona Caral","description":"Investigamos, conservamos y difundimos el patrimonio cultural de la Civilizaci\u00f3n Caral, la m\u00e1s antigua de Am\u00e9rica.","potentialAction":[{"@type":"SearchAction","target":{"@type":"EntryPoint","urlTemplate":"https:\/\/zonacaral.gob.pe\/es\/?s={search_term_string}"},"query-input":{"@type":"PropertyValueSpecification","valueRequired":true,"valueName":"search_term_string"}}],"inLanguage":"en-US"},{"@type":"Person","@id":"https:\/\/zonacaral.gob.pe\/es\/#\/schema\/person\/beddb4d22f71a7230c5b90913270a0ee","name":"Zona Caral Administrador","image":{"@type":"ImageObject","inLanguage":"en-US","@id":"https:\/\/secure.gravatar.com\/avatar\/e4be162918a696358376de6446614e0f0f4062bdc5d170d6d540ada3d8b58c12?s=96&d=mm&r=g","url":"https:\/\/secure.gravatar.com\/avatar\/e4be162918a696358376de6446614e0f0f4062bdc5d170d6d540ada3d8b58c12?s=96&d=mm&r=g","contentUrl":"https:\/\/secure.gravatar.com\/avatar\/e4be162918a696358376de6446614e0f0f4062bdc5d170d6d540ada3d8b58c12?s=96&d=mm&r=g","caption":"Zona Caral Administrador"},"sameAs":["https:\/\/zonacaral.gob.pe"],"url":"https:\/\/zonacaral.gob.pe\/en\/noticias\/author\/ad_zonacaral\/"}]}},"_links":{"self":[{"href":"https:\/\/zonacaral.gob.pe\/en\/wp-json\/wp\/v2\/posts\/17706","targetHints":{"allow":["GET"]}}],"collection":[{"href":"https:\/\/zonacaral.gob.pe\/en\/wp-json\/wp\/v2\/posts"}],"about":[{"href":"https:\/\/zonacaral.gob.pe\/en\/wp-json\/wp\/v2\/types\/post"}],"author":[{"embeddable":true,"href":"https:\/\/zonacaral.gob.pe\/en\/wp-json\/wp\/v2\/users\/1"}],"replies":[{"embeddable":true,"href":"https:\/\/zonacaral.gob.pe\/en\/wp-json\/wp\/v2\/comments?post=17706"}],"version-history":[{"count":0,"href":"https:\/\/zonacaral.gob.pe\/en\/wp-json\/wp\/v2\/posts\/17706\/revisions"}],"wp:featuredmedia":[{"embeddable":true,"href":"https:\/\/zonacaral.gob.pe\/en\/wp-json\/wp\/v2\/media\/17709"}],"wp:attachment":[{"href":"https:\/\/zonacaral.gob.pe\/en\/wp-json\/wp\/v2\/media?parent=17706"}],"wp:term":[{"taxonomy":"category","embeddable":true,"href":"https:\/\/zonacaral.gob.pe\/en\/wp-json\/wp\/v2\/categories?post=17706"},{"taxonomy":"post_tag","embeddable":true,"href":"https:\/\/zonacaral.gob.pe\/en\/wp-json\/wp\/v2\/tags?post=17706"}],"curies":[{"name":"wp","href":"https:\/\/api.w.org\/{rel}","templated":true}]}}