{"id":17729,"date":"2024-07-05T10:34:00","date_gmt":"2024-07-05T15:34:00","guid":{"rendered":"https:\/\/www.zonacaral.gob.pe\/?p=17729"},"modified":"2024-07-05T10:34:00","modified_gmt":"2024-07-05T15:34:00","slug":"transmitimos-los-valores-de-caral-a-personas-con-discapacidad-de-santa-anita","status":"publish","type":"post","link":"https:\/\/zonacaral.gob.pe\/en\/noticias\/transmitimos-los-valores-de-caral-a-personas-con-discapacidad-de-santa-anita\/","title":{"rendered":"Transmitimos los valores de Caral a vecinos e integrantes del OMAPED de Santa Anita"},"content":{"rendered":"<figure class=\"pic-autor\" style=\"color: #4d4d4d; text-align: justify;\"><\/figure>\n<div class=\"gmail_default\" style=\"text-align: justify;\">\n<blockquote>\n<p><i><span style=\"font-weight: 400;\">Cultura, para todos.<\/span><\/i><\/p>\n<\/blockquote>\n<p><span style=\"font-weight: 400;\">La Zona Arqueol\u00f3gica Caral (ZAC), Unidad Ejecutora 003 del Ministerio de Cultura, en coordinaci\u00f3n con la Municipalidad de Santa Anita, transmiti\u00f3 lo valores de la Civilizaci\u00f3n Caral, a los integrantes, j\u00f3venes y adultos, de la Oficina Municipal de Atenci\u00f3n a las Personas con Discapacidad y a vecinos de dicho distrito lime\u00f1o.<\/span><\/p>\n<p><span style=\"font-weight: 400;\">En el auditorio de dicha comuna distrital, el jefe de la Unidad de Museograf\u00eda de la ZAC, arquitecto Yoshio Cano Inugay, gui\u00f3 a los participantes por el Museo Caral Virtual, a trav\u00e9s del cual se puede conocer el importante desarrollo que tuvo Caral, hace cinco mil a\u00f1os.<\/span><\/p>\n<p><span style=\"font-weight: 400;\">Asimismo, mostr\u00f3 y detall\u00f3 los valores que se identificaron en la primera civilizaci\u00f3n de Am\u00e9rica, como la vida en armon\u00eda entre los seres humanos y con la naturaleza; la adecuada gesti\u00f3n de la tierra, el agua y los dem\u00e1s recursos; el manejo integral del territorio andino y el registro de los acontecimientos en la memoria social para generar reflexiones.<\/span><\/p>\n<p><span style=\"font-weight: 400;\">Adem\u00e1s de la interacci\u00f3n social con respeto a la diversidad cultural e ideol\u00f3gica; la importancia del colectivo social organizado con autoridades sociales y pol\u00edticas; la producci\u00f3n de conocimientos y tecnolog\u00edas para dar soluci\u00f3n a problemas; la complementariedad de g\u00e9nero y el rol de la mujer; y el desarrollo integral del ser humano.<\/span><\/p>\n<p><span style=\"font-weight: 400;\">Despu\u00e9s de la mediaci\u00f3n por el Museo Caral, la artista Karolina Rayme, de la ZAC, desarroll\u00f3 el taller \u00a1A tejer Shicras! En esta actividad se mostr\u00f3 c\u00f3mo, hace cinco mil a\u00f1os, se elaboraron estas bolsas que sirvieron como contenedores de piedras y relleno constructivo, dotando de sismorresistencia a los imponentes edificios piramidales de Caral, los cuales a\u00fan pueden ser apreciados en la actualidad.<\/span><\/p>\n<p><span style=\"font-weight: 400;\">Asimismo, se entreg\u00f3 material informativo a todos los participantes, y se les invit\u00f3 a recorrer la Ruta Caral, que contempla los destinos: Ciudad Sagrada de Caral, Patrimonio Mundial; \u00c1spero y Vichama, y muy pronto Pe\u00f1ico. Adem\u00e1s, de los museos comunitarios de Supe &#8211; Barranca y de V\u00e9gueta \u2013 Huacho \u2013 Huaura.<\/span><\/p>\n<p><strong>DATO<\/strong><\/p>\n<p><span style=\"font-weight: 400;\">El programa Museo Caral organiza visitas virtuales cada mes, previa inscripci\u00f3n. Si eres docente, diriges un grupo de estudiantes o eres alumno y deseas que tu sal\u00f3n participe de este programa, env\u00eda un correo a krayme@zonacaral.gob.pe, o inscr\u00edbete en este link: <\/span><a href=\"https:\/\/bit.ly\/Visitas_Mediadas2024\"><span style=\"font-weight: 400;\">Visitas Mediadas 2024<\/span><\/a><span style=\"font-weight: 400;\">. <\/span><\/p>\n<p><span style=\"color: #850707;\"><strong style=\"font-size: inherit; text-align: justify;\">Fuente: Comunicaci\u00f3n e Imagen Institucional ZAC<\/strong><\/span><\/p>\n<\/div>\n<div style=\"color: #1f1f1f;\">\n<div style=\"color: #1f1f1f;\">\n<p style=\"text-align: justify;\">Fecha de publicaci\u00f3n: 05\/07\/2024<\/p>\n<\/div>\n<\/div>\n\n\n<p><\/p>","protected":false},"excerpt":{"rendered":"<p>Cultura, para todos. La Zona Arqueol\u00f3gica Caral (ZAC), Unidad Ejecutora 003 del Ministerio de Cultura, en coordinaci\u00f3n con la Municipalidad [&hellip;]<\/p>\n","protected":false},"author":1,"featured_media":17733,"comment_status":"closed","ping_status":"open","sticky":false,"template":"","format":"standard","meta":{"_acf_changed":false,"site-sidebar-layout":"default","site-content-layout":"","ast-site-content-layout":"default","site-content-style":"default","site-sidebar-style":"default","ast-global-header-display":"","ast-banner-title-visibility":"","ast-main-header-display":"","ast-hfb-above-header-display":"","ast-hfb-below-header-display":"","ast-hfb-mobile-header-display":"","site-post-title":"","ast-breadcrumbs-content":"","ast-featured-img":"","footer-sml-layout":"","ast-disable-related-posts":"","theme-transparent-header-meta":"","adv-header-id-meta":"","stick-header-meta":"","header-above-stick-meta":"","header-main-stick-meta":"","header-below-stick-meta":"","astra-migrate-meta-layouts":"default","ast-page-background-enabled":"default","ast-page-background-meta":{"desktop":{"background-color":"var(--ast-global-color-5)","background-image":"","background-repeat":"repeat","background-position":"center center","background-size":"auto","background-attachment":"scroll","background-type":"","background-media":"","overlay-type":"","overlay-color":"","overlay-opacity":"","overlay-gradient":""},"tablet":{"background-color":"","background-image":"","background-repeat":"repeat","background-position":"center center","background-size":"auto","background-attachment":"scroll","background-type":"","background-media":"","overlay-type":"","overlay-color":"","overlay-opacity":"","overlay-gradient":""},"mobile":{"background-color":"","background-image":"","background-repeat":"repeat","background-position":"center center","background-size":"auto","background-attachment":"scroll","background-type":"","background-media":"","overlay-type":"","overlay-color":"","overlay-opacity":"","overlay-gradient":""}},"ast-content-background-meta":{"desktop":{"background-color":"var(--ast-global-color-4)","background-image":"","background-repeat":"repeat","background-position":"center center","background-size":"auto","background-attachment":"scroll","background-type":"","background-media":"","overlay-type":"","overlay-color":"","overlay-opacity":"","overlay-gradient":""},"tablet":{"background-color":"var(--ast-global-color-4)","background-image":"","background-repeat":"repeat","background-position":"center center","background-size":"auto","background-attachment":"scroll","background-type":"","background-media":"","overlay-type":"","overlay-color":"","overlay-opacity":"","overlay-gradient":""},"mobile":{"background-color":"var(--ast-global-color-4)","background-image":"","background-repeat":"repeat","background-position":"center center","background-size":"auto","background-attachment":"scroll","background-type":"","background-media":"","overlay-type":"","overlay-color":"","overlay-opacity":"","overlay-gradient":""}},"footnotes":""},"categories":[208],"tags":[55,72],"class_list":["post-17729","post","type-post","status-publish","format-standard","has-post-thumbnail","hentry","category-noticias","tag-caral","tag-cultura"],"acf":[],"yoast_head":"<!-- This site is optimized with the Yoast SEO plugin v27.3 - https:\/\/yoast.com\/product\/yoast-seo-wordpress\/ -->\n<title>Transmitimos los valores de Caral a personas con discapacidad de Santa Anita<\/title>\n<meta name=\"description\" content=\"Las investigaciones arqueol\u00f3gicas, f\u00edsicas y astron\u00f3micas han demostrado que los antiguos pobladores de la Civilizaci\u00f3n Caral, hace cinco mil a\u00f1os, erigieron sus impresionantes edificios piramidales orientados hacia los astros (como el Sol o la Luna) los cuales observaban para realizar sus actividades agr\u00edcolas, en fechas espec\u00edficas como las denominadas Solsticio de Invierno o inicio del A\u00f1o Nuevo Andino.\" \/>\n<meta name=\"robots\" content=\"index, follow, max-snippet:-1, max-image-preview:large, max-video-preview:-1\" \/>\n<link rel=\"canonical\" href=\"https:\/\/zonacaral.gob.pe\/en\/noticias\/transmitimos-los-valores-de-caral-a-personas-con-discapacidad-de-santa-anita\/\" \/>\n<meta property=\"og:locale\" content=\"en_US\" \/>\n<meta property=\"og:type\" content=\"article\" \/>\n<meta property=\"og:title\" content=\"Transmitimos los valores de Caral a personas con discapacidad de Santa Anita\" \/>\n<meta property=\"og:description\" content=\"Las investigaciones arqueol\u00f3gicas, f\u00edsicas y astron\u00f3micas han demostrado que los antiguos pobladores de la Civilizaci\u00f3n Caral, hace cinco mil a\u00f1os, erigieron sus impresionantes edificios piramidales orientados hacia los astros (como el Sol o la Luna) los cuales observaban para realizar sus actividades agr\u00edcolas, en fechas espec\u00edficas como las denominadas Solsticio de Invierno o inicio del A\u00f1o Nuevo Andino.\" \/>\n<meta property=\"og:url\" content=\"https:\/\/zonacaral.gob.pe\/en\/noticias\/transmitimos-los-valores-de-caral-a-personas-con-discapacidad-de-santa-anita\/\" \/>\n<meta property=\"og:site_name\" content=\"Zona Caral\" \/>\n<meta property=\"article:published_time\" content=\"2024-07-05T15:34:00+00:00\" \/>\n<meta property=\"og:image\" content=\"https:\/\/zonacaral.gob.pe\/wp-content\/uploads\/2024\/07\/taller-santa-anita-1.jpg\" \/>\n\t<meta property=\"og:image:width\" content=\"700\" \/>\n\t<meta property=\"og:image:height\" content=\"395\" \/>\n\t<meta property=\"og:image:type\" content=\"image\/jpeg\" \/>\n<meta name=\"author\" content=\"Zona Caral Administrador\" \/>\n<meta name=\"twitter:card\" content=\"summary_large_image\" \/>\n<meta name=\"twitter:label1\" content=\"Written by\" \/>\n\t<meta name=\"twitter:data1\" content=\"Zona Caral Administrador\" \/>\n\t<meta name=\"twitter:label2\" content=\"Est. reading time\" \/>\n\t<meta name=\"twitter:data2\" content=\"2 minutes\" \/>\n<script type=\"application\/ld+json\" class=\"yoast-schema-graph\">{\"@context\":\"https:\\\/\\\/schema.org\",\"@graph\":[{\"@type\":\"Article\",\"@id\":\"https:\\\/\\\/zonacaral.gob.pe\\\/es\\\/noticias\\\/transmitimos-los-valores-de-caral-a-personas-con-discapacidad-de-santa-anita\\\/#article\",\"isPartOf\":{\"@id\":\"https:\\\/\\\/zonacaral.gob.pe\\\/es\\\/noticias\\\/transmitimos-los-valores-de-caral-a-personas-con-discapacidad-de-santa-anita\\\/\"},\"author\":{\"name\":\"Zona Caral Administrador\",\"@id\":\"https:\\\/\\\/zonacaral.gob.pe\\\/es\\\/#\\\/schema\\\/person\\\/beddb4d22f71a7230c5b90913270a0ee\"},\"headline\":\"Transmitimos los valores de Caral a vecinos e integrantes del OMAPED de Santa Anita\",\"datePublished\":\"2024-07-05T15:34:00+00:00\",\"mainEntityOfPage\":{\"@id\":\"https:\\\/\\\/zonacaral.gob.pe\\\/es\\\/noticias\\\/transmitimos-los-valores-de-caral-a-personas-con-discapacidad-de-santa-anita\\\/\"},\"wordCount\":429,\"image\":{\"@id\":\"https:\\\/\\\/zonacaral.gob.pe\\\/es\\\/noticias\\\/transmitimos-los-valores-de-caral-a-personas-con-discapacidad-de-santa-anita\\\/#primaryimage\"},\"thumbnailUrl\":\"https:\\\/\\\/zonacaral.gob.pe\\\/wp-content\\\/uploads\\\/2024\\\/07\\\/taller-santa-anita-1.jpg\",\"keywords\":[\"caral\",\"Cultura\"],\"articleSection\":[\"noticias\"],\"inLanguage\":\"en-US\"},{\"@type\":\"WebPage\",\"@id\":\"https:\\\/\\\/zonacaral.gob.pe\\\/es\\\/noticias\\\/transmitimos-los-valores-de-caral-a-personas-con-discapacidad-de-santa-anita\\\/\",\"url\":\"https:\\\/\\\/zonacaral.gob.pe\\\/es\\\/noticias\\\/transmitimos-los-valores-de-caral-a-personas-con-discapacidad-de-santa-anita\\\/\",\"name\":\"Transmitimos los valores de Caral a personas con discapacidad de Santa Anita\",\"isPartOf\":{\"@id\":\"https:\\\/\\\/zonacaral.gob.pe\\\/es\\\/#website\"},\"primaryImageOfPage\":{\"@id\":\"https:\\\/\\\/zonacaral.gob.pe\\\/es\\\/noticias\\\/transmitimos-los-valores-de-caral-a-personas-con-discapacidad-de-santa-anita\\\/#primaryimage\"},\"image\":{\"@id\":\"https:\\\/\\\/zonacaral.gob.pe\\\/es\\\/noticias\\\/transmitimos-los-valores-de-caral-a-personas-con-discapacidad-de-santa-anita\\\/#primaryimage\"},\"thumbnailUrl\":\"https:\\\/\\\/zonacaral.gob.pe\\\/wp-content\\\/uploads\\\/2024\\\/07\\\/taller-santa-anita-1.jpg\",\"datePublished\":\"2024-07-05T15:34:00+00:00\",\"author\":{\"@id\":\"https:\\\/\\\/zonacaral.gob.pe\\\/es\\\/#\\\/schema\\\/person\\\/beddb4d22f71a7230c5b90913270a0ee\"},\"description\":\"Las investigaciones arqueol\u00f3gicas, f\u00edsicas y astron\u00f3micas han demostrado que los antiguos pobladores de la Civilizaci\u00f3n Caral, hace cinco mil a\u00f1os, erigieron sus impresionantes edificios piramidales orientados hacia los astros (como el Sol o la Luna) los cuales observaban para realizar sus actividades agr\u00edcolas, en fechas espec\u00edficas como las denominadas Solsticio de Invierno o inicio del A\u00f1o Nuevo Andino.\",\"breadcrumb\":{\"@id\":\"https:\\\/\\\/zonacaral.gob.pe\\\/es\\\/noticias\\\/transmitimos-los-valores-de-caral-a-personas-con-discapacidad-de-santa-anita\\\/#breadcrumb\"},\"inLanguage\":\"en-US\",\"potentialAction\":[{\"@type\":\"ReadAction\",\"target\":[\"https:\\\/\\\/zonacaral.gob.pe\\\/es\\\/noticias\\\/transmitimos-los-valores-de-caral-a-personas-con-discapacidad-de-santa-anita\\\/\"]}]},{\"@type\":\"ImageObject\",\"inLanguage\":\"en-US\",\"@id\":\"https:\\\/\\\/zonacaral.gob.pe\\\/es\\\/noticias\\\/transmitimos-los-valores-de-caral-a-personas-con-discapacidad-de-santa-anita\\\/#primaryimage\",\"url\":\"https:\\\/\\\/zonacaral.gob.pe\\\/wp-content\\\/uploads\\\/2024\\\/07\\\/taller-santa-anita-1.jpg\",\"contentUrl\":\"https:\\\/\\\/zonacaral.gob.pe\\\/wp-content\\\/uploads\\\/2024\\\/07\\\/taller-santa-anita-1.jpg\",\"width\":700,\"height\":395},{\"@type\":\"BreadcrumbList\",\"@id\":\"https:\\\/\\\/zonacaral.gob.pe\\\/es\\\/noticias\\\/transmitimos-los-valores-de-caral-a-personas-con-discapacidad-de-santa-anita\\\/#breadcrumb\",\"itemListElement\":[{\"@type\":\"ListItem\",\"position\":1,\"name\":\"Portada\",\"item\":\"https:\\\/\\\/zonacaral.gob.pe\\\/\"},{\"@type\":\"ListItem\",\"position\":2,\"name\":\"Transmitimos los valores de Caral a vecinos e integrantes del OMAPED de Santa Anita\"}]},{\"@type\":\"WebSite\",\"@id\":\"https:\\\/\\\/zonacaral.gob.pe\\\/es\\\/#website\",\"url\":\"https:\\\/\\\/zonacaral.gob.pe\\\/es\\\/\",\"name\":\"Zona Caral\",\"description\":\"Investigamos, conservamos y difundimos el patrimonio cultural de la Civilizaci\u00f3n Caral, la m\u00e1s antigua de Am\u00e9rica.\",\"potentialAction\":[{\"@type\":\"SearchAction\",\"target\":{\"@type\":\"EntryPoint\",\"urlTemplate\":\"https:\\\/\\\/zonacaral.gob.pe\\\/es\\\/?s={search_term_string}\"},\"query-input\":{\"@type\":\"PropertyValueSpecification\",\"valueRequired\":true,\"valueName\":\"search_term_string\"}}],\"inLanguage\":\"en-US\"},{\"@type\":\"Person\",\"@id\":\"https:\\\/\\\/zonacaral.gob.pe\\\/es\\\/#\\\/schema\\\/person\\\/beddb4d22f71a7230c5b90913270a0ee\",\"name\":\"Zona Caral Administrador\",\"image\":{\"@type\":\"ImageObject\",\"inLanguage\":\"en-US\",\"@id\":\"https:\\\/\\\/secure.gravatar.com\\\/avatar\\\/e4be162918a696358376de6446614e0f0f4062bdc5d170d6d540ada3d8b58c12?s=96&d=mm&r=g\",\"url\":\"https:\\\/\\\/secure.gravatar.com\\\/avatar\\\/e4be162918a696358376de6446614e0f0f4062bdc5d170d6d540ada3d8b58c12?s=96&d=mm&r=g\",\"contentUrl\":\"https:\\\/\\\/secure.gravatar.com\\\/avatar\\\/e4be162918a696358376de6446614e0f0f4062bdc5d170d6d540ada3d8b58c12?s=96&d=mm&r=g\",\"caption\":\"Zona Caral Administrador\"},\"sameAs\":[\"https:\\\/\\\/zonacaral.gob.pe\"],\"url\":\"https:\\\/\\\/zonacaral.gob.pe\\\/en\\\/noticias\\\/author\\\/ad_zonacaral\\\/\"}]}<\/script>\n<!-- \/ Yoast SEO plugin. -->","yoast_head_json":{"title":"Transmitimos los valores de Caral a personas con discapacidad de Santa Anita","description":"Las investigaciones arqueol\u00f3gicas, f\u00edsicas y astron\u00f3micas han demostrado que los antiguos pobladores de la Civilizaci\u00f3n Caral, hace cinco mil a\u00f1os, erigieron sus impresionantes edificios piramidales orientados hacia los astros (como el Sol o la Luna) los cuales observaban para realizar sus actividades agr\u00edcolas, en fechas espec\u00edficas como las denominadas Solsticio de Invierno o inicio del A\u00f1o Nuevo Andino.","robots":{"index":"index","follow":"follow","max-snippet":"max-snippet:-1","max-image-preview":"max-image-preview:large","max-video-preview":"max-video-preview:-1"},"canonical":"https:\/\/zonacaral.gob.pe\/en\/noticias\/transmitimos-los-valores-de-caral-a-personas-con-discapacidad-de-santa-anita\/","og_locale":"en_US","og_type":"article","og_title":"Transmitimos los valores de Caral a personas con discapacidad de Santa Anita","og_description":"Las investigaciones arqueol\u00f3gicas, f\u00edsicas y astron\u00f3micas han demostrado que los antiguos pobladores de la Civilizaci\u00f3n Caral, hace cinco mil a\u00f1os, erigieron sus impresionantes edificios piramidales orientados hacia los astros (como el Sol o la Luna) los cuales observaban para realizar sus actividades agr\u00edcolas, en fechas espec\u00edficas como las denominadas Solsticio de Invierno o inicio del A\u00f1o Nuevo Andino.","og_url":"https:\/\/zonacaral.gob.pe\/en\/noticias\/transmitimos-los-valores-de-caral-a-personas-con-discapacidad-de-santa-anita\/","og_site_name":"Zona Caral","article_published_time":"2024-07-05T15:34:00+00:00","og_image":[{"width":700,"height":395,"url":"https:\/\/zonacaral.gob.pe\/wp-content\/uploads\/2024\/07\/taller-santa-anita-1.jpg","type":"image\/jpeg"}],"author":"Zona Caral Administrador","twitter_card":"summary_large_image","twitter_misc":{"Written by":"Zona Caral Administrador","Est. reading time":"2 minutes"},"schema":{"@context":"https:\/\/schema.org","@graph":[{"@type":"Article","@id":"https:\/\/zonacaral.gob.pe\/es\/noticias\/transmitimos-los-valores-de-caral-a-personas-con-discapacidad-de-santa-anita\/#article","isPartOf":{"@id":"https:\/\/zonacaral.gob.pe\/es\/noticias\/transmitimos-los-valores-de-caral-a-personas-con-discapacidad-de-santa-anita\/"},"author":{"name":"Zona Caral Administrador","@id":"https:\/\/zonacaral.gob.pe\/es\/#\/schema\/person\/beddb4d22f71a7230c5b90913270a0ee"},"headline":"Transmitimos los valores de Caral a vecinos e integrantes del OMAPED de Santa Anita","datePublished":"2024-07-05T15:34:00+00:00","mainEntityOfPage":{"@id":"https:\/\/zonacaral.gob.pe\/es\/noticias\/transmitimos-los-valores-de-caral-a-personas-con-discapacidad-de-santa-anita\/"},"wordCount":429,"image":{"@id":"https:\/\/zonacaral.gob.pe\/es\/noticias\/transmitimos-los-valores-de-caral-a-personas-con-discapacidad-de-santa-anita\/#primaryimage"},"thumbnailUrl":"https:\/\/zonacaral.gob.pe\/wp-content\/uploads\/2024\/07\/taller-santa-anita-1.jpg","keywords":["caral","Cultura"],"articleSection":["noticias"],"inLanguage":"en-US"},{"@type":"WebPage","@id":"https:\/\/zonacaral.gob.pe\/es\/noticias\/transmitimos-los-valores-de-caral-a-personas-con-discapacidad-de-santa-anita\/","url":"https:\/\/zonacaral.gob.pe\/es\/noticias\/transmitimos-los-valores-de-caral-a-personas-con-discapacidad-de-santa-anita\/","name":"Transmitimos los valores de Caral a personas con discapacidad de Santa Anita","isPartOf":{"@id":"https:\/\/zonacaral.gob.pe\/es\/#website"},"primaryImageOfPage":{"@id":"https:\/\/zonacaral.gob.pe\/es\/noticias\/transmitimos-los-valores-de-caral-a-personas-con-discapacidad-de-santa-anita\/#primaryimage"},"image":{"@id":"https:\/\/zonacaral.gob.pe\/es\/noticias\/transmitimos-los-valores-de-caral-a-personas-con-discapacidad-de-santa-anita\/#primaryimage"},"thumbnailUrl":"https:\/\/zonacaral.gob.pe\/wp-content\/uploads\/2024\/07\/taller-santa-anita-1.jpg","datePublished":"2024-07-05T15:34:00+00:00","author":{"@id":"https:\/\/zonacaral.gob.pe\/es\/#\/schema\/person\/beddb4d22f71a7230c5b90913270a0ee"},"description":"Las investigaciones arqueol\u00f3gicas, f\u00edsicas y astron\u00f3micas han demostrado que los antiguos pobladores de la Civilizaci\u00f3n Caral, hace cinco mil a\u00f1os, erigieron sus impresionantes edificios piramidales orientados hacia los astros (como el Sol o la Luna) los cuales observaban para realizar sus actividades agr\u00edcolas, en fechas espec\u00edficas como las denominadas Solsticio de Invierno o inicio del A\u00f1o Nuevo Andino.","breadcrumb":{"@id":"https:\/\/zonacaral.gob.pe\/es\/noticias\/transmitimos-los-valores-de-caral-a-personas-con-discapacidad-de-santa-anita\/#breadcrumb"},"inLanguage":"en-US","potentialAction":[{"@type":"ReadAction","target":["https:\/\/zonacaral.gob.pe\/es\/noticias\/transmitimos-los-valores-de-caral-a-personas-con-discapacidad-de-santa-anita\/"]}]},{"@type":"ImageObject","inLanguage":"en-US","@id":"https:\/\/zonacaral.gob.pe\/es\/noticias\/transmitimos-los-valores-de-caral-a-personas-con-discapacidad-de-santa-anita\/#primaryimage","url":"https:\/\/zonacaral.gob.pe\/wp-content\/uploads\/2024\/07\/taller-santa-anita-1.jpg","contentUrl":"https:\/\/zonacaral.gob.pe\/wp-content\/uploads\/2024\/07\/taller-santa-anita-1.jpg","width":700,"height":395},{"@type":"BreadcrumbList","@id":"https:\/\/zonacaral.gob.pe\/es\/noticias\/transmitimos-los-valores-de-caral-a-personas-con-discapacidad-de-santa-anita\/#breadcrumb","itemListElement":[{"@type":"ListItem","position":1,"name":"Portada","item":"https:\/\/zonacaral.gob.pe\/"},{"@type":"ListItem","position":2,"name":"Transmitimos los valores de Caral a vecinos e integrantes del OMAPED de Santa Anita"}]},{"@type":"WebSite","@id":"https:\/\/zonacaral.gob.pe\/es\/#website","url":"https:\/\/zonacaral.gob.pe\/es\/","name":"Zona Caral","description":"Investigamos, conservamos y difundimos el patrimonio cultural de la Civilizaci\u00f3n Caral, la m\u00e1s antigua de Am\u00e9rica.","potentialAction":[{"@type":"SearchAction","target":{"@type":"EntryPoint","urlTemplate":"https:\/\/zonacaral.gob.pe\/es\/?s={search_term_string}"},"query-input":{"@type":"PropertyValueSpecification","valueRequired":true,"valueName":"search_term_string"}}],"inLanguage":"en-US"},{"@type":"Person","@id":"https:\/\/zonacaral.gob.pe\/es\/#\/schema\/person\/beddb4d22f71a7230c5b90913270a0ee","name":"Zona Caral Administrador","image":{"@type":"ImageObject","inLanguage":"en-US","@id":"https:\/\/secure.gravatar.com\/avatar\/e4be162918a696358376de6446614e0f0f4062bdc5d170d6d540ada3d8b58c12?s=96&d=mm&r=g","url":"https:\/\/secure.gravatar.com\/avatar\/e4be162918a696358376de6446614e0f0f4062bdc5d170d6d540ada3d8b58c12?s=96&d=mm&r=g","contentUrl":"https:\/\/secure.gravatar.com\/avatar\/e4be162918a696358376de6446614e0f0f4062bdc5d170d6d540ada3d8b58c12?s=96&d=mm&r=g","caption":"Zona Caral Administrador"},"sameAs":["https:\/\/zonacaral.gob.pe"],"url":"https:\/\/zonacaral.gob.pe\/en\/noticias\/author\/ad_zonacaral\/"}]}},"_links":{"self":[{"href":"https:\/\/zonacaral.gob.pe\/en\/wp-json\/wp\/v2\/posts\/17729","targetHints":{"allow":["GET"]}}],"collection":[{"href":"https:\/\/zonacaral.gob.pe\/en\/wp-json\/wp\/v2\/posts"}],"about":[{"href":"https:\/\/zonacaral.gob.pe\/en\/wp-json\/wp\/v2\/types\/post"}],"author":[{"embeddable":true,"href":"https:\/\/zonacaral.gob.pe\/en\/wp-json\/wp\/v2\/users\/1"}],"replies":[{"embeddable":true,"href":"https:\/\/zonacaral.gob.pe\/en\/wp-json\/wp\/v2\/comments?post=17729"}],"version-history":[{"count":0,"href":"https:\/\/zonacaral.gob.pe\/en\/wp-json\/wp\/v2\/posts\/17729\/revisions"}],"wp:featuredmedia":[{"embeddable":true,"href":"https:\/\/zonacaral.gob.pe\/en\/wp-json\/wp\/v2\/media\/17733"}],"wp:attachment":[{"href":"https:\/\/zonacaral.gob.pe\/en\/wp-json\/wp\/v2\/media?parent=17729"}],"wp:term":[{"taxonomy":"category","embeddable":true,"href":"https:\/\/zonacaral.gob.pe\/en\/wp-json\/wp\/v2\/categories?post=17729"},{"taxonomy":"post_tag","embeddable":true,"href":"https:\/\/zonacaral.gob.pe\/en\/wp-json\/wp\/v2\/tags?post=17729"}],"curies":[{"name":"wp","href":"https:\/\/api.w.org\/{rel}","templated":true}]}}