{"id":17730,"date":"2024-07-05T14:19:48","date_gmt":"2024-07-05T19:19:48","guid":{"rendered":"https:\/\/www.zonacaral.gob.pe\/?p=17730"},"modified":"2024-07-05T14:19:48","modified_gmt":"2024-07-05T19:19:48","slug":"agenda-caral-julio-exposicion-museografica-guiados-virtuales-talleres-viajes-y-mas","status":"publish","type":"post","link":"https:\/\/zonacaral.gob.pe\/en\/noticias\/agenda-caral-julio-exposicion-museografica-guiados-virtuales-talleres-viajes-y-mas\/","title":{"rendered":"AGENDA CARAL \u2013 JULIO: Exposici\u00f3n Museogr\u00e1fica, guiados virtuales, talleres, viajes y m\u00e1s"},"content":{"rendered":"<figure class=\"pic-autor\" style=\"color: #4d4d4d; text-align: justify;\"><\/figure>\n<div class=\"gmail_default\" style=\"text-align: justify;\">\n<blockquote>\n<p><i><span style=\"font-weight: 400;\">Celebremos las fiestas patrias revalorando nuestro patrimonio cultural.<\/span><\/i><\/p>\n<\/blockquote>\n<p><span style=\"font-weight: 400;\">Con el fin de conmemorar el trig\u00e9simo aniversario <\/span><span style=\"font-weight: 400;\">del inicio de las investigaciones sobre el desarrollo de la Civilizaci\u00f3n Caral, y el decimoquinto aniversario de la inscripci\u00f3n de la Ciudad Sagrada de Caral en la Lista del Patrimonio Mundial de la UNESCO, <\/span><span style=\"font-weight: 400;\">la Unidad Ejecutora 003 del Ministerio de Cultura: <\/span><a href=\"https:\/\/www.instagram.com\/caralperu\/?hl=es\"><span style=\"font-weight: 400;\">Zona Arqueol\u00f3gica Caral<\/span><\/a><span style=\"font-weight: 400;\"> (ZAC), anuncia el retorno de sus exposiciones museogr\u00e1ficas itinerantes, al que se suman nuevos recursos virtuales.<\/span><\/p>\n<p><span style=\"font-weight: 400;\">Tambi\u00e9n se permitir\u00e1 el ingreso gratuito a los sitios arqueol\u00f3gicos, se realizar\u00e1n viajes culturales, talleres y mediaciones a trav\u00e9s del Museo Caral Virtual, las cuales buscan acercar el patrimonio cultural a ni\u00f1os, j\u00f3venes y adultos.<\/span><\/p>\n<p><b>INGRESO GRATUITO<\/b><\/p>\n<p><span style=\"font-weight: 400;\">Este domingo, 7 de julio, todos los ciudadanos peruanos podr\u00e1n ingresar de manera gratuita a los sitios arqueol\u00f3gicos <\/span><a href=\"https:\/\/www.zonacaral.gob.pe\/ruta-caral\/ciudad-sagrada-de-caral.html\"><span style=\"font-weight: 400;\">Sacred City of Caral<\/span><\/a><span style=\"font-weight: 400;\">, Patrimonio Mundial; ubicado en el valle de Supe \u2013 Barranca. Tambi\u00e9n a <\/span><a href=\"https:\/\/www.zonacaral.gob.pe\/ruta-caral\/aspero.html\"><span style=\"font-weight: 400;\">\u00c1spero<\/span><\/a><span style=\"font-weight: 400;\">, milenaria ciudad pesquera situada en Supe Puerto \u2013 Barranca, y <\/span><a href=\"https:\/\/www.zonacaral.gob.pe\/ruta-caral\/vichama.html\"><span style=\"font-weight: 400;\">Vichama<\/span><\/a><span style=\"font-weight: 400;\">, antigua ciudad agropesquera de V\u00e9gueta, en Huaura.<\/span><\/p>\n<p><span style=\"font-weight: 400;\">Los sitios est\u00e1n abiertos al p\u00fablico de lunes a domingo, de 9:00 a. m. a 5:00 p. m. El \u00fanico pago a realizar este d\u00eda es por el servicio de guiado que hacen los int\u00e9rpretes culturales locales en cada sitio.<\/span><\/p>\n<p><b>EXPOSICI\u00d3N MUSEOGR\u00c1FICA<\/b><\/p>\n<p><span style=\"font-weight: 400;\">El jueves, 11 de julio, con el fin de conmemorar el decimoquinto aniversario de la Ciudad Sagrada de Caral como Patrimonio Mundial, se inaugurar\u00e1 la <\/span><a href=\"https:\/\/maps.app.goo.gl\/RZjXaNbLGKgws15AA\"><span style=\"font-weight: 400;\">exposici\u00f3n museogr\u00e1fica <\/span><i><span style=\"font-weight: 400;\">\u00abCiudad Sagrada de Caral, Patrimonio Mundial, y los valores de la civilizaci\u00f3n Caral. Reflexiones para el Buen Vivir\u00bb<\/span><\/i><\/a><span style=\"font-weight: 400;\">, la cual se realizar\u00e1 en el Centro Cultural de la Beneficencia de Lima Metropolitana, ubicado en el jir\u00f3n Carabaya n.\u00b0 641 &#8211; Centro de Lima, a dos cuadras de la Plaza San Mart\u00edn.<\/span><\/p>\n<p><span style=\"font-weight: 400;\">En esta muestra, \u00fanica en el Per\u00fa, los participantes tendr\u00e1n la oportunidad de conocer la colecci\u00f3n de esculturas y objetos arqueol\u00f3gicos recuperados en 30 a\u00f1os de investigaciones realizadas en doce antiguos centros urbanos de Caral. Adem\u00e1s, descubrir\u00e1n detalles de su desarrollo, la producci\u00f3n de conocimientos en ciencia y tecnolog\u00eda, hasta las causas de su colapso y posterior reorganizaci\u00f3n.<\/span><\/p>\n<p><span style=\"font-weight: 400;\">La exposici\u00f3n podr\u00e1 ser visitada de martes a domingo, de 10:00 a. m. a 7:00 p. m., y\u00a0 estar\u00e1 vigente hasta el mi\u00e9rcoles, 11 de septiembre. Asimismo, se realizar\u00e1n, de acuerdo a programaci\u00f3n, talleres o activaciones culturales.<\/span><\/p>\n<p><span style=\"font-weight: 400;\">Si est\u00e1s a cargo de un grupo de ni\u00f1os o j\u00f3venes o quieres visitarnos con tu comunidad, inscr\u00edbete y coordina una visita guiada para tu delegaci\u00f3n:<\/span><a href=\"https:\/\/bit.ly\/VisitaGuiada_ExpoBeneficencia?fbclid=IwZXh0bgNhZW0CMTAAAR0_PylaFT--zpgkKj7gGXJ1LivAUcE62Fz85Gik6JYXjgApKYWD_cZczMU_aem_wAC4eXBGXLF49Z1hUDB62Q\"> <span style=\"font-weight: 400;\">VisitaGuiada_ExpoBeneficencia<\/span><\/a><\/p>\n<p><b>RECURSOS VIRTUALES DE CARAL SE MUDAN<\/b><\/p>\n<p><span style=\"font-weight: 400;\">Los <\/span><a href=\"https:\/\/zonacaral.gob.pe\/en\/museo\/caral\/recursos-interactivos.html\/\"><span style=\"font-weight: 400;\">nuevos recursos virtuales para conocer la Civilizaci\u00f3n Caral<\/span><\/a><span style=\"font-weight: 400;\">, gafas de realidad virtual y realidad aumentada, y t\u00f3tem interactivo, se mudan del Ministerio de Cultura a la exposici\u00f3n museogr\u00e1fica que se realizar\u00e1 en la Beneficencia de Lima.\u00a0<\/span><\/p>\n<p><span style=\"font-weight: 400;\">Podr\u00e1s disfrutar de esta experiencia que tambi\u00e9n ofrece una sesi\u00f3n con Oculus Meta en el mismo horario: de martes a domingo, de 10:00 a. m. a 7:00 p. m., hasta el 11 de septiembre.<\/span><\/p>\n<p><b>VIAJES CULTURALES<\/b><\/p>\n<p><span style=\"font-weight: 400;\">En este mes el programa <\/span><a href=\"https:\/\/www.zonacaral.gob.pe\/ruta-caral\/viajes-culturales.html\"><span style=\"font-weight: 400;\">Cultural Trips<\/span><\/a><span style=\"font-weight: 400;\"> de la ZAC tambi\u00e9n ha programado tres fechas para conocer los or\u00edgenes de la civilizaci\u00f3n en Am\u00e9rica. El primero, denominado \u201cTras las huellas del cambio clim\u00e1tico\u201d se realizar\u00e1 el domingo, 7 de julio e incluye los centros urbanos Ciudad Sagrada de Caral, Patrimonio Mundial, y Vichama.<\/span><\/p>\n<p><span style=\"font-weight: 400;\">El segundo, llamado: \u201cRedescubre la Civilizaci\u00f3n Caral\u201d, se desarrollar\u00e1 el\u00a0 s\u00e1bado 20 de julio, este programa de difusi\u00f3n cultural te lleva a recorrer la Ciudad Sagrada de Caral y \u00c1spero.<\/span><\/p>\n<p><span style=\"font-weight: 400;\">Y el tercer viaje programado, titulado: Traves\u00eda por Fiestas Patrias: Aventura por la Ruta Caral y campamento cultural. Se ejecutar\u00e1 los d\u00edas s\u00e1bado 27 y domingo 28 de julio. Con este programa especial, y con el fin de sentirnos orgullosos de ser peruanos, visitaremos tres ciudades antiguas de la Civilizaci\u00f3n Caral: la Ciudad Sagrada de Caral, \u00c1spero y Vichama. M\u00e1s informaci\u00f3n e inscripciones: 955 881 340. O ingresando al link: <\/span><a href=\"https:\/\/bit.ly\/ViajesCulturales2024?fbclid=IwZXh0bgNhZW0CMTAAAR09p3JEFY7pB4bwF1ki9TA_0LPww0_7YUNmLWaIEEiysAoE1k57cfvdtYw_aem_r06GHHF-G6f44mZ_bwoStw\"><span style=\"font-weight: 400;\">https:\/\/bit.ly\/ViajesCulturales2024<\/span><\/a><\/p>\n<p><span style=\"font-weight: 400;\">Cabe resaltar que el fin de semana largo, por fiestas patrias, los sitios arqueol\u00f3gicos Caral, \u00c1spero y Vichama, estar\u00e1n abiertos en horario normal, de 10:00 a. m a 5:00 p. m.\u00a0<\/span><\/p>\n<p><b>TALLERES DE CARAL<\/b><\/p>\n<p><span style=\"font-weight: 400;\">Asimismo, para seguir con las actividades para conmemorar el decimoquinto aniversario de la Ciudad Sagrada de Caral como Patrimonio Mundial, y las fiestas patrias. El jueves, 25 de julio, a las 3:00 p. m. realizaremos el taller familiar \u201cModelado de Arcilla\u201d.\u00a0<\/span><\/p>\n<p><span style=\"font-weight: 400;\">Para esta actividad se tendr\u00e1 la participaci\u00f3n especial de la asociaci\u00f3n sociocultural: Teatro de Sombras, y se realizar\u00e1n sorteos entre todos los participantes. M\u00e1s informaci\u00f3n e inscripciones: 955 881 340.<\/span><\/p>\n<p><b>GUIADOS VIRTUALES<\/b><\/p>\n<p><span style=\"font-weight: 400;\">Finalmente, continuamos con nuestras mediaciones virtuales por el Museo Caral, las cuales se realizan previa coordinaci\u00f3n con grupos educativos, colegios o universidades, de cualquier ciudad del pa\u00eds o del extranjero. Si eres docente o est\u00e1s a cargo de alg\u00fan grupo en tu comunidad, comun\u00edcate con nosotros al correo krayme@zonacaral.gob.pe o en el link:<\/span><a href=\"https:\/\/bit.ly\/Visitas_Mediadas2024?fbclid=IwZXh0bgNhZW0CMTAAAR2tlfZ9KDP__M4Yyw0gJAfLQyp0ImRh_bJleVX1bDSelL8ntlmXxGsziQo_aem_6dSdcRQv8UUeQ21m1PMMJg\"> <span style=\"font-weight: 400;\">Visitas Mediadas2024<\/span><\/a><span style=\"font-weight: 400;\">, para planear tu visita por este espacio digital.<\/span><\/p>\n<p><span style=\"color: #850707;\"><strong style=\"font-size: inherit; text-align: justify;\">Fuente: Comunicaci\u00f3n e Imagen Institucional ZAC<\/strong><\/span><\/p>\n<\/div>\n<div style=\"color: #1f1f1f;\">\n<div style=\"color: #1f1f1f;\">\n<p style=\"text-align: justify;\">Fecha de publicaci\u00f3n: 05\/07\/2024<\/p>\n<\/div>\n<\/div>\n\n\n<p><\/p>","protected":false},"excerpt":{"rendered":"<p>Celebremos las fiestas patrias revalorando nuestro patrimonio cultural. Con el fin de conmemorar el trig\u00e9simo aniversario del inicio de las [&hellip;]<\/p>\n","protected":false},"author":1,"featured_media":17732,"comment_status":"closed","ping_status":"open","sticky":false,"template":"","format":"standard","meta":{"_acf_changed":false,"site-sidebar-layout":"default","site-content-layout":"","ast-site-content-layout":"default","site-content-style":"default","site-sidebar-style":"default","ast-global-header-display":"","ast-banner-title-visibility":"","ast-main-header-display":"","ast-hfb-above-header-display":"","ast-hfb-below-header-display":"","ast-hfb-mobile-header-display":"","site-post-title":"","ast-breadcrumbs-content":"","ast-featured-img":"","footer-sml-layout":"","ast-disable-related-posts":"","theme-transparent-header-meta":"","adv-header-id-meta":"","stick-header-meta":"","header-above-stick-meta":"","header-main-stick-meta":"","header-below-stick-meta":"","astra-migrate-meta-layouts":"default","ast-page-background-enabled":"default","ast-page-background-meta":{"desktop":{"background-color":"var(--ast-global-color-5)","background-image":"","background-repeat":"repeat","background-position":"center center","background-size":"auto","background-attachment":"scroll","background-type":"","background-media":"","overlay-type":"","overlay-color":"","overlay-opacity":"","overlay-gradient":""},"tablet":{"background-color":"","background-image":"","background-repeat":"repeat","background-position":"center center","background-size":"auto","background-attachment":"scroll","background-type":"","background-media":"","overlay-type":"","overlay-color":"","overlay-opacity":"","overlay-gradient":""},"mobile":{"background-color":"","background-image":"","background-repeat":"repeat","background-position":"center center","background-size":"auto","background-attachment":"scroll","background-type":"","background-media":"","overlay-type":"","overlay-color":"","overlay-opacity":"","overlay-gradient":""}},"ast-content-background-meta":{"desktop":{"background-color":"var(--ast-global-color-4)","background-image":"","background-repeat":"repeat","background-position":"center center","background-size":"auto","background-attachment":"scroll","background-type":"","background-media":"","overlay-type":"","overlay-color":"","overlay-opacity":"","overlay-gradient":""},"tablet":{"background-color":"var(--ast-global-color-4)","background-image":"","background-repeat":"repeat","background-position":"center center","background-size":"auto","background-attachment":"scroll","background-type":"","background-media":"","overlay-type":"","overlay-color":"","overlay-opacity":"","overlay-gradient":""},"mobile":{"background-color":"var(--ast-global-color-4)","background-image":"","background-repeat":"repeat","background-position":"center center","background-size":"auto","background-attachment":"scroll","background-type":"","background-media":"","overlay-type":"","overlay-color":"","overlay-opacity":"","overlay-gradient":""}},"footnotes":""},"categories":[208],"tags":[55,72],"class_list":["post-17730","post","type-post","status-publish","format-standard","has-post-thumbnail","hentry","category-noticias","tag-caral","tag-cultura"],"acf":[],"yoast_head":"<!-- This site is optimized with the Yoast SEO plugin v27.3 - https:\/\/yoast.com\/product\/yoast-seo-wordpress\/ -->\n<title>AGENDA CARAL \u2013 JULIO: Exposici\u00f3n Museogr\u00e1fica, guiados virtuales, talleres, viajes y m\u00e1s<\/title>\n<meta name=\"description\" content=\"Con el fin de conmemorar el trig\u00e9simo aniversario del inicio de las investigaciones sobre el desarrollo de la Civilizaci\u00f3n Caral, y el decimoquinto aniversario de la inscripci\u00f3n de la Ciudad Sagrada de Caral en la Lista del Patrimonio Mundial de la UNESCO, la Unidad Ejecutora 003 del Ministerio de Cultura: Zona Arqueol\u00f3gica Caral (ZAC), anuncia el retorno de sus exposiciones museogr\u00e1ficas itinerantes, al que se suman nuevos recursos virtuales.\" \/>\n<meta name=\"robots\" content=\"index, follow, max-snippet:-1, max-image-preview:large, max-video-preview:-1\" \/>\n<link rel=\"canonical\" href=\"https:\/\/zonacaral.gob.pe\/en\/noticias\/agenda-caral-julio-exposicion-museografica-guiados-virtuales-talleres-viajes-y-mas\/\" \/>\n<meta property=\"og:locale\" content=\"en_US\" \/>\n<meta property=\"og:type\" content=\"article\" \/>\n<meta property=\"og:title\" content=\"AGENDA CARAL \u2013 JULIO: Exposici\u00f3n Museogr\u00e1fica, guiados virtuales, talleres, viajes y m\u00e1s\" \/>\n<meta property=\"og:description\" content=\"Con el fin de conmemorar el trig\u00e9simo aniversario del inicio de las investigaciones sobre el desarrollo de la Civilizaci\u00f3n Caral, y el decimoquinto aniversario de la inscripci\u00f3n de la Ciudad Sagrada de Caral en la Lista del Patrimonio Mundial de la UNESCO, la Unidad Ejecutora 003 del Ministerio de Cultura: Zona Arqueol\u00f3gica Caral (ZAC), anuncia el retorno de sus exposiciones museogr\u00e1ficas itinerantes, al que se suman nuevos recursos virtuales.\" \/>\n<meta property=\"og:url\" content=\"https:\/\/zonacaral.gob.pe\/en\/noticias\/agenda-caral-julio-exposicion-museografica-guiados-virtuales-talleres-viajes-y-mas\/\" \/>\n<meta property=\"og:site_name\" content=\"Zona Caral\" \/>\n<meta property=\"article:published_time\" content=\"2024-07-05T19:19:48+00:00\" \/>\n<meta property=\"og:image\" content=\"https:\/\/zonacaral.gob.pe\/wp-content\/uploads\/2024\/07\/agenda-julio.jpg\" \/>\n\t<meta property=\"og:image:width\" content=\"700\" \/>\n\t<meta property=\"og:image:height\" content=\"395\" \/>\n\t<meta property=\"og:image:type\" content=\"image\/jpeg\" \/>\n<meta name=\"author\" content=\"Zona Caral Administrador\" \/>\n<meta name=\"twitter:card\" content=\"summary_large_image\" \/>\n<meta name=\"twitter:label1\" content=\"Written by\" \/>\n\t<meta name=\"twitter:data1\" content=\"Zona Caral Administrador\" \/>\n\t<meta name=\"twitter:label2\" content=\"Est. reading time\" \/>\n\t<meta name=\"twitter:data2\" content=\"4 minutes\" \/>\n<script type=\"application\/ld+json\" class=\"yoast-schema-graph\">{\"@context\":\"https:\\\/\\\/schema.org\",\"@graph\":[{\"@type\":\"Article\",\"@id\":\"https:\\\/\\\/zonacaral.gob.pe\\\/es\\\/noticias\\\/agenda-caral-julio-exposicion-museografica-guiados-virtuales-talleres-viajes-y-mas\\\/#article\",\"isPartOf\":{\"@id\":\"https:\\\/\\\/zonacaral.gob.pe\\\/es\\\/noticias\\\/agenda-caral-julio-exposicion-museografica-guiados-virtuales-talleres-viajes-y-mas\\\/\"},\"author\":{\"name\":\"Zona Caral Administrador\",\"@id\":\"https:\\\/\\\/zonacaral.gob.pe\\\/es\\\/#\\\/schema\\\/person\\\/beddb4d22f71a7230c5b90913270a0ee\"},\"headline\":\"AGENDA CARAL \u2013 JULIO: Exposici\u00f3n Museogr\u00e1fica, guiados virtuales, talleres, viajes y m\u00e1s\",\"datePublished\":\"2024-07-05T19:19:48+00:00\",\"mainEntityOfPage\":{\"@id\":\"https:\\\/\\\/zonacaral.gob.pe\\\/es\\\/noticias\\\/agenda-caral-julio-exposicion-museografica-guiados-virtuales-talleres-viajes-y-mas\\\/\"},\"wordCount\":892,\"image\":{\"@id\":\"https:\\\/\\\/zonacaral.gob.pe\\\/es\\\/noticias\\\/agenda-caral-julio-exposicion-museografica-guiados-virtuales-talleres-viajes-y-mas\\\/#primaryimage\"},\"thumbnailUrl\":\"https:\\\/\\\/zonacaral.gob.pe\\\/wp-content\\\/uploads\\\/2024\\\/07\\\/agenda-julio.jpg\",\"keywords\":[\"caral\",\"Cultura\"],\"articleSection\":[\"noticias\"],\"inLanguage\":\"en-US\"},{\"@type\":\"WebPage\",\"@id\":\"https:\\\/\\\/zonacaral.gob.pe\\\/es\\\/noticias\\\/agenda-caral-julio-exposicion-museografica-guiados-virtuales-talleres-viajes-y-mas\\\/\",\"url\":\"https:\\\/\\\/zonacaral.gob.pe\\\/es\\\/noticias\\\/agenda-caral-julio-exposicion-museografica-guiados-virtuales-talleres-viajes-y-mas\\\/\",\"name\":\"AGENDA CARAL \u2013 JULIO: Exposici\u00f3n Museogr\u00e1fica, guiados virtuales, talleres, viajes y m\u00e1s\",\"isPartOf\":{\"@id\":\"https:\\\/\\\/zonacaral.gob.pe\\\/es\\\/#website\"},\"primaryImageOfPage\":{\"@id\":\"https:\\\/\\\/zonacaral.gob.pe\\\/es\\\/noticias\\\/agenda-caral-julio-exposicion-museografica-guiados-virtuales-talleres-viajes-y-mas\\\/#primaryimage\"},\"image\":{\"@id\":\"https:\\\/\\\/zonacaral.gob.pe\\\/es\\\/noticias\\\/agenda-caral-julio-exposicion-museografica-guiados-virtuales-talleres-viajes-y-mas\\\/#primaryimage\"},\"thumbnailUrl\":\"https:\\\/\\\/zonacaral.gob.pe\\\/wp-content\\\/uploads\\\/2024\\\/07\\\/agenda-julio.jpg\",\"datePublished\":\"2024-07-05T19:19:48+00:00\",\"author\":{\"@id\":\"https:\\\/\\\/zonacaral.gob.pe\\\/es\\\/#\\\/schema\\\/person\\\/beddb4d22f71a7230c5b90913270a0ee\"},\"description\":\"Con el fin de conmemorar el trig\u00e9simo aniversario del inicio de las investigaciones sobre el desarrollo de la Civilizaci\u00f3n Caral, y el decimoquinto aniversario de la inscripci\u00f3n de la Ciudad Sagrada de Caral en la Lista del Patrimonio Mundial de la UNESCO, la Unidad Ejecutora 003 del Ministerio de Cultura: Zona Arqueol\u00f3gica Caral (ZAC), anuncia el retorno de sus exposiciones museogr\u00e1ficas itinerantes, al que se suman nuevos recursos virtuales.\",\"breadcrumb\":{\"@id\":\"https:\\\/\\\/zonacaral.gob.pe\\\/es\\\/noticias\\\/agenda-caral-julio-exposicion-museografica-guiados-virtuales-talleres-viajes-y-mas\\\/#breadcrumb\"},\"inLanguage\":\"en-US\",\"potentialAction\":[{\"@type\":\"ReadAction\",\"target\":[\"https:\\\/\\\/zonacaral.gob.pe\\\/es\\\/noticias\\\/agenda-caral-julio-exposicion-museografica-guiados-virtuales-talleres-viajes-y-mas\\\/\"]}]},{\"@type\":\"ImageObject\",\"inLanguage\":\"en-US\",\"@id\":\"https:\\\/\\\/zonacaral.gob.pe\\\/es\\\/noticias\\\/agenda-caral-julio-exposicion-museografica-guiados-virtuales-talleres-viajes-y-mas\\\/#primaryimage\",\"url\":\"https:\\\/\\\/zonacaral.gob.pe\\\/wp-content\\\/uploads\\\/2024\\\/07\\\/agenda-julio.jpg\",\"contentUrl\":\"https:\\\/\\\/zonacaral.gob.pe\\\/wp-content\\\/uploads\\\/2024\\\/07\\\/agenda-julio.jpg\",\"width\":700,\"height\":395},{\"@type\":\"BreadcrumbList\",\"@id\":\"https:\\\/\\\/zonacaral.gob.pe\\\/es\\\/noticias\\\/agenda-caral-julio-exposicion-museografica-guiados-virtuales-talleres-viajes-y-mas\\\/#breadcrumb\",\"itemListElement\":[{\"@type\":\"ListItem\",\"position\":1,\"name\":\"Portada\",\"item\":\"https:\\\/\\\/zonacaral.gob.pe\\\/\"},{\"@type\":\"ListItem\",\"position\":2,\"name\":\"AGENDA CARAL \u2013 JULIO: Exposici\u00f3n Museogr\u00e1fica, guiados virtuales, talleres, viajes y m\u00e1s\"}]},{\"@type\":\"WebSite\",\"@id\":\"https:\\\/\\\/zonacaral.gob.pe\\\/es\\\/#website\",\"url\":\"https:\\\/\\\/zonacaral.gob.pe\\\/es\\\/\",\"name\":\"Zona Caral\",\"description\":\"Investigamos, conservamos y difundimos el patrimonio cultural de la Civilizaci\u00f3n Caral, la m\u00e1s antigua de Am\u00e9rica.\",\"potentialAction\":[{\"@type\":\"SearchAction\",\"target\":{\"@type\":\"EntryPoint\",\"urlTemplate\":\"https:\\\/\\\/zonacaral.gob.pe\\\/es\\\/?s={search_term_string}\"},\"query-input\":{\"@type\":\"PropertyValueSpecification\",\"valueRequired\":true,\"valueName\":\"search_term_string\"}}],\"inLanguage\":\"en-US\"},{\"@type\":\"Person\",\"@id\":\"https:\\\/\\\/zonacaral.gob.pe\\\/es\\\/#\\\/schema\\\/person\\\/beddb4d22f71a7230c5b90913270a0ee\",\"name\":\"Zona Caral Administrador\",\"image\":{\"@type\":\"ImageObject\",\"inLanguage\":\"en-US\",\"@id\":\"https:\\\/\\\/secure.gravatar.com\\\/avatar\\\/e4be162918a696358376de6446614e0f0f4062bdc5d170d6d540ada3d8b58c12?s=96&d=mm&r=g\",\"url\":\"https:\\\/\\\/secure.gravatar.com\\\/avatar\\\/e4be162918a696358376de6446614e0f0f4062bdc5d170d6d540ada3d8b58c12?s=96&d=mm&r=g\",\"contentUrl\":\"https:\\\/\\\/secure.gravatar.com\\\/avatar\\\/e4be162918a696358376de6446614e0f0f4062bdc5d170d6d540ada3d8b58c12?s=96&d=mm&r=g\",\"caption\":\"Zona Caral Administrador\"},\"sameAs\":[\"https:\\\/\\\/zonacaral.gob.pe\"],\"url\":\"https:\\\/\\\/zonacaral.gob.pe\\\/en\\\/noticias\\\/author\\\/ad_zonacaral\\\/\"}]}<\/script>\n<!-- \/ Yoast SEO plugin. -->","yoast_head_json":{"title":"AGENDA CARAL \u2013 JULIO: Exposici\u00f3n Museogr\u00e1fica, guiados virtuales, talleres, viajes y m\u00e1s","description":"Con el fin de conmemorar el trig\u00e9simo aniversario del inicio de las investigaciones sobre el desarrollo de la Civilizaci\u00f3n Caral, y el decimoquinto aniversario de la inscripci\u00f3n de la Ciudad Sagrada de Caral en la Lista del Patrimonio Mundial de la UNESCO, la Unidad Ejecutora 003 del Ministerio de Cultura: Zona Arqueol\u00f3gica Caral (ZAC), anuncia el retorno de sus exposiciones museogr\u00e1ficas itinerantes, al que se suman nuevos recursos virtuales.","robots":{"index":"index","follow":"follow","max-snippet":"max-snippet:-1","max-image-preview":"max-image-preview:large","max-video-preview":"max-video-preview:-1"},"canonical":"https:\/\/zonacaral.gob.pe\/en\/noticias\/agenda-caral-julio-exposicion-museografica-guiados-virtuales-talleres-viajes-y-mas\/","og_locale":"en_US","og_type":"article","og_title":"AGENDA CARAL \u2013 JULIO: Exposici\u00f3n Museogr\u00e1fica, guiados virtuales, talleres, viajes y m\u00e1s","og_description":"Con el fin de conmemorar el trig\u00e9simo aniversario del inicio de las investigaciones sobre el desarrollo de la Civilizaci\u00f3n Caral, y el decimoquinto aniversario de la inscripci\u00f3n de la Ciudad Sagrada de Caral en la Lista del Patrimonio Mundial de la UNESCO, la Unidad Ejecutora 003 del Ministerio de Cultura: Zona Arqueol\u00f3gica Caral (ZAC), anuncia el retorno de sus exposiciones museogr\u00e1ficas itinerantes, al que se suman nuevos recursos virtuales.","og_url":"https:\/\/zonacaral.gob.pe\/en\/noticias\/agenda-caral-julio-exposicion-museografica-guiados-virtuales-talleres-viajes-y-mas\/","og_site_name":"Zona Caral","article_published_time":"2024-07-05T19:19:48+00:00","og_image":[{"width":700,"height":395,"url":"https:\/\/zonacaral.gob.pe\/wp-content\/uploads\/2024\/07\/agenda-julio.jpg","type":"image\/jpeg"}],"author":"Zona Caral Administrador","twitter_card":"summary_large_image","twitter_misc":{"Written by":"Zona Caral Administrador","Est. reading time":"4 minutes"},"schema":{"@context":"https:\/\/schema.org","@graph":[{"@type":"Article","@id":"https:\/\/zonacaral.gob.pe\/es\/noticias\/agenda-caral-julio-exposicion-museografica-guiados-virtuales-talleres-viajes-y-mas\/#article","isPartOf":{"@id":"https:\/\/zonacaral.gob.pe\/es\/noticias\/agenda-caral-julio-exposicion-museografica-guiados-virtuales-talleres-viajes-y-mas\/"},"author":{"name":"Zona Caral Administrador","@id":"https:\/\/zonacaral.gob.pe\/es\/#\/schema\/person\/beddb4d22f71a7230c5b90913270a0ee"},"headline":"AGENDA CARAL \u2013 JULIO: Exposici\u00f3n Museogr\u00e1fica, guiados virtuales, talleres, viajes y m\u00e1s","datePublished":"2024-07-05T19:19:48+00:00","mainEntityOfPage":{"@id":"https:\/\/zonacaral.gob.pe\/es\/noticias\/agenda-caral-julio-exposicion-museografica-guiados-virtuales-talleres-viajes-y-mas\/"},"wordCount":892,"image":{"@id":"https:\/\/zonacaral.gob.pe\/es\/noticias\/agenda-caral-julio-exposicion-museografica-guiados-virtuales-talleres-viajes-y-mas\/#primaryimage"},"thumbnailUrl":"https:\/\/zonacaral.gob.pe\/wp-content\/uploads\/2024\/07\/agenda-julio.jpg","keywords":["caral","Cultura"],"articleSection":["noticias"],"inLanguage":"en-US"},{"@type":"WebPage","@id":"https:\/\/zonacaral.gob.pe\/es\/noticias\/agenda-caral-julio-exposicion-museografica-guiados-virtuales-talleres-viajes-y-mas\/","url":"https:\/\/zonacaral.gob.pe\/es\/noticias\/agenda-caral-julio-exposicion-museografica-guiados-virtuales-talleres-viajes-y-mas\/","name":"AGENDA CARAL \u2013 JULIO: Exposici\u00f3n Museogr\u00e1fica, guiados virtuales, talleres, viajes y m\u00e1s","isPartOf":{"@id":"https:\/\/zonacaral.gob.pe\/es\/#website"},"primaryImageOfPage":{"@id":"https:\/\/zonacaral.gob.pe\/es\/noticias\/agenda-caral-julio-exposicion-museografica-guiados-virtuales-talleres-viajes-y-mas\/#primaryimage"},"image":{"@id":"https:\/\/zonacaral.gob.pe\/es\/noticias\/agenda-caral-julio-exposicion-museografica-guiados-virtuales-talleres-viajes-y-mas\/#primaryimage"},"thumbnailUrl":"https:\/\/zonacaral.gob.pe\/wp-content\/uploads\/2024\/07\/agenda-julio.jpg","datePublished":"2024-07-05T19:19:48+00:00","author":{"@id":"https:\/\/zonacaral.gob.pe\/es\/#\/schema\/person\/beddb4d22f71a7230c5b90913270a0ee"},"description":"Con el fin de conmemorar el trig\u00e9simo aniversario del inicio de las investigaciones sobre el desarrollo de la Civilizaci\u00f3n Caral, y el decimoquinto aniversario de la inscripci\u00f3n de la Ciudad Sagrada de Caral en la Lista del Patrimonio Mundial de la UNESCO, la Unidad Ejecutora 003 del Ministerio de Cultura: Zona Arqueol\u00f3gica Caral (ZAC), anuncia el retorno de sus exposiciones museogr\u00e1ficas itinerantes, al que se suman nuevos recursos virtuales.","breadcrumb":{"@id":"https:\/\/zonacaral.gob.pe\/es\/noticias\/agenda-caral-julio-exposicion-museografica-guiados-virtuales-talleres-viajes-y-mas\/#breadcrumb"},"inLanguage":"en-US","potentialAction":[{"@type":"ReadAction","target":["https:\/\/zonacaral.gob.pe\/es\/noticias\/agenda-caral-julio-exposicion-museografica-guiados-virtuales-talleres-viajes-y-mas\/"]}]},{"@type":"ImageObject","inLanguage":"en-US","@id":"https:\/\/zonacaral.gob.pe\/es\/noticias\/agenda-caral-julio-exposicion-museografica-guiados-virtuales-talleres-viajes-y-mas\/#primaryimage","url":"https:\/\/zonacaral.gob.pe\/wp-content\/uploads\/2024\/07\/agenda-julio.jpg","contentUrl":"https:\/\/zonacaral.gob.pe\/wp-content\/uploads\/2024\/07\/agenda-julio.jpg","width":700,"height":395},{"@type":"BreadcrumbList","@id":"https:\/\/zonacaral.gob.pe\/es\/noticias\/agenda-caral-julio-exposicion-museografica-guiados-virtuales-talleres-viajes-y-mas\/#breadcrumb","itemListElement":[{"@type":"ListItem","position":1,"name":"Portada","item":"https:\/\/zonacaral.gob.pe\/"},{"@type":"ListItem","position":2,"name":"AGENDA CARAL \u2013 JULIO: Exposici\u00f3n Museogr\u00e1fica, guiados virtuales, talleres, viajes y m\u00e1s"}]},{"@type":"WebSite","@id":"https:\/\/zonacaral.gob.pe\/es\/#website","url":"https:\/\/zonacaral.gob.pe\/es\/","name":"Zona Caral","description":"Investigamos, conservamos y difundimos el patrimonio cultural de la Civilizaci\u00f3n Caral, la m\u00e1s antigua de Am\u00e9rica.","potentialAction":[{"@type":"SearchAction","target":{"@type":"EntryPoint","urlTemplate":"https:\/\/zonacaral.gob.pe\/es\/?s={search_term_string}"},"query-input":{"@type":"PropertyValueSpecification","valueRequired":true,"valueName":"search_term_string"}}],"inLanguage":"en-US"},{"@type":"Person","@id":"https:\/\/zonacaral.gob.pe\/es\/#\/schema\/person\/beddb4d22f71a7230c5b90913270a0ee","name":"Zona Caral Administrador","image":{"@type":"ImageObject","inLanguage":"en-US","@id":"https:\/\/secure.gravatar.com\/avatar\/e4be162918a696358376de6446614e0f0f4062bdc5d170d6d540ada3d8b58c12?s=96&d=mm&r=g","url":"https:\/\/secure.gravatar.com\/avatar\/e4be162918a696358376de6446614e0f0f4062bdc5d170d6d540ada3d8b58c12?s=96&d=mm&r=g","contentUrl":"https:\/\/secure.gravatar.com\/avatar\/e4be162918a696358376de6446614e0f0f4062bdc5d170d6d540ada3d8b58c12?s=96&d=mm&r=g","caption":"Zona Caral Administrador"},"sameAs":["https:\/\/zonacaral.gob.pe"],"url":"https:\/\/zonacaral.gob.pe\/en\/noticias\/author\/ad_zonacaral\/"}]}},"_links":{"self":[{"href":"https:\/\/zonacaral.gob.pe\/en\/wp-json\/wp\/v2\/posts\/17730","targetHints":{"allow":["GET"]}}],"collection":[{"href":"https:\/\/zonacaral.gob.pe\/en\/wp-json\/wp\/v2\/posts"}],"about":[{"href":"https:\/\/zonacaral.gob.pe\/en\/wp-json\/wp\/v2\/types\/post"}],"author":[{"embeddable":true,"href":"https:\/\/zonacaral.gob.pe\/en\/wp-json\/wp\/v2\/users\/1"}],"replies":[{"embeddable":true,"href":"https:\/\/zonacaral.gob.pe\/en\/wp-json\/wp\/v2\/comments?post=17730"}],"version-history":[{"count":0,"href":"https:\/\/zonacaral.gob.pe\/en\/wp-json\/wp\/v2\/posts\/17730\/revisions"}],"wp:featuredmedia":[{"embeddable":true,"href":"https:\/\/zonacaral.gob.pe\/en\/wp-json\/wp\/v2\/media\/17732"}],"wp:attachment":[{"href":"https:\/\/zonacaral.gob.pe\/en\/wp-json\/wp\/v2\/media?parent=17730"}],"wp:term":[{"taxonomy":"category","embeddable":true,"href":"https:\/\/zonacaral.gob.pe\/en\/wp-json\/wp\/v2\/categories?post=17730"},{"taxonomy":"post_tag","embeddable":true,"href":"https:\/\/zonacaral.gob.pe\/en\/wp-json\/wp\/v2\/tags?post=17730"}],"curies":[{"name":"wp","href":"https:\/\/api.w.org\/{rel}","templated":true}]}}