{"id":17747,"date":"2024-07-15T12:02:25","date_gmt":"2024-07-15T17:02:25","guid":{"rendered":"https:\/\/www.zonacaral.gob.pe\/?p=17747"},"modified":"2024-07-15T12:02:25","modified_gmt":"2024-07-15T17:02:25","slug":"inauguran-la-exposicion-museografica-mas-importante-sobre-la-civilizacion-caral","status":"publish","type":"post","link":"https:\/\/zonacaral.gob.pe\/en\/noticias\/inauguran-la-exposicion-museografica-mas-importante-sobre-la-civilizacion-caral\/","title":{"rendered":"Inauguran la exposici\u00f3n museogr\u00e1fica m\u00e1s importante sobre la Civilizaci\u00f3n Caral"},"content":{"rendered":"<figure class=\"pic-autor\" style=\"color: #4d4d4d; text-align: justify;\"><\/figure>\n<div class=\"gmail_default\" style=\"text-align: justify;\">\n<blockquote>\n<p><i><span style=\"font-weight: 400;\">Un regreso al pasado milenario, para conectarnos con nuestras ra\u00edces.<\/span><\/i><\/p>\n<\/blockquote>\n<p><span style=\"font-weight: 400;\">Con el fin de conmemorar el decimoquinto aniversario de la inscripci\u00f3n de la Ciudad Sagrada de Caral-Supe en la Lista del Patrimonio Mundial de la UNESCO, la ministra de Cultura, Leslie Urteaga Pe\u00f1a, y la doctora Ruth Shady Sol\u00eds, directora de la <\/span><a href=\"https:\/\/www.instagram.com\/caralperu\/?hl=es\"><span style=\"font-weight: 400;\">Zona Arqueol\u00f3gica Caral<\/span><\/a><span style=\"font-weight: 400;\"> (ZAC), inauguraron, en los ambientes de la Beneficencia de Lima (ubicada en el Centro Hist\u00f3rico), la exposici\u00f3n museogr\u00e1fica m\u00e1s importante sobre el desarrollo de la primera civilizaci\u00f3n de Am\u00e9rica.<\/span><\/p>\n<p><span style=\"font-weight: 400;\">En la ceremonia tambi\u00e9n particip\u00f3 el se\u00f1or Fabricio Orozco V\u00e9lez, gerente general de la Sociedad de Beneficencia de Lima Metropolitana, quien dio la bienvenida a las autoridades e invitados y expres\u00f3 su alegr\u00eda de recibir en sus instalaciones la muestra museogr\u00e1fica que contiene la informaci\u00f3n actualizada recuperada tras 30 a\u00f1os de investigaciones sobre uno de los focos civilizatorios del mundo.<\/span><\/p>\n<p><span style=\"font-weight: 400;\">Por su lado la ministra Urteaga Pe\u00f1a, dijo esperar que todos los ciudadanos puedan visitar la exposici\u00f3n y conocer m\u00e1s sobre el desarrollo cultural del pa\u00eds y de Am\u00e9rica, y los conocimientos que produjeron, su modo de vida, las tecnolog\u00edas que aplicaron y que les permiti\u00f3 ser una sociedad importante y de mucho prestigio por m\u00e1s de mil a\u00f1os.<\/span><\/p>\n<p><span style=\"font-weight: 400;\">\u201cMi compromiso como Ministerio es seguir trabajando con miras al APEC, una importante vitrina para mostrar nuestras culturas y todo este conocimiento de la civilizaci\u00f3n Caral. Hoy tenemos una gran muestra museogr\u00e1fica que se inaugura aqu\u00ed en la Beneficencia y espero que la puedan visitar\u201d, indic\u00f3.<\/span><\/p>\n<p><span style=\"font-weight: 400;\">Asimismo, la arque\u00f3loga Shady Sol\u00eds, explic\u00f3 que la sociedad de la Civilizaci\u00f3n Caral desarroll\u00f3 diversas tecnolog\u00edas, vivi\u00f3 en armon\u00eda entre seres humanos y con la naturaleza, trabaj\u00f3 en complementariedad, entre varones y mujeres, y de manera organizada y planificada. Tambi\u00e9n, dijo, que supieron identificar problemas y dar soluciones a cada una de ellas, por lo que es importante conocer de esta cultura y sobre todo aprender de sus valores sociales y culturales, para llegar a ser un pa\u00eds desarrollado.<\/span><\/p>\n<p><span style=\"font-weight: 400;\">\u201cDespu\u00e9s de 15 a\u00f1os trabajando en Caral, hicimos el expediente para que se entregue a UNESCO y se reconozca a la Ciudad Sagrada de Caral-Supe, como Patrimonio Mundial. Lo cual logramos con el apoyo de diversas personas, como el de Liliana Cino Burkevics, embajadora de la Rep\u00fablica del Per\u00fa\u201d, sostuvo la arque\u00f3loga Shady Sol\u00eds, y agreg\u00f3 que este a\u00f1o tambi\u00e9n se cumplen 30 a\u00f1os del inicio de las investigaciones sobre la Civilizaci\u00f3n Caral.\u00a0<\/span><\/p>\n<p><b>Exposici\u00f3n museogr\u00e1fica<\/b><\/p>\n<p><span style=\"font-weight: 400;\">La muestra presentada por la Zona Arqueol\u00f3gica de Caral, en coorganizaci\u00f3n con la Beneficencia de Lima, ubicada en el jir\u00f3n Carabaya n.\u00b0 641 (a dos cuadras de la Plaza San Mart\u00edn) podr\u00e1 ser visitada del 11 de julio hasta al 11 de septiembre, de martes a domingo, de 10:00 a. m. a 7:00 p. m.<\/span><\/p>\n<p><span style=\"font-weight: 400;\">Este a\u00f1o la exposici\u00f3n est\u00e1 divida en cuatro salas tem\u00e1ticas: \u201c<\/span><i><span style=\"font-weight: 400;\">Ciudad Sagrada de Caral, Patrimonio Mundial\u201d, \u201cLos valores de la civilizaci\u00f3n Caral\u201d, \u201cRecursos de experiencia inmersiva de realidad virtual\u201d <\/span><\/i><span style=\"font-weight: 400;\">and<\/span><i><span style=\"font-weight: 400;\"> \u201cIdentificaci\u00f3n de problemas y b\u00fasqueda de soluciones a trav\u00e9s de la producci\u00f3n de conocimientos: ciencia y tecnolog\u00eda\u201d<\/span><\/i><span style=\"font-weight: 400;\">.<\/span><\/p>\n<p><span style=\"font-weight: 400;\">Adem\u00e1s, a diferencia de las anteriores exposiciones, en esta muestra se podr\u00e1 apreciar, en realidad virtual, usando gafas o visores, parte de la colecci\u00f3n de las piezas arqueol\u00f3gicas de Caral; podr\u00e1n recorrer la Pir\u00e1mide de Los Pututus, del centro urbano Pe\u00f1ico, y visualizar videos en 360\u00b0 de las antiguas ciudades, entre otros recursos interactivos y educativos.<\/span><\/p>\n<p><span style=\"font-weight: 400;\">Asimismo, colocaron diversos recursos museogr\u00e1ficos como infograf\u00edas y gigantograf\u00edas; tambi\u00e9n se incluir\u00e1n esculturas hiperrealistas de los principales personajes de Caral, paneles imantados, pantallas y t\u00f3tems t\u00e1ctiles con programas multimedia interactivos, escenograf\u00eda con la recreaci\u00f3n ilustrada del \u201ccatu\u201d Caral (o mercado Caral), gigantograf\u00eda de los salones ceremoniales con relieves murales, y la colecci\u00f3n museable de Caral compuesta por 40 piezas representativas de los productos de intercambio, bienes de prestigio y la colecci\u00f3n de esculturas de arcilla no cocida.<\/span><\/p>\n<p><span style=\"font-weight: 400;\">Los visitantes conocer\u00e1n, a trav\u00e9s de maquetas, el desarrollo constructivo milenario de la sociedad de Caral, la cual logr\u00f3 un desarrollo sin precedentes en completa armon\u00eda y paz, entre la naturaleza y las dem\u00e1s sociedades de costa, sierra y selva; convirti\u00e9ndose en una de las primeras sociedades sostenibles de Am\u00e9rica.<\/span><\/p>\n<p><span style=\"font-weight: 400;\">DATO<\/span><\/p>\n<p><span style=\"font-weight: 400;\">La exposici\u00f3n museogr\u00e1fica tambi\u00e9n formar\u00e1 parte de la oferta cultural, en agosto, de la III Reuni\u00f3n de Altos Funcionarios del Foro de Cooperaci\u00f3n Econ\u00f3mica de Asia Pac\u00edfico &#8211; APEC, el cual tendr\u00e1 como una de los temas principales la seguridad alimentaria. Ello, tras las evidencias arqueol\u00f3gicas en las que se dio a conocer que, en la Civilizaci\u00f3n Caral, existi\u00f3 un adecuado uso de los recursos alimenticios, y dieta balanceada y nutritiva.<\/span><\/p>\n<p><span style=\"font-weight: 400;\">Si eres docente o est\u00e1s a cargo de alg\u00fan grupo, comun\u00edcate al WhatsApp <\/span><a href=\"https:\/\/bit.ly\/955881340\"><span style=\"font-weight: 400;\">955881340<\/span><\/a><span style=\"font-weight: 400;\">. Asimismo, en esta exposici\u00f3n se realizar\u00e1n diversas actividades como talleres gratuitos y familiares. El pr\u00f3ximo se desarrollar\u00e1 el 25 de julio, y aprenderemos a elaborar esculturas, con la t\u00e9cnica milenaria del modelado de arcilla. Inscr\u00edbete aqu\u00ed: <\/span><a href=\"https:\/\/bit.ly\/TallerCPT_25julio\"><span style=\"font-weight: 400;\">https:\/\/bit.ly\/TallerCPT_25julio<\/span><\/a><\/p>\n<p><span style=\"color: #850707;\"><strong style=\"font-size: inherit; text-align: justify;\">Fuente: Comunicaci\u00f3n e Imagen Institucional ZAC<\/strong><\/span><\/p>\n<\/div>\n<div style=\"color: #1f1f1f;\">\n<div style=\"color: #1f1f1f;\">\n<p style=\"text-align: justify;\">Fecha de publicaci\u00f3n: 15\/07\/2024<\/p>\n<\/div>\n<\/div>\n\n\n<p><\/p>","protected":false},"excerpt":{"rendered":"<p>Un regreso al pasado milenario, para conectarnos con nuestras ra\u00edces. Con el fin de conmemorar el decimoquinto aniversario de la [&hellip;]<\/p>\n","protected":false},"author":1,"featured_media":17753,"comment_status":"closed","ping_status":"open","sticky":false,"template":"","format":"standard","meta":{"_acf_changed":false,"site-sidebar-layout":"default","site-content-layout":"","ast-site-content-layout":"default","site-content-style":"default","site-sidebar-style":"default","ast-global-header-display":"","ast-banner-title-visibility":"","ast-main-header-display":"","ast-hfb-above-header-display":"","ast-hfb-below-header-display":"","ast-hfb-mobile-header-display":"","site-post-title":"","ast-breadcrumbs-content":"","ast-featured-img":"","footer-sml-layout":"","ast-disable-related-posts":"","theme-transparent-header-meta":"","adv-header-id-meta":"","stick-header-meta":"","header-above-stick-meta":"","header-main-stick-meta":"","header-below-stick-meta":"","astra-migrate-meta-layouts":"default","ast-page-background-enabled":"default","ast-page-background-meta":{"desktop":{"background-color":"var(--ast-global-color-5)","background-image":"","background-repeat":"repeat","background-position":"center center","background-size":"auto","background-attachment":"scroll","background-type":"","background-media":"","overlay-type":"","overlay-color":"","overlay-opacity":"","overlay-gradient":""},"tablet":{"background-color":"","background-image":"","background-repeat":"repeat","background-position":"center center","background-size":"auto","background-attachment":"scroll","background-type":"","background-media":"","overlay-type":"","overlay-color":"","overlay-opacity":"","overlay-gradient":""},"mobile":{"background-color":"","background-image":"","background-repeat":"repeat","background-position":"center center","background-size":"auto","background-attachment":"scroll","background-type":"","background-media":"","overlay-type":"","overlay-color":"","overlay-opacity":"","overlay-gradient":""}},"ast-content-background-meta":{"desktop":{"background-color":"var(--ast-global-color-4)","background-image":"","background-repeat":"repeat","background-position":"center center","background-size":"auto","background-attachment":"scroll","background-type":"","background-media":"","overlay-type":"","overlay-color":"","overlay-opacity":"","overlay-gradient":""},"tablet":{"background-color":"var(--ast-global-color-4)","background-image":"","background-repeat":"repeat","background-position":"center center","background-size":"auto","background-attachment":"scroll","background-type":"","background-media":"","overlay-type":"","overlay-color":"","overlay-opacity":"","overlay-gradient":""},"mobile":{"background-color":"var(--ast-global-color-4)","background-image":"","background-repeat":"repeat","background-position":"center center","background-size":"auto","background-attachment":"scroll","background-type":"","background-media":"","overlay-type":"","overlay-color":"","overlay-opacity":"","overlay-gradient":""}},"footnotes":""},"categories":[208],"tags":[55,72],"class_list":["post-17747","post","type-post","status-publish","format-standard","has-post-thumbnail","hentry","category-noticias","tag-caral","tag-cultura"],"acf":[],"yoast_head":"<!-- This site is optimized with the Yoast SEO plugin v27.3 - https:\/\/yoast.com\/product\/yoast-seo-wordpress\/ -->\n<title>Inauguran la exposici\u00f3n museogr\u00e1fica m\u00e1s importante sobre la Civilizaci\u00f3n Caral<\/title>\n<meta name=\"description\" content=\"Con el fin de conmemorar el decimoquinto aniversario de la inscripci\u00f3n de la Ciudad Sagrada de Caral-Supe en la Lista del Patrimonio Mundial de la UNESCO, la ministra de Cultura, Leslie Urteaga Pe\u00f1a, y la doctora Ruth Shady Sol\u00eds, directora de la Zona Arqueol\u00f3gica Caral (ZAC), inauguraron, en los ambientes de la Beneficencia de Lima (ubicada en el Centro Hist\u00f3rico), la exposici\u00f3n museogr\u00e1fica m\u00e1s importante sobre el desarrollo de la primera civilizaci\u00f3n de Am\u00e9rica.\" \/>\n<meta name=\"robots\" content=\"index, follow, max-snippet:-1, max-image-preview:large, max-video-preview:-1\" \/>\n<link rel=\"canonical\" href=\"https:\/\/zonacaral.gob.pe\/en\/noticias\/inauguran-la-exposicion-museografica-mas-importante-sobre-la-civilizacion-caral\/\" \/>\n<meta property=\"og:locale\" content=\"en_US\" \/>\n<meta property=\"og:type\" content=\"article\" \/>\n<meta property=\"og:title\" content=\"Inauguran la exposici\u00f3n museogr\u00e1fica m\u00e1s importante sobre la Civilizaci\u00f3n Caral\" \/>\n<meta property=\"og:description\" content=\"Con el fin de conmemorar el decimoquinto aniversario de la inscripci\u00f3n de la Ciudad Sagrada de Caral-Supe en la Lista del Patrimonio Mundial de la UNESCO, la ministra de Cultura, Leslie Urteaga Pe\u00f1a, y la doctora Ruth Shady Sol\u00eds, directora de la Zona Arqueol\u00f3gica Caral (ZAC), inauguraron, en los ambientes de la Beneficencia de Lima (ubicada en el Centro Hist\u00f3rico), la exposici\u00f3n museogr\u00e1fica m\u00e1s importante sobre el desarrollo de la primera civilizaci\u00f3n de Am\u00e9rica.\" \/>\n<meta property=\"og:url\" content=\"https:\/\/zonacaral.gob.pe\/en\/noticias\/inauguran-la-exposicion-museografica-mas-importante-sobre-la-civilizacion-caral\/\" \/>\n<meta property=\"og:site_name\" content=\"Zona Caral\" \/>\n<meta property=\"article:published_time\" content=\"2024-07-15T17:02:25+00:00\" \/>\n<meta property=\"og:image\" content=\"https:\/\/zonacaral.gob.pe\/wp-content\/uploads\/2024\/07\/1_expo_beneficencia.jpg\" \/>\n\t<meta property=\"og:image:width\" content=\"700\" \/>\n\t<meta property=\"og:image:height\" content=\"395\" \/>\n\t<meta property=\"og:image:type\" content=\"image\/jpeg\" \/>\n<meta name=\"author\" content=\"Zona Caral Administrador\" \/>\n<meta name=\"twitter:card\" content=\"summary_large_image\" \/>\n<meta name=\"twitter:label1\" content=\"Written by\" \/>\n\t<meta name=\"twitter:data1\" content=\"Zona Caral Administrador\" \/>\n\t<meta name=\"twitter:label2\" content=\"Est. reading time\" \/>\n\t<meta name=\"twitter:data2\" content=\"5 minutes\" \/>\n<script type=\"application\/ld+json\" class=\"yoast-schema-graph\">{\"@context\":\"https:\\\/\\\/schema.org\",\"@graph\":[{\"@type\":\"Article\",\"@id\":\"https:\\\/\\\/zonacaral.gob.pe\\\/es\\\/noticias\\\/inauguran-la-exposicion-museografica-mas-importante-sobre-la-civilizacion-caral\\\/#article\",\"isPartOf\":{\"@id\":\"https:\\\/\\\/zonacaral.gob.pe\\\/es\\\/noticias\\\/inauguran-la-exposicion-museografica-mas-importante-sobre-la-civilizacion-caral\\\/\"},\"author\":{\"name\":\"Zona Caral Administrador\",\"@id\":\"https:\\\/\\\/zonacaral.gob.pe\\\/es\\\/#\\\/schema\\\/person\\\/beddb4d22f71a7230c5b90913270a0ee\"},\"headline\":\"Inauguran la exposici\u00f3n museogr\u00e1fica m\u00e1s importante sobre la Civilizaci\u00f3n Caral\",\"datePublished\":\"2024-07-15T17:02:25+00:00\",\"mainEntityOfPage\":{\"@id\":\"https:\\\/\\\/zonacaral.gob.pe\\\/es\\\/noticias\\\/inauguran-la-exposicion-museografica-mas-importante-sobre-la-civilizacion-caral\\\/\"},\"wordCount\":928,\"image\":{\"@id\":\"https:\\\/\\\/zonacaral.gob.pe\\\/es\\\/noticias\\\/inauguran-la-exposicion-museografica-mas-importante-sobre-la-civilizacion-caral\\\/#primaryimage\"},\"thumbnailUrl\":\"https:\\\/\\\/zonacaral.gob.pe\\\/wp-content\\\/uploads\\\/2024\\\/07\\\/1_expo_beneficencia.jpg\",\"keywords\":[\"caral\",\"Cultura\"],\"articleSection\":[\"noticias\"],\"inLanguage\":\"en-US\"},{\"@type\":\"WebPage\",\"@id\":\"https:\\\/\\\/zonacaral.gob.pe\\\/es\\\/noticias\\\/inauguran-la-exposicion-museografica-mas-importante-sobre-la-civilizacion-caral\\\/\",\"url\":\"https:\\\/\\\/zonacaral.gob.pe\\\/es\\\/noticias\\\/inauguran-la-exposicion-museografica-mas-importante-sobre-la-civilizacion-caral\\\/\",\"name\":\"Inauguran la exposici\u00f3n museogr\u00e1fica m\u00e1s importante sobre la Civilizaci\u00f3n Caral\",\"isPartOf\":{\"@id\":\"https:\\\/\\\/zonacaral.gob.pe\\\/es\\\/#website\"},\"primaryImageOfPage\":{\"@id\":\"https:\\\/\\\/zonacaral.gob.pe\\\/es\\\/noticias\\\/inauguran-la-exposicion-museografica-mas-importante-sobre-la-civilizacion-caral\\\/#primaryimage\"},\"image\":{\"@id\":\"https:\\\/\\\/zonacaral.gob.pe\\\/es\\\/noticias\\\/inauguran-la-exposicion-museografica-mas-importante-sobre-la-civilizacion-caral\\\/#primaryimage\"},\"thumbnailUrl\":\"https:\\\/\\\/zonacaral.gob.pe\\\/wp-content\\\/uploads\\\/2024\\\/07\\\/1_expo_beneficencia.jpg\",\"datePublished\":\"2024-07-15T17:02:25+00:00\",\"author\":{\"@id\":\"https:\\\/\\\/zonacaral.gob.pe\\\/es\\\/#\\\/schema\\\/person\\\/beddb4d22f71a7230c5b90913270a0ee\"},\"description\":\"Con el fin de conmemorar el decimoquinto aniversario de la inscripci\u00f3n de la Ciudad Sagrada de Caral-Supe en la Lista del Patrimonio Mundial de la UNESCO, la ministra de Cultura, Leslie Urteaga Pe\u00f1a, y la doctora Ruth Shady Sol\u00eds, directora de la Zona Arqueol\u00f3gica Caral (ZAC), inauguraron, en los ambientes de la Beneficencia de Lima (ubicada en el Centro Hist\u00f3rico), la exposici\u00f3n museogr\u00e1fica m\u00e1s importante sobre el desarrollo de la primera civilizaci\u00f3n de Am\u00e9rica.\",\"breadcrumb\":{\"@id\":\"https:\\\/\\\/zonacaral.gob.pe\\\/es\\\/noticias\\\/inauguran-la-exposicion-museografica-mas-importante-sobre-la-civilizacion-caral\\\/#breadcrumb\"},\"inLanguage\":\"en-US\",\"potentialAction\":[{\"@type\":\"ReadAction\",\"target\":[\"https:\\\/\\\/zonacaral.gob.pe\\\/es\\\/noticias\\\/inauguran-la-exposicion-museografica-mas-importante-sobre-la-civilizacion-caral\\\/\"]}]},{\"@type\":\"ImageObject\",\"inLanguage\":\"en-US\",\"@id\":\"https:\\\/\\\/zonacaral.gob.pe\\\/es\\\/noticias\\\/inauguran-la-exposicion-museografica-mas-importante-sobre-la-civilizacion-caral\\\/#primaryimage\",\"url\":\"https:\\\/\\\/zonacaral.gob.pe\\\/wp-content\\\/uploads\\\/2024\\\/07\\\/1_expo_beneficencia.jpg\",\"contentUrl\":\"https:\\\/\\\/zonacaral.gob.pe\\\/wp-content\\\/uploads\\\/2024\\\/07\\\/1_expo_beneficencia.jpg\",\"width\":700,\"height\":395},{\"@type\":\"BreadcrumbList\",\"@id\":\"https:\\\/\\\/zonacaral.gob.pe\\\/es\\\/noticias\\\/inauguran-la-exposicion-museografica-mas-importante-sobre-la-civilizacion-caral\\\/#breadcrumb\",\"itemListElement\":[{\"@type\":\"ListItem\",\"position\":1,\"name\":\"Portada\",\"item\":\"https:\\\/\\\/zonacaral.gob.pe\\\/\"},{\"@type\":\"ListItem\",\"position\":2,\"name\":\"Inauguran la exposici\u00f3n museogr\u00e1fica m\u00e1s importante sobre la Civilizaci\u00f3n Caral\"}]},{\"@type\":\"WebSite\",\"@id\":\"https:\\\/\\\/zonacaral.gob.pe\\\/es\\\/#website\",\"url\":\"https:\\\/\\\/zonacaral.gob.pe\\\/es\\\/\",\"name\":\"Zona Caral\",\"description\":\"Investigamos, conservamos y difundimos el patrimonio cultural de la Civilizaci\u00f3n Caral, la m\u00e1s antigua de Am\u00e9rica.\",\"potentialAction\":[{\"@type\":\"SearchAction\",\"target\":{\"@type\":\"EntryPoint\",\"urlTemplate\":\"https:\\\/\\\/zonacaral.gob.pe\\\/es\\\/?s={search_term_string}\"},\"query-input\":{\"@type\":\"PropertyValueSpecification\",\"valueRequired\":true,\"valueName\":\"search_term_string\"}}],\"inLanguage\":\"en-US\"},{\"@type\":\"Person\",\"@id\":\"https:\\\/\\\/zonacaral.gob.pe\\\/es\\\/#\\\/schema\\\/person\\\/beddb4d22f71a7230c5b90913270a0ee\",\"name\":\"Zona Caral Administrador\",\"image\":{\"@type\":\"ImageObject\",\"inLanguage\":\"en-US\",\"@id\":\"https:\\\/\\\/secure.gravatar.com\\\/avatar\\\/e4be162918a696358376de6446614e0f0f4062bdc5d170d6d540ada3d8b58c12?s=96&d=mm&r=g\",\"url\":\"https:\\\/\\\/secure.gravatar.com\\\/avatar\\\/e4be162918a696358376de6446614e0f0f4062bdc5d170d6d540ada3d8b58c12?s=96&d=mm&r=g\",\"contentUrl\":\"https:\\\/\\\/secure.gravatar.com\\\/avatar\\\/e4be162918a696358376de6446614e0f0f4062bdc5d170d6d540ada3d8b58c12?s=96&d=mm&r=g\",\"caption\":\"Zona Caral Administrador\"},\"sameAs\":[\"https:\\\/\\\/zonacaral.gob.pe\"],\"url\":\"https:\\\/\\\/zonacaral.gob.pe\\\/en\\\/noticias\\\/author\\\/ad_zonacaral\\\/\"}]}<\/script>\n<!-- \/ Yoast SEO plugin. -->","yoast_head_json":{"title":"Inauguran la exposici\u00f3n museogr\u00e1fica m\u00e1s importante sobre la Civilizaci\u00f3n Caral","description":"Con el fin de conmemorar el decimoquinto aniversario de la inscripci\u00f3n de la Ciudad Sagrada de Caral-Supe en la Lista del Patrimonio Mundial de la UNESCO, la ministra de Cultura, Leslie Urteaga Pe\u00f1a, y la doctora Ruth Shady Sol\u00eds, directora de la Zona Arqueol\u00f3gica Caral (ZAC), inauguraron, en los ambientes de la Beneficencia de Lima (ubicada en el Centro Hist\u00f3rico), la exposici\u00f3n museogr\u00e1fica m\u00e1s importante sobre el desarrollo de la primera civilizaci\u00f3n de Am\u00e9rica.","robots":{"index":"index","follow":"follow","max-snippet":"max-snippet:-1","max-image-preview":"max-image-preview:large","max-video-preview":"max-video-preview:-1"},"canonical":"https:\/\/zonacaral.gob.pe\/en\/noticias\/inauguran-la-exposicion-museografica-mas-importante-sobre-la-civilizacion-caral\/","og_locale":"en_US","og_type":"article","og_title":"Inauguran la exposici\u00f3n museogr\u00e1fica m\u00e1s importante sobre la Civilizaci\u00f3n Caral","og_description":"Con el fin de conmemorar el decimoquinto aniversario de la inscripci\u00f3n de la Ciudad Sagrada de Caral-Supe en la Lista del Patrimonio Mundial de la UNESCO, la ministra de Cultura, Leslie Urteaga Pe\u00f1a, y la doctora Ruth Shady Sol\u00eds, directora de la Zona Arqueol\u00f3gica Caral (ZAC), inauguraron, en los ambientes de la Beneficencia de Lima (ubicada en el Centro Hist\u00f3rico), la exposici\u00f3n museogr\u00e1fica m\u00e1s importante sobre el desarrollo de la primera civilizaci\u00f3n de Am\u00e9rica.","og_url":"https:\/\/zonacaral.gob.pe\/en\/noticias\/inauguran-la-exposicion-museografica-mas-importante-sobre-la-civilizacion-caral\/","og_site_name":"Zona Caral","article_published_time":"2024-07-15T17:02:25+00:00","og_image":[{"width":700,"height":395,"url":"https:\/\/zonacaral.gob.pe\/wp-content\/uploads\/2024\/07\/1_expo_beneficencia.jpg","type":"image\/jpeg"}],"author":"Zona Caral Administrador","twitter_card":"summary_large_image","twitter_misc":{"Written by":"Zona Caral Administrador","Est. reading time":"5 minutes"},"schema":{"@context":"https:\/\/schema.org","@graph":[{"@type":"Article","@id":"https:\/\/zonacaral.gob.pe\/es\/noticias\/inauguran-la-exposicion-museografica-mas-importante-sobre-la-civilizacion-caral\/#article","isPartOf":{"@id":"https:\/\/zonacaral.gob.pe\/es\/noticias\/inauguran-la-exposicion-museografica-mas-importante-sobre-la-civilizacion-caral\/"},"author":{"name":"Zona Caral Administrador","@id":"https:\/\/zonacaral.gob.pe\/es\/#\/schema\/person\/beddb4d22f71a7230c5b90913270a0ee"},"headline":"Inauguran la exposici\u00f3n museogr\u00e1fica m\u00e1s importante sobre la Civilizaci\u00f3n Caral","datePublished":"2024-07-15T17:02:25+00:00","mainEntityOfPage":{"@id":"https:\/\/zonacaral.gob.pe\/es\/noticias\/inauguran-la-exposicion-museografica-mas-importante-sobre-la-civilizacion-caral\/"},"wordCount":928,"image":{"@id":"https:\/\/zonacaral.gob.pe\/es\/noticias\/inauguran-la-exposicion-museografica-mas-importante-sobre-la-civilizacion-caral\/#primaryimage"},"thumbnailUrl":"https:\/\/zonacaral.gob.pe\/wp-content\/uploads\/2024\/07\/1_expo_beneficencia.jpg","keywords":["caral","Cultura"],"articleSection":["noticias"],"inLanguage":"en-US"},{"@type":"WebPage","@id":"https:\/\/zonacaral.gob.pe\/es\/noticias\/inauguran-la-exposicion-museografica-mas-importante-sobre-la-civilizacion-caral\/","url":"https:\/\/zonacaral.gob.pe\/es\/noticias\/inauguran-la-exposicion-museografica-mas-importante-sobre-la-civilizacion-caral\/","name":"Inauguran la exposici\u00f3n museogr\u00e1fica m\u00e1s importante sobre la Civilizaci\u00f3n Caral","isPartOf":{"@id":"https:\/\/zonacaral.gob.pe\/es\/#website"},"primaryImageOfPage":{"@id":"https:\/\/zonacaral.gob.pe\/es\/noticias\/inauguran-la-exposicion-museografica-mas-importante-sobre-la-civilizacion-caral\/#primaryimage"},"image":{"@id":"https:\/\/zonacaral.gob.pe\/es\/noticias\/inauguran-la-exposicion-museografica-mas-importante-sobre-la-civilizacion-caral\/#primaryimage"},"thumbnailUrl":"https:\/\/zonacaral.gob.pe\/wp-content\/uploads\/2024\/07\/1_expo_beneficencia.jpg","datePublished":"2024-07-15T17:02:25+00:00","author":{"@id":"https:\/\/zonacaral.gob.pe\/es\/#\/schema\/person\/beddb4d22f71a7230c5b90913270a0ee"},"description":"Con el fin de conmemorar el decimoquinto aniversario de la inscripci\u00f3n de la Ciudad Sagrada de Caral-Supe en la Lista del Patrimonio Mundial de la UNESCO, la ministra de Cultura, Leslie Urteaga Pe\u00f1a, y la doctora Ruth Shady Sol\u00eds, directora de la Zona Arqueol\u00f3gica Caral (ZAC), inauguraron, en los ambientes de la Beneficencia de Lima (ubicada en el Centro Hist\u00f3rico), la exposici\u00f3n museogr\u00e1fica m\u00e1s importante sobre el desarrollo de la primera civilizaci\u00f3n de Am\u00e9rica.","breadcrumb":{"@id":"https:\/\/zonacaral.gob.pe\/es\/noticias\/inauguran-la-exposicion-museografica-mas-importante-sobre-la-civilizacion-caral\/#breadcrumb"},"inLanguage":"en-US","potentialAction":[{"@type":"ReadAction","target":["https:\/\/zonacaral.gob.pe\/es\/noticias\/inauguran-la-exposicion-museografica-mas-importante-sobre-la-civilizacion-caral\/"]}]},{"@type":"ImageObject","inLanguage":"en-US","@id":"https:\/\/zonacaral.gob.pe\/es\/noticias\/inauguran-la-exposicion-museografica-mas-importante-sobre-la-civilizacion-caral\/#primaryimage","url":"https:\/\/zonacaral.gob.pe\/wp-content\/uploads\/2024\/07\/1_expo_beneficencia.jpg","contentUrl":"https:\/\/zonacaral.gob.pe\/wp-content\/uploads\/2024\/07\/1_expo_beneficencia.jpg","width":700,"height":395},{"@type":"BreadcrumbList","@id":"https:\/\/zonacaral.gob.pe\/es\/noticias\/inauguran-la-exposicion-museografica-mas-importante-sobre-la-civilizacion-caral\/#breadcrumb","itemListElement":[{"@type":"ListItem","position":1,"name":"Portada","item":"https:\/\/zonacaral.gob.pe\/"},{"@type":"ListItem","position":2,"name":"Inauguran la exposici\u00f3n museogr\u00e1fica m\u00e1s importante sobre la Civilizaci\u00f3n Caral"}]},{"@type":"WebSite","@id":"https:\/\/zonacaral.gob.pe\/es\/#website","url":"https:\/\/zonacaral.gob.pe\/es\/","name":"Zona Caral","description":"Investigamos, conservamos y difundimos el patrimonio cultural de la Civilizaci\u00f3n Caral, la m\u00e1s antigua de Am\u00e9rica.","potentialAction":[{"@type":"SearchAction","target":{"@type":"EntryPoint","urlTemplate":"https:\/\/zonacaral.gob.pe\/es\/?s={search_term_string}"},"query-input":{"@type":"PropertyValueSpecification","valueRequired":true,"valueName":"search_term_string"}}],"inLanguage":"en-US"},{"@type":"Person","@id":"https:\/\/zonacaral.gob.pe\/es\/#\/schema\/person\/beddb4d22f71a7230c5b90913270a0ee","name":"Zona Caral Administrador","image":{"@type":"ImageObject","inLanguage":"en-US","@id":"https:\/\/secure.gravatar.com\/avatar\/e4be162918a696358376de6446614e0f0f4062bdc5d170d6d540ada3d8b58c12?s=96&d=mm&r=g","url":"https:\/\/secure.gravatar.com\/avatar\/e4be162918a696358376de6446614e0f0f4062bdc5d170d6d540ada3d8b58c12?s=96&d=mm&r=g","contentUrl":"https:\/\/secure.gravatar.com\/avatar\/e4be162918a696358376de6446614e0f0f4062bdc5d170d6d540ada3d8b58c12?s=96&d=mm&r=g","caption":"Zona Caral Administrador"},"sameAs":["https:\/\/zonacaral.gob.pe"],"url":"https:\/\/zonacaral.gob.pe\/en\/noticias\/author\/ad_zonacaral\/"}]}},"_links":{"self":[{"href":"https:\/\/zonacaral.gob.pe\/en\/wp-json\/wp\/v2\/posts\/17747","targetHints":{"allow":["GET"]}}],"collection":[{"href":"https:\/\/zonacaral.gob.pe\/en\/wp-json\/wp\/v2\/posts"}],"about":[{"href":"https:\/\/zonacaral.gob.pe\/en\/wp-json\/wp\/v2\/types\/post"}],"author":[{"embeddable":true,"href":"https:\/\/zonacaral.gob.pe\/en\/wp-json\/wp\/v2\/users\/1"}],"replies":[{"embeddable":true,"href":"https:\/\/zonacaral.gob.pe\/en\/wp-json\/wp\/v2\/comments?post=17747"}],"version-history":[{"count":0,"href":"https:\/\/zonacaral.gob.pe\/en\/wp-json\/wp\/v2\/posts\/17747\/revisions"}],"wp:featuredmedia":[{"embeddable":true,"href":"https:\/\/zonacaral.gob.pe\/en\/wp-json\/wp\/v2\/media\/17753"}],"wp:attachment":[{"href":"https:\/\/zonacaral.gob.pe\/en\/wp-json\/wp\/v2\/media?parent=17747"}],"wp:term":[{"taxonomy":"category","embeddable":true,"href":"https:\/\/zonacaral.gob.pe\/en\/wp-json\/wp\/v2\/categories?post=17747"},{"taxonomy":"post_tag","embeddable":true,"href":"https:\/\/zonacaral.gob.pe\/en\/wp-json\/wp\/v2\/tags?post=17747"}],"curies":[{"name":"wp","href":"https:\/\/api.w.org\/{rel}","templated":true}]}}