{"id":17757,"date":"2024-07-19T17:09:22","date_gmt":"2024-07-19T22:09:22","guid":{"rendered":"https:\/\/www.zonacaral.gob.pe\/?p=17757"},"modified":"2024-07-19T17:09:22","modified_gmt":"2024-07-19T22:09:22","slug":"doctora-ruth-shady-brindo-conferencia-sobre-caral-a-asociaciones-de-pescadores-de-lima-metropolitana","status":"publish","type":"post","link":"https:\/\/zonacaral.gob.pe\/en\/noticias\/doctora-ruth-shady-brindo-conferencia-sobre-caral-a-asociaciones-de-pescadores-de-lima-metropolitana\/","title":{"rendered":"Doctora Ruth Shady brind\u00f3 conferencia sobre Caral a asociaciones de pescadores de Lima Metropolitana"},"content":{"rendered":"<figure class=\"pic-autor\" style=\"color: #4d4d4d; text-align: justify;\"><\/figure>\n<div class=\"gmail_default\" style=\"text-align: justify;\">\n<blockquote>\n<p><span style=\"font-weight: 400;\">Herencia cultural del Per\u00fa y del mundo.<\/span><\/p>\n<\/blockquote>\n<p><span style=\"font-weight: 400;\">La <\/span><a href=\"https:\/\/www.facebook.com\/share\/v\/qTFirkAfmCMebrKp\/\"><span style=\"font-weight: 400;\">doctora Ruth Shady Sol\u00eds<\/span><\/a><span style=\"font-weight: 400;\">, directora de la <\/span><a href=\"https:\/\/www.instagram.com\/caralperu\/?hl=es\"><span style=\"font-weight: 400;\">Zona Arqueol\u00f3gica Caral<\/span><\/a><span style=\"font-weight: 400;\">, Unidad Ejecutora 003 del Ministerio de Cultura, particip\u00f3 en el taller denominado <\/span><span style=\"font-weight: 400;\">\u00ab<\/span><span style=\"font-weight: 400;\">Plan de Salvaguardia de la Pesca ancestral Tradicional de Lima Metropolitana<\/span><span style=\"font-weight: 400;\">\u00bb<\/span><span style=\"font-weight: 400;\">, donde brind\u00f3 la conferencia: <\/span><span style=\"font-weight: 400;\">\u00ab<\/span><span style=\"font-weight: 400;\">La complementariedad agro-pesquera y su importancia en el intercambio intercultural y en el desarrollo de la Civilizaci\u00f3n Caral<\/span><span style=\"font-weight: 400;\">\u00bb,<\/span><span style=\"font-weight: 400;\"> sobre el desarrollo de la tecnolog\u00eda pesquera, la alimentaci\u00f3n balanceada y la importancia del recurso marino en la Civilizaci\u00f3n Caral.<\/span><\/p>\n<p><span style=\"font-weight: 400;\">La actividad organizada por la Gerencia de Desarrollo Econ\u00f3mico de la Municipalidad de Lima, convoc\u00f3 a representantes de las diferentes asociaciones pesqueras, artesanal y ancestral, de la capital, quienes agradecieron a la arque\u00f3loga Shady Sol\u00eds, por los conocimientos que les transmiti\u00f3, vi\u00e9ndose identificados con su patrimonio cultural.<\/span><\/p>\n<p><span style=\"font-weight: 400;\">En este evento tambi\u00e9n expuso el se\u00f1or Gabriel Benites, Especialista en temas de Propiedad Intelectual de la Secretar\u00eda General de la Comunidad Andina; el se\u00f1or Ricardo Re\u00e1tegui Marchesi, de la Direcci\u00f3n de Patrimonio Inmaterial del Ministerio de Cultura, entre otros que buscaron abarcar diversos temas sobre c\u00f3mo lograr la declaratoria de Patrimonio Cultural de la Naci\u00f3n a la \u201cPesca Ancestral Tradicional en el Litoral de Lima Metropolitana, sus Conocimientos, T\u00e9cnicas y Significados\u201d.<\/span><\/p>\n<p><span style=\"font-weight: 400;\">Los pescadores artesanales expresaron su agradecimiento a la doctora Shady Sol\u00eds, y se mostraron identificados con su exposici\u00f3n sobre los hallazgos que evidencian la producci\u00f3n de tecnolog\u00eda pesquera en la Civilizaci\u00f3n Caral y revelan que la labor de pesca, desarrollada hace 5000 a\u00f1os, a\u00fan hace las faenas diarias de los hombres de mar.<\/span><\/p>\n<p><span style=\"font-weight: 400;\">Al finalizar la actividad, recorrieron la exposici\u00f3n museogr\u00e1fica itinerante \u00abCiudad Sagrada de Caral, Patrimonio Mundial, y los valores de la civilizaci\u00f3n Caral. Reflexiones para el Buen Vivir\u00bb, la cual se viene presentando en el Centro Cultural de la Beneficencia de Lima (jir\u00f3n Carabaya n\u00b0 641), hasta el 11 de septiembre. De martes a domingo, de 10:00 a. m. a 7:00 p. m.<\/span><\/p>\n<p><span style=\"font-weight: 400;\">En esta muestra museogr\u00e1fica se busca visibilizar el Valor Universal Excepcional de la milenaria Ciudad Sagrada de Caral-Supe, y transmitir los valores hist\u00f3ricos, culturales y sociales, recuperados por la investigaci\u00f3n arqueol\u00f3gica para el Per\u00fa y el mundo, de otros once centros urbanos pertenecientes a este foco civilizatorio.<\/span><\/p>\n<p><b>Exposici\u00f3n de Caral<\/b><\/p>\n<p><span style=\"font-weight: 400;\">Este a\u00f1o la exposici\u00f3n est\u00e1 dividida en cuatro salas tem\u00e1ticas: \u201cCiudad Sagrada de Caral, Patrimonio Mundial\u201d, \u201cLos valores de la civilizaci\u00f3n Caral\u201d, \u201cRecursos de experiencia inmersiva de realidad virtual\u201d e \u201cIdentificaci\u00f3n de problemas y b\u00fasqueda de soluciones a trav\u00e9s de la producci\u00f3n de conocimientos: ciencia y tecnolog\u00eda\u201d.<\/span><\/p>\n<p><span style=\"font-weight: 400;\">Adem\u00e1s, a diferencia de las anteriores exposiciones, en esta muestra se podr\u00e1 apreciar, en realidad virtual, usando gafas o visores, parte de la colecci\u00f3n de las piezas arqueol\u00f3gicas de Caral; podr\u00e1n recorrer la Pir\u00e1mide de Los Pututus, del centro urbano Pe\u00f1ico, y visualizar videos en 360\u00b0 de las antiguas ciudades, entre otros recursos interactivos y educativos.<\/span><\/p>\n<p><span style=\"font-weight: 400;\">Asimismo, colocaron diversos recursos museogr\u00e1ficos como infograf\u00edas y gigantograf\u00edas; tambi\u00e9n se incluir\u00e1n esculturas hiperrealistas de los principales personajes de Caral, paneles imantados, pantallas y t\u00f3tems t\u00e1ctiles con programas multimedia interactivos, escenograf\u00eda con la recreaci\u00f3n ilustrada del \u201ccatu\u201d Caral (o mercado Caral), gigantograf\u00eda de los salones ceremoniales con relieves murales, y la colecci\u00f3n museable de Caral compuesta por 40 piezas representativas de los productos de intercambio, bienes de prestigio y la colecci\u00f3n de esculturas de arcilla no cocida.<\/span><\/p>\n<p><b>DATO<\/b><b><br><\/b><span style=\"font-weight: 400;\">Si eres docente o est\u00e1s a cargo de alg\u00fan grupo, comun\u00edcate al WhatsApp <\/span><a href=\"https:\/\/bit.ly\/955881340\"><span style=\"font-weight: 400;\">955881340<\/span><\/a><span style=\"font-weight: 400;\">. Asimismo, en esta exposici\u00f3n se realizan diversas actividades como talleres gratuitos y familiares. El pr\u00f3ximo se desarrollar\u00e1 el 25 de julio, y aprenderemos a elaborar esculturas, con la t\u00e9cnica milenaria del modelado de arcilla. Inscr\u00edbete aqu\u00ed: <\/span><a href=\"https:\/\/bit.ly\/TallerCPT_25julio\"><span style=\"font-weight: 400;\">https:\/\/bit.ly\/TallerCPT_25julio<\/span><\/a><span style=\"font-weight: 400;\">.<\/span><\/p>\n<p><span style=\"color: #850707;\"><strong style=\"font-size: inherit; text-align: justify;\">Fuente: Comunicaci\u00f3n e Imagen Institucional ZAC<\/strong><\/span><\/p>\n<\/div>\n<div style=\"color: #1f1f1f;\">\n<div style=\"color: #1f1f1f;\">\n<p style=\"text-align: justify;\">Fecha de publicaci\u00f3n: 19\/07\/2024<\/p>\n<\/div>\n<\/div>\n\n\n<p><\/p>","protected":false},"excerpt":{"rendered":"<p>Herencia cultural del Per\u00fa y del mundo. La doctora Ruth Shady Sol\u00eds, directora de la Zona Arqueol\u00f3gica Caral, Unidad Ejecutora [&hellip;]<\/p>\n","protected":false},"author":1,"featured_media":17763,"comment_status":"closed","ping_status":"open","sticky":false,"template":"","format":"standard","meta":{"_acf_changed":false,"site-sidebar-layout":"default","site-content-layout":"","ast-site-content-layout":"default","site-content-style":"default","site-sidebar-style":"default","ast-global-header-display":"","ast-banner-title-visibility":"","ast-main-header-display":"","ast-hfb-above-header-display":"","ast-hfb-below-header-display":"","ast-hfb-mobile-header-display":"","site-post-title":"","ast-breadcrumbs-content":"","ast-featured-img":"","footer-sml-layout":"","ast-disable-related-posts":"","theme-transparent-header-meta":"","adv-header-id-meta":"","stick-header-meta":"","header-above-stick-meta":"","header-main-stick-meta":"","header-below-stick-meta":"","astra-migrate-meta-layouts":"default","ast-page-background-enabled":"default","ast-page-background-meta":{"desktop":{"background-color":"var(--ast-global-color-5)","background-image":"","background-repeat":"repeat","background-position":"center center","background-size":"auto","background-attachment":"scroll","background-type":"","background-media":"","overlay-type":"","overlay-color":"","overlay-opacity":"","overlay-gradient":""},"tablet":{"background-color":"","background-image":"","background-repeat":"repeat","background-position":"center center","background-size":"auto","background-attachment":"scroll","background-type":"","background-media":"","overlay-type":"","overlay-color":"","overlay-opacity":"","overlay-gradient":""},"mobile":{"background-color":"","background-image":"","background-repeat":"repeat","background-position":"center center","background-size":"auto","background-attachment":"scroll","background-type":"","background-media":"","overlay-type":"","overlay-color":"","overlay-opacity":"","overlay-gradient":""}},"ast-content-background-meta":{"desktop":{"background-color":"var(--ast-global-color-4)","background-image":"","background-repeat":"repeat","background-position":"center center","background-size":"auto","background-attachment":"scroll","background-type":"","background-media":"","overlay-type":"","overlay-color":"","overlay-opacity":"","overlay-gradient":""},"tablet":{"background-color":"var(--ast-global-color-4)","background-image":"","background-repeat":"repeat","background-position":"center center","background-size":"auto","background-attachment":"scroll","background-type":"","background-media":"","overlay-type":"","overlay-color":"","overlay-opacity":"","overlay-gradient":""},"mobile":{"background-color":"var(--ast-global-color-4)","background-image":"","background-repeat":"repeat","background-position":"center center","background-size":"auto","background-attachment":"scroll","background-type":"","background-media":"","overlay-type":"","overlay-color":"","overlay-opacity":"","overlay-gradient":""}},"footnotes":""},"categories":[208],"tags":[55,72],"class_list":["post-17757","post","type-post","status-publish","format-standard","has-post-thumbnail","hentry","category-noticias","tag-caral","tag-cultura"],"acf":[],"yoast_head":"<!-- This site is optimized with the Yoast SEO plugin v27.3 - https:\/\/yoast.com\/product\/yoast-seo-wordpress\/ -->\n<title>Doctora Ruth Shady brind\u00f3 conferencia sobre Caral a asociaciones de pescadores de Lima Metropolitana<\/title>\n<meta name=\"description\" content=\"La doctora Ruth Shady Sol\u00eds, directora de la Zona Arqueol\u00f3gica Caral, Unidad Ejecutora 003 del Ministerio de Cultura, particip\u00f3 en el taller denominado \u00abPlan de Salvaguardia de la Pesca ancestral Tradicional de Lima Metropolitana\u00bb, donde brind\u00f3 la conferencia: \u00abLa complementariedad agro-pesquera y su importancia en el intercambio intercultural y en el desarrollo de la Civilizaci\u00f3n Caral\u00bb, sobre el desarrollo de la tecnolog\u00eda pesquera, la alimentaci\u00f3n balanceada y la importancia del recurso marino en la Civilizaci\u00f3n Caral.\" \/>\n<meta name=\"robots\" content=\"index, follow, max-snippet:-1, max-image-preview:large, max-video-preview:-1\" \/>\n<link rel=\"canonical\" href=\"https:\/\/zonacaral.gob.pe\/en\/noticias\/doctora-ruth-shady-brindo-conferencia-sobre-caral-a-asociaciones-de-pescadores-de-lima-metropolitana\/\" \/>\n<meta property=\"og:locale\" content=\"en_US\" \/>\n<meta property=\"og:type\" content=\"article\" \/>\n<meta property=\"og:title\" content=\"Doctora Ruth Shady brind\u00f3 conferencia sobre Caral a asociaciones de pescadores de Lima Metropolitana\" \/>\n<meta property=\"og:description\" content=\"La doctora Ruth Shady Sol\u00eds, directora de la Zona Arqueol\u00f3gica Caral, Unidad Ejecutora 003 del Ministerio de Cultura, particip\u00f3 en el taller denominado \u00abPlan de Salvaguardia de la Pesca ancestral Tradicional de Lima Metropolitana\u00bb, donde brind\u00f3 la conferencia: \u00abLa complementariedad agro-pesquera y su importancia en el intercambio intercultural y en el desarrollo de la Civilizaci\u00f3n Caral\u00bb, sobre el desarrollo de la tecnolog\u00eda pesquera, la alimentaci\u00f3n balanceada y la importancia del recurso marino en la Civilizaci\u00f3n Caral.\" \/>\n<meta property=\"og:url\" content=\"https:\/\/zonacaral.gob.pe\/en\/noticias\/doctora-ruth-shady-brindo-conferencia-sobre-caral-a-asociaciones-de-pescadores-de-lima-metropolitana\/\" \/>\n<meta property=\"og:site_name\" content=\"Zona Caral\" \/>\n<meta property=\"article:published_time\" content=\"2024-07-19T22:09:22+00:00\" \/>\n<meta property=\"og:image\" content=\"https:\/\/zonacaral.gob.pe\/wp-content\/uploads\/2024\/07\/dra-beneficencia-1.png\" \/>\n\t<meta property=\"og:image:width\" content=\"700\" \/>\n\t<meta property=\"og:image:height\" content=\"395\" \/>\n\t<meta property=\"og:image:type\" content=\"image\/png\" \/>\n<meta name=\"author\" content=\"Zona Caral Administrador\" \/>\n<meta name=\"twitter:card\" content=\"summary_large_image\" \/>\n<meta name=\"twitter:label1\" content=\"Written by\" \/>\n\t<meta name=\"twitter:data1\" content=\"Zona Caral Administrador\" \/>\n\t<meta name=\"twitter:label2\" content=\"Est. reading time\" \/>\n\t<meta name=\"twitter:data2\" content=\"3 minutes\" \/>\n<script type=\"application\/ld+json\" class=\"yoast-schema-graph\">{\"@context\":\"https:\\\/\\\/schema.org\",\"@graph\":[{\"@type\":\"Article\",\"@id\":\"https:\\\/\\\/zonacaral.gob.pe\\\/es\\\/noticias\\\/doctora-ruth-shady-brindo-conferencia-sobre-caral-a-asociaciones-de-pescadores-de-lima-metropolitana\\\/#article\",\"isPartOf\":{\"@id\":\"https:\\\/\\\/zonacaral.gob.pe\\\/es\\\/noticias\\\/doctora-ruth-shady-brindo-conferencia-sobre-caral-a-asociaciones-de-pescadores-de-lima-metropolitana\\\/\"},\"author\":{\"name\":\"Zona Caral Administrador\",\"@id\":\"https:\\\/\\\/zonacaral.gob.pe\\\/es\\\/#\\\/schema\\\/person\\\/beddb4d22f71a7230c5b90913270a0ee\"},\"headline\":\"Doctora Ruth Shady brind\u00f3 conferencia sobre Caral a asociaciones de pescadores de Lima Metropolitana\",\"datePublished\":\"2024-07-19T22:09:22+00:00\",\"mainEntityOfPage\":{\"@id\":\"https:\\\/\\\/zonacaral.gob.pe\\\/es\\\/noticias\\\/doctora-ruth-shady-brindo-conferencia-sobre-caral-a-asociaciones-de-pescadores-de-lima-metropolitana\\\/\"},\"wordCount\":687,\"image\":{\"@id\":\"https:\\\/\\\/zonacaral.gob.pe\\\/es\\\/noticias\\\/doctora-ruth-shady-brindo-conferencia-sobre-caral-a-asociaciones-de-pescadores-de-lima-metropolitana\\\/#primaryimage\"},\"thumbnailUrl\":\"https:\\\/\\\/zonacaral.gob.pe\\\/wp-content\\\/uploads\\\/2024\\\/07\\\/dra-beneficencia-1.png\",\"keywords\":[\"caral\",\"Cultura\"],\"articleSection\":[\"noticias\"],\"inLanguage\":\"en-US\"},{\"@type\":\"WebPage\",\"@id\":\"https:\\\/\\\/zonacaral.gob.pe\\\/es\\\/noticias\\\/doctora-ruth-shady-brindo-conferencia-sobre-caral-a-asociaciones-de-pescadores-de-lima-metropolitana\\\/\",\"url\":\"https:\\\/\\\/zonacaral.gob.pe\\\/es\\\/noticias\\\/doctora-ruth-shady-brindo-conferencia-sobre-caral-a-asociaciones-de-pescadores-de-lima-metropolitana\\\/\",\"name\":\"Doctora Ruth Shady brind\u00f3 conferencia sobre Caral a asociaciones de pescadores de Lima Metropolitana\",\"isPartOf\":{\"@id\":\"https:\\\/\\\/zonacaral.gob.pe\\\/es\\\/#website\"},\"primaryImageOfPage\":{\"@id\":\"https:\\\/\\\/zonacaral.gob.pe\\\/es\\\/noticias\\\/doctora-ruth-shady-brindo-conferencia-sobre-caral-a-asociaciones-de-pescadores-de-lima-metropolitana\\\/#primaryimage\"},\"image\":{\"@id\":\"https:\\\/\\\/zonacaral.gob.pe\\\/es\\\/noticias\\\/doctora-ruth-shady-brindo-conferencia-sobre-caral-a-asociaciones-de-pescadores-de-lima-metropolitana\\\/#primaryimage\"},\"thumbnailUrl\":\"https:\\\/\\\/zonacaral.gob.pe\\\/wp-content\\\/uploads\\\/2024\\\/07\\\/dra-beneficencia-1.png\",\"datePublished\":\"2024-07-19T22:09:22+00:00\",\"author\":{\"@id\":\"https:\\\/\\\/zonacaral.gob.pe\\\/es\\\/#\\\/schema\\\/person\\\/beddb4d22f71a7230c5b90913270a0ee\"},\"description\":\"La doctora Ruth Shady Sol\u00eds, directora de la Zona Arqueol\u00f3gica Caral, Unidad Ejecutora 003 del Ministerio de Cultura, particip\u00f3 en el taller denominado \u00abPlan de Salvaguardia de la Pesca ancestral Tradicional de Lima Metropolitana\u00bb, donde brind\u00f3 la conferencia: \u00abLa complementariedad agro-pesquera y su importancia en el intercambio intercultural y en el desarrollo de la Civilizaci\u00f3n Caral\u00bb, sobre el desarrollo de la tecnolog\u00eda pesquera, la alimentaci\u00f3n balanceada y la importancia del recurso marino en la Civilizaci\u00f3n Caral.\",\"breadcrumb\":{\"@id\":\"https:\\\/\\\/zonacaral.gob.pe\\\/es\\\/noticias\\\/doctora-ruth-shady-brindo-conferencia-sobre-caral-a-asociaciones-de-pescadores-de-lima-metropolitana\\\/#breadcrumb\"},\"inLanguage\":\"en-US\",\"potentialAction\":[{\"@type\":\"ReadAction\",\"target\":[\"https:\\\/\\\/zonacaral.gob.pe\\\/es\\\/noticias\\\/doctora-ruth-shady-brindo-conferencia-sobre-caral-a-asociaciones-de-pescadores-de-lima-metropolitana\\\/\"]}]},{\"@type\":\"ImageObject\",\"inLanguage\":\"en-US\",\"@id\":\"https:\\\/\\\/zonacaral.gob.pe\\\/es\\\/noticias\\\/doctora-ruth-shady-brindo-conferencia-sobre-caral-a-asociaciones-de-pescadores-de-lima-metropolitana\\\/#primaryimage\",\"url\":\"https:\\\/\\\/zonacaral.gob.pe\\\/wp-content\\\/uploads\\\/2024\\\/07\\\/dra-beneficencia-1.png\",\"contentUrl\":\"https:\\\/\\\/zonacaral.gob.pe\\\/wp-content\\\/uploads\\\/2024\\\/07\\\/dra-beneficencia-1.png\",\"width\":700,\"height\":395},{\"@type\":\"BreadcrumbList\",\"@id\":\"https:\\\/\\\/zonacaral.gob.pe\\\/es\\\/noticias\\\/doctora-ruth-shady-brindo-conferencia-sobre-caral-a-asociaciones-de-pescadores-de-lima-metropolitana\\\/#breadcrumb\",\"itemListElement\":[{\"@type\":\"ListItem\",\"position\":1,\"name\":\"Portada\",\"item\":\"https:\\\/\\\/zonacaral.gob.pe\\\/\"},{\"@type\":\"ListItem\",\"position\":2,\"name\":\"Doctora Ruth Shady brind\u00f3 conferencia sobre Caral a asociaciones de pescadores de Lima Metropolitana\"}]},{\"@type\":\"WebSite\",\"@id\":\"https:\\\/\\\/zonacaral.gob.pe\\\/es\\\/#website\",\"url\":\"https:\\\/\\\/zonacaral.gob.pe\\\/es\\\/\",\"name\":\"Zona Caral\",\"description\":\"Investigamos, conservamos y difundimos el patrimonio cultural de la Civilizaci\u00f3n Caral, la m\u00e1s antigua de Am\u00e9rica.\",\"potentialAction\":[{\"@type\":\"SearchAction\",\"target\":{\"@type\":\"EntryPoint\",\"urlTemplate\":\"https:\\\/\\\/zonacaral.gob.pe\\\/es\\\/?s={search_term_string}\"},\"query-input\":{\"@type\":\"PropertyValueSpecification\",\"valueRequired\":true,\"valueName\":\"search_term_string\"}}],\"inLanguage\":\"en-US\"},{\"@type\":\"Person\",\"@id\":\"https:\\\/\\\/zonacaral.gob.pe\\\/es\\\/#\\\/schema\\\/person\\\/beddb4d22f71a7230c5b90913270a0ee\",\"name\":\"Zona Caral Administrador\",\"image\":{\"@type\":\"ImageObject\",\"inLanguage\":\"en-US\",\"@id\":\"https:\\\/\\\/secure.gravatar.com\\\/avatar\\\/e4be162918a696358376de6446614e0f0f4062bdc5d170d6d540ada3d8b58c12?s=96&d=mm&r=g\",\"url\":\"https:\\\/\\\/secure.gravatar.com\\\/avatar\\\/e4be162918a696358376de6446614e0f0f4062bdc5d170d6d540ada3d8b58c12?s=96&d=mm&r=g\",\"contentUrl\":\"https:\\\/\\\/secure.gravatar.com\\\/avatar\\\/e4be162918a696358376de6446614e0f0f4062bdc5d170d6d540ada3d8b58c12?s=96&d=mm&r=g\",\"caption\":\"Zona Caral Administrador\"},\"sameAs\":[\"https:\\\/\\\/zonacaral.gob.pe\"],\"url\":\"https:\\\/\\\/zonacaral.gob.pe\\\/en\\\/noticias\\\/author\\\/ad_zonacaral\\\/\"}]}<\/script>\n<!-- \/ Yoast SEO plugin. -->","yoast_head_json":{"title":"Doctora Ruth Shady brind\u00f3 conferencia sobre Caral a asociaciones de pescadores de Lima Metropolitana","description":"La doctora Ruth Shady Sol\u00eds, directora de la Zona Arqueol\u00f3gica Caral, Unidad Ejecutora 003 del Ministerio de Cultura, particip\u00f3 en el taller denominado \u00abPlan de Salvaguardia de la Pesca ancestral Tradicional de Lima Metropolitana\u00bb, donde brind\u00f3 la conferencia: \u00abLa complementariedad agro-pesquera y su importancia en el intercambio intercultural y en el desarrollo de la Civilizaci\u00f3n Caral\u00bb, sobre el desarrollo de la tecnolog\u00eda pesquera, la alimentaci\u00f3n balanceada y la importancia del recurso marino en la Civilizaci\u00f3n Caral.","robots":{"index":"index","follow":"follow","max-snippet":"max-snippet:-1","max-image-preview":"max-image-preview:large","max-video-preview":"max-video-preview:-1"},"canonical":"https:\/\/zonacaral.gob.pe\/en\/noticias\/doctora-ruth-shady-brindo-conferencia-sobre-caral-a-asociaciones-de-pescadores-de-lima-metropolitana\/","og_locale":"en_US","og_type":"article","og_title":"Doctora Ruth Shady brind\u00f3 conferencia sobre Caral a asociaciones de pescadores de Lima Metropolitana","og_description":"La doctora Ruth Shady Sol\u00eds, directora de la Zona Arqueol\u00f3gica Caral, Unidad Ejecutora 003 del Ministerio de Cultura, particip\u00f3 en el taller denominado \u00abPlan de Salvaguardia de la Pesca ancestral Tradicional de Lima Metropolitana\u00bb, donde brind\u00f3 la conferencia: \u00abLa complementariedad agro-pesquera y su importancia en el intercambio intercultural y en el desarrollo de la Civilizaci\u00f3n Caral\u00bb, sobre el desarrollo de la tecnolog\u00eda pesquera, la alimentaci\u00f3n balanceada y la importancia del recurso marino en la Civilizaci\u00f3n Caral.","og_url":"https:\/\/zonacaral.gob.pe\/en\/noticias\/doctora-ruth-shady-brindo-conferencia-sobre-caral-a-asociaciones-de-pescadores-de-lima-metropolitana\/","og_site_name":"Zona Caral","article_published_time":"2024-07-19T22:09:22+00:00","og_image":[{"width":700,"height":395,"url":"https:\/\/zonacaral.gob.pe\/wp-content\/uploads\/2024\/07\/dra-beneficencia-1.png","type":"image\/png"}],"author":"Zona Caral Administrador","twitter_card":"summary_large_image","twitter_misc":{"Written by":"Zona Caral Administrador","Est. reading time":"3 minutes"},"schema":{"@context":"https:\/\/schema.org","@graph":[{"@type":"Article","@id":"https:\/\/zonacaral.gob.pe\/es\/noticias\/doctora-ruth-shady-brindo-conferencia-sobre-caral-a-asociaciones-de-pescadores-de-lima-metropolitana\/#article","isPartOf":{"@id":"https:\/\/zonacaral.gob.pe\/es\/noticias\/doctora-ruth-shady-brindo-conferencia-sobre-caral-a-asociaciones-de-pescadores-de-lima-metropolitana\/"},"author":{"name":"Zona Caral Administrador","@id":"https:\/\/zonacaral.gob.pe\/es\/#\/schema\/person\/beddb4d22f71a7230c5b90913270a0ee"},"headline":"Doctora Ruth Shady brind\u00f3 conferencia sobre Caral a asociaciones de pescadores de Lima Metropolitana","datePublished":"2024-07-19T22:09:22+00:00","mainEntityOfPage":{"@id":"https:\/\/zonacaral.gob.pe\/es\/noticias\/doctora-ruth-shady-brindo-conferencia-sobre-caral-a-asociaciones-de-pescadores-de-lima-metropolitana\/"},"wordCount":687,"image":{"@id":"https:\/\/zonacaral.gob.pe\/es\/noticias\/doctora-ruth-shady-brindo-conferencia-sobre-caral-a-asociaciones-de-pescadores-de-lima-metropolitana\/#primaryimage"},"thumbnailUrl":"https:\/\/zonacaral.gob.pe\/wp-content\/uploads\/2024\/07\/dra-beneficencia-1.png","keywords":["caral","Cultura"],"articleSection":["noticias"],"inLanguage":"en-US"},{"@type":"WebPage","@id":"https:\/\/zonacaral.gob.pe\/es\/noticias\/doctora-ruth-shady-brindo-conferencia-sobre-caral-a-asociaciones-de-pescadores-de-lima-metropolitana\/","url":"https:\/\/zonacaral.gob.pe\/es\/noticias\/doctora-ruth-shady-brindo-conferencia-sobre-caral-a-asociaciones-de-pescadores-de-lima-metropolitana\/","name":"Doctora Ruth Shady brind\u00f3 conferencia sobre Caral a asociaciones de pescadores de Lima Metropolitana","isPartOf":{"@id":"https:\/\/zonacaral.gob.pe\/es\/#website"},"primaryImageOfPage":{"@id":"https:\/\/zonacaral.gob.pe\/es\/noticias\/doctora-ruth-shady-brindo-conferencia-sobre-caral-a-asociaciones-de-pescadores-de-lima-metropolitana\/#primaryimage"},"image":{"@id":"https:\/\/zonacaral.gob.pe\/es\/noticias\/doctora-ruth-shady-brindo-conferencia-sobre-caral-a-asociaciones-de-pescadores-de-lima-metropolitana\/#primaryimage"},"thumbnailUrl":"https:\/\/zonacaral.gob.pe\/wp-content\/uploads\/2024\/07\/dra-beneficencia-1.png","datePublished":"2024-07-19T22:09:22+00:00","author":{"@id":"https:\/\/zonacaral.gob.pe\/es\/#\/schema\/person\/beddb4d22f71a7230c5b90913270a0ee"},"description":"La doctora Ruth Shady Sol\u00eds, directora de la Zona Arqueol\u00f3gica Caral, Unidad Ejecutora 003 del Ministerio de Cultura, particip\u00f3 en el taller denominado \u00abPlan de Salvaguardia de la Pesca ancestral Tradicional de Lima Metropolitana\u00bb, donde brind\u00f3 la conferencia: \u00abLa complementariedad agro-pesquera y su importancia en el intercambio intercultural y en el desarrollo de la Civilizaci\u00f3n Caral\u00bb, sobre el desarrollo de la tecnolog\u00eda pesquera, la alimentaci\u00f3n balanceada y la importancia del recurso marino en la Civilizaci\u00f3n Caral.","breadcrumb":{"@id":"https:\/\/zonacaral.gob.pe\/es\/noticias\/doctora-ruth-shady-brindo-conferencia-sobre-caral-a-asociaciones-de-pescadores-de-lima-metropolitana\/#breadcrumb"},"inLanguage":"en-US","potentialAction":[{"@type":"ReadAction","target":["https:\/\/zonacaral.gob.pe\/es\/noticias\/doctora-ruth-shady-brindo-conferencia-sobre-caral-a-asociaciones-de-pescadores-de-lima-metropolitana\/"]}]},{"@type":"ImageObject","inLanguage":"en-US","@id":"https:\/\/zonacaral.gob.pe\/es\/noticias\/doctora-ruth-shady-brindo-conferencia-sobre-caral-a-asociaciones-de-pescadores-de-lima-metropolitana\/#primaryimage","url":"https:\/\/zonacaral.gob.pe\/wp-content\/uploads\/2024\/07\/dra-beneficencia-1.png","contentUrl":"https:\/\/zonacaral.gob.pe\/wp-content\/uploads\/2024\/07\/dra-beneficencia-1.png","width":700,"height":395},{"@type":"BreadcrumbList","@id":"https:\/\/zonacaral.gob.pe\/es\/noticias\/doctora-ruth-shady-brindo-conferencia-sobre-caral-a-asociaciones-de-pescadores-de-lima-metropolitana\/#breadcrumb","itemListElement":[{"@type":"ListItem","position":1,"name":"Portada","item":"https:\/\/zonacaral.gob.pe\/"},{"@type":"ListItem","position":2,"name":"Doctora Ruth Shady brind\u00f3 conferencia sobre Caral a asociaciones de pescadores de Lima Metropolitana"}]},{"@type":"WebSite","@id":"https:\/\/zonacaral.gob.pe\/es\/#website","url":"https:\/\/zonacaral.gob.pe\/es\/","name":"Zona Caral","description":"Investigamos, conservamos y difundimos el patrimonio cultural de la Civilizaci\u00f3n Caral, la m\u00e1s antigua de Am\u00e9rica.","potentialAction":[{"@type":"SearchAction","target":{"@type":"EntryPoint","urlTemplate":"https:\/\/zonacaral.gob.pe\/es\/?s={search_term_string}"},"query-input":{"@type":"PropertyValueSpecification","valueRequired":true,"valueName":"search_term_string"}}],"inLanguage":"en-US"},{"@type":"Person","@id":"https:\/\/zonacaral.gob.pe\/es\/#\/schema\/person\/beddb4d22f71a7230c5b90913270a0ee","name":"Zona Caral Administrador","image":{"@type":"ImageObject","inLanguage":"en-US","@id":"https:\/\/secure.gravatar.com\/avatar\/e4be162918a696358376de6446614e0f0f4062bdc5d170d6d540ada3d8b58c12?s=96&d=mm&r=g","url":"https:\/\/secure.gravatar.com\/avatar\/e4be162918a696358376de6446614e0f0f4062bdc5d170d6d540ada3d8b58c12?s=96&d=mm&r=g","contentUrl":"https:\/\/secure.gravatar.com\/avatar\/e4be162918a696358376de6446614e0f0f4062bdc5d170d6d540ada3d8b58c12?s=96&d=mm&r=g","caption":"Zona Caral Administrador"},"sameAs":["https:\/\/zonacaral.gob.pe"],"url":"https:\/\/zonacaral.gob.pe\/en\/noticias\/author\/ad_zonacaral\/"}]}},"_links":{"self":[{"href":"https:\/\/zonacaral.gob.pe\/en\/wp-json\/wp\/v2\/posts\/17757","targetHints":{"allow":["GET"]}}],"collection":[{"href":"https:\/\/zonacaral.gob.pe\/en\/wp-json\/wp\/v2\/posts"}],"about":[{"href":"https:\/\/zonacaral.gob.pe\/en\/wp-json\/wp\/v2\/types\/post"}],"author":[{"embeddable":true,"href":"https:\/\/zonacaral.gob.pe\/en\/wp-json\/wp\/v2\/users\/1"}],"replies":[{"embeddable":true,"href":"https:\/\/zonacaral.gob.pe\/en\/wp-json\/wp\/v2\/comments?post=17757"}],"version-history":[{"count":0,"href":"https:\/\/zonacaral.gob.pe\/en\/wp-json\/wp\/v2\/posts\/17757\/revisions"}],"wp:featuredmedia":[{"embeddable":true,"href":"https:\/\/zonacaral.gob.pe\/en\/wp-json\/wp\/v2\/media\/17763"}],"wp:attachment":[{"href":"https:\/\/zonacaral.gob.pe\/en\/wp-json\/wp\/v2\/media?parent=17757"}],"wp:term":[{"taxonomy":"category","embeddable":true,"href":"https:\/\/zonacaral.gob.pe\/en\/wp-json\/wp\/v2\/categories?post=17757"},{"taxonomy":"post_tag","embeddable":true,"href":"https:\/\/zonacaral.gob.pe\/en\/wp-json\/wp\/v2\/tags?post=17757"}],"curies":[{"name":"wp","href":"https:\/\/api.w.org\/{rel}","templated":true}]}}