{"id":17774,"date":"2024-07-22T10:07:30","date_gmt":"2024-07-22T15:07:30","guid":{"rendered":"https:\/\/www.zonacaral.gob.pe\/?p=17774"},"modified":"2024-07-22T10:07:30","modified_gmt":"2024-07-22T15:07:30","slug":"fiestas-patrias-campamento-cultural-en-la-ciudad-sagrada-de-caral-y-visita-a-sitios-arqueologicos-aspero-y-vichama","status":"publish","type":"post","link":"https:\/\/zonacaral.gob.pe\/en\/noticias\/fiestas-patrias-campamento-cultural-en-la-ciudad-sagrada-de-caral-y-visita-a-sitios-arqueologicos-aspero-y-vichama\/","title":{"rendered":"Fiestas Patrias: Campamento cultural en la Ciudad Sagrada de Caral y visita a sitios arqueol\u00f3gicos \u00c1spero y Vichama"},"content":{"rendered":"<figure class=\"pic-autor\" style=\"color: #4d4d4d; text-align: justify;\"><\/figure>\n<div class=\"gmail_default\" style=\"text-align: justify;\">\n<blockquote>\n<p><span style=\"font-weight: 400;\">Recorramos la Ruta CARAL.<\/span><\/p>\n<\/blockquote>\n<p><span style=\"font-weight: 400;\">Con el fin de transmitir la historia social y cultural de la Civilizaci\u00f3n Caral y conmemorar el 203\u00b0 Aniversario de la Independencia del Per\u00fa, el programa de <\/span><a href=\"https:\/\/www.zonacaral.gob.pe\/ruta-caral\/viajes-culturales.html\"><span style=\"font-weight: 400;\">Cultural Trips<\/span><\/a><span style=\"font-weight: 400;\"> de la <\/span><a href=\"https:\/\/www.instagram.com\/caralperu\/?hl=es\"><span style=\"font-weight: 400;\">Zona Arqueol\u00f3gica Caral<\/span><\/a><span style=\"font-weight: 400;\">, Unidad Ejecutora 003 del Ministerio de Cultura, ha programado un campamento especial, en la Ciudad Sagrada de Caral, Patrimonio Mundial, para el s\u00e1bado 27 y domingo 28 de julio.<\/span><\/p>\n<p><span style=\"font-weight: 400;\">Asimismo, adem\u00e1s de despertar en uno de los sitios arqueol\u00f3gicos m\u00e1s importantes del pa\u00eds y del mundo, se ha propuesto la visita a las antiguas ciudades de \u00c1spero y Vichama, las cuales contienen valiosa informaci\u00f3n sobre el desarrollo civilizatorio en Am\u00e9rica.<\/span><\/p>\n<p><span style=\"font-weight: 400;\">Esta experiencia \u00fanica propone que los participantes armen sus carpas en una zona especial, ubicada en las faldas del cerro Gozne, Apu tutelar de Caral, desde donde se tiene una vista panor\u00e1mica del sitio arqueol\u00f3gico y del valle de Supe.<\/span><\/p>\n<p><span style=\"font-weight: 400;\">Adem\u00e1s, gracias al programa \u201cAbuelas y abuelos cuentacuentos\u201d de la Casa de la Literatura Peruana, despertaremos nuestros instintos a trav\u00e9s de historias que har\u00e1n una noche m\u00e1gica e inolvidable.<\/span><\/p>\n<p><span style=\"font-weight: 400;\">Esta propuesta, que busca acercar el patrimonio cultural, fomentar la identidad en todos los peruanos y promover el desarrollo socioecon\u00f3mico de la provincia de Barranca y Huaura, tiene un costo el cual puede ser consultado al WhatsApp 955 881 340.<\/span><\/p>\n<p><span style=\"font-weight: 400;\">Tambi\u00e9n, los interesados pueden inscribirse en este link:<\/span><a href=\"https:\/\/bit.ly\/ViajesCulturales2024?fbclid=IwZXh0bgNhZW0CMTAAAR28pv1JD0w3Zuruj8O9GdgFO2aioKTAexa5HZyFRJ60NcCSyymLFFyRHpM_aem_IGP6Kb25zgWMXJuuaI8bbQ\"> <span style=\"font-weight: 400;\">ViajesCulturales2024<\/span><\/a><\/p>\n<p><b>DATO<\/b><\/p>\n<p><span style=\"font-weight: 400;\">En el feriado largo por Fiestas Patrias, los sitios arqueol\u00f3gicos Ciudad Sagrada de Caral, \u00c1spero y Vichama, que forman parte de la <\/span><a href=\"https:\/\/zonacaral.gob.pe\/en\/ruta-caral\/\"><span style=\"font-weight: 400;\">Ruta CARAL<\/span><\/a><span style=\"font-weight: 400;\"> atender\u00e1n de manera regular en el horario de 10:00 a. m. a 5:00 p. m. del mismo modo, los costos de ingreso y de guiado se mantendr\u00e1n en cada patrimonio cultural.<\/span><\/p>\n<p><span style=\"color: #850707;\"><strong style=\"font-size: inherit; text-align: justify;\">Fuente: Comunicaci\u00f3n e Imagen Institucional ZAC<\/strong><\/span><\/p>\n<\/div>\n<div style=\"color: #1f1f1f;\">\n<div style=\"color: #1f1f1f;\">\n<p style=\"text-align: justify;\">Fecha de publicaci\u00f3n: 22\/07\/2024<\/p>\n<\/div>\n<\/div>\n\n\n<p><\/p>","protected":false},"excerpt":{"rendered":"<p>Recorramos la Ruta CARAL. Con el fin de transmitir la historia social y cultural de la Civilizaci\u00f3n Caral y conmemorar [&hellip;]<\/p>\n","protected":false},"author":1,"featured_media":17777,"comment_status":"closed","ping_status":"open","sticky":false,"template":"","format":"standard","meta":{"_acf_changed":false,"site-sidebar-layout":"default","site-content-layout":"","ast-site-content-layout":"default","site-content-style":"default","site-sidebar-style":"default","ast-global-header-display":"","ast-banner-title-visibility":"","ast-main-header-display":"","ast-hfb-above-header-display":"","ast-hfb-below-header-display":"","ast-hfb-mobile-header-display":"","site-post-title":"","ast-breadcrumbs-content":"","ast-featured-img":"","footer-sml-layout":"","ast-disable-related-posts":"","theme-transparent-header-meta":"","adv-header-id-meta":"","stick-header-meta":"","header-above-stick-meta":"","header-main-stick-meta":"","header-below-stick-meta":"","astra-migrate-meta-layouts":"default","ast-page-background-enabled":"default","ast-page-background-meta":{"desktop":{"background-color":"var(--ast-global-color-5)","background-image":"","background-repeat":"repeat","background-position":"center center","background-size":"auto","background-attachment":"scroll","background-type":"","background-media":"","overlay-type":"","overlay-color":"","overlay-opacity":"","overlay-gradient":""},"tablet":{"background-color":"","background-image":"","background-repeat":"repeat","background-position":"center center","background-size":"auto","background-attachment":"scroll","background-type":"","background-media":"","overlay-type":"","overlay-color":"","overlay-opacity":"","overlay-gradient":""},"mobile":{"background-color":"","background-image":"","background-repeat":"repeat","background-position":"center center","background-size":"auto","background-attachment":"scroll","background-type":"","background-media":"","overlay-type":"","overlay-color":"","overlay-opacity":"","overlay-gradient":""}},"ast-content-background-meta":{"desktop":{"background-color":"var(--ast-global-color-4)","background-image":"","background-repeat":"repeat","background-position":"center center","background-size":"auto","background-attachment":"scroll","background-type":"","background-media":"","overlay-type":"","overlay-color":"","overlay-opacity":"","overlay-gradient":""},"tablet":{"background-color":"var(--ast-global-color-4)","background-image":"","background-repeat":"repeat","background-position":"center center","background-size":"auto","background-attachment":"scroll","background-type":"","background-media":"","overlay-type":"","overlay-color":"","overlay-opacity":"","overlay-gradient":""},"mobile":{"background-color":"var(--ast-global-color-4)","background-image":"","background-repeat":"repeat","background-position":"center center","background-size":"auto","background-attachment":"scroll","background-type":"","background-media":"","overlay-type":"","overlay-color":"","overlay-opacity":"","overlay-gradient":""}},"footnotes":""},"categories":[208],"tags":[55,72],"class_list":["post-17774","post","type-post","status-publish","format-standard","has-post-thumbnail","hentry","category-noticias","tag-caral","tag-cultura"],"acf":[],"yoast_head":"<!-- This site is optimized with the Yoast SEO plugin v27.3 - https:\/\/yoast.com\/product\/yoast-seo-wordpress\/ -->\n<title>Fiestas Patrias: Campamento cultural en la Ciudad Sagrada de Caral y visita a sitios arqueol\u00f3gicos \u00c1spero y Vichama<\/title>\n<meta name=\"description\" content=\"Con el fin de transmitir la historia social y cultural de la Civilizaci\u00f3n Caral y conmemorar el 203\u00b0 Aniversario de la Independencia del Per\u00fa, el programa de Viajes Culturales de la Zona Arqueol\u00f3gica Caral, Unidad Ejecutora 003 del Ministerio de Cultura, ha programado un campamento especial, en la Ciudad Sagrada de Caral, Patrimonio Mundial, para el s\u00e1bado 27 y domingo 28 de julio.\" \/>\n<meta name=\"robots\" content=\"index, follow, max-snippet:-1, max-image-preview:large, max-video-preview:-1\" \/>\n<link rel=\"canonical\" href=\"https:\/\/zonacaral.gob.pe\/en\/noticias\/fiestas-patrias-campamento-cultural-en-la-ciudad-sagrada-de-caral-y-visita-a-sitios-arqueologicos-aspero-y-vichama\/\" \/>\n<meta property=\"og:locale\" content=\"en_US\" \/>\n<meta property=\"og:type\" content=\"article\" \/>\n<meta property=\"og:title\" content=\"Fiestas Patrias: Campamento cultural en la Ciudad Sagrada de Caral y visita a sitios arqueol\u00f3gicos \u00c1spero y Vichama\" \/>\n<meta property=\"og:description\" content=\"Con el fin de transmitir la historia social y cultural de la Civilizaci\u00f3n Caral y conmemorar el 203\u00b0 Aniversario de la Independencia del Per\u00fa, el programa de Viajes Culturales de la Zona Arqueol\u00f3gica Caral, Unidad Ejecutora 003 del Ministerio de Cultura, ha programado un campamento especial, en la Ciudad Sagrada de Caral, Patrimonio Mundial, para el s\u00e1bado 27 y domingo 28 de julio.\" \/>\n<meta property=\"og:url\" content=\"https:\/\/zonacaral.gob.pe\/en\/noticias\/fiestas-patrias-campamento-cultural-en-la-ciudad-sagrada-de-caral-y-visita-a-sitios-arqueologicos-aspero-y-vichama\/\" \/>\n<meta property=\"og:site_name\" content=\"Zona Caral\" \/>\n<meta property=\"article:published_time\" content=\"2024-07-22T15:07:30+00:00\" \/>\n<meta property=\"og:image\" content=\"https:\/\/zonacaral.gob.pe\/wp-content\/uploads\/2024\/07\/campamento-fiestas-patrias-2.png\" \/>\n\t<meta property=\"og:image:width\" content=\"700\" \/>\n\t<meta property=\"og:image:height\" content=\"395\" \/>\n\t<meta property=\"og:image:type\" content=\"image\/png\" \/>\n<meta name=\"author\" content=\"Zona Caral Administrador\" \/>\n<meta name=\"twitter:card\" content=\"summary_large_image\" \/>\n<meta name=\"twitter:label1\" content=\"Written by\" \/>\n\t<meta name=\"twitter:data1\" content=\"Zona Caral Administrador\" \/>\n\t<meta name=\"twitter:label2\" content=\"Est. reading time\" \/>\n\t<meta name=\"twitter:data2\" content=\"2 minutes\" \/>\n<script type=\"application\/ld+json\" class=\"yoast-schema-graph\">{\"@context\":\"https:\\\/\\\/schema.org\",\"@graph\":[{\"@type\":\"Article\",\"@id\":\"https:\\\/\\\/zonacaral.gob.pe\\\/es\\\/noticias\\\/fiestas-patrias-campamento-cultural-en-la-ciudad-sagrada-de-caral-y-visita-a-sitios-arqueologicos-aspero-y-vichama\\\/#article\",\"isPartOf\":{\"@id\":\"https:\\\/\\\/zonacaral.gob.pe\\\/es\\\/noticias\\\/fiestas-patrias-campamento-cultural-en-la-ciudad-sagrada-de-caral-y-visita-a-sitios-arqueologicos-aspero-y-vichama\\\/\"},\"author\":{\"name\":\"Zona Caral Administrador\",\"@id\":\"https:\\\/\\\/zonacaral.gob.pe\\\/es\\\/#\\\/schema\\\/person\\\/beddb4d22f71a7230c5b90913270a0ee\"},\"headline\":\"Fiestas Patrias: Campamento cultural en la Ciudad Sagrada de Caral y visita a sitios arqueol\u00f3gicos \u00c1spero y Vichama\",\"datePublished\":\"2024-07-22T15:07:30+00:00\",\"mainEntityOfPage\":{\"@id\":\"https:\\\/\\\/zonacaral.gob.pe\\\/es\\\/noticias\\\/fiestas-patrias-campamento-cultural-en-la-ciudad-sagrada-de-caral-y-visita-a-sitios-arqueologicos-aspero-y-vichama\\\/\"},\"wordCount\":323,\"image\":{\"@id\":\"https:\\\/\\\/zonacaral.gob.pe\\\/es\\\/noticias\\\/fiestas-patrias-campamento-cultural-en-la-ciudad-sagrada-de-caral-y-visita-a-sitios-arqueologicos-aspero-y-vichama\\\/#primaryimage\"},\"thumbnailUrl\":\"https:\\\/\\\/zonacaral.gob.pe\\\/wp-content\\\/uploads\\\/2024\\\/07\\\/campamento-fiestas-patrias-2.png\",\"keywords\":[\"caral\",\"Cultura\"],\"articleSection\":[\"noticias\"],\"inLanguage\":\"en-US\"},{\"@type\":\"WebPage\",\"@id\":\"https:\\\/\\\/zonacaral.gob.pe\\\/es\\\/noticias\\\/fiestas-patrias-campamento-cultural-en-la-ciudad-sagrada-de-caral-y-visita-a-sitios-arqueologicos-aspero-y-vichama\\\/\",\"url\":\"https:\\\/\\\/zonacaral.gob.pe\\\/es\\\/noticias\\\/fiestas-patrias-campamento-cultural-en-la-ciudad-sagrada-de-caral-y-visita-a-sitios-arqueologicos-aspero-y-vichama\\\/\",\"name\":\"Fiestas Patrias: Campamento cultural en la Ciudad Sagrada de Caral y visita a sitios arqueol\u00f3gicos \u00c1spero y Vichama\",\"isPartOf\":{\"@id\":\"https:\\\/\\\/zonacaral.gob.pe\\\/es\\\/#website\"},\"primaryImageOfPage\":{\"@id\":\"https:\\\/\\\/zonacaral.gob.pe\\\/es\\\/noticias\\\/fiestas-patrias-campamento-cultural-en-la-ciudad-sagrada-de-caral-y-visita-a-sitios-arqueologicos-aspero-y-vichama\\\/#primaryimage\"},\"image\":{\"@id\":\"https:\\\/\\\/zonacaral.gob.pe\\\/es\\\/noticias\\\/fiestas-patrias-campamento-cultural-en-la-ciudad-sagrada-de-caral-y-visita-a-sitios-arqueologicos-aspero-y-vichama\\\/#primaryimage\"},\"thumbnailUrl\":\"https:\\\/\\\/zonacaral.gob.pe\\\/wp-content\\\/uploads\\\/2024\\\/07\\\/campamento-fiestas-patrias-2.png\",\"datePublished\":\"2024-07-22T15:07:30+00:00\",\"author\":{\"@id\":\"https:\\\/\\\/zonacaral.gob.pe\\\/es\\\/#\\\/schema\\\/person\\\/beddb4d22f71a7230c5b90913270a0ee\"},\"description\":\"Con el fin de transmitir la historia social y cultural de la Civilizaci\u00f3n Caral y conmemorar el 203\u00b0 Aniversario de la Independencia del Per\u00fa, el programa de Viajes Culturales de la Zona Arqueol\u00f3gica Caral, Unidad Ejecutora 003 del Ministerio de Cultura, ha programado un campamento especial, en la Ciudad Sagrada de Caral, Patrimonio Mundial, para el s\u00e1bado 27 y domingo 28 de julio.\",\"breadcrumb\":{\"@id\":\"https:\\\/\\\/zonacaral.gob.pe\\\/es\\\/noticias\\\/fiestas-patrias-campamento-cultural-en-la-ciudad-sagrada-de-caral-y-visita-a-sitios-arqueologicos-aspero-y-vichama\\\/#breadcrumb\"},\"inLanguage\":\"en-US\",\"potentialAction\":[{\"@type\":\"ReadAction\",\"target\":[\"https:\\\/\\\/zonacaral.gob.pe\\\/es\\\/noticias\\\/fiestas-patrias-campamento-cultural-en-la-ciudad-sagrada-de-caral-y-visita-a-sitios-arqueologicos-aspero-y-vichama\\\/\"]}]},{\"@type\":\"ImageObject\",\"inLanguage\":\"en-US\",\"@id\":\"https:\\\/\\\/zonacaral.gob.pe\\\/es\\\/noticias\\\/fiestas-patrias-campamento-cultural-en-la-ciudad-sagrada-de-caral-y-visita-a-sitios-arqueologicos-aspero-y-vichama\\\/#primaryimage\",\"url\":\"https:\\\/\\\/zonacaral.gob.pe\\\/wp-content\\\/uploads\\\/2024\\\/07\\\/campamento-fiestas-patrias-2.png\",\"contentUrl\":\"https:\\\/\\\/zonacaral.gob.pe\\\/wp-content\\\/uploads\\\/2024\\\/07\\\/campamento-fiestas-patrias-2.png\",\"width\":700,\"height\":395},{\"@type\":\"BreadcrumbList\",\"@id\":\"https:\\\/\\\/zonacaral.gob.pe\\\/es\\\/noticias\\\/fiestas-patrias-campamento-cultural-en-la-ciudad-sagrada-de-caral-y-visita-a-sitios-arqueologicos-aspero-y-vichama\\\/#breadcrumb\",\"itemListElement\":[{\"@type\":\"ListItem\",\"position\":1,\"name\":\"Portada\",\"item\":\"https:\\\/\\\/zonacaral.gob.pe\\\/\"},{\"@type\":\"ListItem\",\"position\":2,\"name\":\"Fiestas Patrias: Campamento cultural en la Ciudad Sagrada de Caral y visita a sitios arqueol\u00f3gicos \u00c1spero y Vichama\"}]},{\"@type\":\"WebSite\",\"@id\":\"https:\\\/\\\/zonacaral.gob.pe\\\/es\\\/#website\",\"url\":\"https:\\\/\\\/zonacaral.gob.pe\\\/es\\\/\",\"name\":\"Zona Caral\",\"description\":\"Investigamos, conservamos y difundimos el patrimonio cultural de la Civilizaci\u00f3n Caral, la m\u00e1s antigua de Am\u00e9rica.\",\"potentialAction\":[{\"@type\":\"SearchAction\",\"target\":{\"@type\":\"EntryPoint\",\"urlTemplate\":\"https:\\\/\\\/zonacaral.gob.pe\\\/es\\\/?s={search_term_string}\"},\"query-input\":{\"@type\":\"PropertyValueSpecification\",\"valueRequired\":true,\"valueName\":\"search_term_string\"}}],\"inLanguage\":\"en-US\"},{\"@type\":\"Person\",\"@id\":\"https:\\\/\\\/zonacaral.gob.pe\\\/es\\\/#\\\/schema\\\/person\\\/beddb4d22f71a7230c5b90913270a0ee\",\"name\":\"Zona Caral Administrador\",\"image\":{\"@type\":\"ImageObject\",\"inLanguage\":\"en-US\",\"@id\":\"https:\\\/\\\/secure.gravatar.com\\\/avatar\\\/e4be162918a696358376de6446614e0f0f4062bdc5d170d6d540ada3d8b58c12?s=96&d=mm&r=g\",\"url\":\"https:\\\/\\\/secure.gravatar.com\\\/avatar\\\/e4be162918a696358376de6446614e0f0f4062bdc5d170d6d540ada3d8b58c12?s=96&d=mm&r=g\",\"contentUrl\":\"https:\\\/\\\/secure.gravatar.com\\\/avatar\\\/e4be162918a696358376de6446614e0f0f4062bdc5d170d6d540ada3d8b58c12?s=96&d=mm&r=g\",\"caption\":\"Zona Caral Administrador\"},\"sameAs\":[\"https:\\\/\\\/zonacaral.gob.pe\"],\"url\":\"https:\\\/\\\/zonacaral.gob.pe\\\/en\\\/noticias\\\/author\\\/ad_zonacaral\\\/\"}]}<\/script>\n<!-- \/ Yoast SEO plugin. -->","yoast_head_json":{"title":"Fiestas Patrias: Campamento cultural en la Ciudad Sagrada de Caral y visita a sitios arqueol\u00f3gicos \u00c1spero y Vichama","description":"Con el fin de transmitir la historia social y cultural de la Civilizaci\u00f3n Caral y conmemorar el 203\u00b0 Aniversario de la Independencia del Per\u00fa, el programa de Viajes Culturales de la Zona Arqueol\u00f3gica Caral, Unidad Ejecutora 003 del Ministerio de Cultura, ha programado un campamento especial, en la Ciudad Sagrada de Caral, Patrimonio Mundial, para el s\u00e1bado 27 y domingo 28 de julio.","robots":{"index":"index","follow":"follow","max-snippet":"max-snippet:-1","max-image-preview":"max-image-preview:large","max-video-preview":"max-video-preview:-1"},"canonical":"https:\/\/zonacaral.gob.pe\/en\/noticias\/fiestas-patrias-campamento-cultural-en-la-ciudad-sagrada-de-caral-y-visita-a-sitios-arqueologicos-aspero-y-vichama\/","og_locale":"en_US","og_type":"article","og_title":"Fiestas Patrias: Campamento cultural en la Ciudad Sagrada de Caral y visita a sitios arqueol\u00f3gicos \u00c1spero y Vichama","og_description":"Con el fin de transmitir la historia social y cultural de la Civilizaci\u00f3n Caral y conmemorar el 203\u00b0 Aniversario de la Independencia del Per\u00fa, el programa de Viajes Culturales de la Zona Arqueol\u00f3gica Caral, Unidad Ejecutora 003 del Ministerio de Cultura, ha programado un campamento especial, en la Ciudad Sagrada de Caral, Patrimonio Mundial, para el s\u00e1bado 27 y domingo 28 de julio.","og_url":"https:\/\/zonacaral.gob.pe\/en\/noticias\/fiestas-patrias-campamento-cultural-en-la-ciudad-sagrada-de-caral-y-visita-a-sitios-arqueologicos-aspero-y-vichama\/","og_site_name":"Zona Caral","article_published_time":"2024-07-22T15:07:30+00:00","og_image":[{"width":700,"height":395,"url":"https:\/\/zonacaral.gob.pe\/wp-content\/uploads\/2024\/07\/campamento-fiestas-patrias-2.png","type":"image\/png"}],"author":"Zona Caral Administrador","twitter_card":"summary_large_image","twitter_misc":{"Written by":"Zona Caral Administrador","Est. reading time":"2 minutes"},"schema":{"@context":"https:\/\/schema.org","@graph":[{"@type":"Article","@id":"https:\/\/zonacaral.gob.pe\/es\/noticias\/fiestas-patrias-campamento-cultural-en-la-ciudad-sagrada-de-caral-y-visita-a-sitios-arqueologicos-aspero-y-vichama\/#article","isPartOf":{"@id":"https:\/\/zonacaral.gob.pe\/es\/noticias\/fiestas-patrias-campamento-cultural-en-la-ciudad-sagrada-de-caral-y-visita-a-sitios-arqueologicos-aspero-y-vichama\/"},"author":{"name":"Zona Caral Administrador","@id":"https:\/\/zonacaral.gob.pe\/es\/#\/schema\/person\/beddb4d22f71a7230c5b90913270a0ee"},"headline":"Fiestas Patrias: Campamento cultural en la Ciudad Sagrada de Caral y visita a sitios arqueol\u00f3gicos \u00c1spero y Vichama","datePublished":"2024-07-22T15:07:30+00:00","mainEntityOfPage":{"@id":"https:\/\/zonacaral.gob.pe\/es\/noticias\/fiestas-patrias-campamento-cultural-en-la-ciudad-sagrada-de-caral-y-visita-a-sitios-arqueologicos-aspero-y-vichama\/"},"wordCount":323,"image":{"@id":"https:\/\/zonacaral.gob.pe\/es\/noticias\/fiestas-patrias-campamento-cultural-en-la-ciudad-sagrada-de-caral-y-visita-a-sitios-arqueologicos-aspero-y-vichama\/#primaryimage"},"thumbnailUrl":"https:\/\/zonacaral.gob.pe\/wp-content\/uploads\/2024\/07\/campamento-fiestas-patrias-2.png","keywords":["caral","Cultura"],"articleSection":["noticias"],"inLanguage":"en-US"},{"@type":"WebPage","@id":"https:\/\/zonacaral.gob.pe\/es\/noticias\/fiestas-patrias-campamento-cultural-en-la-ciudad-sagrada-de-caral-y-visita-a-sitios-arqueologicos-aspero-y-vichama\/","url":"https:\/\/zonacaral.gob.pe\/es\/noticias\/fiestas-patrias-campamento-cultural-en-la-ciudad-sagrada-de-caral-y-visita-a-sitios-arqueologicos-aspero-y-vichama\/","name":"Fiestas Patrias: Campamento cultural en la Ciudad Sagrada de Caral y visita a sitios arqueol\u00f3gicos \u00c1spero y Vichama","isPartOf":{"@id":"https:\/\/zonacaral.gob.pe\/es\/#website"},"primaryImageOfPage":{"@id":"https:\/\/zonacaral.gob.pe\/es\/noticias\/fiestas-patrias-campamento-cultural-en-la-ciudad-sagrada-de-caral-y-visita-a-sitios-arqueologicos-aspero-y-vichama\/#primaryimage"},"image":{"@id":"https:\/\/zonacaral.gob.pe\/es\/noticias\/fiestas-patrias-campamento-cultural-en-la-ciudad-sagrada-de-caral-y-visita-a-sitios-arqueologicos-aspero-y-vichama\/#primaryimage"},"thumbnailUrl":"https:\/\/zonacaral.gob.pe\/wp-content\/uploads\/2024\/07\/campamento-fiestas-patrias-2.png","datePublished":"2024-07-22T15:07:30+00:00","author":{"@id":"https:\/\/zonacaral.gob.pe\/es\/#\/schema\/person\/beddb4d22f71a7230c5b90913270a0ee"},"description":"Con el fin de transmitir la historia social y cultural de la Civilizaci\u00f3n Caral y conmemorar el 203\u00b0 Aniversario de la Independencia del Per\u00fa, el programa de Viajes Culturales de la Zona Arqueol\u00f3gica Caral, Unidad Ejecutora 003 del Ministerio de Cultura, ha programado un campamento especial, en la Ciudad Sagrada de Caral, Patrimonio Mundial, para el s\u00e1bado 27 y domingo 28 de julio.","breadcrumb":{"@id":"https:\/\/zonacaral.gob.pe\/es\/noticias\/fiestas-patrias-campamento-cultural-en-la-ciudad-sagrada-de-caral-y-visita-a-sitios-arqueologicos-aspero-y-vichama\/#breadcrumb"},"inLanguage":"en-US","potentialAction":[{"@type":"ReadAction","target":["https:\/\/zonacaral.gob.pe\/es\/noticias\/fiestas-patrias-campamento-cultural-en-la-ciudad-sagrada-de-caral-y-visita-a-sitios-arqueologicos-aspero-y-vichama\/"]}]},{"@type":"ImageObject","inLanguage":"en-US","@id":"https:\/\/zonacaral.gob.pe\/es\/noticias\/fiestas-patrias-campamento-cultural-en-la-ciudad-sagrada-de-caral-y-visita-a-sitios-arqueologicos-aspero-y-vichama\/#primaryimage","url":"https:\/\/zonacaral.gob.pe\/wp-content\/uploads\/2024\/07\/campamento-fiestas-patrias-2.png","contentUrl":"https:\/\/zonacaral.gob.pe\/wp-content\/uploads\/2024\/07\/campamento-fiestas-patrias-2.png","width":700,"height":395},{"@type":"BreadcrumbList","@id":"https:\/\/zonacaral.gob.pe\/es\/noticias\/fiestas-patrias-campamento-cultural-en-la-ciudad-sagrada-de-caral-y-visita-a-sitios-arqueologicos-aspero-y-vichama\/#breadcrumb","itemListElement":[{"@type":"ListItem","position":1,"name":"Portada","item":"https:\/\/zonacaral.gob.pe\/"},{"@type":"ListItem","position":2,"name":"Fiestas Patrias: Campamento cultural en la Ciudad Sagrada de Caral y visita a sitios arqueol\u00f3gicos \u00c1spero y Vichama"}]},{"@type":"WebSite","@id":"https:\/\/zonacaral.gob.pe\/es\/#website","url":"https:\/\/zonacaral.gob.pe\/es\/","name":"Zona Caral","description":"Investigamos, conservamos y difundimos el patrimonio cultural de la Civilizaci\u00f3n Caral, la m\u00e1s antigua de Am\u00e9rica.","potentialAction":[{"@type":"SearchAction","target":{"@type":"EntryPoint","urlTemplate":"https:\/\/zonacaral.gob.pe\/es\/?s={search_term_string}"},"query-input":{"@type":"PropertyValueSpecification","valueRequired":true,"valueName":"search_term_string"}}],"inLanguage":"en-US"},{"@type":"Person","@id":"https:\/\/zonacaral.gob.pe\/es\/#\/schema\/person\/beddb4d22f71a7230c5b90913270a0ee","name":"Zona Caral Administrador","image":{"@type":"ImageObject","inLanguage":"en-US","@id":"https:\/\/secure.gravatar.com\/avatar\/e4be162918a696358376de6446614e0f0f4062bdc5d170d6d540ada3d8b58c12?s=96&d=mm&r=g","url":"https:\/\/secure.gravatar.com\/avatar\/e4be162918a696358376de6446614e0f0f4062bdc5d170d6d540ada3d8b58c12?s=96&d=mm&r=g","contentUrl":"https:\/\/secure.gravatar.com\/avatar\/e4be162918a696358376de6446614e0f0f4062bdc5d170d6d540ada3d8b58c12?s=96&d=mm&r=g","caption":"Zona Caral Administrador"},"sameAs":["https:\/\/zonacaral.gob.pe"],"url":"https:\/\/zonacaral.gob.pe\/en\/noticias\/author\/ad_zonacaral\/"}]}},"_links":{"self":[{"href":"https:\/\/zonacaral.gob.pe\/en\/wp-json\/wp\/v2\/posts\/17774","targetHints":{"allow":["GET"]}}],"collection":[{"href":"https:\/\/zonacaral.gob.pe\/en\/wp-json\/wp\/v2\/posts"}],"about":[{"href":"https:\/\/zonacaral.gob.pe\/en\/wp-json\/wp\/v2\/types\/post"}],"author":[{"embeddable":true,"href":"https:\/\/zonacaral.gob.pe\/en\/wp-json\/wp\/v2\/users\/1"}],"replies":[{"embeddable":true,"href":"https:\/\/zonacaral.gob.pe\/en\/wp-json\/wp\/v2\/comments?post=17774"}],"version-history":[{"count":0,"href":"https:\/\/zonacaral.gob.pe\/en\/wp-json\/wp\/v2\/posts\/17774\/revisions"}],"wp:featuredmedia":[{"embeddable":true,"href":"https:\/\/zonacaral.gob.pe\/en\/wp-json\/wp\/v2\/media\/17777"}],"wp:attachment":[{"href":"https:\/\/zonacaral.gob.pe\/en\/wp-json\/wp\/v2\/media?parent=17774"}],"wp:term":[{"taxonomy":"category","embeddable":true,"href":"https:\/\/zonacaral.gob.pe\/en\/wp-json\/wp\/v2\/categories?post=17774"},{"taxonomy":"post_tag","embeddable":true,"href":"https:\/\/zonacaral.gob.pe\/en\/wp-json\/wp\/v2\/tags?post=17774"}],"curies":[{"name":"wp","href":"https:\/\/api.w.org\/{rel}","templated":true}]}}