{"id":17821,"date":"2024-08-02T17:49:04","date_gmt":"2024-08-02T22:49:04","guid":{"rendered":"https:\/\/www.zonacaral.gob.pe\/?p=17821"},"modified":"2024-08-02T17:49:04","modified_gmt":"2024-08-02T22:49:04","slug":"fiestas-patrias-visitas-a-vichama-aspero-y-la-ciudad-sagrada-de-caral-se-incrementaron-en-feriado-largo","status":"publish","type":"post","link":"https:\/\/zonacaral.gob.pe\/en\/noticias\/fiestas-patrias-visitas-a-vichama-aspero-y-la-ciudad-sagrada-de-caral-se-incrementaron-en-feriado-largo\/","title":{"rendered":"Fiestas Patrias: visitas a Vichama, \u00c1spero y la Ciudad Sagrada de Caral se incrementaron en feriado largo"},"content":{"rendered":"<figure class=\"pic-autor\" style=\"color: #4d4d4d; text-align: justify;\"><\/figure>\n<div class=\"gmail_default\" style=\"text-align: justify;\">\n<p><span style=\"font-weight: 400;\">En el \u00faltimo feriado largo por Fiestas Patrias, los sitios arqueol\u00f3gicos <\/span><a href=\"https:\/\/www.zonacaral.gob.pe\/ruta-caral\/aspero.html\"><span style=\"font-weight: 400;\">\u00c1spero<\/span><\/a><span style=\"font-weight: 400;\">, ciudad pesquera, <\/span><a href=\"https:\/\/www.zonacaral.gob.pe\/ruta-caral\/vichama.html\"><span style=\"font-weight: 400;\">Vichama<\/span><\/a><span style=\"font-weight: 400;\">, ciudad agropesquera, y la <\/span><a href=\"https:\/\/www.zonacaral.gob.pe\/ruta-caral\/ciudad-sagrada-de-caral.html\"><span style=\"font-weight: 400;\">Sacred City of Caral<\/span><\/a><span style=\"font-weight: 400;\">, Patrimonio Mundial, vieron incrementados el n\u00famero regular de visitas que reciben, demostrando gran inter\u00e9s por conocer nuestra herencia cultural milenaria.<\/span><\/p>\n<p><span style=\"font-weight: 400;\">Desde temprano, en cada milenaria ciudad, los visitantes fueron recibidos por los int\u00e9rpretes culturales quienes se encargaron de transmitir la historia de desarrollo de cada centro urbano, y mostrar las evidencias arqueol\u00f3gicas que refuerzan las hip\u00f3tesis que la sociedad que habit\u00f3 en estos lugares, hace miles de a\u00f1os, produjeron importantes conocimientos en ciencia y tecnolog\u00eda.<\/span><\/p>\n<p><span style=\"font-weight: 400;\">De acuerdo al registro en cada lugar, en suma, se tuvo casi tres mil turistas, nacionales y extranjeros, teniendo como los d\u00edas de mayor afluencia el s\u00e1bado 27, domingo 28 y lunes 29. Los sitios, como es de informaci\u00f3n p\u00fablica, abren los d\u00edas feriados con normalidad, en el horario de 9:00 a. m. a 5:00 p. m. Brindando as\u00ed una atenci\u00f3n continua todo el a\u00f1o.<\/span><\/p>\n<p><span style=\"font-weight: 400;\">Adem\u00e1s, se brinda el acceso gratuito el primer domingo de cada mes y en el d\u00eda de aniversario de cada sitio arqueol\u00f3gico.<\/span><\/p>\n<p><span style=\"font-weight: 400;\">Cabe precisar que cerca a cada milenaria ciudad se encuentran diversos servicios como hospedajes, restaurantes y otros atractivos tur\u00edsticos por lo que los viajeros tienen la opci\u00f3n de quedarse de uno a m\u00e1s d\u00edas y disfrutar conociendo nuestra riqueza cultural y natural, sobre todo la que se encuentra en el \u00e1rea norcentral del Per\u00fa.<\/span><\/p>\n<p><b>Ruta CARAL<\/b><\/p>\n<p><span style=\"font-weight: 400;\">Desde hace varios a\u00f1os, la <\/span><a href=\"https:\/\/www.instagram.com\/caralperu\/?hl=es\"><span style=\"font-weight: 400;\">Zona Arqueol\u00f3gica Caral<\/span><\/a><span style=\"font-weight: 400;\"> viene promoviendo la <\/span><a href=\"https:\/\/zonacaral.gob.pe\/en\/ruta-caral\/\"><span style=\"font-weight: 400;\">Ruta CARAL<\/span><\/a><span style=\"font-weight: 400;\">, propuesta cultural que involucra la visita a la Ciudad Sagrada de Caral, \u00c1spero y Vichama, y pronto se sumar\u00e1 un nuevo sitio. Adem\u00e1s, est\u00e1n dentro de esta ruta los museos comunitarios de <\/span><a href=\"https:\/\/www.zonacaral.gob.pe\/ruta-caral\/MC-supe.html\"><span style=\"font-weight: 400;\">Supe<\/span><\/a><span style=\"font-weight: 400;\"> y de <\/span><a href=\"https:\/\/www.zonacaral.gob.pe\/ruta-caral\/MC-vegueta.html\"><span style=\"font-weight: 400;\">V\u00e9gueta<\/span><\/a><span style=\"font-weight: 400;\">.<\/span><\/p>\n<p><span style=\"font-weight: 400;\">En ese sentido, el primer destino de la Ruta CARAL, es la <\/span><a href=\"https:\/\/www.zonacaral.gob.pe\/ruta-caral\/ciudad-sagrada-de-caral.html\"><span style=\"font-weight: 400;\">Sacred City of Caral<\/span><\/a><span style=\"font-weight: 400;\">, nuestro Patrimonio Mundial, conocida por sus impresionantes y monumentales edificios piramidales. Cuenta con un \u00e1rea denominada \u201cT\u00fanel de la Ciencia\u201d, donde se puede conocer los aspectos sociales, econ\u00f3micos y culturales de la sociedad que la habit\u00f3 y los conocimientos en ciencia y tecnolog\u00eda que desarrollaron. El sitio tiene habilitado un camino inclusivo, que permite a las personas con discapacidad motora ingresar en silla de ruedas, con un acompa\u00f1ante.<\/span><\/p>\n<p><span style=\"font-weight: 400;\">Tambi\u00e9n, tiene una gran \u00e1rea de recepci\u00f3n, estacionamiento, servicios higi\u00e9nicos, puestos de venta de artesan\u00eda y gastronom\u00eda local, y un mirador desde donde se puede apreciar en toda su extensi\u00f3n el principal centro urbano de la <\/span><a href=\"https:\/\/youtu.be\/uAJpjcgLits\"><span style=\"font-weight: 400;\">Civilizaci\u00f3n Caral<\/span><\/a><span style=\"font-weight: 400;\"> (3000 &#8211; 1800 a. C.).<\/span><\/p>\n<p><span style=\"font-weight: 400;\">El segundo destino es <\/span><a href=\"https:\/\/www.zonacaral.gob.pe\/ruta-caral\/aspero.html\"><span style=\"font-weight: 400;\">\u00c1spero<\/span><\/a><span style=\"font-weight: 400;\">, conocida como la ciudad pesquera de Caral. Se encuentra muy cerca al mar, en el distrito de Supe Puerto, provincia de Barranca. Los habitantes de este gran centro urbano, que tuvieron el \u201cMar de Grau\u201d a su disposici\u00f3n, se dedicaron a la producci\u00f3n de tecnolog\u00edas pesqueras y a obtener el variado recurso marino.<\/span><\/p>\n<p><span style=\"font-weight: 400;\">Su t\u00e9cnica de secado y conservaci\u00f3n de pescado, de cocina en piedra o bajo tierra (Pachamanca), nos cuentan c\u00f3mo vivieron sus habitantes; que, adem\u00e1s, lograron intercambiar sus productos con las sociedades del valle de Supe, y obtener, por ejemplo, el algod\u00f3n de Caral para sus vestimentas y redes y productos agr\u00edcolas. Es en este sitio que se hall\u00f3 a la \u201c<\/span><a href=\"https:\/\/www.gob.pe\/institucion\/caral\/noticias\/109678-hallazgo-arqueologico-dama-de-los-cuatro-tupus-es-considerado-uno-de-los-mas-importantes-del-mundo\"><span style=\"font-weight: 400;\">Dama de los Cuatro Tupus<\/span><\/a><span style=\"font-weight: 400;\">\u201d, una mujer de alta jerarqu\u00eda y que demuestra la complementariedad de g\u00e9nero en las sociedades de Caral.<\/span><\/p>\n<p><span style=\"font-weight: 400;\">Y para concluir con la \u201cRuta Caral\u201d, la Zona Arqueol\u00f3gica Caral, habilit\u00f3 en el distrito de V\u00e9gueta, provincia de Huaura, el primer sitio arqueol\u00f3gico que complementa la informaci\u00f3n recuperada sobre las razones del colapso de la Civilizaci\u00f3n Caral, hacia los 3800 a\u00f1os antes del presente, y posterior reorganizaci\u00f3n.<\/span><\/p>\n<p><span style=\"font-weight: 400;\">El centro urbano <\/span><a href=\"https:\/\/www.zonacaral.gob.pe\/ruta-caral\/vichama.html\"><span style=\"font-weight: 400;\">Vichama<\/span><\/a><span style=\"font-weight: 400;\">, ciudad agropesquera, guarda celosamente entre los muros de sus principales salones ceremoniales los relieves que cuentan una historia, a\u00fan por recuperar, de la crisis generada por un gran cambio clim\u00e1tico que afect\u00f3 a su sociedad y que provoc\u00f3 muertes, sequ\u00eda y hambruna, Eventos que no deb\u00edan ser olvidados y para lo que deb\u00edan estar preparados.<\/span><\/p>\n<p><span style=\"color: #850707;\"><strong style=\"font-size: inherit; text-align: justify;\">Fuente: Comunicaci\u00f3n e Imagen Institucional ZAC<\/strong><\/span><\/p>\n<\/div>\n<div style=\"color: #1f1f1f;\">\n<div style=\"color: #1f1f1f;\">\n<p style=\"text-align: justify;\">Fecha de publicaci\u00f3n: 02\/08\/2024<\/p>\n<\/div>\n<\/div>\n\n\n<p><\/p>","protected":false},"excerpt":{"rendered":"<p>En el \u00faltimo feriado largo por Fiestas Patrias, los sitios arqueol\u00f3gicos \u00c1spero, ciudad pesquera, Vichama, ciudad agropesquera, y la Ciudad [&hellip;]<\/p>\n","protected":false},"author":1,"featured_media":17823,"comment_status":"closed","ping_status":"open","sticky":false,"template":"","format":"standard","meta":{"_acf_changed":false,"site-sidebar-layout":"default","site-content-layout":"","ast-site-content-layout":"default","site-content-style":"default","site-sidebar-style":"default","ast-global-header-display":"","ast-banner-title-visibility":"","ast-main-header-display":"","ast-hfb-above-header-display":"","ast-hfb-below-header-display":"","ast-hfb-mobile-header-display":"","site-post-title":"","ast-breadcrumbs-content":"","ast-featured-img":"","footer-sml-layout":"","ast-disable-related-posts":"","theme-transparent-header-meta":"","adv-header-id-meta":"","stick-header-meta":"","header-above-stick-meta":"","header-main-stick-meta":"","header-below-stick-meta":"","astra-migrate-meta-layouts":"default","ast-page-background-enabled":"default","ast-page-background-meta":{"desktop":{"background-color":"var(--ast-global-color-5)","background-image":"","background-repeat":"repeat","background-position":"center center","background-size":"auto","background-attachment":"scroll","background-type":"","background-media":"","overlay-type":"","overlay-color":"","overlay-opacity":"","overlay-gradient":""},"tablet":{"background-color":"","background-image":"","background-repeat":"repeat","background-position":"center center","background-size":"auto","background-attachment":"scroll","background-type":"","background-media":"","overlay-type":"","overlay-color":"","overlay-opacity":"","overlay-gradient":""},"mobile":{"background-color":"","background-image":"","background-repeat":"repeat","background-position":"center center","background-size":"auto","background-attachment":"scroll","background-type":"","background-media":"","overlay-type":"","overlay-color":"","overlay-opacity":"","overlay-gradient":""}},"ast-content-background-meta":{"desktop":{"background-color":"var(--ast-global-color-4)","background-image":"","background-repeat":"repeat","background-position":"center center","background-size":"auto","background-attachment":"scroll","background-type":"","background-media":"","overlay-type":"","overlay-color":"","overlay-opacity":"","overlay-gradient":""},"tablet":{"background-color":"var(--ast-global-color-4)","background-image":"","background-repeat":"repeat","background-position":"center center","background-size":"auto","background-attachment":"scroll","background-type":"","background-media":"","overlay-type":"","overlay-color":"","overlay-opacity":"","overlay-gradient":""},"mobile":{"background-color":"var(--ast-global-color-4)","background-image":"","background-repeat":"repeat","background-position":"center center","background-size":"auto","background-attachment":"scroll","background-type":"","background-media":"","overlay-type":"","overlay-color":"","overlay-opacity":"","overlay-gradient":""}},"footnotes":""},"categories":[208],"tags":[55,72],"class_list":["post-17821","post","type-post","status-publish","format-standard","has-post-thumbnail","hentry","category-noticias","tag-caral","tag-cultura"],"acf":[],"yoast_head":"<!-- This site is optimized with the Yoast SEO plugin v27.3 - https:\/\/yoast.com\/product\/yoast-seo-wordpress\/ -->\n<title>Fiestas Patrias: visitas a Vichama, \u00c1spero y la Ciudad Sagrada de Caral se incrementaron en feriado largo<\/title>\n<meta name=\"description\" content=\"En el \u00faltimo feriado largo por Fiestas Patrias, los sitios arqueol\u00f3gicos \u00c1spero, ciudad pesquera, Vichama, ciudad agropesquera, y la Ciudad Sagrada de Caral, Patrimonio Mundial, vieron incrementados el n\u00famero regular de visitas que reciben, demostrando gran inter\u00e9s por conocer nuestra herencia cultural milenaria.\" \/>\n<meta name=\"robots\" content=\"index, follow, max-snippet:-1, max-image-preview:large, max-video-preview:-1\" \/>\n<link rel=\"canonical\" href=\"https:\/\/zonacaral.gob.pe\/en\/noticias\/fiestas-patrias-visitas-a-vichama-aspero-y-la-ciudad-sagrada-de-caral-se-incrementaron-en-feriado-largo\/\" \/>\n<meta property=\"og:locale\" content=\"en_US\" \/>\n<meta property=\"og:type\" content=\"article\" \/>\n<meta property=\"og:title\" content=\"Fiestas Patrias: visitas a Vichama, \u00c1spero y la Ciudad Sagrada de Caral se incrementaron en feriado largo\" \/>\n<meta property=\"og:description\" content=\"En el \u00faltimo feriado largo por Fiestas Patrias, los sitios arqueol\u00f3gicos \u00c1spero, ciudad pesquera, Vichama, ciudad agropesquera, y la Ciudad Sagrada de Caral, Patrimonio Mundial, vieron incrementados el n\u00famero regular de visitas que reciben, demostrando gran inter\u00e9s por conocer nuestra herencia cultural milenaria.\" \/>\n<meta property=\"og:url\" content=\"https:\/\/zonacaral.gob.pe\/en\/noticias\/fiestas-patrias-visitas-a-vichama-aspero-y-la-ciudad-sagrada-de-caral-se-incrementaron-en-feriado-largo\/\" \/>\n<meta property=\"og:site_name\" content=\"Zona Caral\" \/>\n<meta property=\"article:published_time\" content=\"2024-08-02T22:49:04+00:00\" \/>\n<meta property=\"og:image\" content=\"https:\/\/zonacaral.gob.pe\/wp-content\/uploads\/2024\/08\/fiestas-patrias-1.png\" \/>\n\t<meta property=\"og:image:width\" content=\"700\" \/>\n\t<meta property=\"og:image:height\" content=\"395\" \/>\n\t<meta property=\"og:image:type\" content=\"image\/png\" \/>\n<meta name=\"author\" content=\"Zona Caral Administrador\" \/>\n<meta name=\"twitter:card\" content=\"summary_large_image\" \/>\n<meta name=\"twitter:label1\" content=\"Written by\" \/>\n\t<meta name=\"twitter:data1\" content=\"Zona Caral Administrador\" \/>\n\t<meta name=\"twitter:label2\" content=\"Est. reading time\" \/>\n\t<meta name=\"twitter:data2\" content=\"4 minutes\" \/>\n<script type=\"application\/ld+json\" class=\"yoast-schema-graph\">{\"@context\":\"https:\\\/\\\/schema.org\",\"@graph\":[{\"@type\":\"Article\",\"@id\":\"https:\\\/\\\/zonacaral.gob.pe\\\/es\\\/noticias\\\/fiestas-patrias-visitas-a-vichama-aspero-y-la-ciudad-sagrada-de-caral-se-incrementaron-en-feriado-largo\\\/#article\",\"isPartOf\":{\"@id\":\"https:\\\/\\\/zonacaral.gob.pe\\\/es\\\/noticias\\\/fiestas-patrias-visitas-a-vichama-aspero-y-la-ciudad-sagrada-de-caral-se-incrementaron-en-feriado-largo\\\/\"},\"author\":{\"name\":\"Zona Caral Administrador\",\"@id\":\"https:\\\/\\\/zonacaral.gob.pe\\\/es\\\/#\\\/schema\\\/person\\\/beddb4d22f71a7230c5b90913270a0ee\"},\"headline\":\"Fiestas Patrias: visitas a Vichama, \u00c1spero y la Ciudad Sagrada de Caral se incrementaron en feriado largo\",\"datePublished\":\"2024-08-02T22:49:04+00:00\",\"mainEntityOfPage\":{\"@id\":\"https:\\\/\\\/zonacaral.gob.pe\\\/es\\\/noticias\\\/fiestas-patrias-visitas-a-vichama-aspero-y-la-ciudad-sagrada-de-caral-se-incrementaron-en-feriado-largo\\\/\"},\"wordCount\":745,\"image\":{\"@id\":\"https:\\\/\\\/zonacaral.gob.pe\\\/es\\\/noticias\\\/fiestas-patrias-visitas-a-vichama-aspero-y-la-ciudad-sagrada-de-caral-se-incrementaron-en-feriado-largo\\\/#primaryimage\"},\"thumbnailUrl\":\"https:\\\/\\\/zonacaral.gob.pe\\\/wp-content\\\/uploads\\\/2024\\\/08\\\/fiestas-patrias-1.png\",\"keywords\":[\"caral\",\"Cultura\"],\"articleSection\":[\"noticias\"],\"inLanguage\":\"en-US\"},{\"@type\":\"WebPage\",\"@id\":\"https:\\\/\\\/zonacaral.gob.pe\\\/es\\\/noticias\\\/fiestas-patrias-visitas-a-vichama-aspero-y-la-ciudad-sagrada-de-caral-se-incrementaron-en-feriado-largo\\\/\",\"url\":\"https:\\\/\\\/zonacaral.gob.pe\\\/es\\\/noticias\\\/fiestas-patrias-visitas-a-vichama-aspero-y-la-ciudad-sagrada-de-caral-se-incrementaron-en-feriado-largo\\\/\",\"name\":\"Fiestas Patrias: visitas a Vichama, \u00c1spero y la Ciudad Sagrada de Caral se incrementaron en feriado largo\",\"isPartOf\":{\"@id\":\"https:\\\/\\\/zonacaral.gob.pe\\\/es\\\/#website\"},\"primaryImageOfPage\":{\"@id\":\"https:\\\/\\\/zonacaral.gob.pe\\\/es\\\/noticias\\\/fiestas-patrias-visitas-a-vichama-aspero-y-la-ciudad-sagrada-de-caral-se-incrementaron-en-feriado-largo\\\/#primaryimage\"},\"image\":{\"@id\":\"https:\\\/\\\/zonacaral.gob.pe\\\/es\\\/noticias\\\/fiestas-patrias-visitas-a-vichama-aspero-y-la-ciudad-sagrada-de-caral-se-incrementaron-en-feriado-largo\\\/#primaryimage\"},\"thumbnailUrl\":\"https:\\\/\\\/zonacaral.gob.pe\\\/wp-content\\\/uploads\\\/2024\\\/08\\\/fiestas-patrias-1.png\",\"datePublished\":\"2024-08-02T22:49:04+00:00\",\"author\":{\"@id\":\"https:\\\/\\\/zonacaral.gob.pe\\\/es\\\/#\\\/schema\\\/person\\\/beddb4d22f71a7230c5b90913270a0ee\"},\"description\":\"En el \u00faltimo feriado largo por Fiestas Patrias, los sitios arqueol\u00f3gicos \u00c1spero, ciudad pesquera, Vichama, ciudad agropesquera, y la Ciudad Sagrada de Caral, Patrimonio Mundial, vieron incrementados el n\u00famero regular de visitas que reciben, demostrando gran inter\u00e9s por conocer nuestra herencia cultural milenaria.\",\"breadcrumb\":{\"@id\":\"https:\\\/\\\/zonacaral.gob.pe\\\/es\\\/noticias\\\/fiestas-patrias-visitas-a-vichama-aspero-y-la-ciudad-sagrada-de-caral-se-incrementaron-en-feriado-largo\\\/#breadcrumb\"},\"inLanguage\":\"en-US\",\"potentialAction\":[{\"@type\":\"ReadAction\",\"target\":[\"https:\\\/\\\/zonacaral.gob.pe\\\/es\\\/noticias\\\/fiestas-patrias-visitas-a-vichama-aspero-y-la-ciudad-sagrada-de-caral-se-incrementaron-en-feriado-largo\\\/\"]}]},{\"@type\":\"ImageObject\",\"inLanguage\":\"en-US\",\"@id\":\"https:\\\/\\\/zonacaral.gob.pe\\\/es\\\/noticias\\\/fiestas-patrias-visitas-a-vichama-aspero-y-la-ciudad-sagrada-de-caral-se-incrementaron-en-feriado-largo\\\/#primaryimage\",\"url\":\"https:\\\/\\\/zonacaral.gob.pe\\\/wp-content\\\/uploads\\\/2024\\\/08\\\/fiestas-patrias-1.png\",\"contentUrl\":\"https:\\\/\\\/zonacaral.gob.pe\\\/wp-content\\\/uploads\\\/2024\\\/08\\\/fiestas-patrias-1.png\",\"width\":700,\"height\":395},{\"@type\":\"BreadcrumbList\",\"@id\":\"https:\\\/\\\/zonacaral.gob.pe\\\/es\\\/noticias\\\/fiestas-patrias-visitas-a-vichama-aspero-y-la-ciudad-sagrada-de-caral-se-incrementaron-en-feriado-largo\\\/#breadcrumb\",\"itemListElement\":[{\"@type\":\"ListItem\",\"position\":1,\"name\":\"Portada\",\"item\":\"https:\\\/\\\/zonacaral.gob.pe\\\/\"},{\"@type\":\"ListItem\",\"position\":2,\"name\":\"Fiestas Patrias: visitas a Vichama, \u00c1spero y la Ciudad Sagrada de Caral se incrementaron en feriado largo\"}]},{\"@type\":\"WebSite\",\"@id\":\"https:\\\/\\\/zonacaral.gob.pe\\\/es\\\/#website\",\"url\":\"https:\\\/\\\/zonacaral.gob.pe\\\/es\\\/\",\"name\":\"Zona Caral\",\"description\":\"Investigamos, conservamos y difundimos el patrimonio cultural de la Civilizaci\u00f3n Caral, la m\u00e1s antigua de Am\u00e9rica.\",\"potentialAction\":[{\"@type\":\"SearchAction\",\"target\":{\"@type\":\"EntryPoint\",\"urlTemplate\":\"https:\\\/\\\/zonacaral.gob.pe\\\/es\\\/?s={search_term_string}\"},\"query-input\":{\"@type\":\"PropertyValueSpecification\",\"valueRequired\":true,\"valueName\":\"search_term_string\"}}],\"inLanguage\":\"en-US\"},{\"@type\":\"Person\",\"@id\":\"https:\\\/\\\/zonacaral.gob.pe\\\/es\\\/#\\\/schema\\\/person\\\/beddb4d22f71a7230c5b90913270a0ee\",\"name\":\"Zona Caral Administrador\",\"image\":{\"@type\":\"ImageObject\",\"inLanguage\":\"en-US\",\"@id\":\"https:\\\/\\\/secure.gravatar.com\\\/avatar\\\/e4be162918a696358376de6446614e0f0f4062bdc5d170d6d540ada3d8b58c12?s=96&d=mm&r=g\",\"url\":\"https:\\\/\\\/secure.gravatar.com\\\/avatar\\\/e4be162918a696358376de6446614e0f0f4062bdc5d170d6d540ada3d8b58c12?s=96&d=mm&r=g\",\"contentUrl\":\"https:\\\/\\\/secure.gravatar.com\\\/avatar\\\/e4be162918a696358376de6446614e0f0f4062bdc5d170d6d540ada3d8b58c12?s=96&d=mm&r=g\",\"caption\":\"Zona Caral Administrador\"},\"sameAs\":[\"https:\\\/\\\/zonacaral.gob.pe\"],\"url\":\"https:\\\/\\\/zonacaral.gob.pe\\\/en\\\/noticias\\\/author\\\/ad_zonacaral\\\/\"}]}<\/script>\n<!-- \/ Yoast SEO plugin. -->","yoast_head_json":{"title":"Fiestas Patrias: visitas a Vichama, \u00c1spero y la Ciudad Sagrada de Caral se incrementaron en feriado largo","description":"En el \u00faltimo feriado largo por Fiestas Patrias, los sitios arqueol\u00f3gicos \u00c1spero, ciudad pesquera, Vichama, ciudad agropesquera, y la Ciudad Sagrada de Caral, Patrimonio Mundial, vieron incrementados el n\u00famero regular de visitas que reciben, demostrando gran inter\u00e9s por conocer nuestra herencia cultural milenaria.","robots":{"index":"index","follow":"follow","max-snippet":"max-snippet:-1","max-image-preview":"max-image-preview:large","max-video-preview":"max-video-preview:-1"},"canonical":"https:\/\/zonacaral.gob.pe\/en\/noticias\/fiestas-patrias-visitas-a-vichama-aspero-y-la-ciudad-sagrada-de-caral-se-incrementaron-en-feriado-largo\/","og_locale":"en_US","og_type":"article","og_title":"Fiestas Patrias: visitas a Vichama, \u00c1spero y la Ciudad Sagrada de Caral se incrementaron en feriado largo","og_description":"En el \u00faltimo feriado largo por Fiestas Patrias, los sitios arqueol\u00f3gicos \u00c1spero, ciudad pesquera, Vichama, ciudad agropesquera, y la Ciudad Sagrada de Caral, Patrimonio Mundial, vieron incrementados el n\u00famero regular de visitas que reciben, demostrando gran inter\u00e9s por conocer nuestra herencia cultural milenaria.","og_url":"https:\/\/zonacaral.gob.pe\/en\/noticias\/fiestas-patrias-visitas-a-vichama-aspero-y-la-ciudad-sagrada-de-caral-se-incrementaron-en-feriado-largo\/","og_site_name":"Zona Caral","article_published_time":"2024-08-02T22:49:04+00:00","og_image":[{"width":700,"height":395,"url":"https:\/\/zonacaral.gob.pe\/wp-content\/uploads\/2024\/08\/fiestas-patrias-1.png","type":"image\/png"}],"author":"Zona Caral Administrador","twitter_card":"summary_large_image","twitter_misc":{"Written by":"Zona Caral Administrador","Est. reading time":"4 minutes"},"schema":{"@context":"https:\/\/schema.org","@graph":[{"@type":"Article","@id":"https:\/\/zonacaral.gob.pe\/es\/noticias\/fiestas-patrias-visitas-a-vichama-aspero-y-la-ciudad-sagrada-de-caral-se-incrementaron-en-feriado-largo\/#article","isPartOf":{"@id":"https:\/\/zonacaral.gob.pe\/es\/noticias\/fiestas-patrias-visitas-a-vichama-aspero-y-la-ciudad-sagrada-de-caral-se-incrementaron-en-feriado-largo\/"},"author":{"name":"Zona Caral Administrador","@id":"https:\/\/zonacaral.gob.pe\/es\/#\/schema\/person\/beddb4d22f71a7230c5b90913270a0ee"},"headline":"Fiestas Patrias: visitas a Vichama, \u00c1spero y la Ciudad Sagrada de Caral se incrementaron en feriado largo","datePublished":"2024-08-02T22:49:04+00:00","mainEntityOfPage":{"@id":"https:\/\/zonacaral.gob.pe\/es\/noticias\/fiestas-patrias-visitas-a-vichama-aspero-y-la-ciudad-sagrada-de-caral-se-incrementaron-en-feriado-largo\/"},"wordCount":745,"image":{"@id":"https:\/\/zonacaral.gob.pe\/es\/noticias\/fiestas-patrias-visitas-a-vichama-aspero-y-la-ciudad-sagrada-de-caral-se-incrementaron-en-feriado-largo\/#primaryimage"},"thumbnailUrl":"https:\/\/zonacaral.gob.pe\/wp-content\/uploads\/2024\/08\/fiestas-patrias-1.png","keywords":["caral","Cultura"],"articleSection":["noticias"],"inLanguage":"en-US"},{"@type":"WebPage","@id":"https:\/\/zonacaral.gob.pe\/es\/noticias\/fiestas-patrias-visitas-a-vichama-aspero-y-la-ciudad-sagrada-de-caral-se-incrementaron-en-feriado-largo\/","url":"https:\/\/zonacaral.gob.pe\/es\/noticias\/fiestas-patrias-visitas-a-vichama-aspero-y-la-ciudad-sagrada-de-caral-se-incrementaron-en-feriado-largo\/","name":"Fiestas Patrias: visitas a Vichama, \u00c1spero y la Ciudad Sagrada de Caral se incrementaron en feriado largo","isPartOf":{"@id":"https:\/\/zonacaral.gob.pe\/es\/#website"},"primaryImageOfPage":{"@id":"https:\/\/zonacaral.gob.pe\/es\/noticias\/fiestas-patrias-visitas-a-vichama-aspero-y-la-ciudad-sagrada-de-caral-se-incrementaron-en-feriado-largo\/#primaryimage"},"image":{"@id":"https:\/\/zonacaral.gob.pe\/es\/noticias\/fiestas-patrias-visitas-a-vichama-aspero-y-la-ciudad-sagrada-de-caral-se-incrementaron-en-feriado-largo\/#primaryimage"},"thumbnailUrl":"https:\/\/zonacaral.gob.pe\/wp-content\/uploads\/2024\/08\/fiestas-patrias-1.png","datePublished":"2024-08-02T22:49:04+00:00","author":{"@id":"https:\/\/zonacaral.gob.pe\/es\/#\/schema\/person\/beddb4d22f71a7230c5b90913270a0ee"},"description":"En el \u00faltimo feriado largo por Fiestas Patrias, los sitios arqueol\u00f3gicos \u00c1spero, ciudad pesquera, Vichama, ciudad agropesquera, y la Ciudad Sagrada de Caral, Patrimonio Mundial, vieron incrementados el n\u00famero regular de visitas que reciben, demostrando gran inter\u00e9s por conocer nuestra herencia cultural milenaria.","breadcrumb":{"@id":"https:\/\/zonacaral.gob.pe\/es\/noticias\/fiestas-patrias-visitas-a-vichama-aspero-y-la-ciudad-sagrada-de-caral-se-incrementaron-en-feriado-largo\/#breadcrumb"},"inLanguage":"en-US","potentialAction":[{"@type":"ReadAction","target":["https:\/\/zonacaral.gob.pe\/es\/noticias\/fiestas-patrias-visitas-a-vichama-aspero-y-la-ciudad-sagrada-de-caral-se-incrementaron-en-feriado-largo\/"]}]},{"@type":"ImageObject","inLanguage":"en-US","@id":"https:\/\/zonacaral.gob.pe\/es\/noticias\/fiestas-patrias-visitas-a-vichama-aspero-y-la-ciudad-sagrada-de-caral-se-incrementaron-en-feriado-largo\/#primaryimage","url":"https:\/\/zonacaral.gob.pe\/wp-content\/uploads\/2024\/08\/fiestas-patrias-1.png","contentUrl":"https:\/\/zonacaral.gob.pe\/wp-content\/uploads\/2024\/08\/fiestas-patrias-1.png","width":700,"height":395},{"@type":"BreadcrumbList","@id":"https:\/\/zonacaral.gob.pe\/es\/noticias\/fiestas-patrias-visitas-a-vichama-aspero-y-la-ciudad-sagrada-de-caral-se-incrementaron-en-feriado-largo\/#breadcrumb","itemListElement":[{"@type":"ListItem","position":1,"name":"Portada","item":"https:\/\/zonacaral.gob.pe\/"},{"@type":"ListItem","position":2,"name":"Fiestas Patrias: visitas a Vichama, \u00c1spero y la Ciudad Sagrada de Caral se incrementaron en feriado largo"}]},{"@type":"WebSite","@id":"https:\/\/zonacaral.gob.pe\/es\/#website","url":"https:\/\/zonacaral.gob.pe\/es\/","name":"Zona Caral","description":"Investigamos, conservamos y difundimos el patrimonio cultural de la Civilizaci\u00f3n Caral, la m\u00e1s antigua de Am\u00e9rica.","potentialAction":[{"@type":"SearchAction","target":{"@type":"EntryPoint","urlTemplate":"https:\/\/zonacaral.gob.pe\/es\/?s={search_term_string}"},"query-input":{"@type":"PropertyValueSpecification","valueRequired":true,"valueName":"search_term_string"}}],"inLanguage":"en-US"},{"@type":"Person","@id":"https:\/\/zonacaral.gob.pe\/es\/#\/schema\/person\/beddb4d22f71a7230c5b90913270a0ee","name":"Zona Caral Administrador","image":{"@type":"ImageObject","inLanguage":"en-US","@id":"https:\/\/secure.gravatar.com\/avatar\/e4be162918a696358376de6446614e0f0f4062bdc5d170d6d540ada3d8b58c12?s=96&d=mm&r=g","url":"https:\/\/secure.gravatar.com\/avatar\/e4be162918a696358376de6446614e0f0f4062bdc5d170d6d540ada3d8b58c12?s=96&d=mm&r=g","contentUrl":"https:\/\/secure.gravatar.com\/avatar\/e4be162918a696358376de6446614e0f0f4062bdc5d170d6d540ada3d8b58c12?s=96&d=mm&r=g","caption":"Zona Caral Administrador"},"sameAs":["https:\/\/zonacaral.gob.pe"],"url":"https:\/\/zonacaral.gob.pe\/en\/noticias\/author\/ad_zonacaral\/"}]}},"_links":{"self":[{"href":"https:\/\/zonacaral.gob.pe\/en\/wp-json\/wp\/v2\/posts\/17821","targetHints":{"allow":["GET"]}}],"collection":[{"href":"https:\/\/zonacaral.gob.pe\/en\/wp-json\/wp\/v2\/posts"}],"about":[{"href":"https:\/\/zonacaral.gob.pe\/en\/wp-json\/wp\/v2\/types\/post"}],"author":[{"embeddable":true,"href":"https:\/\/zonacaral.gob.pe\/en\/wp-json\/wp\/v2\/users\/1"}],"replies":[{"embeddable":true,"href":"https:\/\/zonacaral.gob.pe\/en\/wp-json\/wp\/v2\/comments?post=17821"}],"version-history":[{"count":0,"href":"https:\/\/zonacaral.gob.pe\/en\/wp-json\/wp\/v2\/posts\/17821\/revisions"}],"wp:featuredmedia":[{"embeddable":true,"href":"https:\/\/zonacaral.gob.pe\/en\/wp-json\/wp\/v2\/media\/17823"}],"wp:attachment":[{"href":"https:\/\/zonacaral.gob.pe\/en\/wp-json\/wp\/v2\/media?parent=17821"}],"wp:term":[{"taxonomy":"category","embeddable":true,"href":"https:\/\/zonacaral.gob.pe\/en\/wp-json\/wp\/v2\/categories?post=17821"},{"taxonomy":"post_tag","embeddable":true,"href":"https:\/\/zonacaral.gob.pe\/en\/wp-json\/wp\/v2\/tags?post=17821"}],"curies":[{"name":"wp","href":"https:\/\/api.w.org\/{rel}","templated":true}]}}