{"id":17856,"date":"2024-08-26T10:32:33","date_gmt":"2024-08-26T15:32:33","guid":{"rendered":"https:\/\/www.zonacaral.gob.pe\/?p=17856"},"modified":"2024-08-26T10:32:33","modified_gmt":"2024-08-26T15:32:33","slug":"caral-forma-parte-de-apec-ciudadano-peru-2024","status":"publish","type":"post","link":"https:\/\/zonacaral.gob.pe\/en\/noticias\/caral-forma-parte-de-apec-ciudadano-peru-2024\/","title":{"rendered":"CARAL forma parte de \u00abAPEC Ciudadano Per\u00fa 2024\u00bb"},"content":{"rendered":"<figure class=\"pic-autor\" style=\"color: #4d4d4d; text-align: justify;\"><\/figure>\n<div class=\"gmail_default\" style=\"text-align: justify;\">\n<blockquote>\n<p><i><span style=\"font-weight: 400;\">\u201cAPECaral\u00edzate\u201d<\/span><\/i><span style=\"font-weight: 400;\"> conociendo la Civilizaci\u00f3n Caral.<\/span><\/p>\n<\/blockquote>\n<p><span style=\"font-weight: 400;\">La <\/span><a href=\"https:\/\/www.instagram.com\/caralperu\/?hl=es\"><span style=\"font-weight: 400;\">Zona Arqueol\u00f3gica Caral<\/span><\/a><span style=\"font-weight: 400;\"> (ZAC), Unidad Ejecutora 003 del Ministerio de Cultura, ha propuesto diversas actividades culturales para que se integren al programa de la iniciativa \u00abAPEC Ciudadano Per\u00fa 2024\u00bb<\/span><span style=\"font-weight: 400;\">, estrategia que busca acercar el foro de Cooperaci\u00f3n Econ\u00f3mica Asia-Pac\u00edfico (APEC, por sus siglas en ingl\u00e9s) a la ciudadan\u00eda con el objetivo de incorporar en la agenda, actividades y temas vinculados con las necesidades de la poblaci\u00f3n.&nbsp;<\/span><\/p>\n<p><span style=\"font-weight: 400;\">Este programa, que busca transmitir nuestra herencia cultural milenaria, los conocimientos que produjeron los habitantes de la Civilizaci\u00f3n Caral hace cinco mil a\u00f1os, sus valores sociales y culturales, empez\u00f3 el pasado 11 de julio con la inauguraci\u00f3n de la exposici\u00f3n museogr\u00e1fica \u00abCiudad Sagrada de Caral, Patrimonio Mundial, y los valores de la civilizaci\u00f3n Caral. Reflexiones para el Buen Vivir\u00bb, la cual se muestra en el Centro Cultural de la Beneficencia de Lima (Jr. Carabaya 641 \u2013 Centro de Lima), hasta el 11 de septiembre.<\/span><\/p>\n<p><span style=\"font-weight: 400;\">Asimismo, se ha propuesto que dentro de este programa se integre el decimos\u00e9ptimo aniversario de Vichama, ciudad agropesquera de V\u00e9gueta-Huaura, el cual tiene todo un programa de actividades durante los d\u00edas 27, 28, 30 y 31 de agosto, teniendo como fechas centrales los \u00faltimos dos d\u00edas, en que se celebrar\u00e1 el \u201cVichama Raymi 2024\u201d. El principal festival art\u00edstico-cultural del distrito de V\u00e9gueta, ubicado en la provincia de Huaura.<\/span><\/p>\n<p><span style=\"font-weight: 400;\">Tambi\u00e9n, como parte de esta conmemoraci\u00f3n, en el hall Paracas del Ministerio de Cultura, se viene presentando, hasta el 31 de agosto, los principales hallazgos que demuestran el fen\u00f3meno clim\u00e1tico que afront\u00f3 la sociedad de Caral hace 3800 a\u00f1os.<\/span><\/p>\n<p><b>OTRAS ACTIVIDADES<\/b><\/p>\n<p><b><i>Del 23 de setiembre al 31 de octubre<\/i><\/b><\/p>\n<p><span style=\"font-weight: 400;\">Exposici\u00f3n museogr\u00e1fica: \u201cLos valores de la civilizaci\u00f3n Caral, reflexiones para el \u201cBuen Vivir\u201d. 30 a\u00f1os develando su historia para el Per\u00fa y el Mundo.<\/span><\/p>\n<p><span style=\"font-weight: 400;\">Lugar: Hall Paracas y Hall cajeros (Ministerio de Cultura)<\/span><\/p>\n<p><b><i>25 &#8211; 26 de octubre<\/i><\/b><\/p>\n<p><span style=\"font-weight: 400;\">Festival Cultural-art\u00edstico \u201cCaral Raymi 2024\u201d &#8211; Ciudad Sagrada y Civilizaci\u00f3n Caral, 30 a\u00f1os develando su historia para el Per\u00fa y el mundo.<\/span><\/p>\n<p><span style=\"font-weight: 400;\">Lugar: Valle de Supe, Supe \u2013 Barranca.<\/span><\/p>\n<p><span style=\"font-weight: 400;\">Asimismo, para la prensa internacional o participantes del APEC se ha propuesto realizar visitas mediadas por los circuitos culturales de \u00c1spero, antigua ciudad pesquera, en el distrito de Supe; y de Vichama, milenaria ciudad agropesquera ubicada en V\u00e9gueta \u2013 Huaura, para el <\/span><i><span style=\"font-weight: 400;\">5 de octubre<\/span><\/i><span style=\"font-weight: 400;\">.<\/span><\/p>\n<p><span style=\"font-weight: 400;\">Y, para el <\/span><b><i>25 y 26 de octubre,<\/i><\/b><span style=\"font-weight: 400;\"> realizar recorridos guiados a la Ciudad Sagrada de Caral, Patrimonio Mundial, situado en el valle de Supe.<\/span><\/p>\n<p><span style=\"font-weight: 400;\">Cabe resaltar que la Zona Arqueol\u00f3gica Caral, responsable de la investigaci\u00f3n en doce centros urbanos vinculados con la Civilizaci\u00f3n Caral, ha puesto en marcha todo un plan estrat\u00e9gico para presentar a la poblaci\u00f3n nacional e internacional, la riqueza cultural que se ha venido recuperando en 30 a\u00f1os de investigaciones lideradas por la doctora Ruth Shady Sol\u00eds.<\/span><\/p>\n<p><span style=\"font-weight: 400;\">En ese sentido la ZAC invita a todo el p\u00fablico a<\/span><i><span style=\"font-weight: 400;\"> \u201cAPECaralizarse\u201d,<\/span><\/i><span style=\"font-weight: 400;\"> descubriendo nuestra herencia cultural milenaria, conocimientos y valores que fueron transmitidos a las posteriores culturas andinas, hasta la Inca.<\/span><\/p>\n<p><span style=\"color: #850707;\"><strong style=\"font-size: inherit; text-align: justify;\">Fuente: Comunicaci\u00f3n e Imagen Institucional ZAC<\/strong><\/span><\/p>\n<\/div>\n<div style=\"color: #1f1f1f;\">\n<div style=\"color: #1f1f1f;\">\n<p style=\"text-align: justify;\">Fecha de publicaci\u00f3n: 26\/08\/2024<\/p>\n<\/div>\n<\/div>\n\n\n<p><\/p>","protected":false},"excerpt":{"rendered":"<p>\u201cAPECaral\u00edzate\u201d conociendo la Civilizaci\u00f3n Caral. La Zona Arqueol\u00f3gica Caral (ZAC), Unidad Ejecutora 003 del Ministerio de Cultura, ha propuesto diversas [&hellip;]<\/p>\n","protected":false},"author":1,"featured_media":17859,"comment_status":"closed","ping_status":"open","sticky":false,"template":"","format":"standard","meta":{"_acf_changed":false,"site-sidebar-layout":"default","site-content-layout":"","ast-site-content-layout":"default","site-content-style":"default","site-sidebar-style":"default","ast-global-header-display":"","ast-banner-title-visibility":"","ast-main-header-display":"","ast-hfb-above-header-display":"","ast-hfb-below-header-display":"","ast-hfb-mobile-header-display":"","site-post-title":"","ast-breadcrumbs-content":"","ast-featured-img":"","footer-sml-layout":"","ast-disable-related-posts":"","theme-transparent-header-meta":"","adv-header-id-meta":"","stick-header-meta":"","header-above-stick-meta":"","header-main-stick-meta":"","header-below-stick-meta":"","astra-migrate-meta-layouts":"default","ast-page-background-enabled":"default","ast-page-background-meta":{"desktop":{"background-color":"var(--ast-global-color-5)","background-image":"","background-repeat":"repeat","background-position":"center center","background-size":"auto","background-attachment":"scroll","background-type":"","background-media":"","overlay-type":"","overlay-color":"","overlay-opacity":"","overlay-gradient":""},"tablet":{"background-color":"","background-image":"","background-repeat":"repeat","background-position":"center center","background-size":"auto","background-attachment":"scroll","background-type":"","background-media":"","overlay-type":"","overlay-color":"","overlay-opacity":"","overlay-gradient":""},"mobile":{"background-color":"","background-image":"","background-repeat":"repeat","background-position":"center center","background-size":"auto","background-attachment":"scroll","background-type":"","background-media":"","overlay-type":"","overlay-color":"","overlay-opacity":"","overlay-gradient":""}},"ast-content-background-meta":{"desktop":{"background-color":"var(--ast-global-color-4)","background-image":"","background-repeat":"repeat","background-position":"center center","background-size":"auto","background-attachment":"scroll","background-type":"","background-media":"","overlay-type":"","overlay-color":"","overlay-opacity":"","overlay-gradient":""},"tablet":{"background-color":"var(--ast-global-color-4)","background-image":"","background-repeat":"repeat","background-position":"center center","background-size":"auto","background-attachment":"scroll","background-type":"","background-media":"","overlay-type":"","overlay-color":"","overlay-opacity":"","overlay-gradient":""},"mobile":{"background-color":"var(--ast-global-color-4)","background-image":"","background-repeat":"repeat","background-position":"center center","background-size":"auto","background-attachment":"scroll","background-type":"","background-media":"","overlay-type":"","overlay-color":"","overlay-opacity":"","overlay-gradient":""}},"footnotes":""},"categories":[208],"tags":[55,72],"class_list":["post-17856","post","type-post","status-publish","format-standard","has-post-thumbnail","hentry","category-noticias","tag-caral","tag-cultura"],"acf":[],"yoast_head":"<!-- This site is optimized with the Yoast SEO plugin v27.3 - https:\/\/yoast.com\/product\/yoast-seo-wordpress\/ -->\n<title>CARAL forma parte de &quot;APEC Ciudadano Per\u00fa 2024&quot;<\/title>\n<meta name=\"description\" content=\"La Zona Arqueol\u00f3gica Caral (ZAC), Unidad Ejecutora 003 del Ministerio de Cultura, ha propuesto diversas actividades culturales para que se integren al programa de la iniciativa &quot;APEC Ciudadano Per\u00fa 2024&quot;, estrategia que busca acercar el foro de Cooperaci\u00f3n Econ\u00f3mica Asia-Pac\u00edfico (APEC, por sus siglas en ingl\u00e9s) a la ciudadan\u00eda con el objetivo de incorporar en la agenda, actividades y temas vinculados con las necesidades de la poblaci\u00f3n.\u00a0\" \/>\n<meta name=\"robots\" content=\"index, follow, max-snippet:-1, max-image-preview:large, max-video-preview:-1\" \/>\n<link rel=\"canonical\" href=\"https:\/\/zonacaral.gob.pe\/en\/noticias\/caral-forma-parte-de-apec-ciudadano-peru-2024\/\" \/>\n<meta property=\"og:locale\" content=\"en_US\" \/>\n<meta property=\"og:type\" content=\"article\" \/>\n<meta property=\"og:title\" content=\"CARAL forma parte de &quot;APEC Ciudadano Per\u00fa 2024&quot;\" \/>\n<meta property=\"og:description\" content=\"La Zona Arqueol\u00f3gica Caral (ZAC), Unidad Ejecutora 003 del Ministerio de Cultura, ha propuesto diversas actividades culturales para que se integren al programa de la iniciativa &quot;APEC Ciudadano Per\u00fa 2024&quot;, estrategia que busca acercar el foro de Cooperaci\u00f3n Econ\u00f3mica Asia-Pac\u00edfico (APEC, por sus siglas en ingl\u00e9s) a la ciudadan\u00eda con el objetivo de incorporar en la agenda, actividades y temas vinculados con las necesidades de la poblaci\u00f3n.\u00a0\" \/>\n<meta property=\"og:url\" content=\"https:\/\/zonacaral.gob.pe\/en\/noticias\/caral-forma-parte-de-apec-ciudadano-peru-2024\/\" \/>\n<meta property=\"og:site_name\" content=\"Zona Caral\" \/>\n<meta property=\"article:published_time\" content=\"2024-08-26T15:32:33+00:00\" \/>\n<meta property=\"og:image\" content=\"https:\/\/zonacaral.gob.pe\/wp-content\/uploads\/2024\/08\/APEC-CARAL-1.jpg\" \/>\n\t<meta property=\"og:image:width\" content=\"1920\" \/>\n\t<meta property=\"og:image:height\" content=\"1080\" \/>\n\t<meta property=\"og:image:type\" content=\"image\/jpeg\" \/>\n<meta name=\"author\" content=\"Zona Caral Administrador\" \/>\n<meta name=\"twitter:card\" content=\"summary_large_image\" \/>\n<meta name=\"twitter:label1\" content=\"Written by\" \/>\n\t<meta name=\"twitter:data1\" content=\"Zona Caral Administrador\" \/>\n\t<meta name=\"twitter:label2\" content=\"Est. reading time\" \/>\n\t<meta name=\"twitter:data2\" content=\"3 minutes\" \/>\n<script type=\"application\/ld+json\" class=\"yoast-schema-graph\">{\"@context\":\"https:\\\/\\\/schema.org\",\"@graph\":[{\"@type\":\"Article\",\"@id\":\"https:\\\/\\\/zonacaral.gob.pe\\\/es\\\/noticias\\\/caral-forma-parte-de-apec-ciudadano-peru-2024\\\/#article\",\"isPartOf\":{\"@id\":\"https:\\\/\\\/zonacaral.gob.pe\\\/es\\\/noticias\\\/caral-forma-parte-de-apec-ciudadano-peru-2024\\\/\"},\"author\":{\"name\":\"Zona Caral Administrador\",\"@id\":\"https:\\\/\\\/zonacaral.gob.pe\\\/es\\\/#\\\/schema\\\/person\\\/beddb4d22f71a7230c5b90913270a0ee\"},\"headline\":\"CARAL forma parte de \u00abAPEC Ciudadano Per\u00fa 2024\u00bb\",\"datePublished\":\"2024-08-26T15:32:33+00:00\",\"mainEntityOfPage\":{\"@id\":\"https:\\\/\\\/zonacaral.gob.pe\\\/es\\\/noticias\\\/caral-forma-parte-de-apec-ciudadano-peru-2024\\\/\"},\"wordCount\":532,\"image\":{\"@id\":\"https:\\\/\\\/zonacaral.gob.pe\\\/es\\\/noticias\\\/caral-forma-parte-de-apec-ciudadano-peru-2024\\\/#primaryimage\"},\"thumbnailUrl\":\"https:\\\/\\\/zonacaral.gob.pe\\\/wp-content\\\/uploads\\\/2024\\\/08\\\/APEC-CARAL-1.jpg\",\"keywords\":[\"caral\",\"Cultura\"],\"articleSection\":[\"noticias\"],\"inLanguage\":\"en-US\"},{\"@type\":\"WebPage\",\"@id\":\"https:\\\/\\\/zonacaral.gob.pe\\\/es\\\/noticias\\\/caral-forma-parte-de-apec-ciudadano-peru-2024\\\/\",\"url\":\"https:\\\/\\\/zonacaral.gob.pe\\\/es\\\/noticias\\\/caral-forma-parte-de-apec-ciudadano-peru-2024\\\/\",\"name\":\"CARAL forma parte de \\\"APEC Ciudadano Per\u00fa 2024\\\"\",\"isPartOf\":{\"@id\":\"https:\\\/\\\/zonacaral.gob.pe\\\/es\\\/#website\"},\"primaryImageOfPage\":{\"@id\":\"https:\\\/\\\/zonacaral.gob.pe\\\/es\\\/noticias\\\/caral-forma-parte-de-apec-ciudadano-peru-2024\\\/#primaryimage\"},\"image\":{\"@id\":\"https:\\\/\\\/zonacaral.gob.pe\\\/es\\\/noticias\\\/caral-forma-parte-de-apec-ciudadano-peru-2024\\\/#primaryimage\"},\"thumbnailUrl\":\"https:\\\/\\\/zonacaral.gob.pe\\\/wp-content\\\/uploads\\\/2024\\\/08\\\/APEC-CARAL-1.jpg\",\"datePublished\":\"2024-08-26T15:32:33+00:00\",\"author\":{\"@id\":\"https:\\\/\\\/zonacaral.gob.pe\\\/es\\\/#\\\/schema\\\/person\\\/beddb4d22f71a7230c5b90913270a0ee\"},\"description\":\"La Zona Arqueol\u00f3gica Caral (ZAC), Unidad Ejecutora 003 del Ministerio de Cultura, ha propuesto diversas actividades culturales para que se integren al programa de la iniciativa \\\"APEC Ciudadano Per\u00fa 2024\\\", estrategia que busca acercar el foro de Cooperaci\u00f3n Econ\u00f3mica Asia-Pac\u00edfico (APEC, por sus siglas en ingl\u00e9s) a la ciudadan\u00eda con el objetivo de incorporar en la agenda, actividades y temas vinculados con las necesidades de la poblaci\u00f3n.\u00a0\",\"breadcrumb\":{\"@id\":\"https:\\\/\\\/zonacaral.gob.pe\\\/es\\\/noticias\\\/caral-forma-parte-de-apec-ciudadano-peru-2024\\\/#breadcrumb\"},\"inLanguage\":\"en-US\",\"potentialAction\":[{\"@type\":\"ReadAction\",\"target\":[\"https:\\\/\\\/zonacaral.gob.pe\\\/es\\\/noticias\\\/caral-forma-parte-de-apec-ciudadano-peru-2024\\\/\"]}]},{\"@type\":\"ImageObject\",\"inLanguage\":\"en-US\",\"@id\":\"https:\\\/\\\/zonacaral.gob.pe\\\/es\\\/noticias\\\/caral-forma-parte-de-apec-ciudadano-peru-2024\\\/#primaryimage\",\"url\":\"https:\\\/\\\/zonacaral.gob.pe\\\/wp-content\\\/uploads\\\/2024\\\/08\\\/APEC-CARAL-1.jpg\",\"contentUrl\":\"https:\\\/\\\/zonacaral.gob.pe\\\/wp-content\\\/uploads\\\/2024\\\/08\\\/APEC-CARAL-1.jpg\",\"width\":1920,\"height\":1080},{\"@type\":\"BreadcrumbList\",\"@id\":\"https:\\\/\\\/zonacaral.gob.pe\\\/es\\\/noticias\\\/caral-forma-parte-de-apec-ciudadano-peru-2024\\\/#breadcrumb\",\"itemListElement\":[{\"@type\":\"ListItem\",\"position\":1,\"name\":\"Portada\",\"item\":\"https:\\\/\\\/zonacaral.gob.pe\\\/\"},{\"@type\":\"ListItem\",\"position\":2,\"name\":\"CARAL forma parte de \u00abAPEC Ciudadano Per\u00fa 2024\u00bb\"}]},{\"@type\":\"WebSite\",\"@id\":\"https:\\\/\\\/zonacaral.gob.pe\\\/es\\\/#website\",\"url\":\"https:\\\/\\\/zonacaral.gob.pe\\\/es\\\/\",\"name\":\"Zona Caral\",\"description\":\"Investigamos, conservamos y difundimos el patrimonio cultural de la Civilizaci\u00f3n Caral, la m\u00e1s antigua de Am\u00e9rica.\",\"potentialAction\":[{\"@type\":\"SearchAction\",\"target\":{\"@type\":\"EntryPoint\",\"urlTemplate\":\"https:\\\/\\\/zonacaral.gob.pe\\\/es\\\/?s={search_term_string}\"},\"query-input\":{\"@type\":\"PropertyValueSpecification\",\"valueRequired\":true,\"valueName\":\"search_term_string\"}}],\"inLanguage\":\"en-US\"},{\"@type\":\"Person\",\"@id\":\"https:\\\/\\\/zonacaral.gob.pe\\\/es\\\/#\\\/schema\\\/person\\\/beddb4d22f71a7230c5b90913270a0ee\",\"name\":\"Zona Caral Administrador\",\"image\":{\"@type\":\"ImageObject\",\"inLanguage\":\"en-US\",\"@id\":\"https:\\\/\\\/secure.gravatar.com\\\/avatar\\\/e4be162918a696358376de6446614e0f0f4062bdc5d170d6d540ada3d8b58c12?s=96&d=mm&r=g\",\"url\":\"https:\\\/\\\/secure.gravatar.com\\\/avatar\\\/e4be162918a696358376de6446614e0f0f4062bdc5d170d6d540ada3d8b58c12?s=96&d=mm&r=g\",\"contentUrl\":\"https:\\\/\\\/secure.gravatar.com\\\/avatar\\\/e4be162918a696358376de6446614e0f0f4062bdc5d170d6d540ada3d8b58c12?s=96&d=mm&r=g\",\"caption\":\"Zona Caral Administrador\"},\"sameAs\":[\"https:\\\/\\\/zonacaral.gob.pe\"],\"url\":\"https:\\\/\\\/zonacaral.gob.pe\\\/en\\\/noticias\\\/author\\\/ad_zonacaral\\\/\"}]}<\/script>\n<!-- \/ Yoast SEO plugin. -->","yoast_head_json":{"title":"CARAL forma parte de \"APEC Ciudadano Per\u00fa 2024\"","description":"La Zona Arqueol\u00f3gica Caral (ZAC), Unidad Ejecutora 003 del Ministerio de Cultura, ha propuesto diversas actividades culturales para que se integren al programa de la iniciativa \"APEC Ciudadano Per\u00fa 2024\", estrategia que busca acercar el foro de Cooperaci\u00f3n Econ\u00f3mica Asia-Pac\u00edfico (APEC, por sus siglas en ingl\u00e9s) a la ciudadan\u00eda con el objetivo de incorporar en la agenda, actividades y temas vinculados con las necesidades de la poblaci\u00f3n.\u00a0","robots":{"index":"index","follow":"follow","max-snippet":"max-snippet:-1","max-image-preview":"max-image-preview:large","max-video-preview":"max-video-preview:-1"},"canonical":"https:\/\/zonacaral.gob.pe\/en\/noticias\/caral-forma-parte-de-apec-ciudadano-peru-2024\/","og_locale":"en_US","og_type":"article","og_title":"CARAL forma parte de \"APEC Ciudadano Per\u00fa 2024\"","og_description":"La Zona Arqueol\u00f3gica Caral (ZAC), Unidad Ejecutora 003 del Ministerio de Cultura, ha propuesto diversas actividades culturales para que se integren al programa de la iniciativa \"APEC Ciudadano Per\u00fa 2024\", estrategia que busca acercar el foro de Cooperaci\u00f3n Econ\u00f3mica Asia-Pac\u00edfico (APEC, por sus siglas en ingl\u00e9s) a la ciudadan\u00eda con el objetivo de incorporar en la agenda, actividades y temas vinculados con las necesidades de la poblaci\u00f3n.\u00a0","og_url":"https:\/\/zonacaral.gob.pe\/en\/noticias\/caral-forma-parte-de-apec-ciudadano-peru-2024\/","og_site_name":"Zona Caral","article_published_time":"2024-08-26T15:32:33+00:00","og_image":[{"width":1920,"height":1080,"url":"https:\/\/zonacaral.gob.pe\/wp-content\/uploads\/2024\/08\/APEC-CARAL-1.jpg","type":"image\/jpeg"}],"author":"Zona Caral Administrador","twitter_card":"summary_large_image","twitter_misc":{"Written by":"Zona Caral Administrador","Est. reading time":"3 minutes"},"schema":{"@context":"https:\/\/schema.org","@graph":[{"@type":"Article","@id":"https:\/\/zonacaral.gob.pe\/es\/noticias\/caral-forma-parte-de-apec-ciudadano-peru-2024\/#article","isPartOf":{"@id":"https:\/\/zonacaral.gob.pe\/es\/noticias\/caral-forma-parte-de-apec-ciudadano-peru-2024\/"},"author":{"name":"Zona Caral Administrador","@id":"https:\/\/zonacaral.gob.pe\/es\/#\/schema\/person\/beddb4d22f71a7230c5b90913270a0ee"},"headline":"CARAL forma parte de \u00abAPEC Ciudadano Per\u00fa 2024\u00bb","datePublished":"2024-08-26T15:32:33+00:00","mainEntityOfPage":{"@id":"https:\/\/zonacaral.gob.pe\/es\/noticias\/caral-forma-parte-de-apec-ciudadano-peru-2024\/"},"wordCount":532,"image":{"@id":"https:\/\/zonacaral.gob.pe\/es\/noticias\/caral-forma-parte-de-apec-ciudadano-peru-2024\/#primaryimage"},"thumbnailUrl":"https:\/\/zonacaral.gob.pe\/wp-content\/uploads\/2024\/08\/APEC-CARAL-1.jpg","keywords":["caral","Cultura"],"articleSection":["noticias"],"inLanguage":"en-US"},{"@type":"WebPage","@id":"https:\/\/zonacaral.gob.pe\/es\/noticias\/caral-forma-parte-de-apec-ciudadano-peru-2024\/","url":"https:\/\/zonacaral.gob.pe\/es\/noticias\/caral-forma-parte-de-apec-ciudadano-peru-2024\/","name":"CARAL forma parte de \"APEC Ciudadano Per\u00fa 2024\"","isPartOf":{"@id":"https:\/\/zonacaral.gob.pe\/es\/#website"},"primaryImageOfPage":{"@id":"https:\/\/zonacaral.gob.pe\/es\/noticias\/caral-forma-parte-de-apec-ciudadano-peru-2024\/#primaryimage"},"image":{"@id":"https:\/\/zonacaral.gob.pe\/es\/noticias\/caral-forma-parte-de-apec-ciudadano-peru-2024\/#primaryimage"},"thumbnailUrl":"https:\/\/zonacaral.gob.pe\/wp-content\/uploads\/2024\/08\/APEC-CARAL-1.jpg","datePublished":"2024-08-26T15:32:33+00:00","author":{"@id":"https:\/\/zonacaral.gob.pe\/es\/#\/schema\/person\/beddb4d22f71a7230c5b90913270a0ee"},"description":"La Zona Arqueol\u00f3gica Caral (ZAC), Unidad Ejecutora 003 del Ministerio de Cultura, ha propuesto diversas actividades culturales para que se integren al programa de la iniciativa \"APEC Ciudadano Per\u00fa 2024\", estrategia que busca acercar el foro de Cooperaci\u00f3n Econ\u00f3mica Asia-Pac\u00edfico (APEC, por sus siglas en ingl\u00e9s) a la ciudadan\u00eda con el objetivo de incorporar en la agenda, actividades y temas vinculados con las necesidades de la poblaci\u00f3n.\u00a0","breadcrumb":{"@id":"https:\/\/zonacaral.gob.pe\/es\/noticias\/caral-forma-parte-de-apec-ciudadano-peru-2024\/#breadcrumb"},"inLanguage":"en-US","potentialAction":[{"@type":"ReadAction","target":["https:\/\/zonacaral.gob.pe\/es\/noticias\/caral-forma-parte-de-apec-ciudadano-peru-2024\/"]}]},{"@type":"ImageObject","inLanguage":"en-US","@id":"https:\/\/zonacaral.gob.pe\/es\/noticias\/caral-forma-parte-de-apec-ciudadano-peru-2024\/#primaryimage","url":"https:\/\/zonacaral.gob.pe\/wp-content\/uploads\/2024\/08\/APEC-CARAL-1.jpg","contentUrl":"https:\/\/zonacaral.gob.pe\/wp-content\/uploads\/2024\/08\/APEC-CARAL-1.jpg","width":1920,"height":1080},{"@type":"BreadcrumbList","@id":"https:\/\/zonacaral.gob.pe\/es\/noticias\/caral-forma-parte-de-apec-ciudadano-peru-2024\/#breadcrumb","itemListElement":[{"@type":"ListItem","position":1,"name":"Portada","item":"https:\/\/zonacaral.gob.pe\/"},{"@type":"ListItem","position":2,"name":"CARAL forma parte de \u00abAPEC Ciudadano Per\u00fa 2024\u00bb"}]},{"@type":"WebSite","@id":"https:\/\/zonacaral.gob.pe\/es\/#website","url":"https:\/\/zonacaral.gob.pe\/es\/","name":"Zona Caral","description":"Investigamos, conservamos y difundimos el patrimonio cultural de la Civilizaci\u00f3n Caral, la m\u00e1s antigua de Am\u00e9rica.","potentialAction":[{"@type":"SearchAction","target":{"@type":"EntryPoint","urlTemplate":"https:\/\/zonacaral.gob.pe\/es\/?s={search_term_string}"},"query-input":{"@type":"PropertyValueSpecification","valueRequired":true,"valueName":"search_term_string"}}],"inLanguage":"en-US"},{"@type":"Person","@id":"https:\/\/zonacaral.gob.pe\/es\/#\/schema\/person\/beddb4d22f71a7230c5b90913270a0ee","name":"Zona Caral Administrador","image":{"@type":"ImageObject","inLanguage":"en-US","@id":"https:\/\/secure.gravatar.com\/avatar\/e4be162918a696358376de6446614e0f0f4062bdc5d170d6d540ada3d8b58c12?s=96&d=mm&r=g","url":"https:\/\/secure.gravatar.com\/avatar\/e4be162918a696358376de6446614e0f0f4062bdc5d170d6d540ada3d8b58c12?s=96&d=mm&r=g","contentUrl":"https:\/\/secure.gravatar.com\/avatar\/e4be162918a696358376de6446614e0f0f4062bdc5d170d6d540ada3d8b58c12?s=96&d=mm&r=g","caption":"Zona Caral Administrador"},"sameAs":["https:\/\/zonacaral.gob.pe"],"url":"https:\/\/zonacaral.gob.pe\/en\/noticias\/author\/ad_zonacaral\/"}]}},"_links":{"self":[{"href":"https:\/\/zonacaral.gob.pe\/en\/wp-json\/wp\/v2\/posts\/17856","targetHints":{"allow":["GET"]}}],"collection":[{"href":"https:\/\/zonacaral.gob.pe\/en\/wp-json\/wp\/v2\/posts"}],"about":[{"href":"https:\/\/zonacaral.gob.pe\/en\/wp-json\/wp\/v2\/types\/post"}],"author":[{"embeddable":true,"href":"https:\/\/zonacaral.gob.pe\/en\/wp-json\/wp\/v2\/users\/1"}],"replies":[{"embeddable":true,"href":"https:\/\/zonacaral.gob.pe\/en\/wp-json\/wp\/v2\/comments?post=17856"}],"version-history":[{"count":0,"href":"https:\/\/zonacaral.gob.pe\/en\/wp-json\/wp\/v2\/posts\/17856\/revisions"}],"wp:featuredmedia":[{"embeddable":true,"href":"https:\/\/zonacaral.gob.pe\/en\/wp-json\/wp\/v2\/media\/17859"}],"wp:attachment":[{"href":"https:\/\/zonacaral.gob.pe\/en\/wp-json\/wp\/v2\/media?parent=17856"}],"wp:term":[{"taxonomy":"category","embeddable":true,"href":"https:\/\/zonacaral.gob.pe\/en\/wp-json\/wp\/v2\/categories?post=17856"},{"taxonomy":"post_tag","embeddable":true,"href":"https:\/\/zonacaral.gob.pe\/en\/wp-json\/wp\/v2\/tags?post=17856"}],"curies":[{"name":"wp","href":"https:\/\/api.w.org\/{rel}","templated":true}]}}