{"id":17864,"date":"2024-08-28T16:50:04","date_gmt":"2024-08-28T21:50:04","guid":{"rendered":"https:\/\/www.zonacaral.gob.pe\/?p=17864"},"modified":"2024-08-28T16:50:04","modified_gmt":"2024-08-28T21:50:04","slug":"fin-de-semana-largo-ven-a-vegueta-a-celebrar-el-vichama-raymi-2024","status":"publish","type":"post","link":"https:\/\/zonacaral.gob.pe\/en\/noticias\/fin-de-semana-largo-ven-a-vegueta-a-celebrar-el-vichama-raymi-2024\/","title":{"rendered":"FIN DE SEMANA LARGO: ven a V\u00e9gueta a celebrar el \u201cVICHAMA RAYMI 2024\u201d"},"content":{"rendered":"<figure class=\"pic-autor\" style=\"color: #4d4d4d; text-align: justify;\"><\/figure>\n<div class=\"gmail_default\" style=\"text-align: justify;\">\n<blockquote>\n<p><i><span style=\"font-weight: 400;\">Tradici\u00f3n, cultura y diversi\u00f3n.<\/span><\/i><\/p>\n<\/blockquote>\n<p><span style=\"font-weight: 400;\">La doctora Ruth Shady Sol\u00eds y el equipo multidisciplinario de la <\/span><a href=\"https:\/\/www.instagram.com\/caralperu\/?hl=es\"><span style=\"font-weight: 400;\">Zona Arqueol\u00f3gica Caral<\/span><\/a><span style=\"font-weight: 400;\"> (ZAC), Unidad Ejecutora 003 del Ministerio de Cultura, invitan a la poblaci\u00f3n en general a participar en el <\/span><span style=\"font-weight: 400;\">\u00ab<\/span><span style=\"font-weight: 400;\">Vichama Raymi 2024<\/span><span style=\"font-weight: 400;\">\u00bb<\/span><span style=\"font-weight: 400;\">, a celebrarse en el distrito de V\u00e9gueta, provincia de Huaura, Lima, este viernes 30 y s\u00e1bado 31 de agosto, dos d\u00edas llenos de cultura y tradici\u00f3n.<\/span><\/p>\n<p><span style=\"font-weight: 400;\">Esta festividad, en la que se desarrollar\u00e1n diversas actividades culturales gratuitas, se realiza con el fin de conmemorar el 17\u00b0 aniversario del inicio de los trabajos de investigaci\u00f3n, conservaci\u00f3n y difusi\u00f3n del sitio arqueol\u00f3gico Vichama, antigua ciudad agropesquera.<\/span><\/p>\n<p><span style=\"font-weight: 400;\">Los hallazgos en este milenario centro urbano que han dado la vuelta al mundo, nos narran el dif\u00edcil periodo por el que pasaron los antiguos habitantes de la Civilizaci\u00f3n Caral. En los muros de los principales edificios de Vichama (3800 a. p.), dise\u00f1aron impresionantes relieves murales de seres antropomorfos e ictiomorfos. Iconograf\u00edas vinculadas a los efectos de un gran cambio clim\u00e1tico que afect\u00f3 el normal desarrollo de esta sociedad.<\/span><\/p>\n<p><span style=\"font-weight: 400;\">Por ello, este fin de semana largo nos reencontraremos con nuestro pasado, con ese periodo de nuestra historia, para conocer y aprender de ella. Pero tambi\u00e9n, como hace miles de a\u00f1os se hizo, continuaremos con la tradici\u00f3n andina de realizar reuniones colectivas con la participaci\u00f3n de las autoridades y de la sociedad civil para fortalecer la identidad cultural y la cohesi\u00f3n social.<\/span><\/p>\n<p><b>ACTIVIDADES DEL VICHAMA RAYMI:<\/b><\/p>\n<p><span style=\"font-weight: 400;\">Las actividades inician el <\/span><b>viernes, 30 de agosto,<\/b><span style=\"font-weight: 400;\"> por la tarde, en la Plaza de Armas del distrito de V\u00e9gueta. Desde all\u00ed se realizar\u00e1 un pasacalle, acompa\u00f1ados de m\u00fasica y baile, hasta la zona de pago del sitio arqueol\u00f3gico Vichama.<\/span><\/p>\n<p><span style=\"font-weight: 400;\">En este espacio nos recibir\u00e1 la sacerdotisa de Vichama, antigua autoridad de este centro urbano, quien dar\u00e1 inicio a las celebraciones. Luego presenciaremos la puesta en escena del Mito de Vichama, narraci\u00f3n local que a\u00fan se mantiene viva por sus habitantes; ejecutada por estudiantes del Colegio de Alto Rendimiento de Lima Provincias (COAR).<\/span><\/p>\n<p><span style=\"font-weight: 400;\">Los bailes y la m\u00fasica estar\u00e1n a cargo de importantes asociaciones culturales representativas de V\u00e9gueta, reconocidos como Puntos de Cultura: Centro Cultural \u00abWiqi Kallpa V\u00e9gueta\u00bb y Agrupaci\u00f3n Cultural \u201cSonqo Per\u00fa V\u00e9gueta\u201d; adem\u00e1s de la participaci\u00f3n de la asociaci\u00f3n cultural \u201cTakibatu\u201d de Huacho.<\/span><\/p>\n<p><span style=\"font-weight: 400;\">Luego el maestro Sergio Castillo, cham\u00e1n de la tradici\u00f3n Chav\u00edn, en medio del fuego, realizar\u00e1 la ceremonia ancestral de pago a la Pachamama y Cochamama, en agradecimiento por los bienes recibidos y mejoras en las cosechas, producci\u00f3n y salud. Al finalizar, nos uniremos en un baile de fraternidad entre todos los participantes.<\/span><\/p>\n<p><span style=\"font-weight: 400;\">Al siguiente d\u00eda, el <\/span><b>s\u00e1bado, 31 de agosto,<\/b><span style=\"font-weight: 400;\"> continuaremos con estas celebraciones. Desde las 9:00 a. m. todos los visitantes podr\u00e1n ingresar de manera gratuita al Museo Comunitario de V\u00e9gueta, ubicado en la plaza de armas del distrito y al sitio arqueol\u00f3gico para conocer la historia social de Vichama.<\/span><\/p>\n<p><span style=\"font-weight: 400;\">Asimismo, este d\u00eda se realizar\u00e1 el \u201cCatu Vichama\u201d: exposici\u00f3n y venta de productos artesanales y agropecuarios de los pobladores de V\u00e9gueta, Huaura, Huacho, Carqu\u00edn, Caleta Vidal, Supe-Caral y Supe Puerto. Feria en la que se podr\u00e1n apreciar los productos de los pobladores y las creaciones de los participantes en los talleres de responsabilidad social que la ZAC desarrolla.<\/span><\/p>\n<p><span style=\"font-weight: 400;\">Y, desde las 11:30 p. m., daremos inicio al \u201cRuna Raymi\u201d, Festival Art\u00edstico-Cultural, que va hasta las 4:00 p. m.<\/span><\/p>\n<p><span style=\"font-weight: 400;\">Tendremos las presentaciones art\u00edsticas de agrupaciones del distrito de V\u00e9gueta. Actuaciones art\u00edsticas de la poblaci\u00f3n local: Agrupaci\u00f3n de Danzantes \u201cShacshas Huellas de San Nicol\u00e1s\u201d, Escuela de Marinera Patricia Huayanay Castillo y la participaci\u00f3n de la artista local Ruth Bravo. Tambi\u00e9n de nuestro taller de formaci\u00f3n musical con instrumentos de la Civilizaci\u00f3n Caral, y cerrar\u00e1n las actividades los hermosos caballos de paso del Fundo Palmira.<\/span><\/p>\n<p><span style=\"font-weight: 400;\">Conoce el programa completo:<\/span><a href=\"https:\/\/bit.ly\/Programa_VichamaRaymi2024?fbclid=IwZXh0bgNhZW0CMTAAAR0dF3_ZCUfCvle4mjXsjW6aCY2EB76kBUUXaiPgx-B32SGO5-6LtIPv9dc_aem_LCYvkzKVg7NeuY3fdKPuXA\"> <span style=\"font-weight: 400;\">VichamaRaymi2024<\/span><\/a><span style=\"font-weight: 400;\">&nbsp; <\/span><span style=\"font-weight: 400;\">y la gu\u00eda de viaje:&nbsp; <\/span><a href=\"https:\/\/bit.ly\/GuiaDeViaje-Vichama\"><span style=\"font-weight: 400;\">https:\/\/bit.ly\/GuiaDeViaje-Vichama<\/span><\/a><span style=\"font-weight: 400;\">&nbsp;<\/span><\/p>\n<p><b>\u00bfC\u00f3mo llegar a Vichama?<\/b><\/p>\n<p><span style=\"font-weight: 400;\">Vichama, ciudad agropesquera vinculada a la civilizaci\u00f3n Caral se encuentra a tres horas de viaje desde la ciudad de Lima. Se encuentra en el distrito de V\u00e9gueta, por lo que llegar no es sencillo. De Plaza Norte o Centro de Lima, parten buses hacia Huacho, de all\u00ed preguntar por los colectivos hacia V\u00e9gueta (precisar que va a Vichama). El regreso es similar, solo considere no salir muy noche; sin embargo, si desea quedarse en V\u00e9gueta y Huacho hay hospedajes y restaurantes para animarse a quedarse un d\u00eda m\u00e1s. Ingrese aqu\u00ed para m\u00e1s detalles de<\/span><a href=\"https:\/\/zonacaral.gob.pe\/en\/conoce-caral\/como-llegar-a-vichama\/\"> <span style=\"font-weight: 400;\">c\u00f3mo llegar a Vichama<\/span><\/a><span style=\"font-weight: 400;\">.<\/span><\/p>\n<p><span style=\"font-weight: 400;\">Otro modo de llegar es participando de nuestro programa de Viajes Culturales, el cual te lleva al Vichama Raymi 2024, el cual tiene todo un programa cultural. Pide m\u00e1s detalles al<\/span><a href=\"https:\/\/bit.ly\/955881340\"> <span style=\"font-weight: 400;\">WhatsApp: 955 881 340<\/span><\/a><\/p>\n<p><span style=\"color: #850707;\"><strong style=\"font-size: inherit; text-align: justify;\">Fuente: Comunicaci\u00f3n e Imagen Institucional ZAC<\/strong><\/span><\/p>\n<\/div>\n<div style=\"color: #1f1f1f;\">\n<div style=\"color: #1f1f1f;\">\n<p style=\"text-align: justify;\">Fecha de publicaci\u00f3n: 28\/08\/2024<\/p>\n<\/div>\n<\/div>\n\n\n<p><\/p>","protected":false},"excerpt":{"rendered":"<p>Tradici\u00f3n, cultura y diversi\u00f3n. La doctora Ruth Shady Sol\u00eds y el equipo multidisciplinario de la Zona Arqueol\u00f3gica Caral (ZAC), Unidad [&hellip;]<\/p>\n","protected":false},"author":1,"featured_media":17873,"comment_status":"closed","ping_status":"open","sticky":false,"template":"","format":"standard","meta":{"_acf_changed":false,"site-sidebar-layout":"default","site-content-layout":"","ast-site-content-layout":"default","site-content-style":"default","site-sidebar-style":"default","ast-global-header-display":"","ast-banner-title-visibility":"","ast-main-header-display":"","ast-hfb-above-header-display":"","ast-hfb-below-header-display":"","ast-hfb-mobile-header-display":"","site-post-title":"","ast-breadcrumbs-content":"","ast-featured-img":"","footer-sml-layout":"","ast-disable-related-posts":"","theme-transparent-header-meta":"","adv-header-id-meta":"","stick-header-meta":"","header-above-stick-meta":"","header-main-stick-meta":"","header-below-stick-meta":"","astra-migrate-meta-layouts":"default","ast-page-background-enabled":"default","ast-page-background-meta":{"desktop":{"background-color":"var(--ast-global-color-5)","background-image":"","background-repeat":"repeat","background-position":"center center","background-size":"auto","background-attachment":"scroll","background-type":"","background-media":"","overlay-type":"","overlay-color":"","overlay-opacity":"","overlay-gradient":""},"tablet":{"background-color":"","background-image":"","background-repeat":"repeat","background-position":"center center","background-size":"auto","background-attachment":"scroll","background-type":"","background-media":"","overlay-type":"","overlay-color":"","overlay-opacity":"","overlay-gradient":""},"mobile":{"background-color":"","background-image":"","background-repeat":"repeat","background-position":"center center","background-size":"auto","background-attachment":"scroll","background-type":"","background-media":"","overlay-type":"","overlay-color":"","overlay-opacity":"","overlay-gradient":""}},"ast-content-background-meta":{"desktop":{"background-color":"var(--ast-global-color-4)","background-image":"","background-repeat":"repeat","background-position":"center center","background-size":"auto","background-attachment":"scroll","background-type":"","background-media":"","overlay-type":"","overlay-color":"","overlay-opacity":"","overlay-gradient":""},"tablet":{"background-color":"var(--ast-global-color-4)","background-image":"","background-repeat":"repeat","background-position":"center center","background-size":"auto","background-attachment":"scroll","background-type":"","background-media":"","overlay-type":"","overlay-color":"","overlay-opacity":"","overlay-gradient":""},"mobile":{"background-color":"var(--ast-global-color-4)","background-image":"","background-repeat":"repeat","background-position":"center center","background-size":"auto","background-attachment":"scroll","background-type":"","background-media":"","overlay-type":"","overlay-color":"","overlay-opacity":"","overlay-gradient":""}},"footnotes":""},"categories":[208],"tags":[55,72],"class_list":["post-17864","post","type-post","status-publish","format-standard","has-post-thumbnail","hentry","category-noticias","tag-caral","tag-cultura"],"acf":[],"yoast_head":"<!-- This site is optimized with the Yoast SEO plugin v27.3 - https:\/\/yoast.com\/product\/yoast-seo-wordpress\/ -->\n<title>FIN DE SEMANA LARGO: ven a V\u00e9gueta a celebrar el \u201cVICHAMA RAYMI 2024\u201d<\/title>\n<meta name=\"description\" content=\"La doctora Ruth Shady Sol\u00eds y el equipo multidisciplinario de la Zona Arqueol\u00f3gica Caral (ZAC), Unidad Ejecutora 003 del Ministerio de Cultura, invitan a la poblaci\u00f3n en general a participar en el \u00abVichama Raymi 2024\u00bb, a celebrarse en el distrito de V\u00e9gueta, provincia de Huaura, Lima, este viernes 30 y s\u00e1bado 31 de agosto, dos d\u00edas llenos de cultura y tradici\u00f3n.\" \/>\n<meta name=\"robots\" content=\"index, follow, max-snippet:-1, max-image-preview:large, max-video-preview:-1\" \/>\n<link rel=\"canonical\" href=\"https:\/\/zonacaral.gob.pe\/en\/noticias\/fin-de-semana-largo-ven-a-vegueta-a-celebrar-el-vichama-raymi-2024\/\" \/>\n<meta property=\"og:locale\" content=\"en_US\" \/>\n<meta property=\"og:type\" content=\"article\" \/>\n<meta property=\"og:title\" content=\"FIN DE SEMANA LARGO: ven a V\u00e9gueta a celebrar el \u201cVICHAMA RAYMI 2024\u201d\" \/>\n<meta property=\"og:description\" content=\"La doctora Ruth Shady Sol\u00eds y el equipo multidisciplinario de la Zona Arqueol\u00f3gica Caral (ZAC), Unidad Ejecutora 003 del Ministerio de Cultura, invitan a la poblaci\u00f3n en general a participar en el \u00abVichama Raymi 2024\u00bb, a celebrarse en el distrito de V\u00e9gueta, provincia de Huaura, Lima, este viernes 30 y s\u00e1bado 31 de agosto, dos d\u00edas llenos de cultura y tradici\u00f3n.\" \/>\n<meta property=\"og:url\" content=\"https:\/\/zonacaral.gob.pe\/en\/noticias\/fin-de-semana-largo-ven-a-vegueta-a-celebrar-el-vichama-raymi-2024\/\" \/>\n<meta property=\"og:site_name\" content=\"Zona Caral\" \/>\n<meta property=\"article:published_time\" content=\"2024-08-28T21:50:04+00:00\" \/>\n<meta property=\"og:image\" content=\"https:\/\/zonacaral.gob.pe\/wp-content\/uploads\/2024\/08\/ani-vichama-6.jpg\" \/>\n\t<meta property=\"og:image:width\" content=\"700\" \/>\n\t<meta property=\"og:image:height\" content=\"395\" \/>\n\t<meta property=\"og:image:type\" content=\"image\/jpeg\" \/>\n<meta name=\"author\" content=\"Zona Caral Administrador\" \/>\n<meta name=\"twitter:card\" content=\"summary_large_image\" \/>\n<meta name=\"twitter:label1\" content=\"Written by\" \/>\n\t<meta name=\"twitter:data1\" content=\"Zona Caral Administrador\" \/>\n\t<meta name=\"twitter:label2\" content=\"Est. reading time\" \/>\n\t<meta name=\"twitter:data2\" content=\"4 minutes\" \/>\n<script type=\"application\/ld+json\" class=\"yoast-schema-graph\">{\"@context\":\"https:\\\/\\\/schema.org\",\"@graph\":[{\"@type\":\"Article\",\"@id\":\"https:\\\/\\\/zonacaral.gob.pe\\\/es\\\/noticias\\\/fin-de-semana-largo-ven-a-vegueta-a-celebrar-el-vichama-raymi-2024\\\/#article\",\"isPartOf\":{\"@id\":\"https:\\\/\\\/zonacaral.gob.pe\\\/es\\\/noticias\\\/fin-de-semana-largo-ven-a-vegueta-a-celebrar-el-vichama-raymi-2024\\\/\"},\"author\":{\"name\":\"Zona Caral Administrador\",\"@id\":\"https:\\\/\\\/zonacaral.gob.pe\\\/es\\\/#\\\/schema\\\/person\\\/beddb4d22f71a7230c5b90913270a0ee\"},\"headline\":\"FIN DE SEMANA LARGO: ven a V\u00e9gueta a celebrar el \u201cVICHAMA RAYMI 2024\u201d\",\"datePublished\":\"2024-08-28T21:50:04+00:00\",\"mainEntityOfPage\":{\"@id\":\"https:\\\/\\\/zonacaral.gob.pe\\\/es\\\/noticias\\\/fin-de-semana-largo-ven-a-vegueta-a-celebrar-el-vichama-raymi-2024\\\/\"},\"wordCount\":855,\"image\":{\"@id\":\"https:\\\/\\\/zonacaral.gob.pe\\\/es\\\/noticias\\\/fin-de-semana-largo-ven-a-vegueta-a-celebrar-el-vichama-raymi-2024\\\/#primaryimage\"},\"thumbnailUrl\":\"https:\\\/\\\/zonacaral.gob.pe\\\/wp-content\\\/uploads\\\/2024\\\/08\\\/ani-vichama-6.jpg\",\"keywords\":[\"caral\",\"Cultura\"],\"articleSection\":[\"noticias\"],\"inLanguage\":\"en-US\"},{\"@type\":\"WebPage\",\"@id\":\"https:\\\/\\\/zonacaral.gob.pe\\\/es\\\/noticias\\\/fin-de-semana-largo-ven-a-vegueta-a-celebrar-el-vichama-raymi-2024\\\/\",\"url\":\"https:\\\/\\\/zonacaral.gob.pe\\\/es\\\/noticias\\\/fin-de-semana-largo-ven-a-vegueta-a-celebrar-el-vichama-raymi-2024\\\/\",\"name\":\"FIN DE SEMANA LARGO: ven a V\u00e9gueta a celebrar el \u201cVICHAMA RAYMI 2024\u201d\",\"isPartOf\":{\"@id\":\"https:\\\/\\\/zonacaral.gob.pe\\\/es\\\/#website\"},\"primaryImageOfPage\":{\"@id\":\"https:\\\/\\\/zonacaral.gob.pe\\\/es\\\/noticias\\\/fin-de-semana-largo-ven-a-vegueta-a-celebrar-el-vichama-raymi-2024\\\/#primaryimage\"},\"image\":{\"@id\":\"https:\\\/\\\/zonacaral.gob.pe\\\/es\\\/noticias\\\/fin-de-semana-largo-ven-a-vegueta-a-celebrar-el-vichama-raymi-2024\\\/#primaryimage\"},\"thumbnailUrl\":\"https:\\\/\\\/zonacaral.gob.pe\\\/wp-content\\\/uploads\\\/2024\\\/08\\\/ani-vichama-6.jpg\",\"datePublished\":\"2024-08-28T21:50:04+00:00\",\"author\":{\"@id\":\"https:\\\/\\\/zonacaral.gob.pe\\\/es\\\/#\\\/schema\\\/person\\\/beddb4d22f71a7230c5b90913270a0ee\"},\"description\":\"La doctora Ruth Shady Sol\u00eds y el equipo multidisciplinario de la Zona Arqueol\u00f3gica Caral (ZAC), Unidad Ejecutora 003 del Ministerio de Cultura, invitan a la poblaci\u00f3n en general a participar en el \u00abVichama Raymi 2024\u00bb, a celebrarse en el distrito de V\u00e9gueta, provincia de Huaura, Lima, este viernes 30 y s\u00e1bado 31 de agosto, dos d\u00edas llenos de cultura y tradici\u00f3n.\",\"breadcrumb\":{\"@id\":\"https:\\\/\\\/zonacaral.gob.pe\\\/es\\\/noticias\\\/fin-de-semana-largo-ven-a-vegueta-a-celebrar-el-vichama-raymi-2024\\\/#breadcrumb\"},\"inLanguage\":\"en-US\",\"potentialAction\":[{\"@type\":\"ReadAction\",\"target\":[\"https:\\\/\\\/zonacaral.gob.pe\\\/es\\\/noticias\\\/fin-de-semana-largo-ven-a-vegueta-a-celebrar-el-vichama-raymi-2024\\\/\"]}]},{\"@type\":\"ImageObject\",\"inLanguage\":\"en-US\",\"@id\":\"https:\\\/\\\/zonacaral.gob.pe\\\/es\\\/noticias\\\/fin-de-semana-largo-ven-a-vegueta-a-celebrar-el-vichama-raymi-2024\\\/#primaryimage\",\"url\":\"https:\\\/\\\/zonacaral.gob.pe\\\/wp-content\\\/uploads\\\/2024\\\/08\\\/ani-vichama-6.jpg\",\"contentUrl\":\"https:\\\/\\\/zonacaral.gob.pe\\\/wp-content\\\/uploads\\\/2024\\\/08\\\/ani-vichama-6.jpg\",\"width\":700,\"height\":395},{\"@type\":\"BreadcrumbList\",\"@id\":\"https:\\\/\\\/zonacaral.gob.pe\\\/es\\\/noticias\\\/fin-de-semana-largo-ven-a-vegueta-a-celebrar-el-vichama-raymi-2024\\\/#breadcrumb\",\"itemListElement\":[{\"@type\":\"ListItem\",\"position\":1,\"name\":\"Portada\",\"item\":\"https:\\\/\\\/zonacaral.gob.pe\\\/\"},{\"@type\":\"ListItem\",\"position\":2,\"name\":\"FIN DE SEMANA LARGO: ven a V\u00e9gueta a celebrar el \u201cVICHAMA RAYMI 2024\u201d\"}]},{\"@type\":\"WebSite\",\"@id\":\"https:\\\/\\\/zonacaral.gob.pe\\\/es\\\/#website\",\"url\":\"https:\\\/\\\/zonacaral.gob.pe\\\/es\\\/\",\"name\":\"Zona Caral\",\"description\":\"Investigamos, conservamos y difundimos el patrimonio cultural de la Civilizaci\u00f3n Caral, la m\u00e1s antigua de Am\u00e9rica.\",\"potentialAction\":[{\"@type\":\"SearchAction\",\"target\":{\"@type\":\"EntryPoint\",\"urlTemplate\":\"https:\\\/\\\/zonacaral.gob.pe\\\/es\\\/?s={search_term_string}\"},\"query-input\":{\"@type\":\"PropertyValueSpecification\",\"valueRequired\":true,\"valueName\":\"search_term_string\"}}],\"inLanguage\":\"en-US\"},{\"@type\":\"Person\",\"@id\":\"https:\\\/\\\/zonacaral.gob.pe\\\/es\\\/#\\\/schema\\\/person\\\/beddb4d22f71a7230c5b90913270a0ee\",\"name\":\"Zona Caral Administrador\",\"image\":{\"@type\":\"ImageObject\",\"inLanguage\":\"en-US\",\"@id\":\"https:\\\/\\\/secure.gravatar.com\\\/avatar\\\/e4be162918a696358376de6446614e0f0f4062bdc5d170d6d540ada3d8b58c12?s=96&d=mm&r=g\",\"url\":\"https:\\\/\\\/secure.gravatar.com\\\/avatar\\\/e4be162918a696358376de6446614e0f0f4062bdc5d170d6d540ada3d8b58c12?s=96&d=mm&r=g\",\"contentUrl\":\"https:\\\/\\\/secure.gravatar.com\\\/avatar\\\/e4be162918a696358376de6446614e0f0f4062bdc5d170d6d540ada3d8b58c12?s=96&d=mm&r=g\",\"caption\":\"Zona Caral Administrador\"},\"sameAs\":[\"https:\\\/\\\/zonacaral.gob.pe\"],\"url\":\"https:\\\/\\\/zonacaral.gob.pe\\\/en\\\/noticias\\\/author\\\/ad_zonacaral\\\/\"}]}<\/script>\n<!-- \/ Yoast SEO plugin. -->","yoast_head_json":{"title":"FIN DE SEMANA LARGO: ven a V\u00e9gueta a celebrar el \u201cVICHAMA RAYMI 2024\u201d","description":"La doctora Ruth Shady Sol\u00eds y el equipo multidisciplinario de la Zona Arqueol\u00f3gica Caral (ZAC), Unidad Ejecutora 003 del Ministerio de Cultura, invitan a la poblaci\u00f3n en general a participar en el \u00abVichama Raymi 2024\u00bb, a celebrarse en el distrito de V\u00e9gueta, provincia de Huaura, Lima, este viernes 30 y s\u00e1bado 31 de agosto, dos d\u00edas llenos de cultura y tradici\u00f3n.","robots":{"index":"index","follow":"follow","max-snippet":"max-snippet:-1","max-image-preview":"max-image-preview:large","max-video-preview":"max-video-preview:-1"},"canonical":"https:\/\/zonacaral.gob.pe\/en\/noticias\/fin-de-semana-largo-ven-a-vegueta-a-celebrar-el-vichama-raymi-2024\/","og_locale":"en_US","og_type":"article","og_title":"FIN DE SEMANA LARGO: ven a V\u00e9gueta a celebrar el \u201cVICHAMA RAYMI 2024\u201d","og_description":"La doctora Ruth Shady Sol\u00eds y el equipo multidisciplinario de la Zona Arqueol\u00f3gica Caral (ZAC), Unidad Ejecutora 003 del Ministerio de Cultura, invitan a la poblaci\u00f3n en general a participar en el \u00abVichama Raymi 2024\u00bb, a celebrarse en el distrito de V\u00e9gueta, provincia de Huaura, Lima, este viernes 30 y s\u00e1bado 31 de agosto, dos d\u00edas llenos de cultura y tradici\u00f3n.","og_url":"https:\/\/zonacaral.gob.pe\/en\/noticias\/fin-de-semana-largo-ven-a-vegueta-a-celebrar-el-vichama-raymi-2024\/","og_site_name":"Zona Caral","article_published_time":"2024-08-28T21:50:04+00:00","og_image":[{"width":700,"height":395,"url":"https:\/\/zonacaral.gob.pe\/wp-content\/uploads\/2024\/08\/ani-vichama-6.jpg","type":"image\/jpeg"}],"author":"Zona Caral Administrador","twitter_card":"summary_large_image","twitter_misc":{"Written by":"Zona Caral Administrador","Est. reading time":"4 minutes"},"schema":{"@context":"https:\/\/schema.org","@graph":[{"@type":"Article","@id":"https:\/\/zonacaral.gob.pe\/es\/noticias\/fin-de-semana-largo-ven-a-vegueta-a-celebrar-el-vichama-raymi-2024\/#article","isPartOf":{"@id":"https:\/\/zonacaral.gob.pe\/es\/noticias\/fin-de-semana-largo-ven-a-vegueta-a-celebrar-el-vichama-raymi-2024\/"},"author":{"name":"Zona Caral Administrador","@id":"https:\/\/zonacaral.gob.pe\/es\/#\/schema\/person\/beddb4d22f71a7230c5b90913270a0ee"},"headline":"FIN DE SEMANA LARGO: ven a V\u00e9gueta a celebrar el \u201cVICHAMA RAYMI 2024\u201d","datePublished":"2024-08-28T21:50:04+00:00","mainEntityOfPage":{"@id":"https:\/\/zonacaral.gob.pe\/es\/noticias\/fin-de-semana-largo-ven-a-vegueta-a-celebrar-el-vichama-raymi-2024\/"},"wordCount":855,"image":{"@id":"https:\/\/zonacaral.gob.pe\/es\/noticias\/fin-de-semana-largo-ven-a-vegueta-a-celebrar-el-vichama-raymi-2024\/#primaryimage"},"thumbnailUrl":"https:\/\/zonacaral.gob.pe\/wp-content\/uploads\/2024\/08\/ani-vichama-6.jpg","keywords":["caral","Cultura"],"articleSection":["noticias"],"inLanguage":"en-US"},{"@type":"WebPage","@id":"https:\/\/zonacaral.gob.pe\/es\/noticias\/fin-de-semana-largo-ven-a-vegueta-a-celebrar-el-vichama-raymi-2024\/","url":"https:\/\/zonacaral.gob.pe\/es\/noticias\/fin-de-semana-largo-ven-a-vegueta-a-celebrar-el-vichama-raymi-2024\/","name":"FIN DE SEMANA LARGO: ven a V\u00e9gueta a celebrar el \u201cVICHAMA RAYMI 2024\u201d","isPartOf":{"@id":"https:\/\/zonacaral.gob.pe\/es\/#website"},"primaryImageOfPage":{"@id":"https:\/\/zonacaral.gob.pe\/es\/noticias\/fin-de-semana-largo-ven-a-vegueta-a-celebrar-el-vichama-raymi-2024\/#primaryimage"},"image":{"@id":"https:\/\/zonacaral.gob.pe\/es\/noticias\/fin-de-semana-largo-ven-a-vegueta-a-celebrar-el-vichama-raymi-2024\/#primaryimage"},"thumbnailUrl":"https:\/\/zonacaral.gob.pe\/wp-content\/uploads\/2024\/08\/ani-vichama-6.jpg","datePublished":"2024-08-28T21:50:04+00:00","author":{"@id":"https:\/\/zonacaral.gob.pe\/es\/#\/schema\/person\/beddb4d22f71a7230c5b90913270a0ee"},"description":"La doctora Ruth Shady Sol\u00eds y el equipo multidisciplinario de la Zona Arqueol\u00f3gica Caral (ZAC), Unidad Ejecutora 003 del Ministerio de Cultura, invitan a la poblaci\u00f3n en general a participar en el \u00abVichama Raymi 2024\u00bb, a celebrarse en el distrito de V\u00e9gueta, provincia de Huaura, Lima, este viernes 30 y s\u00e1bado 31 de agosto, dos d\u00edas llenos de cultura y tradici\u00f3n.","breadcrumb":{"@id":"https:\/\/zonacaral.gob.pe\/es\/noticias\/fin-de-semana-largo-ven-a-vegueta-a-celebrar-el-vichama-raymi-2024\/#breadcrumb"},"inLanguage":"en-US","potentialAction":[{"@type":"ReadAction","target":["https:\/\/zonacaral.gob.pe\/es\/noticias\/fin-de-semana-largo-ven-a-vegueta-a-celebrar-el-vichama-raymi-2024\/"]}]},{"@type":"ImageObject","inLanguage":"en-US","@id":"https:\/\/zonacaral.gob.pe\/es\/noticias\/fin-de-semana-largo-ven-a-vegueta-a-celebrar-el-vichama-raymi-2024\/#primaryimage","url":"https:\/\/zonacaral.gob.pe\/wp-content\/uploads\/2024\/08\/ani-vichama-6.jpg","contentUrl":"https:\/\/zonacaral.gob.pe\/wp-content\/uploads\/2024\/08\/ani-vichama-6.jpg","width":700,"height":395},{"@type":"BreadcrumbList","@id":"https:\/\/zonacaral.gob.pe\/es\/noticias\/fin-de-semana-largo-ven-a-vegueta-a-celebrar-el-vichama-raymi-2024\/#breadcrumb","itemListElement":[{"@type":"ListItem","position":1,"name":"Portada","item":"https:\/\/zonacaral.gob.pe\/"},{"@type":"ListItem","position":2,"name":"FIN DE SEMANA LARGO: ven a V\u00e9gueta a celebrar el \u201cVICHAMA RAYMI 2024\u201d"}]},{"@type":"WebSite","@id":"https:\/\/zonacaral.gob.pe\/es\/#website","url":"https:\/\/zonacaral.gob.pe\/es\/","name":"Zona Caral","description":"Investigamos, conservamos y difundimos el patrimonio cultural de la Civilizaci\u00f3n Caral, la m\u00e1s antigua de Am\u00e9rica.","potentialAction":[{"@type":"SearchAction","target":{"@type":"EntryPoint","urlTemplate":"https:\/\/zonacaral.gob.pe\/es\/?s={search_term_string}"},"query-input":{"@type":"PropertyValueSpecification","valueRequired":true,"valueName":"search_term_string"}}],"inLanguage":"en-US"},{"@type":"Person","@id":"https:\/\/zonacaral.gob.pe\/es\/#\/schema\/person\/beddb4d22f71a7230c5b90913270a0ee","name":"Zona Caral Administrador","image":{"@type":"ImageObject","inLanguage":"en-US","@id":"https:\/\/secure.gravatar.com\/avatar\/e4be162918a696358376de6446614e0f0f4062bdc5d170d6d540ada3d8b58c12?s=96&d=mm&r=g","url":"https:\/\/secure.gravatar.com\/avatar\/e4be162918a696358376de6446614e0f0f4062bdc5d170d6d540ada3d8b58c12?s=96&d=mm&r=g","contentUrl":"https:\/\/secure.gravatar.com\/avatar\/e4be162918a696358376de6446614e0f0f4062bdc5d170d6d540ada3d8b58c12?s=96&d=mm&r=g","caption":"Zona Caral Administrador"},"sameAs":["https:\/\/zonacaral.gob.pe"],"url":"https:\/\/zonacaral.gob.pe\/en\/noticias\/author\/ad_zonacaral\/"}]}},"_links":{"self":[{"href":"https:\/\/zonacaral.gob.pe\/en\/wp-json\/wp\/v2\/posts\/17864","targetHints":{"allow":["GET"]}}],"collection":[{"href":"https:\/\/zonacaral.gob.pe\/en\/wp-json\/wp\/v2\/posts"}],"about":[{"href":"https:\/\/zonacaral.gob.pe\/en\/wp-json\/wp\/v2\/types\/post"}],"author":[{"embeddable":true,"href":"https:\/\/zonacaral.gob.pe\/en\/wp-json\/wp\/v2\/users\/1"}],"replies":[{"embeddable":true,"href":"https:\/\/zonacaral.gob.pe\/en\/wp-json\/wp\/v2\/comments?post=17864"}],"version-history":[{"count":0,"href":"https:\/\/zonacaral.gob.pe\/en\/wp-json\/wp\/v2\/posts\/17864\/revisions"}],"wp:featuredmedia":[{"embeddable":true,"href":"https:\/\/zonacaral.gob.pe\/en\/wp-json\/wp\/v2\/media\/17873"}],"wp:attachment":[{"href":"https:\/\/zonacaral.gob.pe\/en\/wp-json\/wp\/v2\/media?parent=17864"}],"wp:term":[{"taxonomy":"category","embeddable":true,"href":"https:\/\/zonacaral.gob.pe\/en\/wp-json\/wp\/v2\/categories?post=17864"},{"taxonomy":"post_tag","embeddable":true,"href":"https:\/\/zonacaral.gob.pe\/en\/wp-json\/wp\/v2\/tags?post=17864"}],"curies":[{"name":"wp","href":"https:\/\/api.w.org\/{rel}","templated":true}]}}