{"id":17896,"date":"2024-10-04T17:11:42","date_gmt":"2024-10-04T22:11:42","guid":{"rendered":"https:\/\/www.zonacaral.gob.pe\/?p=17896"},"modified":"2024-10-04T17:11:42","modified_gmt":"2024-10-04T22:11:42","slug":"agenda-caral-octubre-estas-son-las-actividades-para-celebrar-el-esperado-caral-raymi-2024","status":"publish","type":"post","link":"https:\/\/zonacaral.gob.pe\/en\/noticias\/agenda-caral-octubre-estas-son-las-actividades-para-celebrar-el-esperado-caral-raymi-2024\/","title":{"rendered":"Agenda Caral \u2013 Octubre: estas son las actividades para celebrar el esperado \u00abCARAL RAYMI 2024\u00bb"},"content":{"rendered":"<figure class=\"pic-autor\" style=\"color: #4d4d4d; text-align: justify;\"><\/figure>\n<div class=\"gmail_default\" style=\"text-align: justify;\">\n<blockquote>\n<p><i><span style=\"font-weight: 400;\">\u201cCaral\u00edzate\u201d en el mes morado.<\/span><\/i><\/p>\n<\/blockquote>\n<p><span style=\"font-weight: 400;\">En octubre la <\/span><a href=\"https:\/\/www.instagram.com\/caralperu\/?hl=es\"><span style=\"font-weight: 400;\">Zona Arqueol\u00f3gica Caral<\/span><\/a><span style=\"font-weight: 400;\">, Unidad Ejecutora 003 del Ministerio de Cultura, se prepara para celebrar el \u00ab<\/span><a href=\"https:\/\/www.gob.pe\/institucion\/caral\/campa%C3%B1as\/78214-caral-raymi-2024\"><span style=\"font-weight: 400;\">Caral Raymi 2024<\/span><\/a><span style=\"font-weight: 400;\">\u00bb, fiesta tradicional andina que se realizar\u00e1 para conmemorar el 30 aniversario del inicio de las investigaciones sobre la Civilizaci\u00f3n Caral y la puesta en valor de la Ciudad Sagrada de Caral-Supe, Patrimonio Mundial.<\/span><\/p>\n<p><span style=\"font-weight: 400;\">Por este motivo, aqu\u00ed te compartimos las actividades para que te reencuentres con tu patrimonio cultural milenario y te \u201ccaralices\u201d en este mes:<\/span><\/p>\n<p><b>Exposici\u00f3n en Ministerio de Cultura<\/b><\/p>\n<p><span style=\"font-weight: 400;\">Las actividades inician con la exposici\u00f3n titulada \u00abCivilizaci\u00f3n Caral. 5000 a\u00f1os de producci\u00f3n de conocimientos en ciencia y tecnolog\u00eda; y de relaci\u00f3n intercultural para generar integraci\u00f3n en la diversidad\u00bb, que se muestra en el hall Paracas del Ministerio de Cultura, distrito de San Borja.<\/span><\/p>\n<p><span style=\"font-weight: 400;\">Disfruta de nuestra realidad virtual, pantalla interactiva, de la recreaci\u00f3n del \u201caltar del fuego sagrado de Caral\u201d y mucho m\u00e1s. La atenci\u00f3n es del 24 de septiembre al 31 de octubre, de martes a domingo, de 9:00 a. m. a 5:00 p. m.<\/span><\/p>\n<p><b>Ingreso gratuito a sitios arqueol\u00f3gicos<\/b><span style=\"font-weight: 400;\">\u00a0<\/span><\/p>\n<p><span style=\"font-weight: 400;\">El domingo 6, todos los peruanos y extranjeros residentes en Per\u00fa, podr\u00e1n ingresar de manera gratuita a los centros urbanos Ciudad Sagrada de Caral, Patrimonio Mundial, \u00c1spero y Vichama.\u00a0 <\/span><span style=\"font-weight: 400;\">El \u00fanico pago a realizar ese d\u00eda es de 20 soles, por grupos de 10 personas (dos soles por cada uno), el cual se entregan a los int\u00e9rpretes del patrimonio cultural, quienes se encargan de acompa\u00f1ar a los visitantes transmitiendo la historia social y cultural recuperada en 30 a\u00f1os de investigaciones sobre la Civilizaci\u00f3n Caral.<\/span><span style=\"font-weight: 400;\"> El horario de atenci\u00f3n en los sitios es de 9:00 a. m. a 5:00 p. m.\u00a0<\/span><\/p>\n<p><b>Taller gratuito<\/b><\/p>\n<p><span style=\"font-weight: 400;\">Asimismo, el viernes 18, en el Ministerio de Cultura, realizaremos un nuevo taller del programa \u201cCaral Para Todos\u201d, en dos horarios: a las 3:00 p. m. y 5:00 p. m. En esta actividad gratuita y familiar aprenderemos a elaborar una escultura de Caral, en arcilla no cocida. Inf\u00f3rmate m\u00e1s en el WhatsApp: <\/span><a href=\"https:\/\/bit.ly\/955881340\"><span style=\"font-weight: 400;\">955 881 340<\/span><\/a><span style=\"font-weight: 400;\">.<\/span><\/p>\n<p><b>Cultural Trips<\/b><\/p>\n<p><span style=\"font-weight: 400;\">En este mes, el programa de Viajes Culturales, te lleva a recorrer la Ruta Caral. Con el fin de transmitir nuestra herencia cultural y contribuir al desarrollo socioecon\u00f3mico de la poblaci\u00f3n aleda\u00f1a a los sitios arqueol\u00f3gicos, se ha propuesto:<\/span><\/p>\n<p><b>Martes, 8 de octubre:<\/b><span style=\"font-weight: 400;\"> Viaje de todo un d\u00eda para conocer los centros urbanos Ciudad Sagrada de Caral-Supe y Vichama. Asentamientos donde conocer\u00e1s el desarrollo de la primera civilizaci\u00f3n de Am\u00e9rica, as\u00ed como las causas de su colapso y posterior reorganizaci\u00f3n.<\/span><\/p>\n<p><b>Viernes 25 y s\u00e1bado 26 &#8211; \u00abCara Raymi 2024\u00bb:<\/b><span style=\"font-weight: 400;\"> viaja con nosotros a vivir la experiencia \u00fanica de la fiesta andina y celebrar juntos un a\u00f1o m\u00e1s de nuestro Patrimonio Mundial. En este viaje de dos d\u00edas y una noche (campamento), conocer\u00e1s a fondo este sitio arqueol\u00f3gico, de cinco mil a\u00f1os de antig\u00fcedad. Tendr\u00e1s todo el tiempo para apreciar los edificios piramidales de la Ciudad Sagrada de Caral-Supe, conocer a detalle sus espacios, podr\u00e1s ver el atardecer y amanecer en este centro urbano ubicado en el valle de Supe, conect\u00e1ndonos con nuestro pasado milenario.<\/span><\/p>\n<p><span style=\"font-weight: 400;\">M\u00e1s informes de los viajes: <\/span><a href=\"https:\/\/bit.ly\/955881340\"><span style=\"font-weight: 400;\">955 881 340<\/span><\/a><span style=\"font-weight: 400;\">.<\/span><\/p>\n<p><b>Guiados virtuales<\/b><\/p>\n<p><span style=\"font-weight: 400;\">Tambi\u00e9n continuamos con nuestras mediaciones por el Museo Caral virtual, las cuales se realizan previa coordinaci\u00f3n con grupos educativos, colegios o universidades, de cualquier ciudad del pa\u00eds o del extranjero. Si eres docente o est\u00e1s a cargo de alg\u00fan grupo en tu comunidad, registrate en el link: <\/span><a href=\"https:\/\/docs.google.com\/forms\/d\/e\/1FAIpQLSdzTEnJtA6NKIQjRS6ljEKrtbAxv7zR2rgl1ScJJwjku6aoBw\/viewform?fbclid=IwAR1bbuenYXq8_AF7_BJ6m_pbso_KNoUOFExMw2mW6hHAAvcbPNLkjN-quUs\"><span style=\"font-weight: 400;\">Visitas_Mediadas2024<\/span><\/a><span style=\"font-weight: 400;\">, para planear tu visita por este espacio digital. Para consultas, escr\u00edbenos al correo: krayme@zonacaral.gob.pe.<\/span><\/p>\n<p><b>\u00abCara Raymi 2024\u00bb<\/b><\/p>\n<p><span style=\"font-weight: 400;\">Este <\/span><b>viernes 25 y s\u00e1bado 26 de octubre,<\/b><span style=\"font-weight: 400;\"> la Zona Arqueol\u00f3gica Caral, celebrar\u00e1, con diversas actividades, el 30 aniversario del inicio de las investigaciones sobre la Civilizaci\u00f3n Caral y la puesta en valor de la Ciudad Sagrada de Caral-Supe, Patrimonio Mundial.<\/span><\/p>\n<p><span style=\"font-weight: 400;\">Las actividades, a desarrollarse en el mismo sitio arqueol\u00f3gico, iniciar\u00e1n el viernes a las 5:30 p. m. y terminar\u00e1n a las 9:00 p. m. Y el s\u00e1bado empiezan a las 10:00 a. m. y finalizan a las 3:00 p. m. El ingreso al sitio y participaci\u00f3n es gratuito, en ambos d\u00edas. Conoce m\u00e1s en:<\/span><a href=\"https:\/\/www.gob.pe\/institucion\/caral\/campa%C3%B1as\/78214-caral-raymi-2024\"> <span style=\"font-weight: 400;\">ProgramaCaralRaymi<\/span><\/a><\/p>\n<p><span style=\"font-weight: 400;\">D\u00edas previos a la esta fecha principal se realizar\u00e1n otras actividades:<\/span><\/p>\n<p><i><span style=\"font-weight: 400;\">Viernes, 11 de octubre:<\/span><\/i><span style=\"font-weight: 400;\"> Marat\u00f3n 5k \u201cRecorriendo los caminos de la civilizaci\u00f3n Caral\u201d. Centro poblado de Caral &#8211; Sitio arqueol\u00f3gico Ciudad Sagrada de Caral-Supe (9:00 a. m.). Participan estudiantes de 4\u00b0 y 5\u00b0 grado de secundaria de las instituciones educativas del valle de Supe y sus familias.\u00a0 Desde el centro poblado de Caral hasta la Ciudad Sagrada de Caral-Supe.<\/span><\/p>\n<p><i><span style=\"font-weight: 400;\">Martes, 15 de octubre:<\/span><\/i><span style=\"font-weight: 400;\"> VI Concurso de dibujo y pintura: \u201cPintando Caral\u201d. Centro de Recepci\u00f3n de Visitantes de la Ciudad Sagrada de Caral-Supe, 10:00 a. m. Concurso organizado en coordinaci\u00f3n con la Unidad de Gesti\u00f3n Educativa Local N\u00b0 16 \u2013 Barranca (UGEL 16), dirigido a los estudiantes de las instituciones educativas del valle de Supe.<\/span><\/p>\n<p><i><span style=\"font-weight: 400;\">Jueves, 17 de octubre:<\/span><\/i><span style=\"font-weight: 400;\"> VII Concurso de modelado de arcilla: \u201cAplicando el arte de la sociedad Caral\u201d. Centro de Visitantes de la Ciudad Sagrada de Caral-Supe, desde las 10:00 a. m. Concurso organizado en coordinaci\u00f3n con los colegios ubicados en los centros poblados del valle de Supe.<\/span><\/p>\n<p><strong style=\"font-size: inherit; text-align: justify;\"><br \/>Fuente: Comunicaci\u00f3n e Imagen Institucional ZAC<\/strong><\/p>\n<\/div>\n<div style=\"color: #1f1f1f;\">\n<div style=\"color: #1f1f1f;\">\n<p style=\"text-align: justify;\">Fecha de publicaci\u00f3n: 04\/10\/2024<\/p>\n<\/div>\n<\/div>\n\n\n<p><\/p>","protected":false},"excerpt":{"rendered":"<p>\u201cCaral\u00edzate\u201d en el mes morado. En octubre la Zona Arqueol\u00f3gica Caral, Unidad Ejecutora 003 del Ministerio de Cultura, se prepara [&hellip;]<\/p>\n","protected":false},"author":1,"featured_media":17897,"comment_status":"closed","ping_status":"open","sticky":false,"template":"","format":"standard","meta":{"_acf_changed":false,"site-sidebar-layout":"default","site-content-layout":"","ast-site-content-layout":"default","site-content-style":"default","site-sidebar-style":"default","ast-global-header-display":"","ast-banner-title-visibility":"","ast-main-header-display":"","ast-hfb-above-header-display":"","ast-hfb-below-header-display":"","ast-hfb-mobile-header-display":"","site-post-title":"","ast-breadcrumbs-content":"","ast-featured-img":"","footer-sml-layout":"","ast-disable-related-posts":"","theme-transparent-header-meta":"","adv-header-id-meta":"","stick-header-meta":"","header-above-stick-meta":"","header-main-stick-meta":"","header-below-stick-meta":"","astra-migrate-meta-layouts":"default","ast-page-background-enabled":"default","ast-page-background-meta":{"desktop":{"background-color":"var(--ast-global-color-5)","background-image":"","background-repeat":"repeat","background-position":"center center","background-size":"auto","background-attachment":"scroll","background-type":"","background-media":"","overlay-type":"","overlay-color":"","overlay-opacity":"","overlay-gradient":""},"tablet":{"background-color":"","background-image":"","background-repeat":"repeat","background-position":"center center","background-size":"auto","background-attachment":"scroll","background-type":"","background-media":"","overlay-type":"","overlay-color":"","overlay-opacity":"","overlay-gradient":""},"mobile":{"background-color":"","background-image":"","background-repeat":"repeat","background-position":"center center","background-size":"auto","background-attachment":"scroll","background-type":"","background-media":"","overlay-type":"","overlay-color":"","overlay-opacity":"","overlay-gradient":""}},"ast-content-background-meta":{"desktop":{"background-color":"var(--ast-global-color-4)","background-image":"","background-repeat":"repeat","background-position":"center center","background-size":"auto","background-attachment":"scroll","background-type":"","background-media":"","overlay-type":"","overlay-color":"","overlay-opacity":"","overlay-gradient":""},"tablet":{"background-color":"var(--ast-global-color-4)","background-image":"","background-repeat":"repeat","background-position":"center center","background-size":"auto","background-attachment":"scroll","background-type":"","background-media":"","overlay-type":"","overlay-color":"","overlay-opacity":"","overlay-gradient":""},"mobile":{"background-color":"var(--ast-global-color-4)","background-image":"","background-repeat":"repeat","background-position":"center center","background-size":"auto","background-attachment":"scroll","background-type":"","background-media":"","overlay-type":"","overlay-color":"","overlay-opacity":"","overlay-gradient":""}},"footnotes":""},"categories":[208],"tags":[55,72],"class_list":["post-17896","post","type-post","status-publish","format-standard","has-post-thumbnail","hentry","category-noticias","tag-caral","tag-cultura"],"acf":[],"yoast_head":"<!-- This site is optimized with the Yoast SEO plugin v27.3 - https:\/\/yoast.com\/product\/yoast-seo-wordpress\/ -->\n<title>Agenda Caral \u2013 Octubre: estas son las actividades para celebrar el esperado \u00abCARAL RAYMI 2024\u00bb<\/title>\n<meta name=\"description\" content=\"En octubre la Zona Arqueol\u00f3gica Caral, Unidad Ejecutora 003 del Ministerio de Cultura, se prepara para celebrar el \u00abCaral Raymi 2024\u00bb, fiesta tradicional andina que se realizar\u00e1 para conmemorar el 30 aniversario del inicio de las investigaciones sobre la Civilizaci\u00f3n Caral y la puesta en valor de la Ciudad Sagrada de Caral-Supe, Patrimonio Mundial.\" \/>\n<meta name=\"robots\" content=\"index, follow, max-snippet:-1, max-image-preview:large, max-video-preview:-1\" \/>\n<link rel=\"canonical\" href=\"https:\/\/zonacaral.gob.pe\/en\/noticias\/agenda-caral-octubre-estas-son-las-actividades-para-celebrar-el-esperado-caral-raymi-2024\/\" \/>\n<meta property=\"og:locale\" content=\"en_US\" \/>\n<meta property=\"og:type\" content=\"article\" \/>\n<meta property=\"og:title\" content=\"Agenda Caral \u2013 Octubre: estas son las actividades para celebrar el esperado \u00abCARAL RAYMI 2024\u00bb\" \/>\n<meta property=\"og:description\" content=\"En octubre la Zona Arqueol\u00f3gica Caral, Unidad Ejecutora 003 del Ministerio de Cultura, se prepara para celebrar el \u00abCaral Raymi 2024\u00bb, fiesta tradicional andina que se realizar\u00e1 para conmemorar el 30 aniversario del inicio de las investigaciones sobre la Civilizaci\u00f3n Caral y la puesta en valor de la Ciudad Sagrada de Caral-Supe, Patrimonio Mundial.\" \/>\n<meta property=\"og:url\" content=\"https:\/\/zonacaral.gob.pe\/en\/noticias\/agenda-caral-octubre-estas-son-las-actividades-para-celebrar-el-esperado-caral-raymi-2024\/\" \/>\n<meta property=\"og:site_name\" content=\"Zona Caral\" \/>\n<meta property=\"article:published_time\" content=\"2024-10-04T22:11:42+00:00\" \/>\n<meta property=\"og:image\" content=\"https:\/\/zonacaral.gob.pe\/wp-content\/uploads\/2024\/10\/f1.jpg\" \/>\n\t<meta property=\"og:image:width\" content=\"1920\" \/>\n\t<meta property=\"og:image:height\" content=\"1080\" \/>\n\t<meta property=\"og:image:type\" content=\"image\/jpeg\" \/>\n<meta name=\"author\" content=\"Zona Caral Administrador\" \/>\n<meta name=\"twitter:card\" content=\"summary_large_image\" \/>\n<meta name=\"twitter:label1\" content=\"Written by\" \/>\n\t<meta name=\"twitter:data1\" content=\"Zona Caral Administrador\" \/>\n\t<meta name=\"twitter:label2\" content=\"Est. reading time\" \/>\n\t<meta name=\"twitter:data2\" content=\"4 minutes\" \/>\n<script type=\"application\/ld+json\" class=\"yoast-schema-graph\">{\"@context\":\"https:\\\/\\\/schema.org\",\"@graph\":[{\"@type\":\"Article\",\"@id\":\"https:\\\/\\\/zonacaral.gob.pe\\\/es\\\/noticias\\\/agenda-caral-octubre-estas-son-las-actividades-para-celebrar-el-esperado-caral-raymi-2024\\\/#article\",\"isPartOf\":{\"@id\":\"https:\\\/\\\/zonacaral.gob.pe\\\/es\\\/noticias\\\/agenda-caral-octubre-estas-son-las-actividades-para-celebrar-el-esperado-caral-raymi-2024\\\/\"},\"author\":{\"name\":\"Zona Caral Administrador\",\"@id\":\"https:\\\/\\\/zonacaral.gob.pe\\\/es\\\/#\\\/schema\\\/person\\\/beddb4d22f71a7230c5b90913270a0ee\"},\"headline\":\"Agenda Caral \u2013 Octubre: estas son las actividades para celebrar el esperado \u00abCARAL RAYMI 2024\u00bb\",\"datePublished\":\"2024-10-04T22:11:42+00:00\",\"mainEntityOfPage\":{\"@id\":\"https:\\\/\\\/zonacaral.gob.pe\\\/es\\\/noticias\\\/agenda-caral-octubre-estas-son-las-actividades-para-celebrar-el-esperado-caral-raymi-2024\\\/\"},\"wordCount\":907,\"image\":{\"@id\":\"https:\\\/\\\/zonacaral.gob.pe\\\/es\\\/noticias\\\/agenda-caral-octubre-estas-son-las-actividades-para-celebrar-el-esperado-caral-raymi-2024\\\/#primaryimage\"},\"thumbnailUrl\":\"https:\\\/\\\/zonacaral.gob.pe\\\/wp-content\\\/uploads\\\/2024\\\/10\\\/f1.jpg\",\"keywords\":[\"caral\",\"Cultura\"],\"articleSection\":[\"noticias\"],\"inLanguage\":\"en-US\"},{\"@type\":\"WebPage\",\"@id\":\"https:\\\/\\\/zonacaral.gob.pe\\\/es\\\/noticias\\\/agenda-caral-octubre-estas-son-las-actividades-para-celebrar-el-esperado-caral-raymi-2024\\\/\",\"url\":\"https:\\\/\\\/zonacaral.gob.pe\\\/es\\\/noticias\\\/agenda-caral-octubre-estas-son-las-actividades-para-celebrar-el-esperado-caral-raymi-2024\\\/\",\"name\":\"Agenda Caral \u2013 Octubre: estas son las actividades para celebrar el esperado \u00abCARAL RAYMI 2024\u00bb\",\"isPartOf\":{\"@id\":\"https:\\\/\\\/zonacaral.gob.pe\\\/es\\\/#website\"},\"primaryImageOfPage\":{\"@id\":\"https:\\\/\\\/zonacaral.gob.pe\\\/es\\\/noticias\\\/agenda-caral-octubre-estas-son-las-actividades-para-celebrar-el-esperado-caral-raymi-2024\\\/#primaryimage\"},\"image\":{\"@id\":\"https:\\\/\\\/zonacaral.gob.pe\\\/es\\\/noticias\\\/agenda-caral-octubre-estas-son-las-actividades-para-celebrar-el-esperado-caral-raymi-2024\\\/#primaryimage\"},\"thumbnailUrl\":\"https:\\\/\\\/zonacaral.gob.pe\\\/wp-content\\\/uploads\\\/2024\\\/10\\\/f1.jpg\",\"datePublished\":\"2024-10-04T22:11:42+00:00\",\"author\":{\"@id\":\"https:\\\/\\\/zonacaral.gob.pe\\\/es\\\/#\\\/schema\\\/person\\\/beddb4d22f71a7230c5b90913270a0ee\"},\"description\":\"En octubre la Zona Arqueol\u00f3gica Caral, Unidad Ejecutora 003 del Ministerio de Cultura, se prepara para celebrar el \u00abCaral Raymi 2024\u00bb, fiesta tradicional andina que se realizar\u00e1 para conmemorar el 30 aniversario del inicio de las investigaciones sobre la Civilizaci\u00f3n Caral y la puesta en valor de la Ciudad Sagrada de Caral-Supe, Patrimonio Mundial.\",\"breadcrumb\":{\"@id\":\"https:\\\/\\\/zonacaral.gob.pe\\\/es\\\/noticias\\\/agenda-caral-octubre-estas-son-las-actividades-para-celebrar-el-esperado-caral-raymi-2024\\\/#breadcrumb\"},\"inLanguage\":\"en-US\",\"potentialAction\":[{\"@type\":\"ReadAction\",\"target\":[\"https:\\\/\\\/zonacaral.gob.pe\\\/es\\\/noticias\\\/agenda-caral-octubre-estas-son-las-actividades-para-celebrar-el-esperado-caral-raymi-2024\\\/\"]}]},{\"@type\":\"ImageObject\",\"inLanguage\":\"en-US\",\"@id\":\"https:\\\/\\\/zonacaral.gob.pe\\\/es\\\/noticias\\\/agenda-caral-octubre-estas-son-las-actividades-para-celebrar-el-esperado-caral-raymi-2024\\\/#primaryimage\",\"url\":\"https:\\\/\\\/zonacaral.gob.pe\\\/wp-content\\\/uploads\\\/2024\\\/10\\\/f1.jpg\",\"contentUrl\":\"https:\\\/\\\/zonacaral.gob.pe\\\/wp-content\\\/uploads\\\/2024\\\/10\\\/f1.jpg\",\"width\":1920,\"height\":1080},{\"@type\":\"BreadcrumbList\",\"@id\":\"https:\\\/\\\/zonacaral.gob.pe\\\/es\\\/noticias\\\/agenda-caral-octubre-estas-son-las-actividades-para-celebrar-el-esperado-caral-raymi-2024\\\/#breadcrumb\",\"itemListElement\":[{\"@type\":\"ListItem\",\"position\":1,\"name\":\"Portada\",\"item\":\"https:\\\/\\\/zonacaral.gob.pe\\\/\"},{\"@type\":\"ListItem\",\"position\":2,\"name\":\"Agenda Caral \u2013 Octubre: estas son las actividades para celebrar el esperado \u00abCARAL RAYMI 2024\u00bb\"}]},{\"@type\":\"WebSite\",\"@id\":\"https:\\\/\\\/zonacaral.gob.pe\\\/es\\\/#website\",\"url\":\"https:\\\/\\\/zonacaral.gob.pe\\\/es\\\/\",\"name\":\"Zona Caral\",\"description\":\"Investigamos, conservamos y difundimos el patrimonio cultural de la Civilizaci\u00f3n Caral, la m\u00e1s antigua de Am\u00e9rica.\",\"potentialAction\":[{\"@type\":\"SearchAction\",\"target\":{\"@type\":\"EntryPoint\",\"urlTemplate\":\"https:\\\/\\\/zonacaral.gob.pe\\\/es\\\/?s={search_term_string}\"},\"query-input\":{\"@type\":\"PropertyValueSpecification\",\"valueRequired\":true,\"valueName\":\"search_term_string\"}}],\"inLanguage\":\"en-US\"},{\"@type\":\"Person\",\"@id\":\"https:\\\/\\\/zonacaral.gob.pe\\\/es\\\/#\\\/schema\\\/person\\\/beddb4d22f71a7230c5b90913270a0ee\",\"name\":\"Zona Caral Administrador\",\"image\":{\"@type\":\"ImageObject\",\"inLanguage\":\"en-US\",\"@id\":\"https:\\\/\\\/secure.gravatar.com\\\/avatar\\\/e4be162918a696358376de6446614e0f0f4062bdc5d170d6d540ada3d8b58c12?s=96&d=mm&r=g\",\"url\":\"https:\\\/\\\/secure.gravatar.com\\\/avatar\\\/e4be162918a696358376de6446614e0f0f4062bdc5d170d6d540ada3d8b58c12?s=96&d=mm&r=g\",\"contentUrl\":\"https:\\\/\\\/secure.gravatar.com\\\/avatar\\\/e4be162918a696358376de6446614e0f0f4062bdc5d170d6d540ada3d8b58c12?s=96&d=mm&r=g\",\"caption\":\"Zona Caral Administrador\"},\"sameAs\":[\"https:\\\/\\\/zonacaral.gob.pe\"],\"url\":\"https:\\\/\\\/zonacaral.gob.pe\\\/en\\\/noticias\\\/author\\\/ad_zonacaral\\\/\"}]}<\/script>\n<!-- \/ Yoast SEO plugin. -->","yoast_head_json":{"title":"Agenda Caral \u2013 Octubre: estas son las actividades para celebrar el esperado \u00abCARAL RAYMI 2024\u00bb","description":"En octubre la Zona Arqueol\u00f3gica Caral, Unidad Ejecutora 003 del Ministerio de Cultura, se prepara para celebrar el \u00abCaral Raymi 2024\u00bb, fiesta tradicional andina que se realizar\u00e1 para conmemorar el 30 aniversario del inicio de las investigaciones sobre la Civilizaci\u00f3n Caral y la puesta en valor de la Ciudad Sagrada de Caral-Supe, Patrimonio Mundial.","robots":{"index":"index","follow":"follow","max-snippet":"max-snippet:-1","max-image-preview":"max-image-preview:large","max-video-preview":"max-video-preview:-1"},"canonical":"https:\/\/zonacaral.gob.pe\/en\/noticias\/agenda-caral-octubre-estas-son-las-actividades-para-celebrar-el-esperado-caral-raymi-2024\/","og_locale":"en_US","og_type":"article","og_title":"Agenda Caral \u2013 Octubre: estas son las actividades para celebrar el esperado \u00abCARAL RAYMI 2024\u00bb","og_description":"En octubre la Zona Arqueol\u00f3gica Caral, Unidad Ejecutora 003 del Ministerio de Cultura, se prepara para celebrar el \u00abCaral Raymi 2024\u00bb, fiesta tradicional andina que se realizar\u00e1 para conmemorar el 30 aniversario del inicio de las investigaciones sobre la Civilizaci\u00f3n Caral y la puesta en valor de la Ciudad Sagrada de Caral-Supe, Patrimonio Mundial.","og_url":"https:\/\/zonacaral.gob.pe\/en\/noticias\/agenda-caral-octubre-estas-son-las-actividades-para-celebrar-el-esperado-caral-raymi-2024\/","og_site_name":"Zona Caral","article_published_time":"2024-10-04T22:11:42+00:00","og_image":[{"width":1920,"height":1080,"url":"https:\/\/zonacaral.gob.pe\/wp-content\/uploads\/2024\/10\/f1.jpg","type":"image\/jpeg"}],"author":"Zona Caral Administrador","twitter_card":"summary_large_image","twitter_misc":{"Written by":"Zona Caral Administrador","Est. reading time":"4 minutes"},"schema":{"@context":"https:\/\/schema.org","@graph":[{"@type":"Article","@id":"https:\/\/zonacaral.gob.pe\/es\/noticias\/agenda-caral-octubre-estas-son-las-actividades-para-celebrar-el-esperado-caral-raymi-2024\/#article","isPartOf":{"@id":"https:\/\/zonacaral.gob.pe\/es\/noticias\/agenda-caral-octubre-estas-son-las-actividades-para-celebrar-el-esperado-caral-raymi-2024\/"},"author":{"name":"Zona Caral Administrador","@id":"https:\/\/zonacaral.gob.pe\/es\/#\/schema\/person\/beddb4d22f71a7230c5b90913270a0ee"},"headline":"Agenda Caral \u2013 Octubre: estas son las actividades para celebrar el esperado \u00abCARAL RAYMI 2024\u00bb","datePublished":"2024-10-04T22:11:42+00:00","mainEntityOfPage":{"@id":"https:\/\/zonacaral.gob.pe\/es\/noticias\/agenda-caral-octubre-estas-son-las-actividades-para-celebrar-el-esperado-caral-raymi-2024\/"},"wordCount":907,"image":{"@id":"https:\/\/zonacaral.gob.pe\/es\/noticias\/agenda-caral-octubre-estas-son-las-actividades-para-celebrar-el-esperado-caral-raymi-2024\/#primaryimage"},"thumbnailUrl":"https:\/\/zonacaral.gob.pe\/wp-content\/uploads\/2024\/10\/f1.jpg","keywords":["caral","Cultura"],"articleSection":["noticias"],"inLanguage":"en-US"},{"@type":"WebPage","@id":"https:\/\/zonacaral.gob.pe\/es\/noticias\/agenda-caral-octubre-estas-son-las-actividades-para-celebrar-el-esperado-caral-raymi-2024\/","url":"https:\/\/zonacaral.gob.pe\/es\/noticias\/agenda-caral-octubre-estas-son-las-actividades-para-celebrar-el-esperado-caral-raymi-2024\/","name":"Agenda Caral \u2013 Octubre: estas son las actividades para celebrar el esperado \u00abCARAL RAYMI 2024\u00bb","isPartOf":{"@id":"https:\/\/zonacaral.gob.pe\/es\/#website"},"primaryImageOfPage":{"@id":"https:\/\/zonacaral.gob.pe\/es\/noticias\/agenda-caral-octubre-estas-son-las-actividades-para-celebrar-el-esperado-caral-raymi-2024\/#primaryimage"},"image":{"@id":"https:\/\/zonacaral.gob.pe\/es\/noticias\/agenda-caral-octubre-estas-son-las-actividades-para-celebrar-el-esperado-caral-raymi-2024\/#primaryimage"},"thumbnailUrl":"https:\/\/zonacaral.gob.pe\/wp-content\/uploads\/2024\/10\/f1.jpg","datePublished":"2024-10-04T22:11:42+00:00","author":{"@id":"https:\/\/zonacaral.gob.pe\/es\/#\/schema\/person\/beddb4d22f71a7230c5b90913270a0ee"},"description":"En octubre la Zona Arqueol\u00f3gica Caral, Unidad Ejecutora 003 del Ministerio de Cultura, se prepara para celebrar el \u00abCaral Raymi 2024\u00bb, fiesta tradicional andina que se realizar\u00e1 para conmemorar el 30 aniversario del inicio de las investigaciones sobre la Civilizaci\u00f3n Caral y la puesta en valor de la Ciudad Sagrada de Caral-Supe, Patrimonio Mundial.","breadcrumb":{"@id":"https:\/\/zonacaral.gob.pe\/es\/noticias\/agenda-caral-octubre-estas-son-las-actividades-para-celebrar-el-esperado-caral-raymi-2024\/#breadcrumb"},"inLanguage":"en-US","potentialAction":[{"@type":"ReadAction","target":["https:\/\/zonacaral.gob.pe\/es\/noticias\/agenda-caral-octubre-estas-son-las-actividades-para-celebrar-el-esperado-caral-raymi-2024\/"]}]},{"@type":"ImageObject","inLanguage":"en-US","@id":"https:\/\/zonacaral.gob.pe\/es\/noticias\/agenda-caral-octubre-estas-son-las-actividades-para-celebrar-el-esperado-caral-raymi-2024\/#primaryimage","url":"https:\/\/zonacaral.gob.pe\/wp-content\/uploads\/2024\/10\/f1.jpg","contentUrl":"https:\/\/zonacaral.gob.pe\/wp-content\/uploads\/2024\/10\/f1.jpg","width":1920,"height":1080},{"@type":"BreadcrumbList","@id":"https:\/\/zonacaral.gob.pe\/es\/noticias\/agenda-caral-octubre-estas-son-las-actividades-para-celebrar-el-esperado-caral-raymi-2024\/#breadcrumb","itemListElement":[{"@type":"ListItem","position":1,"name":"Portada","item":"https:\/\/zonacaral.gob.pe\/"},{"@type":"ListItem","position":2,"name":"Agenda Caral \u2013 Octubre: estas son las actividades para celebrar el esperado \u00abCARAL RAYMI 2024\u00bb"}]},{"@type":"WebSite","@id":"https:\/\/zonacaral.gob.pe\/es\/#website","url":"https:\/\/zonacaral.gob.pe\/es\/","name":"Zona Caral","description":"Investigamos, conservamos y difundimos el patrimonio cultural de la Civilizaci\u00f3n Caral, la m\u00e1s antigua de Am\u00e9rica.","potentialAction":[{"@type":"SearchAction","target":{"@type":"EntryPoint","urlTemplate":"https:\/\/zonacaral.gob.pe\/es\/?s={search_term_string}"},"query-input":{"@type":"PropertyValueSpecification","valueRequired":true,"valueName":"search_term_string"}}],"inLanguage":"en-US"},{"@type":"Person","@id":"https:\/\/zonacaral.gob.pe\/es\/#\/schema\/person\/beddb4d22f71a7230c5b90913270a0ee","name":"Zona Caral Administrador","image":{"@type":"ImageObject","inLanguage":"en-US","@id":"https:\/\/secure.gravatar.com\/avatar\/e4be162918a696358376de6446614e0f0f4062bdc5d170d6d540ada3d8b58c12?s=96&d=mm&r=g","url":"https:\/\/secure.gravatar.com\/avatar\/e4be162918a696358376de6446614e0f0f4062bdc5d170d6d540ada3d8b58c12?s=96&d=mm&r=g","contentUrl":"https:\/\/secure.gravatar.com\/avatar\/e4be162918a696358376de6446614e0f0f4062bdc5d170d6d540ada3d8b58c12?s=96&d=mm&r=g","caption":"Zona Caral Administrador"},"sameAs":["https:\/\/zonacaral.gob.pe"],"url":"https:\/\/zonacaral.gob.pe\/en\/noticias\/author\/ad_zonacaral\/"}]}},"_links":{"self":[{"href":"https:\/\/zonacaral.gob.pe\/en\/wp-json\/wp\/v2\/posts\/17896","targetHints":{"allow":["GET"]}}],"collection":[{"href":"https:\/\/zonacaral.gob.pe\/en\/wp-json\/wp\/v2\/posts"}],"about":[{"href":"https:\/\/zonacaral.gob.pe\/en\/wp-json\/wp\/v2\/types\/post"}],"author":[{"embeddable":true,"href":"https:\/\/zonacaral.gob.pe\/en\/wp-json\/wp\/v2\/users\/1"}],"replies":[{"embeddable":true,"href":"https:\/\/zonacaral.gob.pe\/en\/wp-json\/wp\/v2\/comments?post=17896"}],"version-history":[{"count":0,"href":"https:\/\/zonacaral.gob.pe\/en\/wp-json\/wp\/v2\/posts\/17896\/revisions"}],"wp:featuredmedia":[{"embeddable":true,"href":"https:\/\/zonacaral.gob.pe\/en\/wp-json\/wp\/v2\/media\/17897"}],"wp:attachment":[{"href":"https:\/\/zonacaral.gob.pe\/en\/wp-json\/wp\/v2\/media?parent=17896"}],"wp:term":[{"taxonomy":"category","embeddable":true,"href":"https:\/\/zonacaral.gob.pe\/en\/wp-json\/wp\/v2\/categories?post=17896"},{"taxonomy":"post_tag","embeddable":true,"href":"https:\/\/zonacaral.gob.pe\/en\/wp-json\/wp\/v2\/tags?post=17896"}],"curies":[{"name":"wp","href":"https:\/\/api.w.org\/{rel}","templated":true}]}}