{"id":17903,"date":"2024-10-10T16:11:23","date_gmt":"2024-10-10T21:11:23","guid":{"rendered":"https:\/\/www.zonacaral.gob.pe\/?p=17903"},"modified":"2024-10-10T16:11:23","modified_gmt":"2024-10-10T21:11:23","slug":"casi-diez-mil-personas-visitaron-la-exposicion-de-caral-en-la-beneficencia-de-lima","status":"publish","type":"post","link":"https:\/\/zonacaral.gob.pe\/en\/noticias\/casi-diez-mil-personas-visitaron-la-exposicion-de-caral-en-la-beneficencia-de-lima\/","title":{"rendered":"Casi diez mil personas visitaron la exposici\u00f3n de CARAL en la Beneficencia de Lima"},"content":{"rendered":"<figure class=\"pic-autor\" style=\"color: #4d4d4d; text-align: justify;\"><\/figure>\n<div class=\"gmail_default\" style=\"text-align: justify;\">\n<blockquote>\n<p><i><span style=\"font-weight: 400;\">Gracias a todos por su visita.<\/span><\/i><\/p>\n<\/blockquote>\n<p><span style=\"font-weight: 400;\">Cerca de diez mil personas, entre ni\u00f1os, j\u00f3venes y adultos, se \u201ccaralizaron\u201d visitando la exposici\u00f3n museogr\u00e1fica \u00abCiudad Sagrada de Caral, Patrimonio Mundial, y los valores de la civilizaci\u00f3n Caral. Reflexiones para el Buen Vivir\u00bb, la cual cerr\u00f3 sus puertas el pasado 29 de septiembre.<\/span><\/p>\n<p><span style=\"font-weight: 400;\">La muestra, sobre los valores sociales y culturales de la <\/span><a href=\"https:\/\/youtu.be\/uAJpjcgLits\"><span style=\"font-weight: 400;\">civilizaci\u00f3n Caral<\/span><\/a><span style=\"font-weight: 400;\">, desarrollada por la <\/span><a href=\"https:\/\/www.instagram.com\/caralperu\/\"><span style=\"font-weight: 400;\">Zona Arqueol\u00f3gica Caral<\/span><\/a><span style=\"font-weight: 400;\">, Unidad Ejecutora 003 del Ministerio de Cultura, fue inaugurada el 11 de julio de 2024 en el Centro Cultural de la Beneficencia de Lima Metropolitana (jir\u00f3n Carabaya n\u00b0. 641), con el fin de conmemorar el 30 aniversario de inicio de las investigaciones sobre esta civilizaci\u00f3n, la m\u00e1s antigua de Am\u00e9rica.<\/span><\/p>\n<p><span style=\"font-weight: 400;\">En cuatro ambientes se present\u00f3 los temas: la \u201cCiudad Sagrada de Caral, Patrimonio Mundial\u201d, \u201cLos valores de la civilizaci\u00f3n Caral\u201d, \u201cRecursos de experiencia inmersiva de realidad virtual\u201d y la \u201cIdentificaci\u00f3n de problemas y b\u00fasqueda de soluciones a trav\u00e9s de la producci\u00f3n de conocimientos: ciencia y tecnolog\u00eda\u201d.<\/span><\/p>\n<p><span style=\"font-weight: 400;\">A este espacio cultural llegaron, diferentes asociaciones, profesores, escolares y universitarios, familias, grupos de amigos, y p\u00fablico diverso, entre ciudadanos nacionales y extranjeros; quienes disfrutaron y se divirtieron conociendo m\u00e1s sobre el desarrollo civilizatorio en nuestro continente, a trav\u00e9s de las infograf\u00edas ilustradas, las esculturas hiperrealistas, las maquetas y pantallas t\u00e1ctiles.<\/span><\/p>\n<p><span style=\"font-weight: 400;\">En especial, se sumergieron en el mundo de Caral a trav\u00e9s de nuestras gafas de realidad virtual (RV), las cuales trasladaron en el tiempo a los visitantes y les permiti\u00f3 ingresar a uno de los principales edificios de <\/span><a href=\"https:\/\/store.steampowered.com\/app\/3004270\/Civilizacin_Caral_Per_la_ms_antigua_de_Amrica\/\"><span style=\"font-weight: 400;\">Pe\u00f1ico, ciudad de la integraci\u00f3n<\/span><\/a><span style=\"font-weight: 400;\">, y presenciar el ancestral rito de pago en el \u201caltar del fuego sagrado\u201d. Tambi\u00e9n, conocieron a los antiguos pobladores, todos recreados de acuerdo a las evidencias arqueol\u00f3gicas.<\/span><\/p>\n<p><span style=\"font-weight: 400;\">La Zona Arqueol\u00f3gica Caral (ZAC), dirigida por la <\/span><a href=\"https:\/\/fb.watch\/v7WRb-PqVc\/\"><span style=\"font-weight: 400;\">doctora Ruth Shady<\/span><\/a><span style=\"font-weight: 400;\">, agradece el inter\u00e9s de la poblaci\u00f3n en su patrimonio cultural, y; en especial, a todo el equipo de la Sociedad Beneficencia de Lima Metropolitana, bajo la direcci\u00f3n de su gerente general, Fabricio Antonio Orozco V\u00e9lez, por el apoyo en la realizaci\u00f3n de esta muestra que busc\u00f3 difundir la importancia e identificaci\u00f3n con nuestros sitios arqueol\u00f3gicos, los cuales deben ser cuidados, defendidos y preservados para el beneficio de la sociedad actual y futura.<\/span><\/p>\n<p><b>DATO<\/b><\/p>\n<p><span style=\"font-weight: 400;\">La transmisi\u00f3n de nuestra herencia cultural milenaria contin\u00faa con la exposici\u00f3n: <\/span><a href=\"https:\/\/www.gob.pe\/institucion\/caral\/noticias\/1030286-imperdible-nueva-muestra-expone-la-produccion-en-ciencia-y-tecnologia-en-la-civilizacion-caral\"><span style=\"font-weight: 400;\">\u00abCivilizaci\u00f3n Caral. 5000 a\u00f1os de producci\u00f3n de conocimientos en ciencia y tecnolog\u00eda; y de relaci\u00f3n intercultural para generar integraci\u00f3n en la diversidad\u00bb<\/span><\/a><span style=\"font-weight: 400;\">, la cual se viene presentando en el Ministerio de Cultura, de 9:00 a. m. a 5:00 p. m., de martes a domingo. Esta muestra estar\u00e1 abierta hasta el 31 de octubre.<\/span><\/p>\n<p><span style=\"font-weight: 400;\">Asimismo, para los \u201c<\/span><a href=\"https:\/\/www.gob.pe\/institucion\/caral\/noticias\/1034238-agenda-caral-octubre-estas-son-las-actividades-para-celebrar-el-esperado-caral-raymi-2024\"><span style=\"font-weight: 400;\">caralovers<\/span><\/a><span style=\"font-weight: 400;\">\u201d el programa de <\/span><a href=\"https:\/\/www.zonacaral.gob.pe\/ruta-caral\/viajes-culturales.html\"><span style=\"font-weight: 400;\">Cultural Trips<\/span><\/a><span style=\"font-weight: 400;\"> de la ZAC, sigue programando peri\u00f3dicamente salidas a Vichama, \u00c1spero y a la <\/span><a href=\"https:\/\/whc.unesco.org\/es\/list\/1269\"><span style=\"font-weight: 400;\">Ciudad Sagrada de Caral-Supe, Patrimonio Mundial<\/span><\/a><span style=\"font-weight: 400;\">, con el fin de que m\u00e1s personas conozcan de primera mano nuestros sitios arqueol\u00f3gicos y la historia detr\u00e1s de ellos. Las fechas programadas en este mes, octubre, son: martes 8, y 25 y 26 (dos d\u00edas y una noche con campamento). M\u00e1s informaci\u00f3n: 955 881 340.\u00a0<\/span><\/p>\n<p><b>Te puede interesar: <\/b><a href=\"https:\/\/www.gob.pe\/institucion\/caral\/noticias\/1034238-agenda-caral-octubre-estas-son-las-actividades-para-celebrar-el-esperado-caral-raymi-2024\"><span style=\"font-weight: 400;\">Agenda Caral \u2013 Octubre: estas son las actividades para celebrar el esperado \u00abCARAL RAYMI 2024\u00bb<\/span><\/a><span style=\"font-weight: 400;\">.\u00a0<\/span><\/p>\n<p><strong style=\"font-size: inherit; text-align: justify;\"><br \/>Fuente: Comunicaci\u00f3n e Imagen Institucional ZAC<\/strong><\/p>\n<\/div>\n<div style=\"color: #1f1f1f;\">\n<div style=\"color: #1f1f1f;\">\n<p style=\"text-align: justify;\">Fecha de publicaci\u00f3n: 10\/10\/2024<\/p>\n<\/div>\n<\/div>\n\n\n<p><\/p>","protected":false},"excerpt":{"rendered":"<p>Gracias a todos por su visita. Cerca de diez mil personas, entre ni\u00f1os, j\u00f3venes y adultos, se \u201ccaralizaron\u201d visitando la [&hellip;]<\/p>\n","protected":false},"author":1,"featured_media":17908,"comment_status":"closed","ping_status":"open","sticky":false,"template":"","format":"standard","meta":{"_acf_changed":false,"site-sidebar-layout":"default","site-content-layout":"","ast-site-content-layout":"default","site-content-style":"default","site-sidebar-style":"default","ast-global-header-display":"","ast-banner-title-visibility":"","ast-main-header-display":"","ast-hfb-above-header-display":"","ast-hfb-below-header-display":"","ast-hfb-mobile-header-display":"","site-post-title":"","ast-breadcrumbs-content":"","ast-featured-img":"","footer-sml-layout":"","ast-disable-related-posts":"","theme-transparent-header-meta":"","adv-header-id-meta":"","stick-header-meta":"","header-above-stick-meta":"","header-main-stick-meta":"","header-below-stick-meta":"","astra-migrate-meta-layouts":"default","ast-page-background-enabled":"default","ast-page-background-meta":{"desktop":{"background-color":"var(--ast-global-color-5)","background-image":"","background-repeat":"repeat","background-position":"center center","background-size":"auto","background-attachment":"scroll","background-type":"","background-media":"","overlay-type":"","overlay-color":"","overlay-opacity":"","overlay-gradient":""},"tablet":{"background-color":"","background-image":"","background-repeat":"repeat","background-position":"center center","background-size":"auto","background-attachment":"scroll","background-type":"","background-media":"","overlay-type":"","overlay-color":"","overlay-opacity":"","overlay-gradient":""},"mobile":{"background-color":"","background-image":"","background-repeat":"repeat","background-position":"center center","background-size":"auto","background-attachment":"scroll","background-type":"","background-media":"","overlay-type":"","overlay-color":"","overlay-opacity":"","overlay-gradient":""}},"ast-content-background-meta":{"desktop":{"background-color":"var(--ast-global-color-4)","background-image":"","background-repeat":"repeat","background-position":"center center","background-size":"auto","background-attachment":"scroll","background-type":"","background-media":"","overlay-type":"","overlay-color":"","overlay-opacity":"","overlay-gradient":""},"tablet":{"background-color":"var(--ast-global-color-4)","background-image":"","background-repeat":"repeat","background-position":"center center","background-size":"auto","background-attachment":"scroll","background-type":"","background-media":"","overlay-type":"","overlay-color":"","overlay-opacity":"","overlay-gradient":""},"mobile":{"background-color":"var(--ast-global-color-4)","background-image":"","background-repeat":"repeat","background-position":"center center","background-size":"auto","background-attachment":"scroll","background-type":"","background-media":"","overlay-type":"","overlay-color":"","overlay-opacity":"","overlay-gradient":""}},"footnotes":""},"categories":[208],"tags":[55,72],"class_list":["post-17903","post","type-post","status-publish","format-standard","has-post-thumbnail","hentry","category-noticias","tag-caral","tag-cultura"],"acf":[],"yoast_head":"<!-- This site is optimized with the Yoast SEO plugin v27.3 - https:\/\/yoast.com\/product\/yoast-seo-wordpress\/ -->\n<title>Casi diez mil personas visitaron la exposici\u00f3n de CARAL en la Beneficencia de Lima<\/title>\n<meta name=\"description\" content=\"Cerca de diez mil personas, entre ni\u00f1os, j\u00f3venes y adultos, se \u201ccaralizaron\u201d visitando la exposici\u00f3n museogr\u00e1fica \u00abCiudad Sagrada de Caral, Patrimonio Mundial, y los valores de la civilizaci\u00f3n Caral. Reflexiones para el Buen Vivir\u00bb, la cual cerr\u00f3 sus puertas el pasado 29 de septiembre.\" \/>\n<meta name=\"robots\" content=\"index, follow, max-snippet:-1, max-image-preview:large, max-video-preview:-1\" \/>\n<link rel=\"canonical\" href=\"https:\/\/zonacaral.gob.pe\/en\/noticias\/casi-diez-mil-personas-visitaron-la-exposicion-de-caral-en-la-beneficencia-de-lima\/\" \/>\n<meta property=\"og:locale\" content=\"en_US\" \/>\n<meta property=\"og:type\" content=\"article\" \/>\n<meta property=\"og:title\" content=\"Casi diez mil personas visitaron la exposici\u00f3n de CARAL en la Beneficencia de Lima\" \/>\n<meta property=\"og:description\" content=\"Cerca de diez mil personas, entre ni\u00f1os, j\u00f3venes y adultos, se \u201ccaralizaron\u201d visitando la exposici\u00f3n museogr\u00e1fica \u00abCiudad Sagrada de Caral, Patrimonio Mundial, y los valores de la civilizaci\u00f3n Caral. Reflexiones para el Buen Vivir\u00bb, la cual cerr\u00f3 sus puertas el pasado 29 de septiembre.\" \/>\n<meta property=\"og:url\" content=\"https:\/\/zonacaral.gob.pe\/en\/noticias\/casi-diez-mil-personas-visitaron-la-exposicion-de-caral-en-la-beneficencia-de-lima\/\" \/>\n<meta property=\"og:site_name\" content=\"Zona Caral\" \/>\n<meta property=\"article:published_time\" content=\"2024-10-10T21:11:23+00:00\" \/>\n<meta property=\"og:image\" content=\"https:\/\/zonacaral.gob.pe\/wp-content\/uploads\/2024\/10\/Expo-1.jpg\" \/>\n\t<meta property=\"og:image:width\" content=\"1920\" \/>\n\t<meta property=\"og:image:height\" content=\"1080\" \/>\n\t<meta property=\"og:image:type\" content=\"image\/jpeg\" \/>\n<meta name=\"author\" content=\"Zona Caral Administrador\" \/>\n<meta name=\"twitter:card\" content=\"summary_large_image\" \/>\n<meta name=\"twitter:label1\" content=\"Written by\" \/>\n\t<meta name=\"twitter:data1\" content=\"Zona Caral Administrador\" \/>\n\t<meta name=\"twitter:label2\" content=\"Est. reading time\" \/>\n\t<meta name=\"twitter:data2\" content=\"3 minutes\" \/>\n<script type=\"application\/ld+json\" class=\"yoast-schema-graph\">{\"@context\":\"https:\\\/\\\/schema.org\",\"@graph\":[{\"@type\":\"Article\",\"@id\":\"https:\\\/\\\/zonacaral.gob.pe\\\/es\\\/noticias\\\/casi-diez-mil-personas-visitaron-la-exposicion-de-caral-en-la-beneficencia-de-lima\\\/#article\",\"isPartOf\":{\"@id\":\"https:\\\/\\\/zonacaral.gob.pe\\\/es\\\/noticias\\\/casi-diez-mil-personas-visitaron-la-exposicion-de-caral-en-la-beneficencia-de-lima\\\/\"},\"author\":{\"name\":\"Zona Caral Administrador\",\"@id\":\"https:\\\/\\\/zonacaral.gob.pe\\\/es\\\/#\\\/schema\\\/person\\\/beddb4d22f71a7230c5b90913270a0ee\"},\"headline\":\"Casi diez mil personas visitaron la exposici\u00f3n de CARAL en la Beneficencia de Lima\",\"datePublished\":\"2024-10-10T21:11:23+00:00\",\"mainEntityOfPage\":{\"@id\":\"https:\\\/\\\/zonacaral.gob.pe\\\/es\\\/noticias\\\/casi-diez-mil-personas-visitaron-la-exposicion-de-caral-en-la-beneficencia-de-lima\\\/\"},\"wordCount\":584,\"image\":{\"@id\":\"https:\\\/\\\/zonacaral.gob.pe\\\/es\\\/noticias\\\/casi-diez-mil-personas-visitaron-la-exposicion-de-caral-en-la-beneficencia-de-lima\\\/#primaryimage\"},\"thumbnailUrl\":\"https:\\\/\\\/zonacaral.gob.pe\\\/wp-content\\\/uploads\\\/2024\\\/10\\\/Expo-1.jpg\",\"keywords\":[\"caral\",\"Cultura\"],\"articleSection\":[\"noticias\"],\"inLanguage\":\"en-US\"},{\"@type\":\"WebPage\",\"@id\":\"https:\\\/\\\/zonacaral.gob.pe\\\/es\\\/noticias\\\/casi-diez-mil-personas-visitaron-la-exposicion-de-caral-en-la-beneficencia-de-lima\\\/\",\"url\":\"https:\\\/\\\/zonacaral.gob.pe\\\/es\\\/noticias\\\/casi-diez-mil-personas-visitaron-la-exposicion-de-caral-en-la-beneficencia-de-lima\\\/\",\"name\":\"Casi diez mil personas visitaron la exposici\u00f3n de CARAL en la Beneficencia de Lima\",\"isPartOf\":{\"@id\":\"https:\\\/\\\/zonacaral.gob.pe\\\/es\\\/#website\"},\"primaryImageOfPage\":{\"@id\":\"https:\\\/\\\/zonacaral.gob.pe\\\/es\\\/noticias\\\/casi-diez-mil-personas-visitaron-la-exposicion-de-caral-en-la-beneficencia-de-lima\\\/#primaryimage\"},\"image\":{\"@id\":\"https:\\\/\\\/zonacaral.gob.pe\\\/es\\\/noticias\\\/casi-diez-mil-personas-visitaron-la-exposicion-de-caral-en-la-beneficencia-de-lima\\\/#primaryimage\"},\"thumbnailUrl\":\"https:\\\/\\\/zonacaral.gob.pe\\\/wp-content\\\/uploads\\\/2024\\\/10\\\/Expo-1.jpg\",\"datePublished\":\"2024-10-10T21:11:23+00:00\",\"author\":{\"@id\":\"https:\\\/\\\/zonacaral.gob.pe\\\/es\\\/#\\\/schema\\\/person\\\/beddb4d22f71a7230c5b90913270a0ee\"},\"description\":\"Cerca de diez mil personas, entre ni\u00f1os, j\u00f3venes y adultos, se \u201ccaralizaron\u201d visitando la exposici\u00f3n museogr\u00e1fica \u00abCiudad Sagrada de Caral, Patrimonio Mundial, y los valores de la civilizaci\u00f3n Caral. Reflexiones para el Buen Vivir\u00bb, la cual cerr\u00f3 sus puertas el pasado 29 de septiembre.\",\"breadcrumb\":{\"@id\":\"https:\\\/\\\/zonacaral.gob.pe\\\/es\\\/noticias\\\/casi-diez-mil-personas-visitaron-la-exposicion-de-caral-en-la-beneficencia-de-lima\\\/#breadcrumb\"},\"inLanguage\":\"en-US\",\"potentialAction\":[{\"@type\":\"ReadAction\",\"target\":[\"https:\\\/\\\/zonacaral.gob.pe\\\/es\\\/noticias\\\/casi-diez-mil-personas-visitaron-la-exposicion-de-caral-en-la-beneficencia-de-lima\\\/\"]}]},{\"@type\":\"ImageObject\",\"inLanguage\":\"en-US\",\"@id\":\"https:\\\/\\\/zonacaral.gob.pe\\\/es\\\/noticias\\\/casi-diez-mil-personas-visitaron-la-exposicion-de-caral-en-la-beneficencia-de-lima\\\/#primaryimage\",\"url\":\"https:\\\/\\\/zonacaral.gob.pe\\\/wp-content\\\/uploads\\\/2024\\\/10\\\/Expo-1.jpg\",\"contentUrl\":\"https:\\\/\\\/zonacaral.gob.pe\\\/wp-content\\\/uploads\\\/2024\\\/10\\\/Expo-1.jpg\",\"width\":1920,\"height\":1080},{\"@type\":\"BreadcrumbList\",\"@id\":\"https:\\\/\\\/zonacaral.gob.pe\\\/es\\\/noticias\\\/casi-diez-mil-personas-visitaron-la-exposicion-de-caral-en-la-beneficencia-de-lima\\\/#breadcrumb\",\"itemListElement\":[{\"@type\":\"ListItem\",\"position\":1,\"name\":\"Portada\",\"item\":\"https:\\\/\\\/zonacaral.gob.pe\\\/\"},{\"@type\":\"ListItem\",\"position\":2,\"name\":\"Casi diez mil personas visitaron la exposici\u00f3n de CARAL en la Beneficencia de Lima\"}]},{\"@type\":\"WebSite\",\"@id\":\"https:\\\/\\\/zonacaral.gob.pe\\\/es\\\/#website\",\"url\":\"https:\\\/\\\/zonacaral.gob.pe\\\/es\\\/\",\"name\":\"Zona Caral\",\"description\":\"Investigamos, conservamos y difundimos el patrimonio cultural de la Civilizaci\u00f3n Caral, la m\u00e1s antigua de Am\u00e9rica.\",\"potentialAction\":[{\"@type\":\"SearchAction\",\"target\":{\"@type\":\"EntryPoint\",\"urlTemplate\":\"https:\\\/\\\/zonacaral.gob.pe\\\/es\\\/?s={search_term_string}\"},\"query-input\":{\"@type\":\"PropertyValueSpecification\",\"valueRequired\":true,\"valueName\":\"search_term_string\"}}],\"inLanguage\":\"en-US\"},{\"@type\":\"Person\",\"@id\":\"https:\\\/\\\/zonacaral.gob.pe\\\/es\\\/#\\\/schema\\\/person\\\/beddb4d22f71a7230c5b90913270a0ee\",\"name\":\"Zona Caral Administrador\",\"image\":{\"@type\":\"ImageObject\",\"inLanguage\":\"en-US\",\"@id\":\"https:\\\/\\\/secure.gravatar.com\\\/avatar\\\/e4be162918a696358376de6446614e0f0f4062bdc5d170d6d540ada3d8b58c12?s=96&d=mm&r=g\",\"url\":\"https:\\\/\\\/secure.gravatar.com\\\/avatar\\\/e4be162918a696358376de6446614e0f0f4062bdc5d170d6d540ada3d8b58c12?s=96&d=mm&r=g\",\"contentUrl\":\"https:\\\/\\\/secure.gravatar.com\\\/avatar\\\/e4be162918a696358376de6446614e0f0f4062bdc5d170d6d540ada3d8b58c12?s=96&d=mm&r=g\",\"caption\":\"Zona Caral Administrador\"},\"sameAs\":[\"https:\\\/\\\/zonacaral.gob.pe\"],\"url\":\"https:\\\/\\\/zonacaral.gob.pe\\\/en\\\/noticias\\\/author\\\/ad_zonacaral\\\/\"}]}<\/script>\n<!-- \/ Yoast SEO plugin. -->","yoast_head_json":{"title":"Casi diez mil personas visitaron la exposici\u00f3n de CARAL en la Beneficencia de Lima","description":"Cerca de diez mil personas, entre ni\u00f1os, j\u00f3venes y adultos, se \u201ccaralizaron\u201d visitando la exposici\u00f3n museogr\u00e1fica \u00abCiudad Sagrada de Caral, Patrimonio Mundial, y los valores de la civilizaci\u00f3n Caral. Reflexiones para el Buen Vivir\u00bb, la cual cerr\u00f3 sus puertas el pasado 29 de septiembre.","robots":{"index":"index","follow":"follow","max-snippet":"max-snippet:-1","max-image-preview":"max-image-preview:large","max-video-preview":"max-video-preview:-1"},"canonical":"https:\/\/zonacaral.gob.pe\/en\/noticias\/casi-diez-mil-personas-visitaron-la-exposicion-de-caral-en-la-beneficencia-de-lima\/","og_locale":"en_US","og_type":"article","og_title":"Casi diez mil personas visitaron la exposici\u00f3n de CARAL en la Beneficencia de Lima","og_description":"Cerca de diez mil personas, entre ni\u00f1os, j\u00f3venes y adultos, se \u201ccaralizaron\u201d visitando la exposici\u00f3n museogr\u00e1fica \u00abCiudad Sagrada de Caral, Patrimonio Mundial, y los valores de la civilizaci\u00f3n Caral. Reflexiones para el Buen Vivir\u00bb, la cual cerr\u00f3 sus puertas el pasado 29 de septiembre.","og_url":"https:\/\/zonacaral.gob.pe\/en\/noticias\/casi-diez-mil-personas-visitaron-la-exposicion-de-caral-en-la-beneficencia-de-lima\/","og_site_name":"Zona Caral","article_published_time":"2024-10-10T21:11:23+00:00","og_image":[{"width":1920,"height":1080,"url":"https:\/\/zonacaral.gob.pe\/wp-content\/uploads\/2024\/10\/Expo-1.jpg","type":"image\/jpeg"}],"author":"Zona Caral Administrador","twitter_card":"summary_large_image","twitter_misc":{"Written by":"Zona Caral Administrador","Est. reading time":"3 minutes"},"schema":{"@context":"https:\/\/schema.org","@graph":[{"@type":"Article","@id":"https:\/\/zonacaral.gob.pe\/es\/noticias\/casi-diez-mil-personas-visitaron-la-exposicion-de-caral-en-la-beneficencia-de-lima\/#article","isPartOf":{"@id":"https:\/\/zonacaral.gob.pe\/es\/noticias\/casi-diez-mil-personas-visitaron-la-exposicion-de-caral-en-la-beneficencia-de-lima\/"},"author":{"name":"Zona Caral Administrador","@id":"https:\/\/zonacaral.gob.pe\/es\/#\/schema\/person\/beddb4d22f71a7230c5b90913270a0ee"},"headline":"Casi diez mil personas visitaron la exposici\u00f3n de CARAL en la Beneficencia de Lima","datePublished":"2024-10-10T21:11:23+00:00","mainEntityOfPage":{"@id":"https:\/\/zonacaral.gob.pe\/es\/noticias\/casi-diez-mil-personas-visitaron-la-exposicion-de-caral-en-la-beneficencia-de-lima\/"},"wordCount":584,"image":{"@id":"https:\/\/zonacaral.gob.pe\/es\/noticias\/casi-diez-mil-personas-visitaron-la-exposicion-de-caral-en-la-beneficencia-de-lima\/#primaryimage"},"thumbnailUrl":"https:\/\/zonacaral.gob.pe\/wp-content\/uploads\/2024\/10\/Expo-1.jpg","keywords":["caral","Cultura"],"articleSection":["noticias"],"inLanguage":"en-US"},{"@type":"WebPage","@id":"https:\/\/zonacaral.gob.pe\/es\/noticias\/casi-diez-mil-personas-visitaron-la-exposicion-de-caral-en-la-beneficencia-de-lima\/","url":"https:\/\/zonacaral.gob.pe\/es\/noticias\/casi-diez-mil-personas-visitaron-la-exposicion-de-caral-en-la-beneficencia-de-lima\/","name":"Casi diez mil personas visitaron la exposici\u00f3n de CARAL en la Beneficencia de Lima","isPartOf":{"@id":"https:\/\/zonacaral.gob.pe\/es\/#website"},"primaryImageOfPage":{"@id":"https:\/\/zonacaral.gob.pe\/es\/noticias\/casi-diez-mil-personas-visitaron-la-exposicion-de-caral-en-la-beneficencia-de-lima\/#primaryimage"},"image":{"@id":"https:\/\/zonacaral.gob.pe\/es\/noticias\/casi-diez-mil-personas-visitaron-la-exposicion-de-caral-en-la-beneficencia-de-lima\/#primaryimage"},"thumbnailUrl":"https:\/\/zonacaral.gob.pe\/wp-content\/uploads\/2024\/10\/Expo-1.jpg","datePublished":"2024-10-10T21:11:23+00:00","author":{"@id":"https:\/\/zonacaral.gob.pe\/es\/#\/schema\/person\/beddb4d22f71a7230c5b90913270a0ee"},"description":"Cerca de diez mil personas, entre ni\u00f1os, j\u00f3venes y adultos, se \u201ccaralizaron\u201d visitando la exposici\u00f3n museogr\u00e1fica \u00abCiudad Sagrada de Caral, Patrimonio Mundial, y los valores de la civilizaci\u00f3n Caral. Reflexiones para el Buen Vivir\u00bb, la cual cerr\u00f3 sus puertas el pasado 29 de septiembre.","breadcrumb":{"@id":"https:\/\/zonacaral.gob.pe\/es\/noticias\/casi-diez-mil-personas-visitaron-la-exposicion-de-caral-en-la-beneficencia-de-lima\/#breadcrumb"},"inLanguage":"en-US","potentialAction":[{"@type":"ReadAction","target":["https:\/\/zonacaral.gob.pe\/es\/noticias\/casi-diez-mil-personas-visitaron-la-exposicion-de-caral-en-la-beneficencia-de-lima\/"]}]},{"@type":"ImageObject","inLanguage":"en-US","@id":"https:\/\/zonacaral.gob.pe\/es\/noticias\/casi-diez-mil-personas-visitaron-la-exposicion-de-caral-en-la-beneficencia-de-lima\/#primaryimage","url":"https:\/\/zonacaral.gob.pe\/wp-content\/uploads\/2024\/10\/Expo-1.jpg","contentUrl":"https:\/\/zonacaral.gob.pe\/wp-content\/uploads\/2024\/10\/Expo-1.jpg","width":1920,"height":1080},{"@type":"BreadcrumbList","@id":"https:\/\/zonacaral.gob.pe\/es\/noticias\/casi-diez-mil-personas-visitaron-la-exposicion-de-caral-en-la-beneficencia-de-lima\/#breadcrumb","itemListElement":[{"@type":"ListItem","position":1,"name":"Portada","item":"https:\/\/zonacaral.gob.pe\/"},{"@type":"ListItem","position":2,"name":"Casi diez mil personas visitaron la exposici\u00f3n de CARAL en la Beneficencia de Lima"}]},{"@type":"WebSite","@id":"https:\/\/zonacaral.gob.pe\/es\/#website","url":"https:\/\/zonacaral.gob.pe\/es\/","name":"Zona Caral","description":"Investigamos, conservamos y difundimos el patrimonio cultural de la Civilizaci\u00f3n Caral, la m\u00e1s antigua de Am\u00e9rica.","potentialAction":[{"@type":"SearchAction","target":{"@type":"EntryPoint","urlTemplate":"https:\/\/zonacaral.gob.pe\/es\/?s={search_term_string}"},"query-input":{"@type":"PropertyValueSpecification","valueRequired":true,"valueName":"search_term_string"}}],"inLanguage":"en-US"},{"@type":"Person","@id":"https:\/\/zonacaral.gob.pe\/es\/#\/schema\/person\/beddb4d22f71a7230c5b90913270a0ee","name":"Zona Caral Administrador","image":{"@type":"ImageObject","inLanguage":"en-US","@id":"https:\/\/secure.gravatar.com\/avatar\/e4be162918a696358376de6446614e0f0f4062bdc5d170d6d540ada3d8b58c12?s=96&d=mm&r=g","url":"https:\/\/secure.gravatar.com\/avatar\/e4be162918a696358376de6446614e0f0f4062bdc5d170d6d540ada3d8b58c12?s=96&d=mm&r=g","contentUrl":"https:\/\/secure.gravatar.com\/avatar\/e4be162918a696358376de6446614e0f0f4062bdc5d170d6d540ada3d8b58c12?s=96&d=mm&r=g","caption":"Zona Caral Administrador"},"sameAs":["https:\/\/zonacaral.gob.pe"],"url":"https:\/\/zonacaral.gob.pe\/en\/noticias\/author\/ad_zonacaral\/"}]}},"_links":{"self":[{"href":"https:\/\/zonacaral.gob.pe\/en\/wp-json\/wp\/v2\/posts\/17903","targetHints":{"allow":["GET"]}}],"collection":[{"href":"https:\/\/zonacaral.gob.pe\/en\/wp-json\/wp\/v2\/posts"}],"about":[{"href":"https:\/\/zonacaral.gob.pe\/en\/wp-json\/wp\/v2\/types\/post"}],"author":[{"embeddable":true,"href":"https:\/\/zonacaral.gob.pe\/en\/wp-json\/wp\/v2\/users\/1"}],"replies":[{"embeddable":true,"href":"https:\/\/zonacaral.gob.pe\/en\/wp-json\/wp\/v2\/comments?post=17903"}],"version-history":[{"count":0,"href":"https:\/\/zonacaral.gob.pe\/en\/wp-json\/wp\/v2\/posts\/17903\/revisions"}],"wp:featuredmedia":[{"embeddable":true,"href":"https:\/\/zonacaral.gob.pe\/en\/wp-json\/wp\/v2\/media\/17908"}],"wp:attachment":[{"href":"https:\/\/zonacaral.gob.pe\/en\/wp-json\/wp\/v2\/media?parent=17903"}],"wp:term":[{"taxonomy":"category","embeddable":true,"href":"https:\/\/zonacaral.gob.pe\/en\/wp-json\/wp\/v2\/categories?post=17903"},{"taxonomy":"post_tag","embeddable":true,"href":"https:\/\/zonacaral.gob.pe\/en\/wp-json\/wp\/v2\/tags?post=17903"}],"curies":[{"name":"wp","href":"https:\/\/api.w.org\/{rel}","templated":true}]}}