{"id":17914,"date":"2024-10-18T18:51:53","date_gmt":"2024-10-18T23:51:53","guid":{"rendered":"https:\/\/www.zonacaral.gob.pe\/?p=17914"},"modified":"2024-10-18T18:51:53","modified_gmt":"2024-10-18T23:51:53","slug":"conmemoran-30-aniversario-de-la-civilizacion-caral-destacando-sus-valores-e-importancia-para-el-peru-y-el-mundo","status":"publish","type":"post","link":"https:\/\/zonacaral.gob.pe\/en\/noticias\/conmemoran-30-aniversario-de-la-civilizacion-caral-destacando-sus-valores-e-importancia-para-el-peru-y-el-mundo\/","title":{"rendered":"Conmemoran 30 aniversario de la civilizaci\u00f3n Caral destacando sus valores e importancia para el Per\u00fa y el mundo"},"content":{"rendered":"<figure class=\"pic-autor\" style=\"color: #4d4d4d; text-align: justify;\"><\/figure>\n<div class=\"gmail_default\" style=\"text-align: justify;\">\n<blockquote>\n<p><b>En el marco de esta celebraci\u00f3n, la directora de la Zona Arqueol\u00f3gica Caral, Ruth Shady Sol\u00eds, present\u00f3 \u201cLos Valores de la Civilizaci\u00f3n Caral para generar reflexiones\u201d.<\/b><\/p>\n<\/blockquote>\n<p><span style=\"font-weight: 400;\">Al conmemorarse 30 a\u00f1os del inicio de las investigaciones de Caral, el Ministerio de Cultura y la <\/span><a href=\"https:\/\/www.instagram.com\/caralperu\/?hl=es\"><span style=\"font-weight: 400;\">Zona Arqueol\u00f3gica Caral<\/span><\/a><span style=\"font-weight: 400;\"> (ZAC), destacaron los valores de esta civilizaci\u00f3n considerada como la cuna de las culturas andinas y la m\u00e1s antigua de Am\u00e9rica.<\/span><\/p>\n<p><span style=\"font-weight: 400;\">En el marco de esta celebraci\u00f3n, la directora de Zona Arqueol\u00f3gica Caral (ZAC), <\/span><a href=\"https:\/\/fb.watch\/viqi0QSZmY\/\"><span style=\"font-weight: 400;\">Ruth Shady Sol\u00eds<\/span><\/a><span style=\"font-weight: 400;\">, present\u00f3 <\/span><b>\u201cLos Valores de la Civilizaci\u00f3n Caral para generar reflexiones\u201d<\/b><span style=\"font-weight: 400;\">, que abordan aspectos claves de esta civilizaci\u00f3n resaltando la importancia de la necesidad del conocimiento de nuestra historia \u201cpara evaluar el quehacer en el pasado y decidir sobre los cambios que se requieran para lograr mejores condiciones de vida, para todos sin distinci\u00f3n, en el Per\u00fa y el mundo\u201d.<\/span><\/p>\n<p><span style=\"font-weight: 400;\">Detall\u00f3 que son ocho los valores que marcaron la Civilizaci\u00f3n Caral: <\/span><i><span style=\"font-weight: 400;\">\u201cVida en armon\u00eda entre los seres humanos y con la naturaleza\u201d<\/span><\/i><span style=\"font-weight: 400;\">, el <\/span><i><span style=\"font-weight: 400;\">\u201cmanejo del territorio Andino-Amaz\u00f3nico con visi\u00f3n de cuenca e intercuencas\u201d<\/span><\/i><span style=\"font-weight: 400;\">, la <\/span><i><span style=\"font-weight: 400;\">\u201corganizaci\u00f3n del colectivo social para la ejecuci\u00f3n de obras de beneficio compartido, conducidas por autoridades sociales y pol\u00edticas\u201d<\/span><\/i><span style=\"font-weight: 400;\"> y la <\/span><i><span style=\"font-weight: 400;\">\u201cidentificaci\u00f3n de problemas y b\u00fasqueda de soluciones a trav\u00e9s de la producci\u00f3n de conocimientos\u201d.<\/span><\/i><span style=\"font-weight: 400;\">&nbsp;<\/span><\/p>\n<p><span style=\"font-weight: 400;\">Tambi\u00e9n est\u00e1n la <\/span><i><span style=\"font-weight: 400;\">\u201cequidad de g\u00e9nero\u201d<\/span><\/i><span style=\"font-weight: 400;\">, el<\/span><i><span style=\"font-weight: 400;\"> \u201cdesarrollo integral del ser humano\u201d<\/span><\/i><span style=\"font-weight: 400;\">, la <\/span><i><span style=\"font-weight: 400;\">\u201cinteracci\u00f3n social con respeto a la diversidad cultural e ideol\u00f3gica\u201d<\/span><\/i><span style=\"font-weight: 400;\">, y el <\/span><i><span style=\"font-weight: 400;\">registro en la memoria social de las causas de crisis colectivas, para mitigar sus efectos\u201d<\/span><\/i><span style=\"font-weight: 400;\">.&nbsp;<\/span><\/p>\n<p><i><span style=\"font-weight: 400;\">\u201cDebemos promover la identidad del poblador con su lugar de origen para que contribuya a los cambios necesarios, que mejoren las condiciones de vida. Tambi\u00e9n se debe conocer nuestra historia social en cada parte del pa\u00eds, mediante la investigaci\u00f3n arqueol\u00f3gica e interdisciplinaria y asumir al patrimonio cultural como s\u00edmbolo de integraci\u00f3n para el fortalecimiento de la identidad, cohesi\u00f3n y autoestima social\u201d,<\/span><\/i><span style=\"font-weight: 400;\"> se\u00f1al\u00f3 Shady.&nbsp;<\/span><\/p>\n<p><span style=\"font-weight: 400;\">En ese sentido, propuso que las autoridades fomenten cambios en la formaci\u00f3n desde la educaci\u00f3n b\u00e1sica con visi\u00f3n de contribuir a lograr el adecuado uso de los recursos, mediante el manejo social planificado y organizado. \u201cHay que difundir la importancia de la organizaci\u00f3n del colectivo humano con autoridades sociales y pol\u00edticas, y dejar el asistencialismo y transmitir la necesidad de prepararnos para mitigar los efectos del cambio clim\u00e1tico\u201d, enfatiz\u00f3.<\/span><\/p>\n<p><b>CIVILIZACI\u00d3N CARAL, 30 A\u00d1OS<\/b><\/p>\n<p><span style=\"font-weight: 400;\">La directora de la <\/span><a href=\"https:\/\/www.facebook.com\/CARALPERU?locale=es_LA\"><span style=\"font-weight: 400;\">Zona Arqueol\u00f3gica Caral<\/span><\/a><span style=\"font-weight: 400;\"> record\u00f3 que, junto a un peque\u00f1o grupo de arque\u00f3logos, lleg\u00f3 en 1994 al valle de Supe, e inici\u00f3 las primeras investigaciones en el lugar, con recursos propios y, desde 1996, efectu\u00f3 excavaciones en la <\/span><a href=\"https:\/\/whc.unesco.org\/es\/list\/1269\"><span style=\"font-weight: 400;\">Ciudad Sagrada de Caral-Supe, Patrimonio Mundial de la UNESCO<\/span><\/a><span style=\"font-weight: 400;\"> desde 2009. Posteriormente, en 1997, public\u00f3 los <\/span><a href=\"https:\/\/bit.ly\/LosAlboresDeLaCivilizaci%C3%B3n\"><span style=\"font-weight: 400;\">primeros resultados de sus investigaciones<\/span><\/a><span style=\"font-weight: 400;\">, planteando que se trataba de un centro urbano, ocupado por una sociedad compleja que edific\u00f3 una sofisticada arquitectura, en tiempos anteriores al inicio de la utilizaci\u00f3n de la cer\u00e1mica en los Andes.<\/span><\/p>\n<p><span style=\"font-weight: 400;\">Desde entonces, y a trav\u00e9s de la investigaci\u00f3n en doce asentamientos arqueol\u00f3gicos, a lo largo de 30 a\u00f1os de trabajo en equipo, se ha precisado que la <\/span><a href=\"https:\/\/youtu.be\/uAJpjcgLits\"><span style=\"font-weight: 400;\">civilizaci\u00f3n Caral<\/span><\/a><span style=\"font-weight: 400;\"> se form\u00f3 en el \u00e1rea norcentral peruana, durante el periodo Formativo Inicial, hace 5000 a\u00f1os (3000 \u2013 1800 a.C.), casi en simult\u00e1neo con las civilizaciones de Mesopotamia, Egipto, India y China. Pero Caral logr\u00f3 un avance sin precedentes, en completo aislamiento.<\/span><\/p>\n<p><b>HALLAZGOS<\/b><\/p>\n<p><span style=\"font-weight: 400;\">De los 12 sitios arqueol\u00f3gicos que viene poniendo en valor la Zona Arqueol\u00f3gica Caral, tres ya est\u00e1n abiertos al p\u00fablico: la <\/span><a href=\"https:\/\/www.zonacaral.gob.pe\/ruta-caral\/ciudad-sagrada-de-caral.html\"><span style=\"font-weight: 400;\">Ciudad Sagrada de Caral-Supe<\/span><\/a><span style=\"font-weight: 400;\">, <\/span><a href=\"https:\/\/www.zonacaral.gob.pe\/ruta-caral\/aspero.html\"><span style=\"font-weight: 400;\">\u00c1spero<\/span><\/a><span style=\"font-weight: 400;\"> y <\/span><a href=\"https:\/\/www.zonacaral.gob.pe\/ruta-caral\/vichama.html\"><span style=\"font-weight: 400;\">Vichama<\/span><\/a><span style=\"font-weight: 400;\">. Los dem\u00e1s sitios intervenidos son: El Molino, Piedra Parada, Lim\u00e1n, Era de Pando, Miraya, Lurihuasi, Allpacoto, Chupacigarro y Pe\u00f1ico.<\/span><\/p>\n<p><span style=\"font-weight: 400;\">De estos sitios, la Ciudad Sagrada de Caral destaca n\u00edtidamente por sus impresionantes edificios p\u00fablicos piramidales con plazas circulares hundidas, escaleras centrales y salones ceremoniales (altares de fuego) en la cima. Este asentamiento est\u00e1 ubicado a 26 km del litoral, con una extensi\u00f3n de 68 hect\u00e1reas. Comprende una zona nuclear con 32 edificios p\u00fablicos y varios conjuntos residenciales, y dos zonas perif\u00e9ricas.<\/span><\/p>\n<p><b>DATO<\/b><\/p>\n<p><span style=\"font-weight: 400;\">El viernes 25 y el s\u00e1bado 26 de octubre, la Zona Arqueol\u00f3gica Caral realizar\u00e1 la celebraci\u00f3n cultural \u201cCaral Raymi 2024\u201d, en la Ciudad Sagrada de Caral-Supe, Patrimonio Mundial, por los 30 a\u00f1os del inicio de las investigaciones sobre la civilizaci\u00f3n Caral. Por estos dos d\u00edas el ingreso al sitio ser\u00e1 gratuito. Inf\u00f3rmate c\u00f3mo participar llamando al 955 881 340, o enviando un correo a: <\/span><a href=\"mailto:viajeseducativos@zonacaral.gob.pe\"><span style=\"font-weight: 400;\">viajeseducativos@zonacaral.gob.pe<\/span><\/a><\/p>\n<p><strong style=\"font-size: inherit; text-align: justify;\"><br>Fuente: Comunicaci\u00f3n e Imagen Institucional ZAC<\/strong><\/p>\n<\/div>\n<div style=\"color: #1f1f1f;\">\n<div style=\"color: #1f1f1f;\">\n<p style=\"text-align: justify;\">Fecha de publicaci\u00f3n: 18\/10\/2024<\/p>\n<\/div>\n<\/div>\n\n\n<p><\/p>","protected":false},"excerpt":{"rendered":"<p>En el marco de esta celebraci\u00f3n, la directora de la Zona Arqueol\u00f3gica Caral, Ruth Shady Sol\u00eds, present\u00f3 \u201cLos Valores de [&hellip;]<\/p>\n","protected":false},"author":1,"featured_media":17920,"comment_status":"closed","ping_status":"open","sticky":false,"template":"","format":"standard","meta":{"_acf_changed":false,"site-sidebar-layout":"default","site-content-layout":"","ast-site-content-layout":"default","site-content-style":"default","site-sidebar-style":"default","ast-global-header-display":"","ast-banner-title-visibility":"","ast-main-header-display":"","ast-hfb-above-header-display":"","ast-hfb-below-header-display":"","ast-hfb-mobile-header-display":"","site-post-title":"","ast-breadcrumbs-content":"","ast-featured-img":"","footer-sml-layout":"","ast-disable-related-posts":"","theme-transparent-header-meta":"","adv-header-id-meta":"","stick-header-meta":"","header-above-stick-meta":"","header-main-stick-meta":"","header-below-stick-meta":"","astra-migrate-meta-layouts":"default","ast-page-background-enabled":"default","ast-page-background-meta":{"desktop":{"background-color":"var(--ast-global-color-5)","background-image":"","background-repeat":"repeat","background-position":"center center","background-size":"auto","background-attachment":"scroll","background-type":"","background-media":"","overlay-type":"","overlay-color":"","overlay-opacity":"","overlay-gradient":""},"tablet":{"background-color":"","background-image":"","background-repeat":"repeat","background-position":"center center","background-size":"auto","background-attachment":"scroll","background-type":"","background-media":"","overlay-type":"","overlay-color":"","overlay-opacity":"","overlay-gradient":""},"mobile":{"background-color":"","background-image":"","background-repeat":"repeat","background-position":"center center","background-size":"auto","background-attachment":"scroll","background-type":"","background-media":"","overlay-type":"","overlay-color":"","overlay-opacity":"","overlay-gradient":""}},"ast-content-background-meta":{"desktop":{"background-color":"var(--ast-global-color-4)","background-image":"","background-repeat":"repeat","background-position":"center center","background-size":"auto","background-attachment":"scroll","background-type":"","background-media":"","overlay-type":"","overlay-color":"","overlay-opacity":"","overlay-gradient":""},"tablet":{"background-color":"var(--ast-global-color-4)","background-image":"","background-repeat":"repeat","background-position":"center center","background-size":"auto","background-attachment":"scroll","background-type":"","background-media":"","overlay-type":"","overlay-color":"","overlay-opacity":"","overlay-gradient":""},"mobile":{"background-color":"var(--ast-global-color-4)","background-image":"","background-repeat":"repeat","background-position":"center center","background-size":"auto","background-attachment":"scroll","background-type":"","background-media":"","overlay-type":"","overlay-color":"","overlay-opacity":"","overlay-gradient":""}},"footnotes":""},"categories":[208],"tags":[55,72],"class_list":["post-17914","post","type-post","status-publish","format-standard","has-post-thumbnail","hentry","category-noticias","tag-caral","tag-cultura"],"acf":[],"yoast_head":"<!-- This site is optimized with the Yoast SEO plugin v27.3 - https:\/\/yoast.com\/product\/yoast-seo-wordpress\/ -->\n<title>Conmemoran 30 aniversario de la civilizaci\u00f3n Caral destacando sus valores e importancia para el Per\u00fa y el mundo<\/title>\n<meta name=\"description\" content=\"Al conmemorarse 30 a\u00f1os del inicio de las investigaciones de Caral, el Ministerio de Cultura y la Zona Arqueol\u00f3gica Caral (ZAC), destacaron los valores de esta civilizaci\u00f3n considerada como la cuna de las culturas andinas y la m\u00e1s antigua de Am\u00e9rica.\" \/>\n<meta name=\"robots\" content=\"index, follow, max-snippet:-1, max-image-preview:large, max-video-preview:-1\" \/>\n<link rel=\"canonical\" href=\"https:\/\/zonacaral.gob.pe\/en\/noticias\/conmemoran-30-aniversario-de-la-civilizacion-caral-destacando-sus-valores-e-importancia-para-el-peru-y-el-mundo\/\" \/>\n<meta property=\"og:locale\" content=\"en_US\" \/>\n<meta property=\"og:type\" content=\"article\" \/>\n<meta property=\"og:title\" content=\"Conmemoran 30 aniversario de la civilizaci\u00f3n Caral destacando sus valores e importancia para el Per\u00fa y el mundo\" \/>\n<meta property=\"og:description\" content=\"Al conmemorarse 30 a\u00f1os del inicio de las investigaciones de Caral, el Ministerio de Cultura y la Zona Arqueol\u00f3gica Caral (ZAC), destacaron los valores de esta civilizaci\u00f3n considerada como la cuna de las culturas andinas y la m\u00e1s antigua de Am\u00e9rica.\" \/>\n<meta property=\"og:url\" content=\"https:\/\/zonacaral.gob.pe\/en\/noticias\/conmemoran-30-aniversario-de-la-civilizacion-caral-destacando-sus-valores-e-importancia-para-el-peru-y-el-mundo\/\" \/>\n<meta property=\"og:site_name\" content=\"Zona Caral\" \/>\n<meta property=\"article:published_time\" content=\"2024-10-18T23:51:53+00:00\" \/>\n<meta property=\"og:image\" content=\"https:\/\/zonacaral.gob.pe\/wp-content\/uploads\/2024\/10\/1-CARAL.jpg\" \/>\n\t<meta property=\"og:image:width\" content=\"700\" \/>\n\t<meta property=\"og:image:height\" content=\"395\" \/>\n\t<meta property=\"og:image:type\" content=\"image\/jpeg\" \/>\n<meta name=\"author\" content=\"Zona Caral Administrador\" \/>\n<meta name=\"twitter:card\" content=\"summary_large_image\" \/>\n<meta name=\"twitter:label1\" content=\"Written by\" \/>\n\t<meta name=\"twitter:data1\" content=\"Zona Caral Administrador\" \/>\n\t<meta name=\"twitter:label2\" content=\"Est. reading time\" \/>\n\t<meta name=\"twitter:data2\" content=\"4 minutes\" \/>\n<script type=\"application\/ld+json\" class=\"yoast-schema-graph\">{\"@context\":\"https:\\\/\\\/schema.org\",\"@graph\":[{\"@type\":\"Article\",\"@id\":\"https:\\\/\\\/zonacaral.gob.pe\\\/es\\\/noticias\\\/conmemoran-30-aniversario-de-la-civilizacion-caral-destacando-sus-valores-e-importancia-para-el-peru-y-el-mundo\\\/#article\",\"isPartOf\":{\"@id\":\"https:\\\/\\\/zonacaral.gob.pe\\\/es\\\/noticias\\\/conmemoran-30-aniversario-de-la-civilizacion-caral-destacando-sus-valores-e-importancia-para-el-peru-y-el-mundo\\\/\"},\"author\":{\"name\":\"Zona Caral Administrador\",\"@id\":\"https:\\\/\\\/zonacaral.gob.pe\\\/es\\\/#\\\/schema\\\/person\\\/beddb4d22f71a7230c5b90913270a0ee\"},\"headline\":\"Conmemoran 30 aniversario de la civilizaci\u00f3n Caral destacando sus valores e importancia para el Per\u00fa y el mundo\",\"datePublished\":\"2024-10-18T23:51:53+00:00\",\"mainEntityOfPage\":{\"@id\":\"https:\\\/\\\/zonacaral.gob.pe\\\/es\\\/noticias\\\/conmemoran-30-aniversario-de-la-civilizacion-caral-destacando-sus-valores-e-importancia-para-el-peru-y-el-mundo\\\/\"},\"wordCount\":821,\"image\":{\"@id\":\"https:\\\/\\\/zonacaral.gob.pe\\\/es\\\/noticias\\\/conmemoran-30-aniversario-de-la-civilizacion-caral-destacando-sus-valores-e-importancia-para-el-peru-y-el-mundo\\\/#primaryimage\"},\"thumbnailUrl\":\"https:\\\/\\\/zonacaral.gob.pe\\\/wp-content\\\/uploads\\\/2024\\\/10\\\/1-CARAL.jpg\",\"keywords\":[\"caral\",\"Cultura\"],\"articleSection\":[\"noticias\"],\"inLanguage\":\"en-US\"},{\"@type\":\"WebPage\",\"@id\":\"https:\\\/\\\/zonacaral.gob.pe\\\/es\\\/noticias\\\/conmemoran-30-aniversario-de-la-civilizacion-caral-destacando-sus-valores-e-importancia-para-el-peru-y-el-mundo\\\/\",\"url\":\"https:\\\/\\\/zonacaral.gob.pe\\\/es\\\/noticias\\\/conmemoran-30-aniversario-de-la-civilizacion-caral-destacando-sus-valores-e-importancia-para-el-peru-y-el-mundo\\\/\",\"name\":\"Conmemoran 30 aniversario de la civilizaci\u00f3n Caral destacando sus valores e importancia para el Per\u00fa y el mundo\",\"isPartOf\":{\"@id\":\"https:\\\/\\\/zonacaral.gob.pe\\\/es\\\/#website\"},\"primaryImageOfPage\":{\"@id\":\"https:\\\/\\\/zonacaral.gob.pe\\\/es\\\/noticias\\\/conmemoran-30-aniversario-de-la-civilizacion-caral-destacando-sus-valores-e-importancia-para-el-peru-y-el-mundo\\\/#primaryimage\"},\"image\":{\"@id\":\"https:\\\/\\\/zonacaral.gob.pe\\\/es\\\/noticias\\\/conmemoran-30-aniversario-de-la-civilizacion-caral-destacando-sus-valores-e-importancia-para-el-peru-y-el-mundo\\\/#primaryimage\"},\"thumbnailUrl\":\"https:\\\/\\\/zonacaral.gob.pe\\\/wp-content\\\/uploads\\\/2024\\\/10\\\/1-CARAL.jpg\",\"datePublished\":\"2024-10-18T23:51:53+00:00\",\"author\":{\"@id\":\"https:\\\/\\\/zonacaral.gob.pe\\\/es\\\/#\\\/schema\\\/person\\\/beddb4d22f71a7230c5b90913270a0ee\"},\"description\":\"Al conmemorarse 30 a\u00f1os del inicio de las investigaciones de Caral, el Ministerio de Cultura y la Zona Arqueol\u00f3gica Caral (ZAC), destacaron los valores de esta civilizaci\u00f3n considerada como la cuna de las culturas andinas y la m\u00e1s antigua de Am\u00e9rica.\",\"breadcrumb\":{\"@id\":\"https:\\\/\\\/zonacaral.gob.pe\\\/es\\\/noticias\\\/conmemoran-30-aniversario-de-la-civilizacion-caral-destacando-sus-valores-e-importancia-para-el-peru-y-el-mundo\\\/#breadcrumb\"},\"inLanguage\":\"en-US\",\"potentialAction\":[{\"@type\":\"ReadAction\",\"target\":[\"https:\\\/\\\/zonacaral.gob.pe\\\/es\\\/noticias\\\/conmemoran-30-aniversario-de-la-civilizacion-caral-destacando-sus-valores-e-importancia-para-el-peru-y-el-mundo\\\/\"]}]},{\"@type\":\"ImageObject\",\"inLanguage\":\"en-US\",\"@id\":\"https:\\\/\\\/zonacaral.gob.pe\\\/es\\\/noticias\\\/conmemoran-30-aniversario-de-la-civilizacion-caral-destacando-sus-valores-e-importancia-para-el-peru-y-el-mundo\\\/#primaryimage\",\"url\":\"https:\\\/\\\/zonacaral.gob.pe\\\/wp-content\\\/uploads\\\/2024\\\/10\\\/1-CARAL.jpg\",\"contentUrl\":\"https:\\\/\\\/zonacaral.gob.pe\\\/wp-content\\\/uploads\\\/2024\\\/10\\\/1-CARAL.jpg\",\"width\":700,\"height\":395},{\"@type\":\"BreadcrumbList\",\"@id\":\"https:\\\/\\\/zonacaral.gob.pe\\\/es\\\/noticias\\\/conmemoran-30-aniversario-de-la-civilizacion-caral-destacando-sus-valores-e-importancia-para-el-peru-y-el-mundo\\\/#breadcrumb\",\"itemListElement\":[{\"@type\":\"ListItem\",\"position\":1,\"name\":\"Portada\",\"item\":\"https:\\\/\\\/zonacaral.gob.pe\\\/\"},{\"@type\":\"ListItem\",\"position\":2,\"name\":\"Conmemoran 30 aniversario de la civilizaci\u00f3n Caral destacando sus valores e importancia para el Per\u00fa y el mundo\"}]},{\"@type\":\"WebSite\",\"@id\":\"https:\\\/\\\/zonacaral.gob.pe\\\/es\\\/#website\",\"url\":\"https:\\\/\\\/zonacaral.gob.pe\\\/es\\\/\",\"name\":\"Zona Caral\",\"description\":\"Investigamos, conservamos y difundimos el patrimonio cultural de la Civilizaci\u00f3n Caral, la m\u00e1s antigua de Am\u00e9rica.\",\"potentialAction\":[{\"@type\":\"SearchAction\",\"target\":{\"@type\":\"EntryPoint\",\"urlTemplate\":\"https:\\\/\\\/zonacaral.gob.pe\\\/es\\\/?s={search_term_string}\"},\"query-input\":{\"@type\":\"PropertyValueSpecification\",\"valueRequired\":true,\"valueName\":\"search_term_string\"}}],\"inLanguage\":\"en-US\"},{\"@type\":\"Person\",\"@id\":\"https:\\\/\\\/zonacaral.gob.pe\\\/es\\\/#\\\/schema\\\/person\\\/beddb4d22f71a7230c5b90913270a0ee\",\"name\":\"Zona Caral Administrador\",\"image\":{\"@type\":\"ImageObject\",\"inLanguage\":\"en-US\",\"@id\":\"https:\\\/\\\/secure.gravatar.com\\\/avatar\\\/e4be162918a696358376de6446614e0f0f4062bdc5d170d6d540ada3d8b58c12?s=96&d=mm&r=g\",\"url\":\"https:\\\/\\\/secure.gravatar.com\\\/avatar\\\/e4be162918a696358376de6446614e0f0f4062bdc5d170d6d540ada3d8b58c12?s=96&d=mm&r=g\",\"contentUrl\":\"https:\\\/\\\/secure.gravatar.com\\\/avatar\\\/e4be162918a696358376de6446614e0f0f4062bdc5d170d6d540ada3d8b58c12?s=96&d=mm&r=g\",\"caption\":\"Zona Caral Administrador\"},\"sameAs\":[\"https:\\\/\\\/zonacaral.gob.pe\"],\"url\":\"https:\\\/\\\/zonacaral.gob.pe\\\/en\\\/noticias\\\/author\\\/ad_zonacaral\\\/\"}]}<\/script>\n<!-- \/ Yoast SEO plugin. -->","yoast_head_json":{"title":"Conmemoran 30 aniversario de la civilizaci\u00f3n Caral destacando sus valores e importancia para el Per\u00fa y el mundo","description":"Al conmemorarse 30 a\u00f1os del inicio de las investigaciones de Caral, el Ministerio de Cultura y la Zona Arqueol\u00f3gica Caral (ZAC), destacaron los valores de esta civilizaci\u00f3n considerada como la cuna de las culturas andinas y la m\u00e1s antigua de Am\u00e9rica.","robots":{"index":"index","follow":"follow","max-snippet":"max-snippet:-1","max-image-preview":"max-image-preview:large","max-video-preview":"max-video-preview:-1"},"canonical":"https:\/\/zonacaral.gob.pe\/en\/noticias\/conmemoran-30-aniversario-de-la-civilizacion-caral-destacando-sus-valores-e-importancia-para-el-peru-y-el-mundo\/","og_locale":"en_US","og_type":"article","og_title":"Conmemoran 30 aniversario de la civilizaci\u00f3n Caral destacando sus valores e importancia para el Per\u00fa y el mundo","og_description":"Al conmemorarse 30 a\u00f1os del inicio de las investigaciones de Caral, el Ministerio de Cultura y la Zona Arqueol\u00f3gica Caral (ZAC), destacaron los valores de esta civilizaci\u00f3n considerada como la cuna de las culturas andinas y la m\u00e1s antigua de Am\u00e9rica.","og_url":"https:\/\/zonacaral.gob.pe\/en\/noticias\/conmemoran-30-aniversario-de-la-civilizacion-caral-destacando-sus-valores-e-importancia-para-el-peru-y-el-mundo\/","og_site_name":"Zona Caral","article_published_time":"2024-10-18T23:51:53+00:00","og_image":[{"width":700,"height":395,"url":"https:\/\/zonacaral.gob.pe\/wp-content\/uploads\/2024\/10\/1-CARAL.jpg","type":"image\/jpeg"}],"author":"Zona Caral Administrador","twitter_card":"summary_large_image","twitter_misc":{"Written by":"Zona Caral Administrador","Est. reading time":"4 minutes"},"schema":{"@context":"https:\/\/schema.org","@graph":[{"@type":"Article","@id":"https:\/\/zonacaral.gob.pe\/es\/noticias\/conmemoran-30-aniversario-de-la-civilizacion-caral-destacando-sus-valores-e-importancia-para-el-peru-y-el-mundo\/#article","isPartOf":{"@id":"https:\/\/zonacaral.gob.pe\/es\/noticias\/conmemoran-30-aniversario-de-la-civilizacion-caral-destacando-sus-valores-e-importancia-para-el-peru-y-el-mundo\/"},"author":{"name":"Zona Caral Administrador","@id":"https:\/\/zonacaral.gob.pe\/es\/#\/schema\/person\/beddb4d22f71a7230c5b90913270a0ee"},"headline":"Conmemoran 30 aniversario de la civilizaci\u00f3n Caral destacando sus valores e importancia para el Per\u00fa y el mundo","datePublished":"2024-10-18T23:51:53+00:00","mainEntityOfPage":{"@id":"https:\/\/zonacaral.gob.pe\/es\/noticias\/conmemoran-30-aniversario-de-la-civilizacion-caral-destacando-sus-valores-e-importancia-para-el-peru-y-el-mundo\/"},"wordCount":821,"image":{"@id":"https:\/\/zonacaral.gob.pe\/es\/noticias\/conmemoran-30-aniversario-de-la-civilizacion-caral-destacando-sus-valores-e-importancia-para-el-peru-y-el-mundo\/#primaryimage"},"thumbnailUrl":"https:\/\/zonacaral.gob.pe\/wp-content\/uploads\/2024\/10\/1-CARAL.jpg","keywords":["caral","Cultura"],"articleSection":["noticias"],"inLanguage":"en-US"},{"@type":"WebPage","@id":"https:\/\/zonacaral.gob.pe\/es\/noticias\/conmemoran-30-aniversario-de-la-civilizacion-caral-destacando-sus-valores-e-importancia-para-el-peru-y-el-mundo\/","url":"https:\/\/zonacaral.gob.pe\/es\/noticias\/conmemoran-30-aniversario-de-la-civilizacion-caral-destacando-sus-valores-e-importancia-para-el-peru-y-el-mundo\/","name":"Conmemoran 30 aniversario de la civilizaci\u00f3n Caral destacando sus valores e importancia para el Per\u00fa y el mundo","isPartOf":{"@id":"https:\/\/zonacaral.gob.pe\/es\/#website"},"primaryImageOfPage":{"@id":"https:\/\/zonacaral.gob.pe\/es\/noticias\/conmemoran-30-aniversario-de-la-civilizacion-caral-destacando-sus-valores-e-importancia-para-el-peru-y-el-mundo\/#primaryimage"},"image":{"@id":"https:\/\/zonacaral.gob.pe\/es\/noticias\/conmemoran-30-aniversario-de-la-civilizacion-caral-destacando-sus-valores-e-importancia-para-el-peru-y-el-mundo\/#primaryimage"},"thumbnailUrl":"https:\/\/zonacaral.gob.pe\/wp-content\/uploads\/2024\/10\/1-CARAL.jpg","datePublished":"2024-10-18T23:51:53+00:00","author":{"@id":"https:\/\/zonacaral.gob.pe\/es\/#\/schema\/person\/beddb4d22f71a7230c5b90913270a0ee"},"description":"Al conmemorarse 30 a\u00f1os del inicio de las investigaciones de Caral, el Ministerio de Cultura y la Zona Arqueol\u00f3gica Caral (ZAC), destacaron los valores de esta civilizaci\u00f3n considerada como la cuna de las culturas andinas y la m\u00e1s antigua de Am\u00e9rica.","breadcrumb":{"@id":"https:\/\/zonacaral.gob.pe\/es\/noticias\/conmemoran-30-aniversario-de-la-civilizacion-caral-destacando-sus-valores-e-importancia-para-el-peru-y-el-mundo\/#breadcrumb"},"inLanguage":"en-US","potentialAction":[{"@type":"ReadAction","target":["https:\/\/zonacaral.gob.pe\/es\/noticias\/conmemoran-30-aniversario-de-la-civilizacion-caral-destacando-sus-valores-e-importancia-para-el-peru-y-el-mundo\/"]}]},{"@type":"ImageObject","inLanguage":"en-US","@id":"https:\/\/zonacaral.gob.pe\/es\/noticias\/conmemoran-30-aniversario-de-la-civilizacion-caral-destacando-sus-valores-e-importancia-para-el-peru-y-el-mundo\/#primaryimage","url":"https:\/\/zonacaral.gob.pe\/wp-content\/uploads\/2024\/10\/1-CARAL.jpg","contentUrl":"https:\/\/zonacaral.gob.pe\/wp-content\/uploads\/2024\/10\/1-CARAL.jpg","width":700,"height":395},{"@type":"BreadcrumbList","@id":"https:\/\/zonacaral.gob.pe\/es\/noticias\/conmemoran-30-aniversario-de-la-civilizacion-caral-destacando-sus-valores-e-importancia-para-el-peru-y-el-mundo\/#breadcrumb","itemListElement":[{"@type":"ListItem","position":1,"name":"Portada","item":"https:\/\/zonacaral.gob.pe\/"},{"@type":"ListItem","position":2,"name":"Conmemoran 30 aniversario de la civilizaci\u00f3n Caral destacando sus valores e importancia para el Per\u00fa y el mundo"}]},{"@type":"WebSite","@id":"https:\/\/zonacaral.gob.pe\/es\/#website","url":"https:\/\/zonacaral.gob.pe\/es\/","name":"Zona Caral","description":"Investigamos, conservamos y difundimos el patrimonio cultural de la Civilizaci\u00f3n Caral, la m\u00e1s antigua de Am\u00e9rica.","potentialAction":[{"@type":"SearchAction","target":{"@type":"EntryPoint","urlTemplate":"https:\/\/zonacaral.gob.pe\/es\/?s={search_term_string}"},"query-input":{"@type":"PropertyValueSpecification","valueRequired":true,"valueName":"search_term_string"}}],"inLanguage":"en-US"},{"@type":"Person","@id":"https:\/\/zonacaral.gob.pe\/es\/#\/schema\/person\/beddb4d22f71a7230c5b90913270a0ee","name":"Zona Caral Administrador","image":{"@type":"ImageObject","inLanguage":"en-US","@id":"https:\/\/secure.gravatar.com\/avatar\/e4be162918a696358376de6446614e0f0f4062bdc5d170d6d540ada3d8b58c12?s=96&d=mm&r=g","url":"https:\/\/secure.gravatar.com\/avatar\/e4be162918a696358376de6446614e0f0f4062bdc5d170d6d540ada3d8b58c12?s=96&d=mm&r=g","contentUrl":"https:\/\/secure.gravatar.com\/avatar\/e4be162918a696358376de6446614e0f0f4062bdc5d170d6d540ada3d8b58c12?s=96&d=mm&r=g","caption":"Zona Caral Administrador"},"sameAs":["https:\/\/zonacaral.gob.pe"],"url":"https:\/\/zonacaral.gob.pe\/en\/noticias\/author\/ad_zonacaral\/"}]}},"_links":{"self":[{"href":"https:\/\/zonacaral.gob.pe\/en\/wp-json\/wp\/v2\/posts\/17914","targetHints":{"allow":["GET"]}}],"collection":[{"href":"https:\/\/zonacaral.gob.pe\/en\/wp-json\/wp\/v2\/posts"}],"about":[{"href":"https:\/\/zonacaral.gob.pe\/en\/wp-json\/wp\/v2\/types\/post"}],"author":[{"embeddable":true,"href":"https:\/\/zonacaral.gob.pe\/en\/wp-json\/wp\/v2\/users\/1"}],"replies":[{"embeddable":true,"href":"https:\/\/zonacaral.gob.pe\/en\/wp-json\/wp\/v2\/comments?post=17914"}],"version-history":[{"count":0,"href":"https:\/\/zonacaral.gob.pe\/en\/wp-json\/wp\/v2\/posts\/17914\/revisions"}],"wp:featuredmedia":[{"embeddable":true,"href":"https:\/\/zonacaral.gob.pe\/en\/wp-json\/wp\/v2\/media\/17920"}],"wp:attachment":[{"href":"https:\/\/zonacaral.gob.pe\/en\/wp-json\/wp\/v2\/media?parent=17914"}],"wp:term":[{"taxonomy":"category","embeddable":true,"href":"https:\/\/zonacaral.gob.pe\/en\/wp-json\/wp\/v2\/categories?post=17914"},{"taxonomy":"post_tag","embeddable":true,"href":"https:\/\/zonacaral.gob.pe\/en\/wp-json\/wp\/v2\/tags?post=17914"}],"curies":[{"name":"wp","href":"https:\/\/api.w.org\/{rel}","templated":true}]}}