{"id":17923,"date":"2024-10-22T17:13:48","date_gmt":"2024-10-22T22:13:48","guid":{"rendered":"https:\/\/www.zonacaral.gob.pe\/?p=17923"},"modified":"2024-10-22T17:13:48","modified_gmt":"2024-10-22T22:13:48","slug":"caral-raymi-2024-25-y-26-de-octubre-se-realizara-la-fiesta-mas-importante-de-la-civilizacion-caral","status":"publish","type":"post","link":"https:\/\/zonacaral.gob.pe\/en\/noticias\/caral-raymi-2024-25-y-26-de-octubre-se-realizara-la-fiesta-mas-importante-de-la-civilizacion-caral\/","title":{"rendered":"CARAL Raymi 2024: 25 y 26 de octubre se realizar\u00e1 la fiesta m\u00e1s importante de la Civilizaci\u00f3n Caral"},"content":{"rendered":"<figure class=\"pic-autor\" style=\"color: #4d4d4d; text-align: justify;\"><\/figure>\n<div class=\"gmail_default\" style=\"text-align: justify;\">\n<blockquote>\n<p><i><span style=\"font-weight: 400;\">Se iluminar\u00e1n las principales pir\u00e1mides y senderos del asentamiento.<\/span><\/i><\/p>\n<p><i><span style=\"font-weight: 400;\">Ingreso gratuito viernes 25 desde las 5:00 p. m. y s\u00e1bado 26 todo el d\u00eda.<\/span><\/i><\/p>\n<\/blockquote>\n<p><span style=\"font-weight: 400;\">Este 25 y 26 de octubre la Ciudad Sagrada de Caral-Supe, Patrimonio Mundial, situada en el valle de Supe, provincia de Barranca, se prepara para celebrar el <\/span><a href=\"https:\/\/www.gob.pe\/institucion\/caral\/campa%C3%B1as\/79687-caral-raymi-2024\"><span style=\"font-weight: 400;\">\u00abCaral Raymi 2024\u00bb<\/span><\/a><span style=\"font-weight: 400;\">; fiesta tradicional andina, cultural y gratuita, que busca conmemorar el 30 aniversario del inicio de investigaciones sobre la Civilizaci\u00f3n Caral.<\/span><\/p>\n<p><span style=\"font-weight: 400;\">En este evento, que se realizar\u00e1 en el mismo sitio arqueol\u00f3gico (ubicado a cuatro horas al norte de la ciudad de Lima), se buscar\u00e1 resaltar los conocimientos que produjeron en ciencia y tecnolog\u00eda, su relaci\u00f3n intercultural con integraci\u00f3n en la diversidad, entre otros los valores sociales y culturales de la primera civilizaci\u00f3n de Am\u00e9rica, desarrollada hace 5000 a\u00f1os, casi en simult\u00e1neo con las civilizaciones de Egipto, China e India.<\/span><\/p>\n<p><b>\u00bfQu\u00e9 actividades se realizar\u00e1n?<\/b><\/p>\n<p><span style=\"font-weight: 400;\">El viernes 25, desde las 5:30 p. m., se iluminar\u00e1 gran parte de los caminos e importantes pir\u00e1mides de la <\/span><a href=\"https:\/\/www.zonacaral.gob.pe\/ruta-caral\/ciudad-sagrada-de-caral.html\"><span style=\"font-weight: 400;\">Ciudad Sagrada de Caral-Supe<\/span><\/a><span style=\"font-weight: 400;\">, una vista \u00fanica en todo el a\u00f1o. Asimismo, apreciaremos la puesta en escena de los valores de Caral; y en el altar del fuego, situado en el Apu Gozne, el \u201cSe\u00f1or de Caral\u201d y su s\u00e9quito, dar\u00e1 la bienvenida a los asistentes. A esta celebraci\u00f3n, llegar\u00e1n las autoridades de Vichama y \u00c1spero, y pobladores de las tierras del valle, de la sierra, selva y del altiplano.<\/span><\/p>\n<p><span style=\"font-weight: 400;\">Luego, la mediadora Am\u00e9rica Bazalar dirigir\u00e1 la ceremonia tradicional de pago a la Pachamama, en agradecimiento por los bienes recibidos y asegurar su renovaci\u00f3n. El evento concluir\u00e1 este d\u00eda con la m\u00fasica de los sikuris y la danza general de integraci\u00f3n con todos los participantes.<\/span><\/p>\n<p><span style=\"font-weight: 400;\">Al siguiente d\u00eda, el s\u00e1bado 26, el <\/span><a href=\"https:\/\/www.gob.pe\/institucion\/caral\/campa%C3%B1as\/79687-caral-raymi-2024\"><span style=\"font-weight: 400;\">\u00abCaral Raymi\u00bb<\/span><\/a><span style=\"font-weight: 400;\"> continuar\u00e1 desde las 10:00 a. m., con el ingreso gratuito al sitio arqueol\u00f3gico, y guiados especiales por toda la ciudad de Caral, desde el denominado T\u00fanel de la Ciencia, hasta el principal edificio piramidal, con el fin de que conozcan el avance de las investigaciones y la importancia para el Per\u00fa y el mundo de este asentamiento.<\/span><\/p>\n<p><span style=\"font-weight: 400;\">Y, desde el mediod\u00eda, hasta las 3:00 p. m., con la presencia de la doctora Ruth Shady, las actividades se realizar\u00e1n en la zona de recepci\u00f3n donde habr\u00e1 danzas, presentaciones art\u00edsticas, exposici\u00f3n y venta de productos artesanales, agrarios y gastronom\u00eda local, las cuales buscan exponer los diferentes servicios que se puede encontrar en Barranca, Supe y Huaura.<\/span><\/p>\n<p><b>DATOS<\/b><\/p>\n<p><span style=\"font-weight: 400;\">Las actividades son de libre participaci\u00f3n, pero la <\/span><a href=\"https:\/\/www.instagram.com\/caralperu\/?hl=es\"><span style=\"font-weight: 400;\">Zona Arqueol\u00f3gica Caral<\/span><\/a><span style=\"font-weight: 400;\">, a trav\u00e9s de su programa de <\/span><a href=\"https:\/\/www.zonacaral.gob.pe\/ruta-caral\/viajes-culturales.html\"><span style=\"font-weight: 400;\">Cultural Trips<\/span><\/a><span style=\"font-weight: 400;\">, tambi\u00e9n organizar\u00e1 un paseo de dos d\u00edas y una noche, con campamento, a un m\u00f3dico costo. Para m\u00e1s informaci\u00f3n comunicarse al WhatsApp <\/span><a href=\"https:\/\/bit.ly\/955881340\"><span style=\"font-weight: 400;\">955 881 340<\/span><\/a><span style=\"font-weight: 400;\">.<\/span><\/p>\n<p><strong style=\"font-size: inherit; text-align: justify;\"><br>Fuente: Comunicaci\u00f3n e Imagen Institucional ZAC<\/strong><\/p>\n<\/div>\n<div style=\"color: #1f1f1f;\">\n<div style=\"color: #1f1f1f;\">\n<p style=\"text-align: justify;\">Fecha de publicaci\u00f3n: 22\/10\/2024<\/p>\n<\/div>\n<\/div>\n\n\n<p><\/p>","protected":false},"excerpt":{"rendered":"<p>Se iluminar\u00e1n las principales pir\u00e1mides y senderos del asentamiento. Ingreso gratuito viernes 25 desde las 5:00 p. m. y s\u00e1bado [&hellip;]<\/p>\n","protected":false},"author":1,"featured_media":17925,"comment_status":"closed","ping_status":"open","sticky":false,"template":"","format":"standard","meta":{"_acf_changed":false,"site-sidebar-layout":"default","site-content-layout":"","ast-site-content-layout":"default","site-content-style":"default","site-sidebar-style":"default","ast-global-header-display":"","ast-banner-title-visibility":"","ast-main-header-display":"","ast-hfb-above-header-display":"","ast-hfb-below-header-display":"","ast-hfb-mobile-header-display":"","site-post-title":"","ast-breadcrumbs-content":"","ast-featured-img":"","footer-sml-layout":"","ast-disable-related-posts":"","theme-transparent-header-meta":"","adv-header-id-meta":"","stick-header-meta":"","header-above-stick-meta":"","header-main-stick-meta":"","header-below-stick-meta":"","astra-migrate-meta-layouts":"default","ast-page-background-enabled":"default","ast-page-background-meta":{"desktop":{"background-color":"var(--ast-global-color-5)","background-image":"","background-repeat":"repeat","background-position":"center center","background-size":"auto","background-attachment":"scroll","background-type":"","background-media":"","overlay-type":"","overlay-color":"","overlay-opacity":"","overlay-gradient":""},"tablet":{"background-color":"","background-image":"","background-repeat":"repeat","background-position":"center center","background-size":"auto","background-attachment":"scroll","background-type":"","background-media":"","overlay-type":"","overlay-color":"","overlay-opacity":"","overlay-gradient":""},"mobile":{"background-color":"","background-image":"","background-repeat":"repeat","background-position":"center center","background-size":"auto","background-attachment":"scroll","background-type":"","background-media":"","overlay-type":"","overlay-color":"","overlay-opacity":"","overlay-gradient":""}},"ast-content-background-meta":{"desktop":{"background-color":"var(--ast-global-color-4)","background-image":"","background-repeat":"repeat","background-position":"center center","background-size":"auto","background-attachment":"scroll","background-type":"","background-media":"","overlay-type":"","overlay-color":"","overlay-opacity":"","overlay-gradient":""},"tablet":{"background-color":"var(--ast-global-color-4)","background-image":"","background-repeat":"repeat","background-position":"center center","background-size":"auto","background-attachment":"scroll","background-type":"","background-media":"","overlay-type":"","overlay-color":"","overlay-opacity":"","overlay-gradient":""},"mobile":{"background-color":"var(--ast-global-color-4)","background-image":"","background-repeat":"repeat","background-position":"center center","background-size":"auto","background-attachment":"scroll","background-type":"","background-media":"","overlay-type":"","overlay-color":"","overlay-opacity":"","overlay-gradient":""}},"footnotes":""},"categories":[208],"tags":[55,72],"class_list":["post-17923","post","type-post","status-publish","format-standard","has-post-thumbnail","hentry","category-noticias","tag-caral","tag-cultura"],"acf":[],"yoast_head":"<!-- This site is optimized with the Yoast SEO plugin v27.3 - https:\/\/yoast.com\/product\/yoast-seo-wordpress\/ -->\n<title>CARAL Raymi 2024: 25 y 26 de octubre se realizar\u00e1 la fiesta m\u00e1s importante de la Civilizaci\u00f3n Caral<\/title>\n<meta name=\"description\" content=\"Este 25 y 26 de octubre la Ciudad Sagrada de Caral-Supe, Patrimonio Mundial, situada en el valle de Supe, provincia de Barranca, se prepara para celebrar el \u00abCaral Raymi 2024\u00bb; fiesta tradicional andina, cultural y gratuita, que busca conmemorar el 30 aniversario del inicio de investigaciones sobre la Civilizaci\u00f3n Caral.\" \/>\n<meta name=\"robots\" content=\"index, follow, max-snippet:-1, max-image-preview:large, max-video-preview:-1\" \/>\n<link rel=\"canonical\" href=\"https:\/\/zonacaral.gob.pe\/en\/noticias\/caral-raymi-2024-25-y-26-de-octubre-se-realizara-la-fiesta-mas-importante-de-la-civilizacion-caral\/\" \/>\n<meta property=\"og:locale\" content=\"en_US\" \/>\n<meta property=\"og:type\" content=\"article\" \/>\n<meta property=\"og:title\" content=\"CARAL Raymi 2024: 25 y 26 de octubre se realizar\u00e1 la fiesta m\u00e1s importante de la Civilizaci\u00f3n Caral\" \/>\n<meta property=\"og:description\" content=\"Este 25 y 26 de octubre la Ciudad Sagrada de Caral-Supe, Patrimonio Mundial, situada en el valle de Supe, provincia de Barranca, se prepara para celebrar el \u00abCaral Raymi 2024\u00bb; fiesta tradicional andina, cultural y gratuita, que busca conmemorar el 30 aniversario del inicio de investigaciones sobre la Civilizaci\u00f3n Caral.\" \/>\n<meta property=\"og:url\" content=\"https:\/\/zonacaral.gob.pe\/en\/noticias\/caral-raymi-2024-25-y-26-de-octubre-se-realizara-la-fiesta-mas-importante-de-la-civilizacion-caral\/\" \/>\n<meta property=\"og:site_name\" content=\"Zona Caral\" \/>\n<meta property=\"article:published_time\" content=\"2024-10-22T22:13:48+00:00\" \/>\n<meta property=\"og:image\" content=\"https:\/\/zonacaral.gob.pe\/wp-content\/uploads\/2024\/10\/Aniversario_Caral_1.jpg\" \/>\n\t<meta property=\"og:image:width\" content=\"700\" \/>\n\t<meta property=\"og:image:height\" content=\"395\" \/>\n\t<meta property=\"og:image:type\" content=\"image\/jpeg\" \/>\n<meta name=\"author\" content=\"Zona Caral Administrador\" \/>\n<meta name=\"twitter:card\" content=\"summary_large_image\" \/>\n<meta name=\"twitter:label1\" content=\"Written by\" \/>\n\t<meta name=\"twitter:data1\" content=\"Zona Caral Administrador\" \/>\n\t<meta name=\"twitter:label2\" content=\"Est. reading time\" \/>\n\t<meta name=\"twitter:data2\" content=\"2 minutes\" \/>\n<script type=\"application\/ld+json\" class=\"yoast-schema-graph\">{\"@context\":\"https:\\\/\\\/schema.org\",\"@graph\":[{\"@type\":\"Article\",\"@id\":\"https:\\\/\\\/zonacaral.gob.pe\\\/es\\\/noticias\\\/caral-raymi-2024-25-y-26-de-octubre-se-realizara-la-fiesta-mas-importante-de-la-civilizacion-caral\\\/#article\",\"isPartOf\":{\"@id\":\"https:\\\/\\\/zonacaral.gob.pe\\\/es\\\/noticias\\\/caral-raymi-2024-25-y-26-de-octubre-se-realizara-la-fiesta-mas-importante-de-la-civilizacion-caral\\\/\"},\"author\":{\"name\":\"Zona Caral Administrador\",\"@id\":\"https:\\\/\\\/zonacaral.gob.pe\\\/es\\\/#\\\/schema\\\/person\\\/beddb4d22f71a7230c5b90913270a0ee\"},\"headline\":\"CARAL Raymi 2024: 25 y 26 de octubre se realizar\u00e1 la fiesta m\u00e1s importante de la Civilizaci\u00f3n Caral\",\"datePublished\":\"2024-10-22T22:13:48+00:00\",\"mainEntityOfPage\":{\"@id\":\"https:\\\/\\\/zonacaral.gob.pe\\\/es\\\/noticias\\\/caral-raymi-2024-25-y-26-de-octubre-se-realizara-la-fiesta-mas-importante-de-la-civilizacion-caral\\\/\"},\"wordCount\":505,\"image\":{\"@id\":\"https:\\\/\\\/zonacaral.gob.pe\\\/es\\\/noticias\\\/caral-raymi-2024-25-y-26-de-octubre-se-realizara-la-fiesta-mas-importante-de-la-civilizacion-caral\\\/#primaryimage\"},\"thumbnailUrl\":\"https:\\\/\\\/zonacaral.gob.pe\\\/wp-content\\\/uploads\\\/2024\\\/10\\\/Aniversario_Caral_1.jpg\",\"keywords\":[\"caral\",\"Cultura\"],\"articleSection\":[\"noticias\"],\"inLanguage\":\"en-US\"},{\"@type\":\"WebPage\",\"@id\":\"https:\\\/\\\/zonacaral.gob.pe\\\/es\\\/noticias\\\/caral-raymi-2024-25-y-26-de-octubre-se-realizara-la-fiesta-mas-importante-de-la-civilizacion-caral\\\/\",\"url\":\"https:\\\/\\\/zonacaral.gob.pe\\\/es\\\/noticias\\\/caral-raymi-2024-25-y-26-de-octubre-se-realizara-la-fiesta-mas-importante-de-la-civilizacion-caral\\\/\",\"name\":\"CARAL Raymi 2024: 25 y 26 de octubre se realizar\u00e1 la fiesta m\u00e1s importante de la Civilizaci\u00f3n Caral\",\"isPartOf\":{\"@id\":\"https:\\\/\\\/zonacaral.gob.pe\\\/es\\\/#website\"},\"primaryImageOfPage\":{\"@id\":\"https:\\\/\\\/zonacaral.gob.pe\\\/es\\\/noticias\\\/caral-raymi-2024-25-y-26-de-octubre-se-realizara-la-fiesta-mas-importante-de-la-civilizacion-caral\\\/#primaryimage\"},\"image\":{\"@id\":\"https:\\\/\\\/zonacaral.gob.pe\\\/es\\\/noticias\\\/caral-raymi-2024-25-y-26-de-octubre-se-realizara-la-fiesta-mas-importante-de-la-civilizacion-caral\\\/#primaryimage\"},\"thumbnailUrl\":\"https:\\\/\\\/zonacaral.gob.pe\\\/wp-content\\\/uploads\\\/2024\\\/10\\\/Aniversario_Caral_1.jpg\",\"datePublished\":\"2024-10-22T22:13:48+00:00\",\"author\":{\"@id\":\"https:\\\/\\\/zonacaral.gob.pe\\\/es\\\/#\\\/schema\\\/person\\\/beddb4d22f71a7230c5b90913270a0ee\"},\"description\":\"Este 25 y 26 de octubre la Ciudad Sagrada de Caral-Supe, Patrimonio Mundial, situada en el valle de Supe, provincia de Barranca, se prepara para celebrar el \u00abCaral Raymi 2024\u00bb; fiesta tradicional andina, cultural y gratuita, que busca conmemorar el 30 aniversario del inicio de investigaciones sobre la Civilizaci\u00f3n Caral.\",\"breadcrumb\":{\"@id\":\"https:\\\/\\\/zonacaral.gob.pe\\\/es\\\/noticias\\\/caral-raymi-2024-25-y-26-de-octubre-se-realizara-la-fiesta-mas-importante-de-la-civilizacion-caral\\\/#breadcrumb\"},\"inLanguage\":\"en-US\",\"potentialAction\":[{\"@type\":\"ReadAction\",\"target\":[\"https:\\\/\\\/zonacaral.gob.pe\\\/es\\\/noticias\\\/caral-raymi-2024-25-y-26-de-octubre-se-realizara-la-fiesta-mas-importante-de-la-civilizacion-caral\\\/\"]}]},{\"@type\":\"ImageObject\",\"inLanguage\":\"en-US\",\"@id\":\"https:\\\/\\\/zonacaral.gob.pe\\\/es\\\/noticias\\\/caral-raymi-2024-25-y-26-de-octubre-se-realizara-la-fiesta-mas-importante-de-la-civilizacion-caral\\\/#primaryimage\",\"url\":\"https:\\\/\\\/zonacaral.gob.pe\\\/wp-content\\\/uploads\\\/2024\\\/10\\\/Aniversario_Caral_1.jpg\",\"contentUrl\":\"https:\\\/\\\/zonacaral.gob.pe\\\/wp-content\\\/uploads\\\/2024\\\/10\\\/Aniversario_Caral_1.jpg\",\"width\":700,\"height\":395},{\"@type\":\"BreadcrumbList\",\"@id\":\"https:\\\/\\\/zonacaral.gob.pe\\\/es\\\/noticias\\\/caral-raymi-2024-25-y-26-de-octubre-se-realizara-la-fiesta-mas-importante-de-la-civilizacion-caral\\\/#breadcrumb\",\"itemListElement\":[{\"@type\":\"ListItem\",\"position\":1,\"name\":\"Portada\",\"item\":\"https:\\\/\\\/zonacaral.gob.pe\\\/\"},{\"@type\":\"ListItem\",\"position\":2,\"name\":\"CARAL Raymi 2024: 25 y 26 de octubre se realizar\u00e1 la fiesta m\u00e1s importante de la Civilizaci\u00f3n Caral\"}]},{\"@type\":\"WebSite\",\"@id\":\"https:\\\/\\\/zonacaral.gob.pe\\\/es\\\/#website\",\"url\":\"https:\\\/\\\/zonacaral.gob.pe\\\/es\\\/\",\"name\":\"Zona Caral\",\"description\":\"Investigamos, conservamos y difundimos el patrimonio cultural de la Civilizaci\u00f3n Caral, la m\u00e1s antigua de Am\u00e9rica.\",\"potentialAction\":[{\"@type\":\"SearchAction\",\"target\":{\"@type\":\"EntryPoint\",\"urlTemplate\":\"https:\\\/\\\/zonacaral.gob.pe\\\/es\\\/?s={search_term_string}\"},\"query-input\":{\"@type\":\"PropertyValueSpecification\",\"valueRequired\":true,\"valueName\":\"search_term_string\"}}],\"inLanguage\":\"en-US\"},{\"@type\":\"Person\",\"@id\":\"https:\\\/\\\/zonacaral.gob.pe\\\/es\\\/#\\\/schema\\\/person\\\/beddb4d22f71a7230c5b90913270a0ee\",\"name\":\"Zona Caral Administrador\",\"image\":{\"@type\":\"ImageObject\",\"inLanguage\":\"en-US\",\"@id\":\"https:\\\/\\\/secure.gravatar.com\\\/avatar\\\/e4be162918a696358376de6446614e0f0f4062bdc5d170d6d540ada3d8b58c12?s=96&d=mm&r=g\",\"url\":\"https:\\\/\\\/secure.gravatar.com\\\/avatar\\\/e4be162918a696358376de6446614e0f0f4062bdc5d170d6d540ada3d8b58c12?s=96&d=mm&r=g\",\"contentUrl\":\"https:\\\/\\\/secure.gravatar.com\\\/avatar\\\/e4be162918a696358376de6446614e0f0f4062bdc5d170d6d540ada3d8b58c12?s=96&d=mm&r=g\",\"caption\":\"Zona Caral Administrador\"},\"sameAs\":[\"https:\\\/\\\/zonacaral.gob.pe\"],\"url\":\"https:\\\/\\\/zonacaral.gob.pe\\\/en\\\/noticias\\\/author\\\/ad_zonacaral\\\/\"}]}<\/script>\n<!-- \/ Yoast SEO plugin. -->","yoast_head_json":{"title":"CARAL Raymi 2024: 25 y 26 de octubre se realizar\u00e1 la fiesta m\u00e1s importante de la Civilizaci\u00f3n Caral","description":"Este 25 y 26 de octubre la Ciudad Sagrada de Caral-Supe, Patrimonio Mundial, situada en el valle de Supe, provincia de Barranca, se prepara para celebrar el \u00abCaral Raymi 2024\u00bb; fiesta tradicional andina, cultural y gratuita, que busca conmemorar el 30 aniversario del inicio de investigaciones sobre la Civilizaci\u00f3n Caral.","robots":{"index":"index","follow":"follow","max-snippet":"max-snippet:-1","max-image-preview":"max-image-preview:large","max-video-preview":"max-video-preview:-1"},"canonical":"https:\/\/zonacaral.gob.pe\/en\/noticias\/caral-raymi-2024-25-y-26-de-octubre-se-realizara-la-fiesta-mas-importante-de-la-civilizacion-caral\/","og_locale":"en_US","og_type":"article","og_title":"CARAL Raymi 2024: 25 y 26 de octubre se realizar\u00e1 la fiesta m\u00e1s importante de la Civilizaci\u00f3n Caral","og_description":"Este 25 y 26 de octubre la Ciudad Sagrada de Caral-Supe, Patrimonio Mundial, situada en el valle de Supe, provincia de Barranca, se prepara para celebrar el \u00abCaral Raymi 2024\u00bb; fiesta tradicional andina, cultural y gratuita, que busca conmemorar el 30 aniversario del inicio de investigaciones sobre la Civilizaci\u00f3n Caral.","og_url":"https:\/\/zonacaral.gob.pe\/en\/noticias\/caral-raymi-2024-25-y-26-de-octubre-se-realizara-la-fiesta-mas-importante-de-la-civilizacion-caral\/","og_site_name":"Zona Caral","article_published_time":"2024-10-22T22:13:48+00:00","og_image":[{"width":700,"height":395,"url":"https:\/\/zonacaral.gob.pe\/wp-content\/uploads\/2024\/10\/Aniversario_Caral_1.jpg","type":"image\/jpeg"}],"author":"Zona Caral Administrador","twitter_card":"summary_large_image","twitter_misc":{"Written by":"Zona Caral Administrador","Est. reading time":"2 minutes"},"schema":{"@context":"https:\/\/schema.org","@graph":[{"@type":"Article","@id":"https:\/\/zonacaral.gob.pe\/es\/noticias\/caral-raymi-2024-25-y-26-de-octubre-se-realizara-la-fiesta-mas-importante-de-la-civilizacion-caral\/#article","isPartOf":{"@id":"https:\/\/zonacaral.gob.pe\/es\/noticias\/caral-raymi-2024-25-y-26-de-octubre-se-realizara-la-fiesta-mas-importante-de-la-civilizacion-caral\/"},"author":{"name":"Zona Caral Administrador","@id":"https:\/\/zonacaral.gob.pe\/es\/#\/schema\/person\/beddb4d22f71a7230c5b90913270a0ee"},"headline":"CARAL Raymi 2024: 25 y 26 de octubre se realizar\u00e1 la fiesta m\u00e1s importante de la Civilizaci\u00f3n Caral","datePublished":"2024-10-22T22:13:48+00:00","mainEntityOfPage":{"@id":"https:\/\/zonacaral.gob.pe\/es\/noticias\/caral-raymi-2024-25-y-26-de-octubre-se-realizara-la-fiesta-mas-importante-de-la-civilizacion-caral\/"},"wordCount":505,"image":{"@id":"https:\/\/zonacaral.gob.pe\/es\/noticias\/caral-raymi-2024-25-y-26-de-octubre-se-realizara-la-fiesta-mas-importante-de-la-civilizacion-caral\/#primaryimage"},"thumbnailUrl":"https:\/\/zonacaral.gob.pe\/wp-content\/uploads\/2024\/10\/Aniversario_Caral_1.jpg","keywords":["caral","Cultura"],"articleSection":["noticias"],"inLanguage":"en-US"},{"@type":"WebPage","@id":"https:\/\/zonacaral.gob.pe\/es\/noticias\/caral-raymi-2024-25-y-26-de-octubre-se-realizara-la-fiesta-mas-importante-de-la-civilizacion-caral\/","url":"https:\/\/zonacaral.gob.pe\/es\/noticias\/caral-raymi-2024-25-y-26-de-octubre-se-realizara-la-fiesta-mas-importante-de-la-civilizacion-caral\/","name":"CARAL Raymi 2024: 25 y 26 de octubre se realizar\u00e1 la fiesta m\u00e1s importante de la Civilizaci\u00f3n Caral","isPartOf":{"@id":"https:\/\/zonacaral.gob.pe\/es\/#website"},"primaryImageOfPage":{"@id":"https:\/\/zonacaral.gob.pe\/es\/noticias\/caral-raymi-2024-25-y-26-de-octubre-se-realizara-la-fiesta-mas-importante-de-la-civilizacion-caral\/#primaryimage"},"image":{"@id":"https:\/\/zonacaral.gob.pe\/es\/noticias\/caral-raymi-2024-25-y-26-de-octubre-se-realizara-la-fiesta-mas-importante-de-la-civilizacion-caral\/#primaryimage"},"thumbnailUrl":"https:\/\/zonacaral.gob.pe\/wp-content\/uploads\/2024\/10\/Aniversario_Caral_1.jpg","datePublished":"2024-10-22T22:13:48+00:00","author":{"@id":"https:\/\/zonacaral.gob.pe\/es\/#\/schema\/person\/beddb4d22f71a7230c5b90913270a0ee"},"description":"Este 25 y 26 de octubre la Ciudad Sagrada de Caral-Supe, Patrimonio Mundial, situada en el valle de Supe, provincia de Barranca, se prepara para celebrar el \u00abCaral Raymi 2024\u00bb; fiesta tradicional andina, cultural y gratuita, que busca conmemorar el 30 aniversario del inicio de investigaciones sobre la Civilizaci\u00f3n Caral.","breadcrumb":{"@id":"https:\/\/zonacaral.gob.pe\/es\/noticias\/caral-raymi-2024-25-y-26-de-octubre-se-realizara-la-fiesta-mas-importante-de-la-civilizacion-caral\/#breadcrumb"},"inLanguage":"en-US","potentialAction":[{"@type":"ReadAction","target":["https:\/\/zonacaral.gob.pe\/es\/noticias\/caral-raymi-2024-25-y-26-de-octubre-se-realizara-la-fiesta-mas-importante-de-la-civilizacion-caral\/"]}]},{"@type":"ImageObject","inLanguage":"en-US","@id":"https:\/\/zonacaral.gob.pe\/es\/noticias\/caral-raymi-2024-25-y-26-de-octubre-se-realizara-la-fiesta-mas-importante-de-la-civilizacion-caral\/#primaryimage","url":"https:\/\/zonacaral.gob.pe\/wp-content\/uploads\/2024\/10\/Aniversario_Caral_1.jpg","contentUrl":"https:\/\/zonacaral.gob.pe\/wp-content\/uploads\/2024\/10\/Aniversario_Caral_1.jpg","width":700,"height":395},{"@type":"BreadcrumbList","@id":"https:\/\/zonacaral.gob.pe\/es\/noticias\/caral-raymi-2024-25-y-26-de-octubre-se-realizara-la-fiesta-mas-importante-de-la-civilizacion-caral\/#breadcrumb","itemListElement":[{"@type":"ListItem","position":1,"name":"Portada","item":"https:\/\/zonacaral.gob.pe\/"},{"@type":"ListItem","position":2,"name":"CARAL Raymi 2024: 25 y 26 de octubre se realizar\u00e1 la fiesta m\u00e1s importante de la Civilizaci\u00f3n Caral"}]},{"@type":"WebSite","@id":"https:\/\/zonacaral.gob.pe\/es\/#website","url":"https:\/\/zonacaral.gob.pe\/es\/","name":"Zona Caral","description":"Investigamos, conservamos y difundimos el patrimonio cultural de la Civilizaci\u00f3n Caral, la m\u00e1s antigua de Am\u00e9rica.","potentialAction":[{"@type":"SearchAction","target":{"@type":"EntryPoint","urlTemplate":"https:\/\/zonacaral.gob.pe\/es\/?s={search_term_string}"},"query-input":{"@type":"PropertyValueSpecification","valueRequired":true,"valueName":"search_term_string"}}],"inLanguage":"en-US"},{"@type":"Person","@id":"https:\/\/zonacaral.gob.pe\/es\/#\/schema\/person\/beddb4d22f71a7230c5b90913270a0ee","name":"Zona Caral Administrador","image":{"@type":"ImageObject","inLanguage":"en-US","@id":"https:\/\/secure.gravatar.com\/avatar\/e4be162918a696358376de6446614e0f0f4062bdc5d170d6d540ada3d8b58c12?s=96&d=mm&r=g","url":"https:\/\/secure.gravatar.com\/avatar\/e4be162918a696358376de6446614e0f0f4062bdc5d170d6d540ada3d8b58c12?s=96&d=mm&r=g","contentUrl":"https:\/\/secure.gravatar.com\/avatar\/e4be162918a696358376de6446614e0f0f4062bdc5d170d6d540ada3d8b58c12?s=96&d=mm&r=g","caption":"Zona Caral Administrador"},"sameAs":["https:\/\/zonacaral.gob.pe"],"url":"https:\/\/zonacaral.gob.pe\/en\/noticias\/author\/ad_zonacaral\/"}]}},"_links":{"self":[{"href":"https:\/\/zonacaral.gob.pe\/en\/wp-json\/wp\/v2\/posts\/17923","targetHints":{"allow":["GET"]}}],"collection":[{"href":"https:\/\/zonacaral.gob.pe\/en\/wp-json\/wp\/v2\/posts"}],"about":[{"href":"https:\/\/zonacaral.gob.pe\/en\/wp-json\/wp\/v2\/types\/post"}],"author":[{"embeddable":true,"href":"https:\/\/zonacaral.gob.pe\/en\/wp-json\/wp\/v2\/users\/1"}],"replies":[{"embeddable":true,"href":"https:\/\/zonacaral.gob.pe\/en\/wp-json\/wp\/v2\/comments?post=17923"}],"version-history":[{"count":0,"href":"https:\/\/zonacaral.gob.pe\/en\/wp-json\/wp\/v2\/posts\/17923\/revisions"}],"wp:featuredmedia":[{"embeddable":true,"href":"https:\/\/zonacaral.gob.pe\/en\/wp-json\/wp\/v2\/media\/17925"}],"wp:attachment":[{"href":"https:\/\/zonacaral.gob.pe\/en\/wp-json\/wp\/v2\/media?parent=17923"}],"wp:term":[{"taxonomy":"category","embeddable":true,"href":"https:\/\/zonacaral.gob.pe\/en\/wp-json\/wp\/v2\/categories?post=17923"},{"taxonomy":"post_tag","embeddable":true,"href":"https:\/\/zonacaral.gob.pe\/en\/wp-json\/wp\/v2\/tags?post=17923"}],"curies":[{"name":"wp","href":"https:\/\/api.w.org\/{rel}","templated":true}]}}