{"id":17936,"date":"2024-10-30T15:21:15","date_gmt":"2024-10-30T20:21:15","guid":{"rendered":"https:\/\/www.zonacaral.gob.pe\/?p=17936"},"modified":"2024-10-30T15:21:15","modified_gmt":"2024-10-30T20:21:15","slug":"misticismo-y-tradicion-milenaria-caral-raymi-deslumbro-a-cientos-de-turistas","status":"publish","type":"post","link":"https:\/\/zonacaral.gob.pe\/en\/noticias\/misticismo-y-tradicion-milenaria-caral-raymi-deslumbro-a-cientos-de-turistas\/","title":{"rendered":"Misticismo y tradici\u00f3n milenaria: CARAL Raymi deslumbr\u00f3 a cientos de turistas"},"content":{"rendered":"<figure class=\"pic-autor\" style=\"color: #4d4d4d; text-align: justify;\"><\/figure>\n<div class=\"gmail_default\" style=\"text-align: justify;\">\n<blockquote>\n<p><i><span style=\"font-weight: 400;\">Dos d\u00edas cargados de cultura (25 y 26 de octubre), por el trig\u00e9simo aniversario de Caral.<\/span><\/i><\/p>\n<\/blockquote>\n<p><span style=\"font-weight: 400;\">El \u00faltimo fin de semana, la Ciudad Sagrada de Caral-Supe, Patrimonio Mundial, se ilumin\u00f3 para recibir a los cientos de turistas, nacionales y extranjeros, que llegaron a este sitio arqueol\u00f3gico, ubicado en el valle de Supe, provincia de Barranca, para celebrar el 30 aniversario del inicio de las investigaciones sobre la Civilizaci\u00f3n Caral, la m\u00e1s antigua de Am\u00e9rica.<\/span><\/p>\n<p><span style=\"font-weight: 400;\">Con la presencia de la doctora Ruth Shady Sol\u00eds, directora de la <\/span><a href=\"https:\/\/www.instagram.com\/caralperu\/?hl=es\"><span style=\"font-weight: 400;\">Zona Arqueol\u00f3gica Caral<\/span><\/a><span style=\"font-weight: 400;\">, Unidad Ejecutora 003 del Ministerio de Cultura, y bajo la imponente presencia de las humanizaciones de las autoridades de las ciudades antiguas como el \u201cSe\u00f1or de la Ciudad Sagrada\u201d, se\u00f1oras de \u00c1spero y de Vichama y de otros que visitaron el valle de Supe desde lugares lejanos, se realizaron las actividades del Caral Raymi 2024, que const\u00f3 en el tradicional pago a la Pachamama, en agradecimiento por los bienes recibidos y asegurar su renovaci\u00f3n.<\/span><\/p>\n<p><span style=\"font-weight: 400;\">A esta ceremonia ancestral, como habr\u00eda sucedi\u00f3 hace miles de a\u00f1os, llegaron las antiguas autoridades de las ciudades de \u00c1spero, de Vichama, y pobladores de otras zonas geogr\u00e1ficas, de costa, sierra y selva, quienes llegaron con ofrendas, demostrando el prestigio que tuvo Caral, hace cinco mil a\u00f1os.<\/span><\/p>\n<p><span style=\"font-weight: 400;\">La ceremonia, el primer d\u00eda, concluy\u00f3 con una danza de integraci\u00f3n dirigida por los m\u00fasicos Sikuris. Los asistentes terminaron asombrados con la vista \u00fanica que ofrece la Ciudad Sagrada iluminada, con la ceremonia en general, y se animaron a realizar sus propias ofrendas y pagos, en el altar del fuego del Apu Gozne.<\/span><\/p>\n<p><span style=\"font-weight: 400;\">En el segundo d\u00eda de actividades todos los visitantes disfrutaron de una visita mediada gratuita por todo el sitio arqueol\u00f3gico, que luci\u00f3 ambientes modernos y actualizados como las letras monumentales de Caral al ingreso, del centro de recepci\u00f3n de visitantes, del \u201cT\u00fanel de la ciencia\u201d, as\u00ed como tambi\u00e9n, en todo el circuito interpretativo de la Ciudad Sagrada de Caral-Supe.<\/span><\/p>\n<p><span style=\"font-weight: 400;\">Ni\u00f1os, j\u00f3venes y adultos tambi\u00e9n disfrutaron de un recorrido virtual por uno de los edificios piramidales del centro urbano Pe\u00f1ico, y presenciar la ceremonia de pago, junto a la poblaci\u00f3n y autoridades de la \u00e9poca. Esta recreaci\u00f3n virtual por el \u201cSal\u00f3n Ceremonial de Pututos\u201d se logr\u00f3 apreciar gracias a las gafas de realidad virtual que la ZAC puso a disposici\u00f3n de todos los asistentes a la trig\u00e9sima edici\u00f3n del \u201cCaral Raymi\u201d, experiencia disponible en la plataforma de juegos STEAM y META Oculus de descarga gratuita.<\/span><\/p>\n<p><span style=\"font-weight: 400;\">La doctora Ruth Shady, quien estuvo acompa\u00f1ada de los embajadores de Suiza, Alemania, Finlandia e India, exhort\u00f3 a la poblaci\u00f3n a conocer los valores de la Civilizaci\u00f3n Caral, que supo vivir en paz y armon\u00eda con la naturaleza y entre seres humanos, una poblaci\u00f3n que encontr\u00f3 soluci\u00f3n a los problemas que enfrent\u00f3 y produjo conocimientos en ciencia y tecnolog\u00eda, muchos avanzados para su \u00e9poca.&nbsp;<\/span><\/p>\n<p><span style=\"font-weight: 400;\">La arque\u00f3loga sanmarquina se mostr\u00f3 alegre por el trabajo realizado a lo largo de su trayectoria profesional y; en especial, el que viene haciendo en doce centros urbanos de la Civilizaci\u00f3n Caral desde 1994. \u201cPor ello contin\u00fao en la arqueolog\u00eda, soy docente y tambi\u00e9n trabaj\u00f3 en talleres de investigaciones, porque (los arque\u00f3logos)&nbsp; deben dar a conocer la importancia del lugar en el que trabajan\u201d, dijo.<\/span><\/p>\n<p><span style=\"font-weight: 400;\">En la actividad tambi\u00e9n estuvo presente el subdirector de Investigaci\u00f3n y An\u00e1lisis de Materiales Arqueol\u00f3gicos, Pedro Novoa Bellota, quien resalt\u00f3 el avance de las investigaciones y hallazgos realizados en la Ciudad Sagrada de Caral-Supe, y otros once centros urbanos. Tambi\u00e9n, la subdirectora de Proyecci\u00f3n del Patrimonio Cultural, Edna Quispe Loayza, precis\u00f3 que este trabajo se complementa con la necesidad de musealizar los sitios arqueol\u00f3gicos para que sean visitados por la poblaci\u00f3n en general, y conozcan m\u00e1s del or\u00edgen de la civilizaci\u00f3n en Am\u00e9rica.<\/span><\/p>\n<p><span style=\"font-weight: 400;\">Por su lado, el subdirector de Relaciones Comunitarias, Carlos Leyva Arroyo, cont\u00f3 el esfuerzo que hace la Zona Arqueol\u00f3gica Caral, por incentivar a las comunidades aldeas a los asentamientos arqueol\u00f3gicos a apropiarse de su patrimonio cultural, a trav\u00e9s de la realizaci\u00f3n de diversos talleres gratuitos, dirigido a ni\u00f1os, j\u00f3venes y adultos.<\/span><\/p>\n<p><span style=\"font-weight: 400;\">En otro momento el embajador de Suiza, Se\u00f1or Paul Garnier, resalt\u00f3 la cooperaci\u00f3n que existe entre el Gobierno de Suiza y la Zona Arqueol\u00f3gica Caral, en aras del mantenimiento y conservaci\u00f3n del patrimonio cultural, y pidi\u00f3 a sus colegas embajadores a realizar los mismos aportes o acuerdos en beneficio del proyecto arqueol\u00f3gico de Caral.<\/span><\/p>\n<p><span style=\"font-weight: 400;\">Para cerrar las actividades conmemorativas, en el centro de recepci\u00f3n de&nbsp; visitantes de la Ciudad Sagrada, se realizaron diversas presentaciones art\u00edsticas como la Danza de Tijeras, Caballos de Paso, el taller de danza y m\u00fasica folkl\u00f3rica de la Universidad Nacional de Barranca \u2013 UNAB, entre otros; y tambi\u00e9n, <\/span><span style=\"font-weight: 400;\">recibimos la visita de la primera robot biling\u00fce del Per\u00fa \u2018Kipi\u2019, quien encant\u00f3 a los visitantes interpretando canciones en quechua y aymara.<\/span><\/p>\n<p><span style=\"font-weight: 400;\">Los visitantes se llevaron recuerdos adquiridos en los negocios artesanales inspirados en el importante patrimonio arqueol\u00f3gico y productos agrarios del valle de Supe, y lugares cercanos a este.<\/span><\/p>\n<p><strong>DATO<\/strong><\/p>\n<p><span style=\"font-weight: 400;\">Este aniversario se realiz\u00f3 gracias al apoyo y aporte de diversas empresas e instituciones locales, como hoteles y restaurantes; as\u00ed como tambi\u00e9n, al trabajo y aporte de los colaboradores de la Zona Arqueol\u00f3gica Caral y sus familias, a quienes se les agradece por su identificaci\u00f3n con el patrimonio cultural.<\/span><\/p>\n<p><span style=\"font-weight: 400;\">Previo al evento, se realizaron tambi\u00e9n concursos escolares como el \u201cVI Concurso de dibujo y pintura: Pintando Caral\u201d y el \u201cVII Concurso de modelado de arcilla: Aplicando el arte de la sociedad Caral\u201d.<\/span><\/p>\n<p><span style=\"font-weight: 400;\">Si deseas conocer la Ciudad Sagrada de Caral-Supe, comun\u00edcate al WhatsApp 955 881 340, y participa en el programa de Viajes Culturales que promueve la ZAC.<\/span><\/p>\n<p><strong style=\"font-size: inherit; text-align: justify;\"><br>Fuente: Comunicaci\u00f3n e Imagen Institucional ZAC<\/strong><\/p>\n<\/div>\n<div style=\"color: #1f1f1f;\">\n<div style=\"color: #1f1f1f;\">\n<p style=\"text-align: justify;\">Fecha de publicaci\u00f3n: 30\/10\/2024<\/p>\n<\/div>\n<\/div>\n\n\n<p><\/p>","protected":false},"excerpt":{"rendered":"<p>Dos d\u00edas cargados de cultura (25 y 26 de octubre), por el trig\u00e9simo aniversario de Caral. El \u00faltimo fin de [&hellip;]<\/p>\n","protected":false},"author":1,"featured_media":17937,"comment_status":"closed","ping_status":"open","sticky":false,"template":"","format":"standard","meta":{"_acf_changed":false,"site-sidebar-layout":"default","site-content-layout":"","ast-site-content-layout":"default","site-content-style":"default","site-sidebar-style":"default","ast-global-header-display":"","ast-banner-title-visibility":"","ast-main-header-display":"","ast-hfb-above-header-display":"","ast-hfb-below-header-display":"","ast-hfb-mobile-header-display":"","site-post-title":"","ast-breadcrumbs-content":"","ast-featured-img":"","footer-sml-layout":"","ast-disable-related-posts":"","theme-transparent-header-meta":"","adv-header-id-meta":"","stick-header-meta":"","header-above-stick-meta":"","header-main-stick-meta":"","header-below-stick-meta":"","astra-migrate-meta-layouts":"default","ast-page-background-enabled":"default","ast-page-background-meta":{"desktop":{"background-color":"var(--ast-global-color-5)","background-image":"","background-repeat":"repeat","background-position":"center center","background-size":"auto","background-attachment":"scroll","background-type":"","background-media":"","overlay-type":"","overlay-color":"","overlay-opacity":"","overlay-gradient":""},"tablet":{"background-color":"","background-image":"","background-repeat":"repeat","background-position":"center center","background-size":"auto","background-attachment":"scroll","background-type":"","background-media":"","overlay-type":"","overlay-color":"","overlay-opacity":"","overlay-gradient":""},"mobile":{"background-color":"","background-image":"","background-repeat":"repeat","background-position":"center center","background-size":"auto","background-attachment":"scroll","background-type":"","background-media":"","overlay-type":"","overlay-color":"","overlay-opacity":"","overlay-gradient":""}},"ast-content-background-meta":{"desktop":{"background-color":"var(--ast-global-color-4)","background-image":"","background-repeat":"repeat","background-position":"center center","background-size":"auto","background-attachment":"scroll","background-type":"","background-media":"","overlay-type":"","overlay-color":"","overlay-opacity":"","overlay-gradient":""},"tablet":{"background-color":"var(--ast-global-color-4)","background-image":"","background-repeat":"repeat","background-position":"center center","background-size":"auto","background-attachment":"scroll","background-type":"","background-media":"","overlay-type":"","overlay-color":"","overlay-opacity":"","overlay-gradient":""},"mobile":{"background-color":"var(--ast-global-color-4)","background-image":"","background-repeat":"repeat","background-position":"center center","background-size":"auto","background-attachment":"scroll","background-type":"","background-media":"","overlay-type":"","overlay-color":"","overlay-opacity":"","overlay-gradient":""}},"footnotes":""},"categories":[208],"tags":[55,72],"class_list":["post-17936","post","type-post","status-publish","format-standard","has-post-thumbnail","hentry","category-noticias","tag-caral","tag-cultura"],"acf":[],"yoast_head":"<!-- This site is optimized with the Yoast SEO plugin v27.3 - https:\/\/yoast.com\/product\/yoast-seo-wordpress\/ -->\n<title>Misticismo y tradici\u00f3n milenaria: CARAL Raymi deslumbr\u00f3 a cientos de turistas<\/title>\n<meta name=\"description\" content=\"El \u00faltimo fin de semana, la Ciudad Sagrada de Caral-Supe, Patrimonio Mundial, se ilumin\u00f3 para recibir a los cientos de turistas, nacionales y extranjeros, que llegaron a este sitio arqueol\u00f3gico, ubicado en el valle de Supe, provincia de Barranca, para celebrar el 30 aniversario del inicio de las investigaciones sobre la Civilizaci\u00f3n Caral, la m\u00e1s antigua de Am\u00e9rica.\" \/>\n<meta name=\"robots\" content=\"index, follow, max-snippet:-1, max-image-preview:large, max-video-preview:-1\" \/>\n<link rel=\"canonical\" href=\"https:\/\/zonacaral.gob.pe\/en\/noticias\/misticismo-y-tradicion-milenaria-caral-raymi-deslumbro-a-cientos-de-turistas\/\" \/>\n<meta property=\"og:locale\" content=\"en_US\" \/>\n<meta property=\"og:type\" content=\"article\" \/>\n<meta property=\"og:title\" content=\"Misticismo y tradici\u00f3n milenaria: CARAL Raymi deslumbr\u00f3 a cientos de turistas\" \/>\n<meta property=\"og:description\" content=\"El \u00faltimo fin de semana, la Ciudad Sagrada de Caral-Supe, Patrimonio Mundial, se ilumin\u00f3 para recibir a los cientos de turistas, nacionales y extranjeros, que llegaron a este sitio arqueol\u00f3gico, ubicado en el valle de Supe, provincia de Barranca, para celebrar el 30 aniversario del inicio de las investigaciones sobre la Civilizaci\u00f3n Caral, la m\u00e1s antigua de Am\u00e9rica.\" \/>\n<meta property=\"og:url\" content=\"https:\/\/zonacaral.gob.pe\/en\/noticias\/misticismo-y-tradicion-milenaria-caral-raymi-deslumbro-a-cientos-de-turistas\/\" \/>\n<meta property=\"og:site_name\" content=\"Zona Caral\" \/>\n<meta property=\"article:published_time\" content=\"2024-10-30T20:21:15+00:00\" \/>\n<meta property=\"og:image\" content=\"https:\/\/zonacaral.gob.pe\/wp-content\/uploads\/2024\/10\/ani-caral-1.png\" \/>\n\t<meta property=\"og:image:width\" content=\"1920\" \/>\n\t<meta property=\"og:image:height\" content=\"1080\" \/>\n\t<meta property=\"og:image:type\" content=\"image\/png\" \/>\n<meta name=\"author\" content=\"Zona Caral Administrador\" \/>\n<meta name=\"twitter:card\" content=\"summary_large_image\" \/>\n<meta name=\"twitter:label1\" content=\"Written by\" \/>\n\t<meta name=\"twitter:data1\" content=\"Zona Caral Administrador\" \/>\n\t<meta name=\"twitter:label2\" content=\"Est. reading time\" \/>\n\t<meta name=\"twitter:data2\" content=\"5 minutes\" \/>\n<script type=\"application\/ld+json\" class=\"yoast-schema-graph\">{\"@context\":\"https:\\\/\\\/schema.org\",\"@graph\":[{\"@type\":\"Article\",\"@id\":\"https:\\\/\\\/zonacaral.gob.pe\\\/es\\\/noticias\\\/misticismo-y-tradicion-milenaria-caral-raymi-deslumbro-a-cientos-de-turistas\\\/#article\",\"isPartOf\":{\"@id\":\"https:\\\/\\\/zonacaral.gob.pe\\\/es\\\/noticias\\\/misticismo-y-tradicion-milenaria-caral-raymi-deslumbro-a-cientos-de-turistas\\\/\"},\"author\":{\"name\":\"Zona Caral Administrador\",\"@id\":\"https:\\\/\\\/zonacaral.gob.pe\\\/es\\\/#\\\/schema\\\/person\\\/beddb4d22f71a7230c5b90913270a0ee\"},\"headline\":\"Misticismo y tradici\u00f3n milenaria: CARAL Raymi deslumbr\u00f3 a cientos de turistas\",\"datePublished\":\"2024-10-30T20:21:15+00:00\",\"mainEntityOfPage\":{\"@id\":\"https:\\\/\\\/zonacaral.gob.pe\\\/es\\\/noticias\\\/misticismo-y-tradicion-milenaria-caral-raymi-deslumbro-a-cientos-de-turistas\\\/\"},\"wordCount\":1028,\"image\":{\"@id\":\"https:\\\/\\\/zonacaral.gob.pe\\\/es\\\/noticias\\\/misticismo-y-tradicion-milenaria-caral-raymi-deslumbro-a-cientos-de-turistas\\\/#primaryimage\"},\"thumbnailUrl\":\"https:\\\/\\\/zonacaral.gob.pe\\\/wp-content\\\/uploads\\\/2024\\\/10\\\/ani-caral-1.png\",\"keywords\":[\"caral\",\"Cultura\"],\"articleSection\":[\"noticias\"],\"inLanguage\":\"en-US\"},{\"@type\":\"WebPage\",\"@id\":\"https:\\\/\\\/zonacaral.gob.pe\\\/es\\\/noticias\\\/misticismo-y-tradicion-milenaria-caral-raymi-deslumbro-a-cientos-de-turistas\\\/\",\"url\":\"https:\\\/\\\/zonacaral.gob.pe\\\/es\\\/noticias\\\/misticismo-y-tradicion-milenaria-caral-raymi-deslumbro-a-cientos-de-turistas\\\/\",\"name\":\"Misticismo y tradici\u00f3n milenaria: CARAL Raymi deslumbr\u00f3 a cientos de turistas\",\"isPartOf\":{\"@id\":\"https:\\\/\\\/zonacaral.gob.pe\\\/es\\\/#website\"},\"primaryImageOfPage\":{\"@id\":\"https:\\\/\\\/zonacaral.gob.pe\\\/es\\\/noticias\\\/misticismo-y-tradicion-milenaria-caral-raymi-deslumbro-a-cientos-de-turistas\\\/#primaryimage\"},\"image\":{\"@id\":\"https:\\\/\\\/zonacaral.gob.pe\\\/es\\\/noticias\\\/misticismo-y-tradicion-milenaria-caral-raymi-deslumbro-a-cientos-de-turistas\\\/#primaryimage\"},\"thumbnailUrl\":\"https:\\\/\\\/zonacaral.gob.pe\\\/wp-content\\\/uploads\\\/2024\\\/10\\\/ani-caral-1.png\",\"datePublished\":\"2024-10-30T20:21:15+00:00\",\"author\":{\"@id\":\"https:\\\/\\\/zonacaral.gob.pe\\\/es\\\/#\\\/schema\\\/person\\\/beddb4d22f71a7230c5b90913270a0ee\"},\"description\":\"El \u00faltimo fin de semana, la Ciudad Sagrada de Caral-Supe, Patrimonio Mundial, se ilumin\u00f3 para recibir a los cientos de turistas, nacionales y extranjeros, que llegaron a este sitio arqueol\u00f3gico, ubicado en el valle de Supe, provincia de Barranca, para celebrar el 30 aniversario del inicio de las investigaciones sobre la Civilizaci\u00f3n Caral, la m\u00e1s antigua de Am\u00e9rica.\",\"breadcrumb\":{\"@id\":\"https:\\\/\\\/zonacaral.gob.pe\\\/es\\\/noticias\\\/misticismo-y-tradicion-milenaria-caral-raymi-deslumbro-a-cientos-de-turistas\\\/#breadcrumb\"},\"inLanguage\":\"en-US\",\"potentialAction\":[{\"@type\":\"ReadAction\",\"target\":[\"https:\\\/\\\/zonacaral.gob.pe\\\/es\\\/noticias\\\/misticismo-y-tradicion-milenaria-caral-raymi-deslumbro-a-cientos-de-turistas\\\/\"]}]},{\"@type\":\"ImageObject\",\"inLanguage\":\"en-US\",\"@id\":\"https:\\\/\\\/zonacaral.gob.pe\\\/es\\\/noticias\\\/misticismo-y-tradicion-milenaria-caral-raymi-deslumbro-a-cientos-de-turistas\\\/#primaryimage\",\"url\":\"https:\\\/\\\/zonacaral.gob.pe\\\/wp-content\\\/uploads\\\/2024\\\/10\\\/ani-caral-1.png\",\"contentUrl\":\"https:\\\/\\\/zonacaral.gob.pe\\\/wp-content\\\/uploads\\\/2024\\\/10\\\/ani-caral-1.png\",\"width\":1920,\"height\":1080},{\"@type\":\"BreadcrumbList\",\"@id\":\"https:\\\/\\\/zonacaral.gob.pe\\\/es\\\/noticias\\\/misticismo-y-tradicion-milenaria-caral-raymi-deslumbro-a-cientos-de-turistas\\\/#breadcrumb\",\"itemListElement\":[{\"@type\":\"ListItem\",\"position\":1,\"name\":\"Portada\",\"item\":\"https:\\\/\\\/zonacaral.gob.pe\\\/\"},{\"@type\":\"ListItem\",\"position\":2,\"name\":\"Misticismo y tradici\u00f3n milenaria: CARAL Raymi deslumbr\u00f3 a cientos de turistas\"}]},{\"@type\":\"WebSite\",\"@id\":\"https:\\\/\\\/zonacaral.gob.pe\\\/es\\\/#website\",\"url\":\"https:\\\/\\\/zonacaral.gob.pe\\\/es\\\/\",\"name\":\"Zona Caral\",\"description\":\"Investigamos, conservamos y difundimos el patrimonio cultural de la Civilizaci\u00f3n Caral, la m\u00e1s antigua de Am\u00e9rica.\",\"potentialAction\":[{\"@type\":\"SearchAction\",\"target\":{\"@type\":\"EntryPoint\",\"urlTemplate\":\"https:\\\/\\\/zonacaral.gob.pe\\\/es\\\/?s={search_term_string}\"},\"query-input\":{\"@type\":\"PropertyValueSpecification\",\"valueRequired\":true,\"valueName\":\"search_term_string\"}}],\"inLanguage\":\"en-US\"},{\"@type\":\"Person\",\"@id\":\"https:\\\/\\\/zonacaral.gob.pe\\\/es\\\/#\\\/schema\\\/person\\\/beddb4d22f71a7230c5b90913270a0ee\",\"name\":\"Zona Caral Administrador\",\"image\":{\"@type\":\"ImageObject\",\"inLanguage\":\"en-US\",\"@id\":\"https:\\\/\\\/secure.gravatar.com\\\/avatar\\\/e4be162918a696358376de6446614e0f0f4062bdc5d170d6d540ada3d8b58c12?s=96&d=mm&r=g\",\"url\":\"https:\\\/\\\/secure.gravatar.com\\\/avatar\\\/e4be162918a696358376de6446614e0f0f4062bdc5d170d6d540ada3d8b58c12?s=96&d=mm&r=g\",\"contentUrl\":\"https:\\\/\\\/secure.gravatar.com\\\/avatar\\\/e4be162918a696358376de6446614e0f0f4062bdc5d170d6d540ada3d8b58c12?s=96&d=mm&r=g\",\"caption\":\"Zona Caral Administrador\"},\"sameAs\":[\"https:\\\/\\\/zonacaral.gob.pe\"],\"url\":\"https:\\\/\\\/zonacaral.gob.pe\\\/en\\\/noticias\\\/author\\\/ad_zonacaral\\\/\"}]}<\/script>\n<!-- \/ Yoast SEO plugin. -->","yoast_head_json":{"title":"Misticismo y tradici\u00f3n milenaria: CARAL Raymi deslumbr\u00f3 a cientos de turistas","description":"El \u00faltimo fin de semana, la Ciudad Sagrada de Caral-Supe, Patrimonio Mundial, se ilumin\u00f3 para recibir a los cientos de turistas, nacionales y extranjeros, que llegaron a este sitio arqueol\u00f3gico, ubicado en el valle de Supe, provincia de Barranca, para celebrar el 30 aniversario del inicio de las investigaciones sobre la Civilizaci\u00f3n Caral, la m\u00e1s antigua de Am\u00e9rica.","robots":{"index":"index","follow":"follow","max-snippet":"max-snippet:-1","max-image-preview":"max-image-preview:large","max-video-preview":"max-video-preview:-1"},"canonical":"https:\/\/zonacaral.gob.pe\/en\/noticias\/misticismo-y-tradicion-milenaria-caral-raymi-deslumbro-a-cientos-de-turistas\/","og_locale":"en_US","og_type":"article","og_title":"Misticismo y tradici\u00f3n milenaria: CARAL Raymi deslumbr\u00f3 a cientos de turistas","og_description":"El \u00faltimo fin de semana, la Ciudad Sagrada de Caral-Supe, Patrimonio Mundial, se ilumin\u00f3 para recibir a los cientos de turistas, nacionales y extranjeros, que llegaron a este sitio arqueol\u00f3gico, ubicado en el valle de Supe, provincia de Barranca, para celebrar el 30 aniversario del inicio de las investigaciones sobre la Civilizaci\u00f3n Caral, la m\u00e1s antigua de Am\u00e9rica.","og_url":"https:\/\/zonacaral.gob.pe\/en\/noticias\/misticismo-y-tradicion-milenaria-caral-raymi-deslumbro-a-cientos-de-turistas\/","og_site_name":"Zona Caral","article_published_time":"2024-10-30T20:21:15+00:00","og_image":[{"width":1920,"height":1080,"url":"https:\/\/zonacaral.gob.pe\/wp-content\/uploads\/2024\/10\/ani-caral-1.png","type":"image\/png"}],"author":"Zona Caral Administrador","twitter_card":"summary_large_image","twitter_misc":{"Written by":"Zona Caral Administrador","Est. reading time":"5 minutes"},"schema":{"@context":"https:\/\/schema.org","@graph":[{"@type":"Article","@id":"https:\/\/zonacaral.gob.pe\/es\/noticias\/misticismo-y-tradicion-milenaria-caral-raymi-deslumbro-a-cientos-de-turistas\/#article","isPartOf":{"@id":"https:\/\/zonacaral.gob.pe\/es\/noticias\/misticismo-y-tradicion-milenaria-caral-raymi-deslumbro-a-cientos-de-turistas\/"},"author":{"name":"Zona Caral Administrador","@id":"https:\/\/zonacaral.gob.pe\/es\/#\/schema\/person\/beddb4d22f71a7230c5b90913270a0ee"},"headline":"Misticismo y tradici\u00f3n milenaria: CARAL Raymi deslumbr\u00f3 a cientos de turistas","datePublished":"2024-10-30T20:21:15+00:00","mainEntityOfPage":{"@id":"https:\/\/zonacaral.gob.pe\/es\/noticias\/misticismo-y-tradicion-milenaria-caral-raymi-deslumbro-a-cientos-de-turistas\/"},"wordCount":1028,"image":{"@id":"https:\/\/zonacaral.gob.pe\/es\/noticias\/misticismo-y-tradicion-milenaria-caral-raymi-deslumbro-a-cientos-de-turistas\/#primaryimage"},"thumbnailUrl":"https:\/\/zonacaral.gob.pe\/wp-content\/uploads\/2024\/10\/ani-caral-1.png","keywords":["caral","Cultura"],"articleSection":["noticias"],"inLanguage":"en-US"},{"@type":"WebPage","@id":"https:\/\/zonacaral.gob.pe\/es\/noticias\/misticismo-y-tradicion-milenaria-caral-raymi-deslumbro-a-cientos-de-turistas\/","url":"https:\/\/zonacaral.gob.pe\/es\/noticias\/misticismo-y-tradicion-milenaria-caral-raymi-deslumbro-a-cientos-de-turistas\/","name":"Misticismo y tradici\u00f3n milenaria: CARAL Raymi deslumbr\u00f3 a cientos de turistas","isPartOf":{"@id":"https:\/\/zonacaral.gob.pe\/es\/#website"},"primaryImageOfPage":{"@id":"https:\/\/zonacaral.gob.pe\/es\/noticias\/misticismo-y-tradicion-milenaria-caral-raymi-deslumbro-a-cientos-de-turistas\/#primaryimage"},"image":{"@id":"https:\/\/zonacaral.gob.pe\/es\/noticias\/misticismo-y-tradicion-milenaria-caral-raymi-deslumbro-a-cientos-de-turistas\/#primaryimage"},"thumbnailUrl":"https:\/\/zonacaral.gob.pe\/wp-content\/uploads\/2024\/10\/ani-caral-1.png","datePublished":"2024-10-30T20:21:15+00:00","author":{"@id":"https:\/\/zonacaral.gob.pe\/es\/#\/schema\/person\/beddb4d22f71a7230c5b90913270a0ee"},"description":"El \u00faltimo fin de semana, la Ciudad Sagrada de Caral-Supe, Patrimonio Mundial, se ilumin\u00f3 para recibir a los cientos de turistas, nacionales y extranjeros, que llegaron a este sitio arqueol\u00f3gico, ubicado en el valle de Supe, provincia de Barranca, para celebrar el 30 aniversario del inicio de las investigaciones sobre la Civilizaci\u00f3n Caral, la m\u00e1s antigua de Am\u00e9rica.","breadcrumb":{"@id":"https:\/\/zonacaral.gob.pe\/es\/noticias\/misticismo-y-tradicion-milenaria-caral-raymi-deslumbro-a-cientos-de-turistas\/#breadcrumb"},"inLanguage":"en-US","potentialAction":[{"@type":"ReadAction","target":["https:\/\/zonacaral.gob.pe\/es\/noticias\/misticismo-y-tradicion-milenaria-caral-raymi-deslumbro-a-cientos-de-turistas\/"]}]},{"@type":"ImageObject","inLanguage":"en-US","@id":"https:\/\/zonacaral.gob.pe\/es\/noticias\/misticismo-y-tradicion-milenaria-caral-raymi-deslumbro-a-cientos-de-turistas\/#primaryimage","url":"https:\/\/zonacaral.gob.pe\/wp-content\/uploads\/2024\/10\/ani-caral-1.png","contentUrl":"https:\/\/zonacaral.gob.pe\/wp-content\/uploads\/2024\/10\/ani-caral-1.png","width":1920,"height":1080},{"@type":"BreadcrumbList","@id":"https:\/\/zonacaral.gob.pe\/es\/noticias\/misticismo-y-tradicion-milenaria-caral-raymi-deslumbro-a-cientos-de-turistas\/#breadcrumb","itemListElement":[{"@type":"ListItem","position":1,"name":"Portada","item":"https:\/\/zonacaral.gob.pe\/"},{"@type":"ListItem","position":2,"name":"Misticismo y tradici\u00f3n milenaria: CARAL Raymi deslumbr\u00f3 a cientos de turistas"}]},{"@type":"WebSite","@id":"https:\/\/zonacaral.gob.pe\/es\/#website","url":"https:\/\/zonacaral.gob.pe\/es\/","name":"Zona Caral","description":"Investigamos, conservamos y difundimos el patrimonio cultural de la Civilizaci\u00f3n Caral, la m\u00e1s antigua de Am\u00e9rica.","potentialAction":[{"@type":"SearchAction","target":{"@type":"EntryPoint","urlTemplate":"https:\/\/zonacaral.gob.pe\/es\/?s={search_term_string}"},"query-input":{"@type":"PropertyValueSpecification","valueRequired":true,"valueName":"search_term_string"}}],"inLanguage":"en-US"},{"@type":"Person","@id":"https:\/\/zonacaral.gob.pe\/es\/#\/schema\/person\/beddb4d22f71a7230c5b90913270a0ee","name":"Zona Caral Administrador","image":{"@type":"ImageObject","inLanguage":"en-US","@id":"https:\/\/secure.gravatar.com\/avatar\/e4be162918a696358376de6446614e0f0f4062bdc5d170d6d540ada3d8b58c12?s=96&d=mm&r=g","url":"https:\/\/secure.gravatar.com\/avatar\/e4be162918a696358376de6446614e0f0f4062bdc5d170d6d540ada3d8b58c12?s=96&d=mm&r=g","contentUrl":"https:\/\/secure.gravatar.com\/avatar\/e4be162918a696358376de6446614e0f0f4062bdc5d170d6d540ada3d8b58c12?s=96&d=mm&r=g","caption":"Zona Caral Administrador"},"sameAs":["https:\/\/zonacaral.gob.pe"],"url":"https:\/\/zonacaral.gob.pe\/en\/noticias\/author\/ad_zonacaral\/"}]}},"_links":{"self":[{"href":"https:\/\/zonacaral.gob.pe\/en\/wp-json\/wp\/v2\/posts\/17936","targetHints":{"allow":["GET"]}}],"collection":[{"href":"https:\/\/zonacaral.gob.pe\/en\/wp-json\/wp\/v2\/posts"}],"about":[{"href":"https:\/\/zonacaral.gob.pe\/en\/wp-json\/wp\/v2\/types\/post"}],"author":[{"embeddable":true,"href":"https:\/\/zonacaral.gob.pe\/en\/wp-json\/wp\/v2\/users\/1"}],"replies":[{"embeddable":true,"href":"https:\/\/zonacaral.gob.pe\/en\/wp-json\/wp\/v2\/comments?post=17936"}],"version-history":[{"count":0,"href":"https:\/\/zonacaral.gob.pe\/en\/wp-json\/wp\/v2\/posts\/17936\/revisions"}],"wp:featuredmedia":[{"embeddable":true,"href":"https:\/\/zonacaral.gob.pe\/en\/wp-json\/wp\/v2\/media\/17937"}],"wp:attachment":[{"href":"https:\/\/zonacaral.gob.pe\/en\/wp-json\/wp\/v2\/media?parent=17936"}],"wp:term":[{"taxonomy":"category","embeddable":true,"href":"https:\/\/zonacaral.gob.pe\/en\/wp-json\/wp\/v2\/categories?post=17936"},{"taxonomy":"post_tag","embeddable":true,"href":"https:\/\/zonacaral.gob.pe\/en\/wp-json\/wp\/v2\/tags?post=17936"}],"curies":[{"name":"wp","href":"https:\/\/api.w.org\/{rel}","templated":true}]}}