{"id":17956,"date":"2024-11-06T15:20:48","date_gmt":"2024-11-06T20:20:48","guid":{"rendered":"https:\/\/www.zonacaral.gob.pe\/?p=17956"},"modified":"2024-11-06T15:20:48","modified_gmt":"2024-11-06T20:20:48","slug":"profesionales-de-la-zona-arqueologica-caral-participaran-en-xi-congreso-nacional-de-arqueologia","status":"publish","type":"post","link":"https:\/\/zonacaral.gob.pe\/en\/noticias\/profesionales-de-la-zona-arqueologica-caral-participaran-en-xi-congreso-nacional-de-arqueologia\/","title":{"rendered":"Profesionales de la Zona Arqueol\u00f3gica Caral participar\u00e1n en XI Congreso Nacional de Arqueolog\u00eda"},"content":{"rendered":"<figure class=\"pic-autor\" style=\"color: #4d4d4d; text-align: justify;\"><\/figure>\n<div class=\"gmail_default\" style=\"text-align: justify;\">\n<blockquote>\n<p><b><i>Ser\u00e1n cinco d\u00edas cargados de cultura en la regi\u00f3n Lambayeque.<\/i><\/b><\/p>\n<\/blockquote>\n<p><span style=\"font-weight: 400;\">En el <\/span><a href=\"https:\/\/cdn.www.gob.pe\/uploads\/document\/file\/7140331\/6129226-programa-del-xi-congreso-nacional-de-arqueologia.pdf?v=1730136553\"><span style=\"font-weight: 400;\">XI Congreso Nacional de Arqueolog\u00eda<\/span><\/a><span style=\"font-weight: 400;\"> (CNA), a desarrollarse desde este mi\u00e9rcoles 6 al 10 de noviembre de 2024 en la regi\u00f3n Lambayeque, organizado por el Ministerio de Cultura, los profesionales de la Unidad Ejecutora 003: <\/span><a href=\"https:\/\/www.instagram.com\/caralperu\/?hl=es\"><span style=\"font-weight: 400;\">Zona Arqueol\u00f3gica Caral<\/span><\/a><span style=\"font-weight: 400;\"> (ZAC), encabezados por la doctora Ruth Shady Sol\u00eds, directora de esta instituci\u00f3n, participar\u00e1n en diversos simposios, junto a otros destacados profesionales del campo.<\/span><\/p>\n<p><span style=\"font-weight: 400;\">La participaci\u00f3n de los arque\u00f3logos de la ZAC se realizar\u00e1 en diversos d\u00edas y horas, y tendr\u00e1 un momento c\u00faspide, el 7 de noviembre, de 17:40 h a 18:40 h, con la ponencia magistral, <\/span><i><span style=\"font-weight: 400;\">\u00abEl sistema social de Caral y su trascendencia: el manejo del territorio; la complementariedad social y pol\u00edtica; y la interacci\u00f3n intercultural\u00bb<\/span><\/i><span style=\"font-weight: 400;\">, a cargo de la directora de la ZAC y docente sanmarquina, Ruth Shady Sol\u00eds, en el Auditorio de la Facultad de Ingenier\u00eda Civil, Sistemas y Arquitectura (FICSA) de la Universidad Nacional Pedro Ruiz Gallo.<\/span><\/p>\n<p><b>Participaci\u00f3n en Simposios<\/b><\/p>\n<p><i><span style=\"font-weight: 400;\">6 de noviembre<\/span><\/i><\/p>\n<p><span style=\"font-weight: 400;\">En el simposio <\/span><i><span style=\"font-weight: 400;\">\u201cAstronom\u00eda y patrimonio cultural prehisp\u00e1nico: Avances en la investigaci\u00f3n\u201d<\/span><\/i><span style=\"font-weight: 400;\">, se hablar\u00e1 de los <\/span><b><i>\u00abConocimientos astron\u00f3micos de 2200 a. C. aplicados por especialistas de la civilizaci\u00f3n Caral, costa norcentral del Per\u00fa\u00bb,<\/i><\/b><span style=\"font-weight: 400;\"> en donde est\u00e1n invitados los arque\u00f3logos Aldemar Crisp\u00edn Balta y Ruth Shady Sol\u00eds, y el f\u00edsico Jos\u00e9 Ricra Mayorca. Este se realizar\u00e1 en el Auditorio de la Facultad de Ciencias Econ\u00f3micas, Administrativas y Contables (FACEAC) de la Universidad Nacional Pedro Ruiz Gallo (UNPRG), de 14:00 h a 15:40 h.<\/span><\/p>\n<p><span style=\"font-weight: 400;\">7 de noviembre<\/span><\/p>\n<p><span style=\"font-weight: 400;\">Al siguiente d\u00eda, de 15:40 h a 17:20 h, en el Auditorio de la Facultad de Ingenier\u00eda Civil, Sistemas y Arquitectura de la UNPRG, se presentar\u00e1 el simposio <\/span><i><span style=\"font-weight: 400;\">\u201cRecientes avances en el estudio del Periodo Formativo en el norte centro-andino (Parte 2)\u201d<\/span><\/i><span style=\"font-weight: 400;\">, donde destaca el tema <\/span><b><i>\u00abArqueolog\u00eda de las unidades dom\u00e9sticas: el caso del conjunto residencial del subsector F3 de \u00c1spero, litoral del valle de Supe\u00bb, <\/i><\/b><i><span style=\"font-weight: 400;\">en donde est\u00e1n invitados los arque\u00f3logos<\/span><\/i><span style=\"font-weight: 400;\"> Miguel Valqui G\u00fcimack, Marco Machacuay Romero y Ruth Shady Sol\u00eds.<\/span><\/p>\n<p><span style=\"font-weight: 400;\">8 de noviembre<\/span><\/p>\n<p><span style=\"font-weight: 400;\">Y en el tercer d\u00eda del Congreso Nacional de Arqueolog\u00eda, el subdirector de Investigaci\u00f3n y Conservaci\u00f3n de Materiales Arqueol\u00f3gicos de la ZAC, Pedro Novoa Bellota, participar\u00e1, de 9:00 h a 10:40 h, en el simposio <\/span><i><span style=\"font-weight: 400;\">\u201cAportes para la valoraci\u00f3n del patrimonio arqueol\u00f3gico (Parte 2)\u201d<\/span><\/i><span style=\"font-weight: 400;\">, con el tema <\/span><b><i>\u00abLa gesti\u00f3n integral de la colecci\u00f3n arqueol\u00f3gica en la Zona Arqueol\u00f3gica Caral\u00bb,<\/i><\/b><span style=\"font-weight: 400;\"> en el Museo Tumbas Reales de Sip\u00e1n.<\/span><\/p>\n<p><span style=\"font-weight: 400;\">10 de noviembre<\/span><\/p>\n<p><span style=\"font-weight: 400;\">Al finalizar el congreso de arque\u00f3logos, en el Santuario Hist\u00f3rico Bosque de P\u00f3mac, de 10:30 h a 11:30 horas, el domingo 10, se realizar\u00e1 la Mesa Magistral: \u201cPatrimonio y Bicentenario: \u00bfUn nudo pendiente?\u201d, donde estar\u00e1n como panelistas los arque\u00f3logos reconocidos: Walter Alva Alva, Ruth Shady Sol\u00eds, Carlos Elera Ar\u00e9valo y Carlos Wester La Torre.<\/span><\/p>\n<p><a href=\"https:\/\/cdn.www.gob.pe\/uploads\/document\/file\/7140331\/6129226-programa-del-xi-congreso-nacional-de-arqueologia.pdf?v=1730136553\"><b>Descarga el programa completo aqu\u00ed. <\/b><\/a><\/p>\n<p><strong style=\"font-size: inherit; text-align: justify;\">Fuente: Comunicaci\u00f3n e Imagen Institucional ZAC<\/strong><\/p>\n<\/div>\n<div style=\"color: #1f1f1f;\">\n<div style=\"color: #1f1f1f;\">\n<p style=\"text-align: justify;\">Fecha de publicaci\u00f3n: 06\/11\/2024<\/p>\n<\/div>\n<\/div>\n\n\n<p><\/p>","protected":false},"excerpt":{"rendered":"<p>Ser\u00e1n cinco d\u00edas cargados de cultura en la regi\u00f3n Lambayeque. En el XI Congreso Nacional de Arqueolog\u00eda (CNA), a desarrollarse [&hellip;]<\/p>\n","protected":false},"author":1,"featured_media":17957,"comment_status":"closed","ping_status":"open","sticky":false,"template":"","format":"standard","meta":{"_acf_changed":false,"site-sidebar-layout":"default","site-content-layout":"","ast-site-content-layout":"default","site-content-style":"default","site-sidebar-style":"default","ast-global-header-display":"","ast-banner-title-visibility":"","ast-main-header-display":"","ast-hfb-above-header-display":"","ast-hfb-below-header-display":"","ast-hfb-mobile-header-display":"","site-post-title":"","ast-breadcrumbs-content":"","ast-featured-img":"","footer-sml-layout":"","ast-disable-related-posts":"","theme-transparent-header-meta":"","adv-header-id-meta":"","stick-header-meta":"","header-above-stick-meta":"","header-main-stick-meta":"","header-below-stick-meta":"","astra-migrate-meta-layouts":"default","ast-page-background-enabled":"default","ast-page-background-meta":{"desktop":{"background-color":"var(--ast-global-color-5)","background-image":"","background-repeat":"repeat","background-position":"center center","background-size":"auto","background-attachment":"scroll","background-type":"","background-media":"","overlay-type":"","overlay-color":"","overlay-opacity":"","overlay-gradient":""},"tablet":{"background-color":"","background-image":"","background-repeat":"repeat","background-position":"center center","background-size":"auto","background-attachment":"scroll","background-type":"","background-media":"","overlay-type":"","overlay-color":"","overlay-opacity":"","overlay-gradient":""},"mobile":{"background-color":"","background-image":"","background-repeat":"repeat","background-position":"center center","background-size":"auto","background-attachment":"scroll","background-type":"","background-media":"","overlay-type":"","overlay-color":"","overlay-opacity":"","overlay-gradient":""}},"ast-content-background-meta":{"desktop":{"background-color":"var(--ast-global-color-4)","background-image":"","background-repeat":"repeat","background-position":"center center","background-size":"auto","background-attachment":"scroll","background-type":"","background-media":"","overlay-type":"","overlay-color":"","overlay-opacity":"","overlay-gradient":""},"tablet":{"background-color":"var(--ast-global-color-4)","background-image":"","background-repeat":"repeat","background-position":"center center","background-size":"auto","background-attachment":"scroll","background-type":"","background-media":"","overlay-type":"","overlay-color":"","overlay-opacity":"","overlay-gradient":""},"mobile":{"background-color":"var(--ast-global-color-4)","background-image":"","background-repeat":"repeat","background-position":"center center","background-size":"auto","background-attachment":"scroll","background-type":"","background-media":"","overlay-type":"","overlay-color":"","overlay-opacity":"","overlay-gradient":""}},"footnotes":""},"categories":[208],"tags":[55,72],"class_list":["post-17956","post","type-post","status-publish","format-standard","has-post-thumbnail","hentry","category-noticias","tag-caral","tag-cultura"],"acf":[],"yoast_head":"<!-- This site is optimized with the Yoast SEO plugin v27.3 - https:\/\/yoast.com\/product\/yoast-seo-wordpress\/ -->\n<title>Profesionales de la Zona Arqueol\u00f3gica Caral participar\u00e1n en XI Congreso Nacional de Arqueolog\u00eda<\/title>\n<meta name=\"description\" content=\"En el XI Congreso Nacional de Arqueolog\u00eda (CNA), a desarrollarse desde este mi\u00e9rcoles 6 al 10 de noviembre de 2024 en la regi\u00f3n Lambayeque, organizado por el Ministerio de Cultura, los profesionales de la Unidad Ejecutora 003: Zona Arqueol\u00f3gica Caral (ZAC), encabezados por la doctora Ruth Shady Sol\u00eds, directora de esta instituci\u00f3n, participar\u00e1n en diversos simposios, junto a otros destacados profesionales del campo.\" \/>\n<meta name=\"robots\" content=\"index, follow, max-snippet:-1, max-image-preview:large, max-video-preview:-1\" \/>\n<link rel=\"canonical\" href=\"https:\/\/zonacaral.gob.pe\/en\/noticias\/profesionales-de-la-zona-arqueologica-caral-participaran-en-xi-congreso-nacional-de-arqueologia\/\" \/>\n<meta property=\"og:locale\" content=\"en_US\" \/>\n<meta property=\"og:type\" content=\"article\" \/>\n<meta property=\"og:title\" content=\"Profesionales de la Zona Arqueol\u00f3gica Caral participar\u00e1n en XI Congreso Nacional de Arqueolog\u00eda\" \/>\n<meta property=\"og:description\" content=\"En el XI Congreso Nacional de Arqueolog\u00eda (CNA), a desarrollarse desde este mi\u00e9rcoles 6 al 10 de noviembre de 2024 en la regi\u00f3n Lambayeque, organizado por el Ministerio de Cultura, los profesionales de la Unidad Ejecutora 003: Zona Arqueol\u00f3gica Caral (ZAC), encabezados por la doctora Ruth Shady Sol\u00eds, directora de esta instituci\u00f3n, participar\u00e1n en diversos simposios, junto a otros destacados profesionales del campo.\" \/>\n<meta property=\"og:url\" content=\"https:\/\/zonacaral.gob.pe\/en\/noticias\/profesionales-de-la-zona-arqueologica-caral-participaran-en-xi-congreso-nacional-de-arqueologia\/\" \/>\n<meta property=\"og:site_name\" content=\"Zona Caral\" \/>\n<meta property=\"article:published_time\" content=\"2024-11-06T20:20:48+00:00\" \/>\n<meta property=\"og:image\" content=\"https:\/\/zonacaral.gob.pe\/wp-content\/uploads\/2024\/11\/congreso-1.png\" \/>\n\t<meta property=\"og:image:width\" content=\"700\" \/>\n\t<meta property=\"og:image:height\" content=\"395\" \/>\n\t<meta property=\"og:image:type\" content=\"image\/png\" \/>\n<meta name=\"author\" content=\"Zona Caral Administrador\" \/>\n<meta name=\"twitter:card\" content=\"summary_large_image\" \/>\n<meta name=\"twitter:label1\" content=\"Written by\" \/>\n\t<meta name=\"twitter:data1\" content=\"Zona Caral Administrador\" \/>\n\t<meta name=\"twitter:label2\" content=\"Est. reading time\" \/>\n\t<meta name=\"twitter:data2\" content=\"3 minutes\" \/>\n<script type=\"application\/ld+json\" class=\"yoast-schema-graph\">{\"@context\":\"https:\\\/\\\/schema.org\",\"@graph\":[{\"@type\":\"Article\",\"@id\":\"https:\\\/\\\/zonacaral.gob.pe\\\/es\\\/noticias\\\/profesionales-de-la-zona-arqueologica-caral-participaran-en-xi-congreso-nacional-de-arqueologia\\\/#article\",\"isPartOf\":{\"@id\":\"https:\\\/\\\/zonacaral.gob.pe\\\/es\\\/noticias\\\/profesionales-de-la-zona-arqueologica-caral-participaran-en-xi-congreso-nacional-de-arqueologia\\\/\"},\"author\":{\"name\":\"Zona Caral Administrador\",\"@id\":\"https:\\\/\\\/zonacaral.gob.pe\\\/es\\\/#\\\/schema\\\/person\\\/beddb4d22f71a7230c5b90913270a0ee\"},\"headline\":\"Profesionales de la Zona Arqueol\u00f3gica Caral participar\u00e1n en XI Congreso Nacional de Arqueolog\u00eda\",\"datePublished\":\"2024-11-06T20:20:48+00:00\",\"mainEntityOfPage\":{\"@id\":\"https:\\\/\\\/zonacaral.gob.pe\\\/es\\\/noticias\\\/profesionales-de-la-zona-arqueologica-caral-participaran-en-xi-congreso-nacional-de-arqueologia\\\/\"},\"wordCount\":527,\"image\":{\"@id\":\"https:\\\/\\\/zonacaral.gob.pe\\\/es\\\/noticias\\\/profesionales-de-la-zona-arqueologica-caral-participaran-en-xi-congreso-nacional-de-arqueologia\\\/#primaryimage\"},\"thumbnailUrl\":\"https:\\\/\\\/zonacaral.gob.pe\\\/wp-content\\\/uploads\\\/2024\\\/11\\\/congreso-1.png\",\"keywords\":[\"caral\",\"Cultura\"],\"articleSection\":[\"noticias\"],\"inLanguage\":\"en-US\"},{\"@type\":\"WebPage\",\"@id\":\"https:\\\/\\\/zonacaral.gob.pe\\\/es\\\/noticias\\\/profesionales-de-la-zona-arqueologica-caral-participaran-en-xi-congreso-nacional-de-arqueologia\\\/\",\"url\":\"https:\\\/\\\/zonacaral.gob.pe\\\/es\\\/noticias\\\/profesionales-de-la-zona-arqueologica-caral-participaran-en-xi-congreso-nacional-de-arqueologia\\\/\",\"name\":\"Profesionales de la Zona Arqueol\u00f3gica Caral participar\u00e1n en XI Congreso Nacional de Arqueolog\u00eda\",\"isPartOf\":{\"@id\":\"https:\\\/\\\/zonacaral.gob.pe\\\/es\\\/#website\"},\"primaryImageOfPage\":{\"@id\":\"https:\\\/\\\/zonacaral.gob.pe\\\/es\\\/noticias\\\/profesionales-de-la-zona-arqueologica-caral-participaran-en-xi-congreso-nacional-de-arqueologia\\\/#primaryimage\"},\"image\":{\"@id\":\"https:\\\/\\\/zonacaral.gob.pe\\\/es\\\/noticias\\\/profesionales-de-la-zona-arqueologica-caral-participaran-en-xi-congreso-nacional-de-arqueologia\\\/#primaryimage\"},\"thumbnailUrl\":\"https:\\\/\\\/zonacaral.gob.pe\\\/wp-content\\\/uploads\\\/2024\\\/11\\\/congreso-1.png\",\"datePublished\":\"2024-11-06T20:20:48+00:00\",\"author\":{\"@id\":\"https:\\\/\\\/zonacaral.gob.pe\\\/es\\\/#\\\/schema\\\/person\\\/beddb4d22f71a7230c5b90913270a0ee\"},\"description\":\"En el XI Congreso Nacional de Arqueolog\u00eda (CNA), a desarrollarse desde este mi\u00e9rcoles 6 al 10 de noviembre de 2024 en la regi\u00f3n Lambayeque, organizado por el Ministerio de Cultura, los profesionales de la Unidad Ejecutora 003: Zona Arqueol\u00f3gica Caral (ZAC), encabezados por la doctora Ruth Shady Sol\u00eds, directora de esta instituci\u00f3n, participar\u00e1n en diversos simposios, junto a otros destacados profesionales del campo.\",\"breadcrumb\":{\"@id\":\"https:\\\/\\\/zonacaral.gob.pe\\\/es\\\/noticias\\\/profesionales-de-la-zona-arqueologica-caral-participaran-en-xi-congreso-nacional-de-arqueologia\\\/#breadcrumb\"},\"inLanguage\":\"en-US\",\"potentialAction\":[{\"@type\":\"ReadAction\",\"target\":[\"https:\\\/\\\/zonacaral.gob.pe\\\/es\\\/noticias\\\/profesionales-de-la-zona-arqueologica-caral-participaran-en-xi-congreso-nacional-de-arqueologia\\\/\"]}]},{\"@type\":\"ImageObject\",\"inLanguage\":\"en-US\",\"@id\":\"https:\\\/\\\/zonacaral.gob.pe\\\/es\\\/noticias\\\/profesionales-de-la-zona-arqueologica-caral-participaran-en-xi-congreso-nacional-de-arqueologia\\\/#primaryimage\",\"url\":\"https:\\\/\\\/zonacaral.gob.pe\\\/wp-content\\\/uploads\\\/2024\\\/11\\\/congreso-1.png\",\"contentUrl\":\"https:\\\/\\\/zonacaral.gob.pe\\\/wp-content\\\/uploads\\\/2024\\\/11\\\/congreso-1.png\",\"width\":700,\"height\":395},{\"@type\":\"BreadcrumbList\",\"@id\":\"https:\\\/\\\/zonacaral.gob.pe\\\/es\\\/noticias\\\/profesionales-de-la-zona-arqueologica-caral-participaran-en-xi-congreso-nacional-de-arqueologia\\\/#breadcrumb\",\"itemListElement\":[{\"@type\":\"ListItem\",\"position\":1,\"name\":\"Portada\",\"item\":\"https:\\\/\\\/zonacaral.gob.pe\\\/\"},{\"@type\":\"ListItem\",\"position\":2,\"name\":\"Profesionales de la Zona Arqueol\u00f3gica Caral participar\u00e1n en XI Congreso Nacional de Arqueolog\u00eda\"}]},{\"@type\":\"WebSite\",\"@id\":\"https:\\\/\\\/zonacaral.gob.pe\\\/es\\\/#website\",\"url\":\"https:\\\/\\\/zonacaral.gob.pe\\\/es\\\/\",\"name\":\"Zona Caral\",\"description\":\"Investigamos, conservamos y difundimos el patrimonio cultural de la Civilizaci\u00f3n Caral, la m\u00e1s antigua de Am\u00e9rica.\",\"potentialAction\":[{\"@type\":\"SearchAction\",\"target\":{\"@type\":\"EntryPoint\",\"urlTemplate\":\"https:\\\/\\\/zonacaral.gob.pe\\\/es\\\/?s={search_term_string}\"},\"query-input\":{\"@type\":\"PropertyValueSpecification\",\"valueRequired\":true,\"valueName\":\"search_term_string\"}}],\"inLanguage\":\"en-US\"},{\"@type\":\"Person\",\"@id\":\"https:\\\/\\\/zonacaral.gob.pe\\\/es\\\/#\\\/schema\\\/person\\\/beddb4d22f71a7230c5b90913270a0ee\",\"name\":\"Zona Caral Administrador\",\"image\":{\"@type\":\"ImageObject\",\"inLanguage\":\"en-US\",\"@id\":\"https:\\\/\\\/secure.gravatar.com\\\/avatar\\\/e4be162918a696358376de6446614e0f0f4062bdc5d170d6d540ada3d8b58c12?s=96&d=mm&r=g\",\"url\":\"https:\\\/\\\/secure.gravatar.com\\\/avatar\\\/e4be162918a696358376de6446614e0f0f4062bdc5d170d6d540ada3d8b58c12?s=96&d=mm&r=g\",\"contentUrl\":\"https:\\\/\\\/secure.gravatar.com\\\/avatar\\\/e4be162918a696358376de6446614e0f0f4062bdc5d170d6d540ada3d8b58c12?s=96&d=mm&r=g\",\"caption\":\"Zona Caral Administrador\"},\"sameAs\":[\"https:\\\/\\\/zonacaral.gob.pe\"],\"url\":\"https:\\\/\\\/zonacaral.gob.pe\\\/en\\\/noticias\\\/author\\\/ad_zonacaral\\\/\"}]}<\/script>\n<!-- \/ Yoast SEO plugin. -->","yoast_head_json":{"title":"Profesionales de la Zona Arqueol\u00f3gica Caral participar\u00e1n en XI Congreso Nacional de Arqueolog\u00eda","description":"En el XI Congreso Nacional de Arqueolog\u00eda (CNA), a desarrollarse desde este mi\u00e9rcoles 6 al 10 de noviembre de 2024 en la regi\u00f3n Lambayeque, organizado por el Ministerio de Cultura, los profesionales de la Unidad Ejecutora 003: Zona Arqueol\u00f3gica Caral (ZAC), encabezados por la doctora Ruth Shady Sol\u00eds, directora de esta instituci\u00f3n, participar\u00e1n en diversos simposios, junto a otros destacados profesionales del campo.","robots":{"index":"index","follow":"follow","max-snippet":"max-snippet:-1","max-image-preview":"max-image-preview:large","max-video-preview":"max-video-preview:-1"},"canonical":"https:\/\/zonacaral.gob.pe\/en\/noticias\/profesionales-de-la-zona-arqueologica-caral-participaran-en-xi-congreso-nacional-de-arqueologia\/","og_locale":"en_US","og_type":"article","og_title":"Profesionales de la Zona Arqueol\u00f3gica Caral participar\u00e1n en XI Congreso Nacional de Arqueolog\u00eda","og_description":"En el XI Congreso Nacional de Arqueolog\u00eda (CNA), a desarrollarse desde este mi\u00e9rcoles 6 al 10 de noviembre de 2024 en la regi\u00f3n Lambayeque, organizado por el Ministerio de Cultura, los profesionales de la Unidad Ejecutora 003: Zona Arqueol\u00f3gica Caral (ZAC), encabezados por la doctora Ruth Shady Sol\u00eds, directora de esta instituci\u00f3n, participar\u00e1n en diversos simposios, junto a otros destacados profesionales del campo.","og_url":"https:\/\/zonacaral.gob.pe\/en\/noticias\/profesionales-de-la-zona-arqueologica-caral-participaran-en-xi-congreso-nacional-de-arqueologia\/","og_site_name":"Zona Caral","article_published_time":"2024-11-06T20:20:48+00:00","og_image":[{"width":700,"height":395,"url":"https:\/\/zonacaral.gob.pe\/wp-content\/uploads\/2024\/11\/congreso-1.png","type":"image\/png"}],"author":"Zona Caral Administrador","twitter_card":"summary_large_image","twitter_misc":{"Written by":"Zona Caral Administrador","Est. reading time":"3 minutes"},"schema":{"@context":"https:\/\/schema.org","@graph":[{"@type":"Article","@id":"https:\/\/zonacaral.gob.pe\/es\/noticias\/profesionales-de-la-zona-arqueologica-caral-participaran-en-xi-congreso-nacional-de-arqueologia\/#article","isPartOf":{"@id":"https:\/\/zonacaral.gob.pe\/es\/noticias\/profesionales-de-la-zona-arqueologica-caral-participaran-en-xi-congreso-nacional-de-arqueologia\/"},"author":{"name":"Zona Caral Administrador","@id":"https:\/\/zonacaral.gob.pe\/es\/#\/schema\/person\/beddb4d22f71a7230c5b90913270a0ee"},"headline":"Profesionales de la Zona Arqueol\u00f3gica Caral participar\u00e1n en XI Congreso Nacional de Arqueolog\u00eda","datePublished":"2024-11-06T20:20:48+00:00","mainEntityOfPage":{"@id":"https:\/\/zonacaral.gob.pe\/es\/noticias\/profesionales-de-la-zona-arqueologica-caral-participaran-en-xi-congreso-nacional-de-arqueologia\/"},"wordCount":527,"image":{"@id":"https:\/\/zonacaral.gob.pe\/es\/noticias\/profesionales-de-la-zona-arqueologica-caral-participaran-en-xi-congreso-nacional-de-arqueologia\/#primaryimage"},"thumbnailUrl":"https:\/\/zonacaral.gob.pe\/wp-content\/uploads\/2024\/11\/congreso-1.png","keywords":["caral","Cultura"],"articleSection":["noticias"],"inLanguage":"en-US"},{"@type":"WebPage","@id":"https:\/\/zonacaral.gob.pe\/es\/noticias\/profesionales-de-la-zona-arqueologica-caral-participaran-en-xi-congreso-nacional-de-arqueologia\/","url":"https:\/\/zonacaral.gob.pe\/es\/noticias\/profesionales-de-la-zona-arqueologica-caral-participaran-en-xi-congreso-nacional-de-arqueologia\/","name":"Profesionales de la Zona Arqueol\u00f3gica Caral participar\u00e1n en XI Congreso Nacional de Arqueolog\u00eda","isPartOf":{"@id":"https:\/\/zonacaral.gob.pe\/es\/#website"},"primaryImageOfPage":{"@id":"https:\/\/zonacaral.gob.pe\/es\/noticias\/profesionales-de-la-zona-arqueologica-caral-participaran-en-xi-congreso-nacional-de-arqueologia\/#primaryimage"},"image":{"@id":"https:\/\/zonacaral.gob.pe\/es\/noticias\/profesionales-de-la-zona-arqueologica-caral-participaran-en-xi-congreso-nacional-de-arqueologia\/#primaryimage"},"thumbnailUrl":"https:\/\/zonacaral.gob.pe\/wp-content\/uploads\/2024\/11\/congreso-1.png","datePublished":"2024-11-06T20:20:48+00:00","author":{"@id":"https:\/\/zonacaral.gob.pe\/es\/#\/schema\/person\/beddb4d22f71a7230c5b90913270a0ee"},"description":"En el XI Congreso Nacional de Arqueolog\u00eda (CNA), a desarrollarse desde este mi\u00e9rcoles 6 al 10 de noviembre de 2024 en la regi\u00f3n Lambayeque, organizado por el Ministerio de Cultura, los profesionales de la Unidad Ejecutora 003: Zona Arqueol\u00f3gica Caral (ZAC), encabezados por la doctora Ruth Shady Sol\u00eds, directora de esta instituci\u00f3n, participar\u00e1n en diversos simposios, junto a otros destacados profesionales del campo.","breadcrumb":{"@id":"https:\/\/zonacaral.gob.pe\/es\/noticias\/profesionales-de-la-zona-arqueologica-caral-participaran-en-xi-congreso-nacional-de-arqueologia\/#breadcrumb"},"inLanguage":"en-US","potentialAction":[{"@type":"ReadAction","target":["https:\/\/zonacaral.gob.pe\/es\/noticias\/profesionales-de-la-zona-arqueologica-caral-participaran-en-xi-congreso-nacional-de-arqueologia\/"]}]},{"@type":"ImageObject","inLanguage":"en-US","@id":"https:\/\/zonacaral.gob.pe\/es\/noticias\/profesionales-de-la-zona-arqueologica-caral-participaran-en-xi-congreso-nacional-de-arqueologia\/#primaryimage","url":"https:\/\/zonacaral.gob.pe\/wp-content\/uploads\/2024\/11\/congreso-1.png","contentUrl":"https:\/\/zonacaral.gob.pe\/wp-content\/uploads\/2024\/11\/congreso-1.png","width":700,"height":395},{"@type":"BreadcrumbList","@id":"https:\/\/zonacaral.gob.pe\/es\/noticias\/profesionales-de-la-zona-arqueologica-caral-participaran-en-xi-congreso-nacional-de-arqueologia\/#breadcrumb","itemListElement":[{"@type":"ListItem","position":1,"name":"Portada","item":"https:\/\/zonacaral.gob.pe\/"},{"@type":"ListItem","position":2,"name":"Profesionales de la Zona Arqueol\u00f3gica Caral participar\u00e1n en XI Congreso Nacional de Arqueolog\u00eda"}]},{"@type":"WebSite","@id":"https:\/\/zonacaral.gob.pe\/es\/#website","url":"https:\/\/zonacaral.gob.pe\/es\/","name":"Zona Caral","description":"Investigamos, conservamos y difundimos el patrimonio cultural de la Civilizaci\u00f3n Caral, la m\u00e1s antigua de Am\u00e9rica.","potentialAction":[{"@type":"SearchAction","target":{"@type":"EntryPoint","urlTemplate":"https:\/\/zonacaral.gob.pe\/es\/?s={search_term_string}"},"query-input":{"@type":"PropertyValueSpecification","valueRequired":true,"valueName":"search_term_string"}}],"inLanguage":"en-US"},{"@type":"Person","@id":"https:\/\/zonacaral.gob.pe\/es\/#\/schema\/person\/beddb4d22f71a7230c5b90913270a0ee","name":"Zona Caral Administrador","image":{"@type":"ImageObject","inLanguage":"en-US","@id":"https:\/\/secure.gravatar.com\/avatar\/e4be162918a696358376de6446614e0f0f4062bdc5d170d6d540ada3d8b58c12?s=96&d=mm&r=g","url":"https:\/\/secure.gravatar.com\/avatar\/e4be162918a696358376de6446614e0f0f4062bdc5d170d6d540ada3d8b58c12?s=96&d=mm&r=g","contentUrl":"https:\/\/secure.gravatar.com\/avatar\/e4be162918a696358376de6446614e0f0f4062bdc5d170d6d540ada3d8b58c12?s=96&d=mm&r=g","caption":"Zona Caral Administrador"},"sameAs":["https:\/\/zonacaral.gob.pe"],"url":"https:\/\/zonacaral.gob.pe\/en\/noticias\/author\/ad_zonacaral\/"}]}},"_links":{"self":[{"href":"https:\/\/zonacaral.gob.pe\/en\/wp-json\/wp\/v2\/posts\/17956","targetHints":{"allow":["GET"]}}],"collection":[{"href":"https:\/\/zonacaral.gob.pe\/en\/wp-json\/wp\/v2\/posts"}],"about":[{"href":"https:\/\/zonacaral.gob.pe\/en\/wp-json\/wp\/v2\/types\/post"}],"author":[{"embeddable":true,"href":"https:\/\/zonacaral.gob.pe\/en\/wp-json\/wp\/v2\/users\/1"}],"replies":[{"embeddable":true,"href":"https:\/\/zonacaral.gob.pe\/en\/wp-json\/wp\/v2\/comments?post=17956"}],"version-history":[{"count":0,"href":"https:\/\/zonacaral.gob.pe\/en\/wp-json\/wp\/v2\/posts\/17956\/revisions"}],"wp:featuredmedia":[{"embeddable":true,"href":"https:\/\/zonacaral.gob.pe\/en\/wp-json\/wp\/v2\/media\/17957"}],"wp:attachment":[{"href":"https:\/\/zonacaral.gob.pe\/en\/wp-json\/wp\/v2\/media?parent=17956"}],"wp:term":[{"taxonomy":"category","embeddable":true,"href":"https:\/\/zonacaral.gob.pe\/en\/wp-json\/wp\/v2\/categories?post=17956"},{"taxonomy":"post_tag","embeddable":true,"href":"https:\/\/zonacaral.gob.pe\/en\/wp-json\/wp\/v2\/tags?post=17956"}],"curies":[{"name":"wp","href":"https:\/\/api.w.org\/{rel}","templated":true}]}}