{"id":17961,"date":"2024-11-11T12:23:17","date_gmt":"2024-11-11T17:23:17","guid":{"rendered":"https:\/\/www.zonacaral.gob.pe\/?p=17961"},"modified":"2024-11-11T12:23:17","modified_gmt":"2024-11-11T17:23:17","slug":"ministerio-de-cultura-caral-la-civilizacion-mas-antigua-de-america-se-expondra-en-apec-peru-2024","status":"publish","type":"post","link":"https:\/\/zonacaral.gob.pe\/en\/noticias\/ministerio-de-cultura-caral-la-civilizacion-mas-antigua-de-america-se-expondra-en-apec-peru-2024\/","title":{"rendered":"Ministerio de Cultura: Caral, la civilizaci\u00f3n m\u00e1s antigua de Am\u00e9rica se expondr\u00e1 en APEC Per\u00fa 2024"},"content":{"rendered":"<figure class=\"pic-autor\" style=\"color: #4d4d4d; text-align: justify;\"><\/figure>\n<div class=\"gmail_default\" style=\"text-align: justify;\">\n<blockquote>\n<p>Recursos digitales y de realidad virtual mixta, estar\u00e1n a disposici\u00f3n de los l\u00edderes y periodistas internacionales, desde este domingo 10 al 16 de noviembre.<\/p>\n<\/blockquote>\n<div>En las instalaciones del Ministerio de Cultura (Mincul), ubicado en San Borja \u2013 Lima, la<a href=\"https:\/\/www.instagram.com\/caralperu\/\">\u00a0Zona Arqueol\u00f3gica Caral<\/a> (ZAC), presentar\u00e1 una novedosa exposici\u00f3n que busca mostrar los valores de la civilizaci\u00f3n Caral, con el fin de transmitir nuestra herencia cultural milenaria a todos los participantes del Foro de Cooperaci\u00f3n Econ\u00f3mica Asia-Pac\u00edfico (APEC, por sus siglas en ingl\u00e9s).<\/div>\n<div>\u00a0<\/div>\n<div>La muestra titulada\u00a0<em>\u00abCaral-Per\u00fa, la civilizaci\u00f3n m\u00e1s antigua de Am\u00e9rica\u00bb,\u00a0<\/em>busca mostrar la importancia de las diferentes ciudades de Caral, al conmemorarse este a\u00f1o, el 30 aniversario del inicio de las investigaciones sobre este foco civilizatorio, las cuales empezaron en la Ciudad Sagrada de Caral-Supe, Patrimonio Mundial, en 1994, por parte de la doctora Ruth Shady Sol\u00eds, directora de la ZAC.<\/div>\n<div>Estos recursos digitales y de realidad virtual mixta, estar\u00e1n a disposici\u00f3n de los l\u00edderes y periodistas internacionales, desde este domingo 10 al 16 de noviembre.<\/div>\n<div>\u00a0<\/div>\n<div>As\u00ed, en los ambientes del Mincul se instalar\u00e1n m\u00f3dulos iluminados con im\u00e1genes actualizadas, a todo color, de los centros urbanos de Caral; tambi\u00e9n videos informativos, pantallas interactivas (t\u00f3tem), visores de realidad virtual (Oculus). Adem\u00e1s, a trav\u00e9s de estas gafas de realidad virtual, los asistentes podr\u00e1n ver, en primera persona, el altar del fuego e ingresar al sal\u00f3n ceremonial del Edificio P\u00fablico de los Pututus de la ciudad de Pe\u00f1ico.<\/div>\n<div>Y, por primera vez, se presenta una r\u00e9plica, a tama\u00f1o real, de uno de los espacios m\u00e1s \u00edntimos y sagrados de Caral: \u201c<em>El Altar del Fuego<\/em>\u201d. Recinto donde se realizaban las ceremonias de pago m\u00e1s importantes, a las cuales llegaban habitantes de diversos lugares, promoviendo la integraci\u00f3n y la interacci\u00f3n de forma pac\u00edfica y armoniosa.<\/div>\n<div>\u00a0<\/div>\n<div>Precisamente, alrededor de este \u201cfog\u00f3n\u201d se adaptaron pantallas LED que muestran videos en 3D, con sonidos envolventes, sobre los diferentes detalles de Caral. Adem\u00e1s, al interior se aprecia una representaci\u00f3n art\u00edstica del fuego, elemento que fue importante en esta civilizaci\u00f3n.<\/div>\n<div>La muestra se encuentra dividida en cinco temas, en los cuales se ha buscado transmitir los valores sociales y culturales de la Civilizaci\u00f3n Caral.<\/div>\n<div>Estos espacios, en detalle son:<\/div>\n<div>\u00a0<\/div>\n<div>Presentaci\u00f3n de la exposici\u00f3n:\u00a0<em>\u00abCaral-Per\u00fa, la civilizaci\u00f3n m\u00e1s antigua de Am\u00e9rica\u00bb<\/em>. El panel tendr\u00e1 la forma estilizada de la huanca de Caral.<\/div>\n<div><strong><br \/>Tema 1:\u00a0<\/strong><strong><em>Vida en armon\u00eda entre los seres humanos y con la naturaleza.<br \/><\/em><\/strong><\/div>\n<div>Este espacio contar\u00e1 con un panel que exhibir\u00e1 fotos panor\u00e1micas del sitio arqueol\u00f3gico, dise\u00f1ado con una superposici\u00f3n de im\u00e1genes. Adem\u00e1s, habr\u00e1 un panel giratorio con infograf\u00edas a todo color en ambos lados. Tambi\u00e9n se instalar\u00e1 una pantalla para transmitir un video explicativo sobre los subtemas, subtitulado en ingl\u00e9s y espa\u00f1ol.<\/div>\n<div><strong><br \/>Tema 2:\u00a0<\/strong><strong><em>Seguridad alimentaria y complementariedad de g\u00e9nero.<br \/><\/em><\/strong><\/div>\n<div>En este espacio se instalar\u00e1 una imagen del centro urbano \u00c1spero, con un dise\u00f1o similar al anterior. Adem\u00e1s, se colocar\u00e1 un t\u00f3tem interactivo, que contar\u00e1 con una plataforma digital para conocer la tecnolog\u00eda pesquera. A trav\u00e9s de esta plataforma, los visitantes podr\u00e1n acceder a videos explicativos, disponibles con subt\u00edtulos en ingl\u00e9s y espa\u00f1ol, sobre temas como la seguridad alimentaria y el rol de la mujer en Caral.<\/div>\n<div>\u00a0<\/div>\n<div><strong>Tema 3:\u00a0<\/strong><strong><em>Importancia del registro de la memoria social y el desarrollo integral del ser humano.<br \/><\/em><\/strong><\/div>\n<div>En este lugar se colocar\u00e1 una imagen del centro urbano Vichama. Estar\u00e1 acompa\u00f1ado por una pantalla t\u00f3tem, en la cual se proyectar\u00e1 un video explicativo sobre el tema, con subt\u00edtulos en ingl\u00e9s y espa\u00f1ol. Tambi\u00e9n, los visitantes tendr\u00e1n la opci\u00f3n de visualizar los relieves escult\u00f3ricos de Vichama, a trav\u00e9s de dos visores de realidad virtual (Oculus).<\/div>\n<div><strong><br \/>Tema 4:\u00a0<\/strong><strong><em>Interacci\u00f3n intercultural para generar integraci\u00f3n en la diversidad<\/em><\/strong><strong>.<br \/><\/strong><\/div>\n<div>En este espacio se instalar\u00e1 una imagen del centro urbano Pe\u00f1ico, con un dise\u00f1o similar al anterior. Estar\u00e1 acompa\u00f1ada de un televisor y una gafa de realidad virtual, que permitir\u00e1 a los visitantes acceder, a trav\u00e9s de nuestro \u201cjuego\u201d en la plataforma Steam, a uno de los principales edificios piramidales del sitio. De esta forma, podr\u00e1n experimentar en primera persona el ritual de pago, interactuar con la poblaci\u00f3n y conocer el ambiente simulado del valle de Supe.<\/div>\n<div>\u00a0<\/div>\n<div><strong>Tema 5: La producci\u00f3n de conocimientos en ciencia y tecnolog\u00eda.<br \/><\/strong><\/div>\n<div>En este m\u00f3dulo se presentar\u00e1n recursos para exponer los siguientes subtemas:\u00a0<em>\u201cAstronom\u00eda\u201d; \u201cConstrucciones sismorresistentes\u201d, \u201cEnerg\u00edas renovables y mec\u00e1nica de fluidos\u201d, \u201cTecnolog\u00eda textil\u201d, \u201cRegistro de la informaci\u00f3n\u201d y \u201cPlantas de uso medicinal\u201d.<br \/><\/em><\/div>\n<div>La Zona Arqueol\u00f3gica Caral del Ministerio de Cultura, espera que los visitantes, nacionales y extranjeros, conozcan nuestra riqueza cultural milenaria y se conviertan en difusores de la misma, con el fin de lograr llegar a los diferentes rincones del pa\u00eds y del mundo, para lograr generar identidad y orgullo.<\/div>\n<p><strong style=\"font-size: inherit; text-align: justify;\">Fuente: Comunicaci\u00f3n e Imagen Institucional ZAC<\/strong><\/p>\n<\/div>\n<div style=\"color: #1f1f1f;\">\n<div style=\"color: #1f1f1f;\">\n<p style=\"text-align: justify;\">Fecha de publicaci\u00f3n: 11\/11\/2024<\/p>\n<\/div>\n<\/div>\n\n\n<p><\/p>","protected":false},"excerpt":{"rendered":"<p>Recursos digitales y de realidad virtual mixta, estar\u00e1n a disposici\u00f3n de los l\u00edderes y periodistas internacionales, desde este domingo 10 [&hellip;]<\/p>\n","protected":false},"author":1,"featured_media":17965,"comment_status":"closed","ping_status":"open","sticky":false,"template":"","format":"standard","meta":{"_acf_changed":false,"site-sidebar-layout":"default","site-content-layout":"","ast-site-content-layout":"default","site-content-style":"default","site-sidebar-style":"default","ast-global-header-display":"","ast-banner-title-visibility":"","ast-main-header-display":"","ast-hfb-above-header-display":"","ast-hfb-below-header-display":"","ast-hfb-mobile-header-display":"","site-post-title":"","ast-breadcrumbs-content":"","ast-featured-img":"","footer-sml-layout":"","ast-disable-related-posts":"","theme-transparent-header-meta":"","adv-header-id-meta":"","stick-header-meta":"","header-above-stick-meta":"","header-main-stick-meta":"","header-below-stick-meta":"","astra-migrate-meta-layouts":"default","ast-page-background-enabled":"default","ast-page-background-meta":{"desktop":{"background-color":"var(--ast-global-color-5)","background-image":"","background-repeat":"repeat","background-position":"center center","background-size":"auto","background-attachment":"scroll","background-type":"","background-media":"","overlay-type":"","overlay-color":"","overlay-opacity":"","overlay-gradient":""},"tablet":{"background-color":"","background-image":"","background-repeat":"repeat","background-position":"center center","background-size":"auto","background-attachment":"scroll","background-type":"","background-media":"","overlay-type":"","overlay-color":"","overlay-opacity":"","overlay-gradient":""},"mobile":{"background-color":"","background-image":"","background-repeat":"repeat","background-position":"center center","background-size":"auto","background-attachment":"scroll","background-type":"","background-media":"","overlay-type":"","overlay-color":"","overlay-opacity":"","overlay-gradient":""}},"ast-content-background-meta":{"desktop":{"background-color":"var(--ast-global-color-4)","background-image":"","background-repeat":"repeat","background-position":"center center","background-size":"auto","background-attachment":"scroll","background-type":"","background-media":"","overlay-type":"","overlay-color":"","overlay-opacity":"","overlay-gradient":""},"tablet":{"background-color":"var(--ast-global-color-4)","background-image":"","background-repeat":"repeat","background-position":"center center","background-size":"auto","background-attachment":"scroll","background-type":"","background-media":"","overlay-type":"","overlay-color":"","overlay-opacity":"","overlay-gradient":""},"mobile":{"background-color":"var(--ast-global-color-4)","background-image":"","background-repeat":"repeat","background-position":"center center","background-size":"auto","background-attachment":"scroll","background-type":"","background-media":"","overlay-type":"","overlay-color":"","overlay-opacity":"","overlay-gradient":""}},"footnotes":""},"categories":[208],"tags":[55,72],"class_list":["post-17961","post","type-post","status-publish","format-standard","has-post-thumbnail","hentry","category-noticias","tag-caral","tag-cultura"],"acf":[],"yoast_head":"<!-- This site is optimized with the Yoast SEO plugin v27.3 - https:\/\/yoast.com\/product\/yoast-seo-wordpress\/ -->\n<title>Ministerio de Cultura: Caral, la civilizaci\u00f3n m\u00e1s antigua de Am\u00e9rica se expondr\u00e1 en APEC Per\u00fa 2024<\/title>\n<meta name=\"description\" content=\"En las instalaciones del Ministerio de Cultura (Mincul), ubicado en San Borja \u2013 Lima, la\u00a0Zona Arqueol\u00f3gica Caral\u00a0(ZAC), presentar\u00e1 una novedosa exposici\u00f3n que busca mostrar los valores de la civilizaci\u00f3n Caral, con el fin de transmitir nuestra herencia cultural milenaria a todos los participantes del Foro de Cooperaci\u00f3n Econ\u00f3mica Asia-Pac\u00edfico (APEC, por sus siglas en ingl\u00e9s).\" \/>\n<meta name=\"robots\" content=\"index, follow, max-snippet:-1, max-image-preview:large, max-video-preview:-1\" \/>\n<link rel=\"canonical\" href=\"https:\/\/zonacaral.gob.pe\/en\/noticias\/ministerio-de-cultura-caral-la-civilizacion-mas-antigua-de-america-se-expondra-en-apec-peru-2024\/\" \/>\n<meta property=\"og:locale\" content=\"en_US\" \/>\n<meta property=\"og:type\" content=\"article\" \/>\n<meta property=\"og:title\" content=\"Ministerio de Cultura: Caral, la civilizaci\u00f3n m\u00e1s antigua de Am\u00e9rica se expondr\u00e1 en APEC Per\u00fa 2024\" \/>\n<meta property=\"og:description\" content=\"En las instalaciones del Ministerio de Cultura (Mincul), ubicado en San Borja \u2013 Lima, la\u00a0Zona Arqueol\u00f3gica Caral\u00a0(ZAC), presentar\u00e1 una novedosa exposici\u00f3n que busca mostrar los valores de la civilizaci\u00f3n Caral, con el fin de transmitir nuestra herencia cultural milenaria a todos los participantes del Foro de Cooperaci\u00f3n Econ\u00f3mica Asia-Pac\u00edfico (APEC, por sus siglas en ingl\u00e9s).\" \/>\n<meta property=\"og:url\" content=\"https:\/\/zonacaral.gob.pe\/en\/noticias\/ministerio-de-cultura-caral-la-civilizacion-mas-antigua-de-america-se-expondra-en-apec-peru-2024\/\" \/>\n<meta property=\"og:site_name\" content=\"Zona Caral\" \/>\n<meta property=\"article:published_time\" content=\"2024-11-11T17:23:17+00:00\" \/>\n<meta property=\"og:image\" content=\"https:\/\/zonacaral.gob.pe\/wp-content\/uploads\/2024\/11\/apec-caral-1.jpg\" \/>\n\t<meta property=\"og:image:width\" content=\"700\" \/>\n\t<meta property=\"og:image:height\" content=\"395\" \/>\n\t<meta property=\"og:image:type\" content=\"image\/jpeg\" \/>\n<meta name=\"author\" content=\"Zona Caral Administrador\" \/>\n<meta name=\"twitter:card\" content=\"summary_large_image\" \/>\n<meta name=\"twitter:label1\" content=\"Written by\" \/>\n\t<meta name=\"twitter:data1\" content=\"Zona Caral Administrador\" \/>\n\t<meta name=\"twitter:label2\" content=\"Est. reading time\" \/>\n\t<meta name=\"twitter:data2\" content=\"4 minutes\" \/>\n<script type=\"application\/ld+json\" class=\"yoast-schema-graph\">{\"@context\":\"https:\\\/\\\/schema.org\",\"@graph\":[{\"@type\":\"Article\",\"@id\":\"https:\\\/\\\/zonacaral.gob.pe\\\/es\\\/noticias\\\/ministerio-de-cultura-caral-la-civilizacion-mas-antigua-de-america-se-expondra-en-apec-peru-2024\\\/#article\",\"isPartOf\":{\"@id\":\"https:\\\/\\\/zonacaral.gob.pe\\\/es\\\/noticias\\\/ministerio-de-cultura-caral-la-civilizacion-mas-antigua-de-america-se-expondra-en-apec-peru-2024\\\/\"},\"author\":{\"name\":\"Zona Caral Administrador\",\"@id\":\"https:\\\/\\\/zonacaral.gob.pe\\\/es\\\/#\\\/schema\\\/person\\\/beddb4d22f71a7230c5b90913270a0ee\"},\"headline\":\"Ministerio de Cultura: Caral, la civilizaci\u00f3n m\u00e1s antigua de Am\u00e9rica se expondr\u00e1 en APEC Per\u00fa 2024\",\"datePublished\":\"2024-11-11T17:23:17+00:00\",\"mainEntityOfPage\":{\"@id\":\"https:\\\/\\\/zonacaral.gob.pe\\\/es\\\/noticias\\\/ministerio-de-cultura-caral-la-civilizacion-mas-antigua-de-america-se-expondra-en-apec-peru-2024\\\/\"},\"wordCount\":883,\"image\":{\"@id\":\"https:\\\/\\\/zonacaral.gob.pe\\\/es\\\/noticias\\\/ministerio-de-cultura-caral-la-civilizacion-mas-antigua-de-america-se-expondra-en-apec-peru-2024\\\/#primaryimage\"},\"thumbnailUrl\":\"https:\\\/\\\/zonacaral.gob.pe\\\/wp-content\\\/uploads\\\/2024\\\/11\\\/apec-caral-1.jpg\",\"keywords\":[\"caral\",\"Cultura\"],\"articleSection\":[\"noticias\"],\"inLanguage\":\"en-US\"},{\"@type\":\"WebPage\",\"@id\":\"https:\\\/\\\/zonacaral.gob.pe\\\/es\\\/noticias\\\/ministerio-de-cultura-caral-la-civilizacion-mas-antigua-de-america-se-expondra-en-apec-peru-2024\\\/\",\"url\":\"https:\\\/\\\/zonacaral.gob.pe\\\/es\\\/noticias\\\/ministerio-de-cultura-caral-la-civilizacion-mas-antigua-de-america-se-expondra-en-apec-peru-2024\\\/\",\"name\":\"Ministerio de Cultura: Caral, la civilizaci\u00f3n m\u00e1s antigua de Am\u00e9rica se expondr\u00e1 en APEC Per\u00fa 2024\",\"isPartOf\":{\"@id\":\"https:\\\/\\\/zonacaral.gob.pe\\\/es\\\/#website\"},\"primaryImageOfPage\":{\"@id\":\"https:\\\/\\\/zonacaral.gob.pe\\\/es\\\/noticias\\\/ministerio-de-cultura-caral-la-civilizacion-mas-antigua-de-america-se-expondra-en-apec-peru-2024\\\/#primaryimage\"},\"image\":{\"@id\":\"https:\\\/\\\/zonacaral.gob.pe\\\/es\\\/noticias\\\/ministerio-de-cultura-caral-la-civilizacion-mas-antigua-de-america-se-expondra-en-apec-peru-2024\\\/#primaryimage\"},\"thumbnailUrl\":\"https:\\\/\\\/zonacaral.gob.pe\\\/wp-content\\\/uploads\\\/2024\\\/11\\\/apec-caral-1.jpg\",\"datePublished\":\"2024-11-11T17:23:17+00:00\",\"author\":{\"@id\":\"https:\\\/\\\/zonacaral.gob.pe\\\/es\\\/#\\\/schema\\\/person\\\/beddb4d22f71a7230c5b90913270a0ee\"},\"description\":\"En las instalaciones del Ministerio de Cultura (Mincul), ubicado en San Borja \u2013 Lima, la\u00a0Zona Arqueol\u00f3gica Caral\u00a0(ZAC), presentar\u00e1 una novedosa exposici\u00f3n que busca mostrar los valores de la civilizaci\u00f3n Caral, con el fin de transmitir nuestra herencia cultural milenaria a todos los participantes del Foro de Cooperaci\u00f3n Econ\u00f3mica Asia-Pac\u00edfico (APEC, por sus siglas en ingl\u00e9s).\",\"breadcrumb\":{\"@id\":\"https:\\\/\\\/zonacaral.gob.pe\\\/es\\\/noticias\\\/ministerio-de-cultura-caral-la-civilizacion-mas-antigua-de-america-se-expondra-en-apec-peru-2024\\\/#breadcrumb\"},\"inLanguage\":\"en-US\",\"potentialAction\":[{\"@type\":\"ReadAction\",\"target\":[\"https:\\\/\\\/zonacaral.gob.pe\\\/es\\\/noticias\\\/ministerio-de-cultura-caral-la-civilizacion-mas-antigua-de-america-se-expondra-en-apec-peru-2024\\\/\"]}]},{\"@type\":\"ImageObject\",\"inLanguage\":\"en-US\",\"@id\":\"https:\\\/\\\/zonacaral.gob.pe\\\/es\\\/noticias\\\/ministerio-de-cultura-caral-la-civilizacion-mas-antigua-de-america-se-expondra-en-apec-peru-2024\\\/#primaryimage\",\"url\":\"https:\\\/\\\/zonacaral.gob.pe\\\/wp-content\\\/uploads\\\/2024\\\/11\\\/apec-caral-1.jpg\",\"contentUrl\":\"https:\\\/\\\/zonacaral.gob.pe\\\/wp-content\\\/uploads\\\/2024\\\/11\\\/apec-caral-1.jpg\",\"width\":700,\"height\":395},{\"@type\":\"BreadcrumbList\",\"@id\":\"https:\\\/\\\/zonacaral.gob.pe\\\/es\\\/noticias\\\/ministerio-de-cultura-caral-la-civilizacion-mas-antigua-de-america-se-expondra-en-apec-peru-2024\\\/#breadcrumb\",\"itemListElement\":[{\"@type\":\"ListItem\",\"position\":1,\"name\":\"Portada\",\"item\":\"https:\\\/\\\/zonacaral.gob.pe\\\/\"},{\"@type\":\"ListItem\",\"position\":2,\"name\":\"Ministerio de Cultura: Caral, la civilizaci\u00f3n m\u00e1s antigua de Am\u00e9rica se expondr\u00e1 en APEC Per\u00fa 2024\"}]},{\"@type\":\"WebSite\",\"@id\":\"https:\\\/\\\/zonacaral.gob.pe\\\/es\\\/#website\",\"url\":\"https:\\\/\\\/zonacaral.gob.pe\\\/es\\\/\",\"name\":\"Zona Caral\",\"description\":\"Investigamos, conservamos y difundimos el patrimonio cultural de la Civilizaci\u00f3n Caral, la m\u00e1s antigua de Am\u00e9rica.\",\"potentialAction\":[{\"@type\":\"SearchAction\",\"target\":{\"@type\":\"EntryPoint\",\"urlTemplate\":\"https:\\\/\\\/zonacaral.gob.pe\\\/es\\\/?s={search_term_string}\"},\"query-input\":{\"@type\":\"PropertyValueSpecification\",\"valueRequired\":true,\"valueName\":\"search_term_string\"}}],\"inLanguage\":\"en-US\"},{\"@type\":\"Person\",\"@id\":\"https:\\\/\\\/zonacaral.gob.pe\\\/es\\\/#\\\/schema\\\/person\\\/beddb4d22f71a7230c5b90913270a0ee\",\"name\":\"Zona Caral Administrador\",\"image\":{\"@type\":\"ImageObject\",\"inLanguage\":\"en-US\",\"@id\":\"https:\\\/\\\/secure.gravatar.com\\\/avatar\\\/e4be162918a696358376de6446614e0f0f4062bdc5d170d6d540ada3d8b58c12?s=96&d=mm&r=g\",\"url\":\"https:\\\/\\\/secure.gravatar.com\\\/avatar\\\/e4be162918a696358376de6446614e0f0f4062bdc5d170d6d540ada3d8b58c12?s=96&d=mm&r=g\",\"contentUrl\":\"https:\\\/\\\/secure.gravatar.com\\\/avatar\\\/e4be162918a696358376de6446614e0f0f4062bdc5d170d6d540ada3d8b58c12?s=96&d=mm&r=g\",\"caption\":\"Zona Caral Administrador\"},\"sameAs\":[\"https:\\\/\\\/zonacaral.gob.pe\"],\"url\":\"https:\\\/\\\/zonacaral.gob.pe\\\/en\\\/noticias\\\/author\\\/ad_zonacaral\\\/\"}]}<\/script>\n<!-- \/ Yoast SEO plugin. -->","yoast_head_json":{"title":"Ministerio de Cultura: Caral, la civilizaci\u00f3n m\u00e1s antigua de Am\u00e9rica se expondr\u00e1 en APEC Per\u00fa 2024","description":"En las instalaciones del Ministerio de Cultura (Mincul), ubicado en San Borja \u2013 Lima, la\u00a0Zona Arqueol\u00f3gica Caral\u00a0(ZAC), presentar\u00e1 una novedosa exposici\u00f3n que busca mostrar los valores de la civilizaci\u00f3n Caral, con el fin de transmitir nuestra herencia cultural milenaria a todos los participantes del Foro de Cooperaci\u00f3n Econ\u00f3mica Asia-Pac\u00edfico (APEC, por sus siglas en ingl\u00e9s).","robots":{"index":"index","follow":"follow","max-snippet":"max-snippet:-1","max-image-preview":"max-image-preview:large","max-video-preview":"max-video-preview:-1"},"canonical":"https:\/\/zonacaral.gob.pe\/en\/noticias\/ministerio-de-cultura-caral-la-civilizacion-mas-antigua-de-america-se-expondra-en-apec-peru-2024\/","og_locale":"en_US","og_type":"article","og_title":"Ministerio de Cultura: Caral, la civilizaci\u00f3n m\u00e1s antigua de Am\u00e9rica se expondr\u00e1 en APEC Per\u00fa 2024","og_description":"En las instalaciones del Ministerio de Cultura (Mincul), ubicado en San Borja \u2013 Lima, la\u00a0Zona Arqueol\u00f3gica Caral\u00a0(ZAC), presentar\u00e1 una novedosa exposici\u00f3n que busca mostrar los valores de la civilizaci\u00f3n Caral, con el fin de transmitir nuestra herencia cultural milenaria a todos los participantes del Foro de Cooperaci\u00f3n Econ\u00f3mica Asia-Pac\u00edfico (APEC, por sus siglas en ingl\u00e9s).","og_url":"https:\/\/zonacaral.gob.pe\/en\/noticias\/ministerio-de-cultura-caral-la-civilizacion-mas-antigua-de-america-se-expondra-en-apec-peru-2024\/","og_site_name":"Zona Caral","article_published_time":"2024-11-11T17:23:17+00:00","og_image":[{"width":700,"height":395,"url":"https:\/\/zonacaral.gob.pe\/wp-content\/uploads\/2024\/11\/apec-caral-1.jpg","type":"image\/jpeg"}],"author":"Zona Caral Administrador","twitter_card":"summary_large_image","twitter_misc":{"Written by":"Zona Caral Administrador","Est. reading time":"4 minutes"},"schema":{"@context":"https:\/\/schema.org","@graph":[{"@type":"Article","@id":"https:\/\/zonacaral.gob.pe\/es\/noticias\/ministerio-de-cultura-caral-la-civilizacion-mas-antigua-de-america-se-expondra-en-apec-peru-2024\/#article","isPartOf":{"@id":"https:\/\/zonacaral.gob.pe\/es\/noticias\/ministerio-de-cultura-caral-la-civilizacion-mas-antigua-de-america-se-expondra-en-apec-peru-2024\/"},"author":{"name":"Zona Caral Administrador","@id":"https:\/\/zonacaral.gob.pe\/es\/#\/schema\/person\/beddb4d22f71a7230c5b90913270a0ee"},"headline":"Ministerio de Cultura: Caral, la civilizaci\u00f3n m\u00e1s antigua de Am\u00e9rica se expondr\u00e1 en APEC Per\u00fa 2024","datePublished":"2024-11-11T17:23:17+00:00","mainEntityOfPage":{"@id":"https:\/\/zonacaral.gob.pe\/es\/noticias\/ministerio-de-cultura-caral-la-civilizacion-mas-antigua-de-america-se-expondra-en-apec-peru-2024\/"},"wordCount":883,"image":{"@id":"https:\/\/zonacaral.gob.pe\/es\/noticias\/ministerio-de-cultura-caral-la-civilizacion-mas-antigua-de-america-se-expondra-en-apec-peru-2024\/#primaryimage"},"thumbnailUrl":"https:\/\/zonacaral.gob.pe\/wp-content\/uploads\/2024\/11\/apec-caral-1.jpg","keywords":["caral","Cultura"],"articleSection":["noticias"],"inLanguage":"en-US"},{"@type":"WebPage","@id":"https:\/\/zonacaral.gob.pe\/es\/noticias\/ministerio-de-cultura-caral-la-civilizacion-mas-antigua-de-america-se-expondra-en-apec-peru-2024\/","url":"https:\/\/zonacaral.gob.pe\/es\/noticias\/ministerio-de-cultura-caral-la-civilizacion-mas-antigua-de-america-se-expondra-en-apec-peru-2024\/","name":"Ministerio de Cultura: Caral, la civilizaci\u00f3n m\u00e1s antigua de Am\u00e9rica se expondr\u00e1 en APEC Per\u00fa 2024","isPartOf":{"@id":"https:\/\/zonacaral.gob.pe\/es\/#website"},"primaryImageOfPage":{"@id":"https:\/\/zonacaral.gob.pe\/es\/noticias\/ministerio-de-cultura-caral-la-civilizacion-mas-antigua-de-america-se-expondra-en-apec-peru-2024\/#primaryimage"},"image":{"@id":"https:\/\/zonacaral.gob.pe\/es\/noticias\/ministerio-de-cultura-caral-la-civilizacion-mas-antigua-de-america-se-expondra-en-apec-peru-2024\/#primaryimage"},"thumbnailUrl":"https:\/\/zonacaral.gob.pe\/wp-content\/uploads\/2024\/11\/apec-caral-1.jpg","datePublished":"2024-11-11T17:23:17+00:00","author":{"@id":"https:\/\/zonacaral.gob.pe\/es\/#\/schema\/person\/beddb4d22f71a7230c5b90913270a0ee"},"description":"En las instalaciones del Ministerio de Cultura (Mincul), ubicado en San Borja \u2013 Lima, la\u00a0Zona Arqueol\u00f3gica Caral\u00a0(ZAC), presentar\u00e1 una novedosa exposici\u00f3n que busca mostrar los valores de la civilizaci\u00f3n Caral, con el fin de transmitir nuestra herencia cultural milenaria a todos los participantes del Foro de Cooperaci\u00f3n Econ\u00f3mica Asia-Pac\u00edfico (APEC, por sus siglas en ingl\u00e9s).","breadcrumb":{"@id":"https:\/\/zonacaral.gob.pe\/es\/noticias\/ministerio-de-cultura-caral-la-civilizacion-mas-antigua-de-america-se-expondra-en-apec-peru-2024\/#breadcrumb"},"inLanguage":"en-US","potentialAction":[{"@type":"ReadAction","target":["https:\/\/zonacaral.gob.pe\/es\/noticias\/ministerio-de-cultura-caral-la-civilizacion-mas-antigua-de-america-se-expondra-en-apec-peru-2024\/"]}]},{"@type":"ImageObject","inLanguage":"en-US","@id":"https:\/\/zonacaral.gob.pe\/es\/noticias\/ministerio-de-cultura-caral-la-civilizacion-mas-antigua-de-america-se-expondra-en-apec-peru-2024\/#primaryimage","url":"https:\/\/zonacaral.gob.pe\/wp-content\/uploads\/2024\/11\/apec-caral-1.jpg","contentUrl":"https:\/\/zonacaral.gob.pe\/wp-content\/uploads\/2024\/11\/apec-caral-1.jpg","width":700,"height":395},{"@type":"BreadcrumbList","@id":"https:\/\/zonacaral.gob.pe\/es\/noticias\/ministerio-de-cultura-caral-la-civilizacion-mas-antigua-de-america-se-expondra-en-apec-peru-2024\/#breadcrumb","itemListElement":[{"@type":"ListItem","position":1,"name":"Portada","item":"https:\/\/zonacaral.gob.pe\/"},{"@type":"ListItem","position":2,"name":"Ministerio de Cultura: Caral, la civilizaci\u00f3n m\u00e1s antigua de Am\u00e9rica se expondr\u00e1 en APEC Per\u00fa 2024"}]},{"@type":"WebSite","@id":"https:\/\/zonacaral.gob.pe\/es\/#website","url":"https:\/\/zonacaral.gob.pe\/es\/","name":"Zona Caral","description":"Investigamos, conservamos y difundimos el patrimonio cultural de la Civilizaci\u00f3n Caral, la m\u00e1s antigua de Am\u00e9rica.","potentialAction":[{"@type":"SearchAction","target":{"@type":"EntryPoint","urlTemplate":"https:\/\/zonacaral.gob.pe\/es\/?s={search_term_string}"},"query-input":{"@type":"PropertyValueSpecification","valueRequired":true,"valueName":"search_term_string"}}],"inLanguage":"en-US"},{"@type":"Person","@id":"https:\/\/zonacaral.gob.pe\/es\/#\/schema\/person\/beddb4d22f71a7230c5b90913270a0ee","name":"Zona Caral Administrador","image":{"@type":"ImageObject","inLanguage":"en-US","@id":"https:\/\/secure.gravatar.com\/avatar\/e4be162918a696358376de6446614e0f0f4062bdc5d170d6d540ada3d8b58c12?s=96&d=mm&r=g","url":"https:\/\/secure.gravatar.com\/avatar\/e4be162918a696358376de6446614e0f0f4062bdc5d170d6d540ada3d8b58c12?s=96&d=mm&r=g","contentUrl":"https:\/\/secure.gravatar.com\/avatar\/e4be162918a696358376de6446614e0f0f4062bdc5d170d6d540ada3d8b58c12?s=96&d=mm&r=g","caption":"Zona Caral Administrador"},"sameAs":["https:\/\/zonacaral.gob.pe"],"url":"https:\/\/zonacaral.gob.pe\/en\/noticias\/author\/ad_zonacaral\/"}]}},"_links":{"self":[{"href":"https:\/\/zonacaral.gob.pe\/en\/wp-json\/wp\/v2\/posts\/17961","targetHints":{"allow":["GET"]}}],"collection":[{"href":"https:\/\/zonacaral.gob.pe\/en\/wp-json\/wp\/v2\/posts"}],"about":[{"href":"https:\/\/zonacaral.gob.pe\/en\/wp-json\/wp\/v2\/types\/post"}],"author":[{"embeddable":true,"href":"https:\/\/zonacaral.gob.pe\/en\/wp-json\/wp\/v2\/users\/1"}],"replies":[{"embeddable":true,"href":"https:\/\/zonacaral.gob.pe\/en\/wp-json\/wp\/v2\/comments?post=17961"}],"version-history":[{"count":0,"href":"https:\/\/zonacaral.gob.pe\/en\/wp-json\/wp\/v2\/posts\/17961\/revisions"}],"wp:featuredmedia":[{"embeddable":true,"href":"https:\/\/zonacaral.gob.pe\/en\/wp-json\/wp\/v2\/media\/17965"}],"wp:attachment":[{"href":"https:\/\/zonacaral.gob.pe\/en\/wp-json\/wp\/v2\/media?parent=17961"}],"wp:term":[{"taxonomy":"category","embeddable":true,"href":"https:\/\/zonacaral.gob.pe\/en\/wp-json\/wp\/v2\/categories?post=17961"},{"taxonomy":"post_tag","embeddable":true,"href":"https:\/\/zonacaral.gob.pe\/en\/wp-json\/wp\/v2\/tags?post=17961"}],"curies":[{"name":"wp","href":"https:\/\/api.w.org\/{rel}","templated":true}]}}