{"id":18031,"date":"2024-12-18T11:21:31","date_gmt":"2024-12-18T16:21:31","guid":{"rendered":"https:\/\/www.zonacaral.gob.pe\/?p=18031"},"modified":"2024-12-18T11:21:31","modified_gmt":"2024-12-18T16:21:31","slug":"caral-formo-parte-de-actividades-por-centenario-del-hotel-bolivar","status":"publish","type":"post","link":"https:\/\/zonacaral.gob.pe\/en\/noticias\/caral-formo-parte-de-actividades-por-centenario-del-hotel-bolivar\/","title":{"rendered":"Caral form\u00f3 parte de actividades por centenario del Hotel Bol\u00edvar"},"content":{"rendered":"<figure class=\"pic-autor\" style=\"color: #4d4d4d; text-align: justify;\"><\/figure>\n<div class=\"gmail_default\" style=\"text-align: justify;\">\n<blockquote>\n<p><i><span style=\"font-weight: 400;\">Rindieron homenaje a la arque\u00f3loga, Ruth Shady.<\/span><\/i><\/p>\n<\/blockquote>\n<p><span style=\"font-weight: 400;\">El pasado jueves, 12 de diciembre, la <\/span><a href=\"https:\/\/www.instagram.com\/caralperu\/\"><span style=\"font-weight: 400;\">Zona Arqueol\u00f3gica Caral<\/span><\/a><span style=\"font-weight: 400;\"> (ZAC), Unidad Ejecutora 003 del Ministerio de Cultura, fue invitada a presentar una muestra sobre el desarrollo de la <\/span><a href=\"https:\/\/youtu.be\/uAJpjcgLits\"><span style=\"font-weight: 400;\">Civilizaci\u00f3n Caral<\/span><\/a><span style=\"font-weight: 400;\">, en el Gran Hotel Bol\u00edvar (GHB), ubicado en la Plaza San Mart\u00edn \u2013 Lima, para conmemorar su centenario.<\/span><\/p>\n<p><span style=\"font-weight: 400;\">Asimismo, se hizo un merecido reconocimiento a la <\/span><a href=\"https:\/\/fb.watch\/wxyKCSVgkR\/\"><span style=\"font-weight: 400;\">doctora Ruth Shady Sol\u00eds<\/span><\/a><span style=\"font-weight: 400;\">, directora de la ZAC, y principal investigadora de la primera civilizaci\u00f3n de Am\u00e9rica, por su trayectoria profesional e importante aporte al pa\u00eds.<\/span><\/p>\n<p><span style=\"font-weight: 400;\">\u201cEl Gran Hotel Bol\u00edvar, con miras a los pr\u00f3ximos 100 a\u00f1os, busca representar al Per\u00fa, honrando a la primera civilizaci\u00f3n. Por ello, nuestro agradecimiento al gran esfuerzo de la doctora Ruth Shady (quien investiga en Caral hace 30 a\u00f1os), a quien declaramos hu\u00e9sped ilustre de este hotel\u201d, dijo C\u00e9sar Antonio Mart\u00ednez, gerente general del GHB.<\/span><\/p>\n<p><span style=\"font-weight: 400;\">\u201cEl Hotel Bol\u00edvar, en compromiso con la cultura tendr\u00e1 (m\u00e1s adelante) una exposici\u00f3n permanente de Caral, para que recordemos lo maravilloso que es el Per\u00fa\u201d, agreg\u00f3. En la actividad tambi\u00e9n se anunci\u00f3 el cambio de nombre del hotel de Bol\u00edvar Plaza Hotel, con el fin de renovarse y adaptarse a los tiempos actuales.<\/span><\/p>\n<p><span style=\"font-weight: 400;\">Por su parte, la arque\u00f3loga Shady Sol\u00eds expres\u00f3 su agradecimiento por el gesto de los administradores del Hotel Bol\u00edvar, que permiti\u00f3 la exhibici\u00f3n virtual de la colecci\u00f3n de piezas de Caral. Adem\u00e1s, se realiz\u00f3 un recorrido por uno de los edificios p\u00fablicos de la antigua ciudad de Pe\u00f1ico, utilizando nuestras gafas de realidad virtual.<\/span><\/p>\n<p><span style=\"font-weight: 400;\">De esta manera, los asistentes a las celebraciones del centenario del Hotel Bol\u00edvar tambi\u00e9n aprovecharon la oportunidad para conocer la historia y el desarrollo de Caral, gracias a uno de los videos m\u00e1s recientes, que narra los valores de esta antigua cultura.<\/span><\/p>\n<p><strong style=\"font-size: inherit; text-align: justify;\">Fuente: Comunicaci\u00f3n e Imagen Institucional ZAC<\/strong><\/p>\n<\/div>\n<div style=\"color: #1f1f1f;\">\n<div style=\"color: #1f1f1f;\">\n<p style=\"text-align: justify;\">Fecha de publicaci\u00f3n: 18\/12\/2024<\/p>\n<\/div>\n<\/div>\n\n\n<p><\/p>","protected":false},"excerpt":{"rendered":"<p>Rindieron homenaje a la arque\u00f3loga, Ruth Shady. El pasado jueves, 12 de diciembre, la Zona Arqueol\u00f3gica Caral (ZAC), Unidad Ejecutora [&hellip;]<\/p>\n","protected":false},"author":1,"featured_media":18032,"comment_status":"closed","ping_status":"open","sticky":false,"template":"","format":"standard","meta":{"_acf_changed":false,"site-sidebar-layout":"default","site-content-layout":"","ast-site-content-layout":"default","site-content-style":"default","site-sidebar-style":"default","ast-global-header-display":"","ast-banner-title-visibility":"","ast-main-header-display":"","ast-hfb-above-header-display":"","ast-hfb-below-header-display":"","ast-hfb-mobile-header-display":"","site-post-title":"","ast-breadcrumbs-content":"","ast-featured-img":"","footer-sml-layout":"","ast-disable-related-posts":"","theme-transparent-header-meta":"","adv-header-id-meta":"","stick-header-meta":"","header-above-stick-meta":"","header-main-stick-meta":"","header-below-stick-meta":"","astra-migrate-meta-layouts":"default","ast-page-background-enabled":"default","ast-page-background-meta":{"desktop":{"background-color":"var(--ast-global-color-5)","background-image":"","background-repeat":"repeat","background-position":"center center","background-size":"auto","background-attachment":"scroll","background-type":"","background-media":"","overlay-type":"","overlay-color":"","overlay-opacity":"","overlay-gradient":""},"tablet":{"background-color":"","background-image":"","background-repeat":"repeat","background-position":"center center","background-size":"auto","background-attachment":"scroll","background-type":"","background-media":"","overlay-type":"","overlay-color":"","overlay-opacity":"","overlay-gradient":""},"mobile":{"background-color":"","background-image":"","background-repeat":"repeat","background-position":"center center","background-size":"auto","background-attachment":"scroll","background-type":"","background-media":"","overlay-type":"","overlay-color":"","overlay-opacity":"","overlay-gradient":""}},"ast-content-background-meta":{"desktop":{"background-color":"var(--ast-global-color-4)","background-image":"","background-repeat":"repeat","background-position":"center center","background-size":"auto","background-attachment":"scroll","background-type":"","background-media":"","overlay-type":"","overlay-color":"","overlay-opacity":"","overlay-gradient":""},"tablet":{"background-color":"var(--ast-global-color-4)","background-image":"","background-repeat":"repeat","background-position":"center center","background-size":"auto","background-attachment":"scroll","background-type":"","background-media":"","overlay-type":"","overlay-color":"","overlay-opacity":"","overlay-gradient":""},"mobile":{"background-color":"var(--ast-global-color-4)","background-image":"","background-repeat":"repeat","background-position":"center center","background-size":"auto","background-attachment":"scroll","background-type":"","background-media":"","overlay-type":"","overlay-color":"","overlay-opacity":"","overlay-gradient":""}},"footnotes":""},"categories":[208],"tags":[55,72],"class_list":["post-18031","post","type-post","status-publish","format-standard","has-post-thumbnail","hentry","category-noticias","tag-caral","tag-cultura"],"acf":[],"yoast_head":"<!-- This site is optimized with the Yoast SEO plugin v27.3 - https:\/\/yoast.com\/product\/yoast-seo-wordpress\/ -->\n<title>Caral form\u00f3 parte de actividades por centenario del Hotel Bol\u00edvar<\/title>\n<meta name=\"description\" content=\"El pasado jueves, 12 de diciembre, la Zona Arqueol\u00f3gica Caral (ZAC), Unidad Ejecutora 003 del Ministerio de Cultura, fue invitada a presentar una muestra sobre el desarrollo de la Civilizaci\u00f3n Caral, en el Gran Hotel Bol\u00edvar (GHB), ubicado en la Plaza San Mart\u00edn \u2013 Lima, para conmemorar su centenario.\" \/>\n<meta name=\"robots\" content=\"index, follow, max-snippet:-1, max-image-preview:large, max-video-preview:-1\" \/>\n<link rel=\"canonical\" href=\"https:\/\/zonacaral.gob.pe\/en\/noticias\/caral-formo-parte-de-actividades-por-centenario-del-hotel-bolivar\/\" \/>\n<meta property=\"og:locale\" content=\"en_US\" \/>\n<meta property=\"og:type\" content=\"article\" \/>\n<meta property=\"og:title\" content=\"Caral form\u00f3 parte de actividades por centenario del Hotel Bol\u00edvar\" \/>\n<meta property=\"og:description\" content=\"El pasado jueves, 12 de diciembre, la Zona Arqueol\u00f3gica Caral (ZAC), Unidad Ejecutora 003 del Ministerio de Cultura, fue invitada a presentar una muestra sobre el desarrollo de la Civilizaci\u00f3n Caral, en el Gran Hotel Bol\u00edvar (GHB), ubicado en la Plaza San Mart\u00edn \u2013 Lima, para conmemorar su centenario.\" \/>\n<meta property=\"og:url\" content=\"https:\/\/zonacaral.gob.pe\/en\/noticias\/caral-formo-parte-de-actividades-por-centenario-del-hotel-bolivar\/\" \/>\n<meta property=\"og:site_name\" content=\"Zona Caral\" \/>\n<meta property=\"article:published_time\" content=\"2024-12-18T16:21:31+00:00\" \/>\n<meta property=\"og:image\" content=\"https:\/\/zonacaral.gob.pe\/wp-content\/uploads\/2024\/12\/Bolivar_Caral_1.jpg\" \/>\n\t<meta property=\"og:image:width\" content=\"1366\" \/>\n\t<meta property=\"og:image:height\" content=\"768\" \/>\n\t<meta property=\"og:image:type\" content=\"image\/jpeg\" \/>\n<meta name=\"author\" content=\"Zona Caral Administrador\" \/>\n<meta name=\"twitter:card\" content=\"summary_large_image\" \/>\n<meta name=\"twitter:label1\" content=\"Written by\" \/>\n\t<meta name=\"twitter:data1\" content=\"Zona Caral Administrador\" \/>\n\t<meta name=\"twitter:label2\" content=\"Est. reading time\" \/>\n\t<meta name=\"twitter:data2\" content=\"2 minutes\" \/>\n<script type=\"application\/ld+json\" class=\"yoast-schema-graph\">{\"@context\":\"https:\\\/\\\/schema.org\",\"@graph\":[{\"@type\":\"Article\",\"@id\":\"https:\\\/\\\/zonacaral.gob.pe\\\/es\\\/noticias\\\/caral-formo-parte-de-actividades-por-centenario-del-hotel-bolivar\\\/#article\",\"isPartOf\":{\"@id\":\"https:\\\/\\\/zonacaral.gob.pe\\\/es\\\/noticias\\\/caral-formo-parte-de-actividades-por-centenario-del-hotel-bolivar\\\/\"},\"author\":{\"name\":\"Zona Caral Administrador\",\"@id\":\"https:\\\/\\\/zonacaral.gob.pe\\\/es\\\/#\\\/schema\\\/person\\\/beddb4d22f71a7230c5b90913270a0ee\"},\"headline\":\"Caral form\u00f3 parte de actividades por centenario del Hotel Bol\u00edvar\",\"datePublished\":\"2024-12-18T16:21:31+00:00\",\"mainEntityOfPage\":{\"@id\":\"https:\\\/\\\/zonacaral.gob.pe\\\/es\\\/noticias\\\/caral-formo-parte-de-actividades-por-centenario-del-hotel-bolivar\\\/\"},\"wordCount\":344,\"image\":{\"@id\":\"https:\\\/\\\/zonacaral.gob.pe\\\/es\\\/noticias\\\/caral-formo-parte-de-actividades-por-centenario-del-hotel-bolivar\\\/#primaryimage\"},\"thumbnailUrl\":\"https:\\\/\\\/zonacaral.gob.pe\\\/wp-content\\\/uploads\\\/2024\\\/12\\\/Bolivar_Caral_1.jpg\",\"keywords\":[\"caral\",\"Cultura\"],\"articleSection\":[\"noticias\"],\"inLanguage\":\"en-US\"},{\"@type\":\"WebPage\",\"@id\":\"https:\\\/\\\/zonacaral.gob.pe\\\/es\\\/noticias\\\/caral-formo-parte-de-actividades-por-centenario-del-hotel-bolivar\\\/\",\"url\":\"https:\\\/\\\/zonacaral.gob.pe\\\/es\\\/noticias\\\/caral-formo-parte-de-actividades-por-centenario-del-hotel-bolivar\\\/\",\"name\":\"Caral form\u00f3 parte de actividades por centenario del Hotel Bol\u00edvar\",\"isPartOf\":{\"@id\":\"https:\\\/\\\/zonacaral.gob.pe\\\/es\\\/#website\"},\"primaryImageOfPage\":{\"@id\":\"https:\\\/\\\/zonacaral.gob.pe\\\/es\\\/noticias\\\/caral-formo-parte-de-actividades-por-centenario-del-hotel-bolivar\\\/#primaryimage\"},\"image\":{\"@id\":\"https:\\\/\\\/zonacaral.gob.pe\\\/es\\\/noticias\\\/caral-formo-parte-de-actividades-por-centenario-del-hotel-bolivar\\\/#primaryimage\"},\"thumbnailUrl\":\"https:\\\/\\\/zonacaral.gob.pe\\\/wp-content\\\/uploads\\\/2024\\\/12\\\/Bolivar_Caral_1.jpg\",\"datePublished\":\"2024-12-18T16:21:31+00:00\",\"author\":{\"@id\":\"https:\\\/\\\/zonacaral.gob.pe\\\/es\\\/#\\\/schema\\\/person\\\/beddb4d22f71a7230c5b90913270a0ee\"},\"description\":\"El pasado jueves, 12 de diciembre, la Zona Arqueol\u00f3gica Caral (ZAC), Unidad Ejecutora 003 del Ministerio de Cultura, fue invitada a presentar una muestra sobre el desarrollo de la Civilizaci\u00f3n Caral, en el Gran Hotel Bol\u00edvar (GHB), ubicado en la Plaza San Mart\u00edn \u2013 Lima, para conmemorar su centenario.\",\"breadcrumb\":{\"@id\":\"https:\\\/\\\/zonacaral.gob.pe\\\/es\\\/noticias\\\/caral-formo-parte-de-actividades-por-centenario-del-hotel-bolivar\\\/#breadcrumb\"},\"inLanguage\":\"en-US\",\"potentialAction\":[{\"@type\":\"ReadAction\",\"target\":[\"https:\\\/\\\/zonacaral.gob.pe\\\/es\\\/noticias\\\/caral-formo-parte-de-actividades-por-centenario-del-hotel-bolivar\\\/\"]}]},{\"@type\":\"ImageObject\",\"inLanguage\":\"en-US\",\"@id\":\"https:\\\/\\\/zonacaral.gob.pe\\\/es\\\/noticias\\\/caral-formo-parte-de-actividades-por-centenario-del-hotel-bolivar\\\/#primaryimage\",\"url\":\"https:\\\/\\\/zonacaral.gob.pe\\\/wp-content\\\/uploads\\\/2024\\\/12\\\/Bolivar_Caral_1.jpg\",\"contentUrl\":\"https:\\\/\\\/zonacaral.gob.pe\\\/wp-content\\\/uploads\\\/2024\\\/12\\\/Bolivar_Caral_1.jpg\",\"width\":1366,\"height\":768},{\"@type\":\"BreadcrumbList\",\"@id\":\"https:\\\/\\\/zonacaral.gob.pe\\\/es\\\/noticias\\\/caral-formo-parte-de-actividades-por-centenario-del-hotel-bolivar\\\/#breadcrumb\",\"itemListElement\":[{\"@type\":\"ListItem\",\"position\":1,\"name\":\"Portada\",\"item\":\"https:\\\/\\\/zonacaral.gob.pe\\\/\"},{\"@type\":\"ListItem\",\"position\":2,\"name\":\"Caral form\u00f3 parte de actividades por centenario del Hotel Bol\u00edvar\"}]},{\"@type\":\"WebSite\",\"@id\":\"https:\\\/\\\/zonacaral.gob.pe\\\/es\\\/#website\",\"url\":\"https:\\\/\\\/zonacaral.gob.pe\\\/es\\\/\",\"name\":\"Zona Caral\",\"description\":\"Investigamos, conservamos y difundimos el patrimonio cultural de la Civilizaci\u00f3n Caral, la m\u00e1s antigua de Am\u00e9rica.\",\"potentialAction\":[{\"@type\":\"SearchAction\",\"target\":{\"@type\":\"EntryPoint\",\"urlTemplate\":\"https:\\\/\\\/zonacaral.gob.pe\\\/es\\\/?s={search_term_string}\"},\"query-input\":{\"@type\":\"PropertyValueSpecification\",\"valueRequired\":true,\"valueName\":\"search_term_string\"}}],\"inLanguage\":\"en-US\"},{\"@type\":\"Person\",\"@id\":\"https:\\\/\\\/zonacaral.gob.pe\\\/es\\\/#\\\/schema\\\/person\\\/beddb4d22f71a7230c5b90913270a0ee\",\"name\":\"Zona Caral Administrador\",\"image\":{\"@type\":\"ImageObject\",\"inLanguage\":\"en-US\",\"@id\":\"https:\\\/\\\/secure.gravatar.com\\\/avatar\\\/e4be162918a696358376de6446614e0f0f4062bdc5d170d6d540ada3d8b58c12?s=96&d=mm&r=g\",\"url\":\"https:\\\/\\\/secure.gravatar.com\\\/avatar\\\/e4be162918a696358376de6446614e0f0f4062bdc5d170d6d540ada3d8b58c12?s=96&d=mm&r=g\",\"contentUrl\":\"https:\\\/\\\/secure.gravatar.com\\\/avatar\\\/e4be162918a696358376de6446614e0f0f4062bdc5d170d6d540ada3d8b58c12?s=96&d=mm&r=g\",\"caption\":\"Zona Caral Administrador\"},\"sameAs\":[\"https:\\\/\\\/zonacaral.gob.pe\"],\"url\":\"https:\\\/\\\/zonacaral.gob.pe\\\/en\\\/noticias\\\/author\\\/ad_zonacaral\\\/\"}]}<\/script>\n<!-- \/ Yoast SEO plugin. -->","yoast_head_json":{"title":"Caral form\u00f3 parte de actividades por centenario del Hotel Bol\u00edvar","description":"El pasado jueves, 12 de diciembre, la Zona Arqueol\u00f3gica Caral (ZAC), Unidad Ejecutora 003 del Ministerio de Cultura, fue invitada a presentar una muestra sobre el desarrollo de la Civilizaci\u00f3n Caral, en el Gran Hotel Bol\u00edvar (GHB), ubicado en la Plaza San Mart\u00edn \u2013 Lima, para conmemorar su centenario.","robots":{"index":"index","follow":"follow","max-snippet":"max-snippet:-1","max-image-preview":"max-image-preview:large","max-video-preview":"max-video-preview:-1"},"canonical":"https:\/\/zonacaral.gob.pe\/en\/noticias\/caral-formo-parte-de-actividades-por-centenario-del-hotel-bolivar\/","og_locale":"en_US","og_type":"article","og_title":"Caral form\u00f3 parte de actividades por centenario del Hotel Bol\u00edvar","og_description":"El pasado jueves, 12 de diciembre, la Zona Arqueol\u00f3gica Caral (ZAC), Unidad Ejecutora 003 del Ministerio de Cultura, fue invitada a presentar una muestra sobre el desarrollo de la Civilizaci\u00f3n Caral, en el Gran Hotel Bol\u00edvar (GHB), ubicado en la Plaza San Mart\u00edn \u2013 Lima, para conmemorar su centenario.","og_url":"https:\/\/zonacaral.gob.pe\/en\/noticias\/caral-formo-parte-de-actividades-por-centenario-del-hotel-bolivar\/","og_site_name":"Zona Caral","article_published_time":"2024-12-18T16:21:31+00:00","og_image":[{"width":1366,"height":768,"url":"https:\/\/zonacaral.gob.pe\/wp-content\/uploads\/2024\/12\/Bolivar_Caral_1.jpg","type":"image\/jpeg"}],"author":"Zona Caral Administrador","twitter_card":"summary_large_image","twitter_misc":{"Written by":"Zona Caral Administrador","Est. reading time":"2 minutes"},"schema":{"@context":"https:\/\/schema.org","@graph":[{"@type":"Article","@id":"https:\/\/zonacaral.gob.pe\/es\/noticias\/caral-formo-parte-de-actividades-por-centenario-del-hotel-bolivar\/#article","isPartOf":{"@id":"https:\/\/zonacaral.gob.pe\/es\/noticias\/caral-formo-parte-de-actividades-por-centenario-del-hotel-bolivar\/"},"author":{"name":"Zona Caral Administrador","@id":"https:\/\/zonacaral.gob.pe\/es\/#\/schema\/person\/beddb4d22f71a7230c5b90913270a0ee"},"headline":"Caral form\u00f3 parte de actividades por centenario del Hotel Bol\u00edvar","datePublished":"2024-12-18T16:21:31+00:00","mainEntityOfPage":{"@id":"https:\/\/zonacaral.gob.pe\/es\/noticias\/caral-formo-parte-de-actividades-por-centenario-del-hotel-bolivar\/"},"wordCount":344,"image":{"@id":"https:\/\/zonacaral.gob.pe\/es\/noticias\/caral-formo-parte-de-actividades-por-centenario-del-hotel-bolivar\/#primaryimage"},"thumbnailUrl":"https:\/\/zonacaral.gob.pe\/wp-content\/uploads\/2024\/12\/Bolivar_Caral_1.jpg","keywords":["caral","Cultura"],"articleSection":["noticias"],"inLanguage":"en-US"},{"@type":"WebPage","@id":"https:\/\/zonacaral.gob.pe\/es\/noticias\/caral-formo-parte-de-actividades-por-centenario-del-hotel-bolivar\/","url":"https:\/\/zonacaral.gob.pe\/es\/noticias\/caral-formo-parte-de-actividades-por-centenario-del-hotel-bolivar\/","name":"Caral form\u00f3 parte de actividades por centenario del Hotel Bol\u00edvar","isPartOf":{"@id":"https:\/\/zonacaral.gob.pe\/es\/#website"},"primaryImageOfPage":{"@id":"https:\/\/zonacaral.gob.pe\/es\/noticias\/caral-formo-parte-de-actividades-por-centenario-del-hotel-bolivar\/#primaryimage"},"image":{"@id":"https:\/\/zonacaral.gob.pe\/es\/noticias\/caral-formo-parte-de-actividades-por-centenario-del-hotel-bolivar\/#primaryimage"},"thumbnailUrl":"https:\/\/zonacaral.gob.pe\/wp-content\/uploads\/2024\/12\/Bolivar_Caral_1.jpg","datePublished":"2024-12-18T16:21:31+00:00","author":{"@id":"https:\/\/zonacaral.gob.pe\/es\/#\/schema\/person\/beddb4d22f71a7230c5b90913270a0ee"},"description":"El pasado jueves, 12 de diciembre, la Zona Arqueol\u00f3gica Caral (ZAC), Unidad Ejecutora 003 del Ministerio de Cultura, fue invitada a presentar una muestra sobre el desarrollo de la Civilizaci\u00f3n Caral, en el Gran Hotel Bol\u00edvar (GHB), ubicado en la Plaza San Mart\u00edn \u2013 Lima, para conmemorar su centenario.","breadcrumb":{"@id":"https:\/\/zonacaral.gob.pe\/es\/noticias\/caral-formo-parte-de-actividades-por-centenario-del-hotel-bolivar\/#breadcrumb"},"inLanguage":"en-US","potentialAction":[{"@type":"ReadAction","target":["https:\/\/zonacaral.gob.pe\/es\/noticias\/caral-formo-parte-de-actividades-por-centenario-del-hotel-bolivar\/"]}]},{"@type":"ImageObject","inLanguage":"en-US","@id":"https:\/\/zonacaral.gob.pe\/es\/noticias\/caral-formo-parte-de-actividades-por-centenario-del-hotel-bolivar\/#primaryimage","url":"https:\/\/zonacaral.gob.pe\/wp-content\/uploads\/2024\/12\/Bolivar_Caral_1.jpg","contentUrl":"https:\/\/zonacaral.gob.pe\/wp-content\/uploads\/2024\/12\/Bolivar_Caral_1.jpg","width":1366,"height":768},{"@type":"BreadcrumbList","@id":"https:\/\/zonacaral.gob.pe\/es\/noticias\/caral-formo-parte-de-actividades-por-centenario-del-hotel-bolivar\/#breadcrumb","itemListElement":[{"@type":"ListItem","position":1,"name":"Portada","item":"https:\/\/zonacaral.gob.pe\/"},{"@type":"ListItem","position":2,"name":"Caral form\u00f3 parte de actividades por centenario del Hotel Bol\u00edvar"}]},{"@type":"WebSite","@id":"https:\/\/zonacaral.gob.pe\/es\/#website","url":"https:\/\/zonacaral.gob.pe\/es\/","name":"Zona Caral","description":"Investigamos, conservamos y difundimos el patrimonio cultural de la Civilizaci\u00f3n Caral, la m\u00e1s antigua de Am\u00e9rica.","potentialAction":[{"@type":"SearchAction","target":{"@type":"EntryPoint","urlTemplate":"https:\/\/zonacaral.gob.pe\/es\/?s={search_term_string}"},"query-input":{"@type":"PropertyValueSpecification","valueRequired":true,"valueName":"search_term_string"}}],"inLanguage":"en-US"},{"@type":"Person","@id":"https:\/\/zonacaral.gob.pe\/es\/#\/schema\/person\/beddb4d22f71a7230c5b90913270a0ee","name":"Zona Caral Administrador","image":{"@type":"ImageObject","inLanguage":"en-US","@id":"https:\/\/secure.gravatar.com\/avatar\/e4be162918a696358376de6446614e0f0f4062bdc5d170d6d540ada3d8b58c12?s=96&d=mm&r=g","url":"https:\/\/secure.gravatar.com\/avatar\/e4be162918a696358376de6446614e0f0f4062bdc5d170d6d540ada3d8b58c12?s=96&d=mm&r=g","contentUrl":"https:\/\/secure.gravatar.com\/avatar\/e4be162918a696358376de6446614e0f0f4062bdc5d170d6d540ada3d8b58c12?s=96&d=mm&r=g","caption":"Zona Caral Administrador"},"sameAs":["https:\/\/zonacaral.gob.pe"],"url":"https:\/\/zonacaral.gob.pe\/en\/noticias\/author\/ad_zonacaral\/"}]}},"_links":{"self":[{"href":"https:\/\/zonacaral.gob.pe\/en\/wp-json\/wp\/v2\/posts\/18031","targetHints":{"allow":["GET"]}}],"collection":[{"href":"https:\/\/zonacaral.gob.pe\/en\/wp-json\/wp\/v2\/posts"}],"about":[{"href":"https:\/\/zonacaral.gob.pe\/en\/wp-json\/wp\/v2\/types\/post"}],"author":[{"embeddable":true,"href":"https:\/\/zonacaral.gob.pe\/en\/wp-json\/wp\/v2\/users\/1"}],"replies":[{"embeddable":true,"href":"https:\/\/zonacaral.gob.pe\/en\/wp-json\/wp\/v2\/comments?post=18031"}],"version-history":[{"count":0,"href":"https:\/\/zonacaral.gob.pe\/en\/wp-json\/wp\/v2\/posts\/18031\/revisions"}],"wp:featuredmedia":[{"embeddable":true,"href":"https:\/\/zonacaral.gob.pe\/en\/wp-json\/wp\/v2\/media\/18032"}],"wp:attachment":[{"href":"https:\/\/zonacaral.gob.pe\/en\/wp-json\/wp\/v2\/media?parent=18031"}],"wp:term":[{"taxonomy":"category","embeddable":true,"href":"https:\/\/zonacaral.gob.pe\/en\/wp-json\/wp\/v2\/categories?post=18031"},{"taxonomy":"post_tag","embeddable":true,"href":"https:\/\/zonacaral.gob.pe\/en\/wp-json\/wp\/v2\/tags?post=18031"}],"curies":[{"name":"wp","href":"https:\/\/api.w.org\/{rel}","templated":true}]}}