{"id":18052,"date":"2025-01-15T15:54:04","date_gmt":"2025-01-15T20:54:04","guid":{"rendered":"https:\/\/www.zonacaral.gob.pe\/?p=18052"},"modified":"2025-01-15T15:54:04","modified_gmt":"2025-01-15T20:54:04","slug":"conoce-mas-de-caral-en-el-ministerio-de-cultura-hasta-el-30-de-enero","status":"publish","type":"post","link":"https:\/\/zonacaral.gob.pe\/en\/noticias\/conoce-mas-de-caral-en-el-ministerio-de-cultura-hasta-el-30-de-enero\/","title":{"rendered":"Conoce m\u00e1s de Caral en el Ministerio de Cultura hasta el 30 de enero"},"content":{"rendered":"<figure class=\"pic-autor\" style=\"color: #4d4d4d; text-align: justify;\"><\/figure>\n<div class=\"gmail_default\" style=\"text-align: justify;\">\n<blockquote>\n<p><em><span style=\"font-weight: 400;\">\u00a1Aprovecha tu tiempo libre!<\/span><\/em><\/p>\n<\/blockquote>\n<p><span style=\"font-weight: 400;\">Con el fin de transmitir nuestra herencia cultural milenaria y sentirnos orgullosos de ella, la <\/span><a href=\"https:\/\/www.instagram.com\/caralperu\/\"><span style=\"font-weight: 400;\">Zona Arqueol\u00f3gica Caral<\/span><\/a><span style=\"font-weight: 400;\"> te invita a visita la exposici\u00f3n denominada: <\/span><b>\u00ab<\/b><b>La Civilizaci\u00f3n Caral, sabidur\u00eda y arte de nuestros ancestros<\/b><b>\u00bb<\/b><span style=\"font-weight: 400;\">, que estar\u00e1 a disposici\u00f3n del p\u00fablico en general hasta el jueves 30 de enero.<\/span><\/p>\n<p><span style=\"font-weight: 400;\">La muestra, que contiene informaci\u00f3n sobre el importante desarrollo de la <\/span><a href=\"https:\/\/youtu.be\/uAJpjcgLits\"><b>Civilizaci\u00f3n Caral<\/b><\/a><span style=\"font-weight: 400;\">, la primera de Am\u00e9rica, est\u00e1 disponible de martes a domingo de 10:00 a. m. a 5:00 p. m., en el Ministerio de Cultura, ubicado en el distrito de San Borja, Lima.<\/span><\/p>\n<p><span style=\"font-weight: 400;\">En la exposici\u00f3n conoceremos la historia y la importancia de cada centro urbano, as\u00ed como los hallazgos m\u00e1s representativos realizados en cada uno: <\/span><a href=\"https:\/\/whc.unesco.org\/es\/list\/1269\"><span style=\"font-weight: 400;\">Ciudad Sagrada de Caral-Supe, Patrimonio Mundial<\/span><\/a><span style=\"font-weight: 400;\">; <\/span><a href=\"https:\/\/www.zonacaral.gob.pe\/ruta-caral\/aspero.html\"><span style=\"font-weight: 400;\">\u00c1spero<\/span><\/a><span style=\"font-weight: 400;\">; <\/span><a href=\"https:\/\/www.zonacaral.gob.pe\/ruta-caral\/vichama.html\"><span style=\"font-weight: 400;\">Vichama<\/span><\/a><span style=\"font-weight: 400;\"> y <\/span><a href=\"https:\/\/zonacaral.gob.pe\/en\/museo\/caral\/recursos-interactivos.html\/\"><span style=\"font-weight: 400;\">Pe\u00f1ico<\/span><\/a><span style=\"font-weight: 400;\">, que conforman la <\/span><a href=\"https:\/\/zonacaral.gob.pe\/en\/ruta-caral\/\"><span style=\"font-weight: 400;\">Caral Route<\/span><\/a><span style=\"font-weight: 400;\">.<\/span><\/p>\n<p><span style=\"font-weight: 400;\">Tambi\u00e9n se han colocado pantallas donde se difunden videos educativos e ilustrativos y un t\u00f3tem t\u00e1ctil que te permite conocer a detalle la colecci\u00f3n de piezas arqueol\u00f3gicas de Caral, obras maestras de hace 5000 a\u00f1os.<\/span><\/p>\n<p><span style=\"font-weight: 400;\">Y, como nuevo recurso, puesto a disposici\u00f3n este a\u00f1o por la ZAC, los asistentes podr\u00e1n hacer uso de nuestras gafas de realidad virtual y ser testigos del ritual sagrado desarrollado en el <\/span><a href=\"https:\/\/zonacaral.gob.pe\/en\/museo\/caral\/recursos-interactivos.html\/\"><span style=\"font-weight: 400;\">Sal\u00f3n Ceremonial de Pututus de Pe\u00f1ico<\/span><\/a><span style=\"font-weight: 400;\"> (antigua ciudad de Caral), junto a sus antiguos habitantes y principales autoridades.&nbsp;<\/span><\/p>\n<p><span style=\"font-weight: 400;\">Cabe resaltar, que los recursos virtuales y aparatos electr\u00f3nicos no estar\u00e1n disponibles los s\u00e1bados y domingos, por mantenimiento de los mismos.<\/span><\/p>\n<p><b>\u00bfQu\u00e9 se mostrar\u00e1 en los m\u00f3dulos?<\/b><\/p>\n<p><span style=\"font-weight: 400;\">&#8211; <\/span><b>M\u00f3dulo Ciudad Sagrada de Caral:<\/b><span style=\"font-weight: 400;\"> se dar\u00e1 a conocer la vida en armon\u00eda con la naturaleza y la importancia de la sostenibilidad.<\/span><\/p>\n<p><span style=\"font-weight: 400;\">&#8211; <\/span><b>M\u00f3dulo \u00c1spero, Ciudad Pesquera:<\/b><span style=\"font-weight: 400;\"> se presentar\u00e1 el rol de la mujer en la codirecci\u00f3n de la Civilizaci\u00f3n Caral y de la importancia de la alimentaci\u00f3n balanceada y seguridad alimentaria.<\/span><\/p>\n<p><span style=\"font-weight: 400;\">&#8211; <\/span><b>M\u00f3dulo Vichama, Ciudad Agropesquera:<\/b><span style=\"font-weight: 400;\"> se muestra los efectos del cambio clim\u00e1tico, el registro de la memoria colectiva social y de la capacidad de resiliencia de los antiguos peruanos ante situaciones adversas, as\u00ed como de la especial atenci\u00f3n que dieron al arte y a la m\u00fasica en diversos aspectos de la vida cotidiana. En este m\u00f3dulo, tambi\u00e9n se mostrar\u00e1 la recreaci\u00f3n del Catu Caral.<\/span><\/p>\n<p><span style=\"font-weight: 400;\">&#8211; <\/span><b>M\u00f3dulo Pe\u00f1ico, Ciudad de la Integraci\u00f3n<\/b><span style=\"font-weight: 400;\">: donde transmitimos la importancia de la interacci\u00f3n social con respeto a la diversidad cultural y el manejo transversal y a larga distancia de los recursos y productos.<\/span><\/p>\n<p><b>DATO<\/b><\/p>\n<p><span style=\"font-weight: 400;\">Hoy, al reflexionar sobre los logros de nuestros ancestros, es fundamental unir esfuerzos para construir un futuro que respete y valore el \u00abBuen Vivir\u00bb. Trabajemos juntos para fomentar una sociedad m\u00e1s equitativa y sostenible, aprendiendo de la sabidur\u00eda ancestral de Caral y aplic\u00e1ndola a los desaf\u00edos contempor\u00e1neos.<\/span><\/p>\n<p><span style=\"font-weight: 400;\">Conoce m\u00e1s de Caral participando de los Viajes Culturales a dos centros urbanos, pr\u00f3xima salida 22 de febrero. Para m\u00e1s informaci\u00f3n comun\u00edcate al 955 881 340, o inscr\u00edbete en el formulario: <\/span><a href=\"https:\/\/bit.ly\/ViajesCulturales2024?fbclid=IwZXh0bgNhZW0CMTAAAR0BD_ZbGMjXb1akmOyL4mQU_lqcZzvaqB4ETAh3BNu5I4KRo3e5tnIiGm8_aem_Hjkp3qWgDN-n35qMGxC1VQ\"><b>ViajesCulturales2024<\/b><\/a><\/p>\n<p><strong style=\"font-size: inherit; text-align: justify;\">Fuente: Comunicaci\u00f3n e Imagen Institucional ZAC<\/strong><\/p>\n<\/div>\n<div style=\"color: #1f1f1f;\">\n<div style=\"color: #1f1f1f;\">\n<p style=\"text-align: justify;\">Fecha de publicaci\u00f3n: 15\/01\/2025<\/p>\n<\/div>\n<\/div>\n\n\n<p><\/p>","protected":false},"excerpt":{"rendered":"<p>\u00a1Aprovecha tu tiempo libre! Con el fin de transmitir nuestra herencia cultural milenaria y sentirnos orgullosos de ella, la Zona [&hellip;]<\/p>\n","protected":false},"author":1,"featured_media":18057,"comment_status":"closed","ping_status":"open","sticky":false,"template":"","format":"standard","meta":{"_acf_changed":false,"site-sidebar-layout":"default","site-content-layout":"","ast-site-content-layout":"default","site-content-style":"default","site-sidebar-style":"default","ast-global-header-display":"","ast-banner-title-visibility":"","ast-main-header-display":"","ast-hfb-above-header-display":"","ast-hfb-below-header-display":"","ast-hfb-mobile-header-display":"","site-post-title":"","ast-breadcrumbs-content":"","ast-featured-img":"","footer-sml-layout":"","ast-disable-related-posts":"","theme-transparent-header-meta":"","adv-header-id-meta":"","stick-header-meta":"","header-above-stick-meta":"","header-main-stick-meta":"","header-below-stick-meta":"","astra-migrate-meta-layouts":"default","ast-page-background-enabled":"default","ast-page-background-meta":{"desktop":{"background-color":"var(--ast-global-color-5)","background-image":"","background-repeat":"repeat","background-position":"center center","background-size":"auto","background-attachment":"scroll","background-type":"","background-media":"","overlay-type":"","overlay-color":"","overlay-opacity":"","overlay-gradient":""},"tablet":{"background-color":"","background-image":"","background-repeat":"repeat","background-position":"center center","background-size":"auto","background-attachment":"scroll","background-type":"","background-media":"","overlay-type":"","overlay-color":"","overlay-opacity":"","overlay-gradient":""},"mobile":{"background-color":"","background-image":"","background-repeat":"repeat","background-position":"center center","background-size":"auto","background-attachment":"scroll","background-type":"","background-media":"","overlay-type":"","overlay-color":"","overlay-opacity":"","overlay-gradient":""}},"ast-content-background-meta":{"desktop":{"background-color":"var(--ast-global-color-4)","background-image":"","background-repeat":"repeat","background-position":"center center","background-size":"auto","background-attachment":"scroll","background-type":"","background-media":"","overlay-type":"","overlay-color":"","overlay-opacity":"","overlay-gradient":""},"tablet":{"background-color":"var(--ast-global-color-4)","background-image":"","background-repeat":"repeat","background-position":"center center","background-size":"auto","background-attachment":"scroll","background-type":"","background-media":"","overlay-type":"","overlay-color":"","overlay-opacity":"","overlay-gradient":""},"mobile":{"background-color":"var(--ast-global-color-4)","background-image":"","background-repeat":"repeat","background-position":"center center","background-size":"auto","background-attachment":"scroll","background-type":"","background-media":"","overlay-type":"","overlay-color":"","overlay-opacity":"","overlay-gradient":""}},"footnotes":""},"categories":[208],"tags":[55,72],"class_list":["post-18052","post","type-post","status-publish","format-standard","has-post-thumbnail","hentry","category-noticias","tag-caral","tag-cultura"],"acf":[],"yoast_head":"<!-- This site is optimized with the Yoast SEO plugin v27.3 - https:\/\/yoast.com\/product\/yoast-seo-wordpress\/ -->\n<title>Conoce m\u00e1s de Caral en el Ministerio de Cultura hasta el 30 de enero<\/title>\n<meta name=\"description\" content=\"Con el fin de transmitir nuestra herencia cultural milenaria y sentirnos orgullosos de ella, la Zona Arqueol\u00f3gica Caral te invita a visita la exposici\u00f3n denominada: \u00abLa Civilizaci\u00f3n Caral, sabidur\u00eda y arte de nuestros ancestros\u00bb, que estar\u00e1 a disposici\u00f3n del p\u00fablico en general hasta el jueves 30 de enero.\" \/>\n<meta name=\"robots\" content=\"index, follow, max-snippet:-1, max-image-preview:large, max-video-preview:-1\" \/>\n<link rel=\"canonical\" href=\"https:\/\/zonacaral.gob.pe\/en\/noticias\/conoce-mas-de-caral-en-el-ministerio-de-cultura-hasta-el-30-de-enero\/\" \/>\n<meta property=\"og:locale\" content=\"en_US\" \/>\n<meta property=\"og:type\" content=\"article\" \/>\n<meta property=\"og:title\" content=\"Conoce m\u00e1s de Caral en el Ministerio de Cultura hasta el 30 de enero\" \/>\n<meta property=\"og:description\" content=\"Con el fin de transmitir nuestra herencia cultural milenaria y sentirnos orgullosos de ella, la Zona Arqueol\u00f3gica Caral te invita a visita la exposici\u00f3n denominada: \u00abLa Civilizaci\u00f3n Caral, sabidur\u00eda y arte de nuestros ancestros\u00bb, que estar\u00e1 a disposici\u00f3n del p\u00fablico en general hasta el jueves 30 de enero.\" \/>\n<meta property=\"og:url\" content=\"https:\/\/zonacaral.gob.pe\/en\/noticias\/conoce-mas-de-caral-en-el-ministerio-de-cultura-hasta-el-30-de-enero\/\" \/>\n<meta property=\"og:site_name\" content=\"Zona Caral\" \/>\n<meta property=\"article:published_time\" content=\"2025-01-15T20:54:04+00:00\" \/>\n<meta property=\"og:image\" content=\"https:\/\/zonacaral.gob.pe\/wp-content\/uploads\/2025\/01\/1-EXPO.jpg\" \/>\n\t<meta property=\"og:image:width\" content=\"700\" \/>\n\t<meta property=\"og:image:height\" content=\"395\" \/>\n\t<meta property=\"og:image:type\" content=\"image\/jpeg\" \/>\n<meta name=\"author\" content=\"Zona Caral Administrador\" \/>\n<meta name=\"twitter:card\" content=\"summary_large_image\" \/>\n<meta name=\"twitter:label1\" content=\"Written by\" \/>\n\t<meta name=\"twitter:data1\" content=\"Zona Caral Administrador\" \/>\n\t<meta name=\"twitter:label2\" content=\"Est. reading time\" \/>\n\t<meta name=\"twitter:data2\" content=\"3 minutes\" \/>\n<script type=\"application\/ld+json\" class=\"yoast-schema-graph\">{\"@context\":\"https:\\\/\\\/schema.org\",\"@graph\":[{\"@type\":\"Article\",\"@id\":\"https:\\\/\\\/zonacaral.gob.pe\\\/es\\\/noticias\\\/conoce-mas-de-caral-en-el-ministerio-de-cultura-hasta-el-30-de-enero\\\/#article\",\"isPartOf\":{\"@id\":\"https:\\\/\\\/zonacaral.gob.pe\\\/es\\\/noticias\\\/conoce-mas-de-caral-en-el-ministerio-de-cultura-hasta-el-30-de-enero\\\/\"},\"author\":{\"name\":\"Zona Caral Administrador\",\"@id\":\"https:\\\/\\\/zonacaral.gob.pe\\\/es\\\/#\\\/schema\\\/person\\\/beddb4d22f71a7230c5b90913270a0ee\"},\"headline\":\"Conoce m\u00e1s de Caral en el Ministerio de Cultura hasta el 30 de enero\",\"datePublished\":\"2025-01-15T20:54:04+00:00\",\"mainEntityOfPage\":{\"@id\":\"https:\\\/\\\/zonacaral.gob.pe\\\/es\\\/noticias\\\/conoce-mas-de-caral-en-el-ministerio-de-cultura-hasta-el-30-de-enero\\\/\"},\"wordCount\":550,\"image\":{\"@id\":\"https:\\\/\\\/zonacaral.gob.pe\\\/es\\\/noticias\\\/conoce-mas-de-caral-en-el-ministerio-de-cultura-hasta-el-30-de-enero\\\/#primaryimage\"},\"thumbnailUrl\":\"https:\\\/\\\/zonacaral.gob.pe\\\/wp-content\\\/uploads\\\/2025\\\/01\\\/1-EXPO.jpg\",\"keywords\":[\"caral\",\"Cultura\"],\"articleSection\":[\"noticias\"],\"inLanguage\":\"en-US\"},{\"@type\":\"WebPage\",\"@id\":\"https:\\\/\\\/zonacaral.gob.pe\\\/es\\\/noticias\\\/conoce-mas-de-caral-en-el-ministerio-de-cultura-hasta-el-30-de-enero\\\/\",\"url\":\"https:\\\/\\\/zonacaral.gob.pe\\\/es\\\/noticias\\\/conoce-mas-de-caral-en-el-ministerio-de-cultura-hasta-el-30-de-enero\\\/\",\"name\":\"Conoce m\u00e1s de Caral en el Ministerio de Cultura hasta el 30 de enero\",\"isPartOf\":{\"@id\":\"https:\\\/\\\/zonacaral.gob.pe\\\/es\\\/#website\"},\"primaryImageOfPage\":{\"@id\":\"https:\\\/\\\/zonacaral.gob.pe\\\/es\\\/noticias\\\/conoce-mas-de-caral-en-el-ministerio-de-cultura-hasta-el-30-de-enero\\\/#primaryimage\"},\"image\":{\"@id\":\"https:\\\/\\\/zonacaral.gob.pe\\\/es\\\/noticias\\\/conoce-mas-de-caral-en-el-ministerio-de-cultura-hasta-el-30-de-enero\\\/#primaryimage\"},\"thumbnailUrl\":\"https:\\\/\\\/zonacaral.gob.pe\\\/wp-content\\\/uploads\\\/2025\\\/01\\\/1-EXPO.jpg\",\"datePublished\":\"2025-01-15T20:54:04+00:00\",\"author\":{\"@id\":\"https:\\\/\\\/zonacaral.gob.pe\\\/es\\\/#\\\/schema\\\/person\\\/beddb4d22f71a7230c5b90913270a0ee\"},\"description\":\"Con el fin de transmitir nuestra herencia cultural milenaria y sentirnos orgullosos de ella, la Zona Arqueol\u00f3gica Caral te invita a visita la exposici\u00f3n denominada: \u00abLa Civilizaci\u00f3n Caral, sabidur\u00eda y arte de nuestros ancestros\u00bb, que estar\u00e1 a disposici\u00f3n del p\u00fablico en general hasta el jueves 30 de enero.\",\"breadcrumb\":{\"@id\":\"https:\\\/\\\/zonacaral.gob.pe\\\/es\\\/noticias\\\/conoce-mas-de-caral-en-el-ministerio-de-cultura-hasta-el-30-de-enero\\\/#breadcrumb\"},\"inLanguage\":\"en-US\",\"potentialAction\":[{\"@type\":\"ReadAction\",\"target\":[\"https:\\\/\\\/zonacaral.gob.pe\\\/es\\\/noticias\\\/conoce-mas-de-caral-en-el-ministerio-de-cultura-hasta-el-30-de-enero\\\/\"]}]},{\"@type\":\"ImageObject\",\"inLanguage\":\"en-US\",\"@id\":\"https:\\\/\\\/zonacaral.gob.pe\\\/es\\\/noticias\\\/conoce-mas-de-caral-en-el-ministerio-de-cultura-hasta-el-30-de-enero\\\/#primaryimage\",\"url\":\"https:\\\/\\\/zonacaral.gob.pe\\\/wp-content\\\/uploads\\\/2025\\\/01\\\/1-EXPO.jpg\",\"contentUrl\":\"https:\\\/\\\/zonacaral.gob.pe\\\/wp-content\\\/uploads\\\/2025\\\/01\\\/1-EXPO.jpg\",\"width\":700,\"height\":395},{\"@type\":\"BreadcrumbList\",\"@id\":\"https:\\\/\\\/zonacaral.gob.pe\\\/es\\\/noticias\\\/conoce-mas-de-caral-en-el-ministerio-de-cultura-hasta-el-30-de-enero\\\/#breadcrumb\",\"itemListElement\":[{\"@type\":\"ListItem\",\"position\":1,\"name\":\"Portada\",\"item\":\"https:\\\/\\\/zonacaral.gob.pe\\\/\"},{\"@type\":\"ListItem\",\"position\":2,\"name\":\"Conoce m\u00e1s de Caral en el Ministerio de Cultura hasta el 30 de enero\"}]},{\"@type\":\"WebSite\",\"@id\":\"https:\\\/\\\/zonacaral.gob.pe\\\/es\\\/#website\",\"url\":\"https:\\\/\\\/zonacaral.gob.pe\\\/es\\\/\",\"name\":\"Zona Caral\",\"description\":\"Investigamos, conservamos y difundimos el patrimonio cultural de la Civilizaci\u00f3n Caral, la m\u00e1s antigua de Am\u00e9rica.\",\"potentialAction\":[{\"@type\":\"SearchAction\",\"target\":{\"@type\":\"EntryPoint\",\"urlTemplate\":\"https:\\\/\\\/zonacaral.gob.pe\\\/es\\\/?s={search_term_string}\"},\"query-input\":{\"@type\":\"PropertyValueSpecification\",\"valueRequired\":true,\"valueName\":\"search_term_string\"}}],\"inLanguage\":\"en-US\"},{\"@type\":\"Person\",\"@id\":\"https:\\\/\\\/zonacaral.gob.pe\\\/es\\\/#\\\/schema\\\/person\\\/beddb4d22f71a7230c5b90913270a0ee\",\"name\":\"Zona Caral Administrador\",\"image\":{\"@type\":\"ImageObject\",\"inLanguage\":\"en-US\",\"@id\":\"https:\\\/\\\/secure.gravatar.com\\\/avatar\\\/e4be162918a696358376de6446614e0f0f4062bdc5d170d6d540ada3d8b58c12?s=96&d=mm&r=g\",\"url\":\"https:\\\/\\\/secure.gravatar.com\\\/avatar\\\/e4be162918a696358376de6446614e0f0f4062bdc5d170d6d540ada3d8b58c12?s=96&d=mm&r=g\",\"contentUrl\":\"https:\\\/\\\/secure.gravatar.com\\\/avatar\\\/e4be162918a696358376de6446614e0f0f4062bdc5d170d6d540ada3d8b58c12?s=96&d=mm&r=g\",\"caption\":\"Zona Caral Administrador\"},\"sameAs\":[\"https:\\\/\\\/zonacaral.gob.pe\"],\"url\":\"https:\\\/\\\/zonacaral.gob.pe\\\/en\\\/noticias\\\/author\\\/ad_zonacaral\\\/\"}]}<\/script>\n<!-- \/ Yoast SEO plugin. -->","yoast_head_json":{"title":"Conoce m\u00e1s de Caral en el Ministerio de Cultura hasta el 30 de enero","description":"Con el fin de transmitir nuestra herencia cultural milenaria y sentirnos orgullosos de ella, la Zona Arqueol\u00f3gica Caral te invita a visita la exposici\u00f3n denominada: \u00abLa Civilizaci\u00f3n Caral, sabidur\u00eda y arte de nuestros ancestros\u00bb, que estar\u00e1 a disposici\u00f3n del p\u00fablico en general hasta el jueves 30 de enero.","robots":{"index":"index","follow":"follow","max-snippet":"max-snippet:-1","max-image-preview":"max-image-preview:large","max-video-preview":"max-video-preview:-1"},"canonical":"https:\/\/zonacaral.gob.pe\/en\/noticias\/conoce-mas-de-caral-en-el-ministerio-de-cultura-hasta-el-30-de-enero\/","og_locale":"en_US","og_type":"article","og_title":"Conoce m\u00e1s de Caral en el Ministerio de Cultura hasta el 30 de enero","og_description":"Con el fin de transmitir nuestra herencia cultural milenaria y sentirnos orgullosos de ella, la Zona Arqueol\u00f3gica Caral te invita a visita la exposici\u00f3n denominada: \u00abLa Civilizaci\u00f3n Caral, sabidur\u00eda y arte de nuestros ancestros\u00bb, que estar\u00e1 a disposici\u00f3n del p\u00fablico en general hasta el jueves 30 de enero.","og_url":"https:\/\/zonacaral.gob.pe\/en\/noticias\/conoce-mas-de-caral-en-el-ministerio-de-cultura-hasta-el-30-de-enero\/","og_site_name":"Zona Caral","article_published_time":"2025-01-15T20:54:04+00:00","og_image":[{"width":700,"height":395,"url":"https:\/\/zonacaral.gob.pe\/wp-content\/uploads\/2025\/01\/1-EXPO.jpg","type":"image\/jpeg"}],"author":"Zona Caral Administrador","twitter_card":"summary_large_image","twitter_misc":{"Written by":"Zona Caral Administrador","Est. reading time":"3 minutes"},"schema":{"@context":"https:\/\/schema.org","@graph":[{"@type":"Article","@id":"https:\/\/zonacaral.gob.pe\/es\/noticias\/conoce-mas-de-caral-en-el-ministerio-de-cultura-hasta-el-30-de-enero\/#article","isPartOf":{"@id":"https:\/\/zonacaral.gob.pe\/es\/noticias\/conoce-mas-de-caral-en-el-ministerio-de-cultura-hasta-el-30-de-enero\/"},"author":{"name":"Zona Caral Administrador","@id":"https:\/\/zonacaral.gob.pe\/es\/#\/schema\/person\/beddb4d22f71a7230c5b90913270a0ee"},"headline":"Conoce m\u00e1s de Caral en el Ministerio de Cultura hasta el 30 de enero","datePublished":"2025-01-15T20:54:04+00:00","mainEntityOfPage":{"@id":"https:\/\/zonacaral.gob.pe\/es\/noticias\/conoce-mas-de-caral-en-el-ministerio-de-cultura-hasta-el-30-de-enero\/"},"wordCount":550,"image":{"@id":"https:\/\/zonacaral.gob.pe\/es\/noticias\/conoce-mas-de-caral-en-el-ministerio-de-cultura-hasta-el-30-de-enero\/#primaryimage"},"thumbnailUrl":"https:\/\/zonacaral.gob.pe\/wp-content\/uploads\/2025\/01\/1-EXPO.jpg","keywords":["caral","Cultura"],"articleSection":["noticias"],"inLanguage":"en-US"},{"@type":"WebPage","@id":"https:\/\/zonacaral.gob.pe\/es\/noticias\/conoce-mas-de-caral-en-el-ministerio-de-cultura-hasta-el-30-de-enero\/","url":"https:\/\/zonacaral.gob.pe\/es\/noticias\/conoce-mas-de-caral-en-el-ministerio-de-cultura-hasta-el-30-de-enero\/","name":"Conoce m\u00e1s de Caral en el Ministerio de Cultura hasta el 30 de enero","isPartOf":{"@id":"https:\/\/zonacaral.gob.pe\/es\/#website"},"primaryImageOfPage":{"@id":"https:\/\/zonacaral.gob.pe\/es\/noticias\/conoce-mas-de-caral-en-el-ministerio-de-cultura-hasta-el-30-de-enero\/#primaryimage"},"image":{"@id":"https:\/\/zonacaral.gob.pe\/es\/noticias\/conoce-mas-de-caral-en-el-ministerio-de-cultura-hasta-el-30-de-enero\/#primaryimage"},"thumbnailUrl":"https:\/\/zonacaral.gob.pe\/wp-content\/uploads\/2025\/01\/1-EXPO.jpg","datePublished":"2025-01-15T20:54:04+00:00","author":{"@id":"https:\/\/zonacaral.gob.pe\/es\/#\/schema\/person\/beddb4d22f71a7230c5b90913270a0ee"},"description":"Con el fin de transmitir nuestra herencia cultural milenaria y sentirnos orgullosos de ella, la Zona Arqueol\u00f3gica Caral te invita a visita la exposici\u00f3n denominada: \u00abLa Civilizaci\u00f3n Caral, sabidur\u00eda y arte de nuestros ancestros\u00bb, que estar\u00e1 a disposici\u00f3n del p\u00fablico en general hasta el jueves 30 de enero.","breadcrumb":{"@id":"https:\/\/zonacaral.gob.pe\/es\/noticias\/conoce-mas-de-caral-en-el-ministerio-de-cultura-hasta-el-30-de-enero\/#breadcrumb"},"inLanguage":"en-US","potentialAction":[{"@type":"ReadAction","target":["https:\/\/zonacaral.gob.pe\/es\/noticias\/conoce-mas-de-caral-en-el-ministerio-de-cultura-hasta-el-30-de-enero\/"]}]},{"@type":"ImageObject","inLanguage":"en-US","@id":"https:\/\/zonacaral.gob.pe\/es\/noticias\/conoce-mas-de-caral-en-el-ministerio-de-cultura-hasta-el-30-de-enero\/#primaryimage","url":"https:\/\/zonacaral.gob.pe\/wp-content\/uploads\/2025\/01\/1-EXPO.jpg","contentUrl":"https:\/\/zonacaral.gob.pe\/wp-content\/uploads\/2025\/01\/1-EXPO.jpg","width":700,"height":395},{"@type":"BreadcrumbList","@id":"https:\/\/zonacaral.gob.pe\/es\/noticias\/conoce-mas-de-caral-en-el-ministerio-de-cultura-hasta-el-30-de-enero\/#breadcrumb","itemListElement":[{"@type":"ListItem","position":1,"name":"Portada","item":"https:\/\/zonacaral.gob.pe\/"},{"@type":"ListItem","position":2,"name":"Conoce m\u00e1s de Caral en el Ministerio de Cultura hasta el 30 de enero"}]},{"@type":"WebSite","@id":"https:\/\/zonacaral.gob.pe\/es\/#website","url":"https:\/\/zonacaral.gob.pe\/es\/","name":"Zona Caral","description":"Investigamos, conservamos y difundimos el patrimonio cultural de la Civilizaci\u00f3n Caral, la m\u00e1s antigua de Am\u00e9rica.","potentialAction":[{"@type":"SearchAction","target":{"@type":"EntryPoint","urlTemplate":"https:\/\/zonacaral.gob.pe\/es\/?s={search_term_string}"},"query-input":{"@type":"PropertyValueSpecification","valueRequired":true,"valueName":"search_term_string"}}],"inLanguage":"en-US"},{"@type":"Person","@id":"https:\/\/zonacaral.gob.pe\/es\/#\/schema\/person\/beddb4d22f71a7230c5b90913270a0ee","name":"Zona Caral Administrador","image":{"@type":"ImageObject","inLanguage":"en-US","@id":"https:\/\/secure.gravatar.com\/avatar\/e4be162918a696358376de6446614e0f0f4062bdc5d170d6d540ada3d8b58c12?s=96&d=mm&r=g","url":"https:\/\/secure.gravatar.com\/avatar\/e4be162918a696358376de6446614e0f0f4062bdc5d170d6d540ada3d8b58c12?s=96&d=mm&r=g","contentUrl":"https:\/\/secure.gravatar.com\/avatar\/e4be162918a696358376de6446614e0f0f4062bdc5d170d6d540ada3d8b58c12?s=96&d=mm&r=g","caption":"Zona Caral Administrador"},"sameAs":["https:\/\/zonacaral.gob.pe"],"url":"https:\/\/zonacaral.gob.pe\/en\/noticias\/author\/ad_zonacaral\/"}]}},"_links":{"self":[{"href":"https:\/\/zonacaral.gob.pe\/en\/wp-json\/wp\/v2\/posts\/18052","targetHints":{"allow":["GET"]}}],"collection":[{"href":"https:\/\/zonacaral.gob.pe\/en\/wp-json\/wp\/v2\/posts"}],"about":[{"href":"https:\/\/zonacaral.gob.pe\/en\/wp-json\/wp\/v2\/types\/post"}],"author":[{"embeddable":true,"href":"https:\/\/zonacaral.gob.pe\/en\/wp-json\/wp\/v2\/users\/1"}],"replies":[{"embeddable":true,"href":"https:\/\/zonacaral.gob.pe\/en\/wp-json\/wp\/v2\/comments?post=18052"}],"version-history":[{"count":0,"href":"https:\/\/zonacaral.gob.pe\/en\/wp-json\/wp\/v2\/posts\/18052\/revisions"}],"wp:featuredmedia":[{"embeddable":true,"href":"https:\/\/zonacaral.gob.pe\/en\/wp-json\/wp\/v2\/media\/18057"}],"wp:attachment":[{"href":"https:\/\/zonacaral.gob.pe\/en\/wp-json\/wp\/v2\/media?parent=18052"}],"wp:term":[{"taxonomy":"category","embeddable":true,"href":"https:\/\/zonacaral.gob.pe\/en\/wp-json\/wp\/v2\/categories?post=18052"},{"taxonomy":"post_tag","embeddable":true,"href":"https:\/\/zonacaral.gob.pe\/en\/wp-json\/wp\/v2\/tags?post=18052"}],"curies":[{"name":"wp","href":"https:\/\/api.w.org\/{rel}","templated":true}]}}