{"id":18074,"date":"2025-01-28T12:13:00","date_gmt":"2025-01-28T17:13:00","guid":{"rendered":"https:\/\/www.zonacaral.gob.pe\/?p=18074"},"modified":"2025-01-28T12:13:00","modified_gmt":"2025-01-28T17:13:00","slug":"dia-internacional-del-conservador-restaurador-una-labor-fundamental-y-bien-ejecutada-en-caral","status":"publish","type":"post","link":"https:\/\/zonacaral.gob.pe\/en\/noticias\/dia-internacional-del-conservador-restaurador-una-labor-fundamental-y-bien-ejecutada-en-caral\/","title":{"rendered":"D\u00eda Internacional del Conservador \u2013 Restaurador:  una labor fundamental y bien ejecutada en Caral"},"content":{"rendered":"<figure class=\"pic-autor\" style=\"color: #4d4d4d; text-align: justify;\"><\/figure>\n<div class=\"gmail_default\" style=\"text-align: justify;\">\n<blockquote>\n<p><i><span style=\"font-weight: 400;\">Una profesi\u00f3n estrat\u00e9gica y necesaria<\/span><\/i><span style=\"font-weight: 400;\">.<\/span><\/p>\n<\/blockquote>\n<p><span style=\"font-weight: 400;\">Sin la importante y fundamental labor de los profesionales en conservaci\u00f3n y restauraci\u00f3n, gran parte de nuestro gran patrimonio cultural estar\u00eda perdido, es por ello que la <\/span><a href=\"https:\/\/www.instagram.com\/caralperu\/?hl=es\"><span style=\"font-weight: 400;\">Zona Arqueol\u00f3gica Caral<\/span><\/a><span style=\"font-weight: 400;\">, Unidad Ejecutora 003 del Ministerio de Cultura, hace llegar hoy, 27 de enero, su saludo a los hombres y mujeres que se dedican a esta labor en nuestro pa\u00eds y; en especial, en los doce centros urbanos de la Civilizaci\u00f3n Caral.<\/span><\/p>\n<p><span style=\"font-weight: 400;\">Desde los inicios de investigaci\u00f3n en Caral, dirigidos por la doctora Ruth Shady Sol\u00eds desde 1994, las labores de conservaci\u00f3n y de restauraci\u00f3n han ido de la mano con los trabajos de investigaci\u00f3n, siguiendo los preceptos establecidos en la Carta de Venecia, aprobada en 1964, durante el II Congreso Internacional de Arquitectos y T\u00e9cnicos de Monumentos Hist\u00f3ricos realizado en Italia.<\/span><\/p>\n<p><span style=\"font-weight: 400;\">Los profesionales y t\u00e9cnicos de la ZAC, que laboran en las diferentes sedes<\/span><i><span style=\"font-weight: 400;\"> (Lima, Caral, \u00c1spero, Vichama y Pe\u00f1ico)<\/span><\/i><span style=\"font-weight: 400;\">, se encargan de preservar los bienes arqueol\u00f3gicos inmuebles y muebles, con el fin de mantener el legado cultural de la primera civilizaci\u00f3n de Am\u00e9rica, de cinco mil a\u00f1os de antig\u00fcedad.\u00a0<\/span><\/p>\n<p><span style=\"font-weight: 400;\">Gracias a los trabajos de conservaci\u00f3n preventiva y conservaci\u00f3n curativa, adem\u00e1s de proteger nuestro patrimonio, permite que los visitantes que llegan a los centros urbanos de Caral, como a la Ciudad Sagrada de Caral-Supe, Patrimonio Mundial, a \u00c1spero y Vichama, pueden apreciar la producci\u00f3n de conocimientos en ciencia y tecnolog\u00eda de los antiguos habitantes del valle de Supe y de Huaura.<\/span><\/p>\n<p><span style=\"font-weight: 400;\">Adem\u00e1s, el a\u00f1o pasado, usando la virtualidad como parte de la estrategia de conservaci\u00f3n preventiva, logramos transmitir nuestra herencia cultural a ni\u00f1os, j\u00f3venes y adultos, de diferentes partes del pa\u00eds, quienes apreciaron la colecci\u00f3n de piezas arqueol\u00f3gicas de Caral usando gafas de realidad virtual, trabajo que no se hubiese podido concretar sino es por la gesti\u00f3n realizada en la conservaci\u00f3n de las mismas.<\/span><\/p>\n<p><span style=\"font-weight: 400;\">La Zona Arqueol\u00f3gica Caral tiene una estrategia de conservaci\u00f3n integral desde la gesti\u00f3n de prevenci\u00f3n de riesgos de desastres, lo que permite tener los mismos est\u00e1ndares, tanto para la Ciudad Sagrada de Caral-Supe, como para los once sitios coet\u00e1neos, basado en los lineamientos de UNESCO, ICOMOS, ICOM e ICCROM.\u00a0<\/span><\/p>\n<p><span style=\"font-weight: 400;\">Cabe se\u00f1alar que la subdirecciones de la ZAC de Investigaci\u00f3n y Conservaci\u00f3n de Sitios Arqueol\u00f3gicos y de Investigaci\u00f3n y Conservaci\u00f3n de Materiales Arqueol\u00f3gicos, se han planteado directrices basadas en la Carta de Venecia: \u201cEn la valoraci\u00f3n del patrimonio cultural, no solo desde un punto art\u00edstico e hist\u00f3rico sino tambi\u00e9n con \u00e9nfasis en la autenticidad e integridad y del significado cultural, evitando la falsificaci\u00f3n o reconstrucci\u00f3n; y en el enfoque hol\u00edstico, integral y sostenible, preservando, adem\u00e1s del sitio arqueol\u00f3gico, el entorno natural y cultural local\u201d.<\/span><\/p>\n<p><span style=\"font-weight: 400;\">Adem\u00e1s, se hace un uso prudente de la tecnolog\u00eda en la conservaci\u00f3n del patrimonio cultural; se tiene una constante participaci\u00f3n comunitaria en los procesos de conservaci\u00f3n y gesti\u00f3n efectiva del sitio, y se promueve el sentido de pertenencia y responsabilidad hacia su preservaci\u00f3n. Por ejemplo, se realizan actividades culturales, talleres, entre otras actividades, como el programa Caral en la Escuela.<\/span><\/p>\n<p><strong>DATO<\/strong><\/p>\n<p><span style=\"font-weight: 400;\">El a\u00f1o pasado <\/span><span style=\"font-weight: 400;\">el arquitecto<\/span><span style=\"font-weight: 400;\"> peruano V\u00edctor Pimentel, considerado un pionero en la defensa de la memoria hist\u00f3rica de los pueblos y la conservaci\u00f3n de sus obras monumentales. Su trabajo parti\u00f3 de Per\u00fa y se expandi\u00f3 a otros pa\u00edses como: Brasil, Argentina, Panam\u00e1, Costa Rica, Guatemala y M\u00e9xico, fue homenajeado por la ZAC por su importante trayectoria profesional.<\/span><\/p>\n<p><span style=\"font-weight: 400;\">Conoce m\u00e1s del trabajo de multidisciplinario de la Zona Arqueol\u00f3gica Caral, recorriendo la denominada Ruta Caral, que involucra los centros urbanos Ciudad Sagrada de Caral-Supe, \u00c1spero y Vichama, adem\u00e1s de los museos comunitarios de Supe y de V\u00e9gueta. Para m\u00e1s informaci\u00f3n de c\u00f3mo llegar a visitarlos comun\u00edcate al WhatsApp: 955 881 340.<\/span><\/p>\n<p><strong style=\"font-size: inherit; text-align: justify;\">Fuente: Comunicaci\u00f3n e Imagen Institucional ZAC<\/strong><\/p>\n<\/div>\n<div style=\"color: #1f1f1f;\">\n<div style=\"color: #1f1f1f;\">\n<p style=\"text-align: justify;\">Fecha de publicaci\u00f3n: 28\/01\/2025<\/p>\n<\/div>\n<\/div>\n\n\n<p><\/p>","protected":false},"excerpt":{"rendered":"<p>Una profesi\u00f3n estrat\u00e9gica y necesaria. Sin la importante y fundamental labor de los profesionales en conservaci\u00f3n y restauraci\u00f3n, gran parte [&hellip;]<\/p>\n","protected":false},"author":1,"featured_media":18075,"comment_status":"closed","ping_status":"open","sticky":false,"template":"","format":"standard","meta":{"_acf_changed":false,"site-sidebar-layout":"default","site-content-layout":"","ast-site-content-layout":"default","site-content-style":"default","site-sidebar-style":"default","ast-global-header-display":"","ast-banner-title-visibility":"","ast-main-header-display":"","ast-hfb-above-header-display":"","ast-hfb-below-header-display":"","ast-hfb-mobile-header-display":"","site-post-title":"","ast-breadcrumbs-content":"","ast-featured-img":"","footer-sml-layout":"","ast-disable-related-posts":"","theme-transparent-header-meta":"","adv-header-id-meta":"","stick-header-meta":"","header-above-stick-meta":"","header-main-stick-meta":"","header-below-stick-meta":"","astra-migrate-meta-layouts":"default","ast-page-background-enabled":"default","ast-page-background-meta":{"desktop":{"background-color":"var(--ast-global-color-5)","background-image":"","background-repeat":"repeat","background-position":"center center","background-size":"auto","background-attachment":"scroll","background-type":"","background-media":"","overlay-type":"","overlay-color":"","overlay-opacity":"","overlay-gradient":""},"tablet":{"background-color":"","background-image":"","background-repeat":"repeat","background-position":"center center","background-size":"auto","background-attachment":"scroll","background-type":"","background-media":"","overlay-type":"","overlay-color":"","overlay-opacity":"","overlay-gradient":""},"mobile":{"background-color":"","background-image":"","background-repeat":"repeat","background-position":"center center","background-size":"auto","background-attachment":"scroll","background-type":"","background-media":"","overlay-type":"","overlay-color":"","overlay-opacity":"","overlay-gradient":""}},"ast-content-background-meta":{"desktop":{"background-color":"var(--ast-global-color-4)","background-image":"","background-repeat":"repeat","background-position":"center center","background-size":"auto","background-attachment":"scroll","background-type":"","background-media":"","overlay-type":"","overlay-color":"","overlay-opacity":"","overlay-gradient":""},"tablet":{"background-color":"var(--ast-global-color-4)","background-image":"","background-repeat":"repeat","background-position":"center center","background-size":"auto","background-attachment":"scroll","background-type":"","background-media":"","overlay-type":"","overlay-color":"","overlay-opacity":"","overlay-gradient":""},"mobile":{"background-color":"var(--ast-global-color-4)","background-image":"","background-repeat":"repeat","background-position":"center center","background-size":"auto","background-attachment":"scroll","background-type":"","background-media":"","overlay-type":"","overlay-color":"","overlay-opacity":"","overlay-gradient":""}},"footnotes":""},"categories":[208],"tags":[55,72],"class_list":["post-18074","post","type-post","status-publish","format-standard","has-post-thumbnail","hentry","category-noticias","tag-caral","tag-cultura"],"acf":[],"yoast_head":"<!-- This site is optimized with the Yoast SEO plugin v27.3 - https:\/\/yoast.com\/product\/yoast-seo-wordpress\/ -->\n<title>D\u00eda Internacional del Conservador \u2013 Restaurador: una labor fundamental y bien ejecutada en Caral<\/title>\n<meta name=\"description\" content=\"Sin la importante y fundamental labor de los profesionales en conservaci\u00f3n y restauraci\u00f3n, gran parte de nuestro gran patrimonio cultural estar\u00eda perdido, es por ello que la Zona Arqueol\u00f3gica Caral, Unidad Ejecutora 003 del Ministerio de Cultura, hace llegar hoy, 27 de enero, su saludo a los hombres y mujeres que se dedican a esta labor en nuestro pa\u00eds y; en especial, en los doce centros urbanos de la Civilizaci\u00f3n Caral.\" \/>\n<meta name=\"robots\" content=\"index, follow, max-snippet:-1, max-image-preview:large, max-video-preview:-1\" \/>\n<link rel=\"canonical\" href=\"https:\/\/zonacaral.gob.pe\/en\/noticias\/dia-internacional-del-conservador-restaurador-una-labor-fundamental-y-bien-ejecutada-en-caral\/\" \/>\n<meta property=\"og:locale\" content=\"en_US\" \/>\n<meta property=\"og:type\" content=\"article\" \/>\n<meta property=\"og:title\" content=\"D\u00eda Internacional del Conservador \u2013 Restaurador: una labor fundamental y bien ejecutada en Caral\" \/>\n<meta property=\"og:description\" content=\"Sin la importante y fundamental labor de los profesionales en conservaci\u00f3n y restauraci\u00f3n, gran parte de nuestro gran patrimonio cultural estar\u00eda perdido, es por ello que la Zona Arqueol\u00f3gica Caral, Unidad Ejecutora 003 del Ministerio de Cultura, hace llegar hoy, 27 de enero, su saludo a los hombres y mujeres que se dedican a esta labor en nuestro pa\u00eds y; en especial, en los doce centros urbanos de la Civilizaci\u00f3n Caral.\" \/>\n<meta property=\"og:url\" content=\"https:\/\/zonacaral.gob.pe\/en\/noticias\/dia-internacional-del-conservador-restaurador-una-labor-fundamental-y-bien-ejecutada-en-caral\/\" \/>\n<meta property=\"og:site_name\" content=\"Zona Caral\" \/>\n<meta property=\"article:published_time\" content=\"2025-01-28T17:13:00+00:00\" \/>\n<meta property=\"og:image\" content=\"https:\/\/zonacaral.gob.pe\/wp-content\/uploads\/2025\/01\/Dia-Conservador-Restaurador-1.png\" \/>\n\t<meta property=\"og:image:width\" content=\"700\" \/>\n\t<meta property=\"og:image:height\" content=\"395\" \/>\n\t<meta property=\"og:image:type\" content=\"image\/png\" \/>\n<meta name=\"author\" content=\"Zona Caral Administrador\" \/>\n<meta name=\"twitter:card\" content=\"summary_large_image\" \/>\n<meta name=\"twitter:label1\" content=\"Written by\" \/>\n\t<meta name=\"twitter:data1\" content=\"Zona Caral Administrador\" \/>\n\t<meta name=\"twitter:label2\" content=\"Est. reading time\" \/>\n\t<meta name=\"twitter:data2\" content=\"3 minutes\" \/>\n<script type=\"application\/ld+json\" class=\"yoast-schema-graph\">{\"@context\":\"https:\\\/\\\/schema.org\",\"@graph\":[{\"@type\":\"Article\",\"@id\":\"https:\\\/\\\/zonacaral.gob.pe\\\/es\\\/noticias\\\/dia-internacional-del-conservador-restaurador-una-labor-fundamental-y-bien-ejecutada-en-caral\\\/#article\",\"isPartOf\":{\"@id\":\"https:\\\/\\\/zonacaral.gob.pe\\\/es\\\/noticias\\\/dia-internacional-del-conservador-restaurador-una-labor-fundamental-y-bien-ejecutada-en-caral\\\/\"},\"author\":{\"name\":\"Zona Caral Administrador\",\"@id\":\"https:\\\/\\\/zonacaral.gob.pe\\\/es\\\/#\\\/schema\\\/person\\\/beddb4d22f71a7230c5b90913270a0ee\"},\"headline\":\"D\u00eda Internacional del Conservador \u2013 Restaurador: una labor fundamental y bien ejecutada en Caral\",\"datePublished\":\"2025-01-28T17:13:00+00:00\",\"mainEntityOfPage\":{\"@id\":\"https:\\\/\\\/zonacaral.gob.pe\\\/es\\\/noticias\\\/dia-internacional-del-conservador-restaurador-una-labor-fundamental-y-bien-ejecutada-en-caral\\\/\"},\"wordCount\":711,\"image\":{\"@id\":\"https:\\\/\\\/zonacaral.gob.pe\\\/es\\\/noticias\\\/dia-internacional-del-conservador-restaurador-una-labor-fundamental-y-bien-ejecutada-en-caral\\\/#primaryimage\"},\"thumbnailUrl\":\"https:\\\/\\\/zonacaral.gob.pe\\\/wp-content\\\/uploads\\\/2025\\\/01\\\/Dia-Conservador-Restaurador-1.png\",\"keywords\":[\"caral\",\"Cultura\"],\"articleSection\":[\"noticias\"],\"inLanguage\":\"en-US\"},{\"@type\":\"WebPage\",\"@id\":\"https:\\\/\\\/zonacaral.gob.pe\\\/es\\\/noticias\\\/dia-internacional-del-conservador-restaurador-una-labor-fundamental-y-bien-ejecutada-en-caral\\\/\",\"url\":\"https:\\\/\\\/zonacaral.gob.pe\\\/es\\\/noticias\\\/dia-internacional-del-conservador-restaurador-una-labor-fundamental-y-bien-ejecutada-en-caral\\\/\",\"name\":\"D\u00eda Internacional del Conservador \u2013 Restaurador: una labor fundamental y bien ejecutada en Caral\",\"isPartOf\":{\"@id\":\"https:\\\/\\\/zonacaral.gob.pe\\\/es\\\/#website\"},\"primaryImageOfPage\":{\"@id\":\"https:\\\/\\\/zonacaral.gob.pe\\\/es\\\/noticias\\\/dia-internacional-del-conservador-restaurador-una-labor-fundamental-y-bien-ejecutada-en-caral\\\/#primaryimage\"},\"image\":{\"@id\":\"https:\\\/\\\/zonacaral.gob.pe\\\/es\\\/noticias\\\/dia-internacional-del-conservador-restaurador-una-labor-fundamental-y-bien-ejecutada-en-caral\\\/#primaryimage\"},\"thumbnailUrl\":\"https:\\\/\\\/zonacaral.gob.pe\\\/wp-content\\\/uploads\\\/2025\\\/01\\\/Dia-Conservador-Restaurador-1.png\",\"datePublished\":\"2025-01-28T17:13:00+00:00\",\"author\":{\"@id\":\"https:\\\/\\\/zonacaral.gob.pe\\\/es\\\/#\\\/schema\\\/person\\\/beddb4d22f71a7230c5b90913270a0ee\"},\"description\":\"Sin la importante y fundamental labor de los profesionales en conservaci\u00f3n y restauraci\u00f3n, gran parte de nuestro gran patrimonio cultural estar\u00eda perdido, es por ello que la Zona Arqueol\u00f3gica Caral, Unidad Ejecutora 003 del Ministerio de Cultura, hace llegar hoy, 27 de enero, su saludo a los hombres y mujeres que se dedican a esta labor en nuestro pa\u00eds y; en especial, en los doce centros urbanos de la Civilizaci\u00f3n Caral.\",\"breadcrumb\":{\"@id\":\"https:\\\/\\\/zonacaral.gob.pe\\\/es\\\/noticias\\\/dia-internacional-del-conservador-restaurador-una-labor-fundamental-y-bien-ejecutada-en-caral\\\/#breadcrumb\"},\"inLanguage\":\"en-US\",\"potentialAction\":[{\"@type\":\"ReadAction\",\"target\":[\"https:\\\/\\\/zonacaral.gob.pe\\\/es\\\/noticias\\\/dia-internacional-del-conservador-restaurador-una-labor-fundamental-y-bien-ejecutada-en-caral\\\/\"]}]},{\"@type\":\"ImageObject\",\"inLanguage\":\"en-US\",\"@id\":\"https:\\\/\\\/zonacaral.gob.pe\\\/es\\\/noticias\\\/dia-internacional-del-conservador-restaurador-una-labor-fundamental-y-bien-ejecutada-en-caral\\\/#primaryimage\",\"url\":\"https:\\\/\\\/zonacaral.gob.pe\\\/wp-content\\\/uploads\\\/2025\\\/01\\\/Dia-Conservador-Restaurador-1.png\",\"contentUrl\":\"https:\\\/\\\/zonacaral.gob.pe\\\/wp-content\\\/uploads\\\/2025\\\/01\\\/Dia-Conservador-Restaurador-1.png\",\"width\":700,\"height\":395},{\"@type\":\"BreadcrumbList\",\"@id\":\"https:\\\/\\\/zonacaral.gob.pe\\\/es\\\/noticias\\\/dia-internacional-del-conservador-restaurador-una-labor-fundamental-y-bien-ejecutada-en-caral\\\/#breadcrumb\",\"itemListElement\":[{\"@type\":\"ListItem\",\"position\":1,\"name\":\"Portada\",\"item\":\"https:\\\/\\\/zonacaral.gob.pe\\\/\"},{\"@type\":\"ListItem\",\"position\":2,\"name\":\"D\u00eda Internacional del Conservador \u2013 Restaurador: una labor fundamental y bien ejecutada en Caral\"}]},{\"@type\":\"WebSite\",\"@id\":\"https:\\\/\\\/zonacaral.gob.pe\\\/es\\\/#website\",\"url\":\"https:\\\/\\\/zonacaral.gob.pe\\\/es\\\/\",\"name\":\"Zona Caral\",\"description\":\"Investigamos, conservamos y difundimos el patrimonio cultural de la Civilizaci\u00f3n Caral, la m\u00e1s antigua de Am\u00e9rica.\",\"potentialAction\":[{\"@type\":\"SearchAction\",\"target\":{\"@type\":\"EntryPoint\",\"urlTemplate\":\"https:\\\/\\\/zonacaral.gob.pe\\\/es\\\/?s={search_term_string}\"},\"query-input\":{\"@type\":\"PropertyValueSpecification\",\"valueRequired\":true,\"valueName\":\"search_term_string\"}}],\"inLanguage\":\"en-US\"},{\"@type\":\"Person\",\"@id\":\"https:\\\/\\\/zonacaral.gob.pe\\\/es\\\/#\\\/schema\\\/person\\\/beddb4d22f71a7230c5b90913270a0ee\",\"name\":\"Zona Caral Administrador\",\"image\":{\"@type\":\"ImageObject\",\"inLanguage\":\"en-US\",\"@id\":\"https:\\\/\\\/secure.gravatar.com\\\/avatar\\\/e4be162918a696358376de6446614e0f0f4062bdc5d170d6d540ada3d8b58c12?s=96&d=mm&r=g\",\"url\":\"https:\\\/\\\/secure.gravatar.com\\\/avatar\\\/e4be162918a696358376de6446614e0f0f4062bdc5d170d6d540ada3d8b58c12?s=96&d=mm&r=g\",\"contentUrl\":\"https:\\\/\\\/secure.gravatar.com\\\/avatar\\\/e4be162918a696358376de6446614e0f0f4062bdc5d170d6d540ada3d8b58c12?s=96&d=mm&r=g\",\"caption\":\"Zona Caral Administrador\"},\"sameAs\":[\"https:\\\/\\\/zonacaral.gob.pe\"],\"url\":\"https:\\\/\\\/zonacaral.gob.pe\\\/en\\\/noticias\\\/author\\\/ad_zonacaral\\\/\"}]}<\/script>\n<!-- \/ Yoast SEO plugin. -->","yoast_head_json":{"title":"D\u00eda Internacional del Conservador \u2013 Restaurador: una labor fundamental y bien ejecutada en Caral","description":"Sin la importante y fundamental labor de los profesionales en conservaci\u00f3n y restauraci\u00f3n, gran parte de nuestro gran patrimonio cultural estar\u00eda perdido, es por ello que la Zona Arqueol\u00f3gica Caral, Unidad Ejecutora 003 del Ministerio de Cultura, hace llegar hoy, 27 de enero, su saludo a los hombres y mujeres que se dedican a esta labor en nuestro pa\u00eds y; en especial, en los doce centros urbanos de la Civilizaci\u00f3n Caral.","robots":{"index":"index","follow":"follow","max-snippet":"max-snippet:-1","max-image-preview":"max-image-preview:large","max-video-preview":"max-video-preview:-1"},"canonical":"https:\/\/zonacaral.gob.pe\/en\/noticias\/dia-internacional-del-conservador-restaurador-una-labor-fundamental-y-bien-ejecutada-en-caral\/","og_locale":"en_US","og_type":"article","og_title":"D\u00eda Internacional del Conservador \u2013 Restaurador: una labor fundamental y bien ejecutada en Caral","og_description":"Sin la importante y fundamental labor de los profesionales en conservaci\u00f3n y restauraci\u00f3n, gran parte de nuestro gran patrimonio cultural estar\u00eda perdido, es por ello que la Zona Arqueol\u00f3gica Caral, Unidad Ejecutora 003 del Ministerio de Cultura, hace llegar hoy, 27 de enero, su saludo a los hombres y mujeres que se dedican a esta labor en nuestro pa\u00eds y; en especial, en los doce centros urbanos de la Civilizaci\u00f3n Caral.","og_url":"https:\/\/zonacaral.gob.pe\/en\/noticias\/dia-internacional-del-conservador-restaurador-una-labor-fundamental-y-bien-ejecutada-en-caral\/","og_site_name":"Zona Caral","article_published_time":"2025-01-28T17:13:00+00:00","og_image":[{"width":700,"height":395,"url":"https:\/\/zonacaral.gob.pe\/wp-content\/uploads\/2025\/01\/Dia-Conservador-Restaurador-1.png","type":"image\/png"}],"author":"Zona Caral Administrador","twitter_card":"summary_large_image","twitter_misc":{"Written by":"Zona Caral Administrador","Est. reading time":"3 minutes"},"schema":{"@context":"https:\/\/schema.org","@graph":[{"@type":"Article","@id":"https:\/\/zonacaral.gob.pe\/es\/noticias\/dia-internacional-del-conservador-restaurador-una-labor-fundamental-y-bien-ejecutada-en-caral\/#article","isPartOf":{"@id":"https:\/\/zonacaral.gob.pe\/es\/noticias\/dia-internacional-del-conservador-restaurador-una-labor-fundamental-y-bien-ejecutada-en-caral\/"},"author":{"name":"Zona Caral Administrador","@id":"https:\/\/zonacaral.gob.pe\/es\/#\/schema\/person\/beddb4d22f71a7230c5b90913270a0ee"},"headline":"D\u00eda Internacional del Conservador \u2013 Restaurador: una labor fundamental y bien ejecutada en Caral","datePublished":"2025-01-28T17:13:00+00:00","mainEntityOfPage":{"@id":"https:\/\/zonacaral.gob.pe\/es\/noticias\/dia-internacional-del-conservador-restaurador-una-labor-fundamental-y-bien-ejecutada-en-caral\/"},"wordCount":711,"image":{"@id":"https:\/\/zonacaral.gob.pe\/es\/noticias\/dia-internacional-del-conservador-restaurador-una-labor-fundamental-y-bien-ejecutada-en-caral\/#primaryimage"},"thumbnailUrl":"https:\/\/zonacaral.gob.pe\/wp-content\/uploads\/2025\/01\/Dia-Conservador-Restaurador-1.png","keywords":["caral","Cultura"],"articleSection":["noticias"],"inLanguage":"en-US"},{"@type":"WebPage","@id":"https:\/\/zonacaral.gob.pe\/es\/noticias\/dia-internacional-del-conservador-restaurador-una-labor-fundamental-y-bien-ejecutada-en-caral\/","url":"https:\/\/zonacaral.gob.pe\/es\/noticias\/dia-internacional-del-conservador-restaurador-una-labor-fundamental-y-bien-ejecutada-en-caral\/","name":"D\u00eda Internacional del Conservador \u2013 Restaurador: una labor fundamental y bien ejecutada en Caral","isPartOf":{"@id":"https:\/\/zonacaral.gob.pe\/es\/#website"},"primaryImageOfPage":{"@id":"https:\/\/zonacaral.gob.pe\/es\/noticias\/dia-internacional-del-conservador-restaurador-una-labor-fundamental-y-bien-ejecutada-en-caral\/#primaryimage"},"image":{"@id":"https:\/\/zonacaral.gob.pe\/es\/noticias\/dia-internacional-del-conservador-restaurador-una-labor-fundamental-y-bien-ejecutada-en-caral\/#primaryimage"},"thumbnailUrl":"https:\/\/zonacaral.gob.pe\/wp-content\/uploads\/2025\/01\/Dia-Conservador-Restaurador-1.png","datePublished":"2025-01-28T17:13:00+00:00","author":{"@id":"https:\/\/zonacaral.gob.pe\/es\/#\/schema\/person\/beddb4d22f71a7230c5b90913270a0ee"},"description":"Sin la importante y fundamental labor de los profesionales en conservaci\u00f3n y restauraci\u00f3n, gran parte de nuestro gran patrimonio cultural estar\u00eda perdido, es por ello que la Zona Arqueol\u00f3gica Caral, Unidad Ejecutora 003 del Ministerio de Cultura, hace llegar hoy, 27 de enero, su saludo a los hombres y mujeres que se dedican a esta labor en nuestro pa\u00eds y; en especial, en los doce centros urbanos de la Civilizaci\u00f3n Caral.","breadcrumb":{"@id":"https:\/\/zonacaral.gob.pe\/es\/noticias\/dia-internacional-del-conservador-restaurador-una-labor-fundamental-y-bien-ejecutada-en-caral\/#breadcrumb"},"inLanguage":"en-US","potentialAction":[{"@type":"ReadAction","target":["https:\/\/zonacaral.gob.pe\/es\/noticias\/dia-internacional-del-conservador-restaurador-una-labor-fundamental-y-bien-ejecutada-en-caral\/"]}]},{"@type":"ImageObject","inLanguage":"en-US","@id":"https:\/\/zonacaral.gob.pe\/es\/noticias\/dia-internacional-del-conservador-restaurador-una-labor-fundamental-y-bien-ejecutada-en-caral\/#primaryimage","url":"https:\/\/zonacaral.gob.pe\/wp-content\/uploads\/2025\/01\/Dia-Conservador-Restaurador-1.png","contentUrl":"https:\/\/zonacaral.gob.pe\/wp-content\/uploads\/2025\/01\/Dia-Conservador-Restaurador-1.png","width":700,"height":395},{"@type":"BreadcrumbList","@id":"https:\/\/zonacaral.gob.pe\/es\/noticias\/dia-internacional-del-conservador-restaurador-una-labor-fundamental-y-bien-ejecutada-en-caral\/#breadcrumb","itemListElement":[{"@type":"ListItem","position":1,"name":"Portada","item":"https:\/\/zonacaral.gob.pe\/"},{"@type":"ListItem","position":2,"name":"D\u00eda Internacional del Conservador \u2013 Restaurador: una labor fundamental y bien ejecutada en Caral"}]},{"@type":"WebSite","@id":"https:\/\/zonacaral.gob.pe\/es\/#website","url":"https:\/\/zonacaral.gob.pe\/es\/","name":"Zona Caral","description":"Investigamos, conservamos y difundimos el patrimonio cultural de la Civilizaci\u00f3n Caral, la m\u00e1s antigua de Am\u00e9rica.","potentialAction":[{"@type":"SearchAction","target":{"@type":"EntryPoint","urlTemplate":"https:\/\/zonacaral.gob.pe\/es\/?s={search_term_string}"},"query-input":{"@type":"PropertyValueSpecification","valueRequired":true,"valueName":"search_term_string"}}],"inLanguage":"en-US"},{"@type":"Person","@id":"https:\/\/zonacaral.gob.pe\/es\/#\/schema\/person\/beddb4d22f71a7230c5b90913270a0ee","name":"Zona Caral Administrador","image":{"@type":"ImageObject","inLanguage":"en-US","@id":"https:\/\/secure.gravatar.com\/avatar\/e4be162918a696358376de6446614e0f0f4062bdc5d170d6d540ada3d8b58c12?s=96&d=mm&r=g","url":"https:\/\/secure.gravatar.com\/avatar\/e4be162918a696358376de6446614e0f0f4062bdc5d170d6d540ada3d8b58c12?s=96&d=mm&r=g","contentUrl":"https:\/\/secure.gravatar.com\/avatar\/e4be162918a696358376de6446614e0f0f4062bdc5d170d6d540ada3d8b58c12?s=96&d=mm&r=g","caption":"Zona Caral Administrador"},"sameAs":["https:\/\/zonacaral.gob.pe"],"url":"https:\/\/zonacaral.gob.pe\/en\/noticias\/author\/ad_zonacaral\/"}]}},"_links":{"self":[{"href":"https:\/\/zonacaral.gob.pe\/en\/wp-json\/wp\/v2\/posts\/18074","targetHints":{"allow":["GET"]}}],"collection":[{"href":"https:\/\/zonacaral.gob.pe\/en\/wp-json\/wp\/v2\/posts"}],"about":[{"href":"https:\/\/zonacaral.gob.pe\/en\/wp-json\/wp\/v2\/types\/post"}],"author":[{"embeddable":true,"href":"https:\/\/zonacaral.gob.pe\/en\/wp-json\/wp\/v2\/users\/1"}],"replies":[{"embeddable":true,"href":"https:\/\/zonacaral.gob.pe\/en\/wp-json\/wp\/v2\/comments?post=18074"}],"version-history":[{"count":0,"href":"https:\/\/zonacaral.gob.pe\/en\/wp-json\/wp\/v2\/posts\/18074\/revisions"}],"wp:featuredmedia":[{"embeddable":true,"href":"https:\/\/zonacaral.gob.pe\/en\/wp-json\/wp\/v2\/media\/18075"}],"wp:attachment":[{"href":"https:\/\/zonacaral.gob.pe\/en\/wp-json\/wp\/v2\/media?parent=18074"}],"wp:term":[{"taxonomy":"category","embeddable":true,"href":"https:\/\/zonacaral.gob.pe\/en\/wp-json\/wp\/v2\/categories?post=18074"},{"taxonomy":"post_tag","embeddable":true,"href":"https:\/\/zonacaral.gob.pe\/en\/wp-json\/wp\/v2\/tags?post=18074"}],"curies":[{"name":"wp","href":"https:\/\/api.w.org\/{rel}","templated":true}]}}