{"id":18113,"date":"2025-02-06T17:45:51","date_gmt":"2025-02-06T22:45:51","guid":{"rendered":"https:\/\/www.zonacaral.gob.pe\/?p=18113"},"modified":"2025-02-06T17:45:51","modified_gmt":"2025-02-06T22:45:51","slug":"doctora-ruth-shady-participara-en-conversatorio-por-el-dia-de-la-mujer-en-la-ciencia","status":"publish","type":"post","link":"https:\/\/zonacaral.gob.pe\/en\/noticias\/doctora-ruth-shady-participara-en-conversatorio-por-el-dia-de-la-mujer-en-la-ciencia\/","title":{"rendered":"Doctora Ruth Shady participar\u00e1 en conversatorio por el d\u00eda de la mujer en la ciencia"},"content":{"rendered":"<figure class=\"pic-autor\" style=\"color: #4d4d4d; text-align: justify;\"><\/figure>\n<div class=\"gmail_default\" style=\"text-align: justify;\">\n<blockquote>\n<p><em><span style=\"font-weight: 400;\">Evento virtual y gratuito.<\/span><\/em><\/p>\n<\/blockquote>\n<div>\n<p><span style=\"font-weight: 400;\">En el marco del D\u00eda Internacional de la Mujer y Ni\u00f1a en la Ciencia, la doctora Ruth Shady Sol\u00eds, destacada arque\u00f3loga, antrop\u00f3loga y educadora peruana, directora de la <\/span><a href=\"https:\/\/www.instagram.com\/caralperu\/\"><span style=\"font-weight: 400;\">Zona Arqueol\u00f3gica Caral<\/span><\/a><span style=\"font-weight: 400;\">, Unidad Ejecutora 003 del Ministerio de Cultura, en su calidad de Punto Focal Peruano del Programa Mujeres para la Ciencia de la Academia Nacional de Ciencias, integrante de <\/span><a href=\"https:\/\/ianas.org\/activities\/ianas-women-for-science-program\/\"><span style=\"font-weight: 400;\">IANAS &#8211; Women for Science Program<\/span><\/a><span style=\"font-weight: 400;\">, participar\u00e1 en el conversatorio <\/span><b>\u00abLa Civilizaci\u00f3n Caral y su impacto en el desarrollo de ni\u00f1as y j\u00f3venes\u00bb<\/b><span style=\"font-weight: 400;\">, a realizarse de manera virtual el pr\u00f3ximo martes, 11 de febrero, a las 7:00 p. m.\u00a0<\/span><\/p>\n<p><span style=\"font-weight: 400;\">En esta actividad gratuita tambi\u00e9n participar\u00e1n las coordinadoras del Punto Focal Peruano del Programa Mujeres para la Ciencia<\/span><span style=\"font-weight: 400;\">:<\/span><span style=\"font-weight: 400;\"> la Dra. Nadia Panduro Tenazoa, investigadora de la Universidad Nacional Intercultural de la Amazon\u00eda (Oriente); la Dra. Cleof\u00e9 Alvites Huaman\u00ed, investigadora de la Universidad C\u00e9sar Vallejo (Centro); y la Dra. \u00c1gueda Mu\u00f1oz Del Carpio Toia, investigadora de la Universidad Cat\u00f3lica de Santa Mar\u00eda (Sur). Como moderadora estar\u00e1 la Dra. Guicela Cabrejo Paredes, investigadora de la Universidad Cat\u00f3lica de Trujillo (Norte).<\/span><\/p>\n<p><span style=\"font-weight: 400;\">Este importante encuentro, que busca despertar el inter\u00e9s y promover que m\u00e1s mujeres, ni\u00f1as y j\u00f3venes, se involucren en los diferentes campos de la ciencia, ser\u00e1 transmitido v\u00eda Facebook del Programa<\/span><a href=\"https:\/\/www.facebook.com\/MujeresParaLaCienciaPeru\"><span style=\"font-weight: 400;\"> Mujeres para la Ciencia Per\u00fa<\/span><\/a><span style=\"font-weight: 400;\">; y por la plataforma Zoom, cuyo link ser\u00e1 compartido por WhatsApp a las personas inscritas. Llena este formulario para participar: <\/span><a href=\"https:\/\/bit.ly\/Conversatorio_11FEB2025?fbclid=IwZXh0bgNhZW0CMTAAAR35vgsIGDHmkW5cSRWisxTdCKLkeMF8NgVYfJyv4gqdB9O-0I0Rfrm-dxA_aem_1X7wEQ5a02kD0SsPTr0gvg\"><span style=\"font-weight: 400;\">\u00a0<\/span><b>Conversatorio_11FEB2025<\/b><\/a><\/p>\n<p><span style=\"font-weight: 400;\">Durante el conversatorio, las ponentes ir\u00e1n detallando c\u00f3mo las mujeres, desde la formaci\u00f3n de la Civilizaci\u00f3n Caral, fueron vincul\u00e1ndose en la producci\u00f3n de conocimientos en ciencia y tecnolog\u00eda, y se convirtieron en pieza clave en el desarrollo de la primera civilizaci\u00f3n de Am\u00e9rica.<\/span><\/p>\n<p><span style=\"font-weight: 400;\">Asimismo conoceremos los programas y el trabajo en cada macrorregi\u00f3n del pa\u00eds que se realizan con el fin de visibilizar el aporte de las mujeres en las ciencias, y sumar a m\u00e1s j\u00f3venes en las carreras cient\u00edficas, para lograr cerrar las brechas de g\u00e9nero, que a\u00fan es considerable en nuestro pa\u00eds.<\/span><\/p>\n<p><span style=\"font-weight: 400;\">Participa de este evento y s\u00famate a uno de los grupos m\u00e1s grandes de mujeres en las ciencias, promovido por la Punto Focal Peruano del Programa Mujeres para la Ciencia de la Academia Nacional de Ciencias, integrante de IANAS &#8211; Women for Science Program.<\/span><\/p>\n<p><span style=\"font-weight: 400;\">\u00a1Por m\u00e1s Mujeres en las Ciencias!<\/span><\/p>\n<\/div>\n<p><strong style=\"font-size: inherit; text-align: justify;\">Fuente: Comunicaci\u00f3n e Imagen Institucional ZAC<\/strong><\/p>\n<\/div>\n<div style=\"color: #1f1f1f;\">\n<div style=\"color: #1f1f1f;\">\n<p style=\"text-align: justify;\">Fecha de publicaci\u00f3n: 06\/02\/2025<\/p>\n<\/div>\n<\/div>\n\n\n<p><\/p>","protected":false},"excerpt":{"rendered":"<p>Evento virtual y gratuito. En el marco del D\u00eda Internacional de la Mujer y Ni\u00f1a en la Ciencia, la doctora [&hellip;]<\/p>\n","protected":false},"author":1,"featured_media":18124,"comment_status":"closed","ping_status":"open","sticky":false,"template":"","format":"standard","meta":{"_acf_changed":false,"site-sidebar-layout":"default","site-content-layout":"","ast-site-content-layout":"default","site-content-style":"default","site-sidebar-style":"default","ast-global-header-display":"","ast-banner-title-visibility":"","ast-main-header-display":"","ast-hfb-above-header-display":"","ast-hfb-below-header-display":"","ast-hfb-mobile-header-display":"","site-post-title":"","ast-breadcrumbs-content":"","ast-featured-img":"","footer-sml-layout":"","ast-disable-related-posts":"","theme-transparent-header-meta":"","adv-header-id-meta":"","stick-header-meta":"","header-above-stick-meta":"","header-main-stick-meta":"","header-below-stick-meta":"","astra-migrate-meta-layouts":"default","ast-page-background-enabled":"default","ast-page-background-meta":{"desktop":{"background-color":"var(--ast-global-color-5)","background-image":"","background-repeat":"repeat","background-position":"center center","background-size":"auto","background-attachment":"scroll","background-type":"","background-media":"","overlay-type":"","overlay-color":"","overlay-opacity":"","overlay-gradient":""},"tablet":{"background-color":"","background-image":"","background-repeat":"repeat","background-position":"center center","background-size":"auto","background-attachment":"scroll","background-type":"","background-media":"","overlay-type":"","overlay-color":"","overlay-opacity":"","overlay-gradient":""},"mobile":{"background-color":"","background-image":"","background-repeat":"repeat","background-position":"center center","background-size":"auto","background-attachment":"scroll","background-type":"","background-media":"","overlay-type":"","overlay-color":"","overlay-opacity":"","overlay-gradient":""}},"ast-content-background-meta":{"desktop":{"background-color":"var(--ast-global-color-4)","background-image":"","background-repeat":"repeat","background-position":"center center","background-size":"auto","background-attachment":"scroll","background-type":"","background-media":"","overlay-type":"","overlay-color":"","overlay-opacity":"","overlay-gradient":""},"tablet":{"background-color":"var(--ast-global-color-4)","background-image":"","background-repeat":"repeat","background-position":"center center","background-size":"auto","background-attachment":"scroll","background-type":"","background-media":"","overlay-type":"","overlay-color":"","overlay-opacity":"","overlay-gradient":""},"mobile":{"background-color":"var(--ast-global-color-4)","background-image":"","background-repeat":"repeat","background-position":"center center","background-size":"auto","background-attachment":"scroll","background-type":"","background-media":"","overlay-type":"","overlay-color":"","overlay-opacity":"","overlay-gradient":""}},"footnotes":""},"categories":[208],"tags":[55,72],"class_list":["post-18113","post","type-post","status-publish","format-standard","has-post-thumbnail","hentry","category-noticias","tag-caral","tag-cultura"],"acf":[],"yoast_head":"<!-- This site is optimized with the Yoast SEO plugin v27.3 - https:\/\/yoast.com\/product\/yoast-seo-wordpress\/ -->\n<title>Doctora Ruth Shady participar\u00e1 en conversatorio por el d\u00eda de la mujer en la ciencia<\/title>\n<meta name=\"description\" content=\"En el marco del D\u00eda Internacional de la Mujer y Ni\u00f1a en la Ciencia, la doctora Ruth Shady Sol\u00eds, destacada arque\u00f3loga, antrop\u00f3loga y educadora peruana, directora de la Zona Arqueol\u00f3gica Caral, Unidad Ejecutora 003 del Ministerio de Cultura, en su calidad de Punto Focal Peruano del Programa Mujeres para la Ciencia de la Academia Nacional de Ciencias, integrante de IANAS - Women for Science Program, participar\u00e1 en el conversatorio \u00abLa Civilizaci\u00f3n Caral y su impacto en el desarrollo de ni\u00f1as y j\u00f3venes\u00bb, a realizarse de manera virtual el pr\u00f3ximo martes, 11 de febrero, a las 7:00 p. m.\u00a0\" \/>\n<meta name=\"robots\" content=\"index, follow, max-snippet:-1, max-image-preview:large, max-video-preview:-1\" \/>\n<link rel=\"canonical\" href=\"https:\/\/zonacaral.gob.pe\/en\/noticias\/doctora-ruth-shady-participara-en-conversatorio-por-el-dia-de-la-mujer-en-la-ciencia\/\" \/>\n<meta property=\"og:locale\" content=\"en_US\" \/>\n<meta property=\"og:type\" content=\"article\" \/>\n<meta property=\"og:title\" content=\"Doctora Ruth Shady participar\u00e1 en conversatorio por el d\u00eda de la mujer en la ciencia\" \/>\n<meta property=\"og:description\" content=\"En el marco del D\u00eda Internacional de la Mujer y Ni\u00f1a en la Ciencia, la doctora Ruth Shady Sol\u00eds, destacada arque\u00f3loga, antrop\u00f3loga y educadora peruana, directora de la Zona Arqueol\u00f3gica Caral, Unidad Ejecutora 003 del Ministerio de Cultura, en su calidad de Punto Focal Peruano del Programa Mujeres para la Ciencia de la Academia Nacional de Ciencias, integrante de IANAS - Women for Science Program, participar\u00e1 en el conversatorio \u00abLa Civilizaci\u00f3n Caral y su impacto en el desarrollo de ni\u00f1as y j\u00f3venes\u00bb, a realizarse de manera virtual el pr\u00f3ximo martes, 11 de febrero, a las 7:00 p. m.\u00a0\" \/>\n<meta property=\"og:url\" content=\"https:\/\/zonacaral.gob.pe\/en\/noticias\/doctora-ruth-shady-participara-en-conversatorio-por-el-dia-de-la-mujer-en-la-ciencia\/\" \/>\n<meta property=\"og:site_name\" content=\"Zona Caral\" \/>\n<meta property=\"article:published_time\" content=\"2025-02-06T22:45:51+00:00\" \/>\n<meta property=\"og:image\" content=\"https:\/\/zonacaral.gob.pe\/wp-content\/uploads\/2025\/02\/Dra.png\" \/>\n\t<meta property=\"og:image:width\" content=\"700\" \/>\n\t<meta property=\"og:image:height\" content=\"395\" \/>\n\t<meta property=\"og:image:type\" content=\"image\/png\" \/>\n<meta name=\"author\" content=\"Zona Caral Administrador\" \/>\n<meta name=\"twitter:card\" content=\"summary_large_image\" \/>\n<meta name=\"twitter:label1\" content=\"Written by\" \/>\n\t<meta name=\"twitter:data1\" content=\"Zona Caral Administrador\" \/>\n\t<meta name=\"twitter:label2\" content=\"Est. reading time\" \/>\n\t<meta name=\"twitter:data2\" content=\"2 minutes\" \/>\n<script type=\"application\/ld+json\" class=\"yoast-schema-graph\">{\"@context\":\"https:\\\/\\\/schema.org\",\"@graph\":[{\"@type\":\"Article\",\"@id\":\"https:\\\/\\\/zonacaral.gob.pe\\\/es\\\/noticias\\\/doctora-ruth-shady-participara-en-conversatorio-por-el-dia-de-la-mujer-en-la-ciencia\\\/#article\",\"isPartOf\":{\"@id\":\"https:\\\/\\\/zonacaral.gob.pe\\\/es\\\/noticias\\\/doctora-ruth-shady-participara-en-conversatorio-por-el-dia-de-la-mujer-en-la-ciencia\\\/\"},\"author\":{\"name\":\"Zona Caral Administrador\",\"@id\":\"https:\\\/\\\/zonacaral.gob.pe\\\/es\\\/#\\\/schema\\\/person\\\/beddb4d22f71a7230c5b90913270a0ee\"},\"headline\":\"Doctora Ruth Shady participar\u00e1 en conversatorio por el d\u00eda de la mujer en la ciencia\",\"datePublished\":\"2025-02-06T22:45:51+00:00\",\"mainEntityOfPage\":{\"@id\":\"https:\\\/\\\/zonacaral.gob.pe\\\/es\\\/noticias\\\/doctora-ruth-shady-participara-en-conversatorio-por-el-dia-de-la-mujer-en-la-ciencia\\\/\"},\"wordCount\":449,\"image\":{\"@id\":\"https:\\\/\\\/zonacaral.gob.pe\\\/es\\\/noticias\\\/doctora-ruth-shady-participara-en-conversatorio-por-el-dia-de-la-mujer-en-la-ciencia\\\/#primaryimage\"},\"thumbnailUrl\":\"https:\\\/\\\/zonacaral.gob.pe\\\/wp-content\\\/uploads\\\/2025\\\/02\\\/Dra.png\",\"keywords\":[\"caral\",\"Cultura\"],\"articleSection\":[\"noticias\"],\"inLanguage\":\"en-US\"},{\"@type\":\"WebPage\",\"@id\":\"https:\\\/\\\/zonacaral.gob.pe\\\/es\\\/noticias\\\/doctora-ruth-shady-participara-en-conversatorio-por-el-dia-de-la-mujer-en-la-ciencia\\\/\",\"url\":\"https:\\\/\\\/zonacaral.gob.pe\\\/es\\\/noticias\\\/doctora-ruth-shady-participara-en-conversatorio-por-el-dia-de-la-mujer-en-la-ciencia\\\/\",\"name\":\"Doctora Ruth Shady participar\u00e1 en conversatorio por el d\u00eda de la mujer en la ciencia\",\"isPartOf\":{\"@id\":\"https:\\\/\\\/zonacaral.gob.pe\\\/es\\\/#website\"},\"primaryImageOfPage\":{\"@id\":\"https:\\\/\\\/zonacaral.gob.pe\\\/es\\\/noticias\\\/doctora-ruth-shady-participara-en-conversatorio-por-el-dia-de-la-mujer-en-la-ciencia\\\/#primaryimage\"},\"image\":{\"@id\":\"https:\\\/\\\/zonacaral.gob.pe\\\/es\\\/noticias\\\/doctora-ruth-shady-participara-en-conversatorio-por-el-dia-de-la-mujer-en-la-ciencia\\\/#primaryimage\"},\"thumbnailUrl\":\"https:\\\/\\\/zonacaral.gob.pe\\\/wp-content\\\/uploads\\\/2025\\\/02\\\/Dra.png\",\"datePublished\":\"2025-02-06T22:45:51+00:00\",\"author\":{\"@id\":\"https:\\\/\\\/zonacaral.gob.pe\\\/es\\\/#\\\/schema\\\/person\\\/beddb4d22f71a7230c5b90913270a0ee\"},\"description\":\"En el marco del D\u00eda Internacional de la Mujer y Ni\u00f1a en la Ciencia, la doctora Ruth Shady Sol\u00eds, destacada arque\u00f3loga, antrop\u00f3loga y educadora peruana, directora de la Zona Arqueol\u00f3gica Caral, Unidad Ejecutora 003 del Ministerio de Cultura, en su calidad de Punto Focal Peruano del Programa Mujeres para la Ciencia de la Academia Nacional de Ciencias, integrante de IANAS - Women for Science Program, participar\u00e1 en el conversatorio \u00abLa Civilizaci\u00f3n Caral y su impacto en el desarrollo de ni\u00f1as y j\u00f3venes\u00bb, a realizarse de manera virtual el pr\u00f3ximo martes, 11 de febrero, a las 7:00 p. m.\u00a0\",\"breadcrumb\":{\"@id\":\"https:\\\/\\\/zonacaral.gob.pe\\\/es\\\/noticias\\\/doctora-ruth-shady-participara-en-conversatorio-por-el-dia-de-la-mujer-en-la-ciencia\\\/#breadcrumb\"},\"inLanguage\":\"en-US\",\"potentialAction\":[{\"@type\":\"ReadAction\",\"target\":[\"https:\\\/\\\/zonacaral.gob.pe\\\/es\\\/noticias\\\/doctora-ruth-shady-participara-en-conversatorio-por-el-dia-de-la-mujer-en-la-ciencia\\\/\"]}]},{\"@type\":\"ImageObject\",\"inLanguage\":\"en-US\",\"@id\":\"https:\\\/\\\/zonacaral.gob.pe\\\/es\\\/noticias\\\/doctora-ruth-shady-participara-en-conversatorio-por-el-dia-de-la-mujer-en-la-ciencia\\\/#primaryimage\",\"url\":\"https:\\\/\\\/zonacaral.gob.pe\\\/wp-content\\\/uploads\\\/2025\\\/02\\\/Dra.png\",\"contentUrl\":\"https:\\\/\\\/zonacaral.gob.pe\\\/wp-content\\\/uploads\\\/2025\\\/02\\\/Dra.png\",\"width\":700,\"height\":395},{\"@type\":\"BreadcrumbList\",\"@id\":\"https:\\\/\\\/zonacaral.gob.pe\\\/es\\\/noticias\\\/doctora-ruth-shady-participara-en-conversatorio-por-el-dia-de-la-mujer-en-la-ciencia\\\/#breadcrumb\",\"itemListElement\":[{\"@type\":\"ListItem\",\"position\":1,\"name\":\"Portada\",\"item\":\"https:\\\/\\\/zonacaral.gob.pe\\\/\"},{\"@type\":\"ListItem\",\"position\":2,\"name\":\"Doctora Ruth Shady participar\u00e1 en conversatorio por el d\u00eda de la mujer en la ciencia\"}]},{\"@type\":\"WebSite\",\"@id\":\"https:\\\/\\\/zonacaral.gob.pe\\\/es\\\/#website\",\"url\":\"https:\\\/\\\/zonacaral.gob.pe\\\/es\\\/\",\"name\":\"Zona Caral\",\"description\":\"Investigamos, conservamos y difundimos el patrimonio cultural de la Civilizaci\u00f3n Caral, la m\u00e1s antigua de Am\u00e9rica.\",\"potentialAction\":[{\"@type\":\"SearchAction\",\"target\":{\"@type\":\"EntryPoint\",\"urlTemplate\":\"https:\\\/\\\/zonacaral.gob.pe\\\/es\\\/?s={search_term_string}\"},\"query-input\":{\"@type\":\"PropertyValueSpecification\",\"valueRequired\":true,\"valueName\":\"search_term_string\"}}],\"inLanguage\":\"en-US\"},{\"@type\":\"Person\",\"@id\":\"https:\\\/\\\/zonacaral.gob.pe\\\/es\\\/#\\\/schema\\\/person\\\/beddb4d22f71a7230c5b90913270a0ee\",\"name\":\"Zona Caral Administrador\",\"image\":{\"@type\":\"ImageObject\",\"inLanguage\":\"en-US\",\"@id\":\"https:\\\/\\\/secure.gravatar.com\\\/avatar\\\/e4be162918a696358376de6446614e0f0f4062bdc5d170d6d540ada3d8b58c12?s=96&d=mm&r=g\",\"url\":\"https:\\\/\\\/secure.gravatar.com\\\/avatar\\\/e4be162918a696358376de6446614e0f0f4062bdc5d170d6d540ada3d8b58c12?s=96&d=mm&r=g\",\"contentUrl\":\"https:\\\/\\\/secure.gravatar.com\\\/avatar\\\/e4be162918a696358376de6446614e0f0f4062bdc5d170d6d540ada3d8b58c12?s=96&d=mm&r=g\",\"caption\":\"Zona Caral Administrador\"},\"sameAs\":[\"https:\\\/\\\/zonacaral.gob.pe\"],\"url\":\"https:\\\/\\\/zonacaral.gob.pe\\\/en\\\/noticias\\\/author\\\/ad_zonacaral\\\/\"}]}<\/script>\n<!-- \/ Yoast SEO plugin. -->","yoast_head_json":{"title":"Doctora Ruth Shady participar\u00e1 en conversatorio por el d\u00eda de la mujer en la ciencia","description":"En el marco del D\u00eda Internacional de la Mujer y Ni\u00f1a en la Ciencia, la doctora Ruth Shady Sol\u00eds, destacada arque\u00f3loga, antrop\u00f3loga y educadora peruana, directora de la Zona Arqueol\u00f3gica Caral, Unidad Ejecutora 003 del Ministerio de Cultura, en su calidad de Punto Focal Peruano del Programa Mujeres para la Ciencia de la Academia Nacional de Ciencias, integrante de IANAS - Women for Science Program, participar\u00e1 en el conversatorio \u00abLa Civilizaci\u00f3n Caral y su impacto en el desarrollo de ni\u00f1as y j\u00f3venes\u00bb, a realizarse de manera virtual el pr\u00f3ximo martes, 11 de febrero, a las 7:00 p. m.\u00a0","robots":{"index":"index","follow":"follow","max-snippet":"max-snippet:-1","max-image-preview":"max-image-preview:large","max-video-preview":"max-video-preview:-1"},"canonical":"https:\/\/zonacaral.gob.pe\/en\/noticias\/doctora-ruth-shady-participara-en-conversatorio-por-el-dia-de-la-mujer-en-la-ciencia\/","og_locale":"en_US","og_type":"article","og_title":"Doctora Ruth Shady participar\u00e1 en conversatorio por el d\u00eda de la mujer en la ciencia","og_description":"En el marco del D\u00eda Internacional de la Mujer y Ni\u00f1a en la Ciencia, la doctora Ruth Shady Sol\u00eds, destacada arque\u00f3loga, antrop\u00f3loga y educadora peruana, directora de la Zona Arqueol\u00f3gica Caral, Unidad Ejecutora 003 del Ministerio de Cultura, en su calidad de Punto Focal Peruano del Programa Mujeres para la Ciencia de la Academia Nacional de Ciencias, integrante de IANAS - Women for Science Program, participar\u00e1 en el conversatorio \u00abLa Civilizaci\u00f3n Caral y su impacto en el desarrollo de ni\u00f1as y j\u00f3venes\u00bb, a realizarse de manera virtual el pr\u00f3ximo martes, 11 de febrero, a las 7:00 p. m.\u00a0","og_url":"https:\/\/zonacaral.gob.pe\/en\/noticias\/doctora-ruth-shady-participara-en-conversatorio-por-el-dia-de-la-mujer-en-la-ciencia\/","og_site_name":"Zona Caral","article_published_time":"2025-02-06T22:45:51+00:00","og_image":[{"width":700,"height":395,"url":"https:\/\/zonacaral.gob.pe\/wp-content\/uploads\/2025\/02\/Dra.png","type":"image\/png"}],"author":"Zona Caral Administrador","twitter_card":"summary_large_image","twitter_misc":{"Written by":"Zona Caral Administrador","Est. reading time":"2 minutes"},"schema":{"@context":"https:\/\/schema.org","@graph":[{"@type":"Article","@id":"https:\/\/zonacaral.gob.pe\/es\/noticias\/doctora-ruth-shady-participara-en-conversatorio-por-el-dia-de-la-mujer-en-la-ciencia\/#article","isPartOf":{"@id":"https:\/\/zonacaral.gob.pe\/es\/noticias\/doctora-ruth-shady-participara-en-conversatorio-por-el-dia-de-la-mujer-en-la-ciencia\/"},"author":{"name":"Zona Caral Administrador","@id":"https:\/\/zonacaral.gob.pe\/es\/#\/schema\/person\/beddb4d22f71a7230c5b90913270a0ee"},"headline":"Doctora Ruth Shady participar\u00e1 en conversatorio por el d\u00eda de la mujer en la ciencia","datePublished":"2025-02-06T22:45:51+00:00","mainEntityOfPage":{"@id":"https:\/\/zonacaral.gob.pe\/es\/noticias\/doctora-ruth-shady-participara-en-conversatorio-por-el-dia-de-la-mujer-en-la-ciencia\/"},"wordCount":449,"image":{"@id":"https:\/\/zonacaral.gob.pe\/es\/noticias\/doctora-ruth-shady-participara-en-conversatorio-por-el-dia-de-la-mujer-en-la-ciencia\/#primaryimage"},"thumbnailUrl":"https:\/\/zonacaral.gob.pe\/wp-content\/uploads\/2025\/02\/Dra.png","keywords":["caral","Cultura"],"articleSection":["noticias"],"inLanguage":"en-US"},{"@type":"WebPage","@id":"https:\/\/zonacaral.gob.pe\/es\/noticias\/doctora-ruth-shady-participara-en-conversatorio-por-el-dia-de-la-mujer-en-la-ciencia\/","url":"https:\/\/zonacaral.gob.pe\/es\/noticias\/doctora-ruth-shady-participara-en-conversatorio-por-el-dia-de-la-mujer-en-la-ciencia\/","name":"Doctora Ruth Shady participar\u00e1 en conversatorio por el d\u00eda de la mujer en la ciencia","isPartOf":{"@id":"https:\/\/zonacaral.gob.pe\/es\/#website"},"primaryImageOfPage":{"@id":"https:\/\/zonacaral.gob.pe\/es\/noticias\/doctora-ruth-shady-participara-en-conversatorio-por-el-dia-de-la-mujer-en-la-ciencia\/#primaryimage"},"image":{"@id":"https:\/\/zonacaral.gob.pe\/es\/noticias\/doctora-ruth-shady-participara-en-conversatorio-por-el-dia-de-la-mujer-en-la-ciencia\/#primaryimage"},"thumbnailUrl":"https:\/\/zonacaral.gob.pe\/wp-content\/uploads\/2025\/02\/Dra.png","datePublished":"2025-02-06T22:45:51+00:00","author":{"@id":"https:\/\/zonacaral.gob.pe\/es\/#\/schema\/person\/beddb4d22f71a7230c5b90913270a0ee"},"description":"En el marco del D\u00eda Internacional de la Mujer y Ni\u00f1a en la Ciencia, la doctora Ruth Shady Sol\u00eds, destacada arque\u00f3loga, antrop\u00f3loga y educadora peruana, directora de la Zona Arqueol\u00f3gica Caral, Unidad Ejecutora 003 del Ministerio de Cultura, en su calidad de Punto Focal Peruano del Programa Mujeres para la Ciencia de la Academia Nacional de Ciencias, integrante de IANAS - Women for Science Program, participar\u00e1 en el conversatorio \u00abLa Civilizaci\u00f3n Caral y su impacto en el desarrollo de ni\u00f1as y j\u00f3venes\u00bb, a realizarse de manera virtual el pr\u00f3ximo martes, 11 de febrero, a las 7:00 p. m.\u00a0","breadcrumb":{"@id":"https:\/\/zonacaral.gob.pe\/es\/noticias\/doctora-ruth-shady-participara-en-conversatorio-por-el-dia-de-la-mujer-en-la-ciencia\/#breadcrumb"},"inLanguage":"en-US","potentialAction":[{"@type":"ReadAction","target":["https:\/\/zonacaral.gob.pe\/es\/noticias\/doctora-ruth-shady-participara-en-conversatorio-por-el-dia-de-la-mujer-en-la-ciencia\/"]}]},{"@type":"ImageObject","inLanguage":"en-US","@id":"https:\/\/zonacaral.gob.pe\/es\/noticias\/doctora-ruth-shady-participara-en-conversatorio-por-el-dia-de-la-mujer-en-la-ciencia\/#primaryimage","url":"https:\/\/zonacaral.gob.pe\/wp-content\/uploads\/2025\/02\/Dra.png","contentUrl":"https:\/\/zonacaral.gob.pe\/wp-content\/uploads\/2025\/02\/Dra.png","width":700,"height":395},{"@type":"BreadcrumbList","@id":"https:\/\/zonacaral.gob.pe\/es\/noticias\/doctora-ruth-shady-participara-en-conversatorio-por-el-dia-de-la-mujer-en-la-ciencia\/#breadcrumb","itemListElement":[{"@type":"ListItem","position":1,"name":"Portada","item":"https:\/\/zonacaral.gob.pe\/"},{"@type":"ListItem","position":2,"name":"Doctora Ruth Shady participar\u00e1 en conversatorio por el d\u00eda de la mujer en la ciencia"}]},{"@type":"WebSite","@id":"https:\/\/zonacaral.gob.pe\/es\/#website","url":"https:\/\/zonacaral.gob.pe\/es\/","name":"Zona Caral","description":"Investigamos, conservamos y difundimos el patrimonio cultural de la Civilizaci\u00f3n Caral, la m\u00e1s antigua de Am\u00e9rica.","potentialAction":[{"@type":"SearchAction","target":{"@type":"EntryPoint","urlTemplate":"https:\/\/zonacaral.gob.pe\/es\/?s={search_term_string}"},"query-input":{"@type":"PropertyValueSpecification","valueRequired":true,"valueName":"search_term_string"}}],"inLanguage":"en-US"},{"@type":"Person","@id":"https:\/\/zonacaral.gob.pe\/es\/#\/schema\/person\/beddb4d22f71a7230c5b90913270a0ee","name":"Zona Caral Administrador","image":{"@type":"ImageObject","inLanguage":"en-US","@id":"https:\/\/secure.gravatar.com\/avatar\/e4be162918a696358376de6446614e0f0f4062bdc5d170d6d540ada3d8b58c12?s=96&d=mm&r=g","url":"https:\/\/secure.gravatar.com\/avatar\/e4be162918a696358376de6446614e0f0f4062bdc5d170d6d540ada3d8b58c12?s=96&d=mm&r=g","contentUrl":"https:\/\/secure.gravatar.com\/avatar\/e4be162918a696358376de6446614e0f0f4062bdc5d170d6d540ada3d8b58c12?s=96&d=mm&r=g","caption":"Zona Caral Administrador"},"sameAs":["https:\/\/zonacaral.gob.pe"],"url":"https:\/\/zonacaral.gob.pe\/en\/noticias\/author\/ad_zonacaral\/"}]}},"_links":{"self":[{"href":"https:\/\/zonacaral.gob.pe\/en\/wp-json\/wp\/v2\/posts\/18113","targetHints":{"allow":["GET"]}}],"collection":[{"href":"https:\/\/zonacaral.gob.pe\/en\/wp-json\/wp\/v2\/posts"}],"about":[{"href":"https:\/\/zonacaral.gob.pe\/en\/wp-json\/wp\/v2\/types\/post"}],"author":[{"embeddable":true,"href":"https:\/\/zonacaral.gob.pe\/en\/wp-json\/wp\/v2\/users\/1"}],"replies":[{"embeddable":true,"href":"https:\/\/zonacaral.gob.pe\/en\/wp-json\/wp\/v2\/comments?post=18113"}],"version-history":[{"count":0,"href":"https:\/\/zonacaral.gob.pe\/en\/wp-json\/wp\/v2\/posts\/18113\/revisions"}],"wp:featuredmedia":[{"embeddable":true,"href":"https:\/\/zonacaral.gob.pe\/en\/wp-json\/wp\/v2\/media\/18124"}],"wp:attachment":[{"href":"https:\/\/zonacaral.gob.pe\/en\/wp-json\/wp\/v2\/media?parent=18113"}],"wp:term":[{"taxonomy":"category","embeddable":true,"href":"https:\/\/zonacaral.gob.pe\/en\/wp-json\/wp\/v2\/categories?post=18113"},{"taxonomy":"post_tag","embeddable":true,"href":"https:\/\/zonacaral.gob.pe\/en\/wp-json\/wp\/v2\/tags?post=18113"}],"curies":[{"name":"wp","href":"https:\/\/api.w.org\/{rel}","templated":true}]}}