{"id":18126,"date":"2025-02-11T17:21:28","date_gmt":"2025-02-11T22:21:28","guid":{"rendered":"https:\/\/www.zonacaral.gob.pe\/?p=18126"},"modified":"2025-02-11T17:21:28","modified_gmt":"2025-02-11T22:21:28","slug":"llevamos-un-pedacito-de-caral-a-la-asociacion-lomas-de-ancon","status":"publish","type":"post","link":"https:\/\/zonacaral.gob.pe\/en\/noticias\/llevamos-un-pedacito-de-caral-a-la-asociacion-lomas-de-ancon\/","title":{"rendered":"Llevamos un pedacito de Caral a la Asociaci\u00f3n Lomas de Anc\u00f3n"},"content":{"rendered":"<figure class=\"pic-autor\" style=\"color: #4d4d4d; text-align: justify;\"><\/figure>\n<div class=\"gmail_default\" style=\"text-align: justify;\">\n<blockquote>\n<p><em><span style=\"font-weight: 400;\">Transmitimos la historia social de la primera civilizaci\u00f3n de Am\u00e9rica.<\/span><\/em><\/p>\n<\/blockquote>\n<div>\n<p><span style=\"font-weight: 400;\">En el marco de las actividades de promoci\u00f3n del patrimonio cultural de la Civilizaci\u00f3n Cara, del programa \u201cCaral para Todos\u201d de la <\/span><a href=\"https:\/\/www.instagram.com\/caralperu\/\"><span style=\"font-weight: 400;\">Zona Arqueol\u00f3gica Caral<\/span><\/a><span style=\"font-weight: 400;\">, Unidad Ejecutora 003 del Ministerio de Cultura, el pasado viernes 7 de febrero realizamos un taller especial, did\u00e1ctico y entretenido, con los vecinos de la Asociaci\u00f3n Popular Lomas de Anc\u00f3n. En este evento participaron ni\u00f1os, j\u00f3venes y adultos.<\/span><\/p>\n<p><span style=\"font-weight: 400;\">Esta actividad gratuita consisti\u00f3 en que cada participante descubra y conozca la historia del desarrollo de la primera civilizaci\u00f3n de Am\u00e9rica, a trav\u00e9s de la elaboraci\u00f3n del \u201cOjo de Dios\u201d de Caral, objeto que fue usado, hace cinco mil a\u00f1os, como un s\u00edmbolo de poder e integraci\u00f3n.<\/span><\/p>\n<p><span style=\"font-weight: 400;\">Desde las diez de la ma\u00f1ana los pobladores de esta asociaci\u00f3n hicieron un alto a sus labores para participar de este productivo taller. Adem\u00e1s, es la primera vez que una entidad p\u00fablica llega para desarrollar una actividad como esta.<\/span><\/p>\n<p><span style=\"font-weight: 400;\">Demostrando su habilidad y destreza, los ni\u00f1os y adultos comprendieron la t\u00e9cnica milenaria de elaboraci\u00f3n del \u00abOjo de Dios\u201d. Estas piezas arqueol\u00f3gicas fueron elaboradas con fibras de algod\u00f3n de colores y palitos de carrizo o sauce, dispuestos en forma de cruz.<\/span><\/p>\n<p><span style=\"font-weight: 400;\">En las investigaciones arqueol\u00f3gicas, lideradas por la doctora Ruth Shady, directora de la Zona Arqueol\u00f3gica Caral, se hall\u00f3 una ofrenda compuesta por ocho objetos, denominados \u201cOjos de Dios\u201d; adem\u00e1s de plumas de guacamayo, algod\u00f3n y cuentas de spondylus y crisocola.<\/span><\/p>\n<p><span style=\"font-weight: 400;\">Hallazgos que evidencian la interacci\u00f3n e intercambio que hubo, hace miles a\u00f1os, entre los pueblos del litoral, la sierra y la Amazon\u00eda; as\u00ed como tambi\u00e9n con aquellos de la costa ecuatorial, en condiciones de paz para beneficio compartido.<\/span><\/p>\n<p><b>DATO<\/b><\/p>\n<p><span style=\"font-weight: 400;\">El programa \u201cCaral Para Todos\u201d se lleva a cabo con la finalidad de transmitir la historia social recuperada sobre el desarrollo de la Civilizaci\u00f3n Caral, para as\u00ed lograr que m\u00e1s personas, sobre todo de bajos recursos, tambi\u00e9n tengan acceso y conozcan su patrimonio cultural y mundial.<\/span><\/p>\n<\/div>\n<p><strong style=\"font-size: inherit; text-align: justify;\">Fuente: Comunicaci\u00f3n e Imagen Institucional ZAC<\/strong><\/p>\n<\/div>\n<div style=\"color: #1f1f1f;\">\n<div style=\"color: #1f1f1f;\">\n<p style=\"text-align: justify;\">Fecha de publicaci\u00f3n: 06\/02\/2025<\/p>\n<\/div>\n<\/div>\n\n\n<p><\/p>","protected":false},"excerpt":{"rendered":"<p>Transmitimos la historia social de la primera civilizaci\u00f3n de Am\u00e9rica. En el marco de las actividades de promoci\u00f3n del patrimonio [&hellip;]<\/p>\n","protected":false},"author":1,"featured_media":18127,"comment_status":"closed","ping_status":"open","sticky":false,"template":"","format":"standard","meta":{"_acf_changed":false,"site-sidebar-layout":"default","site-content-layout":"","ast-site-content-layout":"default","site-content-style":"default","site-sidebar-style":"default","ast-global-header-display":"","ast-banner-title-visibility":"","ast-main-header-display":"","ast-hfb-above-header-display":"","ast-hfb-below-header-display":"","ast-hfb-mobile-header-display":"","site-post-title":"","ast-breadcrumbs-content":"","ast-featured-img":"","footer-sml-layout":"","ast-disable-related-posts":"","theme-transparent-header-meta":"","adv-header-id-meta":"","stick-header-meta":"","header-above-stick-meta":"","header-main-stick-meta":"","header-below-stick-meta":"","astra-migrate-meta-layouts":"default","ast-page-background-enabled":"default","ast-page-background-meta":{"desktop":{"background-color":"var(--ast-global-color-5)","background-image":"","background-repeat":"repeat","background-position":"center center","background-size":"auto","background-attachment":"scroll","background-type":"","background-media":"","overlay-type":"","overlay-color":"","overlay-opacity":"","overlay-gradient":""},"tablet":{"background-color":"","background-image":"","background-repeat":"repeat","background-position":"center center","background-size":"auto","background-attachment":"scroll","background-type":"","background-media":"","overlay-type":"","overlay-color":"","overlay-opacity":"","overlay-gradient":""},"mobile":{"background-color":"","background-image":"","background-repeat":"repeat","background-position":"center center","background-size":"auto","background-attachment":"scroll","background-type":"","background-media":"","overlay-type":"","overlay-color":"","overlay-opacity":"","overlay-gradient":""}},"ast-content-background-meta":{"desktop":{"background-color":"var(--ast-global-color-4)","background-image":"","background-repeat":"repeat","background-position":"center center","background-size":"auto","background-attachment":"scroll","background-type":"","background-media":"","overlay-type":"","overlay-color":"","overlay-opacity":"","overlay-gradient":""},"tablet":{"background-color":"var(--ast-global-color-4)","background-image":"","background-repeat":"repeat","background-position":"center center","background-size":"auto","background-attachment":"scroll","background-type":"","background-media":"","overlay-type":"","overlay-color":"","overlay-opacity":"","overlay-gradient":""},"mobile":{"background-color":"var(--ast-global-color-4)","background-image":"","background-repeat":"repeat","background-position":"center center","background-size":"auto","background-attachment":"scroll","background-type":"","background-media":"","overlay-type":"","overlay-color":"","overlay-opacity":"","overlay-gradient":""}},"footnotes":""},"categories":[208],"tags":[55,72],"class_list":["post-18126","post","type-post","status-publish","format-standard","has-post-thumbnail","hentry","category-noticias","tag-caral","tag-cultura"],"acf":[],"yoast_head":"<!-- This site is optimized with the Yoast SEO plugin v27.3 - https:\/\/yoast.com\/product\/yoast-seo-wordpress\/ -->\n<title>Llevamos un pedacito de Caral a la Asociaci\u00f3n Lomas de Anc\u00f3n<\/title>\n<meta name=\"description\" content=\"En el marco de las actividades de promoci\u00f3n del patrimonio cultural de la Civilizaci\u00f3n Cara, del programa \u201cCaral para Todos\u201d de la Zona Arqueol\u00f3gica Caral, Unidad Ejecutora 003 del Ministerio de Cultura, el pasado viernes 7 de febrero realizamos un taller especial, did\u00e1ctico y entretenido, con los vecinos de la Asociaci\u00f3n Popular Lomas de Anc\u00f3n. En este evento participaron ni\u00f1os, j\u00f3venes y adultos.\" \/>\n<meta name=\"robots\" content=\"index, follow, max-snippet:-1, max-image-preview:large, max-video-preview:-1\" \/>\n<link rel=\"canonical\" href=\"https:\/\/zonacaral.gob.pe\/en\/noticias\/llevamos-un-pedacito-de-caral-a-la-asociacion-lomas-de-ancon\/\" \/>\n<meta property=\"og:locale\" content=\"en_US\" \/>\n<meta property=\"og:type\" content=\"article\" \/>\n<meta property=\"og:title\" content=\"Llevamos un pedacito de Caral a la Asociaci\u00f3n Lomas de Anc\u00f3n\" \/>\n<meta property=\"og:description\" content=\"En el marco de las actividades de promoci\u00f3n del patrimonio cultural de la Civilizaci\u00f3n Cara, del programa \u201cCaral para Todos\u201d de la Zona Arqueol\u00f3gica Caral, Unidad Ejecutora 003 del Ministerio de Cultura, el pasado viernes 7 de febrero realizamos un taller especial, did\u00e1ctico y entretenido, con los vecinos de la Asociaci\u00f3n Popular Lomas de Anc\u00f3n. En este evento participaron ni\u00f1os, j\u00f3venes y adultos.\" \/>\n<meta property=\"og:url\" content=\"https:\/\/zonacaral.gob.pe\/en\/noticias\/llevamos-un-pedacito-de-caral-a-la-asociacion-lomas-de-ancon\/\" \/>\n<meta property=\"og:site_name\" content=\"Zona Caral\" \/>\n<meta property=\"article:published_time\" content=\"2025-02-11T22:21:28+00:00\" \/>\n<meta property=\"og:image\" content=\"https:\/\/zonacaral.gob.pe\/wp-content\/uploads\/2025\/02\/ancon-1.jpg\" \/>\n\t<meta property=\"og:image:width\" content=\"1920\" \/>\n\t<meta property=\"og:image:height\" content=\"1080\" \/>\n\t<meta property=\"og:image:type\" content=\"image\/jpeg\" \/>\n<meta name=\"author\" content=\"Zona Caral Administrador\" \/>\n<meta name=\"twitter:card\" content=\"summary_large_image\" \/>\n<meta name=\"twitter:label1\" content=\"Written by\" \/>\n\t<meta name=\"twitter:data1\" content=\"Zona Caral Administrador\" \/>\n\t<meta name=\"twitter:label2\" content=\"Est. reading time\" \/>\n\t<meta name=\"twitter:data2\" content=\"2 minutes\" \/>\n<script type=\"application\/ld+json\" class=\"yoast-schema-graph\">{\"@context\":\"https:\\\/\\\/schema.org\",\"@graph\":[{\"@type\":\"Article\",\"@id\":\"https:\\\/\\\/zonacaral.gob.pe\\\/es\\\/noticias\\\/llevamos-un-pedacito-de-caral-a-la-asociacion-lomas-de-ancon\\\/#article\",\"isPartOf\":{\"@id\":\"https:\\\/\\\/zonacaral.gob.pe\\\/es\\\/noticias\\\/llevamos-un-pedacito-de-caral-a-la-asociacion-lomas-de-ancon\\\/\"},\"author\":{\"name\":\"Zona Caral Administrador\",\"@id\":\"https:\\\/\\\/zonacaral.gob.pe\\\/es\\\/#\\\/schema\\\/person\\\/beddb4d22f71a7230c5b90913270a0ee\"},\"headline\":\"Llevamos un pedacito de Caral a la Asociaci\u00f3n Lomas de Anc\u00f3n\",\"datePublished\":\"2025-02-11T22:21:28+00:00\",\"mainEntityOfPage\":{\"@id\":\"https:\\\/\\\/zonacaral.gob.pe\\\/es\\\/noticias\\\/llevamos-un-pedacito-de-caral-a-la-asociacion-lomas-de-ancon\\\/\"},\"wordCount\":384,\"image\":{\"@id\":\"https:\\\/\\\/zonacaral.gob.pe\\\/es\\\/noticias\\\/llevamos-un-pedacito-de-caral-a-la-asociacion-lomas-de-ancon\\\/#primaryimage\"},\"thumbnailUrl\":\"https:\\\/\\\/zonacaral.gob.pe\\\/wp-content\\\/uploads\\\/2025\\\/02\\\/ancon-1.jpg\",\"keywords\":[\"caral\",\"Cultura\"],\"articleSection\":[\"noticias\"],\"inLanguage\":\"en-US\"},{\"@type\":\"WebPage\",\"@id\":\"https:\\\/\\\/zonacaral.gob.pe\\\/es\\\/noticias\\\/llevamos-un-pedacito-de-caral-a-la-asociacion-lomas-de-ancon\\\/\",\"url\":\"https:\\\/\\\/zonacaral.gob.pe\\\/es\\\/noticias\\\/llevamos-un-pedacito-de-caral-a-la-asociacion-lomas-de-ancon\\\/\",\"name\":\"Llevamos un pedacito de Caral a la Asociaci\u00f3n Lomas de Anc\u00f3n\",\"isPartOf\":{\"@id\":\"https:\\\/\\\/zonacaral.gob.pe\\\/es\\\/#website\"},\"primaryImageOfPage\":{\"@id\":\"https:\\\/\\\/zonacaral.gob.pe\\\/es\\\/noticias\\\/llevamos-un-pedacito-de-caral-a-la-asociacion-lomas-de-ancon\\\/#primaryimage\"},\"image\":{\"@id\":\"https:\\\/\\\/zonacaral.gob.pe\\\/es\\\/noticias\\\/llevamos-un-pedacito-de-caral-a-la-asociacion-lomas-de-ancon\\\/#primaryimage\"},\"thumbnailUrl\":\"https:\\\/\\\/zonacaral.gob.pe\\\/wp-content\\\/uploads\\\/2025\\\/02\\\/ancon-1.jpg\",\"datePublished\":\"2025-02-11T22:21:28+00:00\",\"author\":{\"@id\":\"https:\\\/\\\/zonacaral.gob.pe\\\/es\\\/#\\\/schema\\\/person\\\/beddb4d22f71a7230c5b90913270a0ee\"},\"description\":\"En el marco de las actividades de promoci\u00f3n del patrimonio cultural de la Civilizaci\u00f3n Cara, del programa \u201cCaral para Todos\u201d de la Zona Arqueol\u00f3gica Caral, Unidad Ejecutora 003 del Ministerio de Cultura, el pasado viernes 7 de febrero realizamos un taller especial, did\u00e1ctico y entretenido, con los vecinos de la Asociaci\u00f3n Popular Lomas de Anc\u00f3n. En este evento participaron ni\u00f1os, j\u00f3venes y adultos.\",\"breadcrumb\":{\"@id\":\"https:\\\/\\\/zonacaral.gob.pe\\\/es\\\/noticias\\\/llevamos-un-pedacito-de-caral-a-la-asociacion-lomas-de-ancon\\\/#breadcrumb\"},\"inLanguage\":\"en-US\",\"potentialAction\":[{\"@type\":\"ReadAction\",\"target\":[\"https:\\\/\\\/zonacaral.gob.pe\\\/es\\\/noticias\\\/llevamos-un-pedacito-de-caral-a-la-asociacion-lomas-de-ancon\\\/\"]}]},{\"@type\":\"ImageObject\",\"inLanguage\":\"en-US\",\"@id\":\"https:\\\/\\\/zonacaral.gob.pe\\\/es\\\/noticias\\\/llevamos-un-pedacito-de-caral-a-la-asociacion-lomas-de-ancon\\\/#primaryimage\",\"url\":\"https:\\\/\\\/zonacaral.gob.pe\\\/wp-content\\\/uploads\\\/2025\\\/02\\\/ancon-1.jpg\",\"contentUrl\":\"https:\\\/\\\/zonacaral.gob.pe\\\/wp-content\\\/uploads\\\/2025\\\/02\\\/ancon-1.jpg\",\"width\":1920,\"height\":1080},{\"@type\":\"BreadcrumbList\",\"@id\":\"https:\\\/\\\/zonacaral.gob.pe\\\/es\\\/noticias\\\/llevamos-un-pedacito-de-caral-a-la-asociacion-lomas-de-ancon\\\/#breadcrumb\",\"itemListElement\":[{\"@type\":\"ListItem\",\"position\":1,\"name\":\"Portada\",\"item\":\"https:\\\/\\\/zonacaral.gob.pe\\\/\"},{\"@type\":\"ListItem\",\"position\":2,\"name\":\"Llevamos un pedacito de Caral a la Asociaci\u00f3n Lomas de Anc\u00f3n\"}]},{\"@type\":\"WebSite\",\"@id\":\"https:\\\/\\\/zonacaral.gob.pe\\\/es\\\/#website\",\"url\":\"https:\\\/\\\/zonacaral.gob.pe\\\/es\\\/\",\"name\":\"Zona Caral\",\"description\":\"Investigamos, conservamos y difundimos el patrimonio cultural de la Civilizaci\u00f3n Caral, la m\u00e1s antigua de Am\u00e9rica.\",\"potentialAction\":[{\"@type\":\"SearchAction\",\"target\":{\"@type\":\"EntryPoint\",\"urlTemplate\":\"https:\\\/\\\/zonacaral.gob.pe\\\/es\\\/?s={search_term_string}\"},\"query-input\":{\"@type\":\"PropertyValueSpecification\",\"valueRequired\":true,\"valueName\":\"search_term_string\"}}],\"inLanguage\":\"en-US\"},{\"@type\":\"Person\",\"@id\":\"https:\\\/\\\/zonacaral.gob.pe\\\/es\\\/#\\\/schema\\\/person\\\/beddb4d22f71a7230c5b90913270a0ee\",\"name\":\"Zona Caral Administrador\",\"image\":{\"@type\":\"ImageObject\",\"inLanguage\":\"en-US\",\"@id\":\"https:\\\/\\\/secure.gravatar.com\\\/avatar\\\/e4be162918a696358376de6446614e0f0f4062bdc5d170d6d540ada3d8b58c12?s=96&d=mm&r=g\",\"url\":\"https:\\\/\\\/secure.gravatar.com\\\/avatar\\\/e4be162918a696358376de6446614e0f0f4062bdc5d170d6d540ada3d8b58c12?s=96&d=mm&r=g\",\"contentUrl\":\"https:\\\/\\\/secure.gravatar.com\\\/avatar\\\/e4be162918a696358376de6446614e0f0f4062bdc5d170d6d540ada3d8b58c12?s=96&d=mm&r=g\",\"caption\":\"Zona Caral Administrador\"},\"sameAs\":[\"https:\\\/\\\/zonacaral.gob.pe\"],\"url\":\"https:\\\/\\\/zonacaral.gob.pe\\\/en\\\/noticias\\\/author\\\/ad_zonacaral\\\/\"}]}<\/script>\n<!-- \/ Yoast SEO plugin. -->","yoast_head_json":{"title":"Llevamos un pedacito de Caral a la Asociaci\u00f3n Lomas de Anc\u00f3n","description":"En el marco de las actividades de promoci\u00f3n del patrimonio cultural de la Civilizaci\u00f3n Cara, del programa \u201cCaral para Todos\u201d de la Zona Arqueol\u00f3gica Caral, Unidad Ejecutora 003 del Ministerio de Cultura, el pasado viernes 7 de febrero realizamos un taller especial, did\u00e1ctico y entretenido, con los vecinos de la Asociaci\u00f3n Popular Lomas de Anc\u00f3n. En este evento participaron ni\u00f1os, j\u00f3venes y adultos.","robots":{"index":"index","follow":"follow","max-snippet":"max-snippet:-1","max-image-preview":"max-image-preview:large","max-video-preview":"max-video-preview:-1"},"canonical":"https:\/\/zonacaral.gob.pe\/en\/noticias\/llevamos-un-pedacito-de-caral-a-la-asociacion-lomas-de-ancon\/","og_locale":"en_US","og_type":"article","og_title":"Llevamos un pedacito de Caral a la Asociaci\u00f3n Lomas de Anc\u00f3n","og_description":"En el marco de las actividades de promoci\u00f3n del patrimonio cultural de la Civilizaci\u00f3n Cara, del programa \u201cCaral para Todos\u201d de la Zona Arqueol\u00f3gica Caral, Unidad Ejecutora 003 del Ministerio de Cultura, el pasado viernes 7 de febrero realizamos un taller especial, did\u00e1ctico y entretenido, con los vecinos de la Asociaci\u00f3n Popular Lomas de Anc\u00f3n. En este evento participaron ni\u00f1os, j\u00f3venes y adultos.","og_url":"https:\/\/zonacaral.gob.pe\/en\/noticias\/llevamos-un-pedacito-de-caral-a-la-asociacion-lomas-de-ancon\/","og_site_name":"Zona Caral","article_published_time":"2025-02-11T22:21:28+00:00","og_image":[{"width":1920,"height":1080,"url":"https:\/\/zonacaral.gob.pe\/wp-content\/uploads\/2025\/02\/ancon-1.jpg","type":"image\/jpeg"}],"author":"Zona Caral Administrador","twitter_card":"summary_large_image","twitter_misc":{"Written by":"Zona Caral Administrador","Est. reading time":"2 minutes"},"schema":{"@context":"https:\/\/schema.org","@graph":[{"@type":"Article","@id":"https:\/\/zonacaral.gob.pe\/es\/noticias\/llevamos-un-pedacito-de-caral-a-la-asociacion-lomas-de-ancon\/#article","isPartOf":{"@id":"https:\/\/zonacaral.gob.pe\/es\/noticias\/llevamos-un-pedacito-de-caral-a-la-asociacion-lomas-de-ancon\/"},"author":{"name":"Zona Caral Administrador","@id":"https:\/\/zonacaral.gob.pe\/es\/#\/schema\/person\/beddb4d22f71a7230c5b90913270a0ee"},"headline":"Llevamos un pedacito de Caral a la Asociaci\u00f3n Lomas de Anc\u00f3n","datePublished":"2025-02-11T22:21:28+00:00","mainEntityOfPage":{"@id":"https:\/\/zonacaral.gob.pe\/es\/noticias\/llevamos-un-pedacito-de-caral-a-la-asociacion-lomas-de-ancon\/"},"wordCount":384,"image":{"@id":"https:\/\/zonacaral.gob.pe\/es\/noticias\/llevamos-un-pedacito-de-caral-a-la-asociacion-lomas-de-ancon\/#primaryimage"},"thumbnailUrl":"https:\/\/zonacaral.gob.pe\/wp-content\/uploads\/2025\/02\/ancon-1.jpg","keywords":["caral","Cultura"],"articleSection":["noticias"],"inLanguage":"en-US"},{"@type":"WebPage","@id":"https:\/\/zonacaral.gob.pe\/es\/noticias\/llevamos-un-pedacito-de-caral-a-la-asociacion-lomas-de-ancon\/","url":"https:\/\/zonacaral.gob.pe\/es\/noticias\/llevamos-un-pedacito-de-caral-a-la-asociacion-lomas-de-ancon\/","name":"Llevamos un pedacito de Caral a la Asociaci\u00f3n Lomas de Anc\u00f3n","isPartOf":{"@id":"https:\/\/zonacaral.gob.pe\/es\/#website"},"primaryImageOfPage":{"@id":"https:\/\/zonacaral.gob.pe\/es\/noticias\/llevamos-un-pedacito-de-caral-a-la-asociacion-lomas-de-ancon\/#primaryimage"},"image":{"@id":"https:\/\/zonacaral.gob.pe\/es\/noticias\/llevamos-un-pedacito-de-caral-a-la-asociacion-lomas-de-ancon\/#primaryimage"},"thumbnailUrl":"https:\/\/zonacaral.gob.pe\/wp-content\/uploads\/2025\/02\/ancon-1.jpg","datePublished":"2025-02-11T22:21:28+00:00","author":{"@id":"https:\/\/zonacaral.gob.pe\/es\/#\/schema\/person\/beddb4d22f71a7230c5b90913270a0ee"},"description":"En el marco de las actividades de promoci\u00f3n del patrimonio cultural de la Civilizaci\u00f3n Cara, del programa \u201cCaral para Todos\u201d de la Zona Arqueol\u00f3gica Caral, Unidad Ejecutora 003 del Ministerio de Cultura, el pasado viernes 7 de febrero realizamos un taller especial, did\u00e1ctico y entretenido, con los vecinos de la Asociaci\u00f3n Popular Lomas de Anc\u00f3n. En este evento participaron ni\u00f1os, j\u00f3venes y adultos.","breadcrumb":{"@id":"https:\/\/zonacaral.gob.pe\/es\/noticias\/llevamos-un-pedacito-de-caral-a-la-asociacion-lomas-de-ancon\/#breadcrumb"},"inLanguage":"en-US","potentialAction":[{"@type":"ReadAction","target":["https:\/\/zonacaral.gob.pe\/es\/noticias\/llevamos-un-pedacito-de-caral-a-la-asociacion-lomas-de-ancon\/"]}]},{"@type":"ImageObject","inLanguage":"en-US","@id":"https:\/\/zonacaral.gob.pe\/es\/noticias\/llevamos-un-pedacito-de-caral-a-la-asociacion-lomas-de-ancon\/#primaryimage","url":"https:\/\/zonacaral.gob.pe\/wp-content\/uploads\/2025\/02\/ancon-1.jpg","contentUrl":"https:\/\/zonacaral.gob.pe\/wp-content\/uploads\/2025\/02\/ancon-1.jpg","width":1920,"height":1080},{"@type":"BreadcrumbList","@id":"https:\/\/zonacaral.gob.pe\/es\/noticias\/llevamos-un-pedacito-de-caral-a-la-asociacion-lomas-de-ancon\/#breadcrumb","itemListElement":[{"@type":"ListItem","position":1,"name":"Portada","item":"https:\/\/zonacaral.gob.pe\/"},{"@type":"ListItem","position":2,"name":"Llevamos un pedacito de Caral a la Asociaci\u00f3n Lomas de Anc\u00f3n"}]},{"@type":"WebSite","@id":"https:\/\/zonacaral.gob.pe\/es\/#website","url":"https:\/\/zonacaral.gob.pe\/es\/","name":"Zona Caral","description":"Investigamos, conservamos y difundimos el patrimonio cultural de la Civilizaci\u00f3n Caral, la m\u00e1s antigua de Am\u00e9rica.","potentialAction":[{"@type":"SearchAction","target":{"@type":"EntryPoint","urlTemplate":"https:\/\/zonacaral.gob.pe\/es\/?s={search_term_string}"},"query-input":{"@type":"PropertyValueSpecification","valueRequired":true,"valueName":"search_term_string"}}],"inLanguage":"en-US"},{"@type":"Person","@id":"https:\/\/zonacaral.gob.pe\/es\/#\/schema\/person\/beddb4d22f71a7230c5b90913270a0ee","name":"Zona Caral Administrador","image":{"@type":"ImageObject","inLanguage":"en-US","@id":"https:\/\/secure.gravatar.com\/avatar\/e4be162918a696358376de6446614e0f0f4062bdc5d170d6d540ada3d8b58c12?s=96&d=mm&r=g","url":"https:\/\/secure.gravatar.com\/avatar\/e4be162918a696358376de6446614e0f0f4062bdc5d170d6d540ada3d8b58c12?s=96&d=mm&r=g","contentUrl":"https:\/\/secure.gravatar.com\/avatar\/e4be162918a696358376de6446614e0f0f4062bdc5d170d6d540ada3d8b58c12?s=96&d=mm&r=g","caption":"Zona Caral Administrador"},"sameAs":["https:\/\/zonacaral.gob.pe"],"url":"https:\/\/zonacaral.gob.pe\/en\/noticias\/author\/ad_zonacaral\/"}]}},"_links":{"self":[{"href":"https:\/\/zonacaral.gob.pe\/en\/wp-json\/wp\/v2\/posts\/18126","targetHints":{"allow":["GET"]}}],"collection":[{"href":"https:\/\/zonacaral.gob.pe\/en\/wp-json\/wp\/v2\/posts"}],"about":[{"href":"https:\/\/zonacaral.gob.pe\/en\/wp-json\/wp\/v2\/types\/post"}],"author":[{"embeddable":true,"href":"https:\/\/zonacaral.gob.pe\/en\/wp-json\/wp\/v2\/users\/1"}],"replies":[{"embeddable":true,"href":"https:\/\/zonacaral.gob.pe\/en\/wp-json\/wp\/v2\/comments?post=18126"}],"version-history":[{"count":0,"href":"https:\/\/zonacaral.gob.pe\/en\/wp-json\/wp\/v2\/posts\/18126\/revisions"}],"wp:featuredmedia":[{"embeddable":true,"href":"https:\/\/zonacaral.gob.pe\/en\/wp-json\/wp\/v2\/media\/18127"}],"wp:attachment":[{"href":"https:\/\/zonacaral.gob.pe\/en\/wp-json\/wp\/v2\/media?parent=18126"}],"wp:term":[{"taxonomy":"category","embeddable":true,"href":"https:\/\/zonacaral.gob.pe\/en\/wp-json\/wp\/v2\/categories?post=18126"},{"taxonomy":"post_tag","embeddable":true,"href":"https:\/\/zonacaral.gob.pe\/en\/wp-json\/wp\/v2\/tags?post=18126"}],"curies":[{"name":"wp","href":"https:\/\/api.w.org\/{rel}","templated":true}]}}