{"id":18135,"date":"2025-02-14T14:41:27","date_gmt":"2025-02-14T19:41:27","guid":{"rendered":"https:\/\/www.zonacaral.gob.pe\/?p=18135"},"modified":"2025-02-14T14:41:27","modified_gmt":"2025-02-14T19:41:27","slug":"dia-internacional-de-la-mujer-y-nina-en-la-ciencia-tengamos-confianza-en-que-podemos-lograr-lo-que-nos-proponemos","status":"publish","type":"post","link":"https:\/\/zonacaral.gob.pe\/en\/noticias\/dia-internacional-de-la-mujer-y-nina-en-la-ciencia-tengamos-confianza-en-que-podemos-lograr-lo-que-nos-proponemos\/","title":{"rendered":"D\u00eda Internacional de la Mujer y Ni\u00f1a en la Ciencia: \u201cTengamos confianza en que podemos lograr lo que nos proponemos\u201d"},"content":{"rendered":"<figure class=\"pic-autor\" style=\"color: #4d4d4d; text-align: justify;\"><\/figure>\n<div class=\"gmail_default\" style=\"text-align: justify;\">\n<blockquote>\n<p><em><span style=\"font-weight: 400;\">Por m\u00e1s mujeres en la ciencia.<\/span><\/em><\/p>\n<\/blockquote>\n<div>\n<p><span style=\"font-weight: 400;\">La noche del 11 de febrero, en el conversatorio virtual <\/span><b>\u00abLa Civilizaci\u00f3n Caral y su impacto en el desarrollo de ni\u00f1as y j\u00f3venes\u00bb<\/b><span style=\"font-weight: 400;\">, vivimos unos importantes momentos llenos reflexiones y de compromisos realizados por estudiantes y destacadas cient\u00edficas de diversas partes del pa\u00eds, al conmemorarse el D\u00eda Internacional de la Mujer y Ni\u00f1a en la Ciencia.<\/span><\/p>\n<p><span style=\"font-weight: 400;\">En esta actividad, la arque\u00f3loga Ruth Shady Sol\u00eds, destacada directora de la <\/span><a href=\"https:\/\/www.instagram.com\/caralperu\/?hl=es\"><span style=\"font-weight: 400;\">Zona Arqueol\u00f3gica Caral<\/span><\/a><span style=\"font-weight: 400;\">, Unidad Ejecutora 003 del Ministerio de Cultura, en su calidad de Punto Focal Peruano del <\/span><a href=\"https:\/\/www.facebook.com\/MujeresParaLaCienciaPeru?locale=es_LA\"><span style=\"font-weight: 400;\">Programa Mujeres para la Ciencia<\/span><\/a><span style=\"font-weight: 400;\"> de la Academia Nacional de Ciencias, integrante de IANAS, exhort\u00f3 a las participantes a \u201ctener confianza para lograr todo lo que se proponen\u201d.<\/span><\/p>\n<p><span style=\"font-weight: 400;\">\u201cEn este d\u00eda buscamos desaparecer la brecha de g\u00e9nero en el \u00e1mbito de la ciencia y promover que todas tengamos acceso equitativo en el desarrollo profesional. Debemos apoyar a todas las j\u00f3venes y ni\u00f1as para que accedan al desarrollo cognitivo, y decirles no hemos sido ni somos menos. Tenemos la misma capacidad humana para crear y ser cient\u00edficas. Si nos proponemos, nos organizamos, nos planificamos, lo lograremos\u201d, dijo.<\/span><\/p>\n<p><span style=\"font-weight: 400;\">\u201cDebemos tener confianza en que podemos lograr lo que nos propongamos en el desarrollo que nosotros planteemos, en relaci\u00f3n con el nuestro inter\u00e9s con la producci\u00f3n cient\u00edfica\u201d, agreg\u00f3.<\/span><\/p>\n<p><span style=\"font-weight: 400;\">La arque\u00f3loga Shady Sol\u00eds, realiz\u00f3 una ponencia titulada \u201cLa Complementariedad de G\u00e9nero en la Sociedad Andinas del Per\u00fa Prehisp\u00e1nico\u201d, en donde mostr\u00f3 c\u00f3mo las mujeres han ido participando en el desarrollo cultural e hist\u00f3rico del pa\u00eds. Su presentaci\u00f3n culmin\u00f3 con un \u201cmensaje de las sociedades andinas\u201d:\u00a0 Igualdad de oportunidades al g\u00e9nero femenino y masculino, y el desarrollo cognitivo y emocional.<\/span><\/p>\n<p><span style=\"font-weight: 400;\">En la actividad tambi\u00e9n participaron las coordinadoras del Programa Mujeres para la Ciencia: la Dra. Nadia Panduro Tenazoa, investigadora de la Universidad Nacional Intercultural de la Amazon\u00eda (Oriente); la Dra. Cleof\u00e9 Alvites Huaman\u00ed, investigadora de la Universidad C\u00e9sar Vallejo (Centro); y la Dra. \u00c1gueda Mu\u00f1oz Del Carpio Toia, investigadora de la Universidad Cat\u00f3lica de Santa Mar\u00eda (Sur). La Dra. Guicela Cabrejo Paredes, investigadora de la Universidad Cat\u00f3lica de Trujillo (Norte), estuvo a cargo de la moderaci\u00f3n.<\/span><\/p>\n<p><span style=\"font-weight: 400;\">Todas ellas respondieron las preguntas de las j\u00f3venes interesadas en la producci\u00f3n de conocimientos en ciencia y tecnolog\u00eda, en la actualidad. Y conocer, tambi\u00e9n los valores de la Civilizaci\u00f3n Caral.<\/span><\/p>\n<p><b>Dato<\/b><\/p>\n<p><span style=\"font-weight: 400;\">El D\u00eda Internacional de la Mujer y la Ni\u00f1a en la Ciencia, celebrado cada 11 de febrero, fue proclamado por la Asamblea General de las Naciones Unidas en 2015. Este d\u00eda busca visibilizar la brecha de g\u00e9nero en el \u00e1mbito de la ciencia y promover el acceso equitativo a la educaci\u00f3n y el desarrollo profesional. En 2025 se conmemora el d\u00e9cimo aniversario de este D\u00eda Internacional.<\/span><\/p>\n<\/div>\n<p><strong style=\"font-size: inherit; text-align: justify;\">Fuente: Comunicaci\u00f3n e Imagen Institucional ZAC<\/strong><\/p>\n<\/div>\n<div style=\"color: #1f1f1f;\">\n<div style=\"color: #1f1f1f;\">\n<p style=\"text-align: justify;\">Fecha de publicaci\u00f3n: 14\/02\/2025<\/p>\n<\/div>\n<\/div>\n\n\n<p><\/p>","protected":false},"excerpt":{"rendered":"<p>Por m\u00e1s mujeres en la ciencia. La noche del 11 de febrero, en el conversatorio virtual \u00abLa Civilizaci\u00f3n Caral y [&hellip;]<\/p>\n","protected":false},"author":1,"featured_media":18136,"comment_status":"closed","ping_status":"open","sticky":false,"template":"","format":"standard","meta":{"_acf_changed":false,"site-sidebar-layout":"default","site-content-layout":"","ast-site-content-layout":"default","site-content-style":"default","site-sidebar-style":"default","ast-global-header-display":"","ast-banner-title-visibility":"","ast-main-header-display":"","ast-hfb-above-header-display":"","ast-hfb-below-header-display":"","ast-hfb-mobile-header-display":"","site-post-title":"","ast-breadcrumbs-content":"","ast-featured-img":"","footer-sml-layout":"","ast-disable-related-posts":"","theme-transparent-header-meta":"","adv-header-id-meta":"","stick-header-meta":"","header-above-stick-meta":"","header-main-stick-meta":"","header-below-stick-meta":"","astra-migrate-meta-layouts":"default","ast-page-background-enabled":"default","ast-page-background-meta":{"desktop":{"background-color":"var(--ast-global-color-5)","background-image":"","background-repeat":"repeat","background-position":"center center","background-size":"auto","background-attachment":"scroll","background-type":"","background-media":"","overlay-type":"","overlay-color":"","overlay-opacity":"","overlay-gradient":""},"tablet":{"background-color":"","background-image":"","background-repeat":"repeat","background-position":"center center","background-size":"auto","background-attachment":"scroll","background-type":"","background-media":"","overlay-type":"","overlay-color":"","overlay-opacity":"","overlay-gradient":""},"mobile":{"background-color":"","background-image":"","background-repeat":"repeat","background-position":"center center","background-size":"auto","background-attachment":"scroll","background-type":"","background-media":"","overlay-type":"","overlay-color":"","overlay-opacity":"","overlay-gradient":""}},"ast-content-background-meta":{"desktop":{"background-color":"var(--ast-global-color-4)","background-image":"","background-repeat":"repeat","background-position":"center center","background-size":"auto","background-attachment":"scroll","background-type":"","background-media":"","overlay-type":"","overlay-color":"","overlay-opacity":"","overlay-gradient":""},"tablet":{"background-color":"var(--ast-global-color-4)","background-image":"","background-repeat":"repeat","background-position":"center center","background-size":"auto","background-attachment":"scroll","background-type":"","background-media":"","overlay-type":"","overlay-color":"","overlay-opacity":"","overlay-gradient":""},"mobile":{"background-color":"var(--ast-global-color-4)","background-image":"","background-repeat":"repeat","background-position":"center center","background-size":"auto","background-attachment":"scroll","background-type":"","background-media":"","overlay-type":"","overlay-color":"","overlay-opacity":"","overlay-gradient":""}},"footnotes":""},"categories":[208],"tags":[55,72],"class_list":["post-18135","post","type-post","status-publish","format-standard","has-post-thumbnail","hentry","category-noticias","tag-caral","tag-cultura"],"acf":[],"yoast_head":"<!-- This site is optimized with the Yoast SEO plugin v27.3 - https:\/\/yoast.com\/product\/yoast-seo-wordpress\/ -->\n<title>D\u00eda Internacional de la Mujer y Ni\u00f1a en la Ciencia: \u201cTengamos confianza en que podemos lograr lo que nos proponemos\u201d<\/title>\n<meta name=\"description\" content=\"La noche del 11 de febrero, en el conversatorio virtual \u00abLa Civilizaci\u00f3n Caral y su impacto en el desarrollo de ni\u00f1as y j\u00f3venes\u00bb, vivimos unos importantes momentos llenos reflexiones y de compromisos realizados por estudiantes y destacadas cient\u00edficas de diversas partes del pa\u00eds, al conmemorarse el D\u00eda Internacional de la Mujer y Ni\u00f1a en la Ciencia.\" \/>\n<meta name=\"robots\" content=\"index, follow, max-snippet:-1, max-image-preview:large, max-video-preview:-1\" \/>\n<link rel=\"canonical\" href=\"https:\/\/zonacaral.gob.pe\/en\/noticias\/dia-internacional-de-la-mujer-y-nina-en-la-ciencia-tengamos-confianza-en-que-podemos-lograr-lo-que-nos-proponemos\/\" \/>\n<meta property=\"og:locale\" content=\"en_US\" \/>\n<meta property=\"og:type\" content=\"article\" \/>\n<meta property=\"og:title\" content=\"D\u00eda Internacional de la Mujer y Ni\u00f1a en la Ciencia: \u201cTengamos confianza en que podemos lograr lo que nos proponemos\u201d\" \/>\n<meta property=\"og:description\" content=\"La noche del 11 de febrero, en el conversatorio virtual \u00abLa Civilizaci\u00f3n Caral y su impacto en el desarrollo de ni\u00f1as y j\u00f3venes\u00bb, vivimos unos importantes momentos llenos reflexiones y de compromisos realizados por estudiantes y destacadas cient\u00edficas de diversas partes del pa\u00eds, al conmemorarse el D\u00eda Internacional de la Mujer y Ni\u00f1a en la Ciencia.\" \/>\n<meta property=\"og:url\" content=\"https:\/\/zonacaral.gob.pe\/en\/noticias\/dia-internacional-de-la-mujer-y-nina-en-la-ciencia-tengamos-confianza-en-que-podemos-lograr-lo-que-nos-proponemos\/\" \/>\n<meta property=\"og:site_name\" content=\"Zona Caral\" \/>\n<meta property=\"article:published_time\" content=\"2025-02-14T19:41:27+00:00\" \/>\n<meta property=\"og:image\" content=\"https:\/\/zonacaral.gob.pe\/wp-content\/uploads\/2025\/02\/DiaInternacionalDeLaMujerYLaNinaEnLaCiencia2025.png\" \/>\n\t<meta property=\"og:image:width\" content=\"1430\" \/>\n\t<meta property=\"og:image:height\" content=\"799\" \/>\n\t<meta property=\"og:image:type\" content=\"image\/png\" \/>\n<meta name=\"author\" content=\"Zona Caral Administrador\" \/>\n<meta name=\"twitter:card\" content=\"summary_large_image\" \/>\n<meta name=\"twitter:label1\" content=\"Written by\" \/>\n\t<meta name=\"twitter:data1\" content=\"Zona Caral Administrador\" \/>\n\t<meta name=\"twitter:label2\" content=\"Est. reading time\" \/>\n\t<meta name=\"twitter:data2\" content=\"3 minutes\" \/>\n<script type=\"application\/ld+json\" class=\"yoast-schema-graph\">{\"@context\":\"https:\\\/\\\/schema.org\",\"@graph\":[{\"@type\":\"Article\",\"@id\":\"https:\\\/\\\/zonacaral.gob.pe\\\/es\\\/noticias\\\/dia-internacional-de-la-mujer-y-nina-en-la-ciencia-tengamos-confianza-en-que-podemos-lograr-lo-que-nos-proponemos\\\/#article\",\"isPartOf\":{\"@id\":\"https:\\\/\\\/zonacaral.gob.pe\\\/es\\\/noticias\\\/dia-internacional-de-la-mujer-y-nina-en-la-ciencia-tengamos-confianza-en-que-podemos-lograr-lo-que-nos-proponemos\\\/\"},\"author\":{\"name\":\"Zona Caral Administrador\",\"@id\":\"https:\\\/\\\/zonacaral.gob.pe\\\/es\\\/#\\\/schema\\\/person\\\/beddb4d22f71a7230c5b90913270a0ee\"},\"headline\":\"D\u00eda Internacional de la Mujer y Ni\u00f1a en la Ciencia: \u201cTengamos confianza en que podemos lograr lo que nos proponemos\u201d\",\"datePublished\":\"2025-02-14T19:41:27+00:00\",\"mainEntityOfPage\":{\"@id\":\"https:\\\/\\\/zonacaral.gob.pe\\\/es\\\/noticias\\\/dia-internacional-de-la-mujer-y-nina-en-la-ciencia-tengamos-confianza-en-que-podemos-lograr-lo-que-nos-proponemos\\\/\"},\"wordCount\":526,\"image\":{\"@id\":\"https:\\\/\\\/zonacaral.gob.pe\\\/es\\\/noticias\\\/dia-internacional-de-la-mujer-y-nina-en-la-ciencia-tengamos-confianza-en-que-podemos-lograr-lo-que-nos-proponemos\\\/#primaryimage\"},\"thumbnailUrl\":\"https:\\\/\\\/zonacaral.gob.pe\\\/wp-content\\\/uploads\\\/2025\\\/02\\\/DiaInternacionalDeLaMujerYLaNinaEnLaCiencia2025.png\",\"keywords\":[\"caral\",\"Cultura\"],\"articleSection\":[\"noticias\"],\"inLanguage\":\"en-US\"},{\"@type\":\"WebPage\",\"@id\":\"https:\\\/\\\/zonacaral.gob.pe\\\/es\\\/noticias\\\/dia-internacional-de-la-mujer-y-nina-en-la-ciencia-tengamos-confianza-en-que-podemos-lograr-lo-que-nos-proponemos\\\/\",\"url\":\"https:\\\/\\\/zonacaral.gob.pe\\\/es\\\/noticias\\\/dia-internacional-de-la-mujer-y-nina-en-la-ciencia-tengamos-confianza-en-que-podemos-lograr-lo-que-nos-proponemos\\\/\",\"name\":\"D\u00eda Internacional de la Mujer y Ni\u00f1a en la Ciencia: \u201cTengamos confianza en que podemos lograr lo que nos proponemos\u201d\",\"isPartOf\":{\"@id\":\"https:\\\/\\\/zonacaral.gob.pe\\\/es\\\/#website\"},\"primaryImageOfPage\":{\"@id\":\"https:\\\/\\\/zonacaral.gob.pe\\\/es\\\/noticias\\\/dia-internacional-de-la-mujer-y-nina-en-la-ciencia-tengamos-confianza-en-que-podemos-lograr-lo-que-nos-proponemos\\\/#primaryimage\"},\"image\":{\"@id\":\"https:\\\/\\\/zonacaral.gob.pe\\\/es\\\/noticias\\\/dia-internacional-de-la-mujer-y-nina-en-la-ciencia-tengamos-confianza-en-que-podemos-lograr-lo-que-nos-proponemos\\\/#primaryimage\"},\"thumbnailUrl\":\"https:\\\/\\\/zonacaral.gob.pe\\\/wp-content\\\/uploads\\\/2025\\\/02\\\/DiaInternacionalDeLaMujerYLaNinaEnLaCiencia2025.png\",\"datePublished\":\"2025-02-14T19:41:27+00:00\",\"author\":{\"@id\":\"https:\\\/\\\/zonacaral.gob.pe\\\/es\\\/#\\\/schema\\\/person\\\/beddb4d22f71a7230c5b90913270a0ee\"},\"description\":\"La noche del 11 de febrero, en el conversatorio virtual \u00abLa Civilizaci\u00f3n Caral y su impacto en el desarrollo de ni\u00f1as y j\u00f3venes\u00bb, vivimos unos importantes momentos llenos reflexiones y de compromisos realizados por estudiantes y destacadas cient\u00edficas de diversas partes del pa\u00eds, al conmemorarse el D\u00eda Internacional de la Mujer y Ni\u00f1a en la Ciencia.\",\"breadcrumb\":{\"@id\":\"https:\\\/\\\/zonacaral.gob.pe\\\/es\\\/noticias\\\/dia-internacional-de-la-mujer-y-nina-en-la-ciencia-tengamos-confianza-en-que-podemos-lograr-lo-que-nos-proponemos\\\/#breadcrumb\"},\"inLanguage\":\"en-US\",\"potentialAction\":[{\"@type\":\"ReadAction\",\"target\":[\"https:\\\/\\\/zonacaral.gob.pe\\\/es\\\/noticias\\\/dia-internacional-de-la-mujer-y-nina-en-la-ciencia-tengamos-confianza-en-que-podemos-lograr-lo-que-nos-proponemos\\\/\"]}]},{\"@type\":\"ImageObject\",\"inLanguage\":\"en-US\",\"@id\":\"https:\\\/\\\/zonacaral.gob.pe\\\/es\\\/noticias\\\/dia-internacional-de-la-mujer-y-nina-en-la-ciencia-tengamos-confianza-en-que-podemos-lograr-lo-que-nos-proponemos\\\/#primaryimage\",\"url\":\"https:\\\/\\\/zonacaral.gob.pe\\\/wp-content\\\/uploads\\\/2025\\\/02\\\/DiaInternacionalDeLaMujerYLaNinaEnLaCiencia2025.png\",\"contentUrl\":\"https:\\\/\\\/zonacaral.gob.pe\\\/wp-content\\\/uploads\\\/2025\\\/02\\\/DiaInternacionalDeLaMujerYLaNinaEnLaCiencia2025.png\",\"width\":1430,\"height\":799},{\"@type\":\"BreadcrumbList\",\"@id\":\"https:\\\/\\\/zonacaral.gob.pe\\\/es\\\/noticias\\\/dia-internacional-de-la-mujer-y-nina-en-la-ciencia-tengamos-confianza-en-que-podemos-lograr-lo-que-nos-proponemos\\\/#breadcrumb\",\"itemListElement\":[{\"@type\":\"ListItem\",\"position\":1,\"name\":\"Portada\",\"item\":\"https:\\\/\\\/zonacaral.gob.pe\\\/\"},{\"@type\":\"ListItem\",\"position\":2,\"name\":\"D\u00eda Internacional de la Mujer y Ni\u00f1a en la Ciencia: \u201cTengamos confianza en que podemos lograr lo que nos proponemos\u201d\"}]},{\"@type\":\"WebSite\",\"@id\":\"https:\\\/\\\/zonacaral.gob.pe\\\/es\\\/#website\",\"url\":\"https:\\\/\\\/zonacaral.gob.pe\\\/es\\\/\",\"name\":\"Zona Caral\",\"description\":\"Investigamos, conservamos y difundimos el patrimonio cultural de la Civilizaci\u00f3n Caral, la m\u00e1s antigua de Am\u00e9rica.\",\"potentialAction\":[{\"@type\":\"SearchAction\",\"target\":{\"@type\":\"EntryPoint\",\"urlTemplate\":\"https:\\\/\\\/zonacaral.gob.pe\\\/es\\\/?s={search_term_string}\"},\"query-input\":{\"@type\":\"PropertyValueSpecification\",\"valueRequired\":true,\"valueName\":\"search_term_string\"}}],\"inLanguage\":\"en-US\"},{\"@type\":\"Person\",\"@id\":\"https:\\\/\\\/zonacaral.gob.pe\\\/es\\\/#\\\/schema\\\/person\\\/beddb4d22f71a7230c5b90913270a0ee\",\"name\":\"Zona Caral Administrador\",\"image\":{\"@type\":\"ImageObject\",\"inLanguage\":\"en-US\",\"@id\":\"https:\\\/\\\/secure.gravatar.com\\\/avatar\\\/e4be162918a696358376de6446614e0f0f4062bdc5d170d6d540ada3d8b58c12?s=96&d=mm&r=g\",\"url\":\"https:\\\/\\\/secure.gravatar.com\\\/avatar\\\/e4be162918a696358376de6446614e0f0f4062bdc5d170d6d540ada3d8b58c12?s=96&d=mm&r=g\",\"contentUrl\":\"https:\\\/\\\/secure.gravatar.com\\\/avatar\\\/e4be162918a696358376de6446614e0f0f4062bdc5d170d6d540ada3d8b58c12?s=96&d=mm&r=g\",\"caption\":\"Zona Caral Administrador\"},\"sameAs\":[\"https:\\\/\\\/zonacaral.gob.pe\"],\"url\":\"https:\\\/\\\/zonacaral.gob.pe\\\/en\\\/noticias\\\/author\\\/ad_zonacaral\\\/\"}]}<\/script>\n<!-- \/ Yoast SEO plugin. -->","yoast_head_json":{"title":"D\u00eda Internacional de la Mujer y Ni\u00f1a en la Ciencia: \u201cTengamos confianza en que podemos lograr lo que nos proponemos\u201d","description":"La noche del 11 de febrero, en el conversatorio virtual \u00abLa Civilizaci\u00f3n Caral y su impacto en el desarrollo de ni\u00f1as y j\u00f3venes\u00bb, vivimos unos importantes momentos llenos reflexiones y de compromisos realizados por estudiantes y destacadas cient\u00edficas de diversas partes del pa\u00eds, al conmemorarse el D\u00eda Internacional de la Mujer y Ni\u00f1a en la Ciencia.","robots":{"index":"index","follow":"follow","max-snippet":"max-snippet:-1","max-image-preview":"max-image-preview:large","max-video-preview":"max-video-preview:-1"},"canonical":"https:\/\/zonacaral.gob.pe\/en\/noticias\/dia-internacional-de-la-mujer-y-nina-en-la-ciencia-tengamos-confianza-en-que-podemos-lograr-lo-que-nos-proponemos\/","og_locale":"en_US","og_type":"article","og_title":"D\u00eda Internacional de la Mujer y Ni\u00f1a en la Ciencia: \u201cTengamos confianza en que podemos lograr lo que nos proponemos\u201d","og_description":"La noche del 11 de febrero, en el conversatorio virtual \u00abLa Civilizaci\u00f3n Caral y su impacto en el desarrollo de ni\u00f1as y j\u00f3venes\u00bb, vivimos unos importantes momentos llenos reflexiones y de compromisos realizados por estudiantes y destacadas cient\u00edficas de diversas partes del pa\u00eds, al conmemorarse el D\u00eda Internacional de la Mujer y Ni\u00f1a en la Ciencia.","og_url":"https:\/\/zonacaral.gob.pe\/en\/noticias\/dia-internacional-de-la-mujer-y-nina-en-la-ciencia-tengamos-confianza-en-que-podemos-lograr-lo-que-nos-proponemos\/","og_site_name":"Zona Caral","article_published_time":"2025-02-14T19:41:27+00:00","og_image":[{"width":1430,"height":799,"url":"https:\/\/zonacaral.gob.pe\/wp-content\/uploads\/2025\/02\/DiaInternacionalDeLaMujerYLaNinaEnLaCiencia2025.png","type":"image\/png"}],"author":"Zona Caral Administrador","twitter_card":"summary_large_image","twitter_misc":{"Written by":"Zona Caral Administrador","Est. reading time":"3 minutes"},"schema":{"@context":"https:\/\/schema.org","@graph":[{"@type":"Article","@id":"https:\/\/zonacaral.gob.pe\/es\/noticias\/dia-internacional-de-la-mujer-y-nina-en-la-ciencia-tengamos-confianza-en-que-podemos-lograr-lo-que-nos-proponemos\/#article","isPartOf":{"@id":"https:\/\/zonacaral.gob.pe\/es\/noticias\/dia-internacional-de-la-mujer-y-nina-en-la-ciencia-tengamos-confianza-en-que-podemos-lograr-lo-que-nos-proponemos\/"},"author":{"name":"Zona Caral Administrador","@id":"https:\/\/zonacaral.gob.pe\/es\/#\/schema\/person\/beddb4d22f71a7230c5b90913270a0ee"},"headline":"D\u00eda Internacional de la Mujer y Ni\u00f1a en la Ciencia: \u201cTengamos confianza en que podemos lograr lo que nos proponemos\u201d","datePublished":"2025-02-14T19:41:27+00:00","mainEntityOfPage":{"@id":"https:\/\/zonacaral.gob.pe\/es\/noticias\/dia-internacional-de-la-mujer-y-nina-en-la-ciencia-tengamos-confianza-en-que-podemos-lograr-lo-que-nos-proponemos\/"},"wordCount":526,"image":{"@id":"https:\/\/zonacaral.gob.pe\/es\/noticias\/dia-internacional-de-la-mujer-y-nina-en-la-ciencia-tengamos-confianza-en-que-podemos-lograr-lo-que-nos-proponemos\/#primaryimage"},"thumbnailUrl":"https:\/\/zonacaral.gob.pe\/wp-content\/uploads\/2025\/02\/DiaInternacionalDeLaMujerYLaNinaEnLaCiencia2025.png","keywords":["caral","Cultura"],"articleSection":["noticias"],"inLanguage":"en-US"},{"@type":"WebPage","@id":"https:\/\/zonacaral.gob.pe\/es\/noticias\/dia-internacional-de-la-mujer-y-nina-en-la-ciencia-tengamos-confianza-en-que-podemos-lograr-lo-que-nos-proponemos\/","url":"https:\/\/zonacaral.gob.pe\/es\/noticias\/dia-internacional-de-la-mujer-y-nina-en-la-ciencia-tengamos-confianza-en-que-podemos-lograr-lo-que-nos-proponemos\/","name":"D\u00eda Internacional de la Mujer y Ni\u00f1a en la Ciencia: \u201cTengamos confianza en que podemos lograr lo que nos proponemos\u201d","isPartOf":{"@id":"https:\/\/zonacaral.gob.pe\/es\/#website"},"primaryImageOfPage":{"@id":"https:\/\/zonacaral.gob.pe\/es\/noticias\/dia-internacional-de-la-mujer-y-nina-en-la-ciencia-tengamos-confianza-en-que-podemos-lograr-lo-que-nos-proponemos\/#primaryimage"},"image":{"@id":"https:\/\/zonacaral.gob.pe\/es\/noticias\/dia-internacional-de-la-mujer-y-nina-en-la-ciencia-tengamos-confianza-en-que-podemos-lograr-lo-que-nos-proponemos\/#primaryimage"},"thumbnailUrl":"https:\/\/zonacaral.gob.pe\/wp-content\/uploads\/2025\/02\/DiaInternacionalDeLaMujerYLaNinaEnLaCiencia2025.png","datePublished":"2025-02-14T19:41:27+00:00","author":{"@id":"https:\/\/zonacaral.gob.pe\/es\/#\/schema\/person\/beddb4d22f71a7230c5b90913270a0ee"},"description":"La noche del 11 de febrero, en el conversatorio virtual \u00abLa Civilizaci\u00f3n Caral y su impacto en el desarrollo de ni\u00f1as y j\u00f3venes\u00bb, vivimos unos importantes momentos llenos reflexiones y de compromisos realizados por estudiantes y destacadas cient\u00edficas de diversas partes del pa\u00eds, al conmemorarse el D\u00eda Internacional de la Mujer y Ni\u00f1a en la Ciencia.","breadcrumb":{"@id":"https:\/\/zonacaral.gob.pe\/es\/noticias\/dia-internacional-de-la-mujer-y-nina-en-la-ciencia-tengamos-confianza-en-que-podemos-lograr-lo-que-nos-proponemos\/#breadcrumb"},"inLanguage":"en-US","potentialAction":[{"@type":"ReadAction","target":["https:\/\/zonacaral.gob.pe\/es\/noticias\/dia-internacional-de-la-mujer-y-nina-en-la-ciencia-tengamos-confianza-en-que-podemos-lograr-lo-que-nos-proponemos\/"]}]},{"@type":"ImageObject","inLanguage":"en-US","@id":"https:\/\/zonacaral.gob.pe\/es\/noticias\/dia-internacional-de-la-mujer-y-nina-en-la-ciencia-tengamos-confianza-en-que-podemos-lograr-lo-que-nos-proponemos\/#primaryimage","url":"https:\/\/zonacaral.gob.pe\/wp-content\/uploads\/2025\/02\/DiaInternacionalDeLaMujerYLaNinaEnLaCiencia2025.png","contentUrl":"https:\/\/zonacaral.gob.pe\/wp-content\/uploads\/2025\/02\/DiaInternacionalDeLaMujerYLaNinaEnLaCiencia2025.png","width":1430,"height":799},{"@type":"BreadcrumbList","@id":"https:\/\/zonacaral.gob.pe\/es\/noticias\/dia-internacional-de-la-mujer-y-nina-en-la-ciencia-tengamos-confianza-en-que-podemos-lograr-lo-que-nos-proponemos\/#breadcrumb","itemListElement":[{"@type":"ListItem","position":1,"name":"Portada","item":"https:\/\/zonacaral.gob.pe\/"},{"@type":"ListItem","position":2,"name":"D\u00eda Internacional de la Mujer y Ni\u00f1a en la Ciencia: \u201cTengamos confianza en que podemos lograr lo que nos proponemos\u201d"}]},{"@type":"WebSite","@id":"https:\/\/zonacaral.gob.pe\/es\/#website","url":"https:\/\/zonacaral.gob.pe\/es\/","name":"Zona Caral","description":"Investigamos, conservamos y difundimos el patrimonio cultural de la Civilizaci\u00f3n Caral, la m\u00e1s antigua de Am\u00e9rica.","potentialAction":[{"@type":"SearchAction","target":{"@type":"EntryPoint","urlTemplate":"https:\/\/zonacaral.gob.pe\/es\/?s={search_term_string}"},"query-input":{"@type":"PropertyValueSpecification","valueRequired":true,"valueName":"search_term_string"}}],"inLanguage":"en-US"},{"@type":"Person","@id":"https:\/\/zonacaral.gob.pe\/es\/#\/schema\/person\/beddb4d22f71a7230c5b90913270a0ee","name":"Zona Caral Administrador","image":{"@type":"ImageObject","inLanguage":"en-US","@id":"https:\/\/secure.gravatar.com\/avatar\/e4be162918a696358376de6446614e0f0f4062bdc5d170d6d540ada3d8b58c12?s=96&d=mm&r=g","url":"https:\/\/secure.gravatar.com\/avatar\/e4be162918a696358376de6446614e0f0f4062bdc5d170d6d540ada3d8b58c12?s=96&d=mm&r=g","contentUrl":"https:\/\/secure.gravatar.com\/avatar\/e4be162918a696358376de6446614e0f0f4062bdc5d170d6d540ada3d8b58c12?s=96&d=mm&r=g","caption":"Zona Caral Administrador"},"sameAs":["https:\/\/zonacaral.gob.pe"],"url":"https:\/\/zonacaral.gob.pe\/en\/noticias\/author\/ad_zonacaral\/"}]}},"_links":{"self":[{"href":"https:\/\/zonacaral.gob.pe\/en\/wp-json\/wp\/v2\/posts\/18135","targetHints":{"allow":["GET"]}}],"collection":[{"href":"https:\/\/zonacaral.gob.pe\/en\/wp-json\/wp\/v2\/posts"}],"about":[{"href":"https:\/\/zonacaral.gob.pe\/en\/wp-json\/wp\/v2\/types\/post"}],"author":[{"embeddable":true,"href":"https:\/\/zonacaral.gob.pe\/en\/wp-json\/wp\/v2\/users\/1"}],"replies":[{"embeddable":true,"href":"https:\/\/zonacaral.gob.pe\/en\/wp-json\/wp\/v2\/comments?post=18135"}],"version-history":[{"count":0,"href":"https:\/\/zonacaral.gob.pe\/en\/wp-json\/wp\/v2\/posts\/18135\/revisions"}],"wp:featuredmedia":[{"embeddable":true,"href":"https:\/\/zonacaral.gob.pe\/en\/wp-json\/wp\/v2\/media\/18136"}],"wp:attachment":[{"href":"https:\/\/zonacaral.gob.pe\/en\/wp-json\/wp\/v2\/media?parent=18135"}],"wp:term":[{"taxonomy":"category","embeddable":true,"href":"https:\/\/zonacaral.gob.pe\/en\/wp-json\/wp\/v2\/categories?post=18135"},{"taxonomy":"post_tag","embeddable":true,"href":"https:\/\/zonacaral.gob.pe\/en\/wp-json\/wp\/v2\/tags?post=18135"}],"curies":[{"name":"wp","href":"https:\/\/api.w.org\/{rel}","templated":true}]}}