{"id":18143,"date":"2025-02-21T15:23:54","date_gmt":"2025-02-21T20:23:54","guid":{"rendered":"https:\/\/www.zonacaral.gob.pe\/?p=18143"},"modified":"2025-02-21T15:23:54","modified_gmt":"2025-02-21T20:23:54","slug":"muy-pronto-nueva-exposicion-de-caral-en-el-ministerio-de-cultura","status":"publish","type":"post","link":"https:\/\/zonacaral.gob.pe\/en\/noticias\/muy-pronto-nueva-exposicion-de-caral-en-el-ministerio-de-cultura\/","title":{"rendered":"\u00a1Muy pronto! nueva exposici\u00f3n de Caral en el Ministerio de Cultura"},"content":{"rendered":"<figure class=\"pic-autor\" style=\"color: #4d4d4d; text-align: justify;\"><\/figure>\n<div class=\"gmail_default\" style=\"text-align: justify;\">\n<blockquote>\n<p><em><span style=\"font-weight: 400;\">En homenaje a ellas.<\/span><\/em><\/p>\n<\/blockquote>\n<div>\n<p><span style=\"font-weight: 400;\">La <\/span><a href=\"https:\/\/www.instagram.com\/caralperu\/\"><span style=\"font-weight: 400;\">Zona Arqueol\u00f3gica Caral<\/span><\/a><span style=\"font-weight: 400;\"> (ZAC), Unidad Ejecutora 003 del Ministerio de Cultura, abrir\u00e1 muy pronto, al p\u00fablico en general, una nueva exposici\u00f3n museogr\u00e1fica en la cual expondr\u00e1 y contar\u00e1 la historia del rol que cumplieron las mujeres en el desarrollo de la <\/span><a href=\"https:\/\/youtu.be\/uAJpjcgLits\"><span style=\"font-weight: 400;\">Civilizaci\u00f3n Caral<\/span><\/a><span style=\"font-weight: 400;\"> (3000 \u2013 1800 a. C.), y en las posteriores culturas andinas.<\/span><\/p>\n<p><span style=\"font-weight: 400;\">Las diferentes evidencias arqueol\u00f3gicas, recuperadas en las investigaciones multidisciplinarias lideradas por la doctora Ruth Shady Sol\u00eds, directora de la ZAC, nos brindan importantes detalles sobre la organizaci\u00f3n sociopol\u00edtica de las antiguas sociedades andinas, donde las mujeres ejercieron roles de liderazgo y autoridad en complementariedad con los hombres.<\/span><\/p>\n<p><span style=\"font-weight: 400;\">La Civilizaci\u00f3n Caral, reconocida como la primera de Am\u00e9rica, con cinco mil a\u00f1os de antig\u00fcedad, nos brinda una perspectiva fascinante sobre la organizaci\u00f3n sociopol\u00edtica de las antiguas sociedades andinas, donde las mujeres ejercieron roles de liderazgo y autoridad en complementariedad con los hombres.<\/span><\/p>\n<p><span style=\"font-weight: 400;\">Los objetos recuperados en las investigaciones realizadas en doce centros urbanos, sugieren que las mujeres desempe\u00f1aron funciones fundamentales en los \u00e1mbitos sociopol\u00edtico, econ\u00f3mico y religioso, siendo cogestoras de una civilizaci\u00f3n que produjo ciencia, tecnolog\u00eda y arte.<\/span><\/p>\n<p><span style=\"font-weight: 400;\">Por ello, y con miras a conmemorar, el 8 de marzo, el D\u00eda Internacional de la Mujer, la Zona Arqueol\u00f3gica Caral, abrir\u00e1 las puertas de la exposici\u00f3n \u00abEl Rol de la Mujer en la Civilizaci\u00f3n Caral\u00bb, desde el mi\u00e9rcoles, 26 de febrero, en la Sala Paracas del Ministerio de Cultura.&nbsp; Vis\u00edtala de martes a domingo, de 9:00 a. m. a 5:00 p. m.<\/span><\/p>\n<p><span style=\"font-weight: 400;\">Conozcamos m\u00e1s de nuestra herencia cultural milenaria, y revaloremos el rol de la mujer en nuestra sociedad.<\/span><\/p>\n<\/div>\n<p><strong style=\"font-size: inherit; text-align: justify;\">Fuente: Comunicaci\u00f3n e Imagen Institucional ZAC<\/strong><\/p>\n<\/div>\n<div style=\"color: #1f1f1f;\">\n<div style=\"color: #1f1f1f;\">\n<p style=\"text-align: justify;\">Fecha de publicaci\u00f3n: 21\/02\/2025<\/p>\n<\/div>\n<\/div>\n\n\n<p><\/p>","protected":false},"excerpt":{"rendered":"<p>En homenaje a ellas. La Zona Arqueol\u00f3gica Caral (ZAC), Unidad Ejecutora 003 del Ministerio de Cultura, abrir\u00e1 muy pronto, al [&hellip;]<\/p>\n","protected":false},"author":1,"featured_media":18144,"comment_status":"closed","ping_status":"open","sticky":false,"template":"","format":"standard","meta":{"_acf_changed":false,"site-sidebar-layout":"default","site-content-layout":"","ast-site-content-layout":"default","site-content-style":"default","site-sidebar-style":"default","ast-global-header-display":"","ast-banner-title-visibility":"","ast-main-header-display":"","ast-hfb-above-header-display":"","ast-hfb-below-header-display":"","ast-hfb-mobile-header-display":"","site-post-title":"","ast-breadcrumbs-content":"","ast-featured-img":"","footer-sml-layout":"","ast-disable-related-posts":"","theme-transparent-header-meta":"","adv-header-id-meta":"","stick-header-meta":"","header-above-stick-meta":"","header-main-stick-meta":"","header-below-stick-meta":"","astra-migrate-meta-layouts":"default","ast-page-background-enabled":"default","ast-page-background-meta":{"desktop":{"background-color":"var(--ast-global-color-5)","background-image":"","background-repeat":"repeat","background-position":"center center","background-size":"auto","background-attachment":"scroll","background-type":"","background-media":"","overlay-type":"","overlay-color":"","overlay-opacity":"","overlay-gradient":""},"tablet":{"background-color":"","background-image":"","background-repeat":"repeat","background-position":"center center","background-size":"auto","background-attachment":"scroll","background-type":"","background-media":"","overlay-type":"","overlay-color":"","overlay-opacity":"","overlay-gradient":""},"mobile":{"background-color":"","background-image":"","background-repeat":"repeat","background-position":"center center","background-size":"auto","background-attachment":"scroll","background-type":"","background-media":"","overlay-type":"","overlay-color":"","overlay-opacity":"","overlay-gradient":""}},"ast-content-background-meta":{"desktop":{"background-color":"var(--ast-global-color-4)","background-image":"","background-repeat":"repeat","background-position":"center center","background-size":"auto","background-attachment":"scroll","background-type":"","background-media":"","overlay-type":"","overlay-color":"","overlay-opacity":"","overlay-gradient":""},"tablet":{"background-color":"var(--ast-global-color-4)","background-image":"","background-repeat":"repeat","background-position":"center center","background-size":"auto","background-attachment":"scroll","background-type":"","background-media":"","overlay-type":"","overlay-color":"","overlay-opacity":"","overlay-gradient":""},"mobile":{"background-color":"var(--ast-global-color-4)","background-image":"","background-repeat":"repeat","background-position":"center center","background-size":"auto","background-attachment":"scroll","background-type":"","background-media":"","overlay-type":"","overlay-color":"","overlay-opacity":"","overlay-gradient":""}},"footnotes":""},"categories":[208],"tags":[55,72],"class_list":["post-18143","post","type-post","status-publish","format-standard","has-post-thumbnail","hentry","category-noticias","tag-caral","tag-cultura"],"acf":[],"yoast_head":"<!-- This site is optimized with the Yoast SEO plugin v27.3 - https:\/\/yoast.com\/product\/yoast-seo-wordpress\/ -->\n<title>\u00a1Muy pronto! nueva exposici\u00f3n de Caral en el Ministerio de Cultura<\/title>\n<meta name=\"description\" content=\"La Zona Arqueol\u00f3gica Caral (ZAC), Unidad Ejecutora 003 del Ministerio de Cultura, abrir\u00e1 muy pronto, al p\u00fablico en general, una nueva exposici\u00f3n museogr\u00e1fica en la cual expondr\u00e1 y contar\u00e1 la historia del rol que cumplieron las mujeres en el desarrollo de la Civilizaci\u00f3n Caral (3000 \u2013 1800 a. C.), y en las posteriores culturas andinas.\" \/>\n<meta name=\"robots\" content=\"index, follow, max-snippet:-1, max-image-preview:large, max-video-preview:-1\" \/>\n<link rel=\"canonical\" href=\"https:\/\/zonacaral.gob.pe\/en\/noticias\/muy-pronto-nueva-exposicion-de-caral-en-el-ministerio-de-cultura\/\" \/>\n<meta property=\"og:locale\" content=\"en_US\" \/>\n<meta property=\"og:type\" content=\"article\" \/>\n<meta property=\"og:title\" content=\"\u00a1Muy pronto! nueva exposici\u00f3n de Caral en el Ministerio de Cultura\" \/>\n<meta property=\"og:description\" content=\"La Zona Arqueol\u00f3gica Caral (ZAC), Unidad Ejecutora 003 del Ministerio de Cultura, abrir\u00e1 muy pronto, al p\u00fablico en general, una nueva exposici\u00f3n museogr\u00e1fica en la cual expondr\u00e1 y contar\u00e1 la historia del rol que cumplieron las mujeres en el desarrollo de la Civilizaci\u00f3n Caral (3000 \u2013 1800 a. C.), y en las posteriores culturas andinas.\" \/>\n<meta property=\"og:url\" content=\"https:\/\/zonacaral.gob.pe\/en\/noticias\/muy-pronto-nueva-exposicion-de-caral-en-el-ministerio-de-cultura\/\" \/>\n<meta property=\"og:site_name\" content=\"Zona Caral\" \/>\n<meta property=\"article:published_time\" content=\"2025-02-21T20:23:54+00:00\" \/>\n<meta property=\"og:image\" content=\"https:\/\/zonacaral.gob.pe\/wp-content\/uploads\/2025\/02\/1-EXPO.png\" \/>\n\t<meta property=\"og:image:width\" content=\"700\" \/>\n\t<meta property=\"og:image:height\" content=\"395\" \/>\n\t<meta property=\"og:image:type\" content=\"image\/png\" \/>\n<meta name=\"author\" content=\"Zona Caral Administrador\" \/>\n<meta name=\"twitter:card\" content=\"summary_large_image\" \/>\n<meta name=\"twitter:label1\" content=\"Written by\" \/>\n\t<meta name=\"twitter:data1\" content=\"Zona Caral Administrador\" \/>\n\t<meta name=\"twitter:label2\" content=\"Est. reading time\" \/>\n\t<meta name=\"twitter:data2\" content=\"1 minute\" \/>\n<script type=\"application\/ld+json\" class=\"yoast-schema-graph\">{\"@context\":\"https:\\\/\\\/schema.org\",\"@graph\":[{\"@type\":\"Article\",\"@id\":\"https:\\\/\\\/zonacaral.gob.pe\\\/es\\\/noticias\\\/muy-pronto-nueva-exposicion-de-caral-en-el-ministerio-de-cultura\\\/#article\",\"isPartOf\":{\"@id\":\"https:\\\/\\\/zonacaral.gob.pe\\\/es\\\/noticias\\\/muy-pronto-nueva-exposicion-de-caral-en-el-ministerio-de-cultura\\\/\"},\"author\":{\"name\":\"Zona Caral Administrador\",\"@id\":\"https:\\\/\\\/zonacaral.gob.pe\\\/es\\\/#\\\/schema\\\/person\\\/beddb4d22f71a7230c5b90913270a0ee\"},\"headline\":\"\u00a1Muy pronto! nueva exposici\u00f3n de Caral en el Ministerio de Cultura\",\"datePublished\":\"2025-02-21T20:23:54+00:00\",\"mainEntityOfPage\":{\"@id\":\"https:\\\/\\\/zonacaral.gob.pe\\\/es\\\/noticias\\\/muy-pronto-nueva-exposicion-de-caral-en-el-ministerio-de-cultura\\\/\"},\"wordCount\":308,\"image\":{\"@id\":\"https:\\\/\\\/zonacaral.gob.pe\\\/es\\\/noticias\\\/muy-pronto-nueva-exposicion-de-caral-en-el-ministerio-de-cultura\\\/#primaryimage\"},\"thumbnailUrl\":\"https:\\\/\\\/zonacaral.gob.pe\\\/wp-content\\\/uploads\\\/2025\\\/02\\\/1-EXPO.png\",\"keywords\":[\"caral\",\"Cultura\"],\"articleSection\":[\"noticias\"],\"inLanguage\":\"en-US\"},{\"@type\":\"WebPage\",\"@id\":\"https:\\\/\\\/zonacaral.gob.pe\\\/es\\\/noticias\\\/muy-pronto-nueva-exposicion-de-caral-en-el-ministerio-de-cultura\\\/\",\"url\":\"https:\\\/\\\/zonacaral.gob.pe\\\/es\\\/noticias\\\/muy-pronto-nueva-exposicion-de-caral-en-el-ministerio-de-cultura\\\/\",\"name\":\"\u00a1Muy pronto! nueva exposici\u00f3n de Caral en el Ministerio de Cultura\",\"isPartOf\":{\"@id\":\"https:\\\/\\\/zonacaral.gob.pe\\\/es\\\/#website\"},\"primaryImageOfPage\":{\"@id\":\"https:\\\/\\\/zonacaral.gob.pe\\\/es\\\/noticias\\\/muy-pronto-nueva-exposicion-de-caral-en-el-ministerio-de-cultura\\\/#primaryimage\"},\"image\":{\"@id\":\"https:\\\/\\\/zonacaral.gob.pe\\\/es\\\/noticias\\\/muy-pronto-nueva-exposicion-de-caral-en-el-ministerio-de-cultura\\\/#primaryimage\"},\"thumbnailUrl\":\"https:\\\/\\\/zonacaral.gob.pe\\\/wp-content\\\/uploads\\\/2025\\\/02\\\/1-EXPO.png\",\"datePublished\":\"2025-02-21T20:23:54+00:00\",\"author\":{\"@id\":\"https:\\\/\\\/zonacaral.gob.pe\\\/es\\\/#\\\/schema\\\/person\\\/beddb4d22f71a7230c5b90913270a0ee\"},\"description\":\"La Zona Arqueol\u00f3gica Caral (ZAC), Unidad Ejecutora 003 del Ministerio de Cultura, abrir\u00e1 muy pronto, al p\u00fablico en general, una nueva exposici\u00f3n museogr\u00e1fica en la cual expondr\u00e1 y contar\u00e1 la historia del rol que cumplieron las mujeres en el desarrollo de la Civilizaci\u00f3n Caral (3000 \u2013 1800 a. C.), y en las posteriores culturas andinas.\",\"breadcrumb\":{\"@id\":\"https:\\\/\\\/zonacaral.gob.pe\\\/es\\\/noticias\\\/muy-pronto-nueva-exposicion-de-caral-en-el-ministerio-de-cultura\\\/#breadcrumb\"},\"inLanguage\":\"en-US\",\"potentialAction\":[{\"@type\":\"ReadAction\",\"target\":[\"https:\\\/\\\/zonacaral.gob.pe\\\/es\\\/noticias\\\/muy-pronto-nueva-exposicion-de-caral-en-el-ministerio-de-cultura\\\/\"]}]},{\"@type\":\"ImageObject\",\"inLanguage\":\"en-US\",\"@id\":\"https:\\\/\\\/zonacaral.gob.pe\\\/es\\\/noticias\\\/muy-pronto-nueva-exposicion-de-caral-en-el-ministerio-de-cultura\\\/#primaryimage\",\"url\":\"https:\\\/\\\/zonacaral.gob.pe\\\/wp-content\\\/uploads\\\/2025\\\/02\\\/1-EXPO.png\",\"contentUrl\":\"https:\\\/\\\/zonacaral.gob.pe\\\/wp-content\\\/uploads\\\/2025\\\/02\\\/1-EXPO.png\",\"width\":700,\"height\":395},{\"@type\":\"BreadcrumbList\",\"@id\":\"https:\\\/\\\/zonacaral.gob.pe\\\/es\\\/noticias\\\/muy-pronto-nueva-exposicion-de-caral-en-el-ministerio-de-cultura\\\/#breadcrumb\",\"itemListElement\":[{\"@type\":\"ListItem\",\"position\":1,\"name\":\"Portada\",\"item\":\"https:\\\/\\\/zonacaral.gob.pe\\\/\"},{\"@type\":\"ListItem\",\"position\":2,\"name\":\"\u00a1Muy pronto! nueva exposici\u00f3n de Caral en el Ministerio de Cultura\"}]},{\"@type\":\"WebSite\",\"@id\":\"https:\\\/\\\/zonacaral.gob.pe\\\/es\\\/#website\",\"url\":\"https:\\\/\\\/zonacaral.gob.pe\\\/es\\\/\",\"name\":\"Zona Caral\",\"description\":\"Investigamos, conservamos y difundimos el patrimonio cultural de la Civilizaci\u00f3n Caral, la m\u00e1s antigua de Am\u00e9rica.\",\"potentialAction\":[{\"@type\":\"SearchAction\",\"target\":{\"@type\":\"EntryPoint\",\"urlTemplate\":\"https:\\\/\\\/zonacaral.gob.pe\\\/es\\\/?s={search_term_string}\"},\"query-input\":{\"@type\":\"PropertyValueSpecification\",\"valueRequired\":true,\"valueName\":\"search_term_string\"}}],\"inLanguage\":\"en-US\"},{\"@type\":\"Person\",\"@id\":\"https:\\\/\\\/zonacaral.gob.pe\\\/es\\\/#\\\/schema\\\/person\\\/beddb4d22f71a7230c5b90913270a0ee\",\"name\":\"Zona Caral Administrador\",\"image\":{\"@type\":\"ImageObject\",\"inLanguage\":\"en-US\",\"@id\":\"https:\\\/\\\/secure.gravatar.com\\\/avatar\\\/e4be162918a696358376de6446614e0f0f4062bdc5d170d6d540ada3d8b58c12?s=96&d=mm&r=g\",\"url\":\"https:\\\/\\\/secure.gravatar.com\\\/avatar\\\/e4be162918a696358376de6446614e0f0f4062bdc5d170d6d540ada3d8b58c12?s=96&d=mm&r=g\",\"contentUrl\":\"https:\\\/\\\/secure.gravatar.com\\\/avatar\\\/e4be162918a696358376de6446614e0f0f4062bdc5d170d6d540ada3d8b58c12?s=96&d=mm&r=g\",\"caption\":\"Zona Caral Administrador\"},\"sameAs\":[\"https:\\\/\\\/zonacaral.gob.pe\"],\"url\":\"https:\\\/\\\/zonacaral.gob.pe\\\/en\\\/noticias\\\/author\\\/ad_zonacaral\\\/\"}]}<\/script>\n<!-- \/ Yoast SEO plugin. -->","yoast_head_json":{"title":"\u00a1Muy pronto! nueva exposici\u00f3n de Caral en el Ministerio de Cultura","description":"La Zona Arqueol\u00f3gica Caral (ZAC), Unidad Ejecutora 003 del Ministerio de Cultura, abrir\u00e1 muy pronto, al p\u00fablico en general, una nueva exposici\u00f3n museogr\u00e1fica en la cual expondr\u00e1 y contar\u00e1 la historia del rol que cumplieron las mujeres en el desarrollo de la Civilizaci\u00f3n Caral (3000 \u2013 1800 a. C.), y en las posteriores culturas andinas.","robots":{"index":"index","follow":"follow","max-snippet":"max-snippet:-1","max-image-preview":"max-image-preview:large","max-video-preview":"max-video-preview:-1"},"canonical":"https:\/\/zonacaral.gob.pe\/en\/noticias\/muy-pronto-nueva-exposicion-de-caral-en-el-ministerio-de-cultura\/","og_locale":"en_US","og_type":"article","og_title":"\u00a1Muy pronto! nueva exposici\u00f3n de Caral en el Ministerio de Cultura","og_description":"La Zona Arqueol\u00f3gica Caral (ZAC), Unidad Ejecutora 003 del Ministerio de Cultura, abrir\u00e1 muy pronto, al p\u00fablico en general, una nueva exposici\u00f3n museogr\u00e1fica en la cual expondr\u00e1 y contar\u00e1 la historia del rol que cumplieron las mujeres en el desarrollo de la Civilizaci\u00f3n Caral (3000 \u2013 1800 a. C.), y en las posteriores culturas andinas.","og_url":"https:\/\/zonacaral.gob.pe\/en\/noticias\/muy-pronto-nueva-exposicion-de-caral-en-el-ministerio-de-cultura\/","og_site_name":"Zona Caral","article_published_time":"2025-02-21T20:23:54+00:00","og_image":[{"width":700,"height":395,"url":"https:\/\/zonacaral.gob.pe\/wp-content\/uploads\/2025\/02\/1-EXPO.png","type":"image\/png"}],"author":"Zona Caral Administrador","twitter_card":"summary_large_image","twitter_misc":{"Written by":"Zona Caral Administrador","Est. reading time":"1 minute"},"schema":{"@context":"https:\/\/schema.org","@graph":[{"@type":"Article","@id":"https:\/\/zonacaral.gob.pe\/es\/noticias\/muy-pronto-nueva-exposicion-de-caral-en-el-ministerio-de-cultura\/#article","isPartOf":{"@id":"https:\/\/zonacaral.gob.pe\/es\/noticias\/muy-pronto-nueva-exposicion-de-caral-en-el-ministerio-de-cultura\/"},"author":{"name":"Zona Caral Administrador","@id":"https:\/\/zonacaral.gob.pe\/es\/#\/schema\/person\/beddb4d22f71a7230c5b90913270a0ee"},"headline":"\u00a1Muy pronto! nueva exposici\u00f3n de Caral en el Ministerio de Cultura","datePublished":"2025-02-21T20:23:54+00:00","mainEntityOfPage":{"@id":"https:\/\/zonacaral.gob.pe\/es\/noticias\/muy-pronto-nueva-exposicion-de-caral-en-el-ministerio-de-cultura\/"},"wordCount":308,"image":{"@id":"https:\/\/zonacaral.gob.pe\/es\/noticias\/muy-pronto-nueva-exposicion-de-caral-en-el-ministerio-de-cultura\/#primaryimage"},"thumbnailUrl":"https:\/\/zonacaral.gob.pe\/wp-content\/uploads\/2025\/02\/1-EXPO.png","keywords":["caral","Cultura"],"articleSection":["noticias"],"inLanguage":"en-US"},{"@type":"WebPage","@id":"https:\/\/zonacaral.gob.pe\/es\/noticias\/muy-pronto-nueva-exposicion-de-caral-en-el-ministerio-de-cultura\/","url":"https:\/\/zonacaral.gob.pe\/es\/noticias\/muy-pronto-nueva-exposicion-de-caral-en-el-ministerio-de-cultura\/","name":"\u00a1Muy pronto! nueva exposici\u00f3n de Caral en el Ministerio de Cultura","isPartOf":{"@id":"https:\/\/zonacaral.gob.pe\/es\/#website"},"primaryImageOfPage":{"@id":"https:\/\/zonacaral.gob.pe\/es\/noticias\/muy-pronto-nueva-exposicion-de-caral-en-el-ministerio-de-cultura\/#primaryimage"},"image":{"@id":"https:\/\/zonacaral.gob.pe\/es\/noticias\/muy-pronto-nueva-exposicion-de-caral-en-el-ministerio-de-cultura\/#primaryimage"},"thumbnailUrl":"https:\/\/zonacaral.gob.pe\/wp-content\/uploads\/2025\/02\/1-EXPO.png","datePublished":"2025-02-21T20:23:54+00:00","author":{"@id":"https:\/\/zonacaral.gob.pe\/es\/#\/schema\/person\/beddb4d22f71a7230c5b90913270a0ee"},"description":"La Zona Arqueol\u00f3gica Caral (ZAC), Unidad Ejecutora 003 del Ministerio de Cultura, abrir\u00e1 muy pronto, al p\u00fablico en general, una nueva exposici\u00f3n museogr\u00e1fica en la cual expondr\u00e1 y contar\u00e1 la historia del rol que cumplieron las mujeres en el desarrollo de la Civilizaci\u00f3n Caral (3000 \u2013 1800 a. C.), y en las posteriores culturas andinas.","breadcrumb":{"@id":"https:\/\/zonacaral.gob.pe\/es\/noticias\/muy-pronto-nueva-exposicion-de-caral-en-el-ministerio-de-cultura\/#breadcrumb"},"inLanguage":"en-US","potentialAction":[{"@type":"ReadAction","target":["https:\/\/zonacaral.gob.pe\/es\/noticias\/muy-pronto-nueva-exposicion-de-caral-en-el-ministerio-de-cultura\/"]}]},{"@type":"ImageObject","inLanguage":"en-US","@id":"https:\/\/zonacaral.gob.pe\/es\/noticias\/muy-pronto-nueva-exposicion-de-caral-en-el-ministerio-de-cultura\/#primaryimage","url":"https:\/\/zonacaral.gob.pe\/wp-content\/uploads\/2025\/02\/1-EXPO.png","contentUrl":"https:\/\/zonacaral.gob.pe\/wp-content\/uploads\/2025\/02\/1-EXPO.png","width":700,"height":395},{"@type":"BreadcrumbList","@id":"https:\/\/zonacaral.gob.pe\/es\/noticias\/muy-pronto-nueva-exposicion-de-caral-en-el-ministerio-de-cultura\/#breadcrumb","itemListElement":[{"@type":"ListItem","position":1,"name":"Portada","item":"https:\/\/zonacaral.gob.pe\/"},{"@type":"ListItem","position":2,"name":"\u00a1Muy pronto! nueva exposici\u00f3n de Caral en el Ministerio de Cultura"}]},{"@type":"WebSite","@id":"https:\/\/zonacaral.gob.pe\/es\/#website","url":"https:\/\/zonacaral.gob.pe\/es\/","name":"Zona Caral","description":"Investigamos, conservamos y difundimos el patrimonio cultural de la Civilizaci\u00f3n Caral, la m\u00e1s antigua de Am\u00e9rica.","potentialAction":[{"@type":"SearchAction","target":{"@type":"EntryPoint","urlTemplate":"https:\/\/zonacaral.gob.pe\/es\/?s={search_term_string}"},"query-input":{"@type":"PropertyValueSpecification","valueRequired":true,"valueName":"search_term_string"}}],"inLanguage":"en-US"},{"@type":"Person","@id":"https:\/\/zonacaral.gob.pe\/es\/#\/schema\/person\/beddb4d22f71a7230c5b90913270a0ee","name":"Zona Caral Administrador","image":{"@type":"ImageObject","inLanguage":"en-US","@id":"https:\/\/secure.gravatar.com\/avatar\/e4be162918a696358376de6446614e0f0f4062bdc5d170d6d540ada3d8b58c12?s=96&d=mm&r=g","url":"https:\/\/secure.gravatar.com\/avatar\/e4be162918a696358376de6446614e0f0f4062bdc5d170d6d540ada3d8b58c12?s=96&d=mm&r=g","contentUrl":"https:\/\/secure.gravatar.com\/avatar\/e4be162918a696358376de6446614e0f0f4062bdc5d170d6d540ada3d8b58c12?s=96&d=mm&r=g","caption":"Zona Caral Administrador"},"sameAs":["https:\/\/zonacaral.gob.pe"],"url":"https:\/\/zonacaral.gob.pe\/en\/noticias\/author\/ad_zonacaral\/"}]}},"_links":{"self":[{"href":"https:\/\/zonacaral.gob.pe\/en\/wp-json\/wp\/v2\/posts\/18143","targetHints":{"allow":["GET"]}}],"collection":[{"href":"https:\/\/zonacaral.gob.pe\/en\/wp-json\/wp\/v2\/posts"}],"about":[{"href":"https:\/\/zonacaral.gob.pe\/en\/wp-json\/wp\/v2\/types\/post"}],"author":[{"embeddable":true,"href":"https:\/\/zonacaral.gob.pe\/en\/wp-json\/wp\/v2\/users\/1"}],"replies":[{"embeddable":true,"href":"https:\/\/zonacaral.gob.pe\/en\/wp-json\/wp\/v2\/comments?post=18143"}],"version-history":[{"count":0,"href":"https:\/\/zonacaral.gob.pe\/en\/wp-json\/wp\/v2\/posts\/18143\/revisions"}],"wp:featuredmedia":[{"embeddable":true,"href":"https:\/\/zonacaral.gob.pe\/en\/wp-json\/wp\/v2\/media\/18144"}],"wp:attachment":[{"href":"https:\/\/zonacaral.gob.pe\/en\/wp-json\/wp\/v2\/media?parent=18143"}],"wp:term":[{"taxonomy":"category","embeddable":true,"href":"https:\/\/zonacaral.gob.pe\/en\/wp-json\/wp\/v2\/categories?post=18143"},{"taxonomy":"post_tag","embeddable":true,"href":"https:\/\/zonacaral.gob.pe\/en\/wp-json\/wp\/v2\/tags?post=18143"}],"curies":[{"name":"wp","href":"https:\/\/api.w.org\/{rel}","templated":true}]}}