{"id":18178,"date":"2025-03-13T10:44:33","date_gmt":"2025-03-13T15:44:33","guid":{"rendered":"https:\/\/www.zonacaral.gob.pe\/?p=18178"},"modified":"2025-03-13T10:44:33","modified_gmt":"2025-03-13T15:44:33","slug":"homenaje-a-tres-mujeres-que-superan-barreras-y-resaltan-la-presencia-femenina-en-su-campo","status":"publish","type":"post","link":"https:\/\/zonacaral.gob.pe\/en\/noticias\/homenaje-a-tres-mujeres-que-superan-barreras-y-resaltan-la-presencia-femenina-en-su-campo\/","title":{"rendered":"Homenaje a tres mujeres que superan barreras y resaltan la presencia femenina en su campo"},"content":{"rendered":"<figure class=\"pic-autor\" style=\"color: #4d4d4d; text-align: justify;\"><\/figure>\n<div class=\"gmail_default\" style=\"text-align: justify;\">\n<blockquote>\n<p><span style=\"font-weight: 400;\">Por su dedicaci\u00f3n, fortaleza y valiosa contribuci\u00f3n al pa\u00eds.<\/span><\/p>\n<\/blockquote>\n<div>\n<p><span style=\"font-weight: 400;\">En la inauguraci\u00f3n de la exposici\u00f3n museogr\u00e1fica <\/span><span style=\"font-weight: 400;\">\u00ab<\/span><span style=\"font-weight: 400;\">El Rol de la Mujer en la Civilizaci\u00f3n Caral<\/span><span style=\"font-weight: 400;\">\u00bb<\/span><span style=\"font-weight: 400;\">, organizada por la <\/span><a href=\"https:\/\/www.instagram.com\/caralperu\/?hl=es\"><span style=\"font-weight: 400;\">Zona Arqueol\u00f3gica Caral<\/span><\/a><span style=\"font-weight: 400;\"> (ZAC), Unidad Ejecutora 003 del Ministerio de Cultura, para conmemorar el D\u00eda Internacional de la Mujer, rendimos homenaje a las mujeres entregando un reconocimiento a tres de ellas, destacadas en sus respectivas actividades comunitarias.<\/span><\/p>\n<p><span style=\"font-weight: 400;\">El evento estuvo encabezado por la doctora Ruth Shady Sol\u00eds, directora de la ZAC, quien destac\u00f3 que las mujeres, desde la formaci\u00f3n de la Civilizaci\u00f3n Caral, han desempe\u00f1ado roles fundamentales en diversos \u00e1mbitos, como el sociopol\u00edtico, econ\u00f3mico y religioso, en complementariedad con los hombres.<\/span><\/p>\n<p><span style=\"font-weight: 400;\">\u201c(En Caral) hemos tenido mujeres que han sido autoridades pol\u00edticas, sacerdotisas, que pod\u00edan resolver cualquier conflicto que se presentaba. Las mujeres se desempe\u00f1aron en la producci\u00f3n, entre otras funciones. Y en la actualidad no se est\u00e1 considerando eso. Cuando una mujer deb\u00eda tener un control pol\u00edtico, por su capacidad, se respetaba y eso se fue dando en las posteriores culturas andinas\u201d, dijo.<\/span><\/p>\n<p><span style=\"font-weight: 400;\">Es por ello, que la ZAC entreg\u00f3 un reconocimiento a tres mujeres excepcionales que, con su trabajo y dedicaci\u00f3n, han dejado una huella profunda en sus comunidades: Delia Pizarro Maldonado, artista Shipibo-Konibo y presidenta de la Asociaci\u00f3n de Madres Shinan Imabo Cantagallo; Daniela Hutdwalcker Zavala, conocida como \u201cAsirisonqo de Ayacucho\u201d e integrante de la Agrupaci\u00f3n Warmi Danzaq; y a Mar\u00eda de los \u00c1ngeles Ochoa Luj\u00e1n, miembro del Grupo de Trabajo con Poblaci\u00f3n Afroperuana y secretaria general del Sindicato Nacional de Trabajadoras del Hogar.<\/span><\/p>\n<p><span style=\"font-weight: 400;\">En su intervenci\u00f3n la artista Delia Pizarro, agradeci\u00f3 el homenaje y cont\u00f3 parte de su trabajo. \u201cGracias a la doctora Ruth Shady y la Zona Arqueol\u00f3gica Caral por este homenaje. Estoy en Lima desde el a\u00f1o 2000, perteneciente a la comunidad nativa Roya. Trabajo junto a varias madres en la Comunidad Cantagallo y formamos la asociaci\u00f3n Shinan Imabo. Estoy ganando mi lugar. Soy muralista, tejedora, trabajamos en ferias gastron\u00f3micas, de moda, entre otras actividades\u201d, dijo.<\/span><\/p>\n<p><span style=\"font-weight: 400;\">A su turno, Mar\u00eda de los Angeles Ochoa indic\u00f3: \u201cAgradezco este homenaje, a nosotras como trabajadoras del hogar. Pertenezco a una organizaci\u00f3n que agrupa a 15 sindicatos en todo el Per\u00fa, viendo los derechos de las mujeres y; en especial, velamos por que no se vulneren los derechos de las mujeres negras en el Per\u00fa\u201d.<\/span><\/p>\n<p><span style=\"font-weight: 400;\">Y, para finalizar, Daniela Hutdwalcker, reflexion\u00f3 sobre la importancia de la mujer en la Civilizaci\u00f3n Caral, como en la Danza de Tijeras, patrimonio cultural del Per\u00fa.&nbsp; \u201cEs innegable que esta civilizaci\u00f3n influy\u00f3 en las dem\u00e1s culturas, como en la Danza de Tijeras donde la mujer es esencial para el bautizo y ofrenda de un nuevo danzante\u201d.<\/span><\/p>\n<p><span style=\"font-weight: 400;\">DATO<\/span><\/p>\n<p><span style=\"font-weight: 400;\">Visita la exposici\u00f3n <\/span><span style=\"font-weight: 400;\">\u00ab<\/span><span style=\"font-weight: 400;\">El Rol de la Mujer en la Civilizaci\u00f3n Caral<\/span><span style=\"font-weight: 400;\">\u00bb<\/span><span style=\"font-weight: 400;\">, de martes a domingo, de 9:00 a. m. a 4:00 p. m., hasta el domingo 23 de marzo.<\/span><\/p>\n<\/div>\n<p><strong style=\"font-size: inherit; text-align: justify;\">Fuente: Comunicaci\u00f3n e Imagen Institucional ZAC<\/strong><\/p>\n<\/div>\n<div style=\"color: #1f1f1f;\">\n<div style=\"color: #1f1f1f;\">\n<p style=\"text-align: justify;\">Fecha de publicaci\u00f3n: 12\/03\/2025<\/p>\n<\/div>\n<\/div>\n\n\n<p><\/p>","protected":false},"excerpt":{"rendered":"<p>Por su dedicaci\u00f3n, fortaleza y valiosa contribuci\u00f3n al pa\u00eds. En la inauguraci\u00f3n de la exposici\u00f3n museogr\u00e1fica \u00abEl Rol de la [&hellip;]<\/p>\n","protected":false},"author":1,"featured_media":18179,"comment_status":"closed","ping_status":"open","sticky":false,"template":"","format":"standard","meta":{"_acf_changed":false,"site-sidebar-layout":"default","site-content-layout":"","ast-site-content-layout":"default","site-content-style":"default","site-sidebar-style":"default","ast-global-header-display":"","ast-banner-title-visibility":"","ast-main-header-display":"","ast-hfb-above-header-display":"","ast-hfb-below-header-display":"","ast-hfb-mobile-header-display":"","site-post-title":"","ast-breadcrumbs-content":"","ast-featured-img":"","footer-sml-layout":"","ast-disable-related-posts":"","theme-transparent-header-meta":"","adv-header-id-meta":"","stick-header-meta":"","header-above-stick-meta":"","header-main-stick-meta":"","header-below-stick-meta":"","astra-migrate-meta-layouts":"default","ast-page-background-enabled":"default","ast-page-background-meta":{"desktop":{"background-color":"var(--ast-global-color-5)","background-image":"","background-repeat":"repeat","background-position":"center center","background-size":"auto","background-attachment":"scroll","background-type":"","background-media":"","overlay-type":"","overlay-color":"","overlay-opacity":"","overlay-gradient":""},"tablet":{"background-color":"","background-image":"","background-repeat":"repeat","background-position":"center center","background-size":"auto","background-attachment":"scroll","background-type":"","background-media":"","overlay-type":"","overlay-color":"","overlay-opacity":"","overlay-gradient":""},"mobile":{"background-color":"","background-image":"","background-repeat":"repeat","background-position":"center center","background-size":"auto","background-attachment":"scroll","background-type":"","background-media":"","overlay-type":"","overlay-color":"","overlay-opacity":"","overlay-gradient":""}},"ast-content-background-meta":{"desktop":{"background-color":"var(--ast-global-color-4)","background-image":"","background-repeat":"repeat","background-position":"center center","background-size":"auto","background-attachment":"scroll","background-type":"","background-media":"","overlay-type":"","overlay-color":"","overlay-opacity":"","overlay-gradient":""},"tablet":{"background-color":"var(--ast-global-color-4)","background-image":"","background-repeat":"repeat","background-position":"center center","background-size":"auto","background-attachment":"scroll","background-type":"","background-media":"","overlay-type":"","overlay-color":"","overlay-opacity":"","overlay-gradient":""},"mobile":{"background-color":"var(--ast-global-color-4)","background-image":"","background-repeat":"repeat","background-position":"center center","background-size":"auto","background-attachment":"scroll","background-type":"","background-media":"","overlay-type":"","overlay-color":"","overlay-opacity":"","overlay-gradient":""}},"footnotes":""},"categories":[208],"tags":[55,72],"class_list":["post-18178","post","type-post","status-publish","format-standard","has-post-thumbnail","hentry","category-noticias","tag-caral","tag-cultura"],"acf":[],"yoast_head":"<!-- This site is optimized with the Yoast SEO plugin v27.3 - https:\/\/yoast.com\/product\/yoast-seo-wordpress\/ -->\n<title>Homenaje a tres mujeres que superan barreras y resaltan la presencia femenina en su campo<\/title>\n<meta name=\"description\" content=\"En la inauguraci\u00f3n de la exposici\u00f3n museogr\u00e1fica \u00abEl Rol de la Mujer en la Civilizaci\u00f3n Caral\u00bb, organizada por la Zona Arqueol\u00f3gica Caral (ZAC), Unidad Ejecutora 003 del Ministerio de Cultura, para conmemorar el D\u00eda Internacional de la Mujer, rendimos homenaje a las mujeres entregando un reconocimiento a tres de ellas, destacadas en sus respectivas actividades comunitarias.\" \/>\n<meta name=\"robots\" content=\"index, follow, max-snippet:-1, max-image-preview:large, max-video-preview:-1\" \/>\n<link rel=\"canonical\" href=\"https:\/\/zonacaral.gob.pe\/en\/noticias\/homenaje-a-tres-mujeres-que-superan-barreras-y-resaltan-la-presencia-femenina-en-su-campo\/\" \/>\n<meta property=\"og:locale\" content=\"en_US\" \/>\n<meta property=\"og:type\" content=\"article\" \/>\n<meta property=\"og:title\" content=\"Homenaje a tres mujeres que superan barreras y resaltan la presencia femenina en su campo\" \/>\n<meta property=\"og:description\" content=\"En la inauguraci\u00f3n de la exposici\u00f3n museogr\u00e1fica \u00abEl Rol de la Mujer en la Civilizaci\u00f3n Caral\u00bb, organizada por la Zona Arqueol\u00f3gica Caral (ZAC), Unidad Ejecutora 003 del Ministerio de Cultura, para conmemorar el D\u00eda Internacional de la Mujer, rendimos homenaje a las mujeres entregando un reconocimiento a tres de ellas, destacadas en sus respectivas actividades comunitarias.\" \/>\n<meta property=\"og:url\" content=\"https:\/\/zonacaral.gob.pe\/en\/noticias\/homenaje-a-tres-mujeres-que-superan-barreras-y-resaltan-la-presencia-femenina-en-su-campo\/\" \/>\n<meta property=\"og:site_name\" content=\"Zona Caral\" \/>\n<meta property=\"article:published_time\" content=\"2025-03-13T15:44:33+00:00\" \/>\n<meta property=\"og:image\" content=\"https:\/\/zonacaral.gob.pe\/wp-content\/uploads\/2025\/03\/mujeres-1.jpg\" \/>\n\t<meta property=\"og:image:width\" content=\"2296\" \/>\n\t<meta property=\"og:image:height\" content=\"1288\" \/>\n\t<meta property=\"og:image:type\" content=\"image\/jpeg\" \/>\n<meta name=\"author\" content=\"Zona Caral Administrador\" \/>\n<meta name=\"twitter:card\" content=\"summary_large_image\" \/>\n<meta name=\"twitter:label1\" content=\"Written by\" \/>\n\t<meta name=\"twitter:data1\" content=\"Zona Caral Administrador\" \/>\n\t<meta name=\"twitter:label2\" content=\"Est. reading time\" \/>\n\t<meta name=\"twitter:data2\" content=\"3 minutes\" \/>\n<script type=\"application\/ld+json\" class=\"yoast-schema-graph\">{\"@context\":\"https:\\\/\\\/schema.org\",\"@graph\":[{\"@type\":\"Article\",\"@id\":\"https:\\\/\\\/zonacaral.gob.pe\\\/es\\\/noticias\\\/homenaje-a-tres-mujeres-que-superan-barreras-y-resaltan-la-presencia-femenina-en-su-campo\\\/#article\",\"isPartOf\":{\"@id\":\"https:\\\/\\\/zonacaral.gob.pe\\\/es\\\/noticias\\\/homenaje-a-tres-mujeres-que-superan-barreras-y-resaltan-la-presencia-femenina-en-su-campo\\\/\"},\"author\":{\"name\":\"Zona Caral Administrador\",\"@id\":\"https:\\\/\\\/zonacaral.gob.pe\\\/es\\\/#\\\/schema\\\/person\\\/beddb4d22f71a7230c5b90913270a0ee\"},\"headline\":\"Homenaje a tres mujeres que superan barreras y resaltan la presencia femenina en su campo\",\"datePublished\":\"2025-03-13T15:44:33+00:00\",\"mainEntityOfPage\":{\"@id\":\"https:\\\/\\\/zonacaral.gob.pe\\\/es\\\/noticias\\\/homenaje-a-tres-mujeres-que-superan-barreras-y-resaltan-la-presencia-femenina-en-su-campo\\\/\"},\"wordCount\":531,\"image\":{\"@id\":\"https:\\\/\\\/zonacaral.gob.pe\\\/es\\\/noticias\\\/homenaje-a-tres-mujeres-que-superan-barreras-y-resaltan-la-presencia-femenina-en-su-campo\\\/#primaryimage\"},\"thumbnailUrl\":\"https:\\\/\\\/zonacaral.gob.pe\\\/wp-content\\\/uploads\\\/2025\\\/03\\\/mujeres-1.jpg\",\"keywords\":[\"caral\",\"Cultura\"],\"articleSection\":[\"noticias\"],\"inLanguage\":\"en-US\"},{\"@type\":\"WebPage\",\"@id\":\"https:\\\/\\\/zonacaral.gob.pe\\\/es\\\/noticias\\\/homenaje-a-tres-mujeres-que-superan-barreras-y-resaltan-la-presencia-femenina-en-su-campo\\\/\",\"url\":\"https:\\\/\\\/zonacaral.gob.pe\\\/es\\\/noticias\\\/homenaje-a-tres-mujeres-que-superan-barreras-y-resaltan-la-presencia-femenina-en-su-campo\\\/\",\"name\":\"Homenaje a tres mujeres que superan barreras y resaltan la presencia femenina en su campo\",\"isPartOf\":{\"@id\":\"https:\\\/\\\/zonacaral.gob.pe\\\/es\\\/#website\"},\"primaryImageOfPage\":{\"@id\":\"https:\\\/\\\/zonacaral.gob.pe\\\/es\\\/noticias\\\/homenaje-a-tres-mujeres-que-superan-barreras-y-resaltan-la-presencia-femenina-en-su-campo\\\/#primaryimage\"},\"image\":{\"@id\":\"https:\\\/\\\/zonacaral.gob.pe\\\/es\\\/noticias\\\/homenaje-a-tres-mujeres-que-superan-barreras-y-resaltan-la-presencia-femenina-en-su-campo\\\/#primaryimage\"},\"thumbnailUrl\":\"https:\\\/\\\/zonacaral.gob.pe\\\/wp-content\\\/uploads\\\/2025\\\/03\\\/mujeres-1.jpg\",\"datePublished\":\"2025-03-13T15:44:33+00:00\",\"author\":{\"@id\":\"https:\\\/\\\/zonacaral.gob.pe\\\/es\\\/#\\\/schema\\\/person\\\/beddb4d22f71a7230c5b90913270a0ee\"},\"description\":\"En la inauguraci\u00f3n de la exposici\u00f3n museogr\u00e1fica \u00abEl Rol de la Mujer en la Civilizaci\u00f3n Caral\u00bb, organizada por la Zona Arqueol\u00f3gica Caral (ZAC), Unidad Ejecutora 003 del Ministerio de Cultura, para conmemorar el D\u00eda Internacional de la Mujer, rendimos homenaje a las mujeres entregando un reconocimiento a tres de ellas, destacadas en sus respectivas actividades comunitarias.\",\"breadcrumb\":{\"@id\":\"https:\\\/\\\/zonacaral.gob.pe\\\/es\\\/noticias\\\/homenaje-a-tres-mujeres-que-superan-barreras-y-resaltan-la-presencia-femenina-en-su-campo\\\/#breadcrumb\"},\"inLanguage\":\"en-US\",\"potentialAction\":[{\"@type\":\"ReadAction\",\"target\":[\"https:\\\/\\\/zonacaral.gob.pe\\\/es\\\/noticias\\\/homenaje-a-tres-mujeres-que-superan-barreras-y-resaltan-la-presencia-femenina-en-su-campo\\\/\"]}]},{\"@type\":\"ImageObject\",\"inLanguage\":\"en-US\",\"@id\":\"https:\\\/\\\/zonacaral.gob.pe\\\/es\\\/noticias\\\/homenaje-a-tres-mujeres-que-superan-barreras-y-resaltan-la-presencia-femenina-en-su-campo\\\/#primaryimage\",\"url\":\"https:\\\/\\\/zonacaral.gob.pe\\\/wp-content\\\/uploads\\\/2025\\\/03\\\/mujeres-1.jpg\",\"contentUrl\":\"https:\\\/\\\/zonacaral.gob.pe\\\/wp-content\\\/uploads\\\/2025\\\/03\\\/mujeres-1.jpg\",\"width\":2296,\"height\":1288},{\"@type\":\"BreadcrumbList\",\"@id\":\"https:\\\/\\\/zonacaral.gob.pe\\\/es\\\/noticias\\\/homenaje-a-tres-mujeres-que-superan-barreras-y-resaltan-la-presencia-femenina-en-su-campo\\\/#breadcrumb\",\"itemListElement\":[{\"@type\":\"ListItem\",\"position\":1,\"name\":\"Portada\",\"item\":\"https:\\\/\\\/zonacaral.gob.pe\\\/\"},{\"@type\":\"ListItem\",\"position\":2,\"name\":\"Homenaje a tres mujeres que superan barreras y resaltan la presencia femenina en su campo\"}]},{\"@type\":\"WebSite\",\"@id\":\"https:\\\/\\\/zonacaral.gob.pe\\\/es\\\/#website\",\"url\":\"https:\\\/\\\/zonacaral.gob.pe\\\/es\\\/\",\"name\":\"Zona Caral\",\"description\":\"Investigamos, conservamos y difundimos el patrimonio cultural de la Civilizaci\u00f3n Caral, la m\u00e1s antigua de Am\u00e9rica.\",\"potentialAction\":[{\"@type\":\"SearchAction\",\"target\":{\"@type\":\"EntryPoint\",\"urlTemplate\":\"https:\\\/\\\/zonacaral.gob.pe\\\/es\\\/?s={search_term_string}\"},\"query-input\":{\"@type\":\"PropertyValueSpecification\",\"valueRequired\":true,\"valueName\":\"search_term_string\"}}],\"inLanguage\":\"en-US\"},{\"@type\":\"Person\",\"@id\":\"https:\\\/\\\/zonacaral.gob.pe\\\/es\\\/#\\\/schema\\\/person\\\/beddb4d22f71a7230c5b90913270a0ee\",\"name\":\"Zona Caral Administrador\",\"image\":{\"@type\":\"ImageObject\",\"inLanguage\":\"en-US\",\"@id\":\"https:\\\/\\\/secure.gravatar.com\\\/avatar\\\/e4be162918a696358376de6446614e0f0f4062bdc5d170d6d540ada3d8b58c12?s=96&d=mm&r=g\",\"url\":\"https:\\\/\\\/secure.gravatar.com\\\/avatar\\\/e4be162918a696358376de6446614e0f0f4062bdc5d170d6d540ada3d8b58c12?s=96&d=mm&r=g\",\"contentUrl\":\"https:\\\/\\\/secure.gravatar.com\\\/avatar\\\/e4be162918a696358376de6446614e0f0f4062bdc5d170d6d540ada3d8b58c12?s=96&d=mm&r=g\",\"caption\":\"Zona Caral Administrador\"},\"sameAs\":[\"https:\\\/\\\/zonacaral.gob.pe\"],\"url\":\"https:\\\/\\\/zonacaral.gob.pe\\\/en\\\/noticias\\\/author\\\/ad_zonacaral\\\/\"}]}<\/script>\n<!-- \/ Yoast SEO plugin. -->","yoast_head_json":{"title":"Homenaje a tres mujeres que superan barreras y resaltan la presencia femenina en su campo","description":"En la inauguraci\u00f3n de la exposici\u00f3n museogr\u00e1fica \u00abEl Rol de la Mujer en la Civilizaci\u00f3n Caral\u00bb, organizada por la Zona Arqueol\u00f3gica Caral (ZAC), Unidad Ejecutora 003 del Ministerio de Cultura, para conmemorar el D\u00eda Internacional de la Mujer, rendimos homenaje a las mujeres entregando un reconocimiento a tres de ellas, destacadas en sus respectivas actividades comunitarias.","robots":{"index":"index","follow":"follow","max-snippet":"max-snippet:-1","max-image-preview":"max-image-preview:large","max-video-preview":"max-video-preview:-1"},"canonical":"https:\/\/zonacaral.gob.pe\/en\/noticias\/homenaje-a-tres-mujeres-que-superan-barreras-y-resaltan-la-presencia-femenina-en-su-campo\/","og_locale":"en_US","og_type":"article","og_title":"Homenaje a tres mujeres que superan barreras y resaltan la presencia femenina en su campo","og_description":"En la inauguraci\u00f3n de la exposici\u00f3n museogr\u00e1fica \u00abEl Rol de la Mujer en la Civilizaci\u00f3n Caral\u00bb, organizada por la Zona Arqueol\u00f3gica Caral (ZAC), Unidad Ejecutora 003 del Ministerio de Cultura, para conmemorar el D\u00eda Internacional de la Mujer, rendimos homenaje a las mujeres entregando un reconocimiento a tres de ellas, destacadas en sus respectivas actividades comunitarias.","og_url":"https:\/\/zonacaral.gob.pe\/en\/noticias\/homenaje-a-tres-mujeres-que-superan-barreras-y-resaltan-la-presencia-femenina-en-su-campo\/","og_site_name":"Zona Caral","article_published_time":"2025-03-13T15:44:33+00:00","og_image":[{"width":2296,"height":1288,"url":"https:\/\/zonacaral.gob.pe\/wp-content\/uploads\/2025\/03\/mujeres-1.jpg","type":"image\/jpeg"}],"author":"Zona Caral Administrador","twitter_card":"summary_large_image","twitter_misc":{"Written by":"Zona Caral Administrador","Est. reading time":"3 minutes"},"schema":{"@context":"https:\/\/schema.org","@graph":[{"@type":"Article","@id":"https:\/\/zonacaral.gob.pe\/es\/noticias\/homenaje-a-tres-mujeres-que-superan-barreras-y-resaltan-la-presencia-femenina-en-su-campo\/#article","isPartOf":{"@id":"https:\/\/zonacaral.gob.pe\/es\/noticias\/homenaje-a-tres-mujeres-que-superan-barreras-y-resaltan-la-presencia-femenina-en-su-campo\/"},"author":{"name":"Zona Caral Administrador","@id":"https:\/\/zonacaral.gob.pe\/es\/#\/schema\/person\/beddb4d22f71a7230c5b90913270a0ee"},"headline":"Homenaje a tres mujeres que superan barreras y resaltan la presencia femenina en su campo","datePublished":"2025-03-13T15:44:33+00:00","mainEntityOfPage":{"@id":"https:\/\/zonacaral.gob.pe\/es\/noticias\/homenaje-a-tres-mujeres-que-superan-barreras-y-resaltan-la-presencia-femenina-en-su-campo\/"},"wordCount":531,"image":{"@id":"https:\/\/zonacaral.gob.pe\/es\/noticias\/homenaje-a-tres-mujeres-que-superan-barreras-y-resaltan-la-presencia-femenina-en-su-campo\/#primaryimage"},"thumbnailUrl":"https:\/\/zonacaral.gob.pe\/wp-content\/uploads\/2025\/03\/mujeres-1.jpg","keywords":["caral","Cultura"],"articleSection":["noticias"],"inLanguage":"en-US"},{"@type":"WebPage","@id":"https:\/\/zonacaral.gob.pe\/es\/noticias\/homenaje-a-tres-mujeres-que-superan-barreras-y-resaltan-la-presencia-femenina-en-su-campo\/","url":"https:\/\/zonacaral.gob.pe\/es\/noticias\/homenaje-a-tres-mujeres-que-superan-barreras-y-resaltan-la-presencia-femenina-en-su-campo\/","name":"Homenaje a tres mujeres que superan barreras y resaltan la presencia femenina en su campo","isPartOf":{"@id":"https:\/\/zonacaral.gob.pe\/es\/#website"},"primaryImageOfPage":{"@id":"https:\/\/zonacaral.gob.pe\/es\/noticias\/homenaje-a-tres-mujeres-que-superan-barreras-y-resaltan-la-presencia-femenina-en-su-campo\/#primaryimage"},"image":{"@id":"https:\/\/zonacaral.gob.pe\/es\/noticias\/homenaje-a-tres-mujeres-que-superan-barreras-y-resaltan-la-presencia-femenina-en-su-campo\/#primaryimage"},"thumbnailUrl":"https:\/\/zonacaral.gob.pe\/wp-content\/uploads\/2025\/03\/mujeres-1.jpg","datePublished":"2025-03-13T15:44:33+00:00","author":{"@id":"https:\/\/zonacaral.gob.pe\/es\/#\/schema\/person\/beddb4d22f71a7230c5b90913270a0ee"},"description":"En la inauguraci\u00f3n de la exposici\u00f3n museogr\u00e1fica \u00abEl Rol de la Mujer en la Civilizaci\u00f3n Caral\u00bb, organizada por la Zona Arqueol\u00f3gica Caral (ZAC), Unidad Ejecutora 003 del Ministerio de Cultura, para conmemorar el D\u00eda Internacional de la Mujer, rendimos homenaje a las mujeres entregando un reconocimiento a tres de ellas, destacadas en sus respectivas actividades comunitarias.","breadcrumb":{"@id":"https:\/\/zonacaral.gob.pe\/es\/noticias\/homenaje-a-tres-mujeres-que-superan-barreras-y-resaltan-la-presencia-femenina-en-su-campo\/#breadcrumb"},"inLanguage":"en-US","potentialAction":[{"@type":"ReadAction","target":["https:\/\/zonacaral.gob.pe\/es\/noticias\/homenaje-a-tres-mujeres-que-superan-barreras-y-resaltan-la-presencia-femenina-en-su-campo\/"]}]},{"@type":"ImageObject","inLanguage":"en-US","@id":"https:\/\/zonacaral.gob.pe\/es\/noticias\/homenaje-a-tres-mujeres-que-superan-barreras-y-resaltan-la-presencia-femenina-en-su-campo\/#primaryimage","url":"https:\/\/zonacaral.gob.pe\/wp-content\/uploads\/2025\/03\/mujeres-1.jpg","contentUrl":"https:\/\/zonacaral.gob.pe\/wp-content\/uploads\/2025\/03\/mujeres-1.jpg","width":2296,"height":1288},{"@type":"BreadcrumbList","@id":"https:\/\/zonacaral.gob.pe\/es\/noticias\/homenaje-a-tres-mujeres-que-superan-barreras-y-resaltan-la-presencia-femenina-en-su-campo\/#breadcrumb","itemListElement":[{"@type":"ListItem","position":1,"name":"Portada","item":"https:\/\/zonacaral.gob.pe\/"},{"@type":"ListItem","position":2,"name":"Homenaje a tres mujeres que superan barreras y resaltan la presencia femenina en su campo"}]},{"@type":"WebSite","@id":"https:\/\/zonacaral.gob.pe\/es\/#website","url":"https:\/\/zonacaral.gob.pe\/es\/","name":"Zona Caral","description":"Investigamos, conservamos y difundimos el patrimonio cultural de la Civilizaci\u00f3n Caral, la m\u00e1s antigua de Am\u00e9rica.","potentialAction":[{"@type":"SearchAction","target":{"@type":"EntryPoint","urlTemplate":"https:\/\/zonacaral.gob.pe\/es\/?s={search_term_string}"},"query-input":{"@type":"PropertyValueSpecification","valueRequired":true,"valueName":"search_term_string"}}],"inLanguage":"en-US"},{"@type":"Person","@id":"https:\/\/zonacaral.gob.pe\/es\/#\/schema\/person\/beddb4d22f71a7230c5b90913270a0ee","name":"Zona Caral Administrador","image":{"@type":"ImageObject","inLanguage":"en-US","@id":"https:\/\/secure.gravatar.com\/avatar\/e4be162918a696358376de6446614e0f0f4062bdc5d170d6d540ada3d8b58c12?s=96&d=mm&r=g","url":"https:\/\/secure.gravatar.com\/avatar\/e4be162918a696358376de6446614e0f0f4062bdc5d170d6d540ada3d8b58c12?s=96&d=mm&r=g","contentUrl":"https:\/\/secure.gravatar.com\/avatar\/e4be162918a696358376de6446614e0f0f4062bdc5d170d6d540ada3d8b58c12?s=96&d=mm&r=g","caption":"Zona Caral Administrador"},"sameAs":["https:\/\/zonacaral.gob.pe"],"url":"https:\/\/zonacaral.gob.pe\/en\/noticias\/author\/ad_zonacaral\/"}]}},"_links":{"self":[{"href":"https:\/\/zonacaral.gob.pe\/en\/wp-json\/wp\/v2\/posts\/18178","targetHints":{"allow":["GET"]}}],"collection":[{"href":"https:\/\/zonacaral.gob.pe\/en\/wp-json\/wp\/v2\/posts"}],"about":[{"href":"https:\/\/zonacaral.gob.pe\/en\/wp-json\/wp\/v2\/types\/post"}],"author":[{"embeddable":true,"href":"https:\/\/zonacaral.gob.pe\/en\/wp-json\/wp\/v2\/users\/1"}],"replies":[{"embeddable":true,"href":"https:\/\/zonacaral.gob.pe\/en\/wp-json\/wp\/v2\/comments?post=18178"}],"version-history":[{"count":0,"href":"https:\/\/zonacaral.gob.pe\/en\/wp-json\/wp\/v2\/posts\/18178\/revisions"}],"wp:featuredmedia":[{"embeddable":true,"href":"https:\/\/zonacaral.gob.pe\/en\/wp-json\/wp\/v2\/media\/18179"}],"wp:attachment":[{"href":"https:\/\/zonacaral.gob.pe\/en\/wp-json\/wp\/v2\/media?parent=18178"}],"wp:term":[{"taxonomy":"category","embeddable":true,"href":"https:\/\/zonacaral.gob.pe\/en\/wp-json\/wp\/v2\/categories?post=18178"},{"taxonomy":"post_tag","embeddable":true,"href":"https:\/\/zonacaral.gob.pe\/en\/wp-json\/wp\/v2\/tags?post=18178"}],"curies":[{"name":"wp","href":"https:\/\/api.w.org\/{rel}","templated":true}]}}