{"id":18210,"date":"2025-04-04T10:24:08","date_gmt":"2025-04-04T15:24:08","guid":{"rendered":"https:\/\/www.zonacaral.gob.pe\/?p=18210"},"modified":"2025-04-04T10:24:08","modified_gmt":"2025-04-04T15:24:08","slug":"participantes-de-nuevo-taller-libro-objeto-finalizaron-su-experiencia-emocionados","status":"publish","type":"post","link":"https:\/\/zonacaral.gob.pe\/en\/noticias\/participantes-de-nuevo-taller-libro-objeto-finalizaron-su-experiencia-emocionados\/","title":{"rendered":"Participantes de nuevo taller \u201cLibro Objeto\u201d finalizaron su experiencia emocionados"},"content":{"rendered":"<figure class=\"pic-autor\" style=\"color: #4d4d4d; text-align: justify;\"><\/figure>\n<div class=\"gmail_default\" style=\"text-align: justify;\">\n<blockquote>\n<p><span style=\"font-weight: 400;\">Transmitimos la historia social de la primera civilizaci\u00f3n de Am\u00e9rica de una forma divertida.<\/span><\/p>\n<\/blockquote>\n<p><span style=\"font-weight: 400;\">El programa \u201cCaral para Todos\u201d, de la <\/span><a href=\"https:\/\/www.instagram.com\/caralperu\/?hl=es\"><span style=\"font-weight: 400;\">Zona Arqueol\u00f3gica Caral<\/span><\/a><span style=\"font-weight: 400;\"> (ZAC), Unidad Ejecutora 003 del Ministerio de Cultura, realiz\u00f3 con \u00e9xito el nuevo taller denominado \u201cLibro Objeto: el Rol de la Mujer en la Civilizaci\u00f3n Caral\u201d, aprovechando el espacio de la muestra museogr\u00e1fica que lleva el mismo nombre y que se viene presentando en la Sala Paracas de este Ministerio.<\/span><\/p>\n<p><span style=\"font-weight: 400;\">En dos diferentes turnos, los asistentes a este taller demostraron su creatividad y destreza para las manualidades y, bajo la gu\u00eda de la artista pl\u00e1stica y dise\u00f1adora gr\u00e1fica Karolina Rayme Vel\u00e1squez de la ZAC, lograron crear un libro cargado de emociones pues en ellas, como propuesta, deb\u00edan visualizar a la mujer que admiran, y asociarla con uno de los hallazgos realizados en los doce centros urbanos de la Civilizaci\u00f3n Caral.<\/span><\/p>\n<p><span style=\"font-weight: 400;\">\u201cEl \u2018Libro Objeto\u2019 es una forma de arte que combina literatura, imagen y materialidad para contar historias de manera innovadora\u201d, se\u00f1al\u00f3 Rayme Vel\u00e1squez.<\/span><\/p>\n<p><span style=\"font-weight: 400;\">\u201cA partir de materiales como papel, tela, fibras naturales y elementos reciclados, los participantes crean su propio Libro Objeto o Libro del artista, inspirado en la figura femenina en Caral: sacerdotisas, autoridades, l\u00edderes, madres, gu\u00edas, maestras y guardianas del conocimiento ancestral. Adem\u00e1s, reflexionaremos sobre la importancia de la mujer en las primeras sociedades y su influencia en el presente\u201d, agreg\u00f3.<\/span><\/p>\n<p><span style=\"font-weight: 400;\">Cabe precisar que, antes de iniciar el taller la responsable de la Unidad de <\/span><span style=\"font-weight: 400;\">Promoci\u00f3n Tur\u00edstica y Mercadeo Cultural<\/span><span style=\"font-weight: 400;\"> de la ZAC, Mariela Crespo Crisanto, traslad\u00f3 a los participantes a la exposici\u00f3n museogr\u00e1fica \u201cEl Rol de la Mujer en la Civilizaci\u00f3n Caral\u201d, y les explic\u00f3 de manera detallada sobre las funciones que realizaron las mujeres a lo largo del desarrollo cultural andino, partiendo de Caral, hasta el periodo Inca.<\/span><\/p>\n<p><span style=\"font-weight: 400;\">Luego del taller, los participantes, en su mayor\u00eda mujeres, se mostraron agradecidas y se\u00f1alaron que fue \u201cemocionante\u201d. \u201c<\/span><span style=\"font-weight: 400;\">Mi mam\u00e1 fue una l\u00edder, siempre buscaba su superaci\u00f3n y la de sus hijos. Form\u00f3 adem\u00e1s c\u00edrculos de lectura para ense\u00f1ar a leer a mujeres, y la veo representada en la sacerdotisa de Miraya. Mi mam\u00e1 fue una l\u00edder y figura de autoridad\u201d, cont\u00f3 una participante.<\/span><\/p>\n<p><span style=\"font-weight: 400;\">As\u00ed como ella, otra participante dedic\u00f3 su \u201cLibro Objeto\u201d a su t\u00eda, una mujer que marc\u00f3 su vida y que tambi\u00e9n encontr\u00f3 representaci\u00f3n en los hallazgos de Caral.<\/span><\/p>\n<p><span style=\"font-weight: 400;\">Y tambi\u00e9n hubo quien se anim\u00f3 a realizar un \u201cLibro Objeto\u201d, que sirviera como gu\u00eda para que sus amigas y familiares sepan c\u00f3mo realizar la Ruta Caral, y visitar los tres centros urbanos habilitados al turismo, como: la Ciudad Sagrada de Caral-Supe, Patrimonio Mundial, \u00c1spero y Vichama.<\/span><\/p>\n<p><span style=\"font-weight: 400;\">DATO<\/span><\/p>\n<p><span style=\"font-weight: 400;\">Nuestro pr\u00f3ximo taller se realizar\u00e1 el 25 de abril. Si quieres saber de qu\u00e9 tratar\u00e1, inf\u00f3rmate m\u00e1s en nuestras redes sociales. Y si tienes pensado en realizar la Ruta Caral, comun\u00edcate al WhatsApp 955 881 340.<\/span><\/p>\n<p><strong style=\"font-size: inherit; text-align: justify;\">Fuente: Comunicaci\u00f3n e Imagen Institucional ZAC<\/strong><\/p>\n<\/div>\n<div style=\"color: #1f1f1f;\">\n<div style=\"color: #1f1f1f;\">\n<p style=\"text-align: justify;\">Fecha de publicaci\u00f3n: 04\/04\/2025<\/p>\n<\/div>\n<\/div>\n\n\n<p><\/p>","protected":false},"excerpt":{"rendered":"<p>Transmitimos la historia social de la primera civilizaci\u00f3n de Am\u00e9rica de una forma divertida. El programa \u201cCaral para Todos\u201d, de [&hellip;]<\/p>\n","protected":false},"author":1,"featured_media":18211,"comment_status":"closed","ping_status":"open","sticky":false,"template":"","format":"standard","meta":{"_acf_changed":false,"site-sidebar-layout":"default","site-content-layout":"","ast-site-content-layout":"default","site-content-style":"default","site-sidebar-style":"default","ast-global-header-display":"","ast-banner-title-visibility":"","ast-main-header-display":"","ast-hfb-above-header-display":"","ast-hfb-below-header-display":"","ast-hfb-mobile-header-display":"","site-post-title":"","ast-breadcrumbs-content":"","ast-featured-img":"","footer-sml-layout":"","ast-disable-related-posts":"","theme-transparent-header-meta":"","adv-header-id-meta":"","stick-header-meta":"","header-above-stick-meta":"","header-main-stick-meta":"","header-below-stick-meta":"","astra-migrate-meta-layouts":"default","ast-page-background-enabled":"default","ast-page-background-meta":{"desktop":{"background-color":"var(--ast-global-color-5)","background-image":"","background-repeat":"repeat","background-position":"center center","background-size":"auto","background-attachment":"scroll","background-type":"","background-media":"","overlay-type":"","overlay-color":"","overlay-opacity":"","overlay-gradient":""},"tablet":{"background-color":"","background-image":"","background-repeat":"repeat","background-position":"center center","background-size":"auto","background-attachment":"scroll","background-type":"","background-media":"","overlay-type":"","overlay-color":"","overlay-opacity":"","overlay-gradient":""},"mobile":{"background-color":"","background-image":"","background-repeat":"repeat","background-position":"center center","background-size":"auto","background-attachment":"scroll","background-type":"","background-media":"","overlay-type":"","overlay-color":"","overlay-opacity":"","overlay-gradient":""}},"ast-content-background-meta":{"desktop":{"background-color":"var(--ast-global-color-4)","background-image":"","background-repeat":"repeat","background-position":"center center","background-size":"auto","background-attachment":"scroll","background-type":"","background-media":"","overlay-type":"","overlay-color":"","overlay-opacity":"","overlay-gradient":""},"tablet":{"background-color":"var(--ast-global-color-4)","background-image":"","background-repeat":"repeat","background-position":"center center","background-size":"auto","background-attachment":"scroll","background-type":"","background-media":"","overlay-type":"","overlay-color":"","overlay-opacity":"","overlay-gradient":""},"mobile":{"background-color":"var(--ast-global-color-4)","background-image":"","background-repeat":"repeat","background-position":"center center","background-size":"auto","background-attachment":"scroll","background-type":"","background-media":"","overlay-type":"","overlay-color":"","overlay-opacity":"","overlay-gradient":""}},"footnotes":""},"categories":[208],"tags":[55,72],"class_list":["post-18210","post","type-post","status-publish","format-standard","has-post-thumbnail","hentry","category-noticias","tag-caral","tag-cultura"],"acf":[],"yoast_head":"<!-- This site is optimized with the Yoast SEO plugin v27.3 - https:\/\/yoast.com\/product\/yoast-seo-wordpress\/ -->\n<title>Participantes de nuevo taller \u201cLibro Objeto\u201d finalizaron su experiencia emocionados<\/title>\n<meta name=\"description\" content=\"El programa \u201cCaral para Todos\u201d, de la Zona Arqueol\u00f3gica Caral (ZAC), Unidad Ejecutora 003 del Ministerio de Cultura, realiz\u00f3 con \u00e9xito el nuevo taller denominado \u201cLibro Objeto: el Rol de la Mujer en la Civilizaci\u00f3n Caral\u201d, aprovechando el espacio de la muestra museogr\u00e1fica que lleva el mismo nombre y que se viene presentando en la Sala Paracas de este Ministerio.\" \/>\n<meta name=\"robots\" content=\"index, follow, max-snippet:-1, max-image-preview:large, max-video-preview:-1\" \/>\n<link rel=\"canonical\" href=\"https:\/\/zonacaral.gob.pe\/en\/noticias\/participantes-de-nuevo-taller-libro-objeto-finalizaron-su-experiencia-emocionados\/\" \/>\n<meta property=\"og:locale\" content=\"en_US\" \/>\n<meta property=\"og:type\" content=\"article\" \/>\n<meta property=\"og:title\" content=\"Participantes de nuevo taller \u201cLibro Objeto\u201d finalizaron su experiencia emocionados\" \/>\n<meta property=\"og:description\" content=\"El programa \u201cCaral para Todos\u201d, de la Zona Arqueol\u00f3gica Caral (ZAC), Unidad Ejecutora 003 del Ministerio de Cultura, realiz\u00f3 con \u00e9xito el nuevo taller denominado \u201cLibro Objeto: el Rol de la Mujer en la Civilizaci\u00f3n Caral\u201d, aprovechando el espacio de la muestra museogr\u00e1fica que lleva el mismo nombre y que se viene presentando en la Sala Paracas de este Ministerio.\" \/>\n<meta property=\"og:url\" content=\"https:\/\/zonacaral.gob.pe\/en\/noticias\/participantes-de-nuevo-taller-libro-objeto-finalizaron-su-experiencia-emocionados\/\" \/>\n<meta property=\"og:site_name\" content=\"Zona Caral\" \/>\n<meta property=\"article:published_time\" content=\"2025-04-04T15:24:08+00:00\" \/>\n<meta property=\"og:image\" content=\"https:\/\/zonacaral.gob.pe\/wp-content\/uploads\/2025\/04\/TALLER_LIBRO_OBJETO_1.jpg\" \/>\n\t<meta property=\"og:image:width\" content=\"2296\" \/>\n\t<meta property=\"og:image:height\" content=\"1288\" \/>\n\t<meta property=\"og:image:type\" content=\"image\/jpeg\" \/>\n<meta name=\"author\" content=\"Zona Caral Administrador\" \/>\n<meta name=\"twitter:card\" content=\"summary_large_image\" \/>\n<meta name=\"twitter:label1\" content=\"Written by\" \/>\n\t<meta name=\"twitter:data1\" content=\"Zona Caral Administrador\" \/>\n\t<meta name=\"twitter:label2\" content=\"Est. reading time\" \/>\n\t<meta name=\"twitter:data2\" content=\"3 minutes\" \/>\n<script type=\"application\/ld+json\" class=\"yoast-schema-graph\">{\"@context\":\"https:\\\/\\\/schema.org\",\"@graph\":[{\"@type\":\"Article\",\"@id\":\"https:\\\/\\\/zonacaral.gob.pe\\\/es\\\/noticias\\\/participantes-de-nuevo-taller-libro-objeto-finalizaron-su-experiencia-emocionados\\\/#article\",\"isPartOf\":{\"@id\":\"https:\\\/\\\/zonacaral.gob.pe\\\/es\\\/noticias\\\/participantes-de-nuevo-taller-libro-objeto-finalizaron-su-experiencia-emocionados\\\/\"},\"author\":{\"name\":\"Zona Caral Administrador\",\"@id\":\"https:\\\/\\\/zonacaral.gob.pe\\\/es\\\/#\\\/schema\\\/person\\\/beddb4d22f71a7230c5b90913270a0ee\"},\"headline\":\"Participantes de nuevo taller \u201cLibro Objeto\u201d finalizaron su experiencia emocionados\",\"datePublished\":\"2025-04-04T15:24:08+00:00\",\"mainEntityOfPage\":{\"@id\":\"https:\\\/\\\/zonacaral.gob.pe\\\/es\\\/noticias\\\/participantes-de-nuevo-taller-libro-objeto-finalizaron-su-experiencia-emocionados\\\/\"},\"wordCount\":527,\"image\":{\"@id\":\"https:\\\/\\\/zonacaral.gob.pe\\\/es\\\/noticias\\\/participantes-de-nuevo-taller-libro-objeto-finalizaron-su-experiencia-emocionados\\\/#primaryimage\"},\"thumbnailUrl\":\"https:\\\/\\\/zonacaral.gob.pe\\\/wp-content\\\/uploads\\\/2025\\\/04\\\/TALLER_LIBRO_OBJETO_1.jpg\",\"keywords\":[\"caral\",\"Cultura\"],\"articleSection\":[\"noticias\"],\"inLanguage\":\"en-US\"},{\"@type\":\"WebPage\",\"@id\":\"https:\\\/\\\/zonacaral.gob.pe\\\/es\\\/noticias\\\/participantes-de-nuevo-taller-libro-objeto-finalizaron-su-experiencia-emocionados\\\/\",\"url\":\"https:\\\/\\\/zonacaral.gob.pe\\\/es\\\/noticias\\\/participantes-de-nuevo-taller-libro-objeto-finalizaron-su-experiencia-emocionados\\\/\",\"name\":\"Participantes de nuevo taller \u201cLibro Objeto\u201d finalizaron su experiencia emocionados\",\"isPartOf\":{\"@id\":\"https:\\\/\\\/zonacaral.gob.pe\\\/es\\\/#website\"},\"primaryImageOfPage\":{\"@id\":\"https:\\\/\\\/zonacaral.gob.pe\\\/es\\\/noticias\\\/participantes-de-nuevo-taller-libro-objeto-finalizaron-su-experiencia-emocionados\\\/#primaryimage\"},\"image\":{\"@id\":\"https:\\\/\\\/zonacaral.gob.pe\\\/es\\\/noticias\\\/participantes-de-nuevo-taller-libro-objeto-finalizaron-su-experiencia-emocionados\\\/#primaryimage\"},\"thumbnailUrl\":\"https:\\\/\\\/zonacaral.gob.pe\\\/wp-content\\\/uploads\\\/2025\\\/04\\\/TALLER_LIBRO_OBJETO_1.jpg\",\"datePublished\":\"2025-04-04T15:24:08+00:00\",\"author\":{\"@id\":\"https:\\\/\\\/zonacaral.gob.pe\\\/es\\\/#\\\/schema\\\/person\\\/beddb4d22f71a7230c5b90913270a0ee\"},\"description\":\"El programa \u201cCaral para Todos\u201d, de la Zona Arqueol\u00f3gica Caral (ZAC), Unidad Ejecutora 003 del Ministerio de Cultura, realiz\u00f3 con \u00e9xito el nuevo taller denominado \u201cLibro Objeto: el Rol de la Mujer en la Civilizaci\u00f3n Caral\u201d, aprovechando el espacio de la muestra museogr\u00e1fica que lleva el mismo nombre y que se viene presentando en la Sala Paracas de este Ministerio.\",\"breadcrumb\":{\"@id\":\"https:\\\/\\\/zonacaral.gob.pe\\\/es\\\/noticias\\\/participantes-de-nuevo-taller-libro-objeto-finalizaron-su-experiencia-emocionados\\\/#breadcrumb\"},\"inLanguage\":\"en-US\",\"potentialAction\":[{\"@type\":\"ReadAction\",\"target\":[\"https:\\\/\\\/zonacaral.gob.pe\\\/es\\\/noticias\\\/participantes-de-nuevo-taller-libro-objeto-finalizaron-su-experiencia-emocionados\\\/\"]}]},{\"@type\":\"ImageObject\",\"inLanguage\":\"en-US\",\"@id\":\"https:\\\/\\\/zonacaral.gob.pe\\\/es\\\/noticias\\\/participantes-de-nuevo-taller-libro-objeto-finalizaron-su-experiencia-emocionados\\\/#primaryimage\",\"url\":\"https:\\\/\\\/zonacaral.gob.pe\\\/wp-content\\\/uploads\\\/2025\\\/04\\\/TALLER_LIBRO_OBJETO_1.jpg\",\"contentUrl\":\"https:\\\/\\\/zonacaral.gob.pe\\\/wp-content\\\/uploads\\\/2025\\\/04\\\/TALLER_LIBRO_OBJETO_1.jpg\",\"width\":2296,\"height\":1288},{\"@type\":\"BreadcrumbList\",\"@id\":\"https:\\\/\\\/zonacaral.gob.pe\\\/es\\\/noticias\\\/participantes-de-nuevo-taller-libro-objeto-finalizaron-su-experiencia-emocionados\\\/#breadcrumb\",\"itemListElement\":[{\"@type\":\"ListItem\",\"position\":1,\"name\":\"Portada\",\"item\":\"https:\\\/\\\/zonacaral.gob.pe\\\/\"},{\"@type\":\"ListItem\",\"position\":2,\"name\":\"Participantes de nuevo taller \u201cLibro Objeto\u201d finalizaron su experiencia emocionados\"}]},{\"@type\":\"WebSite\",\"@id\":\"https:\\\/\\\/zonacaral.gob.pe\\\/es\\\/#website\",\"url\":\"https:\\\/\\\/zonacaral.gob.pe\\\/es\\\/\",\"name\":\"Zona Caral\",\"description\":\"Investigamos, conservamos y difundimos el patrimonio cultural de la Civilizaci\u00f3n Caral, la m\u00e1s antigua de Am\u00e9rica.\",\"potentialAction\":[{\"@type\":\"SearchAction\",\"target\":{\"@type\":\"EntryPoint\",\"urlTemplate\":\"https:\\\/\\\/zonacaral.gob.pe\\\/es\\\/?s={search_term_string}\"},\"query-input\":{\"@type\":\"PropertyValueSpecification\",\"valueRequired\":true,\"valueName\":\"search_term_string\"}}],\"inLanguage\":\"en-US\"},{\"@type\":\"Person\",\"@id\":\"https:\\\/\\\/zonacaral.gob.pe\\\/es\\\/#\\\/schema\\\/person\\\/beddb4d22f71a7230c5b90913270a0ee\",\"name\":\"Zona Caral Administrador\",\"image\":{\"@type\":\"ImageObject\",\"inLanguage\":\"en-US\",\"@id\":\"https:\\\/\\\/secure.gravatar.com\\\/avatar\\\/e4be162918a696358376de6446614e0f0f4062bdc5d170d6d540ada3d8b58c12?s=96&d=mm&r=g\",\"url\":\"https:\\\/\\\/secure.gravatar.com\\\/avatar\\\/e4be162918a696358376de6446614e0f0f4062bdc5d170d6d540ada3d8b58c12?s=96&d=mm&r=g\",\"contentUrl\":\"https:\\\/\\\/secure.gravatar.com\\\/avatar\\\/e4be162918a696358376de6446614e0f0f4062bdc5d170d6d540ada3d8b58c12?s=96&d=mm&r=g\",\"caption\":\"Zona Caral Administrador\"},\"sameAs\":[\"https:\\\/\\\/zonacaral.gob.pe\"],\"url\":\"https:\\\/\\\/zonacaral.gob.pe\\\/en\\\/noticias\\\/author\\\/ad_zonacaral\\\/\"}]}<\/script>\n<!-- \/ Yoast SEO plugin. -->","yoast_head_json":{"title":"Participantes de nuevo taller \u201cLibro Objeto\u201d finalizaron su experiencia emocionados","description":"El programa \u201cCaral para Todos\u201d, de la Zona Arqueol\u00f3gica Caral (ZAC), Unidad Ejecutora 003 del Ministerio de Cultura, realiz\u00f3 con \u00e9xito el nuevo taller denominado \u201cLibro Objeto: el Rol de la Mujer en la Civilizaci\u00f3n Caral\u201d, aprovechando el espacio de la muestra museogr\u00e1fica que lleva el mismo nombre y que se viene presentando en la Sala Paracas de este Ministerio.","robots":{"index":"index","follow":"follow","max-snippet":"max-snippet:-1","max-image-preview":"max-image-preview:large","max-video-preview":"max-video-preview:-1"},"canonical":"https:\/\/zonacaral.gob.pe\/en\/noticias\/participantes-de-nuevo-taller-libro-objeto-finalizaron-su-experiencia-emocionados\/","og_locale":"en_US","og_type":"article","og_title":"Participantes de nuevo taller \u201cLibro Objeto\u201d finalizaron su experiencia emocionados","og_description":"El programa \u201cCaral para Todos\u201d, de la Zona Arqueol\u00f3gica Caral (ZAC), Unidad Ejecutora 003 del Ministerio de Cultura, realiz\u00f3 con \u00e9xito el nuevo taller denominado \u201cLibro Objeto: el Rol de la Mujer en la Civilizaci\u00f3n Caral\u201d, aprovechando el espacio de la muestra museogr\u00e1fica que lleva el mismo nombre y que se viene presentando en la Sala Paracas de este Ministerio.","og_url":"https:\/\/zonacaral.gob.pe\/en\/noticias\/participantes-de-nuevo-taller-libro-objeto-finalizaron-su-experiencia-emocionados\/","og_site_name":"Zona Caral","article_published_time":"2025-04-04T15:24:08+00:00","og_image":[{"width":2296,"height":1288,"url":"https:\/\/zonacaral.gob.pe\/wp-content\/uploads\/2025\/04\/TALLER_LIBRO_OBJETO_1.jpg","type":"image\/jpeg"}],"author":"Zona Caral Administrador","twitter_card":"summary_large_image","twitter_misc":{"Written by":"Zona Caral Administrador","Est. reading time":"3 minutes"},"schema":{"@context":"https:\/\/schema.org","@graph":[{"@type":"Article","@id":"https:\/\/zonacaral.gob.pe\/es\/noticias\/participantes-de-nuevo-taller-libro-objeto-finalizaron-su-experiencia-emocionados\/#article","isPartOf":{"@id":"https:\/\/zonacaral.gob.pe\/es\/noticias\/participantes-de-nuevo-taller-libro-objeto-finalizaron-su-experiencia-emocionados\/"},"author":{"name":"Zona Caral Administrador","@id":"https:\/\/zonacaral.gob.pe\/es\/#\/schema\/person\/beddb4d22f71a7230c5b90913270a0ee"},"headline":"Participantes de nuevo taller \u201cLibro Objeto\u201d finalizaron su experiencia emocionados","datePublished":"2025-04-04T15:24:08+00:00","mainEntityOfPage":{"@id":"https:\/\/zonacaral.gob.pe\/es\/noticias\/participantes-de-nuevo-taller-libro-objeto-finalizaron-su-experiencia-emocionados\/"},"wordCount":527,"image":{"@id":"https:\/\/zonacaral.gob.pe\/es\/noticias\/participantes-de-nuevo-taller-libro-objeto-finalizaron-su-experiencia-emocionados\/#primaryimage"},"thumbnailUrl":"https:\/\/zonacaral.gob.pe\/wp-content\/uploads\/2025\/04\/TALLER_LIBRO_OBJETO_1.jpg","keywords":["caral","Cultura"],"articleSection":["noticias"],"inLanguage":"en-US"},{"@type":"WebPage","@id":"https:\/\/zonacaral.gob.pe\/es\/noticias\/participantes-de-nuevo-taller-libro-objeto-finalizaron-su-experiencia-emocionados\/","url":"https:\/\/zonacaral.gob.pe\/es\/noticias\/participantes-de-nuevo-taller-libro-objeto-finalizaron-su-experiencia-emocionados\/","name":"Participantes de nuevo taller \u201cLibro Objeto\u201d finalizaron su experiencia emocionados","isPartOf":{"@id":"https:\/\/zonacaral.gob.pe\/es\/#website"},"primaryImageOfPage":{"@id":"https:\/\/zonacaral.gob.pe\/es\/noticias\/participantes-de-nuevo-taller-libro-objeto-finalizaron-su-experiencia-emocionados\/#primaryimage"},"image":{"@id":"https:\/\/zonacaral.gob.pe\/es\/noticias\/participantes-de-nuevo-taller-libro-objeto-finalizaron-su-experiencia-emocionados\/#primaryimage"},"thumbnailUrl":"https:\/\/zonacaral.gob.pe\/wp-content\/uploads\/2025\/04\/TALLER_LIBRO_OBJETO_1.jpg","datePublished":"2025-04-04T15:24:08+00:00","author":{"@id":"https:\/\/zonacaral.gob.pe\/es\/#\/schema\/person\/beddb4d22f71a7230c5b90913270a0ee"},"description":"El programa \u201cCaral para Todos\u201d, de la Zona Arqueol\u00f3gica Caral (ZAC), Unidad Ejecutora 003 del Ministerio de Cultura, realiz\u00f3 con \u00e9xito el nuevo taller denominado \u201cLibro Objeto: el Rol de la Mujer en la Civilizaci\u00f3n Caral\u201d, aprovechando el espacio de la muestra museogr\u00e1fica que lleva el mismo nombre y que se viene presentando en la Sala Paracas de este Ministerio.","breadcrumb":{"@id":"https:\/\/zonacaral.gob.pe\/es\/noticias\/participantes-de-nuevo-taller-libro-objeto-finalizaron-su-experiencia-emocionados\/#breadcrumb"},"inLanguage":"en-US","potentialAction":[{"@type":"ReadAction","target":["https:\/\/zonacaral.gob.pe\/es\/noticias\/participantes-de-nuevo-taller-libro-objeto-finalizaron-su-experiencia-emocionados\/"]}]},{"@type":"ImageObject","inLanguage":"en-US","@id":"https:\/\/zonacaral.gob.pe\/es\/noticias\/participantes-de-nuevo-taller-libro-objeto-finalizaron-su-experiencia-emocionados\/#primaryimage","url":"https:\/\/zonacaral.gob.pe\/wp-content\/uploads\/2025\/04\/TALLER_LIBRO_OBJETO_1.jpg","contentUrl":"https:\/\/zonacaral.gob.pe\/wp-content\/uploads\/2025\/04\/TALLER_LIBRO_OBJETO_1.jpg","width":2296,"height":1288},{"@type":"BreadcrumbList","@id":"https:\/\/zonacaral.gob.pe\/es\/noticias\/participantes-de-nuevo-taller-libro-objeto-finalizaron-su-experiencia-emocionados\/#breadcrumb","itemListElement":[{"@type":"ListItem","position":1,"name":"Portada","item":"https:\/\/zonacaral.gob.pe\/"},{"@type":"ListItem","position":2,"name":"Participantes de nuevo taller \u201cLibro Objeto\u201d finalizaron su experiencia emocionados"}]},{"@type":"WebSite","@id":"https:\/\/zonacaral.gob.pe\/es\/#website","url":"https:\/\/zonacaral.gob.pe\/es\/","name":"Zona Caral","description":"Investigamos, conservamos y difundimos el patrimonio cultural de la Civilizaci\u00f3n Caral, la m\u00e1s antigua de Am\u00e9rica.","potentialAction":[{"@type":"SearchAction","target":{"@type":"EntryPoint","urlTemplate":"https:\/\/zonacaral.gob.pe\/es\/?s={search_term_string}"},"query-input":{"@type":"PropertyValueSpecification","valueRequired":true,"valueName":"search_term_string"}}],"inLanguage":"en-US"},{"@type":"Person","@id":"https:\/\/zonacaral.gob.pe\/es\/#\/schema\/person\/beddb4d22f71a7230c5b90913270a0ee","name":"Zona Caral Administrador","image":{"@type":"ImageObject","inLanguage":"en-US","@id":"https:\/\/secure.gravatar.com\/avatar\/e4be162918a696358376de6446614e0f0f4062bdc5d170d6d540ada3d8b58c12?s=96&d=mm&r=g","url":"https:\/\/secure.gravatar.com\/avatar\/e4be162918a696358376de6446614e0f0f4062bdc5d170d6d540ada3d8b58c12?s=96&d=mm&r=g","contentUrl":"https:\/\/secure.gravatar.com\/avatar\/e4be162918a696358376de6446614e0f0f4062bdc5d170d6d540ada3d8b58c12?s=96&d=mm&r=g","caption":"Zona Caral Administrador"},"sameAs":["https:\/\/zonacaral.gob.pe"],"url":"https:\/\/zonacaral.gob.pe\/en\/noticias\/author\/ad_zonacaral\/"}]}},"_links":{"self":[{"href":"https:\/\/zonacaral.gob.pe\/en\/wp-json\/wp\/v2\/posts\/18210","targetHints":{"allow":["GET"]}}],"collection":[{"href":"https:\/\/zonacaral.gob.pe\/en\/wp-json\/wp\/v2\/posts"}],"about":[{"href":"https:\/\/zonacaral.gob.pe\/en\/wp-json\/wp\/v2\/types\/post"}],"author":[{"embeddable":true,"href":"https:\/\/zonacaral.gob.pe\/en\/wp-json\/wp\/v2\/users\/1"}],"replies":[{"embeddable":true,"href":"https:\/\/zonacaral.gob.pe\/en\/wp-json\/wp\/v2\/comments?post=18210"}],"version-history":[{"count":0,"href":"https:\/\/zonacaral.gob.pe\/en\/wp-json\/wp\/v2\/posts\/18210\/revisions"}],"wp:featuredmedia":[{"embeddable":true,"href":"https:\/\/zonacaral.gob.pe\/en\/wp-json\/wp\/v2\/media\/18211"}],"wp:attachment":[{"href":"https:\/\/zonacaral.gob.pe\/en\/wp-json\/wp\/v2\/media?parent=18210"}],"wp:term":[{"taxonomy":"category","embeddable":true,"href":"https:\/\/zonacaral.gob.pe\/en\/wp-json\/wp\/v2\/categories?post=18210"},{"taxonomy":"post_tag","embeddable":true,"href":"https:\/\/zonacaral.gob.pe\/en\/wp-json\/wp\/v2\/tags?post=18210"}],"curies":[{"name":"wp","href":"https:\/\/api.w.org\/{rel}","templated":true}]}}