{"id":18254,"date":"2025-04-14T15:57:08","date_gmt":"2025-04-14T20:57:08","guid":{"rendered":"https:\/\/www.zonacaral.gob.pe\/?p=18254"},"modified":"2025-04-14T15:57:08","modified_gmt":"2025-04-14T20:57:08","slug":"llego-el-aniversario-de-aspero-conoce-la-agenda-de-actividades","status":"publish","type":"post","link":"https:\/\/zonacaral.gob.pe\/en\/noticias\/llego-el-aniversario-de-aspero-conoce-la-agenda-de-actividades\/","title":{"rendered":"\u00a1Lleg\u00f3 el Aniversario de \u00c1spero! Conoce la agenda de actividades"},"content":{"rendered":"<figure class=\"pic-autor\" style=\"color: #4d4d4d; text-align: justify;\"><\/figure>\n<div class=\"gmail_default\" style=\"text-align: justify;\">\n<blockquote>\n<p><em>Este a\u00f1o se presentar\u00e1 un importante hallazgo realizado en la ciudad pesquera de la Civilizaci\u00f3n Caral.<\/em><\/p>\n<\/blockquote>\n<p><span style=\"font-weight: 400;\">La <\/span><a href=\"https:\/\/www.instagram.com\/caralperu\/?hl=es\"><span style=\"font-weight: 400;\">Zona Arqueol\u00f3gica Caral<\/span><\/a><span style=\"font-weight: 400;\">, Unidad Ejecutora 003 del Ministerio de Cultura, invita a la poblaci\u00f3n a participar en las diversas actividades culturales gratuitas para conmemorar el 20\u00b0 aniversario de inicio de investigaci\u00f3n, conservaci\u00f3n y puesta en valor de \u00c1spero, ciudad pesquera de la Civilizaci\u00f3n Caral (3000 \u2013 1800 a.C.).<\/span><\/p>\n<p><span style=\"font-weight: 400;\">En este aniversario se dar\u00e1 a conocer el resultado del trabajo multidisciplinario que se realiza desde el 2005, para la recuperaci\u00f3n de la historia social de \u00c1spero, desde su formaci\u00f3n, tambi\u00e9n los conocimientos que produjeron en ciencia y tecnolog\u00eda, su organizaci\u00f3n social y pol\u00edtica, su relaci\u00f3n con otros centros urbanos, entre otros aspectos que permiten conocer c\u00f3mo habr\u00eda sido la sociedad andina hace cinco mil a\u00f1os.<\/span><\/p>\n<p><b>Actividades<\/b><\/p>\n<p><b>Concursos escolares:<\/b><span style=\"font-weight: 400;\"> con el fin de fortalecer la identidad cultural en ni\u00f1os y j\u00f3venes, la Zona Arqueol\u00f3gica Caral, en alianza con la UGEL 16 de Barranca, lanz\u00f3 cuatro concursos escolares, los cuales pasar\u00e1n por diversas etapas. Los ganadores recibir\u00e1n reconocimientos y premios. Conoce las bases:<\/span><a href=\"https:\/\/drive.google.com\/file\/d\/1qlq9miw4qNgoCr_j_4tjwxGNBZlf9M0f\/view?usp=drive_link\"> <span style=\"font-weight: 400;\">BasesConcursos\u00c1spero<\/span><\/a><span style=\"font-weight: 400;\">.<\/span><\/p>\n<ul>\n<li><span style=\"font-weight: 400;\">VI Concurso escolar de corso y pasacalle \u201cRevalorando nuestro pasado milenario\u201d.<\/span><\/li>\n<li><span style=\"font-weight: 400;\">III Concurso escolar virtual de declamaci\u00f3n \u201cVarela y el mar: una historia interminable\u201d.<\/span><\/li>\n<li><span style=\"font-weight: 400;\">IV Concurso de pintura \u201cNuestro patrimonio milenario a colores\u201d.<\/span><\/li>\n<li><span style=\"font-weight: 400;\">III Concurso de cometas \u201c\u00a8Pintando los cielos\u201d.<\/span><\/li>\n<\/ul>\n<p><span style=\"font-weight: 400;\">Estos concursos tienen el fin de lograr el fortalecimiento de la identidad cultural y la pr\u00e1ctica de los valores de la civilizaci\u00f3n Caral para generar reflexiones para el \u201cBuen Vivir\u201d, mediante el trabajo en equipo.<\/span><\/p>\n<p><b>Conferencia de aniversario:<\/b><span style=\"font-weight: 400;\">&nbsp; la Zona Arqueol\u00f3gica Caral, convoca a los medios de comunicaci\u00f3n, nacional e internacional, a una conferencia de prensa para anunciar y presentar el reciente hallazgo realizado en \u00c1spero. El evento tendr\u00e1 lugar en el Ministerio de Cultura el jueves, 24 de abril, a las 11:00 a. m. Informaci\u00f3n, solo prensa, al: 953 610 087.<\/span><\/p>\n<p><span style=\"font-weight: 400;\">Tambi\u00e9n se dar\u00e1 a conocer las actividades programadas para celebrar el \u201c\u00c1spero Raymi\u201d 2025, en el distrito de Supe Puerto, provincia de Barranca. M\u00e1s informaci\u00f3n sobre las actividades al WhatsApp del programa Viajes Culturales: 955 881 340.<\/span><\/p>\n<p><b>Exposici\u00f3n museogr\u00e1fica:<\/b><span style=\"font-weight: 400;\"> con el objetivo de dar a conocer la dieta balanceada y fuente de prote\u00ednas en la sociedad de la Civilizaci\u00f3n Caral, se presentar\u00e1 la novedosa exposici\u00f3n museogr\u00e1fica titulada \u00abTecnolog\u00eda pesquera y seguridad alimentaria para eliminar la anemia\u00bb, la cual se suma a las actividades de aniversario de \u00c1spero.<\/span><\/p>\n<p><span style=\"font-weight: 400;\">La muestra ser\u00e1 inaugurada el jueves, 24 de abril, despu\u00e9s de la conferencia de prensa organizada por el 20\u00b0 aniversario de \u00c1spero.<\/span><\/p>\n<p><span style=\"font-weight: 400;\">La exposici\u00f3n podr\u00e1 ser visitada de manera gratuita del 24 de abril al 5 de junio de 2025. Lugar: Sala Paracas del Ministerio de Cultura, en el distrito de San Borja. Horario de atenci\u00f3n: de 9:00 a 4:00 p.m., de martes a domingo.&nbsp;<\/span><\/p>\n<p><span style=\"font-weight: 400;\">El objetivo de la exposici\u00f3n es promover la reflexi\u00f3n sobre una alimentaci\u00f3n adecuada, basada en el consumo de pescado, como la anchoveta, y contribuir a la lucha contra la anemia, que afecta principalmente a ni\u00f1os en las zonas rurales del pa\u00eds.<\/span><\/p>\n<p><b>\u00c1spero Raymi 2025:<\/b><span style=\"font-weight: 400;\"> Y finalmente, para conmemorar el 20\u00b0 aniversario del inicio de los trabajos de investigaci\u00f3n en el sitio arqueol\u00f3gico \u00c1spero, ciudad pesquera de la Civilizaci\u00f3n Caral, el viernes 2 y s\u00e1bado 3 de mayo, en el distrito de Supe Puerto, provincia de Barranca, Regi\u00f3n Lima, se realizar\u00e1 la festividad ancestral denominada \u201c\u00c1spero Raymi\u201d.<\/span><\/p>\n<p><span style=\"font-weight: 400;\">Programa:<\/span><\/p>\n<p><span style=\"font-weight: 400;\">Viernes, 2 de mayo: Pasacalle escolar \u00abRevalorando nuestro pasado milenario\u00bb y ceremonia tradicional de Pago al Mar, Qochamama, desde las 4:00 p. m.<\/span><\/p>\n<p><span style=\"font-weight: 400;\">S\u00e1bado, 3 de mayo: Ingreso gratuito y visitas guiadas por la ciudad arqueol\u00f3gica y centro de interpretaci\u00f3n de \u00c1spero. Adem\u00e1s de concursos escolares y talleres para ni\u00f1os y adultos mayores, festival art\u00edstico cultural; desde las 9:00 a. m.<\/span><\/p>\n<p><span style=\"font-weight: 400;\">Celebremos juntos nuestra herencia cultural milenaria, y mantengamos viva nuestra cultura, \u00a1Jallalla!<\/span><\/p>\n<p><strong style=\"font-size: inherit; text-align: justify;\">Fuente: Comunicaci\u00f3n e Imagen Institucional ZAC<\/strong><\/p>\n<\/div>\n<div style=\"color: #1f1f1f;\">\n<div style=\"color: #1f1f1f;\">\n<p style=\"text-align: justify;\">Fecha de publicaci\u00f3n: 14\/04\/2025<\/p>\n<\/div>\n<\/div>\n\n\n<p><\/p>","protected":false},"excerpt":{"rendered":"<p>Este a\u00f1o se presentar\u00e1 un importante hallazgo realizado en la ciudad pesquera de la Civilizaci\u00f3n Caral. La Zona Arqueol\u00f3gica Caral, [&hellip;]<\/p>\n","protected":false},"author":1,"featured_media":18256,"comment_status":"closed","ping_status":"open","sticky":false,"template":"","format":"standard","meta":{"_acf_changed":false,"site-sidebar-layout":"default","site-content-layout":"","ast-site-content-layout":"default","site-content-style":"default","site-sidebar-style":"default","ast-global-header-display":"","ast-banner-title-visibility":"","ast-main-header-display":"","ast-hfb-above-header-display":"","ast-hfb-below-header-display":"","ast-hfb-mobile-header-display":"","site-post-title":"","ast-breadcrumbs-content":"","ast-featured-img":"","footer-sml-layout":"","ast-disable-related-posts":"","theme-transparent-header-meta":"","adv-header-id-meta":"","stick-header-meta":"","header-above-stick-meta":"","header-main-stick-meta":"","header-below-stick-meta":"","astra-migrate-meta-layouts":"default","ast-page-background-enabled":"default","ast-page-background-meta":{"desktop":{"background-color":"var(--ast-global-color-5)","background-image":"","background-repeat":"repeat","background-position":"center center","background-size":"auto","background-attachment":"scroll","background-type":"","background-media":"","overlay-type":"","overlay-color":"","overlay-opacity":"","overlay-gradient":""},"tablet":{"background-color":"","background-image":"","background-repeat":"repeat","background-position":"center center","background-size":"auto","background-attachment":"scroll","background-type":"","background-media":"","overlay-type":"","overlay-color":"","overlay-opacity":"","overlay-gradient":""},"mobile":{"background-color":"","background-image":"","background-repeat":"repeat","background-position":"center center","background-size":"auto","background-attachment":"scroll","background-type":"","background-media":"","overlay-type":"","overlay-color":"","overlay-opacity":"","overlay-gradient":""}},"ast-content-background-meta":{"desktop":{"background-color":"var(--ast-global-color-4)","background-image":"","background-repeat":"repeat","background-position":"center center","background-size":"auto","background-attachment":"scroll","background-type":"","background-media":"","overlay-type":"","overlay-color":"","overlay-opacity":"","overlay-gradient":""},"tablet":{"background-color":"var(--ast-global-color-4)","background-image":"","background-repeat":"repeat","background-position":"center center","background-size":"auto","background-attachment":"scroll","background-type":"","background-media":"","overlay-type":"","overlay-color":"","overlay-opacity":"","overlay-gradient":""},"mobile":{"background-color":"var(--ast-global-color-4)","background-image":"","background-repeat":"repeat","background-position":"center center","background-size":"auto","background-attachment":"scroll","background-type":"","background-media":"","overlay-type":"","overlay-color":"","overlay-opacity":"","overlay-gradient":""}},"footnotes":""},"categories":[208],"tags":[55,72],"class_list":["post-18254","post","type-post","status-publish","format-standard","has-post-thumbnail","hentry","category-noticias","tag-caral","tag-cultura"],"acf":[],"yoast_head":"<!-- This site is optimized with the Yoast SEO plugin v27.3 - https:\/\/yoast.com\/product\/yoast-seo-wordpress\/ -->\n<title>\u00a1Lleg\u00f3 el Aniversario de \u00c1spero! Conoce la agenda de actividades<\/title>\n<meta name=\"description\" content=\"La Zona Arqueol\u00f3gica Caral, Unidad Ejecutora 003 del Ministerio de Cultura, invita a la poblaci\u00f3n a participar en las diversas actividades culturales gratuitas para conmemorar el 20\u00b0 aniversario de inicio de investigaci\u00f3n, conservaci\u00f3n y puesta en valor de \u00c1spero, ciudad pesquera de la Civilizaci\u00f3n Caral (3000 \u2013 1800 a.C.).\" \/>\n<meta name=\"robots\" content=\"index, follow, max-snippet:-1, max-image-preview:large, max-video-preview:-1\" \/>\n<link rel=\"canonical\" href=\"https:\/\/zonacaral.gob.pe\/en\/noticias\/llego-el-aniversario-de-aspero-conoce-la-agenda-de-actividades\/\" \/>\n<meta property=\"og:locale\" content=\"en_US\" \/>\n<meta property=\"og:type\" content=\"article\" \/>\n<meta property=\"og:title\" content=\"\u00a1Lleg\u00f3 el Aniversario de \u00c1spero! Conoce la agenda de actividades\" \/>\n<meta property=\"og:description\" content=\"La Zona Arqueol\u00f3gica Caral, Unidad Ejecutora 003 del Ministerio de Cultura, invita a la poblaci\u00f3n a participar en las diversas actividades culturales gratuitas para conmemorar el 20\u00b0 aniversario de inicio de investigaci\u00f3n, conservaci\u00f3n y puesta en valor de \u00c1spero, ciudad pesquera de la Civilizaci\u00f3n Caral (3000 \u2013 1800 a.C.).\" \/>\n<meta property=\"og:url\" content=\"https:\/\/zonacaral.gob.pe\/en\/noticias\/llego-el-aniversario-de-aspero-conoce-la-agenda-de-actividades\/\" \/>\n<meta property=\"og:site_name\" content=\"Zona Caral\" \/>\n<meta property=\"article:published_time\" content=\"2025-04-14T20:57:08+00:00\" \/>\n<meta property=\"og:image\" content=\"https:\/\/zonacaral.gob.pe\/wp-content\/uploads\/2025\/04\/ASPERO-1.png\" \/>\n\t<meta property=\"og:image:width\" content=\"1200\" \/>\n\t<meta property=\"og:image:height\" content=\"675\" \/>\n\t<meta property=\"og:image:type\" content=\"image\/png\" \/>\n<meta name=\"author\" content=\"Zona Caral Administrador\" \/>\n<meta name=\"twitter:card\" content=\"summary_large_image\" \/>\n<meta name=\"twitter:label1\" content=\"Written by\" \/>\n\t<meta name=\"twitter:data1\" content=\"Zona Caral Administrador\" \/>\n\t<meta name=\"twitter:label2\" content=\"Est. reading time\" \/>\n\t<meta name=\"twitter:data2\" content=\"3 minutes\" \/>\n<script type=\"application\/ld+json\" class=\"yoast-schema-graph\">{\"@context\":\"https:\\\/\\\/schema.org\",\"@graph\":[{\"@type\":\"Article\",\"@id\":\"https:\\\/\\\/zonacaral.gob.pe\\\/es\\\/noticias\\\/llego-el-aniversario-de-aspero-conoce-la-agenda-de-actividades\\\/#article\",\"isPartOf\":{\"@id\":\"https:\\\/\\\/zonacaral.gob.pe\\\/es\\\/noticias\\\/llego-el-aniversario-de-aspero-conoce-la-agenda-de-actividades\\\/\"},\"author\":{\"name\":\"Zona Caral Administrador\",\"@id\":\"https:\\\/\\\/zonacaral.gob.pe\\\/es\\\/#\\\/schema\\\/person\\\/beddb4d22f71a7230c5b90913270a0ee\"},\"headline\":\"\u00a1Lleg\u00f3 el Aniversario de \u00c1spero! Conoce la agenda de actividades\",\"datePublished\":\"2025-04-14T20:57:08+00:00\",\"mainEntityOfPage\":{\"@id\":\"https:\\\/\\\/zonacaral.gob.pe\\\/es\\\/noticias\\\/llego-el-aniversario-de-aspero-conoce-la-agenda-de-actividades\\\/\"},\"wordCount\":684,\"image\":{\"@id\":\"https:\\\/\\\/zonacaral.gob.pe\\\/es\\\/noticias\\\/llego-el-aniversario-de-aspero-conoce-la-agenda-de-actividades\\\/#primaryimage\"},\"thumbnailUrl\":\"https:\\\/\\\/zonacaral.gob.pe\\\/wp-content\\\/uploads\\\/2025\\\/04\\\/ASPERO-1.png\",\"keywords\":[\"caral\",\"Cultura\"],\"articleSection\":[\"noticias\"],\"inLanguage\":\"en-US\"},{\"@type\":\"WebPage\",\"@id\":\"https:\\\/\\\/zonacaral.gob.pe\\\/es\\\/noticias\\\/llego-el-aniversario-de-aspero-conoce-la-agenda-de-actividades\\\/\",\"url\":\"https:\\\/\\\/zonacaral.gob.pe\\\/es\\\/noticias\\\/llego-el-aniversario-de-aspero-conoce-la-agenda-de-actividades\\\/\",\"name\":\"\u00a1Lleg\u00f3 el Aniversario de \u00c1spero! Conoce la agenda de actividades\",\"isPartOf\":{\"@id\":\"https:\\\/\\\/zonacaral.gob.pe\\\/es\\\/#website\"},\"primaryImageOfPage\":{\"@id\":\"https:\\\/\\\/zonacaral.gob.pe\\\/es\\\/noticias\\\/llego-el-aniversario-de-aspero-conoce-la-agenda-de-actividades\\\/#primaryimage\"},\"image\":{\"@id\":\"https:\\\/\\\/zonacaral.gob.pe\\\/es\\\/noticias\\\/llego-el-aniversario-de-aspero-conoce-la-agenda-de-actividades\\\/#primaryimage\"},\"thumbnailUrl\":\"https:\\\/\\\/zonacaral.gob.pe\\\/wp-content\\\/uploads\\\/2025\\\/04\\\/ASPERO-1.png\",\"datePublished\":\"2025-04-14T20:57:08+00:00\",\"author\":{\"@id\":\"https:\\\/\\\/zonacaral.gob.pe\\\/es\\\/#\\\/schema\\\/person\\\/beddb4d22f71a7230c5b90913270a0ee\"},\"description\":\"La Zona Arqueol\u00f3gica Caral, Unidad Ejecutora 003 del Ministerio de Cultura, invita a la poblaci\u00f3n a participar en las diversas actividades culturales gratuitas para conmemorar el 20\u00b0 aniversario de inicio de investigaci\u00f3n, conservaci\u00f3n y puesta en valor de \u00c1spero, ciudad pesquera de la Civilizaci\u00f3n Caral (3000 \u2013 1800 a.C.).\",\"breadcrumb\":{\"@id\":\"https:\\\/\\\/zonacaral.gob.pe\\\/es\\\/noticias\\\/llego-el-aniversario-de-aspero-conoce-la-agenda-de-actividades\\\/#breadcrumb\"},\"inLanguage\":\"en-US\",\"potentialAction\":[{\"@type\":\"ReadAction\",\"target\":[\"https:\\\/\\\/zonacaral.gob.pe\\\/es\\\/noticias\\\/llego-el-aniversario-de-aspero-conoce-la-agenda-de-actividades\\\/\"]}]},{\"@type\":\"ImageObject\",\"inLanguage\":\"en-US\",\"@id\":\"https:\\\/\\\/zonacaral.gob.pe\\\/es\\\/noticias\\\/llego-el-aniversario-de-aspero-conoce-la-agenda-de-actividades\\\/#primaryimage\",\"url\":\"https:\\\/\\\/zonacaral.gob.pe\\\/wp-content\\\/uploads\\\/2025\\\/04\\\/ASPERO-1.png\",\"contentUrl\":\"https:\\\/\\\/zonacaral.gob.pe\\\/wp-content\\\/uploads\\\/2025\\\/04\\\/ASPERO-1.png\",\"width\":1200,\"height\":675},{\"@type\":\"BreadcrumbList\",\"@id\":\"https:\\\/\\\/zonacaral.gob.pe\\\/es\\\/noticias\\\/llego-el-aniversario-de-aspero-conoce-la-agenda-de-actividades\\\/#breadcrumb\",\"itemListElement\":[{\"@type\":\"ListItem\",\"position\":1,\"name\":\"Portada\",\"item\":\"https:\\\/\\\/zonacaral.gob.pe\\\/\"},{\"@type\":\"ListItem\",\"position\":2,\"name\":\"\u00a1Lleg\u00f3 el Aniversario de \u00c1spero! Conoce la agenda de actividades\"}]},{\"@type\":\"WebSite\",\"@id\":\"https:\\\/\\\/zonacaral.gob.pe\\\/es\\\/#website\",\"url\":\"https:\\\/\\\/zonacaral.gob.pe\\\/es\\\/\",\"name\":\"Zona Caral\",\"description\":\"Investigamos, conservamos y difundimos el patrimonio cultural de la Civilizaci\u00f3n Caral, la m\u00e1s antigua de Am\u00e9rica.\",\"potentialAction\":[{\"@type\":\"SearchAction\",\"target\":{\"@type\":\"EntryPoint\",\"urlTemplate\":\"https:\\\/\\\/zonacaral.gob.pe\\\/es\\\/?s={search_term_string}\"},\"query-input\":{\"@type\":\"PropertyValueSpecification\",\"valueRequired\":true,\"valueName\":\"search_term_string\"}}],\"inLanguage\":\"en-US\"},{\"@type\":\"Person\",\"@id\":\"https:\\\/\\\/zonacaral.gob.pe\\\/es\\\/#\\\/schema\\\/person\\\/beddb4d22f71a7230c5b90913270a0ee\",\"name\":\"Zona Caral Administrador\",\"image\":{\"@type\":\"ImageObject\",\"inLanguage\":\"en-US\",\"@id\":\"https:\\\/\\\/secure.gravatar.com\\\/avatar\\\/e4be162918a696358376de6446614e0f0f4062bdc5d170d6d540ada3d8b58c12?s=96&d=mm&r=g\",\"url\":\"https:\\\/\\\/secure.gravatar.com\\\/avatar\\\/e4be162918a696358376de6446614e0f0f4062bdc5d170d6d540ada3d8b58c12?s=96&d=mm&r=g\",\"contentUrl\":\"https:\\\/\\\/secure.gravatar.com\\\/avatar\\\/e4be162918a696358376de6446614e0f0f4062bdc5d170d6d540ada3d8b58c12?s=96&d=mm&r=g\",\"caption\":\"Zona Caral Administrador\"},\"sameAs\":[\"https:\\\/\\\/zonacaral.gob.pe\"],\"url\":\"https:\\\/\\\/zonacaral.gob.pe\\\/en\\\/noticias\\\/author\\\/ad_zonacaral\\\/\"}]}<\/script>\n<!-- \/ Yoast SEO plugin. -->","yoast_head_json":{"title":"\u00a1Lleg\u00f3 el Aniversario de \u00c1spero! Conoce la agenda de actividades","description":"La Zona Arqueol\u00f3gica Caral, Unidad Ejecutora 003 del Ministerio de Cultura, invita a la poblaci\u00f3n a participar en las diversas actividades culturales gratuitas para conmemorar el 20\u00b0 aniversario de inicio de investigaci\u00f3n, conservaci\u00f3n y puesta en valor de \u00c1spero, ciudad pesquera de la Civilizaci\u00f3n Caral (3000 \u2013 1800 a.C.).","robots":{"index":"index","follow":"follow","max-snippet":"max-snippet:-1","max-image-preview":"max-image-preview:large","max-video-preview":"max-video-preview:-1"},"canonical":"https:\/\/zonacaral.gob.pe\/en\/noticias\/llego-el-aniversario-de-aspero-conoce-la-agenda-de-actividades\/","og_locale":"en_US","og_type":"article","og_title":"\u00a1Lleg\u00f3 el Aniversario de \u00c1spero! Conoce la agenda de actividades","og_description":"La Zona Arqueol\u00f3gica Caral, Unidad Ejecutora 003 del Ministerio de Cultura, invita a la poblaci\u00f3n a participar en las diversas actividades culturales gratuitas para conmemorar el 20\u00b0 aniversario de inicio de investigaci\u00f3n, conservaci\u00f3n y puesta en valor de \u00c1spero, ciudad pesquera de la Civilizaci\u00f3n Caral (3000 \u2013 1800 a.C.).","og_url":"https:\/\/zonacaral.gob.pe\/en\/noticias\/llego-el-aniversario-de-aspero-conoce-la-agenda-de-actividades\/","og_site_name":"Zona Caral","article_published_time":"2025-04-14T20:57:08+00:00","og_image":[{"width":1200,"height":675,"url":"https:\/\/zonacaral.gob.pe\/wp-content\/uploads\/2025\/04\/ASPERO-1.png","type":"image\/png"}],"author":"Zona Caral Administrador","twitter_card":"summary_large_image","twitter_misc":{"Written by":"Zona Caral Administrador","Est. reading time":"3 minutes"},"schema":{"@context":"https:\/\/schema.org","@graph":[{"@type":"Article","@id":"https:\/\/zonacaral.gob.pe\/es\/noticias\/llego-el-aniversario-de-aspero-conoce-la-agenda-de-actividades\/#article","isPartOf":{"@id":"https:\/\/zonacaral.gob.pe\/es\/noticias\/llego-el-aniversario-de-aspero-conoce-la-agenda-de-actividades\/"},"author":{"name":"Zona Caral Administrador","@id":"https:\/\/zonacaral.gob.pe\/es\/#\/schema\/person\/beddb4d22f71a7230c5b90913270a0ee"},"headline":"\u00a1Lleg\u00f3 el Aniversario de \u00c1spero! Conoce la agenda de actividades","datePublished":"2025-04-14T20:57:08+00:00","mainEntityOfPage":{"@id":"https:\/\/zonacaral.gob.pe\/es\/noticias\/llego-el-aniversario-de-aspero-conoce-la-agenda-de-actividades\/"},"wordCount":684,"image":{"@id":"https:\/\/zonacaral.gob.pe\/es\/noticias\/llego-el-aniversario-de-aspero-conoce-la-agenda-de-actividades\/#primaryimage"},"thumbnailUrl":"https:\/\/zonacaral.gob.pe\/wp-content\/uploads\/2025\/04\/ASPERO-1.png","keywords":["caral","Cultura"],"articleSection":["noticias"],"inLanguage":"en-US"},{"@type":"WebPage","@id":"https:\/\/zonacaral.gob.pe\/es\/noticias\/llego-el-aniversario-de-aspero-conoce-la-agenda-de-actividades\/","url":"https:\/\/zonacaral.gob.pe\/es\/noticias\/llego-el-aniversario-de-aspero-conoce-la-agenda-de-actividades\/","name":"\u00a1Lleg\u00f3 el Aniversario de \u00c1spero! Conoce la agenda de actividades","isPartOf":{"@id":"https:\/\/zonacaral.gob.pe\/es\/#website"},"primaryImageOfPage":{"@id":"https:\/\/zonacaral.gob.pe\/es\/noticias\/llego-el-aniversario-de-aspero-conoce-la-agenda-de-actividades\/#primaryimage"},"image":{"@id":"https:\/\/zonacaral.gob.pe\/es\/noticias\/llego-el-aniversario-de-aspero-conoce-la-agenda-de-actividades\/#primaryimage"},"thumbnailUrl":"https:\/\/zonacaral.gob.pe\/wp-content\/uploads\/2025\/04\/ASPERO-1.png","datePublished":"2025-04-14T20:57:08+00:00","author":{"@id":"https:\/\/zonacaral.gob.pe\/es\/#\/schema\/person\/beddb4d22f71a7230c5b90913270a0ee"},"description":"La Zona Arqueol\u00f3gica Caral, Unidad Ejecutora 003 del Ministerio de Cultura, invita a la poblaci\u00f3n a participar en las diversas actividades culturales gratuitas para conmemorar el 20\u00b0 aniversario de inicio de investigaci\u00f3n, conservaci\u00f3n y puesta en valor de \u00c1spero, ciudad pesquera de la Civilizaci\u00f3n Caral (3000 \u2013 1800 a.C.).","breadcrumb":{"@id":"https:\/\/zonacaral.gob.pe\/es\/noticias\/llego-el-aniversario-de-aspero-conoce-la-agenda-de-actividades\/#breadcrumb"},"inLanguage":"en-US","potentialAction":[{"@type":"ReadAction","target":["https:\/\/zonacaral.gob.pe\/es\/noticias\/llego-el-aniversario-de-aspero-conoce-la-agenda-de-actividades\/"]}]},{"@type":"ImageObject","inLanguage":"en-US","@id":"https:\/\/zonacaral.gob.pe\/es\/noticias\/llego-el-aniversario-de-aspero-conoce-la-agenda-de-actividades\/#primaryimage","url":"https:\/\/zonacaral.gob.pe\/wp-content\/uploads\/2025\/04\/ASPERO-1.png","contentUrl":"https:\/\/zonacaral.gob.pe\/wp-content\/uploads\/2025\/04\/ASPERO-1.png","width":1200,"height":675},{"@type":"BreadcrumbList","@id":"https:\/\/zonacaral.gob.pe\/es\/noticias\/llego-el-aniversario-de-aspero-conoce-la-agenda-de-actividades\/#breadcrumb","itemListElement":[{"@type":"ListItem","position":1,"name":"Portada","item":"https:\/\/zonacaral.gob.pe\/"},{"@type":"ListItem","position":2,"name":"\u00a1Lleg\u00f3 el Aniversario de \u00c1spero! Conoce la agenda de actividades"}]},{"@type":"WebSite","@id":"https:\/\/zonacaral.gob.pe\/es\/#website","url":"https:\/\/zonacaral.gob.pe\/es\/","name":"Zona Caral","description":"Investigamos, conservamos y difundimos el patrimonio cultural de la Civilizaci\u00f3n Caral, la m\u00e1s antigua de Am\u00e9rica.","potentialAction":[{"@type":"SearchAction","target":{"@type":"EntryPoint","urlTemplate":"https:\/\/zonacaral.gob.pe\/es\/?s={search_term_string}"},"query-input":{"@type":"PropertyValueSpecification","valueRequired":true,"valueName":"search_term_string"}}],"inLanguage":"en-US"},{"@type":"Person","@id":"https:\/\/zonacaral.gob.pe\/es\/#\/schema\/person\/beddb4d22f71a7230c5b90913270a0ee","name":"Zona Caral Administrador","image":{"@type":"ImageObject","inLanguage":"en-US","@id":"https:\/\/secure.gravatar.com\/avatar\/e4be162918a696358376de6446614e0f0f4062bdc5d170d6d540ada3d8b58c12?s=96&d=mm&r=g","url":"https:\/\/secure.gravatar.com\/avatar\/e4be162918a696358376de6446614e0f0f4062bdc5d170d6d540ada3d8b58c12?s=96&d=mm&r=g","contentUrl":"https:\/\/secure.gravatar.com\/avatar\/e4be162918a696358376de6446614e0f0f4062bdc5d170d6d540ada3d8b58c12?s=96&d=mm&r=g","caption":"Zona Caral Administrador"},"sameAs":["https:\/\/zonacaral.gob.pe"],"url":"https:\/\/zonacaral.gob.pe\/en\/noticias\/author\/ad_zonacaral\/"}]}},"_links":{"self":[{"href":"https:\/\/zonacaral.gob.pe\/en\/wp-json\/wp\/v2\/posts\/18254","targetHints":{"allow":["GET"]}}],"collection":[{"href":"https:\/\/zonacaral.gob.pe\/en\/wp-json\/wp\/v2\/posts"}],"about":[{"href":"https:\/\/zonacaral.gob.pe\/en\/wp-json\/wp\/v2\/types\/post"}],"author":[{"embeddable":true,"href":"https:\/\/zonacaral.gob.pe\/en\/wp-json\/wp\/v2\/users\/1"}],"replies":[{"embeddable":true,"href":"https:\/\/zonacaral.gob.pe\/en\/wp-json\/wp\/v2\/comments?post=18254"}],"version-history":[{"count":0,"href":"https:\/\/zonacaral.gob.pe\/en\/wp-json\/wp\/v2\/posts\/18254\/revisions"}],"wp:featuredmedia":[{"embeddable":true,"href":"https:\/\/zonacaral.gob.pe\/en\/wp-json\/wp\/v2\/media\/18256"}],"wp:attachment":[{"href":"https:\/\/zonacaral.gob.pe\/en\/wp-json\/wp\/v2\/media?parent=18254"}],"wp:term":[{"taxonomy":"category","embeddable":true,"href":"https:\/\/zonacaral.gob.pe\/en\/wp-json\/wp\/v2\/categories?post=18254"},{"taxonomy":"post_tag","embeddable":true,"href":"https:\/\/zonacaral.gob.pe\/en\/wp-json\/wp\/v2\/tags?post=18254"}],"curies":[{"name":"wp","href":"https:\/\/api.w.org\/{rel}","templated":true}]}}