{"id":18270,"date":"2025-04-15T16:56:34","date_gmt":"2025-04-15T21:56:34","guid":{"rendered":"https:\/\/www.zonacaral.gob.pe\/?p=18270"},"modified":"2025-04-15T16:56:34","modified_gmt":"2025-04-15T21:56:34","slug":"semana-santa-en-la-ruta-caral-visita-las-antiguas-ciudades-de-la-primera-civilizacion-de-america","status":"publish","type":"post","link":"https:\/\/zonacaral.gob.pe\/en\/noticias\/semana-santa-en-la-ruta-caral-visita-las-antiguas-ciudades-de-la-primera-civilizacion-de-america\/","title":{"rendered":"SEMANA SANTA EN LA RUTA CARAL: visita las antiguas ciudades de la primera civilizaci\u00f3n de Am\u00e9rica"},"content":{"rendered":"<figure class=\"pic-autor\" style=\"color: #4d4d4d; text-align: justify;\"><\/figure>\n<div class=\"gmail_default\" style=\"text-align: justify;\">\n<blockquote>\n<p><em><span style=\"font-weight: 400;\">Adem\u00e1s puedes viajar con nosotros.<\/span><\/em><\/p>\n<\/blockquote>\n<p><span style=\"font-weight: 400;\">Este fin de semana largo, por <\/span><span style=\"color: #993300;\"><a style=\"color: #993300;\" href=\"https:\/\/www.facebook.com\/photo\/?fbid=1066082668886609&amp;set=a.246089314219286&amp;locale=es_LA\"><span style=\"font-weight: 400;\">Semana Santa<\/span><\/a><\/span><span style=\"font-weight: 400;\">, recorre la <\/span><span style=\"color: #993300;\"><a style=\"color: #993300;\" href=\"https:\/\/bit.ly\/RutaCaral2025\"><span style=\"font-weight: 400;\">Caral Route<\/span><\/a><\/span><span style=\"font-weight: 400;\">, y conoce la historia del desarrollo de la primera civilizaci\u00f3n en el continente americano, la cual se desarroll\u00f3 en completo aislamiento en el \u00e1rea norcentral del Per\u00fa, actual valle de Supe, provincia de Barranca, regi\u00f3n Lima.<\/span><\/p>\n<p><span style=\"font-weight: 400;\">Los centros urbanos de esta civilizaci\u00f3n fueron construidos en armon\u00eda con la naturaleza, sus habitantes desarrollaron conocimientos avanzados para su \u00e9poca, supieron interactuar en paz con otras sociedades, a corta y larga distancia, y nos dejaron valores que debemos tener presente en la actualidad.<\/span><\/p>\n<p><span style=\"font-weight: 400;\">Estos asombrosos sitios arqueol\u00f3gicos se ubican al norte de Lima, entre tres a cuatro horas de viaje, por la v\u00eda Panamericana Norte.<\/span><\/p>\n<ul>\n<li><span style=\"font-weight: 400;\">Una de las propuestas es visitar la <\/span><span style=\"color: #993300;\"><a style=\"color: #993300;\" href=\"https:\/\/www.zonacaral.gob.pe\/ruta-caral\/ciudad-sagrada-de-caral.html\"><span style=\"font-weight: 400;\">Ciudad Sagrada de Caral-Supe<\/span><\/a><\/span><span style=\"font-weight: 400;\">, Patrimonio Mundial. Est\u00e1 ubicado en el valle de Supe, Barranca, a cuatro horas de viaje desde la capital. En este lugar se encuentran los colosales y m\u00e1s antiguos edificios piramidales construidos en Per\u00fa, hace cinco mil a\u00f1os (<\/span><span style=\"color: #993300;\"><a style=\"color: #993300;\" href=\"https:\/\/bit.ly\/ComoLLegar_CiudadSagradaCaral\"><span style=\"font-weight: 400;\">\u00bfC\u00f3mo llegar?<\/span><\/a><\/span><span style=\"font-weight: 400;\">).\u00a0<\/span><\/li>\n<li><span style=\"font-weight: 400;\">La otra es <\/span><span style=\"color: #993300;\"><a style=\"color: #993300;\" href=\"https:\/\/www.zonacaral.gob.pe\/ruta-caral\/aspero.html\"><span style=\"font-weight: 400;\">\u00c1spero<\/span><\/a><\/span><span style=\"font-weight: 400;\">, la ciudad pesquera de Caral. En su mes de aniversario este sitio arqueol\u00f3gico contempor\u00e1neo a la Ciudad Sagrada de Caral-Supe, contiene impresionantes hallazgos, como entierros en los que podemos encontrar a la Dama de los Cuatro Tupus, una mujer de la \u00e9lite de Caral. Adem\u00e1s, conocer\u00e1s la tecnolog\u00eda pesquera que desarrollaron, y los alimentos marinos que obtuvieron (<\/span><span style=\"color: #993300;\"><a style=\"color: #993300;\" href=\"https:\/\/bit.ly\/ComoLlegar_Aspero\"><span style=\"font-weight: 400;\">\u00bfC\u00f3mo llegar?<\/span><\/a><\/span><span style=\"font-weight: 400;\">).\u00a0<\/span><\/li>\n<li><span style=\"font-weight: 400;\">Tambi\u00e9n est\u00e1 la visita a <\/span><span style=\"color: #993300;\"><a style=\"color: #993300;\" href=\"https:\/\/www.zonacaral.gob.pe\/ruta-caral\/vichama.html\"><span style=\"font-weight: 400;\">Vichama<\/span><\/a><\/span><span style=\"font-weight: 400;\">, ciudad agropesquera ubicada en el distrito de V\u00e9gueta, provincia de Huaura. En este antiguo centro urbano los caralinos plasmaron relieves en los muros de sus principales edificios, en los que se representan los efectos del cr\u00edtico cambio clim\u00e1tico que les afect\u00f3 (<\/span><span style=\"color: #993300;\"><a style=\"color: #993300;\" href=\"https:\/\/bit.ly\/ComoLlegar_Vichama\"><span style=\"font-weight: 400;\">\u00bfC\u00f3mo llegar?<\/span><\/a><\/span><span style=\"font-weight: 400;\">).<\/span><\/li>\n<li><span style=\"font-weight: 400;\">Y como \u00faltima opci\u00f3n, en sitios arqueol\u00f3gicos, est\u00e1 <\/span><span style=\"color: #993300;\"><a style=\"color: #993300;\" href=\"https:\/\/www.zonacaral.gob.pe\/ruta-caral\/penico.html\"><span style=\"font-weight: 400;\">Pe\u00f1ico<\/span><\/a><\/span><span style=\"font-weight: 400;\">, ciudad de la integraci\u00f3n de la Civilizaci\u00f3n Caral. Se ubica en la costa norcentral peruana, en la margen izquierda del valle medio alto del r\u00edo Supe, construido a 600 m.s.n.m., rodeado por el valle de Supe y monta\u00f1as que llegan a los mil metros de altura. En ella se encuentra un imponente edificio con plataforma cuadrangular en la que se aprecian bellos relieves con forma de pututus, instrumento usado en la \u00e9poca. Sus hallazgos complementan la historia de desarrollo civilizatorio en Am\u00e9rica (<\/span><span style=\"color: #993300;\"><a style=\"color: #993300;\" href=\"https:\/\/bit.ly\/ComoLlegar_Pe%C3%B1ico\"><span style=\"font-weight: 400;\">\u00bfC\u00f3mo llegar?<\/span><\/a><\/span><span style=\"font-weight: 400;\">).<\/span><\/li>\n<\/ul>\n<p><b>VIAJES CULTURALES<\/b><\/p>\n<p><span style=\"font-weight: 400;\">Y, con el fin de transmitir cultura y tradici\u00f3n, el programa de <\/span><span style=\"color: #993300;\"><a style=\"color: #993300;\" href=\"https:\/\/www.zonacaral.gob.pe\/ruta-caral\/viajes-culturales.html\"><span style=\"font-weight: 400;\">Cultural Trips<\/span><\/a><\/span><span style=\"font-weight: 400;\">, de la <\/span><span style=\"color: #993300;\"><a style=\"color: #993300;\" href=\"https:\/\/www.instagram.com\/caralperu\/reels\/?hl=es\"><span style=\"font-weight: 400;\">Zona Arqueol\u00f3gica Caral<\/span><\/a><\/span><span style=\"font-weight: 400;\">, Unidad Ejecutora 003 del Ministerio de Cultura, te lleva a estos tres sitios arqueol\u00f3gicos en un viaje imperdible de dos d\u00edas y una noche, jueves 17 y viernes 18 de abril. Conoce el costo y el itinerario comunic\u00e1ndote al <\/span><span style=\"color: #993300;\"><a style=\"color: #993300;\" href=\"https:\/\/bit.ly\/955881340\"><span style=\"font-weight: 400;\">955 881 340<\/span><\/a><\/span><span style=\"font-weight: 400;\">.<\/span><\/p>\n<p><b>DATO<\/b><\/p>\n<p><span style=\"font-weight: 400;\">La <\/span><span style=\"color: #993300;\"><a style=\"color: #993300;\" href=\"https:\/\/bit.ly\/RutaCaral2025\"><span style=\"font-weight: 400;\">Caral Route<\/span><\/a><\/span><span style=\"font-weight: 400;\">, tambi\u00e9n contempla la vista a los museos comunitarios de <\/span><span style=\"color: #993300;\"><a style=\"color: #993300;\" href=\"https:\/\/bit.ly\/3Wr0Nfb\"><span style=\"font-weight: 400;\">Supe<\/span><\/a><\/span><span style=\"font-weight: 400;\"> y de <\/span><span style=\"color: #993300;\"><a style=\"color: #993300;\" href=\"https:\/\/bit.ly\/43e547W\"><span style=\"font-weight: 400;\">V\u00e9gueta<\/span><\/a><\/span><span style=\"font-weight: 400;\">, ubicados en los distritos del mismo nombre. Importantes puntos de cultura que contienen los diferentes hallazgos realizados en los centros urbanos de Caral. Encontrar\u00e1s esculturas hiperrealistas, r\u00e9plicas de las piezas arqueol\u00f3gicas halladas, gigantograf\u00edas, entre otros objetos que te permiten conocer todos los aspectos de Caral, la primera civilizaci\u00f3n de Am\u00e9rica.<\/span><\/p>\n<p><a href=\"https:\/\/bit.ly\/NoticiasCaral\"><b><span style=\"color: #993300;\">Haz clic aqu\u00ed<\/span><\/b><\/a> <span style=\"font-weight: 400;\">y descubre m\u00e1s noticias sobre la Zona Arqueol\u00f3gica Caral.<\/span><\/p>\n<p><span style=\"font-weight: 400;\">Tambi\u00e9n puedes ser parte de nuestra comunidad virtual en <\/span><span style=\"color: #993300;\"><a style=\"color: #993300;\" href=\"https:\/\/bit.ly\/CARALPERU\"><span style=\"font-weight: 400;\">Facebook<\/span><\/a><\/span><span style=\"font-weight: 400;\">, <\/span><span style=\"color: #993300;\"><a style=\"color: #993300;\" href=\"https:\/\/bit.ly\/caralperu\"><span style=\"font-weight: 400;\">Instagram<\/span><\/a><\/span><span style=\"font-weight: 400;\">, <\/span><span style=\"color: #993300;\"><a style=\"color: #993300;\" href=\"https:\/\/bit.ly\/Peru_Caral\"><span style=\"font-weight: 400;\">X<\/span><\/a><\/span><span style=\"font-weight: 400;\">, <\/span><span style=\"color: #993300;\"><a style=\"color: #993300;\" href=\"https:\/\/bit.ly\/caral_peru\"><span style=\"font-weight: 400;\">TikTok<\/span><\/a><\/span><span style=\"font-weight: 400;\">, y unirte a nuestros canales en <\/span><span style=\"color: #993300;\"><a style=\"color: #993300;\" href=\"https:\/\/bit.ly\/WhatsApp_ZAC\"><span style=\"font-weight: 400;\">WhatsApp<\/span><\/a><\/span><span style=\"font-weight: 400;\"> y <\/span><span style=\"color: #993300;\"><a style=\"color: #993300;\" href=\"https:\/\/bit.ly\/Caral_Peru\"><span style=\"font-weight: 400;\">Telegram<\/span><\/a><\/span><span style=\"font-weight: 400;\">.<\/span><\/p>\n<p><strong style=\"font-size: inherit; text-align: justify;\">Fuente: Comunicaci\u00f3n e Imagen Institucional ZAC<\/strong><\/p>\n<\/div>\n<div style=\"color: #1f1f1f;\">\n<div style=\"color: #1f1f1f;\">\n<p style=\"text-align: justify;\">Fecha de publicaci\u00f3n: 15\/04\/2025<\/p>\n<\/div>\n<\/div>\n\n\n<p><\/p>","protected":false},"excerpt":{"rendered":"<p>Adem\u00e1s puedes viajar con nosotros. Este fin de semana largo, por Semana Santa, recorre la Ruta Caral, y conoce la [&hellip;]<\/p>\n","protected":false},"author":1,"featured_media":18272,"comment_status":"closed","ping_status":"open","sticky":false,"template":"","format":"standard","meta":{"_acf_changed":false,"site-sidebar-layout":"default","site-content-layout":"","ast-site-content-layout":"default","site-content-style":"default","site-sidebar-style":"default","ast-global-header-display":"","ast-banner-title-visibility":"","ast-main-header-display":"","ast-hfb-above-header-display":"","ast-hfb-below-header-display":"","ast-hfb-mobile-header-display":"","site-post-title":"","ast-breadcrumbs-content":"","ast-featured-img":"","footer-sml-layout":"","ast-disable-related-posts":"","theme-transparent-header-meta":"","adv-header-id-meta":"","stick-header-meta":"","header-above-stick-meta":"","header-main-stick-meta":"","header-below-stick-meta":"","astra-migrate-meta-layouts":"default","ast-page-background-enabled":"default","ast-page-background-meta":{"desktop":{"background-color":"var(--ast-global-color-5)","background-image":"","background-repeat":"repeat","background-position":"center center","background-size":"auto","background-attachment":"scroll","background-type":"","background-media":"","overlay-type":"","overlay-color":"","overlay-opacity":"","overlay-gradient":""},"tablet":{"background-color":"","background-image":"","background-repeat":"repeat","background-position":"center center","background-size":"auto","background-attachment":"scroll","background-type":"","background-media":"","overlay-type":"","overlay-color":"","overlay-opacity":"","overlay-gradient":""},"mobile":{"background-color":"","background-image":"","background-repeat":"repeat","background-position":"center center","background-size":"auto","background-attachment":"scroll","background-type":"","background-media":"","overlay-type":"","overlay-color":"","overlay-opacity":"","overlay-gradient":""}},"ast-content-background-meta":{"desktop":{"background-color":"var(--ast-global-color-4)","background-image":"","background-repeat":"repeat","background-position":"center center","background-size":"auto","background-attachment":"scroll","background-type":"","background-media":"","overlay-type":"","overlay-color":"","overlay-opacity":"","overlay-gradient":""},"tablet":{"background-color":"var(--ast-global-color-4)","background-image":"","background-repeat":"repeat","background-position":"center center","background-size":"auto","background-attachment":"scroll","background-type":"","background-media":"","overlay-type":"","overlay-color":"","overlay-opacity":"","overlay-gradient":""},"mobile":{"background-color":"var(--ast-global-color-4)","background-image":"","background-repeat":"repeat","background-position":"center center","background-size":"auto","background-attachment":"scroll","background-type":"","background-media":"","overlay-type":"","overlay-color":"","overlay-opacity":"","overlay-gradient":""}},"footnotes":""},"categories":[208],"tags":[55,72],"class_list":["post-18270","post","type-post","status-publish","format-standard","has-post-thumbnail","hentry","category-noticias","tag-caral","tag-cultura"],"acf":[],"yoast_head":"<!-- This site is optimized with the Yoast SEO plugin v27.3 - https:\/\/yoast.com\/product\/yoast-seo-wordpress\/ -->\n<title>SEMANA SANTA EN LA RUTA CARAL: visita las antiguas ciudades de la primera civilizaci\u00f3n de Am\u00e9rica<\/title>\n<meta name=\"description\" content=\"Este fin de semana largo, por Semana Santa, recorre la Ruta Caral, y conoce la historia del desarrollo de la primera civilizaci\u00f3n en el continente americano, la cual se desarroll\u00f3 en completo aislamiento en el \u00e1rea norcentral del Per\u00fa, actual valle de Supe, provincia de Barranca, regi\u00f3n Lima.\" \/>\n<meta name=\"robots\" content=\"index, follow, max-snippet:-1, max-image-preview:large, max-video-preview:-1\" \/>\n<link rel=\"canonical\" href=\"https:\/\/zonacaral.gob.pe\/en\/noticias\/semana-santa-en-la-ruta-caral-visita-las-antiguas-ciudades-de-la-primera-civilizacion-de-america\/\" \/>\n<meta property=\"og:locale\" content=\"en_US\" \/>\n<meta property=\"og:type\" content=\"article\" \/>\n<meta property=\"og:title\" content=\"SEMANA SANTA EN LA RUTA CARAL: visita las antiguas ciudades de la primera civilizaci\u00f3n de Am\u00e9rica\" \/>\n<meta property=\"og:description\" content=\"Este fin de semana largo, por Semana Santa, recorre la Ruta Caral, y conoce la historia del desarrollo de la primera civilizaci\u00f3n en el continente americano, la cual se desarroll\u00f3 en completo aislamiento en el \u00e1rea norcentral del Per\u00fa, actual valle de Supe, provincia de Barranca, regi\u00f3n Lima.\" \/>\n<meta property=\"og:url\" content=\"https:\/\/zonacaral.gob.pe\/en\/noticias\/semana-santa-en-la-ruta-caral-visita-las-antiguas-ciudades-de-la-primera-civilizacion-de-america\/\" \/>\n<meta property=\"og:site_name\" content=\"Zona Caral\" \/>\n<meta property=\"article:published_time\" content=\"2025-04-15T21:56:34+00:00\" \/>\n<meta property=\"og:image\" content=\"https:\/\/zonacaral.gob.pe\/wp-content\/uploads\/2025\/04\/Semana-Santa-1.png\" \/>\n\t<meta property=\"og:image:width\" content=\"1200\" \/>\n\t<meta property=\"og:image:height\" content=\"675\" \/>\n\t<meta property=\"og:image:type\" content=\"image\/png\" \/>\n<meta name=\"author\" content=\"Zona Caral Administrador\" \/>\n<meta name=\"twitter:card\" content=\"summary_large_image\" \/>\n<meta name=\"twitter:label1\" content=\"Written by\" \/>\n\t<meta name=\"twitter:data1\" content=\"Zona Caral Administrador\" \/>\n\t<meta name=\"twitter:label2\" content=\"Est. reading time\" \/>\n\t<meta name=\"twitter:data2\" content=\"3 minutes\" \/>\n<script type=\"application\/ld+json\" class=\"yoast-schema-graph\">{\"@context\":\"https:\\\/\\\/schema.org\",\"@graph\":[{\"@type\":\"Article\",\"@id\":\"https:\\\/\\\/zonacaral.gob.pe\\\/es\\\/noticias\\\/semana-santa-en-la-ruta-caral-visita-las-antiguas-ciudades-de-la-primera-civilizacion-de-america\\\/#article\",\"isPartOf\":{\"@id\":\"https:\\\/\\\/zonacaral.gob.pe\\\/es\\\/noticias\\\/semana-santa-en-la-ruta-caral-visita-las-antiguas-ciudades-de-la-primera-civilizacion-de-america\\\/\"},\"author\":{\"name\":\"Zona Caral Administrador\",\"@id\":\"https:\\\/\\\/zonacaral.gob.pe\\\/es\\\/#\\\/schema\\\/person\\\/beddb4d22f71a7230c5b90913270a0ee\"},\"headline\":\"SEMANA SANTA EN LA RUTA CARAL: visita las antiguas ciudades de la primera civilizaci\u00f3n de Am\u00e9rica\",\"datePublished\":\"2025-04-15T21:56:34+00:00\",\"mainEntityOfPage\":{\"@id\":\"https:\\\/\\\/zonacaral.gob.pe\\\/es\\\/noticias\\\/semana-santa-en-la-ruta-caral-visita-las-antiguas-ciudades-de-la-primera-civilizacion-de-america\\\/\"},\"wordCount\":609,\"image\":{\"@id\":\"https:\\\/\\\/zonacaral.gob.pe\\\/es\\\/noticias\\\/semana-santa-en-la-ruta-caral-visita-las-antiguas-ciudades-de-la-primera-civilizacion-de-america\\\/#primaryimage\"},\"thumbnailUrl\":\"https:\\\/\\\/zonacaral.gob.pe\\\/wp-content\\\/uploads\\\/2025\\\/04\\\/Semana-Santa-1.png\",\"keywords\":[\"caral\",\"Cultura\"],\"articleSection\":[\"noticias\"],\"inLanguage\":\"en-US\"},{\"@type\":\"WebPage\",\"@id\":\"https:\\\/\\\/zonacaral.gob.pe\\\/es\\\/noticias\\\/semana-santa-en-la-ruta-caral-visita-las-antiguas-ciudades-de-la-primera-civilizacion-de-america\\\/\",\"url\":\"https:\\\/\\\/zonacaral.gob.pe\\\/es\\\/noticias\\\/semana-santa-en-la-ruta-caral-visita-las-antiguas-ciudades-de-la-primera-civilizacion-de-america\\\/\",\"name\":\"SEMANA SANTA EN LA RUTA CARAL: visita las antiguas ciudades de la primera civilizaci\u00f3n de Am\u00e9rica\",\"isPartOf\":{\"@id\":\"https:\\\/\\\/zonacaral.gob.pe\\\/es\\\/#website\"},\"primaryImageOfPage\":{\"@id\":\"https:\\\/\\\/zonacaral.gob.pe\\\/es\\\/noticias\\\/semana-santa-en-la-ruta-caral-visita-las-antiguas-ciudades-de-la-primera-civilizacion-de-america\\\/#primaryimage\"},\"image\":{\"@id\":\"https:\\\/\\\/zonacaral.gob.pe\\\/es\\\/noticias\\\/semana-santa-en-la-ruta-caral-visita-las-antiguas-ciudades-de-la-primera-civilizacion-de-america\\\/#primaryimage\"},\"thumbnailUrl\":\"https:\\\/\\\/zonacaral.gob.pe\\\/wp-content\\\/uploads\\\/2025\\\/04\\\/Semana-Santa-1.png\",\"datePublished\":\"2025-04-15T21:56:34+00:00\",\"author\":{\"@id\":\"https:\\\/\\\/zonacaral.gob.pe\\\/es\\\/#\\\/schema\\\/person\\\/beddb4d22f71a7230c5b90913270a0ee\"},\"description\":\"Este fin de semana largo, por Semana Santa, recorre la Ruta Caral, y conoce la historia del desarrollo de la primera civilizaci\u00f3n en el continente americano, la cual se desarroll\u00f3 en completo aislamiento en el \u00e1rea norcentral del Per\u00fa, actual valle de Supe, provincia de Barranca, regi\u00f3n Lima.\",\"breadcrumb\":{\"@id\":\"https:\\\/\\\/zonacaral.gob.pe\\\/es\\\/noticias\\\/semana-santa-en-la-ruta-caral-visita-las-antiguas-ciudades-de-la-primera-civilizacion-de-america\\\/#breadcrumb\"},\"inLanguage\":\"en-US\",\"potentialAction\":[{\"@type\":\"ReadAction\",\"target\":[\"https:\\\/\\\/zonacaral.gob.pe\\\/es\\\/noticias\\\/semana-santa-en-la-ruta-caral-visita-las-antiguas-ciudades-de-la-primera-civilizacion-de-america\\\/\"]}]},{\"@type\":\"ImageObject\",\"inLanguage\":\"en-US\",\"@id\":\"https:\\\/\\\/zonacaral.gob.pe\\\/es\\\/noticias\\\/semana-santa-en-la-ruta-caral-visita-las-antiguas-ciudades-de-la-primera-civilizacion-de-america\\\/#primaryimage\",\"url\":\"https:\\\/\\\/zonacaral.gob.pe\\\/wp-content\\\/uploads\\\/2025\\\/04\\\/Semana-Santa-1.png\",\"contentUrl\":\"https:\\\/\\\/zonacaral.gob.pe\\\/wp-content\\\/uploads\\\/2025\\\/04\\\/Semana-Santa-1.png\",\"width\":1200,\"height\":675},{\"@type\":\"BreadcrumbList\",\"@id\":\"https:\\\/\\\/zonacaral.gob.pe\\\/es\\\/noticias\\\/semana-santa-en-la-ruta-caral-visita-las-antiguas-ciudades-de-la-primera-civilizacion-de-america\\\/#breadcrumb\",\"itemListElement\":[{\"@type\":\"ListItem\",\"position\":1,\"name\":\"Portada\",\"item\":\"https:\\\/\\\/zonacaral.gob.pe\\\/\"},{\"@type\":\"ListItem\",\"position\":2,\"name\":\"SEMANA SANTA EN LA RUTA CARAL: visita las antiguas ciudades de la primera civilizaci\u00f3n de Am\u00e9rica\"}]},{\"@type\":\"WebSite\",\"@id\":\"https:\\\/\\\/zonacaral.gob.pe\\\/es\\\/#website\",\"url\":\"https:\\\/\\\/zonacaral.gob.pe\\\/es\\\/\",\"name\":\"Zona Caral\",\"description\":\"Investigamos, conservamos y difundimos el patrimonio cultural de la Civilizaci\u00f3n Caral, la m\u00e1s antigua de Am\u00e9rica.\",\"potentialAction\":[{\"@type\":\"SearchAction\",\"target\":{\"@type\":\"EntryPoint\",\"urlTemplate\":\"https:\\\/\\\/zonacaral.gob.pe\\\/es\\\/?s={search_term_string}\"},\"query-input\":{\"@type\":\"PropertyValueSpecification\",\"valueRequired\":true,\"valueName\":\"search_term_string\"}}],\"inLanguage\":\"en-US\"},{\"@type\":\"Person\",\"@id\":\"https:\\\/\\\/zonacaral.gob.pe\\\/es\\\/#\\\/schema\\\/person\\\/beddb4d22f71a7230c5b90913270a0ee\",\"name\":\"Zona Caral Administrador\",\"image\":{\"@type\":\"ImageObject\",\"inLanguage\":\"en-US\",\"@id\":\"https:\\\/\\\/secure.gravatar.com\\\/avatar\\\/e4be162918a696358376de6446614e0f0f4062bdc5d170d6d540ada3d8b58c12?s=96&d=mm&r=g\",\"url\":\"https:\\\/\\\/secure.gravatar.com\\\/avatar\\\/e4be162918a696358376de6446614e0f0f4062bdc5d170d6d540ada3d8b58c12?s=96&d=mm&r=g\",\"contentUrl\":\"https:\\\/\\\/secure.gravatar.com\\\/avatar\\\/e4be162918a696358376de6446614e0f0f4062bdc5d170d6d540ada3d8b58c12?s=96&d=mm&r=g\",\"caption\":\"Zona Caral Administrador\"},\"sameAs\":[\"https:\\\/\\\/zonacaral.gob.pe\"],\"url\":\"https:\\\/\\\/zonacaral.gob.pe\\\/en\\\/noticias\\\/author\\\/ad_zonacaral\\\/\"}]}<\/script>\n<!-- \/ Yoast SEO plugin. -->","yoast_head_json":{"title":"SEMANA SANTA EN LA RUTA CARAL: visita las antiguas ciudades de la primera civilizaci\u00f3n de Am\u00e9rica","description":"Este fin de semana largo, por Semana Santa, recorre la Ruta Caral, y conoce la historia del desarrollo de la primera civilizaci\u00f3n en el continente americano, la cual se desarroll\u00f3 en completo aislamiento en el \u00e1rea norcentral del Per\u00fa, actual valle de Supe, provincia de Barranca, regi\u00f3n Lima.","robots":{"index":"index","follow":"follow","max-snippet":"max-snippet:-1","max-image-preview":"max-image-preview:large","max-video-preview":"max-video-preview:-1"},"canonical":"https:\/\/zonacaral.gob.pe\/en\/noticias\/semana-santa-en-la-ruta-caral-visita-las-antiguas-ciudades-de-la-primera-civilizacion-de-america\/","og_locale":"en_US","og_type":"article","og_title":"SEMANA SANTA EN LA RUTA CARAL: visita las antiguas ciudades de la primera civilizaci\u00f3n de Am\u00e9rica","og_description":"Este fin de semana largo, por Semana Santa, recorre la Ruta Caral, y conoce la historia del desarrollo de la primera civilizaci\u00f3n en el continente americano, la cual se desarroll\u00f3 en completo aislamiento en el \u00e1rea norcentral del Per\u00fa, actual valle de Supe, provincia de Barranca, regi\u00f3n Lima.","og_url":"https:\/\/zonacaral.gob.pe\/en\/noticias\/semana-santa-en-la-ruta-caral-visita-las-antiguas-ciudades-de-la-primera-civilizacion-de-america\/","og_site_name":"Zona Caral","article_published_time":"2025-04-15T21:56:34+00:00","og_image":[{"width":1200,"height":675,"url":"https:\/\/zonacaral.gob.pe\/wp-content\/uploads\/2025\/04\/Semana-Santa-1.png","type":"image\/png"}],"author":"Zona Caral Administrador","twitter_card":"summary_large_image","twitter_misc":{"Written by":"Zona Caral Administrador","Est. reading time":"3 minutes"},"schema":{"@context":"https:\/\/schema.org","@graph":[{"@type":"Article","@id":"https:\/\/zonacaral.gob.pe\/es\/noticias\/semana-santa-en-la-ruta-caral-visita-las-antiguas-ciudades-de-la-primera-civilizacion-de-america\/#article","isPartOf":{"@id":"https:\/\/zonacaral.gob.pe\/es\/noticias\/semana-santa-en-la-ruta-caral-visita-las-antiguas-ciudades-de-la-primera-civilizacion-de-america\/"},"author":{"name":"Zona Caral Administrador","@id":"https:\/\/zonacaral.gob.pe\/es\/#\/schema\/person\/beddb4d22f71a7230c5b90913270a0ee"},"headline":"SEMANA SANTA EN LA RUTA CARAL: visita las antiguas ciudades de la primera civilizaci\u00f3n de Am\u00e9rica","datePublished":"2025-04-15T21:56:34+00:00","mainEntityOfPage":{"@id":"https:\/\/zonacaral.gob.pe\/es\/noticias\/semana-santa-en-la-ruta-caral-visita-las-antiguas-ciudades-de-la-primera-civilizacion-de-america\/"},"wordCount":609,"image":{"@id":"https:\/\/zonacaral.gob.pe\/es\/noticias\/semana-santa-en-la-ruta-caral-visita-las-antiguas-ciudades-de-la-primera-civilizacion-de-america\/#primaryimage"},"thumbnailUrl":"https:\/\/zonacaral.gob.pe\/wp-content\/uploads\/2025\/04\/Semana-Santa-1.png","keywords":["caral","Cultura"],"articleSection":["noticias"],"inLanguage":"en-US"},{"@type":"WebPage","@id":"https:\/\/zonacaral.gob.pe\/es\/noticias\/semana-santa-en-la-ruta-caral-visita-las-antiguas-ciudades-de-la-primera-civilizacion-de-america\/","url":"https:\/\/zonacaral.gob.pe\/es\/noticias\/semana-santa-en-la-ruta-caral-visita-las-antiguas-ciudades-de-la-primera-civilizacion-de-america\/","name":"SEMANA SANTA EN LA RUTA CARAL: visita las antiguas ciudades de la primera civilizaci\u00f3n de Am\u00e9rica","isPartOf":{"@id":"https:\/\/zonacaral.gob.pe\/es\/#website"},"primaryImageOfPage":{"@id":"https:\/\/zonacaral.gob.pe\/es\/noticias\/semana-santa-en-la-ruta-caral-visita-las-antiguas-ciudades-de-la-primera-civilizacion-de-america\/#primaryimage"},"image":{"@id":"https:\/\/zonacaral.gob.pe\/es\/noticias\/semana-santa-en-la-ruta-caral-visita-las-antiguas-ciudades-de-la-primera-civilizacion-de-america\/#primaryimage"},"thumbnailUrl":"https:\/\/zonacaral.gob.pe\/wp-content\/uploads\/2025\/04\/Semana-Santa-1.png","datePublished":"2025-04-15T21:56:34+00:00","author":{"@id":"https:\/\/zonacaral.gob.pe\/es\/#\/schema\/person\/beddb4d22f71a7230c5b90913270a0ee"},"description":"Este fin de semana largo, por Semana Santa, recorre la Ruta Caral, y conoce la historia del desarrollo de la primera civilizaci\u00f3n en el continente americano, la cual se desarroll\u00f3 en completo aislamiento en el \u00e1rea norcentral del Per\u00fa, actual valle de Supe, provincia de Barranca, regi\u00f3n Lima.","breadcrumb":{"@id":"https:\/\/zonacaral.gob.pe\/es\/noticias\/semana-santa-en-la-ruta-caral-visita-las-antiguas-ciudades-de-la-primera-civilizacion-de-america\/#breadcrumb"},"inLanguage":"en-US","potentialAction":[{"@type":"ReadAction","target":["https:\/\/zonacaral.gob.pe\/es\/noticias\/semana-santa-en-la-ruta-caral-visita-las-antiguas-ciudades-de-la-primera-civilizacion-de-america\/"]}]},{"@type":"ImageObject","inLanguage":"en-US","@id":"https:\/\/zonacaral.gob.pe\/es\/noticias\/semana-santa-en-la-ruta-caral-visita-las-antiguas-ciudades-de-la-primera-civilizacion-de-america\/#primaryimage","url":"https:\/\/zonacaral.gob.pe\/wp-content\/uploads\/2025\/04\/Semana-Santa-1.png","contentUrl":"https:\/\/zonacaral.gob.pe\/wp-content\/uploads\/2025\/04\/Semana-Santa-1.png","width":1200,"height":675},{"@type":"BreadcrumbList","@id":"https:\/\/zonacaral.gob.pe\/es\/noticias\/semana-santa-en-la-ruta-caral-visita-las-antiguas-ciudades-de-la-primera-civilizacion-de-america\/#breadcrumb","itemListElement":[{"@type":"ListItem","position":1,"name":"Portada","item":"https:\/\/zonacaral.gob.pe\/"},{"@type":"ListItem","position":2,"name":"SEMANA SANTA EN LA RUTA CARAL: visita las antiguas ciudades de la primera civilizaci\u00f3n de Am\u00e9rica"}]},{"@type":"WebSite","@id":"https:\/\/zonacaral.gob.pe\/es\/#website","url":"https:\/\/zonacaral.gob.pe\/es\/","name":"Zona Caral","description":"Investigamos, conservamos y difundimos el patrimonio cultural de la Civilizaci\u00f3n Caral, la m\u00e1s antigua de Am\u00e9rica.","potentialAction":[{"@type":"SearchAction","target":{"@type":"EntryPoint","urlTemplate":"https:\/\/zonacaral.gob.pe\/es\/?s={search_term_string}"},"query-input":{"@type":"PropertyValueSpecification","valueRequired":true,"valueName":"search_term_string"}}],"inLanguage":"en-US"},{"@type":"Person","@id":"https:\/\/zonacaral.gob.pe\/es\/#\/schema\/person\/beddb4d22f71a7230c5b90913270a0ee","name":"Zona Caral Administrador","image":{"@type":"ImageObject","inLanguage":"en-US","@id":"https:\/\/secure.gravatar.com\/avatar\/e4be162918a696358376de6446614e0f0f4062bdc5d170d6d540ada3d8b58c12?s=96&d=mm&r=g","url":"https:\/\/secure.gravatar.com\/avatar\/e4be162918a696358376de6446614e0f0f4062bdc5d170d6d540ada3d8b58c12?s=96&d=mm&r=g","contentUrl":"https:\/\/secure.gravatar.com\/avatar\/e4be162918a696358376de6446614e0f0f4062bdc5d170d6d540ada3d8b58c12?s=96&d=mm&r=g","caption":"Zona Caral Administrador"},"sameAs":["https:\/\/zonacaral.gob.pe"],"url":"https:\/\/zonacaral.gob.pe\/en\/noticias\/author\/ad_zonacaral\/"}]}},"_links":{"self":[{"href":"https:\/\/zonacaral.gob.pe\/en\/wp-json\/wp\/v2\/posts\/18270","targetHints":{"allow":["GET"]}}],"collection":[{"href":"https:\/\/zonacaral.gob.pe\/en\/wp-json\/wp\/v2\/posts"}],"about":[{"href":"https:\/\/zonacaral.gob.pe\/en\/wp-json\/wp\/v2\/types\/post"}],"author":[{"embeddable":true,"href":"https:\/\/zonacaral.gob.pe\/en\/wp-json\/wp\/v2\/users\/1"}],"replies":[{"embeddable":true,"href":"https:\/\/zonacaral.gob.pe\/en\/wp-json\/wp\/v2\/comments?post=18270"}],"version-history":[{"count":0,"href":"https:\/\/zonacaral.gob.pe\/en\/wp-json\/wp\/v2\/posts\/18270\/revisions"}],"wp:featuredmedia":[{"embeddable":true,"href":"https:\/\/zonacaral.gob.pe\/en\/wp-json\/wp\/v2\/media\/18272"}],"wp:attachment":[{"href":"https:\/\/zonacaral.gob.pe\/en\/wp-json\/wp\/v2\/media?parent=18270"}],"wp:term":[{"taxonomy":"category","embeddable":true,"href":"https:\/\/zonacaral.gob.pe\/en\/wp-json\/wp\/v2\/categories?post=18270"},{"taxonomy":"post_tag","embeddable":true,"href":"https:\/\/zonacaral.gob.pe\/en\/wp-json\/wp\/v2\/tags?post=18270"}],"curies":[{"name":"wp","href":"https:\/\/api.w.org\/{rel}","templated":true}]}}