{"id":18283,"date":"2025-04-16T20:58:59","date_gmt":"2025-04-17T01:58:59","guid":{"rendered":"https:\/\/www.zonacaral.gob.pe\/?p=18283"},"modified":"2025-04-16T20:58:59","modified_gmt":"2025-04-17T01:58:59","slug":"dia-de-los-monumentos-y-sitios-protejamos-nuestro-patrimonio-porque-en-el-esta-el-alma-de-nuestra-nacion","status":"publish","type":"post","link":"https:\/\/zonacaral.gob.pe\/en\/noticias\/dia-de-los-monumentos-y-sitios-protejamos-nuestro-patrimonio-porque-en-el-esta-el-alma-de-nuestra-nacion\/","title":{"rendered":"D\u00eda de los Monumentos y Sitios: \u201cprotejamos nuestro patrimonio porque en \u00e9l est\u00e1 el alma de nuestra Naci\u00f3n\u201d"},"content":{"rendered":"<figure class=\"pic-autor\" style=\"color: #4d4d4d; text-align: justify;\"><\/figure>\n<div class=\"gmail_default\" style=\"text-align: justify;\">\n<blockquote>\n<p><em><span style=\"font-weight: 400;\">Valoremos nuestro legado cultural.<\/span><\/em><\/p>\n<\/blockquote>\n<p><span style=\"font-weight: 400;\">Con el fin de conmemorar el D\u00eda Internacional de los Monumentos y Sitios, la <\/span><a href=\"https:\/\/www.instagram.com\/caralperu\/?hl=es\"><span style=\"font-weight: 400;\">Zona Arqueol\u00f3gica Caral<\/span><\/a><span style=\"font-weight: 400;\"> (ZAC), Unidad Ejecutora 003 del Ministerio de Cultura, organiz\u00f3 la conferencia titulada \u00abImportancia de la declaratoria de monumentos y sitios como Patrimonio Mundial\u00bb, con la participaci\u00f3n de la mag\u00edster Liliana Cino Burkevics, embajadora del Servicio Diplom\u00e1tico de la Rep\u00fablica del Per\u00fa, quien dej\u00f3 importantes reflexiones.<\/span><\/p>\n<p><span style=\"font-weight: 400;\">En su ponencia, la embajadora Liliana Cino, sostuvo que esta fecha nos lleva a reflexionar sobre el valor del patrimonio cultural de nuestro pa\u00eds, y que eso nos ayuda a avanzar hacia una sociedad m\u00e1s justa y pac\u00edfica.<\/span><\/p>\n<p><span style=\"font-weight: 400;\">\u201cEl Per\u00fa es una Naci\u00f3n hist\u00f3rica y con futuro. Sigamos protegiendo nuestro patrimonio porque en \u00e9l se encuentra el alma de nuestra Naci\u00f3n\u201d, agreg\u00f3.<\/span><\/p>\n<p><span style=\"font-weight: 400;\">Durante su intervenci\u00f3n Cino Burkevics, record\u00f3 la haza\u00f1a que vivi\u00f3 junto a la doctora Ruth Shady Sol\u00eds, directora de la <\/span><a href=\"https:\/\/www.instagram.com\/caralperu\/?hl=es\"><span style=\"font-weight: 400;\">Zona Arqueol\u00f3gica Caral<\/span><\/a><span style=\"font-weight: 400;\"> -quien presid\u00eda el evento-, para lograr la inscripci\u00f3n de la Ciudad Sagrada de Caral-Supe en la Lista del Patrimonio Mundial en 2009.<\/span><\/p>\n<p><span style=\"font-weight: 400;\">Asimismo, detall\u00f3 los pasos que se siguen para conseguir que un patrimonio cultural, material e inmaterial, sea Patrimonio de Humanidad por la UNESCO. Desde la identificaci\u00f3n del patrimonio, su valor e importancia, hasta ser inscrito en la Lista Indicativa, donde esperan ser llamados por el Comit\u00e9 del Patrimonio Mundial.<\/span><\/p>\n<p><span style=\"font-weight: 400;\">Antes de esta importante conferencia, intervino el director general de la Direcci\u00f3n General para Asuntos Culturales del Ministerio de Relaciones Exteriores, Ministro Carlos Germ\u00e1n Augusto Am\u00e9zaga Rodr\u00edguez, quien sostuvo que en nuestro pa\u00eds existe una riqueza cultural \u201cque hemos heredado y que forj\u00f3 la identidad de nuestros antepasados. Y hoy es la base sobre la que la nueva generaci\u00f3n de peruanas y peruanos construyen su ciudadan\u00eda, impregnada de valores\u201d.<\/span><\/p>\n<p><span style=\"font-weight: 400;\">En esta actividad, participaron representantes del cuerpo diplom\u00e1tico de las Embajadas de Chile, Panam\u00e1, Turqu\u00eda, entre otros; as\u00ed como tambi\u00e9n los subdirectores de la Zona Arqueol\u00f3gica Caral, magister Carlos Leyva, y la licenciada Edna Quispe Loayza.<\/span><\/p>\n<p><b>Embajadora Liliana Cino<\/b><\/p>\n<p><span style=\"font-weight: 400;\">Cabe precisar que la Embajadora Liliana Cino, destacada diplom\u00e1tica de carrera y defensora del patrimonio cultural peruano, ha representado al Per\u00fa en importantes misiones internacionales, como Representante Alterna ante la Organizaci\u00f3n de las Naciones Unidas para el Desarrollo Industrial &#8211; ONUDI y el Organismo Internacional de Energ\u00eda At\u00f3mica &#8211; OIEA en Viena, Embajadora en Dinamarca y C\u00f3nsul General en Los \u00c1ngeles y M\u00e9xico. Asimismo, ha desempe\u00f1ado cargos estrat\u00e9gicos en el Ministerio de Relaciones Exteriores en \u00e1reas como Derechos Humanos y Pol\u00edtica Cultural Exterior.\u00a0<\/span><\/p>\n<p><span style=\"font-weight: 400;\">En 2009, como Directora General para Asuntos Culturales, represent\u00f3 al Per\u00fa en la 33\u00aa sesi\u00f3n del Comit\u00e9 del Patrimonio Mundial de la UNESCO en Sevilla, donde logr\u00f3 con \u00e9xito el 28 de junio, la inscripci\u00f3n de la Ciudad Sagrada de Caral-Supe en la Lista del Patrimonio Mundial, consolidando su aporte a la proyecci\u00f3n internacional del patrimonio cultural peruano.<\/span><\/p>\n<p><b>D\u00eda Internacional de los Monumentos y Sitios<\/b><\/p>\n<p><span style=\"font-weight: 400;\">El 18 de abril de cada a\u00f1o se celebra el D\u00eda Internacional de los Monumentos y Sitios (DIMS), una iniciativa de ICOMOS que comenz\u00f3 en 1982 con el objetivo de sensibilizar sobre la importancia del patrimonio cultural y la necesidad de protegerlo.<\/span><\/p>\n<p><span style=\"font-weight: 400;\">Celebra este d\u00eda visitando los antiguos centros urbanos de la Civilizaci\u00f3n Caral: <\/span><a href=\"https:\/\/www.zonacaral.gob.pe\/ruta-caral\/ciudad-sagrada-de-caral.html\"><span style=\"font-weight: 400;\">Ciudad Sagrada de Cara-Supe<\/span><\/a><span style=\"font-weight: 400;\">, Patrimonio Mundial; <\/span><a href=\"https:\/\/www.zonacaral.gob.pe\/ruta-caral\/aspero.html\"><span style=\"font-weight: 400;\">\u00c1spero<\/span><\/a><span style=\"font-weight: 400;\">, ciudad pesquera; <\/span><a href=\"https:\/\/www.zonacaral.gob.pe\/ruta-caral\/vichama.html\"><span style=\"font-weight: 400;\">Vichama<\/span><\/a><span style=\"font-weight: 400;\">, ciudad agropesquera y <\/span><a href=\"https:\/\/www.zonacaral.gob.pe\/ruta-caral\/penico.html\"><span style=\"font-weight: 400;\">Pe\u00f1ico<\/span><\/a><span style=\"font-weight: 400;\">, ciudad de la integraci\u00f3n.<\/span><\/p>\n<p><span style=\"font-weight: 400;\">Estos sitios arqueol\u00f3gicos son un motivo de orgullo para los peruanos, el cual debe ir de la mano con el compromiso para preservar y salvaguardar nuestro patrimonio cultural.<\/span><\/p>\n<p><strong style=\"font-size: inherit; text-align: justify;\">Fuente: Comunicaci\u00f3n e Imagen Institucional ZAC<\/strong><\/p>\n<\/div>\n<div style=\"color: #1f1f1f;\">\n<div style=\"color: #1f1f1f;\">\n<p style=\"text-align: justify;\">Fecha de publicaci\u00f3n: 16\/04\/2025<\/p>\n<\/div>\n<\/div>\n\n\n<p><\/p>","protected":false},"excerpt":{"rendered":"<p>Valoremos nuestro legado cultural. Con el fin de conmemorar el D\u00eda Internacional de los Monumentos y Sitios, la Zona Arqueol\u00f3gica [&hellip;]<\/p>\n","protected":false},"author":1,"featured_media":18284,"comment_status":"closed","ping_status":"open","sticky":false,"template":"","format":"standard","meta":{"_acf_changed":false,"site-sidebar-layout":"default","site-content-layout":"","ast-site-content-layout":"default","site-content-style":"default","site-sidebar-style":"default","ast-global-header-display":"","ast-banner-title-visibility":"","ast-main-header-display":"","ast-hfb-above-header-display":"","ast-hfb-below-header-display":"","ast-hfb-mobile-header-display":"","site-post-title":"","ast-breadcrumbs-content":"","ast-featured-img":"","footer-sml-layout":"","ast-disable-related-posts":"","theme-transparent-header-meta":"","adv-header-id-meta":"","stick-header-meta":"","header-above-stick-meta":"","header-main-stick-meta":"","header-below-stick-meta":"","astra-migrate-meta-layouts":"default","ast-page-background-enabled":"default","ast-page-background-meta":{"desktop":{"background-color":"var(--ast-global-color-5)","background-image":"","background-repeat":"repeat","background-position":"center center","background-size":"auto","background-attachment":"scroll","background-type":"","background-media":"","overlay-type":"","overlay-color":"","overlay-opacity":"","overlay-gradient":""},"tablet":{"background-color":"","background-image":"","background-repeat":"repeat","background-position":"center center","background-size":"auto","background-attachment":"scroll","background-type":"","background-media":"","overlay-type":"","overlay-color":"","overlay-opacity":"","overlay-gradient":""},"mobile":{"background-color":"","background-image":"","background-repeat":"repeat","background-position":"center center","background-size":"auto","background-attachment":"scroll","background-type":"","background-media":"","overlay-type":"","overlay-color":"","overlay-opacity":"","overlay-gradient":""}},"ast-content-background-meta":{"desktop":{"background-color":"var(--ast-global-color-4)","background-image":"","background-repeat":"repeat","background-position":"center center","background-size":"auto","background-attachment":"scroll","background-type":"","background-media":"","overlay-type":"","overlay-color":"","overlay-opacity":"","overlay-gradient":""},"tablet":{"background-color":"var(--ast-global-color-4)","background-image":"","background-repeat":"repeat","background-position":"center center","background-size":"auto","background-attachment":"scroll","background-type":"","background-media":"","overlay-type":"","overlay-color":"","overlay-opacity":"","overlay-gradient":""},"mobile":{"background-color":"var(--ast-global-color-4)","background-image":"","background-repeat":"repeat","background-position":"center center","background-size":"auto","background-attachment":"scroll","background-type":"","background-media":"","overlay-type":"","overlay-color":"","overlay-opacity":"","overlay-gradient":""}},"footnotes":""},"categories":[208],"tags":[55,72],"class_list":["post-18283","post","type-post","status-publish","format-standard","has-post-thumbnail","hentry","category-noticias","tag-caral","tag-cultura"],"acf":[],"yoast_head":"<!-- This site is optimized with the Yoast SEO plugin v27.3 - https:\/\/yoast.com\/product\/yoast-seo-wordpress\/ -->\n<title>D\u00eda de los Monumentos y Sitios: conservamos y protegemos los centros urbanos de la civilizaci\u00f3n Caral<\/title>\n<meta name=\"description\" content=\"En el D\u00eda Internacional de los Monumentos y Sitios (DIMS), recordemos la importancia de la conservaci\u00f3n y protecci\u00f3n de los sitios arqueol\u00f3gicos del Per\u00fa; en especial, las antiguas ciudades que conforman la Civilizaci\u00f3n Caral, en los cuales investiga, desde 1994, la Zona Arqueol\u00f3gica Caral, Unidad Ejecutora 003 del Ministerio de Cultura, bajo la direcci\u00f3n de la doctora Ruth Shady Sol\u00eds.\" \/>\n<meta name=\"robots\" content=\"index, follow, max-snippet:-1, max-image-preview:large, max-video-preview:-1\" \/>\n<link rel=\"canonical\" href=\"https:\/\/zonacaral.gob.pe\/en\/noticias\/dia-de-los-monumentos-y-sitios-protejamos-nuestro-patrimonio-porque-en-el-esta-el-alma-de-nuestra-nacion\/\" \/>\n<meta property=\"og:locale\" content=\"en_US\" \/>\n<meta property=\"og:type\" content=\"article\" \/>\n<meta property=\"og:title\" content=\"D\u00eda de los Monumentos y Sitios: conservamos y protegemos los centros urbanos de la civilizaci\u00f3n Caral\" \/>\n<meta property=\"og:description\" content=\"En el D\u00eda Internacional de los Monumentos y Sitios (DIMS), recordemos la importancia de la conservaci\u00f3n y protecci\u00f3n de los sitios arqueol\u00f3gicos del Per\u00fa; en especial, las antiguas ciudades que conforman la Civilizaci\u00f3n Caral, en los cuales investiga, desde 1994, la Zona Arqueol\u00f3gica Caral, Unidad Ejecutora 003 del Ministerio de Cultura, bajo la direcci\u00f3n de la doctora Ruth Shady Sol\u00eds.\" \/>\n<meta property=\"og:url\" content=\"https:\/\/zonacaral.gob.pe\/en\/noticias\/dia-de-los-monumentos-y-sitios-protejamos-nuestro-patrimonio-porque-en-el-esta-el-alma-de-nuestra-nacion\/\" \/>\n<meta property=\"og:site_name\" content=\"Zona Caral\" \/>\n<meta property=\"article:published_time\" content=\"2025-04-17T01:58:59+00:00\" \/>\n<meta property=\"og:image\" content=\"https:\/\/zonacaral.gob.pe\/wp-content\/uploads\/2025\/04\/confe-1.png\" \/>\n\t<meta property=\"og:image:width\" content=\"1200\" \/>\n\t<meta property=\"og:image:height\" content=\"675\" \/>\n\t<meta property=\"og:image:type\" content=\"image\/png\" \/>\n<meta name=\"author\" content=\"Zona Caral Administrador\" \/>\n<meta name=\"twitter:card\" content=\"summary_large_image\" \/>\n<meta name=\"twitter:label1\" content=\"Written by\" \/>\n\t<meta name=\"twitter:data1\" content=\"Zona Caral Administrador\" \/>\n\t<meta name=\"twitter:label2\" content=\"Est. reading time\" \/>\n\t<meta name=\"twitter:data2\" content=\"3 minutes\" \/>\n<script type=\"application\/ld+json\" class=\"yoast-schema-graph\">{\"@context\":\"https:\\\/\\\/schema.org\",\"@graph\":[{\"@type\":\"Article\",\"@id\":\"https:\\\/\\\/zonacaral.gob.pe\\\/es\\\/noticias\\\/dia-de-los-monumentos-y-sitios-protejamos-nuestro-patrimonio-porque-en-el-esta-el-alma-de-nuestra-nacion\\\/#article\",\"isPartOf\":{\"@id\":\"https:\\\/\\\/zonacaral.gob.pe\\\/es\\\/noticias\\\/dia-de-los-monumentos-y-sitios-protejamos-nuestro-patrimonio-porque-en-el-esta-el-alma-de-nuestra-nacion\\\/\"},\"author\":{\"name\":\"Zona Caral Administrador\",\"@id\":\"https:\\\/\\\/zonacaral.gob.pe\\\/es\\\/#\\\/schema\\\/person\\\/beddb4d22f71a7230c5b90913270a0ee\"},\"headline\":\"D\u00eda de los Monumentos y Sitios: \u201cprotejamos nuestro patrimonio porque en \u00e9l est\u00e1 el alma de nuestra Naci\u00f3n\u201d\",\"datePublished\":\"2025-04-17T01:58:59+00:00\",\"mainEntityOfPage\":{\"@id\":\"https:\\\/\\\/zonacaral.gob.pe\\\/es\\\/noticias\\\/dia-de-los-monumentos-y-sitios-protejamos-nuestro-patrimonio-porque-en-el-esta-el-alma-de-nuestra-nacion\\\/\"},\"wordCount\":652,\"image\":{\"@id\":\"https:\\\/\\\/zonacaral.gob.pe\\\/es\\\/noticias\\\/dia-de-los-monumentos-y-sitios-protejamos-nuestro-patrimonio-porque-en-el-esta-el-alma-de-nuestra-nacion\\\/#primaryimage\"},\"thumbnailUrl\":\"https:\\\/\\\/zonacaral.gob.pe\\\/wp-content\\\/uploads\\\/2025\\\/04\\\/confe-1.png\",\"keywords\":[\"caral\",\"Cultura\"],\"articleSection\":[\"noticias\"],\"inLanguage\":\"en-US\"},{\"@type\":\"WebPage\",\"@id\":\"https:\\\/\\\/zonacaral.gob.pe\\\/es\\\/noticias\\\/dia-de-los-monumentos-y-sitios-protejamos-nuestro-patrimonio-porque-en-el-esta-el-alma-de-nuestra-nacion\\\/\",\"url\":\"https:\\\/\\\/zonacaral.gob.pe\\\/es\\\/noticias\\\/dia-de-los-monumentos-y-sitios-protejamos-nuestro-patrimonio-porque-en-el-esta-el-alma-de-nuestra-nacion\\\/\",\"name\":\"D\u00eda de los Monumentos y Sitios: conservamos y protegemos los centros urbanos de la civilizaci\u00f3n Caral\",\"isPartOf\":{\"@id\":\"https:\\\/\\\/zonacaral.gob.pe\\\/es\\\/#website\"},\"primaryImageOfPage\":{\"@id\":\"https:\\\/\\\/zonacaral.gob.pe\\\/es\\\/noticias\\\/dia-de-los-monumentos-y-sitios-protejamos-nuestro-patrimonio-porque-en-el-esta-el-alma-de-nuestra-nacion\\\/#primaryimage\"},\"image\":{\"@id\":\"https:\\\/\\\/zonacaral.gob.pe\\\/es\\\/noticias\\\/dia-de-los-monumentos-y-sitios-protejamos-nuestro-patrimonio-porque-en-el-esta-el-alma-de-nuestra-nacion\\\/#primaryimage\"},\"thumbnailUrl\":\"https:\\\/\\\/zonacaral.gob.pe\\\/wp-content\\\/uploads\\\/2025\\\/04\\\/confe-1.png\",\"datePublished\":\"2025-04-17T01:58:59+00:00\",\"author\":{\"@id\":\"https:\\\/\\\/zonacaral.gob.pe\\\/es\\\/#\\\/schema\\\/person\\\/beddb4d22f71a7230c5b90913270a0ee\"},\"description\":\"En el D\u00eda Internacional de los Monumentos y Sitios (DIMS), recordemos la importancia de la conservaci\u00f3n y protecci\u00f3n de los sitios arqueol\u00f3gicos del Per\u00fa; en especial, las antiguas ciudades que conforman la Civilizaci\u00f3n Caral, en los cuales investiga, desde 1994, la Zona Arqueol\u00f3gica Caral, Unidad Ejecutora 003 del Ministerio de Cultura, bajo la direcci\u00f3n de la doctora Ruth Shady Sol\u00eds.\",\"breadcrumb\":{\"@id\":\"https:\\\/\\\/zonacaral.gob.pe\\\/es\\\/noticias\\\/dia-de-los-monumentos-y-sitios-protejamos-nuestro-patrimonio-porque-en-el-esta-el-alma-de-nuestra-nacion\\\/#breadcrumb\"},\"inLanguage\":\"en-US\",\"potentialAction\":[{\"@type\":\"ReadAction\",\"target\":[\"https:\\\/\\\/zonacaral.gob.pe\\\/es\\\/noticias\\\/dia-de-los-monumentos-y-sitios-protejamos-nuestro-patrimonio-porque-en-el-esta-el-alma-de-nuestra-nacion\\\/\"]}]},{\"@type\":\"ImageObject\",\"inLanguage\":\"en-US\",\"@id\":\"https:\\\/\\\/zonacaral.gob.pe\\\/es\\\/noticias\\\/dia-de-los-monumentos-y-sitios-protejamos-nuestro-patrimonio-porque-en-el-esta-el-alma-de-nuestra-nacion\\\/#primaryimage\",\"url\":\"https:\\\/\\\/zonacaral.gob.pe\\\/wp-content\\\/uploads\\\/2025\\\/04\\\/confe-1.png\",\"contentUrl\":\"https:\\\/\\\/zonacaral.gob.pe\\\/wp-content\\\/uploads\\\/2025\\\/04\\\/confe-1.png\",\"width\":1200,\"height\":675},{\"@type\":\"BreadcrumbList\",\"@id\":\"https:\\\/\\\/zonacaral.gob.pe\\\/es\\\/noticias\\\/dia-de-los-monumentos-y-sitios-protejamos-nuestro-patrimonio-porque-en-el-esta-el-alma-de-nuestra-nacion\\\/#breadcrumb\",\"itemListElement\":[{\"@type\":\"ListItem\",\"position\":1,\"name\":\"Portada\",\"item\":\"https:\\\/\\\/zonacaral.gob.pe\\\/\"},{\"@type\":\"ListItem\",\"position\":2,\"name\":\"D\u00eda de los Monumentos y Sitios: \u201cprotejamos nuestro patrimonio porque en \u00e9l est\u00e1 el alma de nuestra Naci\u00f3n\u201d\"}]},{\"@type\":\"WebSite\",\"@id\":\"https:\\\/\\\/zonacaral.gob.pe\\\/es\\\/#website\",\"url\":\"https:\\\/\\\/zonacaral.gob.pe\\\/es\\\/\",\"name\":\"Zona Caral\",\"description\":\"Investigamos, conservamos y difundimos el patrimonio cultural de la Civilizaci\u00f3n Caral, la m\u00e1s antigua de Am\u00e9rica.\",\"potentialAction\":[{\"@type\":\"SearchAction\",\"target\":{\"@type\":\"EntryPoint\",\"urlTemplate\":\"https:\\\/\\\/zonacaral.gob.pe\\\/es\\\/?s={search_term_string}\"},\"query-input\":{\"@type\":\"PropertyValueSpecification\",\"valueRequired\":true,\"valueName\":\"search_term_string\"}}],\"inLanguage\":\"en-US\"},{\"@type\":\"Person\",\"@id\":\"https:\\\/\\\/zonacaral.gob.pe\\\/es\\\/#\\\/schema\\\/person\\\/beddb4d22f71a7230c5b90913270a0ee\",\"name\":\"Zona Caral Administrador\",\"image\":{\"@type\":\"ImageObject\",\"inLanguage\":\"en-US\",\"@id\":\"https:\\\/\\\/secure.gravatar.com\\\/avatar\\\/e4be162918a696358376de6446614e0f0f4062bdc5d170d6d540ada3d8b58c12?s=96&d=mm&r=g\",\"url\":\"https:\\\/\\\/secure.gravatar.com\\\/avatar\\\/e4be162918a696358376de6446614e0f0f4062bdc5d170d6d540ada3d8b58c12?s=96&d=mm&r=g\",\"contentUrl\":\"https:\\\/\\\/secure.gravatar.com\\\/avatar\\\/e4be162918a696358376de6446614e0f0f4062bdc5d170d6d540ada3d8b58c12?s=96&d=mm&r=g\",\"caption\":\"Zona Caral Administrador\"},\"sameAs\":[\"https:\\\/\\\/zonacaral.gob.pe\"],\"url\":\"https:\\\/\\\/zonacaral.gob.pe\\\/en\\\/noticias\\\/author\\\/ad_zonacaral\\\/\"}]}<\/script>\n<!-- \/ Yoast SEO plugin. -->","yoast_head_json":{"title":"D\u00eda de los Monumentos y Sitios: conservamos y protegemos los centros urbanos de la civilizaci\u00f3n Caral","description":"En el D\u00eda Internacional de los Monumentos y Sitios (DIMS), recordemos la importancia de la conservaci\u00f3n y protecci\u00f3n de los sitios arqueol\u00f3gicos del Per\u00fa; en especial, las antiguas ciudades que conforman la Civilizaci\u00f3n Caral, en los cuales investiga, desde 1994, la Zona Arqueol\u00f3gica Caral, Unidad Ejecutora 003 del Ministerio de Cultura, bajo la direcci\u00f3n de la doctora Ruth Shady Sol\u00eds.","robots":{"index":"index","follow":"follow","max-snippet":"max-snippet:-1","max-image-preview":"max-image-preview:large","max-video-preview":"max-video-preview:-1"},"canonical":"https:\/\/zonacaral.gob.pe\/en\/noticias\/dia-de-los-monumentos-y-sitios-protejamos-nuestro-patrimonio-porque-en-el-esta-el-alma-de-nuestra-nacion\/","og_locale":"en_US","og_type":"article","og_title":"D\u00eda de los Monumentos y Sitios: conservamos y protegemos los centros urbanos de la civilizaci\u00f3n Caral","og_description":"En el D\u00eda Internacional de los Monumentos y Sitios (DIMS), recordemos la importancia de la conservaci\u00f3n y protecci\u00f3n de los sitios arqueol\u00f3gicos del Per\u00fa; en especial, las antiguas ciudades que conforman la Civilizaci\u00f3n Caral, en los cuales investiga, desde 1994, la Zona Arqueol\u00f3gica Caral, Unidad Ejecutora 003 del Ministerio de Cultura, bajo la direcci\u00f3n de la doctora Ruth Shady Sol\u00eds.","og_url":"https:\/\/zonacaral.gob.pe\/en\/noticias\/dia-de-los-monumentos-y-sitios-protejamos-nuestro-patrimonio-porque-en-el-esta-el-alma-de-nuestra-nacion\/","og_site_name":"Zona Caral","article_published_time":"2025-04-17T01:58:59+00:00","og_image":[{"width":1200,"height":675,"url":"https:\/\/zonacaral.gob.pe\/wp-content\/uploads\/2025\/04\/confe-1.png","type":"image\/png"}],"author":"Zona Caral Administrador","twitter_card":"summary_large_image","twitter_misc":{"Written by":"Zona Caral Administrador","Est. reading time":"3 minutes"},"schema":{"@context":"https:\/\/schema.org","@graph":[{"@type":"Article","@id":"https:\/\/zonacaral.gob.pe\/es\/noticias\/dia-de-los-monumentos-y-sitios-protejamos-nuestro-patrimonio-porque-en-el-esta-el-alma-de-nuestra-nacion\/#article","isPartOf":{"@id":"https:\/\/zonacaral.gob.pe\/es\/noticias\/dia-de-los-monumentos-y-sitios-protejamos-nuestro-patrimonio-porque-en-el-esta-el-alma-de-nuestra-nacion\/"},"author":{"name":"Zona Caral Administrador","@id":"https:\/\/zonacaral.gob.pe\/es\/#\/schema\/person\/beddb4d22f71a7230c5b90913270a0ee"},"headline":"D\u00eda de los Monumentos y Sitios: \u201cprotejamos nuestro patrimonio porque en \u00e9l est\u00e1 el alma de nuestra Naci\u00f3n\u201d","datePublished":"2025-04-17T01:58:59+00:00","mainEntityOfPage":{"@id":"https:\/\/zonacaral.gob.pe\/es\/noticias\/dia-de-los-monumentos-y-sitios-protejamos-nuestro-patrimonio-porque-en-el-esta-el-alma-de-nuestra-nacion\/"},"wordCount":652,"image":{"@id":"https:\/\/zonacaral.gob.pe\/es\/noticias\/dia-de-los-monumentos-y-sitios-protejamos-nuestro-patrimonio-porque-en-el-esta-el-alma-de-nuestra-nacion\/#primaryimage"},"thumbnailUrl":"https:\/\/zonacaral.gob.pe\/wp-content\/uploads\/2025\/04\/confe-1.png","keywords":["caral","Cultura"],"articleSection":["noticias"],"inLanguage":"en-US"},{"@type":"WebPage","@id":"https:\/\/zonacaral.gob.pe\/es\/noticias\/dia-de-los-monumentos-y-sitios-protejamos-nuestro-patrimonio-porque-en-el-esta-el-alma-de-nuestra-nacion\/","url":"https:\/\/zonacaral.gob.pe\/es\/noticias\/dia-de-los-monumentos-y-sitios-protejamos-nuestro-patrimonio-porque-en-el-esta-el-alma-de-nuestra-nacion\/","name":"D\u00eda de los Monumentos y Sitios: conservamos y protegemos los centros urbanos de la civilizaci\u00f3n Caral","isPartOf":{"@id":"https:\/\/zonacaral.gob.pe\/es\/#website"},"primaryImageOfPage":{"@id":"https:\/\/zonacaral.gob.pe\/es\/noticias\/dia-de-los-monumentos-y-sitios-protejamos-nuestro-patrimonio-porque-en-el-esta-el-alma-de-nuestra-nacion\/#primaryimage"},"image":{"@id":"https:\/\/zonacaral.gob.pe\/es\/noticias\/dia-de-los-monumentos-y-sitios-protejamos-nuestro-patrimonio-porque-en-el-esta-el-alma-de-nuestra-nacion\/#primaryimage"},"thumbnailUrl":"https:\/\/zonacaral.gob.pe\/wp-content\/uploads\/2025\/04\/confe-1.png","datePublished":"2025-04-17T01:58:59+00:00","author":{"@id":"https:\/\/zonacaral.gob.pe\/es\/#\/schema\/person\/beddb4d22f71a7230c5b90913270a0ee"},"description":"En el D\u00eda Internacional de los Monumentos y Sitios (DIMS), recordemos la importancia de la conservaci\u00f3n y protecci\u00f3n de los sitios arqueol\u00f3gicos del Per\u00fa; en especial, las antiguas ciudades que conforman la Civilizaci\u00f3n Caral, en los cuales investiga, desde 1994, la Zona Arqueol\u00f3gica Caral, Unidad Ejecutora 003 del Ministerio de Cultura, bajo la direcci\u00f3n de la doctora Ruth Shady Sol\u00eds.","breadcrumb":{"@id":"https:\/\/zonacaral.gob.pe\/es\/noticias\/dia-de-los-monumentos-y-sitios-protejamos-nuestro-patrimonio-porque-en-el-esta-el-alma-de-nuestra-nacion\/#breadcrumb"},"inLanguage":"en-US","potentialAction":[{"@type":"ReadAction","target":["https:\/\/zonacaral.gob.pe\/es\/noticias\/dia-de-los-monumentos-y-sitios-protejamos-nuestro-patrimonio-porque-en-el-esta-el-alma-de-nuestra-nacion\/"]}]},{"@type":"ImageObject","inLanguage":"en-US","@id":"https:\/\/zonacaral.gob.pe\/es\/noticias\/dia-de-los-monumentos-y-sitios-protejamos-nuestro-patrimonio-porque-en-el-esta-el-alma-de-nuestra-nacion\/#primaryimage","url":"https:\/\/zonacaral.gob.pe\/wp-content\/uploads\/2025\/04\/confe-1.png","contentUrl":"https:\/\/zonacaral.gob.pe\/wp-content\/uploads\/2025\/04\/confe-1.png","width":1200,"height":675},{"@type":"BreadcrumbList","@id":"https:\/\/zonacaral.gob.pe\/es\/noticias\/dia-de-los-monumentos-y-sitios-protejamos-nuestro-patrimonio-porque-en-el-esta-el-alma-de-nuestra-nacion\/#breadcrumb","itemListElement":[{"@type":"ListItem","position":1,"name":"Portada","item":"https:\/\/zonacaral.gob.pe\/"},{"@type":"ListItem","position":2,"name":"D\u00eda de los Monumentos y Sitios: \u201cprotejamos nuestro patrimonio porque en \u00e9l est\u00e1 el alma de nuestra Naci\u00f3n\u201d"}]},{"@type":"WebSite","@id":"https:\/\/zonacaral.gob.pe\/es\/#website","url":"https:\/\/zonacaral.gob.pe\/es\/","name":"Zona Caral","description":"Investigamos, conservamos y difundimos el patrimonio cultural de la Civilizaci\u00f3n Caral, la m\u00e1s antigua de Am\u00e9rica.","potentialAction":[{"@type":"SearchAction","target":{"@type":"EntryPoint","urlTemplate":"https:\/\/zonacaral.gob.pe\/es\/?s={search_term_string}"},"query-input":{"@type":"PropertyValueSpecification","valueRequired":true,"valueName":"search_term_string"}}],"inLanguage":"en-US"},{"@type":"Person","@id":"https:\/\/zonacaral.gob.pe\/es\/#\/schema\/person\/beddb4d22f71a7230c5b90913270a0ee","name":"Zona Caral Administrador","image":{"@type":"ImageObject","inLanguage":"en-US","@id":"https:\/\/secure.gravatar.com\/avatar\/e4be162918a696358376de6446614e0f0f4062bdc5d170d6d540ada3d8b58c12?s=96&d=mm&r=g","url":"https:\/\/secure.gravatar.com\/avatar\/e4be162918a696358376de6446614e0f0f4062bdc5d170d6d540ada3d8b58c12?s=96&d=mm&r=g","contentUrl":"https:\/\/secure.gravatar.com\/avatar\/e4be162918a696358376de6446614e0f0f4062bdc5d170d6d540ada3d8b58c12?s=96&d=mm&r=g","caption":"Zona Caral Administrador"},"sameAs":["https:\/\/zonacaral.gob.pe"],"url":"https:\/\/zonacaral.gob.pe\/en\/noticias\/author\/ad_zonacaral\/"}]}},"_links":{"self":[{"href":"https:\/\/zonacaral.gob.pe\/en\/wp-json\/wp\/v2\/posts\/18283","targetHints":{"allow":["GET"]}}],"collection":[{"href":"https:\/\/zonacaral.gob.pe\/en\/wp-json\/wp\/v2\/posts"}],"about":[{"href":"https:\/\/zonacaral.gob.pe\/en\/wp-json\/wp\/v2\/types\/post"}],"author":[{"embeddable":true,"href":"https:\/\/zonacaral.gob.pe\/en\/wp-json\/wp\/v2\/users\/1"}],"replies":[{"embeddable":true,"href":"https:\/\/zonacaral.gob.pe\/en\/wp-json\/wp\/v2\/comments?post=18283"}],"version-history":[{"count":0,"href":"https:\/\/zonacaral.gob.pe\/en\/wp-json\/wp\/v2\/posts\/18283\/revisions"}],"wp:featuredmedia":[{"embeddable":true,"href":"https:\/\/zonacaral.gob.pe\/en\/wp-json\/wp\/v2\/media\/18284"}],"wp:attachment":[{"href":"https:\/\/zonacaral.gob.pe\/en\/wp-json\/wp\/v2\/media?parent=18283"}],"wp:term":[{"taxonomy":"category","embeddable":true,"href":"https:\/\/zonacaral.gob.pe\/en\/wp-json\/wp\/v2\/categories?post=18283"},{"taxonomy":"post_tag","embeddable":true,"href":"https:\/\/zonacaral.gob.pe\/en\/wp-json\/wp\/v2\/tags?post=18283"}],"curies":[{"name":"wp","href":"https:\/\/api.w.org\/{rel}","templated":true}]}}