{"id":18298,"date":"2025-04-25T16:12:51","date_gmt":"2025-04-25T21:12:51","guid":{"rendered":"https:\/\/www.zonacaral.gob.pe\/?p=18298"},"modified":"2025-04-25T16:12:51","modified_gmt":"2025-04-25T21:12:51","slug":"civilizacion-caral-descubren-entierro-de-una-mujer-de-elite-y-evidencias-de-las-relaciones-interculturales","status":"publish","type":"post","link":"https:\/\/zonacaral.gob.pe\/en\/noticias\/civilizacion-caral-descubren-entierro-de-una-mujer-de-elite-y-evidencias-de-las-relaciones-interculturales\/","title":{"rendered":"Civilizaci\u00f3n Caral: Descubren entierro de una Mujer de \u00c9lite y evidencias de las relaciones interculturales"},"content":{"rendered":"<figure class=\"pic-autor\" style=\"color: #4d4d4d; text-align: justify;\"><\/figure>\n<div class=\"gmail_default\" style=\"text-align: justify;\">\n<blockquote>\n<p><b><i>Fue hallada en el sitio arqueol\u00f3gico \u00c1spero, antigua ciudad pesquera de la civilizaci\u00f3n Caral (3000-1800 a. C.), en la provincia de Barranca, regi\u00f3n Lima.<\/i><\/b><\/p>\n<\/blockquote>\n<p><span style=\"font-weight: 400;\">El entierro de una mujer, de entre 20 y 35 a\u00f1os de edad, fue hallada en el edificio p\u00fablico Huaca de los \u00cddolos, en el <\/span><b>sitio arqueol\u00f3gico \u00c1spero<\/b><span style=\"font-weight: 400;\">, antigua ciudad pesquera de la civilizaci\u00f3n Caral (3000-1800 a. C.), ubicada en el distrito de Supe Puerto, provincia de Barranca, regi\u00f3n Lima.<\/span><\/p>\n<p><span style=\"font-weight: 400;\">El descubrimiento fue realizado por el equipo de arque\u00f3logos del <\/span><b>sitio arqueol\u00f3gico \u00c1spero <\/b><span style=\"font-weight: 400;\">de la Unidad Ejecutora 003 del Ministerio de Cultura: Zona Arqueol\u00f3gica Caral (ZAC), dirigida por la doctora Ruth Shady Sol\u00eds.<\/span><\/p>\n<p><span style=\"font-weight: 400;\">Se trata de un entierro excepcional por la preservaci\u00f3n de piel, cabello y u\u00f1as, condici\u00f3n poco frecuente en esta zona, donde usualmente solo se recuperan restos \u00f3seos.<\/span><\/p>\n<p><span style=\"font-weight: 400;\">El cuerpo fue envuelto en varios materiales, como tejidos de algod\u00f3n, esterillas de junco y un panel recamado con plumas de guacamayo, delicadamente dispuestas en una red, sobre haces de fibras vegetales. Encima de la cabeza le colocaron un tocado de fibras con haces de hilos entorchados.<\/span><\/p>\n<p><span style=\"font-weight: 400;\">El panel recamado de plumas es uno de los ejemplos m\u00e1s antiguos del arte plumario en los Andes. Los especialistas destacan este hallazgo como indicador del alto desarrollo en t\u00e9cnicas especializadas que se tuvo en la Civilizaci\u00f3n Caral.<\/span><\/p>\n<p><b>Ofrendas de prestigio<\/b><\/p>\n<p><span style=\"font-weight: 400;\">Como parte del ajuar, en el espacio inferior, colocaron cuatro cestas de junco, una aguja con dise\u00f1os incisos, una concha de caracol amaz\u00f3nico, el pico de un tuc\u00e1n con incrustaciones de cuentas verdes y pardas, un textil de lana, una red de pesca, una treintena de camotes y herramientas para tejer, entre otros.<\/span><\/p>\n<p><span style=\"font-weight: 400;\">En el espacio superior depositaron tres mates en forma de botella y otra cesta sobre una esterilla de totora.<\/span><\/p>\n<p><span style=\"font-weight: 400;\">Las caracter\u00edsticas de las ofrendas y el tratamiento funerario indican que la mujer era un personaje de alto rango social, reforzando la evidencia sobre el rol protag\u00f3nico femenino en esta antigua sociedad andina.<\/span><\/p>\n<p><span style=\"font-weight: 400;\">Actualmente, un equipo multidisciplinario viene investigando aspectos relacionados con salud, muerte, dieta alimenticia, as\u00ed como la procedencia y uso de los objetos recuperados.<\/span><\/p>\n<p><b>Anuncio<\/b><\/p>\n<p><span style=\"font-weight: 400;\">Este hallazgo fue presentado en conferencia de prensa, como parte de los resultados m\u00e1s recientes de las investigaciones desarrolladas a lo largo de los \u00faltimos 20 a\u00f1os en \u00c1spero. Antes que la ZAC iniciara el programa de investigaci\u00f3n en este importante asentamiento, el lugar hab\u00eda sido usado durante casi tres d\u00e9cadas como botadero municipal.<\/span><\/p>\n<p><span style=\"font-weight: 400;\">Debido a los trabajos arqueol\u00f3gicos iniciados en 2005, en \u00c1spero se viene promoviendo el desarrollo de un importante recurso tur\u00edstico y econ\u00f3mico, en beneficio social al convertirlo tambi\u00e9n en un s\u00edmbolo de identidad cultural para la poblaci\u00f3n local y regional.<\/span><\/p>\n<p><b>Contexto hist\u00f3rico<\/b><\/p>\n<p><span style=\"font-weight: 400;\">Este descubrimiento se suma a otros entierros de \u00e9lite en \u00c1spero: la \u201cDama de los Cuatro Tupus\u201d (2016), ubicada a 3 metros al norte, y el \u201cVar\u00f3n de \u00c9lite\u201d (2019), hallado a 1,25 metros al norte. Por su ubicaci\u00f3n estratigr\u00e1fica, todos corresponder\u00edan al mismo per\u00edodo de ocupaci\u00f3n, y su agrupaci\u00f3n es similar a los posteriores entierros de nobles que fueron documentados en el asentamiento de La Galgada, en Tablachaca, \u00c1ncash.<\/span><\/p>\n<p><span style=\"font-weight: 400;\">En el asentamiento \u00c1spero, ubicado a 700 metros del oc\u00e9ano Pac\u00edfico, con una extensi\u00f3n de 18,8 hect\u00e1reas, se han identificado 22 conjuntos arquitect\u00f3nicos que testimonian la organizaci\u00f3n social de sus habitantes durante el per\u00edodo de formaci\u00f3n y desarrollo de la Civilizaci\u00f3n Caral. Se dedicaron principalmente a la producci\u00f3n marina y al intercambio de corta y larga distancia -evidenciado por objetos procedentes de la selva y la sierra- mediante redes de interacci\u00f3n intercultural en condiciones de paz y beneficio compartido.<\/span><\/p>\n<p><b>Celebraciones<\/b><\/p>\n<p><span style=\"font-weight: 400;\">Para celebrar los 20 a\u00f1os de investigaciones en \u00c1spero, la Zona Arqueol\u00f3gica Caral ha organizado el \u00c1spero Raymi 2025, que se realizar\u00e1 los d\u00edas viernes 2 y s\u00e1bado 3 de mayo. El evento incluir\u00e1 diversas actividades culturales, orientadas a fortalecer la identidad cultural, promover el v\u00ednculo con el patrimonio arqueol\u00f3gico y transmitir los valores sociales y culturales de la Civilizaci\u00f3n Caral.<\/span><\/p>\n<p><span style=\"font-weight: 400;\">Para mayor informaci\u00f3n sobre las actividades del aniversario, comunicarse al WhatsApp: 955 881 340.<\/span><\/p>\n<p><strong style=\"font-size: inherit; text-align: justify;\">Fuente: Comunicaci\u00f3n e Imagen Institucional ZAC<\/strong><\/p>\n<\/div>\n<div style=\"color: #1f1f1f;\">\n<div style=\"color: #1f1f1f;\">\n<p style=\"text-align: justify;\">Fecha de publicaci\u00f3n: 25\/04\/2025<\/p>\n<\/div>\n<\/div>\n\n\n<p><\/p>","protected":false},"excerpt":{"rendered":"<p>Fue hallada en el sitio arqueol\u00f3gico \u00c1spero, antigua ciudad pesquera de la civilizaci\u00f3n Caral (3000-1800 a. C.), en la provincia [&hellip;]<\/p>\n","protected":false},"author":1,"featured_media":18301,"comment_status":"closed","ping_status":"open","sticky":false,"template":"","format":"standard","meta":{"_acf_changed":false,"site-sidebar-layout":"default","site-content-layout":"","ast-site-content-layout":"default","site-content-style":"default","site-sidebar-style":"default","ast-global-header-display":"","ast-banner-title-visibility":"","ast-main-header-display":"","ast-hfb-above-header-display":"","ast-hfb-below-header-display":"","ast-hfb-mobile-header-display":"","site-post-title":"","ast-breadcrumbs-content":"","ast-featured-img":"","footer-sml-layout":"","ast-disable-related-posts":"","theme-transparent-header-meta":"","adv-header-id-meta":"","stick-header-meta":"","header-above-stick-meta":"","header-main-stick-meta":"","header-below-stick-meta":"","astra-migrate-meta-layouts":"default","ast-page-background-enabled":"default","ast-page-background-meta":{"desktop":{"background-color":"var(--ast-global-color-5)","background-image":"","background-repeat":"repeat","background-position":"center center","background-size":"auto","background-attachment":"scroll","background-type":"","background-media":"","overlay-type":"","overlay-color":"","overlay-opacity":"","overlay-gradient":""},"tablet":{"background-color":"","background-image":"","background-repeat":"repeat","background-position":"center center","background-size":"auto","background-attachment":"scroll","background-type":"","background-media":"","overlay-type":"","overlay-color":"","overlay-opacity":"","overlay-gradient":""},"mobile":{"background-color":"","background-image":"","background-repeat":"repeat","background-position":"center center","background-size":"auto","background-attachment":"scroll","background-type":"","background-media":"","overlay-type":"","overlay-color":"","overlay-opacity":"","overlay-gradient":""}},"ast-content-background-meta":{"desktop":{"background-color":"var(--ast-global-color-4)","background-image":"","background-repeat":"repeat","background-position":"center center","background-size":"auto","background-attachment":"scroll","background-type":"","background-media":"","overlay-type":"","overlay-color":"","overlay-opacity":"","overlay-gradient":""},"tablet":{"background-color":"var(--ast-global-color-4)","background-image":"","background-repeat":"repeat","background-position":"center center","background-size":"auto","background-attachment":"scroll","background-type":"","background-media":"","overlay-type":"","overlay-color":"","overlay-opacity":"","overlay-gradient":""},"mobile":{"background-color":"var(--ast-global-color-4)","background-image":"","background-repeat":"repeat","background-position":"center center","background-size":"auto","background-attachment":"scroll","background-type":"","background-media":"","overlay-type":"","overlay-color":"","overlay-opacity":"","overlay-gradient":""}},"footnotes":""},"categories":[208],"tags":[55,72],"class_list":["post-18298","post","type-post","status-publish","format-standard","has-post-thumbnail","hentry","category-noticias","tag-caral","tag-cultura"],"acf":[],"yoast_head":"<!-- This site is optimized with the Yoast SEO plugin v27.3 - https:\/\/yoast.com\/product\/yoast-seo-wordpress\/ -->\n<title>Civilizaci\u00f3n Caral: Descubren entierro de una Mujer de \u00c9lite y evidencias de las relaciones interculturales<\/title>\n<meta name=\"description\" content=\"El entierro de una mujer, de entre 20 y 35 a\u00f1os de edad, fue hallada en el edificio p\u00fablico Huaca de los \u00cddolos, en el sitio arqueol\u00f3gico \u00c1spero, antigua ciudad pesquera de la civilizaci\u00f3n Caral (3000-1800 a. C.), ubicada en el distrito de Supe Puerto, provincia de Barranca, regi\u00f3n Lima.\" \/>\n<meta name=\"robots\" content=\"index, follow, max-snippet:-1, max-image-preview:large, max-video-preview:-1\" \/>\n<link rel=\"canonical\" href=\"https:\/\/zonacaral.gob.pe\/en\/noticias\/civilizacion-caral-descubren-entierro-de-una-mujer-de-elite-y-evidencias-de-las-relaciones-interculturales\/\" \/>\n<meta property=\"og:locale\" content=\"en_US\" \/>\n<meta property=\"og:type\" content=\"article\" \/>\n<meta property=\"og:title\" content=\"Civilizaci\u00f3n Caral: Descubren entierro de una Mujer de \u00c9lite y evidencias de las relaciones interculturales\" \/>\n<meta property=\"og:description\" content=\"El entierro de una mujer, de entre 20 y 35 a\u00f1os de edad, fue hallada en el edificio p\u00fablico Huaca de los \u00cddolos, en el sitio arqueol\u00f3gico \u00c1spero, antigua ciudad pesquera de la civilizaci\u00f3n Caral (3000-1800 a. C.), ubicada en el distrito de Supe Puerto, provincia de Barranca, regi\u00f3n Lima.\" \/>\n<meta property=\"og:url\" content=\"https:\/\/zonacaral.gob.pe\/en\/noticias\/civilizacion-caral-descubren-entierro-de-una-mujer-de-elite-y-evidencias-de-las-relaciones-interculturales\/\" \/>\n<meta property=\"og:site_name\" content=\"Zona Caral\" \/>\n<meta property=\"article:published_time\" content=\"2025-04-25T21:12:51+00:00\" \/>\n<meta property=\"og:image\" content=\"https:\/\/zonacaral.gob.pe\/wp-content\/uploads\/2025\/04\/entierro-aspero-1.jpg\" \/>\n\t<meta property=\"og:image:width\" content=\"1500\" \/>\n\t<meta property=\"og:image:height\" content=\"841\" \/>\n\t<meta property=\"og:image:type\" content=\"image\/jpeg\" \/>\n<meta name=\"author\" content=\"Zona Caral Administrador\" \/>\n<meta name=\"twitter:card\" content=\"summary_large_image\" \/>\n<meta name=\"twitter:label1\" content=\"Written by\" \/>\n\t<meta name=\"twitter:data1\" content=\"Zona Caral Administrador\" \/>\n\t<meta name=\"twitter:label2\" content=\"Est. reading time\" \/>\n\t<meta name=\"twitter:data2\" content=\"4 minutes\" \/>\n<script type=\"application\/ld+json\" class=\"yoast-schema-graph\">{\"@context\":\"https:\\\/\\\/schema.org\",\"@graph\":[{\"@type\":\"Article\",\"@id\":\"https:\\\/\\\/zonacaral.gob.pe\\\/es\\\/noticias\\\/civilizacion-caral-descubren-entierro-de-una-mujer-de-elite-y-evidencias-de-las-relaciones-interculturales\\\/#article\",\"isPartOf\":{\"@id\":\"https:\\\/\\\/zonacaral.gob.pe\\\/es\\\/noticias\\\/civilizacion-caral-descubren-entierro-de-una-mujer-de-elite-y-evidencias-de-las-relaciones-interculturales\\\/\"},\"author\":{\"name\":\"Zona Caral Administrador\",\"@id\":\"https:\\\/\\\/zonacaral.gob.pe\\\/es\\\/#\\\/schema\\\/person\\\/beddb4d22f71a7230c5b90913270a0ee\"},\"headline\":\"Civilizaci\u00f3n Caral: Descubren entierro de una Mujer de \u00c9lite y evidencias de las relaciones interculturales\",\"datePublished\":\"2025-04-25T21:12:51+00:00\",\"mainEntityOfPage\":{\"@id\":\"https:\\\/\\\/zonacaral.gob.pe\\\/es\\\/noticias\\\/civilizacion-caral-descubren-entierro-de-una-mujer-de-elite-y-evidencias-de-las-relaciones-interculturales\\\/\"},\"wordCount\":742,\"image\":{\"@id\":\"https:\\\/\\\/zonacaral.gob.pe\\\/es\\\/noticias\\\/civilizacion-caral-descubren-entierro-de-una-mujer-de-elite-y-evidencias-de-las-relaciones-interculturales\\\/#primaryimage\"},\"thumbnailUrl\":\"https:\\\/\\\/zonacaral.gob.pe\\\/wp-content\\\/uploads\\\/2025\\\/04\\\/entierro-aspero-1.jpg\",\"keywords\":[\"caral\",\"Cultura\"],\"articleSection\":[\"noticias\"],\"inLanguage\":\"en-US\"},{\"@type\":\"WebPage\",\"@id\":\"https:\\\/\\\/zonacaral.gob.pe\\\/es\\\/noticias\\\/civilizacion-caral-descubren-entierro-de-una-mujer-de-elite-y-evidencias-de-las-relaciones-interculturales\\\/\",\"url\":\"https:\\\/\\\/zonacaral.gob.pe\\\/es\\\/noticias\\\/civilizacion-caral-descubren-entierro-de-una-mujer-de-elite-y-evidencias-de-las-relaciones-interculturales\\\/\",\"name\":\"Civilizaci\u00f3n Caral: Descubren entierro de una Mujer de \u00c9lite y evidencias de las relaciones interculturales\",\"isPartOf\":{\"@id\":\"https:\\\/\\\/zonacaral.gob.pe\\\/es\\\/#website\"},\"primaryImageOfPage\":{\"@id\":\"https:\\\/\\\/zonacaral.gob.pe\\\/es\\\/noticias\\\/civilizacion-caral-descubren-entierro-de-una-mujer-de-elite-y-evidencias-de-las-relaciones-interculturales\\\/#primaryimage\"},\"image\":{\"@id\":\"https:\\\/\\\/zonacaral.gob.pe\\\/es\\\/noticias\\\/civilizacion-caral-descubren-entierro-de-una-mujer-de-elite-y-evidencias-de-las-relaciones-interculturales\\\/#primaryimage\"},\"thumbnailUrl\":\"https:\\\/\\\/zonacaral.gob.pe\\\/wp-content\\\/uploads\\\/2025\\\/04\\\/entierro-aspero-1.jpg\",\"datePublished\":\"2025-04-25T21:12:51+00:00\",\"author\":{\"@id\":\"https:\\\/\\\/zonacaral.gob.pe\\\/es\\\/#\\\/schema\\\/person\\\/beddb4d22f71a7230c5b90913270a0ee\"},\"description\":\"El entierro de una mujer, de entre 20 y 35 a\u00f1os de edad, fue hallada en el edificio p\u00fablico Huaca de los \u00cddolos, en el sitio arqueol\u00f3gico \u00c1spero, antigua ciudad pesquera de la civilizaci\u00f3n Caral (3000-1800 a. C.), ubicada en el distrito de Supe Puerto, provincia de Barranca, regi\u00f3n Lima.\",\"breadcrumb\":{\"@id\":\"https:\\\/\\\/zonacaral.gob.pe\\\/es\\\/noticias\\\/civilizacion-caral-descubren-entierro-de-una-mujer-de-elite-y-evidencias-de-las-relaciones-interculturales\\\/#breadcrumb\"},\"inLanguage\":\"en-US\",\"potentialAction\":[{\"@type\":\"ReadAction\",\"target\":[\"https:\\\/\\\/zonacaral.gob.pe\\\/es\\\/noticias\\\/civilizacion-caral-descubren-entierro-de-una-mujer-de-elite-y-evidencias-de-las-relaciones-interculturales\\\/\"]}]},{\"@type\":\"ImageObject\",\"inLanguage\":\"en-US\",\"@id\":\"https:\\\/\\\/zonacaral.gob.pe\\\/es\\\/noticias\\\/civilizacion-caral-descubren-entierro-de-una-mujer-de-elite-y-evidencias-de-las-relaciones-interculturales\\\/#primaryimage\",\"url\":\"https:\\\/\\\/zonacaral.gob.pe\\\/wp-content\\\/uploads\\\/2025\\\/04\\\/entierro-aspero-1.jpg\",\"contentUrl\":\"https:\\\/\\\/zonacaral.gob.pe\\\/wp-content\\\/uploads\\\/2025\\\/04\\\/entierro-aspero-1.jpg\",\"width\":1500,\"height\":841},{\"@type\":\"BreadcrumbList\",\"@id\":\"https:\\\/\\\/zonacaral.gob.pe\\\/es\\\/noticias\\\/civilizacion-caral-descubren-entierro-de-una-mujer-de-elite-y-evidencias-de-las-relaciones-interculturales\\\/#breadcrumb\",\"itemListElement\":[{\"@type\":\"ListItem\",\"position\":1,\"name\":\"Portada\",\"item\":\"https:\\\/\\\/zonacaral.gob.pe\\\/\"},{\"@type\":\"ListItem\",\"position\":2,\"name\":\"Civilizaci\u00f3n Caral: Descubren entierro de una Mujer de \u00c9lite y evidencias de las relaciones interculturales\"}]},{\"@type\":\"WebSite\",\"@id\":\"https:\\\/\\\/zonacaral.gob.pe\\\/es\\\/#website\",\"url\":\"https:\\\/\\\/zonacaral.gob.pe\\\/es\\\/\",\"name\":\"Zona Caral\",\"description\":\"Investigamos, conservamos y difundimos el patrimonio cultural de la Civilizaci\u00f3n Caral, la m\u00e1s antigua de Am\u00e9rica.\",\"potentialAction\":[{\"@type\":\"SearchAction\",\"target\":{\"@type\":\"EntryPoint\",\"urlTemplate\":\"https:\\\/\\\/zonacaral.gob.pe\\\/es\\\/?s={search_term_string}\"},\"query-input\":{\"@type\":\"PropertyValueSpecification\",\"valueRequired\":true,\"valueName\":\"search_term_string\"}}],\"inLanguage\":\"en-US\"},{\"@type\":\"Person\",\"@id\":\"https:\\\/\\\/zonacaral.gob.pe\\\/es\\\/#\\\/schema\\\/person\\\/beddb4d22f71a7230c5b90913270a0ee\",\"name\":\"Zona Caral Administrador\",\"image\":{\"@type\":\"ImageObject\",\"inLanguage\":\"en-US\",\"@id\":\"https:\\\/\\\/secure.gravatar.com\\\/avatar\\\/e4be162918a696358376de6446614e0f0f4062bdc5d170d6d540ada3d8b58c12?s=96&d=mm&r=g\",\"url\":\"https:\\\/\\\/secure.gravatar.com\\\/avatar\\\/e4be162918a696358376de6446614e0f0f4062bdc5d170d6d540ada3d8b58c12?s=96&d=mm&r=g\",\"contentUrl\":\"https:\\\/\\\/secure.gravatar.com\\\/avatar\\\/e4be162918a696358376de6446614e0f0f4062bdc5d170d6d540ada3d8b58c12?s=96&d=mm&r=g\",\"caption\":\"Zona Caral Administrador\"},\"sameAs\":[\"https:\\\/\\\/zonacaral.gob.pe\"],\"url\":\"https:\\\/\\\/zonacaral.gob.pe\\\/en\\\/noticias\\\/author\\\/ad_zonacaral\\\/\"}]}<\/script>\n<!-- \/ Yoast SEO plugin. -->","yoast_head_json":{"title":"Civilizaci\u00f3n Caral: Descubren entierro de una Mujer de \u00c9lite y evidencias de las relaciones interculturales","description":"El entierro de una mujer, de entre 20 y 35 a\u00f1os de edad, fue hallada en el edificio p\u00fablico Huaca de los \u00cddolos, en el sitio arqueol\u00f3gico \u00c1spero, antigua ciudad pesquera de la civilizaci\u00f3n Caral (3000-1800 a. C.), ubicada en el distrito de Supe Puerto, provincia de Barranca, regi\u00f3n Lima.","robots":{"index":"index","follow":"follow","max-snippet":"max-snippet:-1","max-image-preview":"max-image-preview:large","max-video-preview":"max-video-preview:-1"},"canonical":"https:\/\/zonacaral.gob.pe\/en\/noticias\/civilizacion-caral-descubren-entierro-de-una-mujer-de-elite-y-evidencias-de-las-relaciones-interculturales\/","og_locale":"en_US","og_type":"article","og_title":"Civilizaci\u00f3n Caral: Descubren entierro de una Mujer de \u00c9lite y evidencias de las relaciones interculturales","og_description":"El entierro de una mujer, de entre 20 y 35 a\u00f1os de edad, fue hallada en el edificio p\u00fablico Huaca de los \u00cddolos, en el sitio arqueol\u00f3gico \u00c1spero, antigua ciudad pesquera de la civilizaci\u00f3n Caral (3000-1800 a. C.), ubicada en el distrito de Supe Puerto, provincia de Barranca, regi\u00f3n Lima.","og_url":"https:\/\/zonacaral.gob.pe\/en\/noticias\/civilizacion-caral-descubren-entierro-de-una-mujer-de-elite-y-evidencias-de-las-relaciones-interculturales\/","og_site_name":"Zona Caral","article_published_time":"2025-04-25T21:12:51+00:00","og_image":[{"width":1500,"height":841,"url":"https:\/\/zonacaral.gob.pe\/wp-content\/uploads\/2025\/04\/entierro-aspero-1.jpg","type":"image\/jpeg"}],"author":"Zona Caral Administrador","twitter_card":"summary_large_image","twitter_misc":{"Written by":"Zona Caral Administrador","Est. reading time":"4 minutes"},"schema":{"@context":"https:\/\/schema.org","@graph":[{"@type":"Article","@id":"https:\/\/zonacaral.gob.pe\/es\/noticias\/civilizacion-caral-descubren-entierro-de-una-mujer-de-elite-y-evidencias-de-las-relaciones-interculturales\/#article","isPartOf":{"@id":"https:\/\/zonacaral.gob.pe\/es\/noticias\/civilizacion-caral-descubren-entierro-de-una-mujer-de-elite-y-evidencias-de-las-relaciones-interculturales\/"},"author":{"name":"Zona Caral Administrador","@id":"https:\/\/zonacaral.gob.pe\/es\/#\/schema\/person\/beddb4d22f71a7230c5b90913270a0ee"},"headline":"Civilizaci\u00f3n Caral: Descubren entierro de una Mujer de \u00c9lite y evidencias de las relaciones interculturales","datePublished":"2025-04-25T21:12:51+00:00","mainEntityOfPage":{"@id":"https:\/\/zonacaral.gob.pe\/es\/noticias\/civilizacion-caral-descubren-entierro-de-una-mujer-de-elite-y-evidencias-de-las-relaciones-interculturales\/"},"wordCount":742,"image":{"@id":"https:\/\/zonacaral.gob.pe\/es\/noticias\/civilizacion-caral-descubren-entierro-de-una-mujer-de-elite-y-evidencias-de-las-relaciones-interculturales\/#primaryimage"},"thumbnailUrl":"https:\/\/zonacaral.gob.pe\/wp-content\/uploads\/2025\/04\/entierro-aspero-1.jpg","keywords":["caral","Cultura"],"articleSection":["noticias"],"inLanguage":"en-US"},{"@type":"WebPage","@id":"https:\/\/zonacaral.gob.pe\/es\/noticias\/civilizacion-caral-descubren-entierro-de-una-mujer-de-elite-y-evidencias-de-las-relaciones-interculturales\/","url":"https:\/\/zonacaral.gob.pe\/es\/noticias\/civilizacion-caral-descubren-entierro-de-una-mujer-de-elite-y-evidencias-de-las-relaciones-interculturales\/","name":"Civilizaci\u00f3n Caral: Descubren entierro de una Mujer de \u00c9lite y evidencias de las relaciones interculturales","isPartOf":{"@id":"https:\/\/zonacaral.gob.pe\/es\/#website"},"primaryImageOfPage":{"@id":"https:\/\/zonacaral.gob.pe\/es\/noticias\/civilizacion-caral-descubren-entierro-de-una-mujer-de-elite-y-evidencias-de-las-relaciones-interculturales\/#primaryimage"},"image":{"@id":"https:\/\/zonacaral.gob.pe\/es\/noticias\/civilizacion-caral-descubren-entierro-de-una-mujer-de-elite-y-evidencias-de-las-relaciones-interculturales\/#primaryimage"},"thumbnailUrl":"https:\/\/zonacaral.gob.pe\/wp-content\/uploads\/2025\/04\/entierro-aspero-1.jpg","datePublished":"2025-04-25T21:12:51+00:00","author":{"@id":"https:\/\/zonacaral.gob.pe\/es\/#\/schema\/person\/beddb4d22f71a7230c5b90913270a0ee"},"description":"El entierro de una mujer, de entre 20 y 35 a\u00f1os de edad, fue hallada en el edificio p\u00fablico Huaca de los \u00cddolos, en el sitio arqueol\u00f3gico \u00c1spero, antigua ciudad pesquera de la civilizaci\u00f3n Caral (3000-1800 a. C.), ubicada en el distrito de Supe Puerto, provincia de Barranca, regi\u00f3n Lima.","breadcrumb":{"@id":"https:\/\/zonacaral.gob.pe\/es\/noticias\/civilizacion-caral-descubren-entierro-de-una-mujer-de-elite-y-evidencias-de-las-relaciones-interculturales\/#breadcrumb"},"inLanguage":"en-US","potentialAction":[{"@type":"ReadAction","target":["https:\/\/zonacaral.gob.pe\/es\/noticias\/civilizacion-caral-descubren-entierro-de-una-mujer-de-elite-y-evidencias-de-las-relaciones-interculturales\/"]}]},{"@type":"ImageObject","inLanguage":"en-US","@id":"https:\/\/zonacaral.gob.pe\/es\/noticias\/civilizacion-caral-descubren-entierro-de-una-mujer-de-elite-y-evidencias-de-las-relaciones-interculturales\/#primaryimage","url":"https:\/\/zonacaral.gob.pe\/wp-content\/uploads\/2025\/04\/entierro-aspero-1.jpg","contentUrl":"https:\/\/zonacaral.gob.pe\/wp-content\/uploads\/2025\/04\/entierro-aspero-1.jpg","width":1500,"height":841},{"@type":"BreadcrumbList","@id":"https:\/\/zonacaral.gob.pe\/es\/noticias\/civilizacion-caral-descubren-entierro-de-una-mujer-de-elite-y-evidencias-de-las-relaciones-interculturales\/#breadcrumb","itemListElement":[{"@type":"ListItem","position":1,"name":"Portada","item":"https:\/\/zonacaral.gob.pe\/"},{"@type":"ListItem","position":2,"name":"Civilizaci\u00f3n Caral: Descubren entierro de una Mujer de \u00c9lite y evidencias de las relaciones interculturales"}]},{"@type":"WebSite","@id":"https:\/\/zonacaral.gob.pe\/es\/#website","url":"https:\/\/zonacaral.gob.pe\/es\/","name":"Zona Caral","description":"Investigamos, conservamos y difundimos el patrimonio cultural de la Civilizaci\u00f3n Caral, la m\u00e1s antigua de Am\u00e9rica.","potentialAction":[{"@type":"SearchAction","target":{"@type":"EntryPoint","urlTemplate":"https:\/\/zonacaral.gob.pe\/es\/?s={search_term_string}"},"query-input":{"@type":"PropertyValueSpecification","valueRequired":true,"valueName":"search_term_string"}}],"inLanguage":"en-US"},{"@type":"Person","@id":"https:\/\/zonacaral.gob.pe\/es\/#\/schema\/person\/beddb4d22f71a7230c5b90913270a0ee","name":"Zona Caral Administrador","image":{"@type":"ImageObject","inLanguage":"en-US","@id":"https:\/\/secure.gravatar.com\/avatar\/e4be162918a696358376de6446614e0f0f4062bdc5d170d6d540ada3d8b58c12?s=96&d=mm&r=g","url":"https:\/\/secure.gravatar.com\/avatar\/e4be162918a696358376de6446614e0f0f4062bdc5d170d6d540ada3d8b58c12?s=96&d=mm&r=g","contentUrl":"https:\/\/secure.gravatar.com\/avatar\/e4be162918a696358376de6446614e0f0f4062bdc5d170d6d540ada3d8b58c12?s=96&d=mm&r=g","caption":"Zona Caral Administrador"},"sameAs":["https:\/\/zonacaral.gob.pe"],"url":"https:\/\/zonacaral.gob.pe\/en\/noticias\/author\/ad_zonacaral\/"}]}},"_links":{"self":[{"href":"https:\/\/zonacaral.gob.pe\/en\/wp-json\/wp\/v2\/posts\/18298","targetHints":{"allow":["GET"]}}],"collection":[{"href":"https:\/\/zonacaral.gob.pe\/en\/wp-json\/wp\/v2\/posts"}],"about":[{"href":"https:\/\/zonacaral.gob.pe\/en\/wp-json\/wp\/v2\/types\/post"}],"author":[{"embeddable":true,"href":"https:\/\/zonacaral.gob.pe\/en\/wp-json\/wp\/v2\/users\/1"}],"replies":[{"embeddable":true,"href":"https:\/\/zonacaral.gob.pe\/en\/wp-json\/wp\/v2\/comments?post=18298"}],"version-history":[{"count":0,"href":"https:\/\/zonacaral.gob.pe\/en\/wp-json\/wp\/v2\/posts\/18298\/revisions"}],"wp:featuredmedia":[{"embeddable":true,"href":"https:\/\/zonacaral.gob.pe\/en\/wp-json\/wp\/v2\/media\/18301"}],"wp:attachment":[{"href":"https:\/\/zonacaral.gob.pe\/en\/wp-json\/wp\/v2\/media?parent=18298"}],"wp:term":[{"taxonomy":"category","embeddable":true,"href":"https:\/\/zonacaral.gob.pe\/en\/wp-json\/wp\/v2\/categories?post=18298"},{"taxonomy":"post_tag","embeddable":true,"href":"https:\/\/zonacaral.gob.pe\/en\/wp-json\/wp\/v2\/tags?post=18298"}],"curies":[{"name":"wp","href":"https:\/\/api.w.org\/{rel}","templated":true}]}}