{"id":18324,"date":"2025-05-08T11:54:31","date_gmt":"2025-05-08T16:54:31","guid":{"rendered":"https:\/\/www.zonacaral.gob.pe\/?p=18324"},"modified":"2025-05-08T11:54:31","modified_gmt":"2025-05-08T16:54:31","slug":"aspero-raymi-2025-revivimos-la-fiesta-ancestral-de-la-ciudad-pesquera-de-caral","status":"publish","type":"post","link":"https:\/\/zonacaral.gob.pe\/en\/noticias\/aspero-raymi-2025-revivimos-la-fiesta-ancestral-de-la-ciudad-pesquera-de-caral\/","title":{"rendered":"\u00c1SPERO RAYMI 2025: revivimos la fiesta ancestral de la ciudad pesquera de Caral"},"content":{"rendered":"<figure class=\"pic-autor\" style=\"color: #4d4d4d; text-align: justify;\"><\/figure>\n<div class=\"gmail_default\" style=\"text-align: justify;\">\n<blockquote>\n<p><i><span style=\"font-weight: 400;\">Celebramos 20 a\u00f1os de investigaci\u00f3n, conservaci\u00f3n y difusi\u00f3n.<\/span><\/i><\/p>\n<\/blockquote>\n<p><span style=\"font-weight: 400;\">Con un emocionante pago a la Qochamama, un pasacalle que integr\u00f3 a toda la poblaci\u00f3n de Supe Puerto &#8211; Barranca, concursos, presentaciones art\u00edsticas y muchas cosas m\u00e1s, as\u00ed se realiz\u00f3 con \u00e9xito el \u00ab\u00c1spero Raymi\u00bb 2025, la fiesta ancestral de la milenaria ciudad pesquera de la Civilizaci\u00f3n Caral, durante los d\u00edas 2 y 3 de mayo.<\/span><\/p>\n<p><span style=\"font-weight: 400;\">El evento organizado por la <\/span><a href=\"https:\/\/www.instagram.com\/caralperu\/reels\/?hl=es\"><span style=\"font-weight: 400;\">Zona Arqueol\u00f3gica Caral<\/span><\/a><span style=\"font-weight: 400;\">, Unidad Ejecutora 003 del Ministerio de Cultura, estuvo encabezado por la <\/span><a href=\"https:\/\/www.facebook.com\/CARALPERU\/videos\/3558294817540275?locale=es_LA\"><span style=\"font-weight: 400;\">doctora Ruth Shady Sol\u00eds<\/span><\/a><span style=\"font-weight: 400;\">, y fue apoyado por diversas empresas privadas e instituciones p\u00fablicas, todas comprometidas con la preservaci\u00f3n del patrimonio cultural.<\/span><\/p>\n<p><span style=\"font-weight: 400;\">El \u00ab<\/span><a href=\"https:\/\/www.gob.pe\/institucion\/caral\/campa%C3%B1as\/102547-aspero-raymi-20-aniversario-de-aspero\"><span style=\"font-weight: 400;\">\u00c1spero Raymi<\/span><\/a><span style=\"font-weight: 400;\">\u00bb inici\u00f3 el <\/span><a href=\"https:\/\/www.facebook.com\/share\/v\/18gDZk97jm\/\"><span style=\"font-weight: 400;\">viernes 2<\/span><\/a><span style=\"font-weight: 400;\">, por la tarde, con el pasacalle titulado \u201cRevalorando nuestro pasado milenario\u201d, evento que reuni\u00f3 a toda la poblaci\u00f3n en la Plaza Grau del distrito de Supe Puerto.<\/span><\/p>\n<p><span style=\"font-weight: 400;\">Ni\u00f1os y j\u00f3venes, acompa\u00f1ados de sus padres y maestros, llenaron de cultura y tradici\u00f3n las calles supanas. Vestidos con atuendos ecol\u00f3gicos representaron a la antigua poblaci\u00f3n de \u00c1spero, portaron representaciones de los objetos hallados, maquetas de los edificios monumentales y hasta, de manera creativa, se vistieron del \u00faltimo hallazgo, la mujer de la \u00e9lite de Caral.<\/span><\/p>\n<p><span style=\"font-weight: 400;\">Ca\u00edda la noche, vivimos el gran espect\u00e1culo de la ancestral ceremonia de pago a la Qochamama, alrededor del \u201caltar del fuego\u201d, y bajo la imponente presencia de las antiguas autoridades de <\/span><a href=\"https:\/\/www.zonacaral.gob.pe\/ruta-caral\/aspero.html\"><span style=\"font-weight: 400;\">\u00c1spero<\/span><\/a><span style=\"font-weight: 400;\"> y de la <\/span><a href=\"https:\/\/www.zonacaral.gob.pe\/ruta-caral\/ciudad-sagrada-de-caral.html\"><span style=\"font-weight: 400;\">Sacred City of Caral<\/span><\/a><span style=\"font-weight: 400;\">, la Dama de los Cuatro Tupus y el Se\u00f1or de Caral. La chamana Am\u00e9rica Bazalar, nos llen\u00f3 de paz y nos conect\u00f3 con nuestras ra\u00edces.<\/span><\/p>\n<p><span style=\"font-weight: 400;\">Al siguiente d\u00eda, el <\/span><a href=\"https:\/\/www.facebook.com\/share\/v\/1FkWhTi5uy\/\"><span style=\"font-weight: 400;\">s\u00e1bado 3<\/span><\/a><span style=\"font-weight: 400;\">, \u00c1spero se llen\u00f3 de cometas, ni\u00f1os y j\u00f3venes elaboraron su cometa para participar del concurso \u201cPintando los cielos\u201d. Mientras que en sitio arqueol\u00f3gico peque\u00f1os disfrazados de antiguos habitantes demostraron su identificaci\u00f3n con el patrimonio exponiendo sobre los diferentes hallazgos arqueol\u00f3gicos.<\/span><\/p>\n<p><span style=\"font-weight: 400;\">Asimismo, la doctora Ruth Shady, realiz\u00f3 un breve recorrido por la antigua ciudad pesquera poniendo especial \u00e9nfasis en la Huaca de Los \u00cddolos, lugar donde se realiz\u00f3 el \u00faltimo hallazgo arqueol\u00f3gico. Los visitantes y diferentes medios de comunicaci\u00f3n que llegaron al lugar quedaron fascinados con la informaci\u00f3n recuperada en este sitio en d\u00f3nde se recuperaron hasta el momento tres importantes entierros de personas vinculadas con la \u00e9lite de la Civilizaci\u00f3n Caral.<\/span><\/p>\n<p><span style=\"font-weight: 400;\">El sitio arqueol\u00f3gico <\/span><a href=\"https:\/\/www.zonacaral.gob.pe\/ruta-caral\/aspero.html\"><span style=\"font-weight: 400;\">\u00c1spero<\/span><\/a><span style=\"font-weight: 400;\"> mostr\u00f3 un renovado Centro de Informaci\u00f3n, espacio donde se pueden conocer los diferentes hallazgos arqueol\u00f3gicos realizados en veinte a\u00f1os de investigaciones. Tambi\u00e9n se mejor\u00f3 los espacios musealizados en el mismo asentamiento y caminos (como un sendero exclusivo para el ingreso de coches de beb\u00e9s o sillas de ruedas), con el fin que los turistas se lleven una buena experiencia.<\/span><\/p>\n<p><strong>DATO<\/strong><\/p>\n<p><span style=\"font-weight: 400;\">Durante las actividades del s\u00e1bado la doctora Ruth Shady Sol\u00eds recibi\u00f3 el reconocimiento de la Municipalidad Provincial de Barranca quien le entreg\u00f3 un diploma en reconocimiento a su aporte al patrimonio cultural y a su trayectoria profesional, y tambi\u00e9n de la Municipalidad Distrital de Supe Puerto, que le entreg\u00f3 la \u201cLlave de la Ciudad\u201d.<\/span><\/p>\n<p><span style=\"font-weight: 400;\">La Zona Arqueol\u00f3gica Caral agradece a las empresas privadas e instituciones p\u00fablicas que aportaron para la realizaci\u00f3n de este evento y; en especial, al hospedaje Casa Redonda en Supe, ubicado en el \u00f3valo de desv\u00edo a la Ciudad Sagrada de Caral-Supe, Patrimonio Mundial; al Restaurante Delpino situado en el ingreso a Chancay, y al Restaurante El Sama, en Barranca.<\/span><\/p>\n<p><strong style=\"font-size: inherit; text-align: justify;\">Fuente: Comunicaci\u00f3n e Imagen Institucional ZAC<\/strong><\/p>\n<\/div>\n<div style=\"color: #1f1f1f;\">\n<div style=\"color: #1f1f1f;\">\n<p style=\"text-align: justify;\">Fecha de publicaci\u00f3n: 08\/05\/2025<\/p>\n<\/div>\n<\/div>\n\n\n<p><\/p>","protected":false},"excerpt":{"rendered":"<p>Celebramos 20 a\u00f1os de investigaci\u00f3n, conservaci\u00f3n y difusi\u00f3n. Con un emocionante pago a la Qochamama, un pasacalle que integr\u00f3 a [&hellip;]<\/p>\n","protected":false},"author":1,"featured_media":18325,"comment_status":"closed","ping_status":"open","sticky":false,"template":"","format":"standard","meta":{"_acf_changed":false,"site-sidebar-layout":"default","site-content-layout":"","ast-site-content-layout":"default","site-content-style":"default","site-sidebar-style":"default","ast-global-header-display":"","ast-banner-title-visibility":"","ast-main-header-display":"","ast-hfb-above-header-display":"","ast-hfb-below-header-display":"","ast-hfb-mobile-header-display":"","site-post-title":"","ast-breadcrumbs-content":"","ast-featured-img":"","footer-sml-layout":"","ast-disable-related-posts":"","theme-transparent-header-meta":"","adv-header-id-meta":"","stick-header-meta":"","header-above-stick-meta":"","header-main-stick-meta":"","header-below-stick-meta":"","astra-migrate-meta-layouts":"default","ast-page-background-enabled":"default","ast-page-background-meta":{"desktop":{"background-color":"var(--ast-global-color-5)","background-image":"","background-repeat":"repeat","background-position":"center center","background-size":"auto","background-attachment":"scroll","background-type":"","background-media":"","overlay-type":"","overlay-color":"","overlay-opacity":"","overlay-gradient":""},"tablet":{"background-color":"","background-image":"","background-repeat":"repeat","background-position":"center center","background-size":"auto","background-attachment":"scroll","background-type":"","background-media":"","overlay-type":"","overlay-color":"","overlay-opacity":"","overlay-gradient":""},"mobile":{"background-color":"","background-image":"","background-repeat":"repeat","background-position":"center center","background-size":"auto","background-attachment":"scroll","background-type":"","background-media":"","overlay-type":"","overlay-color":"","overlay-opacity":"","overlay-gradient":""}},"ast-content-background-meta":{"desktop":{"background-color":"var(--ast-global-color-4)","background-image":"","background-repeat":"repeat","background-position":"center center","background-size":"auto","background-attachment":"scroll","background-type":"","background-media":"","overlay-type":"","overlay-color":"","overlay-opacity":"","overlay-gradient":""},"tablet":{"background-color":"var(--ast-global-color-4)","background-image":"","background-repeat":"repeat","background-position":"center center","background-size":"auto","background-attachment":"scroll","background-type":"","background-media":"","overlay-type":"","overlay-color":"","overlay-opacity":"","overlay-gradient":""},"mobile":{"background-color":"var(--ast-global-color-4)","background-image":"","background-repeat":"repeat","background-position":"center center","background-size":"auto","background-attachment":"scroll","background-type":"","background-media":"","overlay-type":"","overlay-color":"","overlay-opacity":"","overlay-gradient":""}},"footnotes":""},"categories":[208],"tags":[55,72],"class_list":["post-18324","post","type-post","status-publish","format-standard","has-post-thumbnail","hentry","category-noticias","tag-caral","tag-cultura"],"acf":[],"yoast_head":"<!-- This site is optimized with the Yoast SEO plugin v27.3 - https:\/\/yoast.com\/product\/yoast-seo-wordpress\/ -->\n<title>Celebremos la cultura: participa del \u00c1SPERO RAYMI este 2 y 3 de mayo<\/title>\n<meta name=\"description\" content=\"La Zona Arqueol\u00f3gica Caral, Unidad Ejecutora 003 del Ministerio de Cultura, te invita a participar del festival andino \u201c\u00c1spero Raymi\u201d 2025, que se realizar\u00e1 este viernes 2 y s\u00e1bado 3 de mayo, en el centro de recepci\u00f3n del sitio arqueol\u00f3gico \u00c1spero, ubicado en el distrito de Supe Puerto, provincia de Barranca, Regi\u00f3n Lima.\" \/>\n<meta name=\"robots\" content=\"index, follow, max-snippet:-1, max-image-preview:large, max-video-preview:-1\" \/>\n<link rel=\"canonical\" href=\"https:\/\/zonacaral.gob.pe\/en\/noticias\/aspero-raymi-2025-revivimos-la-fiesta-ancestral-de-la-ciudad-pesquera-de-caral\/\" \/>\n<meta property=\"og:locale\" content=\"en_US\" \/>\n<meta property=\"og:type\" content=\"article\" \/>\n<meta property=\"og:title\" content=\"Celebremos la cultura: participa del \u00c1SPERO RAYMI este 2 y 3 de mayo\" \/>\n<meta property=\"og:description\" content=\"La Zona Arqueol\u00f3gica Caral, Unidad Ejecutora 003 del Ministerio de Cultura, te invita a participar del festival andino \u201c\u00c1spero Raymi\u201d 2025, que se realizar\u00e1 este viernes 2 y s\u00e1bado 3 de mayo, en el centro de recepci\u00f3n del sitio arqueol\u00f3gico \u00c1spero, ubicado en el distrito de Supe Puerto, provincia de Barranca, Regi\u00f3n Lima.\" \/>\n<meta property=\"og:url\" content=\"https:\/\/zonacaral.gob.pe\/en\/noticias\/aspero-raymi-2025-revivimos-la-fiesta-ancestral-de-la-ciudad-pesquera-de-caral\/\" \/>\n<meta property=\"og:site_name\" content=\"Zona Caral\" \/>\n<meta property=\"article:published_time\" content=\"2025-05-08T16:54:31+00:00\" \/>\n<meta property=\"og:image\" content=\"https:\/\/zonacaral.gob.pe\/wp-content\/uploads\/2025\/05\/ANIVERSARIO_ASPERO_1.png\" \/>\n\t<meta property=\"og:image:width\" content=\"1500\" \/>\n\t<meta property=\"og:image:height\" content=\"844\" \/>\n\t<meta property=\"og:image:type\" content=\"image\/png\" \/>\n<meta name=\"author\" content=\"Zona Caral Administrador\" \/>\n<meta name=\"twitter:card\" content=\"summary_large_image\" \/>\n<meta name=\"twitter:label1\" content=\"Written by\" \/>\n\t<meta name=\"twitter:data1\" content=\"Zona Caral Administrador\" \/>\n\t<meta name=\"twitter:label2\" content=\"Est. reading time\" \/>\n\t<meta name=\"twitter:data2\" content=\"3 minutes\" \/>\n<script type=\"application\/ld+json\" class=\"yoast-schema-graph\">{\"@context\":\"https:\\\/\\\/schema.org\",\"@graph\":[{\"@type\":\"Article\",\"@id\":\"https:\\\/\\\/zonacaral.gob.pe\\\/es\\\/noticias\\\/aspero-raymi-2025-revivimos-la-fiesta-ancestral-de-la-ciudad-pesquera-de-caral\\\/#article\",\"isPartOf\":{\"@id\":\"https:\\\/\\\/zonacaral.gob.pe\\\/es\\\/noticias\\\/aspero-raymi-2025-revivimos-la-fiesta-ancestral-de-la-ciudad-pesquera-de-caral\\\/\"},\"author\":{\"name\":\"Zona Caral Administrador\",\"@id\":\"https:\\\/\\\/zonacaral.gob.pe\\\/es\\\/#\\\/schema\\\/person\\\/beddb4d22f71a7230c5b90913270a0ee\"},\"headline\":\"\u00c1SPERO RAYMI 2025: revivimos la fiesta ancestral de la ciudad pesquera de Caral\",\"datePublished\":\"2025-05-08T16:54:31+00:00\",\"mainEntityOfPage\":{\"@id\":\"https:\\\/\\\/zonacaral.gob.pe\\\/es\\\/noticias\\\/aspero-raymi-2025-revivimos-la-fiesta-ancestral-de-la-ciudad-pesquera-de-caral\\\/\"},\"wordCount\":620,\"image\":{\"@id\":\"https:\\\/\\\/zonacaral.gob.pe\\\/es\\\/noticias\\\/aspero-raymi-2025-revivimos-la-fiesta-ancestral-de-la-ciudad-pesquera-de-caral\\\/#primaryimage\"},\"thumbnailUrl\":\"https:\\\/\\\/zonacaral.gob.pe\\\/wp-content\\\/uploads\\\/2025\\\/05\\\/ANIVERSARIO_ASPERO_1.png\",\"keywords\":[\"caral\",\"Cultura\"],\"articleSection\":[\"noticias\"],\"inLanguage\":\"en-US\"},{\"@type\":\"WebPage\",\"@id\":\"https:\\\/\\\/zonacaral.gob.pe\\\/es\\\/noticias\\\/aspero-raymi-2025-revivimos-la-fiesta-ancestral-de-la-ciudad-pesquera-de-caral\\\/\",\"url\":\"https:\\\/\\\/zonacaral.gob.pe\\\/es\\\/noticias\\\/aspero-raymi-2025-revivimos-la-fiesta-ancestral-de-la-ciudad-pesquera-de-caral\\\/\",\"name\":\"Celebremos la cultura: participa del \u00c1SPERO RAYMI este 2 y 3 de mayo\",\"isPartOf\":{\"@id\":\"https:\\\/\\\/zonacaral.gob.pe\\\/es\\\/#website\"},\"primaryImageOfPage\":{\"@id\":\"https:\\\/\\\/zonacaral.gob.pe\\\/es\\\/noticias\\\/aspero-raymi-2025-revivimos-la-fiesta-ancestral-de-la-ciudad-pesquera-de-caral\\\/#primaryimage\"},\"image\":{\"@id\":\"https:\\\/\\\/zonacaral.gob.pe\\\/es\\\/noticias\\\/aspero-raymi-2025-revivimos-la-fiesta-ancestral-de-la-ciudad-pesquera-de-caral\\\/#primaryimage\"},\"thumbnailUrl\":\"https:\\\/\\\/zonacaral.gob.pe\\\/wp-content\\\/uploads\\\/2025\\\/05\\\/ANIVERSARIO_ASPERO_1.png\",\"datePublished\":\"2025-05-08T16:54:31+00:00\",\"author\":{\"@id\":\"https:\\\/\\\/zonacaral.gob.pe\\\/es\\\/#\\\/schema\\\/person\\\/beddb4d22f71a7230c5b90913270a0ee\"},\"description\":\"La Zona Arqueol\u00f3gica Caral, Unidad Ejecutora 003 del Ministerio de Cultura, te invita a participar del festival andino \u201c\u00c1spero Raymi\u201d 2025, que se realizar\u00e1 este viernes 2 y s\u00e1bado 3 de mayo, en el centro de recepci\u00f3n del sitio arqueol\u00f3gico \u00c1spero, ubicado en el distrito de Supe Puerto, provincia de Barranca, Regi\u00f3n Lima.\",\"breadcrumb\":{\"@id\":\"https:\\\/\\\/zonacaral.gob.pe\\\/es\\\/noticias\\\/aspero-raymi-2025-revivimos-la-fiesta-ancestral-de-la-ciudad-pesquera-de-caral\\\/#breadcrumb\"},\"inLanguage\":\"en-US\",\"potentialAction\":[{\"@type\":\"ReadAction\",\"target\":[\"https:\\\/\\\/zonacaral.gob.pe\\\/es\\\/noticias\\\/aspero-raymi-2025-revivimos-la-fiesta-ancestral-de-la-ciudad-pesquera-de-caral\\\/\"]}]},{\"@type\":\"ImageObject\",\"inLanguage\":\"en-US\",\"@id\":\"https:\\\/\\\/zonacaral.gob.pe\\\/es\\\/noticias\\\/aspero-raymi-2025-revivimos-la-fiesta-ancestral-de-la-ciudad-pesquera-de-caral\\\/#primaryimage\",\"url\":\"https:\\\/\\\/zonacaral.gob.pe\\\/wp-content\\\/uploads\\\/2025\\\/05\\\/ANIVERSARIO_ASPERO_1.png\",\"contentUrl\":\"https:\\\/\\\/zonacaral.gob.pe\\\/wp-content\\\/uploads\\\/2025\\\/05\\\/ANIVERSARIO_ASPERO_1.png\",\"width\":1500,\"height\":844},{\"@type\":\"BreadcrumbList\",\"@id\":\"https:\\\/\\\/zonacaral.gob.pe\\\/es\\\/noticias\\\/aspero-raymi-2025-revivimos-la-fiesta-ancestral-de-la-ciudad-pesquera-de-caral\\\/#breadcrumb\",\"itemListElement\":[{\"@type\":\"ListItem\",\"position\":1,\"name\":\"Portada\",\"item\":\"https:\\\/\\\/zonacaral.gob.pe\\\/\"},{\"@type\":\"ListItem\",\"position\":2,\"name\":\"\u00c1SPERO RAYMI 2025: revivimos la fiesta ancestral de la ciudad pesquera de Caral\"}]},{\"@type\":\"WebSite\",\"@id\":\"https:\\\/\\\/zonacaral.gob.pe\\\/es\\\/#website\",\"url\":\"https:\\\/\\\/zonacaral.gob.pe\\\/es\\\/\",\"name\":\"Zona Caral\",\"description\":\"Investigamos, conservamos y difundimos el patrimonio cultural de la Civilizaci\u00f3n Caral, la m\u00e1s antigua de Am\u00e9rica.\",\"potentialAction\":[{\"@type\":\"SearchAction\",\"target\":{\"@type\":\"EntryPoint\",\"urlTemplate\":\"https:\\\/\\\/zonacaral.gob.pe\\\/es\\\/?s={search_term_string}\"},\"query-input\":{\"@type\":\"PropertyValueSpecification\",\"valueRequired\":true,\"valueName\":\"search_term_string\"}}],\"inLanguage\":\"en-US\"},{\"@type\":\"Person\",\"@id\":\"https:\\\/\\\/zonacaral.gob.pe\\\/es\\\/#\\\/schema\\\/person\\\/beddb4d22f71a7230c5b90913270a0ee\",\"name\":\"Zona Caral Administrador\",\"image\":{\"@type\":\"ImageObject\",\"inLanguage\":\"en-US\",\"@id\":\"https:\\\/\\\/secure.gravatar.com\\\/avatar\\\/e4be162918a696358376de6446614e0f0f4062bdc5d170d6d540ada3d8b58c12?s=96&d=mm&r=g\",\"url\":\"https:\\\/\\\/secure.gravatar.com\\\/avatar\\\/e4be162918a696358376de6446614e0f0f4062bdc5d170d6d540ada3d8b58c12?s=96&d=mm&r=g\",\"contentUrl\":\"https:\\\/\\\/secure.gravatar.com\\\/avatar\\\/e4be162918a696358376de6446614e0f0f4062bdc5d170d6d540ada3d8b58c12?s=96&d=mm&r=g\",\"caption\":\"Zona Caral Administrador\"},\"sameAs\":[\"https:\\\/\\\/zonacaral.gob.pe\"],\"url\":\"https:\\\/\\\/zonacaral.gob.pe\\\/en\\\/noticias\\\/author\\\/ad_zonacaral\\\/\"}]}<\/script>\n<!-- \/ Yoast SEO plugin. -->","yoast_head_json":{"title":"Celebremos la cultura: participa del \u00c1SPERO RAYMI este 2 y 3 de mayo","description":"La Zona Arqueol\u00f3gica Caral, Unidad Ejecutora 003 del Ministerio de Cultura, te invita a participar del festival andino \u201c\u00c1spero Raymi\u201d 2025, que se realizar\u00e1 este viernes 2 y s\u00e1bado 3 de mayo, en el centro de recepci\u00f3n del sitio arqueol\u00f3gico \u00c1spero, ubicado en el distrito de Supe Puerto, provincia de Barranca, Regi\u00f3n Lima.","robots":{"index":"index","follow":"follow","max-snippet":"max-snippet:-1","max-image-preview":"max-image-preview:large","max-video-preview":"max-video-preview:-1"},"canonical":"https:\/\/zonacaral.gob.pe\/en\/noticias\/aspero-raymi-2025-revivimos-la-fiesta-ancestral-de-la-ciudad-pesquera-de-caral\/","og_locale":"en_US","og_type":"article","og_title":"Celebremos la cultura: participa del \u00c1SPERO RAYMI este 2 y 3 de mayo","og_description":"La Zona Arqueol\u00f3gica Caral, Unidad Ejecutora 003 del Ministerio de Cultura, te invita a participar del festival andino \u201c\u00c1spero Raymi\u201d 2025, que se realizar\u00e1 este viernes 2 y s\u00e1bado 3 de mayo, en el centro de recepci\u00f3n del sitio arqueol\u00f3gico \u00c1spero, ubicado en el distrito de Supe Puerto, provincia de Barranca, Regi\u00f3n Lima.","og_url":"https:\/\/zonacaral.gob.pe\/en\/noticias\/aspero-raymi-2025-revivimos-la-fiesta-ancestral-de-la-ciudad-pesquera-de-caral\/","og_site_name":"Zona Caral","article_published_time":"2025-05-08T16:54:31+00:00","og_image":[{"width":1500,"height":844,"url":"https:\/\/zonacaral.gob.pe\/wp-content\/uploads\/2025\/05\/ANIVERSARIO_ASPERO_1.png","type":"image\/png"}],"author":"Zona Caral Administrador","twitter_card":"summary_large_image","twitter_misc":{"Written by":"Zona Caral Administrador","Est. reading time":"3 minutes"},"schema":{"@context":"https:\/\/schema.org","@graph":[{"@type":"Article","@id":"https:\/\/zonacaral.gob.pe\/es\/noticias\/aspero-raymi-2025-revivimos-la-fiesta-ancestral-de-la-ciudad-pesquera-de-caral\/#article","isPartOf":{"@id":"https:\/\/zonacaral.gob.pe\/es\/noticias\/aspero-raymi-2025-revivimos-la-fiesta-ancestral-de-la-ciudad-pesquera-de-caral\/"},"author":{"name":"Zona Caral Administrador","@id":"https:\/\/zonacaral.gob.pe\/es\/#\/schema\/person\/beddb4d22f71a7230c5b90913270a0ee"},"headline":"\u00c1SPERO RAYMI 2025: revivimos la fiesta ancestral de la ciudad pesquera de Caral","datePublished":"2025-05-08T16:54:31+00:00","mainEntityOfPage":{"@id":"https:\/\/zonacaral.gob.pe\/es\/noticias\/aspero-raymi-2025-revivimos-la-fiesta-ancestral-de-la-ciudad-pesquera-de-caral\/"},"wordCount":620,"image":{"@id":"https:\/\/zonacaral.gob.pe\/es\/noticias\/aspero-raymi-2025-revivimos-la-fiesta-ancestral-de-la-ciudad-pesquera-de-caral\/#primaryimage"},"thumbnailUrl":"https:\/\/zonacaral.gob.pe\/wp-content\/uploads\/2025\/05\/ANIVERSARIO_ASPERO_1.png","keywords":["caral","Cultura"],"articleSection":["noticias"],"inLanguage":"en-US"},{"@type":"WebPage","@id":"https:\/\/zonacaral.gob.pe\/es\/noticias\/aspero-raymi-2025-revivimos-la-fiesta-ancestral-de-la-ciudad-pesquera-de-caral\/","url":"https:\/\/zonacaral.gob.pe\/es\/noticias\/aspero-raymi-2025-revivimos-la-fiesta-ancestral-de-la-ciudad-pesquera-de-caral\/","name":"Celebremos la cultura: participa del \u00c1SPERO RAYMI este 2 y 3 de mayo","isPartOf":{"@id":"https:\/\/zonacaral.gob.pe\/es\/#website"},"primaryImageOfPage":{"@id":"https:\/\/zonacaral.gob.pe\/es\/noticias\/aspero-raymi-2025-revivimos-la-fiesta-ancestral-de-la-ciudad-pesquera-de-caral\/#primaryimage"},"image":{"@id":"https:\/\/zonacaral.gob.pe\/es\/noticias\/aspero-raymi-2025-revivimos-la-fiesta-ancestral-de-la-ciudad-pesquera-de-caral\/#primaryimage"},"thumbnailUrl":"https:\/\/zonacaral.gob.pe\/wp-content\/uploads\/2025\/05\/ANIVERSARIO_ASPERO_1.png","datePublished":"2025-05-08T16:54:31+00:00","author":{"@id":"https:\/\/zonacaral.gob.pe\/es\/#\/schema\/person\/beddb4d22f71a7230c5b90913270a0ee"},"description":"La Zona Arqueol\u00f3gica Caral, Unidad Ejecutora 003 del Ministerio de Cultura, te invita a participar del festival andino \u201c\u00c1spero Raymi\u201d 2025, que se realizar\u00e1 este viernes 2 y s\u00e1bado 3 de mayo, en el centro de recepci\u00f3n del sitio arqueol\u00f3gico \u00c1spero, ubicado en el distrito de Supe Puerto, provincia de Barranca, Regi\u00f3n Lima.","breadcrumb":{"@id":"https:\/\/zonacaral.gob.pe\/es\/noticias\/aspero-raymi-2025-revivimos-la-fiesta-ancestral-de-la-ciudad-pesquera-de-caral\/#breadcrumb"},"inLanguage":"en-US","potentialAction":[{"@type":"ReadAction","target":["https:\/\/zonacaral.gob.pe\/es\/noticias\/aspero-raymi-2025-revivimos-la-fiesta-ancestral-de-la-ciudad-pesquera-de-caral\/"]}]},{"@type":"ImageObject","inLanguage":"en-US","@id":"https:\/\/zonacaral.gob.pe\/es\/noticias\/aspero-raymi-2025-revivimos-la-fiesta-ancestral-de-la-ciudad-pesquera-de-caral\/#primaryimage","url":"https:\/\/zonacaral.gob.pe\/wp-content\/uploads\/2025\/05\/ANIVERSARIO_ASPERO_1.png","contentUrl":"https:\/\/zonacaral.gob.pe\/wp-content\/uploads\/2025\/05\/ANIVERSARIO_ASPERO_1.png","width":1500,"height":844},{"@type":"BreadcrumbList","@id":"https:\/\/zonacaral.gob.pe\/es\/noticias\/aspero-raymi-2025-revivimos-la-fiesta-ancestral-de-la-ciudad-pesquera-de-caral\/#breadcrumb","itemListElement":[{"@type":"ListItem","position":1,"name":"Portada","item":"https:\/\/zonacaral.gob.pe\/"},{"@type":"ListItem","position":2,"name":"\u00c1SPERO RAYMI 2025: revivimos la fiesta ancestral de la ciudad pesquera de Caral"}]},{"@type":"WebSite","@id":"https:\/\/zonacaral.gob.pe\/es\/#website","url":"https:\/\/zonacaral.gob.pe\/es\/","name":"Zona Caral","description":"Investigamos, conservamos y difundimos el patrimonio cultural de la Civilizaci\u00f3n Caral, la m\u00e1s antigua de Am\u00e9rica.","potentialAction":[{"@type":"SearchAction","target":{"@type":"EntryPoint","urlTemplate":"https:\/\/zonacaral.gob.pe\/es\/?s={search_term_string}"},"query-input":{"@type":"PropertyValueSpecification","valueRequired":true,"valueName":"search_term_string"}}],"inLanguage":"en-US"},{"@type":"Person","@id":"https:\/\/zonacaral.gob.pe\/es\/#\/schema\/person\/beddb4d22f71a7230c5b90913270a0ee","name":"Zona Caral Administrador","image":{"@type":"ImageObject","inLanguage":"en-US","@id":"https:\/\/secure.gravatar.com\/avatar\/e4be162918a696358376de6446614e0f0f4062bdc5d170d6d540ada3d8b58c12?s=96&d=mm&r=g","url":"https:\/\/secure.gravatar.com\/avatar\/e4be162918a696358376de6446614e0f0f4062bdc5d170d6d540ada3d8b58c12?s=96&d=mm&r=g","contentUrl":"https:\/\/secure.gravatar.com\/avatar\/e4be162918a696358376de6446614e0f0f4062bdc5d170d6d540ada3d8b58c12?s=96&d=mm&r=g","caption":"Zona Caral Administrador"},"sameAs":["https:\/\/zonacaral.gob.pe"],"url":"https:\/\/zonacaral.gob.pe\/en\/noticias\/author\/ad_zonacaral\/"}]}},"_links":{"self":[{"href":"https:\/\/zonacaral.gob.pe\/en\/wp-json\/wp\/v2\/posts\/18324","targetHints":{"allow":["GET"]}}],"collection":[{"href":"https:\/\/zonacaral.gob.pe\/en\/wp-json\/wp\/v2\/posts"}],"about":[{"href":"https:\/\/zonacaral.gob.pe\/en\/wp-json\/wp\/v2\/types\/post"}],"author":[{"embeddable":true,"href":"https:\/\/zonacaral.gob.pe\/en\/wp-json\/wp\/v2\/users\/1"}],"replies":[{"embeddable":true,"href":"https:\/\/zonacaral.gob.pe\/en\/wp-json\/wp\/v2\/comments?post=18324"}],"version-history":[{"count":0,"href":"https:\/\/zonacaral.gob.pe\/en\/wp-json\/wp\/v2\/posts\/18324\/revisions"}],"wp:featuredmedia":[{"embeddable":true,"href":"https:\/\/zonacaral.gob.pe\/en\/wp-json\/wp\/v2\/media\/18325"}],"wp:attachment":[{"href":"https:\/\/zonacaral.gob.pe\/en\/wp-json\/wp\/v2\/media?parent=18324"}],"wp:term":[{"taxonomy":"category","embeddable":true,"href":"https:\/\/zonacaral.gob.pe\/en\/wp-json\/wp\/v2\/categories?post=18324"},{"taxonomy":"post_tag","embeddable":true,"href":"https:\/\/zonacaral.gob.pe\/en\/wp-json\/wp\/v2\/tags?post=18324"}],"curies":[{"name":"wp","href":"https:\/\/api.w.org\/{rel}","templated":true}]}}