{"id":18355,"date":"2025-05-15T17:09:10","date_gmt":"2025-05-15T22:09:10","guid":{"rendered":"https:\/\/www.zonacaral.gob.pe\/?p=18355"},"modified":"2025-05-15T17:09:10","modified_gmt":"2025-05-15T22:09:10","slug":"difundimos-caral-ante-inversionistas-extranjeros","status":"publish","type":"post","link":"https:\/\/zonacaral.gob.pe\/en\/noticias\/difundimos-caral-ante-inversionistas-extranjeros\/","title":{"rendered":"Difundimos Caral ante inversionistas extranjeros"},"content":{"rendered":"<figure class=\"pic-autor\" style=\"color: #4d4d4d; text-align: justify;\"><\/figure>\n<div class=\"gmail_default\" style=\"text-align: justify;\">\n<p><span style=\"font-weight: 400;\">La doctora Ruth Shady Sol\u00eds, directora de la <\/span><a href=\"https:\/\/www.instagram.com\/caralperu\/?hl=es\"><span style=\"font-weight: 400;\">Zona Arqueol\u00f3gica Caral<\/span><\/a><span style=\"font-weight: 400;\">, ofreci\u00f3 una ponencia especial ante un grupo de inversionistas extranjeros, que llegaron al pa\u00eds con el fin de conocer m\u00e1s de nuestro patrimonio cultural y su potencial tur\u00edstico. El evento fue promovido por la Comisi\u00f3n de Promoci\u00f3n del Per\u00fa para la Exportaci\u00f3n y el Turismo &#8211; PromPer\u00fa y se llev\u00f3 a cabo en el Gran Hotel Bol\u00edvar, en el Centro Hist\u00f3rico de Lima.\u00a0<\/span><\/p>\n<p><span style=\"font-weight: 400;\">Durante la exposici\u00f3n, la principal investigadora de la Civilizaci\u00f3n Caral, cont\u00f3 c\u00f3mo fue el desarrollo de esta cultura milenaria, los conocimientos que produjeron, su modo de vida, su cosmovisi\u00f3n, entre otros detalles que muestran el valor del primer foco civilizatorio de Am\u00e9rica.<\/span><\/p>\n<p><span style=\"font-weight: 400;\">Asimismo, relat\u00f3 el trabajo que se realiza en doce centros urbanos de Caral, desde 1994, con el fin de conocer a detalle c\u00f3mo se desarroll\u00f3 esta civilizaci\u00f3n, en el valle de Supe, provincia de Barranca &#8211; regi\u00f3n Lima.<\/span><\/p>\n<p><span style=\"font-weight: 400;\">Especific\u00f3 que de esos asentamientos cuatro est\u00e1n abiertos al p\u00fablico: la <\/span><a href=\"https:\/\/www.zonacaral.gob.pe\/ruta-caral\/ciudad-sagrada-de-caral.html\"><span style=\"font-weight: 400;\">Ciudad Sagrada de Caral-Supe<\/span><\/a><span style=\"font-weight: 400;\">, Patrimonio Mundial, <\/span><a href=\"https:\/\/www.zonacaral.gob.pe\/ruta-caral\/aspero.html\"><span style=\"font-weight: 400;\">\u00c1spero<\/span><\/a><span style=\"font-weight: 400;\">, <\/span><a href=\"https:\/\/www.zonacaral.gob.pe\/ruta-caral\/vichama.html\"><span style=\"font-weight: 400;\">Vichama<\/span><\/a><span style=\"font-weight: 400;\"> y <\/span><a href=\"https:\/\/www.zonacaral.gob.pe\/ruta-caral\/penico.html\"><span style=\"font-weight: 400;\">Pe\u00f1ico<\/span><\/a><span style=\"font-weight: 400;\">, los cuales conforman la denominada <\/span><a href=\"https:\/\/zonacaral.gob.pe\/en\/ruta-caral\/\"><span style=\"font-weight: 400;\">Caral Route<\/span><\/a><span style=\"font-weight: 400;\">.<\/span><\/p>\n<p><span style=\"font-weight: 400;\">La doctora Ruth Shady tambi\u00e9n detall\u00f3 el importante trabajo de fortalecimiento de la identidad cultural que se realiza con la poblaci\u00f3n aleda\u00f1a a estos sitios arqueol\u00f3gicos, con el objetivo de crear conciencia sobre la necesidad de proteger y defender el patrimonio arqueol\u00f3gico de Caral. En este tema, resalt\u00f3 el programa <\/span><a href=\"https:\/\/www.gob.pe\/institucion\/caral\/noticias\/772058-caral-en-la-escuela-un-programa-que-fomenta-la-identidad-cultural-y-valores-en-la-comunidad-educativa\"><span style=\"font-weight: 400;\">Caral en la Escuela<\/span><\/a><span style=\"font-weight: 400;\">, con el que se da a conocer, entre la poblaci\u00f3n escolar de las provincias de Barranca y Huaura, los denominados \u201cvalores de Caral\u201d que han sido establecidos de los resultados de las investigaciones efectuadas en los sitios arqueol\u00f3gicos de la Civilizaci\u00f3n Caral.<\/span><\/p>\n<p><span style=\"font-weight: 400;\">Agreg\u00f3 que, en cada sitio arqueol\u00f3gico, abierto al p\u00fablico, se habilitaron centros de informaci\u00f3n, caminos inclusivos y se colocaron carteles con infograf\u00edas donde se explica el desarrollo de cada antigua ciudad.<\/span><\/p>\n<p><span style=\"font-weight: 400;\">Detall\u00f3 que se han realizado diversas exposiciones museogr\u00e1ficas con el fin de acercar el patrimonio cultural a la poblaci\u00f3n peruana, y se puso a disposici\u00f3n el Museo Caral virtual, para llevar el patrimonio cultural m\u00e1s all\u00e1 de las fronteras del Per\u00fa.<\/span><\/p>\n<p><span style=\"font-weight: 400;\">La ponencia finaliz\u00f3 con el valor tur\u00edstico de los centros urbanos de la Civilizaci\u00f3n Caral, destacando la Ciudad Sagrada de Caral-Supe, inscrita en la Lista de Patrimonio Mundial, reconocida como Pionera de la Integraci\u00f3n por la Comunidad Andina, y reconocida con la Jerarqu\u00eda 4 por el Ministerio de Comercio Exterior y Turismo.<\/span><\/p>\n<p><span style=\"font-weight: 400;\">DATO<\/span><\/p>\n<p><span style=\"font-weight: 400;\">Si quieres conocer m\u00e1s sobre los antiguos centros urbanos de la Civilizaci\u00f3n Caral, recorre la <\/span><a href=\"https:\/\/zonacaral.gob.pe\/en\/ruta-caral\/\"><span style=\"font-weight: 400;\">Caral Route<\/span><\/a><span style=\"font-weight: 400;\"> de lunes a domingo, de 9:00 a. m. a 4:00 p. m. Tambi\u00e9n te invitamos a visitar la exposici\u00f3n museogr\u00e1fica <\/span><b>\u00abTecnolog\u00eda Pesquera y Seguridad Alimentaria para Combatir la Anemia\u00bb<\/b><span style=\"font-weight: 400;\">, que se encuentra hasta el 5 de junio en la sala Paracas del Ministerio de Cultura.<\/span><\/p>\n<p><span style=\"font-weight: 400;\">Durante el evento, el Gran Hotel Bol\u00edvar present\u00f3 como parte de su propuesta gastron\u00f3mica la entrada denominada <\/span><b>\u201cEl Origen\u201d<\/b><span style=\"font-weight: 400;\">, elaborada con una masa primavera, suave y crocante, rellena de lomo saltado, y acompa\u00f1ada de hummus de pallar supano y palta. Este plato rinde homenaje a la Civilizaci\u00f3n Caral, seg\u00fan coment\u00f3 el gerente general del hotel, C\u00e9sar Mart\u00ednez Cuba.<\/span><\/p>\n<p><span style=\"font-weight: 400;\">Adem\u00e1s, en este hist\u00f3rico hotel se exhibe una peque\u00f1a muestra dedicada a la Civilizaci\u00f3n Caral, para que sus visitantes y hu\u00e9spedes conozcan m\u00e1s sobre nuestro pasado milenario.<\/span><\/p>\n<p><strong style=\"font-size: inherit; text-align: justify;\">Fuente: Comunicaci\u00f3n e Imagen Institucional ZAC<\/strong><\/p>\n<\/div>\n<div style=\"color: #1f1f1f;\">\n<div style=\"color: #1f1f1f;\">\n<p style=\"text-align: justify;\">Fecha de publicaci\u00f3n: 15\/05\/2025<\/p>\n<\/div>\n<\/div>\n\n\n<p><\/p>","protected":false},"excerpt":{"rendered":"<p>La doctora Ruth Shady Sol\u00eds, directora de la Zona Arqueol\u00f3gica Caral, ofreci\u00f3 una ponencia especial ante un grupo de inversionistas [&hellip;]<\/p>\n","protected":false},"author":1,"featured_media":18356,"comment_status":"closed","ping_status":"open","sticky":false,"template":"","format":"standard","meta":{"_acf_changed":false,"site-sidebar-layout":"default","site-content-layout":"","ast-site-content-layout":"default","site-content-style":"default","site-sidebar-style":"default","ast-global-header-display":"","ast-banner-title-visibility":"","ast-main-header-display":"","ast-hfb-above-header-display":"","ast-hfb-below-header-display":"","ast-hfb-mobile-header-display":"","site-post-title":"","ast-breadcrumbs-content":"","ast-featured-img":"","footer-sml-layout":"","ast-disable-related-posts":"","theme-transparent-header-meta":"","adv-header-id-meta":"","stick-header-meta":"","header-above-stick-meta":"","header-main-stick-meta":"","header-below-stick-meta":"","astra-migrate-meta-layouts":"default","ast-page-background-enabled":"default","ast-page-background-meta":{"desktop":{"background-color":"var(--ast-global-color-5)","background-image":"","background-repeat":"repeat","background-position":"center center","background-size":"auto","background-attachment":"scroll","background-type":"","background-media":"","overlay-type":"","overlay-color":"","overlay-opacity":"","overlay-gradient":""},"tablet":{"background-color":"","background-image":"","background-repeat":"repeat","background-position":"center center","background-size":"auto","background-attachment":"scroll","background-type":"","background-media":"","overlay-type":"","overlay-color":"","overlay-opacity":"","overlay-gradient":""},"mobile":{"background-color":"","background-image":"","background-repeat":"repeat","background-position":"center center","background-size":"auto","background-attachment":"scroll","background-type":"","background-media":"","overlay-type":"","overlay-color":"","overlay-opacity":"","overlay-gradient":""}},"ast-content-background-meta":{"desktop":{"background-color":"var(--ast-global-color-4)","background-image":"","background-repeat":"repeat","background-position":"center center","background-size":"auto","background-attachment":"scroll","background-type":"","background-media":"","overlay-type":"","overlay-color":"","overlay-opacity":"","overlay-gradient":""},"tablet":{"background-color":"var(--ast-global-color-4)","background-image":"","background-repeat":"repeat","background-position":"center center","background-size":"auto","background-attachment":"scroll","background-type":"","background-media":"","overlay-type":"","overlay-color":"","overlay-opacity":"","overlay-gradient":""},"mobile":{"background-color":"var(--ast-global-color-4)","background-image":"","background-repeat":"repeat","background-position":"center center","background-size":"auto","background-attachment":"scroll","background-type":"","background-media":"","overlay-type":"","overlay-color":"","overlay-opacity":"","overlay-gradient":""}},"footnotes":""},"categories":[208],"tags":[55,72],"class_list":["post-18355","post","type-post","status-publish","format-standard","has-post-thumbnail","hentry","category-noticias","tag-caral","tag-cultura"],"acf":[],"yoast_head":"<!-- This site is optimized with the Yoast SEO plugin v27.3 - https:\/\/yoast.com\/product\/yoast-seo-wordpress\/ -->\n<title>Difundimos Caral ante inversionistas extranjeros<\/title>\n<meta name=\"description\" content=\"La doctora Ruth Shady Sol\u00eds, directora de la Zona Arqueol\u00f3gica Caral, ofreci\u00f3 una ponencia especial ante un grupo de inversionistas extranjeros, que llegaron al pa\u00eds con el fin de conocer m\u00e1s de nuestro patrimonio cultural y su potencial tur\u00edstico. El evento fue promovido por la Comisi\u00f3n de Promoci\u00f3n del Per\u00fa para la Exportaci\u00f3n y el Turismo - PromPer\u00fa y se llev\u00f3 a cabo en el Gran Hotel Bol\u00edvar, en el Centro Hist\u00f3rico de Lima.\u00a0\" \/>\n<meta name=\"robots\" content=\"index, follow, max-snippet:-1, max-image-preview:large, max-video-preview:-1\" \/>\n<link rel=\"canonical\" href=\"https:\/\/zonacaral.gob.pe\/en\/noticias\/difundimos-caral-ante-inversionistas-extranjeros\/\" \/>\n<meta property=\"og:locale\" content=\"en_US\" \/>\n<meta property=\"og:type\" content=\"article\" \/>\n<meta property=\"og:title\" content=\"Difundimos Caral ante inversionistas extranjeros\" \/>\n<meta property=\"og:description\" content=\"La doctora Ruth Shady Sol\u00eds, directora de la Zona Arqueol\u00f3gica Caral, ofreci\u00f3 una ponencia especial ante un grupo de inversionistas extranjeros, que llegaron al pa\u00eds con el fin de conocer m\u00e1s de nuestro patrimonio cultural y su potencial tur\u00edstico. El evento fue promovido por la Comisi\u00f3n de Promoci\u00f3n del Per\u00fa para la Exportaci\u00f3n y el Turismo - PromPer\u00fa y se llev\u00f3 a cabo en el Gran Hotel Bol\u00edvar, en el Centro Hist\u00f3rico de Lima.\u00a0\" \/>\n<meta property=\"og:url\" content=\"https:\/\/zonacaral.gob.pe\/en\/noticias\/difundimos-caral-ante-inversionistas-extranjeros\/\" \/>\n<meta property=\"og:site_name\" content=\"Zona Caral\" \/>\n<meta property=\"article:published_time\" content=\"2025-05-15T22:09:10+00:00\" \/>\n<meta property=\"og:image\" content=\"https:\/\/zonacaral.gob.pe\/wp-content\/uploads\/2025\/05\/Expo_Dra-1.png\" \/>\n\t<meta property=\"og:image:width\" content=\"1500\" \/>\n\t<meta property=\"og:image:height\" content=\"844\" \/>\n\t<meta property=\"og:image:type\" content=\"image\/png\" \/>\n<meta name=\"author\" content=\"Zona Caral Administrador\" \/>\n<meta name=\"twitter:card\" content=\"summary_large_image\" \/>\n<meta name=\"twitter:label1\" content=\"Written by\" \/>\n\t<meta name=\"twitter:data1\" content=\"Zona Caral Administrador\" \/>\n\t<meta name=\"twitter:label2\" content=\"Est. reading time\" \/>\n\t<meta name=\"twitter:data2\" content=\"3 minutes\" \/>\n<script type=\"application\/ld+json\" class=\"yoast-schema-graph\">{\"@context\":\"https:\\\/\\\/schema.org\",\"@graph\":[{\"@type\":\"Article\",\"@id\":\"https:\\\/\\\/zonacaral.gob.pe\\\/es\\\/noticias\\\/difundimos-caral-ante-inversionistas-extranjeros\\\/#article\",\"isPartOf\":{\"@id\":\"https:\\\/\\\/zonacaral.gob.pe\\\/es\\\/noticias\\\/difundimos-caral-ante-inversionistas-extranjeros\\\/\"},\"author\":{\"name\":\"Zona Caral Administrador\",\"@id\":\"https:\\\/\\\/zonacaral.gob.pe\\\/es\\\/#\\\/schema\\\/person\\\/beddb4d22f71a7230c5b90913270a0ee\"},\"headline\":\"Difundimos Caral ante inversionistas extranjeros\",\"datePublished\":\"2025-05-15T22:09:10+00:00\",\"mainEntityOfPage\":{\"@id\":\"https:\\\/\\\/zonacaral.gob.pe\\\/es\\\/noticias\\\/difundimos-caral-ante-inversionistas-extranjeros\\\/\"},\"wordCount\":621,\"image\":{\"@id\":\"https:\\\/\\\/zonacaral.gob.pe\\\/es\\\/noticias\\\/difundimos-caral-ante-inversionistas-extranjeros\\\/#primaryimage\"},\"thumbnailUrl\":\"https:\\\/\\\/zonacaral.gob.pe\\\/wp-content\\\/uploads\\\/2025\\\/05\\\/Expo_Dra-1.png\",\"keywords\":[\"caral\",\"Cultura\"],\"articleSection\":[\"noticias\"],\"inLanguage\":\"en-US\"},{\"@type\":\"WebPage\",\"@id\":\"https:\\\/\\\/zonacaral.gob.pe\\\/es\\\/noticias\\\/difundimos-caral-ante-inversionistas-extranjeros\\\/\",\"url\":\"https:\\\/\\\/zonacaral.gob.pe\\\/es\\\/noticias\\\/difundimos-caral-ante-inversionistas-extranjeros\\\/\",\"name\":\"Difundimos Caral ante inversionistas extranjeros\",\"isPartOf\":{\"@id\":\"https:\\\/\\\/zonacaral.gob.pe\\\/es\\\/#website\"},\"primaryImageOfPage\":{\"@id\":\"https:\\\/\\\/zonacaral.gob.pe\\\/es\\\/noticias\\\/difundimos-caral-ante-inversionistas-extranjeros\\\/#primaryimage\"},\"image\":{\"@id\":\"https:\\\/\\\/zonacaral.gob.pe\\\/es\\\/noticias\\\/difundimos-caral-ante-inversionistas-extranjeros\\\/#primaryimage\"},\"thumbnailUrl\":\"https:\\\/\\\/zonacaral.gob.pe\\\/wp-content\\\/uploads\\\/2025\\\/05\\\/Expo_Dra-1.png\",\"datePublished\":\"2025-05-15T22:09:10+00:00\",\"author\":{\"@id\":\"https:\\\/\\\/zonacaral.gob.pe\\\/es\\\/#\\\/schema\\\/person\\\/beddb4d22f71a7230c5b90913270a0ee\"},\"description\":\"La doctora Ruth Shady Sol\u00eds, directora de la Zona Arqueol\u00f3gica Caral, ofreci\u00f3 una ponencia especial ante un grupo de inversionistas extranjeros, que llegaron al pa\u00eds con el fin de conocer m\u00e1s de nuestro patrimonio cultural y su potencial tur\u00edstico. El evento fue promovido por la Comisi\u00f3n de Promoci\u00f3n del Per\u00fa para la Exportaci\u00f3n y el Turismo - PromPer\u00fa y se llev\u00f3 a cabo en el Gran Hotel Bol\u00edvar, en el Centro Hist\u00f3rico de Lima.\u00a0\",\"breadcrumb\":{\"@id\":\"https:\\\/\\\/zonacaral.gob.pe\\\/es\\\/noticias\\\/difundimos-caral-ante-inversionistas-extranjeros\\\/#breadcrumb\"},\"inLanguage\":\"en-US\",\"potentialAction\":[{\"@type\":\"ReadAction\",\"target\":[\"https:\\\/\\\/zonacaral.gob.pe\\\/es\\\/noticias\\\/difundimos-caral-ante-inversionistas-extranjeros\\\/\"]}]},{\"@type\":\"ImageObject\",\"inLanguage\":\"en-US\",\"@id\":\"https:\\\/\\\/zonacaral.gob.pe\\\/es\\\/noticias\\\/difundimos-caral-ante-inversionistas-extranjeros\\\/#primaryimage\",\"url\":\"https:\\\/\\\/zonacaral.gob.pe\\\/wp-content\\\/uploads\\\/2025\\\/05\\\/Expo_Dra-1.png\",\"contentUrl\":\"https:\\\/\\\/zonacaral.gob.pe\\\/wp-content\\\/uploads\\\/2025\\\/05\\\/Expo_Dra-1.png\",\"width\":1500,\"height\":844},{\"@type\":\"BreadcrumbList\",\"@id\":\"https:\\\/\\\/zonacaral.gob.pe\\\/es\\\/noticias\\\/difundimos-caral-ante-inversionistas-extranjeros\\\/#breadcrumb\",\"itemListElement\":[{\"@type\":\"ListItem\",\"position\":1,\"name\":\"Portada\",\"item\":\"https:\\\/\\\/zonacaral.gob.pe\\\/\"},{\"@type\":\"ListItem\",\"position\":2,\"name\":\"Difundimos Caral ante inversionistas extranjeros\"}]},{\"@type\":\"WebSite\",\"@id\":\"https:\\\/\\\/zonacaral.gob.pe\\\/es\\\/#website\",\"url\":\"https:\\\/\\\/zonacaral.gob.pe\\\/es\\\/\",\"name\":\"Zona Caral\",\"description\":\"Investigamos, conservamos y difundimos el patrimonio cultural de la Civilizaci\u00f3n Caral, la m\u00e1s antigua de Am\u00e9rica.\",\"potentialAction\":[{\"@type\":\"SearchAction\",\"target\":{\"@type\":\"EntryPoint\",\"urlTemplate\":\"https:\\\/\\\/zonacaral.gob.pe\\\/es\\\/?s={search_term_string}\"},\"query-input\":{\"@type\":\"PropertyValueSpecification\",\"valueRequired\":true,\"valueName\":\"search_term_string\"}}],\"inLanguage\":\"en-US\"},{\"@type\":\"Person\",\"@id\":\"https:\\\/\\\/zonacaral.gob.pe\\\/es\\\/#\\\/schema\\\/person\\\/beddb4d22f71a7230c5b90913270a0ee\",\"name\":\"Zona Caral Administrador\",\"image\":{\"@type\":\"ImageObject\",\"inLanguage\":\"en-US\",\"@id\":\"https:\\\/\\\/secure.gravatar.com\\\/avatar\\\/e4be162918a696358376de6446614e0f0f4062bdc5d170d6d540ada3d8b58c12?s=96&d=mm&r=g\",\"url\":\"https:\\\/\\\/secure.gravatar.com\\\/avatar\\\/e4be162918a696358376de6446614e0f0f4062bdc5d170d6d540ada3d8b58c12?s=96&d=mm&r=g\",\"contentUrl\":\"https:\\\/\\\/secure.gravatar.com\\\/avatar\\\/e4be162918a696358376de6446614e0f0f4062bdc5d170d6d540ada3d8b58c12?s=96&d=mm&r=g\",\"caption\":\"Zona Caral Administrador\"},\"sameAs\":[\"https:\\\/\\\/zonacaral.gob.pe\"],\"url\":\"https:\\\/\\\/zonacaral.gob.pe\\\/en\\\/noticias\\\/author\\\/ad_zonacaral\\\/\"}]}<\/script>\n<!-- \/ Yoast SEO plugin. -->","yoast_head_json":{"title":"Difundimos Caral ante inversionistas extranjeros","description":"La doctora Ruth Shady Sol\u00eds, directora de la Zona Arqueol\u00f3gica Caral, ofreci\u00f3 una ponencia especial ante un grupo de inversionistas extranjeros, que llegaron al pa\u00eds con el fin de conocer m\u00e1s de nuestro patrimonio cultural y su potencial tur\u00edstico. El evento fue promovido por la Comisi\u00f3n de Promoci\u00f3n del Per\u00fa para la Exportaci\u00f3n y el Turismo - PromPer\u00fa y se llev\u00f3 a cabo en el Gran Hotel Bol\u00edvar, en el Centro Hist\u00f3rico de Lima.\u00a0","robots":{"index":"index","follow":"follow","max-snippet":"max-snippet:-1","max-image-preview":"max-image-preview:large","max-video-preview":"max-video-preview:-1"},"canonical":"https:\/\/zonacaral.gob.pe\/en\/noticias\/difundimos-caral-ante-inversionistas-extranjeros\/","og_locale":"en_US","og_type":"article","og_title":"Difundimos Caral ante inversionistas extranjeros","og_description":"La doctora Ruth Shady Sol\u00eds, directora de la Zona Arqueol\u00f3gica Caral, ofreci\u00f3 una ponencia especial ante un grupo de inversionistas extranjeros, que llegaron al pa\u00eds con el fin de conocer m\u00e1s de nuestro patrimonio cultural y su potencial tur\u00edstico. El evento fue promovido por la Comisi\u00f3n de Promoci\u00f3n del Per\u00fa para la Exportaci\u00f3n y el Turismo - PromPer\u00fa y se llev\u00f3 a cabo en el Gran Hotel Bol\u00edvar, en el Centro Hist\u00f3rico de Lima.\u00a0","og_url":"https:\/\/zonacaral.gob.pe\/en\/noticias\/difundimos-caral-ante-inversionistas-extranjeros\/","og_site_name":"Zona Caral","article_published_time":"2025-05-15T22:09:10+00:00","og_image":[{"width":1500,"height":844,"url":"https:\/\/zonacaral.gob.pe\/wp-content\/uploads\/2025\/05\/Expo_Dra-1.png","type":"image\/png"}],"author":"Zona Caral Administrador","twitter_card":"summary_large_image","twitter_misc":{"Written by":"Zona Caral Administrador","Est. reading time":"3 minutes"},"schema":{"@context":"https:\/\/schema.org","@graph":[{"@type":"Article","@id":"https:\/\/zonacaral.gob.pe\/es\/noticias\/difundimos-caral-ante-inversionistas-extranjeros\/#article","isPartOf":{"@id":"https:\/\/zonacaral.gob.pe\/es\/noticias\/difundimos-caral-ante-inversionistas-extranjeros\/"},"author":{"name":"Zona Caral Administrador","@id":"https:\/\/zonacaral.gob.pe\/es\/#\/schema\/person\/beddb4d22f71a7230c5b90913270a0ee"},"headline":"Difundimos Caral ante inversionistas extranjeros","datePublished":"2025-05-15T22:09:10+00:00","mainEntityOfPage":{"@id":"https:\/\/zonacaral.gob.pe\/es\/noticias\/difundimos-caral-ante-inversionistas-extranjeros\/"},"wordCount":621,"image":{"@id":"https:\/\/zonacaral.gob.pe\/es\/noticias\/difundimos-caral-ante-inversionistas-extranjeros\/#primaryimage"},"thumbnailUrl":"https:\/\/zonacaral.gob.pe\/wp-content\/uploads\/2025\/05\/Expo_Dra-1.png","keywords":["caral","Cultura"],"articleSection":["noticias"],"inLanguage":"en-US"},{"@type":"WebPage","@id":"https:\/\/zonacaral.gob.pe\/es\/noticias\/difundimos-caral-ante-inversionistas-extranjeros\/","url":"https:\/\/zonacaral.gob.pe\/es\/noticias\/difundimos-caral-ante-inversionistas-extranjeros\/","name":"Difundimos Caral ante inversionistas extranjeros","isPartOf":{"@id":"https:\/\/zonacaral.gob.pe\/es\/#website"},"primaryImageOfPage":{"@id":"https:\/\/zonacaral.gob.pe\/es\/noticias\/difundimos-caral-ante-inversionistas-extranjeros\/#primaryimage"},"image":{"@id":"https:\/\/zonacaral.gob.pe\/es\/noticias\/difundimos-caral-ante-inversionistas-extranjeros\/#primaryimage"},"thumbnailUrl":"https:\/\/zonacaral.gob.pe\/wp-content\/uploads\/2025\/05\/Expo_Dra-1.png","datePublished":"2025-05-15T22:09:10+00:00","author":{"@id":"https:\/\/zonacaral.gob.pe\/es\/#\/schema\/person\/beddb4d22f71a7230c5b90913270a0ee"},"description":"La doctora Ruth Shady Sol\u00eds, directora de la Zona Arqueol\u00f3gica Caral, ofreci\u00f3 una ponencia especial ante un grupo de inversionistas extranjeros, que llegaron al pa\u00eds con el fin de conocer m\u00e1s de nuestro patrimonio cultural y su potencial tur\u00edstico. El evento fue promovido por la Comisi\u00f3n de Promoci\u00f3n del Per\u00fa para la Exportaci\u00f3n y el Turismo - PromPer\u00fa y se llev\u00f3 a cabo en el Gran Hotel Bol\u00edvar, en el Centro Hist\u00f3rico de Lima.\u00a0","breadcrumb":{"@id":"https:\/\/zonacaral.gob.pe\/es\/noticias\/difundimos-caral-ante-inversionistas-extranjeros\/#breadcrumb"},"inLanguage":"en-US","potentialAction":[{"@type":"ReadAction","target":["https:\/\/zonacaral.gob.pe\/es\/noticias\/difundimos-caral-ante-inversionistas-extranjeros\/"]}]},{"@type":"ImageObject","inLanguage":"en-US","@id":"https:\/\/zonacaral.gob.pe\/es\/noticias\/difundimos-caral-ante-inversionistas-extranjeros\/#primaryimage","url":"https:\/\/zonacaral.gob.pe\/wp-content\/uploads\/2025\/05\/Expo_Dra-1.png","contentUrl":"https:\/\/zonacaral.gob.pe\/wp-content\/uploads\/2025\/05\/Expo_Dra-1.png","width":1500,"height":844},{"@type":"BreadcrumbList","@id":"https:\/\/zonacaral.gob.pe\/es\/noticias\/difundimos-caral-ante-inversionistas-extranjeros\/#breadcrumb","itemListElement":[{"@type":"ListItem","position":1,"name":"Portada","item":"https:\/\/zonacaral.gob.pe\/"},{"@type":"ListItem","position":2,"name":"Difundimos Caral ante inversionistas extranjeros"}]},{"@type":"WebSite","@id":"https:\/\/zonacaral.gob.pe\/es\/#website","url":"https:\/\/zonacaral.gob.pe\/es\/","name":"Zona Caral","description":"Investigamos, conservamos y difundimos el patrimonio cultural de la Civilizaci\u00f3n Caral, la m\u00e1s antigua de Am\u00e9rica.","potentialAction":[{"@type":"SearchAction","target":{"@type":"EntryPoint","urlTemplate":"https:\/\/zonacaral.gob.pe\/es\/?s={search_term_string}"},"query-input":{"@type":"PropertyValueSpecification","valueRequired":true,"valueName":"search_term_string"}}],"inLanguage":"en-US"},{"@type":"Person","@id":"https:\/\/zonacaral.gob.pe\/es\/#\/schema\/person\/beddb4d22f71a7230c5b90913270a0ee","name":"Zona Caral Administrador","image":{"@type":"ImageObject","inLanguage":"en-US","@id":"https:\/\/secure.gravatar.com\/avatar\/e4be162918a696358376de6446614e0f0f4062bdc5d170d6d540ada3d8b58c12?s=96&d=mm&r=g","url":"https:\/\/secure.gravatar.com\/avatar\/e4be162918a696358376de6446614e0f0f4062bdc5d170d6d540ada3d8b58c12?s=96&d=mm&r=g","contentUrl":"https:\/\/secure.gravatar.com\/avatar\/e4be162918a696358376de6446614e0f0f4062bdc5d170d6d540ada3d8b58c12?s=96&d=mm&r=g","caption":"Zona Caral Administrador"},"sameAs":["https:\/\/zonacaral.gob.pe"],"url":"https:\/\/zonacaral.gob.pe\/en\/noticias\/author\/ad_zonacaral\/"}]}},"_links":{"self":[{"href":"https:\/\/zonacaral.gob.pe\/en\/wp-json\/wp\/v2\/posts\/18355","targetHints":{"allow":["GET"]}}],"collection":[{"href":"https:\/\/zonacaral.gob.pe\/en\/wp-json\/wp\/v2\/posts"}],"about":[{"href":"https:\/\/zonacaral.gob.pe\/en\/wp-json\/wp\/v2\/types\/post"}],"author":[{"embeddable":true,"href":"https:\/\/zonacaral.gob.pe\/en\/wp-json\/wp\/v2\/users\/1"}],"replies":[{"embeddable":true,"href":"https:\/\/zonacaral.gob.pe\/en\/wp-json\/wp\/v2\/comments?post=18355"}],"version-history":[{"count":0,"href":"https:\/\/zonacaral.gob.pe\/en\/wp-json\/wp\/v2\/posts\/18355\/revisions"}],"wp:featuredmedia":[{"embeddable":true,"href":"https:\/\/zonacaral.gob.pe\/en\/wp-json\/wp\/v2\/media\/18356"}],"wp:attachment":[{"href":"https:\/\/zonacaral.gob.pe\/en\/wp-json\/wp\/v2\/media?parent=18355"}],"wp:term":[{"taxonomy":"category","embeddable":true,"href":"https:\/\/zonacaral.gob.pe\/en\/wp-json\/wp\/v2\/categories?post=18355"},{"taxonomy":"post_tag","embeddable":true,"href":"https:\/\/zonacaral.gob.pe\/en\/wp-json\/wp\/v2\/tags?post=18355"}],"curies":[{"name":"wp","href":"https:\/\/api.w.org\/{rel}","templated":true}]}}