{"id":18359,"date":"2025-05-16T16:06:34","date_gmt":"2025-05-16T21:06:34","guid":{"rendered":"https:\/\/www.zonacaral.gob.pe\/?p=18359"},"modified":"2025-05-16T16:06:34","modified_gmt":"2025-05-16T21:06:34","slug":"gana-un-paseo-a-la-ciudad-sagrada-de-caral-supe-patrimonio-mundial","status":"publish","type":"post","link":"https:\/\/zonacaral.gob.pe\/en\/noticias\/gana-un-paseo-a-la-ciudad-sagrada-de-caral-supe-patrimonio-mundial\/","title":{"rendered":"Gana un paseo a la Ciudad Sagrada de Caral-Supe, Patrimonio Mundial"},"content":{"rendered":"<figure class=\"pic-autor\" style=\"color: #4d4d4d; text-align: justify;\"><\/figure>\n<div class=\"gmail_default\" style=\"text-align: justify;\">\n<blockquote>\n<p><span style=\"font-weight: 400;\">Alista tu mochila viajera, porque conocer\u00e1s adem\u00e1s otro centro urbano.<\/span><\/p>\n<\/blockquote>\n<p><span style=\"font-weight: 400;\">En el marco del <\/span><b>D\u00eda Internacional de los Museos<\/b><span style=\"font-weight: 400;\">, el programa de <\/span><a href=\"https:\/\/www.zonacaral.gob.pe\/ruta-caral\/viajes-culturales.html\"><span style=\"font-weight: 400;\">Cultural Trips<\/span><\/a><span style=\"font-weight: 400;\"> de la Zona Arqueol\u00f3gica Caral, Unidad Ejecutora 003 del Ministerio de Cultura, lanza dos concursos para que los amantes de nuestro patrimonio cultural ganen un paseo \u00fanico a la Ciudad Sagrada de Caral-Supe, Patrimonio Mundial, principal centro urbano de la civilizaci\u00f3n m\u00e1s antigua de Am\u00e9rica.<\/span><\/p>\n<p><span style=\"font-weight: 400;\">El viaje te llevar\u00e1, adem\u00e1s, a conocer otro centro urbano el mismo d\u00eda. Luego de visitar Caral, podr\u00e1s conocer, seg\u00fan la programaci\u00f3n, \u00c1spero, ciudad pesquera; Vichama, ciudad agropesquera; o Pe\u00f1ico, ciudad de la integraci\u00f3n.<\/span><\/p>\n<p><span style=\"font-weight: 400;\">Los participantes, j\u00f3venes y adultos, tienen dos opciones para ganar. Estas son:<\/span><\/p>\n<p><span style=\"font-weight: 400;\">1. Vis\u00edtanos este 17 y 18 de mayo, en el stand de Caral, ubicado en la <\/span><b>XXIII Feria Internacional de Museos de Lima 2025<\/b><span style=\"font-weight: 400;\">, que se realizar\u00e1 en la <\/span><a href=\"https:\/\/maps.app.goo.gl\/LyQCh277je7ktsGR6\"><span style=\"font-weight: 400;\">Alameda 28 de Julio<\/span><\/a><span style=\"font-weight: 400;\"> del Centro Hist\u00f3rico de Lima (entre la Embajada de Argentina y el Museo Metropolitano de Lima, o entre la Av. Arequipa y la Av. Petit Thouars)<\/span><span style=\"font-weight: 400;\">.<\/span><\/p>\n<p><span style=\"font-weight: 400;\">Al llegar indica al gu\u00eda que deseas participar en el concurso, deja tus datos y \u00a1listo! Ya estar\u00e1n participando.<\/span><\/p>\n<p><i><span style=\"font-weight: 400;\">*El ganador se anunciar\u00e1 el domingo 18, a las 5:00 p. m., minutos antes de finalizar la feria.<\/span><\/i><\/p>\n<p><span style=\"font-weight: 400;\">2. Visita hasta el jueves, 5 de junio, la exposici\u00f3n museogr\u00e1fica <\/span><b>\u00abTecnolog\u00eda Pesquera y Seguridad Alimentaria para Combatir la Anemia\u00bb<\/b><span style=\"font-weight: 400;\">, presentada de forma gratuita en la sala Paracas del Ministerio de Cultura (<\/span><a href=\"https:\/\/maps.app.goo.gl\/M2W5CVDgSDAcWzyh6\"><span style=\"font-weight: 400;\">Av. Javier Prado Este 2465<\/span><\/a><span style=\"font-weight: 400;\">, San Borja). Disponible de martes a domingo, de 9:00 a. m. a 4:00 p. m.<\/span><\/p>\n<p><span style=\"font-weight: 400;\">Al finalizar tu visita, solicita al gu\u00eda la encuesta para dejar tus datos. \u00a1Y listo! Estar\u00e1s participando.<\/span><\/p>\n<p><i><span style=\"font-weight: 400;\">*El ganador de este segundo concurso se dar\u00e1 a conocer el \u00faltimo d\u00eda de la exposici\u00f3n, el 5 de junio a las 4:00 p. m.<\/span><\/i><\/p>\n<p><span style=\"font-weight: 400;\">DATOS<\/span><\/p>\n<p><span style=\"font-weight: 400;\">Los sorteos para conocer a los ganadores se realizar\u00e1n de manera presencial y ser\u00e1n difundidos a trav\u00e9s de las redes sociales de la Zona Arqueol\u00f3gica Caral.<\/span><\/p>\n<p><span style=\"font-weight: 400;\">Cada ganador podr\u00e1 asistir con un acompa\u00f1ante al paseo de todo un d\u00eda y tendr\u00e1 la posibilidad de elegir el mes y el d\u00eda del viaje, de acuerdo con la programaci\u00f3n del plan de Viajes Culturales.<\/span><\/p>\n<p><span style=\"font-weight: 400;\">El viaje incluye el traslado (ida y vuelta) desde la explanada del Ministerio de Cultura. Tambi\u00e9n cubre los tickets de ingreso y pago al int\u00e9rprete del patrimonio cultural de Caral. No incluye alimentaci\u00f3n.\u00a0<\/span><\/p>\n<p><span style=\"font-weight: 400;\">Si quieres participar en los <\/span><a href=\"https:\/\/www.zonacaral.gob.pe\/ruta-caral\/viajes-culturales.html\"><span style=\"font-weight: 400;\">Cultural Trips<\/span><\/a><span style=\"font-weight: 400;\"> de la <\/span><a href=\"https:\/\/www.instagram.com\/caralperu\/?hl=es\"><span style=\"font-weight: 400;\">Zona Arqueol\u00f3gica Caral<\/span><\/a><span style=\"font-weight: 400;\">, solicita informaci\u00f3n escribiendo al <\/span><b>WhatsApp: 955 881 340<\/b><span style=\"font-weight: 400;\">.<\/span><\/p>\n<p><strong style=\"font-size: inherit; text-align: justify;\">Fuente: Comunicaci\u00f3n e Imagen Institucional ZAC<\/strong><\/p>\n<\/div>\n<div style=\"color: #1f1f1f;\">\n<div style=\"color: #1f1f1f;\">\n<p style=\"text-align: justify;\">Fecha de publicaci\u00f3n: 16\/05\/2025<\/p>\n<\/div>\n<\/div>\n\n\n<p><\/p>","protected":false},"excerpt":{"rendered":"<p>Alista tu mochila viajera, porque conocer\u00e1s adem\u00e1s otro centro urbano. En el marco del D\u00eda Internacional de los Museos, el [&hellip;]<\/p>\n","protected":false},"author":1,"featured_media":18360,"comment_status":"closed","ping_status":"open","sticky":false,"template":"","format":"standard","meta":{"_acf_changed":false,"site-sidebar-layout":"default","site-content-layout":"","ast-site-content-layout":"default","site-content-style":"default","site-sidebar-style":"default","ast-global-header-display":"","ast-banner-title-visibility":"","ast-main-header-display":"","ast-hfb-above-header-display":"","ast-hfb-below-header-display":"","ast-hfb-mobile-header-display":"","site-post-title":"","ast-breadcrumbs-content":"","ast-featured-img":"","footer-sml-layout":"","ast-disable-related-posts":"","theme-transparent-header-meta":"","adv-header-id-meta":"","stick-header-meta":"","header-above-stick-meta":"","header-main-stick-meta":"","header-below-stick-meta":"","astra-migrate-meta-layouts":"default","ast-page-background-enabled":"default","ast-page-background-meta":{"desktop":{"background-color":"var(--ast-global-color-5)","background-image":"","background-repeat":"repeat","background-position":"center center","background-size":"auto","background-attachment":"scroll","background-type":"","background-media":"","overlay-type":"","overlay-color":"","overlay-opacity":"","overlay-gradient":""},"tablet":{"background-color":"","background-image":"","background-repeat":"repeat","background-position":"center center","background-size":"auto","background-attachment":"scroll","background-type":"","background-media":"","overlay-type":"","overlay-color":"","overlay-opacity":"","overlay-gradient":""},"mobile":{"background-color":"","background-image":"","background-repeat":"repeat","background-position":"center center","background-size":"auto","background-attachment":"scroll","background-type":"","background-media":"","overlay-type":"","overlay-color":"","overlay-opacity":"","overlay-gradient":""}},"ast-content-background-meta":{"desktop":{"background-color":"var(--ast-global-color-4)","background-image":"","background-repeat":"repeat","background-position":"center center","background-size":"auto","background-attachment":"scroll","background-type":"","background-media":"","overlay-type":"","overlay-color":"","overlay-opacity":"","overlay-gradient":""},"tablet":{"background-color":"var(--ast-global-color-4)","background-image":"","background-repeat":"repeat","background-position":"center center","background-size":"auto","background-attachment":"scroll","background-type":"","background-media":"","overlay-type":"","overlay-color":"","overlay-opacity":"","overlay-gradient":""},"mobile":{"background-color":"var(--ast-global-color-4)","background-image":"","background-repeat":"repeat","background-position":"center center","background-size":"auto","background-attachment":"scroll","background-type":"","background-media":"","overlay-type":"","overlay-color":"","overlay-opacity":"","overlay-gradient":""}},"footnotes":""},"categories":[208],"tags":[55,72],"class_list":["post-18359","post","type-post","status-publish","format-standard","has-post-thumbnail","hentry","category-noticias","tag-caral","tag-cultura"],"acf":[],"yoast_head":"<!-- This site is optimized with the Yoast SEO plugin v27.3 - https:\/\/yoast.com\/product\/yoast-seo-wordpress\/ -->\n<title>Gana un paseo a la Ciudad Sagrada de Caral-Supe, Patrimonio Mundial<\/title>\n<meta name=\"description\" content=\"En el marco del D\u00eda Internacional de los Museos, el programa de Viajes Culturales de la Zona Arqueol\u00f3gica Caral, Unidad Ejecutora 003 del Ministerio de Cultura, lanza dos concursos para que los amantes de nuestro patrimonio cultural ganen un paseo \u00fanico a la Ciudad Sagrada de Caral-Supe, Patrimonio Mundial, y a \u00c1spero, ciudad pesquera de la primera civilizaci\u00f3n de Am\u00e9rica.\" \/>\n<meta name=\"robots\" content=\"index, follow, max-snippet:-1, max-image-preview:large, max-video-preview:-1\" \/>\n<link rel=\"canonical\" href=\"https:\/\/zonacaral.gob.pe\/en\/noticias\/gana-un-paseo-a-la-ciudad-sagrada-de-caral-supe-patrimonio-mundial\/\" \/>\n<meta property=\"og:locale\" content=\"en_US\" \/>\n<meta property=\"og:type\" content=\"article\" \/>\n<meta property=\"og:title\" content=\"Gana un paseo a la Ciudad Sagrada de Caral-Supe, Patrimonio Mundial\" \/>\n<meta property=\"og:description\" content=\"En el marco del D\u00eda Internacional de los Museos, el programa de Viajes Culturales de la Zona Arqueol\u00f3gica Caral, Unidad Ejecutora 003 del Ministerio de Cultura, lanza dos concursos para que los amantes de nuestro patrimonio cultural ganen un paseo \u00fanico a la Ciudad Sagrada de Caral-Supe, Patrimonio Mundial, y a \u00c1spero, ciudad pesquera de la primera civilizaci\u00f3n de Am\u00e9rica.\" \/>\n<meta property=\"og:url\" content=\"https:\/\/zonacaral.gob.pe\/en\/noticias\/gana-un-paseo-a-la-ciudad-sagrada-de-caral-supe-patrimonio-mundial\/\" \/>\n<meta property=\"og:site_name\" content=\"Zona Caral\" \/>\n<meta property=\"article:published_time\" content=\"2025-05-16T21:06:34+00:00\" \/>\n<meta property=\"og:image\" content=\"https:\/\/zonacaral.gob.pe\/wp-content\/uploads\/2025\/05\/gana-viaje-1.jpg\" \/>\n\t<meta property=\"og:image:width\" content=\"1500\" \/>\n\t<meta property=\"og:image:height\" content=\"844\" \/>\n\t<meta property=\"og:image:type\" content=\"image\/jpeg\" \/>\n<meta name=\"author\" content=\"Zona Caral Administrador\" \/>\n<meta name=\"twitter:card\" content=\"summary_large_image\" \/>\n<meta name=\"twitter:label1\" content=\"Written by\" \/>\n\t<meta name=\"twitter:data1\" content=\"Zona Caral Administrador\" \/>\n\t<meta name=\"twitter:label2\" content=\"Est. reading time\" \/>\n\t<meta name=\"twitter:data2\" content=\"2 minutes\" \/>\n<script type=\"application\/ld+json\" class=\"yoast-schema-graph\">{\"@context\":\"https:\\\/\\\/schema.org\",\"@graph\":[{\"@type\":\"Article\",\"@id\":\"https:\\\/\\\/zonacaral.gob.pe\\\/es\\\/noticias\\\/gana-un-paseo-a-la-ciudad-sagrada-de-caral-supe-patrimonio-mundial\\\/#article\",\"isPartOf\":{\"@id\":\"https:\\\/\\\/zonacaral.gob.pe\\\/es\\\/noticias\\\/gana-un-paseo-a-la-ciudad-sagrada-de-caral-supe-patrimonio-mundial\\\/\"},\"author\":{\"name\":\"Zona Caral Administrador\",\"@id\":\"https:\\\/\\\/zonacaral.gob.pe\\\/es\\\/#\\\/schema\\\/person\\\/beddb4d22f71a7230c5b90913270a0ee\"},\"headline\":\"Gana un paseo a la Ciudad Sagrada de Caral-Supe, Patrimonio Mundial\",\"datePublished\":\"2025-05-16T21:06:34+00:00\",\"mainEntityOfPage\":{\"@id\":\"https:\\\/\\\/zonacaral.gob.pe\\\/es\\\/noticias\\\/gana-un-paseo-a-la-ciudad-sagrada-de-caral-supe-patrimonio-mundial\\\/\"},\"wordCount\":464,\"image\":{\"@id\":\"https:\\\/\\\/zonacaral.gob.pe\\\/es\\\/noticias\\\/gana-un-paseo-a-la-ciudad-sagrada-de-caral-supe-patrimonio-mundial\\\/#primaryimage\"},\"thumbnailUrl\":\"https:\\\/\\\/zonacaral.gob.pe\\\/wp-content\\\/uploads\\\/2025\\\/05\\\/gana-viaje-1.jpg\",\"keywords\":[\"caral\",\"Cultura\"],\"articleSection\":[\"noticias\"],\"inLanguage\":\"en-US\"},{\"@type\":\"WebPage\",\"@id\":\"https:\\\/\\\/zonacaral.gob.pe\\\/es\\\/noticias\\\/gana-un-paseo-a-la-ciudad-sagrada-de-caral-supe-patrimonio-mundial\\\/\",\"url\":\"https:\\\/\\\/zonacaral.gob.pe\\\/es\\\/noticias\\\/gana-un-paseo-a-la-ciudad-sagrada-de-caral-supe-patrimonio-mundial\\\/\",\"name\":\"Gana un paseo a la Ciudad Sagrada de Caral-Supe, Patrimonio Mundial\",\"isPartOf\":{\"@id\":\"https:\\\/\\\/zonacaral.gob.pe\\\/es\\\/#website\"},\"primaryImageOfPage\":{\"@id\":\"https:\\\/\\\/zonacaral.gob.pe\\\/es\\\/noticias\\\/gana-un-paseo-a-la-ciudad-sagrada-de-caral-supe-patrimonio-mundial\\\/#primaryimage\"},\"image\":{\"@id\":\"https:\\\/\\\/zonacaral.gob.pe\\\/es\\\/noticias\\\/gana-un-paseo-a-la-ciudad-sagrada-de-caral-supe-patrimonio-mundial\\\/#primaryimage\"},\"thumbnailUrl\":\"https:\\\/\\\/zonacaral.gob.pe\\\/wp-content\\\/uploads\\\/2025\\\/05\\\/gana-viaje-1.jpg\",\"datePublished\":\"2025-05-16T21:06:34+00:00\",\"author\":{\"@id\":\"https:\\\/\\\/zonacaral.gob.pe\\\/es\\\/#\\\/schema\\\/person\\\/beddb4d22f71a7230c5b90913270a0ee\"},\"description\":\"En el marco del D\u00eda Internacional de los Museos, el programa de Viajes Culturales de la Zona Arqueol\u00f3gica Caral, Unidad Ejecutora 003 del Ministerio de Cultura, lanza dos concursos para que los amantes de nuestro patrimonio cultural ganen un paseo \u00fanico a la Ciudad Sagrada de Caral-Supe, Patrimonio Mundial, y a \u00c1spero, ciudad pesquera de la primera civilizaci\u00f3n de Am\u00e9rica.\",\"breadcrumb\":{\"@id\":\"https:\\\/\\\/zonacaral.gob.pe\\\/es\\\/noticias\\\/gana-un-paseo-a-la-ciudad-sagrada-de-caral-supe-patrimonio-mundial\\\/#breadcrumb\"},\"inLanguage\":\"en-US\",\"potentialAction\":[{\"@type\":\"ReadAction\",\"target\":[\"https:\\\/\\\/zonacaral.gob.pe\\\/es\\\/noticias\\\/gana-un-paseo-a-la-ciudad-sagrada-de-caral-supe-patrimonio-mundial\\\/\"]}]},{\"@type\":\"ImageObject\",\"inLanguage\":\"en-US\",\"@id\":\"https:\\\/\\\/zonacaral.gob.pe\\\/es\\\/noticias\\\/gana-un-paseo-a-la-ciudad-sagrada-de-caral-supe-patrimonio-mundial\\\/#primaryimage\",\"url\":\"https:\\\/\\\/zonacaral.gob.pe\\\/wp-content\\\/uploads\\\/2025\\\/05\\\/gana-viaje-1.jpg\",\"contentUrl\":\"https:\\\/\\\/zonacaral.gob.pe\\\/wp-content\\\/uploads\\\/2025\\\/05\\\/gana-viaje-1.jpg\",\"width\":1500,\"height\":844},{\"@type\":\"BreadcrumbList\",\"@id\":\"https:\\\/\\\/zonacaral.gob.pe\\\/es\\\/noticias\\\/gana-un-paseo-a-la-ciudad-sagrada-de-caral-supe-patrimonio-mundial\\\/#breadcrumb\",\"itemListElement\":[{\"@type\":\"ListItem\",\"position\":1,\"name\":\"Portada\",\"item\":\"https:\\\/\\\/zonacaral.gob.pe\\\/\"},{\"@type\":\"ListItem\",\"position\":2,\"name\":\"Gana un paseo a la Ciudad Sagrada de Caral-Supe, Patrimonio Mundial\"}]},{\"@type\":\"WebSite\",\"@id\":\"https:\\\/\\\/zonacaral.gob.pe\\\/es\\\/#website\",\"url\":\"https:\\\/\\\/zonacaral.gob.pe\\\/es\\\/\",\"name\":\"Zona Caral\",\"description\":\"Investigamos, conservamos y difundimos el patrimonio cultural de la Civilizaci\u00f3n Caral, la m\u00e1s antigua de Am\u00e9rica.\",\"potentialAction\":[{\"@type\":\"SearchAction\",\"target\":{\"@type\":\"EntryPoint\",\"urlTemplate\":\"https:\\\/\\\/zonacaral.gob.pe\\\/es\\\/?s={search_term_string}\"},\"query-input\":{\"@type\":\"PropertyValueSpecification\",\"valueRequired\":true,\"valueName\":\"search_term_string\"}}],\"inLanguage\":\"en-US\"},{\"@type\":\"Person\",\"@id\":\"https:\\\/\\\/zonacaral.gob.pe\\\/es\\\/#\\\/schema\\\/person\\\/beddb4d22f71a7230c5b90913270a0ee\",\"name\":\"Zona Caral Administrador\",\"image\":{\"@type\":\"ImageObject\",\"inLanguage\":\"en-US\",\"@id\":\"https:\\\/\\\/secure.gravatar.com\\\/avatar\\\/e4be162918a696358376de6446614e0f0f4062bdc5d170d6d540ada3d8b58c12?s=96&d=mm&r=g\",\"url\":\"https:\\\/\\\/secure.gravatar.com\\\/avatar\\\/e4be162918a696358376de6446614e0f0f4062bdc5d170d6d540ada3d8b58c12?s=96&d=mm&r=g\",\"contentUrl\":\"https:\\\/\\\/secure.gravatar.com\\\/avatar\\\/e4be162918a696358376de6446614e0f0f4062bdc5d170d6d540ada3d8b58c12?s=96&d=mm&r=g\",\"caption\":\"Zona Caral Administrador\"},\"sameAs\":[\"https:\\\/\\\/zonacaral.gob.pe\"],\"url\":\"https:\\\/\\\/zonacaral.gob.pe\\\/en\\\/noticias\\\/author\\\/ad_zonacaral\\\/\"}]}<\/script>\n<!-- \/ Yoast SEO plugin. -->","yoast_head_json":{"title":"Gana un paseo a la Ciudad Sagrada de Caral-Supe, Patrimonio Mundial","description":"En el marco del D\u00eda Internacional de los Museos, el programa de Viajes Culturales de la Zona Arqueol\u00f3gica Caral, Unidad Ejecutora 003 del Ministerio de Cultura, lanza dos concursos para que los amantes de nuestro patrimonio cultural ganen un paseo \u00fanico a la Ciudad Sagrada de Caral-Supe, Patrimonio Mundial, y a \u00c1spero, ciudad pesquera de la primera civilizaci\u00f3n de Am\u00e9rica.","robots":{"index":"index","follow":"follow","max-snippet":"max-snippet:-1","max-image-preview":"max-image-preview:large","max-video-preview":"max-video-preview:-1"},"canonical":"https:\/\/zonacaral.gob.pe\/en\/noticias\/gana-un-paseo-a-la-ciudad-sagrada-de-caral-supe-patrimonio-mundial\/","og_locale":"en_US","og_type":"article","og_title":"Gana un paseo a la Ciudad Sagrada de Caral-Supe, Patrimonio Mundial","og_description":"En el marco del D\u00eda Internacional de los Museos, el programa de Viajes Culturales de la Zona Arqueol\u00f3gica Caral, Unidad Ejecutora 003 del Ministerio de Cultura, lanza dos concursos para que los amantes de nuestro patrimonio cultural ganen un paseo \u00fanico a la Ciudad Sagrada de Caral-Supe, Patrimonio Mundial, y a \u00c1spero, ciudad pesquera de la primera civilizaci\u00f3n de Am\u00e9rica.","og_url":"https:\/\/zonacaral.gob.pe\/en\/noticias\/gana-un-paseo-a-la-ciudad-sagrada-de-caral-supe-patrimonio-mundial\/","og_site_name":"Zona Caral","article_published_time":"2025-05-16T21:06:34+00:00","og_image":[{"width":1500,"height":844,"url":"https:\/\/zonacaral.gob.pe\/wp-content\/uploads\/2025\/05\/gana-viaje-1.jpg","type":"image\/jpeg"}],"author":"Zona Caral Administrador","twitter_card":"summary_large_image","twitter_misc":{"Written by":"Zona Caral Administrador","Est. reading time":"2 minutes"},"schema":{"@context":"https:\/\/schema.org","@graph":[{"@type":"Article","@id":"https:\/\/zonacaral.gob.pe\/es\/noticias\/gana-un-paseo-a-la-ciudad-sagrada-de-caral-supe-patrimonio-mundial\/#article","isPartOf":{"@id":"https:\/\/zonacaral.gob.pe\/es\/noticias\/gana-un-paseo-a-la-ciudad-sagrada-de-caral-supe-patrimonio-mundial\/"},"author":{"name":"Zona Caral Administrador","@id":"https:\/\/zonacaral.gob.pe\/es\/#\/schema\/person\/beddb4d22f71a7230c5b90913270a0ee"},"headline":"Gana un paseo a la Ciudad Sagrada de Caral-Supe, Patrimonio Mundial","datePublished":"2025-05-16T21:06:34+00:00","mainEntityOfPage":{"@id":"https:\/\/zonacaral.gob.pe\/es\/noticias\/gana-un-paseo-a-la-ciudad-sagrada-de-caral-supe-patrimonio-mundial\/"},"wordCount":464,"image":{"@id":"https:\/\/zonacaral.gob.pe\/es\/noticias\/gana-un-paseo-a-la-ciudad-sagrada-de-caral-supe-patrimonio-mundial\/#primaryimage"},"thumbnailUrl":"https:\/\/zonacaral.gob.pe\/wp-content\/uploads\/2025\/05\/gana-viaje-1.jpg","keywords":["caral","Cultura"],"articleSection":["noticias"],"inLanguage":"en-US"},{"@type":"WebPage","@id":"https:\/\/zonacaral.gob.pe\/es\/noticias\/gana-un-paseo-a-la-ciudad-sagrada-de-caral-supe-patrimonio-mundial\/","url":"https:\/\/zonacaral.gob.pe\/es\/noticias\/gana-un-paseo-a-la-ciudad-sagrada-de-caral-supe-patrimonio-mundial\/","name":"Gana un paseo a la Ciudad Sagrada de Caral-Supe, Patrimonio Mundial","isPartOf":{"@id":"https:\/\/zonacaral.gob.pe\/es\/#website"},"primaryImageOfPage":{"@id":"https:\/\/zonacaral.gob.pe\/es\/noticias\/gana-un-paseo-a-la-ciudad-sagrada-de-caral-supe-patrimonio-mundial\/#primaryimage"},"image":{"@id":"https:\/\/zonacaral.gob.pe\/es\/noticias\/gana-un-paseo-a-la-ciudad-sagrada-de-caral-supe-patrimonio-mundial\/#primaryimage"},"thumbnailUrl":"https:\/\/zonacaral.gob.pe\/wp-content\/uploads\/2025\/05\/gana-viaje-1.jpg","datePublished":"2025-05-16T21:06:34+00:00","author":{"@id":"https:\/\/zonacaral.gob.pe\/es\/#\/schema\/person\/beddb4d22f71a7230c5b90913270a0ee"},"description":"En el marco del D\u00eda Internacional de los Museos, el programa de Viajes Culturales de la Zona Arqueol\u00f3gica Caral, Unidad Ejecutora 003 del Ministerio de Cultura, lanza dos concursos para que los amantes de nuestro patrimonio cultural ganen un paseo \u00fanico a la Ciudad Sagrada de Caral-Supe, Patrimonio Mundial, y a \u00c1spero, ciudad pesquera de la primera civilizaci\u00f3n de Am\u00e9rica.","breadcrumb":{"@id":"https:\/\/zonacaral.gob.pe\/es\/noticias\/gana-un-paseo-a-la-ciudad-sagrada-de-caral-supe-patrimonio-mundial\/#breadcrumb"},"inLanguage":"en-US","potentialAction":[{"@type":"ReadAction","target":["https:\/\/zonacaral.gob.pe\/es\/noticias\/gana-un-paseo-a-la-ciudad-sagrada-de-caral-supe-patrimonio-mundial\/"]}]},{"@type":"ImageObject","inLanguage":"en-US","@id":"https:\/\/zonacaral.gob.pe\/es\/noticias\/gana-un-paseo-a-la-ciudad-sagrada-de-caral-supe-patrimonio-mundial\/#primaryimage","url":"https:\/\/zonacaral.gob.pe\/wp-content\/uploads\/2025\/05\/gana-viaje-1.jpg","contentUrl":"https:\/\/zonacaral.gob.pe\/wp-content\/uploads\/2025\/05\/gana-viaje-1.jpg","width":1500,"height":844},{"@type":"BreadcrumbList","@id":"https:\/\/zonacaral.gob.pe\/es\/noticias\/gana-un-paseo-a-la-ciudad-sagrada-de-caral-supe-patrimonio-mundial\/#breadcrumb","itemListElement":[{"@type":"ListItem","position":1,"name":"Portada","item":"https:\/\/zonacaral.gob.pe\/"},{"@type":"ListItem","position":2,"name":"Gana un paseo a la Ciudad Sagrada de Caral-Supe, Patrimonio Mundial"}]},{"@type":"WebSite","@id":"https:\/\/zonacaral.gob.pe\/es\/#website","url":"https:\/\/zonacaral.gob.pe\/es\/","name":"Zona Caral","description":"Investigamos, conservamos y difundimos el patrimonio cultural de la Civilizaci\u00f3n Caral, la m\u00e1s antigua de Am\u00e9rica.","potentialAction":[{"@type":"SearchAction","target":{"@type":"EntryPoint","urlTemplate":"https:\/\/zonacaral.gob.pe\/es\/?s={search_term_string}"},"query-input":{"@type":"PropertyValueSpecification","valueRequired":true,"valueName":"search_term_string"}}],"inLanguage":"en-US"},{"@type":"Person","@id":"https:\/\/zonacaral.gob.pe\/es\/#\/schema\/person\/beddb4d22f71a7230c5b90913270a0ee","name":"Zona Caral Administrador","image":{"@type":"ImageObject","inLanguage":"en-US","@id":"https:\/\/secure.gravatar.com\/avatar\/e4be162918a696358376de6446614e0f0f4062bdc5d170d6d540ada3d8b58c12?s=96&d=mm&r=g","url":"https:\/\/secure.gravatar.com\/avatar\/e4be162918a696358376de6446614e0f0f4062bdc5d170d6d540ada3d8b58c12?s=96&d=mm&r=g","contentUrl":"https:\/\/secure.gravatar.com\/avatar\/e4be162918a696358376de6446614e0f0f4062bdc5d170d6d540ada3d8b58c12?s=96&d=mm&r=g","caption":"Zona Caral Administrador"},"sameAs":["https:\/\/zonacaral.gob.pe"],"url":"https:\/\/zonacaral.gob.pe\/en\/noticias\/author\/ad_zonacaral\/"}]}},"_links":{"self":[{"href":"https:\/\/zonacaral.gob.pe\/en\/wp-json\/wp\/v2\/posts\/18359","targetHints":{"allow":["GET"]}}],"collection":[{"href":"https:\/\/zonacaral.gob.pe\/en\/wp-json\/wp\/v2\/posts"}],"about":[{"href":"https:\/\/zonacaral.gob.pe\/en\/wp-json\/wp\/v2\/types\/post"}],"author":[{"embeddable":true,"href":"https:\/\/zonacaral.gob.pe\/en\/wp-json\/wp\/v2\/users\/1"}],"replies":[{"embeddable":true,"href":"https:\/\/zonacaral.gob.pe\/en\/wp-json\/wp\/v2\/comments?post=18359"}],"version-history":[{"count":0,"href":"https:\/\/zonacaral.gob.pe\/en\/wp-json\/wp\/v2\/posts\/18359\/revisions"}],"wp:featuredmedia":[{"embeddable":true,"href":"https:\/\/zonacaral.gob.pe\/en\/wp-json\/wp\/v2\/media\/18360"}],"wp:attachment":[{"href":"https:\/\/zonacaral.gob.pe\/en\/wp-json\/wp\/v2\/media?parent=18359"}],"wp:term":[{"taxonomy":"category","embeddable":true,"href":"https:\/\/zonacaral.gob.pe\/en\/wp-json\/wp\/v2\/categories?post=18359"},{"taxonomy":"post_tag","embeddable":true,"href":"https:\/\/zonacaral.gob.pe\/en\/wp-json\/wp\/v2\/tags?post=18359"}],"curies":[{"name":"wp","href":"https:\/\/api.w.org\/{rel}","templated":true}]}}