{"id":18363,"date":"2025-05-16T16:24:05","date_gmt":"2025-05-16T21:24:05","guid":{"rendered":"https:\/\/www.zonacaral.gob.pe\/?p=18363"},"modified":"2025-05-16T16:24:05","modified_gmt":"2025-05-16T21:24:05","slug":"caral-estara-en-la-feria-internacional-de-museos-lima-2025","status":"publish","type":"post","link":"https:\/\/zonacaral.gob.pe\/en\/noticias\/caral-estara-en-la-feria-internacional-de-museos-lima-2025\/","title":{"rendered":"CARAL estar\u00e1 en la Feria Internacional de Museos Lima 2025"},"content":{"rendered":"<figure class=\"pic-autor\" style=\"color: #4d4d4d; text-align: justify;\"><\/figure>\n<div class=\"gmail_default\" style=\"text-align: justify;\">\n<blockquote>\n<p><span style=\"font-weight: 400;\">\u00a0Transmitimos cultura a toda la familia. <\/span><\/p>\n<\/blockquote>\n<p><span style=\"font-weight: 400;\">El 17 y 18 de mayo la <\/span><a href=\"https:\/\/www.instagram.com\/caralperu\/?hl=es\"><span style=\"font-weight: 400;\">Zona Arqueol\u00f3gica Caral<\/span><\/a><span style=\"font-weight: 400;\">, Unidad Ejecutora 003 del Ministerio de Cultura, participar\u00e1 en la <\/span><b>XXIII Feria Internacional de Museos de Lima 2025<\/b><span style=\"font-weight: 400;\">, a realizarse en la Alameda 28 de Julio del Centro Hist\u00f3rico de Lima (ubicada entre la Embajada de Argentina y el Museo Metropolitano de Lima y\/o entre la Av. Arequipa y la Av. Petit Thouars).<\/span><\/p>\n<p><span style=\"font-weight: 400;\">En este lugar, de 9:00 a. m. a 6:00 p. m., brindaremos informaci\u00f3n sobre las bondades de la <\/span><a href=\"https:\/\/zonacaral.gob.pe\/en\/ruta-caral\/\"><span style=\"font-weight: 400;\">Caral Route<\/span><\/a><span style=\"font-weight: 400;\">, el programa de <\/span><a href=\"https:\/\/www.zonacaral.gob.pe\/ruta-caral\/viajes-culturales.html\"><span style=\"font-weight: 400;\">Cultural Trips<\/span><\/a><span style=\"font-weight: 400;\"> y los Museos Comunitarios de <\/span><a href=\"https:\/\/www.zonacaral.gob.pe\/ruta-caral\/MC-supe.html\"><span style=\"font-weight: 400;\">Supe<\/span><\/a><span style=\"font-weight: 400;\"> y de <\/span><a href=\"https:\/\/www.zonacaral.gob.pe\/ruta-caral\/MC-vegueta.html\"><span style=\"font-weight: 400;\">V\u00e9gueta<\/span><\/a><span style=\"font-weight: 400;\">, en los que podemos conocer las evidencias arqueol\u00f3gicas que demuestran la producci\u00f3n de conocimientos en ciencia y tecnolog\u00eda realizada por los antiguos habitantes de Caral, hace cinco mil a\u00f1os.\u00a0<\/span><\/p>\n<p><span style=\"font-weight: 400;\">Asimismo, las personas que visiten nuestro stand, podr\u00e1n recorrer de manera virtual uno de los edificios monumentales de la Civilizaci\u00f3n Caral, ser testigos del ritual m\u00e1s importante de esta milenaria sociedad, conocer a sus autoridades y a su poblaci\u00f3n y, tambi\u00e9n, lograr\u00e1n interactuar en la virtualidad con las piezas arqueol\u00f3gicas halladas en los diferentes centros urbanos de este primer foco civilizatorio de Am\u00e9rica.\u00a0<\/span><\/p>\n<p><span style=\"font-weight: 400;\">Cabe destacar que este evento es organizado por la Municipalidad de Lima Metropolitana, con la colaboraci\u00f3n de la Red de Museos del Centro Hist\u00f3rico de Lima y el aval institucional del Consejo Internacional de Museo \u2013 ICOM. En el evento asistir\u00e1n alrededor de 33 museos ubicados en el Centro Hist\u00f3rico de Lima, adem\u00e1s de museos invitados de Lima, Callao, Arequipa y Lambayeque, y por primera vez estar\u00e1n presentes las embajadas de <\/span><span style=\"font-weight: 400;\">Austria, Bolivia, Estados Unidos, Guatemala, Jap\u00f3n, India, Ruman\u00eda y Rusia <\/span><span style=\"font-weight: 400;\">quienes brindan al p\u00fablico informaci\u00f3n de las actividades culturales, educativas, identitarias y tur\u00edsticas que brindan.\u00a0<\/span><\/p>\n<p><b>Exposiciones museogr\u00e1ficas paralelas\u00a0<\/b><\/p>\n<p><span style=\"font-weight: 400;\">Asimismo, para conmemorar el D\u00eda Internacional de los Museos, la <\/span><a href=\"https:\/\/www.facebook.com\/CARALPERU\/?locale=es_LA\"><span style=\"font-weight: 400;\">Zona Arqueol\u00f3gica Caral<\/span><\/a><span style=\"font-weight: 400;\">, invita a la poblaci\u00f3n a visitar las exposiciones museogr\u00e1ficas en el Ministerio de Cultura. Una de ellas es la muestra <\/span><b>\u00abTecnolog\u00eda Pesquera y Seguridad Alimentaria para Combatir la Anemia\u00bb<\/b><span style=\"font-weight: 400;\">, que se presenta de manera gratuita en la sala Paracas del Ministerio de Cultura, desde el 24 de abril hasta el 5 de junio de 2025.\u00a0<\/span><\/p>\n<p><span style=\"font-weight: 400;\">La otra exposici\u00f3n es sobre los <\/span><b>Centros Urbanos de la Civilizaci\u00f3n Caral<\/b><span style=\"font-weight: 400;\">, que se encuentra, hasta fin de mes de mayo, en la sala Mochica.<\/span><\/p>\n<p><b>Gana un viaje a Caral<\/b><span style=\"font-weight: 400;\">\u00a0<\/span><\/p>\n<p><span style=\"font-weight: 400;\">Adem\u00e1s, sumado a estas actividades, las personas que lleguen a visitar la exposici\u00f3n en la sala Paracas, podr\u00e1n participar de un viaje gratis a los centros urbanos Ciudad Sagrada de Caral-Supe, Patrimonio Mundial; y a \u00c1spero, ciudad pesquera de Caral (promoci\u00f3n disponible hasta el 5 de junio, el ganador se dar\u00e1 a conocer el 5 de junio).<\/span><\/p>\n<p><strong style=\"font-size: inherit; text-align: justify;\">Fuente: Comunicaci\u00f3n e Imagen Institucional ZAC<\/strong><\/p>\n<\/div>\n<div style=\"color: #1f1f1f;\">\n<div style=\"color: #1f1f1f;\">\n<p style=\"text-align: justify;\">Fecha de publicaci\u00f3n: 16\/05\/2025<\/p>\n<\/div>\n<\/div>\n\n\n<p><\/p>","protected":false},"excerpt":{"rendered":"<p>\u00a0Transmitimos cultura a toda la familia. El 17 y 18 de mayo la Zona Arqueol\u00f3gica Caral, Unidad Ejecutora 003 del [&hellip;]<\/p>\n","protected":false},"author":1,"featured_media":18366,"comment_status":"closed","ping_status":"open","sticky":false,"template":"","format":"standard","meta":{"_acf_changed":false,"site-sidebar-layout":"default","site-content-layout":"","ast-site-content-layout":"default","site-content-style":"default","site-sidebar-style":"default","ast-global-header-display":"","ast-banner-title-visibility":"","ast-main-header-display":"","ast-hfb-above-header-display":"","ast-hfb-below-header-display":"","ast-hfb-mobile-header-display":"","site-post-title":"","ast-breadcrumbs-content":"","ast-featured-img":"","footer-sml-layout":"","ast-disable-related-posts":"","theme-transparent-header-meta":"","adv-header-id-meta":"","stick-header-meta":"","header-above-stick-meta":"","header-main-stick-meta":"","header-below-stick-meta":"","astra-migrate-meta-layouts":"default","ast-page-background-enabled":"default","ast-page-background-meta":{"desktop":{"background-color":"var(--ast-global-color-5)","background-image":"","background-repeat":"repeat","background-position":"center center","background-size":"auto","background-attachment":"scroll","background-type":"","background-media":"","overlay-type":"","overlay-color":"","overlay-opacity":"","overlay-gradient":""},"tablet":{"background-color":"","background-image":"","background-repeat":"repeat","background-position":"center center","background-size":"auto","background-attachment":"scroll","background-type":"","background-media":"","overlay-type":"","overlay-color":"","overlay-opacity":"","overlay-gradient":""},"mobile":{"background-color":"","background-image":"","background-repeat":"repeat","background-position":"center center","background-size":"auto","background-attachment":"scroll","background-type":"","background-media":"","overlay-type":"","overlay-color":"","overlay-opacity":"","overlay-gradient":""}},"ast-content-background-meta":{"desktop":{"background-color":"var(--ast-global-color-4)","background-image":"","background-repeat":"repeat","background-position":"center center","background-size":"auto","background-attachment":"scroll","background-type":"","background-media":"","overlay-type":"","overlay-color":"","overlay-opacity":"","overlay-gradient":""},"tablet":{"background-color":"var(--ast-global-color-4)","background-image":"","background-repeat":"repeat","background-position":"center center","background-size":"auto","background-attachment":"scroll","background-type":"","background-media":"","overlay-type":"","overlay-color":"","overlay-opacity":"","overlay-gradient":""},"mobile":{"background-color":"var(--ast-global-color-4)","background-image":"","background-repeat":"repeat","background-position":"center center","background-size":"auto","background-attachment":"scroll","background-type":"","background-media":"","overlay-type":"","overlay-color":"","overlay-opacity":"","overlay-gradient":""}},"footnotes":""},"categories":[208],"tags":[55,72],"class_list":["post-18363","post","type-post","status-publish","format-standard","has-post-thumbnail","hentry","category-noticias","tag-caral","tag-cultura"],"acf":[],"yoast_head":"<!-- This site is optimized with the Yoast SEO plugin v27.3 - https:\/\/yoast.com\/product\/yoast-seo-wordpress\/ -->\n<title>Gana un paseo a la Ciudad Sagrada de Caral-Supe, Patrimonio Mundial<\/title>\n<meta name=\"description\" content=\"En el marco del D\u00eda Internacional de los Museos, el programa de Viajes Culturales de la Zona Arqueol\u00f3gica Caral, Unidad Ejecutora 003 del Ministerio de Cultura, lanza dos concursos para que los amantes de nuestro patrimonio cultural ganen un paseo \u00fanico a la Ciudad Sagrada de Caral-Supe, Patrimonio Mundial, y a \u00c1spero, ciudad pesquera de la primera civilizaci\u00f3n de Am\u00e9rica.\" \/>\n<meta name=\"robots\" content=\"index, follow, max-snippet:-1, max-image-preview:large, max-video-preview:-1\" \/>\n<link rel=\"canonical\" href=\"https:\/\/zonacaral.gob.pe\/en\/noticias\/caral-estara-en-la-feria-internacional-de-museos-lima-2025\/\" \/>\n<meta property=\"og:locale\" content=\"en_US\" \/>\n<meta property=\"og:type\" content=\"article\" \/>\n<meta property=\"og:title\" content=\"Gana un paseo a la Ciudad Sagrada de Caral-Supe, Patrimonio Mundial\" \/>\n<meta property=\"og:description\" content=\"En el marco del D\u00eda Internacional de los Museos, el programa de Viajes Culturales de la Zona Arqueol\u00f3gica Caral, Unidad Ejecutora 003 del Ministerio de Cultura, lanza dos concursos para que los amantes de nuestro patrimonio cultural ganen un paseo \u00fanico a la Ciudad Sagrada de Caral-Supe, Patrimonio Mundial, y a \u00c1spero, ciudad pesquera de la primera civilizaci\u00f3n de Am\u00e9rica.\" \/>\n<meta property=\"og:url\" content=\"https:\/\/zonacaral.gob.pe\/en\/noticias\/caral-estara-en-la-feria-internacional-de-museos-lima-2025\/\" \/>\n<meta property=\"og:site_name\" content=\"Zona Caral\" \/>\n<meta property=\"article:published_time\" content=\"2025-05-16T21:24:05+00:00\" \/>\n<meta property=\"og:image\" content=\"https:\/\/zonacaral.gob.pe\/wp-content\/uploads\/2025\/05\/feria.jpg\" \/>\n\t<meta property=\"og:image:width\" content=\"1920\" \/>\n\t<meta property=\"og:image:height\" content=\"1080\" \/>\n\t<meta property=\"og:image:type\" content=\"image\/jpeg\" \/>\n<meta name=\"author\" content=\"Zona Caral Administrador\" \/>\n<meta name=\"twitter:card\" content=\"summary_large_image\" \/>\n<meta name=\"twitter:label1\" content=\"Written by\" \/>\n\t<meta name=\"twitter:data1\" content=\"Zona Caral Administrador\" \/>\n\t<meta name=\"twitter:label2\" content=\"Est. reading time\" \/>\n\t<meta name=\"twitter:data2\" content=\"2 minutes\" \/>\n<script type=\"application\/ld+json\" class=\"yoast-schema-graph\">{\"@context\":\"https:\\\/\\\/schema.org\",\"@graph\":[{\"@type\":\"Article\",\"@id\":\"https:\\\/\\\/zonacaral.gob.pe\\\/es\\\/noticias\\\/caral-estara-en-la-feria-internacional-de-museos-lima-2025\\\/#article\",\"isPartOf\":{\"@id\":\"https:\\\/\\\/zonacaral.gob.pe\\\/es\\\/noticias\\\/caral-estara-en-la-feria-internacional-de-museos-lima-2025\\\/\"},\"author\":{\"name\":\"Zona Caral Administrador\",\"@id\":\"https:\\\/\\\/zonacaral.gob.pe\\\/es\\\/#\\\/schema\\\/person\\\/beddb4d22f71a7230c5b90913270a0ee\"},\"headline\":\"CARAL estar\u00e1 en la Feria Internacional de Museos Lima 2025\",\"datePublished\":\"2025-05-16T21:24:05+00:00\",\"mainEntityOfPage\":{\"@id\":\"https:\\\/\\\/zonacaral.gob.pe\\\/es\\\/noticias\\\/caral-estara-en-la-feria-internacional-de-museos-lima-2025\\\/\"},\"wordCount\":495,\"image\":{\"@id\":\"https:\\\/\\\/zonacaral.gob.pe\\\/es\\\/noticias\\\/caral-estara-en-la-feria-internacional-de-museos-lima-2025\\\/#primaryimage\"},\"thumbnailUrl\":\"https:\\\/\\\/zonacaral.gob.pe\\\/wp-content\\\/uploads\\\/2025\\\/05\\\/feria.jpg\",\"keywords\":[\"caral\",\"Cultura\"],\"articleSection\":[\"noticias\"],\"inLanguage\":\"en-US\"},{\"@type\":\"WebPage\",\"@id\":\"https:\\\/\\\/zonacaral.gob.pe\\\/es\\\/noticias\\\/caral-estara-en-la-feria-internacional-de-museos-lima-2025\\\/\",\"url\":\"https:\\\/\\\/zonacaral.gob.pe\\\/es\\\/noticias\\\/caral-estara-en-la-feria-internacional-de-museos-lima-2025\\\/\",\"name\":\"Gana un paseo a la Ciudad Sagrada de Caral-Supe, Patrimonio Mundial\",\"isPartOf\":{\"@id\":\"https:\\\/\\\/zonacaral.gob.pe\\\/es\\\/#website\"},\"primaryImageOfPage\":{\"@id\":\"https:\\\/\\\/zonacaral.gob.pe\\\/es\\\/noticias\\\/caral-estara-en-la-feria-internacional-de-museos-lima-2025\\\/#primaryimage\"},\"image\":{\"@id\":\"https:\\\/\\\/zonacaral.gob.pe\\\/es\\\/noticias\\\/caral-estara-en-la-feria-internacional-de-museos-lima-2025\\\/#primaryimage\"},\"thumbnailUrl\":\"https:\\\/\\\/zonacaral.gob.pe\\\/wp-content\\\/uploads\\\/2025\\\/05\\\/feria.jpg\",\"datePublished\":\"2025-05-16T21:24:05+00:00\",\"author\":{\"@id\":\"https:\\\/\\\/zonacaral.gob.pe\\\/es\\\/#\\\/schema\\\/person\\\/beddb4d22f71a7230c5b90913270a0ee\"},\"description\":\"En el marco del D\u00eda Internacional de los Museos, el programa de Viajes Culturales de la Zona Arqueol\u00f3gica Caral, Unidad Ejecutora 003 del Ministerio de Cultura, lanza dos concursos para que los amantes de nuestro patrimonio cultural ganen un paseo \u00fanico a la Ciudad Sagrada de Caral-Supe, Patrimonio Mundial, y a \u00c1spero, ciudad pesquera de la primera civilizaci\u00f3n de Am\u00e9rica.\",\"breadcrumb\":{\"@id\":\"https:\\\/\\\/zonacaral.gob.pe\\\/es\\\/noticias\\\/caral-estara-en-la-feria-internacional-de-museos-lima-2025\\\/#breadcrumb\"},\"inLanguage\":\"en-US\",\"potentialAction\":[{\"@type\":\"ReadAction\",\"target\":[\"https:\\\/\\\/zonacaral.gob.pe\\\/es\\\/noticias\\\/caral-estara-en-la-feria-internacional-de-museos-lima-2025\\\/\"]}]},{\"@type\":\"ImageObject\",\"inLanguage\":\"en-US\",\"@id\":\"https:\\\/\\\/zonacaral.gob.pe\\\/es\\\/noticias\\\/caral-estara-en-la-feria-internacional-de-museos-lima-2025\\\/#primaryimage\",\"url\":\"https:\\\/\\\/zonacaral.gob.pe\\\/wp-content\\\/uploads\\\/2025\\\/05\\\/feria.jpg\",\"contentUrl\":\"https:\\\/\\\/zonacaral.gob.pe\\\/wp-content\\\/uploads\\\/2025\\\/05\\\/feria.jpg\",\"width\":1920,\"height\":1080},{\"@type\":\"BreadcrumbList\",\"@id\":\"https:\\\/\\\/zonacaral.gob.pe\\\/es\\\/noticias\\\/caral-estara-en-la-feria-internacional-de-museos-lima-2025\\\/#breadcrumb\",\"itemListElement\":[{\"@type\":\"ListItem\",\"position\":1,\"name\":\"Portada\",\"item\":\"https:\\\/\\\/zonacaral.gob.pe\\\/\"},{\"@type\":\"ListItem\",\"position\":2,\"name\":\"CARAL estar\u00e1 en la Feria Internacional de Museos Lima 2025\"}]},{\"@type\":\"WebSite\",\"@id\":\"https:\\\/\\\/zonacaral.gob.pe\\\/es\\\/#website\",\"url\":\"https:\\\/\\\/zonacaral.gob.pe\\\/es\\\/\",\"name\":\"Zona Caral\",\"description\":\"Investigamos, conservamos y difundimos el patrimonio cultural de la Civilizaci\u00f3n Caral, la m\u00e1s antigua de Am\u00e9rica.\",\"potentialAction\":[{\"@type\":\"SearchAction\",\"target\":{\"@type\":\"EntryPoint\",\"urlTemplate\":\"https:\\\/\\\/zonacaral.gob.pe\\\/es\\\/?s={search_term_string}\"},\"query-input\":{\"@type\":\"PropertyValueSpecification\",\"valueRequired\":true,\"valueName\":\"search_term_string\"}}],\"inLanguage\":\"en-US\"},{\"@type\":\"Person\",\"@id\":\"https:\\\/\\\/zonacaral.gob.pe\\\/es\\\/#\\\/schema\\\/person\\\/beddb4d22f71a7230c5b90913270a0ee\",\"name\":\"Zona Caral Administrador\",\"image\":{\"@type\":\"ImageObject\",\"inLanguage\":\"en-US\",\"@id\":\"https:\\\/\\\/secure.gravatar.com\\\/avatar\\\/e4be162918a696358376de6446614e0f0f4062bdc5d170d6d540ada3d8b58c12?s=96&d=mm&r=g\",\"url\":\"https:\\\/\\\/secure.gravatar.com\\\/avatar\\\/e4be162918a696358376de6446614e0f0f4062bdc5d170d6d540ada3d8b58c12?s=96&d=mm&r=g\",\"contentUrl\":\"https:\\\/\\\/secure.gravatar.com\\\/avatar\\\/e4be162918a696358376de6446614e0f0f4062bdc5d170d6d540ada3d8b58c12?s=96&d=mm&r=g\",\"caption\":\"Zona Caral Administrador\"},\"sameAs\":[\"https:\\\/\\\/zonacaral.gob.pe\"],\"url\":\"https:\\\/\\\/zonacaral.gob.pe\\\/en\\\/noticias\\\/author\\\/ad_zonacaral\\\/\"}]}<\/script>\n<!-- \/ Yoast SEO plugin. -->","yoast_head_json":{"title":"Gana un paseo a la Ciudad Sagrada de Caral-Supe, Patrimonio Mundial","description":"En el marco del D\u00eda Internacional de los Museos, el programa de Viajes Culturales de la Zona Arqueol\u00f3gica Caral, Unidad Ejecutora 003 del Ministerio de Cultura, lanza dos concursos para que los amantes de nuestro patrimonio cultural ganen un paseo \u00fanico a la Ciudad Sagrada de Caral-Supe, Patrimonio Mundial, y a \u00c1spero, ciudad pesquera de la primera civilizaci\u00f3n de Am\u00e9rica.","robots":{"index":"index","follow":"follow","max-snippet":"max-snippet:-1","max-image-preview":"max-image-preview:large","max-video-preview":"max-video-preview:-1"},"canonical":"https:\/\/zonacaral.gob.pe\/en\/noticias\/caral-estara-en-la-feria-internacional-de-museos-lima-2025\/","og_locale":"en_US","og_type":"article","og_title":"Gana un paseo a la Ciudad Sagrada de Caral-Supe, Patrimonio Mundial","og_description":"En el marco del D\u00eda Internacional de los Museos, el programa de Viajes Culturales de la Zona Arqueol\u00f3gica Caral, Unidad Ejecutora 003 del Ministerio de Cultura, lanza dos concursos para que los amantes de nuestro patrimonio cultural ganen un paseo \u00fanico a la Ciudad Sagrada de Caral-Supe, Patrimonio Mundial, y a \u00c1spero, ciudad pesquera de la primera civilizaci\u00f3n de Am\u00e9rica.","og_url":"https:\/\/zonacaral.gob.pe\/en\/noticias\/caral-estara-en-la-feria-internacional-de-museos-lima-2025\/","og_site_name":"Zona Caral","article_published_time":"2025-05-16T21:24:05+00:00","og_image":[{"width":1920,"height":1080,"url":"https:\/\/zonacaral.gob.pe\/wp-content\/uploads\/2025\/05\/feria.jpg","type":"image\/jpeg"}],"author":"Zona Caral Administrador","twitter_card":"summary_large_image","twitter_misc":{"Written by":"Zona Caral Administrador","Est. reading time":"2 minutes"},"schema":{"@context":"https:\/\/schema.org","@graph":[{"@type":"Article","@id":"https:\/\/zonacaral.gob.pe\/es\/noticias\/caral-estara-en-la-feria-internacional-de-museos-lima-2025\/#article","isPartOf":{"@id":"https:\/\/zonacaral.gob.pe\/es\/noticias\/caral-estara-en-la-feria-internacional-de-museos-lima-2025\/"},"author":{"name":"Zona Caral Administrador","@id":"https:\/\/zonacaral.gob.pe\/es\/#\/schema\/person\/beddb4d22f71a7230c5b90913270a0ee"},"headline":"CARAL estar\u00e1 en la Feria Internacional de Museos Lima 2025","datePublished":"2025-05-16T21:24:05+00:00","mainEntityOfPage":{"@id":"https:\/\/zonacaral.gob.pe\/es\/noticias\/caral-estara-en-la-feria-internacional-de-museos-lima-2025\/"},"wordCount":495,"image":{"@id":"https:\/\/zonacaral.gob.pe\/es\/noticias\/caral-estara-en-la-feria-internacional-de-museos-lima-2025\/#primaryimage"},"thumbnailUrl":"https:\/\/zonacaral.gob.pe\/wp-content\/uploads\/2025\/05\/feria.jpg","keywords":["caral","Cultura"],"articleSection":["noticias"],"inLanguage":"en-US"},{"@type":"WebPage","@id":"https:\/\/zonacaral.gob.pe\/es\/noticias\/caral-estara-en-la-feria-internacional-de-museos-lima-2025\/","url":"https:\/\/zonacaral.gob.pe\/es\/noticias\/caral-estara-en-la-feria-internacional-de-museos-lima-2025\/","name":"Gana un paseo a la Ciudad Sagrada de Caral-Supe, Patrimonio Mundial","isPartOf":{"@id":"https:\/\/zonacaral.gob.pe\/es\/#website"},"primaryImageOfPage":{"@id":"https:\/\/zonacaral.gob.pe\/es\/noticias\/caral-estara-en-la-feria-internacional-de-museos-lima-2025\/#primaryimage"},"image":{"@id":"https:\/\/zonacaral.gob.pe\/es\/noticias\/caral-estara-en-la-feria-internacional-de-museos-lima-2025\/#primaryimage"},"thumbnailUrl":"https:\/\/zonacaral.gob.pe\/wp-content\/uploads\/2025\/05\/feria.jpg","datePublished":"2025-05-16T21:24:05+00:00","author":{"@id":"https:\/\/zonacaral.gob.pe\/es\/#\/schema\/person\/beddb4d22f71a7230c5b90913270a0ee"},"description":"En el marco del D\u00eda Internacional de los Museos, el programa de Viajes Culturales de la Zona Arqueol\u00f3gica Caral, Unidad Ejecutora 003 del Ministerio de Cultura, lanza dos concursos para que los amantes de nuestro patrimonio cultural ganen un paseo \u00fanico a la Ciudad Sagrada de Caral-Supe, Patrimonio Mundial, y a \u00c1spero, ciudad pesquera de la primera civilizaci\u00f3n de Am\u00e9rica.","breadcrumb":{"@id":"https:\/\/zonacaral.gob.pe\/es\/noticias\/caral-estara-en-la-feria-internacional-de-museos-lima-2025\/#breadcrumb"},"inLanguage":"en-US","potentialAction":[{"@type":"ReadAction","target":["https:\/\/zonacaral.gob.pe\/es\/noticias\/caral-estara-en-la-feria-internacional-de-museos-lima-2025\/"]}]},{"@type":"ImageObject","inLanguage":"en-US","@id":"https:\/\/zonacaral.gob.pe\/es\/noticias\/caral-estara-en-la-feria-internacional-de-museos-lima-2025\/#primaryimage","url":"https:\/\/zonacaral.gob.pe\/wp-content\/uploads\/2025\/05\/feria.jpg","contentUrl":"https:\/\/zonacaral.gob.pe\/wp-content\/uploads\/2025\/05\/feria.jpg","width":1920,"height":1080},{"@type":"BreadcrumbList","@id":"https:\/\/zonacaral.gob.pe\/es\/noticias\/caral-estara-en-la-feria-internacional-de-museos-lima-2025\/#breadcrumb","itemListElement":[{"@type":"ListItem","position":1,"name":"Portada","item":"https:\/\/zonacaral.gob.pe\/"},{"@type":"ListItem","position":2,"name":"CARAL estar\u00e1 en la Feria Internacional de Museos Lima 2025"}]},{"@type":"WebSite","@id":"https:\/\/zonacaral.gob.pe\/es\/#website","url":"https:\/\/zonacaral.gob.pe\/es\/","name":"Zona Caral","description":"Investigamos, conservamos y difundimos el patrimonio cultural de la Civilizaci\u00f3n Caral, la m\u00e1s antigua de Am\u00e9rica.","potentialAction":[{"@type":"SearchAction","target":{"@type":"EntryPoint","urlTemplate":"https:\/\/zonacaral.gob.pe\/es\/?s={search_term_string}"},"query-input":{"@type":"PropertyValueSpecification","valueRequired":true,"valueName":"search_term_string"}}],"inLanguage":"en-US"},{"@type":"Person","@id":"https:\/\/zonacaral.gob.pe\/es\/#\/schema\/person\/beddb4d22f71a7230c5b90913270a0ee","name":"Zona Caral Administrador","image":{"@type":"ImageObject","inLanguage":"en-US","@id":"https:\/\/secure.gravatar.com\/avatar\/e4be162918a696358376de6446614e0f0f4062bdc5d170d6d540ada3d8b58c12?s=96&d=mm&r=g","url":"https:\/\/secure.gravatar.com\/avatar\/e4be162918a696358376de6446614e0f0f4062bdc5d170d6d540ada3d8b58c12?s=96&d=mm&r=g","contentUrl":"https:\/\/secure.gravatar.com\/avatar\/e4be162918a696358376de6446614e0f0f4062bdc5d170d6d540ada3d8b58c12?s=96&d=mm&r=g","caption":"Zona Caral Administrador"},"sameAs":["https:\/\/zonacaral.gob.pe"],"url":"https:\/\/zonacaral.gob.pe\/en\/noticias\/author\/ad_zonacaral\/"}]}},"_links":{"self":[{"href":"https:\/\/zonacaral.gob.pe\/en\/wp-json\/wp\/v2\/posts\/18363","targetHints":{"allow":["GET"]}}],"collection":[{"href":"https:\/\/zonacaral.gob.pe\/en\/wp-json\/wp\/v2\/posts"}],"about":[{"href":"https:\/\/zonacaral.gob.pe\/en\/wp-json\/wp\/v2\/types\/post"}],"author":[{"embeddable":true,"href":"https:\/\/zonacaral.gob.pe\/en\/wp-json\/wp\/v2\/users\/1"}],"replies":[{"embeddable":true,"href":"https:\/\/zonacaral.gob.pe\/en\/wp-json\/wp\/v2\/comments?post=18363"}],"version-history":[{"count":0,"href":"https:\/\/zonacaral.gob.pe\/en\/wp-json\/wp\/v2\/posts\/18363\/revisions"}],"wp:featuredmedia":[{"embeddable":true,"href":"https:\/\/zonacaral.gob.pe\/en\/wp-json\/wp\/v2\/media\/18366"}],"wp:attachment":[{"href":"https:\/\/zonacaral.gob.pe\/en\/wp-json\/wp\/v2\/media?parent=18363"}],"wp:term":[{"taxonomy":"category","embeddable":true,"href":"https:\/\/zonacaral.gob.pe\/en\/wp-json\/wp\/v2\/categories?post=18363"},{"taxonomy":"post_tag","embeddable":true,"href":"https:\/\/zonacaral.gob.pe\/en\/wp-json\/wp\/v2\/tags?post=18363"}],"curies":[{"name":"wp","href":"https:\/\/api.w.org\/{rel}","templated":true}]}}