{"id":18385,"date":"2025-05-27T16:38:49","date_gmt":"2025-05-27T21:38:49","guid":{"rendered":"https:\/\/www.zonacaral.gob.pe\/?p=18385"},"modified":"2025-05-27T16:38:49","modified_gmt":"2025-05-27T21:38:49","slug":"sello-de-caral-mas-de-80-personas-se-caralizaron-en-nuestro-ultimo-taller","status":"publish","type":"post","link":"https:\/\/zonacaral.gob.pe\/en\/noticias\/sello-de-caral-mas-de-80-personas-se-caralizaron-en-nuestro-ultimo-taller\/","title":{"rendered":"SELLO DE CARAL: M\u00e1s de 80 personas se \u201ccaralizaron\u201d en nuestro \u00faltimo taller"},"content":{"rendered":"<figure class=\"pic-autor\" style=\"color: #4d4d4d; text-align: justify;\"><\/figure>\n<div class=\"gmail_default\" style=\"text-align: justify;\">\n<blockquote>\n<p><span style=\"font-weight: 400;\">Fortalecemos la identidad cultural.<\/span><\/p>\n<\/blockquote>\n<p><span style=\"font-weight: 400;\">A sala llena. El viernes, 23 de mayo, realizamos nuestro taller titulado \u00abArte y mar: estampado sobre la fauna marina en Caral\u00bb, con la participaci\u00f3n entusiasta de m\u00e1s de 80 participantes que demostraron sus habilidades art\u00edsticas y su amor por nuestro patrimonio cultural, creando hermosos dise\u00f1os.<\/span><\/p>\n<p><span style=\"font-weight: 400;\">Ni\u00f1os, j\u00f3venes y adultos, se mancharon las manos de colores y estamparon sus polos con dise\u00f1os inspirados en Caral, la civilizaci\u00f3n m\u00e1s antigua de Am\u00e9rica: olas, peces como la anchoveta, y s\u00edmbolos que nos conectaron con \u00c1spero, la antigua ciudad pesquera de esta civilizaci\u00f3n milenaria.<\/span><\/p>\n<p><span style=\"font-weight: 400;\">El taller estuvo acompa\u00f1ado por las servidoras de la <\/span><a href=\"https:\/\/www.instagram.com\/caralperu\/?hl=es\"><span style=\"font-weight: 400;\">Zona Arqueol\u00f3gica Caral<\/span><\/a><span style=\"font-weight: 400;\">, Unidad Ejecutora 003 del Ministerio de Cultura, Mariela Crespo y Karolina Rayme, quienes compartieron la historia del desarrollo de la civilizaci\u00f3n Caral y; en especial, de \u00c1spero como parte fundamental de nuestro patrimonio cultural.<\/span><\/p>\n<p><span style=\"font-weight: 400;\">Adem\u00e1s, explicaron a cada participante sobre c\u00f3mo crear sellos usando la papa, uno de los tub\u00e9rculos m\u00e1s antiguos del Per\u00fa. Tambi\u00e9n se les entregaron moldes para que, a modo de plantillas, puedan tener im\u00e1genes perfectas de la tem\u00e1tica caralina.<\/span><\/p>\n<p><span style=\"font-weight: 400;\">Antes de iniciar el taller, los participantes tuvieron una inducci\u00f3n general, en nuestra exposici\u00f3n museogr\u00e1fica <\/span><a href=\"https:\/\/www.gob.pe\/institucion\/caral\/noticias\/1170805-visita-nuestra-exposicion-en-el-ministerio-de-cultura-y-gana-un-viaje-a-caral\"><span style=\"font-weight: 400;\">\u00ab<\/span><span style=\"font-weight: 400;\">Tecnolog\u00eda Pesquera y Seguridad Alimentaria para combatir la anemia<\/span><span style=\"font-weight: 400;\">\u00bb<\/span><\/a><span style=\"font-weight: 400;\">, la cual estar\u00e1 abierta al p\u00fablico hasta el 22 de junio. La muestra se encuentra en la sala Paracas del Ministerio de Cultura y es de ingreso gratuito.<\/span><\/p>\n<p><span style=\"font-weight: 400;\">Cabe se\u00f1alar que, tu vista a la exposici\u00f3n te da la oportunidad de participar en un sorteo para viajar a conocer la Ciudad Sagrada de Caral-Supe, Patrimonio Mundial. Asimismo, se sortear\u00e1n 10 tickets de ingreso gratis los antiguos centros urbanos Caral, \u00c1spero y Vichama.<\/span><\/p>\n<p><span style=\"font-weight: 400;\">Y si deseas saber cu\u00e1ndo, d\u00f3nde y de qu\u00e9 tratar\u00e1 nuestro pr\u00f3ximo taller, o c\u00f3mo llegar a recorrer la <\/span><a href=\"https:\/\/zonacaral.gob.pe\/en\/ruta-caral\/\"><span style=\"font-weight: 400;\">Caral Route<\/span><\/a><span style=\"font-weight: 400;\">, solo visita nuestras redes sociales o comun\u00edcate al n\u00famero de WhatsApp 955 881 340.&nbsp;<\/span><\/p>\n<p><strong style=\"font-size: inherit; text-align: justify;\">Fuente: Comunicaci\u00f3n e Imagen Institucional ZAC<\/strong><\/p>\n<\/div>\n<div style=\"color: #1f1f1f;\">\n<div style=\"color: #1f1f1f;\">\n<p style=\"text-align: justify;\">Fecha de publicaci\u00f3n: 27\/05\/2025<\/p>\n<\/div>\n<\/div>\n\n\n<p><\/p>","protected":false},"excerpt":{"rendered":"<p>Fortalecemos la identidad cultural. A sala llena. El viernes, 23 de mayo, realizamos nuestro taller titulado \u00abArte y mar: estampado [&hellip;]<\/p>\n","protected":false},"author":1,"featured_media":18386,"comment_status":"closed","ping_status":"open","sticky":false,"template":"","format":"standard","meta":{"_acf_changed":false,"site-sidebar-layout":"default","site-content-layout":"","ast-site-content-layout":"default","site-content-style":"default","site-sidebar-style":"default","ast-global-header-display":"","ast-banner-title-visibility":"","ast-main-header-display":"","ast-hfb-above-header-display":"","ast-hfb-below-header-display":"","ast-hfb-mobile-header-display":"","site-post-title":"","ast-breadcrumbs-content":"","ast-featured-img":"","footer-sml-layout":"","ast-disable-related-posts":"","theme-transparent-header-meta":"","adv-header-id-meta":"","stick-header-meta":"","header-above-stick-meta":"","header-main-stick-meta":"","header-below-stick-meta":"","astra-migrate-meta-layouts":"default","ast-page-background-enabled":"default","ast-page-background-meta":{"desktop":{"background-color":"var(--ast-global-color-5)","background-image":"","background-repeat":"repeat","background-position":"center center","background-size":"auto","background-attachment":"scroll","background-type":"","background-media":"","overlay-type":"","overlay-color":"","overlay-opacity":"","overlay-gradient":""},"tablet":{"background-color":"","background-image":"","background-repeat":"repeat","background-position":"center center","background-size":"auto","background-attachment":"scroll","background-type":"","background-media":"","overlay-type":"","overlay-color":"","overlay-opacity":"","overlay-gradient":""},"mobile":{"background-color":"","background-image":"","background-repeat":"repeat","background-position":"center center","background-size":"auto","background-attachment":"scroll","background-type":"","background-media":"","overlay-type":"","overlay-color":"","overlay-opacity":"","overlay-gradient":""}},"ast-content-background-meta":{"desktop":{"background-color":"var(--ast-global-color-4)","background-image":"","background-repeat":"repeat","background-position":"center center","background-size":"auto","background-attachment":"scroll","background-type":"","background-media":"","overlay-type":"","overlay-color":"","overlay-opacity":"","overlay-gradient":""},"tablet":{"background-color":"var(--ast-global-color-4)","background-image":"","background-repeat":"repeat","background-position":"center center","background-size":"auto","background-attachment":"scroll","background-type":"","background-media":"","overlay-type":"","overlay-color":"","overlay-opacity":"","overlay-gradient":""},"mobile":{"background-color":"var(--ast-global-color-4)","background-image":"","background-repeat":"repeat","background-position":"center center","background-size":"auto","background-attachment":"scroll","background-type":"","background-media":"","overlay-type":"","overlay-color":"","overlay-opacity":"","overlay-gradient":""}},"footnotes":""},"categories":[208],"tags":[55,72],"class_list":["post-18385","post","type-post","status-publish","format-standard","has-post-thumbnail","hentry","category-noticias","tag-caral","tag-cultura"],"acf":[],"yoast_head":"<!-- This site is optimized with the Yoast SEO plugin v27.3 - https:\/\/yoast.com\/product\/yoast-seo-wordpress\/ -->\n<title>SELLO DE CARAL: M\u00e1s de 80 personas se \u201ccaralizaron\u201d en nuestro \u00faltimo taller<\/title>\n<meta name=\"description\" content=\"A sala llena. El viernes, 23 de mayo, realizamos nuestro taller titulado \u00abArte y mar: estampado sobre la fauna marina en Caral\u00bb, con la participaci\u00f3n entusiasta de m\u00e1s de 80 participantes que demostraron sus habilidades art\u00edsticas y su amor por nuestro patrimonio cultural, creando hermosos dise\u00f1os.En el marco de las celebraciones por el D\u00eda Internacional de los Museos, la Zona Arqueol\u00f3gica Caral (ZAC), Unidad Ejecutora 003 del Ministerio de Cultura, particip\u00f3 el s\u00e1bado 17 y domingo 18 de mayo en la XXIII Feria Internacional de Museo de Lima Metropolitana, donde dio a conocer sobre el Museo Caral, la Red de Museos Comunitarios (ubicados en los distritos de Supe y de V\u00e9gueta), la Ruta Caral y las bondades del programa Viajes Culturales.\" \/>\n<meta name=\"robots\" content=\"index, follow, max-snippet:-1, max-image-preview:large, max-video-preview:-1\" \/>\n<link rel=\"canonical\" href=\"https:\/\/zonacaral.gob.pe\/en\/noticias\/sello-de-caral-mas-de-80-personas-se-caralizaron-en-nuestro-ultimo-taller\/\" \/>\n<meta property=\"og:locale\" content=\"en_US\" \/>\n<meta property=\"og:type\" content=\"article\" \/>\n<meta property=\"og:title\" content=\"SELLO DE CARAL: M\u00e1s de 80 personas se \u201ccaralizaron\u201d en nuestro \u00faltimo taller\" \/>\n<meta property=\"og:description\" content=\"A sala llena. El viernes, 23 de mayo, realizamos nuestro taller titulado \u00abArte y mar: estampado sobre la fauna marina en Caral\u00bb, con la participaci\u00f3n entusiasta de m\u00e1s de 80 participantes que demostraron sus habilidades art\u00edsticas y su amor por nuestro patrimonio cultural, creando hermosos dise\u00f1os.En el marco de las celebraciones por el D\u00eda Internacional de los Museos, la Zona Arqueol\u00f3gica Caral (ZAC), Unidad Ejecutora 003 del Ministerio de Cultura, particip\u00f3 el s\u00e1bado 17 y domingo 18 de mayo en la XXIII Feria Internacional de Museo de Lima Metropolitana, donde dio a conocer sobre el Museo Caral, la Red de Museos Comunitarios (ubicados en los distritos de Supe y de V\u00e9gueta), la Ruta Caral y las bondades del programa Viajes Culturales.\" \/>\n<meta property=\"og:url\" content=\"https:\/\/zonacaral.gob.pe\/en\/noticias\/sello-de-caral-mas-de-80-personas-se-caralizaron-en-nuestro-ultimo-taller\/\" \/>\n<meta property=\"og:site_name\" content=\"Zona Caral\" \/>\n<meta property=\"article:published_time\" content=\"2025-05-27T21:38:49+00:00\" \/>\n<meta property=\"og:image\" content=\"https:\/\/zonacaral.gob.pe\/wp-content\/uploads\/2025\/05\/taller-1.jpg\" \/>\n\t<meta property=\"og:image:width\" content=\"1500\" \/>\n\t<meta property=\"og:image:height\" content=\"843\" \/>\n\t<meta property=\"og:image:type\" content=\"image\/jpeg\" \/>\n<meta name=\"author\" content=\"Zona Caral Administrador\" \/>\n<meta name=\"twitter:card\" content=\"summary_large_image\" \/>\n<meta name=\"twitter:label1\" content=\"Written by\" \/>\n\t<meta name=\"twitter:data1\" content=\"Zona Caral Administrador\" \/>\n\t<meta name=\"twitter:label2\" content=\"Est. reading time\" \/>\n\t<meta name=\"twitter:data2\" content=\"2 minutes\" \/>\n<script type=\"application\/ld+json\" class=\"yoast-schema-graph\">{\"@context\":\"https:\\\/\\\/schema.org\",\"@graph\":[{\"@type\":\"Article\",\"@id\":\"https:\\\/\\\/zonacaral.gob.pe\\\/es\\\/noticias\\\/sello-de-caral-mas-de-80-personas-se-caralizaron-en-nuestro-ultimo-taller\\\/#article\",\"isPartOf\":{\"@id\":\"https:\\\/\\\/zonacaral.gob.pe\\\/es\\\/noticias\\\/sello-de-caral-mas-de-80-personas-se-caralizaron-en-nuestro-ultimo-taller\\\/\"},\"author\":{\"name\":\"Zona Caral Administrador\",\"@id\":\"https:\\\/\\\/zonacaral.gob.pe\\\/es\\\/#\\\/schema\\\/person\\\/beddb4d22f71a7230c5b90913270a0ee\"},\"headline\":\"SELLO DE CARAL: M\u00e1s de 80 personas se \u201ccaralizaron\u201d en nuestro \u00faltimo taller\",\"datePublished\":\"2025-05-27T21:38:49+00:00\",\"mainEntityOfPage\":{\"@id\":\"https:\\\/\\\/zonacaral.gob.pe\\\/es\\\/noticias\\\/sello-de-caral-mas-de-80-personas-se-caralizaron-en-nuestro-ultimo-taller\\\/\"},\"wordCount\":364,\"image\":{\"@id\":\"https:\\\/\\\/zonacaral.gob.pe\\\/es\\\/noticias\\\/sello-de-caral-mas-de-80-personas-se-caralizaron-en-nuestro-ultimo-taller\\\/#primaryimage\"},\"thumbnailUrl\":\"https:\\\/\\\/zonacaral.gob.pe\\\/wp-content\\\/uploads\\\/2025\\\/05\\\/taller-1.jpg\",\"keywords\":[\"caral\",\"Cultura\"],\"articleSection\":[\"noticias\"],\"inLanguage\":\"en-US\"},{\"@type\":\"WebPage\",\"@id\":\"https:\\\/\\\/zonacaral.gob.pe\\\/es\\\/noticias\\\/sello-de-caral-mas-de-80-personas-se-caralizaron-en-nuestro-ultimo-taller\\\/\",\"url\":\"https:\\\/\\\/zonacaral.gob.pe\\\/es\\\/noticias\\\/sello-de-caral-mas-de-80-personas-se-caralizaron-en-nuestro-ultimo-taller\\\/\",\"name\":\"SELLO DE CARAL: M\u00e1s de 80 personas se \u201ccaralizaron\u201d en nuestro \u00faltimo taller\",\"isPartOf\":{\"@id\":\"https:\\\/\\\/zonacaral.gob.pe\\\/es\\\/#website\"},\"primaryImageOfPage\":{\"@id\":\"https:\\\/\\\/zonacaral.gob.pe\\\/es\\\/noticias\\\/sello-de-caral-mas-de-80-personas-se-caralizaron-en-nuestro-ultimo-taller\\\/#primaryimage\"},\"image\":{\"@id\":\"https:\\\/\\\/zonacaral.gob.pe\\\/es\\\/noticias\\\/sello-de-caral-mas-de-80-personas-se-caralizaron-en-nuestro-ultimo-taller\\\/#primaryimage\"},\"thumbnailUrl\":\"https:\\\/\\\/zonacaral.gob.pe\\\/wp-content\\\/uploads\\\/2025\\\/05\\\/taller-1.jpg\",\"datePublished\":\"2025-05-27T21:38:49+00:00\",\"author\":{\"@id\":\"https:\\\/\\\/zonacaral.gob.pe\\\/es\\\/#\\\/schema\\\/person\\\/beddb4d22f71a7230c5b90913270a0ee\"},\"description\":\"A sala llena. El viernes, 23 de mayo, realizamos nuestro taller titulado \u00abArte y mar: estampado sobre la fauna marina en Caral\u00bb, con la participaci\u00f3n entusiasta de m\u00e1s de 80 participantes que demostraron sus habilidades art\u00edsticas y su amor por nuestro patrimonio cultural, creando hermosos dise\u00f1os.En el marco de las celebraciones por el D\u00eda Internacional de los Museos, la Zona Arqueol\u00f3gica Caral (ZAC), Unidad Ejecutora 003 del Ministerio de Cultura, particip\u00f3 el s\u00e1bado 17 y domingo 18 de mayo en la XXIII Feria Internacional de Museo de Lima Metropolitana, donde dio a conocer sobre el Museo Caral, la Red de Museos Comunitarios (ubicados en los distritos de Supe y de V\u00e9gueta), la Ruta Caral y las bondades del programa Viajes Culturales.\",\"breadcrumb\":{\"@id\":\"https:\\\/\\\/zonacaral.gob.pe\\\/es\\\/noticias\\\/sello-de-caral-mas-de-80-personas-se-caralizaron-en-nuestro-ultimo-taller\\\/#breadcrumb\"},\"inLanguage\":\"en-US\",\"potentialAction\":[{\"@type\":\"ReadAction\",\"target\":[\"https:\\\/\\\/zonacaral.gob.pe\\\/es\\\/noticias\\\/sello-de-caral-mas-de-80-personas-se-caralizaron-en-nuestro-ultimo-taller\\\/\"]}]},{\"@type\":\"ImageObject\",\"inLanguage\":\"en-US\",\"@id\":\"https:\\\/\\\/zonacaral.gob.pe\\\/es\\\/noticias\\\/sello-de-caral-mas-de-80-personas-se-caralizaron-en-nuestro-ultimo-taller\\\/#primaryimage\",\"url\":\"https:\\\/\\\/zonacaral.gob.pe\\\/wp-content\\\/uploads\\\/2025\\\/05\\\/taller-1.jpg\",\"contentUrl\":\"https:\\\/\\\/zonacaral.gob.pe\\\/wp-content\\\/uploads\\\/2025\\\/05\\\/taller-1.jpg\",\"width\":1500,\"height\":843},{\"@type\":\"BreadcrumbList\",\"@id\":\"https:\\\/\\\/zonacaral.gob.pe\\\/es\\\/noticias\\\/sello-de-caral-mas-de-80-personas-se-caralizaron-en-nuestro-ultimo-taller\\\/#breadcrumb\",\"itemListElement\":[{\"@type\":\"ListItem\",\"position\":1,\"name\":\"Portada\",\"item\":\"https:\\\/\\\/zonacaral.gob.pe\\\/\"},{\"@type\":\"ListItem\",\"position\":2,\"name\":\"SELLO DE CARAL: M\u00e1s de 80 personas se \u201ccaralizaron\u201d en nuestro \u00faltimo taller\"}]},{\"@type\":\"WebSite\",\"@id\":\"https:\\\/\\\/zonacaral.gob.pe\\\/es\\\/#website\",\"url\":\"https:\\\/\\\/zonacaral.gob.pe\\\/es\\\/\",\"name\":\"Zona Caral\",\"description\":\"Investigamos, conservamos y difundimos el patrimonio cultural de la Civilizaci\u00f3n Caral, la m\u00e1s antigua de Am\u00e9rica.\",\"potentialAction\":[{\"@type\":\"SearchAction\",\"target\":{\"@type\":\"EntryPoint\",\"urlTemplate\":\"https:\\\/\\\/zonacaral.gob.pe\\\/es\\\/?s={search_term_string}\"},\"query-input\":{\"@type\":\"PropertyValueSpecification\",\"valueRequired\":true,\"valueName\":\"search_term_string\"}}],\"inLanguage\":\"en-US\"},{\"@type\":\"Person\",\"@id\":\"https:\\\/\\\/zonacaral.gob.pe\\\/es\\\/#\\\/schema\\\/person\\\/beddb4d22f71a7230c5b90913270a0ee\",\"name\":\"Zona Caral Administrador\",\"image\":{\"@type\":\"ImageObject\",\"inLanguage\":\"en-US\",\"@id\":\"https:\\\/\\\/secure.gravatar.com\\\/avatar\\\/e4be162918a696358376de6446614e0f0f4062bdc5d170d6d540ada3d8b58c12?s=96&d=mm&r=g\",\"url\":\"https:\\\/\\\/secure.gravatar.com\\\/avatar\\\/e4be162918a696358376de6446614e0f0f4062bdc5d170d6d540ada3d8b58c12?s=96&d=mm&r=g\",\"contentUrl\":\"https:\\\/\\\/secure.gravatar.com\\\/avatar\\\/e4be162918a696358376de6446614e0f0f4062bdc5d170d6d540ada3d8b58c12?s=96&d=mm&r=g\",\"caption\":\"Zona Caral Administrador\"},\"sameAs\":[\"https:\\\/\\\/zonacaral.gob.pe\"],\"url\":\"https:\\\/\\\/zonacaral.gob.pe\\\/en\\\/noticias\\\/author\\\/ad_zonacaral\\\/\"}]}<\/script>\n<!-- \/ Yoast SEO plugin. -->","yoast_head_json":{"title":"SELLO DE CARAL: M\u00e1s de 80 personas se \u201ccaralizaron\u201d en nuestro \u00faltimo taller","description":"A sala llena. El viernes, 23 de mayo, realizamos nuestro taller titulado \u00abArte y mar: estampado sobre la fauna marina en Caral\u00bb, con la participaci\u00f3n entusiasta de m\u00e1s de 80 participantes que demostraron sus habilidades art\u00edsticas y su amor por nuestro patrimonio cultural, creando hermosos dise\u00f1os.En el marco de las celebraciones por el D\u00eda Internacional de los Museos, la Zona Arqueol\u00f3gica Caral (ZAC), Unidad Ejecutora 003 del Ministerio de Cultura, particip\u00f3 el s\u00e1bado 17 y domingo 18 de mayo en la XXIII Feria Internacional de Museo de Lima Metropolitana, donde dio a conocer sobre el Museo Caral, la Red de Museos Comunitarios (ubicados en los distritos de Supe y de V\u00e9gueta), la Ruta Caral y las bondades del programa Viajes Culturales.","robots":{"index":"index","follow":"follow","max-snippet":"max-snippet:-1","max-image-preview":"max-image-preview:large","max-video-preview":"max-video-preview:-1"},"canonical":"https:\/\/zonacaral.gob.pe\/en\/noticias\/sello-de-caral-mas-de-80-personas-se-caralizaron-en-nuestro-ultimo-taller\/","og_locale":"en_US","og_type":"article","og_title":"SELLO DE CARAL: M\u00e1s de 80 personas se \u201ccaralizaron\u201d en nuestro \u00faltimo taller","og_description":"A sala llena. El viernes, 23 de mayo, realizamos nuestro taller titulado \u00abArte y mar: estampado sobre la fauna marina en Caral\u00bb, con la participaci\u00f3n entusiasta de m\u00e1s de 80 participantes que demostraron sus habilidades art\u00edsticas y su amor por nuestro patrimonio cultural, creando hermosos dise\u00f1os.En el marco de las celebraciones por el D\u00eda Internacional de los Museos, la Zona Arqueol\u00f3gica Caral (ZAC), Unidad Ejecutora 003 del Ministerio de Cultura, particip\u00f3 el s\u00e1bado 17 y domingo 18 de mayo en la XXIII Feria Internacional de Museo de Lima Metropolitana, donde dio a conocer sobre el Museo Caral, la Red de Museos Comunitarios (ubicados en los distritos de Supe y de V\u00e9gueta), la Ruta Caral y las bondades del programa Viajes Culturales.","og_url":"https:\/\/zonacaral.gob.pe\/en\/noticias\/sello-de-caral-mas-de-80-personas-se-caralizaron-en-nuestro-ultimo-taller\/","og_site_name":"Zona Caral","article_published_time":"2025-05-27T21:38:49+00:00","og_image":[{"width":1500,"height":843,"url":"https:\/\/zonacaral.gob.pe\/wp-content\/uploads\/2025\/05\/taller-1.jpg","type":"image\/jpeg"}],"author":"Zona Caral Administrador","twitter_card":"summary_large_image","twitter_misc":{"Written by":"Zona Caral Administrador","Est. reading time":"2 minutes"},"schema":{"@context":"https:\/\/schema.org","@graph":[{"@type":"Article","@id":"https:\/\/zonacaral.gob.pe\/es\/noticias\/sello-de-caral-mas-de-80-personas-se-caralizaron-en-nuestro-ultimo-taller\/#article","isPartOf":{"@id":"https:\/\/zonacaral.gob.pe\/es\/noticias\/sello-de-caral-mas-de-80-personas-se-caralizaron-en-nuestro-ultimo-taller\/"},"author":{"name":"Zona Caral Administrador","@id":"https:\/\/zonacaral.gob.pe\/es\/#\/schema\/person\/beddb4d22f71a7230c5b90913270a0ee"},"headline":"SELLO DE CARAL: M\u00e1s de 80 personas se \u201ccaralizaron\u201d en nuestro \u00faltimo taller","datePublished":"2025-05-27T21:38:49+00:00","mainEntityOfPage":{"@id":"https:\/\/zonacaral.gob.pe\/es\/noticias\/sello-de-caral-mas-de-80-personas-se-caralizaron-en-nuestro-ultimo-taller\/"},"wordCount":364,"image":{"@id":"https:\/\/zonacaral.gob.pe\/es\/noticias\/sello-de-caral-mas-de-80-personas-se-caralizaron-en-nuestro-ultimo-taller\/#primaryimage"},"thumbnailUrl":"https:\/\/zonacaral.gob.pe\/wp-content\/uploads\/2025\/05\/taller-1.jpg","keywords":["caral","Cultura"],"articleSection":["noticias"],"inLanguage":"en-US"},{"@type":"WebPage","@id":"https:\/\/zonacaral.gob.pe\/es\/noticias\/sello-de-caral-mas-de-80-personas-se-caralizaron-en-nuestro-ultimo-taller\/","url":"https:\/\/zonacaral.gob.pe\/es\/noticias\/sello-de-caral-mas-de-80-personas-se-caralizaron-en-nuestro-ultimo-taller\/","name":"SELLO DE CARAL: M\u00e1s de 80 personas se \u201ccaralizaron\u201d en nuestro \u00faltimo taller","isPartOf":{"@id":"https:\/\/zonacaral.gob.pe\/es\/#website"},"primaryImageOfPage":{"@id":"https:\/\/zonacaral.gob.pe\/es\/noticias\/sello-de-caral-mas-de-80-personas-se-caralizaron-en-nuestro-ultimo-taller\/#primaryimage"},"image":{"@id":"https:\/\/zonacaral.gob.pe\/es\/noticias\/sello-de-caral-mas-de-80-personas-se-caralizaron-en-nuestro-ultimo-taller\/#primaryimage"},"thumbnailUrl":"https:\/\/zonacaral.gob.pe\/wp-content\/uploads\/2025\/05\/taller-1.jpg","datePublished":"2025-05-27T21:38:49+00:00","author":{"@id":"https:\/\/zonacaral.gob.pe\/es\/#\/schema\/person\/beddb4d22f71a7230c5b90913270a0ee"},"description":"A sala llena. El viernes, 23 de mayo, realizamos nuestro taller titulado \u00abArte y mar: estampado sobre la fauna marina en Caral\u00bb, con la participaci\u00f3n entusiasta de m\u00e1s de 80 participantes que demostraron sus habilidades art\u00edsticas y su amor por nuestro patrimonio cultural, creando hermosos dise\u00f1os.En el marco de las celebraciones por el D\u00eda Internacional de los Museos, la Zona Arqueol\u00f3gica Caral (ZAC), Unidad Ejecutora 003 del Ministerio de Cultura, particip\u00f3 el s\u00e1bado 17 y domingo 18 de mayo en la XXIII Feria Internacional de Museo de Lima Metropolitana, donde dio a conocer sobre el Museo Caral, la Red de Museos Comunitarios (ubicados en los distritos de Supe y de V\u00e9gueta), la Ruta Caral y las bondades del programa Viajes Culturales.","breadcrumb":{"@id":"https:\/\/zonacaral.gob.pe\/es\/noticias\/sello-de-caral-mas-de-80-personas-se-caralizaron-en-nuestro-ultimo-taller\/#breadcrumb"},"inLanguage":"en-US","potentialAction":[{"@type":"ReadAction","target":["https:\/\/zonacaral.gob.pe\/es\/noticias\/sello-de-caral-mas-de-80-personas-se-caralizaron-en-nuestro-ultimo-taller\/"]}]},{"@type":"ImageObject","inLanguage":"en-US","@id":"https:\/\/zonacaral.gob.pe\/es\/noticias\/sello-de-caral-mas-de-80-personas-se-caralizaron-en-nuestro-ultimo-taller\/#primaryimage","url":"https:\/\/zonacaral.gob.pe\/wp-content\/uploads\/2025\/05\/taller-1.jpg","contentUrl":"https:\/\/zonacaral.gob.pe\/wp-content\/uploads\/2025\/05\/taller-1.jpg","width":1500,"height":843},{"@type":"BreadcrumbList","@id":"https:\/\/zonacaral.gob.pe\/es\/noticias\/sello-de-caral-mas-de-80-personas-se-caralizaron-en-nuestro-ultimo-taller\/#breadcrumb","itemListElement":[{"@type":"ListItem","position":1,"name":"Portada","item":"https:\/\/zonacaral.gob.pe\/"},{"@type":"ListItem","position":2,"name":"SELLO DE CARAL: M\u00e1s de 80 personas se \u201ccaralizaron\u201d en nuestro \u00faltimo taller"}]},{"@type":"WebSite","@id":"https:\/\/zonacaral.gob.pe\/es\/#website","url":"https:\/\/zonacaral.gob.pe\/es\/","name":"Zona Caral","description":"Investigamos, conservamos y difundimos el patrimonio cultural de la Civilizaci\u00f3n Caral, la m\u00e1s antigua de Am\u00e9rica.","potentialAction":[{"@type":"SearchAction","target":{"@type":"EntryPoint","urlTemplate":"https:\/\/zonacaral.gob.pe\/es\/?s={search_term_string}"},"query-input":{"@type":"PropertyValueSpecification","valueRequired":true,"valueName":"search_term_string"}}],"inLanguage":"en-US"},{"@type":"Person","@id":"https:\/\/zonacaral.gob.pe\/es\/#\/schema\/person\/beddb4d22f71a7230c5b90913270a0ee","name":"Zona Caral Administrador","image":{"@type":"ImageObject","inLanguage":"en-US","@id":"https:\/\/secure.gravatar.com\/avatar\/e4be162918a696358376de6446614e0f0f4062bdc5d170d6d540ada3d8b58c12?s=96&d=mm&r=g","url":"https:\/\/secure.gravatar.com\/avatar\/e4be162918a696358376de6446614e0f0f4062bdc5d170d6d540ada3d8b58c12?s=96&d=mm&r=g","contentUrl":"https:\/\/secure.gravatar.com\/avatar\/e4be162918a696358376de6446614e0f0f4062bdc5d170d6d540ada3d8b58c12?s=96&d=mm&r=g","caption":"Zona Caral Administrador"},"sameAs":["https:\/\/zonacaral.gob.pe"],"url":"https:\/\/zonacaral.gob.pe\/en\/noticias\/author\/ad_zonacaral\/"}]}},"_links":{"self":[{"href":"https:\/\/zonacaral.gob.pe\/en\/wp-json\/wp\/v2\/posts\/18385","targetHints":{"allow":["GET"]}}],"collection":[{"href":"https:\/\/zonacaral.gob.pe\/en\/wp-json\/wp\/v2\/posts"}],"about":[{"href":"https:\/\/zonacaral.gob.pe\/en\/wp-json\/wp\/v2\/types\/post"}],"author":[{"embeddable":true,"href":"https:\/\/zonacaral.gob.pe\/en\/wp-json\/wp\/v2\/users\/1"}],"replies":[{"embeddable":true,"href":"https:\/\/zonacaral.gob.pe\/en\/wp-json\/wp\/v2\/comments?post=18385"}],"version-history":[{"count":0,"href":"https:\/\/zonacaral.gob.pe\/en\/wp-json\/wp\/v2\/posts\/18385\/revisions"}],"wp:featuredmedia":[{"embeddable":true,"href":"https:\/\/zonacaral.gob.pe\/en\/wp-json\/wp\/v2\/media\/18386"}],"wp:attachment":[{"href":"https:\/\/zonacaral.gob.pe\/en\/wp-json\/wp\/v2\/media?parent=18385"}],"wp:term":[{"taxonomy":"category","embeddable":true,"href":"https:\/\/zonacaral.gob.pe\/en\/wp-json\/wp\/v2\/categories?post=18385"},{"taxonomy":"post_tag","embeddable":true,"href":"https:\/\/zonacaral.gob.pe\/en\/wp-json\/wp\/v2\/tags?post=18385"}],"curies":[{"name":"wp","href":"https:\/\/api.w.org\/{rel}","templated":true}]}}