{"id":18393,"date":"2025-05-30T16:25:27","date_gmt":"2025-05-30T21:25:27","guid":{"rendered":"https:\/\/www.zonacaral.gob.pe\/?p=18393"},"modified":"2025-05-30T16:25:27","modified_gmt":"2025-05-30T21:25:27","slug":"domingo-1-de-junio-ingreso-gratuito-a-caral-aspero-y-vichama","status":"publish","type":"post","link":"https:\/\/zonacaral.gob.pe\/en\/noticias\/domingo-1-de-junio-ingreso-gratuito-a-caral-aspero-y-vichama\/","title":{"rendered":"Domingo, 1 de junio: INGRESO GRATUITO a Caral, \u00c1spero y Vichama"},"content":{"rendered":"<figure class=\"pic-autor\" style=\"color: #4d4d4d; text-align: justify;\"><\/figure>\n<div class=\"gmail_default\" style=\"text-align: justify;\">\n<blockquote>\n<p><i><span style=\"font-weight: 400;\">Tambi\u00e9n puedes visitar nuestra exposici\u00f3n museogr\u00e1fica y ganar un viaje.<\/span><\/i><\/p>\n<\/blockquote>\n<p><span style=\"font-weight: 400;\">Lleg\u00f3 junio y en la <\/span><a href=\"https:\/\/www.instagram.com\/caralperu\/?hl=es\"><span style=\"font-weight: 400;\">Zona Arqueol\u00f3gica Caral<\/span><\/a><span style=\"font-weight: 400;\"> te sorprendemos con el ingreso gratuito, solo el primer domingo de este mes, a los milenarios centros urbanos de la primera civilizaci\u00f3n de Am\u00e9rica: la <\/span><a href=\"https:\/\/www.zonacaral.gob.pe\/ruta-caral\/ciudad-sagrada-de-caral.html\"><span style=\"font-weight: 400;\">Ciudad Sagrada de Caral-Supe<\/span><\/a><span style=\"font-weight: 400;\">, nuestro Patrimonio Mundial; tambi\u00e9n a <\/span><a href=\"https:\/\/www.zonacaral.gob.pe\/ruta-caral\/aspero.html\"><span style=\"font-weight: 400;\">\u00c1spero<\/span><\/a><span style=\"font-weight: 400;\"> y <\/span><a href=\"https:\/\/www.zonacaral.gob.pe\/ruta-caral\/vichama.html\"><span style=\"font-weight: 400;\">Vichama<\/span><\/a><span style=\"font-weight: 400;\">, los cuales forman parte de la <\/span><a href=\"https:\/\/zonacaral.gob.pe\/en\/ruta-caral\/\"><span style=\"font-weight: 400;\">Ruta CARAL<\/span><\/a><span style=\"font-weight: 400;\">.<\/span><\/p>\n<p><span style=\"font-weight: 400;\">El horario de atenci\u00f3n en estos sitios arqueol\u00f3gicos es de 9:00 a. m. hasta las 5:00 p. m. Sin embargo, se recomienda ingresar una hora antes del cierre, para una adecuada visita.<\/span><\/p>\n<p><span style=\"font-weight: 400;\">Recuerda que el \u00fanico pago a realizar este primer domingo de junio es por el servicio de guiado, el cual es de dos soles por persona. Este servicio es brindado por las personas capacitadas como int\u00e9rpretes del patrimonio cultural.<\/span><\/p>\n<p><b>COMPLEMENTA TU VISITA<\/b><\/p>\n<p><span style=\"font-weight: 400;\">Adem\u00e1s, tras recorrer las antiguas ciudades de Caral, tambi\u00e9n puedes visitar los museos que forman la Red de Museos Comunitarios, ubicados en los distritos de <\/span><a href=\"https:\/\/www.zonacaral.gob.pe\/ruta-caral\/MC-supe.html\"><span style=\"font-weight: 400;\">Supe<\/span><\/a><span style=\"font-weight: 400;\"> y de <\/span><a href=\"https:\/\/www.zonacaral.gob.pe\/ruta-caral\/MC-vegueta.html\"><span style=\"font-weight: 400;\">V\u00e9gueta<\/span><\/a><span style=\"font-weight: 400;\">, administrados por los municipios del mismo nombre. En ellos se encuentran los hallazgos m\u00e1s destacados y representativos de los doce centros urbanos de la Civilizaci\u00f3n Caral, investigados por la <\/span><a href=\"https:\/\/www.facebook.com\/share\/v\/1ASQsHp5Bt\/\"><span style=\"font-weight: 400;\">doctora Ruth Shady<\/span><\/a><span style=\"font-weight: 400;\">.<\/span><\/p>\n<p><span style=\"font-weight: 400;\">En las provincias de Barranca y Huaura se encuentran tambi\u00e9n otros atractivos tur\u00edsticos como sus playas, espacios culturales y naturales en los que se puede disfrutar con la familia y amigos.<\/span><\/p>\n<p><span style=\"font-weight: 400;\">Cabe se\u00f1alar que estas provincias tambi\u00e9n cuentan con lugares de recreaci\u00f3n y servicios b\u00e1sicos (hoteles y restaurantes). Su gastronom\u00eda es bien valorada por poseer platos t\u00edpicos como: ceviche y mariscos (con salsa de arnaucho), ceviche de pato al arnaucho, sopa huachana, charquic\u00e1n de anchoveta, chancho al cilindro y al palo, tacu tacu, entre otros.<\/span><\/p>\n<p><b>VIAJE CULTURAL A CARAL<\/b><\/p>\n<p><span style=\"font-weight: 400;\">Por otro lado, el programa de <\/span><a href=\"https:\/\/www.zonacaral.gob.pe\/ruta-caral\/viajes-culturales.html\"><span style=\"font-weight: 400;\">Cultural Trips<\/span><\/a><span style=\"font-weight: 400;\"> de la Zona Arqueol\u00f3gica Caral realizar\u00e1 su primer paseo de junio, el s\u00e1bado 7. Este d\u00eda estaremos visitando la Ciudad Sagrada de Caral-Supe y Vichama, ciudad agropesquera. La ruta te llevar\u00e1 a conocer los inicios civilizatorios y las causas que motivaron su migraci\u00f3n y posterior reorganizaci\u00f3n.<\/span><\/p>\n<p><span style=\"font-weight: 400;\">La partida es desde el Ministerio de Cultura, en San Borja, y el costo del viaje incluye el traslado (ida y vuelta), los boletos de ingreso y el pago al gu\u00eda o mediador cultural. Tambi\u00e9n la entrega de material de difusi\u00f3n y el acompa\u00f1amiento durante todo el recorrido de un representante de la instituci\u00f3n. Para m\u00e1s informaci\u00f3n escribe al WhatsApp 955-881-340.<\/span><\/p>\n<p><b>GANA UN VIAJE A CARAL<\/b><\/p>\n<p><span style=\"font-weight: 400;\">Recuerda que tu visita a la exposici\u00f3n museogr\u00e1fica<\/span><b> \u00abTecnolog\u00eda Pesquera y Seguridad Alimentaria para Combatir la Anemia\u00bb<\/b><span style=\"font-weight: 400;\">, te lleva a conocer la Ciudad Sagrada de Caral-Supe, Patrimonio Mundial.<\/span><\/p>\n<p><span style=\"font-weight: 400;\">\u00bfC\u00f3mo? Solo debes solicitar y llenar una hoja de encuesta tras visitar la muestra que se encuentra en la sala Paracas del Ministerio de Cultura (Av. Javier Prado Este 2465, San Borja). El ingreso es libre y la atenci\u00f3n es de martes a domingo, en el horario de 9:00 a. m. a 4:00 p. m. El sorteo se realizar\u00e1 el 5 de junio, \u00faltimo d\u00eda de la muestra.<\/span><\/p>\n<p><strong style=\"font-size: inherit; text-align: justify;\">Fuente: Comunicaci\u00f3n e Imagen Institucional ZAC<\/strong><\/p>\n<\/div>\n<div style=\"color: #1f1f1f;\">\n<div style=\"color: #1f1f1f;\">\n<p style=\"text-align: justify;\">Fecha de publicaci\u00f3n: 30\/05\/2025<\/p>\n<\/div>\n<\/div>\n\n\n<p><\/p>","protected":false},"excerpt":{"rendered":"<p>Tambi\u00e9n puedes visitar nuestra exposici\u00f3n museogr\u00e1fica y ganar un viaje. Lleg\u00f3 junio y en la Zona Arqueol\u00f3gica Caral te sorprendemos [&hellip;]<\/p>\n","protected":false},"author":1,"featured_media":18394,"comment_status":"closed","ping_status":"open","sticky":false,"template":"","format":"standard","meta":{"_acf_changed":false,"site-sidebar-layout":"default","site-content-layout":"","ast-site-content-layout":"default","site-content-style":"default","site-sidebar-style":"default","ast-global-header-display":"","ast-banner-title-visibility":"","ast-main-header-display":"","ast-hfb-above-header-display":"","ast-hfb-below-header-display":"","ast-hfb-mobile-header-display":"","site-post-title":"","ast-breadcrumbs-content":"","ast-featured-img":"","footer-sml-layout":"","ast-disable-related-posts":"","theme-transparent-header-meta":"","adv-header-id-meta":"","stick-header-meta":"","header-above-stick-meta":"","header-main-stick-meta":"","header-below-stick-meta":"","astra-migrate-meta-layouts":"default","ast-page-background-enabled":"default","ast-page-background-meta":{"desktop":{"background-color":"var(--ast-global-color-5)","background-image":"","background-repeat":"repeat","background-position":"center center","background-size":"auto","background-attachment":"scroll","background-type":"","background-media":"","overlay-type":"","overlay-color":"","overlay-opacity":"","overlay-gradient":""},"tablet":{"background-color":"","background-image":"","background-repeat":"repeat","background-position":"center center","background-size":"auto","background-attachment":"scroll","background-type":"","background-media":"","overlay-type":"","overlay-color":"","overlay-opacity":"","overlay-gradient":""},"mobile":{"background-color":"","background-image":"","background-repeat":"repeat","background-position":"center center","background-size":"auto","background-attachment":"scroll","background-type":"","background-media":"","overlay-type":"","overlay-color":"","overlay-opacity":"","overlay-gradient":""}},"ast-content-background-meta":{"desktop":{"background-color":"var(--ast-global-color-4)","background-image":"","background-repeat":"repeat","background-position":"center center","background-size":"auto","background-attachment":"scroll","background-type":"","background-media":"","overlay-type":"","overlay-color":"","overlay-opacity":"","overlay-gradient":""},"tablet":{"background-color":"var(--ast-global-color-4)","background-image":"","background-repeat":"repeat","background-position":"center center","background-size":"auto","background-attachment":"scroll","background-type":"","background-media":"","overlay-type":"","overlay-color":"","overlay-opacity":"","overlay-gradient":""},"mobile":{"background-color":"var(--ast-global-color-4)","background-image":"","background-repeat":"repeat","background-position":"center center","background-size":"auto","background-attachment":"scroll","background-type":"","background-media":"","overlay-type":"","overlay-color":"","overlay-opacity":"","overlay-gradient":""}},"footnotes":""},"categories":[208],"tags":[55,72],"class_list":["post-18393","post","type-post","status-publish","format-standard","has-post-thumbnail","hentry","category-noticias","tag-caral","tag-cultura"],"acf":[],"yoast_head":"<!-- This site is optimized with the Yoast SEO plugin v27.3 - https:\/\/yoast.com\/product\/yoast-seo-wordpress\/ -->\n<title>Domingo, 1 de junio: INGRESO GRATUITO a Caral, \u00c1spero y Vichama<\/title>\n<meta name=\"description\" content=\"Lleg\u00f3 junio y en la Zona Arqueol\u00f3gica Caral te sorprendemos con el ingreso gratuito, solo el primer domingo de este mes, a los milenarios centros urbanos de la primera civilizaci\u00f3n de Am\u00e9rica: la Ciudad Sagrada de Caral-Supe, nuestro Patrimonio Mundial; tambi\u00e9n a \u00c1spero y Vichama, los cuales forman parte de la Ruta CARAL.\" \/>\n<meta name=\"robots\" content=\"index, follow, max-snippet:-1, max-image-preview:large, max-video-preview:-1\" \/>\n<link rel=\"canonical\" href=\"https:\/\/zonacaral.gob.pe\/en\/noticias\/domingo-1-de-junio-ingreso-gratuito-a-caral-aspero-y-vichama\/\" \/>\n<meta property=\"og:locale\" content=\"en_US\" \/>\n<meta property=\"og:type\" content=\"article\" \/>\n<meta property=\"og:title\" content=\"Domingo, 1 de junio: INGRESO GRATUITO a Caral, \u00c1spero y Vichama\" \/>\n<meta property=\"og:description\" content=\"Lleg\u00f3 junio y en la Zona Arqueol\u00f3gica Caral te sorprendemos con el ingreso gratuito, solo el primer domingo de este mes, a los milenarios centros urbanos de la primera civilizaci\u00f3n de Am\u00e9rica: la Ciudad Sagrada de Caral-Supe, nuestro Patrimonio Mundial; tambi\u00e9n a \u00c1spero y Vichama, los cuales forman parte de la Ruta CARAL.\" \/>\n<meta property=\"og:url\" content=\"https:\/\/zonacaral.gob.pe\/en\/noticias\/domingo-1-de-junio-ingreso-gratuito-a-caral-aspero-y-vichama\/\" \/>\n<meta property=\"og:site_name\" content=\"Zona Caral\" \/>\n<meta property=\"article:published_time\" content=\"2025-05-30T21:25:27+00:00\" \/>\n<meta property=\"og:image\" content=\"https:\/\/zonacaral.gob.pe\/wp-content\/uploads\/2025\/05\/ingreso-gratis-1.jpg\" \/>\n\t<meta property=\"og:image:width\" content=\"1500\" \/>\n\t<meta property=\"og:image:height\" content=\"841\" \/>\n\t<meta property=\"og:image:type\" content=\"image\/jpeg\" \/>\n<meta name=\"author\" content=\"Zona Caral Administrador\" \/>\n<meta name=\"twitter:card\" content=\"summary_large_image\" \/>\n<meta name=\"twitter:label1\" content=\"Written by\" \/>\n\t<meta name=\"twitter:data1\" content=\"Zona Caral Administrador\" \/>\n\t<meta name=\"twitter:label2\" content=\"Est. reading time\" \/>\n\t<meta name=\"twitter:data2\" content=\"3 minutes\" \/>\n<script type=\"application\/ld+json\" class=\"yoast-schema-graph\">{\"@context\":\"https:\\\/\\\/schema.org\",\"@graph\":[{\"@type\":\"Article\",\"@id\":\"https:\\\/\\\/zonacaral.gob.pe\\\/es\\\/noticias\\\/domingo-1-de-junio-ingreso-gratuito-a-caral-aspero-y-vichama\\\/#article\",\"isPartOf\":{\"@id\":\"https:\\\/\\\/zonacaral.gob.pe\\\/es\\\/noticias\\\/domingo-1-de-junio-ingreso-gratuito-a-caral-aspero-y-vichama\\\/\"},\"author\":{\"name\":\"Zona Caral Administrador\",\"@id\":\"https:\\\/\\\/zonacaral.gob.pe\\\/es\\\/#\\\/schema\\\/person\\\/beddb4d22f71a7230c5b90913270a0ee\"},\"headline\":\"Domingo, 1 de junio: INGRESO GRATUITO a Caral, \u00c1spero y Vichama\",\"datePublished\":\"2025-05-30T21:25:27+00:00\",\"mainEntityOfPage\":{\"@id\":\"https:\\\/\\\/zonacaral.gob.pe\\\/es\\\/noticias\\\/domingo-1-de-junio-ingreso-gratuito-a-caral-aspero-y-vichama\\\/\"},\"wordCount\":560,\"image\":{\"@id\":\"https:\\\/\\\/zonacaral.gob.pe\\\/es\\\/noticias\\\/domingo-1-de-junio-ingreso-gratuito-a-caral-aspero-y-vichama\\\/#primaryimage\"},\"thumbnailUrl\":\"https:\\\/\\\/zonacaral.gob.pe\\\/wp-content\\\/uploads\\\/2025\\\/05\\\/ingreso-gratis-1.jpg\",\"keywords\":[\"caral\",\"Cultura\"],\"articleSection\":[\"noticias\"],\"inLanguage\":\"en-US\"},{\"@type\":\"WebPage\",\"@id\":\"https:\\\/\\\/zonacaral.gob.pe\\\/es\\\/noticias\\\/domingo-1-de-junio-ingreso-gratuito-a-caral-aspero-y-vichama\\\/\",\"url\":\"https:\\\/\\\/zonacaral.gob.pe\\\/es\\\/noticias\\\/domingo-1-de-junio-ingreso-gratuito-a-caral-aspero-y-vichama\\\/\",\"name\":\"Domingo, 1 de junio: INGRESO GRATUITO a Caral, \u00c1spero y Vichama\",\"isPartOf\":{\"@id\":\"https:\\\/\\\/zonacaral.gob.pe\\\/es\\\/#website\"},\"primaryImageOfPage\":{\"@id\":\"https:\\\/\\\/zonacaral.gob.pe\\\/es\\\/noticias\\\/domingo-1-de-junio-ingreso-gratuito-a-caral-aspero-y-vichama\\\/#primaryimage\"},\"image\":{\"@id\":\"https:\\\/\\\/zonacaral.gob.pe\\\/es\\\/noticias\\\/domingo-1-de-junio-ingreso-gratuito-a-caral-aspero-y-vichama\\\/#primaryimage\"},\"thumbnailUrl\":\"https:\\\/\\\/zonacaral.gob.pe\\\/wp-content\\\/uploads\\\/2025\\\/05\\\/ingreso-gratis-1.jpg\",\"datePublished\":\"2025-05-30T21:25:27+00:00\",\"author\":{\"@id\":\"https:\\\/\\\/zonacaral.gob.pe\\\/es\\\/#\\\/schema\\\/person\\\/beddb4d22f71a7230c5b90913270a0ee\"},\"description\":\"Lleg\u00f3 junio y en la Zona Arqueol\u00f3gica Caral te sorprendemos con el ingreso gratuito, solo el primer domingo de este mes, a los milenarios centros urbanos de la primera civilizaci\u00f3n de Am\u00e9rica: la Ciudad Sagrada de Caral-Supe, nuestro Patrimonio Mundial; tambi\u00e9n a \u00c1spero y Vichama, los cuales forman parte de la Ruta CARAL.\",\"breadcrumb\":{\"@id\":\"https:\\\/\\\/zonacaral.gob.pe\\\/es\\\/noticias\\\/domingo-1-de-junio-ingreso-gratuito-a-caral-aspero-y-vichama\\\/#breadcrumb\"},\"inLanguage\":\"en-US\",\"potentialAction\":[{\"@type\":\"ReadAction\",\"target\":[\"https:\\\/\\\/zonacaral.gob.pe\\\/es\\\/noticias\\\/domingo-1-de-junio-ingreso-gratuito-a-caral-aspero-y-vichama\\\/\"]}]},{\"@type\":\"ImageObject\",\"inLanguage\":\"en-US\",\"@id\":\"https:\\\/\\\/zonacaral.gob.pe\\\/es\\\/noticias\\\/domingo-1-de-junio-ingreso-gratuito-a-caral-aspero-y-vichama\\\/#primaryimage\",\"url\":\"https:\\\/\\\/zonacaral.gob.pe\\\/wp-content\\\/uploads\\\/2025\\\/05\\\/ingreso-gratis-1.jpg\",\"contentUrl\":\"https:\\\/\\\/zonacaral.gob.pe\\\/wp-content\\\/uploads\\\/2025\\\/05\\\/ingreso-gratis-1.jpg\",\"width\":1500,\"height\":841},{\"@type\":\"BreadcrumbList\",\"@id\":\"https:\\\/\\\/zonacaral.gob.pe\\\/es\\\/noticias\\\/domingo-1-de-junio-ingreso-gratuito-a-caral-aspero-y-vichama\\\/#breadcrumb\",\"itemListElement\":[{\"@type\":\"ListItem\",\"position\":1,\"name\":\"Portada\",\"item\":\"https:\\\/\\\/zonacaral.gob.pe\\\/\"},{\"@type\":\"ListItem\",\"position\":2,\"name\":\"Domingo, 1 de junio: INGRESO GRATUITO a Caral, \u00c1spero y Vichama\"}]},{\"@type\":\"WebSite\",\"@id\":\"https:\\\/\\\/zonacaral.gob.pe\\\/es\\\/#website\",\"url\":\"https:\\\/\\\/zonacaral.gob.pe\\\/es\\\/\",\"name\":\"Zona Caral\",\"description\":\"Investigamos, conservamos y difundimos el patrimonio cultural de la Civilizaci\u00f3n Caral, la m\u00e1s antigua de Am\u00e9rica.\",\"potentialAction\":[{\"@type\":\"SearchAction\",\"target\":{\"@type\":\"EntryPoint\",\"urlTemplate\":\"https:\\\/\\\/zonacaral.gob.pe\\\/es\\\/?s={search_term_string}\"},\"query-input\":{\"@type\":\"PropertyValueSpecification\",\"valueRequired\":true,\"valueName\":\"search_term_string\"}}],\"inLanguage\":\"en-US\"},{\"@type\":\"Person\",\"@id\":\"https:\\\/\\\/zonacaral.gob.pe\\\/es\\\/#\\\/schema\\\/person\\\/beddb4d22f71a7230c5b90913270a0ee\",\"name\":\"Zona Caral Administrador\",\"image\":{\"@type\":\"ImageObject\",\"inLanguage\":\"en-US\",\"@id\":\"https:\\\/\\\/secure.gravatar.com\\\/avatar\\\/e4be162918a696358376de6446614e0f0f4062bdc5d170d6d540ada3d8b58c12?s=96&d=mm&r=g\",\"url\":\"https:\\\/\\\/secure.gravatar.com\\\/avatar\\\/e4be162918a696358376de6446614e0f0f4062bdc5d170d6d540ada3d8b58c12?s=96&d=mm&r=g\",\"contentUrl\":\"https:\\\/\\\/secure.gravatar.com\\\/avatar\\\/e4be162918a696358376de6446614e0f0f4062bdc5d170d6d540ada3d8b58c12?s=96&d=mm&r=g\",\"caption\":\"Zona Caral Administrador\"},\"sameAs\":[\"https:\\\/\\\/zonacaral.gob.pe\"],\"url\":\"https:\\\/\\\/zonacaral.gob.pe\\\/en\\\/noticias\\\/author\\\/ad_zonacaral\\\/\"}]}<\/script>\n<!-- \/ Yoast SEO plugin. -->","yoast_head_json":{"title":"Domingo, 1 de junio: INGRESO GRATUITO a Caral, \u00c1spero y Vichama","description":"Lleg\u00f3 junio y en la Zona Arqueol\u00f3gica Caral te sorprendemos con el ingreso gratuito, solo el primer domingo de este mes, a los milenarios centros urbanos de la primera civilizaci\u00f3n de Am\u00e9rica: la Ciudad Sagrada de Caral-Supe, nuestro Patrimonio Mundial; tambi\u00e9n a \u00c1spero y Vichama, los cuales forman parte de la Ruta CARAL.","robots":{"index":"index","follow":"follow","max-snippet":"max-snippet:-1","max-image-preview":"max-image-preview:large","max-video-preview":"max-video-preview:-1"},"canonical":"https:\/\/zonacaral.gob.pe\/en\/noticias\/domingo-1-de-junio-ingreso-gratuito-a-caral-aspero-y-vichama\/","og_locale":"en_US","og_type":"article","og_title":"Domingo, 1 de junio: INGRESO GRATUITO a Caral, \u00c1spero y Vichama","og_description":"Lleg\u00f3 junio y en la Zona Arqueol\u00f3gica Caral te sorprendemos con el ingreso gratuito, solo el primer domingo de este mes, a los milenarios centros urbanos de la primera civilizaci\u00f3n de Am\u00e9rica: la Ciudad Sagrada de Caral-Supe, nuestro Patrimonio Mundial; tambi\u00e9n a \u00c1spero y Vichama, los cuales forman parte de la Ruta CARAL.","og_url":"https:\/\/zonacaral.gob.pe\/en\/noticias\/domingo-1-de-junio-ingreso-gratuito-a-caral-aspero-y-vichama\/","og_site_name":"Zona Caral","article_published_time":"2025-05-30T21:25:27+00:00","og_image":[{"width":1500,"height":841,"url":"https:\/\/zonacaral.gob.pe\/wp-content\/uploads\/2025\/05\/ingreso-gratis-1.jpg","type":"image\/jpeg"}],"author":"Zona Caral Administrador","twitter_card":"summary_large_image","twitter_misc":{"Written by":"Zona Caral Administrador","Est. reading time":"3 minutes"},"schema":{"@context":"https:\/\/schema.org","@graph":[{"@type":"Article","@id":"https:\/\/zonacaral.gob.pe\/es\/noticias\/domingo-1-de-junio-ingreso-gratuito-a-caral-aspero-y-vichama\/#article","isPartOf":{"@id":"https:\/\/zonacaral.gob.pe\/es\/noticias\/domingo-1-de-junio-ingreso-gratuito-a-caral-aspero-y-vichama\/"},"author":{"name":"Zona Caral Administrador","@id":"https:\/\/zonacaral.gob.pe\/es\/#\/schema\/person\/beddb4d22f71a7230c5b90913270a0ee"},"headline":"Domingo, 1 de junio: INGRESO GRATUITO a Caral, \u00c1spero y Vichama","datePublished":"2025-05-30T21:25:27+00:00","mainEntityOfPage":{"@id":"https:\/\/zonacaral.gob.pe\/es\/noticias\/domingo-1-de-junio-ingreso-gratuito-a-caral-aspero-y-vichama\/"},"wordCount":560,"image":{"@id":"https:\/\/zonacaral.gob.pe\/es\/noticias\/domingo-1-de-junio-ingreso-gratuito-a-caral-aspero-y-vichama\/#primaryimage"},"thumbnailUrl":"https:\/\/zonacaral.gob.pe\/wp-content\/uploads\/2025\/05\/ingreso-gratis-1.jpg","keywords":["caral","Cultura"],"articleSection":["noticias"],"inLanguage":"en-US"},{"@type":"WebPage","@id":"https:\/\/zonacaral.gob.pe\/es\/noticias\/domingo-1-de-junio-ingreso-gratuito-a-caral-aspero-y-vichama\/","url":"https:\/\/zonacaral.gob.pe\/es\/noticias\/domingo-1-de-junio-ingreso-gratuito-a-caral-aspero-y-vichama\/","name":"Domingo, 1 de junio: INGRESO GRATUITO a Caral, \u00c1spero y Vichama","isPartOf":{"@id":"https:\/\/zonacaral.gob.pe\/es\/#website"},"primaryImageOfPage":{"@id":"https:\/\/zonacaral.gob.pe\/es\/noticias\/domingo-1-de-junio-ingreso-gratuito-a-caral-aspero-y-vichama\/#primaryimage"},"image":{"@id":"https:\/\/zonacaral.gob.pe\/es\/noticias\/domingo-1-de-junio-ingreso-gratuito-a-caral-aspero-y-vichama\/#primaryimage"},"thumbnailUrl":"https:\/\/zonacaral.gob.pe\/wp-content\/uploads\/2025\/05\/ingreso-gratis-1.jpg","datePublished":"2025-05-30T21:25:27+00:00","author":{"@id":"https:\/\/zonacaral.gob.pe\/es\/#\/schema\/person\/beddb4d22f71a7230c5b90913270a0ee"},"description":"Lleg\u00f3 junio y en la Zona Arqueol\u00f3gica Caral te sorprendemos con el ingreso gratuito, solo el primer domingo de este mes, a los milenarios centros urbanos de la primera civilizaci\u00f3n de Am\u00e9rica: la Ciudad Sagrada de Caral-Supe, nuestro Patrimonio Mundial; tambi\u00e9n a \u00c1spero y Vichama, los cuales forman parte de la Ruta CARAL.","breadcrumb":{"@id":"https:\/\/zonacaral.gob.pe\/es\/noticias\/domingo-1-de-junio-ingreso-gratuito-a-caral-aspero-y-vichama\/#breadcrumb"},"inLanguage":"en-US","potentialAction":[{"@type":"ReadAction","target":["https:\/\/zonacaral.gob.pe\/es\/noticias\/domingo-1-de-junio-ingreso-gratuito-a-caral-aspero-y-vichama\/"]}]},{"@type":"ImageObject","inLanguage":"en-US","@id":"https:\/\/zonacaral.gob.pe\/es\/noticias\/domingo-1-de-junio-ingreso-gratuito-a-caral-aspero-y-vichama\/#primaryimage","url":"https:\/\/zonacaral.gob.pe\/wp-content\/uploads\/2025\/05\/ingreso-gratis-1.jpg","contentUrl":"https:\/\/zonacaral.gob.pe\/wp-content\/uploads\/2025\/05\/ingreso-gratis-1.jpg","width":1500,"height":841},{"@type":"BreadcrumbList","@id":"https:\/\/zonacaral.gob.pe\/es\/noticias\/domingo-1-de-junio-ingreso-gratuito-a-caral-aspero-y-vichama\/#breadcrumb","itemListElement":[{"@type":"ListItem","position":1,"name":"Portada","item":"https:\/\/zonacaral.gob.pe\/"},{"@type":"ListItem","position":2,"name":"Domingo, 1 de junio: INGRESO GRATUITO a Caral, \u00c1spero y Vichama"}]},{"@type":"WebSite","@id":"https:\/\/zonacaral.gob.pe\/es\/#website","url":"https:\/\/zonacaral.gob.pe\/es\/","name":"Zona Caral","description":"Investigamos, conservamos y difundimos el patrimonio cultural de la Civilizaci\u00f3n Caral, la m\u00e1s antigua de Am\u00e9rica.","potentialAction":[{"@type":"SearchAction","target":{"@type":"EntryPoint","urlTemplate":"https:\/\/zonacaral.gob.pe\/es\/?s={search_term_string}"},"query-input":{"@type":"PropertyValueSpecification","valueRequired":true,"valueName":"search_term_string"}}],"inLanguage":"en-US"},{"@type":"Person","@id":"https:\/\/zonacaral.gob.pe\/es\/#\/schema\/person\/beddb4d22f71a7230c5b90913270a0ee","name":"Zona Caral Administrador","image":{"@type":"ImageObject","inLanguage":"en-US","@id":"https:\/\/secure.gravatar.com\/avatar\/e4be162918a696358376de6446614e0f0f4062bdc5d170d6d540ada3d8b58c12?s=96&d=mm&r=g","url":"https:\/\/secure.gravatar.com\/avatar\/e4be162918a696358376de6446614e0f0f4062bdc5d170d6d540ada3d8b58c12?s=96&d=mm&r=g","contentUrl":"https:\/\/secure.gravatar.com\/avatar\/e4be162918a696358376de6446614e0f0f4062bdc5d170d6d540ada3d8b58c12?s=96&d=mm&r=g","caption":"Zona Caral Administrador"},"sameAs":["https:\/\/zonacaral.gob.pe"],"url":"https:\/\/zonacaral.gob.pe\/en\/noticias\/author\/ad_zonacaral\/"}]}},"_links":{"self":[{"href":"https:\/\/zonacaral.gob.pe\/en\/wp-json\/wp\/v2\/posts\/18393","targetHints":{"allow":["GET"]}}],"collection":[{"href":"https:\/\/zonacaral.gob.pe\/en\/wp-json\/wp\/v2\/posts"}],"about":[{"href":"https:\/\/zonacaral.gob.pe\/en\/wp-json\/wp\/v2\/types\/post"}],"author":[{"embeddable":true,"href":"https:\/\/zonacaral.gob.pe\/en\/wp-json\/wp\/v2\/users\/1"}],"replies":[{"embeddable":true,"href":"https:\/\/zonacaral.gob.pe\/en\/wp-json\/wp\/v2\/comments?post=18393"}],"version-history":[{"count":0,"href":"https:\/\/zonacaral.gob.pe\/en\/wp-json\/wp\/v2\/posts\/18393\/revisions"}],"wp:featuredmedia":[{"embeddable":true,"href":"https:\/\/zonacaral.gob.pe\/en\/wp-json\/wp\/v2\/media\/18394"}],"wp:attachment":[{"href":"https:\/\/zonacaral.gob.pe\/en\/wp-json\/wp\/v2\/media?parent=18393"}],"wp:term":[{"taxonomy":"category","embeddable":true,"href":"https:\/\/zonacaral.gob.pe\/en\/wp-json\/wp\/v2\/categories?post=18393"},{"taxonomy":"post_tag","embeddable":true,"href":"https:\/\/zonacaral.gob.pe\/en\/wp-json\/wp\/v2\/tags?post=18393"}],"curies":[{"name":"wp","href":"https:\/\/api.w.org\/{rel}","templated":true}]}}