{"id":18400,"date":"2025-05-30T17:18:45","date_gmt":"2025-05-30T22:18:45","guid":{"rendered":"https:\/\/www.zonacaral.gob.pe\/?p=18400"},"modified":"2025-05-30T17:18:45","modified_gmt":"2025-05-30T22:18:45","slug":"dia-internacional-de-la-papa-un-milenario-alimento-desde-caral","status":"publish","type":"post","link":"https:\/\/zonacaral.gob.pe\/en\/noticias\/dia-internacional-de-la-papa-un-milenario-alimento-desde-caral\/","title":{"rendered":"D\u00eda Internacional de la Papa: un milenario alimento desde Caral"},"content":{"rendered":"<figure class=\"pic-autor\" style=\"color: #4d4d4d; text-align: justify;\"><\/figure>\n<div class=\"gmail_default\" style=\"text-align: justify;\">\n<blockquote>\n<p><i><span style=\"font-weight: 400;\">Producto milenario, s\u00edmbolo de identidad y riqueza cultural.<\/span><\/i><\/p>\n<\/blockquote>\n<p><span style=\"font-weight: 400;\">La papa (<\/span><i><span style=\"font-weight: 400;\">Solanum tuberosum<\/span><\/i><span style=\"font-weight: 400;\">) es considerada uno de los aportes alimenticios m\u00e1s significativos de la regi\u00f3n andina al mundo, que contribuye de manera esencial a la seguridad alimentaria global. Nuestro pa\u00eds, Per\u00fa, se erige como uno de los principales productores de este tub\u00e9rculo que, desde los albores de la civilizaci\u00f3n en Am\u00e9rica, cumpli\u00f3 un rol multifac\u00e9tico: alimento b\u00e1sico, ofrenda sagrada y producto de intercambio.<\/span><\/p>\n<p><span style=\"font-weight: 400;\">Investigaciones realizadas por la <\/span><a href=\"https:\/\/www.instagram.com\/caralperu\/?hl=es\"><span style=\"font-weight: 400;\">Zona Arqueol\u00f3gica Caral<\/span><\/a><span style=\"font-weight: 400;\"> (ZAC), Unidad Ejecutora 003 del Ministerio de Cultura del Per\u00fa, han develado evidencias contundentes sobre el papel fundamental que desempe\u00f1\u00f3 la papa en la dieta y las pr\u00e1cticas sociales de la Civilizaci\u00f3n Caral (3000\u20131800 a. C.).<\/span><\/p>\n<p><span style=\"font-weight: 400;\">Los estudios arqueom\u00e9tricos se\u00f1alan que los tub\u00e9rculos, entre ellos la papa, constituyeron una de las principales fuentes de carbohidratos. Si bien los restos macrobot\u00e1nicos (visibles a simple vista) son escasos \u2014debido al consumo integral de los tub\u00e9rculos o a la dificultad de su conservaci\u00f3n\u2014, se han registrado evidencias de papa en contextos rituales, incluyendo ofrendas ceremoniales y entierros humanos.<\/span><\/p>\n<p><span style=\"font-weight: 400;\">Un testimonio elocuente de ello se encuentra en el contexto funerario de la Dama de los Cuatro Tupus, uno de los entierros m\u00e1s notables recuperados en el sitio arqueol\u00f3gico de \u00c1spero. Junto a valiosos objetos simb\u00f3licos, como prendedores de hueso (tupus) y collares preciados (elaborados con valvas de moluscos y concha de <\/span><i><span style=\"font-weight: 400;\">Spondylus<\/span><\/i><span style=\"font-weight: 400;\">), destac\u00f3 una ofrenda de papa, subrayando as\u00ed la importancia ritual, social y cultural de este alimento en la vida cotidiana e ideol\u00f3gica de la civilizaci\u00f3n Caral.<\/span><\/p>\n<p><span style=\"font-weight: 400;\">Asimismo, los an\u00e1lisis del sarro dental de individuos procedentes de la Ciudad Sagrada de Caral-Supe, Patrimonio Mundial, y de \u00c1spero, Ciudad Pesquera, identificaron la presencia de granos de almid\u00f3n de papa. El almid\u00f3n, sustancia microsc\u00f3pica que las plantas almacenan como reserva energ\u00e9tica \u2014formada por cadenas de glucosa\u2014, al hallarse en dentaduras milenarias, constituye una prueba directa y concreta del consumo habitual de este tub\u00e9rculo por parte de estas poblaciones.<\/span><\/p>\n<p><span style=\"font-weight: 400;\">Dado que las condiciones clim\u00e1ticas de la costa central peruana no eran propicias para el cultivo de papa hace m\u00e1s de 4,000 a\u00f1os, se infiere que este alimento fue obtenido mediante&nbsp;<\/span><\/p>\n<p><span style=\"font-weight: 400;\">redes de intercambio con comunidades de las tierras altas. Esta evidencia respalda la existencia de una econom\u00eda articulada y de relaciones interregionales complejas desde \u00e9pocas muy tempranas.<\/span><\/p>\n<p><span style=\"font-weight: 400;\">Actualmente, la Zona Arqueol\u00f3gica Caral y el Centro Internacional de la Papa desarrollan estudios gen\u00e9ticos con el objetivo de profundizar en los procesos de domesticaci\u00f3n de la papa y rastrear los flujos de material gen\u00e9tico entre regiones durante el periodo de la civilizaci\u00f3n Caral. Estos estudios permitir\u00e1n reconstruir la historia evolutiva de uno de los cultivos m\u00e1s emblem\u00e1ticos del mundo andino y su relevancia en las civilizaciones originarias del Per\u00fa.<\/span><\/p>\n<p><b>LA PAPA EN LA ACTUALIDAD<\/b><\/p>\n<p><span style=\"font-weight: 400;\">Nuestro pa\u00eds es reconocido como cuna de la producci\u00f3n de papa, de la cual alberga m\u00e1s de cuatro mil variedades, cada una con caracter\u00edsticas \u00fanicas en sabor, textura, color y forma.<\/span><\/p>\n<p><span style=\"font-weight: 400;\">Desde las papas nativas, cultivadas en las alturas de los Andes peruanos, hasta las variedades comerciales, cada una posee un prop\u00f3sito culinario distintivo. Algunas son ideales para preparar pur\u00e9s cremosos, otras para lograr frituras crujientes, hervidos consistentes o incluso para deshidratar y transformar en chu\u00f1o, un producto tradicional andino de larga conservaci\u00f3n.<\/span><\/p>\n<p><span style=\"font-weight: 400;\">En la actualidad, la papa tambi\u00e9n es objeto de investigaciones cient\u00edficas y programas de conservaci\u00f3n que buscan preservar su invaluable biodiversidad. Adem\u00e1s, representa una fuente primordial de trabajo y de ingresos para miles de familias peruanas.<\/span><\/p>\n<p><span style=\"font-weight: 400;\">Este legado agr\u00edcola contin\u00faa posicionando a Per\u00fa como el epicentro global de la diversidad de la papa.<\/span><\/p>\n<p><b>PAPA NUTRITIVA<\/b><\/p>\n<p><span style=\"font-weight: 400;\">Los nutricionistas recomiendan incluir la papa en la alimentaci\u00f3n diaria por sus m\u00faltiples beneficios nutricionales: \u201cEs fuente de energ\u00eda natural, rica en carbohidratos complejos, especialmente almid\u00f3n, que proporciona energ\u00eda sostenida y favorece la salud intestinal. Tiene nutrientes esenciales y aporta vitaminas como la C, B6 y \u00e1cido f\u00f3lico, adem\u00e1s de minerales como potasio, hierro y f\u00f3sforo, sostuvo la nutricionista Mayra Garay Rosadio del Portal Salud en Casa.<\/span><\/p>\n<p><span style=\"font-weight: 400;\">\u201cLa papa es baja en grasas y colesterol, consumida adecuadamente, por lo que la convierte en una opci\u00f3n saludable para diversas dietas. Y es un producto vers\u00e1til en la gastronom\u00eda. Su adaptabilidad en la cocina permite su inclusi\u00f3n en una amplia variedad de platos, desde pur\u00e9s hasta guisos, facilitando su consumo regular\u201d, agreg\u00f3.<\/span><\/p>\n<p><b>DATO<\/b><\/p>\n<p><span style=\"font-weight: 400;\">Conoce m\u00e1s sobre la Civilizaci\u00f3n Caral visitando la exposici\u00f3n museogr\u00e1fica gratuita \u00abTecnolog\u00eda Pesquera y Seguridad Alimentaria para Combatir la Anemia\u00bb, que adem\u00e1s te brinda la oportunidad de conocer gratuitamente la Ciudad Sagrada de Caral-Supe, Patrimonio Mundial, y \u00c1spero, ciudad pesquera.<\/span><\/p>\n<p><span style=\"font-weight: 400;\">\u00bfQu\u00e9 debes hacer? Solo reg\u00edstrate al finalizar el recorrido por la muestra ubicada en la sala Paracas del Ministerio de Cultura (Av. Javier Prado Este 2465, San Borja), de martes a domingo, de 9:00 a. m. a 4:00 p. m. D\u00eda del sorteo: jueves 5 de junio.<\/span><\/p>\n<p><strong style=\"font-size: inherit; text-align: justify;\">Fuente: Comunicaci\u00f3n e Imagen Institucional ZAC<\/strong><\/p>\n<\/div>\n<div style=\"color: #1f1f1f;\">\n<div style=\"color: #1f1f1f;\">\n<p style=\"text-align: justify;\">Fecha de publicaci\u00f3n: 30\/05\/2025<\/p>\n<\/div>\n<\/div>\n\n\n<p><\/p>","protected":false},"excerpt":{"rendered":"<p>Producto milenario, s\u00edmbolo de identidad y riqueza cultural. La papa (Solanum tuberosum) es considerada uno de los aportes alimenticios m\u00e1s [&hellip;]<\/p>\n","protected":false},"author":1,"featured_media":18401,"comment_status":"closed","ping_status":"open","sticky":false,"template":"","format":"standard","meta":{"_acf_changed":false,"site-sidebar-layout":"default","site-content-layout":"","ast-site-content-layout":"default","site-content-style":"default","site-sidebar-style":"default","ast-global-header-display":"","ast-banner-title-visibility":"","ast-main-header-display":"","ast-hfb-above-header-display":"","ast-hfb-below-header-display":"","ast-hfb-mobile-header-display":"","site-post-title":"","ast-breadcrumbs-content":"","ast-featured-img":"","footer-sml-layout":"","ast-disable-related-posts":"","theme-transparent-header-meta":"","adv-header-id-meta":"","stick-header-meta":"","header-above-stick-meta":"","header-main-stick-meta":"","header-below-stick-meta":"","astra-migrate-meta-layouts":"default","ast-page-background-enabled":"default","ast-page-background-meta":{"desktop":{"background-color":"var(--ast-global-color-5)","background-image":"","background-repeat":"repeat","background-position":"center center","background-size":"auto","background-attachment":"scroll","background-type":"","background-media":"","overlay-type":"","overlay-color":"","overlay-opacity":"","overlay-gradient":""},"tablet":{"background-color":"","background-image":"","background-repeat":"repeat","background-position":"center center","background-size":"auto","background-attachment":"scroll","background-type":"","background-media":"","overlay-type":"","overlay-color":"","overlay-opacity":"","overlay-gradient":""},"mobile":{"background-color":"","background-image":"","background-repeat":"repeat","background-position":"center center","background-size":"auto","background-attachment":"scroll","background-type":"","background-media":"","overlay-type":"","overlay-color":"","overlay-opacity":"","overlay-gradient":""}},"ast-content-background-meta":{"desktop":{"background-color":"var(--ast-global-color-4)","background-image":"","background-repeat":"repeat","background-position":"center center","background-size":"auto","background-attachment":"scroll","background-type":"","background-media":"","overlay-type":"","overlay-color":"","overlay-opacity":"","overlay-gradient":""},"tablet":{"background-color":"var(--ast-global-color-4)","background-image":"","background-repeat":"repeat","background-position":"center center","background-size":"auto","background-attachment":"scroll","background-type":"","background-media":"","overlay-type":"","overlay-color":"","overlay-opacity":"","overlay-gradient":""},"mobile":{"background-color":"var(--ast-global-color-4)","background-image":"","background-repeat":"repeat","background-position":"center center","background-size":"auto","background-attachment":"scroll","background-type":"","background-media":"","overlay-type":"","overlay-color":"","overlay-opacity":"","overlay-gradient":""}},"footnotes":""},"categories":[208],"tags":[55,72],"class_list":["post-18400","post","type-post","status-publish","format-standard","has-post-thumbnail","hentry","category-noticias","tag-caral","tag-cultura"],"acf":[],"yoast_head":"<!-- This site is optimized with the Yoast SEO plugin v27.3 - https:\/\/yoast.com\/product\/yoast-seo-wordpress\/ -->\n<title>D\u00eda Internacional de la Papa: un milenario alimento desde Caral<\/title>\n<meta name=\"description\" content=\"La papa (Solanum tuberosum) es considerada uno de los aportes alimenticios m\u00e1s significativos de la regi\u00f3n andina al mundo, que contribuye de manera esencial a la seguridad alimentaria global. Nuestro pa\u00eds, Per\u00fa, se erige como uno de los principales productores de este tub\u00e9rculo que, desde los albores de la civilizaci\u00f3n en Am\u00e9rica, cumpli\u00f3 un rol multifac\u00e9tico: alimento b\u00e1sico, ofrenda sagrada y producto de intercambio.\" \/>\n<meta name=\"robots\" content=\"index, follow, max-snippet:-1, max-image-preview:large, max-video-preview:-1\" \/>\n<link rel=\"canonical\" href=\"https:\/\/zonacaral.gob.pe\/en\/noticias\/dia-internacional-de-la-papa-un-milenario-alimento-desde-caral\/\" \/>\n<meta property=\"og:locale\" content=\"en_US\" \/>\n<meta property=\"og:type\" content=\"article\" \/>\n<meta property=\"og:title\" content=\"D\u00eda Internacional de la Papa: un milenario alimento desde Caral\" \/>\n<meta property=\"og:description\" content=\"La papa (Solanum tuberosum) es considerada uno de los aportes alimenticios m\u00e1s significativos de la regi\u00f3n andina al mundo, que contribuye de manera esencial a la seguridad alimentaria global. Nuestro pa\u00eds, Per\u00fa, se erige como uno de los principales productores de este tub\u00e9rculo que, desde los albores de la civilizaci\u00f3n en Am\u00e9rica, cumpli\u00f3 un rol multifac\u00e9tico: alimento b\u00e1sico, ofrenda sagrada y producto de intercambio.\" \/>\n<meta property=\"og:url\" content=\"https:\/\/zonacaral.gob.pe\/en\/noticias\/dia-internacional-de-la-papa-un-milenario-alimento-desde-caral\/\" \/>\n<meta property=\"og:site_name\" content=\"Zona Caral\" \/>\n<meta property=\"article:published_time\" content=\"2025-05-30T22:18:45+00:00\" \/>\n<meta property=\"og:image\" content=\"https:\/\/zonacaral.gob.pe\/wp-content\/uploads\/2025\/05\/dia-de-la-papa-1.jpg\" \/>\n\t<meta property=\"og:image:width\" content=\"1500\" \/>\n\t<meta property=\"og:image:height\" content=\"841\" \/>\n\t<meta property=\"og:image:type\" content=\"image\/jpeg\" \/>\n<meta name=\"author\" content=\"Zona Caral Administrador\" \/>\n<meta name=\"twitter:card\" content=\"summary_large_image\" \/>\n<meta name=\"twitter:label1\" content=\"Written by\" \/>\n\t<meta name=\"twitter:data1\" content=\"Zona Caral Administrador\" \/>\n\t<meta name=\"twitter:label2\" content=\"Est. reading time\" \/>\n\t<meta name=\"twitter:data2\" content=\"4 minutes\" \/>\n<script type=\"application\/ld+json\" class=\"yoast-schema-graph\">{\"@context\":\"https:\\\/\\\/schema.org\",\"@graph\":[{\"@type\":\"Article\",\"@id\":\"https:\\\/\\\/zonacaral.gob.pe\\\/es\\\/noticias\\\/dia-internacional-de-la-papa-un-milenario-alimento-desde-caral\\\/#article\",\"isPartOf\":{\"@id\":\"https:\\\/\\\/zonacaral.gob.pe\\\/es\\\/noticias\\\/dia-internacional-de-la-papa-un-milenario-alimento-desde-caral\\\/\"},\"author\":{\"name\":\"Zona Caral Administrador\",\"@id\":\"https:\\\/\\\/zonacaral.gob.pe\\\/es\\\/#\\\/schema\\\/person\\\/beddb4d22f71a7230c5b90913270a0ee\"},\"headline\":\"D\u00eda Internacional de la Papa: un milenario alimento desde Caral\",\"datePublished\":\"2025-05-30T22:18:45+00:00\",\"mainEntityOfPage\":{\"@id\":\"https:\\\/\\\/zonacaral.gob.pe\\\/es\\\/noticias\\\/dia-internacional-de-la-papa-un-milenario-alimento-desde-caral\\\/\"},\"wordCount\":893,\"image\":{\"@id\":\"https:\\\/\\\/zonacaral.gob.pe\\\/es\\\/noticias\\\/dia-internacional-de-la-papa-un-milenario-alimento-desde-caral\\\/#primaryimage\"},\"thumbnailUrl\":\"https:\\\/\\\/zonacaral.gob.pe\\\/wp-content\\\/uploads\\\/2025\\\/05\\\/dia-de-la-papa-1.jpg\",\"keywords\":[\"caral\",\"Cultura\"],\"articleSection\":[\"noticias\"],\"inLanguage\":\"en-US\"},{\"@type\":\"WebPage\",\"@id\":\"https:\\\/\\\/zonacaral.gob.pe\\\/es\\\/noticias\\\/dia-internacional-de-la-papa-un-milenario-alimento-desde-caral\\\/\",\"url\":\"https:\\\/\\\/zonacaral.gob.pe\\\/es\\\/noticias\\\/dia-internacional-de-la-papa-un-milenario-alimento-desde-caral\\\/\",\"name\":\"D\u00eda Internacional de la Papa: un milenario alimento desde Caral\",\"isPartOf\":{\"@id\":\"https:\\\/\\\/zonacaral.gob.pe\\\/es\\\/#website\"},\"primaryImageOfPage\":{\"@id\":\"https:\\\/\\\/zonacaral.gob.pe\\\/es\\\/noticias\\\/dia-internacional-de-la-papa-un-milenario-alimento-desde-caral\\\/#primaryimage\"},\"image\":{\"@id\":\"https:\\\/\\\/zonacaral.gob.pe\\\/es\\\/noticias\\\/dia-internacional-de-la-papa-un-milenario-alimento-desde-caral\\\/#primaryimage\"},\"thumbnailUrl\":\"https:\\\/\\\/zonacaral.gob.pe\\\/wp-content\\\/uploads\\\/2025\\\/05\\\/dia-de-la-papa-1.jpg\",\"datePublished\":\"2025-05-30T22:18:45+00:00\",\"author\":{\"@id\":\"https:\\\/\\\/zonacaral.gob.pe\\\/es\\\/#\\\/schema\\\/person\\\/beddb4d22f71a7230c5b90913270a0ee\"},\"description\":\"La papa (Solanum tuberosum) es considerada uno de los aportes alimenticios m\u00e1s significativos de la regi\u00f3n andina al mundo, que contribuye de manera esencial a la seguridad alimentaria global. Nuestro pa\u00eds, Per\u00fa, se erige como uno de los principales productores de este tub\u00e9rculo que, desde los albores de la civilizaci\u00f3n en Am\u00e9rica, cumpli\u00f3 un rol multifac\u00e9tico: alimento b\u00e1sico, ofrenda sagrada y producto de intercambio.\",\"breadcrumb\":{\"@id\":\"https:\\\/\\\/zonacaral.gob.pe\\\/es\\\/noticias\\\/dia-internacional-de-la-papa-un-milenario-alimento-desde-caral\\\/#breadcrumb\"},\"inLanguage\":\"en-US\",\"potentialAction\":[{\"@type\":\"ReadAction\",\"target\":[\"https:\\\/\\\/zonacaral.gob.pe\\\/es\\\/noticias\\\/dia-internacional-de-la-papa-un-milenario-alimento-desde-caral\\\/\"]}]},{\"@type\":\"ImageObject\",\"inLanguage\":\"en-US\",\"@id\":\"https:\\\/\\\/zonacaral.gob.pe\\\/es\\\/noticias\\\/dia-internacional-de-la-papa-un-milenario-alimento-desde-caral\\\/#primaryimage\",\"url\":\"https:\\\/\\\/zonacaral.gob.pe\\\/wp-content\\\/uploads\\\/2025\\\/05\\\/dia-de-la-papa-1.jpg\",\"contentUrl\":\"https:\\\/\\\/zonacaral.gob.pe\\\/wp-content\\\/uploads\\\/2025\\\/05\\\/dia-de-la-papa-1.jpg\",\"width\":1500,\"height\":841},{\"@type\":\"BreadcrumbList\",\"@id\":\"https:\\\/\\\/zonacaral.gob.pe\\\/es\\\/noticias\\\/dia-internacional-de-la-papa-un-milenario-alimento-desde-caral\\\/#breadcrumb\",\"itemListElement\":[{\"@type\":\"ListItem\",\"position\":1,\"name\":\"Portada\",\"item\":\"https:\\\/\\\/zonacaral.gob.pe\\\/\"},{\"@type\":\"ListItem\",\"position\":2,\"name\":\"D\u00eda Internacional de la Papa: un milenario alimento desde Caral\"}]},{\"@type\":\"WebSite\",\"@id\":\"https:\\\/\\\/zonacaral.gob.pe\\\/es\\\/#website\",\"url\":\"https:\\\/\\\/zonacaral.gob.pe\\\/es\\\/\",\"name\":\"Zona Caral\",\"description\":\"Investigamos, conservamos y difundimos el patrimonio cultural de la Civilizaci\u00f3n Caral, la m\u00e1s antigua de Am\u00e9rica.\",\"potentialAction\":[{\"@type\":\"SearchAction\",\"target\":{\"@type\":\"EntryPoint\",\"urlTemplate\":\"https:\\\/\\\/zonacaral.gob.pe\\\/es\\\/?s={search_term_string}\"},\"query-input\":{\"@type\":\"PropertyValueSpecification\",\"valueRequired\":true,\"valueName\":\"search_term_string\"}}],\"inLanguage\":\"en-US\"},{\"@type\":\"Person\",\"@id\":\"https:\\\/\\\/zonacaral.gob.pe\\\/es\\\/#\\\/schema\\\/person\\\/beddb4d22f71a7230c5b90913270a0ee\",\"name\":\"Zona Caral Administrador\",\"image\":{\"@type\":\"ImageObject\",\"inLanguage\":\"en-US\",\"@id\":\"https:\\\/\\\/secure.gravatar.com\\\/avatar\\\/e4be162918a696358376de6446614e0f0f4062bdc5d170d6d540ada3d8b58c12?s=96&d=mm&r=g\",\"url\":\"https:\\\/\\\/secure.gravatar.com\\\/avatar\\\/e4be162918a696358376de6446614e0f0f4062bdc5d170d6d540ada3d8b58c12?s=96&d=mm&r=g\",\"contentUrl\":\"https:\\\/\\\/secure.gravatar.com\\\/avatar\\\/e4be162918a696358376de6446614e0f0f4062bdc5d170d6d540ada3d8b58c12?s=96&d=mm&r=g\",\"caption\":\"Zona Caral Administrador\"},\"sameAs\":[\"https:\\\/\\\/zonacaral.gob.pe\"],\"url\":\"https:\\\/\\\/zonacaral.gob.pe\\\/en\\\/noticias\\\/author\\\/ad_zonacaral\\\/\"}]}<\/script>\n<!-- \/ Yoast SEO plugin. -->","yoast_head_json":{"title":"D\u00eda Internacional de la Papa: un milenario alimento desde Caral","description":"La papa (Solanum tuberosum) es considerada uno de los aportes alimenticios m\u00e1s significativos de la regi\u00f3n andina al mundo, que contribuye de manera esencial a la seguridad alimentaria global. Nuestro pa\u00eds, Per\u00fa, se erige como uno de los principales productores de este tub\u00e9rculo que, desde los albores de la civilizaci\u00f3n en Am\u00e9rica, cumpli\u00f3 un rol multifac\u00e9tico: alimento b\u00e1sico, ofrenda sagrada y producto de intercambio.","robots":{"index":"index","follow":"follow","max-snippet":"max-snippet:-1","max-image-preview":"max-image-preview:large","max-video-preview":"max-video-preview:-1"},"canonical":"https:\/\/zonacaral.gob.pe\/en\/noticias\/dia-internacional-de-la-papa-un-milenario-alimento-desde-caral\/","og_locale":"en_US","og_type":"article","og_title":"D\u00eda Internacional de la Papa: un milenario alimento desde Caral","og_description":"La papa (Solanum tuberosum) es considerada uno de los aportes alimenticios m\u00e1s significativos de la regi\u00f3n andina al mundo, que contribuye de manera esencial a la seguridad alimentaria global. Nuestro pa\u00eds, Per\u00fa, se erige como uno de los principales productores de este tub\u00e9rculo que, desde los albores de la civilizaci\u00f3n en Am\u00e9rica, cumpli\u00f3 un rol multifac\u00e9tico: alimento b\u00e1sico, ofrenda sagrada y producto de intercambio.","og_url":"https:\/\/zonacaral.gob.pe\/en\/noticias\/dia-internacional-de-la-papa-un-milenario-alimento-desde-caral\/","og_site_name":"Zona Caral","article_published_time":"2025-05-30T22:18:45+00:00","og_image":[{"width":1500,"height":841,"url":"https:\/\/zonacaral.gob.pe\/wp-content\/uploads\/2025\/05\/dia-de-la-papa-1.jpg","type":"image\/jpeg"}],"author":"Zona Caral Administrador","twitter_card":"summary_large_image","twitter_misc":{"Written by":"Zona Caral Administrador","Est. reading time":"4 minutes"},"schema":{"@context":"https:\/\/schema.org","@graph":[{"@type":"Article","@id":"https:\/\/zonacaral.gob.pe\/es\/noticias\/dia-internacional-de-la-papa-un-milenario-alimento-desde-caral\/#article","isPartOf":{"@id":"https:\/\/zonacaral.gob.pe\/es\/noticias\/dia-internacional-de-la-papa-un-milenario-alimento-desde-caral\/"},"author":{"name":"Zona Caral Administrador","@id":"https:\/\/zonacaral.gob.pe\/es\/#\/schema\/person\/beddb4d22f71a7230c5b90913270a0ee"},"headline":"D\u00eda Internacional de la Papa: un milenario alimento desde Caral","datePublished":"2025-05-30T22:18:45+00:00","mainEntityOfPage":{"@id":"https:\/\/zonacaral.gob.pe\/es\/noticias\/dia-internacional-de-la-papa-un-milenario-alimento-desde-caral\/"},"wordCount":893,"image":{"@id":"https:\/\/zonacaral.gob.pe\/es\/noticias\/dia-internacional-de-la-papa-un-milenario-alimento-desde-caral\/#primaryimage"},"thumbnailUrl":"https:\/\/zonacaral.gob.pe\/wp-content\/uploads\/2025\/05\/dia-de-la-papa-1.jpg","keywords":["caral","Cultura"],"articleSection":["noticias"],"inLanguage":"en-US"},{"@type":"WebPage","@id":"https:\/\/zonacaral.gob.pe\/es\/noticias\/dia-internacional-de-la-papa-un-milenario-alimento-desde-caral\/","url":"https:\/\/zonacaral.gob.pe\/es\/noticias\/dia-internacional-de-la-papa-un-milenario-alimento-desde-caral\/","name":"D\u00eda Internacional de la Papa: un milenario alimento desde Caral","isPartOf":{"@id":"https:\/\/zonacaral.gob.pe\/es\/#website"},"primaryImageOfPage":{"@id":"https:\/\/zonacaral.gob.pe\/es\/noticias\/dia-internacional-de-la-papa-un-milenario-alimento-desde-caral\/#primaryimage"},"image":{"@id":"https:\/\/zonacaral.gob.pe\/es\/noticias\/dia-internacional-de-la-papa-un-milenario-alimento-desde-caral\/#primaryimage"},"thumbnailUrl":"https:\/\/zonacaral.gob.pe\/wp-content\/uploads\/2025\/05\/dia-de-la-papa-1.jpg","datePublished":"2025-05-30T22:18:45+00:00","author":{"@id":"https:\/\/zonacaral.gob.pe\/es\/#\/schema\/person\/beddb4d22f71a7230c5b90913270a0ee"},"description":"La papa (Solanum tuberosum) es considerada uno de los aportes alimenticios m\u00e1s significativos de la regi\u00f3n andina al mundo, que contribuye de manera esencial a la seguridad alimentaria global. Nuestro pa\u00eds, Per\u00fa, se erige como uno de los principales productores de este tub\u00e9rculo que, desde los albores de la civilizaci\u00f3n en Am\u00e9rica, cumpli\u00f3 un rol multifac\u00e9tico: alimento b\u00e1sico, ofrenda sagrada y producto de intercambio.","breadcrumb":{"@id":"https:\/\/zonacaral.gob.pe\/es\/noticias\/dia-internacional-de-la-papa-un-milenario-alimento-desde-caral\/#breadcrumb"},"inLanguage":"en-US","potentialAction":[{"@type":"ReadAction","target":["https:\/\/zonacaral.gob.pe\/es\/noticias\/dia-internacional-de-la-papa-un-milenario-alimento-desde-caral\/"]}]},{"@type":"ImageObject","inLanguage":"en-US","@id":"https:\/\/zonacaral.gob.pe\/es\/noticias\/dia-internacional-de-la-papa-un-milenario-alimento-desde-caral\/#primaryimage","url":"https:\/\/zonacaral.gob.pe\/wp-content\/uploads\/2025\/05\/dia-de-la-papa-1.jpg","contentUrl":"https:\/\/zonacaral.gob.pe\/wp-content\/uploads\/2025\/05\/dia-de-la-papa-1.jpg","width":1500,"height":841},{"@type":"BreadcrumbList","@id":"https:\/\/zonacaral.gob.pe\/es\/noticias\/dia-internacional-de-la-papa-un-milenario-alimento-desde-caral\/#breadcrumb","itemListElement":[{"@type":"ListItem","position":1,"name":"Portada","item":"https:\/\/zonacaral.gob.pe\/"},{"@type":"ListItem","position":2,"name":"D\u00eda Internacional de la Papa: un milenario alimento desde Caral"}]},{"@type":"WebSite","@id":"https:\/\/zonacaral.gob.pe\/es\/#website","url":"https:\/\/zonacaral.gob.pe\/es\/","name":"Zona Caral","description":"Investigamos, conservamos y difundimos el patrimonio cultural de la Civilizaci\u00f3n Caral, la m\u00e1s antigua de Am\u00e9rica.","potentialAction":[{"@type":"SearchAction","target":{"@type":"EntryPoint","urlTemplate":"https:\/\/zonacaral.gob.pe\/es\/?s={search_term_string}"},"query-input":{"@type":"PropertyValueSpecification","valueRequired":true,"valueName":"search_term_string"}}],"inLanguage":"en-US"},{"@type":"Person","@id":"https:\/\/zonacaral.gob.pe\/es\/#\/schema\/person\/beddb4d22f71a7230c5b90913270a0ee","name":"Zona Caral Administrador","image":{"@type":"ImageObject","inLanguage":"en-US","@id":"https:\/\/secure.gravatar.com\/avatar\/e4be162918a696358376de6446614e0f0f4062bdc5d170d6d540ada3d8b58c12?s=96&d=mm&r=g","url":"https:\/\/secure.gravatar.com\/avatar\/e4be162918a696358376de6446614e0f0f4062bdc5d170d6d540ada3d8b58c12?s=96&d=mm&r=g","contentUrl":"https:\/\/secure.gravatar.com\/avatar\/e4be162918a696358376de6446614e0f0f4062bdc5d170d6d540ada3d8b58c12?s=96&d=mm&r=g","caption":"Zona Caral Administrador"},"sameAs":["https:\/\/zonacaral.gob.pe"],"url":"https:\/\/zonacaral.gob.pe\/en\/noticias\/author\/ad_zonacaral\/"}]}},"_links":{"self":[{"href":"https:\/\/zonacaral.gob.pe\/en\/wp-json\/wp\/v2\/posts\/18400","targetHints":{"allow":["GET"]}}],"collection":[{"href":"https:\/\/zonacaral.gob.pe\/en\/wp-json\/wp\/v2\/posts"}],"about":[{"href":"https:\/\/zonacaral.gob.pe\/en\/wp-json\/wp\/v2\/types\/post"}],"author":[{"embeddable":true,"href":"https:\/\/zonacaral.gob.pe\/en\/wp-json\/wp\/v2\/users\/1"}],"replies":[{"embeddable":true,"href":"https:\/\/zonacaral.gob.pe\/en\/wp-json\/wp\/v2\/comments?post=18400"}],"version-history":[{"count":0,"href":"https:\/\/zonacaral.gob.pe\/en\/wp-json\/wp\/v2\/posts\/18400\/revisions"}],"wp:featuredmedia":[{"embeddable":true,"href":"https:\/\/zonacaral.gob.pe\/en\/wp-json\/wp\/v2\/media\/18401"}],"wp:attachment":[{"href":"https:\/\/zonacaral.gob.pe\/en\/wp-json\/wp\/v2\/media?parent=18400"}],"wp:term":[{"taxonomy":"category","embeddable":true,"href":"https:\/\/zonacaral.gob.pe\/en\/wp-json\/wp\/v2\/categories?post=18400"},{"taxonomy":"post_tag","embeddable":true,"href":"https:\/\/zonacaral.gob.pe\/en\/wp-json\/wp\/v2\/tags?post=18400"}],"curies":[{"name":"wp","href":"https:\/\/api.w.org\/{rel}","templated":true}]}}