{"id":18426,"date":"2025-06-09T16:31:59","date_gmt":"2025-06-09T21:31:59","guid":{"rendered":"https:\/\/www.zonacaral.gob.pe\/?p=18426"},"modified":"2025-06-09T16:31:59","modified_gmt":"2025-06-09T21:31:59","slug":"dia-del-arquitecto-e-ingeniero-en-caral-existieron-expertos-en-ambas-disciplinas","status":"publish","type":"post","link":"https:\/\/zonacaral.gob.pe\/en\/noticias\/dia-del-arquitecto-e-ingeniero-en-caral-existieron-expertos-en-ambas-disciplinas\/","title":{"rendered":"D\u00eda del Arquitecto e Ingeniero: en CARAL existieron expertos en ambas disciplinas"},"content":{"rendered":"<figure class=\"pic-autor\" style=\"color: #4d4d4d; text-align: justify;\"><\/figure>\n<div class=\"gmail_default\" style=\"text-align: justify;\">\n<blockquote>\n<p><em>Conocimientos heredados por miles de a\u00f1os.<\/em><\/p>\n<\/blockquote>\n<div>Hace miles de a\u00f1os, las primeras civilizaciones del mundo produjeron importantes conocimientos en ciencia y tecnolog\u00eda. Gracias a los trabajos de investigaci\u00f3n, podemos apreciar las evidencias de la producci\u00f3n de conocimientos, en las ciudades de la Civilizaci\u00f3n Caral (3000 \u2013 1800 a. C.), desarrollada en el valle de Supe, actual provincia de Barranca, hace cinco mil a\u00f1os.<\/div>\n<div><br \/>Una de las primeras impresiones son sus monumentales edificios piramidales con escaleras centrales y plazas circulares hundidas, como las que podemos ver y admirar en la Ciudad Sagrada de Caral-Supe, Patrimonio Mundial.<\/div>\n<div><br \/>En ella destaca su Edificio P\u00fablico Piramidal Mayor. Desde los inicios de su construcci\u00f3n los especialistas en arquitectura e ingenier\u00eda aplicaron t\u00e9cnicas sismorresistentes y sostenibles. Usaron materiales adecuados como quincha, piedras unidas con mortero de arcilla, bolsas de shicras, con los que formaron rellenos estructurados. Y dieron detalles finales de enlucidos y pintura de diferentes colores. Un trabajo completo.<\/div>\n<div><br \/>Los especialistas de Caral planificaron de manera adecuada la construcci\u00f3n de este edificio, como de todas los dem\u00e1s, de los 25 asentamientos identificados. Ello se evidenci\u00f3 con el\u00a0<a class=\"underline\" href=\"https:\/\/www.gob.pe\/institucion\/caral\/noticias\/831102-civilizacion-caral-hallazgo-de-maqueta-demuestra-la-planificacion-de-los-antiguos-centros-urbanos\">hallazgo de una maqueta, en el centro urbano El Molino,<\/a>\u00a0donde se aprecia la distribuci\u00f3n de los edificios, y las formas que tendr\u00edan estas construcciones monumentales.<\/div>\n<div><br \/>Los caralinos mantuvieron un dise\u00f1o urbano particular para cada ciudad, pero manteniendo los mismos patrones constructivos, similares a los de la Ciudad Sagrada de Caral-Supe, conocimientos que transmitieron, por generaciones, y fueron adaptados por las posteriores culturas andinas.<br \/><br \/><\/div>\n<div><strong>\u201cCARTA CARAL AL MUNDO\u201d.<\/strong>\u00a0Este evento que destac\u00f3 las evidencias arquitect\u00f3nicas de Caral, qued\u00f3 registrado en un documento, firmado el 2015, por arquitectos nacionales e internacionales, con el fin de dar a conocer, en el Per\u00fa y el mundo, los principios y ense\u00f1anzas de la civilizaci\u00f3n m\u00e1s antigua de Per\u00fa y del continente americano.<\/div>\n<div><br \/>En este evento, que cont\u00f3 tambi\u00e9n con la participaci\u00f3n de autoridades de la Organizaci\u00f3n de las Naciones Unidas y de la UNESCO, se sell\u00f3 el compromiso con el ordenamiento territorial respetuoso del medio ambiente, as\u00ed como con la b\u00fasqueda de soluciones para lograr ciudades sostenibles y seguras. En ciudades y sitios emblem\u00e1ticos como Atenas en 1931, Venecia en 1964 y Machu Picchu en 1977, tambi\u00e9n se han suscrito cartas hist\u00f3ricas.<\/div>\n<div><strong><br \/>Carreras relacionadas<br \/><\/strong><\/div>\n<div>La arquitectura y la ingenier\u00eda son disciplinas que est\u00e1n intr\u00ednsecamente relacionadas. La arquitectura se enfoca en la planificaci\u00f3n urbana, el dise\u00f1o espacial y la est\u00e9tica de los edificios, buscando la funcionalidad y la experiencia humana, mientras que la ingenier\u00eda se enfoca en la viabilidad t\u00e9cnica y estructural de las construcciones.<br \/><br \/><\/div>\n<div>La obra maestra de los antiguos arquitectos e ingenieros de Caral, fue realizada de manera que, hasta hoy, cinco mil a\u00f1os despu\u00e9s, las podemos apreciar. Fue tan importante que sus principios trascendieron en el tiempo, y fueron desarrollados y adaptados por sociedades posteriores, como la Inca, en distintas partes del territorio andino.<\/div>\n<div><strong><br \/>D\u00eda del Arquitecto y D\u00eda del Ingeniero<\/strong><\/div>\n<div><br \/>Cada 8 de junio en nuestro pa\u00eds se conmemora el D\u00eda del Arquitecto y D\u00eda del Ingeniero peruano, fecha coincide con la promulgaci\u00f3n de la Ley que crea a ambos colegios profesionales y, adem\u00e1s, se busca rendir homenaje a las mujeres y hombres que ejercen de manera adecuada estas profesiones, y contribuyen desde sus campos al desarrollo del pa\u00eds.<br \/><br \/><\/div>\n<div><strong>DATO<\/strong><\/div>\n<div><br \/>Conoce la\u00a0<a class=\"underline\" href=\"https:\/\/www.zonacaral.gob.pe\/ruta-caral\/ciudad-sagrada-de-caral.html\" target=\"_blank\" rel=\"noopener noreferrer\">Ciudad Sagrada de Caral-Supe<\/a>,\u00a0<a class=\"underline\" href=\"https:\/\/www.zonacaral.gob.pe\/ruta-caral\/aspero.html\" target=\"_blank\" rel=\"noopener noreferrer\">\u00c1spero<\/a>,\u00a0<a class=\"underline\" href=\"https:\/\/www.zonacaral.gob.pe\/ruta-caral\/vichama.html\" target=\"_blank\" rel=\"noopener noreferrer\">Vichama<\/a>\u00a0y\u00a0<a class=\"underline\" href=\"https:\/\/www.zonacaral.gob.pe\/ruta-caral\/penico.html\" target=\"_blank\" rel=\"noopener noreferrer\">Pe\u00f1ico<\/a>, visit\u00e1ndolos de lunes a domingo, incluyendo d\u00edas feriados, de 9:00 a. m. a 4:00 p. m. Si deseas participar de los\u00a0<a class=\"underline\" href=\"https:\/\/www.zonacaral.gob.pe\/ruta-caral\/viajes-culturales.html\" target=\"_blank\" rel=\"noopener noreferrer\">Cultural Trips<\/a>\u00a0a estos sitios arqueol\u00f3gicos comun\u00edcate al 955 881 340.<\/div>\n<p><strong style=\"font-size: inherit; text-align: justify;\">Fuente: Comunicaci\u00f3n e Imagen Institucional ZAC<\/strong><\/p>\n<\/div>\n<div style=\"color: #1f1f1f;\">\n<div style=\"color: #1f1f1f;\">\n<p style=\"text-align: justify;\">Fecha de publicaci\u00f3n: 06\/06\/2025<\/p>\n<\/div>\n<\/div>\n\n\n<p><\/p>","protected":false},"excerpt":{"rendered":"<p>Conocimientos heredados por miles de a\u00f1os. Hace miles de a\u00f1os, las primeras civilizaciones del mundo produjeron importantes conocimientos en ciencia [&hellip;]<\/p>\n","protected":false},"author":1,"featured_media":18427,"comment_status":"closed","ping_status":"open","sticky":false,"template":"","format":"standard","meta":{"_acf_changed":false,"site-sidebar-layout":"default","site-content-layout":"","ast-site-content-layout":"default","site-content-style":"default","site-sidebar-style":"default","ast-global-header-display":"","ast-banner-title-visibility":"","ast-main-header-display":"","ast-hfb-above-header-display":"","ast-hfb-below-header-display":"","ast-hfb-mobile-header-display":"","site-post-title":"","ast-breadcrumbs-content":"","ast-featured-img":"","footer-sml-layout":"","ast-disable-related-posts":"","theme-transparent-header-meta":"","adv-header-id-meta":"","stick-header-meta":"","header-above-stick-meta":"","header-main-stick-meta":"","header-below-stick-meta":"","astra-migrate-meta-layouts":"default","ast-page-background-enabled":"default","ast-page-background-meta":{"desktop":{"background-color":"var(--ast-global-color-5)","background-image":"","background-repeat":"repeat","background-position":"center center","background-size":"auto","background-attachment":"scroll","background-type":"","background-media":"","overlay-type":"","overlay-color":"","overlay-opacity":"","overlay-gradient":""},"tablet":{"background-color":"","background-image":"","background-repeat":"repeat","background-position":"center center","background-size":"auto","background-attachment":"scroll","background-type":"","background-media":"","overlay-type":"","overlay-color":"","overlay-opacity":"","overlay-gradient":""},"mobile":{"background-color":"","background-image":"","background-repeat":"repeat","background-position":"center center","background-size":"auto","background-attachment":"scroll","background-type":"","background-media":"","overlay-type":"","overlay-color":"","overlay-opacity":"","overlay-gradient":""}},"ast-content-background-meta":{"desktop":{"background-color":"var(--ast-global-color-4)","background-image":"","background-repeat":"repeat","background-position":"center center","background-size":"auto","background-attachment":"scroll","background-type":"","background-media":"","overlay-type":"","overlay-color":"","overlay-opacity":"","overlay-gradient":""},"tablet":{"background-color":"var(--ast-global-color-4)","background-image":"","background-repeat":"repeat","background-position":"center center","background-size":"auto","background-attachment":"scroll","background-type":"","background-media":"","overlay-type":"","overlay-color":"","overlay-opacity":"","overlay-gradient":""},"mobile":{"background-color":"var(--ast-global-color-4)","background-image":"","background-repeat":"repeat","background-position":"center center","background-size":"auto","background-attachment":"scroll","background-type":"","background-media":"","overlay-type":"","overlay-color":"","overlay-opacity":"","overlay-gradient":""}},"footnotes":""},"categories":[208],"tags":[55,72],"class_list":["post-18426","post","type-post","status-publish","format-standard","has-post-thumbnail","hentry","category-noticias","tag-caral","tag-cultura"],"acf":[],"yoast_head":"<!-- This site is optimized with the Yoast SEO plugin v27.3 - https:\/\/yoast.com\/product\/yoast-seo-wordpress\/ -->\n<title>D\u00eda del Arquitecto e Ingeniero: en CARAL existieron expertos en ambas disciplinas<\/title>\n<meta name=\"description\" content=\"Hace miles de a\u00f1os, las primeras civilizaciones del mundo produjeron importantes conocimientos en ciencia y tecnolog\u00eda. Gracias a los trabajos de investigaci\u00f3n, podemos apreciar las evidencias de la producci\u00f3n de conocimientos, en las ciudades de la Civilizaci\u00f3n Caral (3000 \u2013 1800 a. C.), desarrollada en el valle de Supe, actual provincia de Barranca, hace cinco mil a\u00f1os.\" \/>\n<meta name=\"robots\" content=\"index, follow, max-snippet:-1, max-image-preview:large, max-video-preview:-1\" \/>\n<link rel=\"canonical\" href=\"https:\/\/zonacaral.gob.pe\/en\/noticias\/dia-del-arquitecto-e-ingeniero-en-caral-existieron-expertos-en-ambas-disciplinas\/\" \/>\n<meta property=\"og:locale\" content=\"en_US\" \/>\n<meta property=\"og:type\" content=\"article\" \/>\n<meta property=\"og:title\" content=\"D\u00eda del Arquitecto e Ingeniero: en CARAL existieron expertos en ambas disciplinas\" \/>\n<meta property=\"og:description\" content=\"Hace miles de a\u00f1os, las primeras civilizaciones del mundo produjeron importantes conocimientos en ciencia y tecnolog\u00eda. Gracias a los trabajos de investigaci\u00f3n, podemos apreciar las evidencias de la producci\u00f3n de conocimientos, en las ciudades de la Civilizaci\u00f3n Caral (3000 \u2013 1800 a. C.), desarrollada en el valle de Supe, actual provincia de Barranca, hace cinco mil a\u00f1os.\" \/>\n<meta property=\"og:url\" content=\"https:\/\/zonacaral.gob.pe\/en\/noticias\/dia-del-arquitecto-e-ingeniero-en-caral-existieron-expertos-en-ambas-disciplinas\/\" \/>\n<meta property=\"og:site_name\" content=\"Zona Caral\" \/>\n<meta property=\"article:published_time\" content=\"2025-06-09T21:31:59+00:00\" \/>\n<meta property=\"og:image\" content=\"https:\/\/zonacaral.gob.pe\/wp-content\/uploads\/2025\/06\/dia-de-arquitecto.jpg\" \/>\n\t<meta property=\"og:image:width\" content=\"1500\" \/>\n\t<meta property=\"og:image:height\" content=\"844\" \/>\n\t<meta property=\"og:image:type\" content=\"image\/jpeg\" \/>\n<meta name=\"author\" content=\"Zona Caral Administrador\" \/>\n<meta name=\"twitter:card\" content=\"summary_large_image\" \/>\n<meta name=\"twitter:label1\" content=\"Written by\" \/>\n\t<meta name=\"twitter:data1\" content=\"Zona Caral Administrador\" \/>\n\t<meta name=\"twitter:label2\" content=\"Est. reading time\" \/>\n\t<meta name=\"twitter:data2\" content=\"3 minutes\" \/>\n<script type=\"application\/ld+json\" class=\"yoast-schema-graph\">{\"@context\":\"https:\\\/\\\/schema.org\",\"@graph\":[{\"@type\":\"Article\",\"@id\":\"https:\\\/\\\/zonacaral.gob.pe\\\/es\\\/noticias\\\/dia-del-arquitecto-e-ingeniero-en-caral-existieron-expertos-en-ambas-disciplinas\\\/#article\",\"isPartOf\":{\"@id\":\"https:\\\/\\\/zonacaral.gob.pe\\\/es\\\/noticias\\\/dia-del-arquitecto-e-ingeniero-en-caral-existieron-expertos-en-ambas-disciplinas\\\/\"},\"author\":{\"name\":\"Zona Caral Administrador\",\"@id\":\"https:\\\/\\\/zonacaral.gob.pe\\\/es\\\/#\\\/schema\\\/person\\\/beddb4d22f71a7230c5b90913270a0ee\"},\"headline\":\"D\u00eda del Arquitecto e Ingeniero: en CARAL existieron expertos en ambas disciplinas\",\"datePublished\":\"2025-06-09T21:31:59+00:00\",\"mainEntityOfPage\":{\"@id\":\"https:\\\/\\\/zonacaral.gob.pe\\\/es\\\/noticias\\\/dia-del-arquitecto-e-ingeniero-en-caral-existieron-expertos-en-ambas-disciplinas\\\/\"},\"wordCount\":643,\"image\":{\"@id\":\"https:\\\/\\\/zonacaral.gob.pe\\\/es\\\/noticias\\\/dia-del-arquitecto-e-ingeniero-en-caral-existieron-expertos-en-ambas-disciplinas\\\/#primaryimage\"},\"thumbnailUrl\":\"https:\\\/\\\/zonacaral.gob.pe\\\/wp-content\\\/uploads\\\/2025\\\/06\\\/dia-de-arquitecto.jpg\",\"keywords\":[\"caral\",\"Cultura\"],\"articleSection\":[\"noticias\"],\"inLanguage\":\"en-US\"},{\"@type\":\"WebPage\",\"@id\":\"https:\\\/\\\/zonacaral.gob.pe\\\/es\\\/noticias\\\/dia-del-arquitecto-e-ingeniero-en-caral-existieron-expertos-en-ambas-disciplinas\\\/\",\"url\":\"https:\\\/\\\/zonacaral.gob.pe\\\/es\\\/noticias\\\/dia-del-arquitecto-e-ingeniero-en-caral-existieron-expertos-en-ambas-disciplinas\\\/\",\"name\":\"D\u00eda del Arquitecto e Ingeniero: en CARAL existieron expertos en ambas disciplinas\",\"isPartOf\":{\"@id\":\"https:\\\/\\\/zonacaral.gob.pe\\\/es\\\/#website\"},\"primaryImageOfPage\":{\"@id\":\"https:\\\/\\\/zonacaral.gob.pe\\\/es\\\/noticias\\\/dia-del-arquitecto-e-ingeniero-en-caral-existieron-expertos-en-ambas-disciplinas\\\/#primaryimage\"},\"image\":{\"@id\":\"https:\\\/\\\/zonacaral.gob.pe\\\/es\\\/noticias\\\/dia-del-arquitecto-e-ingeniero-en-caral-existieron-expertos-en-ambas-disciplinas\\\/#primaryimage\"},\"thumbnailUrl\":\"https:\\\/\\\/zonacaral.gob.pe\\\/wp-content\\\/uploads\\\/2025\\\/06\\\/dia-de-arquitecto.jpg\",\"datePublished\":\"2025-06-09T21:31:59+00:00\",\"author\":{\"@id\":\"https:\\\/\\\/zonacaral.gob.pe\\\/es\\\/#\\\/schema\\\/person\\\/beddb4d22f71a7230c5b90913270a0ee\"},\"description\":\"Hace miles de a\u00f1os, las primeras civilizaciones del mundo produjeron importantes conocimientos en ciencia y tecnolog\u00eda. Gracias a los trabajos de investigaci\u00f3n, podemos apreciar las evidencias de la producci\u00f3n de conocimientos, en las ciudades de la Civilizaci\u00f3n Caral (3000 \u2013 1800 a. C.), desarrollada en el valle de Supe, actual provincia de Barranca, hace cinco mil a\u00f1os.\",\"breadcrumb\":{\"@id\":\"https:\\\/\\\/zonacaral.gob.pe\\\/es\\\/noticias\\\/dia-del-arquitecto-e-ingeniero-en-caral-existieron-expertos-en-ambas-disciplinas\\\/#breadcrumb\"},\"inLanguage\":\"en-US\",\"potentialAction\":[{\"@type\":\"ReadAction\",\"target\":[\"https:\\\/\\\/zonacaral.gob.pe\\\/es\\\/noticias\\\/dia-del-arquitecto-e-ingeniero-en-caral-existieron-expertos-en-ambas-disciplinas\\\/\"]}]},{\"@type\":\"ImageObject\",\"inLanguage\":\"en-US\",\"@id\":\"https:\\\/\\\/zonacaral.gob.pe\\\/es\\\/noticias\\\/dia-del-arquitecto-e-ingeniero-en-caral-existieron-expertos-en-ambas-disciplinas\\\/#primaryimage\",\"url\":\"https:\\\/\\\/zonacaral.gob.pe\\\/wp-content\\\/uploads\\\/2025\\\/06\\\/dia-de-arquitecto.jpg\",\"contentUrl\":\"https:\\\/\\\/zonacaral.gob.pe\\\/wp-content\\\/uploads\\\/2025\\\/06\\\/dia-de-arquitecto.jpg\",\"width\":1500,\"height\":844},{\"@type\":\"BreadcrumbList\",\"@id\":\"https:\\\/\\\/zonacaral.gob.pe\\\/es\\\/noticias\\\/dia-del-arquitecto-e-ingeniero-en-caral-existieron-expertos-en-ambas-disciplinas\\\/#breadcrumb\",\"itemListElement\":[{\"@type\":\"ListItem\",\"position\":1,\"name\":\"Portada\",\"item\":\"https:\\\/\\\/zonacaral.gob.pe\\\/\"},{\"@type\":\"ListItem\",\"position\":2,\"name\":\"D\u00eda del Arquitecto e Ingeniero: en CARAL existieron expertos en ambas disciplinas\"}]},{\"@type\":\"WebSite\",\"@id\":\"https:\\\/\\\/zonacaral.gob.pe\\\/es\\\/#website\",\"url\":\"https:\\\/\\\/zonacaral.gob.pe\\\/es\\\/\",\"name\":\"Zona Caral\",\"description\":\"Investigamos, conservamos y difundimos el patrimonio cultural de la Civilizaci\u00f3n Caral, la m\u00e1s antigua de Am\u00e9rica.\",\"potentialAction\":[{\"@type\":\"SearchAction\",\"target\":{\"@type\":\"EntryPoint\",\"urlTemplate\":\"https:\\\/\\\/zonacaral.gob.pe\\\/es\\\/?s={search_term_string}\"},\"query-input\":{\"@type\":\"PropertyValueSpecification\",\"valueRequired\":true,\"valueName\":\"search_term_string\"}}],\"inLanguage\":\"en-US\"},{\"@type\":\"Person\",\"@id\":\"https:\\\/\\\/zonacaral.gob.pe\\\/es\\\/#\\\/schema\\\/person\\\/beddb4d22f71a7230c5b90913270a0ee\",\"name\":\"Zona Caral Administrador\",\"image\":{\"@type\":\"ImageObject\",\"inLanguage\":\"en-US\",\"@id\":\"https:\\\/\\\/secure.gravatar.com\\\/avatar\\\/e4be162918a696358376de6446614e0f0f4062bdc5d170d6d540ada3d8b58c12?s=96&d=mm&r=g\",\"url\":\"https:\\\/\\\/secure.gravatar.com\\\/avatar\\\/e4be162918a696358376de6446614e0f0f4062bdc5d170d6d540ada3d8b58c12?s=96&d=mm&r=g\",\"contentUrl\":\"https:\\\/\\\/secure.gravatar.com\\\/avatar\\\/e4be162918a696358376de6446614e0f0f4062bdc5d170d6d540ada3d8b58c12?s=96&d=mm&r=g\",\"caption\":\"Zona Caral Administrador\"},\"sameAs\":[\"https:\\\/\\\/zonacaral.gob.pe\"],\"url\":\"https:\\\/\\\/zonacaral.gob.pe\\\/en\\\/noticias\\\/author\\\/ad_zonacaral\\\/\"}]}<\/script>\n<!-- \/ Yoast SEO plugin. -->","yoast_head_json":{"title":"D\u00eda del Arquitecto e Ingeniero: en CARAL existieron expertos en ambas disciplinas","description":"Hace miles de a\u00f1os, las primeras civilizaciones del mundo produjeron importantes conocimientos en ciencia y tecnolog\u00eda. Gracias a los trabajos de investigaci\u00f3n, podemos apreciar las evidencias de la producci\u00f3n de conocimientos, en las ciudades de la Civilizaci\u00f3n Caral (3000 \u2013 1800 a. C.), desarrollada en el valle de Supe, actual provincia de Barranca, hace cinco mil a\u00f1os.","robots":{"index":"index","follow":"follow","max-snippet":"max-snippet:-1","max-image-preview":"max-image-preview:large","max-video-preview":"max-video-preview:-1"},"canonical":"https:\/\/zonacaral.gob.pe\/en\/noticias\/dia-del-arquitecto-e-ingeniero-en-caral-existieron-expertos-en-ambas-disciplinas\/","og_locale":"en_US","og_type":"article","og_title":"D\u00eda del Arquitecto e Ingeniero: en CARAL existieron expertos en ambas disciplinas","og_description":"Hace miles de a\u00f1os, las primeras civilizaciones del mundo produjeron importantes conocimientos en ciencia y tecnolog\u00eda. Gracias a los trabajos de investigaci\u00f3n, podemos apreciar las evidencias de la producci\u00f3n de conocimientos, en las ciudades de la Civilizaci\u00f3n Caral (3000 \u2013 1800 a. C.), desarrollada en el valle de Supe, actual provincia de Barranca, hace cinco mil a\u00f1os.","og_url":"https:\/\/zonacaral.gob.pe\/en\/noticias\/dia-del-arquitecto-e-ingeniero-en-caral-existieron-expertos-en-ambas-disciplinas\/","og_site_name":"Zona Caral","article_published_time":"2025-06-09T21:31:59+00:00","og_image":[{"width":1500,"height":844,"url":"https:\/\/zonacaral.gob.pe\/wp-content\/uploads\/2025\/06\/dia-de-arquitecto.jpg","type":"image\/jpeg"}],"author":"Zona Caral Administrador","twitter_card":"summary_large_image","twitter_misc":{"Written by":"Zona Caral Administrador","Est. reading time":"3 minutes"},"schema":{"@context":"https:\/\/schema.org","@graph":[{"@type":"Article","@id":"https:\/\/zonacaral.gob.pe\/es\/noticias\/dia-del-arquitecto-e-ingeniero-en-caral-existieron-expertos-en-ambas-disciplinas\/#article","isPartOf":{"@id":"https:\/\/zonacaral.gob.pe\/es\/noticias\/dia-del-arquitecto-e-ingeniero-en-caral-existieron-expertos-en-ambas-disciplinas\/"},"author":{"name":"Zona Caral Administrador","@id":"https:\/\/zonacaral.gob.pe\/es\/#\/schema\/person\/beddb4d22f71a7230c5b90913270a0ee"},"headline":"D\u00eda del Arquitecto e Ingeniero: en CARAL existieron expertos en ambas disciplinas","datePublished":"2025-06-09T21:31:59+00:00","mainEntityOfPage":{"@id":"https:\/\/zonacaral.gob.pe\/es\/noticias\/dia-del-arquitecto-e-ingeniero-en-caral-existieron-expertos-en-ambas-disciplinas\/"},"wordCount":643,"image":{"@id":"https:\/\/zonacaral.gob.pe\/es\/noticias\/dia-del-arquitecto-e-ingeniero-en-caral-existieron-expertos-en-ambas-disciplinas\/#primaryimage"},"thumbnailUrl":"https:\/\/zonacaral.gob.pe\/wp-content\/uploads\/2025\/06\/dia-de-arquitecto.jpg","keywords":["caral","Cultura"],"articleSection":["noticias"],"inLanguage":"en-US"},{"@type":"WebPage","@id":"https:\/\/zonacaral.gob.pe\/es\/noticias\/dia-del-arquitecto-e-ingeniero-en-caral-existieron-expertos-en-ambas-disciplinas\/","url":"https:\/\/zonacaral.gob.pe\/es\/noticias\/dia-del-arquitecto-e-ingeniero-en-caral-existieron-expertos-en-ambas-disciplinas\/","name":"D\u00eda del Arquitecto e Ingeniero: en CARAL existieron expertos en ambas disciplinas","isPartOf":{"@id":"https:\/\/zonacaral.gob.pe\/es\/#website"},"primaryImageOfPage":{"@id":"https:\/\/zonacaral.gob.pe\/es\/noticias\/dia-del-arquitecto-e-ingeniero-en-caral-existieron-expertos-en-ambas-disciplinas\/#primaryimage"},"image":{"@id":"https:\/\/zonacaral.gob.pe\/es\/noticias\/dia-del-arquitecto-e-ingeniero-en-caral-existieron-expertos-en-ambas-disciplinas\/#primaryimage"},"thumbnailUrl":"https:\/\/zonacaral.gob.pe\/wp-content\/uploads\/2025\/06\/dia-de-arquitecto.jpg","datePublished":"2025-06-09T21:31:59+00:00","author":{"@id":"https:\/\/zonacaral.gob.pe\/es\/#\/schema\/person\/beddb4d22f71a7230c5b90913270a0ee"},"description":"Hace miles de a\u00f1os, las primeras civilizaciones del mundo produjeron importantes conocimientos en ciencia y tecnolog\u00eda. Gracias a los trabajos de investigaci\u00f3n, podemos apreciar las evidencias de la producci\u00f3n de conocimientos, en las ciudades de la Civilizaci\u00f3n Caral (3000 \u2013 1800 a. C.), desarrollada en el valle de Supe, actual provincia de Barranca, hace cinco mil a\u00f1os.","breadcrumb":{"@id":"https:\/\/zonacaral.gob.pe\/es\/noticias\/dia-del-arquitecto-e-ingeniero-en-caral-existieron-expertos-en-ambas-disciplinas\/#breadcrumb"},"inLanguage":"en-US","potentialAction":[{"@type":"ReadAction","target":["https:\/\/zonacaral.gob.pe\/es\/noticias\/dia-del-arquitecto-e-ingeniero-en-caral-existieron-expertos-en-ambas-disciplinas\/"]}]},{"@type":"ImageObject","inLanguage":"en-US","@id":"https:\/\/zonacaral.gob.pe\/es\/noticias\/dia-del-arquitecto-e-ingeniero-en-caral-existieron-expertos-en-ambas-disciplinas\/#primaryimage","url":"https:\/\/zonacaral.gob.pe\/wp-content\/uploads\/2025\/06\/dia-de-arquitecto.jpg","contentUrl":"https:\/\/zonacaral.gob.pe\/wp-content\/uploads\/2025\/06\/dia-de-arquitecto.jpg","width":1500,"height":844},{"@type":"BreadcrumbList","@id":"https:\/\/zonacaral.gob.pe\/es\/noticias\/dia-del-arquitecto-e-ingeniero-en-caral-existieron-expertos-en-ambas-disciplinas\/#breadcrumb","itemListElement":[{"@type":"ListItem","position":1,"name":"Portada","item":"https:\/\/zonacaral.gob.pe\/"},{"@type":"ListItem","position":2,"name":"D\u00eda del Arquitecto e Ingeniero: en CARAL existieron expertos en ambas disciplinas"}]},{"@type":"WebSite","@id":"https:\/\/zonacaral.gob.pe\/es\/#website","url":"https:\/\/zonacaral.gob.pe\/es\/","name":"Zona Caral","description":"Investigamos, conservamos y difundimos el patrimonio cultural de la Civilizaci\u00f3n Caral, la m\u00e1s antigua de Am\u00e9rica.","potentialAction":[{"@type":"SearchAction","target":{"@type":"EntryPoint","urlTemplate":"https:\/\/zonacaral.gob.pe\/es\/?s={search_term_string}"},"query-input":{"@type":"PropertyValueSpecification","valueRequired":true,"valueName":"search_term_string"}}],"inLanguage":"en-US"},{"@type":"Person","@id":"https:\/\/zonacaral.gob.pe\/es\/#\/schema\/person\/beddb4d22f71a7230c5b90913270a0ee","name":"Zona Caral Administrador","image":{"@type":"ImageObject","inLanguage":"en-US","@id":"https:\/\/secure.gravatar.com\/avatar\/e4be162918a696358376de6446614e0f0f4062bdc5d170d6d540ada3d8b58c12?s=96&d=mm&r=g","url":"https:\/\/secure.gravatar.com\/avatar\/e4be162918a696358376de6446614e0f0f4062bdc5d170d6d540ada3d8b58c12?s=96&d=mm&r=g","contentUrl":"https:\/\/secure.gravatar.com\/avatar\/e4be162918a696358376de6446614e0f0f4062bdc5d170d6d540ada3d8b58c12?s=96&d=mm&r=g","caption":"Zona Caral Administrador"},"sameAs":["https:\/\/zonacaral.gob.pe"],"url":"https:\/\/zonacaral.gob.pe\/en\/noticias\/author\/ad_zonacaral\/"}]}},"_links":{"self":[{"href":"https:\/\/zonacaral.gob.pe\/en\/wp-json\/wp\/v2\/posts\/18426","targetHints":{"allow":["GET"]}}],"collection":[{"href":"https:\/\/zonacaral.gob.pe\/en\/wp-json\/wp\/v2\/posts"}],"about":[{"href":"https:\/\/zonacaral.gob.pe\/en\/wp-json\/wp\/v2\/types\/post"}],"author":[{"embeddable":true,"href":"https:\/\/zonacaral.gob.pe\/en\/wp-json\/wp\/v2\/users\/1"}],"replies":[{"embeddable":true,"href":"https:\/\/zonacaral.gob.pe\/en\/wp-json\/wp\/v2\/comments?post=18426"}],"version-history":[{"count":0,"href":"https:\/\/zonacaral.gob.pe\/en\/wp-json\/wp\/v2\/posts\/18426\/revisions"}],"wp:featuredmedia":[{"embeddable":true,"href":"https:\/\/zonacaral.gob.pe\/en\/wp-json\/wp\/v2\/media\/18427"}],"wp:attachment":[{"href":"https:\/\/zonacaral.gob.pe\/en\/wp-json\/wp\/v2\/media?parent=18426"}],"wp:term":[{"taxonomy":"category","embeddable":true,"href":"https:\/\/zonacaral.gob.pe\/en\/wp-json\/wp\/v2\/categories?post=18426"},{"taxonomy":"post_tag","embeddable":true,"href":"https:\/\/zonacaral.gob.pe\/en\/wp-json\/wp\/v2\/tags?post=18426"}],"curies":[{"name":"wp","href":"https:\/\/api.w.org\/{rel}","templated":true}]}}