{"id":18456,"date":"2025-06-26T10:31:06","date_gmt":"2025-06-26T15:31:06","guid":{"rendered":"https:\/\/www.zonacaral.gob.pe\/?p=18456"},"modified":"2025-06-26T10:31:06","modified_gmt":"2025-06-26T15:31:06","slug":"solsticio-de-invierno-que-significo-en-caral","status":"publish","type":"post","link":"https:\/\/zonacaral.gob.pe\/en\/noticias\/solsticio-de-invierno-que-significo-en-caral\/","title":{"rendered":"Solsticio de invierno \u00bfQu\u00e9 signific\u00f3 en Caral?"},"content":{"rendered":"<figure class=\"pic-autor\" style=\"color: #4d4d4d; text-align: justify;\"><\/figure>\n<div class=\"gmail_default\" style=\"text-align: justify;\">\n<p><span style=\"font-size: inherit;\">Durante miles de a\u00f1os, los seres humanos hemos contemplado el cielo, admirando las estrellas y los astros, y los antiguos caralinos no fueron la excepci\u00f3n. Estudios recientes, realizados en los centros urbanos de la Civilizaci\u00f3n Caral, han demostrado que hace cinco mil a\u00f1os, existieron especialistas que se dedicaban a observar los astros, el Sol, la Luna y las estrellas, con el fin de establecer un calendario clave y puedan realizar sus actividades.<\/span><\/p>\n<div>\n<p><span style=\"font-weight: 400;\">Esta es una de las conclusiones del<\/span><a href=\"https:\/\/www.cambridge.org\/core\/journals\/latin-american-antiquity\/article\/river-and-the-sky-astronomy-and-topography-in-caral-society-americas-first-urban-centers\/1005B08DC4398BE567B42F3E1220189A\"><span style=\"font-weight: 400;\"> estudio publicado en la revista cient\u00edfica Latin American Antiquity<\/span><\/a><span style=\"font-weight: 400;\">. Investigaci\u00f3n realizada por los arque\u00f3logos Ruth Shady Sol\u00eds, directora de la <\/span><a href=\"https:\/\/t.me\/Caral_Peru\"><span style=\"font-weight: 400;\">Zona Arqueol\u00f3gica Caral<\/span><\/a><span style=\"font-weight: 400;\">, Unidad Ejecutora 003 del Ministerio de Cultura, y Aldemar Crisp\u00edn. Tambi\u00e9n tuvo la participaci\u00f3n importante del f\u00edsico Jos\u00e9 Ricra (Per\u00fa), de los astrof\u00edsicos Juan A. Belmonte y C\u00e9sar Gonz\u00e1lez-Garc\u00eda y del arque\u00f3logo Felipe Criado-Boado (Espa\u00f1a).<\/span><\/p>\n<p><span style=\"font-weight: 400;\">El estudio revela que, en la Ciudad Sagrada de Caral-Supe, Patrimonio Mundial y principal centro urbano de la civilizaci\u00f3n Caral, los edificios p\u00fablicos piramidales: Mayor, Menor y Central, fueron orientados en direcci\u00f3n a la puesta del Sol, en el solsticio de invierno.<\/span><\/p>\n<p><span style=\"font-weight: 400;\">Tambi\u00e9n que, en esta fecha, conocida en la actualidad como el comienzo del A\u00f1o Nuevo Andino, habr\u00eda significado el inicio de la siembra del algod\u00f3n, uno de los principales productos agr\u00edcolas de Caral, que sirvi\u00f3 para elaborar prendas de vestir y como producto de intercambio con otras sociedades del litoral, como la de \u00c1spero, quienes usaban el algod\u00f3n para elaborar sus redes de pesca.<\/span><\/p>\n<p><span style=\"font-weight: 400;\">\u201cLos primeros centros urbanos de Am\u00e9rica podr\u00edan haber estado ubicados en el valle de Supe, Per\u00fa. Tras investigar la ubicaci\u00f3n y la orientaci\u00f3n de las principales estructuras construidas, demostramos que no solo la presencia del r\u00edo Supe determina su orientaci\u00f3n, sino tambi\u00e9n que las relaciones astron\u00f3micas dentro de la orientaci\u00f3n de los edificios dictan su ubicaci\u00f3n dentro del valle. La posici\u00f3n m\u00e1s austral de la salida de la luna en el horizonte parece ser el objetivo astron\u00f3mico m\u00e1s importante\u201d, se\u00f1alan en el estudio.<\/span><\/p>\n<p><span style=\"font-weight: 400;\">\u201cExiste la posibilidad de una tendencia a atribuir mayor importancia a la salida del sol en el solsticio de junio y a la salida de ciertas estrellas o asterismos. Estas orientaciones podr\u00edan estar relacionadas con momentos espec\u00edficos del a\u00f1o, en particular con las lluvias estacionales, las posteriores inundaciones fluviales y los ciclos agr\u00edcolas. Este es uno de los primeros ejemplos de la interacci\u00f3n entre el paisaje terrestre y el celeste en las culturas humanas y, de hecho, el primero en Am\u00e9rica\u201d, agregaron.<\/span><\/p>\n<p><span style=\"font-weight: 400;\">En los Andes, los pueblos originarios reconocen esta fecha como el Inti Raymi, una festividad en la que rinden homenaje al Sol. En su cosmovisi\u00f3n, el solsticio de invierno marca el inicio de un tiempo sagrado, un per\u00edodo de profunda conexi\u00f3n con los ciclos de la Tierra.<\/span><\/p>\n<p><b><i>Lee el estudio completo aqu\u00ed:<\/i><\/b><\/p>\n<p><a href=\"https:\/\/www.cambridge.org\/core\/journals\/latin-american-antiquity\/article\/river-and-the-sky-astronomy-and-topography-in-caral-society-americas-first-urban-centers\/1005B08DC4398BE567B42F3E1220189A\"><i><span style=\"font-weight: 400;\">El r\u00edo y el cielo: astronom\u00eda y topograf\u00eda en la sociedad Caral, los primeros centros urbanos de Am\u00e9rica<\/span><\/i><\/a><\/p>\n<\/div>\n<p><strong style=\"font-size: inherit; text-align: justify;\">Fuente: Comunicaci\u00f3n e Imagen Institucional ZAC<\/strong><\/p>\n<\/div>\n<div style=\"color: #1f1f1f;\">\n<div style=\"color: #1f1f1f;\">\n<p style=\"text-align: justify;\">Fecha de publicaci\u00f3n: 26\/06\/2025<\/p>\n<\/div>\n<\/div>\n\n\n<p><\/p>","protected":false},"excerpt":{"rendered":"<p>Durante miles de a\u00f1os, los seres humanos hemos contemplado el cielo, admirando las estrellas y los astros, y los antiguos [&hellip;]<\/p>\n","protected":false},"author":1,"featured_media":18459,"comment_status":"closed","ping_status":"open","sticky":false,"template":"","format":"standard","meta":{"_acf_changed":false,"site-sidebar-layout":"default","site-content-layout":"","ast-site-content-layout":"default","site-content-style":"default","site-sidebar-style":"default","ast-global-header-display":"","ast-banner-title-visibility":"","ast-main-header-display":"","ast-hfb-above-header-display":"","ast-hfb-below-header-display":"","ast-hfb-mobile-header-display":"","site-post-title":"","ast-breadcrumbs-content":"","ast-featured-img":"","footer-sml-layout":"","ast-disable-related-posts":"","theme-transparent-header-meta":"","adv-header-id-meta":"","stick-header-meta":"","header-above-stick-meta":"","header-main-stick-meta":"","header-below-stick-meta":"","astra-migrate-meta-layouts":"default","ast-page-background-enabled":"default","ast-page-background-meta":{"desktop":{"background-color":"var(--ast-global-color-5)","background-image":"","background-repeat":"repeat","background-position":"center center","background-size":"auto","background-attachment":"scroll","background-type":"","background-media":"","overlay-type":"","overlay-color":"","overlay-opacity":"","overlay-gradient":""},"tablet":{"background-color":"","background-image":"","background-repeat":"repeat","background-position":"center center","background-size":"auto","background-attachment":"scroll","background-type":"","background-media":"","overlay-type":"","overlay-color":"","overlay-opacity":"","overlay-gradient":""},"mobile":{"background-color":"","background-image":"","background-repeat":"repeat","background-position":"center center","background-size":"auto","background-attachment":"scroll","background-type":"","background-media":"","overlay-type":"","overlay-color":"","overlay-opacity":"","overlay-gradient":""}},"ast-content-background-meta":{"desktop":{"background-color":"var(--ast-global-color-4)","background-image":"","background-repeat":"repeat","background-position":"center center","background-size":"auto","background-attachment":"scroll","background-type":"","background-media":"","overlay-type":"","overlay-color":"","overlay-opacity":"","overlay-gradient":""},"tablet":{"background-color":"var(--ast-global-color-4)","background-image":"","background-repeat":"repeat","background-position":"center center","background-size":"auto","background-attachment":"scroll","background-type":"","background-media":"","overlay-type":"","overlay-color":"","overlay-opacity":"","overlay-gradient":""},"mobile":{"background-color":"var(--ast-global-color-4)","background-image":"","background-repeat":"repeat","background-position":"center center","background-size":"auto","background-attachment":"scroll","background-type":"","background-media":"","overlay-type":"","overlay-color":"","overlay-opacity":"","overlay-gradient":""}},"footnotes":""},"categories":[208],"tags":[55,72],"class_list":["post-18456","post","type-post","status-publish","format-standard","has-post-thumbnail","hentry","category-noticias","tag-caral","tag-cultura"],"acf":[],"yoast_head":"<!-- This site is optimized with the Yoast SEO plugin v27.3 - https:\/\/yoast.com\/product\/yoast-seo-wordpress\/ -->\n<title>Solsticio de invierno \u00bfQu\u00e9 signific\u00f3 en Caral?<\/title>\n<meta name=\"description\" content=\"Durante miles de a\u00f1os, los seres humanos hemos contemplado el cielo, admirando las estrellas y los astros, y los antiguos caralinos no fueron la excepci\u00f3n. Estudios recientes, realizados en los centros urbanos de la Civilizaci\u00f3n Caral, han demostrado que hace cinco mil a\u00f1os, existieron especialistas que se dedicaban a observar los astros, el Sol, la Luna y las estrellas, con el fin de establecer un calendario clave y puedan realizar sus actividades.\" \/>\n<meta name=\"robots\" content=\"index, follow, max-snippet:-1, max-image-preview:large, max-video-preview:-1\" \/>\n<link rel=\"canonical\" href=\"https:\/\/zonacaral.gob.pe\/en\/noticias\/solsticio-de-invierno-que-significo-en-caral\/\" \/>\n<meta property=\"og:locale\" content=\"en_US\" \/>\n<meta property=\"og:type\" content=\"article\" \/>\n<meta property=\"og:title\" content=\"Solsticio de invierno \u00bfQu\u00e9 signific\u00f3 en Caral?\" \/>\n<meta property=\"og:description\" content=\"Durante miles de a\u00f1os, los seres humanos hemos contemplado el cielo, admirando las estrellas y los astros, y los antiguos caralinos no fueron la excepci\u00f3n. Estudios recientes, realizados en los centros urbanos de la Civilizaci\u00f3n Caral, han demostrado que hace cinco mil a\u00f1os, existieron especialistas que se dedicaban a observar los astros, el Sol, la Luna y las estrellas, con el fin de establecer un calendario clave y puedan realizar sus actividades.\" \/>\n<meta property=\"og:url\" content=\"https:\/\/zonacaral.gob.pe\/en\/noticias\/solsticio-de-invierno-que-significo-en-caral\/\" \/>\n<meta property=\"og:site_name\" content=\"Zona Caral\" \/>\n<meta property=\"article:published_time\" content=\"2025-06-26T15:31:06+00:00\" \/>\n<meta property=\"og:image\" content=\"https:\/\/zonacaral.gob.pe\/wp-content\/uploads\/2025\/06\/Solsticio-de-invierno-en-Caral.jpg\" \/>\n\t<meta property=\"og:image:width\" content=\"2126\" \/>\n\t<meta property=\"og:image:height\" content=\"1535\" \/>\n\t<meta property=\"og:image:type\" content=\"image\/jpeg\" \/>\n<meta name=\"author\" content=\"Zona Caral Administrador\" \/>\n<meta name=\"twitter:card\" content=\"summary_large_image\" \/>\n<meta name=\"twitter:label1\" content=\"Written by\" \/>\n\t<meta name=\"twitter:data1\" content=\"Zona Caral Administrador\" \/>\n\t<meta name=\"twitter:label2\" content=\"Est. reading time\" \/>\n\t<meta name=\"twitter:data2\" content=\"3 minutes\" \/>\n<script type=\"application\/ld+json\" class=\"yoast-schema-graph\">{\"@context\":\"https:\\\/\\\/schema.org\",\"@graph\":[{\"@type\":\"Article\",\"@id\":\"https:\\\/\\\/zonacaral.gob.pe\\\/es\\\/noticias\\\/solsticio-de-invierno-que-significo-en-caral\\\/#article\",\"isPartOf\":{\"@id\":\"https:\\\/\\\/zonacaral.gob.pe\\\/es\\\/noticias\\\/solsticio-de-invierno-que-significo-en-caral\\\/\"},\"author\":{\"name\":\"Zona Caral Administrador\",\"@id\":\"https:\\\/\\\/zonacaral.gob.pe\\\/es\\\/#\\\/schema\\\/person\\\/beddb4d22f71a7230c5b90913270a0ee\"},\"headline\":\"Solsticio de invierno \u00bfQu\u00e9 signific\u00f3 en Caral?\",\"datePublished\":\"2025-06-26T15:31:06+00:00\",\"mainEntityOfPage\":{\"@id\":\"https:\\\/\\\/zonacaral.gob.pe\\\/es\\\/noticias\\\/solsticio-de-invierno-que-significo-en-caral\\\/\"},\"wordCount\":551,\"image\":{\"@id\":\"https:\\\/\\\/zonacaral.gob.pe\\\/es\\\/noticias\\\/solsticio-de-invierno-que-significo-en-caral\\\/#primaryimage\"},\"thumbnailUrl\":\"https:\\\/\\\/zonacaral.gob.pe\\\/wp-content\\\/uploads\\\/2025\\\/06\\\/Solsticio-de-invierno-en-Caral.jpg\",\"keywords\":[\"caral\",\"Cultura\"],\"articleSection\":[\"noticias\"],\"inLanguage\":\"en-US\"},{\"@type\":\"WebPage\",\"@id\":\"https:\\\/\\\/zonacaral.gob.pe\\\/es\\\/noticias\\\/solsticio-de-invierno-que-significo-en-caral\\\/\",\"url\":\"https:\\\/\\\/zonacaral.gob.pe\\\/es\\\/noticias\\\/solsticio-de-invierno-que-significo-en-caral\\\/\",\"name\":\"Solsticio de invierno \u00bfQu\u00e9 signific\u00f3 en Caral?\",\"isPartOf\":{\"@id\":\"https:\\\/\\\/zonacaral.gob.pe\\\/es\\\/#website\"},\"primaryImageOfPage\":{\"@id\":\"https:\\\/\\\/zonacaral.gob.pe\\\/es\\\/noticias\\\/solsticio-de-invierno-que-significo-en-caral\\\/#primaryimage\"},\"image\":{\"@id\":\"https:\\\/\\\/zonacaral.gob.pe\\\/es\\\/noticias\\\/solsticio-de-invierno-que-significo-en-caral\\\/#primaryimage\"},\"thumbnailUrl\":\"https:\\\/\\\/zonacaral.gob.pe\\\/wp-content\\\/uploads\\\/2025\\\/06\\\/Solsticio-de-invierno-en-Caral.jpg\",\"datePublished\":\"2025-06-26T15:31:06+00:00\",\"author\":{\"@id\":\"https:\\\/\\\/zonacaral.gob.pe\\\/es\\\/#\\\/schema\\\/person\\\/beddb4d22f71a7230c5b90913270a0ee\"},\"description\":\"Durante miles de a\u00f1os, los seres humanos hemos contemplado el cielo, admirando las estrellas y los astros, y los antiguos caralinos no fueron la excepci\u00f3n. Estudios recientes, realizados en los centros urbanos de la Civilizaci\u00f3n Caral, han demostrado que hace cinco mil a\u00f1os, existieron especialistas que se dedicaban a observar los astros, el Sol, la Luna y las estrellas, con el fin de establecer un calendario clave y puedan realizar sus actividades.\",\"breadcrumb\":{\"@id\":\"https:\\\/\\\/zonacaral.gob.pe\\\/es\\\/noticias\\\/solsticio-de-invierno-que-significo-en-caral\\\/#breadcrumb\"},\"inLanguage\":\"en-US\",\"potentialAction\":[{\"@type\":\"ReadAction\",\"target\":[\"https:\\\/\\\/zonacaral.gob.pe\\\/es\\\/noticias\\\/solsticio-de-invierno-que-significo-en-caral\\\/\"]}]},{\"@type\":\"ImageObject\",\"inLanguage\":\"en-US\",\"@id\":\"https:\\\/\\\/zonacaral.gob.pe\\\/es\\\/noticias\\\/solsticio-de-invierno-que-significo-en-caral\\\/#primaryimage\",\"url\":\"https:\\\/\\\/zonacaral.gob.pe\\\/wp-content\\\/uploads\\\/2025\\\/06\\\/Solsticio-de-invierno-en-Caral.jpg\",\"contentUrl\":\"https:\\\/\\\/zonacaral.gob.pe\\\/wp-content\\\/uploads\\\/2025\\\/06\\\/Solsticio-de-invierno-en-Caral.jpg\",\"width\":2126,\"height\":1535},{\"@type\":\"BreadcrumbList\",\"@id\":\"https:\\\/\\\/zonacaral.gob.pe\\\/es\\\/noticias\\\/solsticio-de-invierno-que-significo-en-caral\\\/#breadcrumb\",\"itemListElement\":[{\"@type\":\"ListItem\",\"position\":1,\"name\":\"Portada\",\"item\":\"https:\\\/\\\/zonacaral.gob.pe\\\/\"},{\"@type\":\"ListItem\",\"position\":2,\"name\":\"Solsticio de invierno \u00bfQu\u00e9 signific\u00f3 en Caral?\"}]},{\"@type\":\"WebSite\",\"@id\":\"https:\\\/\\\/zonacaral.gob.pe\\\/es\\\/#website\",\"url\":\"https:\\\/\\\/zonacaral.gob.pe\\\/es\\\/\",\"name\":\"Zona Caral\",\"description\":\"Investigamos, conservamos y difundimos el patrimonio cultural de la Civilizaci\u00f3n Caral, la m\u00e1s antigua de Am\u00e9rica.\",\"potentialAction\":[{\"@type\":\"SearchAction\",\"target\":{\"@type\":\"EntryPoint\",\"urlTemplate\":\"https:\\\/\\\/zonacaral.gob.pe\\\/es\\\/?s={search_term_string}\"},\"query-input\":{\"@type\":\"PropertyValueSpecification\",\"valueRequired\":true,\"valueName\":\"search_term_string\"}}],\"inLanguage\":\"en-US\"},{\"@type\":\"Person\",\"@id\":\"https:\\\/\\\/zonacaral.gob.pe\\\/es\\\/#\\\/schema\\\/person\\\/beddb4d22f71a7230c5b90913270a0ee\",\"name\":\"Zona Caral Administrador\",\"image\":{\"@type\":\"ImageObject\",\"inLanguage\":\"en-US\",\"@id\":\"https:\\\/\\\/secure.gravatar.com\\\/avatar\\\/e4be162918a696358376de6446614e0f0f4062bdc5d170d6d540ada3d8b58c12?s=96&d=mm&r=g\",\"url\":\"https:\\\/\\\/secure.gravatar.com\\\/avatar\\\/e4be162918a696358376de6446614e0f0f4062bdc5d170d6d540ada3d8b58c12?s=96&d=mm&r=g\",\"contentUrl\":\"https:\\\/\\\/secure.gravatar.com\\\/avatar\\\/e4be162918a696358376de6446614e0f0f4062bdc5d170d6d540ada3d8b58c12?s=96&d=mm&r=g\",\"caption\":\"Zona Caral Administrador\"},\"sameAs\":[\"https:\\\/\\\/zonacaral.gob.pe\"],\"url\":\"https:\\\/\\\/zonacaral.gob.pe\\\/en\\\/noticias\\\/author\\\/ad_zonacaral\\\/\"}]}<\/script>\n<!-- \/ Yoast SEO plugin. -->","yoast_head_json":{"title":"Solsticio de invierno \u00bfQu\u00e9 signific\u00f3 en Caral?","description":"Durante miles de a\u00f1os, los seres humanos hemos contemplado el cielo, admirando las estrellas y los astros, y los antiguos caralinos no fueron la excepci\u00f3n. Estudios recientes, realizados en los centros urbanos de la Civilizaci\u00f3n Caral, han demostrado que hace cinco mil a\u00f1os, existieron especialistas que se dedicaban a observar los astros, el Sol, la Luna y las estrellas, con el fin de establecer un calendario clave y puedan realizar sus actividades.","robots":{"index":"index","follow":"follow","max-snippet":"max-snippet:-1","max-image-preview":"max-image-preview:large","max-video-preview":"max-video-preview:-1"},"canonical":"https:\/\/zonacaral.gob.pe\/en\/noticias\/solsticio-de-invierno-que-significo-en-caral\/","og_locale":"en_US","og_type":"article","og_title":"Solsticio de invierno \u00bfQu\u00e9 signific\u00f3 en Caral?","og_description":"Durante miles de a\u00f1os, los seres humanos hemos contemplado el cielo, admirando las estrellas y los astros, y los antiguos caralinos no fueron la excepci\u00f3n. Estudios recientes, realizados en los centros urbanos de la Civilizaci\u00f3n Caral, han demostrado que hace cinco mil a\u00f1os, existieron especialistas que se dedicaban a observar los astros, el Sol, la Luna y las estrellas, con el fin de establecer un calendario clave y puedan realizar sus actividades.","og_url":"https:\/\/zonacaral.gob.pe\/en\/noticias\/solsticio-de-invierno-que-significo-en-caral\/","og_site_name":"Zona Caral","article_published_time":"2025-06-26T15:31:06+00:00","og_image":[{"width":2126,"height":1535,"url":"https:\/\/zonacaral.gob.pe\/wp-content\/uploads\/2025\/06\/Solsticio-de-invierno-en-Caral.jpg","type":"image\/jpeg"}],"author":"Zona Caral Administrador","twitter_card":"summary_large_image","twitter_misc":{"Written by":"Zona Caral Administrador","Est. reading time":"3 minutes"},"schema":{"@context":"https:\/\/schema.org","@graph":[{"@type":"Article","@id":"https:\/\/zonacaral.gob.pe\/es\/noticias\/solsticio-de-invierno-que-significo-en-caral\/#article","isPartOf":{"@id":"https:\/\/zonacaral.gob.pe\/es\/noticias\/solsticio-de-invierno-que-significo-en-caral\/"},"author":{"name":"Zona Caral Administrador","@id":"https:\/\/zonacaral.gob.pe\/es\/#\/schema\/person\/beddb4d22f71a7230c5b90913270a0ee"},"headline":"Solsticio de invierno \u00bfQu\u00e9 signific\u00f3 en Caral?","datePublished":"2025-06-26T15:31:06+00:00","mainEntityOfPage":{"@id":"https:\/\/zonacaral.gob.pe\/es\/noticias\/solsticio-de-invierno-que-significo-en-caral\/"},"wordCount":551,"image":{"@id":"https:\/\/zonacaral.gob.pe\/es\/noticias\/solsticio-de-invierno-que-significo-en-caral\/#primaryimage"},"thumbnailUrl":"https:\/\/zonacaral.gob.pe\/wp-content\/uploads\/2025\/06\/Solsticio-de-invierno-en-Caral.jpg","keywords":["caral","Cultura"],"articleSection":["noticias"],"inLanguage":"en-US"},{"@type":"WebPage","@id":"https:\/\/zonacaral.gob.pe\/es\/noticias\/solsticio-de-invierno-que-significo-en-caral\/","url":"https:\/\/zonacaral.gob.pe\/es\/noticias\/solsticio-de-invierno-que-significo-en-caral\/","name":"Solsticio de invierno \u00bfQu\u00e9 signific\u00f3 en Caral?","isPartOf":{"@id":"https:\/\/zonacaral.gob.pe\/es\/#website"},"primaryImageOfPage":{"@id":"https:\/\/zonacaral.gob.pe\/es\/noticias\/solsticio-de-invierno-que-significo-en-caral\/#primaryimage"},"image":{"@id":"https:\/\/zonacaral.gob.pe\/es\/noticias\/solsticio-de-invierno-que-significo-en-caral\/#primaryimage"},"thumbnailUrl":"https:\/\/zonacaral.gob.pe\/wp-content\/uploads\/2025\/06\/Solsticio-de-invierno-en-Caral.jpg","datePublished":"2025-06-26T15:31:06+00:00","author":{"@id":"https:\/\/zonacaral.gob.pe\/es\/#\/schema\/person\/beddb4d22f71a7230c5b90913270a0ee"},"description":"Durante miles de a\u00f1os, los seres humanos hemos contemplado el cielo, admirando las estrellas y los astros, y los antiguos caralinos no fueron la excepci\u00f3n. Estudios recientes, realizados en los centros urbanos de la Civilizaci\u00f3n Caral, han demostrado que hace cinco mil a\u00f1os, existieron especialistas que se dedicaban a observar los astros, el Sol, la Luna y las estrellas, con el fin de establecer un calendario clave y puedan realizar sus actividades.","breadcrumb":{"@id":"https:\/\/zonacaral.gob.pe\/es\/noticias\/solsticio-de-invierno-que-significo-en-caral\/#breadcrumb"},"inLanguage":"en-US","potentialAction":[{"@type":"ReadAction","target":["https:\/\/zonacaral.gob.pe\/es\/noticias\/solsticio-de-invierno-que-significo-en-caral\/"]}]},{"@type":"ImageObject","inLanguage":"en-US","@id":"https:\/\/zonacaral.gob.pe\/es\/noticias\/solsticio-de-invierno-que-significo-en-caral\/#primaryimage","url":"https:\/\/zonacaral.gob.pe\/wp-content\/uploads\/2025\/06\/Solsticio-de-invierno-en-Caral.jpg","contentUrl":"https:\/\/zonacaral.gob.pe\/wp-content\/uploads\/2025\/06\/Solsticio-de-invierno-en-Caral.jpg","width":2126,"height":1535},{"@type":"BreadcrumbList","@id":"https:\/\/zonacaral.gob.pe\/es\/noticias\/solsticio-de-invierno-que-significo-en-caral\/#breadcrumb","itemListElement":[{"@type":"ListItem","position":1,"name":"Portada","item":"https:\/\/zonacaral.gob.pe\/"},{"@type":"ListItem","position":2,"name":"Solsticio de invierno \u00bfQu\u00e9 signific\u00f3 en Caral?"}]},{"@type":"WebSite","@id":"https:\/\/zonacaral.gob.pe\/es\/#website","url":"https:\/\/zonacaral.gob.pe\/es\/","name":"Zona Caral","description":"Investigamos, conservamos y difundimos el patrimonio cultural de la Civilizaci\u00f3n Caral, la m\u00e1s antigua de Am\u00e9rica.","potentialAction":[{"@type":"SearchAction","target":{"@type":"EntryPoint","urlTemplate":"https:\/\/zonacaral.gob.pe\/es\/?s={search_term_string}"},"query-input":{"@type":"PropertyValueSpecification","valueRequired":true,"valueName":"search_term_string"}}],"inLanguage":"en-US"},{"@type":"Person","@id":"https:\/\/zonacaral.gob.pe\/es\/#\/schema\/person\/beddb4d22f71a7230c5b90913270a0ee","name":"Zona Caral Administrador","image":{"@type":"ImageObject","inLanguage":"en-US","@id":"https:\/\/secure.gravatar.com\/avatar\/e4be162918a696358376de6446614e0f0f4062bdc5d170d6d540ada3d8b58c12?s=96&d=mm&r=g","url":"https:\/\/secure.gravatar.com\/avatar\/e4be162918a696358376de6446614e0f0f4062bdc5d170d6d540ada3d8b58c12?s=96&d=mm&r=g","contentUrl":"https:\/\/secure.gravatar.com\/avatar\/e4be162918a696358376de6446614e0f0f4062bdc5d170d6d540ada3d8b58c12?s=96&d=mm&r=g","caption":"Zona Caral Administrador"},"sameAs":["https:\/\/zonacaral.gob.pe"],"url":"https:\/\/zonacaral.gob.pe\/en\/noticias\/author\/ad_zonacaral\/"}]}},"_links":{"self":[{"href":"https:\/\/zonacaral.gob.pe\/en\/wp-json\/wp\/v2\/posts\/18456","targetHints":{"allow":["GET"]}}],"collection":[{"href":"https:\/\/zonacaral.gob.pe\/en\/wp-json\/wp\/v2\/posts"}],"about":[{"href":"https:\/\/zonacaral.gob.pe\/en\/wp-json\/wp\/v2\/types\/post"}],"author":[{"embeddable":true,"href":"https:\/\/zonacaral.gob.pe\/en\/wp-json\/wp\/v2\/users\/1"}],"replies":[{"embeddable":true,"href":"https:\/\/zonacaral.gob.pe\/en\/wp-json\/wp\/v2\/comments?post=18456"}],"version-history":[{"count":0,"href":"https:\/\/zonacaral.gob.pe\/en\/wp-json\/wp\/v2\/posts\/18456\/revisions"}],"wp:featuredmedia":[{"embeddable":true,"href":"https:\/\/zonacaral.gob.pe\/en\/wp-json\/wp\/v2\/media\/18459"}],"wp:attachment":[{"href":"https:\/\/zonacaral.gob.pe\/en\/wp-json\/wp\/v2\/media?parent=18456"}],"wp:term":[{"taxonomy":"category","embeddable":true,"href":"https:\/\/zonacaral.gob.pe\/en\/wp-json\/wp\/v2\/categories?post=18456"},{"taxonomy":"post_tag","embeddable":true,"href":"https:\/\/zonacaral.gob.pe\/en\/wp-json\/wp\/v2\/tags?post=18456"}],"curies":[{"name":"wp","href":"https:\/\/api.w.org\/{rel}","templated":true}]}}