{"id":18464,"date":"2025-07-01T09:09:04","date_gmt":"2025-07-01T14:09:04","guid":{"rendered":"https:\/\/www.zonacaral.gob.pe\/?p=18464"},"modified":"2025-07-01T09:09:04","modified_gmt":"2025-07-01T14:09:04","slug":"caral-patrimonio-mundial-un-legado-para-toda-la-humanidad","status":"publish","type":"post","link":"https:\/\/zonacaral.gob.pe\/en\/noticias\/caral-patrimonio-mundial-un-legado-para-toda-la-humanidad\/","title":{"rendered":"Caral, Patrimonio Mundial: Un legado para toda la humanidad"},"content":{"rendered":"<figure class=\"pic-autor\" style=\"color: #4d4d4d; text-align: justify;\"><\/figure>\n<div class=\"gmail_default\" style=\"text-align: justify;\">\n<blockquote>\n<p><i><span style=\"font-weight: 400;\">Celebremos los inicios civilizatorios en Am\u00e9rica.<\/span><\/i><\/p>\n<\/blockquote>\n<p><span style=\"font-weight: 400;\">Este 30 de junio se conmemora el XVI aniversario de la inscripci\u00f3n de la <\/span><a href=\"https:\/\/whc.unesco.org\/es\/list\/1269\"><span style=\"font-weight: 400;\">Ciudad Sagrada de Caral-Supe<\/span><\/a><span style=\"font-weight: 400;\">, en la Lista del Patrimonio Mundial de la Organizaci\u00f3n de las Naciones Unidas para la Educaci\u00f3n, la Ciencia y la Cultura &#8211; UNESCO; hito cultural, logrado en 2009, que la convierte en un legado para toda la humanidad.<\/span><\/p>\n<p><span style=\"font-weight: 400;\">Su inscripci\u00f3n en esta Lista catapult\u00f3 a la civilizaci\u00f3n m\u00e1s antigua de Am\u00e9rica a un escenario global, reconociendo en ella su valor universal excepcional, basado<\/span><a href=\"https:\/\/www.gob.pe\/institucion\/caral\/noticias\/789787-ciudad-sagrada-de-caral-patrimonio-mundial-estos-son-los-criterios-que-considero-la-unesco-hace-14-anos\"> <span style=\"font-weight: 400;\">en tres criterios<\/span><\/a><span style=\"font-weight: 400;\">. Asimismo, impuls\u00f3 su investigaci\u00f3n, conservaci\u00f3n, difusi\u00f3n y el fomento del desarrollo socioecon\u00f3mico de las poblaciones aleda\u00f1as al sitio.<\/span><\/p>\n<p><span style=\"font-weight: 400;\">Es decir, ser Patrimonio Mundial se ha traducido en:<\/span><\/p>\n<ul>\n<li><span style=\"font-weight: 400;\"> Planes de Manejo y Conservaci\u00f3n: La existencia de un Plan Maestro, supervisado por la Zona Arqueol\u00f3gica Caral (ZAC), busca asegurar la integridad y autenticidad del sitio a largo plazo.<\/span><\/li>\n<li><span style=\"font-weight: 400;\"> Cooperaci\u00f3n Internacional: El estatus de Patrimonio Mundial ha facilitado la llegada de apoyo t\u00e9cnico y financiero. Un ejemplo notable es la cooperaci\u00f3n con el gobierno de Suiza para la conservaci\u00f3n de los relieves y esculturas de barro del sitio.<\/span><\/li>\n<li><span style=\"font-weight: 400;\"> Visibilidad y supervisi\u00f3n: La UNESCO realiza un seguimiento constante del estado de conservaci\u00f3n, por lo que en la ZAC se elaboran estrategias para mantener altos est\u00e1ndares de protecci\u00f3n e intervenciones adecuadas.<\/span><\/li>\n<\/ul>\n<p><span style=\"font-weight: 400;\">Asimismo, el reconocimiento global ha sido un catalizador para el turismo, convirtiendo a Caral en un destino cultural de primer orden. Precisamente, este mes lleg\u00f3 a la Ciudad Sagrada de Caral, su visitante un mill\u00f3n, lo que demuestra que el n\u00famero de visitantes nacionales y extranjeros, a este sitio de \u00abJerarqu\u00eda 4\u00bb,&nbsp; va en aumento.<\/span><\/p>\n<p><span style=\"font-weight: 400;\">Por otro lado, la <\/span><a href=\"https:\/\/www.instagram.com\/caralperu\/?hl=es\"><span style=\"font-weight: 400;\">Zona Arqueol\u00f3gica Caral<\/span><\/a><span style=\"font-weight: 400;\"> ha impulsado un modelo de desarrollo que busca involucrar a las comunidades del valle de Supe. Se han creado museos comunitarios, programas educativos y talleres para que la poblaci\u00f3n local se beneficie del turismo y se convierta en la principal guardiana de su patrimonio. La idea es que el patrimonio arqueol\u00f3gico de Caral sea un motor de desarrollo sostenible para la regi\u00f3n.<\/span><\/p>\n<p><span style=\"font-weight: 400;\">Conoce<\/span><a href=\"https:\/\/www.gob.pe\/institucion\/caral\/noticias\/982294-caral-15-anos-en-la-lista-de-patrimonio-mundial-la-historia-de-la-gesta-cultural\"> <span style=\"font-weight: 400;\">c\u00f3mo se logr\u00f3 esta gesta cultural aqu\u00ed<\/span><\/a><span style=\"font-weight: 400;\">.<\/span><\/p>\n<p><strong>DATO<\/strong><\/p>\n<p><span style=\"font-weight: 400;\">Celebra esta fecha importante recorriendo la <\/span><a href=\"https:\/\/zonacaral.gob.pe\/en\/ruta-caral\/\"><span style=\"font-weight: 400;\">Caral Route<\/span><\/a><span style=\"font-weight: 400;\">: <\/span><a href=\"https:\/\/www.zonacaral.gob.pe\/ruta-caral\/ciudad-sagrada-de-caral.html\"><span style=\"font-weight: 400;\">Ciudad Sagrada de Caral-Supe<\/span><\/a><span style=\"font-weight: 400;\">, <\/span><a href=\"https:\/\/www.zonacaral.gob.pe\/ruta-caral\/aspero.html\"><span style=\"font-weight: 400;\">\u00c1spero<\/span><\/a><span style=\"font-weight: 400;\">, <\/span><a href=\"https:\/\/www.zonacaral.gob.pe\/ruta-caral\/vichama.html\"><span style=\"font-weight: 400;\">Vichama<\/span><\/a><span style=\"font-weight: 400;\"> y <\/span><a href=\"https:\/\/www.zonacaral.gob.pe\/ruta-caral\/penico.html\"><span style=\"font-weight: 400;\">Pe\u00f1ico<\/span><\/a><span style=\"font-weight: 400;\">, sitios arqueol\u00f3gicos que atienden de lunes a domingo, incluyendo feriados, de 9:00 a. m. a 5:00 p. m. (el \u00faltimo grupo ingresa a las 4:00 p. m.). M\u00e1s informaci\u00f3n de c\u00f3mo llegar comunicarse al WhatsApp 955 881 340.<\/span><\/p>\n<p><strong style=\"font-size: inherit; text-align: justify;\">Fuente: Comunicaci\u00f3n e Imagen Institucional ZAC<\/strong><\/p>\n<\/div>\n<div style=\"color: #1f1f1f;\">\n<div style=\"color: #1f1f1f;\">\n<p style=\"text-align: justify;\">Fecha de publicaci\u00f3n: 30\/06\/2025<\/p>\n<\/div>\n<\/div>\n\n\n<p><\/p>","protected":false},"excerpt":{"rendered":"<p>Celebremos los inicios civilizatorios en Am\u00e9rica. Este 30 de junio se conmemora el XVI aniversario de la inscripci\u00f3n de la [&hellip;]<\/p>\n","protected":false},"author":1,"featured_media":18466,"comment_status":"closed","ping_status":"open","sticky":false,"template":"","format":"standard","meta":{"_acf_changed":false,"site-sidebar-layout":"default","site-content-layout":"","ast-site-content-layout":"default","site-content-style":"default","site-sidebar-style":"default","ast-global-header-display":"","ast-banner-title-visibility":"","ast-main-header-display":"","ast-hfb-above-header-display":"","ast-hfb-below-header-display":"","ast-hfb-mobile-header-display":"","site-post-title":"","ast-breadcrumbs-content":"","ast-featured-img":"","footer-sml-layout":"","ast-disable-related-posts":"","theme-transparent-header-meta":"","adv-header-id-meta":"","stick-header-meta":"","header-above-stick-meta":"","header-main-stick-meta":"","header-below-stick-meta":"","astra-migrate-meta-layouts":"default","ast-page-background-enabled":"default","ast-page-background-meta":{"desktop":{"background-color":"var(--ast-global-color-5)","background-image":"","background-repeat":"repeat","background-position":"center center","background-size":"auto","background-attachment":"scroll","background-type":"","background-media":"","overlay-type":"","overlay-color":"","overlay-opacity":"","overlay-gradient":""},"tablet":{"background-color":"","background-image":"","background-repeat":"repeat","background-position":"center center","background-size":"auto","background-attachment":"scroll","background-type":"","background-media":"","overlay-type":"","overlay-color":"","overlay-opacity":"","overlay-gradient":""},"mobile":{"background-color":"","background-image":"","background-repeat":"repeat","background-position":"center center","background-size":"auto","background-attachment":"scroll","background-type":"","background-media":"","overlay-type":"","overlay-color":"","overlay-opacity":"","overlay-gradient":""}},"ast-content-background-meta":{"desktop":{"background-color":"var(--ast-global-color-4)","background-image":"","background-repeat":"repeat","background-position":"center center","background-size":"auto","background-attachment":"scroll","background-type":"","background-media":"","overlay-type":"","overlay-color":"","overlay-opacity":"","overlay-gradient":""},"tablet":{"background-color":"var(--ast-global-color-4)","background-image":"","background-repeat":"repeat","background-position":"center center","background-size":"auto","background-attachment":"scroll","background-type":"","background-media":"","overlay-type":"","overlay-color":"","overlay-opacity":"","overlay-gradient":""},"mobile":{"background-color":"var(--ast-global-color-4)","background-image":"","background-repeat":"repeat","background-position":"center center","background-size":"auto","background-attachment":"scroll","background-type":"","background-media":"","overlay-type":"","overlay-color":"","overlay-opacity":"","overlay-gradient":""}},"footnotes":""},"categories":[208],"tags":[55,72],"class_list":["post-18464","post","type-post","status-publish","format-standard","has-post-thumbnail","hentry","category-noticias","tag-caral","tag-cultura"],"acf":[],"yoast_head":"<!-- This site is optimized with the Yoast SEO plugin v27.3 - https:\/\/yoast.com\/product\/yoast-seo-wordpress\/ -->\n<title>Zona Arqueol\u00f3gica Caral gana concurso de Prociencia del Concytec<\/title>\n<meta name=\"description\" content=\"El proyecto \u201cDe Caral a Vichama: Estrategias Sociopol\u00edticas, Movimiento Poblacional y Adaptaci\u00f3n al Cambio Clim\u00e1tico en los primeros Centros Urbanos de los Andes Centrales\u201d, de la Zona Arqueol\u00f3gica Caral (ZAC), Unidad Ejecutora 003 del Ministerio de Cultura, ha sido seleccionado como beneficiario en el concurso \u201cProyectos de Investigaci\u00f3n en Ciencias Sociales\u201d del Programa Nacional de Investigaci\u00f3n Cient\u00edfica y Estudios Avanzados (Prociencia).Durante miles de a\u00f1os, los seres humanos hemos contemplado el cielo, admirando las estrellas y los astros, y los antiguos caralinos no fueron la excepci\u00f3n. Estudios recientes, realizados en los centros urbanos de la Civilizaci\u00f3n Caral, han demostrado que hace cinco mil a\u00f1os, existieron especialistas que se dedicaban a observar los astros, el Sol, la Luna y las estrellas, con el fin de establecer un calendario clave y puedan realizar sus actividades.\" \/>\n<meta name=\"robots\" content=\"index, follow, max-snippet:-1, max-image-preview:large, max-video-preview:-1\" \/>\n<link rel=\"canonical\" href=\"https:\/\/zonacaral.gob.pe\/en\/noticias\/caral-patrimonio-mundial-un-legado-para-toda-la-humanidad\/\" \/>\n<meta property=\"og:locale\" content=\"en_US\" \/>\n<meta property=\"og:type\" content=\"article\" \/>\n<meta property=\"og:title\" content=\"Zona Arqueol\u00f3gica Caral gana concurso de Prociencia del Concytec\" \/>\n<meta property=\"og:description\" content=\"El proyecto \u201cDe Caral a Vichama: Estrategias Sociopol\u00edticas, Movimiento Poblacional y Adaptaci\u00f3n al Cambio Clim\u00e1tico en los primeros Centros Urbanos de los Andes Centrales\u201d, de la Zona Arqueol\u00f3gica Caral (ZAC), Unidad Ejecutora 003 del Ministerio de Cultura, ha sido seleccionado como beneficiario en el concurso \u201cProyectos de Investigaci\u00f3n en Ciencias Sociales\u201d del Programa Nacional de Investigaci\u00f3n Cient\u00edfica y Estudios Avanzados (Prociencia).Durante miles de a\u00f1os, los seres humanos hemos contemplado el cielo, admirando las estrellas y los astros, y los antiguos caralinos no fueron la excepci\u00f3n. Estudios recientes, realizados en los centros urbanos de la Civilizaci\u00f3n Caral, han demostrado que hace cinco mil a\u00f1os, existieron especialistas que se dedicaban a observar los astros, el Sol, la Luna y las estrellas, con el fin de establecer un calendario clave y puedan realizar sus actividades.\" \/>\n<meta property=\"og:url\" content=\"https:\/\/zonacaral.gob.pe\/en\/noticias\/caral-patrimonio-mundial-un-legado-para-toda-la-humanidad\/\" \/>\n<meta property=\"og:site_name\" content=\"Zona Caral\" \/>\n<meta property=\"article:published_time\" content=\"2025-07-01T14:09:04+00:00\" \/>\n<meta property=\"og:image\" content=\"https:\/\/zonacaral.gob.pe\/wp-content\/uploads\/2025\/06\/patrimonio-mundial1.jpg\" \/>\n\t<meta property=\"og:image:width\" content=\"1920\" \/>\n\t<meta property=\"og:image:height\" content=\"1080\" \/>\n\t<meta property=\"og:image:type\" content=\"image\/jpeg\" \/>\n<meta name=\"author\" content=\"Zona Caral Administrador\" \/>\n<meta name=\"twitter:card\" content=\"summary_large_image\" \/>\n<meta name=\"twitter:label1\" content=\"Written by\" \/>\n\t<meta name=\"twitter:data1\" content=\"Zona Caral Administrador\" \/>\n\t<meta name=\"twitter:label2\" content=\"Est. reading time\" \/>\n\t<meta name=\"twitter:data2\" content=\"2 minutes\" \/>\n<script type=\"application\/ld+json\" class=\"yoast-schema-graph\">{\"@context\":\"https:\\\/\\\/schema.org\",\"@graph\":[{\"@type\":\"Article\",\"@id\":\"https:\\\/\\\/zonacaral.gob.pe\\\/es\\\/noticias\\\/caral-patrimonio-mundial-un-legado-para-toda-la-humanidad\\\/#article\",\"isPartOf\":{\"@id\":\"https:\\\/\\\/zonacaral.gob.pe\\\/es\\\/noticias\\\/caral-patrimonio-mundial-un-legado-para-toda-la-humanidad\\\/\"},\"author\":{\"name\":\"Zona Caral Administrador\",\"@id\":\"https:\\\/\\\/zonacaral.gob.pe\\\/es\\\/#\\\/schema\\\/person\\\/beddb4d22f71a7230c5b90913270a0ee\"},\"headline\":\"Caral, Patrimonio Mundial: Un legado para toda la humanidad\",\"datePublished\":\"2025-07-01T14:09:04+00:00\",\"mainEntityOfPage\":{\"@id\":\"https:\\\/\\\/zonacaral.gob.pe\\\/es\\\/noticias\\\/caral-patrimonio-mundial-un-legado-para-toda-la-humanidad\\\/\"},\"wordCount\":451,\"image\":{\"@id\":\"https:\\\/\\\/zonacaral.gob.pe\\\/es\\\/noticias\\\/caral-patrimonio-mundial-un-legado-para-toda-la-humanidad\\\/#primaryimage\"},\"thumbnailUrl\":\"https:\\\/\\\/zonacaral.gob.pe\\\/wp-content\\\/uploads\\\/2025\\\/06\\\/patrimonio-mundial1.jpg\",\"keywords\":[\"caral\",\"Cultura\"],\"articleSection\":[\"noticias\"],\"inLanguage\":\"en-US\"},{\"@type\":\"WebPage\",\"@id\":\"https:\\\/\\\/zonacaral.gob.pe\\\/es\\\/noticias\\\/caral-patrimonio-mundial-un-legado-para-toda-la-humanidad\\\/\",\"url\":\"https:\\\/\\\/zonacaral.gob.pe\\\/es\\\/noticias\\\/caral-patrimonio-mundial-un-legado-para-toda-la-humanidad\\\/\",\"name\":\"Zona Arqueol\u00f3gica Caral gana concurso de Prociencia del Concytec\",\"isPartOf\":{\"@id\":\"https:\\\/\\\/zonacaral.gob.pe\\\/es\\\/#website\"},\"primaryImageOfPage\":{\"@id\":\"https:\\\/\\\/zonacaral.gob.pe\\\/es\\\/noticias\\\/caral-patrimonio-mundial-un-legado-para-toda-la-humanidad\\\/#primaryimage\"},\"image\":{\"@id\":\"https:\\\/\\\/zonacaral.gob.pe\\\/es\\\/noticias\\\/caral-patrimonio-mundial-un-legado-para-toda-la-humanidad\\\/#primaryimage\"},\"thumbnailUrl\":\"https:\\\/\\\/zonacaral.gob.pe\\\/wp-content\\\/uploads\\\/2025\\\/06\\\/patrimonio-mundial1.jpg\",\"datePublished\":\"2025-07-01T14:09:04+00:00\",\"author\":{\"@id\":\"https:\\\/\\\/zonacaral.gob.pe\\\/es\\\/#\\\/schema\\\/person\\\/beddb4d22f71a7230c5b90913270a0ee\"},\"description\":\"El proyecto \u201cDe Caral a Vichama: Estrategias Sociopol\u00edticas, Movimiento Poblacional y Adaptaci\u00f3n al Cambio Clim\u00e1tico en los primeros Centros Urbanos de los Andes Centrales\u201d, de la Zona Arqueol\u00f3gica Caral (ZAC), Unidad Ejecutora 003 del Ministerio de Cultura, ha sido seleccionado como beneficiario en el concurso \u201cProyectos de Investigaci\u00f3n en Ciencias Sociales\u201d del Programa Nacional de Investigaci\u00f3n Cient\u00edfica y Estudios Avanzados (Prociencia).Durante miles de a\u00f1os, los seres humanos hemos contemplado el cielo, admirando las estrellas y los astros, y los antiguos caralinos no fueron la excepci\u00f3n. Estudios recientes, realizados en los centros urbanos de la Civilizaci\u00f3n Caral, han demostrado que hace cinco mil a\u00f1os, existieron especialistas que se dedicaban a observar los astros, el Sol, la Luna y las estrellas, con el fin de establecer un calendario clave y puedan realizar sus actividades.\",\"breadcrumb\":{\"@id\":\"https:\\\/\\\/zonacaral.gob.pe\\\/es\\\/noticias\\\/caral-patrimonio-mundial-un-legado-para-toda-la-humanidad\\\/#breadcrumb\"},\"inLanguage\":\"en-US\",\"potentialAction\":[{\"@type\":\"ReadAction\",\"target\":[\"https:\\\/\\\/zonacaral.gob.pe\\\/es\\\/noticias\\\/caral-patrimonio-mundial-un-legado-para-toda-la-humanidad\\\/\"]}]},{\"@type\":\"ImageObject\",\"inLanguage\":\"en-US\",\"@id\":\"https:\\\/\\\/zonacaral.gob.pe\\\/es\\\/noticias\\\/caral-patrimonio-mundial-un-legado-para-toda-la-humanidad\\\/#primaryimage\",\"url\":\"https:\\\/\\\/zonacaral.gob.pe\\\/wp-content\\\/uploads\\\/2025\\\/06\\\/patrimonio-mundial1.jpg\",\"contentUrl\":\"https:\\\/\\\/zonacaral.gob.pe\\\/wp-content\\\/uploads\\\/2025\\\/06\\\/patrimonio-mundial1.jpg\",\"width\":1920,\"height\":1080},{\"@type\":\"BreadcrumbList\",\"@id\":\"https:\\\/\\\/zonacaral.gob.pe\\\/es\\\/noticias\\\/caral-patrimonio-mundial-un-legado-para-toda-la-humanidad\\\/#breadcrumb\",\"itemListElement\":[{\"@type\":\"ListItem\",\"position\":1,\"name\":\"Portada\",\"item\":\"https:\\\/\\\/zonacaral.gob.pe\\\/\"},{\"@type\":\"ListItem\",\"position\":2,\"name\":\"Caral, Patrimonio Mundial: Un legado para toda la humanidad\"}]},{\"@type\":\"WebSite\",\"@id\":\"https:\\\/\\\/zonacaral.gob.pe\\\/es\\\/#website\",\"url\":\"https:\\\/\\\/zonacaral.gob.pe\\\/es\\\/\",\"name\":\"Zona Caral\",\"description\":\"Investigamos, conservamos y difundimos el patrimonio cultural de la Civilizaci\u00f3n Caral, la m\u00e1s antigua de Am\u00e9rica.\",\"potentialAction\":[{\"@type\":\"SearchAction\",\"target\":{\"@type\":\"EntryPoint\",\"urlTemplate\":\"https:\\\/\\\/zonacaral.gob.pe\\\/es\\\/?s={search_term_string}\"},\"query-input\":{\"@type\":\"PropertyValueSpecification\",\"valueRequired\":true,\"valueName\":\"search_term_string\"}}],\"inLanguage\":\"en-US\"},{\"@type\":\"Person\",\"@id\":\"https:\\\/\\\/zonacaral.gob.pe\\\/es\\\/#\\\/schema\\\/person\\\/beddb4d22f71a7230c5b90913270a0ee\",\"name\":\"Zona Caral Administrador\",\"image\":{\"@type\":\"ImageObject\",\"inLanguage\":\"en-US\",\"@id\":\"https:\\\/\\\/secure.gravatar.com\\\/avatar\\\/e4be162918a696358376de6446614e0f0f4062bdc5d170d6d540ada3d8b58c12?s=96&d=mm&r=g\",\"url\":\"https:\\\/\\\/secure.gravatar.com\\\/avatar\\\/e4be162918a696358376de6446614e0f0f4062bdc5d170d6d540ada3d8b58c12?s=96&d=mm&r=g\",\"contentUrl\":\"https:\\\/\\\/secure.gravatar.com\\\/avatar\\\/e4be162918a696358376de6446614e0f0f4062bdc5d170d6d540ada3d8b58c12?s=96&d=mm&r=g\",\"caption\":\"Zona Caral Administrador\"},\"sameAs\":[\"https:\\\/\\\/zonacaral.gob.pe\"],\"url\":\"https:\\\/\\\/zonacaral.gob.pe\\\/en\\\/noticias\\\/author\\\/ad_zonacaral\\\/\"}]}<\/script>\n<!-- \/ Yoast SEO plugin. -->","yoast_head_json":{"title":"Zona Arqueol\u00f3gica Caral gana concurso de Prociencia del Concytec","description":"El proyecto \u201cDe Caral a Vichama: Estrategias Sociopol\u00edticas, Movimiento Poblacional y Adaptaci\u00f3n al Cambio Clim\u00e1tico en los primeros Centros Urbanos de los Andes Centrales\u201d, de la Zona Arqueol\u00f3gica Caral (ZAC), Unidad Ejecutora 003 del Ministerio de Cultura, ha sido seleccionado como beneficiario en el concurso \u201cProyectos de Investigaci\u00f3n en Ciencias Sociales\u201d del Programa Nacional de Investigaci\u00f3n Cient\u00edfica y Estudios Avanzados (Prociencia).Durante miles de a\u00f1os, los seres humanos hemos contemplado el cielo, admirando las estrellas y los astros, y los antiguos caralinos no fueron la excepci\u00f3n. Estudios recientes, realizados en los centros urbanos de la Civilizaci\u00f3n Caral, han demostrado que hace cinco mil a\u00f1os, existieron especialistas que se dedicaban a observar los astros, el Sol, la Luna y las estrellas, con el fin de establecer un calendario clave y puedan realizar sus actividades.","robots":{"index":"index","follow":"follow","max-snippet":"max-snippet:-1","max-image-preview":"max-image-preview:large","max-video-preview":"max-video-preview:-1"},"canonical":"https:\/\/zonacaral.gob.pe\/en\/noticias\/caral-patrimonio-mundial-un-legado-para-toda-la-humanidad\/","og_locale":"en_US","og_type":"article","og_title":"Zona Arqueol\u00f3gica Caral gana concurso de Prociencia del Concytec","og_description":"El proyecto \u201cDe Caral a Vichama: Estrategias Sociopol\u00edticas, Movimiento Poblacional y Adaptaci\u00f3n al Cambio Clim\u00e1tico en los primeros Centros Urbanos de los Andes Centrales\u201d, de la Zona Arqueol\u00f3gica Caral (ZAC), Unidad Ejecutora 003 del Ministerio de Cultura, ha sido seleccionado como beneficiario en el concurso \u201cProyectos de Investigaci\u00f3n en Ciencias Sociales\u201d del Programa Nacional de Investigaci\u00f3n Cient\u00edfica y Estudios Avanzados (Prociencia).Durante miles de a\u00f1os, los seres humanos hemos contemplado el cielo, admirando las estrellas y los astros, y los antiguos caralinos no fueron la excepci\u00f3n. Estudios recientes, realizados en los centros urbanos de la Civilizaci\u00f3n Caral, han demostrado que hace cinco mil a\u00f1os, existieron especialistas que se dedicaban a observar los astros, el Sol, la Luna y las estrellas, con el fin de establecer un calendario clave y puedan realizar sus actividades.","og_url":"https:\/\/zonacaral.gob.pe\/en\/noticias\/caral-patrimonio-mundial-un-legado-para-toda-la-humanidad\/","og_site_name":"Zona Caral","article_published_time":"2025-07-01T14:09:04+00:00","og_image":[{"width":1920,"height":1080,"url":"https:\/\/zonacaral.gob.pe\/wp-content\/uploads\/2025\/06\/patrimonio-mundial1.jpg","type":"image\/jpeg"}],"author":"Zona Caral Administrador","twitter_card":"summary_large_image","twitter_misc":{"Written by":"Zona Caral Administrador","Est. reading time":"2 minutes"},"schema":{"@context":"https:\/\/schema.org","@graph":[{"@type":"Article","@id":"https:\/\/zonacaral.gob.pe\/es\/noticias\/caral-patrimonio-mundial-un-legado-para-toda-la-humanidad\/#article","isPartOf":{"@id":"https:\/\/zonacaral.gob.pe\/es\/noticias\/caral-patrimonio-mundial-un-legado-para-toda-la-humanidad\/"},"author":{"name":"Zona Caral Administrador","@id":"https:\/\/zonacaral.gob.pe\/es\/#\/schema\/person\/beddb4d22f71a7230c5b90913270a0ee"},"headline":"Caral, Patrimonio Mundial: Un legado para toda la humanidad","datePublished":"2025-07-01T14:09:04+00:00","mainEntityOfPage":{"@id":"https:\/\/zonacaral.gob.pe\/es\/noticias\/caral-patrimonio-mundial-un-legado-para-toda-la-humanidad\/"},"wordCount":451,"image":{"@id":"https:\/\/zonacaral.gob.pe\/es\/noticias\/caral-patrimonio-mundial-un-legado-para-toda-la-humanidad\/#primaryimage"},"thumbnailUrl":"https:\/\/zonacaral.gob.pe\/wp-content\/uploads\/2025\/06\/patrimonio-mundial1.jpg","keywords":["caral","Cultura"],"articleSection":["noticias"],"inLanguage":"en-US"},{"@type":"WebPage","@id":"https:\/\/zonacaral.gob.pe\/es\/noticias\/caral-patrimonio-mundial-un-legado-para-toda-la-humanidad\/","url":"https:\/\/zonacaral.gob.pe\/es\/noticias\/caral-patrimonio-mundial-un-legado-para-toda-la-humanidad\/","name":"Zona Arqueol\u00f3gica Caral gana concurso de Prociencia del Concytec","isPartOf":{"@id":"https:\/\/zonacaral.gob.pe\/es\/#website"},"primaryImageOfPage":{"@id":"https:\/\/zonacaral.gob.pe\/es\/noticias\/caral-patrimonio-mundial-un-legado-para-toda-la-humanidad\/#primaryimage"},"image":{"@id":"https:\/\/zonacaral.gob.pe\/es\/noticias\/caral-patrimonio-mundial-un-legado-para-toda-la-humanidad\/#primaryimage"},"thumbnailUrl":"https:\/\/zonacaral.gob.pe\/wp-content\/uploads\/2025\/06\/patrimonio-mundial1.jpg","datePublished":"2025-07-01T14:09:04+00:00","author":{"@id":"https:\/\/zonacaral.gob.pe\/es\/#\/schema\/person\/beddb4d22f71a7230c5b90913270a0ee"},"description":"El proyecto \u201cDe Caral a Vichama: Estrategias Sociopol\u00edticas, Movimiento Poblacional y Adaptaci\u00f3n al Cambio Clim\u00e1tico en los primeros Centros Urbanos de los Andes Centrales\u201d, de la Zona Arqueol\u00f3gica Caral (ZAC), Unidad Ejecutora 003 del Ministerio de Cultura, ha sido seleccionado como beneficiario en el concurso \u201cProyectos de Investigaci\u00f3n en Ciencias Sociales\u201d del Programa Nacional de Investigaci\u00f3n Cient\u00edfica y Estudios Avanzados (Prociencia).Durante miles de a\u00f1os, los seres humanos hemos contemplado el cielo, admirando las estrellas y los astros, y los antiguos caralinos no fueron la excepci\u00f3n. Estudios recientes, realizados en los centros urbanos de la Civilizaci\u00f3n Caral, han demostrado que hace cinco mil a\u00f1os, existieron especialistas que se dedicaban a observar los astros, el Sol, la Luna y las estrellas, con el fin de establecer un calendario clave y puedan realizar sus actividades.","breadcrumb":{"@id":"https:\/\/zonacaral.gob.pe\/es\/noticias\/caral-patrimonio-mundial-un-legado-para-toda-la-humanidad\/#breadcrumb"},"inLanguage":"en-US","potentialAction":[{"@type":"ReadAction","target":["https:\/\/zonacaral.gob.pe\/es\/noticias\/caral-patrimonio-mundial-un-legado-para-toda-la-humanidad\/"]}]},{"@type":"ImageObject","inLanguage":"en-US","@id":"https:\/\/zonacaral.gob.pe\/es\/noticias\/caral-patrimonio-mundial-un-legado-para-toda-la-humanidad\/#primaryimage","url":"https:\/\/zonacaral.gob.pe\/wp-content\/uploads\/2025\/06\/patrimonio-mundial1.jpg","contentUrl":"https:\/\/zonacaral.gob.pe\/wp-content\/uploads\/2025\/06\/patrimonio-mundial1.jpg","width":1920,"height":1080},{"@type":"BreadcrumbList","@id":"https:\/\/zonacaral.gob.pe\/es\/noticias\/caral-patrimonio-mundial-un-legado-para-toda-la-humanidad\/#breadcrumb","itemListElement":[{"@type":"ListItem","position":1,"name":"Portada","item":"https:\/\/zonacaral.gob.pe\/"},{"@type":"ListItem","position":2,"name":"Caral, Patrimonio Mundial: Un legado para toda la humanidad"}]},{"@type":"WebSite","@id":"https:\/\/zonacaral.gob.pe\/es\/#website","url":"https:\/\/zonacaral.gob.pe\/es\/","name":"Zona Caral","description":"Investigamos, conservamos y difundimos el patrimonio cultural de la Civilizaci\u00f3n Caral, la m\u00e1s antigua de Am\u00e9rica.","potentialAction":[{"@type":"SearchAction","target":{"@type":"EntryPoint","urlTemplate":"https:\/\/zonacaral.gob.pe\/es\/?s={search_term_string}"},"query-input":{"@type":"PropertyValueSpecification","valueRequired":true,"valueName":"search_term_string"}}],"inLanguage":"en-US"},{"@type":"Person","@id":"https:\/\/zonacaral.gob.pe\/es\/#\/schema\/person\/beddb4d22f71a7230c5b90913270a0ee","name":"Zona Caral Administrador","image":{"@type":"ImageObject","inLanguage":"en-US","@id":"https:\/\/secure.gravatar.com\/avatar\/e4be162918a696358376de6446614e0f0f4062bdc5d170d6d540ada3d8b58c12?s=96&d=mm&r=g","url":"https:\/\/secure.gravatar.com\/avatar\/e4be162918a696358376de6446614e0f0f4062bdc5d170d6d540ada3d8b58c12?s=96&d=mm&r=g","contentUrl":"https:\/\/secure.gravatar.com\/avatar\/e4be162918a696358376de6446614e0f0f4062bdc5d170d6d540ada3d8b58c12?s=96&d=mm&r=g","caption":"Zona Caral Administrador"},"sameAs":["https:\/\/zonacaral.gob.pe"],"url":"https:\/\/zonacaral.gob.pe\/en\/noticias\/author\/ad_zonacaral\/"}]}},"_links":{"self":[{"href":"https:\/\/zonacaral.gob.pe\/en\/wp-json\/wp\/v2\/posts\/18464","targetHints":{"allow":["GET"]}}],"collection":[{"href":"https:\/\/zonacaral.gob.pe\/en\/wp-json\/wp\/v2\/posts"}],"about":[{"href":"https:\/\/zonacaral.gob.pe\/en\/wp-json\/wp\/v2\/types\/post"}],"author":[{"embeddable":true,"href":"https:\/\/zonacaral.gob.pe\/en\/wp-json\/wp\/v2\/users\/1"}],"replies":[{"embeddable":true,"href":"https:\/\/zonacaral.gob.pe\/en\/wp-json\/wp\/v2\/comments?post=18464"}],"version-history":[{"count":0,"href":"https:\/\/zonacaral.gob.pe\/en\/wp-json\/wp\/v2\/posts\/18464\/revisions"}],"wp:featuredmedia":[{"embeddable":true,"href":"https:\/\/zonacaral.gob.pe\/en\/wp-json\/wp\/v2\/media\/18466"}],"wp:attachment":[{"href":"https:\/\/zonacaral.gob.pe\/en\/wp-json\/wp\/v2\/media?parent=18464"}],"wp:term":[{"taxonomy":"category","embeddable":true,"href":"https:\/\/zonacaral.gob.pe\/en\/wp-json\/wp\/v2\/categories?post=18464"},{"taxonomy":"post_tag","embeddable":true,"href":"https:\/\/zonacaral.gob.pe\/en\/wp-json\/wp\/v2\/tags?post=18464"}],"curies":[{"name":"wp","href":"https:\/\/api.w.org\/{rel}","templated":true}]}}