{"id":18490,"date":"2025-07-17T09:37:25","date_gmt":"2025-07-17T14:37:25","guid":{"rendered":"https:\/\/www.zonacaral.gob.pe\/?p=18490"},"modified":"2025-07-17T09:37:25","modified_gmt":"2025-07-17T14:37:25","slug":"zona-arqueologica-caral-inicia-la-actualizacion-del-plan-maestro-para-el-desarrollo-integral-y-sostenible-del-valle-de-supe-y-barranca-al-2035","status":"publish","type":"post","link":"https:\/\/zonacaral.gob.pe\/en\/noticias\/zona-arqueologica-caral-inicia-la-actualizacion-del-plan-maestro-para-el-desarrollo-integral-y-sostenible-del-valle-de-supe-y-barranca-al-2035\/","title":{"rendered":"Zona Arqueol\u00f3gica Caral inicia la actualizaci\u00f3n del Plan Maestro para el desarrollo integral y sostenible de Supe y Barranca al 2035"},"content":{"rendered":"<figure class=\"pic-autor\" style=\"color: #4d4d4d; text-align: justify;\"><\/figure>\n<div class=\"gmail_default\" style=\"text-align: justify;\">\n<blockquote>\n<p><i><span style=\"font-weight: 400;\">Se destaca el rol del patrimonio arqueol\u00f3gico en las pol\u00edticas p\u00fablicas y en el desarrollo social del pa\u00eds.<\/span><\/i><\/p>\n<\/blockquote>\n<p><span style=\"font-weight: 400;\">La <\/span><a href=\"https:\/\/www.facebook.com\/CARALPERU\/?locale=es_LA\"><span style=\"font-weight: 400;\">Zona Arqueol\u00f3gica Caral<\/span><\/a><span style=\"font-weight: 400;\"> (ZAC), Unidad Ejecutora 003 del Ministerio de Cultura, realiz\u00f3 la primera reuni\u00f3n de coordinaci\u00f3n con el equipo t\u00e9cnico multidisciplinario de la empresa Ekodes Consultores S. A. que, durante los pr\u00f3ximos 120 d\u00edas,\u00a0 se encargar\u00e1 de la actualizaci\u00f3n del Plan Maestro para un Desarrollo Integral y Sostenible de Supe y Barranca al 2035, conforme a lo establecido en la Ley N.\u00ba 28690. Este instrumento de gesti\u00f3n territorial busca consolidar un modelo de desarrollo inclusivo y sostenible, basado en la conservaci\u00f3n y puesta en valor del patrimonio arqueol\u00f3gico de la <\/span><a href=\"https:\/\/youtu.be\/uAJpjcgLits\"><span style=\"font-weight: 400;\">Civilizaci\u00f3n Caral<\/span><\/a><span style=\"font-weight: 400;\">, considerada la m\u00e1s antigua de Am\u00e9rica.<\/span><\/p>\n<p><span style=\"font-weight: 400;\">Desde su formulaci\u00f3n inicial en 2004, el <\/span><a href=\"https:\/\/zonacaral.gob.pe\/en\/plan-maestro\/plan-maestro-de-supe-y-barranca\/\"><span style=\"font-weight: 400;\">Master plan<\/span><\/a><span style=\"font-weight: 400;\"> ha promovido una visi\u00f3n integral del territorio, articulando la investigaci\u00f3n arqueol\u00f3gica con la protecci\u00f3n del medio ambiente, la recuperaci\u00f3n de tecnolog\u00edas tradicionales, el impulso de una agricultura ecol\u00f3gica, el fortalecimiento de la identidad cultural y el desarrollo de una red de turismo sostenible. Su actualizaci\u00f3n permitir\u00e1 proyectar estas acciones en el mediano y largo plazo, adapt\u00e1ndolas a los nuevos desaf\u00edos sociales, econ\u00f3micos y ambientales del valle de Supe y su \u00e1rea de influencia.<\/span><\/p>\n<p><span style=\"font-weight: 400;\">La primera reuni\u00f3n de trabajo fue encabezada por la <\/span><a href=\"https:\/\/www.facebook.com\/share\/v\/16q5zRvMeF\/\"><span style=\"font-weight: 400;\">doctora Ruth Shady Sol\u00eds<\/span><\/a><span style=\"font-weight: 400;\">, directora de la ZAC y principal investigadora de la Civilizaci\u00f3n Caral, y cont\u00f3 con la participaci\u00f3n del subdirector de Relaciones Comunitarias, antrop\u00f3logo Carlos Leyva Arroyo; del subdirector de Investigaci\u00f3n y Conservaci\u00f3n de Sitios Arqueol\u00f3gicos, arque\u00f3logo Marco Machacuay Romero y del subdirector de Investigaci\u00f3n y Conservaci\u00f3n de Materiales Arqueol\u00f3gicos, arque\u00f3logo Pedro Novoa Bellota, quienes acompa\u00f1aron la presentaci\u00f3n de los lineamientos generales, ejes estrat\u00e9gicos e ideas fuerza que guiar\u00e1n el proceso. El equipo de profesionales de Ekodes est\u00e1 liderado por el destacado economista C\u00e9sar Sotomayor Calder\u00f3n. Durante el encuentro, se resalt\u00f3 el car\u00e1cter participativo, transectorial y descentralizado del Plan, as\u00ed como la necesidad de consolidar el posicionamiento de Caral como s\u00edmbolo de identidad nacional y eje articulador del ordenamiento territorial del valle.<\/span><\/p>\n<p><b>El patrimonio cultural como eje para el desarrollo integral y sostenible\u00a0<\/b><\/p>\n<p><span style=\"font-weight: 400;\">En su intervenci\u00f3n, la doctora Shady Sol\u00eds, destac\u00f3 la importancia del patrimonio arqueol\u00f3gico como un recurso estrat\u00e9gico para el desarrollo nacional. Destac\u00f3 su valor hist\u00f3rico, como base para reflexionar sobre las formas de organizaci\u00f3n y ocupaci\u00f3n del territorio desarrolladas por las antiguas sociedades; su valor social, al contribuir a fortalecer la autoestima colectiva y la participaci\u00f3n ciudadana; su valor cultural, al reforzar la identidad y el sentido de pertenencia a una naci\u00f3n diversa; y su valor econ\u00f3mico, como un activo fundamental para el turismo responsable y sostenible.<\/span><\/p>\n<p><span style=\"font-weight: 400;\">Asimismo, enfatiz\u00f3 la responsabilidad compartida entre el Estado y la sociedad para preservar el patrimonio arqueol\u00f3gico, entendido como herencia com\u00fan de todas las generaciones. Su conservaci\u00f3n no solo protege la memoria hist\u00f3rica, sino que promueve el uso sostenible de los recursos naturales y culturales del territorio.<\/span><\/p>\n<p><span style=\"font-weight: 400;\">La Zona Arqueol\u00f3gica Caral reafirma su compromiso con una visi\u00f3n de desarrollo que reconoce al patrimonio como fuente de conocimiento, cohesi\u00f3n social y oportunidades econ\u00f3micas. Con la actualizaci\u00f3n del Plan Maestro al 2035, se da un paso decisivo hacia la construcci\u00f3n de un futuro sostenible, con identidad y bienestar para las comunidades del valle de Supe y del pa\u00eds.<\/span><\/p>\n<p><b>Dato<\/b><\/p>\n<p><span style=\"font-weight: 400;\">La investigaci\u00f3n sobre la Civilizaci\u00f3n Caral fue iniciada en 1994 por la doctora Ruth Shady Sol\u00eds, en la <\/span><a href=\"https:\/\/whc.unesco.org\/es\/list\/1269\"><span style=\"font-weight: 400;\">Ciudad Sagrada de Caral-Supe<\/span><\/a><span style=\"font-weight: 400;\">, inscrita en 2009 en la Lista del Patrimonio Mundial de la UNESCO.<\/span><\/p>\n<p><span style=\"font-weight: 400;\">Actualmente, la Zona Arqueol\u00f3gica Caral investiga en doce sitios arqueol\u00f3gicos, como parte de su programa integral de puesta en valor del patrimonio cultural de la Civilizaci\u00f3n Caral: Ciudad Sagrada de Caral-Supe, Chupacigarro, Miraya, Lurihuasi, \u00c1spero, Era de Pando, Piedra Parada, Allpacoto, El Molino, Pueblo Nuevo, Vichama y Pe\u00f1ico. <\/span><\/p>\n<p><strong style=\"font-size: inherit; text-align: justify;\">Fuente: Comunicaci\u00f3n e Imagen Institucional ZAC<\/strong><\/p>\n<\/div>\n<div style=\"color: #1f1f1f;\">\n<div style=\"color: #1f1f1f;\">\n<p style=\"text-align: justify;\">Fecha de publicaci\u00f3n: 17\/07\/2025<\/p>\n<\/div>\n<\/div>\n\n\n<p><\/p>","protected":false},"excerpt":{"rendered":"<p>Se destaca el rol del patrimonio arqueol\u00f3gico en las pol\u00edticas p\u00fablicas y en el desarrollo social del pa\u00eds. La Zona [&hellip;]<\/p>\n","protected":false},"author":1,"featured_media":18491,"comment_status":"closed","ping_status":"open","sticky":false,"template":"","format":"standard","meta":{"_acf_changed":false,"site-sidebar-layout":"default","site-content-layout":"","ast-site-content-layout":"default","site-content-style":"default","site-sidebar-style":"default","ast-global-header-display":"","ast-banner-title-visibility":"","ast-main-header-display":"","ast-hfb-above-header-display":"","ast-hfb-below-header-display":"","ast-hfb-mobile-header-display":"","site-post-title":"","ast-breadcrumbs-content":"","ast-featured-img":"","footer-sml-layout":"","ast-disable-related-posts":"","theme-transparent-header-meta":"","adv-header-id-meta":"","stick-header-meta":"","header-above-stick-meta":"","header-main-stick-meta":"","header-below-stick-meta":"","astra-migrate-meta-layouts":"default","ast-page-background-enabled":"default","ast-page-background-meta":{"desktop":{"background-color":"var(--ast-global-color-5)","background-image":"","background-repeat":"repeat","background-position":"center center","background-size":"auto","background-attachment":"scroll","background-type":"","background-media":"","overlay-type":"","overlay-color":"","overlay-opacity":"","overlay-gradient":""},"tablet":{"background-color":"","background-image":"","background-repeat":"repeat","background-position":"center center","background-size":"auto","background-attachment":"scroll","background-type":"","background-media":"","overlay-type":"","overlay-color":"","overlay-opacity":"","overlay-gradient":""},"mobile":{"background-color":"","background-image":"","background-repeat":"repeat","background-position":"center center","background-size":"auto","background-attachment":"scroll","background-type":"","background-media":"","overlay-type":"","overlay-color":"","overlay-opacity":"","overlay-gradient":""}},"ast-content-background-meta":{"desktop":{"background-color":"var(--ast-global-color-4)","background-image":"","background-repeat":"repeat","background-position":"center center","background-size":"auto","background-attachment":"scroll","background-type":"","background-media":"","overlay-type":"","overlay-color":"","overlay-opacity":"","overlay-gradient":""},"tablet":{"background-color":"var(--ast-global-color-4)","background-image":"","background-repeat":"repeat","background-position":"center center","background-size":"auto","background-attachment":"scroll","background-type":"","background-media":"","overlay-type":"","overlay-color":"","overlay-opacity":"","overlay-gradient":""},"mobile":{"background-color":"var(--ast-global-color-4)","background-image":"","background-repeat":"repeat","background-position":"center center","background-size":"auto","background-attachment":"scroll","background-type":"","background-media":"","overlay-type":"","overlay-color":"","overlay-opacity":"","overlay-gradient":""}},"footnotes":""},"categories":[208],"tags":[55,72],"class_list":["post-18490","post","type-post","status-publish","format-standard","has-post-thumbnail","hentry","category-noticias","tag-caral","tag-cultura"],"acf":[],"yoast_head":"<!-- This site is optimized with the Yoast SEO plugin v27.3 - https:\/\/yoast.com\/product\/yoast-seo-wordpress\/ -->\n<title>Zona Arqueol\u00f3gica Caral inicia la actualizaci\u00f3n del Plan Maestro para el desarrollo integral y sostenible del valle de Supe y Barranca al 2035<\/title>\n<meta name=\"description\" content=\"La Zona Arqueol\u00f3gica Caral (ZAC), Unidad Ejecutora 003 del Ministerio de Cultura, realiz\u00f3 la primera reuni\u00f3n de coordinaci\u00f3n con el equipo t\u00e9cnico multidisciplinario de la empresa Ekodes Consultores S. A. que, durante los pr\u00f3ximos 120 d\u00edas,\u00a0 se encargar\u00e1 de la actualizaci\u00f3n del Plan Maestro para un Desarrollo Integral y Sostenible de Supe y Barranca al 2035, conforme a lo establecido en la Ley N.\u00ba 28690. Este instrumento de gesti\u00f3n territorial busca consolidar un modelo de desarrollo inclusivo y sostenible, basado en la conservaci\u00f3n y puesta en valor del patrimonio arqueol\u00f3gico de la Civilizaci\u00f3n Caral, considerada la m\u00e1s antigua de Am\u00e9rica.La Zona Arqueol\u00f3gica Caral, Unidad Ejecutora 003 del Ministerio de Cultura del Per\u00fa, presenta a trav\u00e9s de la web del Museo Caral Virtual un nuevo Tesoro de Caral: las esculturas de Miraya. Este valioso hallazgo arqueol\u00f3gico destaca no solo por su antig\u00fcedad y valor est\u00e9tico, sino tambi\u00e9n por lo que revela sobre la organizaci\u00f3n pol\u00edtica, la vida comunitaria y la complementariedad de g\u00e9nero en la civilizaci\u00f3n m\u00e1s antigua de Am\u00e9rica: Caral.En julio, mes de celebraci\u00f3n nacional, la Zona Arqueol\u00f3gica Caral (ZAC), Unidad Ejecutora 003 del Ministerio de Cultura, te invita a participar en sus actividades culturales. Estas experiencias te acercar\u00e1n a tu patrimonio arqueol\u00f3gico milenario y te har\u00e1n sentir orgulloso de haber nacido en este pa\u00eds donde hace cinco mil a\u00f1os se desarroll\u00f3 la civilizaci\u00f3n m\u00e1s antigua de Am\u00e9rica: Caral.\" \/>\n<meta name=\"robots\" content=\"index, follow, max-snippet:-1, max-image-preview:large, max-video-preview:-1\" \/>\n<link rel=\"canonical\" href=\"https:\/\/zonacaral.gob.pe\/en\/noticias\/zona-arqueologica-caral-inicia-la-actualizacion-del-plan-maestro-para-el-desarrollo-integral-y-sostenible-del-valle-de-supe-y-barranca-al-2035\/\" \/>\n<meta property=\"og:locale\" content=\"en_US\" \/>\n<meta property=\"og:type\" content=\"article\" \/>\n<meta property=\"og:title\" content=\"Zona Arqueol\u00f3gica Caral inicia la actualizaci\u00f3n del Plan Maestro para el desarrollo integral y sostenible del valle de Supe y Barranca al 2035\" \/>\n<meta property=\"og:description\" content=\"La Zona Arqueol\u00f3gica Caral (ZAC), Unidad Ejecutora 003 del Ministerio de Cultura, realiz\u00f3 la primera reuni\u00f3n de coordinaci\u00f3n con el equipo t\u00e9cnico multidisciplinario de la empresa Ekodes Consultores S. A. que, durante los pr\u00f3ximos 120 d\u00edas,\u00a0 se encargar\u00e1 de la actualizaci\u00f3n del Plan Maestro para un Desarrollo Integral y Sostenible de Supe y Barranca al 2035, conforme a lo establecido en la Ley N.\u00ba 28690. Este instrumento de gesti\u00f3n territorial busca consolidar un modelo de desarrollo inclusivo y sostenible, basado en la conservaci\u00f3n y puesta en valor del patrimonio arqueol\u00f3gico de la Civilizaci\u00f3n Caral, considerada la m\u00e1s antigua de Am\u00e9rica.La Zona Arqueol\u00f3gica Caral, Unidad Ejecutora 003 del Ministerio de Cultura del Per\u00fa, presenta a trav\u00e9s de la web del Museo Caral Virtual un nuevo Tesoro de Caral: las esculturas de Miraya. Este valioso hallazgo arqueol\u00f3gico destaca no solo por su antig\u00fcedad y valor est\u00e9tico, sino tambi\u00e9n por lo que revela sobre la organizaci\u00f3n pol\u00edtica, la vida comunitaria y la complementariedad de g\u00e9nero en la civilizaci\u00f3n m\u00e1s antigua de Am\u00e9rica: Caral.En julio, mes de celebraci\u00f3n nacional, la Zona Arqueol\u00f3gica Caral (ZAC), Unidad Ejecutora 003 del Ministerio de Cultura, te invita a participar en sus actividades culturales. Estas experiencias te acercar\u00e1n a tu patrimonio arqueol\u00f3gico milenario y te har\u00e1n sentir orgulloso de haber nacido en este pa\u00eds donde hace cinco mil a\u00f1os se desarroll\u00f3 la civilizaci\u00f3n m\u00e1s antigua de Am\u00e9rica: Caral.\" \/>\n<meta property=\"og:url\" content=\"https:\/\/zonacaral.gob.pe\/en\/noticias\/zona-arqueologica-caral-inicia-la-actualizacion-del-plan-maestro-para-el-desarrollo-integral-y-sostenible-del-valle-de-supe-y-barranca-al-2035\/\" \/>\n<meta property=\"og:site_name\" content=\"Zona Caral\" \/>\n<meta property=\"article:published_time\" content=\"2025-07-17T14:37:25+00:00\" \/>\n<meta property=\"og:image\" content=\"https:\/\/zonacaral.gob.pe\/wp-content\/uploads\/2025\/07\/Plan_Maestro.jpg\" \/>\n\t<meta property=\"og:image:width\" content=\"1500\" \/>\n\t<meta property=\"og:image:height\" content=\"800\" \/>\n\t<meta property=\"og:image:type\" content=\"image\/jpeg\" \/>\n<meta name=\"author\" content=\"Zona Caral Administrador\" \/>\n<meta name=\"twitter:card\" content=\"summary_large_image\" \/>\n<meta name=\"twitter:label1\" content=\"Written by\" \/>\n\t<meta name=\"twitter:data1\" content=\"Zona Caral Administrador\" \/>\n\t<meta name=\"twitter:label2\" content=\"Est. reading time\" \/>\n\t<meta name=\"twitter:data2\" content=\"4 minutes\" \/>\n<script type=\"application\/ld+json\" class=\"yoast-schema-graph\">{\"@context\":\"https:\\\/\\\/schema.org\",\"@graph\":[{\"@type\":\"Article\",\"@id\":\"https:\\\/\\\/zonacaral.gob.pe\\\/es\\\/noticias\\\/zona-arqueologica-caral-inicia-la-actualizacion-del-plan-maestro-para-el-desarrollo-integral-y-sostenible-del-valle-de-supe-y-barranca-al-2035\\\/#article\",\"isPartOf\":{\"@id\":\"https:\\\/\\\/zonacaral.gob.pe\\\/es\\\/noticias\\\/zona-arqueologica-caral-inicia-la-actualizacion-del-plan-maestro-para-el-desarrollo-integral-y-sostenible-del-valle-de-supe-y-barranca-al-2035\\\/\"},\"author\":{\"name\":\"Zona Caral Administrador\",\"@id\":\"https:\\\/\\\/zonacaral.gob.pe\\\/es\\\/#\\\/schema\\\/person\\\/beddb4d22f71a7230c5b90913270a0ee\"},\"headline\":\"Zona Arqueol\u00f3gica Caral inicia la actualizaci\u00f3n del Plan Maestro para el desarrollo integral y sostenible de Supe y Barranca al 2035\",\"datePublished\":\"2025-07-17T14:37:25+00:00\",\"mainEntityOfPage\":{\"@id\":\"https:\\\/\\\/zonacaral.gob.pe\\\/es\\\/noticias\\\/zona-arqueologica-caral-inicia-la-actualizacion-del-plan-maestro-para-el-desarrollo-integral-y-sostenible-del-valle-de-supe-y-barranca-al-2035\\\/\"},\"wordCount\":722,\"image\":{\"@id\":\"https:\\\/\\\/zonacaral.gob.pe\\\/es\\\/noticias\\\/zona-arqueologica-caral-inicia-la-actualizacion-del-plan-maestro-para-el-desarrollo-integral-y-sostenible-del-valle-de-supe-y-barranca-al-2035\\\/#primaryimage\"},\"thumbnailUrl\":\"https:\\\/\\\/zonacaral.gob.pe\\\/wp-content\\\/uploads\\\/2025\\\/07\\\/Plan_Maestro.jpg\",\"keywords\":[\"caral\",\"Cultura\"],\"articleSection\":[\"noticias\"],\"inLanguage\":\"en-US\"},{\"@type\":\"WebPage\",\"@id\":\"https:\\\/\\\/zonacaral.gob.pe\\\/es\\\/noticias\\\/zona-arqueologica-caral-inicia-la-actualizacion-del-plan-maestro-para-el-desarrollo-integral-y-sostenible-del-valle-de-supe-y-barranca-al-2035\\\/\",\"url\":\"https:\\\/\\\/zonacaral.gob.pe\\\/es\\\/noticias\\\/zona-arqueologica-caral-inicia-la-actualizacion-del-plan-maestro-para-el-desarrollo-integral-y-sostenible-del-valle-de-supe-y-barranca-al-2035\\\/\",\"name\":\"Zona Arqueol\u00f3gica Caral inicia la actualizaci\u00f3n del Plan Maestro para el desarrollo integral y sostenible del valle de Supe y Barranca al 2035\",\"isPartOf\":{\"@id\":\"https:\\\/\\\/zonacaral.gob.pe\\\/es\\\/#website\"},\"primaryImageOfPage\":{\"@id\":\"https:\\\/\\\/zonacaral.gob.pe\\\/es\\\/noticias\\\/zona-arqueologica-caral-inicia-la-actualizacion-del-plan-maestro-para-el-desarrollo-integral-y-sostenible-del-valle-de-supe-y-barranca-al-2035\\\/#primaryimage\"},\"image\":{\"@id\":\"https:\\\/\\\/zonacaral.gob.pe\\\/es\\\/noticias\\\/zona-arqueologica-caral-inicia-la-actualizacion-del-plan-maestro-para-el-desarrollo-integral-y-sostenible-del-valle-de-supe-y-barranca-al-2035\\\/#primaryimage\"},\"thumbnailUrl\":\"https:\\\/\\\/zonacaral.gob.pe\\\/wp-content\\\/uploads\\\/2025\\\/07\\\/Plan_Maestro.jpg\",\"datePublished\":\"2025-07-17T14:37:25+00:00\",\"author\":{\"@id\":\"https:\\\/\\\/zonacaral.gob.pe\\\/es\\\/#\\\/schema\\\/person\\\/beddb4d22f71a7230c5b90913270a0ee\"},\"description\":\"La Zona Arqueol\u00f3gica Caral (ZAC), Unidad Ejecutora 003 del Ministerio de Cultura, realiz\u00f3 la primera reuni\u00f3n de coordinaci\u00f3n con el equipo t\u00e9cnico multidisciplinario de la empresa Ekodes Consultores S. A. que, durante los pr\u00f3ximos 120 d\u00edas,\u00a0 se encargar\u00e1 de la actualizaci\u00f3n del Plan Maestro para un Desarrollo Integral y Sostenible de Supe y Barranca al 2035, conforme a lo establecido en la Ley N.\u00ba 28690. Este instrumento de gesti\u00f3n territorial busca consolidar un modelo de desarrollo inclusivo y sostenible, basado en la conservaci\u00f3n y puesta en valor del patrimonio arqueol\u00f3gico de la Civilizaci\u00f3n Caral, considerada la m\u00e1s antigua de Am\u00e9rica.La Zona Arqueol\u00f3gica Caral, Unidad Ejecutora 003 del Ministerio de Cultura del Per\u00fa, presenta a trav\u00e9s de la web del Museo Caral Virtual un nuevo Tesoro de Caral: las esculturas de Miraya. Este valioso hallazgo arqueol\u00f3gico destaca no solo por su antig\u00fcedad y valor est\u00e9tico, sino tambi\u00e9n por lo que revela sobre la organizaci\u00f3n pol\u00edtica, la vida comunitaria y la complementariedad de g\u00e9nero en la civilizaci\u00f3n m\u00e1s antigua de Am\u00e9rica: Caral.En julio, mes de celebraci\u00f3n nacional, la Zona Arqueol\u00f3gica Caral (ZAC), Unidad Ejecutora 003 del Ministerio de Cultura, te invita a participar en sus actividades culturales. Estas experiencias te acercar\u00e1n a tu patrimonio arqueol\u00f3gico milenario y te har\u00e1n sentir orgulloso de haber nacido en este pa\u00eds donde hace cinco mil a\u00f1os se desarroll\u00f3 la civilizaci\u00f3n m\u00e1s antigua de Am\u00e9rica: Caral.\",\"breadcrumb\":{\"@id\":\"https:\\\/\\\/zonacaral.gob.pe\\\/es\\\/noticias\\\/zona-arqueologica-caral-inicia-la-actualizacion-del-plan-maestro-para-el-desarrollo-integral-y-sostenible-del-valle-de-supe-y-barranca-al-2035\\\/#breadcrumb\"},\"inLanguage\":\"en-US\",\"potentialAction\":[{\"@type\":\"ReadAction\",\"target\":[\"https:\\\/\\\/zonacaral.gob.pe\\\/es\\\/noticias\\\/zona-arqueologica-caral-inicia-la-actualizacion-del-plan-maestro-para-el-desarrollo-integral-y-sostenible-del-valle-de-supe-y-barranca-al-2035\\\/\"]}]},{\"@type\":\"ImageObject\",\"inLanguage\":\"en-US\",\"@id\":\"https:\\\/\\\/zonacaral.gob.pe\\\/es\\\/noticias\\\/zona-arqueologica-caral-inicia-la-actualizacion-del-plan-maestro-para-el-desarrollo-integral-y-sostenible-del-valle-de-supe-y-barranca-al-2035\\\/#primaryimage\",\"url\":\"https:\\\/\\\/zonacaral.gob.pe\\\/wp-content\\\/uploads\\\/2025\\\/07\\\/Plan_Maestro.jpg\",\"contentUrl\":\"https:\\\/\\\/zonacaral.gob.pe\\\/wp-content\\\/uploads\\\/2025\\\/07\\\/Plan_Maestro.jpg\",\"width\":1500,\"height\":800},{\"@type\":\"BreadcrumbList\",\"@id\":\"https:\\\/\\\/zonacaral.gob.pe\\\/es\\\/noticias\\\/zona-arqueologica-caral-inicia-la-actualizacion-del-plan-maestro-para-el-desarrollo-integral-y-sostenible-del-valle-de-supe-y-barranca-al-2035\\\/#breadcrumb\",\"itemListElement\":[{\"@type\":\"ListItem\",\"position\":1,\"name\":\"Portada\",\"item\":\"https:\\\/\\\/zonacaral.gob.pe\\\/\"},{\"@type\":\"ListItem\",\"position\":2,\"name\":\"Zona Arqueol\u00f3gica Caral inicia la actualizaci\u00f3n del Plan Maestro para el desarrollo integral y sostenible de Supe y Barranca al 2035\"}]},{\"@type\":\"WebSite\",\"@id\":\"https:\\\/\\\/zonacaral.gob.pe\\\/es\\\/#website\",\"url\":\"https:\\\/\\\/zonacaral.gob.pe\\\/es\\\/\",\"name\":\"Zona Caral\",\"description\":\"Investigamos, conservamos y difundimos el patrimonio cultural de la Civilizaci\u00f3n Caral, la m\u00e1s antigua de Am\u00e9rica.\",\"potentialAction\":[{\"@type\":\"SearchAction\",\"target\":{\"@type\":\"EntryPoint\",\"urlTemplate\":\"https:\\\/\\\/zonacaral.gob.pe\\\/es\\\/?s={search_term_string}\"},\"query-input\":{\"@type\":\"PropertyValueSpecification\",\"valueRequired\":true,\"valueName\":\"search_term_string\"}}],\"inLanguage\":\"en-US\"},{\"@type\":\"Person\",\"@id\":\"https:\\\/\\\/zonacaral.gob.pe\\\/es\\\/#\\\/schema\\\/person\\\/beddb4d22f71a7230c5b90913270a0ee\",\"name\":\"Zona Caral Administrador\",\"image\":{\"@type\":\"ImageObject\",\"inLanguage\":\"en-US\",\"@id\":\"https:\\\/\\\/secure.gravatar.com\\\/avatar\\\/e4be162918a696358376de6446614e0f0f4062bdc5d170d6d540ada3d8b58c12?s=96&d=mm&r=g\",\"url\":\"https:\\\/\\\/secure.gravatar.com\\\/avatar\\\/e4be162918a696358376de6446614e0f0f4062bdc5d170d6d540ada3d8b58c12?s=96&d=mm&r=g\",\"contentUrl\":\"https:\\\/\\\/secure.gravatar.com\\\/avatar\\\/e4be162918a696358376de6446614e0f0f4062bdc5d170d6d540ada3d8b58c12?s=96&d=mm&r=g\",\"caption\":\"Zona Caral Administrador\"},\"sameAs\":[\"https:\\\/\\\/zonacaral.gob.pe\"],\"url\":\"https:\\\/\\\/zonacaral.gob.pe\\\/en\\\/noticias\\\/author\\\/ad_zonacaral\\\/\"}]}<\/script>\n<!-- \/ Yoast SEO plugin. -->","yoast_head_json":{"title":"Zona Arqueol\u00f3gica Caral inicia la actualizaci\u00f3n del Plan Maestro para el desarrollo integral y sostenible del valle de Supe y Barranca al 2035","description":"La Zona Arqueol\u00f3gica Caral (ZAC), Unidad Ejecutora 003 del Ministerio de Cultura, realiz\u00f3 la primera reuni\u00f3n de coordinaci\u00f3n con el equipo t\u00e9cnico multidisciplinario de la empresa Ekodes Consultores S. A. que, durante los pr\u00f3ximos 120 d\u00edas,\u00a0 se encargar\u00e1 de la actualizaci\u00f3n del Plan Maestro para un Desarrollo Integral y Sostenible de Supe y Barranca al 2035, conforme a lo establecido en la Ley N.\u00ba 28690. Este instrumento de gesti\u00f3n territorial busca consolidar un modelo de desarrollo inclusivo y sostenible, basado en la conservaci\u00f3n y puesta en valor del patrimonio arqueol\u00f3gico de la Civilizaci\u00f3n Caral, considerada la m\u00e1s antigua de Am\u00e9rica.La Zona Arqueol\u00f3gica Caral, Unidad Ejecutora 003 del Ministerio de Cultura del Per\u00fa, presenta a trav\u00e9s de la web del Museo Caral Virtual un nuevo Tesoro de Caral: las esculturas de Miraya. Este valioso hallazgo arqueol\u00f3gico destaca no solo por su antig\u00fcedad y valor est\u00e9tico, sino tambi\u00e9n por lo que revela sobre la organizaci\u00f3n pol\u00edtica, la vida comunitaria y la complementariedad de g\u00e9nero en la civilizaci\u00f3n m\u00e1s antigua de Am\u00e9rica: Caral.En julio, mes de celebraci\u00f3n nacional, la Zona Arqueol\u00f3gica Caral (ZAC), Unidad Ejecutora 003 del Ministerio de Cultura, te invita a participar en sus actividades culturales. Estas experiencias te acercar\u00e1n a tu patrimonio arqueol\u00f3gico milenario y te har\u00e1n sentir orgulloso de haber nacido en este pa\u00eds donde hace cinco mil a\u00f1os se desarroll\u00f3 la civilizaci\u00f3n m\u00e1s antigua de Am\u00e9rica: Caral.","robots":{"index":"index","follow":"follow","max-snippet":"max-snippet:-1","max-image-preview":"max-image-preview:large","max-video-preview":"max-video-preview:-1"},"canonical":"https:\/\/zonacaral.gob.pe\/en\/noticias\/zona-arqueologica-caral-inicia-la-actualizacion-del-plan-maestro-para-el-desarrollo-integral-y-sostenible-del-valle-de-supe-y-barranca-al-2035\/","og_locale":"en_US","og_type":"article","og_title":"Zona Arqueol\u00f3gica Caral inicia la actualizaci\u00f3n del Plan Maestro para el desarrollo integral y sostenible del valle de Supe y Barranca al 2035","og_description":"La Zona Arqueol\u00f3gica Caral (ZAC), Unidad Ejecutora 003 del Ministerio de Cultura, realiz\u00f3 la primera reuni\u00f3n de coordinaci\u00f3n con el equipo t\u00e9cnico multidisciplinario de la empresa Ekodes Consultores S. A. que, durante los pr\u00f3ximos 120 d\u00edas,\u00a0 se encargar\u00e1 de la actualizaci\u00f3n del Plan Maestro para un Desarrollo Integral y Sostenible de Supe y Barranca al 2035, conforme a lo establecido en la Ley N.\u00ba 28690. Este instrumento de gesti\u00f3n territorial busca consolidar un modelo de desarrollo inclusivo y sostenible, basado en la conservaci\u00f3n y puesta en valor del patrimonio arqueol\u00f3gico de la Civilizaci\u00f3n Caral, considerada la m\u00e1s antigua de Am\u00e9rica.La Zona Arqueol\u00f3gica Caral, Unidad Ejecutora 003 del Ministerio de Cultura del Per\u00fa, presenta a trav\u00e9s de la web del Museo Caral Virtual un nuevo Tesoro de Caral: las esculturas de Miraya. Este valioso hallazgo arqueol\u00f3gico destaca no solo por su antig\u00fcedad y valor est\u00e9tico, sino tambi\u00e9n por lo que revela sobre la organizaci\u00f3n pol\u00edtica, la vida comunitaria y la complementariedad de g\u00e9nero en la civilizaci\u00f3n m\u00e1s antigua de Am\u00e9rica: Caral.En julio, mes de celebraci\u00f3n nacional, la Zona Arqueol\u00f3gica Caral (ZAC), Unidad Ejecutora 003 del Ministerio de Cultura, te invita a participar en sus actividades culturales. Estas experiencias te acercar\u00e1n a tu patrimonio arqueol\u00f3gico milenario y te har\u00e1n sentir orgulloso de haber nacido en este pa\u00eds donde hace cinco mil a\u00f1os se desarroll\u00f3 la civilizaci\u00f3n m\u00e1s antigua de Am\u00e9rica: Caral.","og_url":"https:\/\/zonacaral.gob.pe\/en\/noticias\/zona-arqueologica-caral-inicia-la-actualizacion-del-plan-maestro-para-el-desarrollo-integral-y-sostenible-del-valle-de-supe-y-barranca-al-2035\/","og_site_name":"Zona Caral","article_published_time":"2025-07-17T14:37:25+00:00","og_image":[{"width":1500,"height":800,"url":"https:\/\/zonacaral.gob.pe\/wp-content\/uploads\/2025\/07\/Plan_Maestro.jpg","type":"image\/jpeg"}],"author":"Zona Caral Administrador","twitter_card":"summary_large_image","twitter_misc":{"Written by":"Zona Caral Administrador","Est. reading time":"4 minutes"},"schema":{"@context":"https:\/\/schema.org","@graph":[{"@type":"Article","@id":"https:\/\/zonacaral.gob.pe\/es\/noticias\/zona-arqueologica-caral-inicia-la-actualizacion-del-plan-maestro-para-el-desarrollo-integral-y-sostenible-del-valle-de-supe-y-barranca-al-2035\/#article","isPartOf":{"@id":"https:\/\/zonacaral.gob.pe\/es\/noticias\/zona-arqueologica-caral-inicia-la-actualizacion-del-plan-maestro-para-el-desarrollo-integral-y-sostenible-del-valle-de-supe-y-barranca-al-2035\/"},"author":{"name":"Zona Caral Administrador","@id":"https:\/\/zonacaral.gob.pe\/es\/#\/schema\/person\/beddb4d22f71a7230c5b90913270a0ee"},"headline":"Zona Arqueol\u00f3gica Caral inicia la actualizaci\u00f3n del Plan Maestro para el desarrollo integral y sostenible de Supe y Barranca al 2035","datePublished":"2025-07-17T14:37:25+00:00","mainEntityOfPage":{"@id":"https:\/\/zonacaral.gob.pe\/es\/noticias\/zona-arqueologica-caral-inicia-la-actualizacion-del-plan-maestro-para-el-desarrollo-integral-y-sostenible-del-valle-de-supe-y-barranca-al-2035\/"},"wordCount":722,"image":{"@id":"https:\/\/zonacaral.gob.pe\/es\/noticias\/zona-arqueologica-caral-inicia-la-actualizacion-del-plan-maestro-para-el-desarrollo-integral-y-sostenible-del-valle-de-supe-y-barranca-al-2035\/#primaryimage"},"thumbnailUrl":"https:\/\/zonacaral.gob.pe\/wp-content\/uploads\/2025\/07\/Plan_Maestro.jpg","keywords":["caral","Cultura"],"articleSection":["noticias"],"inLanguage":"en-US"},{"@type":"WebPage","@id":"https:\/\/zonacaral.gob.pe\/es\/noticias\/zona-arqueologica-caral-inicia-la-actualizacion-del-plan-maestro-para-el-desarrollo-integral-y-sostenible-del-valle-de-supe-y-barranca-al-2035\/","url":"https:\/\/zonacaral.gob.pe\/es\/noticias\/zona-arqueologica-caral-inicia-la-actualizacion-del-plan-maestro-para-el-desarrollo-integral-y-sostenible-del-valle-de-supe-y-barranca-al-2035\/","name":"Zona Arqueol\u00f3gica Caral inicia la actualizaci\u00f3n del Plan Maestro para el desarrollo integral y sostenible del valle de Supe y Barranca al 2035","isPartOf":{"@id":"https:\/\/zonacaral.gob.pe\/es\/#website"},"primaryImageOfPage":{"@id":"https:\/\/zonacaral.gob.pe\/es\/noticias\/zona-arqueologica-caral-inicia-la-actualizacion-del-plan-maestro-para-el-desarrollo-integral-y-sostenible-del-valle-de-supe-y-barranca-al-2035\/#primaryimage"},"image":{"@id":"https:\/\/zonacaral.gob.pe\/es\/noticias\/zona-arqueologica-caral-inicia-la-actualizacion-del-plan-maestro-para-el-desarrollo-integral-y-sostenible-del-valle-de-supe-y-barranca-al-2035\/#primaryimage"},"thumbnailUrl":"https:\/\/zonacaral.gob.pe\/wp-content\/uploads\/2025\/07\/Plan_Maestro.jpg","datePublished":"2025-07-17T14:37:25+00:00","author":{"@id":"https:\/\/zonacaral.gob.pe\/es\/#\/schema\/person\/beddb4d22f71a7230c5b90913270a0ee"},"description":"La Zona Arqueol\u00f3gica Caral (ZAC), Unidad Ejecutora 003 del Ministerio de Cultura, realiz\u00f3 la primera reuni\u00f3n de coordinaci\u00f3n con el equipo t\u00e9cnico multidisciplinario de la empresa Ekodes Consultores S. A. que, durante los pr\u00f3ximos 120 d\u00edas,\u00a0 se encargar\u00e1 de la actualizaci\u00f3n del Plan Maestro para un Desarrollo Integral y Sostenible de Supe y Barranca al 2035, conforme a lo establecido en la Ley N.\u00ba 28690. Este instrumento de gesti\u00f3n territorial busca consolidar un modelo de desarrollo inclusivo y sostenible, basado en la conservaci\u00f3n y puesta en valor del patrimonio arqueol\u00f3gico de la Civilizaci\u00f3n Caral, considerada la m\u00e1s antigua de Am\u00e9rica.La Zona Arqueol\u00f3gica Caral, Unidad Ejecutora 003 del Ministerio de Cultura del Per\u00fa, presenta a trav\u00e9s de la web del Museo Caral Virtual un nuevo Tesoro de Caral: las esculturas de Miraya. Este valioso hallazgo arqueol\u00f3gico destaca no solo por su antig\u00fcedad y valor est\u00e9tico, sino tambi\u00e9n por lo que revela sobre la organizaci\u00f3n pol\u00edtica, la vida comunitaria y la complementariedad de g\u00e9nero en la civilizaci\u00f3n m\u00e1s antigua de Am\u00e9rica: Caral.En julio, mes de celebraci\u00f3n nacional, la Zona Arqueol\u00f3gica Caral (ZAC), Unidad Ejecutora 003 del Ministerio de Cultura, te invita a participar en sus actividades culturales. Estas experiencias te acercar\u00e1n a tu patrimonio arqueol\u00f3gico milenario y te har\u00e1n sentir orgulloso de haber nacido en este pa\u00eds donde hace cinco mil a\u00f1os se desarroll\u00f3 la civilizaci\u00f3n m\u00e1s antigua de Am\u00e9rica: Caral.","breadcrumb":{"@id":"https:\/\/zonacaral.gob.pe\/es\/noticias\/zona-arqueologica-caral-inicia-la-actualizacion-del-plan-maestro-para-el-desarrollo-integral-y-sostenible-del-valle-de-supe-y-barranca-al-2035\/#breadcrumb"},"inLanguage":"en-US","potentialAction":[{"@type":"ReadAction","target":["https:\/\/zonacaral.gob.pe\/es\/noticias\/zona-arqueologica-caral-inicia-la-actualizacion-del-plan-maestro-para-el-desarrollo-integral-y-sostenible-del-valle-de-supe-y-barranca-al-2035\/"]}]},{"@type":"ImageObject","inLanguage":"en-US","@id":"https:\/\/zonacaral.gob.pe\/es\/noticias\/zona-arqueologica-caral-inicia-la-actualizacion-del-plan-maestro-para-el-desarrollo-integral-y-sostenible-del-valle-de-supe-y-barranca-al-2035\/#primaryimage","url":"https:\/\/zonacaral.gob.pe\/wp-content\/uploads\/2025\/07\/Plan_Maestro.jpg","contentUrl":"https:\/\/zonacaral.gob.pe\/wp-content\/uploads\/2025\/07\/Plan_Maestro.jpg","width":1500,"height":800},{"@type":"BreadcrumbList","@id":"https:\/\/zonacaral.gob.pe\/es\/noticias\/zona-arqueologica-caral-inicia-la-actualizacion-del-plan-maestro-para-el-desarrollo-integral-y-sostenible-del-valle-de-supe-y-barranca-al-2035\/#breadcrumb","itemListElement":[{"@type":"ListItem","position":1,"name":"Portada","item":"https:\/\/zonacaral.gob.pe\/"},{"@type":"ListItem","position":2,"name":"Zona Arqueol\u00f3gica Caral inicia la actualizaci\u00f3n del Plan Maestro para el desarrollo integral y sostenible de Supe y Barranca al 2035"}]},{"@type":"WebSite","@id":"https:\/\/zonacaral.gob.pe\/es\/#website","url":"https:\/\/zonacaral.gob.pe\/es\/","name":"Zona Caral","description":"Investigamos, conservamos y difundimos el patrimonio cultural de la Civilizaci\u00f3n Caral, la m\u00e1s antigua de Am\u00e9rica.","potentialAction":[{"@type":"SearchAction","target":{"@type":"EntryPoint","urlTemplate":"https:\/\/zonacaral.gob.pe\/es\/?s={search_term_string}"},"query-input":{"@type":"PropertyValueSpecification","valueRequired":true,"valueName":"search_term_string"}}],"inLanguage":"en-US"},{"@type":"Person","@id":"https:\/\/zonacaral.gob.pe\/es\/#\/schema\/person\/beddb4d22f71a7230c5b90913270a0ee","name":"Zona Caral Administrador","image":{"@type":"ImageObject","inLanguage":"en-US","@id":"https:\/\/secure.gravatar.com\/avatar\/e4be162918a696358376de6446614e0f0f4062bdc5d170d6d540ada3d8b58c12?s=96&d=mm&r=g","url":"https:\/\/secure.gravatar.com\/avatar\/e4be162918a696358376de6446614e0f0f4062bdc5d170d6d540ada3d8b58c12?s=96&d=mm&r=g","contentUrl":"https:\/\/secure.gravatar.com\/avatar\/e4be162918a696358376de6446614e0f0f4062bdc5d170d6d540ada3d8b58c12?s=96&d=mm&r=g","caption":"Zona Caral Administrador"},"sameAs":["https:\/\/zonacaral.gob.pe"],"url":"https:\/\/zonacaral.gob.pe\/en\/noticias\/author\/ad_zonacaral\/"}]}},"_links":{"self":[{"href":"https:\/\/zonacaral.gob.pe\/en\/wp-json\/wp\/v2\/posts\/18490","targetHints":{"allow":["GET"]}}],"collection":[{"href":"https:\/\/zonacaral.gob.pe\/en\/wp-json\/wp\/v2\/posts"}],"about":[{"href":"https:\/\/zonacaral.gob.pe\/en\/wp-json\/wp\/v2\/types\/post"}],"author":[{"embeddable":true,"href":"https:\/\/zonacaral.gob.pe\/en\/wp-json\/wp\/v2\/users\/1"}],"replies":[{"embeddable":true,"href":"https:\/\/zonacaral.gob.pe\/en\/wp-json\/wp\/v2\/comments?post=18490"}],"version-history":[{"count":0,"href":"https:\/\/zonacaral.gob.pe\/en\/wp-json\/wp\/v2\/posts\/18490\/revisions"}],"wp:featuredmedia":[{"embeddable":true,"href":"https:\/\/zonacaral.gob.pe\/en\/wp-json\/wp\/v2\/media\/18491"}],"wp:attachment":[{"href":"https:\/\/zonacaral.gob.pe\/en\/wp-json\/wp\/v2\/media?parent=18490"}],"wp:term":[{"taxonomy":"category","embeddable":true,"href":"https:\/\/zonacaral.gob.pe\/en\/wp-json\/wp\/v2\/categories?post=18490"},{"taxonomy":"post_tag","embeddable":true,"href":"https:\/\/zonacaral.gob.pe\/en\/wp-json\/wp\/v2\/tags?post=18490"}],"curies":[{"name":"wp","href":"https:\/\/api.w.org\/{rel}","templated":true}]}}