{"id":18495,"date":"2025-07-18T10:13:47","date_gmt":"2025-07-18T15:13:47","guid":{"rendered":"https:\/\/www.zonacaral.gob.pe\/?p=18495"},"modified":"2025-07-18T10:13:47","modified_gmt":"2025-07-18T15:13:47","slug":"fiestas-patrias-recorre-cuatro-antiguas-ciudades-de-la-civilizacion-caral","status":"publish","type":"post","link":"https:\/\/zonacaral.gob.pe\/en\/noticias\/fiestas-patrias-recorre-cuatro-antiguas-ciudades-de-la-civilizacion-caral\/","title":{"rendered":"Fiestas Patrias: Recorre cuatro antiguas ciudades de la Civilizaci\u00f3n Caral"},"content":{"rendered":"<figure class=\"pic-autor\" style=\"color: #4d4d4d; text-align: justify;\"><\/figure>\n<div class=\"gmail_default\" style=\"text-align: justify;\">\n<blockquote>\n<p><span style=\"font-weight: 400;\">Vive una experiencia \u00fanica.<\/span><\/p>\n<\/blockquote>\n<p><span style=\"font-weight: 400;\">En estas Fiestas Patrias el programa <\/span><b>Cultural Trips<\/b><span style=\"font-weight: 400;\"> de la <\/span><a href=\"https:\/\/www.facebook.com\/CARALPERU\/?locale=es_LA\"><span style=\"font-weight: 400;\">Zona Arqueol\u00f3gica Caral<\/span><\/a><span style=\"font-weight: 400;\">, Unidad Ejecutora 003 del Ministerio de Cultura, te lleva a vivir una aventura \u00fanica recorriendo cuatro antiguas ciudades de la <\/span><a href=\"https:\/\/youtu.be\/uAJpjcgLits\"><span style=\"font-weight: 400;\">Civilizaci\u00f3n Caral<\/span><\/a><span style=\"font-weight: 400;\">, y conocer los inicios civilizatorios en el continente americano.<\/span><\/p>\n<p><span style=\"font-weight: 400;\">Este viaje, que te llevar\u00e1 a conectarte con la naturaleza y nuestro patrimonio arqueol\u00f3gico, se realizar\u00e1 el domingo 27 y lunes 28 de julio, y los lugares a conocer son: la Ciudad Sagrada de Caral-Supe, Patrimonio Mundial, \u00c1spero, Vichama, y el reci\u00e9n aperturado oficialmente y que cautiv\u00f3 al p\u00fablico y a la prensa nacional e internacional, Pe\u00f1ico, Ciudad de la Integraci\u00f3n.<\/span><\/p>\n<p><span style=\"font-weight: 400;\">El inicio de este recorrido especial se dar\u00e1 en la explanada del Ministerio de Cultura, ubicado en el distrito de San Borja, el domingo 27, a las 5:00 a. m. Nuestra primera parada la realizaremos en Chancay, para degustar un desayuno local. <\/span><span style=\"font-weight: 400;\"><br \/><\/span><span style=\"font-weight: 400;\"><br \/><\/span><span style=\"font-weight: 400;\">Luego, nuestro primer destino ser\u00e1 el novedoso sitio arqueol\u00f3gico <\/span><b>Pe\u00f1ico<\/b><span style=\"font-weight: 400;\">, donde conoceremos sus principales atractivos y disfrutaremos de un clima soleado. En este sitio almorzaremos, una deliciosa comida local, para luego partir a la monumental <\/span><b>Sacred City of Caral<\/b><span style=\"font-weight: 400;\">, principal centro urbano de la civilizaci\u00f3n m\u00e1s antigua de Am\u00e9rica.\u00a0<\/span><\/p>\n<p><span style=\"font-weight: 400;\">Al caer la noche, antes de despedirnos, tendremos un momento m\u00e1gico gracias a los integrantes de Cuento Terap\u00e9utico, quienes nos narrar\u00e1n historias maravillosas de Caral.<\/span><\/p>\n<p><span style=\"font-weight: 400;\">Al siguiente d\u00eda visitaremos el sitio arqueol\u00f3gico <\/span><b>\u00c1spero<\/b><span style=\"font-weight: 400;\">, lugar que ha llamado la atenci\u00f3n este a\u00f1o por el hallazgo del entierro de una ni\u00f1a que habr\u00eda pertenecido a la \u00e9lite de la sociedad de Caral. El contexto funerario y el cuerpo conservado, llam\u00f3 la atenci\u00f3n de los diferentes medios de comunicaci\u00f3n y especialistas.<\/span><\/p>\n<p><span style=\"font-weight: 400;\">Y, luego de almorzar, recorreremos <\/span><b>Vichama<\/b><span style=\"font-weight: 400;\">, ciudad agropequera de V\u00e9gueta &#8211; Huaura, la cual est\u00e1 muy cerca de conmemorar su 19\u00b0 aniversario de inicio de investigaci\u00f3n, conservaci\u00f3n y puesta en valor por la <\/span><a href=\"https:\/\/www.instagram.com\/caralperu\/?hl=es\"><span style=\"font-weight: 400;\">Zona Arqueol\u00f3gica Caral<\/span><\/a><span style=\"font-weight: 400;\">. Este sitio arqueol\u00f3gico ubicado en el distrito de V\u00e9gueta, en la provincia de Huaura guarda una historia de resiliencia frente al cambio clim\u00e1tico que afect\u00f3 gravemente el normal desarrollo de la sociedad caralina, 1800 a\u00f1os antes de Cristo.<\/span><\/p>\n<p><span style=\"font-weight: 400;\">No te pierdas esta \u00fanica oportunidad, por Fiestas Patrias. Conoce nuestras ra\u00edces y sint\u00e1monos orgullosos de ser peruanos. M\u00e1s informaci\u00f3n sobre los costos y otros detalles, comun\u00edcate al <\/span><a href=\"https:\/\/bit.ly\/45y4uXf\"><span style=\"font-weight: 400;\">955 881 340<\/span><\/a><span style=\"font-weight: 400;\">.<\/span><\/p>\n<p><strong style=\"font-size: inherit; text-align: justify;\">Fuente: Comunicaci\u00f3n e Imagen Institucional ZAC<\/strong><\/p>\n<\/div>\n<div style=\"color: #1f1f1f;\">\n<div style=\"color: #1f1f1f;\">\n<p style=\"text-align: justify;\">Fecha de publicaci\u00f3n: 17\/07\/2025<\/p>\n<\/div>\n<\/div>\n\n\n<p><\/p>","protected":false},"excerpt":{"rendered":"<p>Vive una experiencia \u00fanica. En estas Fiestas Patrias el programa Viajes Culturales de la Zona Arqueol\u00f3gica Caral, Unidad Ejecutora 003 [&hellip;]<\/p>\n","protected":false},"author":1,"featured_media":18496,"comment_status":"closed","ping_status":"open","sticky":false,"template":"","format":"standard","meta":{"_acf_changed":false,"site-sidebar-layout":"default","site-content-layout":"","ast-site-content-layout":"default","site-content-style":"default","site-sidebar-style":"default","ast-global-header-display":"","ast-banner-title-visibility":"","ast-main-header-display":"","ast-hfb-above-header-display":"","ast-hfb-below-header-display":"","ast-hfb-mobile-header-display":"","site-post-title":"","ast-breadcrumbs-content":"","ast-featured-img":"","footer-sml-layout":"","ast-disable-related-posts":"","theme-transparent-header-meta":"","adv-header-id-meta":"","stick-header-meta":"","header-above-stick-meta":"","header-main-stick-meta":"","header-below-stick-meta":"","astra-migrate-meta-layouts":"default","ast-page-background-enabled":"default","ast-page-background-meta":{"desktop":{"background-color":"var(--ast-global-color-5)","background-image":"","background-repeat":"repeat","background-position":"center center","background-size":"auto","background-attachment":"scroll","background-type":"","background-media":"","overlay-type":"","overlay-color":"","overlay-opacity":"","overlay-gradient":""},"tablet":{"background-color":"","background-image":"","background-repeat":"repeat","background-position":"center center","background-size":"auto","background-attachment":"scroll","background-type":"","background-media":"","overlay-type":"","overlay-color":"","overlay-opacity":"","overlay-gradient":""},"mobile":{"background-color":"","background-image":"","background-repeat":"repeat","background-position":"center center","background-size":"auto","background-attachment":"scroll","background-type":"","background-media":"","overlay-type":"","overlay-color":"","overlay-opacity":"","overlay-gradient":""}},"ast-content-background-meta":{"desktop":{"background-color":"var(--ast-global-color-4)","background-image":"","background-repeat":"repeat","background-position":"center center","background-size":"auto","background-attachment":"scroll","background-type":"","background-media":"","overlay-type":"","overlay-color":"","overlay-opacity":"","overlay-gradient":""},"tablet":{"background-color":"var(--ast-global-color-4)","background-image":"","background-repeat":"repeat","background-position":"center center","background-size":"auto","background-attachment":"scroll","background-type":"","background-media":"","overlay-type":"","overlay-color":"","overlay-opacity":"","overlay-gradient":""},"mobile":{"background-color":"var(--ast-global-color-4)","background-image":"","background-repeat":"repeat","background-position":"center center","background-size":"auto","background-attachment":"scroll","background-type":"","background-media":"","overlay-type":"","overlay-color":"","overlay-opacity":"","overlay-gradient":""}},"footnotes":""},"categories":[208],"tags":[55,72],"class_list":["post-18495","post","type-post","status-publish","format-standard","has-post-thumbnail","hentry","category-noticias","tag-caral","tag-cultura"],"acf":[],"yoast_head":"<!-- This site is optimized with the Yoast SEO plugin v27.3 - https:\/\/yoast.com\/product\/yoast-seo-wordpress\/ -->\n<title>Fiestas Patrias: Recorre cuatro antiguas ciudades de la Civilizaci\u00f3n Caral<\/title>\n<meta name=\"description\" content=\"En estas Fiestas Patrias el programa Viajes Culturales de la Zona Arqueol\u00f3gica Caral, Unidad Ejecutora 003 del Ministerio de Cultura, te lleva a vivir una aventura \u00fanica recorriendo cuatro antiguas ciudades de la Civilizaci\u00f3n Caral, y conocer los inicios civilizatorios en el continente americano.\" \/>\n<meta name=\"robots\" content=\"index, follow, max-snippet:-1, max-image-preview:large, max-video-preview:-1\" \/>\n<link rel=\"canonical\" href=\"https:\/\/zonacaral.gob.pe\/en\/noticias\/fiestas-patrias-recorre-cuatro-antiguas-ciudades-de-la-civilizacion-caral\/\" \/>\n<meta property=\"og:locale\" content=\"en_US\" \/>\n<meta property=\"og:type\" content=\"article\" \/>\n<meta property=\"og:title\" content=\"Fiestas Patrias: Recorre cuatro antiguas ciudades de la Civilizaci\u00f3n Caral\" \/>\n<meta property=\"og:description\" content=\"En estas Fiestas Patrias el programa Viajes Culturales de la Zona Arqueol\u00f3gica Caral, Unidad Ejecutora 003 del Ministerio de Cultura, te lleva a vivir una aventura \u00fanica recorriendo cuatro antiguas ciudades de la Civilizaci\u00f3n Caral, y conocer los inicios civilizatorios en el continente americano.\" \/>\n<meta property=\"og:url\" content=\"https:\/\/zonacaral.gob.pe\/en\/noticias\/fiestas-patrias-recorre-cuatro-antiguas-ciudades-de-la-civilizacion-caral\/\" \/>\n<meta property=\"og:site_name\" content=\"Zona Caral\" \/>\n<meta property=\"article:published_time\" content=\"2025-07-18T15:13:47+00:00\" \/>\n<meta property=\"og:image\" content=\"https:\/\/zonacaral.gob.pe\/wp-content\/uploads\/2025\/07\/foto-nota.jpg\" \/>\n\t<meta property=\"og:image:width\" content=\"1920\" \/>\n\t<meta property=\"og:image:height\" content=\"1080\" \/>\n\t<meta property=\"og:image:type\" content=\"image\/jpeg\" \/>\n<meta name=\"author\" content=\"Zona Caral Administrador\" \/>\n<meta name=\"twitter:card\" content=\"summary_large_image\" \/>\n<meta name=\"twitter:label1\" content=\"Written by\" \/>\n\t<meta name=\"twitter:data1\" content=\"Zona Caral Administrador\" \/>\n\t<meta name=\"twitter:label2\" content=\"Est. reading time\" \/>\n\t<meta name=\"twitter:data2\" content=\"2 minutes\" \/>\n<script type=\"application\/ld+json\" class=\"yoast-schema-graph\">{\"@context\":\"https:\\\/\\\/schema.org\",\"@graph\":[{\"@type\":\"Article\",\"@id\":\"https:\\\/\\\/zonacaral.gob.pe\\\/es\\\/noticias\\\/fiestas-patrias-recorre-cuatro-antiguas-ciudades-de-la-civilizacion-caral\\\/#article\",\"isPartOf\":{\"@id\":\"https:\\\/\\\/zonacaral.gob.pe\\\/es\\\/noticias\\\/fiestas-patrias-recorre-cuatro-antiguas-ciudades-de-la-civilizacion-caral\\\/\"},\"author\":{\"name\":\"Zona Caral Administrador\",\"@id\":\"https:\\\/\\\/zonacaral.gob.pe\\\/es\\\/#\\\/schema\\\/person\\\/beddb4d22f71a7230c5b90913270a0ee\"},\"headline\":\"Fiestas Patrias: Recorre cuatro antiguas ciudades de la Civilizaci\u00f3n Caral\",\"datePublished\":\"2025-07-18T15:13:47+00:00\",\"mainEntityOfPage\":{\"@id\":\"https:\\\/\\\/zonacaral.gob.pe\\\/es\\\/noticias\\\/fiestas-patrias-recorre-cuatro-antiguas-ciudades-de-la-civilizacion-caral\\\/\"},\"wordCount\":431,\"image\":{\"@id\":\"https:\\\/\\\/zonacaral.gob.pe\\\/es\\\/noticias\\\/fiestas-patrias-recorre-cuatro-antiguas-ciudades-de-la-civilizacion-caral\\\/#primaryimage\"},\"thumbnailUrl\":\"https:\\\/\\\/zonacaral.gob.pe\\\/wp-content\\\/uploads\\\/2025\\\/07\\\/foto-nota.jpg\",\"keywords\":[\"caral\",\"Cultura\"],\"articleSection\":[\"noticias\"],\"inLanguage\":\"en-US\"},{\"@type\":\"WebPage\",\"@id\":\"https:\\\/\\\/zonacaral.gob.pe\\\/es\\\/noticias\\\/fiestas-patrias-recorre-cuatro-antiguas-ciudades-de-la-civilizacion-caral\\\/\",\"url\":\"https:\\\/\\\/zonacaral.gob.pe\\\/es\\\/noticias\\\/fiestas-patrias-recorre-cuatro-antiguas-ciudades-de-la-civilizacion-caral\\\/\",\"name\":\"Fiestas Patrias: Recorre cuatro antiguas ciudades de la Civilizaci\u00f3n Caral\",\"isPartOf\":{\"@id\":\"https:\\\/\\\/zonacaral.gob.pe\\\/es\\\/#website\"},\"primaryImageOfPage\":{\"@id\":\"https:\\\/\\\/zonacaral.gob.pe\\\/es\\\/noticias\\\/fiestas-patrias-recorre-cuatro-antiguas-ciudades-de-la-civilizacion-caral\\\/#primaryimage\"},\"image\":{\"@id\":\"https:\\\/\\\/zonacaral.gob.pe\\\/es\\\/noticias\\\/fiestas-patrias-recorre-cuatro-antiguas-ciudades-de-la-civilizacion-caral\\\/#primaryimage\"},\"thumbnailUrl\":\"https:\\\/\\\/zonacaral.gob.pe\\\/wp-content\\\/uploads\\\/2025\\\/07\\\/foto-nota.jpg\",\"datePublished\":\"2025-07-18T15:13:47+00:00\",\"author\":{\"@id\":\"https:\\\/\\\/zonacaral.gob.pe\\\/es\\\/#\\\/schema\\\/person\\\/beddb4d22f71a7230c5b90913270a0ee\"},\"description\":\"En estas Fiestas Patrias el programa Viajes Culturales de la Zona Arqueol\u00f3gica Caral, Unidad Ejecutora 003 del Ministerio de Cultura, te lleva a vivir una aventura \u00fanica recorriendo cuatro antiguas ciudades de la Civilizaci\u00f3n Caral, y conocer los inicios civilizatorios en el continente americano.\",\"breadcrumb\":{\"@id\":\"https:\\\/\\\/zonacaral.gob.pe\\\/es\\\/noticias\\\/fiestas-patrias-recorre-cuatro-antiguas-ciudades-de-la-civilizacion-caral\\\/#breadcrumb\"},\"inLanguage\":\"en-US\",\"potentialAction\":[{\"@type\":\"ReadAction\",\"target\":[\"https:\\\/\\\/zonacaral.gob.pe\\\/es\\\/noticias\\\/fiestas-patrias-recorre-cuatro-antiguas-ciudades-de-la-civilizacion-caral\\\/\"]}]},{\"@type\":\"ImageObject\",\"inLanguage\":\"en-US\",\"@id\":\"https:\\\/\\\/zonacaral.gob.pe\\\/es\\\/noticias\\\/fiestas-patrias-recorre-cuatro-antiguas-ciudades-de-la-civilizacion-caral\\\/#primaryimage\",\"url\":\"https:\\\/\\\/zonacaral.gob.pe\\\/wp-content\\\/uploads\\\/2025\\\/07\\\/foto-nota.jpg\",\"contentUrl\":\"https:\\\/\\\/zonacaral.gob.pe\\\/wp-content\\\/uploads\\\/2025\\\/07\\\/foto-nota.jpg\",\"width\":1920,\"height\":1080},{\"@type\":\"BreadcrumbList\",\"@id\":\"https:\\\/\\\/zonacaral.gob.pe\\\/es\\\/noticias\\\/fiestas-patrias-recorre-cuatro-antiguas-ciudades-de-la-civilizacion-caral\\\/#breadcrumb\",\"itemListElement\":[{\"@type\":\"ListItem\",\"position\":1,\"name\":\"Portada\",\"item\":\"https:\\\/\\\/zonacaral.gob.pe\\\/\"},{\"@type\":\"ListItem\",\"position\":2,\"name\":\"Fiestas Patrias: Recorre cuatro antiguas ciudades de la Civilizaci\u00f3n Caral\"}]},{\"@type\":\"WebSite\",\"@id\":\"https:\\\/\\\/zonacaral.gob.pe\\\/es\\\/#website\",\"url\":\"https:\\\/\\\/zonacaral.gob.pe\\\/es\\\/\",\"name\":\"Zona Caral\",\"description\":\"Investigamos, conservamos y difundimos el patrimonio cultural de la Civilizaci\u00f3n Caral, la m\u00e1s antigua de Am\u00e9rica.\",\"potentialAction\":[{\"@type\":\"SearchAction\",\"target\":{\"@type\":\"EntryPoint\",\"urlTemplate\":\"https:\\\/\\\/zonacaral.gob.pe\\\/es\\\/?s={search_term_string}\"},\"query-input\":{\"@type\":\"PropertyValueSpecification\",\"valueRequired\":true,\"valueName\":\"search_term_string\"}}],\"inLanguage\":\"en-US\"},{\"@type\":\"Person\",\"@id\":\"https:\\\/\\\/zonacaral.gob.pe\\\/es\\\/#\\\/schema\\\/person\\\/beddb4d22f71a7230c5b90913270a0ee\",\"name\":\"Zona Caral Administrador\",\"image\":{\"@type\":\"ImageObject\",\"inLanguage\":\"en-US\",\"@id\":\"https:\\\/\\\/secure.gravatar.com\\\/avatar\\\/e4be162918a696358376de6446614e0f0f4062bdc5d170d6d540ada3d8b58c12?s=96&d=mm&r=g\",\"url\":\"https:\\\/\\\/secure.gravatar.com\\\/avatar\\\/e4be162918a696358376de6446614e0f0f4062bdc5d170d6d540ada3d8b58c12?s=96&d=mm&r=g\",\"contentUrl\":\"https:\\\/\\\/secure.gravatar.com\\\/avatar\\\/e4be162918a696358376de6446614e0f0f4062bdc5d170d6d540ada3d8b58c12?s=96&d=mm&r=g\",\"caption\":\"Zona Caral Administrador\"},\"sameAs\":[\"https:\\\/\\\/zonacaral.gob.pe\"],\"url\":\"https:\\\/\\\/zonacaral.gob.pe\\\/en\\\/noticias\\\/author\\\/ad_zonacaral\\\/\"}]}<\/script>\n<!-- \/ Yoast SEO plugin. -->","yoast_head_json":{"title":"Fiestas Patrias: Recorre cuatro antiguas ciudades de la Civilizaci\u00f3n Caral","description":"En estas Fiestas Patrias el programa Viajes Culturales de la Zona Arqueol\u00f3gica Caral, Unidad Ejecutora 003 del Ministerio de Cultura, te lleva a vivir una aventura \u00fanica recorriendo cuatro antiguas ciudades de la Civilizaci\u00f3n Caral, y conocer los inicios civilizatorios en el continente americano.","robots":{"index":"index","follow":"follow","max-snippet":"max-snippet:-1","max-image-preview":"max-image-preview:large","max-video-preview":"max-video-preview:-1"},"canonical":"https:\/\/zonacaral.gob.pe\/en\/noticias\/fiestas-patrias-recorre-cuatro-antiguas-ciudades-de-la-civilizacion-caral\/","og_locale":"en_US","og_type":"article","og_title":"Fiestas Patrias: Recorre cuatro antiguas ciudades de la Civilizaci\u00f3n Caral","og_description":"En estas Fiestas Patrias el programa Viajes Culturales de la Zona Arqueol\u00f3gica Caral, Unidad Ejecutora 003 del Ministerio de Cultura, te lleva a vivir una aventura \u00fanica recorriendo cuatro antiguas ciudades de la Civilizaci\u00f3n Caral, y conocer los inicios civilizatorios en el continente americano.","og_url":"https:\/\/zonacaral.gob.pe\/en\/noticias\/fiestas-patrias-recorre-cuatro-antiguas-ciudades-de-la-civilizacion-caral\/","og_site_name":"Zona Caral","article_published_time":"2025-07-18T15:13:47+00:00","og_image":[{"width":1920,"height":1080,"url":"https:\/\/zonacaral.gob.pe\/wp-content\/uploads\/2025\/07\/foto-nota.jpg","type":"image\/jpeg"}],"author":"Zona Caral Administrador","twitter_card":"summary_large_image","twitter_misc":{"Written by":"Zona Caral Administrador","Est. reading time":"2 minutes"},"schema":{"@context":"https:\/\/schema.org","@graph":[{"@type":"Article","@id":"https:\/\/zonacaral.gob.pe\/es\/noticias\/fiestas-patrias-recorre-cuatro-antiguas-ciudades-de-la-civilizacion-caral\/#article","isPartOf":{"@id":"https:\/\/zonacaral.gob.pe\/es\/noticias\/fiestas-patrias-recorre-cuatro-antiguas-ciudades-de-la-civilizacion-caral\/"},"author":{"name":"Zona Caral Administrador","@id":"https:\/\/zonacaral.gob.pe\/es\/#\/schema\/person\/beddb4d22f71a7230c5b90913270a0ee"},"headline":"Fiestas Patrias: Recorre cuatro antiguas ciudades de la Civilizaci\u00f3n Caral","datePublished":"2025-07-18T15:13:47+00:00","mainEntityOfPage":{"@id":"https:\/\/zonacaral.gob.pe\/es\/noticias\/fiestas-patrias-recorre-cuatro-antiguas-ciudades-de-la-civilizacion-caral\/"},"wordCount":431,"image":{"@id":"https:\/\/zonacaral.gob.pe\/es\/noticias\/fiestas-patrias-recorre-cuatro-antiguas-ciudades-de-la-civilizacion-caral\/#primaryimage"},"thumbnailUrl":"https:\/\/zonacaral.gob.pe\/wp-content\/uploads\/2025\/07\/foto-nota.jpg","keywords":["caral","Cultura"],"articleSection":["noticias"],"inLanguage":"en-US"},{"@type":"WebPage","@id":"https:\/\/zonacaral.gob.pe\/es\/noticias\/fiestas-patrias-recorre-cuatro-antiguas-ciudades-de-la-civilizacion-caral\/","url":"https:\/\/zonacaral.gob.pe\/es\/noticias\/fiestas-patrias-recorre-cuatro-antiguas-ciudades-de-la-civilizacion-caral\/","name":"Fiestas Patrias: Recorre cuatro antiguas ciudades de la Civilizaci\u00f3n Caral","isPartOf":{"@id":"https:\/\/zonacaral.gob.pe\/es\/#website"},"primaryImageOfPage":{"@id":"https:\/\/zonacaral.gob.pe\/es\/noticias\/fiestas-patrias-recorre-cuatro-antiguas-ciudades-de-la-civilizacion-caral\/#primaryimage"},"image":{"@id":"https:\/\/zonacaral.gob.pe\/es\/noticias\/fiestas-patrias-recorre-cuatro-antiguas-ciudades-de-la-civilizacion-caral\/#primaryimage"},"thumbnailUrl":"https:\/\/zonacaral.gob.pe\/wp-content\/uploads\/2025\/07\/foto-nota.jpg","datePublished":"2025-07-18T15:13:47+00:00","author":{"@id":"https:\/\/zonacaral.gob.pe\/es\/#\/schema\/person\/beddb4d22f71a7230c5b90913270a0ee"},"description":"En estas Fiestas Patrias el programa Viajes Culturales de la Zona Arqueol\u00f3gica Caral, Unidad Ejecutora 003 del Ministerio de Cultura, te lleva a vivir una aventura \u00fanica recorriendo cuatro antiguas ciudades de la Civilizaci\u00f3n Caral, y conocer los inicios civilizatorios en el continente americano.","breadcrumb":{"@id":"https:\/\/zonacaral.gob.pe\/es\/noticias\/fiestas-patrias-recorre-cuatro-antiguas-ciudades-de-la-civilizacion-caral\/#breadcrumb"},"inLanguage":"en-US","potentialAction":[{"@type":"ReadAction","target":["https:\/\/zonacaral.gob.pe\/es\/noticias\/fiestas-patrias-recorre-cuatro-antiguas-ciudades-de-la-civilizacion-caral\/"]}]},{"@type":"ImageObject","inLanguage":"en-US","@id":"https:\/\/zonacaral.gob.pe\/es\/noticias\/fiestas-patrias-recorre-cuatro-antiguas-ciudades-de-la-civilizacion-caral\/#primaryimage","url":"https:\/\/zonacaral.gob.pe\/wp-content\/uploads\/2025\/07\/foto-nota.jpg","contentUrl":"https:\/\/zonacaral.gob.pe\/wp-content\/uploads\/2025\/07\/foto-nota.jpg","width":1920,"height":1080},{"@type":"BreadcrumbList","@id":"https:\/\/zonacaral.gob.pe\/es\/noticias\/fiestas-patrias-recorre-cuatro-antiguas-ciudades-de-la-civilizacion-caral\/#breadcrumb","itemListElement":[{"@type":"ListItem","position":1,"name":"Portada","item":"https:\/\/zonacaral.gob.pe\/"},{"@type":"ListItem","position":2,"name":"Fiestas Patrias: Recorre cuatro antiguas ciudades de la Civilizaci\u00f3n Caral"}]},{"@type":"WebSite","@id":"https:\/\/zonacaral.gob.pe\/es\/#website","url":"https:\/\/zonacaral.gob.pe\/es\/","name":"Zona Caral","description":"Investigamos, conservamos y difundimos el patrimonio cultural de la Civilizaci\u00f3n Caral, la m\u00e1s antigua de Am\u00e9rica.","potentialAction":[{"@type":"SearchAction","target":{"@type":"EntryPoint","urlTemplate":"https:\/\/zonacaral.gob.pe\/es\/?s={search_term_string}"},"query-input":{"@type":"PropertyValueSpecification","valueRequired":true,"valueName":"search_term_string"}}],"inLanguage":"en-US"},{"@type":"Person","@id":"https:\/\/zonacaral.gob.pe\/es\/#\/schema\/person\/beddb4d22f71a7230c5b90913270a0ee","name":"Zona Caral Administrador","image":{"@type":"ImageObject","inLanguage":"en-US","@id":"https:\/\/secure.gravatar.com\/avatar\/e4be162918a696358376de6446614e0f0f4062bdc5d170d6d540ada3d8b58c12?s=96&d=mm&r=g","url":"https:\/\/secure.gravatar.com\/avatar\/e4be162918a696358376de6446614e0f0f4062bdc5d170d6d540ada3d8b58c12?s=96&d=mm&r=g","contentUrl":"https:\/\/secure.gravatar.com\/avatar\/e4be162918a696358376de6446614e0f0f4062bdc5d170d6d540ada3d8b58c12?s=96&d=mm&r=g","caption":"Zona Caral Administrador"},"sameAs":["https:\/\/zonacaral.gob.pe"],"url":"https:\/\/zonacaral.gob.pe\/en\/noticias\/author\/ad_zonacaral\/"}]}},"_links":{"self":[{"href":"https:\/\/zonacaral.gob.pe\/en\/wp-json\/wp\/v2\/posts\/18495","targetHints":{"allow":["GET"]}}],"collection":[{"href":"https:\/\/zonacaral.gob.pe\/en\/wp-json\/wp\/v2\/posts"}],"about":[{"href":"https:\/\/zonacaral.gob.pe\/en\/wp-json\/wp\/v2\/types\/post"}],"author":[{"embeddable":true,"href":"https:\/\/zonacaral.gob.pe\/en\/wp-json\/wp\/v2\/users\/1"}],"replies":[{"embeddable":true,"href":"https:\/\/zonacaral.gob.pe\/en\/wp-json\/wp\/v2\/comments?post=18495"}],"version-history":[{"count":0,"href":"https:\/\/zonacaral.gob.pe\/en\/wp-json\/wp\/v2\/posts\/18495\/revisions"}],"wp:featuredmedia":[{"embeddable":true,"href":"https:\/\/zonacaral.gob.pe\/en\/wp-json\/wp\/v2\/media\/18496"}],"wp:attachment":[{"href":"https:\/\/zonacaral.gob.pe\/en\/wp-json\/wp\/v2\/media?parent=18495"}],"wp:term":[{"taxonomy":"category","embeddable":true,"href":"https:\/\/zonacaral.gob.pe\/en\/wp-json\/wp\/v2\/categories?post=18495"},{"taxonomy":"post_tag","embeddable":true,"href":"https:\/\/zonacaral.gob.pe\/en\/wp-json\/wp\/v2\/tags?post=18495"}],"curies":[{"name":"wp","href":"https:\/\/api.w.org\/{rel}","templated":true}]}}