{"id":18512,"date":"2025-07-24T16:33:03","date_gmt":"2025-07-24T21:33:03","guid":{"rendered":"https:\/\/www.zonacaral.gob.pe\/?p=18512"},"modified":"2025-07-24T16:33:03","modified_gmt":"2025-07-24T21:33:03","slug":"penico-ya-es-una-propuesta-turistica-en-el-area-norcentral","status":"publish","type":"post","link":"https:\/\/zonacaral.gob.pe\/en\/noticias\/penico-ya-es-una-propuesta-turistica-en-el-area-norcentral\/","title":{"rendered":"Pe\u00f1ico ya es una propuesta tur\u00edstica en el \u00e1rea norcentral"},"content":{"rendered":"<figure class=\"pic-autor\" style=\"color: #4d4d4d; text-align: justify;\"><\/figure>\n<div class=\"gmail_default\" style=\"text-align: justify;\">\n<blockquote>\n<p><i><span style=\"font-weight: 400;\">Una nueva joya arqueol\u00f3gica que conocer.<\/span><\/i><\/p>\n<\/blockquote>\n<p><span style=\"font-weight: 400;\">Pe\u00f1ico, denominada la \u201cCiudad de la Integraci\u00f3n Social\u201d de las poblaciones del valle de Supe (1800 &#8211; 1500 a. C.), ubicada en la provincia de Huaura, regi\u00f3n Lima, ya se ha convertido en una propuesta tur\u00edstica de negocios locales y difundido a mayor escala por la Comisi\u00f3n de Promoci\u00f3n del Per\u00fa para la Exportaci\u00f3n y el Turismo \u2013 PromPer\u00fa a trav\u00e9s de sus diferentes cuentas de redes sociales.<\/span><\/p>\n<p><span style=\"font-weight: 400;\">Desde el anuncio de su apertura oficial a los visitantes nacionales y extranjeros, los diferentes negocios locales incluyeron a este sitio arqueol\u00f3gico en su lista de lugares por visitar y conocer en el \u00e1rea norcentral del Per\u00fa, en espec\u00edfico entre las provincias de Barranca y Huaura.<\/span><\/p>\n<p><span style=\"font-weight: 400;\">De este modo, la <\/span><a href=\"https:\/\/www.instagram.com\/caralperu\/?hl=es\"><span style=\"font-weight: 400;\">Zona Arqueol\u00f3gica Caral<\/span><\/a><span style=\"font-weight: 400;\"> (ZAC), Unidad Ejecutora 003 del Ministerio de Cultura, contin\u00faa con su misi\u00f3n de promover el desarrollo socioecon\u00f3mico integral y sostenible en las poblaciones aleda\u00f1as a los sitios arqueol\u00f3gicos.<\/span><\/p>\n<p><span style=\"font-weight: 400;\">Como es sabido el turismo aporta significativamente al desarrollo econ\u00f3mico, social y cultural de una regi\u00f3n o pa\u00eds. Genera empleo, impulsa la econom\u00eda local, fomenta el intercambio cultural, y puede contribuir a la conservaci\u00f3n del patrimonio natural y cultural.<\/span><\/p>\n<p><span style=\"font-weight: 400;\">Asimismo, el programa de <\/span><a href=\"https:\/\/www.zonacaral.gob.pe\/ruta-caral\/viajes-culturales.html\"><span style=\"font-weight: 400;\">Cultural Trips<\/span><\/a><span style=\"font-weight: 400;\"> de la ZAC, ya ha incluido a Pe\u00f1ico en su programa de paseos, el m\u00e1s pr\u00f3ximo a realizarse es en Fiestas Patrias, <\/span><b>27 y 28 de julio<\/b><span style=\"font-weight: 400;\">, en que se visitar\u00e1n cuatro antiguas ciudades de la <\/span><a href=\"https:\/\/youtu.be\/uAJpjcgLits\"><span style=\"font-weight: 400;\">Civilizaci\u00f3n Caral<\/span><\/a><span style=\"font-weight: 400;\">: la Ciudad Sagrada de Caral-Supe, Patrimonio Mundial, \u00c1spero, Vichama, y el reci\u00e9n aperturado oficialmente y que cautiv\u00f3 al p\u00fablico y a la prensa nacional e internacional, Pe\u00f1ico.<\/span><\/p>\n<p><span style=\"font-weight: 400;\">Y la siguiente salida ser\u00e1 el domingo <\/span><b>10 de agosto<\/b><span style=\"font-weight: 400;\">, fecha en que se visitar\u00e1n dos ciudades: Pe\u00f1ico, Ciudad de la Integraci\u00f3n, y la Ciudad Sagrada de Caral, conocida tambi\u00e9n como la capital de la primera civilizaci\u00f3n de Am\u00e9rica.<\/span><\/p>\n<p><span style=\"font-weight: 400;\">De este modo, tambi\u00e9n buscamos acercar el patrimonio cultural a la poblaci\u00f3n en general, con el fin de conocer nuestras ra\u00edces milenarias, las cuales fueron como cimiento para la formaci\u00f3n de otras sociedades andinas incluida la Inca.<\/span><\/p>\n<p><b>\u00bfC\u00f3mo llegar?<\/b><\/p>\n<p><span style=\"font-weight: 400;\">El sitio arqueol\u00f3gico de <\/span><a href=\"https:\/\/www.zonacaral.gob.pe\/ruta-caral\/penico.html\"><span style=\"font-weight: 400;\">Pe\u00f1ico<\/span><\/a><span style=\"font-weight: 400;\"> se encuentra aproximadamente a cuatro horas y media de viaje desde la ciudad de Lima. La ruta para llegar es similar a la que se sigue para visitar la <\/span><a href=\"https:\/\/www.zonacaral.gob.pe\/ruta-caral\/ciudad-sagrada-de-caral.html\"><span style=\"font-weight: 400;\">Sacred City of Caral<\/span><\/a><span style=\"font-weight: 400;\">. Los visitantes deber\u00e1n ingresar por el desv\u00edo al valle de Supe (v\u00eda Caral \u2013 \u00c1mbar), ubicado a la altura del kil\u00f3metro 184 de la Panamericana Norte. Desde este ingreso, se recorren 34 kil\u00f3metros hasta llegar a Pe\u00f1ico.<\/span><\/p>\n<p><span style=\"font-weight: 400;\">El horario de atenci\u00f3n al p\u00fablico es de lunes a domingo, incluyendo d\u00edas feriados, desde las 9:00 a. m. hasta las 4:00 p. m.<\/span><\/p>\n<p><span style=\"font-weight: 400;\">Descarga aqu\u00ed nuestra<\/span><a href=\"https:\/\/drive.google.com\/file\/d\/1jsEGxe_ryhKSbSdNhfyOaJ83-BEIPgTC\/view\"> <b>ficha iCaral<\/b><\/a><span style=\"font-weight: 400;\">, sobre datos de Pe\u00f1ico:<\/span><a href=\"https:\/\/drive.google.com\/file\/d\/1jsEGxe_ryhKSbSdNhfyOaJ83-BEIPgTC\/view\"> <b>folleto informativo<\/b><\/a><span style=\"font-weight: 400;\">.<\/span><\/p>\n<p><b>DATO<\/b><\/p>\n<p><span style=\"font-weight: 400;\">Si quieres visitar <\/span><b>Pe\u00f1ico<\/b><span style=\"font-weight: 400;\">, comun\u00edcate con las diferentes agencias locales o, tambi\u00e9n puedes optar por nuestro programa de Viajes Culturales, para ello debes comunicarte al 955 881 340.<\/span><\/p>\n<p><strong style=\"font-size: inherit; text-align: justify;\">Fuente: Comunicaci\u00f3n e Imagen Institucional ZAC<\/strong><\/p>\n<\/div>\n<div style=\"color: #1f1f1f;\">\n<div style=\"color: #1f1f1f;\">\n<p style=\"text-align: justify;\">Fecha de publicaci\u00f3n: 24\/07\/2025<\/p>\n<\/div>\n<\/div>\n\n\n<p><\/p>","protected":false},"excerpt":{"rendered":"<p>Una nueva joya arqueol\u00f3gica que conocer. Pe\u00f1ico, denominada la \u201cCiudad de la Integraci\u00f3n Social\u201d de las poblaciones del valle de [&hellip;]<\/p>\n","protected":false},"author":1,"featured_media":18513,"comment_status":"closed","ping_status":"open","sticky":false,"template":"","format":"standard","meta":{"_acf_changed":false,"site-sidebar-layout":"default","site-content-layout":"","ast-site-content-layout":"default","site-content-style":"default","site-sidebar-style":"default","ast-global-header-display":"","ast-banner-title-visibility":"","ast-main-header-display":"","ast-hfb-above-header-display":"","ast-hfb-below-header-display":"","ast-hfb-mobile-header-display":"","site-post-title":"","ast-breadcrumbs-content":"","ast-featured-img":"","footer-sml-layout":"","ast-disable-related-posts":"","theme-transparent-header-meta":"","adv-header-id-meta":"","stick-header-meta":"","header-above-stick-meta":"","header-main-stick-meta":"","header-below-stick-meta":"","astra-migrate-meta-layouts":"default","ast-page-background-enabled":"default","ast-page-background-meta":{"desktop":{"background-color":"var(--ast-global-color-5)","background-image":"","background-repeat":"repeat","background-position":"center center","background-size":"auto","background-attachment":"scroll","background-type":"","background-media":"","overlay-type":"","overlay-color":"","overlay-opacity":"","overlay-gradient":""},"tablet":{"background-color":"","background-image":"","background-repeat":"repeat","background-position":"center center","background-size":"auto","background-attachment":"scroll","background-type":"","background-media":"","overlay-type":"","overlay-color":"","overlay-opacity":"","overlay-gradient":""},"mobile":{"background-color":"","background-image":"","background-repeat":"repeat","background-position":"center center","background-size":"auto","background-attachment":"scroll","background-type":"","background-media":"","overlay-type":"","overlay-color":"","overlay-opacity":"","overlay-gradient":""}},"ast-content-background-meta":{"desktop":{"background-color":"var(--ast-global-color-4)","background-image":"","background-repeat":"repeat","background-position":"center center","background-size":"auto","background-attachment":"scroll","background-type":"","background-media":"","overlay-type":"","overlay-color":"","overlay-opacity":"","overlay-gradient":""},"tablet":{"background-color":"var(--ast-global-color-4)","background-image":"","background-repeat":"repeat","background-position":"center center","background-size":"auto","background-attachment":"scroll","background-type":"","background-media":"","overlay-type":"","overlay-color":"","overlay-opacity":"","overlay-gradient":""},"mobile":{"background-color":"var(--ast-global-color-4)","background-image":"","background-repeat":"repeat","background-position":"center center","background-size":"auto","background-attachment":"scroll","background-type":"","background-media":"","overlay-type":"","overlay-color":"","overlay-opacity":"","overlay-gradient":""}},"footnotes":""},"categories":[208],"tags":[55,72],"class_list":["post-18512","post","type-post","status-publish","format-standard","has-post-thumbnail","hentry","category-noticias","tag-caral","tag-cultura"],"acf":[],"yoast_head":"<!-- This site is optimized with the Yoast SEO plugin v27.3 - https:\/\/yoast.com\/product\/yoast-seo-wordpress\/ -->\n<title>Pe\u00f1ico ya es una propuesta tur\u00edstica en el \u00e1rea norcentral<\/title>\n<meta name=\"description\" content=\"Pe\u00f1ico, denominada la \u201cCiudad de la Integraci\u00f3n Social\u201d de las poblaciones del valle de Supe (1800 - 1500 a. C.), ubicada en la provincia de Huaura, regi\u00f3n Lima, ya se ha convertido en una propuesta tur\u00edstica de negocios locales y difundido a mayor escala por la Comisi\u00f3n de Promoci\u00f3n del Per\u00fa para la Exportaci\u00f3n y el Turismo \u2013 PromPer\u00fa a trav\u00e9s de sus diferentes cuentas de redes sociales.\" \/>\n<meta name=\"robots\" content=\"index, follow, max-snippet:-1, max-image-preview:large, max-video-preview:-1\" \/>\n<link rel=\"canonical\" href=\"https:\/\/zonacaral.gob.pe\/en\/noticias\/penico-ya-es-una-propuesta-turistica-en-el-area-norcentral\/\" \/>\n<meta property=\"og:locale\" content=\"en_US\" \/>\n<meta property=\"og:type\" content=\"article\" \/>\n<meta property=\"og:title\" content=\"Pe\u00f1ico ya es una propuesta tur\u00edstica en el \u00e1rea norcentral\" \/>\n<meta property=\"og:description\" content=\"Pe\u00f1ico, denominada la \u201cCiudad de la Integraci\u00f3n Social\u201d de las poblaciones del valle de Supe (1800 - 1500 a. C.), ubicada en la provincia de Huaura, regi\u00f3n Lima, ya se ha convertido en una propuesta tur\u00edstica de negocios locales y difundido a mayor escala por la Comisi\u00f3n de Promoci\u00f3n del Per\u00fa para la Exportaci\u00f3n y el Turismo \u2013 PromPer\u00fa a trav\u00e9s de sus diferentes cuentas de redes sociales.\" \/>\n<meta property=\"og:url\" content=\"https:\/\/zonacaral.gob.pe\/en\/noticias\/penico-ya-es-una-propuesta-turistica-en-el-area-norcentral\/\" \/>\n<meta property=\"og:site_name\" content=\"Zona Caral\" \/>\n<meta property=\"article:published_time\" content=\"2025-07-24T21:33:03+00:00\" \/>\n<meta property=\"og:image\" content=\"https:\/\/zonacaral.gob.pe\/wp-content\/uploads\/2025\/07\/tourpenico1.jpg\" \/>\n\t<meta property=\"og:image:width\" content=\"1920\" \/>\n\t<meta property=\"og:image:height\" content=\"1080\" \/>\n\t<meta property=\"og:image:type\" content=\"image\/jpeg\" \/>\n<meta name=\"author\" content=\"Zona Caral Administrador\" \/>\n<meta name=\"twitter:card\" content=\"summary_large_image\" \/>\n<meta name=\"twitter:label1\" content=\"Written by\" \/>\n\t<meta name=\"twitter:data1\" content=\"Zona Caral Administrador\" \/>\n\t<meta name=\"twitter:label2\" content=\"Est. reading time\" \/>\n\t<meta name=\"twitter:data2\" content=\"3 minutes\" \/>\n<script type=\"application\/ld+json\" class=\"yoast-schema-graph\">{\"@context\":\"https:\\\/\\\/schema.org\",\"@graph\":[{\"@type\":\"Article\",\"@id\":\"https:\\\/\\\/zonacaral.gob.pe\\\/es\\\/noticias\\\/penico-ya-es-una-propuesta-turistica-en-el-area-norcentral\\\/#article\",\"isPartOf\":{\"@id\":\"https:\\\/\\\/zonacaral.gob.pe\\\/es\\\/noticias\\\/penico-ya-es-una-propuesta-turistica-en-el-area-norcentral\\\/\"},\"author\":{\"name\":\"Zona Caral Administrador\",\"@id\":\"https:\\\/\\\/zonacaral.gob.pe\\\/es\\\/#\\\/schema\\\/person\\\/beddb4d22f71a7230c5b90913270a0ee\"},\"headline\":\"Pe\u00f1ico ya es una propuesta tur\u00edstica en el \u00e1rea norcentral\",\"datePublished\":\"2025-07-24T21:33:03+00:00\",\"mainEntityOfPage\":{\"@id\":\"https:\\\/\\\/zonacaral.gob.pe\\\/es\\\/noticias\\\/penico-ya-es-una-propuesta-turistica-en-el-area-norcentral\\\/\"},\"wordCount\":546,\"image\":{\"@id\":\"https:\\\/\\\/zonacaral.gob.pe\\\/es\\\/noticias\\\/penico-ya-es-una-propuesta-turistica-en-el-area-norcentral\\\/#primaryimage\"},\"thumbnailUrl\":\"https:\\\/\\\/zonacaral.gob.pe\\\/wp-content\\\/uploads\\\/2025\\\/07\\\/tourpenico1.jpg\",\"keywords\":[\"caral\",\"Cultura\"],\"articleSection\":[\"noticias\"],\"inLanguage\":\"en-US\"},{\"@type\":\"WebPage\",\"@id\":\"https:\\\/\\\/zonacaral.gob.pe\\\/es\\\/noticias\\\/penico-ya-es-una-propuesta-turistica-en-el-area-norcentral\\\/\",\"url\":\"https:\\\/\\\/zonacaral.gob.pe\\\/es\\\/noticias\\\/penico-ya-es-una-propuesta-turistica-en-el-area-norcentral\\\/\",\"name\":\"Pe\u00f1ico ya es una propuesta tur\u00edstica en el \u00e1rea norcentral\",\"isPartOf\":{\"@id\":\"https:\\\/\\\/zonacaral.gob.pe\\\/es\\\/#website\"},\"primaryImageOfPage\":{\"@id\":\"https:\\\/\\\/zonacaral.gob.pe\\\/es\\\/noticias\\\/penico-ya-es-una-propuesta-turistica-en-el-area-norcentral\\\/#primaryimage\"},\"image\":{\"@id\":\"https:\\\/\\\/zonacaral.gob.pe\\\/es\\\/noticias\\\/penico-ya-es-una-propuesta-turistica-en-el-area-norcentral\\\/#primaryimage\"},\"thumbnailUrl\":\"https:\\\/\\\/zonacaral.gob.pe\\\/wp-content\\\/uploads\\\/2025\\\/07\\\/tourpenico1.jpg\",\"datePublished\":\"2025-07-24T21:33:03+00:00\",\"author\":{\"@id\":\"https:\\\/\\\/zonacaral.gob.pe\\\/es\\\/#\\\/schema\\\/person\\\/beddb4d22f71a7230c5b90913270a0ee\"},\"description\":\"Pe\u00f1ico, denominada la \u201cCiudad de la Integraci\u00f3n Social\u201d de las poblaciones del valle de Supe (1800 - 1500 a. C.), ubicada en la provincia de Huaura, regi\u00f3n Lima, ya se ha convertido en una propuesta tur\u00edstica de negocios locales y difundido a mayor escala por la Comisi\u00f3n de Promoci\u00f3n del Per\u00fa para la Exportaci\u00f3n y el Turismo \u2013 PromPer\u00fa a trav\u00e9s de sus diferentes cuentas de redes sociales.\",\"breadcrumb\":{\"@id\":\"https:\\\/\\\/zonacaral.gob.pe\\\/es\\\/noticias\\\/penico-ya-es-una-propuesta-turistica-en-el-area-norcentral\\\/#breadcrumb\"},\"inLanguage\":\"en-US\",\"potentialAction\":[{\"@type\":\"ReadAction\",\"target\":[\"https:\\\/\\\/zonacaral.gob.pe\\\/es\\\/noticias\\\/penico-ya-es-una-propuesta-turistica-en-el-area-norcentral\\\/\"]}]},{\"@type\":\"ImageObject\",\"inLanguage\":\"en-US\",\"@id\":\"https:\\\/\\\/zonacaral.gob.pe\\\/es\\\/noticias\\\/penico-ya-es-una-propuesta-turistica-en-el-area-norcentral\\\/#primaryimage\",\"url\":\"https:\\\/\\\/zonacaral.gob.pe\\\/wp-content\\\/uploads\\\/2025\\\/07\\\/tourpenico1.jpg\",\"contentUrl\":\"https:\\\/\\\/zonacaral.gob.pe\\\/wp-content\\\/uploads\\\/2025\\\/07\\\/tourpenico1.jpg\",\"width\":1920,\"height\":1080},{\"@type\":\"BreadcrumbList\",\"@id\":\"https:\\\/\\\/zonacaral.gob.pe\\\/es\\\/noticias\\\/penico-ya-es-una-propuesta-turistica-en-el-area-norcentral\\\/#breadcrumb\",\"itemListElement\":[{\"@type\":\"ListItem\",\"position\":1,\"name\":\"Portada\",\"item\":\"https:\\\/\\\/zonacaral.gob.pe\\\/\"},{\"@type\":\"ListItem\",\"position\":2,\"name\":\"Pe\u00f1ico ya es una propuesta tur\u00edstica en el \u00e1rea norcentral\"}]},{\"@type\":\"WebSite\",\"@id\":\"https:\\\/\\\/zonacaral.gob.pe\\\/es\\\/#website\",\"url\":\"https:\\\/\\\/zonacaral.gob.pe\\\/es\\\/\",\"name\":\"Zona Caral\",\"description\":\"Investigamos, conservamos y difundimos el patrimonio cultural de la Civilizaci\u00f3n Caral, la m\u00e1s antigua de Am\u00e9rica.\",\"potentialAction\":[{\"@type\":\"SearchAction\",\"target\":{\"@type\":\"EntryPoint\",\"urlTemplate\":\"https:\\\/\\\/zonacaral.gob.pe\\\/es\\\/?s={search_term_string}\"},\"query-input\":{\"@type\":\"PropertyValueSpecification\",\"valueRequired\":true,\"valueName\":\"search_term_string\"}}],\"inLanguage\":\"en-US\"},{\"@type\":\"Person\",\"@id\":\"https:\\\/\\\/zonacaral.gob.pe\\\/es\\\/#\\\/schema\\\/person\\\/beddb4d22f71a7230c5b90913270a0ee\",\"name\":\"Zona Caral Administrador\",\"image\":{\"@type\":\"ImageObject\",\"inLanguage\":\"en-US\",\"@id\":\"https:\\\/\\\/secure.gravatar.com\\\/avatar\\\/e4be162918a696358376de6446614e0f0f4062bdc5d170d6d540ada3d8b58c12?s=96&d=mm&r=g\",\"url\":\"https:\\\/\\\/secure.gravatar.com\\\/avatar\\\/e4be162918a696358376de6446614e0f0f4062bdc5d170d6d540ada3d8b58c12?s=96&d=mm&r=g\",\"contentUrl\":\"https:\\\/\\\/secure.gravatar.com\\\/avatar\\\/e4be162918a696358376de6446614e0f0f4062bdc5d170d6d540ada3d8b58c12?s=96&d=mm&r=g\",\"caption\":\"Zona Caral Administrador\"},\"sameAs\":[\"https:\\\/\\\/zonacaral.gob.pe\"],\"url\":\"https:\\\/\\\/zonacaral.gob.pe\\\/en\\\/noticias\\\/author\\\/ad_zonacaral\\\/\"}]}<\/script>\n<!-- \/ Yoast SEO plugin. -->","yoast_head_json":{"title":"Pe\u00f1ico ya es una propuesta tur\u00edstica en el \u00e1rea norcentral","description":"Pe\u00f1ico, denominada la \u201cCiudad de la Integraci\u00f3n Social\u201d de las poblaciones del valle de Supe (1800 - 1500 a. C.), ubicada en la provincia de Huaura, regi\u00f3n Lima, ya se ha convertido en una propuesta tur\u00edstica de negocios locales y difundido a mayor escala por la Comisi\u00f3n de Promoci\u00f3n del Per\u00fa para la Exportaci\u00f3n y el Turismo \u2013 PromPer\u00fa a trav\u00e9s de sus diferentes cuentas de redes sociales.","robots":{"index":"index","follow":"follow","max-snippet":"max-snippet:-1","max-image-preview":"max-image-preview:large","max-video-preview":"max-video-preview:-1"},"canonical":"https:\/\/zonacaral.gob.pe\/en\/noticias\/penico-ya-es-una-propuesta-turistica-en-el-area-norcentral\/","og_locale":"en_US","og_type":"article","og_title":"Pe\u00f1ico ya es una propuesta tur\u00edstica en el \u00e1rea norcentral","og_description":"Pe\u00f1ico, denominada la \u201cCiudad de la Integraci\u00f3n Social\u201d de las poblaciones del valle de Supe (1800 - 1500 a. C.), ubicada en la provincia de Huaura, regi\u00f3n Lima, ya se ha convertido en una propuesta tur\u00edstica de negocios locales y difundido a mayor escala por la Comisi\u00f3n de Promoci\u00f3n del Per\u00fa para la Exportaci\u00f3n y el Turismo \u2013 PromPer\u00fa a trav\u00e9s de sus diferentes cuentas de redes sociales.","og_url":"https:\/\/zonacaral.gob.pe\/en\/noticias\/penico-ya-es-una-propuesta-turistica-en-el-area-norcentral\/","og_site_name":"Zona Caral","article_published_time":"2025-07-24T21:33:03+00:00","og_image":[{"width":1920,"height":1080,"url":"https:\/\/zonacaral.gob.pe\/wp-content\/uploads\/2025\/07\/tourpenico1.jpg","type":"image\/jpeg"}],"author":"Zona Caral Administrador","twitter_card":"summary_large_image","twitter_misc":{"Written by":"Zona Caral Administrador","Est. reading time":"3 minutes"},"schema":{"@context":"https:\/\/schema.org","@graph":[{"@type":"Article","@id":"https:\/\/zonacaral.gob.pe\/es\/noticias\/penico-ya-es-una-propuesta-turistica-en-el-area-norcentral\/#article","isPartOf":{"@id":"https:\/\/zonacaral.gob.pe\/es\/noticias\/penico-ya-es-una-propuesta-turistica-en-el-area-norcentral\/"},"author":{"name":"Zona Caral Administrador","@id":"https:\/\/zonacaral.gob.pe\/es\/#\/schema\/person\/beddb4d22f71a7230c5b90913270a0ee"},"headline":"Pe\u00f1ico ya es una propuesta tur\u00edstica en el \u00e1rea norcentral","datePublished":"2025-07-24T21:33:03+00:00","mainEntityOfPage":{"@id":"https:\/\/zonacaral.gob.pe\/es\/noticias\/penico-ya-es-una-propuesta-turistica-en-el-area-norcentral\/"},"wordCount":546,"image":{"@id":"https:\/\/zonacaral.gob.pe\/es\/noticias\/penico-ya-es-una-propuesta-turistica-en-el-area-norcentral\/#primaryimage"},"thumbnailUrl":"https:\/\/zonacaral.gob.pe\/wp-content\/uploads\/2025\/07\/tourpenico1.jpg","keywords":["caral","Cultura"],"articleSection":["noticias"],"inLanguage":"en-US"},{"@type":"WebPage","@id":"https:\/\/zonacaral.gob.pe\/es\/noticias\/penico-ya-es-una-propuesta-turistica-en-el-area-norcentral\/","url":"https:\/\/zonacaral.gob.pe\/es\/noticias\/penico-ya-es-una-propuesta-turistica-en-el-area-norcentral\/","name":"Pe\u00f1ico ya es una propuesta tur\u00edstica en el \u00e1rea norcentral","isPartOf":{"@id":"https:\/\/zonacaral.gob.pe\/es\/#website"},"primaryImageOfPage":{"@id":"https:\/\/zonacaral.gob.pe\/es\/noticias\/penico-ya-es-una-propuesta-turistica-en-el-area-norcentral\/#primaryimage"},"image":{"@id":"https:\/\/zonacaral.gob.pe\/es\/noticias\/penico-ya-es-una-propuesta-turistica-en-el-area-norcentral\/#primaryimage"},"thumbnailUrl":"https:\/\/zonacaral.gob.pe\/wp-content\/uploads\/2025\/07\/tourpenico1.jpg","datePublished":"2025-07-24T21:33:03+00:00","author":{"@id":"https:\/\/zonacaral.gob.pe\/es\/#\/schema\/person\/beddb4d22f71a7230c5b90913270a0ee"},"description":"Pe\u00f1ico, denominada la \u201cCiudad de la Integraci\u00f3n Social\u201d de las poblaciones del valle de Supe (1800 - 1500 a. C.), ubicada en la provincia de Huaura, regi\u00f3n Lima, ya se ha convertido en una propuesta tur\u00edstica de negocios locales y difundido a mayor escala por la Comisi\u00f3n de Promoci\u00f3n del Per\u00fa para la Exportaci\u00f3n y el Turismo \u2013 PromPer\u00fa a trav\u00e9s de sus diferentes cuentas de redes sociales.","breadcrumb":{"@id":"https:\/\/zonacaral.gob.pe\/es\/noticias\/penico-ya-es-una-propuesta-turistica-en-el-area-norcentral\/#breadcrumb"},"inLanguage":"en-US","potentialAction":[{"@type":"ReadAction","target":["https:\/\/zonacaral.gob.pe\/es\/noticias\/penico-ya-es-una-propuesta-turistica-en-el-area-norcentral\/"]}]},{"@type":"ImageObject","inLanguage":"en-US","@id":"https:\/\/zonacaral.gob.pe\/es\/noticias\/penico-ya-es-una-propuesta-turistica-en-el-area-norcentral\/#primaryimage","url":"https:\/\/zonacaral.gob.pe\/wp-content\/uploads\/2025\/07\/tourpenico1.jpg","contentUrl":"https:\/\/zonacaral.gob.pe\/wp-content\/uploads\/2025\/07\/tourpenico1.jpg","width":1920,"height":1080},{"@type":"BreadcrumbList","@id":"https:\/\/zonacaral.gob.pe\/es\/noticias\/penico-ya-es-una-propuesta-turistica-en-el-area-norcentral\/#breadcrumb","itemListElement":[{"@type":"ListItem","position":1,"name":"Portada","item":"https:\/\/zonacaral.gob.pe\/"},{"@type":"ListItem","position":2,"name":"Pe\u00f1ico ya es una propuesta tur\u00edstica en el \u00e1rea norcentral"}]},{"@type":"WebSite","@id":"https:\/\/zonacaral.gob.pe\/es\/#website","url":"https:\/\/zonacaral.gob.pe\/es\/","name":"Zona Caral","description":"Investigamos, conservamos y difundimos el patrimonio cultural de la Civilizaci\u00f3n Caral, la m\u00e1s antigua de Am\u00e9rica.","potentialAction":[{"@type":"SearchAction","target":{"@type":"EntryPoint","urlTemplate":"https:\/\/zonacaral.gob.pe\/es\/?s={search_term_string}"},"query-input":{"@type":"PropertyValueSpecification","valueRequired":true,"valueName":"search_term_string"}}],"inLanguage":"en-US"},{"@type":"Person","@id":"https:\/\/zonacaral.gob.pe\/es\/#\/schema\/person\/beddb4d22f71a7230c5b90913270a0ee","name":"Zona Caral Administrador","image":{"@type":"ImageObject","inLanguage":"en-US","@id":"https:\/\/secure.gravatar.com\/avatar\/e4be162918a696358376de6446614e0f0f4062bdc5d170d6d540ada3d8b58c12?s=96&d=mm&r=g","url":"https:\/\/secure.gravatar.com\/avatar\/e4be162918a696358376de6446614e0f0f4062bdc5d170d6d540ada3d8b58c12?s=96&d=mm&r=g","contentUrl":"https:\/\/secure.gravatar.com\/avatar\/e4be162918a696358376de6446614e0f0f4062bdc5d170d6d540ada3d8b58c12?s=96&d=mm&r=g","caption":"Zona Caral Administrador"},"sameAs":["https:\/\/zonacaral.gob.pe"],"url":"https:\/\/zonacaral.gob.pe\/en\/noticias\/author\/ad_zonacaral\/"}]}},"_links":{"self":[{"href":"https:\/\/zonacaral.gob.pe\/en\/wp-json\/wp\/v2\/posts\/18512","targetHints":{"allow":["GET"]}}],"collection":[{"href":"https:\/\/zonacaral.gob.pe\/en\/wp-json\/wp\/v2\/posts"}],"about":[{"href":"https:\/\/zonacaral.gob.pe\/en\/wp-json\/wp\/v2\/types\/post"}],"author":[{"embeddable":true,"href":"https:\/\/zonacaral.gob.pe\/en\/wp-json\/wp\/v2\/users\/1"}],"replies":[{"embeddable":true,"href":"https:\/\/zonacaral.gob.pe\/en\/wp-json\/wp\/v2\/comments?post=18512"}],"version-history":[{"count":0,"href":"https:\/\/zonacaral.gob.pe\/en\/wp-json\/wp\/v2\/posts\/18512\/revisions"}],"wp:featuredmedia":[{"embeddable":true,"href":"https:\/\/zonacaral.gob.pe\/en\/wp-json\/wp\/v2\/media\/18513"}],"wp:attachment":[{"href":"https:\/\/zonacaral.gob.pe\/en\/wp-json\/wp\/v2\/media?parent=18512"}],"wp:term":[{"taxonomy":"category","embeddable":true,"href":"https:\/\/zonacaral.gob.pe\/en\/wp-json\/wp\/v2\/categories?post=18512"},{"taxonomy":"post_tag","embeddable":true,"href":"https:\/\/zonacaral.gob.pe\/en\/wp-json\/wp\/v2\/tags?post=18512"}],"curies":[{"name":"wp","href":"https:\/\/api.w.org\/{rel}","templated":true}]}}