{"id":18530,"date":"2025-08-13T09:53:18","date_gmt":"2025-08-13T14:53:18","guid":{"rendered":"https:\/\/www.zonacaral.gob.pe\/?p=18530"},"modified":"2025-08-13T09:53:18","modified_gmt":"2025-08-13T14:53:18","slug":"tesoros-de-caral-del-mes-de-agosto","status":"publish","type":"post","link":"https:\/\/zonacaral.gob.pe\/en\/noticias\/tesoros-de-caral-del-mes-de-agosto\/","title":{"rendered":"Tesoros de Caral del mes de agosto"},"content":{"rendered":"<figure class=\"pic-autor\" style=\"color: #4d4d4d; text-align: justify;\"><\/figure>\n<div class=\"gmail_default\" style=\"text-align: justify;\">\n<blockquote>\n<p><i><span style=\"font-weight: 400;\">El Sapo Humanizado y la sabidur\u00eda de nuestros ancestros frente al cambio clim\u00e1tico.<\/span><\/i><\/p>\n<\/blockquote>\n<p><span style=\"font-weight: 400;\">En el mes en que conmemoramos la Semana Mundial del Agua y el D\u00eda Internacional de los Pueblos Ind\u00edgenas, la <\/span><a href=\"https:\/\/www.facebook.com\/CARALPERU\/?locale=es_LA\"><span style=\"font-weight: 400;\">Zona Arqueol\u00f3gica Caral<\/span><\/a><span style=\"font-weight: 400;\">, Unidad Ejecutora 003 del Ministerio de Cultura presenta el Tesoro de Caral: el <\/span><b>Mural del Sapo Humanizado<\/b><span style=\"font-weight: 400;\">, patrimonio arqueol\u00f3gico y testimonio de la sabidur\u00eda de nuestras sociedades ancestrales, que revela c\u00f3mo los antiguos habitantes del \u00e1rea norcentral peruana enfrentaron un severo cambio clim\u00e1tico.<\/span><\/p>\n<p><span style=\"font-weight: 400;\">Durante el per\u00edodo Formativo Temprano, desde el 2 200 a\u00f1os a.C., un dr\u00e1stico cambio en las condiciones clim\u00e1ticas transform\u00f3 profundamente la vida en los valles de la actual \u00e1rea norcentral del Per\u00fa. Tras el declive de la <\/span><a href=\"https:\/\/youtu.be\/uAJpjcgLits\"><span style=\"font-weight: 400;\">Civilizaci\u00f3n Caral<\/span><\/a><span style=\"font-weight: 400;\">, las poblaciones tuvieron que reorganizar sus formas de vida para hacer frente a fen\u00f3menos como las sequ\u00edas prolongadas, las inundaciones y la escasez de alimentos.<\/span><\/p>\n<p><span style=\"font-weight: 400;\">En este contexto, se erigi\u00f3 <\/span><a href=\"https:\/\/www.zonacaral.gob.pe\/ruta-caral\/vichama.html\"><span style=\"font-weight: 400;\">Vichama<\/span><\/a><span style=\"font-weight: 400;\"> entre el mar y el valle de Huaura, como un centro urbano ejemplar que refleja la capacidad de adaptaci\u00f3n, cooperaci\u00f3n y resiliencia de la sociedad que la construy\u00f3. Gracias a la integraci\u00f3n de la agricultura y la pesca, sus habitantes no solo aseguraron su supervivencia, sino que construyeron imponentes edificaciones y expresaron su visi\u00f3n del mundo a trav\u00e9s de relieves murales de alto significado simb\u00f3lico.<\/span><\/p>\n<p><span style=\"font-weight: 400;\">Uno de los m\u00e1s emblem\u00e1ticos es el <\/span><b>mural del Sapo Humanizado<\/b><span style=\"font-weight: 400;\">, hallado en el Sal\u00f3n Ceremonial del Edificio del Sapo Humanizado, ubicado en el Sector A del sitio arqueol\u00f3gico. Este relieve representa a un sapo con rasgos humanos, cinco dedos en cada mano, ojos elaborados con guijarros azules y un canal en forma de rayo tallado sobre su cabeza, emergiendo desde la tierra. Esta imagen, de fuerte carga simb\u00f3lica, estar\u00eda asociada a la llegada del agua, elemento fundamental para la regeneraci\u00f3n de la vida.<\/span><\/p>\n<p><span style=\"font-weight: 400;\">El Sapo Humanizado de Vichama es mucho m\u00e1s que una obra art\u00edstica modelada en arcilla: es un mensaje del pasado sobre la importancia de la solidaridad, la reorganizaci\u00f3n social y la propiciaci\u00f3n del bien com\u00fan frente a las crisis ambientales. Hoy, m\u00e1s que nunca, su ense\u00f1anza cobra vigencia.<\/span><\/p>\n<p><span style=\"font-weight: 400;\">\u00bfSeremos capaces, como ellos, de actuar colectivamente frente a los desaf\u00edos del presente?<\/span><\/p>\n<p><span style=\"font-weight: 400;\">Te invitamos a reflexionar sobre esta pregunta y a visitar el <\/span><b>Virtual Caral Museum<\/b><span style=\"font-weight: 400;\">, donde podr\u00e1s conocer m\u00e1s sobre este y otros murales como la \u00ab<\/span><i><span style=\"font-weight: 400;\">Llegada del agua<\/span><\/i><span style=\"font-weight: 400;\">\u00ab, el \u00ab<\/span><i><span style=\"font-weight: 400;\">Anuncio del agua<\/span><\/i><span style=\"font-weight: 400;\">\u00ab, y la poderosa escena de la \u00ab<\/span><i><span style=\"font-weight: 400;\">Danza de la vida y la muerte<\/span><\/i><span style=\"font-weight: 400;\">\u00ab: <\/span><a href=\"https:\/\/bit.ly\/TesorosDeCaral\"><span style=\"font-weight: 400;\">bit.ly\/TesorosDeCaral<\/span><\/a><\/p>\n<p><b>Dato<\/b><\/p>\n<p><a href=\"https:\/\/zonacaral.gob.pe\/en\/museo\/caral\/tesoros-de-caral.html\/\"><span style=\"font-weight: 400;\">Tesoros de Caral<\/span><\/a><span style=\"font-weight: 400;\"> es una propuesta educativa del <\/span><a href=\"https:\/\/zonacaral.gob.pe\/en\/museo\/caral\/\"><span style=\"font-weight: 400;\">Virtual Caral Museum<\/span><\/a><span style=\"font-weight: 400;\"> que invita a reflexionar sobre nuestro pasado y a comprometernos activamente con la preservaci\u00f3n del patrimonio arqueol\u00f3gico de la Civilizaci\u00f3n Caral. A trav\u00e9s de bienes culturales hallados en sitios vinculados a esta civilizaci\u00f3n, se difunden sus conocimientos y valores.<\/span><span style=\"font-weight: 400;\">El sitio arqueol\u00f3gico <\/span><a href=\"https:\/\/www.zonacaral.gob.pe\/ruta-caral\/vichama.html\"><span style=\"font-weight: 400;\">Vichama<\/span><\/a><span style=\"font-weight: 400;\"> se encuentra ubicado en el distrito de V\u00e9gueta, provincia de Huaura, departamento de Lima. El horario de atenci\u00f3n es de lunes a domingo, de 9:00 a. m. a 5:00 p. m.<\/span><\/p>\n<p><strong style=\"font-size: inherit; text-align: justify;\">Fuente: Comunicaci\u00f3n e Imagen Institucional ZAC<\/strong><\/p>\n<\/div>\n<div style=\"color: #1f1f1f;\">\n<div style=\"color: #1f1f1f;\">\n<p style=\"text-align: justify;\">Fecha de publicaci\u00f3n: 13\/08\/2025<\/p>\n<\/div>\n<\/div>\n\n\n<p><\/p>\n\n\n\n<p><\/p>","protected":false},"excerpt":{"rendered":"<p>El Sapo Humanizado y la sabidur\u00eda de nuestros ancestros frente al cambio clim\u00e1tico. En el mes en que conmemoramos la [&hellip;]<\/p>\n","protected":false},"author":1,"featured_media":18531,"comment_status":"closed","ping_status":"open","sticky":false,"template":"","format":"standard","meta":{"_acf_changed":false,"site-sidebar-layout":"default","site-content-layout":"","ast-site-content-layout":"default","site-content-style":"default","site-sidebar-style":"default","ast-global-header-display":"","ast-banner-title-visibility":"","ast-main-header-display":"","ast-hfb-above-header-display":"","ast-hfb-below-header-display":"","ast-hfb-mobile-header-display":"","site-post-title":"","ast-breadcrumbs-content":"","ast-featured-img":"","footer-sml-layout":"","ast-disable-related-posts":"","theme-transparent-header-meta":"","adv-header-id-meta":"","stick-header-meta":"","header-above-stick-meta":"","header-main-stick-meta":"","header-below-stick-meta":"","astra-migrate-meta-layouts":"default","ast-page-background-enabled":"default","ast-page-background-meta":{"desktop":{"background-color":"var(--ast-global-color-5)","background-image":"","background-repeat":"repeat","background-position":"center center","background-size":"auto","background-attachment":"scroll","background-type":"","background-media":"","overlay-type":"","overlay-color":"","overlay-opacity":"","overlay-gradient":""},"tablet":{"background-color":"","background-image":"","background-repeat":"repeat","background-position":"center center","background-size":"auto","background-attachment":"scroll","background-type":"","background-media":"","overlay-type":"","overlay-color":"","overlay-opacity":"","overlay-gradient":""},"mobile":{"background-color":"","background-image":"","background-repeat":"repeat","background-position":"center center","background-size":"auto","background-attachment":"scroll","background-type":"","background-media":"","overlay-type":"","overlay-color":"","overlay-opacity":"","overlay-gradient":""}},"ast-content-background-meta":{"desktop":{"background-color":"var(--ast-global-color-4)","background-image":"","background-repeat":"repeat","background-position":"center center","background-size":"auto","background-attachment":"scroll","background-type":"","background-media":"","overlay-type":"","overlay-color":"","overlay-opacity":"","overlay-gradient":""},"tablet":{"background-color":"var(--ast-global-color-4)","background-image":"","background-repeat":"repeat","background-position":"center center","background-size":"auto","background-attachment":"scroll","background-type":"","background-media":"","overlay-type":"","overlay-color":"","overlay-opacity":"","overlay-gradient":""},"mobile":{"background-color":"var(--ast-global-color-4)","background-image":"","background-repeat":"repeat","background-position":"center center","background-size":"auto","background-attachment":"scroll","background-type":"","background-media":"","overlay-type":"","overlay-color":"","overlay-opacity":"","overlay-gradient":""}},"footnotes":""},"categories":[208],"tags":[55,72],"class_list":["post-18530","post","type-post","status-publish","format-standard","has-post-thumbnail","hentry","category-noticias","tag-caral","tag-cultura"],"acf":[],"yoast_head":"<!-- This site is optimized with the Yoast SEO plugin v27.3 - https:\/\/yoast.com\/product\/yoast-seo-wordpress\/ -->\n<title>Pe\u00f1ico ya es una propuesta tur\u00edstica en el \u00e1rea norcentral<\/title>\n<meta name=\"description\" content=\"En un acontecimiento sin precedentes para la regi\u00f3n, la Zona Arqueol\u00f3gica Caral (ZAC), Unidad Ejecutora 003 del Ministerio de Cultura, y la Municipalidad Distrital de Supe, sellaron el pasado 1 de agosto una importante alianza con la finalidad de gestionar de manera conjunta la ejecuci\u00f3n de un sue\u00f1o esperado por d\u00e9cadas por la poblaci\u00f3n del valle de Supe: la construcci\u00f3n y asfaltado de la carretera Supe - \u00c1mbar.\" \/>\n<meta name=\"robots\" content=\"index, follow, max-snippet:-1, max-image-preview:large, max-video-preview:-1\" \/>\n<link rel=\"canonical\" href=\"https:\/\/zonacaral.gob.pe\/en\/noticias\/tesoros-de-caral-del-mes-de-agosto\/\" \/>\n<meta property=\"og:locale\" content=\"en_US\" \/>\n<meta property=\"og:type\" content=\"article\" \/>\n<meta property=\"og:title\" content=\"Pe\u00f1ico ya es una propuesta tur\u00edstica en el \u00e1rea norcentral\" \/>\n<meta property=\"og:description\" content=\"En un acontecimiento sin precedentes para la regi\u00f3n, la Zona Arqueol\u00f3gica Caral (ZAC), Unidad Ejecutora 003 del Ministerio de Cultura, y la Municipalidad Distrital de Supe, sellaron el pasado 1 de agosto una importante alianza con la finalidad de gestionar de manera conjunta la ejecuci\u00f3n de un sue\u00f1o esperado por d\u00e9cadas por la poblaci\u00f3n del valle de Supe: la construcci\u00f3n y asfaltado de la carretera Supe - \u00c1mbar.\" \/>\n<meta property=\"og:url\" content=\"https:\/\/zonacaral.gob.pe\/en\/noticias\/tesoros-de-caral-del-mes-de-agosto\/\" \/>\n<meta property=\"og:site_name\" content=\"Zona Caral\" \/>\n<meta property=\"article:published_time\" content=\"2025-08-13T14:53:18+00:00\" \/>\n<meta property=\"og:image\" content=\"https:\/\/zonacaral.gob.pe\/wp-content\/uploads\/2025\/08\/TESORO-AGOSTO.jpg\" \/>\n\t<meta property=\"og:image:width\" content=\"1500\" \/>\n\t<meta property=\"og:image:height\" content=\"789\" \/>\n\t<meta property=\"og:image:type\" content=\"image\/jpeg\" \/>\n<meta name=\"author\" content=\"Zona Caral Administrador\" \/>\n<meta name=\"twitter:card\" content=\"summary_large_image\" \/>\n<meta name=\"twitter:label1\" content=\"Written by\" \/>\n\t<meta name=\"twitter:data1\" content=\"Zona Caral Administrador\" \/>\n\t<meta name=\"twitter:label2\" content=\"Est. reading time\" \/>\n\t<meta name=\"twitter:data2\" content=\"3 minutes\" \/>\n<script type=\"application\/ld+json\" class=\"yoast-schema-graph\">{\"@context\":\"https:\\\/\\\/schema.org\",\"@graph\":[{\"@type\":\"Article\",\"@id\":\"https:\\\/\\\/zonacaral.gob.pe\\\/es\\\/noticias\\\/tesoros-de-caral-del-mes-de-agosto\\\/#article\",\"isPartOf\":{\"@id\":\"https:\\\/\\\/zonacaral.gob.pe\\\/es\\\/noticias\\\/tesoros-de-caral-del-mes-de-agosto\\\/\"},\"author\":{\"name\":\"Zona Caral Administrador\",\"@id\":\"https:\\\/\\\/zonacaral.gob.pe\\\/es\\\/#\\\/schema\\\/person\\\/beddb4d22f71a7230c5b90913270a0ee\"},\"headline\":\"Tesoros de Caral del mes de agosto\",\"datePublished\":\"2025-08-13T14:53:18+00:00\",\"mainEntityOfPage\":{\"@id\":\"https:\\\/\\\/zonacaral.gob.pe\\\/es\\\/noticias\\\/tesoros-de-caral-del-mes-de-agosto\\\/\"},\"wordCount\":554,\"image\":{\"@id\":\"https:\\\/\\\/zonacaral.gob.pe\\\/es\\\/noticias\\\/tesoros-de-caral-del-mes-de-agosto\\\/#primaryimage\"},\"thumbnailUrl\":\"https:\\\/\\\/zonacaral.gob.pe\\\/wp-content\\\/uploads\\\/2025\\\/08\\\/TESORO-AGOSTO.jpg\",\"keywords\":[\"caral\",\"Cultura\"],\"articleSection\":[\"noticias\"],\"inLanguage\":\"en-US\"},{\"@type\":\"WebPage\",\"@id\":\"https:\\\/\\\/zonacaral.gob.pe\\\/es\\\/noticias\\\/tesoros-de-caral-del-mes-de-agosto\\\/\",\"url\":\"https:\\\/\\\/zonacaral.gob.pe\\\/es\\\/noticias\\\/tesoros-de-caral-del-mes-de-agosto\\\/\",\"name\":\"Pe\u00f1ico ya es una propuesta tur\u00edstica en el \u00e1rea norcentral\",\"isPartOf\":{\"@id\":\"https:\\\/\\\/zonacaral.gob.pe\\\/es\\\/#website\"},\"primaryImageOfPage\":{\"@id\":\"https:\\\/\\\/zonacaral.gob.pe\\\/es\\\/noticias\\\/tesoros-de-caral-del-mes-de-agosto\\\/#primaryimage\"},\"image\":{\"@id\":\"https:\\\/\\\/zonacaral.gob.pe\\\/es\\\/noticias\\\/tesoros-de-caral-del-mes-de-agosto\\\/#primaryimage\"},\"thumbnailUrl\":\"https:\\\/\\\/zonacaral.gob.pe\\\/wp-content\\\/uploads\\\/2025\\\/08\\\/TESORO-AGOSTO.jpg\",\"datePublished\":\"2025-08-13T14:53:18+00:00\",\"author\":{\"@id\":\"https:\\\/\\\/zonacaral.gob.pe\\\/es\\\/#\\\/schema\\\/person\\\/beddb4d22f71a7230c5b90913270a0ee\"},\"description\":\"En un acontecimiento sin precedentes para la regi\u00f3n, la Zona Arqueol\u00f3gica Caral (ZAC), Unidad Ejecutora 003 del Ministerio de Cultura, y la Municipalidad Distrital de Supe, sellaron el pasado 1 de agosto una importante alianza con la finalidad de gestionar de manera conjunta la ejecuci\u00f3n de un sue\u00f1o esperado por d\u00e9cadas por la poblaci\u00f3n del valle de Supe: la construcci\u00f3n y asfaltado de la carretera Supe - \u00c1mbar.\",\"breadcrumb\":{\"@id\":\"https:\\\/\\\/zonacaral.gob.pe\\\/es\\\/noticias\\\/tesoros-de-caral-del-mes-de-agosto\\\/#breadcrumb\"},\"inLanguage\":\"en-US\",\"potentialAction\":[{\"@type\":\"ReadAction\",\"target\":[\"https:\\\/\\\/zonacaral.gob.pe\\\/es\\\/noticias\\\/tesoros-de-caral-del-mes-de-agosto\\\/\"]}]},{\"@type\":\"ImageObject\",\"inLanguage\":\"en-US\",\"@id\":\"https:\\\/\\\/zonacaral.gob.pe\\\/es\\\/noticias\\\/tesoros-de-caral-del-mes-de-agosto\\\/#primaryimage\",\"url\":\"https:\\\/\\\/zonacaral.gob.pe\\\/wp-content\\\/uploads\\\/2025\\\/08\\\/TESORO-AGOSTO.jpg\",\"contentUrl\":\"https:\\\/\\\/zonacaral.gob.pe\\\/wp-content\\\/uploads\\\/2025\\\/08\\\/TESORO-AGOSTO.jpg\",\"width\":1500,\"height\":789},{\"@type\":\"BreadcrumbList\",\"@id\":\"https:\\\/\\\/zonacaral.gob.pe\\\/es\\\/noticias\\\/tesoros-de-caral-del-mes-de-agosto\\\/#breadcrumb\",\"itemListElement\":[{\"@type\":\"ListItem\",\"position\":1,\"name\":\"Portada\",\"item\":\"https:\\\/\\\/zonacaral.gob.pe\\\/\"},{\"@type\":\"ListItem\",\"position\":2,\"name\":\"Tesoros de Caral del mes de agosto\"}]},{\"@type\":\"WebSite\",\"@id\":\"https:\\\/\\\/zonacaral.gob.pe\\\/es\\\/#website\",\"url\":\"https:\\\/\\\/zonacaral.gob.pe\\\/es\\\/\",\"name\":\"Zona Caral\",\"description\":\"Investigamos, conservamos y difundimos el patrimonio cultural de la Civilizaci\u00f3n Caral, la m\u00e1s antigua de Am\u00e9rica.\",\"potentialAction\":[{\"@type\":\"SearchAction\",\"target\":{\"@type\":\"EntryPoint\",\"urlTemplate\":\"https:\\\/\\\/zonacaral.gob.pe\\\/es\\\/?s={search_term_string}\"},\"query-input\":{\"@type\":\"PropertyValueSpecification\",\"valueRequired\":true,\"valueName\":\"search_term_string\"}}],\"inLanguage\":\"en-US\"},{\"@type\":\"Person\",\"@id\":\"https:\\\/\\\/zonacaral.gob.pe\\\/es\\\/#\\\/schema\\\/person\\\/beddb4d22f71a7230c5b90913270a0ee\",\"name\":\"Zona Caral Administrador\",\"image\":{\"@type\":\"ImageObject\",\"inLanguage\":\"en-US\",\"@id\":\"https:\\\/\\\/secure.gravatar.com\\\/avatar\\\/e4be162918a696358376de6446614e0f0f4062bdc5d170d6d540ada3d8b58c12?s=96&d=mm&r=g\",\"url\":\"https:\\\/\\\/secure.gravatar.com\\\/avatar\\\/e4be162918a696358376de6446614e0f0f4062bdc5d170d6d540ada3d8b58c12?s=96&d=mm&r=g\",\"contentUrl\":\"https:\\\/\\\/secure.gravatar.com\\\/avatar\\\/e4be162918a696358376de6446614e0f0f4062bdc5d170d6d540ada3d8b58c12?s=96&d=mm&r=g\",\"caption\":\"Zona Caral Administrador\"},\"sameAs\":[\"https:\\\/\\\/zonacaral.gob.pe\"],\"url\":\"https:\\\/\\\/zonacaral.gob.pe\\\/en\\\/noticias\\\/author\\\/ad_zonacaral\\\/\"}]}<\/script>\n<!-- \/ Yoast SEO plugin. -->","yoast_head_json":{"title":"Pe\u00f1ico ya es una propuesta tur\u00edstica en el \u00e1rea norcentral","description":"En un acontecimiento sin precedentes para la regi\u00f3n, la Zona Arqueol\u00f3gica Caral (ZAC), Unidad Ejecutora 003 del Ministerio de Cultura, y la Municipalidad Distrital de Supe, sellaron el pasado 1 de agosto una importante alianza con la finalidad de gestionar de manera conjunta la ejecuci\u00f3n de un sue\u00f1o esperado por d\u00e9cadas por la poblaci\u00f3n del valle de Supe: la construcci\u00f3n y asfaltado de la carretera Supe - \u00c1mbar.","robots":{"index":"index","follow":"follow","max-snippet":"max-snippet:-1","max-image-preview":"max-image-preview:large","max-video-preview":"max-video-preview:-1"},"canonical":"https:\/\/zonacaral.gob.pe\/en\/noticias\/tesoros-de-caral-del-mes-de-agosto\/","og_locale":"en_US","og_type":"article","og_title":"Pe\u00f1ico ya es una propuesta tur\u00edstica en el \u00e1rea norcentral","og_description":"En un acontecimiento sin precedentes para la regi\u00f3n, la Zona Arqueol\u00f3gica Caral (ZAC), Unidad Ejecutora 003 del Ministerio de Cultura, y la Municipalidad Distrital de Supe, sellaron el pasado 1 de agosto una importante alianza con la finalidad de gestionar de manera conjunta la ejecuci\u00f3n de un sue\u00f1o esperado por d\u00e9cadas por la poblaci\u00f3n del valle de Supe: la construcci\u00f3n y asfaltado de la carretera Supe - \u00c1mbar.","og_url":"https:\/\/zonacaral.gob.pe\/en\/noticias\/tesoros-de-caral-del-mes-de-agosto\/","og_site_name":"Zona Caral","article_published_time":"2025-08-13T14:53:18+00:00","og_image":[{"width":1500,"height":789,"url":"https:\/\/zonacaral.gob.pe\/wp-content\/uploads\/2025\/08\/TESORO-AGOSTO.jpg","type":"image\/jpeg"}],"author":"Zona Caral Administrador","twitter_card":"summary_large_image","twitter_misc":{"Written by":"Zona Caral Administrador","Est. reading time":"3 minutes"},"schema":{"@context":"https:\/\/schema.org","@graph":[{"@type":"Article","@id":"https:\/\/zonacaral.gob.pe\/es\/noticias\/tesoros-de-caral-del-mes-de-agosto\/#article","isPartOf":{"@id":"https:\/\/zonacaral.gob.pe\/es\/noticias\/tesoros-de-caral-del-mes-de-agosto\/"},"author":{"name":"Zona Caral Administrador","@id":"https:\/\/zonacaral.gob.pe\/es\/#\/schema\/person\/beddb4d22f71a7230c5b90913270a0ee"},"headline":"Tesoros de Caral del mes de agosto","datePublished":"2025-08-13T14:53:18+00:00","mainEntityOfPage":{"@id":"https:\/\/zonacaral.gob.pe\/es\/noticias\/tesoros-de-caral-del-mes-de-agosto\/"},"wordCount":554,"image":{"@id":"https:\/\/zonacaral.gob.pe\/es\/noticias\/tesoros-de-caral-del-mes-de-agosto\/#primaryimage"},"thumbnailUrl":"https:\/\/zonacaral.gob.pe\/wp-content\/uploads\/2025\/08\/TESORO-AGOSTO.jpg","keywords":["caral","Cultura"],"articleSection":["noticias"],"inLanguage":"en-US"},{"@type":"WebPage","@id":"https:\/\/zonacaral.gob.pe\/es\/noticias\/tesoros-de-caral-del-mes-de-agosto\/","url":"https:\/\/zonacaral.gob.pe\/es\/noticias\/tesoros-de-caral-del-mes-de-agosto\/","name":"Pe\u00f1ico ya es una propuesta tur\u00edstica en el \u00e1rea norcentral","isPartOf":{"@id":"https:\/\/zonacaral.gob.pe\/es\/#website"},"primaryImageOfPage":{"@id":"https:\/\/zonacaral.gob.pe\/es\/noticias\/tesoros-de-caral-del-mes-de-agosto\/#primaryimage"},"image":{"@id":"https:\/\/zonacaral.gob.pe\/es\/noticias\/tesoros-de-caral-del-mes-de-agosto\/#primaryimage"},"thumbnailUrl":"https:\/\/zonacaral.gob.pe\/wp-content\/uploads\/2025\/08\/TESORO-AGOSTO.jpg","datePublished":"2025-08-13T14:53:18+00:00","author":{"@id":"https:\/\/zonacaral.gob.pe\/es\/#\/schema\/person\/beddb4d22f71a7230c5b90913270a0ee"},"description":"En un acontecimiento sin precedentes para la regi\u00f3n, la Zona Arqueol\u00f3gica Caral (ZAC), Unidad Ejecutora 003 del Ministerio de Cultura, y la Municipalidad Distrital de Supe, sellaron el pasado 1 de agosto una importante alianza con la finalidad de gestionar de manera conjunta la ejecuci\u00f3n de un sue\u00f1o esperado por d\u00e9cadas por la poblaci\u00f3n del valle de Supe: la construcci\u00f3n y asfaltado de la carretera Supe - \u00c1mbar.","breadcrumb":{"@id":"https:\/\/zonacaral.gob.pe\/es\/noticias\/tesoros-de-caral-del-mes-de-agosto\/#breadcrumb"},"inLanguage":"en-US","potentialAction":[{"@type":"ReadAction","target":["https:\/\/zonacaral.gob.pe\/es\/noticias\/tesoros-de-caral-del-mes-de-agosto\/"]}]},{"@type":"ImageObject","inLanguage":"en-US","@id":"https:\/\/zonacaral.gob.pe\/es\/noticias\/tesoros-de-caral-del-mes-de-agosto\/#primaryimage","url":"https:\/\/zonacaral.gob.pe\/wp-content\/uploads\/2025\/08\/TESORO-AGOSTO.jpg","contentUrl":"https:\/\/zonacaral.gob.pe\/wp-content\/uploads\/2025\/08\/TESORO-AGOSTO.jpg","width":1500,"height":789},{"@type":"BreadcrumbList","@id":"https:\/\/zonacaral.gob.pe\/es\/noticias\/tesoros-de-caral-del-mes-de-agosto\/#breadcrumb","itemListElement":[{"@type":"ListItem","position":1,"name":"Portada","item":"https:\/\/zonacaral.gob.pe\/"},{"@type":"ListItem","position":2,"name":"Tesoros de Caral del mes de agosto"}]},{"@type":"WebSite","@id":"https:\/\/zonacaral.gob.pe\/es\/#website","url":"https:\/\/zonacaral.gob.pe\/es\/","name":"Zona Caral","description":"Investigamos, conservamos y difundimos el patrimonio cultural de la Civilizaci\u00f3n Caral, la m\u00e1s antigua de Am\u00e9rica.","potentialAction":[{"@type":"SearchAction","target":{"@type":"EntryPoint","urlTemplate":"https:\/\/zonacaral.gob.pe\/es\/?s={search_term_string}"},"query-input":{"@type":"PropertyValueSpecification","valueRequired":true,"valueName":"search_term_string"}}],"inLanguage":"en-US"},{"@type":"Person","@id":"https:\/\/zonacaral.gob.pe\/es\/#\/schema\/person\/beddb4d22f71a7230c5b90913270a0ee","name":"Zona Caral Administrador","image":{"@type":"ImageObject","inLanguage":"en-US","@id":"https:\/\/secure.gravatar.com\/avatar\/e4be162918a696358376de6446614e0f0f4062bdc5d170d6d540ada3d8b58c12?s=96&d=mm&r=g","url":"https:\/\/secure.gravatar.com\/avatar\/e4be162918a696358376de6446614e0f0f4062bdc5d170d6d540ada3d8b58c12?s=96&d=mm&r=g","contentUrl":"https:\/\/secure.gravatar.com\/avatar\/e4be162918a696358376de6446614e0f0f4062bdc5d170d6d540ada3d8b58c12?s=96&d=mm&r=g","caption":"Zona Caral Administrador"},"sameAs":["https:\/\/zonacaral.gob.pe"],"url":"https:\/\/zonacaral.gob.pe\/en\/noticias\/author\/ad_zonacaral\/"}]}},"_links":{"self":[{"href":"https:\/\/zonacaral.gob.pe\/en\/wp-json\/wp\/v2\/posts\/18530","targetHints":{"allow":["GET"]}}],"collection":[{"href":"https:\/\/zonacaral.gob.pe\/en\/wp-json\/wp\/v2\/posts"}],"about":[{"href":"https:\/\/zonacaral.gob.pe\/en\/wp-json\/wp\/v2\/types\/post"}],"author":[{"embeddable":true,"href":"https:\/\/zonacaral.gob.pe\/en\/wp-json\/wp\/v2\/users\/1"}],"replies":[{"embeddable":true,"href":"https:\/\/zonacaral.gob.pe\/en\/wp-json\/wp\/v2\/comments?post=18530"}],"version-history":[{"count":0,"href":"https:\/\/zonacaral.gob.pe\/en\/wp-json\/wp\/v2\/posts\/18530\/revisions"}],"wp:featuredmedia":[{"embeddable":true,"href":"https:\/\/zonacaral.gob.pe\/en\/wp-json\/wp\/v2\/media\/18531"}],"wp:attachment":[{"href":"https:\/\/zonacaral.gob.pe\/en\/wp-json\/wp\/v2\/media?parent=18530"}],"wp:term":[{"taxonomy":"category","embeddable":true,"href":"https:\/\/zonacaral.gob.pe\/en\/wp-json\/wp\/v2\/categories?post=18530"},{"taxonomy":"post_tag","embeddable":true,"href":"https:\/\/zonacaral.gob.pe\/en\/wp-json\/wp\/v2\/tags?post=18530"}],"curies":[{"name":"wp","href":"https:\/\/api.w.org\/{rel}","templated":true}]}}