{"id":18534,"date":"2025-08-22T17:00:45","date_gmt":"2025-08-22T22:00:45","guid":{"rendered":"https:\/\/www.zonacaral.gob.pe\/?p=18534"},"modified":"2025-08-22T17:00:45","modified_gmt":"2025-08-22T22:00:45","slug":"viajes-culturales-te-lleva-a-vivir-el-vichama-raymi-2025-este-5-y-6-de-septiembre","status":"publish","type":"post","link":"https:\/\/zonacaral.gob.pe\/en\/noticias\/viajes-culturales-te-lleva-a-vivir-el-vichama-raymi-2025-este-5-y-6-de-septiembre\/","title":{"rendered":"Viajes Culturales te lleva a vivir el Vichama Raymi 2025 este 5 y 6 de septiembre"},"content":{"rendered":"<figure class=\"pic-autor\" style=\"color: #4d4d4d; text-align: justify;\"><\/figure>\n<div class=\"gmail_default\" style=\"text-align: justify;\">\n<blockquote>\n<p><span style=\"font-weight: 400;\">Una conexi\u00f3n \u00edntima con nuestro patrimonio cultural.<\/span><\/p>\n<\/blockquote>\n<p><span style=\"font-weight: 400;\">El programa <\/span><a href=\"https:\/\/www.zonacaral.gob.pe\/ruta-caral\/viajes-culturales.html\"><span style=\"font-weight: 400;\">Cultural Trips<\/span><\/a><span style=\"font-weight: 400;\"> de la <\/span><a href=\"https:\/\/www.tiktok.com\/@caral_peru?lang=es\"><span style=\"font-weight: 400;\">Zona Arqueol\u00f3gica Caral<\/span><\/a><span style=\"font-weight: 400;\">, Unidad Ejecutora 003 del Ministerio de Cultura, viene organizando un paseo \u00fanico que te llevar\u00e1 a conectarte y vivir la experiencia cultural del <\/span><b>Vichama Raymi 2025<\/b><span style=\"font-weight: 400;\">, la celebraci\u00f3n ancestral del distrito de V\u00e9gueta \u2013 Huaura, a realizarse el 5 y 6 de septiembre.<\/span><\/p>\n<p><span style=\"font-weight: 400;\">Gracias a este programa los amantes de nuestro patrimonio cultural podr\u00e1n participar de las actividades que se realizar\u00e1n para conmemorar el 18.\u00b0 aniversario del inicio de los trabajos de investigaci\u00f3n, conservaci\u00f3n y difusi\u00f3n de este sitio arqueol\u00f3gico, dirigidos por la doctora Ruth Shady Sol\u00eds.<\/span><\/p>\n<p><span style=\"font-weight: 400;\">El viernes 5 presenciar\u00e1n el colorido pasacalle de integraci\u00f3n que iniciar\u00e1 a las 6:00 p. m., en la Plaza de Armas de V\u00e9gueta y terminar\u00e1 al llegar al sitio arqueol\u00f3gico de Vichama donde, ca\u00edda la noche y alrededor de una fogata, se realizar\u00e1 el tradicional Pago a la Pachamama, y la teatralizaci\u00f3n del Mito de Vichama, entre otras actividades.<\/span><\/p>\n<p><span style=\"font-weight: 400;\">Al siguiente d\u00eda, el s\u00e1bado 6, podr\u00e1n apreciar el sitio arqueol\u00f3gico en todo su esplendor, adem\u00e1s de conocer su historia social y valores, tambi\u00e9n conocer\u00e1n de manera exclusiva los festivales de gastronom\u00eda, artesan\u00eda y producci\u00f3n agr\u00edcola de la zona.<\/span><\/p>\n<p><span style=\"font-weight: 400;\">Adem\u00e1s, el programa <\/span><b>Cultural Trips<\/b><span style=\"font-weight: 400;\"> llevar\u00e1 a sus participantes aventureros a recorrer el novedoso sitio arqueol\u00f3gico de Pe\u00f1ico, la Ciudad de la Integraci\u00f3n de la Civilizaci\u00f3n Caral.<\/span><\/p>\n<p><span style=\"font-weight: 400;\">Y, para no quedarse sin dudas del importante desarrollo de Vichama, los viajeros visitar\u00e1n el Museo Comunitario de V\u00e9gueta. Un centro cultural donde conocer\u00e1n los principales hallazgos realizados en Vichama, como sus relieves, esculturas, entre otros objetos de la \u00e9poca.<\/span><\/p>\n<p><span style=\"font-weight: 400;\">Un viaje imperdible. Inscr\u00edbete o solicita m\u00e1s informaci\u00f3n al WhatsApp: 955 881 340.<\/span><\/p>\n<p><b>DATO<\/b><\/p>\n<p><span style=\"font-weight: 400;\">El 5 y 6 de septiembre la Zona Arqueol\u00f3gica Caral, bajo la direcci\u00f3n de la doctora Ruth Sol\u00eds, organizar\u00e1 el <\/span><b>Vichama Raymi 2025<\/b><span style=\"font-weight: 400;\">, en el sitio arqueol\u00f3gico de Vichama, ciudad agropesquera de V\u00e9gueta \u2013 Huaura, con el fin de integrar a la poblaci\u00f3n en general y seguir difundiendo el patrimonio arqueol\u00f3gico cultural de todos los peruanos.<\/span><\/p>\n<p><b>Vichama <\/b><span style=\"font-weight: 400;\">fue construido hace 3800 a\u00f1os sobre una terraza y las laderas del cerro Halconcillo, a un kil\u00f3metro y medio del litoral y a 75 metros sobre el nivel del mar, con una extensi\u00f3n aproximada de 25 hect\u00e1reas. Se construyeron en este asentamiento 28 edificaciones arquitect\u00f3nicas, conformadas por edificios p\u00fablicos, plazas y \u00e1reas residenciales. Los hallazgos recuperados evidencian que esta sociedad mantuvo una amplia interacci\u00f3n con poblaciones de diversas culturas de la selva, la costa y la sierra y, adem\u00e1s, se hall\u00f3 evidencias de un periodo de cambio clim\u00e1tico que afect\u00f3 el normal desarrollo de la Civilizaci\u00f3n Caral.<\/span><\/p>\n<p><strong style=\"font-size: inherit; text-align: justify;\">Fuente: Comunicaci\u00f3n e Imagen Institucional ZAC<\/strong><\/p>\n<\/div>\n<div style=\"color: #1f1f1f;\">\n<div style=\"color: #1f1f1f;\">\n<p style=\"text-align: justify;\">Fecha de publicaci\u00f3n: 22\/08\/2025<\/p>\n<\/div>\n<\/div>\n\n\n<p><\/p>\n\n\n\n<p><\/p>","protected":false},"excerpt":{"rendered":"<p>Una conexi\u00f3n \u00edntima con nuestro patrimonio cultural. El programa Viajes Culturales de la Zona Arqueol\u00f3gica Caral, Unidad Ejecutora 003 del [&hellip;]<\/p>\n","protected":false},"author":1,"featured_media":18535,"comment_status":"closed","ping_status":"open","sticky":false,"template":"","format":"standard","meta":{"_acf_changed":false,"site-sidebar-layout":"default","site-content-layout":"","ast-site-content-layout":"default","site-content-style":"default","site-sidebar-style":"default","ast-global-header-display":"","ast-banner-title-visibility":"","ast-main-header-display":"","ast-hfb-above-header-display":"","ast-hfb-below-header-display":"","ast-hfb-mobile-header-display":"","site-post-title":"","ast-breadcrumbs-content":"","ast-featured-img":"","footer-sml-layout":"","ast-disable-related-posts":"","theme-transparent-header-meta":"","adv-header-id-meta":"","stick-header-meta":"","header-above-stick-meta":"","header-main-stick-meta":"","header-below-stick-meta":"","astra-migrate-meta-layouts":"default","ast-page-background-enabled":"default","ast-page-background-meta":{"desktop":{"background-color":"var(--ast-global-color-5)","background-image":"","background-repeat":"repeat","background-position":"center center","background-size":"auto","background-attachment":"scroll","background-type":"","background-media":"","overlay-type":"","overlay-color":"","overlay-opacity":"","overlay-gradient":""},"tablet":{"background-color":"","background-image":"","background-repeat":"repeat","background-position":"center center","background-size":"auto","background-attachment":"scroll","background-type":"","background-media":"","overlay-type":"","overlay-color":"","overlay-opacity":"","overlay-gradient":""},"mobile":{"background-color":"","background-image":"","background-repeat":"repeat","background-position":"center center","background-size":"auto","background-attachment":"scroll","background-type":"","background-media":"","overlay-type":"","overlay-color":"","overlay-opacity":"","overlay-gradient":""}},"ast-content-background-meta":{"desktop":{"background-color":"var(--ast-global-color-4)","background-image":"","background-repeat":"repeat","background-position":"center center","background-size":"auto","background-attachment":"scroll","background-type":"","background-media":"","overlay-type":"","overlay-color":"","overlay-opacity":"","overlay-gradient":""},"tablet":{"background-color":"var(--ast-global-color-4)","background-image":"","background-repeat":"repeat","background-position":"center center","background-size":"auto","background-attachment":"scroll","background-type":"","background-media":"","overlay-type":"","overlay-color":"","overlay-opacity":"","overlay-gradient":""},"mobile":{"background-color":"var(--ast-global-color-4)","background-image":"","background-repeat":"repeat","background-position":"center center","background-size":"auto","background-attachment":"scroll","background-type":"","background-media":"","overlay-type":"","overlay-color":"","overlay-opacity":"","overlay-gradient":""}},"footnotes":""},"categories":[208],"tags":[55,72],"class_list":["post-18534","post","type-post","status-publish","format-standard","has-post-thumbnail","hentry","category-noticias","tag-caral","tag-cultura"],"acf":[],"yoast_head":"<!-- This site is optimized with the Yoast SEO plugin v27.3 - https:\/\/yoast.com\/product\/yoast-seo-wordpress\/ -->\n<title>Viajes Culturales te lleva a vivir el Vichama Raymi 2025 este 5 y 6 de septiembre<\/title>\n<meta name=\"description\" content=\"El programa Viajes Culturales de la Zona Arqueol\u00f3gica Caral, Unidad Ejecutora 003 del Ministerio de Cultura, viene organizando un paseo \u00fanico que te llevar\u00e1 a conectarte y vivir la experiencia cultural del Vichama Raymi 2025, la celebraci\u00f3n ancestral del distrito de V\u00e9gueta \u2013 Huaura, a realizarse el 5 y 6 de septiembre.\" \/>\n<meta name=\"robots\" content=\"index, follow, max-snippet:-1, max-image-preview:large, max-video-preview:-1\" \/>\n<link rel=\"canonical\" href=\"https:\/\/zonacaral.gob.pe\/en\/noticias\/viajes-culturales-te-lleva-a-vivir-el-vichama-raymi-2025-este-5-y-6-de-septiembre\/\" \/>\n<meta property=\"og:locale\" content=\"en_US\" \/>\n<meta property=\"og:type\" content=\"article\" \/>\n<meta property=\"og:title\" content=\"Viajes Culturales te lleva a vivir el Vichama Raymi 2025 este 5 y 6 de septiembre\" \/>\n<meta property=\"og:description\" content=\"El programa Viajes Culturales de la Zona Arqueol\u00f3gica Caral, Unidad Ejecutora 003 del Ministerio de Cultura, viene organizando un paseo \u00fanico que te llevar\u00e1 a conectarte y vivir la experiencia cultural del Vichama Raymi 2025, la celebraci\u00f3n ancestral del distrito de V\u00e9gueta \u2013 Huaura, a realizarse el 5 y 6 de septiembre.\" \/>\n<meta property=\"og:url\" content=\"https:\/\/zonacaral.gob.pe\/en\/noticias\/viajes-culturales-te-lleva-a-vivir-el-vichama-raymi-2025-este-5-y-6-de-septiembre\/\" \/>\n<meta property=\"og:site_name\" content=\"Zona Caral\" \/>\n<meta property=\"article:published_time\" content=\"2025-08-22T22:00:45+00:00\" \/>\n<meta property=\"og:image\" content=\"https:\/\/zonacaral.gob.pe\/wp-content\/uploads\/2025\/08\/vichamanota.jpg\" \/>\n\t<meta property=\"og:image:width\" content=\"1920\" \/>\n\t<meta property=\"og:image:height\" content=\"1080\" \/>\n\t<meta property=\"og:image:type\" content=\"image\/jpeg\" \/>\n<meta name=\"author\" content=\"Zona Caral Administrador\" \/>\n<meta name=\"twitter:card\" content=\"summary_large_image\" \/>\n<meta name=\"twitter:label1\" content=\"Written by\" \/>\n\t<meta name=\"twitter:data1\" content=\"Zona Caral Administrador\" \/>\n\t<meta name=\"twitter:label2\" content=\"Est. reading time\" \/>\n\t<meta name=\"twitter:data2\" content=\"2 minutes\" \/>\n<script type=\"application\/ld+json\" class=\"yoast-schema-graph\">{\"@context\":\"https:\\\/\\\/schema.org\",\"@graph\":[{\"@type\":\"Article\",\"@id\":\"https:\\\/\\\/zonacaral.gob.pe\\\/es\\\/noticias\\\/viajes-culturales-te-lleva-a-vivir-el-vichama-raymi-2025-este-5-y-6-de-septiembre\\\/#article\",\"isPartOf\":{\"@id\":\"https:\\\/\\\/zonacaral.gob.pe\\\/es\\\/noticias\\\/viajes-culturales-te-lleva-a-vivir-el-vichama-raymi-2025-este-5-y-6-de-septiembre\\\/\"},\"author\":{\"name\":\"Zona Caral Administrador\",\"@id\":\"https:\\\/\\\/zonacaral.gob.pe\\\/es\\\/#\\\/schema\\\/person\\\/beddb4d22f71a7230c5b90913270a0ee\"},\"headline\":\"Viajes Culturales te lleva a vivir el Vichama Raymi 2025 este 5 y 6 de septiembre\",\"datePublished\":\"2025-08-22T22:00:45+00:00\",\"mainEntityOfPage\":{\"@id\":\"https:\\\/\\\/zonacaral.gob.pe\\\/es\\\/noticias\\\/viajes-culturales-te-lleva-a-vivir-el-vichama-raymi-2025-este-5-y-6-de-septiembre\\\/\"},\"wordCount\":496,\"image\":{\"@id\":\"https:\\\/\\\/zonacaral.gob.pe\\\/es\\\/noticias\\\/viajes-culturales-te-lleva-a-vivir-el-vichama-raymi-2025-este-5-y-6-de-septiembre\\\/#primaryimage\"},\"thumbnailUrl\":\"https:\\\/\\\/zonacaral.gob.pe\\\/wp-content\\\/uploads\\\/2025\\\/08\\\/vichamanota.jpg\",\"keywords\":[\"caral\",\"Cultura\"],\"articleSection\":[\"noticias\"],\"inLanguage\":\"en-US\"},{\"@type\":\"WebPage\",\"@id\":\"https:\\\/\\\/zonacaral.gob.pe\\\/es\\\/noticias\\\/viajes-culturales-te-lleva-a-vivir-el-vichama-raymi-2025-este-5-y-6-de-septiembre\\\/\",\"url\":\"https:\\\/\\\/zonacaral.gob.pe\\\/es\\\/noticias\\\/viajes-culturales-te-lleva-a-vivir-el-vichama-raymi-2025-este-5-y-6-de-septiembre\\\/\",\"name\":\"Viajes Culturales te lleva a vivir el Vichama Raymi 2025 este 5 y 6 de septiembre\",\"isPartOf\":{\"@id\":\"https:\\\/\\\/zonacaral.gob.pe\\\/es\\\/#website\"},\"primaryImageOfPage\":{\"@id\":\"https:\\\/\\\/zonacaral.gob.pe\\\/es\\\/noticias\\\/viajes-culturales-te-lleva-a-vivir-el-vichama-raymi-2025-este-5-y-6-de-septiembre\\\/#primaryimage\"},\"image\":{\"@id\":\"https:\\\/\\\/zonacaral.gob.pe\\\/es\\\/noticias\\\/viajes-culturales-te-lleva-a-vivir-el-vichama-raymi-2025-este-5-y-6-de-septiembre\\\/#primaryimage\"},\"thumbnailUrl\":\"https:\\\/\\\/zonacaral.gob.pe\\\/wp-content\\\/uploads\\\/2025\\\/08\\\/vichamanota.jpg\",\"datePublished\":\"2025-08-22T22:00:45+00:00\",\"author\":{\"@id\":\"https:\\\/\\\/zonacaral.gob.pe\\\/es\\\/#\\\/schema\\\/person\\\/beddb4d22f71a7230c5b90913270a0ee\"},\"description\":\"El programa Viajes Culturales de la Zona Arqueol\u00f3gica Caral, Unidad Ejecutora 003 del Ministerio de Cultura, viene organizando un paseo \u00fanico que te llevar\u00e1 a conectarte y vivir la experiencia cultural del Vichama Raymi 2025, la celebraci\u00f3n ancestral del distrito de V\u00e9gueta \u2013 Huaura, a realizarse el 5 y 6 de septiembre.\",\"breadcrumb\":{\"@id\":\"https:\\\/\\\/zonacaral.gob.pe\\\/es\\\/noticias\\\/viajes-culturales-te-lleva-a-vivir-el-vichama-raymi-2025-este-5-y-6-de-septiembre\\\/#breadcrumb\"},\"inLanguage\":\"en-US\",\"potentialAction\":[{\"@type\":\"ReadAction\",\"target\":[\"https:\\\/\\\/zonacaral.gob.pe\\\/es\\\/noticias\\\/viajes-culturales-te-lleva-a-vivir-el-vichama-raymi-2025-este-5-y-6-de-septiembre\\\/\"]}]},{\"@type\":\"ImageObject\",\"inLanguage\":\"en-US\",\"@id\":\"https:\\\/\\\/zonacaral.gob.pe\\\/es\\\/noticias\\\/viajes-culturales-te-lleva-a-vivir-el-vichama-raymi-2025-este-5-y-6-de-septiembre\\\/#primaryimage\",\"url\":\"https:\\\/\\\/zonacaral.gob.pe\\\/wp-content\\\/uploads\\\/2025\\\/08\\\/vichamanota.jpg\",\"contentUrl\":\"https:\\\/\\\/zonacaral.gob.pe\\\/wp-content\\\/uploads\\\/2025\\\/08\\\/vichamanota.jpg\",\"width\":1920,\"height\":1080},{\"@type\":\"BreadcrumbList\",\"@id\":\"https:\\\/\\\/zonacaral.gob.pe\\\/es\\\/noticias\\\/viajes-culturales-te-lleva-a-vivir-el-vichama-raymi-2025-este-5-y-6-de-septiembre\\\/#breadcrumb\",\"itemListElement\":[{\"@type\":\"ListItem\",\"position\":1,\"name\":\"Portada\",\"item\":\"https:\\\/\\\/zonacaral.gob.pe\\\/\"},{\"@type\":\"ListItem\",\"position\":2,\"name\":\"Viajes Culturales te lleva a vivir el Vichama Raymi 2025 este 5 y 6 de septiembre\"}]},{\"@type\":\"WebSite\",\"@id\":\"https:\\\/\\\/zonacaral.gob.pe\\\/es\\\/#website\",\"url\":\"https:\\\/\\\/zonacaral.gob.pe\\\/es\\\/\",\"name\":\"Zona Caral\",\"description\":\"Investigamos, conservamos y difundimos el patrimonio cultural de la Civilizaci\u00f3n Caral, la m\u00e1s antigua de Am\u00e9rica.\",\"potentialAction\":[{\"@type\":\"SearchAction\",\"target\":{\"@type\":\"EntryPoint\",\"urlTemplate\":\"https:\\\/\\\/zonacaral.gob.pe\\\/es\\\/?s={search_term_string}\"},\"query-input\":{\"@type\":\"PropertyValueSpecification\",\"valueRequired\":true,\"valueName\":\"search_term_string\"}}],\"inLanguage\":\"en-US\"},{\"@type\":\"Person\",\"@id\":\"https:\\\/\\\/zonacaral.gob.pe\\\/es\\\/#\\\/schema\\\/person\\\/beddb4d22f71a7230c5b90913270a0ee\",\"name\":\"Zona Caral Administrador\",\"image\":{\"@type\":\"ImageObject\",\"inLanguage\":\"en-US\",\"@id\":\"https:\\\/\\\/secure.gravatar.com\\\/avatar\\\/e4be162918a696358376de6446614e0f0f4062bdc5d170d6d540ada3d8b58c12?s=96&d=mm&r=g\",\"url\":\"https:\\\/\\\/secure.gravatar.com\\\/avatar\\\/e4be162918a696358376de6446614e0f0f4062bdc5d170d6d540ada3d8b58c12?s=96&d=mm&r=g\",\"contentUrl\":\"https:\\\/\\\/secure.gravatar.com\\\/avatar\\\/e4be162918a696358376de6446614e0f0f4062bdc5d170d6d540ada3d8b58c12?s=96&d=mm&r=g\",\"caption\":\"Zona Caral Administrador\"},\"sameAs\":[\"https:\\\/\\\/zonacaral.gob.pe\"],\"url\":\"https:\\\/\\\/zonacaral.gob.pe\\\/en\\\/noticias\\\/author\\\/ad_zonacaral\\\/\"}]}<\/script>\n<!-- \/ Yoast SEO plugin. -->","yoast_head_json":{"title":"Viajes Culturales te lleva a vivir el Vichama Raymi 2025 este 5 y 6 de septiembre","description":"El programa Viajes Culturales de la Zona Arqueol\u00f3gica Caral, Unidad Ejecutora 003 del Ministerio de Cultura, viene organizando un paseo \u00fanico que te llevar\u00e1 a conectarte y vivir la experiencia cultural del Vichama Raymi 2025, la celebraci\u00f3n ancestral del distrito de V\u00e9gueta \u2013 Huaura, a realizarse el 5 y 6 de septiembre.","robots":{"index":"index","follow":"follow","max-snippet":"max-snippet:-1","max-image-preview":"max-image-preview:large","max-video-preview":"max-video-preview:-1"},"canonical":"https:\/\/zonacaral.gob.pe\/en\/noticias\/viajes-culturales-te-lleva-a-vivir-el-vichama-raymi-2025-este-5-y-6-de-septiembre\/","og_locale":"en_US","og_type":"article","og_title":"Viajes Culturales te lleva a vivir el Vichama Raymi 2025 este 5 y 6 de septiembre","og_description":"El programa Viajes Culturales de la Zona Arqueol\u00f3gica Caral, Unidad Ejecutora 003 del Ministerio de Cultura, viene organizando un paseo \u00fanico que te llevar\u00e1 a conectarte y vivir la experiencia cultural del Vichama Raymi 2025, la celebraci\u00f3n ancestral del distrito de V\u00e9gueta \u2013 Huaura, a realizarse el 5 y 6 de septiembre.","og_url":"https:\/\/zonacaral.gob.pe\/en\/noticias\/viajes-culturales-te-lleva-a-vivir-el-vichama-raymi-2025-este-5-y-6-de-septiembre\/","og_site_name":"Zona Caral","article_published_time":"2025-08-22T22:00:45+00:00","og_image":[{"width":1920,"height":1080,"url":"https:\/\/zonacaral.gob.pe\/wp-content\/uploads\/2025\/08\/vichamanota.jpg","type":"image\/jpeg"}],"author":"Zona Caral Administrador","twitter_card":"summary_large_image","twitter_misc":{"Written by":"Zona Caral Administrador","Est. reading time":"2 minutes"},"schema":{"@context":"https:\/\/schema.org","@graph":[{"@type":"Article","@id":"https:\/\/zonacaral.gob.pe\/es\/noticias\/viajes-culturales-te-lleva-a-vivir-el-vichama-raymi-2025-este-5-y-6-de-septiembre\/#article","isPartOf":{"@id":"https:\/\/zonacaral.gob.pe\/es\/noticias\/viajes-culturales-te-lleva-a-vivir-el-vichama-raymi-2025-este-5-y-6-de-septiembre\/"},"author":{"name":"Zona Caral Administrador","@id":"https:\/\/zonacaral.gob.pe\/es\/#\/schema\/person\/beddb4d22f71a7230c5b90913270a0ee"},"headline":"Viajes Culturales te lleva a vivir el Vichama Raymi 2025 este 5 y 6 de septiembre","datePublished":"2025-08-22T22:00:45+00:00","mainEntityOfPage":{"@id":"https:\/\/zonacaral.gob.pe\/es\/noticias\/viajes-culturales-te-lleva-a-vivir-el-vichama-raymi-2025-este-5-y-6-de-septiembre\/"},"wordCount":496,"image":{"@id":"https:\/\/zonacaral.gob.pe\/es\/noticias\/viajes-culturales-te-lleva-a-vivir-el-vichama-raymi-2025-este-5-y-6-de-septiembre\/#primaryimage"},"thumbnailUrl":"https:\/\/zonacaral.gob.pe\/wp-content\/uploads\/2025\/08\/vichamanota.jpg","keywords":["caral","Cultura"],"articleSection":["noticias"],"inLanguage":"en-US"},{"@type":"WebPage","@id":"https:\/\/zonacaral.gob.pe\/es\/noticias\/viajes-culturales-te-lleva-a-vivir-el-vichama-raymi-2025-este-5-y-6-de-septiembre\/","url":"https:\/\/zonacaral.gob.pe\/es\/noticias\/viajes-culturales-te-lleva-a-vivir-el-vichama-raymi-2025-este-5-y-6-de-septiembre\/","name":"Viajes Culturales te lleva a vivir el Vichama Raymi 2025 este 5 y 6 de septiembre","isPartOf":{"@id":"https:\/\/zonacaral.gob.pe\/es\/#website"},"primaryImageOfPage":{"@id":"https:\/\/zonacaral.gob.pe\/es\/noticias\/viajes-culturales-te-lleva-a-vivir-el-vichama-raymi-2025-este-5-y-6-de-septiembre\/#primaryimage"},"image":{"@id":"https:\/\/zonacaral.gob.pe\/es\/noticias\/viajes-culturales-te-lleva-a-vivir-el-vichama-raymi-2025-este-5-y-6-de-septiembre\/#primaryimage"},"thumbnailUrl":"https:\/\/zonacaral.gob.pe\/wp-content\/uploads\/2025\/08\/vichamanota.jpg","datePublished":"2025-08-22T22:00:45+00:00","author":{"@id":"https:\/\/zonacaral.gob.pe\/es\/#\/schema\/person\/beddb4d22f71a7230c5b90913270a0ee"},"description":"El programa Viajes Culturales de la Zona Arqueol\u00f3gica Caral, Unidad Ejecutora 003 del Ministerio de Cultura, viene organizando un paseo \u00fanico que te llevar\u00e1 a conectarte y vivir la experiencia cultural del Vichama Raymi 2025, la celebraci\u00f3n ancestral del distrito de V\u00e9gueta \u2013 Huaura, a realizarse el 5 y 6 de septiembre.","breadcrumb":{"@id":"https:\/\/zonacaral.gob.pe\/es\/noticias\/viajes-culturales-te-lleva-a-vivir-el-vichama-raymi-2025-este-5-y-6-de-septiembre\/#breadcrumb"},"inLanguage":"en-US","potentialAction":[{"@type":"ReadAction","target":["https:\/\/zonacaral.gob.pe\/es\/noticias\/viajes-culturales-te-lleva-a-vivir-el-vichama-raymi-2025-este-5-y-6-de-septiembre\/"]}]},{"@type":"ImageObject","inLanguage":"en-US","@id":"https:\/\/zonacaral.gob.pe\/es\/noticias\/viajes-culturales-te-lleva-a-vivir-el-vichama-raymi-2025-este-5-y-6-de-septiembre\/#primaryimage","url":"https:\/\/zonacaral.gob.pe\/wp-content\/uploads\/2025\/08\/vichamanota.jpg","contentUrl":"https:\/\/zonacaral.gob.pe\/wp-content\/uploads\/2025\/08\/vichamanota.jpg","width":1920,"height":1080},{"@type":"BreadcrumbList","@id":"https:\/\/zonacaral.gob.pe\/es\/noticias\/viajes-culturales-te-lleva-a-vivir-el-vichama-raymi-2025-este-5-y-6-de-septiembre\/#breadcrumb","itemListElement":[{"@type":"ListItem","position":1,"name":"Portada","item":"https:\/\/zonacaral.gob.pe\/"},{"@type":"ListItem","position":2,"name":"Viajes Culturales te lleva a vivir el Vichama Raymi 2025 este 5 y 6 de septiembre"}]},{"@type":"WebSite","@id":"https:\/\/zonacaral.gob.pe\/es\/#website","url":"https:\/\/zonacaral.gob.pe\/es\/","name":"Zona Caral","description":"Investigamos, conservamos y difundimos el patrimonio cultural de la Civilizaci\u00f3n Caral, la m\u00e1s antigua de Am\u00e9rica.","potentialAction":[{"@type":"SearchAction","target":{"@type":"EntryPoint","urlTemplate":"https:\/\/zonacaral.gob.pe\/es\/?s={search_term_string}"},"query-input":{"@type":"PropertyValueSpecification","valueRequired":true,"valueName":"search_term_string"}}],"inLanguage":"en-US"},{"@type":"Person","@id":"https:\/\/zonacaral.gob.pe\/es\/#\/schema\/person\/beddb4d22f71a7230c5b90913270a0ee","name":"Zona Caral Administrador","image":{"@type":"ImageObject","inLanguage":"en-US","@id":"https:\/\/secure.gravatar.com\/avatar\/e4be162918a696358376de6446614e0f0f4062bdc5d170d6d540ada3d8b58c12?s=96&d=mm&r=g","url":"https:\/\/secure.gravatar.com\/avatar\/e4be162918a696358376de6446614e0f0f4062bdc5d170d6d540ada3d8b58c12?s=96&d=mm&r=g","contentUrl":"https:\/\/secure.gravatar.com\/avatar\/e4be162918a696358376de6446614e0f0f4062bdc5d170d6d540ada3d8b58c12?s=96&d=mm&r=g","caption":"Zona Caral Administrador"},"sameAs":["https:\/\/zonacaral.gob.pe"],"url":"https:\/\/zonacaral.gob.pe\/en\/noticias\/author\/ad_zonacaral\/"}]}},"_links":{"self":[{"href":"https:\/\/zonacaral.gob.pe\/en\/wp-json\/wp\/v2\/posts\/18534","targetHints":{"allow":["GET"]}}],"collection":[{"href":"https:\/\/zonacaral.gob.pe\/en\/wp-json\/wp\/v2\/posts"}],"about":[{"href":"https:\/\/zonacaral.gob.pe\/en\/wp-json\/wp\/v2\/types\/post"}],"author":[{"embeddable":true,"href":"https:\/\/zonacaral.gob.pe\/en\/wp-json\/wp\/v2\/users\/1"}],"replies":[{"embeddable":true,"href":"https:\/\/zonacaral.gob.pe\/en\/wp-json\/wp\/v2\/comments?post=18534"}],"version-history":[{"count":0,"href":"https:\/\/zonacaral.gob.pe\/en\/wp-json\/wp\/v2\/posts\/18534\/revisions"}],"wp:featuredmedia":[{"embeddable":true,"href":"https:\/\/zonacaral.gob.pe\/en\/wp-json\/wp\/v2\/media\/18535"}],"wp:attachment":[{"href":"https:\/\/zonacaral.gob.pe\/en\/wp-json\/wp\/v2\/media?parent=18534"}],"wp:term":[{"taxonomy":"category","embeddable":true,"href":"https:\/\/zonacaral.gob.pe\/en\/wp-json\/wp\/v2\/categories?post=18534"},{"taxonomy":"post_tag","embeddable":true,"href":"https:\/\/zonacaral.gob.pe\/en\/wp-json\/wp\/v2\/tags?post=18534"}],"curies":[{"name":"wp","href":"https:\/\/api.w.org\/{rel}","templated":true}]}}